{"id":9815,"date":"2024-03-26T09:51:00","date_gmt":"2024-03-26T08:51:00","guid":{"rendered":"https:\/\/zsp1chojna.pl\/?p=9815"},"modified":"2024-06-10T10:38:33","modified_gmt":"2024-06-10T08:38:33","slug":"26-03-202-r-miedzynarodowy-dzien-teatru","status":"publish","type":"post","link":"https:\/\/zsp1chojna.pl\/?p=9815","title":{"rendered":"Mi\u0119dzynarodowy Dzie\u0144 Teatru"},"content":{"rendered":"\n<p class=\"has-text-align-justify\">26 marca 2024 r., z okazji Mi\u0119dzynarodowego Dnia Teatru, uczestniczyli\u015bmy w\u00a0wyk\u0142adzie, zorganizowanym przez Miejsk\u0105 Bibliotek\u0119 Publiczn\u0105 w Chojnie. W spotkaniu udzia\u0142 wzi\u0119li uczniowie klasy 1 i 2 LO o kierunku humanistyczno-prawnym. Spotkanie \u201eTeatr dla nas. Wielo\u015b\u0107 twarzy wsp\u00f3\u0142czesnego teatru polskiego\u201d, poprowadzi\u0142 Pan Janusz Janiszewski, aktor oraz re\u017cyser teatralny.<\/p>\n\n\n<div class=\"wp-block-image\">\n<figure class=\"aligncenter size-full is-resized\"><img loading=\"lazy\" decoding=\"async\" width=\"1024\" height=\"460\" data-attachment-id=\"9816\" data-permalink=\"https:\/\/zsp1chojna.pl\/?attachment_id=9816\" data-orig-file=\"https:\/\/zsp1chojna.pl\/wp-content\/uploads\/2024\/06\/dzien-teatru2024-1.jpg\" data-orig-size=\"1024,460\" data-comments-opened=\"1\" data-image-meta=\"{&quot;aperture&quot;:&quot;0&quot;,&quot;credit&quot;:&quot;&quot;,&quot;camera&quot;:&quot;&quot;,&quot;caption&quot;:&quot;&quot;,&quot;created_timestamp&quot;:&quot;0&quot;,&quot;copyright&quot;:&quot;&quot;,&quot;focal_length&quot;:&quot;0&quot;,&quot;iso&quot;:&quot;0&quot;,&quot;shutter_speed&quot;:&quot;0&quot;,&quot;title&quot;:&quot;&quot;,&quot;orientation&quot;:&quot;0&quot;}\" data-image-title=\"dzien-teatru2024-1\" data-image-description=\"\" data-image-caption=\"\" data-medium-file=\"https:\/\/zsp1chojna.pl\/wp-content\/uploads\/2024\/06\/dzien-teatru2024-1-300x135.jpg\" data-large-file=\"https:\/\/zsp1chojna.pl\/wp-content\/uploads\/2024\/06\/dzien-teatru2024-1.jpg\" src=\"https:\/\/zsp1chojna.pl\/wp-content\/uploads\/2024\/06\/dzien-teatru2024-1.jpg\" alt=\"\" class=\"wp-image-9816\" style=\"width:568px;height:auto\" srcset=\"https:\/\/zsp1chojna.pl\/wp-content\/uploads\/2024\/06\/dzien-teatru2024-1.jpg 1024w, https:\/\/zsp1chojna.pl\/wp-content\/uploads\/2024\/06\/dzien-teatru2024-1-300x135.jpg 300w, https:\/\/zsp1chojna.pl\/wp-content\/uploads\/2024\/06\/dzien-teatru2024-1-768x345.jpg 768w, https:\/\/zsp1chojna.pl\/wp-content\/uploads\/2024\/06\/dzien-teatru2024-1-947x425.jpg 947w, https:\/\/zsp1chojna.pl\/wp-content\/uploads\/2024\/06\/dzien-teatru2024-1-624x280.jpg 624w\" sizes=\"auto, (max-width: 1024px) 100vw, 1024px\" \/><\/figure>\n<\/div>\n\n\n<p class=\"has-text-align-justify\">Na wst\u0119pie, Pan Janiszewski, om\u00f3wi\u0142 rodzaje teatru, z kt\u00f3rych ka\u017cdy charakteryzuj\u0119 si\u0119 specyficznym stylem, form\u0105 i celem. Nast\u0119pnie przedstawi\u0142 sylwetki tw\u00f3rc\u00f3w teatru polskiego: Tadeusza Kantora oraz Jerzego Grotowskiego.<\/p>\n\n\n\n<div class=\"wp-block-columns is-layout-flex wp-container-core-columns-is-layout-9d6595d7 wp-block-columns-is-layout-flex\">\n<div class=\"wp-block-column is-layout-flow wp-block-column-is-layout-flow\"><div class=\"wp-block-image\">\n<figure class=\"alignright size-full\"><img loading=\"lazy\" decoding=\"async\" width=\"1024\" height=\"682\" data-attachment-id=\"9817\" data-permalink=\"https:\/\/zsp1chojna.pl\/?attachment_id=9817\" data-orig-file=\"https:\/\/zsp1chojna.pl\/wp-content\/uploads\/2024\/06\/dzien-teatru2024-2.jpg\" data-orig-size=\"1024,682\" data-comments-opened=\"1\" data-image-meta=\"{&quot;aperture&quot;:&quot;0&quot;,&quot;credit&quot;:&quot;&quot;,&quot;camera&quot;:&quot;&quot;,&quot;caption&quot;:&quot;&quot;,&quot;created_timestamp&quot;:&quot;0&quot;,&quot;copyright&quot;:&quot;&quot;,&quot;focal_length&quot;:&quot;0&quot;,&quot;iso&quot;:&quot;0&quot;,&quot;shutter_speed&quot;:&quot;0&quot;,&quot;title&quot;:&quot;&quot;,&quot;orientation&quot;:&quot;0&quot;}\" data-image-title=\"dzien-teatru2024-2\" data-image-description=\"\" data-image-caption=\"\" data-medium-file=\"https:\/\/zsp1chojna.pl\/wp-content\/uploads\/2024\/06\/dzien-teatru2024-2-300x200.jpg\" data-large-file=\"https:\/\/zsp1chojna.pl\/wp-content\/uploads\/2024\/06\/dzien-teatru2024-2.jpg\" src=\"https:\/\/zsp1chojna.pl\/wp-content\/uploads\/2024\/06\/dzien-teatru2024-2.jpg\" alt=\"\" class=\"wp-image-9817\" srcset=\"https:\/\/zsp1chojna.pl\/wp-content\/uploads\/2024\/06\/dzien-teatru2024-2.jpg 1024w, https:\/\/zsp1chojna.pl\/wp-content\/uploads\/2024\/06\/dzien-teatru2024-2-300x200.jpg 300w, https:\/\/zsp1chojna.pl\/wp-content\/uploads\/2024\/06\/dzien-teatru2024-2-768x512.jpg 768w, https:\/\/zsp1chojna.pl\/wp-content\/uploads\/2024\/06\/dzien-teatru2024-2-947x631.jpg 947w, https:\/\/zsp1chojna.pl\/wp-content\/uploads\/2024\/06\/dzien-teatru2024-2-624x416.jpg 624w, https:\/\/zsp1chojna.pl\/wp-content\/uploads\/2024\/06\/dzien-teatru2024-2-84x56.jpg 84w\" sizes=\"auto, (max-width: 1024px) 100vw, 1024px\" \/><\/figure>\n<\/div><\/div>\n\n\n\n<div class=\"wp-block-column is-layout-flow wp-block-column-is-layout-flow\"><div class=\"wp-block-image\">\n<figure class=\"alignleft size-full\"><img loading=\"lazy\" decoding=\"async\" width=\"1024\" height=\"682\" data-attachment-id=\"9818\" data-permalink=\"https:\/\/zsp1chojna.pl\/?attachment_id=9818\" data-orig-file=\"https:\/\/zsp1chojna.pl\/wp-content\/uploads\/2024\/06\/dzien-teatru2024-3.jpg\" data-orig-size=\"1024,682\" data-comments-opened=\"1\" data-image-meta=\"{&quot;aperture&quot;:&quot;0&quot;,&quot;credit&quot;:&quot;&quot;,&quot;camera&quot;:&quot;&quot;,&quot;caption&quot;:&quot;&quot;,&quot;created_timestamp&quot;:&quot;0&quot;,&quot;copyright&quot;:&quot;&quot;,&quot;focal_length&quot;:&quot;0&quot;,&quot;iso&quot;:&quot;0&quot;,&quot;shutter_speed&quot;:&quot;0&quot;,&quot;title&quot;:&quot;&quot;,&quot;orientation&quot;:&quot;0&quot;}\" data-image-title=\"dzien-teatru2024-3\" data-image-description=\"\" data-image-caption=\"\" data-medium-file=\"https:\/\/zsp1chojna.pl\/wp-content\/uploads\/2024\/06\/dzien-teatru2024-3-300x200.jpg\" data-large-file=\"https:\/\/zsp1chojna.pl\/wp-content\/uploads\/2024\/06\/dzien-teatru2024-3.jpg\" src=\"https:\/\/zsp1chojna.pl\/wp-content\/uploads\/2024\/06\/dzien-teatru2024-3.jpg\" alt=\"\" class=\"wp-image-9818\" srcset=\"https:\/\/zsp1chojna.pl\/wp-content\/uploads\/2024\/06\/dzien-teatru2024-3.jpg 1024w, https:\/\/zsp1chojna.pl\/wp-content\/uploads\/2024\/06\/dzien-teatru2024-3-300x200.jpg 300w, https:\/\/zsp1chojna.pl\/wp-content\/uploads\/2024\/06\/dzien-teatru2024-3-768x512.jpg 768w, https:\/\/zsp1chojna.pl\/wp-content\/uploads\/2024\/06\/dzien-teatru2024-3-947x631.jpg 947w, https:\/\/zsp1chojna.pl\/wp-content\/uploads\/2024\/06\/dzien-teatru2024-3-624x416.jpg 624w, https:\/\/zsp1chojna.pl\/wp-content\/uploads\/2024\/06\/dzien-teatru2024-3-84x56.jpg 84w\" sizes=\"auto, (max-width: 1024px) 100vw, 1024px\" \/><\/figure>\n<\/div><\/div>\n<\/div>\n\n\n\n<p>Na zako\u0144czenie spotkania, aktorki z grupy teatralnej \u201eFajne Babki\u201d, dzia\u0142aj\u0105ce pod opiek\u0105 artystyczn\u0105 Pana Janusza Janiszewskiego, zaprezentowa\u0142y kr\u00f3tk\u0105 pr\u00f3bk\u0119 swoich umiej\u0119tno\u015bci artystycznych.<\/p>\n\n\n<div class=\"wp-block-image\">\n<figure class=\"aligncenter size-large is-resized\"><img loading=\"lazy\" decoding=\"async\" width=\"1024\" height=\"461\" data-attachment-id=\"9819\" data-permalink=\"https:\/\/zsp1chojna.pl\/?attachment_id=9819\" data-orig-file=\"https:\/\/zsp1chojna.pl\/wp-content\/uploads\/2024\/06\/dzien-teatru2024-4.jpg\" data-orig-size=\"1306,588\" data-comments-opened=\"1\" data-image-meta=\"{&quot;aperture&quot;:&quot;0&quot;,&quot;credit&quot;:&quot;&quot;,&quot;camera&quot;:&quot;&quot;,&quot;caption&quot;:&quot;&quot;,&quot;created_timestamp&quot;:&quot;0&quot;,&quot;copyright&quot;:&quot;&quot;,&quot;focal_length&quot;:&quot;0&quot;,&quot;iso&quot;:&quot;0&quot;,&quot;shutter_speed&quot;:&quot;0&quot;,&quot;title&quot;:&quot;&quot;,&quot;orientation&quot;:&quot;0&quot;}\" data-image-title=\"dzien-teatru2024-4\" data-image-description=\"\" data-image-caption=\"\" data-medium-file=\"https:\/\/zsp1chojna.pl\/wp-content\/uploads\/2024\/06\/dzien-teatru2024-4-300x135.jpg\" data-large-file=\"https:\/\/zsp1chojna.pl\/wp-content\/uploads\/2024\/06\/dzien-teatru2024-4-1024x461.jpg\" src=\"https:\/\/zsp1chojna.pl\/wp-content\/uploads\/2024\/06\/dzien-teatru2024-4-1024x461.jpg\" alt=\"\" class=\"wp-image-9819\" style=\"width:684px;height:auto\" srcset=\"https:\/\/zsp1chojna.pl\/wp-content\/uploads\/2024\/06\/dzien-teatru2024-4-1024x461.jpg 1024w, https:\/\/zsp1chojna.pl\/wp-content\/uploads\/2024\/06\/dzien-teatru2024-4-300x135.jpg 300w, https:\/\/zsp1chojna.pl\/wp-content\/uploads\/2024\/06\/dzien-teatru2024-4-768x346.jpg 768w, https:\/\/zsp1chojna.pl\/wp-content\/uploads\/2024\/06\/dzien-teatru2024-4-947x426.jpg 947w, https:\/\/zsp1chojna.pl\/wp-content\/uploads\/2024\/06\/dzien-teatru2024-4-624x281.jpg 624w, https:\/\/zsp1chojna.pl\/wp-content\/uploads\/2024\/06\/dzien-teatru2024-4.jpg 1306w\" sizes=\"auto, (max-width: 1024px) 100vw, 1024px\" \/><\/figure>\n<\/div>\n\n\n<p>Kultywowanie Dnia Teatru, jest wspania\u0142\u0105 okazj\u0105 do tego, by popularyzowa\u0107 obcowanie ze sztuk\u0105 w\u015br\u00f3d przedstawicieli ka\u017cdej grupy wiekowej. Teatr, to magiczne miejsce, w kt\u00f3rym jedni spe\u0142niaj\u0105 marzenia, inni przenosz\u0105 si\u0119 w \u015bwiat marze\u0144. Dzi\u0119kujemy za ciekawy wyk\u0142ad oraz za kilka ciekawostek o pracy w teatrze.<\/p>\n\n\n\n<p class=\"has-text-align-right\">mgr Gabriela Lasowska<\/p>\n","protected":false},"excerpt":{"rendered":"<p>26 marca 2024 r., z okazji Mi\u0119dzynarodowego Dnia Teatru, uczestniczyli\u015bmy w\u00a0wyk\u0142adzie, zorganizowanym przez Miejsk\u0105 Bibliotek\u0119 Publiczn\u0105 w Chojnie. W spotkaniu udzia\u0142 wzi\u0119li uczniowie klasy 1 i 2 LO o kierunku [&hellip;]<\/p>\n","protected":false},"author":1,"featured_media":9818,"comment_status":"open","ping_status":"open","sticky":false,"template":"","format":"standard","meta":{"footnotes":""},"categories":[26],"tags":[],"class_list":["post-9815","post","type-post","status-publish","format-standard","has-post-thumbnail","hentry","category-aktualnosci-2023-2024"],"wbAuthor":{"name":"admin","link":"https:\/\/zsp1chojna.pl\/?author=1"},"wbDate":"mar 26, 2024","wbCategories":{"space":"<a href=\"https:\/\/zsp1chojna.pl\/?cat=26\" rel=\"category\">Aktualno\u015bci 2023\/2024<\/a>","coma":"<a href=\"https:\/\/zsp1chojna.pl\/?cat=26\" rel=\"category\">Aktualno\u015bci 2023\/2024<\/a>"},"wbComment":0,"yoast_head":"<!-- This site is optimized with the Yoast SEO plugin v20.13 - https:\/\/yoast.com\/wordpress\/plugins\/seo\/ -->\n<title>Mi\u0119dzynarodowy Dzie\u0144 Teatru - ZSP w Chojnie<\/title>\n<meta name=\"robots\" content=\"index, follow, max-snippet:-1, max-image-preview:large, max-video-preview:-1\" \/>\n<link rel=\"canonical\" href=\"https:\/\/zsp1chojna.pl\/?p=9815\" \/>\n<meta property=\"og:locale\" content=\"pl_PL\" \/>\n<meta property=\"og:type\" content=\"article\" \/>\n<meta property=\"og:title\" content=\"Mi\u0119dzynarodowy Dzie\u0144 Teatru - ZSP w Chojnie\" \/>\n<meta property=\"og:description\" content=\"26 marca 2024 r., z okazji Mi\u0119dzynarodowego Dnia Teatru, uczestniczyli\u015bmy w\u00a0wyk\u0142adzie, zorganizowanym przez Miejsk\u0105 Bibliotek\u0119 Publiczn\u0105 w Chojnie. W spotkaniu udzia\u0142 wzi\u0119li uczniowie klasy 1 i 2 LO o kierunku [&hellip;]\" \/>\n<meta property=\"og:url\" content=\"https:\/\/zsp1chojna.pl\/?p=9815\" \/>\n<meta property=\"og:site_name\" content=\"ZSP w Chojnie\" \/>\n<meta property=\"article:published_time\" content=\"2024-03-26T08:51:00+00:00\" \/>\n<meta property=\"article:modified_time\" content=\"2024-06-10T08:38:33+00:00\" \/>\n<meta property=\"og:image\" content=\"https:\/\/zsp1chojna.pl\/wp-content\/uploads\/2024\/06\/dzien-teatru2024-3.jpg\" \/>\n\t<meta property=\"og:image:width\" content=\"1024\" \/>\n\t<meta property=\"og:image:height\" content=\"682\" \/>\n\t<meta property=\"og:image:type\" content=\"image\/jpeg\" \/>\n<meta name=\"author\" content=\"admin\" \/>\n<meta name=\"twitter:card\" content=\"summary_large_image\" \/>\n<meta name=\"twitter:label1\" content=\"Napisane przez\" \/>\n\t<meta name=\"twitter:data1\" content=\"admin\" \/>\n\t<meta name=\"twitter:label2\" content=\"Szacowany czas czytania\" \/>\n\t<meta name=\"twitter:data2\" content=\"2 minuty\" \/>\n<script type=\"application\/ld+json\" class=\"yoast-schema-graph\">{\"@context\":\"https:\/\/schema.org\",\"@graph\":[{\"@type\":\"Article\",\"@id\":\"https:\/\/zsp1chojna.pl\/?p=9815#article\",\"isPartOf\":{\"@id\":\"https:\/\/zsp1chojna.pl\/?p=9815\"},\"author\":{\"name\":\"admin\",\"@id\":\"https:\/\/zsp1chojna.pl\/#\/schema\/person\/fe8d6c03379c9cface386de0c172e127\"},\"headline\":\"Mi\u0119dzynarodowy Dzie\u0144 Teatru\",\"datePublished\":\"2024-03-26T08:51:00+00:00\",\"dateModified\":\"2024-06-10T08:38:33+00:00\",\"mainEntityOfPage\":{\"@id\":\"https:\/\/zsp1chojna.pl\/?p=9815\"},\"wordCount\":175,\"commentCount\":0,\"publisher\":{\"@id\":\"https:\/\/zsp1chojna.pl\/#organization\"},\"articleSection\":[\"Aktualno\u015bci 2023\/2024\"],\"inLanguage\":\"pl-PL\",\"potentialAction\":[{\"@type\":\"CommentAction\",\"name\":\"Comment\",\"target\":[\"https:\/\/zsp1chojna.pl\/?p=9815#respond\"]}]},{\"@type\":\"WebPage\",\"@id\":\"https:\/\/zsp1chojna.pl\/?p=9815\",\"url\":\"https:\/\/zsp1chojna.pl\/?p=9815\",\"name\":\"Mi\u0119dzynarodowy Dzie\u0144 Teatru - ZSP w Chojnie\",\"isPartOf\":{\"@id\":\"https:\/\/zsp1chojna.pl\/#website\"},\"datePublished\":\"2024-03-26T08:51:00+00:00\",\"dateModified\":\"2024-06-10T08:38:33+00:00\",\"breadcrumb\":{\"@id\":\"https:\/\/zsp1chojna.pl\/?p=9815#breadcrumb\"},\"inLanguage\":\"pl-PL\",\"potentialAction\":[{\"@type\":\"ReadAction\",\"target\":[\"https:\/\/zsp1chojna.pl\/?p=9815\"]}]},{\"@type\":\"BreadcrumbList\",\"@id\":\"https:\/\/zsp1chojna.pl\/?p=9815#breadcrumb\",\"itemListElement\":[{\"@type\":\"ListItem\",\"position\":1,\"name\":\"Home\",\"item\":\"https:\/\/zsp1chojna.pl\/\"},{\"@type\":\"ListItem\",\"position\":2,\"name\":\"Mi\u0119dzynarodowy Dzie\u0144 Teatru\"}]},{\"@type\":\"WebSite\",\"@id\":\"https:\/\/zsp1chojna.pl\/#website\",\"url\":\"https:\/\/zsp1chojna.pl\/\",\"name\":\"ZSP w Chojnie\",\"description\":\"\",\"publisher\":{\"@id\":\"https:\/\/zsp1chojna.pl\/#organization\"},\"potentialAction\":[{\"@type\":\"SearchAction\",\"target\":{\"@type\":\"EntryPoint\",\"urlTemplate\":\"https:\/\/zsp1chojna.pl\/?s={search_term_string}\"},\"query-input\":\"required name=search_term_string\"}],\"inLanguage\":\"pl-PL\"},{\"@type\":\"Organization\",\"@id\":\"https:\/\/zsp1chojna.pl\/#organization\",\"name\":\"ZSP w Chojnie\",\"url\":\"https:\/\/zsp1chojna.pl\/\",\"logo\":{\"@type\":\"ImageObject\",\"inLanguage\":\"pl-PL\",\"@id\":\"https:\/\/zsp1chojna.pl\/#\/schema\/logo\/image\/\",\"url\":\"https:\/\/zsp1chojna.pl\/wp-content\/uploads\/2023\/08\/cropped-cropped-cropped-Logo-biale-napis-na-3-wiersze_504-1.png\",\"contentUrl\":\"https:\/\/zsp1chojna.pl\/wp-content\/uploads\/2023\/08\/cropped-cropped-cropped-Logo-biale-napis-na-3-wiersze_504-1.png\",\"width\":504,\"height\":167,\"caption\":\"ZSP w Chojnie\"},\"image\":{\"@id\":\"https:\/\/zsp1chojna.pl\/#\/schema\/logo\/image\/\"}},{\"@type\":\"Person\",\"@id\":\"https:\/\/zsp1chojna.pl\/#\/schema\/person\/fe8d6c03379c9cface386de0c172e127\",\"name\":\"admin\",\"image\":{\"@type\":\"ImageObject\",\"inLanguage\":\"pl-PL\",\"@id\":\"https:\/\/zsp1chojna.pl\/#\/schema\/person\/image\/\",\"url\":\"https:\/\/secure.gravatar.com\/avatar\/35d79b1d799ff9bac401976862e535bf785f4039d8313d3c00b303598a46dd4e?s=96&d=mm&r=g\",\"contentUrl\":\"https:\/\/secure.gravatar.com\/avatar\/35d79b1d799ff9bac401976862e535bf785f4039d8313d3c00b303598a46dd4e?s=96&d=mm&r=g\",\"caption\":\"admin\"},\"sameAs\":[\"http:\/\/nowazspchojna.pl\"],\"url\":\"https:\/\/zsp1chojna.pl\/?author=1\"}]}<\/script>\n<!-- \/ Yoast SEO plugin. -->","yoast_head_json":{"title":"Mi\u0119dzynarodowy Dzie\u0144 Teatru - ZSP w Chojnie","robots":{"index":"index","follow":"follow","max-snippet":"max-snippet:-1","max-image-preview":"max-image-preview:large","max-video-preview":"max-video-preview:-1"},"canonical":"https:\/\/zsp1chojna.pl\/?p=9815","og_locale":"pl_PL","og_type":"article","og_title":"Mi\u0119dzynarodowy Dzie\u0144 Teatru - ZSP w Chojnie","og_description":"26 marca 2024 r., z okazji Mi\u0119dzynarodowego Dnia Teatru, uczestniczyli\u015bmy w\u00a0wyk\u0142adzie, zorganizowanym przez Miejsk\u0105 Bibliotek\u0119 Publiczn\u0105 w Chojnie. W spotkaniu udzia\u0142 wzi\u0119li uczniowie klasy 1 i 2 LO o kierunku [&hellip;]","og_url":"https:\/\/zsp1chojna.pl\/?p=9815","og_site_name":"ZSP w Chojnie","article_published_time":"2024-03-26T08:51:00+00:00","article_modified_time":"2024-06-10T08:38:33+00:00","og_image":[{"width":1024,"height":682,"url":"https:\/\/zsp1chojna.pl\/wp-content\/uploads\/2024\/06\/dzien-teatru2024-3.jpg","type":"image\/jpeg"}],"author":"admin","twitter_card":"summary_large_image","twitter_misc":{"Napisane przez":"admin","Szacowany czas czytania":"2 minuty"},"schema":{"@context":"https:\/\/schema.org","@graph":[{"@type":"Article","@id":"https:\/\/zsp1chojna.pl\/?p=9815#article","isPartOf":{"@id":"https:\/\/zsp1chojna.pl\/?p=9815"},"author":{"name":"admin","@id":"https:\/\/zsp1chojna.pl\/#\/schema\/person\/fe8d6c03379c9cface386de0c172e127"},"headline":"Mi\u0119dzynarodowy Dzie\u0144 Teatru","datePublished":"2024-03-26T08:51:00+00:00","dateModified":"2024-06-10T08:38:33+00:00","mainEntityOfPage":{"@id":"https:\/\/zsp1chojna.pl\/?p=9815"},"wordCount":175,"commentCount":0,"publisher":{"@id":"https:\/\/zsp1chojna.pl\/#organization"},"articleSection":["Aktualno\u015bci 2023\/2024"],"inLanguage":"pl-PL","potentialAction":[{"@type":"CommentAction","name":"Comment","target":["https:\/\/zsp1chojna.pl\/?p=9815#respond"]}]},{"@type":"WebPage","@id":"https:\/\/zsp1chojna.pl\/?p=9815","url":"https:\/\/zsp1chojna.pl\/?p=9815","name":"Mi\u0119dzynarodowy Dzie\u0144 Teatru - ZSP w Chojnie","isPartOf":{"@id":"https:\/\/zsp1chojna.pl\/#website"},"datePublished":"2024-03-26T08:51:00+00:00","dateModified":"2024-06-10T08:38:33+00:00","breadcrumb":{"@id":"https:\/\/zsp1chojna.pl\/?p=9815#breadcrumb"},"inLanguage":"pl-PL","potentialAction":[{"@type":"ReadAction","target":["https:\/\/zsp1chojna.pl\/?p=9815"]}]},{"@type":"BreadcrumbList","@id":"https:\/\/zsp1chojna.pl\/?p=9815#breadcrumb","itemListElement":[{"@type":"ListItem","position":1,"name":"Home","item":"https:\/\/zsp1chojna.pl\/"},{"@type":"ListItem","position":2,"name":"Mi\u0119dzynarodowy Dzie\u0144 Teatru"}]},{"@type":"WebSite","@id":"https:\/\/zsp1chojna.pl\/#website","url":"https:\/\/zsp1chojna.pl\/","name":"ZSP w Chojnie","description":"","publisher":{"@id":"https:\/\/zsp1chojna.pl\/#organization"},"potentialAction":[{"@type":"SearchAction","target":{"@type":"EntryPoint","urlTemplate":"https:\/\/zsp1chojna.pl\/?s={search_term_string}"},"query-input":"required name=search_term_string"}],"inLanguage":"pl-PL"},{"@type":"Organization","@id":"https:\/\/zsp1chojna.pl\/#organization","name":"ZSP w Chojnie","url":"https:\/\/zsp1chojna.pl\/","logo":{"@type":"ImageObject","inLanguage":"pl-PL","@id":"https:\/\/zsp1chojna.pl\/#\/schema\/logo\/image\/","url":"https:\/\/zsp1chojna.pl\/wp-content\/uploads\/2023\/08\/cropped-cropped-cropped-Logo-biale-napis-na-3-wiersze_504-1.png","contentUrl":"https:\/\/zsp1chojna.pl\/wp-content\/uploads\/2023\/08\/cropped-cropped-cropped-Logo-biale-napis-na-3-wiersze_504-1.png","width":504,"height":167,"caption":"ZSP w Chojnie"},"image":{"@id":"https:\/\/zsp1chojna.pl\/#\/schema\/logo\/image\/"}},{"@type":"Person","@id":"https:\/\/zsp1chojna.pl\/#\/schema\/person\/fe8d6c03379c9cface386de0c172e127","name":"admin","image":{"@type":"ImageObject","inLanguage":"pl-PL","@id":"https:\/\/zsp1chojna.pl\/#\/schema\/person\/image\/","url":"https:\/\/secure.gravatar.com\/avatar\/35d79b1d799ff9bac401976862e535bf785f4039d8313d3c00b303598a46dd4e?s=96&d=mm&r=g","contentUrl":"https:\/\/secure.gravatar.com\/avatar\/35d79b1d799ff9bac401976862e535bf785f4039d8313d3c00b303598a46dd4e?s=96&d=mm&r=g","caption":"admin"},"sameAs":["http:\/\/nowazspchojna.pl"],"url":"https:\/\/zsp1chojna.pl\/?author=1"}]}},"jetpack_featured_media_url":"https:\/\/zsp1chojna.pl\/wp-content\/uploads\/2024\/06\/dzien-teatru2024-3.jpg","_links":{"self":[{"href":"https:\/\/zsp1chojna.pl\/index.php?rest_route=\/wp\/v2\/posts\/9815","targetHints":{"allow":["GET"]}}],"collection":[{"href":"https:\/\/zsp1chojna.pl\/index.php?rest_route=\/wp\/v2\/posts"}],"about":[{"href":"https:\/\/zsp1chojna.pl\/index.php?rest_route=\/wp\/v2\/types\/post"}],"author":[{"embeddable":true,"href":"https:\/\/zsp1chojna.pl\/index.php?rest_route=\/wp\/v2\/users\/1"}],"replies":[{"embeddable":true,"href":"https:\/\/zsp1chojna.pl\/index.php?rest_route=%2Fwp%2Fv2%2Fcomments&post=9815"}],"version-history":[{"count":2,"href":"https:\/\/zsp1chojna.pl\/index.php?rest_route=\/wp\/v2\/posts\/9815\/revisions"}],"predecessor-version":[{"id":9823,"href":"https:\/\/zsp1chojna.pl\/index.php?rest_route=\/wp\/v2\/posts\/9815\/revisions\/9823"}],"wp:featuredmedia":[{"embeddable":true,"href":"https:\/\/zsp1chojna.pl\/index.php?rest_route=\/wp\/v2\/media\/9818"}],"wp:attachment":[{"href":"https:\/\/zsp1chojna.pl\/index.php?rest_route=%2Fwp%2Fv2%2Fmedia&parent=9815"}],"wp:term":[{"taxonomy":"category","embeddable":true,"href":"https:\/\/zsp1chojna.pl\/index.php?rest_route=%2Fwp%2Fv2%2Fcategories&post=9815"},{"taxonomy":"post_tag","embeddable":true,"href":"https:\/\/zsp1chojna.pl\/index.php?rest_route=%2Fwp%2Fv2%2Ftags&post=9815"}],"curies":[{"name":"wp","href":"https:\/\/api.w.org\/{rel}","templated":true}]}}