{"id":959,"date":"2023-03-25T14:29:18","date_gmt":"2023-03-25T13:29:18","guid":{"rendered":"https:\/\/zsp1chojna.pl\/?p=959"},"modified":"2023-08-17T14:35:13","modified_gmt":"2023-08-17T12:35:13","slug":"odbyly-sie-kolejne-zajecia-w-ramach-akademii-mlodego-prawnika-6","status":"publish","type":"post","link":"https:\/\/zsp1chojna.pl\/?p=959","title":{"rendered":"Odby\u0142y si\u0119 kolejne\u00a0zaj\u0119cia w\u00a0ramach Akademii M\u0142odego Prawnika"},"content":{"rendered":"\n<p class=\"has-text-align-justify\">25\u00a0marca 2023\u00a0r., na\u00a0Wydziale Prawa i\u00a0Administracji Uniwersytetu Szczeci\u0144skiego, odby\u0142y si\u0119 zaj\u0119cia w\u00a0ramach Akademii M\u0142odego Prawnika. Uczniowie klasy 1a LO pod\u00a0kierunkiem dr\u00a0Dominiki Skoczylas zg\u0142\u0119biali zagadnienie dotycz\u0105ce roli szko\u0142y w\u00a0\u017cyciu dziecka. Nast\u0119pnie problem nieletnich przest\u0119pc\u00f3w przybli\u017cy\u0142 m\u0142odzie\u017cy dr\u00a0Konrad Burdziak. Om\u00f3wione te\u017c zosta\u0142y najwi\u0119ksze zagadki znad Wis\u0142y i\u00a0Odry. Kolejnym, omawianym tematem, by\u0142y tajniki prawa s\u0105siedzkiego w\u00a0Polsce, kt\u00f3re t\u0142umaczy\u0142 dr\u00a0Kamil D\u0105browski. Ostatnim zagadnieniem, omawianym przez\u00a0mgr\u00a0Mateusza D\u017cugaja podczas tego spotkania, by\u0142y prawa konsumenta.<\/p>\n\n\n<div class=\"wp-block-image\">\n<figure class=\"aligncenter size-full\"><img loading=\"lazy\" decoding=\"async\" width=\"500\" height=\"158\" data-attachment-id=\"315\" data-permalink=\"https:\/\/zsp1chojna.pl\/?attachment_id=315\" data-orig-file=\"https:\/\/zsp1chojna.pl\/wp-content\/uploads\/2023\/08\/akademia-mlodego-prawnika-2023-5.jpg\" data-orig-size=\"500,158\" data-comments-opened=\"1\" data-image-meta=\"{&quot;aperture&quot;:&quot;0&quot;,&quot;credit&quot;:&quot;&quot;,&quot;camera&quot;:&quot;&quot;,&quot;caption&quot;:&quot;&quot;,&quot;created_timestamp&quot;:&quot;0&quot;,&quot;copyright&quot;:&quot;&quot;,&quot;focal_length&quot;:&quot;0&quot;,&quot;iso&quot;:&quot;0&quot;,&quot;shutter_speed&quot;:&quot;0&quot;,&quot;title&quot;:&quot;&quot;,&quot;orientation&quot;:&quot;0&quot;}\" data-image-title=\"akademia-mlodego-prawnika-2023-5\" data-image-description=\"\" data-image-caption=\"\" data-medium-file=\"https:\/\/zsp1chojna.pl\/wp-content\/uploads\/2023\/08\/akademia-mlodego-prawnika-2023-5-300x95.jpg\" data-large-file=\"https:\/\/zsp1chojna.pl\/wp-content\/uploads\/2023\/08\/akademia-mlodego-prawnika-2023-5.jpg\" src=\"https:\/\/zsp1chojna.pl\/wp-content\/uploads\/2023\/08\/akademia-mlodego-prawnika-2023-5.jpg\" alt=\"\" class=\"wp-image-315\" srcset=\"https:\/\/zsp1chojna.pl\/wp-content\/uploads\/2023\/08\/akademia-mlodego-prawnika-2023-5.jpg 500w, https:\/\/zsp1chojna.pl\/wp-content\/uploads\/2023\/08\/akademia-mlodego-prawnika-2023-5-300x95.jpg 300w\" sizes=\"auto, (max-width: 500px) 100vw, 500px\" \/><\/figure>\n<\/div>\n\n<style>.kb-row-layout-id959_6962db-96 > .kt-row-column-wrap{align-content:start;}:where(.kb-row-layout-id959_6962db-96 > .kt-row-column-wrap) > .wp-block-kadence-column{justify-content:start;}.kb-row-layout-id959_6962db-96 > .kt-row-column-wrap{column-gap:var(--global-kb-gap-sm, 1rem);row-gap:var(--global-kb-gap-none, 0 );padding-top:0px;padding-bottom:0px;grid-template-columns:repeat(2, minmax(0, 1fr));}.kb-row-layout-id959_6962db-96 > .kt-row-layout-overlay{opacity:0.30;}@media all and (max-width: 1024px){.kb-row-layout-id959_6962db-96 > .kt-row-column-wrap{grid-template-columns:repeat(2, minmax(0, 1fr));}}@media all and (max-width: 767px){.kb-row-layout-id959_6962db-96 > .kt-row-column-wrap{grid-template-columns:minmax(0, 1fr);}}<\/style><div class=\"kb-row-layout-wrap kb-row-layout-id959_6962db-96 alignnone wp-block-kadence-rowlayout\"><div class=\"kt-row-column-wrap kt-has-2-columns kt-row-layout-equal kt-tab-layout-inherit kt-mobile-layout-row kt-row-valign-top\">\n<style>.kadence-column959_54777e-01 > .kt-inside-inner-col,.kadence-column959_54777e-01 > .kt-inside-inner-col:before{border-top-left-radius:0px;border-top-right-radius:0px;border-bottom-right-radius:0px;border-bottom-left-radius:0px;}.kadence-column959_54777e-01 > .kt-inside-inner-col:before{opacity:0.3;}.kadence-column959_54777e-01{position:relative;}<\/style>\n<div class=\"wp-block-kadence-column kadence-column959_54777e-01\"><div class=\"kt-inside-inner-col\">\n<figure class=\"wp-block-image size-full\"><img loading=\"lazy\" decoding=\"async\" width=\"550\" height=\"451\" data-attachment-id=\"960\" data-permalink=\"https:\/\/zsp1chojna.pl\/?attachment_id=960\" data-orig-file=\"https:\/\/zsp1chojna.pl\/wp-content\/uploads\/2023\/08\/akademia_mlodego_prawnika_2023-1.jpg\" data-orig-size=\"550,451\" data-comments-opened=\"1\" data-image-meta=\"{&quot;aperture&quot;:&quot;0&quot;,&quot;credit&quot;:&quot;&quot;,&quot;camera&quot;:&quot;&quot;,&quot;caption&quot;:&quot;&quot;,&quot;created_timestamp&quot;:&quot;0&quot;,&quot;copyright&quot;:&quot;&quot;,&quot;focal_length&quot;:&quot;0&quot;,&quot;iso&quot;:&quot;0&quot;,&quot;shutter_speed&quot;:&quot;0&quot;,&quot;title&quot;:&quot;&quot;,&quot;orientation&quot;:&quot;1&quot;}\" data-image-title=\"akademia_mlodego_prawnika_2023-1\" data-image-description=\"\" data-image-caption=\"\" data-medium-file=\"https:\/\/zsp1chojna.pl\/wp-content\/uploads\/2023\/08\/akademia_mlodego_prawnika_2023-1-300x246.jpg\" data-large-file=\"https:\/\/zsp1chojna.pl\/wp-content\/uploads\/2023\/08\/akademia_mlodego_prawnika_2023-1.jpg\" src=\"https:\/\/zsp1chojna.pl\/wp-content\/uploads\/2023\/08\/akademia_mlodego_prawnika_2023-1.jpg\" alt=\"Zaj\u0119cia\" class=\"wp-image-960\" srcset=\"https:\/\/zsp1chojna.pl\/wp-content\/uploads\/2023\/08\/akademia_mlodego_prawnika_2023-1.jpg 550w, https:\/\/zsp1chojna.pl\/wp-content\/uploads\/2023\/08\/akademia_mlodego_prawnika_2023-1-300x246.jpg 300w\" sizes=\"auto, (max-width: 550px) 100vw, 550px\" \/><\/figure>\n<\/div><\/div>\n\n\n<style>.kadence-column959_e6f6a2-ce > .kt-inside-inner-col,.kadence-column959_e6f6a2-ce > .kt-inside-inner-col:before{border-top-left-radius:0px;border-top-right-radius:0px;border-bottom-right-radius:0px;border-bottom-left-radius:0px;}.kadence-column959_e6f6a2-ce > .kt-inside-inner-col:before{opacity:0.3;}.kadence-column959_e6f6a2-ce{position:relative;}<\/style>\n<div class=\"wp-block-kadence-column kadence-column959_e6f6a2-ce\"><div class=\"kt-inside-inner-col\">\n<figure class=\"wp-block-image size-full\"><img loading=\"lazy\" decoding=\"async\" width=\"550\" height=\"451\" data-attachment-id=\"964\" data-permalink=\"https:\/\/zsp1chojna.pl\/?attachment_id=964\" data-orig-file=\"https:\/\/zsp1chojna.pl\/wp-content\/uploads\/2023\/08\/akademia_mlodego_prawnika_2023-2-1.jpg\" data-orig-size=\"550,451\" data-comments-opened=\"1\" data-image-meta=\"{&quot;aperture&quot;:&quot;0&quot;,&quot;credit&quot;:&quot;&quot;,&quot;camera&quot;:&quot;&quot;,&quot;caption&quot;:&quot;&quot;,&quot;created_timestamp&quot;:&quot;0&quot;,&quot;copyright&quot;:&quot;&quot;,&quot;focal_length&quot;:&quot;0&quot;,&quot;iso&quot;:&quot;0&quot;,&quot;shutter_speed&quot;:&quot;0&quot;,&quot;title&quot;:&quot;&quot;,&quot;orientation&quot;:&quot;1&quot;}\" data-image-title=\"akademia_mlodego_prawnika_2023-2\" data-image-description=\"\" data-image-caption=\"\" data-medium-file=\"https:\/\/zsp1chojna.pl\/wp-content\/uploads\/2023\/08\/akademia_mlodego_prawnika_2023-2-1-300x246.jpg\" data-large-file=\"https:\/\/zsp1chojna.pl\/wp-content\/uploads\/2023\/08\/akademia_mlodego_prawnika_2023-2-1.jpg\" src=\"https:\/\/zsp1chojna.pl\/wp-content\/uploads\/2023\/08\/akademia_mlodego_prawnika_2023-2-1.jpg\" alt=\"Otrzymanie indeks\u00f3w\" class=\"wp-image-964\" srcset=\"https:\/\/zsp1chojna.pl\/wp-content\/uploads\/2023\/08\/akademia_mlodego_prawnika_2023-2-1.jpg 550w, https:\/\/zsp1chojna.pl\/wp-content\/uploads\/2023\/08\/akademia_mlodego_prawnika_2023-2-1-300x246.jpg 300w\" sizes=\"auto, (max-width: 550px) 100vw, 550px\" \/><\/figure>\n<\/div><\/div>\n\n<\/div><\/div>\n\n\n<p class=\"has-text-align-justify\">Temat ka\u017cdych zaj\u0119\u0107 wpisywany jest przez&nbsp;wyk\u0142adowc\u00f3w do&nbsp;indeks\u00f3w, kt\u00f3re uczniowie otrzymali podczas inauguracji AMP.<\/p>\n\n\n<div class=\"wp-block-image\">\n<figure class=\"aligncenter size-full\"><img loading=\"lazy\" decoding=\"async\" width=\"409\" height=\"664\" data-attachment-id=\"966\" data-permalink=\"https:\/\/zsp1chojna.pl\/?attachment_id=966\" data-orig-file=\"https:\/\/zsp1chojna.pl\/wp-content\/uploads\/2023\/08\/akademia_mlodego_prawnika_2023-3-1.jpg\" data-orig-size=\"409,664\" data-comments-opened=\"1\" data-image-meta=\"{&quot;aperture&quot;:&quot;0&quot;,&quot;credit&quot;:&quot;&quot;,&quot;camera&quot;:&quot;&quot;,&quot;caption&quot;:&quot;&quot;,&quot;created_timestamp&quot;:&quot;0&quot;,&quot;copyright&quot;:&quot;&quot;,&quot;focal_length&quot;:&quot;0&quot;,&quot;iso&quot;:&quot;0&quot;,&quot;shutter_speed&quot;:&quot;0&quot;,&quot;title&quot;:&quot;&quot;,&quot;orientation&quot;:&quot;1&quot;}\" data-image-title=\"akademia_mlodego_prawnika_2023-3\" data-image-description=\"\" data-image-caption=\"\" data-medium-file=\"https:\/\/zsp1chojna.pl\/wp-content\/uploads\/2023\/08\/akademia_mlodego_prawnika_2023-3-1-185x300.jpg\" data-large-file=\"https:\/\/zsp1chojna.pl\/wp-content\/uploads\/2023\/08\/akademia_mlodego_prawnika_2023-3-1.jpg\" src=\"https:\/\/zsp1chojna.pl\/wp-content\/uploads\/2023\/08\/akademia_mlodego_prawnika_2023-3-1.jpg\" alt=\"Otrzymanie indeks\u00f3w\" class=\"wp-image-966\" srcset=\"https:\/\/zsp1chojna.pl\/wp-content\/uploads\/2023\/08\/akademia_mlodego_prawnika_2023-3-1.jpg 409w, https:\/\/zsp1chojna.pl\/wp-content\/uploads\/2023\/08\/akademia_mlodego_prawnika_2023-3-1-185x300.jpg 185w\" sizes=\"auto, (max-width: 409px) 100vw, 409px\" \/><\/figure>\n<\/div>\n\n\n<p class=\"has-text-align-justify\">Po\u00a0zaj\u0119ciach m\u0142odzie\u017c stwierdzi\u0142a, \u017ce\u00a0praca prawnika jest niesamowicie ciekawa i\u00a0polega na\u00a0nieustannym odkrywaniu tajemnic, a\u00a0zaj\u0119cia w\u00a0Akademii s\u0105 wielk\u0105 przyjemno\u015bci\u0105. Kolejny zjazd na\u00a0uczelni ju\u017c za\u00a0tydzie\u0144.<\/p>\n\n\n\n<p><\/p>\n\n\n\n<p class=\"has-text-align-right\">Aleksandra Kozak, kl. 1\u00a0a\u00a0LO<\/p>\n\n\n\n<p class=\"has-text-align-right\">mgr&nbsp;Edyta Krupa-Nadolny<\/p>\n","protected":false},"excerpt":{"rendered":"<p>25\u00a0marca 2023\u00a0r., na\u00a0Wydziale Prawa i\u00a0Administracji Uniwersytetu Szczeci\u0144skiego, odby\u0142y si\u0119 zaj\u0119cia w\u00a0ramach Akademii M\u0142odego Prawnika. Uczniowie klasy 1a LO pod\u00a0kierunkiem dr\u00a0Dominiki Skoczylas zg\u0142\u0119biali zagadnienie dotycz\u0105ce roli szko\u0142y w\u00a0\u017cyciu dziecka. Nast\u0119pnie problem [&hellip;]<\/p>\n","protected":false},"author":2,"featured_media":961,"comment_status":"open","ping_status":"open","sticky":false,"template":"","format":"standard","meta":{"footnotes":""},"categories":[8],"tags":[],"class_list":["post-959","post","type-post","status-publish","format-standard","has-post-thumbnail","hentry","category-aktualnosci-2022-2023"],"wbAuthor":{"name":"kacper27","link":"https:\/\/zsp1chojna.pl\/?author=2"},"wbDate":"mar 25, 2023","wbCategories":{"space":"<a href=\"https:\/\/zsp1chojna.pl\/?cat=8\" rel=\"category\">Aktualno\u015bci 2022\/2023<\/a>","coma":"<a href=\"https:\/\/zsp1chojna.pl\/?cat=8\" rel=\"category\">Aktualno\u015bci 2022\/2023<\/a>"},"wbComment":0,"yoast_head":"<!-- This site is optimized with the Yoast SEO plugin v20.13 - https:\/\/yoast.com\/wordpress\/plugins\/seo\/ -->\n<title>Odby\u0142y si\u0119 kolejne\u00a0zaj\u0119cia w\u00a0ramach Akademii M\u0142odego Prawnika - ZSP w Chojnie<\/title>\n<meta name=\"robots\" content=\"index, follow, max-snippet:-1, max-image-preview:large, max-video-preview:-1\" \/>\n<link rel=\"canonical\" href=\"https:\/\/zsp1chojna.pl\/?p=959\" \/>\n<meta property=\"og:locale\" content=\"pl_PL\" \/>\n<meta property=\"og:type\" content=\"article\" \/>\n<meta property=\"og:title\" content=\"Odby\u0142y si\u0119 kolejne\u00a0zaj\u0119cia w\u00a0ramach Akademii M\u0142odego Prawnika - ZSP w Chojnie\" \/>\n<meta property=\"og:description\" content=\"25\u00a0marca 2023\u00a0r., na\u00a0Wydziale Prawa i\u00a0Administracji Uniwersytetu Szczeci\u0144skiego, odby\u0142y si\u0119 zaj\u0119cia w\u00a0ramach Akademii M\u0142odego Prawnika. Uczniowie klasy 1a LO pod\u00a0kierunkiem dr\u00a0Dominiki Skoczylas zg\u0142\u0119biali zagadnienie dotycz\u0105ce roli szko\u0142y w\u00a0\u017cyciu dziecka. Nast\u0119pnie problem [&hellip;]\" \/>\n<meta property=\"og:url\" content=\"https:\/\/zsp1chojna.pl\/?p=959\" \/>\n<meta property=\"og:site_name\" content=\"ZSP w Chojnie\" \/>\n<meta property=\"article:published_time\" content=\"2023-03-25T13:29:18+00:00\" \/>\n<meta property=\"article:modified_time\" content=\"2023-08-17T12:35:13+00:00\" \/>\n<meta property=\"og:image\" content=\"https:\/\/zsp1chojna.pl\/wp-content\/uploads\/2023\/08\/akademia_mlodego_prawnika_2023-3.jpg\" \/>\n\t<meta property=\"og:image:width\" content=\"409\" \/>\n\t<meta property=\"og:image:height\" content=\"664\" \/>\n\t<meta property=\"og:image:type\" content=\"image\/jpeg\" \/>\n<meta name=\"author\" content=\"kacper27\" \/>\n<meta name=\"twitter:card\" content=\"summary_large_image\" \/>\n<meta name=\"twitter:label1\" content=\"Napisane przez\" \/>\n\t<meta name=\"twitter:data1\" content=\"kacper27\" \/>\n\t<meta name=\"twitter:label2\" content=\"Szacowany czas czytania\" \/>\n\t<meta name=\"twitter:data2\" content=\"2 minuty\" \/>\n<script type=\"application\/ld+json\" class=\"yoast-schema-graph\">{\"@context\":\"https:\/\/schema.org\",\"@graph\":[{\"@type\":\"Article\",\"@id\":\"https:\/\/zsp1chojna.pl\/?p=959#article\",\"isPartOf\":{\"@id\":\"https:\/\/zsp1chojna.pl\/?p=959\"},\"author\":{\"name\":\"kacper27\",\"@id\":\"https:\/\/zsp1chojna.pl\/#\/schema\/person\/e974e35b71ad4899de9d84ba9baed22f\"},\"headline\":\"Odby\u0142y si\u0119 kolejne\u00a0zaj\u0119cia w\u00a0ramach Akademii M\u0142odego Prawnika\",\"datePublished\":\"2023-03-25T13:29:18+00:00\",\"dateModified\":\"2023-08-17T12:35:13+00:00\",\"mainEntityOfPage\":{\"@id\":\"https:\/\/zsp1chojna.pl\/?p=959\"},\"wordCount\":181,\"commentCount\":0,\"publisher\":{\"@id\":\"https:\/\/zsp1chojna.pl\/#organization\"},\"articleSection\":[\"Aktualno\u015bci 2022\/2023\"],\"inLanguage\":\"pl-PL\",\"potentialAction\":[{\"@type\":\"CommentAction\",\"name\":\"Comment\",\"target\":[\"https:\/\/zsp1chojna.pl\/?p=959#respond\"]}]},{\"@type\":\"WebPage\",\"@id\":\"https:\/\/zsp1chojna.pl\/?p=959\",\"url\":\"https:\/\/zsp1chojna.pl\/?p=959\",\"name\":\"Odby\u0142y si\u0119 kolejne\u00a0zaj\u0119cia w\u00a0ramach Akademii M\u0142odego Prawnika - ZSP w Chojnie\",\"isPartOf\":{\"@id\":\"https:\/\/zsp1chojna.pl\/#website\"},\"datePublished\":\"2023-03-25T13:29:18+00:00\",\"dateModified\":\"2023-08-17T12:35:13+00:00\",\"breadcrumb\":{\"@id\":\"https:\/\/zsp1chojna.pl\/?p=959#breadcrumb\"},\"inLanguage\":\"pl-PL\",\"potentialAction\":[{\"@type\":\"ReadAction\",\"target\":[\"https:\/\/zsp1chojna.pl\/?p=959\"]}]},{\"@type\":\"BreadcrumbList\",\"@id\":\"https:\/\/zsp1chojna.pl\/?p=959#breadcrumb\",\"itemListElement\":[{\"@type\":\"ListItem\",\"position\":1,\"name\":\"Home\",\"item\":\"https:\/\/zsp1chojna.pl\/\"},{\"@type\":\"ListItem\",\"position\":2,\"name\":\"Odby\u0142y si\u0119 kolejne\u00a0zaj\u0119cia w\u00a0ramach Akademii M\u0142odego Prawnika\"}]},{\"@type\":\"WebSite\",\"@id\":\"https:\/\/zsp1chojna.pl\/#website\",\"url\":\"https:\/\/zsp1chojna.pl\/\",\"name\":\"ZSP w Chojnie\",\"description\":\"\",\"publisher\":{\"@id\":\"https:\/\/zsp1chojna.pl\/#organization\"},\"potentialAction\":[{\"@type\":\"SearchAction\",\"target\":{\"@type\":\"EntryPoint\",\"urlTemplate\":\"https:\/\/zsp1chojna.pl\/?s={search_term_string}\"},\"query-input\":\"required name=search_term_string\"}],\"inLanguage\":\"pl-PL\"},{\"@type\":\"Organization\",\"@id\":\"https:\/\/zsp1chojna.pl\/#organization\",\"name\":\"ZSP w Chojnie\",\"url\":\"https:\/\/zsp1chojna.pl\/\",\"logo\":{\"@type\":\"ImageObject\",\"inLanguage\":\"pl-PL\",\"@id\":\"https:\/\/zsp1chojna.pl\/#\/schema\/logo\/image\/\",\"url\":\"https:\/\/zsp1chojna.pl\/wp-content\/uploads\/2023\/08\/cropped-cropped-cropped-Logo-biale-napis-na-3-wiersze_504-1.png\",\"contentUrl\":\"https:\/\/zsp1chojna.pl\/wp-content\/uploads\/2023\/08\/cropped-cropped-cropped-Logo-biale-napis-na-3-wiersze_504-1.png\",\"width\":504,\"height\":167,\"caption\":\"ZSP w Chojnie\"},\"image\":{\"@id\":\"https:\/\/zsp1chojna.pl\/#\/schema\/logo\/image\/\"}},{\"@type\":\"Person\",\"@id\":\"https:\/\/zsp1chojna.pl\/#\/schema\/person\/e974e35b71ad4899de9d84ba9baed22f\",\"name\":\"kacper27\",\"image\":{\"@type\":\"ImageObject\",\"inLanguage\":\"pl-PL\",\"@id\":\"https:\/\/zsp1chojna.pl\/#\/schema\/person\/image\/\",\"url\":\"https:\/\/secure.gravatar.com\/avatar\/233d005830da7db1760a03aba4b7a8303a369edf5f46a429dfe66f876a3f452c?s=96&d=mm&r=g\",\"contentUrl\":\"https:\/\/secure.gravatar.com\/avatar\/233d005830da7db1760a03aba4b7a8303a369edf5f46a429dfe66f876a3f452c?s=96&d=mm&r=g\",\"caption\":\"kacper27\"},\"url\":\"https:\/\/zsp1chojna.pl\/?author=2\"}]}<\/script>\n<!-- \/ Yoast SEO plugin. -->","yoast_head_json":{"title":"Odby\u0142y si\u0119 kolejne\u00a0zaj\u0119cia w\u00a0ramach Akademii M\u0142odego Prawnika - ZSP w Chojnie","robots":{"index":"index","follow":"follow","max-snippet":"max-snippet:-1","max-image-preview":"max-image-preview:large","max-video-preview":"max-video-preview:-1"},"canonical":"https:\/\/zsp1chojna.pl\/?p=959","og_locale":"pl_PL","og_type":"article","og_title":"Odby\u0142y si\u0119 kolejne\u00a0zaj\u0119cia w\u00a0ramach Akademii M\u0142odego Prawnika - ZSP w Chojnie","og_description":"25\u00a0marca 2023\u00a0r., na\u00a0Wydziale Prawa i\u00a0Administracji Uniwersytetu Szczeci\u0144skiego, odby\u0142y si\u0119 zaj\u0119cia w\u00a0ramach Akademii M\u0142odego Prawnika. Uczniowie klasy 1a LO pod\u00a0kierunkiem dr\u00a0Dominiki Skoczylas zg\u0142\u0119biali zagadnienie dotycz\u0105ce roli szko\u0142y w\u00a0\u017cyciu dziecka. Nast\u0119pnie problem [&hellip;]","og_url":"https:\/\/zsp1chojna.pl\/?p=959","og_site_name":"ZSP w Chojnie","article_published_time":"2023-03-25T13:29:18+00:00","article_modified_time":"2023-08-17T12:35:13+00:00","og_image":[{"width":409,"height":664,"url":"https:\/\/zsp1chojna.pl\/wp-content\/uploads\/2023\/08\/akademia_mlodego_prawnika_2023-3.jpg","type":"image\/jpeg"}],"author":"kacper27","twitter_card":"summary_large_image","twitter_misc":{"Napisane przez":"kacper27","Szacowany czas czytania":"2 minuty"},"schema":{"@context":"https:\/\/schema.org","@graph":[{"@type":"Article","@id":"https:\/\/zsp1chojna.pl\/?p=959#article","isPartOf":{"@id":"https:\/\/zsp1chojna.pl\/?p=959"},"author":{"name":"kacper27","@id":"https:\/\/zsp1chojna.pl\/#\/schema\/person\/e974e35b71ad4899de9d84ba9baed22f"},"headline":"Odby\u0142y si\u0119 kolejne\u00a0zaj\u0119cia w\u00a0ramach Akademii M\u0142odego Prawnika","datePublished":"2023-03-25T13:29:18+00:00","dateModified":"2023-08-17T12:35:13+00:00","mainEntityOfPage":{"@id":"https:\/\/zsp1chojna.pl\/?p=959"},"wordCount":181,"commentCount":0,"publisher":{"@id":"https:\/\/zsp1chojna.pl\/#organization"},"articleSection":["Aktualno\u015bci 2022\/2023"],"inLanguage":"pl-PL","potentialAction":[{"@type":"CommentAction","name":"Comment","target":["https:\/\/zsp1chojna.pl\/?p=959#respond"]}]},{"@type":"WebPage","@id":"https:\/\/zsp1chojna.pl\/?p=959","url":"https:\/\/zsp1chojna.pl\/?p=959","name":"Odby\u0142y si\u0119 kolejne\u00a0zaj\u0119cia w\u00a0ramach Akademii M\u0142odego Prawnika - ZSP w Chojnie","isPartOf":{"@id":"https:\/\/zsp1chojna.pl\/#website"},"datePublished":"2023-03-25T13:29:18+00:00","dateModified":"2023-08-17T12:35:13+00:00","breadcrumb":{"@id":"https:\/\/zsp1chojna.pl\/?p=959#breadcrumb"},"inLanguage":"pl-PL","potentialAction":[{"@type":"ReadAction","target":["https:\/\/zsp1chojna.pl\/?p=959"]}]},{"@type":"BreadcrumbList","@id":"https:\/\/zsp1chojna.pl\/?p=959#breadcrumb","itemListElement":[{"@type":"ListItem","position":1,"name":"Home","item":"https:\/\/zsp1chojna.pl\/"},{"@type":"ListItem","position":2,"name":"Odby\u0142y si\u0119 kolejne\u00a0zaj\u0119cia w\u00a0ramach Akademii M\u0142odego Prawnika"}]},{"@type":"WebSite","@id":"https:\/\/zsp1chojna.pl\/#website","url":"https:\/\/zsp1chojna.pl\/","name":"ZSP w Chojnie","description":"","publisher":{"@id":"https:\/\/zsp1chojna.pl\/#organization"},"potentialAction":[{"@type":"SearchAction","target":{"@type":"EntryPoint","urlTemplate":"https:\/\/zsp1chojna.pl\/?s={search_term_string}"},"query-input":"required name=search_term_string"}],"inLanguage":"pl-PL"},{"@type":"Organization","@id":"https:\/\/zsp1chojna.pl\/#organization","name":"ZSP w Chojnie","url":"https:\/\/zsp1chojna.pl\/","logo":{"@type":"ImageObject","inLanguage":"pl-PL","@id":"https:\/\/zsp1chojna.pl\/#\/schema\/logo\/image\/","url":"https:\/\/zsp1chojna.pl\/wp-content\/uploads\/2023\/08\/cropped-cropped-cropped-Logo-biale-napis-na-3-wiersze_504-1.png","contentUrl":"https:\/\/zsp1chojna.pl\/wp-content\/uploads\/2023\/08\/cropped-cropped-cropped-Logo-biale-napis-na-3-wiersze_504-1.png","width":504,"height":167,"caption":"ZSP w Chojnie"},"image":{"@id":"https:\/\/zsp1chojna.pl\/#\/schema\/logo\/image\/"}},{"@type":"Person","@id":"https:\/\/zsp1chojna.pl\/#\/schema\/person\/e974e35b71ad4899de9d84ba9baed22f","name":"kacper27","image":{"@type":"ImageObject","inLanguage":"pl-PL","@id":"https:\/\/zsp1chojna.pl\/#\/schema\/person\/image\/","url":"https:\/\/secure.gravatar.com\/avatar\/233d005830da7db1760a03aba4b7a8303a369edf5f46a429dfe66f876a3f452c?s=96&d=mm&r=g","contentUrl":"https:\/\/secure.gravatar.com\/avatar\/233d005830da7db1760a03aba4b7a8303a369edf5f46a429dfe66f876a3f452c?s=96&d=mm&r=g","caption":"kacper27"},"url":"https:\/\/zsp1chojna.pl\/?author=2"}]}},"jetpack_featured_media_url":"https:\/\/zsp1chojna.pl\/wp-content\/uploads\/2023\/08\/akademia_mlodego_prawnika_2023-3.jpg","_links":{"self":[{"href":"https:\/\/zsp1chojna.pl\/index.php?rest_route=\/wp\/v2\/posts\/959","targetHints":{"allow":["GET"]}}],"collection":[{"href":"https:\/\/zsp1chojna.pl\/index.php?rest_route=\/wp\/v2\/posts"}],"about":[{"href":"https:\/\/zsp1chojna.pl\/index.php?rest_route=\/wp\/v2\/types\/post"}],"author":[{"embeddable":true,"href":"https:\/\/zsp1chojna.pl\/index.php?rest_route=\/wp\/v2\/users\/2"}],"replies":[{"embeddable":true,"href":"https:\/\/zsp1chojna.pl\/index.php?rest_route=%2Fwp%2Fv2%2Fcomments&post=959"}],"version-history":[{"count":1,"href":"https:\/\/zsp1chojna.pl\/index.php?rest_route=\/wp\/v2\/posts\/959\/revisions"}],"predecessor-version":[{"id":970,"href":"https:\/\/zsp1chojna.pl\/index.php?rest_route=\/wp\/v2\/posts\/959\/revisions\/970"}],"wp:featuredmedia":[{"embeddable":true,"href":"https:\/\/zsp1chojna.pl\/index.php?rest_route=\/wp\/v2\/media\/961"}],"wp:attachment":[{"href":"https:\/\/zsp1chojna.pl\/index.php?rest_route=%2Fwp%2Fv2%2Fmedia&parent=959"}],"wp:term":[{"taxonomy":"category","embeddable":true,"href":"https:\/\/zsp1chojna.pl\/index.php?rest_route=%2Fwp%2Fv2%2Fcategories&post=959"},{"taxonomy":"post_tag","embeddable":true,"href":"https:\/\/zsp1chojna.pl\/index.php?rest_route=%2Fwp%2Fv2%2Ftags&post=959"}],"curies":[{"name":"wp","href":"https:\/\/api.w.org\/{rel}","templated":true}]}}