{"id":9260,"date":"2024-03-27T15:28:00","date_gmt":"2024-03-27T14:28:00","guid":{"rendered":"https:\/\/zsp1chojna.pl\/?p=9260"},"modified":"2024-04-22T15:38:36","modified_gmt":"2024-04-22T13:38:36","slug":"zajecia-praktyczne-opw-w-5-pulku-inzynieryjnym-w-szczecinie-4","status":"publish","type":"post","link":"https:\/\/zsp1chojna.pl\/?p=9260","title":{"rendered":"Zaj\u0119cia praktyczne OPW w 5. Pu\u0142ku In\u017cynieryjnym w Szczecinie"},"content":{"rendered":"\n<p class=\"has-text-align-justify\">27 marca 2024 r., uczniowie klasy 1 OPW oraz 2 OPW, po raz kolejny uczestniczyli w\u00a0 szkoleniu praktycznym, realizowanym przez patronack\u0105 jednostk\u0119 wojskow\u0105 \u2013 5. Pu\u0142k In\u017cynieryjny w Szczecinie Podjuchach.<\/p>\n\n\n<div class=\"wp-block-image\">\n<figure class=\"aligncenter size-full\"><img loading=\"lazy\" decoding=\"async\" width=\"600\" height=\"398\" data-attachment-id=\"9261\" data-permalink=\"https:\/\/zsp1chojna.pl\/?attachment_id=9261\" data-orig-file=\"https:\/\/zsp1chojna.pl\/wp-content\/uploads\/2024\/04\/OPW-marzec-2024-1.jpg\" data-orig-size=\"600,398\" data-comments-opened=\"1\" data-image-meta=\"{&quot;aperture&quot;:&quot;0&quot;,&quot;credit&quot;:&quot;&quot;,&quot;camera&quot;:&quot;&quot;,&quot;caption&quot;:&quot;&quot;,&quot;created_timestamp&quot;:&quot;0&quot;,&quot;copyright&quot;:&quot;&quot;,&quot;focal_length&quot;:&quot;0&quot;,&quot;iso&quot;:&quot;0&quot;,&quot;shutter_speed&quot;:&quot;0&quot;,&quot;title&quot;:&quot;&quot;,&quot;orientation&quot;:&quot;0&quot;}\" data-image-title=\"OPW-marzec-2024-1\" data-image-description=\"\" data-image-caption=\"\" data-medium-file=\"https:\/\/zsp1chojna.pl\/wp-content\/uploads\/2024\/04\/OPW-marzec-2024-1-300x199.jpg\" data-large-file=\"https:\/\/zsp1chojna.pl\/wp-content\/uploads\/2024\/04\/OPW-marzec-2024-1.jpg\" src=\"https:\/\/zsp1chojna.pl\/wp-content\/uploads\/2024\/04\/OPW-marzec-2024-1.jpg\" alt=\"\" class=\"wp-image-9261\" srcset=\"https:\/\/zsp1chojna.pl\/wp-content\/uploads\/2024\/04\/OPW-marzec-2024-1.jpg 600w, https:\/\/zsp1chojna.pl\/wp-content\/uploads\/2024\/04\/OPW-marzec-2024-1-300x199.jpg 300w, https:\/\/zsp1chojna.pl\/wp-content\/uploads\/2024\/04\/OPW-marzec-2024-1-84x56.jpg 84w\" sizes=\"auto, (max-width: 600px) 100vw, 600px\" \/><\/figure>\n<\/div>\n\n\n<p class=\"has-text-align-justify\">Kadeci realizowali szkolenie wed\u0142ug osobnego programu szkolenia dla klasy I oraz II. Tematyka realizowanych zaj\u0119\u0107 w klasie I, dotyczy\u0142a musztry oraz szkolenia strzeleckiego. Kadeci klasy II, mieli dzie\u0144 szkoleniowy zdecydowanie bardziej rozbudowany i obejmuj\u0105cy wi\u0119cej \u0107wiczonych zagadnie\u0144, w\u015br\u00f3d kt\u00f3rych znalaz\u0142y si\u0119 m.in.: musztra, szkolenie in\u017cynieryjno-saperskie, obrona przed broni\u0105 masowego ra\u017cenia czy ochrona i obrona obiekt\u00f3w.<\/p>\n\n\n<div class=\"wp-block-image\">\n<figure class=\"aligncenter size-full\"><img loading=\"lazy\" decoding=\"async\" width=\"600\" height=\"376\" data-attachment-id=\"9262\" data-permalink=\"https:\/\/zsp1chojna.pl\/?attachment_id=9262\" data-orig-file=\"https:\/\/zsp1chojna.pl\/wp-content\/uploads\/2024\/04\/OPW-marzec-2024-2.jpg\" data-orig-size=\"600,376\" data-comments-opened=\"1\" data-image-meta=\"{&quot;aperture&quot;:&quot;0&quot;,&quot;credit&quot;:&quot;&quot;,&quot;camera&quot;:&quot;&quot;,&quot;caption&quot;:&quot;&quot;,&quot;created_timestamp&quot;:&quot;0&quot;,&quot;copyright&quot;:&quot;&quot;,&quot;focal_length&quot;:&quot;0&quot;,&quot;iso&quot;:&quot;0&quot;,&quot;shutter_speed&quot;:&quot;0&quot;,&quot;title&quot;:&quot;&quot;,&quot;orientation&quot;:&quot;0&quot;}\" data-image-title=\"OPW-marzec-2024-2\" data-image-description=\"\" data-image-caption=\"\" data-medium-file=\"https:\/\/zsp1chojna.pl\/wp-content\/uploads\/2024\/04\/OPW-marzec-2024-2-300x188.jpg\" data-large-file=\"https:\/\/zsp1chojna.pl\/wp-content\/uploads\/2024\/04\/OPW-marzec-2024-2.jpg\" src=\"https:\/\/zsp1chojna.pl\/wp-content\/uploads\/2024\/04\/OPW-marzec-2024-2.jpg\" alt=\"\" class=\"wp-image-9262\" srcset=\"https:\/\/zsp1chojna.pl\/wp-content\/uploads\/2024\/04\/OPW-marzec-2024-2.jpg 600w, https:\/\/zsp1chojna.pl\/wp-content\/uploads\/2024\/04\/OPW-marzec-2024-2-300x188.jpg 300w\" sizes=\"auto, (max-width: 600px) 100vw, 600px\" \/><\/figure>\n<\/div>\n\n\n<p class=\"has-text-align-justify\">Po powitaniu oraz zbi\u00f3rce pododdzia\u0142\u00f3w, kadeci zostali podzieleni na grupy szkoleniowe, aby bardziej efektywnie wykorzysta\u0107 przewidziany na szkolenie czas. W ten spos\u00f3b, ka\u017cda z grup uczestniczy\u0142a w pe\u0142nym szkoleniu, na wszystkich punktach nauczania. Pod czujnym okiem specjalist\u00f3w i instruktor\u00f3w z 5. Pu\u0142ku, kadeci klasy pierwszej \u0107wiczyli i\u00a0doskonalili zagadnienia musztry zespo\u0142owej, takie jak: wykonywanie zbi\u00f3rek, zmian\u0119 ugrupowania, zachowanie w szyku oraz oddawanie honor\u00f3w pododdzia\u0142em. Nast\u0119pnie odby\u0142o si\u0119 szkolenie strzeleckie, podczas kt\u00f3rego kadeci zapoznawali si\u0119 z zasadami strzelania z\u00a0broni strzeleckiej.<\/p>\n\n\n<div class=\"wp-block-image\">\n<figure class=\"aligncenter size-full\"><img loading=\"lazy\" decoding=\"async\" width=\"600\" height=\"374\" data-attachment-id=\"9263\" data-permalink=\"https:\/\/zsp1chojna.pl\/?attachment_id=9263\" data-orig-file=\"https:\/\/zsp1chojna.pl\/wp-content\/uploads\/2024\/04\/OPW-marzec-2024-3.jpg\" data-orig-size=\"600,374\" data-comments-opened=\"1\" data-image-meta=\"{&quot;aperture&quot;:&quot;0&quot;,&quot;credit&quot;:&quot;&quot;,&quot;camera&quot;:&quot;&quot;,&quot;caption&quot;:&quot;&quot;,&quot;created_timestamp&quot;:&quot;0&quot;,&quot;copyright&quot;:&quot;&quot;,&quot;focal_length&quot;:&quot;0&quot;,&quot;iso&quot;:&quot;0&quot;,&quot;shutter_speed&quot;:&quot;0&quot;,&quot;title&quot;:&quot;&quot;,&quot;orientation&quot;:&quot;0&quot;}\" data-image-title=\"OPW-marzec-2024-3\" data-image-description=\"\" data-image-caption=\"\" data-medium-file=\"https:\/\/zsp1chojna.pl\/wp-content\/uploads\/2024\/04\/OPW-marzec-2024-3-300x187.jpg\" data-large-file=\"https:\/\/zsp1chojna.pl\/wp-content\/uploads\/2024\/04\/OPW-marzec-2024-3.jpg\" src=\"https:\/\/zsp1chojna.pl\/wp-content\/uploads\/2024\/04\/OPW-marzec-2024-3.jpg\" alt=\"\" class=\"wp-image-9263\" srcset=\"https:\/\/zsp1chojna.pl\/wp-content\/uploads\/2024\/04\/OPW-marzec-2024-3.jpg 600w, https:\/\/zsp1chojna.pl\/wp-content\/uploads\/2024\/04\/OPW-marzec-2024-3-300x187.jpg 300w\" sizes=\"auto, (max-width: 600px) 100vw, 600px\" \/><\/figure>\n<\/div>\n\n\n<p class=\"has-text-align-justify\">W trakcie \u0107wicze\u0144, instruktorzy przekazywali wiedz\u0119 dotycz\u0105c\u0105 przeznaczenia, budowy oraz zasad dzia\u0142ania karabinka. Om\u00f3wili r\u00f3wnie\u017c zasady dotycz\u0105ce celowania i\u00a0oddawania strza\u0142u, a tak\u017ce korygowania wyst\u0119puj\u0105cych nieprawid\u0142owo\u015bci i b\u0142\u0119d\u00f3w. Do tego celu wykorzystywano urz\u0105dzenie do nauki celowania \u2013 Cyklop.<\/p>\n\n\n<div class=\"wp-block-image\">\n<figure class=\"aligncenter size-full\"><img loading=\"lazy\" decoding=\"async\" width=\"600\" height=\"424\" data-attachment-id=\"9264\" data-permalink=\"https:\/\/zsp1chojna.pl\/?attachment_id=9264\" data-orig-file=\"https:\/\/zsp1chojna.pl\/wp-content\/uploads\/2024\/04\/OPW-marzec-2024-4.jpg\" data-orig-size=\"600,424\" data-comments-opened=\"1\" data-image-meta=\"{&quot;aperture&quot;:&quot;0&quot;,&quot;credit&quot;:&quot;&quot;,&quot;camera&quot;:&quot;&quot;,&quot;caption&quot;:&quot;&quot;,&quot;created_timestamp&quot;:&quot;0&quot;,&quot;copyright&quot;:&quot;&quot;,&quot;focal_length&quot;:&quot;0&quot;,&quot;iso&quot;:&quot;0&quot;,&quot;shutter_speed&quot;:&quot;0&quot;,&quot;title&quot;:&quot;&quot;,&quot;orientation&quot;:&quot;0&quot;}\" data-image-title=\"OPW-marzec-2024-4\" data-image-description=\"\" data-image-caption=\"\" data-medium-file=\"https:\/\/zsp1chojna.pl\/wp-content\/uploads\/2024\/04\/OPW-marzec-2024-4-300x212.jpg\" data-large-file=\"https:\/\/zsp1chojna.pl\/wp-content\/uploads\/2024\/04\/OPW-marzec-2024-4.jpg\" src=\"https:\/\/zsp1chojna.pl\/wp-content\/uploads\/2024\/04\/OPW-marzec-2024-4.jpg\" alt=\"\" class=\"wp-image-9264\" srcset=\"https:\/\/zsp1chojna.pl\/wp-content\/uploads\/2024\/04\/OPW-marzec-2024-4.jpg 600w, https:\/\/zsp1chojna.pl\/wp-content\/uploads\/2024\/04\/OPW-marzec-2024-4-300x212.jpg 300w\" sizes=\"auto, (max-width: 600px) 100vw, 600px\" \/><\/figure>\n<\/div>\n\n\n<p class=\"has-text-align-justify\">Kadeci klasy drugiej, doskonalili umiej\u0119tno\u015bci musztry indywidualnej i zespo\u0142owej, w\u00a0tym wykonywanie zbi\u00f3rek w miejscu i w marszu, bieg, marsz i zatrzymanie. Dokonywali wyboru miejsca i zasad maskowania stanowiska ogniowego, ludzi, uzbrojenia i sprz\u0119tu wojskowego w dzia\u0142aniach taktycznych. Kolejnym realizowanym elementem szkolenia, by\u0142o pos\u0142ugiwanie si\u0119 sprz\u0119tem i\u00a0indywidualnymi \u015brodkami ochrony przed ska\u017ceniami, w tym zak\u0142adanie filtracyjnej odzie\u017cy ochronnej oraz maski filtracyjnej MP-6. Nast\u0119pnym realizowanym zagadnieniem, by\u0142a nauka zasad post\u0119powania, po og\u0142oszeniu alarmu o\u00a0ska\u017ceniach.<\/p>\n\n\n<div class=\"wp-block-image\">\n<figure class=\"aligncenter size-full\"><img loading=\"lazy\" decoding=\"async\" width=\"600\" height=\"379\" data-attachment-id=\"9265\" data-permalink=\"https:\/\/zsp1chojna.pl\/?attachment_id=9265\" data-orig-file=\"https:\/\/zsp1chojna.pl\/wp-content\/uploads\/2024\/04\/OPW-marzec-2024-5.jpg\" data-orig-size=\"600,379\" data-comments-opened=\"1\" data-image-meta=\"{&quot;aperture&quot;:&quot;0&quot;,&quot;credit&quot;:&quot;&quot;,&quot;camera&quot;:&quot;&quot;,&quot;caption&quot;:&quot;&quot;,&quot;created_timestamp&quot;:&quot;0&quot;,&quot;copyright&quot;:&quot;&quot;,&quot;focal_length&quot;:&quot;0&quot;,&quot;iso&quot;:&quot;0&quot;,&quot;shutter_speed&quot;:&quot;0&quot;,&quot;title&quot;:&quot;&quot;,&quot;orientation&quot;:&quot;0&quot;}\" data-image-title=\"OPW-marzec-2024-5\" data-image-description=\"\" data-image-caption=\"\" data-medium-file=\"https:\/\/zsp1chojna.pl\/wp-content\/uploads\/2024\/04\/OPW-marzec-2024-5-300x190.jpg\" data-large-file=\"https:\/\/zsp1chojna.pl\/wp-content\/uploads\/2024\/04\/OPW-marzec-2024-5.jpg\" src=\"https:\/\/zsp1chojna.pl\/wp-content\/uploads\/2024\/04\/OPW-marzec-2024-5.jpg\" alt=\"\" class=\"wp-image-9265\" srcset=\"https:\/\/zsp1chojna.pl\/wp-content\/uploads\/2024\/04\/OPW-marzec-2024-5.jpg 600w, https:\/\/zsp1chojna.pl\/wp-content\/uploads\/2024\/04\/OPW-marzec-2024-5-300x190.jpg 300w\" sizes=\"auto, (max-width: 600px) 100vw, 600px\" \/><\/figure>\n<\/div>\n\n\n<p class=\"has-text-align-justify\">Na zako\u0144czenie, kadeci zostali zapoznani z organizacj\u0105 i zasadami dzia\u0142ania punktu kontrolno-ochronnego. Po tak du\u017cej dawce wiedzy, uczniowie udali si\u0119 w drog\u0119 powrotn\u0105 do&nbsp;Chojny. Nast\u0119pne zaj\u0119cia ju\u017c 24 kwietnia.<\/p>\n\n\n\n<p class=\"has-text-align-right\">mgr Marek Bednarz<\/p>\n","protected":false},"excerpt":{"rendered":"<p>27 marca 2024 r., uczniowie klasy 1 OPW oraz 2 OPW, po raz kolejny uczestniczyli w\u00a0 szkoleniu praktycznym, realizowanym przez patronack\u0105 jednostk\u0119 wojskow\u0105 \u2013 5. Pu\u0142k In\u017cynieryjny w Szczecinie Podjuchach. [&hellip;]<\/p>\n","protected":false},"author":1,"featured_media":9263,"comment_status":"open","ping_status":"open","sticky":false,"template":"","format":"standard","meta":{"footnotes":""},"categories":[26],"tags":[],"class_list":["post-9260","post","type-post","status-publish","format-standard","has-post-thumbnail","hentry","category-aktualnosci-2023-2024"],"wbAuthor":{"name":"admin","link":"https:\/\/zsp1chojna.pl\/?author=1"},"wbDate":"mar 27, 2024","wbCategories":{"space":"<a href=\"https:\/\/zsp1chojna.pl\/?cat=26\" rel=\"category\">Aktualno\u015bci 2023\/2024<\/a>","coma":"<a href=\"https:\/\/zsp1chojna.pl\/?cat=26\" rel=\"category\">Aktualno\u015bci 2023\/2024<\/a>"},"wbComment":0,"yoast_head":"<!-- This site is optimized with the Yoast SEO plugin v20.13 - https:\/\/yoast.com\/wordpress\/plugins\/seo\/ -->\n<title>Zaj\u0119cia praktyczne OPW w 5. Pu\u0142ku In\u017cynieryjnym w Szczecinie - ZSP w Chojnie<\/title>\n<meta name=\"robots\" content=\"index, follow, max-snippet:-1, max-image-preview:large, max-video-preview:-1\" \/>\n<link rel=\"canonical\" href=\"https:\/\/zsp1chojna.pl\/?p=9260\" \/>\n<meta property=\"og:locale\" content=\"pl_PL\" \/>\n<meta property=\"og:type\" content=\"article\" \/>\n<meta property=\"og:title\" content=\"Zaj\u0119cia praktyczne OPW w 5. Pu\u0142ku In\u017cynieryjnym w Szczecinie - ZSP w Chojnie\" \/>\n<meta property=\"og:description\" content=\"27 marca 2024 r., uczniowie klasy 1 OPW oraz 2 OPW, po raz kolejny uczestniczyli w\u00a0 szkoleniu praktycznym, realizowanym przez patronack\u0105 jednostk\u0119 wojskow\u0105 \u2013 5. Pu\u0142k In\u017cynieryjny w Szczecinie Podjuchach. [&hellip;]\" \/>\n<meta property=\"og:url\" content=\"https:\/\/zsp1chojna.pl\/?p=9260\" \/>\n<meta property=\"og:site_name\" content=\"ZSP w Chojnie\" \/>\n<meta property=\"article:published_time\" content=\"2024-03-27T14:28:00+00:00\" \/>\n<meta property=\"article:modified_time\" content=\"2024-04-22T13:38:36+00:00\" \/>\n<meta property=\"og:image\" content=\"https:\/\/zsp1chojna.pl\/wp-content\/uploads\/2024\/04\/OPW-marzec-2024-3.jpg\" \/>\n\t<meta property=\"og:image:width\" content=\"600\" \/>\n\t<meta property=\"og:image:height\" content=\"374\" \/>\n\t<meta property=\"og:image:type\" content=\"image\/jpeg\" \/>\n<meta name=\"author\" content=\"admin\" \/>\n<meta name=\"twitter:card\" content=\"summary_large_image\" \/>\n<meta name=\"twitter:label1\" content=\"Napisane przez\" \/>\n\t<meta name=\"twitter:data1\" content=\"admin\" \/>\n\t<meta name=\"twitter:label2\" content=\"Szacowany czas czytania\" \/>\n\t<meta name=\"twitter:data2\" content=\"3 minuty\" \/>\n<script type=\"application\/ld+json\" class=\"yoast-schema-graph\">{\"@context\":\"https:\/\/schema.org\",\"@graph\":[{\"@type\":\"Article\",\"@id\":\"https:\/\/zsp1chojna.pl\/?p=9260#article\",\"isPartOf\":{\"@id\":\"https:\/\/zsp1chojna.pl\/?p=9260\"},\"author\":{\"name\":\"admin\",\"@id\":\"https:\/\/zsp1chojna.pl\/#\/schema\/person\/fe8d6c03379c9cface386de0c172e127\"},\"headline\":\"Zaj\u0119cia praktyczne OPW w 5. Pu\u0142ku In\u017cynieryjnym w Szczecinie\",\"datePublished\":\"2024-03-27T14:28:00+00:00\",\"dateModified\":\"2024-04-22T13:38:36+00:00\",\"mainEntityOfPage\":{\"@id\":\"https:\/\/zsp1chojna.pl\/?p=9260\"},\"wordCount\":379,\"commentCount\":0,\"publisher\":{\"@id\":\"https:\/\/zsp1chojna.pl\/#organization\"},\"articleSection\":[\"Aktualno\u015bci 2023\/2024\"],\"inLanguage\":\"pl-PL\",\"potentialAction\":[{\"@type\":\"CommentAction\",\"name\":\"Comment\",\"target\":[\"https:\/\/zsp1chojna.pl\/?p=9260#respond\"]}]},{\"@type\":\"WebPage\",\"@id\":\"https:\/\/zsp1chojna.pl\/?p=9260\",\"url\":\"https:\/\/zsp1chojna.pl\/?p=9260\",\"name\":\"Zaj\u0119cia praktyczne OPW w 5. Pu\u0142ku In\u017cynieryjnym w Szczecinie - ZSP w Chojnie\",\"isPartOf\":{\"@id\":\"https:\/\/zsp1chojna.pl\/#website\"},\"datePublished\":\"2024-03-27T14:28:00+00:00\",\"dateModified\":\"2024-04-22T13:38:36+00:00\",\"breadcrumb\":{\"@id\":\"https:\/\/zsp1chojna.pl\/?p=9260#breadcrumb\"},\"inLanguage\":\"pl-PL\",\"potentialAction\":[{\"@type\":\"ReadAction\",\"target\":[\"https:\/\/zsp1chojna.pl\/?p=9260\"]}]},{\"@type\":\"BreadcrumbList\",\"@id\":\"https:\/\/zsp1chojna.pl\/?p=9260#breadcrumb\",\"itemListElement\":[{\"@type\":\"ListItem\",\"position\":1,\"name\":\"Home\",\"item\":\"https:\/\/zsp1chojna.pl\/\"},{\"@type\":\"ListItem\",\"position\":2,\"name\":\"Zaj\u0119cia praktyczne OPW w 5. Pu\u0142ku In\u017cynieryjnym w Szczecinie\"}]},{\"@type\":\"WebSite\",\"@id\":\"https:\/\/zsp1chojna.pl\/#website\",\"url\":\"https:\/\/zsp1chojna.pl\/\",\"name\":\"ZSP w Chojnie\",\"description\":\"\",\"publisher\":{\"@id\":\"https:\/\/zsp1chojna.pl\/#organization\"},\"potentialAction\":[{\"@type\":\"SearchAction\",\"target\":{\"@type\":\"EntryPoint\",\"urlTemplate\":\"https:\/\/zsp1chojna.pl\/?s={search_term_string}\"},\"query-input\":\"required name=search_term_string\"}],\"inLanguage\":\"pl-PL\"},{\"@type\":\"Organization\",\"@id\":\"https:\/\/zsp1chojna.pl\/#organization\",\"name\":\"ZSP w Chojnie\",\"url\":\"https:\/\/zsp1chojna.pl\/\",\"logo\":{\"@type\":\"ImageObject\",\"inLanguage\":\"pl-PL\",\"@id\":\"https:\/\/zsp1chojna.pl\/#\/schema\/logo\/image\/\",\"url\":\"https:\/\/zsp1chojna.pl\/wp-content\/uploads\/2023\/08\/cropped-cropped-cropped-Logo-biale-napis-na-3-wiersze_504-1.png\",\"contentUrl\":\"https:\/\/zsp1chojna.pl\/wp-content\/uploads\/2023\/08\/cropped-cropped-cropped-Logo-biale-napis-na-3-wiersze_504-1.png\",\"width\":504,\"height\":167,\"caption\":\"ZSP w Chojnie\"},\"image\":{\"@id\":\"https:\/\/zsp1chojna.pl\/#\/schema\/logo\/image\/\"}},{\"@type\":\"Person\",\"@id\":\"https:\/\/zsp1chojna.pl\/#\/schema\/person\/fe8d6c03379c9cface386de0c172e127\",\"name\":\"admin\",\"image\":{\"@type\":\"ImageObject\",\"inLanguage\":\"pl-PL\",\"@id\":\"https:\/\/zsp1chojna.pl\/#\/schema\/person\/image\/\",\"url\":\"https:\/\/secure.gravatar.com\/avatar\/35d79b1d799ff9bac401976862e535bf785f4039d8313d3c00b303598a46dd4e?s=96&d=mm&r=g\",\"contentUrl\":\"https:\/\/secure.gravatar.com\/avatar\/35d79b1d799ff9bac401976862e535bf785f4039d8313d3c00b303598a46dd4e?s=96&d=mm&r=g\",\"caption\":\"admin\"},\"sameAs\":[\"http:\/\/nowazspchojna.pl\"],\"url\":\"https:\/\/zsp1chojna.pl\/?author=1\"}]}<\/script>\n<!-- \/ Yoast SEO plugin. -->","yoast_head_json":{"title":"Zaj\u0119cia praktyczne OPW w 5. Pu\u0142ku In\u017cynieryjnym w Szczecinie - ZSP w Chojnie","robots":{"index":"index","follow":"follow","max-snippet":"max-snippet:-1","max-image-preview":"max-image-preview:large","max-video-preview":"max-video-preview:-1"},"canonical":"https:\/\/zsp1chojna.pl\/?p=9260","og_locale":"pl_PL","og_type":"article","og_title":"Zaj\u0119cia praktyczne OPW w 5. Pu\u0142ku In\u017cynieryjnym w Szczecinie - ZSP w Chojnie","og_description":"27 marca 2024 r., uczniowie klasy 1 OPW oraz 2 OPW, po raz kolejny uczestniczyli w\u00a0 szkoleniu praktycznym, realizowanym przez patronack\u0105 jednostk\u0119 wojskow\u0105 \u2013 5. Pu\u0142k In\u017cynieryjny w Szczecinie Podjuchach. [&hellip;]","og_url":"https:\/\/zsp1chojna.pl\/?p=9260","og_site_name":"ZSP w Chojnie","article_published_time":"2024-03-27T14:28:00+00:00","article_modified_time":"2024-04-22T13:38:36+00:00","og_image":[{"width":600,"height":374,"url":"https:\/\/zsp1chojna.pl\/wp-content\/uploads\/2024\/04\/OPW-marzec-2024-3.jpg","type":"image\/jpeg"}],"author":"admin","twitter_card":"summary_large_image","twitter_misc":{"Napisane przez":"admin","Szacowany czas czytania":"3 minuty"},"schema":{"@context":"https:\/\/schema.org","@graph":[{"@type":"Article","@id":"https:\/\/zsp1chojna.pl\/?p=9260#article","isPartOf":{"@id":"https:\/\/zsp1chojna.pl\/?p=9260"},"author":{"name":"admin","@id":"https:\/\/zsp1chojna.pl\/#\/schema\/person\/fe8d6c03379c9cface386de0c172e127"},"headline":"Zaj\u0119cia praktyczne OPW w 5. Pu\u0142ku In\u017cynieryjnym w Szczecinie","datePublished":"2024-03-27T14:28:00+00:00","dateModified":"2024-04-22T13:38:36+00:00","mainEntityOfPage":{"@id":"https:\/\/zsp1chojna.pl\/?p=9260"},"wordCount":379,"commentCount":0,"publisher":{"@id":"https:\/\/zsp1chojna.pl\/#organization"},"articleSection":["Aktualno\u015bci 2023\/2024"],"inLanguage":"pl-PL","potentialAction":[{"@type":"CommentAction","name":"Comment","target":["https:\/\/zsp1chojna.pl\/?p=9260#respond"]}]},{"@type":"WebPage","@id":"https:\/\/zsp1chojna.pl\/?p=9260","url":"https:\/\/zsp1chojna.pl\/?p=9260","name":"Zaj\u0119cia praktyczne OPW w 5. Pu\u0142ku In\u017cynieryjnym w Szczecinie - ZSP w Chojnie","isPartOf":{"@id":"https:\/\/zsp1chojna.pl\/#website"},"datePublished":"2024-03-27T14:28:00+00:00","dateModified":"2024-04-22T13:38:36+00:00","breadcrumb":{"@id":"https:\/\/zsp1chojna.pl\/?p=9260#breadcrumb"},"inLanguage":"pl-PL","potentialAction":[{"@type":"ReadAction","target":["https:\/\/zsp1chojna.pl\/?p=9260"]}]},{"@type":"BreadcrumbList","@id":"https:\/\/zsp1chojna.pl\/?p=9260#breadcrumb","itemListElement":[{"@type":"ListItem","position":1,"name":"Home","item":"https:\/\/zsp1chojna.pl\/"},{"@type":"ListItem","position":2,"name":"Zaj\u0119cia praktyczne OPW w 5. Pu\u0142ku In\u017cynieryjnym w Szczecinie"}]},{"@type":"WebSite","@id":"https:\/\/zsp1chojna.pl\/#website","url":"https:\/\/zsp1chojna.pl\/","name":"ZSP w Chojnie","description":"","publisher":{"@id":"https:\/\/zsp1chojna.pl\/#organization"},"potentialAction":[{"@type":"SearchAction","target":{"@type":"EntryPoint","urlTemplate":"https:\/\/zsp1chojna.pl\/?s={search_term_string}"},"query-input":"required name=search_term_string"}],"inLanguage":"pl-PL"},{"@type":"Organization","@id":"https:\/\/zsp1chojna.pl\/#organization","name":"ZSP w Chojnie","url":"https:\/\/zsp1chojna.pl\/","logo":{"@type":"ImageObject","inLanguage":"pl-PL","@id":"https:\/\/zsp1chojna.pl\/#\/schema\/logo\/image\/","url":"https:\/\/zsp1chojna.pl\/wp-content\/uploads\/2023\/08\/cropped-cropped-cropped-Logo-biale-napis-na-3-wiersze_504-1.png","contentUrl":"https:\/\/zsp1chojna.pl\/wp-content\/uploads\/2023\/08\/cropped-cropped-cropped-Logo-biale-napis-na-3-wiersze_504-1.png","width":504,"height":167,"caption":"ZSP w Chojnie"},"image":{"@id":"https:\/\/zsp1chojna.pl\/#\/schema\/logo\/image\/"}},{"@type":"Person","@id":"https:\/\/zsp1chojna.pl\/#\/schema\/person\/fe8d6c03379c9cface386de0c172e127","name":"admin","image":{"@type":"ImageObject","inLanguage":"pl-PL","@id":"https:\/\/zsp1chojna.pl\/#\/schema\/person\/image\/","url":"https:\/\/secure.gravatar.com\/avatar\/35d79b1d799ff9bac401976862e535bf785f4039d8313d3c00b303598a46dd4e?s=96&d=mm&r=g","contentUrl":"https:\/\/secure.gravatar.com\/avatar\/35d79b1d799ff9bac401976862e535bf785f4039d8313d3c00b303598a46dd4e?s=96&d=mm&r=g","caption":"admin"},"sameAs":["http:\/\/nowazspchojna.pl"],"url":"https:\/\/zsp1chojna.pl\/?author=1"}]}},"jetpack_featured_media_url":"https:\/\/zsp1chojna.pl\/wp-content\/uploads\/2024\/04\/OPW-marzec-2024-3.jpg","_links":{"self":[{"href":"https:\/\/zsp1chojna.pl\/index.php?rest_route=\/wp\/v2\/posts\/9260","targetHints":{"allow":["GET"]}}],"collection":[{"href":"https:\/\/zsp1chojna.pl\/index.php?rest_route=\/wp\/v2\/posts"}],"about":[{"href":"https:\/\/zsp1chojna.pl\/index.php?rest_route=\/wp\/v2\/types\/post"}],"author":[{"embeddable":true,"href":"https:\/\/zsp1chojna.pl\/index.php?rest_route=\/wp\/v2\/users\/1"}],"replies":[{"embeddable":true,"href":"https:\/\/zsp1chojna.pl\/index.php?rest_route=%2Fwp%2Fv2%2Fcomments&post=9260"}],"version-history":[{"count":1,"href":"https:\/\/zsp1chojna.pl\/index.php?rest_route=\/wp\/v2\/posts\/9260\/revisions"}],"predecessor-version":[{"id":9266,"href":"https:\/\/zsp1chojna.pl\/index.php?rest_route=\/wp\/v2\/posts\/9260\/revisions\/9266"}],"wp:featuredmedia":[{"embeddable":true,"href":"https:\/\/zsp1chojna.pl\/index.php?rest_route=\/wp\/v2\/media\/9263"}],"wp:attachment":[{"href":"https:\/\/zsp1chojna.pl\/index.php?rest_route=%2Fwp%2Fv2%2Fmedia&parent=9260"}],"wp:term":[{"taxonomy":"category","embeddable":true,"href":"https:\/\/zsp1chojna.pl\/index.php?rest_route=%2Fwp%2Fv2%2Fcategories&post=9260"},{"taxonomy":"post_tag","embeddable":true,"href":"https:\/\/zsp1chojna.pl\/index.php?rest_route=%2Fwp%2Fv2%2Ftags&post=9260"}],"curies":[{"name":"wp","href":"https:\/\/api.w.org\/{rel}","templated":true}]}}