{"id":8663,"date":"2024-01-28T10:59:09","date_gmt":"2024-01-28T09:59:09","guid":{"rendered":"https:\/\/zsp1chojna.pl\/?p=8663"},"modified":"2024-02-20T11:08:40","modified_gmt":"2024-02-20T10:08:40","slug":"32-final-wielkiej-orkiestry-swiatecznej-pomocy","status":"publish","type":"post","link":"https:\/\/zsp1chojna.pl\/?p=8663","title":{"rendered":"32. Fina\u0142 Wielkiej Orkiestry \u015awi\u0105tecznej Pomocy"},"content":{"rendered":"\n<p class=\"has-text-align-justify\">28 stycznia 2024 r., Zesp\u00f3\u0142 Szk\u00f3\u0142 Ponadpodstawowych w Chojnie, po raz kolejny w\u0142\u0105czy\u0142 si\u0119 w akcj\u0119, kt\u00f3ra tym razem zagra\u0142a pod has\u0142em: \u201eP\u0142uca po pandemii\u201d. Gramy dla dzieci i doros\u0142ych\u201d. Szkolny sztab nr 7344, reprezentowa\u0142o 29. wolontariuszy, kt\u00f3rzy w dzie\u0144 Fina\u0142u, od wczesnych godzin porannych, kwestowali na ulicach Chojny. S\u0142oneczna pogoda, znakomity nastr\u00f3j oraz hojni mieszka\u0144cy, sprawili, \u017ce by\u0142 to wyj\u0105tkowy dzie\u0144.<\/p>\n\n\n<div class=\"wp-block-image\">\n<figure class=\"aligncenter size-full\"><img loading=\"lazy\" decoding=\"async\" width=\"600\" height=\"450\" data-attachment-id=\"8664\" data-permalink=\"https:\/\/zsp1chojna.pl\/?attachment_id=8664\" data-orig-file=\"https:\/\/zsp1chojna.pl\/wp-content\/uploads\/2024\/02\/wosp2024-1.jpg\" data-orig-size=\"600,450\" data-comments-opened=\"1\" data-image-meta=\"{&quot;aperture&quot;:&quot;0&quot;,&quot;credit&quot;:&quot;&quot;,&quot;camera&quot;:&quot;&quot;,&quot;caption&quot;:&quot;&quot;,&quot;created_timestamp&quot;:&quot;0&quot;,&quot;copyright&quot;:&quot;&quot;,&quot;focal_length&quot;:&quot;0&quot;,&quot;iso&quot;:&quot;0&quot;,&quot;shutter_speed&quot;:&quot;0&quot;,&quot;title&quot;:&quot;&quot;,&quot;orientation&quot;:&quot;1&quot;}\" data-image-title=\"wosp2024-1\" data-image-description=\"\" data-image-caption=\"\" data-medium-file=\"https:\/\/zsp1chojna.pl\/wp-content\/uploads\/2024\/02\/wosp2024-1-300x225.jpg\" data-large-file=\"https:\/\/zsp1chojna.pl\/wp-content\/uploads\/2024\/02\/wosp2024-1.jpg\" src=\"https:\/\/zsp1chojna.pl\/wp-content\/uploads\/2024\/02\/wosp2024-1.jpg\" alt=\"\" class=\"wp-image-8664\" srcset=\"https:\/\/zsp1chojna.pl\/wp-content\/uploads\/2024\/02\/wosp2024-1.jpg 600w, https:\/\/zsp1chojna.pl\/wp-content\/uploads\/2024\/02\/wosp2024-1-300x225.jpg 300w\" sizes=\"auto, (max-width: 600px) 100vw, 600px\" \/><\/figure>\n<\/div>\n\n\n<p class=\"has-text-align-justify\">Kr\u00f3tka przerwa w godzinach popo\u0142udniowych, na gor\u0105cy barszczyk i pasztecik, pozwoli\u0142a wolontariuszom spotka\u0107 si\u0119, wymieni\u0107 odczuciami ze zbi\u00f3rki i zagrza\u0142a do\u00a0dalszego kwestowania.<\/p>\n\n\n<div class=\"wp-block-image\">\n<figure class=\"aligncenter size-full\"><img loading=\"lazy\" decoding=\"async\" width=\"384\" height=\"512\" data-attachment-id=\"8665\" data-permalink=\"https:\/\/zsp1chojna.pl\/?attachment_id=8665\" data-orig-file=\"https:\/\/zsp1chojna.pl\/wp-content\/uploads\/2024\/02\/wosp2024-2.jpg\" data-orig-size=\"384,512\" data-comments-opened=\"1\" data-image-meta=\"{&quot;aperture&quot;:&quot;0&quot;,&quot;credit&quot;:&quot;&quot;,&quot;camera&quot;:&quot;&quot;,&quot;caption&quot;:&quot;&quot;,&quot;created_timestamp&quot;:&quot;0&quot;,&quot;copyright&quot;:&quot;&quot;,&quot;focal_length&quot;:&quot;0&quot;,&quot;iso&quot;:&quot;0&quot;,&quot;shutter_speed&quot;:&quot;0&quot;,&quot;title&quot;:&quot;&quot;,&quot;orientation&quot;:&quot;1&quot;}\" data-image-title=\"wosp2024 (2)\" data-image-description=\"\" data-image-caption=\"\" data-medium-file=\"https:\/\/zsp1chojna.pl\/wp-content\/uploads\/2024\/02\/wosp2024-2-225x300.jpg\" data-large-file=\"https:\/\/zsp1chojna.pl\/wp-content\/uploads\/2024\/02\/wosp2024-2.jpg\" src=\"https:\/\/zsp1chojna.pl\/wp-content\/uploads\/2024\/02\/wosp2024-2.jpg\" alt=\"\" class=\"wp-image-8665\" srcset=\"https:\/\/zsp1chojna.pl\/wp-content\/uploads\/2024\/02\/wosp2024-2.jpg 384w, https:\/\/zsp1chojna.pl\/wp-content\/uploads\/2024\/02\/wosp2024-2-225x300.jpg 225w\" sizes=\"auto, (max-width: 384px) 100vw, 384px\" \/><\/figure>\n<\/div>\n\n<div class=\"wp-block-image\">\n<figure class=\"aligncenter size-full\"><img loading=\"lazy\" decoding=\"async\" width=\"600\" height=\"397\" data-attachment-id=\"8666\" data-permalink=\"https:\/\/zsp1chojna.pl\/?attachment_id=8666\" data-orig-file=\"https:\/\/zsp1chojna.pl\/wp-content\/uploads\/2024\/02\/wosp2024-3.jpg\" data-orig-size=\"600,397\" data-comments-opened=\"1\" data-image-meta=\"{&quot;aperture&quot;:&quot;0&quot;,&quot;credit&quot;:&quot;&quot;,&quot;camera&quot;:&quot;&quot;,&quot;caption&quot;:&quot;&quot;,&quot;created_timestamp&quot;:&quot;1706529303&quot;,&quot;copyright&quot;:&quot;&quot;,&quot;focal_length&quot;:&quot;0&quot;,&quot;iso&quot;:&quot;0&quot;,&quot;shutter_speed&quot;:&quot;0&quot;,&quot;title&quot;:&quot;&quot;,&quot;orientation&quot;:&quot;1&quot;}\" data-image-title=\"wosp2024-3\" data-image-description=\"\" data-image-caption=\"\" data-medium-file=\"https:\/\/zsp1chojna.pl\/wp-content\/uploads\/2024\/02\/wosp2024-3-300x199.jpg\" data-large-file=\"https:\/\/zsp1chojna.pl\/wp-content\/uploads\/2024\/02\/wosp2024-3.jpg\" src=\"https:\/\/zsp1chojna.pl\/wp-content\/uploads\/2024\/02\/wosp2024-3.jpg\" alt=\"\" class=\"wp-image-8666\" srcset=\"https:\/\/zsp1chojna.pl\/wp-content\/uploads\/2024\/02\/wosp2024-3.jpg 600w, https:\/\/zsp1chojna.pl\/wp-content\/uploads\/2024\/02\/wosp2024-3-300x199.jpg 300w, https:\/\/zsp1chojna.pl\/wp-content\/uploads\/2024\/02\/wosp2024-3-84x56.jpg 84w\" sizes=\"auto, (max-width: 600px) 100vw, 600px\" \/><\/figure>\n<\/div>\n\n\n<p class=\"has-text-align-justify\">Do tego wielkiego wydarzania, w\u0142\u0105czy\u0142 si\u0119 r\u00f3wnie\u017c Samorz\u0105d Uczniowski, organizuj\u0105c koncert charytatywny, podczas kt\u00f3rego odby\u0142a si\u0119 licytacja gad\u017cet\u00f3w przes\u0142anych przez Fundacj\u0119 WO\u015aP. Koncert u\u015bwietnili nasi zdolni uczniowie Wanesa Adamska, Fabian Kici\u0144ski i Aleksandra Oczy\u0144ska.<\/p>\n\n\n<div class=\"wp-block-image\">\n<figure class=\"aligncenter size-full\"><img loading=\"lazy\" decoding=\"async\" width=\"566\" height=\"803\" data-attachment-id=\"8667\" data-permalink=\"https:\/\/zsp1chojna.pl\/?attachment_id=8667\" data-orig-file=\"https:\/\/zsp1chojna.pl\/wp-content\/uploads\/2024\/02\/wosp2024-4.jpg\" data-orig-size=\"566,803\" data-comments-opened=\"1\" data-image-meta=\"{&quot;aperture&quot;:&quot;0&quot;,&quot;credit&quot;:&quot;&quot;,&quot;camera&quot;:&quot;&quot;,&quot;caption&quot;:&quot;&quot;,&quot;created_timestamp&quot;:&quot;1707481729&quot;,&quot;copyright&quot;:&quot;&quot;,&quot;focal_length&quot;:&quot;0&quot;,&quot;iso&quot;:&quot;0&quot;,&quot;shutter_speed&quot;:&quot;0&quot;,&quot;title&quot;:&quot;&quot;,&quot;orientation&quot;:&quot;0&quot;}\" data-image-title=\"wosp2024-4\" data-image-description=\"\" data-image-caption=\"\" data-medium-file=\"https:\/\/zsp1chojna.pl\/wp-content\/uploads\/2024\/02\/wosp2024-4-211x300.jpg\" data-large-file=\"https:\/\/zsp1chojna.pl\/wp-content\/uploads\/2024\/02\/wosp2024-4.jpg\" src=\"https:\/\/zsp1chojna.pl\/wp-content\/uploads\/2024\/02\/wosp2024-4.jpg\" alt=\"\" class=\"wp-image-8667\" srcset=\"https:\/\/zsp1chojna.pl\/wp-content\/uploads\/2024\/02\/wosp2024-4.jpg 566w, https:\/\/zsp1chojna.pl\/wp-content\/uploads\/2024\/02\/wosp2024-4-211x300.jpg 211w\" sizes=\"auto, (max-width: 566px) 100vw, 566px\" \/><\/figure>\n<\/div>\n\n\n<p class=\"has-text-align-justify\">Ostateczna kwota zebrana przez wolontariuszy, z uwzgl\u0119dnieniem kwoty z licytacji, wynios\u0142a <strong>15 969,97 z\u0142.,<\/strong> a tegoroczn\u0105 rekordzistk\u0105 zosta\u0142a Alicja Fer\u0119c, kt\u00f3ra zebra\u0142a 1655,03 z\u0142 i 13,96 euro.<\/p>\n\n\n\n<p><strong>Wolontariusze:<\/strong><\/p>\n\n\n\n<ol class=\"wp-block-list\">\n<li>Martyna Orszulak, kl. 5BI<\/li>\n\n\n\n<li>Agnieszka Piotrowska, kl. 3abc LO<\/li>\n\n\n\n<li>Maja Wasiuty\u0144ska, kl. 2a LO<\/li>\n\n\n\n<li>Michael Kwartnik, kl. 2c LO<\/li>\n\n\n\n<li>Sylwia Piotrowska, kl. 2H\u017b<\/li>\n\n\n\n<li>Anna Ka\u0142achurska, kl. 2H\u017b<\/li>\n\n\n\n<li>Aleksandra Maciaszek, kl. 2c LO<\/li>\n\n\n\n<li>Alicja Fer\u0119c, kl. 2c LO<\/li>\n\n\n\n<li>Maja Bigus, kl. 2c LO<\/li>\n\n\n\n<li>Anna B\u0142awat, kl. 1d LO<\/li>\n\n\n\n<li>Roksana G\u00f3recka, kl. 1B\u017b<\/li>\n\n\n\n<li>Agata Balcerzak, kl. 3H\u017b<\/li>\n\n\n\n<li>Hanna Liman\u00f3wka, kl. 2d LO<\/li>\n\n\n\n<li>Nikola W\u0142odarczyk, kl. 2d LO<\/li>\n\n\n\n<li>Sara Siekierska, kl. 1d LO<\/li>\n\n\n\n<li>Wiktoria Ko\u0142odziej, kl. 2d LO<\/li>\n\n\n\n<li>Maja K\u0142onowska, kl. 2d LO<\/li>\n\n\n\n<li>Kinga K\u0142oczko, kl. 3abc LO<\/li>\n\n\n\n<li>Kinga Lipi\u0144ska, kl. 3H\u017b<\/li>\n\n\n\n<li>Bartosz Serafin, kl. 3TI<\/li>\n\n\n\n<li>Julia Podyma, kl. 1d LO<\/li>\n\n\n\n<li>Antoni Frontczak, kl. 3TI<\/li>\n\n\n\n<li>Laura T\u0142ok, kl. 1d LO<\/li>\n\n\n\n<li>Martyna Podyma, kl. 1B\u017b<\/li>\n\n\n\n<li>Hanna Matusiak, kl. 1c LO<\/li>\n\n\n\n<li>Oliwier Koksanowicz, kl. 3TI<\/li>\n\n\n\n<li>Julia Matusiak, kl. 4ac LO<\/li>\n\n\n\n<li>Aleksandra Kozak, kl. 2a LO<\/li>\n\n\n\n<li>Jakub Chodorowski, kl. 2H\u017b<\/li>\n<\/ol>\n\n\n\n<p>Spotykamy si\u0119 za rok, bo przecie\u017c \u201egramy do ko\u0144ca \u015bwiata i jeden dzie\u0144 d\u0142u\u017cej\u201d<\/p>\n\n\n\n<p class=\"has-text-align-right\">Szef Sztabu \u2013 mgr Edyt Daszkiewicz<\/p>\n","protected":false},"excerpt":{"rendered":"<p>28 stycznia 2024 r., Zesp\u00f3\u0142 Szk\u00f3\u0142 Ponadpodstawowych w Chojnie, po raz kolejny w\u0142\u0105czy\u0142 si\u0119 w akcj\u0119, kt\u00f3ra tym razem zagra\u0142a pod has\u0142em: \u201eP\u0142uca po pandemii\u201d. Gramy dla dzieci i doros\u0142ych\u201d. [&hellip;]<\/p>\n","protected":false},"author":1,"featured_media":8664,"comment_status":"open","ping_status":"open","sticky":false,"template":"","format":"standard","meta":{"footnotes":""},"categories":[26],"tags":[],"class_list":["post-8663","post","type-post","status-publish","format-standard","has-post-thumbnail","hentry","category-aktualnosci-2023-2024"],"wbAuthor":{"name":"admin","link":"https:\/\/zsp1chojna.pl\/?author=1"},"wbDate":"sty 28, 2024","wbCategories":{"space":"<a href=\"https:\/\/zsp1chojna.pl\/?cat=26\" rel=\"category\">Aktualno\u015bci 2023\/2024<\/a>","coma":"<a href=\"https:\/\/zsp1chojna.pl\/?cat=26\" rel=\"category\">Aktualno\u015bci 2023\/2024<\/a>"},"wbComment":0,"yoast_head":"<!-- This site is optimized with the Yoast SEO plugin v20.13 - https:\/\/yoast.com\/wordpress\/plugins\/seo\/ -->\n<title>32. Fina\u0142 Wielkiej Orkiestry \u015awi\u0105tecznej Pomocy - ZSP w Chojnie<\/title>\n<meta name=\"robots\" content=\"index, follow, max-snippet:-1, max-image-preview:large, max-video-preview:-1\" \/>\n<link rel=\"canonical\" href=\"https:\/\/zsp1chojna.pl\/?p=8663\" \/>\n<meta property=\"og:locale\" content=\"pl_PL\" \/>\n<meta property=\"og:type\" content=\"article\" \/>\n<meta property=\"og:title\" content=\"32. Fina\u0142 Wielkiej Orkiestry \u015awi\u0105tecznej Pomocy - ZSP w Chojnie\" \/>\n<meta property=\"og:description\" content=\"28 stycznia 2024 r., Zesp\u00f3\u0142 Szk\u00f3\u0142 Ponadpodstawowych w Chojnie, po raz kolejny w\u0142\u0105czy\u0142 si\u0119 w akcj\u0119, kt\u00f3ra tym razem zagra\u0142a pod has\u0142em: \u201eP\u0142uca po pandemii\u201d. Gramy dla dzieci i doros\u0142ych\u201d. [&hellip;]\" \/>\n<meta property=\"og:url\" content=\"https:\/\/zsp1chojna.pl\/?p=8663\" \/>\n<meta property=\"og:site_name\" content=\"ZSP w Chojnie\" \/>\n<meta property=\"article:published_time\" content=\"2024-01-28T09:59:09+00:00\" \/>\n<meta property=\"article:modified_time\" content=\"2024-02-20T10:08:40+00:00\" \/>\n<meta property=\"og:image\" content=\"https:\/\/zsp1chojna.pl\/wp-content\/uploads\/2024\/02\/wosp2024-1.jpg\" \/>\n\t<meta property=\"og:image:width\" content=\"600\" \/>\n\t<meta property=\"og:image:height\" content=\"450\" \/>\n\t<meta property=\"og:image:type\" content=\"image\/jpeg\" \/>\n<meta name=\"author\" content=\"admin\" \/>\n<meta name=\"twitter:card\" content=\"summary_large_image\" \/>\n<meta name=\"twitter:label1\" content=\"Napisane przez\" \/>\n\t<meta name=\"twitter:data1\" content=\"admin\" \/>\n\t<meta name=\"twitter:label2\" content=\"Szacowany czas czytania\" \/>\n\t<meta name=\"twitter:data2\" content=\"3 minuty\" \/>\n<script type=\"application\/ld+json\" class=\"yoast-schema-graph\">{\"@context\":\"https:\/\/schema.org\",\"@graph\":[{\"@type\":\"Article\",\"@id\":\"https:\/\/zsp1chojna.pl\/?p=8663#article\",\"isPartOf\":{\"@id\":\"https:\/\/zsp1chojna.pl\/?p=8663\"},\"author\":{\"name\":\"admin\",\"@id\":\"https:\/\/zsp1chojna.pl\/#\/schema\/person\/fe8d6c03379c9cface386de0c172e127\"},\"headline\":\"32. Fina\u0142 Wielkiej Orkiestry \u015awi\u0105tecznej Pomocy\",\"datePublished\":\"2024-01-28T09:59:09+00:00\",\"dateModified\":\"2024-02-20T10:08:40+00:00\",\"mainEntityOfPage\":{\"@id\":\"https:\/\/zsp1chojna.pl\/?p=8663\"},\"wordCount\":351,\"commentCount\":0,\"publisher\":{\"@id\":\"https:\/\/zsp1chojna.pl\/#organization\"},\"articleSection\":[\"Aktualno\u015bci 2023\/2024\"],\"inLanguage\":\"pl-PL\",\"potentialAction\":[{\"@type\":\"CommentAction\",\"name\":\"Comment\",\"target\":[\"https:\/\/zsp1chojna.pl\/?p=8663#respond\"]}]},{\"@type\":\"WebPage\",\"@id\":\"https:\/\/zsp1chojna.pl\/?p=8663\",\"url\":\"https:\/\/zsp1chojna.pl\/?p=8663\",\"name\":\"32. Fina\u0142 Wielkiej Orkiestry \u015awi\u0105tecznej Pomocy - ZSP w Chojnie\",\"isPartOf\":{\"@id\":\"https:\/\/zsp1chojna.pl\/#website\"},\"datePublished\":\"2024-01-28T09:59:09+00:00\",\"dateModified\":\"2024-02-20T10:08:40+00:00\",\"breadcrumb\":{\"@id\":\"https:\/\/zsp1chojna.pl\/?p=8663#breadcrumb\"},\"inLanguage\":\"pl-PL\",\"potentialAction\":[{\"@type\":\"ReadAction\",\"target\":[\"https:\/\/zsp1chojna.pl\/?p=8663\"]}]},{\"@type\":\"BreadcrumbList\",\"@id\":\"https:\/\/zsp1chojna.pl\/?p=8663#breadcrumb\",\"itemListElement\":[{\"@type\":\"ListItem\",\"position\":1,\"name\":\"Home\",\"item\":\"https:\/\/zsp1chojna.pl\/\"},{\"@type\":\"ListItem\",\"position\":2,\"name\":\"32. Fina\u0142 Wielkiej Orkiestry \u015awi\u0105tecznej Pomocy\"}]},{\"@type\":\"WebSite\",\"@id\":\"https:\/\/zsp1chojna.pl\/#website\",\"url\":\"https:\/\/zsp1chojna.pl\/\",\"name\":\"ZSP w Chojnie\",\"description\":\"\",\"publisher\":{\"@id\":\"https:\/\/zsp1chojna.pl\/#organization\"},\"potentialAction\":[{\"@type\":\"SearchAction\",\"target\":{\"@type\":\"EntryPoint\",\"urlTemplate\":\"https:\/\/zsp1chojna.pl\/?s={search_term_string}\"},\"query-input\":\"required name=search_term_string\"}],\"inLanguage\":\"pl-PL\"},{\"@type\":\"Organization\",\"@id\":\"https:\/\/zsp1chojna.pl\/#organization\",\"name\":\"ZSP w Chojnie\",\"url\":\"https:\/\/zsp1chojna.pl\/\",\"logo\":{\"@type\":\"ImageObject\",\"inLanguage\":\"pl-PL\",\"@id\":\"https:\/\/zsp1chojna.pl\/#\/schema\/logo\/image\/\",\"url\":\"https:\/\/zsp1chojna.pl\/wp-content\/uploads\/2023\/08\/cropped-cropped-cropped-Logo-biale-napis-na-3-wiersze_504-1.png\",\"contentUrl\":\"https:\/\/zsp1chojna.pl\/wp-content\/uploads\/2023\/08\/cropped-cropped-cropped-Logo-biale-napis-na-3-wiersze_504-1.png\",\"width\":504,\"height\":167,\"caption\":\"ZSP w Chojnie\"},\"image\":{\"@id\":\"https:\/\/zsp1chojna.pl\/#\/schema\/logo\/image\/\"}},{\"@type\":\"Person\",\"@id\":\"https:\/\/zsp1chojna.pl\/#\/schema\/person\/fe8d6c03379c9cface386de0c172e127\",\"name\":\"admin\",\"image\":{\"@type\":\"ImageObject\",\"inLanguage\":\"pl-PL\",\"@id\":\"https:\/\/zsp1chojna.pl\/#\/schema\/person\/image\/\",\"url\":\"https:\/\/secure.gravatar.com\/avatar\/35d79b1d799ff9bac401976862e535bf785f4039d8313d3c00b303598a46dd4e?s=96&d=mm&r=g\",\"contentUrl\":\"https:\/\/secure.gravatar.com\/avatar\/35d79b1d799ff9bac401976862e535bf785f4039d8313d3c00b303598a46dd4e?s=96&d=mm&r=g\",\"caption\":\"admin\"},\"sameAs\":[\"http:\/\/nowazspchojna.pl\"],\"url\":\"https:\/\/zsp1chojna.pl\/?author=1\"}]}<\/script>\n<!-- \/ Yoast SEO plugin. -->","yoast_head_json":{"title":"32. Fina\u0142 Wielkiej Orkiestry \u015awi\u0105tecznej Pomocy - ZSP w Chojnie","robots":{"index":"index","follow":"follow","max-snippet":"max-snippet:-1","max-image-preview":"max-image-preview:large","max-video-preview":"max-video-preview:-1"},"canonical":"https:\/\/zsp1chojna.pl\/?p=8663","og_locale":"pl_PL","og_type":"article","og_title":"32. Fina\u0142 Wielkiej Orkiestry \u015awi\u0105tecznej Pomocy - ZSP w Chojnie","og_description":"28 stycznia 2024 r., Zesp\u00f3\u0142 Szk\u00f3\u0142 Ponadpodstawowych w Chojnie, po raz kolejny w\u0142\u0105czy\u0142 si\u0119 w akcj\u0119, kt\u00f3ra tym razem zagra\u0142a pod has\u0142em: \u201eP\u0142uca po pandemii\u201d. Gramy dla dzieci i doros\u0142ych\u201d. [&hellip;]","og_url":"https:\/\/zsp1chojna.pl\/?p=8663","og_site_name":"ZSP w Chojnie","article_published_time":"2024-01-28T09:59:09+00:00","article_modified_time":"2024-02-20T10:08:40+00:00","og_image":[{"width":600,"height":450,"url":"https:\/\/zsp1chojna.pl\/wp-content\/uploads\/2024\/02\/wosp2024-1.jpg","type":"image\/jpeg"}],"author":"admin","twitter_card":"summary_large_image","twitter_misc":{"Napisane przez":"admin","Szacowany czas czytania":"3 minuty"},"schema":{"@context":"https:\/\/schema.org","@graph":[{"@type":"Article","@id":"https:\/\/zsp1chojna.pl\/?p=8663#article","isPartOf":{"@id":"https:\/\/zsp1chojna.pl\/?p=8663"},"author":{"name":"admin","@id":"https:\/\/zsp1chojna.pl\/#\/schema\/person\/fe8d6c03379c9cface386de0c172e127"},"headline":"32. Fina\u0142 Wielkiej Orkiestry \u015awi\u0105tecznej Pomocy","datePublished":"2024-01-28T09:59:09+00:00","dateModified":"2024-02-20T10:08:40+00:00","mainEntityOfPage":{"@id":"https:\/\/zsp1chojna.pl\/?p=8663"},"wordCount":351,"commentCount":0,"publisher":{"@id":"https:\/\/zsp1chojna.pl\/#organization"},"articleSection":["Aktualno\u015bci 2023\/2024"],"inLanguage":"pl-PL","potentialAction":[{"@type":"CommentAction","name":"Comment","target":["https:\/\/zsp1chojna.pl\/?p=8663#respond"]}]},{"@type":"WebPage","@id":"https:\/\/zsp1chojna.pl\/?p=8663","url":"https:\/\/zsp1chojna.pl\/?p=8663","name":"32. Fina\u0142 Wielkiej Orkiestry \u015awi\u0105tecznej Pomocy - ZSP w Chojnie","isPartOf":{"@id":"https:\/\/zsp1chojna.pl\/#website"},"datePublished":"2024-01-28T09:59:09+00:00","dateModified":"2024-02-20T10:08:40+00:00","breadcrumb":{"@id":"https:\/\/zsp1chojna.pl\/?p=8663#breadcrumb"},"inLanguage":"pl-PL","potentialAction":[{"@type":"ReadAction","target":["https:\/\/zsp1chojna.pl\/?p=8663"]}]},{"@type":"BreadcrumbList","@id":"https:\/\/zsp1chojna.pl\/?p=8663#breadcrumb","itemListElement":[{"@type":"ListItem","position":1,"name":"Home","item":"https:\/\/zsp1chojna.pl\/"},{"@type":"ListItem","position":2,"name":"32. Fina\u0142 Wielkiej Orkiestry \u015awi\u0105tecznej Pomocy"}]},{"@type":"WebSite","@id":"https:\/\/zsp1chojna.pl\/#website","url":"https:\/\/zsp1chojna.pl\/","name":"ZSP w Chojnie","description":"","publisher":{"@id":"https:\/\/zsp1chojna.pl\/#organization"},"potentialAction":[{"@type":"SearchAction","target":{"@type":"EntryPoint","urlTemplate":"https:\/\/zsp1chojna.pl\/?s={search_term_string}"},"query-input":"required name=search_term_string"}],"inLanguage":"pl-PL"},{"@type":"Organization","@id":"https:\/\/zsp1chojna.pl\/#organization","name":"ZSP w Chojnie","url":"https:\/\/zsp1chojna.pl\/","logo":{"@type":"ImageObject","inLanguage":"pl-PL","@id":"https:\/\/zsp1chojna.pl\/#\/schema\/logo\/image\/","url":"https:\/\/zsp1chojna.pl\/wp-content\/uploads\/2023\/08\/cropped-cropped-cropped-Logo-biale-napis-na-3-wiersze_504-1.png","contentUrl":"https:\/\/zsp1chojna.pl\/wp-content\/uploads\/2023\/08\/cropped-cropped-cropped-Logo-biale-napis-na-3-wiersze_504-1.png","width":504,"height":167,"caption":"ZSP w Chojnie"},"image":{"@id":"https:\/\/zsp1chojna.pl\/#\/schema\/logo\/image\/"}},{"@type":"Person","@id":"https:\/\/zsp1chojna.pl\/#\/schema\/person\/fe8d6c03379c9cface386de0c172e127","name":"admin","image":{"@type":"ImageObject","inLanguage":"pl-PL","@id":"https:\/\/zsp1chojna.pl\/#\/schema\/person\/image\/","url":"https:\/\/secure.gravatar.com\/avatar\/35d79b1d799ff9bac401976862e535bf785f4039d8313d3c00b303598a46dd4e?s=96&d=mm&r=g","contentUrl":"https:\/\/secure.gravatar.com\/avatar\/35d79b1d799ff9bac401976862e535bf785f4039d8313d3c00b303598a46dd4e?s=96&d=mm&r=g","caption":"admin"},"sameAs":["http:\/\/nowazspchojna.pl"],"url":"https:\/\/zsp1chojna.pl\/?author=1"}]}},"jetpack_featured_media_url":"https:\/\/zsp1chojna.pl\/wp-content\/uploads\/2024\/02\/wosp2024-1.jpg","_links":{"self":[{"href":"https:\/\/zsp1chojna.pl\/index.php?rest_route=\/wp\/v2\/posts\/8663","targetHints":{"allow":["GET"]}}],"collection":[{"href":"https:\/\/zsp1chojna.pl\/index.php?rest_route=\/wp\/v2\/posts"}],"about":[{"href":"https:\/\/zsp1chojna.pl\/index.php?rest_route=\/wp\/v2\/types\/post"}],"author":[{"embeddable":true,"href":"https:\/\/zsp1chojna.pl\/index.php?rest_route=\/wp\/v2\/users\/1"}],"replies":[{"embeddable":true,"href":"https:\/\/zsp1chojna.pl\/index.php?rest_route=%2Fwp%2Fv2%2Fcomments&post=8663"}],"version-history":[{"count":1,"href":"https:\/\/zsp1chojna.pl\/index.php?rest_route=\/wp\/v2\/posts\/8663\/revisions"}],"predecessor-version":[{"id":8668,"href":"https:\/\/zsp1chojna.pl\/index.php?rest_route=\/wp\/v2\/posts\/8663\/revisions\/8668"}],"wp:featuredmedia":[{"embeddable":true,"href":"https:\/\/zsp1chojna.pl\/index.php?rest_route=\/wp\/v2\/media\/8664"}],"wp:attachment":[{"href":"https:\/\/zsp1chojna.pl\/index.php?rest_route=%2Fwp%2Fv2%2Fmedia&parent=8663"}],"wp:term":[{"taxonomy":"category","embeddable":true,"href":"https:\/\/zsp1chojna.pl\/index.php?rest_route=%2Fwp%2Fv2%2Fcategories&post=8663"},{"taxonomy":"post_tag","embeddable":true,"href":"https:\/\/zsp1chojna.pl\/index.php?rest_route=%2Fwp%2Fv2%2Ftags&post=8663"}],"curies":[{"name":"wp","href":"https:\/\/api.w.org\/{rel}","templated":true}]}}