{"id":825,"date":"2023-04-17T12:16:33","date_gmt":"2023-04-17T10:16:33","guid":{"rendered":"https:\/\/zsp1chojna.pl\/?p=825"},"modified":"2023-08-17T12:22:31","modified_gmt":"2023-08-17T10:22:31","slug":"nauczyciele-wzieli-udzial-w-projekcie-rozwijanie-kompetencji-kadry-pedagogicznej-w-zakresie-doradztwa-edukacyjno-zawodowego-na-obszarze-i-makroregionu","status":"publish","type":"post","link":"https:\/\/zsp1chojna.pl\/?p=825","title":{"rendered":"Nauczyciele wzi\u0119li\u00a0udzia\u0142 w\u00a0projekcie \u201eRozwijanie kompetencji kadry pedagogicznej w\u00a0zakresie doradztwa edukacyjno-zawodowego na\u00a0obszarze I\u00a0makroregionu\u201d"},"content":{"rendered":"\n<p class=\"has-text-align-justify\">Nauczyciele Zespo\u0142u Szk\u00f3\u0142 Ponadpodstawowych w&nbsp;Chojnie wzi\u0119li udzia\u0142 w&nbsp;projekcie \u201eRozwijanie kompetencji kadry pedagogicznej w&nbsp;zakresie doradztwa edukacyjno-zawodowego na&nbsp;obszarze I&nbsp;makroregionu\u201d w&nbsp;ramach Programu Operacyjnego Wiedza Edukacja Rozw\u00f3j Szkolenie na&nbsp;lata 2014-2020, Osi Priorytetowej II. Dzia\u0142ania 2.14. Projekt by\u0142 realizowany przez&nbsp;firm\u0119 Syntea SA, dzia\u0142aj\u0105c\u0105 w&nbsp;imieniu Ministra Edukacji i&nbsp;Nauki w&nbsp;porozumieniu z&nbsp;Zachodniopomorskim Kuratorium O\u015bwiaty.<\/p>\n\n\n<div class=\"wp-block-image\">\n<figure class=\"aligncenter size-full\"><img loading=\"lazy\" decoding=\"async\" width=\"550\" height=\"294\" data-attachment-id=\"828\" data-permalink=\"https:\/\/zsp1chojna.pl\/?attachment_id=828\" data-orig-file=\"https:\/\/zsp1chojna.pl\/wp-content\/uploads\/2023\/08\/rozwijanie-kompetencji-rady-2023-1.jpg\" data-orig-size=\"550,294\" data-comments-opened=\"1\" data-image-meta=\"{&quot;aperture&quot;:&quot;0&quot;,&quot;credit&quot;:&quot;&quot;,&quot;camera&quot;:&quot;&quot;,&quot;caption&quot;:&quot;&quot;,&quot;created_timestamp&quot;:&quot;0&quot;,&quot;copyright&quot;:&quot;&quot;,&quot;focal_length&quot;:&quot;0&quot;,&quot;iso&quot;:&quot;0&quot;,&quot;shutter_speed&quot;:&quot;0&quot;,&quot;title&quot;:&quot;&quot;,&quot;orientation&quot;:&quot;0&quot;}\" data-image-title=\"rozwijanie-kompetencji-rady-2023-1\" data-image-description=\"\" data-image-caption=\"\" data-medium-file=\"https:\/\/zsp1chojna.pl\/wp-content\/uploads\/2023\/08\/rozwijanie-kompetencji-rady-2023-1-300x160.jpg\" data-large-file=\"https:\/\/zsp1chojna.pl\/wp-content\/uploads\/2023\/08\/rozwijanie-kompetencji-rady-2023-1.jpg\" src=\"https:\/\/zsp1chojna.pl\/wp-content\/uploads\/2023\/08\/rozwijanie-kompetencji-rady-2023-1.jpg\" alt=\"Nauczyciele bior\u0105cy udzia\u0142 w projekcie\" class=\"wp-image-828\" srcset=\"https:\/\/zsp1chojna.pl\/wp-content\/uploads\/2023\/08\/rozwijanie-kompetencji-rady-2023-1.jpg 550w, https:\/\/zsp1chojna.pl\/wp-content\/uploads\/2023\/08\/rozwijanie-kompetencji-rady-2023-1-300x160.jpg 300w\" sizes=\"auto, (max-width: 550px) 100vw, 550px\" \/><\/figure>\n<\/div>\n\n\n<p class=\"has-text-align-justify\">W&nbsp;ramach projektu nauczyciele uczestniczyli w&nbsp;20-godzinym szkoleniu, kt\u00f3re odby\u0142o si\u0119 w&nbsp;3&nbsp;etapach. Pierwszy etap to&nbsp;8-godzinne szkolenie na&nbsp;platformie e-learningowej, gdzie uczestnicy zapoznali si\u0119 z&nbsp;programem opracowanym przez&nbsp;O\u015brodek Rozwoju Edukacji w&nbsp;ramach projektu ,,Efektywne doradztwo edukacyjno-zawodowe dla dzieci, m\u0142odzie\u017cy i&nbsp;doros\u0142ych\u201d. Drugi etap, kt\u00f3ry&nbsp;odby\u0142 si\u0119 w&nbsp;dniach 27&nbsp;kwietnia i&nbsp;4&nbsp;maja mia\u0142 form\u0119 4-godzinnego szkolenia na&nbsp;platformie MS Teams z&nbsp;ekspertem, trenerem omawiaj\u0105cym zagadnienia i&nbsp;przeprowadzaj\u0105cym \u0107wiczenia praktyczne zwi\u0105zane z&nbsp;tematami, z&nbsp;kt\u00f3rymi uczestnicy zapoznali si\u0119 w&nbsp;poprzednim etapie. Etap trzeci odby\u0142 si\u0119 dnia 8&nbsp;maja 2023&nbsp;r. w&nbsp;ZSP w&nbsp;Chojnie i&nbsp;polega\u0142 na&nbsp;udziale nauczycieli w&nbsp;8-godzinnych warsztatach.<\/p>\n\n\n<style>.kb-row-layout-id825_ecf45b-5e > .kt-row-column-wrap{align-content:start;}:where(.kb-row-layout-id825_ecf45b-5e > .kt-row-column-wrap) > .wp-block-kadence-column{justify-content:start;}.kb-row-layout-id825_ecf45b-5e > .kt-row-column-wrap{column-gap:var(--global-kb-gap-sm, 1rem);row-gap:var(--global-kb-gap-none, 0 );padding-top:0px;padding-bottom:0px;grid-template-columns:repeat(2, minmax(0, 1fr));}.kb-row-layout-id825_ecf45b-5e > .kt-row-layout-overlay{opacity:0.30;}@media all and (max-width: 1024px){.kb-row-layout-id825_ecf45b-5e > .kt-row-column-wrap{grid-template-columns:repeat(2, minmax(0, 1fr));}}@media all and (max-width: 767px){.kb-row-layout-id825_ecf45b-5e > .kt-row-column-wrap{grid-template-columns:minmax(0, 1fr);}}<\/style><div class=\"kb-row-layout-wrap kb-row-layout-id825_ecf45b-5e alignnone wp-block-kadence-rowlayout\"><div class=\"kt-row-column-wrap kt-has-2-columns kt-row-layout-equal kt-tab-layout-inherit kt-mobile-layout-row kt-row-valign-top\">\n<style>.kadence-column825_44c4a4-3e > .kt-inside-inner-col,.kadence-column825_44c4a4-3e > .kt-inside-inner-col:before{border-top-left-radius:0px;border-top-right-radius:0px;border-bottom-right-radius:0px;border-bottom-left-radius:0px;}.kadence-column825_44c4a4-3e > .kt-inside-inner-col:before{opacity:0.3;}.kadence-column825_44c4a4-3e{position:relative;}<\/style>\n<div class=\"wp-block-kadence-column kadence-column825_44c4a4-3e\"><div class=\"kt-inside-inner-col\">\n<figure class=\"wp-block-image size-full\"><img loading=\"lazy\" decoding=\"async\" width=\"550\" height=\"326\" data-attachment-id=\"830\" data-permalink=\"https:\/\/zsp1chojna.pl\/?attachment_id=830\" data-orig-file=\"https:\/\/zsp1chojna.pl\/wp-content\/uploads\/2023\/08\/rozwijanie-kompetencji-rady-2023-3-1.jpg\" data-orig-size=\"550,326\" data-comments-opened=\"1\" data-image-meta=\"{&quot;aperture&quot;:&quot;0&quot;,&quot;credit&quot;:&quot;&quot;,&quot;camera&quot;:&quot;&quot;,&quot;caption&quot;:&quot;&quot;,&quot;created_timestamp&quot;:&quot;0&quot;,&quot;copyright&quot;:&quot;&quot;,&quot;focal_length&quot;:&quot;0&quot;,&quot;iso&quot;:&quot;0&quot;,&quot;shutter_speed&quot;:&quot;0&quot;,&quot;title&quot;:&quot;&quot;,&quot;orientation&quot;:&quot;0&quot;}\" data-image-title=\"rozwijanie-kompetencji-rady-2023-3\" data-image-description=\"\" data-image-caption=\"\" data-medium-file=\"https:\/\/zsp1chojna.pl\/wp-content\/uploads\/2023\/08\/rozwijanie-kompetencji-rady-2023-3-1-300x178.jpg\" data-large-file=\"https:\/\/zsp1chojna.pl\/wp-content\/uploads\/2023\/08\/rozwijanie-kompetencji-rady-2023-3-1.jpg\" src=\"https:\/\/zsp1chojna.pl\/wp-content\/uploads\/2023\/08\/rozwijanie-kompetencji-rady-2023-3-1.jpg\" alt=\"Nauczyciele bior\u0105cy udzia\u0142 w projekcie\" class=\"wp-image-830\" srcset=\"https:\/\/zsp1chojna.pl\/wp-content\/uploads\/2023\/08\/rozwijanie-kompetencji-rady-2023-3-1.jpg 550w, https:\/\/zsp1chojna.pl\/wp-content\/uploads\/2023\/08\/rozwijanie-kompetencji-rady-2023-3-1-300x178.jpg 300w\" sizes=\"auto, (max-width: 550px) 100vw, 550px\" \/><\/figure>\n<\/div><\/div>\n\n\n<style>.kadence-column825_d34864-7e > .kt-inside-inner-col,.kadence-column825_d34864-7e > .kt-inside-inner-col:before{border-top-left-radius:0px;border-top-right-radius:0px;border-bottom-right-radius:0px;border-bottom-left-radius:0px;}.kadence-column825_d34864-7e > .kt-inside-inner-col:before{opacity:0.3;}.kadence-column825_d34864-7e{position:relative;}<\/style>\n<div class=\"wp-block-kadence-column kadence-column825_d34864-7e\"><div class=\"kt-inside-inner-col\">\n<figure class=\"wp-block-image size-full\"><img loading=\"lazy\" decoding=\"async\" width=\"550\" height=\"326\" data-attachment-id=\"827\" data-permalink=\"https:\/\/zsp1chojna.pl\/?attachment_id=827\" data-orig-file=\"https:\/\/zsp1chojna.pl\/wp-content\/uploads\/2023\/08\/rozwijanie-kompetencji-rady-2023-2.jpg\" data-orig-size=\"550,326\" data-comments-opened=\"1\" data-image-meta=\"{&quot;aperture&quot;:&quot;0&quot;,&quot;credit&quot;:&quot;&quot;,&quot;camera&quot;:&quot;&quot;,&quot;caption&quot;:&quot;&quot;,&quot;created_timestamp&quot;:&quot;0&quot;,&quot;copyright&quot;:&quot;&quot;,&quot;focal_length&quot;:&quot;0&quot;,&quot;iso&quot;:&quot;0&quot;,&quot;shutter_speed&quot;:&quot;0&quot;,&quot;title&quot;:&quot;&quot;,&quot;orientation&quot;:&quot;0&quot;}\" data-image-title=\"rozwijanie-kompetencji-rady-2023-2\" data-image-description=\"\" data-image-caption=\"\" data-medium-file=\"https:\/\/zsp1chojna.pl\/wp-content\/uploads\/2023\/08\/rozwijanie-kompetencji-rady-2023-2-300x178.jpg\" data-large-file=\"https:\/\/zsp1chojna.pl\/wp-content\/uploads\/2023\/08\/rozwijanie-kompetencji-rady-2023-2.jpg\" src=\"https:\/\/zsp1chojna.pl\/wp-content\/uploads\/2023\/08\/rozwijanie-kompetencji-rady-2023-2.jpg\" alt=\"Nauczyciele bior\u0105cy udzia\u0142 w projekcie\" class=\"wp-image-827\" srcset=\"https:\/\/zsp1chojna.pl\/wp-content\/uploads\/2023\/08\/rozwijanie-kompetencji-rady-2023-2.jpg 550w, https:\/\/zsp1chojna.pl\/wp-content\/uploads\/2023\/08\/rozwijanie-kompetencji-rady-2023-2-300x178.jpg 300w\" sizes=\"auto, (max-width: 550px) 100vw, 550px\" \/><\/figure>\n<\/div><\/div>\n\n<\/div><\/div>\n\n\n<p class=\"has-text-align-justify\">Warsztaty przeprowadzili trenerzy: Pan Tomasz Lutowierski, Pan Artur Lenczewski, Pan \u0141ukasz Ma\u0142olepszy oraz&nbsp;Pan Karol Burzy\u0144ski, kt\u00f3rzy&nbsp;zapoznali nauczycieli z&nbsp;ide\u0105 funkcjonowania Ram Kwalifikacji w&nbsp;Polsce i&nbsp;Europie oraz&nbsp;Zintegrowanym Systemem Kwalifikacji. Nauczycielom przedstawiono specjalistyczne laboratoria dla wiod\u0105cych kwalifikacji rynkowych oraz&nbsp;dobre praktyki, poprzez zaprezentowanie stanowisk mobilnych z&nbsp; pokazem umiej\u0119tno\u015bci kulinarnych, monta\u017cem i&nbsp;demonta\u017cem stolarki okiennej oraz&nbsp;mo\u017cliwo\u015bci zastosowania drukarki 3D.<\/p>\n\n\n<div class=\"wp-block-image\">\n<figure class=\"aligncenter size-full\"><img loading=\"lazy\" decoding=\"async\" width=\"550\" height=\"296\" data-attachment-id=\"829\" data-permalink=\"https:\/\/zsp1chojna.pl\/?attachment_id=829\" data-orig-file=\"https:\/\/zsp1chojna.pl\/wp-content\/uploads\/2023\/08\/rozwijanie-kompetencji-rady-2023-4.jpg\" data-orig-size=\"550,296\" data-comments-opened=\"1\" data-image-meta=\"{&quot;aperture&quot;:&quot;0&quot;,&quot;credit&quot;:&quot;&quot;,&quot;camera&quot;:&quot;&quot;,&quot;caption&quot;:&quot;&quot;,&quot;created_timestamp&quot;:&quot;0&quot;,&quot;copyright&quot;:&quot;&quot;,&quot;focal_length&quot;:&quot;0&quot;,&quot;iso&quot;:&quot;0&quot;,&quot;shutter_speed&quot;:&quot;0&quot;,&quot;title&quot;:&quot;&quot;,&quot;orientation&quot;:&quot;0&quot;}\" data-image-title=\"rozwijanie-kompetencji-rady-2023-4\" data-image-description=\"\" data-image-caption=\"\" data-medium-file=\"https:\/\/zsp1chojna.pl\/wp-content\/uploads\/2023\/08\/rozwijanie-kompetencji-rady-2023-4-300x161.jpg\" data-large-file=\"https:\/\/zsp1chojna.pl\/wp-content\/uploads\/2023\/08\/rozwijanie-kompetencji-rady-2023-4.jpg\" src=\"https:\/\/zsp1chojna.pl\/wp-content\/uploads\/2023\/08\/rozwijanie-kompetencji-rady-2023-4.jpg\" alt=\"Pokaz umiej\u0119tno\u015bci kulinarnych\" class=\"wp-image-829\" srcset=\"https:\/\/zsp1chojna.pl\/wp-content\/uploads\/2023\/08\/rozwijanie-kompetencji-rady-2023-4.jpg 550w, https:\/\/zsp1chojna.pl\/wp-content\/uploads\/2023\/08\/rozwijanie-kompetencji-rady-2023-4-300x161.jpg 300w\" sizes=\"auto, (max-width: 550px) 100vw, 550px\" \/><\/figure>\n<\/div>\n\n\n<p class=\"has-text-align-justify\">Dzi\u0119ki udzia\u0142owi w\u00a0projekcie, nauczyciele poszerzyli swoj\u0105 wiedz\u0119 z\u00a0zakresu doradztwa edukacyjno-zawodowego oraz\u00a0otrzymali ciekawe i\u00a0inspiruj\u0105ce materia\u0142y do\u00a0wykorzystania podczas zaj\u0119\u0107 z\u00a0uczniami.<\/p>\n\n\n\n<p><\/p>\n\n\n\n<p class=\"has-text-align-right\">mgr&nbsp;Ma\u0142gorzata Liman\u00f3wka<\/p>\n","protected":false},"excerpt":{"rendered":"<p>Nauczyciele Zespo\u0142u Szk\u00f3\u0142 Ponadpodstawowych w&nbsp;Chojnie wzi\u0119li udzia\u0142 w&nbsp;projekcie \u201eRozwijanie kompetencji kadry pedagogicznej w&nbsp;zakresie doradztwa edukacyjno-zawodowego na&nbsp;obszarze I&nbsp;makroregionu\u201d w&nbsp;ramach Programu Operacyjnego Wiedza Edukacja Rozw\u00f3j Szkolenie na&nbsp;lata 2014-2020, Osi Priorytetowej II. Dzia\u0142ania [&hellip;]<\/p>\n","protected":false},"author":2,"featured_media":828,"comment_status":"open","ping_status":"open","sticky":false,"template":"","format":"standard","meta":{"footnotes":""},"categories":[8],"tags":[],"class_list":["post-825","post","type-post","status-publish","format-standard","has-post-thumbnail","hentry","category-aktualnosci-2022-2023"],"wbAuthor":{"name":"kacper27","link":"https:\/\/zsp1chojna.pl\/?author=2"},"wbDate":"kwi 17, 2023","wbCategories":{"space":"<a href=\"https:\/\/zsp1chojna.pl\/?cat=8\" rel=\"category\">Aktualno\u015bci 2022\/2023<\/a>","coma":"<a href=\"https:\/\/zsp1chojna.pl\/?cat=8\" rel=\"category\">Aktualno\u015bci 2022\/2023<\/a>"},"wbComment":0,"yoast_head":"<!-- This site is optimized with the Yoast SEO plugin v20.13 - https:\/\/yoast.com\/wordpress\/plugins\/seo\/ -->\n<title>Nauczyciele wzi\u0119li\u00a0udzia\u0142 w\u00a0projekcie \u201eRozwijanie kompetencji kadry pedagogicznej w\u00a0zakresie doradztwa edukacyjno-zawodowego na\u00a0obszarze I\u00a0makroregionu\u201d - ZSP w Chojnie<\/title>\n<meta name=\"robots\" content=\"index, follow, max-snippet:-1, max-image-preview:large, max-video-preview:-1\" \/>\n<link rel=\"canonical\" href=\"https:\/\/zsp1chojna.pl\/?p=825\" \/>\n<meta property=\"og:locale\" content=\"pl_PL\" \/>\n<meta property=\"og:type\" content=\"article\" \/>\n<meta property=\"og:title\" content=\"Nauczyciele wzi\u0119li\u00a0udzia\u0142 w\u00a0projekcie \u201eRozwijanie kompetencji kadry pedagogicznej w\u00a0zakresie doradztwa edukacyjno-zawodowego na\u00a0obszarze I\u00a0makroregionu\u201d - ZSP w Chojnie\" \/>\n<meta property=\"og:description\" content=\"Nauczyciele Zespo\u0142u Szk\u00f3\u0142 Ponadpodstawowych w&nbsp;Chojnie wzi\u0119li udzia\u0142 w&nbsp;projekcie \u201eRozwijanie kompetencji kadry pedagogicznej w&nbsp;zakresie doradztwa edukacyjno-zawodowego na&nbsp;obszarze I&nbsp;makroregionu\u201d w&nbsp;ramach Programu Operacyjnego Wiedza Edukacja Rozw\u00f3j Szkolenie na&nbsp;lata 2014-2020, Osi Priorytetowej II. Dzia\u0142ania [&hellip;]\" \/>\n<meta property=\"og:url\" content=\"https:\/\/zsp1chojna.pl\/?p=825\" \/>\n<meta property=\"og:site_name\" content=\"ZSP w Chojnie\" \/>\n<meta property=\"article:published_time\" content=\"2023-04-17T10:16:33+00:00\" \/>\n<meta property=\"article:modified_time\" content=\"2023-08-17T10:22:31+00:00\" \/>\n<meta property=\"og:image\" content=\"https:\/\/zsp1chojna.pl\/wp-content\/uploads\/2023\/08\/rozwijanie-kompetencji-rady-2023-1.jpg\" \/>\n\t<meta property=\"og:image:width\" content=\"550\" \/>\n\t<meta property=\"og:image:height\" content=\"294\" \/>\n\t<meta property=\"og:image:type\" content=\"image\/jpeg\" \/>\n<meta name=\"author\" content=\"kacper27\" \/>\n<meta name=\"twitter:card\" content=\"summary_large_image\" \/>\n<meta name=\"twitter:label1\" content=\"Napisane przez\" \/>\n\t<meta name=\"twitter:data1\" content=\"kacper27\" \/>\n\t<meta name=\"twitter:label2\" content=\"Szacowany czas czytania\" \/>\n\t<meta name=\"twitter:data2\" content=\"3 minuty\" \/>\n<script type=\"application\/ld+json\" class=\"yoast-schema-graph\">{\"@context\":\"https:\/\/schema.org\",\"@graph\":[{\"@type\":\"Article\",\"@id\":\"https:\/\/zsp1chojna.pl\/?p=825#article\",\"isPartOf\":{\"@id\":\"https:\/\/zsp1chojna.pl\/?p=825\"},\"author\":{\"name\":\"kacper27\",\"@id\":\"https:\/\/zsp1chojna.pl\/#\/schema\/person\/e974e35b71ad4899de9d84ba9baed22f\"},\"headline\":\"Nauczyciele wzi\u0119li\u00a0udzia\u0142 w\u00a0projekcie \u201eRozwijanie kompetencji kadry pedagogicznej w\u00a0zakresie doradztwa edukacyjno-zawodowego na\u00a0obszarze I\u00a0makroregionu\u201d\",\"datePublished\":\"2023-04-17T10:16:33+00:00\",\"dateModified\":\"2023-08-17T10:22:31+00:00\",\"mainEntityOfPage\":{\"@id\":\"https:\/\/zsp1chojna.pl\/?p=825\"},\"wordCount\":348,\"commentCount\":0,\"publisher\":{\"@id\":\"https:\/\/zsp1chojna.pl\/#organization\"},\"articleSection\":[\"Aktualno\u015bci 2022\/2023\"],\"inLanguage\":\"pl-PL\",\"potentialAction\":[{\"@type\":\"CommentAction\",\"name\":\"Comment\",\"target\":[\"https:\/\/zsp1chojna.pl\/?p=825#respond\"]}]},{\"@type\":\"WebPage\",\"@id\":\"https:\/\/zsp1chojna.pl\/?p=825\",\"url\":\"https:\/\/zsp1chojna.pl\/?p=825\",\"name\":\"Nauczyciele wzi\u0119li\u00a0udzia\u0142 w\u00a0projekcie \u201eRozwijanie kompetencji kadry pedagogicznej w\u00a0zakresie doradztwa edukacyjno-zawodowego na\u00a0obszarze I\u00a0makroregionu\u201d - ZSP w Chojnie\",\"isPartOf\":{\"@id\":\"https:\/\/zsp1chojna.pl\/#website\"},\"datePublished\":\"2023-04-17T10:16:33+00:00\",\"dateModified\":\"2023-08-17T10:22:31+00:00\",\"breadcrumb\":{\"@id\":\"https:\/\/zsp1chojna.pl\/?p=825#breadcrumb\"},\"inLanguage\":\"pl-PL\",\"potentialAction\":[{\"@type\":\"ReadAction\",\"target\":[\"https:\/\/zsp1chojna.pl\/?p=825\"]}]},{\"@type\":\"BreadcrumbList\",\"@id\":\"https:\/\/zsp1chojna.pl\/?p=825#breadcrumb\",\"itemListElement\":[{\"@type\":\"ListItem\",\"position\":1,\"name\":\"Home\",\"item\":\"https:\/\/zsp1chojna.pl\/\"},{\"@type\":\"ListItem\",\"position\":2,\"name\":\"Nauczyciele wzi\u0119li\u00a0udzia\u0142 w\u00a0projekcie \u201eRozwijanie kompetencji kadry pedagogicznej w\u00a0zakresie doradztwa edukacyjno-zawodowego na\u00a0obszarze I\u00a0makroregionu\u201d\"}]},{\"@type\":\"WebSite\",\"@id\":\"https:\/\/zsp1chojna.pl\/#website\",\"url\":\"https:\/\/zsp1chojna.pl\/\",\"name\":\"ZSP w Chojnie\",\"description\":\"\",\"publisher\":{\"@id\":\"https:\/\/zsp1chojna.pl\/#organization\"},\"potentialAction\":[{\"@type\":\"SearchAction\",\"target\":{\"@type\":\"EntryPoint\",\"urlTemplate\":\"https:\/\/zsp1chojna.pl\/?s={search_term_string}\"},\"query-input\":\"required name=search_term_string\"}],\"inLanguage\":\"pl-PL\"},{\"@type\":\"Organization\",\"@id\":\"https:\/\/zsp1chojna.pl\/#organization\",\"name\":\"ZSP w Chojnie\",\"url\":\"https:\/\/zsp1chojna.pl\/\",\"logo\":{\"@type\":\"ImageObject\",\"inLanguage\":\"pl-PL\",\"@id\":\"https:\/\/zsp1chojna.pl\/#\/schema\/logo\/image\/\",\"url\":\"https:\/\/zsp1chojna.pl\/wp-content\/uploads\/2023\/08\/cropped-cropped-cropped-Logo-biale-napis-na-3-wiersze_504-1.png\",\"contentUrl\":\"https:\/\/zsp1chojna.pl\/wp-content\/uploads\/2023\/08\/cropped-cropped-cropped-Logo-biale-napis-na-3-wiersze_504-1.png\",\"width\":504,\"height\":167,\"caption\":\"ZSP w Chojnie\"},\"image\":{\"@id\":\"https:\/\/zsp1chojna.pl\/#\/schema\/logo\/image\/\"}},{\"@type\":\"Person\",\"@id\":\"https:\/\/zsp1chojna.pl\/#\/schema\/person\/e974e35b71ad4899de9d84ba9baed22f\",\"name\":\"kacper27\",\"image\":{\"@type\":\"ImageObject\",\"inLanguage\":\"pl-PL\",\"@id\":\"https:\/\/zsp1chojna.pl\/#\/schema\/person\/image\/\",\"url\":\"https:\/\/secure.gravatar.com\/avatar\/233d005830da7db1760a03aba4b7a8303a369edf5f46a429dfe66f876a3f452c?s=96&d=mm&r=g\",\"contentUrl\":\"https:\/\/secure.gravatar.com\/avatar\/233d005830da7db1760a03aba4b7a8303a369edf5f46a429dfe66f876a3f452c?s=96&d=mm&r=g\",\"caption\":\"kacper27\"},\"url\":\"https:\/\/zsp1chojna.pl\/?author=2\"}]}<\/script>\n<!-- \/ Yoast SEO plugin. -->","yoast_head_json":{"title":"Nauczyciele wzi\u0119li\u00a0udzia\u0142 w\u00a0projekcie \u201eRozwijanie kompetencji kadry pedagogicznej w\u00a0zakresie doradztwa edukacyjno-zawodowego na\u00a0obszarze I\u00a0makroregionu\u201d - ZSP w Chojnie","robots":{"index":"index","follow":"follow","max-snippet":"max-snippet:-1","max-image-preview":"max-image-preview:large","max-video-preview":"max-video-preview:-1"},"canonical":"https:\/\/zsp1chojna.pl\/?p=825","og_locale":"pl_PL","og_type":"article","og_title":"Nauczyciele wzi\u0119li\u00a0udzia\u0142 w\u00a0projekcie \u201eRozwijanie kompetencji kadry pedagogicznej w\u00a0zakresie doradztwa edukacyjno-zawodowego na\u00a0obszarze I\u00a0makroregionu\u201d - ZSP w Chojnie","og_description":"Nauczyciele Zespo\u0142u Szk\u00f3\u0142 Ponadpodstawowych w&nbsp;Chojnie wzi\u0119li udzia\u0142 w&nbsp;projekcie \u201eRozwijanie kompetencji kadry pedagogicznej w&nbsp;zakresie doradztwa edukacyjno-zawodowego na&nbsp;obszarze I&nbsp;makroregionu\u201d w&nbsp;ramach Programu Operacyjnego Wiedza Edukacja Rozw\u00f3j Szkolenie na&nbsp;lata 2014-2020, Osi Priorytetowej II. Dzia\u0142ania [&hellip;]","og_url":"https:\/\/zsp1chojna.pl\/?p=825","og_site_name":"ZSP w Chojnie","article_published_time":"2023-04-17T10:16:33+00:00","article_modified_time":"2023-08-17T10:22:31+00:00","og_image":[{"width":550,"height":294,"url":"https:\/\/zsp1chojna.pl\/wp-content\/uploads\/2023\/08\/rozwijanie-kompetencji-rady-2023-1.jpg","type":"image\/jpeg"}],"author":"kacper27","twitter_card":"summary_large_image","twitter_misc":{"Napisane przez":"kacper27","Szacowany czas czytania":"3 minuty"},"schema":{"@context":"https:\/\/schema.org","@graph":[{"@type":"Article","@id":"https:\/\/zsp1chojna.pl\/?p=825#article","isPartOf":{"@id":"https:\/\/zsp1chojna.pl\/?p=825"},"author":{"name":"kacper27","@id":"https:\/\/zsp1chojna.pl\/#\/schema\/person\/e974e35b71ad4899de9d84ba9baed22f"},"headline":"Nauczyciele wzi\u0119li\u00a0udzia\u0142 w\u00a0projekcie \u201eRozwijanie kompetencji kadry pedagogicznej w\u00a0zakresie doradztwa edukacyjno-zawodowego na\u00a0obszarze I\u00a0makroregionu\u201d","datePublished":"2023-04-17T10:16:33+00:00","dateModified":"2023-08-17T10:22:31+00:00","mainEntityOfPage":{"@id":"https:\/\/zsp1chojna.pl\/?p=825"},"wordCount":348,"commentCount":0,"publisher":{"@id":"https:\/\/zsp1chojna.pl\/#organization"},"articleSection":["Aktualno\u015bci 2022\/2023"],"inLanguage":"pl-PL","potentialAction":[{"@type":"CommentAction","name":"Comment","target":["https:\/\/zsp1chojna.pl\/?p=825#respond"]}]},{"@type":"WebPage","@id":"https:\/\/zsp1chojna.pl\/?p=825","url":"https:\/\/zsp1chojna.pl\/?p=825","name":"Nauczyciele wzi\u0119li\u00a0udzia\u0142 w\u00a0projekcie \u201eRozwijanie kompetencji kadry pedagogicznej w\u00a0zakresie doradztwa edukacyjno-zawodowego na\u00a0obszarze I\u00a0makroregionu\u201d - ZSP w Chojnie","isPartOf":{"@id":"https:\/\/zsp1chojna.pl\/#website"},"datePublished":"2023-04-17T10:16:33+00:00","dateModified":"2023-08-17T10:22:31+00:00","breadcrumb":{"@id":"https:\/\/zsp1chojna.pl\/?p=825#breadcrumb"},"inLanguage":"pl-PL","potentialAction":[{"@type":"ReadAction","target":["https:\/\/zsp1chojna.pl\/?p=825"]}]},{"@type":"BreadcrumbList","@id":"https:\/\/zsp1chojna.pl\/?p=825#breadcrumb","itemListElement":[{"@type":"ListItem","position":1,"name":"Home","item":"https:\/\/zsp1chojna.pl\/"},{"@type":"ListItem","position":2,"name":"Nauczyciele wzi\u0119li\u00a0udzia\u0142 w\u00a0projekcie \u201eRozwijanie kompetencji kadry pedagogicznej w\u00a0zakresie doradztwa edukacyjno-zawodowego na\u00a0obszarze I\u00a0makroregionu\u201d"}]},{"@type":"WebSite","@id":"https:\/\/zsp1chojna.pl\/#website","url":"https:\/\/zsp1chojna.pl\/","name":"ZSP w Chojnie","description":"","publisher":{"@id":"https:\/\/zsp1chojna.pl\/#organization"},"potentialAction":[{"@type":"SearchAction","target":{"@type":"EntryPoint","urlTemplate":"https:\/\/zsp1chojna.pl\/?s={search_term_string}"},"query-input":"required name=search_term_string"}],"inLanguage":"pl-PL"},{"@type":"Organization","@id":"https:\/\/zsp1chojna.pl\/#organization","name":"ZSP w Chojnie","url":"https:\/\/zsp1chojna.pl\/","logo":{"@type":"ImageObject","inLanguage":"pl-PL","@id":"https:\/\/zsp1chojna.pl\/#\/schema\/logo\/image\/","url":"https:\/\/zsp1chojna.pl\/wp-content\/uploads\/2023\/08\/cropped-cropped-cropped-Logo-biale-napis-na-3-wiersze_504-1.png","contentUrl":"https:\/\/zsp1chojna.pl\/wp-content\/uploads\/2023\/08\/cropped-cropped-cropped-Logo-biale-napis-na-3-wiersze_504-1.png","width":504,"height":167,"caption":"ZSP w Chojnie"},"image":{"@id":"https:\/\/zsp1chojna.pl\/#\/schema\/logo\/image\/"}},{"@type":"Person","@id":"https:\/\/zsp1chojna.pl\/#\/schema\/person\/e974e35b71ad4899de9d84ba9baed22f","name":"kacper27","image":{"@type":"ImageObject","inLanguage":"pl-PL","@id":"https:\/\/zsp1chojna.pl\/#\/schema\/person\/image\/","url":"https:\/\/secure.gravatar.com\/avatar\/233d005830da7db1760a03aba4b7a8303a369edf5f46a429dfe66f876a3f452c?s=96&d=mm&r=g","contentUrl":"https:\/\/secure.gravatar.com\/avatar\/233d005830da7db1760a03aba4b7a8303a369edf5f46a429dfe66f876a3f452c?s=96&d=mm&r=g","caption":"kacper27"},"url":"https:\/\/zsp1chojna.pl\/?author=2"}]}},"jetpack_featured_media_url":"https:\/\/zsp1chojna.pl\/wp-content\/uploads\/2023\/08\/rozwijanie-kompetencji-rady-2023-1.jpg","_links":{"self":[{"href":"https:\/\/zsp1chojna.pl\/index.php?rest_route=\/wp\/v2\/posts\/825","targetHints":{"allow":["GET"]}}],"collection":[{"href":"https:\/\/zsp1chojna.pl\/index.php?rest_route=\/wp\/v2\/posts"}],"about":[{"href":"https:\/\/zsp1chojna.pl\/index.php?rest_route=\/wp\/v2\/types\/post"}],"author":[{"embeddable":true,"href":"https:\/\/zsp1chojna.pl\/index.php?rest_route=\/wp\/v2\/users\/2"}],"replies":[{"embeddable":true,"href":"https:\/\/zsp1chojna.pl\/index.php?rest_route=%2Fwp%2Fv2%2Fcomments&post=825"}],"version-history":[{"count":1,"href":"https:\/\/zsp1chojna.pl\/index.php?rest_route=\/wp\/v2\/posts\/825\/revisions"}],"predecessor-version":[{"id":831,"href":"https:\/\/zsp1chojna.pl\/index.php?rest_route=\/wp\/v2\/posts\/825\/revisions\/831"}],"wp:featuredmedia":[{"embeddable":true,"href":"https:\/\/zsp1chojna.pl\/index.php?rest_route=\/wp\/v2\/media\/828"}],"wp:attachment":[{"href":"https:\/\/zsp1chojna.pl\/index.php?rest_route=%2Fwp%2Fv2%2Fmedia&parent=825"}],"wp:term":[{"taxonomy":"category","embeddable":true,"href":"https:\/\/zsp1chojna.pl\/index.php?rest_route=%2Fwp%2Fv2%2Fcategories&post=825"},{"taxonomy":"post_tag","embeddable":true,"href":"https:\/\/zsp1chojna.pl\/index.php?rest_route=%2Fwp%2Fv2%2Ftags&post=825"}],"curies":[{"name":"wp","href":"https:\/\/api.w.org\/{rel}","templated":true}]}}