{"id":7797,"date":"2023-12-11T16:45:13","date_gmt":"2023-12-11T15:45:13","guid":{"rendered":"https:\/\/zsp1chojna.pl\/?p=7797"},"modified":"2023-12-20T16:53:20","modified_gmt":"2023-12-20T15:53:20","slug":"wybory-uzupelniajace-do-samorzadu-uczniowskiego","status":"publish","type":"post","link":"https:\/\/zsp1chojna.pl\/?p=7797","title":{"rendered":"Wybory uzupe\u0142niaj\u0105ce do Samorz\u0105du Uczniowskiego"},"content":{"rendered":"\n<p><\/p>\n\n\n\n<p class=\"has-text-align-justify\">W dniach 11-14 grudnia 2023 r., odby\u0142y si\u0119 wybory uzupe\u0142niaj\u0105ce do Samorz\u0105du Uczniowskiego. Do Rady Samorz\u0105du Uczniowskiego, zg\u0142osi\u0142o si\u0119 19. kandydat\u00f3w, ze\u00a0wszystkich typ\u00f3w szk\u00f3\u0142 naszego zespo\u0142u. Zgodnie z ordynacj\u0105 wyborcz\u0105 Regulaminu SU, wybory zosta\u0142y poprzedzone dwutygodniow\u0105 kampani\u0105 wyborcz\u0105.<\/p>\n\n\n<style>.kadence-column7797_59e7fe-d6 > .kt-inside-inner-col,.kadence-column7797_59e7fe-d6 > .kt-inside-inner-col:before{border-top-left-radius:0px;border-top-right-radius:0px;border-bottom-right-radius:0px;border-bottom-left-radius:0px;}.kadence-column7797_59e7fe-d6 > .kt-inside-inner-col:before{opacity:0.3;}.kadence-column7797_59e7fe-d6{position:relative;}<\/style>\n<div class=\"wp-block-kadence-column kadence-column7797_59e7fe-d6\"><div class=\"kt-inside-inner-col\">\n<div class=\"wp-block-columns is-layout-flex wp-container-core-columns-is-layout-9d6595d7 wp-block-columns-is-layout-flex\">\n<div class=\"wp-block-column is-layout-flow wp-block-column-is-layout-flow\"><div class=\"wp-block-image\">\n<figure class=\"alignright size-full\"><img loading=\"lazy\" decoding=\"async\" width=\"600\" height=\"450\" data-attachment-id=\"7798\" data-permalink=\"https:\/\/zsp1chojna.pl\/?attachment_id=7798\" data-orig-file=\"https:\/\/zsp1chojna.pl\/wp-content\/uploads\/2023\/12\/wybory-uzupe-SU-2023-1.jpg\" data-orig-size=\"600,450\" data-comments-opened=\"1\" data-image-meta=\"{&quot;aperture&quot;:&quot;0&quot;,&quot;credit&quot;:&quot;&quot;,&quot;camera&quot;:&quot;&quot;,&quot;caption&quot;:&quot;&quot;,&quot;created_timestamp&quot;:&quot;0&quot;,&quot;copyright&quot;:&quot;&quot;,&quot;focal_length&quot;:&quot;0&quot;,&quot;iso&quot;:&quot;0&quot;,&quot;shutter_speed&quot;:&quot;0&quot;,&quot;title&quot;:&quot;&quot;,&quot;orientation&quot;:&quot;0&quot;}\" data-image-title=\"wybory-uzupe-SU-2023 (1)\" data-image-description=\"\" data-image-caption=\"\" data-medium-file=\"https:\/\/zsp1chojna.pl\/wp-content\/uploads\/2023\/12\/wybory-uzupe-SU-2023-1-300x225.jpg\" data-large-file=\"https:\/\/zsp1chojna.pl\/wp-content\/uploads\/2023\/12\/wybory-uzupe-SU-2023-1.jpg\" src=\"https:\/\/zsp1chojna.pl\/wp-content\/uploads\/2023\/12\/wybory-uzupe-SU-2023-1.jpg\" alt=\"Wybory SU\" class=\"wp-image-7798\" srcset=\"https:\/\/zsp1chojna.pl\/wp-content\/uploads\/2023\/12\/wybory-uzupe-SU-2023-1.jpg 600w, https:\/\/zsp1chojna.pl\/wp-content\/uploads\/2023\/12\/wybory-uzupe-SU-2023-1-300x225.jpg 300w\" sizes=\"auto, (max-width: 600px) 100vw, 600px\" \/><\/figure>\n<\/div><\/div>\n\n\n\n<div class=\"wp-block-column is-layout-flow wp-block-column-is-layout-flow\"><div class=\"wp-block-image\">\n<figure class=\"alignleft size-full\"><img loading=\"lazy\" decoding=\"async\" width=\"600\" height=\"450\" data-attachment-id=\"7799\" data-permalink=\"https:\/\/zsp1chojna.pl\/?attachment_id=7799\" data-orig-file=\"https:\/\/zsp1chojna.pl\/wp-content\/uploads\/2023\/12\/wybory-uzupe-SU-2023-2.jpg\" data-orig-size=\"600,450\" data-comments-opened=\"1\" data-image-meta=\"{&quot;aperture&quot;:&quot;0&quot;,&quot;credit&quot;:&quot;&quot;,&quot;camera&quot;:&quot;&quot;,&quot;caption&quot;:&quot;&quot;,&quot;created_timestamp&quot;:&quot;0&quot;,&quot;copyright&quot;:&quot;&quot;,&quot;focal_length&quot;:&quot;0&quot;,&quot;iso&quot;:&quot;0&quot;,&quot;shutter_speed&quot;:&quot;0&quot;,&quot;title&quot;:&quot;&quot;,&quot;orientation&quot;:&quot;0&quot;}\" data-image-title=\"wybory-uzupe-SU-2023-2\" data-image-description=\"\" data-image-caption=\"\" data-medium-file=\"https:\/\/zsp1chojna.pl\/wp-content\/uploads\/2023\/12\/wybory-uzupe-SU-2023-2-300x225.jpg\" data-large-file=\"https:\/\/zsp1chojna.pl\/wp-content\/uploads\/2023\/12\/wybory-uzupe-SU-2023-2.jpg\" src=\"https:\/\/zsp1chojna.pl\/wp-content\/uploads\/2023\/12\/wybory-uzupe-SU-2023-2.jpg\" alt=\"\" class=\"wp-image-7799\" srcset=\"https:\/\/zsp1chojna.pl\/wp-content\/uploads\/2023\/12\/wybory-uzupe-SU-2023-2.jpg 600w, https:\/\/zsp1chojna.pl\/wp-content\/uploads\/2023\/12\/wybory-uzupe-SU-2023-2-300x225.jpg 300w\" sizes=\"auto, (max-width: 600px) 100vw, 600px\" \/><\/figure>\n<\/div><\/div>\n<\/div>\n<\/div><\/div>\n\n\n\n<p class=\"has-text-align-justify\">Nad przebiegiem wybor\u00f3w czuwa\u0142a komisja, w kt\u00f3rej sk\u0142ad wchodzili uczniowie klas ko\u0144cz\u0105cych: Kinga Wo\u017aniak \u2013 przewodnicz\u0105ca komisji, Weronika Sawko \u2013 zast\u0119pca przewodnicz\u0105cej, Hubert Kropielnicki, Mateusz Kwa\u015bniewski i Kacper Wojciechowski, a\u00a0tak\u017ce Pan mgr Aleksander Lizak \u2013 pedagog szkolny i Pani mgr Edyta Daszkiewicz \u2013 opiekun Samorz\u0105du Uczniowskiego.<\/p>\n\n\n<div class=\"wp-block-image\">\n<figure class=\"aligncenter size-full is-resized\"><img loading=\"lazy\" decoding=\"async\" width=\"657\" height=\"877\" data-attachment-id=\"7801\" data-permalink=\"https:\/\/zsp1chojna.pl\/?attachment_id=7801\" data-orig-file=\"https:\/\/zsp1chojna.pl\/wp-content\/uploads\/2023\/12\/wybory-uzupe-SU-2023-3.jpg\" data-orig-size=\"657,877\" data-comments-opened=\"1\" data-image-meta=\"{&quot;aperture&quot;:&quot;0&quot;,&quot;credit&quot;:&quot;&quot;,&quot;camera&quot;:&quot;&quot;,&quot;caption&quot;:&quot;&quot;,&quot;created_timestamp&quot;:&quot;0&quot;,&quot;copyright&quot;:&quot;&quot;,&quot;focal_length&quot;:&quot;0&quot;,&quot;iso&quot;:&quot;0&quot;,&quot;shutter_speed&quot;:&quot;0&quot;,&quot;title&quot;:&quot;&quot;,&quot;orientation&quot;:&quot;0&quot;}\" data-image-title=\"wybory-uzupe-SU-2023 (3)\" data-image-description=\"\" data-image-caption=\"\" data-medium-file=\"https:\/\/zsp1chojna.pl\/wp-content\/uploads\/2023\/12\/wybory-uzupe-SU-2023-3-225x300.jpg\" data-large-file=\"https:\/\/zsp1chojna.pl\/wp-content\/uploads\/2023\/12\/wybory-uzupe-SU-2023-3.jpg\" src=\"https:\/\/zsp1chojna.pl\/wp-content\/uploads\/2023\/12\/wybory-uzupe-SU-2023-3.jpg\" alt=\"Wybory SU\" class=\"wp-image-7801\" style=\"width:477px;height:auto\" srcset=\"https:\/\/zsp1chojna.pl\/wp-content\/uploads\/2023\/12\/wybory-uzupe-SU-2023-3.jpg 657w, https:\/\/zsp1chojna.pl\/wp-content\/uploads\/2023\/12\/wybory-uzupe-SU-2023-3-225x300.jpg 225w, https:\/\/zsp1chojna.pl\/wp-content\/uploads\/2023\/12\/wybory-uzupe-SU-2023-3-624x833.jpg 624w\" sizes=\"auto, (max-width: 657px) 100vw, 657px\" \/><\/figure>\n<\/div>\n\n\n<p class=\"has-text-align-justify\">Zgodnie z Regulaminem, w sk\u0142ad Rady Samorz\u0105du Uczniowskiego, wesz\u0142y 4 osoby o najwi\u0119kszej liczbie g\u0142os\u00f3w:<\/p>\n\n\n\n<ol class=\"wp-block-list\">\n<li>Hanna Matusiak, kl. 1ac LO<\/li>\n\n\n\n<li>Dawid Gil, kl. 3TB<\/li>\n\n\n\n<li>Julia Gil, kl. 1TH<\/li>\n\n\n\n<li>Agnieszka Kuziemkowska, kl. 2H\u017b<\/li>\n<\/ol>\n\n\n\n<p>Dzi\u0119kujemy komisji wyborczej za prac\u0119 i czujno\u015b\u0107 nad prawid\u0142owym przebiegiem g\u0142osowania.<\/p>\n\n\n<div class=\"wp-block-image\">\n<figure class=\"aligncenter size-full\"><img loading=\"lazy\" decoding=\"async\" width=\"600\" height=\"450\" data-attachment-id=\"7802\" data-permalink=\"https:\/\/zsp1chojna.pl\/?attachment_id=7802\" data-orig-file=\"https:\/\/zsp1chojna.pl\/wp-content\/uploads\/2023\/12\/wybory-uzupe-SU-2023-4.jpg\" data-orig-size=\"600,450\" data-comments-opened=\"1\" data-image-meta=\"{&quot;aperture&quot;:&quot;0&quot;,&quot;credit&quot;:&quot;&quot;,&quot;camera&quot;:&quot;&quot;,&quot;caption&quot;:&quot;&quot;,&quot;created_timestamp&quot;:&quot;1702540253&quot;,&quot;copyright&quot;:&quot;&quot;,&quot;focal_length&quot;:&quot;0&quot;,&quot;iso&quot;:&quot;0&quot;,&quot;shutter_speed&quot;:&quot;0&quot;,&quot;title&quot;:&quot;&quot;,&quot;orientation&quot;:&quot;1&quot;}\" data-image-title=\"wybory-uzupe-SU-2023 (4)\" data-image-description=\"\" data-image-caption=\"\" data-medium-file=\"https:\/\/zsp1chojna.pl\/wp-content\/uploads\/2023\/12\/wybory-uzupe-SU-2023-4-300x225.jpg\" data-large-file=\"https:\/\/zsp1chojna.pl\/wp-content\/uploads\/2023\/12\/wybory-uzupe-SU-2023-4.jpg\" src=\"https:\/\/zsp1chojna.pl\/wp-content\/uploads\/2023\/12\/wybory-uzupe-SU-2023-4.jpg\" alt=\"Wybory SU\" class=\"wp-image-7802\" srcset=\"https:\/\/zsp1chojna.pl\/wp-content\/uploads\/2023\/12\/wybory-uzupe-SU-2023-4.jpg 600w, https:\/\/zsp1chojna.pl\/wp-content\/uploads\/2023\/12\/wybory-uzupe-SU-2023-4-300x225.jpg 300w\" sizes=\"auto, (max-width: 600px) 100vw, 600px\" \/><\/figure>\n<\/div>\n\n\n<p class=\"has-text-align-justify\">Zwyci\u0119zcom \u017cyczymy wielu inspiruj\u0105cych pomys\u0142\u00f3w, nieustaj\u0105cego entuzjazmu oraz kreatywno\u015bci w dzia\u0142aniu na rzecz naszej spo\u0142eczno\u015bci szkolnej.<\/p>\n\n\n\n<p class=\"has-text-align-right\">Samorz\u0105d Uczniowski<br>mgr Edyta Daszkiewicz<\/p>\n","protected":false},"excerpt":{"rendered":"<p>W dniach 11-14 grudnia 2023 r., odby\u0142y si\u0119 wybory uzupe\u0142niaj\u0105ce do Samorz\u0105du Uczniowskiego. Do Rady Samorz\u0105du Uczniowskiego, zg\u0142osi\u0142o si\u0119 19. kandydat\u00f3w, ze\u00a0wszystkich typ\u00f3w szk\u00f3\u0142 naszego zespo\u0142u. Zgodnie z ordynacj\u0105 wyborcz\u0105 [&hellip;]<\/p>\n","protected":false},"author":1,"featured_media":7799,"comment_status":"open","ping_status":"open","sticky":false,"template":"","format":"standard","meta":{"footnotes":""},"categories":[26],"tags":[],"class_list":["post-7797","post","type-post","status-publish","format-standard","has-post-thumbnail","hentry","category-aktualnosci-2023-2024"],"wbAuthor":{"name":"admin","link":"https:\/\/zsp1chojna.pl\/?author=1"},"wbDate":"gru 11, 2023","wbCategories":{"space":"<a href=\"https:\/\/zsp1chojna.pl\/?cat=26\" rel=\"category\">Aktualno\u015bci 2023\/2024<\/a>","coma":"<a href=\"https:\/\/zsp1chojna.pl\/?cat=26\" rel=\"category\">Aktualno\u015bci 2023\/2024<\/a>"},"wbComment":0,"yoast_head":"<!-- This site is optimized with the Yoast SEO plugin v20.13 - https:\/\/yoast.com\/wordpress\/plugins\/seo\/ -->\n<title>Wybory uzupe\u0142niaj\u0105ce do Samorz\u0105du Uczniowskiego - ZSP w Chojnie<\/title>\n<meta name=\"robots\" content=\"index, follow, max-snippet:-1, max-image-preview:large, max-video-preview:-1\" \/>\n<link rel=\"canonical\" href=\"https:\/\/zsp1chojna.pl\/?p=7797\" \/>\n<meta property=\"og:locale\" content=\"pl_PL\" \/>\n<meta property=\"og:type\" content=\"article\" \/>\n<meta property=\"og:title\" content=\"Wybory uzupe\u0142niaj\u0105ce do Samorz\u0105du Uczniowskiego - ZSP w Chojnie\" \/>\n<meta property=\"og:description\" content=\"W dniach 11-14 grudnia 2023 r., odby\u0142y si\u0119 wybory uzupe\u0142niaj\u0105ce do Samorz\u0105du Uczniowskiego. Do Rady Samorz\u0105du Uczniowskiego, zg\u0142osi\u0142o si\u0119 19. kandydat\u00f3w, ze\u00a0wszystkich typ\u00f3w szk\u00f3\u0142 naszego zespo\u0142u. Zgodnie z ordynacj\u0105 wyborcz\u0105 [&hellip;]\" \/>\n<meta property=\"og:url\" content=\"https:\/\/zsp1chojna.pl\/?p=7797\" \/>\n<meta property=\"og:site_name\" content=\"ZSP w Chojnie\" \/>\n<meta property=\"article:published_time\" content=\"2023-12-11T15:45:13+00:00\" \/>\n<meta property=\"article:modified_time\" content=\"2023-12-20T15:53:20+00:00\" \/>\n<meta property=\"og:image\" content=\"https:\/\/zsp1chojna.pl\/wp-content\/uploads\/2023\/12\/wybory-uzupe-SU-2023-2.jpg\" \/>\n\t<meta property=\"og:image:width\" content=\"600\" \/>\n\t<meta property=\"og:image:height\" content=\"450\" \/>\n\t<meta property=\"og:image:type\" content=\"image\/jpeg\" \/>\n<meta name=\"author\" content=\"admin\" \/>\n<meta name=\"twitter:card\" content=\"summary_large_image\" \/>\n<meta name=\"twitter:label1\" content=\"Napisane przez\" \/>\n\t<meta name=\"twitter:data1\" content=\"admin\" \/>\n\t<meta name=\"twitter:label2\" content=\"Szacowany czas czytania\" \/>\n\t<meta name=\"twitter:data2\" content=\"2 minuty\" \/>\n<script type=\"application\/ld+json\" class=\"yoast-schema-graph\">{\"@context\":\"https:\/\/schema.org\",\"@graph\":[{\"@type\":\"Article\",\"@id\":\"https:\/\/zsp1chojna.pl\/?p=7797#article\",\"isPartOf\":{\"@id\":\"https:\/\/zsp1chojna.pl\/?p=7797\"},\"author\":{\"name\":\"admin\",\"@id\":\"https:\/\/zsp1chojna.pl\/#\/schema\/person\/fe8d6c03379c9cface386de0c172e127\"},\"headline\":\"Wybory uzupe\u0142niaj\u0105ce do Samorz\u0105du Uczniowskiego\",\"datePublished\":\"2023-12-11T15:45:13+00:00\",\"dateModified\":\"2023-12-20T15:53:20+00:00\",\"mainEntityOfPage\":{\"@id\":\"https:\/\/zsp1chojna.pl\/?p=7797\"},\"wordCount\":192,\"commentCount\":0,\"publisher\":{\"@id\":\"https:\/\/zsp1chojna.pl\/#organization\"},\"articleSection\":[\"Aktualno\u015bci 2023\/2024\"],\"inLanguage\":\"pl-PL\",\"potentialAction\":[{\"@type\":\"CommentAction\",\"name\":\"Comment\",\"target\":[\"https:\/\/zsp1chojna.pl\/?p=7797#respond\"]}]},{\"@type\":\"WebPage\",\"@id\":\"https:\/\/zsp1chojna.pl\/?p=7797\",\"url\":\"https:\/\/zsp1chojna.pl\/?p=7797\",\"name\":\"Wybory uzupe\u0142niaj\u0105ce do Samorz\u0105du Uczniowskiego - ZSP w Chojnie\",\"isPartOf\":{\"@id\":\"https:\/\/zsp1chojna.pl\/#website\"},\"datePublished\":\"2023-12-11T15:45:13+00:00\",\"dateModified\":\"2023-12-20T15:53:20+00:00\",\"breadcrumb\":{\"@id\":\"https:\/\/zsp1chojna.pl\/?p=7797#breadcrumb\"},\"inLanguage\":\"pl-PL\",\"potentialAction\":[{\"@type\":\"ReadAction\",\"target\":[\"https:\/\/zsp1chojna.pl\/?p=7797\"]}]},{\"@type\":\"BreadcrumbList\",\"@id\":\"https:\/\/zsp1chojna.pl\/?p=7797#breadcrumb\",\"itemListElement\":[{\"@type\":\"ListItem\",\"position\":1,\"name\":\"Home\",\"item\":\"https:\/\/zsp1chojna.pl\/\"},{\"@type\":\"ListItem\",\"position\":2,\"name\":\"Wybory uzupe\u0142niaj\u0105ce do Samorz\u0105du Uczniowskiego\"}]},{\"@type\":\"WebSite\",\"@id\":\"https:\/\/zsp1chojna.pl\/#website\",\"url\":\"https:\/\/zsp1chojna.pl\/\",\"name\":\"ZSP w Chojnie\",\"description\":\"\",\"publisher\":{\"@id\":\"https:\/\/zsp1chojna.pl\/#organization\"},\"potentialAction\":[{\"@type\":\"SearchAction\",\"target\":{\"@type\":\"EntryPoint\",\"urlTemplate\":\"https:\/\/zsp1chojna.pl\/?s={search_term_string}\"},\"query-input\":\"required name=search_term_string\"}],\"inLanguage\":\"pl-PL\"},{\"@type\":\"Organization\",\"@id\":\"https:\/\/zsp1chojna.pl\/#organization\",\"name\":\"ZSP w Chojnie\",\"url\":\"https:\/\/zsp1chojna.pl\/\",\"logo\":{\"@type\":\"ImageObject\",\"inLanguage\":\"pl-PL\",\"@id\":\"https:\/\/zsp1chojna.pl\/#\/schema\/logo\/image\/\",\"url\":\"https:\/\/zsp1chojna.pl\/wp-content\/uploads\/2023\/08\/cropped-cropped-cropped-Logo-biale-napis-na-3-wiersze_504-1.png\",\"contentUrl\":\"https:\/\/zsp1chojna.pl\/wp-content\/uploads\/2023\/08\/cropped-cropped-cropped-Logo-biale-napis-na-3-wiersze_504-1.png\",\"width\":504,\"height\":167,\"caption\":\"ZSP w Chojnie\"},\"image\":{\"@id\":\"https:\/\/zsp1chojna.pl\/#\/schema\/logo\/image\/\"}},{\"@type\":\"Person\",\"@id\":\"https:\/\/zsp1chojna.pl\/#\/schema\/person\/fe8d6c03379c9cface386de0c172e127\",\"name\":\"admin\",\"image\":{\"@type\":\"ImageObject\",\"inLanguage\":\"pl-PL\",\"@id\":\"https:\/\/zsp1chojna.pl\/#\/schema\/person\/image\/\",\"url\":\"https:\/\/secure.gravatar.com\/avatar\/35d79b1d799ff9bac401976862e535bf785f4039d8313d3c00b303598a46dd4e?s=96&d=mm&r=g\",\"contentUrl\":\"https:\/\/secure.gravatar.com\/avatar\/35d79b1d799ff9bac401976862e535bf785f4039d8313d3c00b303598a46dd4e?s=96&d=mm&r=g\",\"caption\":\"admin\"},\"sameAs\":[\"http:\/\/nowazspchojna.pl\"],\"url\":\"https:\/\/zsp1chojna.pl\/?author=1\"}]}<\/script>\n<!-- \/ Yoast SEO plugin. -->","yoast_head_json":{"title":"Wybory uzupe\u0142niaj\u0105ce do Samorz\u0105du Uczniowskiego - ZSP w Chojnie","robots":{"index":"index","follow":"follow","max-snippet":"max-snippet:-1","max-image-preview":"max-image-preview:large","max-video-preview":"max-video-preview:-1"},"canonical":"https:\/\/zsp1chojna.pl\/?p=7797","og_locale":"pl_PL","og_type":"article","og_title":"Wybory uzupe\u0142niaj\u0105ce do Samorz\u0105du Uczniowskiego - ZSP w Chojnie","og_description":"W dniach 11-14 grudnia 2023 r., odby\u0142y si\u0119 wybory uzupe\u0142niaj\u0105ce do Samorz\u0105du Uczniowskiego. Do Rady Samorz\u0105du Uczniowskiego, zg\u0142osi\u0142o si\u0119 19. kandydat\u00f3w, ze\u00a0wszystkich typ\u00f3w szk\u00f3\u0142 naszego zespo\u0142u. Zgodnie z ordynacj\u0105 wyborcz\u0105 [&hellip;]","og_url":"https:\/\/zsp1chojna.pl\/?p=7797","og_site_name":"ZSP w Chojnie","article_published_time":"2023-12-11T15:45:13+00:00","article_modified_time":"2023-12-20T15:53:20+00:00","og_image":[{"width":600,"height":450,"url":"https:\/\/zsp1chojna.pl\/wp-content\/uploads\/2023\/12\/wybory-uzupe-SU-2023-2.jpg","type":"image\/jpeg"}],"author":"admin","twitter_card":"summary_large_image","twitter_misc":{"Napisane przez":"admin","Szacowany czas czytania":"2 minuty"},"schema":{"@context":"https:\/\/schema.org","@graph":[{"@type":"Article","@id":"https:\/\/zsp1chojna.pl\/?p=7797#article","isPartOf":{"@id":"https:\/\/zsp1chojna.pl\/?p=7797"},"author":{"name":"admin","@id":"https:\/\/zsp1chojna.pl\/#\/schema\/person\/fe8d6c03379c9cface386de0c172e127"},"headline":"Wybory uzupe\u0142niaj\u0105ce do Samorz\u0105du Uczniowskiego","datePublished":"2023-12-11T15:45:13+00:00","dateModified":"2023-12-20T15:53:20+00:00","mainEntityOfPage":{"@id":"https:\/\/zsp1chojna.pl\/?p=7797"},"wordCount":192,"commentCount":0,"publisher":{"@id":"https:\/\/zsp1chojna.pl\/#organization"},"articleSection":["Aktualno\u015bci 2023\/2024"],"inLanguage":"pl-PL","potentialAction":[{"@type":"CommentAction","name":"Comment","target":["https:\/\/zsp1chojna.pl\/?p=7797#respond"]}]},{"@type":"WebPage","@id":"https:\/\/zsp1chojna.pl\/?p=7797","url":"https:\/\/zsp1chojna.pl\/?p=7797","name":"Wybory uzupe\u0142niaj\u0105ce do Samorz\u0105du Uczniowskiego - ZSP w Chojnie","isPartOf":{"@id":"https:\/\/zsp1chojna.pl\/#website"},"datePublished":"2023-12-11T15:45:13+00:00","dateModified":"2023-12-20T15:53:20+00:00","breadcrumb":{"@id":"https:\/\/zsp1chojna.pl\/?p=7797#breadcrumb"},"inLanguage":"pl-PL","potentialAction":[{"@type":"ReadAction","target":["https:\/\/zsp1chojna.pl\/?p=7797"]}]},{"@type":"BreadcrumbList","@id":"https:\/\/zsp1chojna.pl\/?p=7797#breadcrumb","itemListElement":[{"@type":"ListItem","position":1,"name":"Home","item":"https:\/\/zsp1chojna.pl\/"},{"@type":"ListItem","position":2,"name":"Wybory uzupe\u0142niaj\u0105ce do Samorz\u0105du Uczniowskiego"}]},{"@type":"WebSite","@id":"https:\/\/zsp1chojna.pl\/#website","url":"https:\/\/zsp1chojna.pl\/","name":"ZSP w Chojnie","description":"","publisher":{"@id":"https:\/\/zsp1chojna.pl\/#organization"},"potentialAction":[{"@type":"SearchAction","target":{"@type":"EntryPoint","urlTemplate":"https:\/\/zsp1chojna.pl\/?s={search_term_string}"},"query-input":"required name=search_term_string"}],"inLanguage":"pl-PL"},{"@type":"Organization","@id":"https:\/\/zsp1chojna.pl\/#organization","name":"ZSP w Chojnie","url":"https:\/\/zsp1chojna.pl\/","logo":{"@type":"ImageObject","inLanguage":"pl-PL","@id":"https:\/\/zsp1chojna.pl\/#\/schema\/logo\/image\/","url":"https:\/\/zsp1chojna.pl\/wp-content\/uploads\/2023\/08\/cropped-cropped-cropped-Logo-biale-napis-na-3-wiersze_504-1.png","contentUrl":"https:\/\/zsp1chojna.pl\/wp-content\/uploads\/2023\/08\/cropped-cropped-cropped-Logo-biale-napis-na-3-wiersze_504-1.png","width":504,"height":167,"caption":"ZSP w Chojnie"},"image":{"@id":"https:\/\/zsp1chojna.pl\/#\/schema\/logo\/image\/"}},{"@type":"Person","@id":"https:\/\/zsp1chojna.pl\/#\/schema\/person\/fe8d6c03379c9cface386de0c172e127","name":"admin","image":{"@type":"ImageObject","inLanguage":"pl-PL","@id":"https:\/\/zsp1chojna.pl\/#\/schema\/person\/image\/","url":"https:\/\/secure.gravatar.com\/avatar\/35d79b1d799ff9bac401976862e535bf785f4039d8313d3c00b303598a46dd4e?s=96&d=mm&r=g","contentUrl":"https:\/\/secure.gravatar.com\/avatar\/35d79b1d799ff9bac401976862e535bf785f4039d8313d3c00b303598a46dd4e?s=96&d=mm&r=g","caption":"admin"},"sameAs":["http:\/\/nowazspchojna.pl"],"url":"https:\/\/zsp1chojna.pl\/?author=1"}]}},"jetpack_featured_media_url":"https:\/\/zsp1chojna.pl\/wp-content\/uploads\/2023\/12\/wybory-uzupe-SU-2023-2.jpg","_links":{"self":[{"href":"https:\/\/zsp1chojna.pl\/index.php?rest_route=\/wp\/v2\/posts\/7797","targetHints":{"allow":["GET"]}}],"collection":[{"href":"https:\/\/zsp1chojna.pl\/index.php?rest_route=\/wp\/v2\/posts"}],"about":[{"href":"https:\/\/zsp1chojna.pl\/index.php?rest_route=\/wp\/v2\/types\/post"}],"author":[{"embeddable":true,"href":"https:\/\/zsp1chojna.pl\/index.php?rest_route=\/wp\/v2\/users\/1"}],"replies":[{"embeddable":true,"href":"https:\/\/zsp1chojna.pl\/index.php?rest_route=%2Fwp%2Fv2%2Fcomments&post=7797"}],"version-history":[{"count":2,"href":"https:\/\/zsp1chojna.pl\/index.php?rest_route=\/wp\/v2\/posts\/7797\/revisions"}],"predecessor-version":[{"id":7804,"href":"https:\/\/zsp1chojna.pl\/index.php?rest_route=\/wp\/v2\/posts\/7797\/revisions\/7804"}],"wp:featuredmedia":[{"embeddable":true,"href":"https:\/\/zsp1chojna.pl\/index.php?rest_route=\/wp\/v2\/media\/7799"}],"wp:attachment":[{"href":"https:\/\/zsp1chojna.pl\/index.php?rest_route=%2Fwp%2Fv2%2Fmedia&parent=7797"}],"wp:term":[{"taxonomy":"category","embeddable":true,"href":"https:\/\/zsp1chojna.pl\/index.php?rest_route=%2Fwp%2Fv2%2Fcategories&post=7797"},{"taxonomy":"post_tag","embeddable":true,"href":"https:\/\/zsp1chojna.pl\/index.php?rest_route=%2Fwp%2Fv2%2Ftags&post=7797"}],"curies":[{"name":"wp","href":"https:\/\/api.w.org\/{rel}","templated":true}]}}