{"id":7784,"date":"2023-11-29T16:35:41","date_gmt":"2023-11-29T15:35:41","guid":{"rendered":"https:\/\/zsp1chojna.pl\/?p=7784"},"modified":"2023-12-20T16:44:38","modified_gmt":"2023-12-20T15:44:38","slug":"zajecia-praktyczne-opw-w-5-pulku-inzynieryjnym-w-szczecinie","status":"publish","type":"post","link":"https:\/\/zsp1chojna.pl\/?p=7784","title":{"rendered":"Zaj\u0119cia praktyczne OPW w 5. Pu\u0142ku In\u017cynieryjnym w Szczecinie"},"content":{"rendered":"\n<p class=\"has-text-align-justify\">29 listopada 2023 r., kadeci klasy 1c oraz 2c Oddzia\u0142u Przygotowania Wojskowego, brali udzia\u0142 w zaj\u0119ciach praktycznych, kt\u00f3re realizowane by\u0142y w jednostce patronackiej \u2013 5\u00a0Pu\u0142ku In\u017cynieryjnym w Szczecinie Podjuchach.<\/p>\n\n\n<div class=\"wp-block-image\">\n<figure class=\"aligncenter size-full is-resized\"><img loading=\"lazy\" decoding=\"async\" width=\"800\" height=\"436\" data-attachment-id=\"7789\" data-permalink=\"https:\/\/zsp1chojna.pl\/?attachment_id=7789\" data-orig-file=\"https:\/\/zsp1chojna.pl\/wp-content\/uploads\/2023\/12\/zajecia-praktyczne-OPW-1.jpg\" data-orig-size=\"800,436\" data-comments-opened=\"1\" data-image-meta=\"{&quot;aperture&quot;:&quot;0&quot;,&quot;credit&quot;:&quot;&quot;,&quot;camera&quot;:&quot;&quot;,&quot;caption&quot;:&quot;&quot;,&quot;created_timestamp&quot;:&quot;0&quot;,&quot;copyright&quot;:&quot;&quot;,&quot;focal_length&quot;:&quot;0&quot;,&quot;iso&quot;:&quot;0&quot;,&quot;shutter_speed&quot;:&quot;0&quot;,&quot;title&quot;:&quot;&quot;,&quot;orientation&quot;:&quot;0&quot;}\" data-image-title=\"zajecia-praktyczne-OPW (1)\" data-image-description=\"\" data-image-caption=\"\" data-medium-file=\"https:\/\/zsp1chojna.pl\/wp-content\/uploads\/2023\/12\/zajecia-praktyczne-OPW-1-300x164.jpg\" data-large-file=\"https:\/\/zsp1chojna.pl\/wp-content\/uploads\/2023\/12\/zajecia-praktyczne-OPW-1.jpg\" src=\"https:\/\/zsp1chojna.pl\/wp-content\/uploads\/2023\/12\/zajecia-praktyczne-OPW-1.jpg\" alt=\"Zaj\u0119cia praktyczne OPW w 5. Pu\u0142ku In\u017cynieryjnym w Szczecinie\" class=\"wp-image-7789\" style=\"width:560px;height:auto\" srcset=\"https:\/\/zsp1chojna.pl\/wp-content\/uploads\/2023\/12\/zajecia-praktyczne-OPW-1.jpg 800w, https:\/\/zsp1chojna.pl\/wp-content\/uploads\/2023\/12\/zajecia-praktyczne-OPW-1-300x164.jpg 300w, https:\/\/zsp1chojna.pl\/wp-content\/uploads\/2023\/12\/zajecia-praktyczne-OPW-1-768x419.jpg 768w, https:\/\/zsp1chojna.pl\/wp-content\/uploads\/2023\/12\/zajecia-praktyczne-OPW-1-624x340.jpg 624w\" sizes=\"auto, (max-width: 800px) 100vw, 800px\" \/><\/figure>\n<\/div>\n\n\n<p class=\"has-text-align-justify\">Kadeci klasy 1c OPW, realizowali zaj\u0119cia musztry, w trakcie kt\u00f3rych wykonywali zbi\u00f3rki, marsz ca\u0142ym pododdzia\u0142em, oddawanie honor\u00f3w, \u0107wiczyli tak\u017ce wyst\u0119powanie i\u00a0wst\u0119powanie oraz zmian\u0119 ugrupowania. Podczas zaj\u0119\u0107 taktycznych, realizowany by\u0142 temat przygotowania \u017co\u0142nierza do dzia\u0142ania na polu walki oraz techniki pokonywania terenu i\u00a0przeszk\u00f3d terenowych.<\/p>\n\n\n<div class=\"wp-block-image\">\n<figure class=\"aligncenter size-full is-resized\"><img loading=\"lazy\" decoding=\"async\" width=\"800\" height=\"443\" data-attachment-id=\"7788\" data-permalink=\"https:\/\/zsp1chojna.pl\/?attachment_id=7788\" data-orig-file=\"https:\/\/zsp1chojna.pl\/wp-content\/uploads\/2023\/12\/zajecia-praktyczne-OPW-2.jpg\" data-orig-size=\"800,443\" data-comments-opened=\"1\" data-image-meta=\"{&quot;aperture&quot;:&quot;0&quot;,&quot;credit&quot;:&quot;&quot;,&quot;camera&quot;:&quot;&quot;,&quot;caption&quot;:&quot;&quot;,&quot;created_timestamp&quot;:&quot;0&quot;,&quot;copyright&quot;:&quot;&quot;,&quot;focal_length&quot;:&quot;0&quot;,&quot;iso&quot;:&quot;0&quot;,&quot;shutter_speed&quot;:&quot;0&quot;,&quot;title&quot;:&quot;&quot;,&quot;orientation&quot;:&quot;0&quot;}\" data-image-title=\"zajecia-praktyczne-OPW (2)\" data-image-description=\"\" data-image-caption=\"\" data-medium-file=\"https:\/\/zsp1chojna.pl\/wp-content\/uploads\/2023\/12\/zajecia-praktyczne-OPW-2-300x166.jpg\" data-large-file=\"https:\/\/zsp1chojna.pl\/wp-content\/uploads\/2023\/12\/zajecia-praktyczne-OPW-2.jpg\" src=\"https:\/\/zsp1chojna.pl\/wp-content\/uploads\/2023\/12\/zajecia-praktyczne-OPW-2.jpg\" alt=\"Zaj\u0119cia praktyczne OPW w 5. Pu\u0142ku In\u017cynieryjnym w Szczecinie\" class=\"wp-image-7788\" style=\"width:567px;height:auto\" srcset=\"https:\/\/zsp1chojna.pl\/wp-content\/uploads\/2023\/12\/zajecia-praktyczne-OPW-2.jpg 800w, https:\/\/zsp1chojna.pl\/wp-content\/uploads\/2023\/12\/zajecia-praktyczne-OPW-2-300x166.jpg 300w, https:\/\/zsp1chojna.pl\/wp-content\/uploads\/2023\/12\/zajecia-praktyczne-OPW-2-768x425.jpg 768w, https:\/\/zsp1chojna.pl\/wp-content\/uploads\/2023\/12\/zajecia-praktyczne-OPW-2-624x346.jpg 624w\" sizes=\"auto, (max-width: 800px) 100vw, 800px\" \/><\/figure>\n<\/div>\n\n\n<p class=\"has-text-align-justify\">W tym czasie, uczniowie uczyli si\u0119 jak przygotowa\u0107 uzbrojenie, sprz\u0119t wojskowy i\u00a0wyposa\u017cenie do dzia\u0142ania na polu walki, podstawowych sygna\u0142\u00f3w dowodzenia, przemieszczania si\u0119 \u017co\u0142nierza po polu walki oraz technik pokonywania terenu (indywidualnie i w zespole dwuosobowym).<\/p>\n\n\n<div class=\"wp-block-image\">\n<figure class=\"aligncenter size-full is-resized\"><img loading=\"lazy\" decoding=\"async\" width=\"800\" height=\"492\" data-attachment-id=\"7787\" data-permalink=\"https:\/\/zsp1chojna.pl\/?attachment_id=7787\" data-orig-file=\"https:\/\/zsp1chojna.pl\/wp-content\/uploads\/2023\/12\/zajecia-praktyczne-OPW-3.jpg\" data-orig-size=\"800,492\" data-comments-opened=\"1\" data-image-meta=\"{&quot;aperture&quot;:&quot;0&quot;,&quot;credit&quot;:&quot;&quot;,&quot;camera&quot;:&quot;&quot;,&quot;caption&quot;:&quot;&quot;,&quot;created_timestamp&quot;:&quot;0&quot;,&quot;copyright&quot;:&quot;&quot;,&quot;focal_length&quot;:&quot;0&quot;,&quot;iso&quot;:&quot;0&quot;,&quot;shutter_speed&quot;:&quot;0&quot;,&quot;title&quot;:&quot;&quot;,&quot;orientation&quot;:&quot;0&quot;}\" data-image-title=\"zajecia-praktyczne-OPW (3)\" data-image-description=\"\" data-image-caption=\"\" data-medium-file=\"https:\/\/zsp1chojna.pl\/wp-content\/uploads\/2023\/12\/zajecia-praktyczne-OPW-3-300x185.jpg\" data-large-file=\"https:\/\/zsp1chojna.pl\/wp-content\/uploads\/2023\/12\/zajecia-praktyczne-OPW-3.jpg\" src=\"https:\/\/zsp1chojna.pl\/wp-content\/uploads\/2023\/12\/zajecia-praktyczne-OPW-3.jpg\" alt=\"Zaj\u0119cia praktyczne OPW w 5. Pu\u0142ku In\u017cynieryjnym w Szczecinie\" class=\"wp-image-7787\" style=\"width:584px;height:auto\" srcset=\"https:\/\/zsp1chojna.pl\/wp-content\/uploads\/2023\/12\/zajecia-praktyczne-OPW-3.jpg 800w, https:\/\/zsp1chojna.pl\/wp-content\/uploads\/2023\/12\/zajecia-praktyczne-OPW-3-300x185.jpg 300w, https:\/\/zsp1chojna.pl\/wp-content\/uploads\/2023\/12\/zajecia-praktyczne-OPW-3-768x472.jpg 768w, https:\/\/zsp1chojna.pl\/wp-content\/uploads\/2023\/12\/zajecia-praktyczne-OPW-3-624x384.jpg 624w\" sizes=\"auto, (max-width: 800px) 100vw, 800px\" \/><\/figure>\n<\/div>\n\n\n<p class=\"has-text-align-justify\">Natomiast kadeci klasy 2, realizowali praktycznie zaj\u0119cia ze szkolenia strzeleckiego pt.: \u201eCzynno\u015bci przygotowawcze do strzelania\u201d, w trakcie kt\u00f3rych uczyli si\u0119 zakresu czynno\u015bci wchodz\u0105cych do przygotowania strzelania, w tym sk\u0142adania i rozk\u0142adania karabinka Beryl oraz jego obs\u0142ugi.<\/p>\n\n\n<div class=\"wp-block-image\">\n<figure class=\"aligncenter size-full is-resized\"><img loading=\"lazy\" decoding=\"async\" width=\"800\" height=\"431\" data-attachment-id=\"7786\" data-permalink=\"https:\/\/zsp1chojna.pl\/?attachment_id=7786\" data-orig-file=\"https:\/\/zsp1chojna.pl\/wp-content\/uploads\/2023\/12\/zajecia-praktyczne-OPW-1.png\" data-orig-size=\"800,431\" data-comments-opened=\"1\" data-image-meta=\"{&quot;aperture&quot;:&quot;0&quot;,&quot;credit&quot;:&quot;&quot;,&quot;camera&quot;:&quot;&quot;,&quot;caption&quot;:&quot;&quot;,&quot;created_timestamp&quot;:&quot;0&quot;,&quot;copyright&quot;:&quot;&quot;,&quot;focal_length&quot;:&quot;0&quot;,&quot;iso&quot;:&quot;0&quot;,&quot;shutter_speed&quot;:&quot;0&quot;,&quot;title&quot;:&quot;&quot;,&quot;orientation&quot;:&quot;0&quot;}\" data-image-title=\"zajecia-praktyczne-OPW (1)\" data-image-description=\"\" data-image-caption=\"\" data-medium-file=\"https:\/\/zsp1chojna.pl\/wp-content\/uploads\/2023\/12\/zajecia-praktyczne-OPW-1-300x162.png\" data-large-file=\"https:\/\/zsp1chojna.pl\/wp-content\/uploads\/2023\/12\/zajecia-praktyczne-OPW-1.png\" src=\"https:\/\/zsp1chojna.pl\/wp-content\/uploads\/2023\/12\/zajecia-praktyczne-OPW-1.png\" alt=\"\" class=\"wp-image-7786\" style=\"width:604px;height:auto\" srcset=\"https:\/\/zsp1chojna.pl\/wp-content\/uploads\/2023\/12\/zajecia-praktyczne-OPW-1.png 800w, https:\/\/zsp1chojna.pl\/wp-content\/uploads\/2023\/12\/zajecia-praktyczne-OPW-1-300x162.png 300w, https:\/\/zsp1chojna.pl\/wp-content\/uploads\/2023\/12\/zajecia-praktyczne-OPW-1-768x414.png 768w, https:\/\/zsp1chojna.pl\/wp-content\/uploads\/2023\/12\/zajecia-praktyczne-OPW-1-624x336.png 624w\" sizes=\"auto, (max-width: 800px) 100vw, 800px\" \/><\/figure>\n<\/div>\n\n\n<p class=\"has-text-align-justify\">Kadeci \u0107wiczyli tak\u017ce umiej\u0119tno\u015b\u0107 \u0142adowania i roz\u0142adowania magazynk\u00f3w. Drugim realizowanym w tym dniu tematem, by\u0142o przyjmowanie postaw strzeleckich i \u0142\u0105cznych czynno\u015bci do strzelania. Ca\u0142o\u015b\u0107 zaj\u0119\u0107 realizowana by\u0142a w kompleksie Puszczy Bukowej, pod okiem do\u015bwiadczonych instruktor\u00f3w.<\/p>\n\n\n<div class=\"wp-block-image\">\n<figure class=\"aligncenter size-full is-resized\"><img loading=\"lazy\" decoding=\"async\" width=\"800\" height=\"602\" data-attachment-id=\"7785\" data-permalink=\"https:\/\/zsp1chojna.pl\/?attachment_id=7785\" data-orig-file=\"https:\/\/zsp1chojna.pl\/wp-content\/uploads\/2023\/12\/zajecia-praktyczne-OPW-4.jpg\" data-orig-size=\"800,602\" data-comments-opened=\"1\" data-image-meta=\"{&quot;aperture&quot;:&quot;0&quot;,&quot;credit&quot;:&quot;&quot;,&quot;camera&quot;:&quot;&quot;,&quot;caption&quot;:&quot;&quot;,&quot;created_timestamp&quot;:&quot;0&quot;,&quot;copyright&quot;:&quot;&quot;,&quot;focal_length&quot;:&quot;0&quot;,&quot;iso&quot;:&quot;0&quot;,&quot;shutter_speed&quot;:&quot;0&quot;,&quot;title&quot;:&quot;&quot;,&quot;orientation&quot;:&quot;0&quot;}\" data-image-title=\"zajecia-praktyczne-OPW (4)\" data-image-description=\"\" data-image-caption=\"\" data-medium-file=\"https:\/\/zsp1chojna.pl\/wp-content\/uploads\/2023\/12\/zajecia-praktyczne-OPW-4-300x226.jpg\" data-large-file=\"https:\/\/zsp1chojna.pl\/wp-content\/uploads\/2023\/12\/zajecia-praktyczne-OPW-4.jpg\" src=\"https:\/\/zsp1chojna.pl\/wp-content\/uploads\/2023\/12\/zajecia-praktyczne-OPW-4.jpg\" alt=\"Zaj\u0119cia praktyczne OPW w 5. Pu\u0142ku In\u017cynieryjnym w Szczecinie\" class=\"wp-image-7785\" style=\"width:620px;height:auto\" srcset=\"https:\/\/zsp1chojna.pl\/wp-content\/uploads\/2023\/12\/zajecia-praktyczne-OPW-4.jpg 800w, https:\/\/zsp1chojna.pl\/wp-content\/uploads\/2023\/12\/zajecia-praktyczne-OPW-4-300x226.jpg 300w, https:\/\/zsp1chojna.pl\/wp-content\/uploads\/2023\/12\/zajecia-praktyczne-OPW-4-768x578.jpg 768w, https:\/\/zsp1chojna.pl\/wp-content\/uploads\/2023\/12\/zajecia-praktyczne-OPW-4-624x470.jpg 624w\" sizes=\"auto, (max-width: 800px) 100vw, 800px\" \/><\/figure>\n<\/div>\n\n\n<p class=\"has-text-align-justify\">Pomimo dojmuj\u0105cego ch\u0142odu, \u0107wiczono nast\u0119puj\u0105ce zagadnienia: przygotowanie broni do strzelania, przyjmowanie postaw strzeleckich, sk\u0142adanie si\u0119 do strza\u0142u, celowanie oraz \u0142\u0105czne czynno\u015bci do strzelania. Uczniowie przemieszczali si\u0119 na zaj\u0119cia marszem ubezpieczonym.<\/p>\n\n\n\n<p class=\"has-text-align-right\">&nbsp;&nbsp;&nbsp;&nbsp;&nbsp;&nbsp;&nbsp;&nbsp;&nbsp;&nbsp;&nbsp;&nbsp;&nbsp;&nbsp;&nbsp;&nbsp;&nbsp;&nbsp;&nbsp;&nbsp;&nbsp;&nbsp;&nbsp;&nbsp;&nbsp;&nbsp;&nbsp;&nbsp;&nbsp;&nbsp;&nbsp;&nbsp;&nbsp;&nbsp;&nbsp;&nbsp;&nbsp;&nbsp;&nbsp;&nbsp;&nbsp;&nbsp;&nbsp;&nbsp;&nbsp;&nbsp;&nbsp;&nbsp;&nbsp;&nbsp;&nbsp;&nbsp;&nbsp;&nbsp;&nbsp;&nbsp;&nbsp;&nbsp;&nbsp;&nbsp;&nbsp;&nbsp;&nbsp;&nbsp;&nbsp;&nbsp;&nbsp;&nbsp;&nbsp;&nbsp;&nbsp;&nbsp;&nbsp;&nbsp;&nbsp;&nbsp;&nbsp;&nbsp;&nbsp;&nbsp;&nbsp;&nbsp;&nbsp;&nbsp;&nbsp;&nbsp;&nbsp;&nbsp;&nbsp;&nbsp;&nbsp;&nbsp;&nbsp;&nbsp; &nbsp;&nbsp;&nbsp;&nbsp;&nbsp;&nbsp;&nbsp;&nbsp;&nbsp;&nbsp; mgr Marek Bednarz<\/p>\n","protected":false},"excerpt":{"rendered":"<p>29 listopada 2023 r., kadeci klasy 1c oraz 2c Oddzia\u0142u Przygotowania Wojskowego, brali udzia\u0142 w zaj\u0119ciach praktycznych, kt\u00f3re realizowane by\u0142y w jednostce patronackiej \u2013 5\u00a0Pu\u0142ku In\u017cynieryjnym w Szczecinie Podjuchach. Kadeci [&hellip;]<\/p>\n","protected":false},"author":1,"featured_media":7787,"comment_status":"open","ping_status":"open","sticky":false,"template":"","format":"standard","meta":{"footnotes":""},"categories":[26],"tags":[],"class_list":["post-7784","post","type-post","status-publish","format-standard","has-post-thumbnail","hentry","category-aktualnosci-2023-2024"],"wbAuthor":{"name":"admin","link":"https:\/\/zsp1chojna.pl\/?author=1"},"wbDate":"lis 29, 2023","wbCategories":{"space":"<a href=\"https:\/\/zsp1chojna.pl\/?cat=26\" rel=\"category\">Aktualno\u015bci 2023\/2024<\/a>","coma":"<a href=\"https:\/\/zsp1chojna.pl\/?cat=26\" rel=\"category\">Aktualno\u015bci 2023\/2024<\/a>"},"wbComment":0,"yoast_head":"<!-- This site is optimized with the Yoast SEO plugin v20.13 - https:\/\/yoast.com\/wordpress\/plugins\/seo\/ -->\n<title>Zaj\u0119cia praktyczne OPW w 5. Pu\u0142ku In\u017cynieryjnym w Szczecinie - ZSP w Chojnie<\/title>\n<meta name=\"robots\" content=\"index, follow, max-snippet:-1, max-image-preview:large, max-video-preview:-1\" \/>\n<link rel=\"canonical\" href=\"https:\/\/zsp1chojna.pl\/?p=7784\" \/>\n<meta property=\"og:locale\" content=\"pl_PL\" \/>\n<meta property=\"og:type\" content=\"article\" \/>\n<meta property=\"og:title\" content=\"Zaj\u0119cia praktyczne OPW w 5. Pu\u0142ku In\u017cynieryjnym w Szczecinie - ZSP w Chojnie\" \/>\n<meta property=\"og:description\" content=\"29 listopada 2023 r., kadeci klasy 1c oraz 2c Oddzia\u0142u Przygotowania Wojskowego, brali udzia\u0142 w zaj\u0119ciach praktycznych, kt\u00f3re realizowane by\u0142y w jednostce patronackiej \u2013 5\u00a0Pu\u0142ku In\u017cynieryjnym w Szczecinie Podjuchach. Kadeci [&hellip;]\" \/>\n<meta property=\"og:url\" content=\"https:\/\/zsp1chojna.pl\/?p=7784\" \/>\n<meta property=\"og:site_name\" content=\"ZSP w Chojnie\" \/>\n<meta property=\"article:published_time\" content=\"2023-11-29T15:35:41+00:00\" \/>\n<meta property=\"article:modified_time\" content=\"2023-12-20T15:44:38+00:00\" \/>\n<meta property=\"og:image\" content=\"https:\/\/zsp1chojna.pl\/wp-content\/uploads\/2023\/12\/zajecia-praktyczne-OPW-3.jpg\" \/>\n\t<meta property=\"og:image:width\" content=\"800\" \/>\n\t<meta property=\"og:image:height\" content=\"492\" \/>\n\t<meta property=\"og:image:type\" content=\"image\/jpeg\" \/>\n<meta name=\"author\" content=\"admin\" \/>\n<meta name=\"twitter:card\" content=\"summary_large_image\" \/>\n<meta name=\"twitter:label1\" content=\"Napisane przez\" \/>\n\t<meta name=\"twitter:data1\" content=\"admin\" \/>\n\t<meta name=\"twitter:label2\" content=\"Szacowany czas czytania\" \/>\n\t<meta name=\"twitter:data2\" content=\"3 minuty\" \/>\n<script type=\"application\/ld+json\" class=\"yoast-schema-graph\">{\"@context\":\"https:\/\/schema.org\",\"@graph\":[{\"@type\":\"Article\",\"@id\":\"https:\/\/zsp1chojna.pl\/?p=7784#article\",\"isPartOf\":{\"@id\":\"https:\/\/zsp1chojna.pl\/?p=7784\"},\"author\":{\"name\":\"admin\",\"@id\":\"https:\/\/zsp1chojna.pl\/#\/schema\/person\/fe8d6c03379c9cface386de0c172e127\"},\"headline\":\"Zaj\u0119cia praktyczne OPW w 5. Pu\u0142ku In\u017cynieryjnym w Szczecinie\",\"datePublished\":\"2023-11-29T15:35:41+00:00\",\"dateModified\":\"2023-12-20T15:44:38+00:00\",\"mainEntityOfPage\":{\"@id\":\"https:\/\/zsp1chojna.pl\/?p=7784\"},\"wordCount\":374,\"commentCount\":0,\"publisher\":{\"@id\":\"https:\/\/zsp1chojna.pl\/#organization\"},\"articleSection\":[\"Aktualno\u015bci 2023\/2024\"],\"inLanguage\":\"pl-PL\",\"potentialAction\":[{\"@type\":\"CommentAction\",\"name\":\"Comment\",\"target\":[\"https:\/\/zsp1chojna.pl\/?p=7784#respond\"]}]},{\"@type\":\"WebPage\",\"@id\":\"https:\/\/zsp1chojna.pl\/?p=7784\",\"url\":\"https:\/\/zsp1chojna.pl\/?p=7784\",\"name\":\"Zaj\u0119cia praktyczne OPW w 5. Pu\u0142ku In\u017cynieryjnym w Szczecinie - ZSP w Chojnie\",\"isPartOf\":{\"@id\":\"https:\/\/zsp1chojna.pl\/#website\"},\"datePublished\":\"2023-11-29T15:35:41+00:00\",\"dateModified\":\"2023-12-20T15:44:38+00:00\",\"breadcrumb\":{\"@id\":\"https:\/\/zsp1chojna.pl\/?p=7784#breadcrumb\"},\"inLanguage\":\"pl-PL\",\"potentialAction\":[{\"@type\":\"ReadAction\",\"target\":[\"https:\/\/zsp1chojna.pl\/?p=7784\"]}]},{\"@type\":\"BreadcrumbList\",\"@id\":\"https:\/\/zsp1chojna.pl\/?p=7784#breadcrumb\",\"itemListElement\":[{\"@type\":\"ListItem\",\"position\":1,\"name\":\"Home\",\"item\":\"https:\/\/zsp1chojna.pl\/\"},{\"@type\":\"ListItem\",\"position\":2,\"name\":\"Zaj\u0119cia praktyczne OPW w 5. Pu\u0142ku In\u017cynieryjnym w Szczecinie\"}]},{\"@type\":\"WebSite\",\"@id\":\"https:\/\/zsp1chojna.pl\/#website\",\"url\":\"https:\/\/zsp1chojna.pl\/\",\"name\":\"ZSP w Chojnie\",\"description\":\"\",\"publisher\":{\"@id\":\"https:\/\/zsp1chojna.pl\/#organization\"},\"potentialAction\":[{\"@type\":\"SearchAction\",\"target\":{\"@type\":\"EntryPoint\",\"urlTemplate\":\"https:\/\/zsp1chojna.pl\/?s={search_term_string}\"},\"query-input\":\"required name=search_term_string\"}],\"inLanguage\":\"pl-PL\"},{\"@type\":\"Organization\",\"@id\":\"https:\/\/zsp1chojna.pl\/#organization\",\"name\":\"ZSP w Chojnie\",\"url\":\"https:\/\/zsp1chojna.pl\/\",\"logo\":{\"@type\":\"ImageObject\",\"inLanguage\":\"pl-PL\",\"@id\":\"https:\/\/zsp1chojna.pl\/#\/schema\/logo\/image\/\",\"url\":\"https:\/\/zsp1chojna.pl\/wp-content\/uploads\/2023\/08\/cropped-cropped-cropped-Logo-biale-napis-na-3-wiersze_504-1.png\",\"contentUrl\":\"https:\/\/zsp1chojna.pl\/wp-content\/uploads\/2023\/08\/cropped-cropped-cropped-Logo-biale-napis-na-3-wiersze_504-1.png\",\"width\":504,\"height\":167,\"caption\":\"ZSP w Chojnie\"},\"image\":{\"@id\":\"https:\/\/zsp1chojna.pl\/#\/schema\/logo\/image\/\"}},{\"@type\":\"Person\",\"@id\":\"https:\/\/zsp1chojna.pl\/#\/schema\/person\/fe8d6c03379c9cface386de0c172e127\",\"name\":\"admin\",\"image\":{\"@type\":\"ImageObject\",\"inLanguage\":\"pl-PL\",\"@id\":\"https:\/\/zsp1chojna.pl\/#\/schema\/person\/image\/\",\"url\":\"https:\/\/secure.gravatar.com\/avatar\/35d79b1d799ff9bac401976862e535bf785f4039d8313d3c00b303598a46dd4e?s=96&d=mm&r=g\",\"contentUrl\":\"https:\/\/secure.gravatar.com\/avatar\/35d79b1d799ff9bac401976862e535bf785f4039d8313d3c00b303598a46dd4e?s=96&d=mm&r=g\",\"caption\":\"admin\"},\"sameAs\":[\"http:\/\/nowazspchojna.pl\"],\"url\":\"https:\/\/zsp1chojna.pl\/?author=1\"}]}<\/script>\n<!-- \/ Yoast SEO plugin. -->","yoast_head_json":{"title":"Zaj\u0119cia praktyczne OPW w 5. Pu\u0142ku In\u017cynieryjnym w Szczecinie - ZSP w Chojnie","robots":{"index":"index","follow":"follow","max-snippet":"max-snippet:-1","max-image-preview":"max-image-preview:large","max-video-preview":"max-video-preview:-1"},"canonical":"https:\/\/zsp1chojna.pl\/?p=7784","og_locale":"pl_PL","og_type":"article","og_title":"Zaj\u0119cia praktyczne OPW w 5. Pu\u0142ku In\u017cynieryjnym w Szczecinie - ZSP w Chojnie","og_description":"29 listopada 2023 r., kadeci klasy 1c oraz 2c Oddzia\u0142u Przygotowania Wojskowego, brali udzia\u0142 w zaj\u0119ciach praktycznych, kt\u00f3re realizowane by\u0142y w jednostce patronackiej \u2013 5\u00a0Pu\u0142ku In\u017cynieryjnym w Szczecinie Podjuchach. Kadeci [&hellip;]","og_url":"https:\/\/zsp1chojna.pl\/?p=7784","og_site_name":"ZSP w Chojnie","article_published_time":"2023-11-29T15:35:41+00:00","article_modified_time":"2023-12-20T15:44:38+00:00","og_image":[{"width":800,"height":492,"url":"https:\/\/zsp1chojna.pl\/wp-content\/uploads\/2023\/12\/zajecia-praktyczne-OPW-3.jpg","type":"image\/jpeg"}],"author":"admin","twitter_card":"summary_large_image","twitter_misc":{"Napisane przez":"admin","Szacowany czas czytania":"3 minuty"},"schema":{"@context":"https:\/\/schema.org","@graph":[{"@type":"Article","@id":"https:\/\/zsp1chojna.pl\/?p=7784#article","isPartOf":{"@id":"https:\/\/zsp1chojna.pl\/?p=7784"},"author":{"name":"admin","@id":"https:\/\/zsp1chojna.pl\/#\/schema\/person\/fe8d6c03379c9cface386de0c172e127"},"headline":"Zaj\u0119cia praktyczne OPW w 5. Pu\u0142ku In\u017cynieryjnym w Szczecinie","datePublished":"2023-11-29T15:35:41+00:00","dateModified":"2023-12-20T15:44:38+00:00","mainEntityOfPage":{"@id":"https:\/\/zsp1chojna.pl\/?p=7784"},"wordCount":374,"commentCount":0,"publisher":{"@id":"https:\/\/zsp1chojna.pl\/#organization"},"articleSection":["Aktualno\u015bci 2023\/2024"],"inLanguage":"pl-PL","potentialAction":[{"@type":"CommentAction","name":"Comment","target":["https:\/\/zsp1chojna.pl\/?p=7784#respond"]}]},{"@type":"WebPage","@id":"https:\/\/zsp1chojna.pl\/?p=7784","url":"https:\/\/zsp1chojna.pl\/?p=7784","name":"Zaj\u0119cia praktyczne OPW w 5. Pu\u0142ku In\u017cynieryjnym w Szczecinie - ZSP w Chojnie","isPartOf":{"@id":"https:\/\/zsp1chojna.pl\/#website"},"datePublished":"2023-11-29T15:35:41+00:00","dateModified":"2023-12-20T15:44:38+00:00","breadcrumb":{"@id":"https:\/\/zsp1chojna.pl\/?p=7784#breadcrumb"},"inLanguage":"pl-PL","potentialAction":[{"@type":"ReadAction","target":["https:\/\/zsp1chojna.pl\/?p=7784"]}]},{"@type":"BreadcrumbList","@id":"https:\/\/zsp1chojna.pl\/?p=7784#breadcrumb","itemListElement":[{"@type":"ListItem","position":1,"name":"Home","item":"https:\/\/zsp1chojna.pl\/"},{"@type":"ListItem","position":2,"name":"Zaj\u0119cia praktyczne OPW w 5. Pu\u0142ku In\u017cynieryjnym w Szczecinie"}]},{"@type":"WebSite","@id":"https:\/\/zsp1chojna.pl\/#website","url":"https:\/\/zsp1chojna.pl\/","name":"ZSP w Chojnie","description":"","publisher":{"@id":"https:\/\/zsp1chojna.pl\/#organization"},"potentialAction":[{"@type":"SearchAction","target":{"@type":"EntryPoint","urlTemplate":"https:\/\/zsp1chojna.pl\/?s={search_term_string}"},"query-input":"required name=search_term_string"}],"inLanguage":"pl-PL"},{"@type":"Organization","@id":"https:\/\/zsp1chojna.pl\/#organization","name":"ZSP w Chojnie","url":"https:\/\/zsp1chojna.pl\/","logo":{"@type":"ImageObject","inLanguage":"pl-PL","@id":"https:\/\/zsp1chojna.pl\/#\/schema\/logo\/image\/","url":"https:\/\/zsp1chojna.pl\/wp-content\/uploads\/2023\/08\/cropped-cropped-cropped-Logo-biale-napis-na-3-wiersze_504-1.png","contentUrl":"https:\/\/zsp1chojna.pl\/wp-content\/uploads\/2023\/08\/cropped-cropped-cropped-Logo-biale-napis-na-3-wiersze_504-1.png","width":504,"height":167,"caption":"ZSP w Chojnie"},"image":{"@id":"https:\/\/zsp1chojna.pl\/#\/schema\/logo\/image\/"}},{"@type":"Person","@id":"https:\/\/zsp1chojna.pl\/#\/schema\/person\/fe8d6c03379c9cface386de0c172e127","name":"admin","image":{"@type":"ImageObject","inLanguage":"pl-PL","@id":"https:\/\/zsp1chojna.pl\/#\/schema\/person\/image\/","url":"https:\/\/secure.gravatar.com\/avatar\/35d79b1d799ff9bac401976862e535bf785f4039d8313d3c00b303598a46dd4e?s=96&d=mm&r=g","contentUrl":"https:\/\/secure.gravatar.com\/avatar\/35d79b1d799ff9bac401976862e535bf785f4039d8313d3c00b303598a46dd4e?s=96&d=mm&r=g","caption":"admin"},"sameAs":["http:\/\/nowazspchojna.pl"],"url":"https:\/\/zsp1chojna.pl\/?author=1"}]}},"jetpack_featured_media_url":"https:\/\/zsp1chojna.pl\/wp-content\/uploads\/2023\/12\/zajecia-praktyczne-OPW-3.jpg","_links":{"self":[{"href":"https:\/\/zsp1chojna.pl\/index.php?rest_route=\/wp\/v2\/posts\/7784","targetHints":{"allow":["GET"]}}],"collection":[{"href":"https:\/\/zsp1chojna.pl\/index.php?rest_route=\/wp\/v2\/posts"}],"about":[{"href":"https:\/\/zsp1chojna.pl\/index.php?rest_route=\/wp\/v2\/types\/post"}],"author":[{"embeddable":true,"href":"https:\/\/zsp1chojna.pl\/index.php?rest_route=\/wp\/v2\/users\/1"}],"replies":[{"embeddable":true,"href":"https:\/\/zsp1chojna.pl\/index.php?rest_route=%2Fwp%2Fv2%2Fcomments&post=7784"}],"version-history":[{"count":3,"href":"https:\/\/zsp1chojna.pl\/index.php?rest_route=\/wp\/v2\/posts\/7784\/revisions"}],"predecessor-version":[{"id":7793,"href":"https:\/\/zsp1chojna.pl\/index.php?rest_route=\/wp\/v2\/posts\/7784\/revisions\/7793"}],"wp:featuredmedia":[{"embeddable":true,"href":"https:\/\/zsp1chojna.pl\/index.php?rest_route=\/wp\/v2\/media\/7787"}],"wp:attachment":[{"href":"https:\/\/zsp1chojna.pl\/index.php?rest_route=%2Fwp%2Fv2%2Fmedia&parent=7784"}],"wp:term":[{"taxonomy":"category","embeddable":true,"href":"https:\/\/zsp1chojna.pl\/index.php?rest_route=%2Fwp%2Fv2%2Fcategories&post=7784"},{"taxonomy":"post_tag","embeddable":true,"href":"https:\/\/zsp1chojna.pl\/index.php?rest_route=%2Fwp%2Fv2%2Ftags&post=7784"}],"curies":[{"name":"wp","href":"https:\/\/api.w.org\/{rel}","templated":true}]}}