{"id":6889,"date":"2018-09-18T21:12:00","date_gmt":"2018-09-18T19:12:00","guid":{"rendered":"https:\/\/zsp1chojna.pl\/?p=6889"},"modified":"2023-11-02T21:15:07","modified_gmt":"2023-11-02T20:15:07","slug":"prezentacja-projektu-inwestycja-w-ksztalcenie-zawodowe-inwestycja-w-przyszlosc-podczas-zebrania-rodzicow","status":"publish","type":"post","link":"https:\/\/zsp1chojna.pl\/?p=6889","title":{"rendered":"Prezentacja projektu \u201eInwestycja w\u00a0kszta\u0142cenie zawodowe \u2013 inwestycj\u0105 w\u00a0przysz\u0142o\u015b\u0107!\u201d podczas zebrania rodzic\u00f3w"},"content":{"rendered":"<div class=\"wp-block-image\">\n<figure class=\"aligncenter size-full\"><img loading=\"lazy\" decoding=\"async\" width=\"600\" height=\"65\" data-attachment-id=\"6884\" data-permalink=\"https:\/\/zsp1chojna.pl\/?attachment_id=6884\" data-orig-file=\"https:\/\/zsp1chojna.pl\/wp-content\/uploads\/2023\/11\/logityp_600.jpg\" data-orig-size=\"600,65\" data-comments-opened=\"1\" data-image-meta=\"{&quot;aperture&quot;:&quot;0&quot;,&quot;credit&quot;:&quot;&quot;,&quot;camera&quot;:&quot;&quot;,&quot;caption&quot;:&quot;&quot;,&quot;created_timestamp&quot;:&quot;0&quot;,&quot;copyright&quot;:&quot;&quot;,&quot;focal_length&quot;:&quot;0&quot;,&quot;iso&quot;:&quot;0&quot;,&quot;shutter_speed&quot;:&quot;0&quot;,&quot;title&quot;:&quot;&quot;,&quot;orientation&quot;:&quot;0&quot;}\" data-image-title=\"logityp_600\" data-image-description=\"\" data-image-caption=\"\" data-medium-file=\"https:\/\/zsp1chojna.pl\/wp-content\/uploads\/2023\/11\/logityp_600-300x33.jpg\" data-large-file=\"https:\/\/zsp1chojna.pl\/wp-content\/uploads\/2023\/11\/logityp_600.jpg\" src=\"https:\/\/zsp1chojna.pl\/wp-content\/uploads\/2023\/11\/logityp_600.jpg\" alt=\"\" class=\"wp-image-6884\" srcset=\"https:\/\/zsp1chojna.pl\/wp-content\/uploads\/2023\/11\/logityp_600.jpg 600w, https:\/\/zsp1chojna.pl\/wp-content\/uploads\/2023\/11\/logityp_600-300x33.jpg 300w\" sizes=\"auto, (max-width: 600px) 100vw, 600px\" \/><\/figure>\n<\/div>\n\n\n<p class=\"has-text-align-justify\">18\u00a0wrze\u015bnia 2018\u00a0r. podczas zebrania rodzic\u00f3w Pani Adriana Salamo\u0144czyk Dyrektor Zespo\u0142u Szk\u00f3\u0142 Ponadgimnazjalnych w\u00a0Chojnie zaprezentowa\u0142a cele, za\u0142o\u017cenia i\u00a0dzia\u0142ania projektu <strong>\u201eInwestycja w\u00a0kszta\u0142cenie zawodowe \u2013 inwestycj\u0105 w\u00a0przysz\u0142o\u015b\u0107!\u201d, <\/strong>wsp\u00f3\u0142finansowanego ze\u00a0\u015brodk\u00f3w Europejskiego Funduszu Spo\u0142ecznego w\u00a0ramach osi priorytetowej VIII \u2013 Edukacja,\u00a0 Regionalnego Programu Operacyjnego Wojew\u00f3dztwa Zachodniopomorskiego na\u00a0lata\u00a0 2014-2020, Dzia\u0142anie 8.6\u00a0Wsparcie szk\u00f3\u0142\u00a0 i\u00a0plac\u00f3wek prowadz\u0105cych kszta\u0142cenie zawodowe oraz\u00a0uczni\u00f3w uczestnicz\u0105cych w\u00a0kszta\u0142ceniu zawodowym i\u00a0os\u00f3b doros\u0142ych uczestnicz\u0105cych w\u00a0pozaszkolnych formach kszta\u0142cenia zawodowego.<\/p>\n\n\n<div class=\"wp-block-image\">\n<figure class=\"aligncenter size-full\"><img loading=\"lazy\" decoding=\"async\" width=\"500\" height=\"331\" data-attachment-id=\"6890\" data-permalink=\"https:\/\/zsp1chojna.pl\/?attachment_id=6890\" data-orig-file=\"https:\/\/zsp1chojna.pl\/wp-content\/uploads\/2023\/11\/DSC_0823.jpg\" data-orig-size=\"500,331\" data-comments-opened=\"1\" data-image-meta=\"{&quot;aperture&quot;:&quot;4.2&quot;,&quot;credit&quot;:&quot;&quot;,&quot;camera&quot;:&quot;NIKON D5100&quot;,&quot;caption&quot;:&quot;&quot;,&quot;created_timestamp&quot;:&quot;1537287134&quot;,&quot;copyright&quot;:&quot;&quot;,&quot;focal_length&quot;:&quot;30&quot;,&quot;iso&quot;:&quot;640&quot;,&quot;shutter_speed&quot;:&quot;0.033333333333333&quot;,&quot;title&quot;:&quot;&quot;,&quot;orientation&quot;:&quot;1&quot;}\" data-image-title=\"DSC_0823\" data-image-description=\"\" data-image-caption=\"\" data-medium-file=\"https:\/\/zsp1chojna.pl\/wp-content\/uploads\/2023\/11\/DSC_0823-300x199.jpg\" data-large-file=\"https:\/\/zsp1chojna.pl\/wp-content\/uploads\/2023\/11\/DSC_0823.jpg\" src=\"https:\/\/zsp1chojna.pl\/wp-content\/uploads\/2023\/11\/DSC_0823.jpg\" alt=\"\" class=\"wp-image-6890\" srcset=\"https:\/\/zsp1chojna.pl\/wp-content\/uploads\/2023\/11\/DSC_0823.jpg 500w, https:\/\/zsp1chojna.pl\/wp-content\/uploads\/2023\/11\/DSC_0823-300x199.jpg 300w, https:\/\/zsp1chojna.pl\/wp-content\/uploads\/2023\/11\/DSC_0823-84x56.jpg 84w\" sizes=\"auto, (max-width: 500px) 100vw, 500px\" \/><\/figure>\n<\/div>\n\n\n<p class=\"has-text-align-justify\">Projekt realizowany jest przez Zesp\u00f3\u0142 Szk\u00f3\u0142 Ponadgimnazjalnych w Chojnie w okresie od 1 wrze\u015bnia 2018 r. do 31 sierpnia 2020 r. Dzia\u0142ania projektu skierowane s\u0105 do uczni\u00f3w technikum zawodowego, technikum budowlanego i bran\u017cowej szko\u0142y I st. z oddzia\u0142ami zasadniczej szko\u0142y zawodowej oraz nauczycieli Zespo\u0142u Szk\u00f3\u0142 Ponadgimnazjalnych w Chojnie.<\/p>\n\n\n<div class=\"wp-block-image\">\n<figure class=\"aligncenter size-full\"><img loading=\"lazy\" decoding=\"async\" width=\"500\" height=\"331\" data-attachment-id=\"6892\" data-permalink=\"https:\/\/zsp1chojna.pl\/?attachment_id=6892\" data-orig-file=\"https:\/\/zsp1chojna.pl\/wp-content\/uploads\/2023\/11\/DSC_0826.jpg\" data-orig-size=\"500,331\" data-comments-opened=\"1\" data-image-meta=\"{&quot;aperture&quot;:&quot;4.2&quot;,&quot;credit&quot;:&quot;&quot;,&quot;camera&quot;:&quot;NIKON D5100&quot;,&quot;caption&quot;:&quot;&quot;,&quot;created_timestamp&quot;:&quot;1537287163&quot;,&quot;copyright&quot;:&quot;&quot;,&quot;focal_length&quot;:&quot;30&quot;,&quot;iso&quot;:&quot;450&quot;,&quot;shutter_speed&quot;:&quot;0.033333333333333&quot;,&quot;title&quot;:&quot;&quot;,&quot;orientation&quot;:&quot;1&quot;}\" data-image-title=\"DSC_0826\" data-image-description=\"\" data-image-caption=\"\" data-medium-file=\"https:\/\/zsp1chojna.pl\/wp-content\/uploads\/2023\/11\/DSC_0826-300x199.jpg\" data-large-file=\"https:\/\/zsp1chojna.pl\/wp-content\/uploads\/2023\/11\/DSC_0826.jpg\" src=\"https:\/\/zsp1chojna.pl\/wp-content\/uploads\/2023\/11\/DSC_0826.jpg\" alt=\"\" class=\"wp-image-6892\" srcset=\"https:\/\/zsp1chojna.pl\/wp-content\/uploads\/2023\/11\/DSC_0826.jpg 500w, https:\/\/zsp1chojna.pl\/wp-content\/uploads\/2023\/11\/DSC_0826-300x199.jpg 300w, https:\/\/zsp1chojna.pl\/wp-content\/uploads\/2023\/11\/DSC_0826-84x56.jpg 84w\" sizes=\"auto, (max-width: 500px) 100vw, 500px\" \/><\/figure>\n<\/div>","protected":false},"excerpt":{"rendered":"<p>18\u00a0wrze\u015bnia 2018\u00a0r. podczas zebrania rodzic\u00f3w Pani Adriana Salamo\u0144czyk Dyrektor Zespo\u0142u Szk\u00f3\u0142 Ponadgimnazjalnych w\u00a0Chojnie zaprezentowa\u0142a cele, za\u0142o\u017cenia i\u00a0dzia\u0142ania projektu \u201eInwestycja w\u00a0kszta\u0142cenie zawodowe \u2013 inwestycj\u0105 w\u00a0przysz\u0142o\u015b\u0107!\u201d, wsp\u00f3\u0142finansowanego ze\u00a0\u015brodk\u00f3w Europejskiego Funduszu Spo\u0142ecznego w\u00a0ramach [&hellip;]<\/p>\n","protected":false},"author":1,"featured_media":0,"comment_status":"open","ping_status":"open","sticky":false,"template":"","format":"standard","meta":{"footnotes":""},"categories":[23],"tags":[],"class_list":["post-6889","post","type-post","status-publish","format-standard","hentry","category-aktualnosci-2018-2019"],"wbAuthor":{"name":"admin","link":"https:\/\/zsp1chojna.pl\/?author=1"},"wbDate":"wrz 18, 2018","wbCategories":{"space":"<a href=\"https:\/\/zsp1chojna.pl\/?cat=23\" rel=\"category\">Aktualno\u015bci 2018\/2019<\/a>","coma":"<a href=\"https:\/\/zsp1chojna.pl\/?cat=23\" rel=\"category\">Aktualno\u015bci 2018\/2019<\/a>"},"wbComment":0,"yoast_head":"<!-- This site is optimized with the Yoast SEO plugin v20.13 - https:\/\/yoast.com\/wordpress\/plugins\/seo\/ -->\n<title>Prezentacja projektu \u201eInwestycja w\u00a0kszta\u0142cenie zawodowe \u2013 inwestycj\u0105 w\u00a0przysz\u0142o\u015b\u0107!\u201d podczas zebrania rodzic\u00f3w - ZSP w Chojnie<\/title>\n<meta name=\"robots\" content=\"index, follow, max-snippet:-1, max-image-preview:large, max-video-preview:-1\" \/>\n<link rel=\"canonical\" href=\"https:\/\/zsp1chojna.pl\/?p=6889\" \/>\n<meta property=\"og:locale\" content=\"pl_PL\" \/>\n<meta property=\"og:type\" content=\"article\" \/>\n<meta property=\"og:title\" content=\"Prezentacja projektu \u201eInwestycja w\u00a0kszta\u0142cenie zawodowe \u2013 inwestycj\u0105 w\u00a0przysz\u0142o\u015b\u0107!\u201d podczas zebrania rodzic\u00f3w - ZSP w Chojnie\" \/>\n<meta property=\"og:description\" content=\"18\u00a0wrze\u015bnia 2018\u00a0r. podczas zebrania rodzic\u00f3w Pani Adriana Salamo\u0144czyk Dyrektor Zespo\u0142u Szk\u00f3\u0142 Ponadgimnazjalnych w\u00a0Chojnie zaprezentowa\u0142a cele, za\u0142o\u017cenia i\u00a0dzia\u0142ania projektu \u201eInwestycja w\u00a0kszta\u0142cenie zawodowe \u2013 inwestycj\u0105 w\u00a0przysz\u0142o\u015b\u0107!\u201d, wsp\u00f3\u0142finansowanego ze\u00a0\u015brodk\u00f3w Europejskiego Funduszu Spo\u0142ecznego w\u00a0ramach [&hellip;]\" \/>\n<meta property=\"og:url\" content=\"https:\/\/zsp1chojna.pl\/?p=6889\" \/>\n<meta property=\"og:site_name\" content=\"ZSP w Chojnie\" \/>\n<meta property=\"article:published_time\" content=\"2018-09-18T19:12:00+00:00\" \/>\n<meta property=\"article:modified_time\" content=\"2023-11-02T20:15:07+00:00\" \/>\n<meta property=\"og:image\" content=\"https:\/\/zsp1chojna.pl\/wp-content\/uploads\/2023\/11\/logityp_600.jpg\" \/>\n<meta name=\"author\" content=\"admin\" \/>\n<meta name=\"twitter:card\" content=\"summary_large_image\" \/>\n<meta name=\"twitter:label1\" content=\"Napisane przez\" \/>\n\t<meta name=\"twitter:data1\" content=\"admin\" \/>\n\t<meta name=\"twitter:label2\" content=\"Szacowany czas czytania\" \/>\n\t<meta name=\"twitter:data2\" content=\"2 minuty\" \/>\n<script type=\"application\/ld+json\" class=\"yoast-schema-graph\">{\"@context\":\"https:\/\/schema.org\",\"@graph\":[{\"@type\":\"Article\",\"@id\":\"https:\/\/zsp1chojna.pl\/?p=6889#article\",\"isPartOf\":{\"@id\":\"https:\/\/zsp1chojna.pl\/?p=6889\"},\"author\":{\"name\":\"admin\",\"@id\":\"https:\/\/zsp1chojna.pl\/#\/schema\/person\/fe8d6c03379c9cface386de0c172e127\"},\"headline\":\"Prezentacja projektu \u201eInwestycja w\u00a0kszta\u0142cenie zawodowe \u2013 inwestycj\u0105 w\u00a0przysz\u0142o\u015b\u0107!\u201d podczas zebrania rodzic\u00f3w\",\"datePublished\":\"2018-09-18T19:12:00+00:00\",\"dateModified\":\"2023-11-02T20:15:07+00:00\",\"mainEntityOfPage\":{\"@id\":\"https:\/\/zsp1chojna.pl\/?p=6889\"},\"wordCount\":162,\"commentCount\":0,\"publisher\":{\"@id\":\"https:\/\/zsp1chojna.pl\/#organization\"},\"articleSection\":[\"Aktualno\u015bci 2018\/2019\"],\"inLanguage\":\"pl-PL\",\"potentialAction\":[{\"@type\":\"CommentAction\",\"name\":\"Comment\",\"target\":[\"https:\/\/zsp1chojna.pl\/?p=6889#respond\"]}]},{\"@type\":\"WebPage\",\"@id\":\"https:\/\/zsp1chojna.pl\/?p=6889\",\"url\":\"https:\/\/zsp1chojna.pl\/?p=6889\",\"name\":\"Prezentacja projektu \u201eInwestycja w\u00a0kszta\u0142cenie zawodowe \u2013 inwestycj\u0105 w\u00a0przysz\u0142o\u015b\u0107!\u201d podczas zebrania rodzic\u00f3w - ZSP w Chojnie\",\"isPartOf\":{\"@id\":\"https:\/\/zsp1chojna.pl\/#website\"},\"datePublished\":\"2018-09-18T19:12:00+00:00\",\"dateModified\":\"2023-11-02T20:15:07+00:00\",\"breadcrumb\":{\"@id\":\"https:\/\/zsp1chojna.pl\/?p=6889#breadcrumb\"},\"inLanguage\":\"pl-PL\",\"potentialAction\":[{\"@type\":\"ReadAction\",\"target\":[\"https:\/\/zsp1chojna.pl\/?p=6889\"]}]},{\"@type\":\"BreadcrumbList\",\"@id\":\"https:\/\/zsp1chojna.pl\/?p=6889#breadcrumb\",\"itemListElement\":[{\"@type\":\"ListItem\",\"position\":1,\"name\":\"Home\",\"item\":\"https:\/\/zsp1chojna.pl\/\"},{\"@type\":\"ListItem\",\"position\":2,\"name\":\"Prezentacja projektu \u201eInwestycja w\u00a0kszta\u0142cenie zawodowe \u2013 inwestycj\u0105 w\u00a0przysz\u0142o\u015b\u0107!\u201d podczas zebrania rodzic\u00f3w\"}]},{\"@type\":\"WebSite\",\"@id\":\"https:\/\/zsp1chojna.pl\/#website\",\"url\":\"https:\/\/zsp1chojna.pl\/\",\"name\":\"ZSP w Chojnie\",\"description\":\"\",\"publisher\":{\"@id\":\"https:\/\/zsp1chojna.pl\/#organization\"},\"potentialAction\":[{\"@type\":\"SearchAction\",\"target\":{\"@type\":\"EntryPoint\",\"urlTemplate\":\"https:\/\/zsp1chojna.pl\/?s={search_term_string}\"},\"query-input\":\"required name=search_term_string\"}],\"inLanguage\":\"pl-PL\"},{\"@type\":\"Organization\",\"@id\":\"https:\/\/zsp1chojna.pl\/#organization\",\"name\":\"ZSP w Chojnie\",\"url\":\"https:\/\/zsp1chojna.pl\/\",\"logo\":{\"@type\":\"ImageObject\",\"inLanguage\":\"pl-PL\",\"@id\":\"https:\/\/zsp1chojna.pl\/#\/schema\/logo\/image\/\",\"url\":\"https:\/\/zsp1chojna.pl\/wp-content\/uploads\/2023\/08\/cropped-cropped-cropped-Logo-biale-napis-na-3-wiersze_504-1.png\",\"contentUrl\":\"https:\/\/zsp1chojna.pl\/wp-content\/uploads\/2023\/08\/cropped-cropped-cropped-Logo-biale-napis-na-3-wiersze_504-1.png\",\"width\":504,\"height\":167,\"caption\":\"ZSP w Chojnie\"},\"image\":{\"@id\":\"https:\/\/zsp1chojna.pl\/#\/schema\/logo\/image\/\"}},{\"@type\":\"Person\",\"@id\":\"https:\/\/zsp1chojna.pl\/#\/schema\/person\/fe8d6c03379c9cface386de0c172e127\",\"name\":\"admin\",\"image\":{\"@type\":\"ImageObject\",\"inLanguage\":\"pl-PL\",\"@id\":\"https:\/\/zsp1chojna.pl\/#\/schema\/person\/image\/\",\"url\":\"https:\/\/secure.gravatar.com\/avatar\/35d79b1d799ff9bac401976862e535bf785f4039d8313d3c00b303598a46dd4e?s=96&d=mm&r=g\",\"contentUrl\":\"https:\/\/secure.gravatar.com\/avatar\/35d79b1d799ff9bac401976862e535bf785f4039d8313d3c00b303598a46dd4e?s=96&d=mm&r=g\",\"caption\":\"admin\"},\"sameAs\":[\"http:\/\/nowazspchojna.pl\"],\"url\":\"https:\/\/zsp1chojna.pl\/?author=1\"}]}<\/script>\n<!-- \/ Yoast SEO plugin. -->","yoast_head_json":{"title":"Prezentacja projektu \u201eInwestycja w\u00a0kszta\u0142cenie zawodowe \u2013 inwestycj\u0105 w\u00a0przysz\u0142o\u015b\u0107!\u201d podczas zebrania rodzic\u00f3w - ZSP w Chojnie","robots":{"index":"index","follow":"follow","max-snippet":"max-snippet:-1","max-image-preview":"max-image-preview:large","max-video-preview":"max-video-preview:-1"},"canonical":"https:\/\/zsp1chojna.pl\/?p=6889","og_locale":"pl_PL","og_type":"article","og_title":"Prezentacja projektu \u201eInwestycja w\u00a0kszta\u0142cenie zawodowe \u2013 inwestycj\u0105 w\u00a0przysz\u0142o\u015b\u0107!\u201d podczas zebrania rodzic\u00f3w - ZSP w Chojnie","og_description":"18\u00a0wrze\u015bnia 2018\u00a0r. podczas zebrania rodzic\u00f3w Pani Adriana Salamo\u0144czyk Dyrektor Zespo\u0142u Szk\u00f3\u0142 Ponadgimnazjalnych w\u00a0Chojnie zaprezentowa\u0142a cele, za\u0142o\u017cenia i\u00a0dzia\u0142ania projektu \u201eInwestycja w\u00a0kszta\u0142cenie zawodowe \u2013 inwestycj\u0105 w\u00a0przysz\u0142o\u015b\u0107!\u201d, wsp\u00f3\u0142finansowanego ze\u00a0\u015brodk\u00f3w Europejskiego Funduszu Spo\u0142ecznego w\u00a0ramach [&hellip;]","og_url":"https:\/\/zsp1chojna.pl\/?p=6889","og_site_name":"ZSP w Chojnie","article_published_time":"2018-09-18T19:12:00+00:00","article_modified_time":"2023-11-02T20:15:07+00:00","og_image":[{"url":"https:\/\/zsp1chojna.pl\/wp-content\/uploads\/2023\/11\/logityp_600.jpg"}],"author":"admin","twitter_card":"summary_large_image","twitter_misc":{"Napisane przez":"admin","Szacowany czas czytania":"2 minuty"},"schema":{"@context":"https:\/\/schema.org","@graph":[{"@type":"Article","@id":"https:\/\/zsp1chojna.pl\/?p=6889#article","isPartOf":{"@id":"https:\/\/zsp1chojna.pl\/?p=6889"},"author":{"name":"admin","@id":"https:\/\/zsp1chojna.pl\/#\/schema\/person\/fe8d6c03379c9cface386de0c172e127"},"headline":"Prezentacja projektu \u201eInwestycja w\u00a0kszta\u0142cenie zawodowe \u2013 inwestycj\u0105 w\u00a0przysz\u0142o\u015b\u0107!\u201d podczas zebrania rodzic\u00f3w","datePublished":"2018-09-18T19:12:00+00:00","dateModified":"2023-11-02T20:15:07+00:00","mainEntityOfPage":{"@id":"https:\/\/zsp1chojna.pl\/?p=6889"},"wordCount":162,"commentCount":0,"publisher":{"@id":"https:\/\/zsp1chojna.pl\/#organization"},"articleSection":["Aktualno\u015bci 2018\/2019"],"inLanguage":"pl-PL","potentialAction":[{"@type":"CommentAction","name":"Comment","target":["https:\/\/zsp1chojna.pl\/?p=6889#respond"]}]},{"@type":"WebPage","@id":"https:\/\/zsp1chojna.pl\/?p=6889","url":"https:\/\/zsp1chojna.pl\/?p=6889","name":"Prezentacja projektu \u201eInwestycja w\u00a0kszta\u0142cenie zawodowe \u2013 inwestycj\u0105 w\u00a0przysz\u0142o\u015b\u0107!\u201d podczas zebrania rodzic\u00f3w - ZSP w Chojnie","isPartOf":{"@id":"https:\/\/zsp1chojna.pl\/#website"},"datePublished":"2018-09-18T19:12:00+00:00","dateModified":"2023-11-02T20:15:07+00:00","breadcrumb":{"@id":"https:\/\/zsp1chojna.pl\/?p=6889#breadcrumb"},"inLanguage":"pl-PL","potentialAction":[{"@type":"ReadAction","target":["https:\/\/zsp1chojna.pl\/?p=6889"]}]},{"@type":"BreadcrumbList","@id":"https:\/\/zsp1chojna.pl\/?p=6889#breadcrumb","itemListElement":[{"@type":"ListItem","position":1,"name":"Home","item":"https:\/\/zsp1chojna.pl\/"},{"@type":"ListItem","position":2,"name":"Prezentacja projektu \u201eInwestycja w\u00a0kszta\u0142cenie zawodowe \u2013 inwestycj\u0105 w\u00a0przysz\u0142o\u015b\u0107!\u201d podczas zebrania rodzic\u00f3w"}]},{"@type":"WebSite","@id":"https:\/\/zsp1chojna.pl\/#website","url":"https:\/\/zsp1chojna.pl\/","name":"ZSP w Chojnie","description":"","publisher":{"@id":"https:\/\/zsp1chojna.pl\/#organization"},"potentialAction":[{"@type":"SearchAction","target":{"@type":"EntryPoint","urlTemplate":"https:\/\/zsp1chojna.pl\/?s={search_term_string}"},"query-input":"required name=search_term_string"}],"inLanguage":"pl-PL"},{"@type":"Organization","@id":"https:\/\/zsp1chojna.pl\/#organization","name":"ZSP w Chojnie","url":"https:\/\/zsp1chojna.pl\/","logo":{"@type":"ImageObject","inLanguage":"pl-PL","@id":"https:\/\/zsp1chojna.pl\/#\/schema\/logo\/image\/","url":"https:\/\/zsp1chojna.pl\/wp-content\/uploads\/2023\/08\/cropped-cropped-cropped-Logo-biale-napis-na-3-wiersze_504-1.png","contentUrl":"https:\/\/zsp1chojna.pl\/wp-content\/uploads\/2023\/08\/cropped-cropped-cropped-Logo-biale-napis-na-3-wiersze_504-1.png","width":504,"height":167,"caption":"ZSP w Chojnie"},"image":{"@id":"https:\/\/zsp1chojna.pl\/#\/schema\/logo\/image\/"}},{"@type":"Person","@id":"https:\/\/zsp1chojna.pl\/#\/schema\/person\/fe8d6c03379c9cface386de0c172e127","name":"admin","image":{"@type":"ImageObject","inLanguage":"pl-PL","@id":"https:\/\/zsp1chojna.pl\/#\/schema\/person\/image\/","url":"https:\/\/secure.gravatar.com\/avatar\/35d79b1d799ff9bac401976862e535bf785f4039d8313d3c00b303598a46dd4e?s=96&d=mm&r=g","contentUrl":"https:\/\/secure.gravatar.com\/avatar\/35d79b1d799ff9bac401976862e535bf785f4039d8313d3c00b303598a46dd4e?s=96&d=mm&r=g","caption":"admin"},"sameAs":["http:\/\/nowazspchojna.pl"],"url":"https:\/\/zsp1chojna.pl\/?author=1"}]}},"jetpack_featured_media_url":"","_links":{"self":[{"href":"https:\/\/zsp1chojna.pl\/index.php?rest_route=\/wp\/v2\/posts\/6889","targetHints":{"allow":["GET"]}}],"collection":[{"href":"https:\/\/zsp1chojna.pl\/index.php?rest_route=\/wp\/v2\/posts"}],"about":[{"href":"https:\/\/zsp1chojna.pl\/index.php?rest_route=\/wp\/v2\/types\/post"}],"author":[{"embeddable":true,"href":"https:\/\/zsp1chojna.pl\/index.php?rest_route=\/wp\/v2\/users\/1"}],"replies":[{"embeddable":true,"href":"https:\/\/zsp1chojna.pl\/index.php?rest_route=%2Fwp%2Fv2%2Fcomments&post=6889"}],"version-history":[{"count":1,"href":"https:\/\/zsp1chojna.pl\/index.php?rest_route=\/wp\/v2\/posts\/6889\/revisions"}],"predecessor-version":[{"id":6893,"href":"https:\/\/zsp1chojna.pl\/index.php?rest_route=\/wp\/v2\/posts\/6889\/revisions\/6893"}],"wp:attachment":[{"href":"https:\/\/zsp1chojna.pl\/index.php?rest_route=%2Fwp%2Fv2%2Fmedia&parent=6889"}],"wp:term":[{"taxonomy":"category","embeddable":true,"href":"https:\/\/zsp1chojna.pl\/index.php?rest_route=%2Fwp%2Fv2%2Fcategories&post=6889"},{"taxonomy":"post_tag","embeddable":true,"href":"https:\/\/zsp1chojna.pl\/index.php?rest_route=%2Fwp%2Fv2%2Ftags&post=6889"}],"curies":[{"name":"wp","href":"https:\/\/api.w.org\/{rel}","templated":true}]}}