{"id":6866,"date":"2021-03-22T19:31:00","date_gmt":"2021-03-22T18:31:00","guid":{"rendered":"https:\/\/zsp1chojna.pl\/?p=6866"},"modified":"2023-11-02T19:35:13","modified_gmt":"2023-11-02T18:35:13","slug":"lekcje-otwarte-z-przedmiotow-zawodowych-informatycznych-w-ramach-programu-aktywna-tablica","status":"publish","type":"post","link":"https:\/\/zsp1chojna.pl\/?p=6866","title":{"rendered":"Lekcje otwarte z\u00a0przedmiot\u00f3w zawodowych informatycznych w\u00a0ramach programu \u201eAktywna tablica\u201d"},"content":{"rendered":"\n<p class=\"has-text-align-justify\">22&nbsp;marca 2021&nbsp;r., w&nbsp;ramach rz\u0105dowego programu rozwijania szkolnej infrastruktury oraz&nbsp;kompetencji uczni\u00f3w i&nbsp;nauczycieli w&nbsp;zakresie technologii informacyjno \u2013 komunikacyjnych \u2013 \u201eAktywna tablica\u201d i&nbsp;z&nbsp;okazji obchod\u00f3w Dnia Nowych Technologii, odby\u0142y si\u0119 lekcje otwarte z&nbsp;przedmiot\u00f3w zawodowych informatycznych. W&nbsp;lekcjach otwartych, w&nbsp;ramach mi\u0119dzyszkolnej sieci wsp\u00f3\u0142pracy nauczycieli stosuj\u0105cych TIK w&nbsp; nauczaniu, uczestniczyli nauczyciele informatyki z&nbsp;I&nbsp;Liceum Og\u00f3lnokszta\u0142c\u0105cego w&nbsp; Gryfinie oraz&nbsp;z&nbsp;Zespo\u0142u Szk\u00f3\u0142 Ponadpodstawowych w&nbsp;Gryfinie.<\/p>\n\n\n\n<p class=\"has-text-align-justify\">Podczas lekcji otwartych, prowadzonych przez&nbsp;mgra in\u017c.&nbsp;Krzysztofa Janika \u2013 nauczyciela przedmiot\u00f3w zawodowych informatycznych, zosta\u0142y zaprezentowane zasady druku 3D w&nbsp;technologii FDM. FDM to&nbsp;metoda warstwowego nak\u0142adania przetapianego materia\u0142u termoplastycznego na&nbsp;drukowany model. Przygotowanie projektu modelu do&nbsp; wydruku 3D podzielone zosta\u0142o na&nbsp;etapy. Pierwszym etapem by\u0142o modelowanie. Tr\u00f3jwymiarowe modele stworzono wykorzystuj\u0105c programy komputerowe typu CAD w&nbsp; programie Tinkercad. Nast\u0119pnie projekt zosta\u0142 zapisany z&nbsp;rozszerzeniem .stl.<\/p>\n\n\n<div class=\"wp-block-image\">\n<figure class=\"aligncenter size-full\"><img loading=\"lazy\" decoding=\"async\" width=\"550\" height=\"306\" data-attachment-id=\"6868\" data-permalink=\"https:\/\/zsp1chojna.pl\/?attachment_id=6868\" data-orig-file=\"https:\/\/zsp1chojna.pl\/wp-content\/uploads\/2023\/11\/druk3d-1.png\" data-orig-size=\"550,306\" data-comments-opened=\"1\" data-image-meta=\"{&quot;aperture&quot;:&quot;0&quot;,&quot;credit&quot;:&quot;&quot;,&quot;camera&quot;:&quot;&quot;,&quot;caption&quot;:&quot;&quot;,&quot;created_timestamp&quot;:&quot;0&quot;,&quot;copyright&quot;:&quot;&quot;,&quot;focal_length&quot;:&quot;0&quot;,&quot;iso&quot;:&quot;0&quot;,&quot;shutter_speed&quot;:&quot;0&quot;,&quot;title&quot;:&quot;&quot;,&quot;orientation&quot;:&quot;0&quot;}\" data-image-title=\"druk3d-1\" data-image-description=\"\" data-image-caption=\"\" data-medium-file=\"https:\/\/zsp1chojna.pl\/wp-content\/uploads\/2023\/11\/druk3d-1-300x167.png\" data-large-file=\"https:\/\/zsp1chojna.pl\/wp-content\/uploads\/2023\/11\/druk3d-1.png\" src=\"https:\/\/zsp1chojna.pl\/wp-content\/uploads\/2023\/11\/druk3d-1.png\" alt=\"\" class=\"wp-image-6868\" srcset=\"https:\/\/zsp1chojna.pl\/wp-content\/uploads\/2023\/11\/druk3d-1.png 550w, https:\/\/zsp1chojna.pl\/wp-content\/uploads\/2023\/11\/druk3d-1-300x167.png 300w\" sizes=\"auto, (max-width: 550px) 100vw, 550px\" \/><\/figure>\n<\/div>\n\n\n<p class=\"has-text-align-justify\">Kolejnym etapem by\u0142o przygotowanie modelu do&nbsp;wydruku. Sam druk modelu mo\u017ce trwa\u0107 od&nbsp; kilku minut do&nbsp;kilku dni. Przed&nbsp;drukiem nale\u017cy jeszcze sprawdzi\u0107 poprawno\u015b\u0107 tr\u00f3jwymiarowego modelu. Je\u015bli jest on prawid\u0142owo wykonany, trzeba dobra\u0107 parametry takie jak: np.&nbsp;temperatura i&nbsp;wysoko\u015b\u0107 warstwy.<\/p>\n\n\n<div class=\"wp-block-image\">\n<figure class=\"aligncenter size-full\"><img loading=\"lazy\" decoding=\"async\" width=\"550\" height=\"295\" data-attachment-id=\"6867\" data-permalink=\"https:\/\/zsp1chojna.pl\/?attachment_id=6867\" data-orig-file=\"https:\/\/zsp1chojna.pl\/wp-content\/uploads\/2023\/11\/druk3d-2.png\" data-orig-size=\"550,295\" data-comments-opened=\"1\" data-image-meta=\"{&quot;aperture&quot;:&quot;0&quot;,&quot;credit&quot;:&quot;&quot;,&quot;camera&quot;:&quot;&quot;,&quot;caption&quot;:&quot;&quot;,&quot;created_timestamp&quot;:&quot;0&quot;,&quot;copyright&quot;:&quot;&quot;,&quot;focal_length&quot;:&quot;0&quot;,&quot;iso&quot;:&quot;0&quot;,&quot;shutter_speed&quot;:&quot;0&quot;,&quot;title&quot;:&quot;&quot;,&quot;orientation&quot;:&quot;0&quot;}\" data-image-title=\"druk3d-2\" data-image-description=\"\" data-image-caption=\"\" data-medium-file=\"https:\/\/zsp1chojna.pl\/wp-content\/uploads\/2023\/11\/druk3d-2-300x161.png\" data-large-file=\"https:\/\/zsp1chojna.pl\/wp-content\/uploads\/2023\/11\/druk3d-2.png\" src=\"https:\/\/zsp1chojna.pl\/wp-content\/uploads\/2023\/11\/druk3d-2.png\" alt=\"\" class=\"wp-image-6867\" srcset=\"https:\/\/zsp1chojna.pl\/wp-content\/uploads\/2023\/11\/druk3d-2.png 550w, https:\/\/zsp1chojna.pl\/wp-content\/uploads\/2023\/11\/druk3d-2-300x161.png 300w\" sizes=\"auto, (max-width: 550px) 100vw, 550px\" \/><\/figure>\n<\/div>\n\n\n<p class=\"has-text-align-justify\">Uczniowie projektowali modele 3D z&nbsp;wykorzystaniem specjalistycznego oprogramowania, pracowali w&nbsp;PrusaSlicer. Podczas zaj\u0119\u0107 zosta\u0142 zaprezentowany i&nbsp;wydrukowany model logo Zespo\u0142u Szk\u00f3\u0142 Ponadpodstawowych w&nbsp;Chojnie.<\/p>\n\n\n<div class=\"wp-block-image\">\n<figure class=\"aligncenter size-full\"><img loading=\"lazy\" decoding=\"async\" width=\"550\" height=\"295\" data-attachment-id=\"6869\" data-permalink=\"https:\/\/zsp1chojna.pl\/?attachment_id=6869\" data-orig-file=\"https:\/\/zsp1chojna.pl\/wp-content\/uploads\/2023\/11\/druk3d-3.png\" data-orig-size=\"550,295\" data-comments-opened=\"1\" data-image-meta=\"{&quot;aperture&quot;:&quot;0&quot;,&quot;credit&quot;:&quot;&quot;,&quot;camera&quot;:&quot;&quot;,&quot;caption&quot;:&quot;&quot;,&quot;created_timestamp&quot;:&quot;0&quot;,&quot;copyright&quot;:&quot;&quot;,&quot;focal_length&quot;:&quot;0&quot;,&quot;iso&quot;:&quot;0&quot;,&quot;shutter_speed&quot;:&quot;0&quot;,&quot;title&quot;:&quot;&quot;,&quot;orientation&quot;:&quot;0&quot;}\" data-image-title=\"druk3d-3\" data-image-description=\"\" data-image-caption=\"\" data-medium-file=\"https:\/\/zsp1chojna.pl\/wp-content\/uploads\/2023\/11\/druk3d-3-300x161.png\" data-large-file=\"https:\/\/zsp1chojna.pl\/wp-content\/uploads\/2023\/11\/druk3d-3.png\" src=\"https:\/\/zsp1chojna.pl\/wp-content\/uploads\/2023\/11\/druk3d-3.png\" alt=\"\" class=\"wp-image-6869\" srcset=\"https:\/\/zsp1chojna.pl\/wp-content\/uploads\/2023\/11\/druk3d-3.png 550w, https:\/\/zsp1chojna.pl\/wp-content\/uploads\/2023\/11\/druk3d-3-300x161.png 300w\" sizes=\"auto, (max-width: 550px) 100vw, 550px\" \/><\/figure>\n<\/div>\n\n\n<p class=\"has-text-align-right\">mgr&nbsp;in\u017c.&nbsp;Krzysztof Janik<\/p>\n","protected":false},"excerpt":{"rendered":"<p>22&nbsp;marca 2021&nbsp;r., w&nbsp;ramach rz\u0105dowego programu rozwijania szkolnej infrastruktury oraz&nbsp;kompetencji uczni\u00f3w i&nbsp;nauczycieli w&nbsp;zakresie technologii informacyjno \u2013 komunikacyjnych \u2013 \u201eAktywna tablica\u201d i&nbsp;z&nbsp;okazji obchod\u00f3w Dnia Nowych Technologii, odby\u0142y si\u0119 lekcje otwarte z&nbsp;przedmiot\u00f3w zawodowych [&hellip;]<\/p>\n","protected":false},"author":2,"featured_media":6869,"comment_status":"open","ping_status":"open","sticky":false,"template":"","format":"standard","meta":{"footnotes":""},"categories":[25],"tags":[],"class_list":["post-6866","post","type-post","status-publish","format-standard","has-post-thumbnail","hentry","category-aktualnosci-2020-2021"],"wbAuthor":{"name":"kacper27","link":"https:\/\/zsp1chojna.pl\/?author=2"},"wbDate":"mar 22, 2021","wbCategories":{"space":"<a href=\"https:\/\/zsp1chojna.pl\/?cat=25\" rel=\"category\">Aktualno\u015bci 2020\/2021<\/a>","coma":"<a href=\"https:\/\/zsp1chojna.pl\/?cat=25\" rel=\"category\">Aktualno\u015bci 2020\/2021<\/a>"},"wbComment":0,"yoast_head":"<!-- This site is optimized with the Yoast SEO plugin v20.13 - https:\/\/yoast.com\/wordpress\/plugins\/seo\/ -->\n<title>Lekcje otwarte z\u00a0przedmiot\u00f3w zawodowych informatycznych w\u00a0ramach programu \u201eAktywna tablica\u201d - ZSP w Chojnie<\/title>\n<meta name=\"robots\" content=\"index, follow, max-snippet:-1, max-image-preview:large, max-video-preview:-1\" \/>\n<link rel=\"canonical\" href=\"https:\/\/zsp1chojna.pl\/?p=6866\" \/>\n<meta property=\"og:locale\" content=\"pl_PL\" \/>\n<meta property=\"og:type\" content=\"article\" \/>\n<meta property=\"og:title\" content=\"Lekcje otwarte z\u00a0przedmiot\u00f3w zawodowych informatycznych w\u00a0ramach programu \u201eAktywna tablica\u201d - ZSP w Chojnie\" \/>\n<meta property=\"og:description\" content=\"22&nbsp;marca 2021&nbsp;r., w&nbsp;ramach rz\u0105dowego programu rozwijania szkolnej infrastruktury oraz&nbsp;kompetencji uczni\u00f3w i&nbsp;nauczycieli w&nbsp;zakresie technologii informacyjno \u2013 komunikacyjnych \u2013 \u201eAktywna tablica\u201d i&nbsp;z&nbsp;okazji obchod\u00f3w Dnia Nowych Technologii, odby\u0142y si\u0119 lekcje otwarte z&nbsp;przedmiot\u00f3w zawodowych [&hellip;]\" \/>\n<meta property=\"og:url\" content=\"https:\/\/zsp1chojna.pl\/?p=6866\" \/>\n<meta property=\"og:site_name\" content=\"ZSP w Chojnie\" \/>\n<meta property=\"article:published_time\" content=\"2021-03-22T18:31:00+00:00\" \/>\n<meta property=\"article:modified_time\" content=\"2023-11-02T18:35:13+00:00\" \/>\n<meta property=\"og:image\" content=\"https:\/\/zsp1chojna.pl\/wp-content\/uploads\/2023\/11\/druk3d-3.png\" \/>\n\t<meta property=\"og:image:width\" content=\"550\" \/>\n\t<meta property=\"og:image:height\" content=\"295\" \/>\n\t<meta property=\"og:image:type\" content=\"image\/png\" \/>\n<meta name=\"author\" content=\"kacper27\" \/>\n<meta name=\"twitter:card\" content=\"summary_large_image\" \/>\n<meta name=\"twitter:label1\" content=\"Napisane przez\" \/>\n\t<meta name=\"twitter:data1\" content=\"kacper27\" \/>\n\t<meta name=\"twitter:label2\" content=\"Szacowany czas czytania\" \/>\n\t<meta name=\"twitter:data2\" content=\"2 minuty\" \/>\n<script type=\"application\/ld+json\" class=\"yoast-schema-graph\">{\"@context\":\"https:\/\/schema.org\",\"@graph\":[{\"@type\":\"Article\",\"@id\":\"https:\/\/zsp1chojna.pl\/?p=6866#article\",\"isPartOf\":{\"@id\":\"https:\/\/zsp1chojna.pl\/?p=6866\"},\"author\":{\"name\":\"kacper27\",\"@id\":\"https:\/\/zsp1chojna.pl\/#\/schema\/person\/e974e35b71ad4899de9d84ba9baed22f\"},\"headline\":\"Lekcje otwarte z\u00a0przedmiot\u00f3w zawodowych informatycznych w\u00a0ramach programu \u201eAktywna tablica\u201d\",\"datePublished\":\"2021-03-22T18:31:00+00:00\",\"dateModified\":\"2023-11-02T18:35:13+00:00\",\"mainEntityOfPage\":{\"@id\":\"https:\/\/zsp1chojna.pl\/?p=6866\"},\"wordCount\":277,\"commentCount\":0,\"publisher\":{\"@id\":\"https:\/\/zsp1chojna.pl\/#organization\"},\"articleSection\":[\"Aktualno\u015bci 2020\/2021\"],\"inLanguage\":\"pl-PL\",\"potentialAction\":[{\"@type\":\"CommentAction\",\"name\":\"Comment\",\"target\":[\"https:\/\/zsp1chojna.pl\/?p=6866#respond\"]}]},{\"@type\":\"WebPage\",\"@id\":\"https:\/\/zsp1chojna.pl\/?p=6866\",\"url\":\"https:\/\/zsp1chojna.pl\/?p=6866\",\"name\":\"Lekcje otwarte z\u00a0przedmiot\u00f3w zawodowych informatycznych w\u00a0ramach programu \u201eAktywna tablica\u201d - ZSP w Chojnie\",\"isPartOf\":{\"@id\":\"https:\/\/zsp1chojna.pl\/#website\"},\"datePublished\":\"2021-03-22T18:31:00+00:00\",\"dateModified\":\"2023-11-02T18:35:13+00:00\",\"breadcrumb\":{\"@id\":\"https:\/\/zsp1chojna.pl\/?p=6866#breadcrumb\"},\"inLanguage\":\"pl-PL\",\"potentialAction\":[{\"@type\":\"ReadAction\",\"target\":[\"https:\/\/zsp1chojna.pl\/?p=6866\"]}]},{\"@type\":\"BreadcrumbList\",\"@id\":\"https:\/\/zsp1chojna.pl\/?p=6866#breadcrumb\",\"itemListElement\":[{\"@type\":\"ListItem\",\"position\":1,\"name\":\"Home\",\"item\":\"https:\/\/zsp1chojna.pl\/\"},{\"@type\":\"ListItem\",\"position\":2,\"name\":\"Lekcje otwarte z\u00a0przedmiot\u00f3w zawodowych informatycznych w\u00a0ramach programu \u201eAktywna tablica\u201d\"}]},{\"@type\":\"WebSite\",\"@id\":\"https:\/\/zsp1chojna.pl\/#website\",\"url\":\"https:\/\/zsp1chojna.pl\/\",\"name\":\"ZSP w Chojnie\",\"description\":\"\",\"publisher\":{\"@id\":\"https:\/\/zsp1chojna.pl\/#organization\"},\"potentialAction\":[{\"@type\":\"SearchAction\",\"target\":{\"@type\":\"EntryPoint\",\"urlTemplate\":\"https:\/\/zsp1chojna.pl\/?s={search_term_string}\"},\"query-input\":\"required name=search_term_string\"}],\"inLanguage\":\"pl-PL\"},{\"@type\":\"Organization\",\"@id\":\"https:\/\/zsp1chojna.pl\/#organization\",\"name\":\"ZSP w Chojnie\",\"url\":\"https:\/\/zsp1chojna.pl\/\",\"logo\":{\"@type\":\"ImageObject\",\"inLanguage\":\"pl-PL\",\"@id\":\"https:\/\/zsp1chojna.pl\/#\/schema\/logo\/image\/\",\"url\":\"https:\/\/zsp1chojna.pl\/wp-content\/uploads\/2023\/08\/cropped-cropped-cropped-Logo-biale-napis-na-3-wiersze_504-1.png\",\"contentUrl\":\"https:\/\/zsp1chojna.pl\/wp-content\/uploads\/2023\/08\/cropped-cropped-cropped-Logo-biale-napis-na-3-wiersze_504-1.png\",\"width\":504,\"height\":167,\"caption\":\"ZSP w Chojnie\"},\"image\":{\"@id\":\"https:\/\/zsp1chojna.pl\/#\/schema\/logo\/image\/\"}},{\"@type\":\"Person\",\"@id\":\"https:\/\/zsp1chojna.pl\/#\/schema\/person\/e974e35b71ad4899de9d84ba9baed22f\",\"name\":\"kacper27\",\"image\":{\"@type\":\"ImageObject\",\"inLanguage\":\"pl-PL\",\"@id\":\"https:\/\/zsp1chojna.pl\/#\/schema\/person\/image\/\",\"url\":\"https:\/\/secure.gravatar.com\/avatar\/233d005830da7db1760a03aba4b7a8303a369edf5f46a429dfe66f876a3f452c?s=96&d=mm&r=g\",\"contentUrl\":\"https:\/\/secure.gravatar.com\/avatar\/233d005830da7db1760a03aba4b7a8303a369edf5f46a429dfe66f876a3f452c?s=96&d=mm&r=g\",\"caption\":\"kacper27\"},\"url\":\"https:\/\/zsp1chojna.pl\/?author=2\"}]}<\/script>\n<!-- \/ Yoast SEO plugin. -->","yoast_head_json":{"title":"Lekcje otwarte z\u00a0przedmiot\u00f3w zawodowych informatycznych w\u00a0ramach programu \u201eAktywna tablica\u201d - ZSP w Chojnie","robots":{"index":"index","follow":"follow","max-snippet":"max-snippet:-1","max-image-preview":"max-image-preview:large","max-video-preview":"max-video-preview:-1"},"canonical":"https:\/\/zsp1chojna.pl\/?p=6866","og_locale":"pl_PL","og_type":"article","og_title":"Lekcje otwarte z\u00a0przedmiot\u00f3w zawodowych informatycznych w\u00a0ramach programu \u201eAktywna tablica\u201d - ZSP w Chojnie","og_description":"22&nbsp;marca 2021&nbsp;r., w&nbsp;ramach rz\u0105dowego programu rozwijania szkolnej infrastruktury oraz&nbsp;kompetencji uczni\u00f3w i&nbsp;nauczycieli w&nbsp;zakresie technologii informacyjno \u2013 komunikacyjnych \u2013 \u201eAktywna tablica\u201d i&nbsp;z&nbsp;okazji obchod\u00f3w Dnia Nowych Technologii, odby\u0142y si\u0119 lekcje otwarte z&nbsp;przedmiot\u00f3w zawodowych [&hellip;]","og_url":"https:\/\/zsp1chojna.pl\/?p=6866","og_site_name":"ZSP w Chojnie","article_published_time":"2021-03-22T18:31:00+00:00","article_modified_time":"2023-11-02T18:35:13+00:00","og_image":[{"width":550,"height":295,"url":"https:\/\/zsp1chojna.pl\/wp-content\/uploads\/2023\/11\/druk3d-3.png","type":"image\/png"}],"author":"kacper27","twitter_card":"summary_large_image","twitter_misc":{"Napisane przez":"kacper27","Szacowany czas czytania":"2 minuty"},"schema":{"@context":"https:\/\/schema.org","@graph":[{"@type":"Article","@id":"https:\/\/zsp1chojna.pl\/?p=6866#article","isPartOf":{"@id":"https:\/\/zsp1chojna.pl\/?p=6866"},"author":{"name":"kacper27","@id":"https:\/\/zsp1chojna.pl\/#\/schema\/person\/e974e35b71ad4899de9d84ba9baed22f"},"headline":"Lekcje otwarte z\u00a0przedmiot\u00f3w zawodowych informatycznych w\u00a0ramach programu \u201eAktywna tablica\u201d","datePublished":"2021-03-22T18:31:00+00:00","dateModified":"2023-11-02T18:35:13+00:00","mainEntityOfPage":{"@id":"https:\/\/zsp1chojna.pl\/?p=6866"},"wordCount":277,"commentCount":0,"publisher":{"@id":"https:\/\/zsp1chojna.pl\/#organization"},"articleSection":["Aktualno\u015bci 2020\/2021"],"inLanguage":"pl-PL","potentialAction":[{"@type":"CommentAction","name":"Comment","target":["https:\/\/zsp1chojna.pl\/?p=6866#respond"]}]},{"@type":"WebPage","@id":"https:\/\/zsp1chojna.pl\/?p=6866","url":"https:\/\/zsp1chojna.pl\/?p=6866","name":"Lekcje otwarte z\u00a0przedmiot\u00f3w zawodowych informatycznych w\u00a0ramach programu \u201eAktywna tablica\u201d - ZSP w Chojnie","isPartOf":{"@id":"https:\/\/zsp1chojna.pl\/#website"},"datePublished":"2021-03-22T18:31:00+00:00","dateModified":"2023-11-02T18:35:13+00:00","breadcrumb":{"@id":"https:\/\/zsp1chojna.pl\/?p=6866#breadcrumb"},"inLanguage":"pl-PL","potentialAction":[{"@type":"ReadAction","target":["https:\/\/zsp1chojna.pl\/?p=6866"]}]},{"@type":"BreadcrumbList","@id":"https:\/\/zsp1chojna.pl\/?p=6866#breadcrumb","itemListElement":[{"@type":"ListItem","position":1,"name":"Home","item":"https:\/\/zsp1chojna.pl\/"},{"@type":"ListItem","position":2,"name":"Lekcje otwarte z\u00a0przedmiot\u00f3w zawodowych informatycznych w\u00a0ramach programu \u201eAktywna tablica\u201d"}]},{"@type":"WebSite","@id":"https:\/\/zsp1chojna.pl\/#website","url":"https:\/\/zsp1chojna.pl\/","name":"ZSP w Chojnie","description":"","publisher":{"@id":"https:\/\/zsp1chojna.pl\/#organization"},"potentialAction":[{"@type":"SearchAction","target":{"@type":"EntryPoint","urlTemplate":"https:\/\/zsp1chojna.pl\/?s={search_term_string}"},"query-input":"required name=search_term_string"}],"inLanguage":"pl-PL"},{"@type":"Organization","@id":"https:\/\/zsp1chojna.pl\/#organization","name":"ZSP w Chojnie","url":"https:\/\/zsp1chojna.pl\/","logo":{"@type":"ImageObject","inLanguage":"pl-PL","@id":"https:\/\/zsp1chojna.pl\/#\/schema\/logo\/image\/","url":"https:\/\/zsp1chojna.pl\/wp-content\/uploads\/2023\/08\/cropped-cropped-cropped-Logo-biale-napis-na-3-wiersze_504-1.png","contentUrl":"https:\/\/zsp1chojna.pl\/wp-content\/uploads\/2023\/08\/cropped-cropped-cropped-Logo-biale-napis-na-3-wiersze_504-1.png","width":504,"height":167,"caption":"ZSP w Chojnie"},"image":{"@id":"https:\/\/zsp1chojna.pl\/#\/schema\/logo\/image\/"}},{"@type":"Person","@id":"https:\/\/zsp1chojna.pl\/#\/schema\/person\/e974e35b71ad4899de9d84ba9baed22f","name":"kacper27","image":{"@type":"ImageObject","inLanguage":"pl-PL","@id":"https:\/\/zsp1chojna.pl\/#\/schema\/person\/image\/","url":"https:\/\/secure.gravatar.com\/avatar\/233d005830da7db1760a03aba4b7a8303a369edf5f46a429dfe66f876a3f452c?s=96&d=mm&r=g","contentUrl":"https:\/\/secure.gravatar.com\/avatar\/233d005830da7db1760a03aba4b7a8303a369edf5f46a429dfe66f876a3f452c?s=96&d=mm&r=g","caption":"kacper27"},"url":"https:\/\/zsp1chojna.pl\/?author=2"}]}},"jetpack_featured_media_url":"https:\/\/zsp1chojna.pl\/wp-content\/uploads\/2023\/11\/druk3d-3.png","_links":{"self":[{"href":"https:\/\/zsp1chojna.pl\/index.php?rest_route=\/wp\/v2\/posts\/6866","targetHints":{"allow":["GET"]}}],"collection":[{"href":"https:\/\/zsp1chojna.pl\/index.php?rest_route=\/wp\/v2\/posts"}],"about":[{"href":"https:\/\/zsp1chojna.pl\/index.php?rest_route=\/wp\/v2\/types\/post"}],"author":[{"embeddable":true,"href":"https:\/\/zsp1chojna.pl\/index.php?rest_route=\/wp\/v2\/users\/2"}],"replies":[{"embeddable":true,"href":"https:\/\/zsp1chojna.pl\/index.php?rest_route=%2Fwp%2Fv2%2Fcomments&post=6866"}],"version-history":[{"count":1,"href":"https:\/\/zsp1chojna.pl\/index.php?rest_route=\/wp\/v2\/posts\/6866\/revisions"}],"predecessor-version":[{"id":6870,"href":"https:\/\/zsp1chojna.pl\/index.php?rest_route=\/wp\/v2\/posts\/6866\/revisions\/6870"}],"wp:featuredmedia":[{"embeddable":true,"href":"https:\/\/zsp1chojna.pl\/index.php?rest_route=\/wp\/v2\/media\/6869"}],"wp:attachment":[{"href":"https:\/\/zsp1chojna.pl\/index.php?rest_route=%2Fwp%2Fv2%2Fmedia&parent=6866"}],"wp:term":[{"taxonomy":"category","embeddable":true,"href":"https:\/\/zsp1chojna.pl\/index.php?rest_route=%2Fwp%2Fv2%2Fcategories&post=6866"},{"taxonomy":"post_tag","embeddable":true,"href":"https:\/\/zsp1chojna.pl\/index.php?rest_route=%2Fwp%2Fv2%2Ftags&post=6866"}],"curies":[{"name":"wp","href":"https:\/\/api.w.org\/{rel}","templated":true}]}}