{"id":6782,"date":"2021-06-15T17:12:00","date_gmt":"2021-06-15T15:12:00","guid":{"rendered":"https:\/\/zsp1chojna.pl\/?p=6782"},"modified":"2023-11-02T17:16:03","modified_gmt":"2023-11-02T16:16:03","slug":"debata-wady-i-zalety-zdalnego-nauczania","status":"publish","type":"post","link":"https:\/\/zsp1chojna.pl\/?p=6782","title":{"rendered":"Debata \u201eWady i\u00a0zalety zdalnego nauczania\u201d"},"content":{"rendered":"\n<p class=\"has-text-align-justify\">15&nbsp;czerwca 2021&nbsp;r. w&nbsp;naszej szkole odby\u0142a si\u0119 debata pt.&nbsp;\u201eWady i&nbsp;zalety zdalnego nauczania\u201d. Debat\u0119, jako projekt uczniowski ko\u0144cz\u0105cy udzia\u0142 w&nbsp;programie \u201eM\u0142odzi w&nbsp; akcji+\u201d, zorganizowa\u0142y uczennice Wiktoria Podyma, Kinga Wo\u017aniak, Amelia Zalcewicz pod&nbsp;opiek\u0105 mgr&nbsp;Doroty Szwiec. Celem debaty by\u0142o poznanie opinii uczni\u00f3w i&nbsp;nauczycieli nt.&nbsp; wad i&nbsp;zalet zdalnego nauczania. W&nbsp;debacie udzia\u0142 wzi\u0119li Dyrektor Szko\u0142y pani Adriana Salamo\u0144czyk, Wicedyrektor Szko\u0142y pani Ma\u0142gorzata Liman\u00f3wka, pedagodzy szkolni, nauczyciele i&nbsp; przedstawiciele uczni\u00f3w z&nbsp;poszczeg\u00f3lnych klas.<\/p>\n\n\n<div class=\"wp-block-image\">\n<figure class=\"aligncenter size-full\"><img loading=\"lazy\" decoding=\"async\" width=\"550\" height=\"364\" data-attachment-id=\"6787\" data-permalink=\"https:\/\/zsp1chojna.pl\/?attachment_id=6787\" data-orig-file=\"https:\/\/zsp1chojna.pl\/wp-content\/uploads\/2023\/11\/debata-wadyizalety2021-1.jpg\" data-orig-size=\"550,364\" data-comments-opened=\"1\" data-image-meta=\"{&quot;aperture&quot;:&quot;0&quot;,&quot;credit&quot;:&quot;&quot;,&quot;camera&quot;:&quot;&quot;,&quot;caption&quot;:&quot;&quot;,&quot;created_timestamp&quot;:&quot;0&quot;,&quot;copyright&quot;:&quot;&quot;,&quot;focal_length&quot;:&quot;0&quot;,&quot;iso&quot;:&quot;0&quot;,&quot;shutter_speed&quot;:&quot;0&quot;,&quot;title&quot;:&quot;&quot;,&quot;orientation&quot;:&quot;0&quot;}\" data-image-title=\"debata-wadyizalety2021-1\" data-image-description=\"\" data-image-caption=\"\" data-medium-file=\"https:\/\/zsp1chojna.pl\/wp-content\/uploads\/2023\/11\/debata-wadyizalety2021-1-300x199.jpg\" data-large-file=\"https:\/\/zsp1chojna.pl\/wp-content\/uploads\/2023\/11\/debata-wadyizalety2021-1.jpg\" src=\"https:\/\/zsp1chojna.pl\/wp-content\/uploads\/2023\/11\/debata-wadyizalety2021-1.jpg\" alt=\"\" class=\"wp-image-6787\" srcset=\"https:\/\/zsp1chojna.pl\/wp-content\/uploads\/2023\/11\/debata-wadyizalety2021-1.jpg 550w, https:\/\/zsp1chojna.pl\/wp-content\/uploads\/2023\/11\/debata-wadyizalety2021-1-300x199.jpg 300w, https:\/\/zsp1chojna.pl\/wp-content\/uploads\/2023\/11\/debata-wadyizalety2021-1-84x56.jpg 84w\" sizes=\"auto, (max-width: 550px) 100vw, 550px\" \/><\/figure>\n<\/div>\n\n\n<p>Udzia\u0142 w\u00a0debacie polega\u0142 na\u00a0wsp\u00f3lnym podj\u0119ciu dyskusji poprzez udzielanie odpowiedzi na\u00a0 zadawane przez\u00a0organizatorki pytania. By\u0142a to\u00a0debata panelowa, uwzgl\u0119dniaj\u0105ca panel dyskusyjny, pozwalaj\u0105cy na\u00a0szczere opinie i\u00a0wypowiedzi dotycz\u0105ce zdalnego nauczania.<\/p>\n\n\n<style>.kb-row-layout-id6782_b363fc-36 > .kt-row-column-wrap{align-content:start;}:where(.kb-row-layout-id6782_b363fc-36 > .kt-row-column-wrap) > .wp-block-kadence-column{justify-content:start;}.kb-row-layout-id6782_b363fc-36 > .kt-row-column-wrap{column-gap:var(--global-kb-gap-sm, 1rem);row-gap:var(--global-kb-gap-none, 0 );padding-top:0px;padding-bottom:0px;grid-template-columns:repeat(2, minmax(0, 1fr));}.kb-row-layout-id6782_b363fc-36 > .kt-row-layout-overlay{opacity:0.30;}@media all and (max-width: 1024px){.kb-row-layout-id6782_b363fc-36 > .kt-row-column-wrap{grid-template-columns:repeat(2, minmax(0, 1fr));}}@media all and (max-width: 767px){.kb-row-layout-id6782_b363fc-36 > .kt-row-column-wrap{grid-template-columns:minmax(0, 1fr);}}<\/style><div class=\"kb-row-layout-wrap kb-row-layout-id6782_b363fc-36 alignnone wp-block-kadence-rowlayout\"><div class=\"kt-row-column-wrap kt-has-2-columns kt-row-layout-equal kt-tab-layout-inherit kt-mobile-layout-row kt-row-valign-top\">\n<style>.kadence-column6782_0923fc-a4 > .kt-inside-inner-col,.kadence-column6782_0923fc-a4 > .kt-inside-inner-col:before{border-top-left-radius:0px;border-top-right-radius:0px;border-bottom-right-radius:0px;border-bottom-left-radius:0px;}.kadence-column6782_0923fc-a4 > .kt-inside-inner-col:before{opacity:0.3;}.kadence-column6782_0923fc-a4{position:relative;}<\/style>\n<div class=\"wp-block-kadence-column kadence-column6782_0923fc-a4\"><div class=\"kt-inside-inner-col\"><div class=\"wp-block-image\">\n<figure class=\"alignright size-full\"><img loading=\"lazy\" decoding=\"async\" width=\"550\" height=\"364\" data-attachment-id=\"6786\" data-permalink=\"https:\/\/zsp1chojna.pl\/?attachment_id=6786\" data-orig-file=\"https:\/\/zsp1chojna.pl\/wp-content\/uploads\/2023\/11\/debata-wadyizalety2021-2.jpg\" data-orig-size=\"550,364\" data-comments-opened=\"1\" data-image-meta=\"{&quot;aperture&quot;:&quot;0&quot;,&quot;credit&quot;:&quot;&quot;,&quot;camera&quot;:&quot;&quot;,&quot;caption&quot;:&quot;&quot;,&quot;created_timestamp&quot;:&quot;0&quot;,&quot;copyright&quot;:&quot;&quot;,&quot;focal_length&quot;:&quot;0&quot;,&quot;iso&quot;:&quot;0&quot;,&quot;shutter_speed&quot;:&quot;0&quot;,&quot;title&quot;:&quot;&quot;,&quot;orientation&quot;:&quot;0&quot;}\" data-image-title=\"debata-wadyizalety2021-2\" data-image-description=\"\" data-image-caption=\"\" data-medium-file=\"https:\/\/zsp1chojna.pl\/wp-content\/uploads\/2023\/11\/debata-wadyizalety2021-2-300x199.jpg\" data-large-file=\"https:\/\/zsp1chojna.pl\/wp-content\/uploads\/2023\/11\/debata-wadyizalety2021-2.jpg\" src=\"https:\/\/zsp1chojna.pl\/wp-content\/uploads\/2023\/11\/debata-wadyizalety2021-2.jpg\" alt=\"\" class=\"wp-image-6786\" srcset=\"https:\/\/zsp1chojna.pl\/wp-content\/uploads\/2023\/11\/debata-wadyizalety2021-2.jpg 550w, https:\/\/zsp1chojna.pl\/wp-content\/uploads\/2023\/11\/debata-wadyizalety2021-2-300x199.jpg 300w, https:\/\/zsp1chojna.pl\/wp-content\/uploads\/2023\/11\/debata-wadyizalety2021-2-84x56.jpg 84w\" sizes=\"auto, (max-width: 550px) 100vw, 550px\" \/><\/figure>\n<\/div><\/div><\/div>\n\n\n<style>.kadence-column6782_31cbb5-6e > .kt-inside-inner-col,.kadence-column6782_31cbb5-6e > .kt-inside-inner-col:before{border-top-left-radius:0px;border-top-right-radius:0px;border-bottom-right-radius:0px;border-bottom-left-radius:0px;}.kadence-column6782_31cbb5-6e > .kt-inside-inner-col:before{opacity:0.3;}.kadence-column6782_31cbb5-6e{position:relative;}<\/style>\n<div class=\"wp-block-kadence-column kadence-column6782_31cbb5-6e\"><div class=\"kt-inside-inner-col\"><div class=\"wp-block-image\">\n<figure class=\"alignleft size-full\"><img loading=\"lazy\" decoding=\"async\" width=\"550\" height=\"364\" data-attachment-id=\"6785\" data-permalink=\"https:\/\/zsp1chojna.pl\/?attachment_id=6785\" data-orig-file=\"https:\/\/zsp1chojna.pl\/wp-content\/uploads\/2023\/11\/debata-wadyizalety2021-3.jpg\" data-orig-size=\"550,364\" data-comments-opened=\"1\" data-image-meta=\"{&quot;aperture&quot;:&quot;0&quot;,&quot;credit&quot;:&quot;&quot;,&quot;camera&quot;:&quot;&quot;,&quot;caption&quot;:&quot;&quot;,&quot;created_timestamp&quot;:&quot;0&quot;,&quot;copyright&quot;:&quot;&quot;,&quot;focal_length&quot;:&quot;0&quot;,&quot;iso&quot;:&quot;0&quot;,&quot;shutter_speed&quot;:&quot;0&quot;,&quot;title&quot;:&quot;&quot;,&quot;orientation&quot;:&quot;0&quot;}\" data-image-title=\"debata-wadyizalety2021-3\" data-image-description=\"\" data-image-caption=\"\" data-medium-file=\"https:\/\/zsp1chojna.pl\/wp-content\/uploads\/2023\/11\/debata-wadyizalety2021-3-300x199.jpg\" data-large-file=\"https:\/\/zsp1chojna.pl\/wp-content\/uploads\/2023\/11\/debata-wadyizalety2021-3.jpg\" src=\"https:\/\/zsp1chojna.pl\/wp-content\/uploads\/2023\/11\/debata-wadyizalety2021-3.jpg\" alt=\"\" class=\"wp-image-6785\" srcset=\"https:\/\/zsp1chojna.pl\/wp-content\/uploads\/2023\/11\/debata-wadyizalety2021-3.jpg 550w, https:\/\/zsp1chojna.pl\/wp-content\/uploads\/2023\/11\/debata-wadyizalety2021-3-300x199.jpg 300w, https:\/\/zsp1chojna.pl\/wp-content\/uploads\/2023\/11\/debata-wadyizalety2021-3-84x56.jpg 84w\" sizes=\"auto, (max-width: 550px) 100vw, 550px\" \/><\/figure>\n<\/div><\/div><\/div>\n\n<\/div><\/div>\n\n\n<p>Mi\u0142ym akcentem by\u0142a muzyczna niespodzianka w&nbsp;wykonaniu niezwykle utalentowanych uczennic naszej szko\u0142y \u2013 Wanesy Adamskiej i&nbsp;Martyny Bartosewicz.<\/p>\n\n\n<div class=\"wp-block-image\">\n<figure class=\"aligncenter size-full\"><img loading=\"lazy\" decoding=\"async\" width=\"550\" height=\"364\" data-attachment-id=\"6784\" data-permalink=\"https:\/\/zsp1chojna.pl\/?attachment_id=6784\" data-orig-file=\"https:\/\/zsp1chojna.pl\/wp-content\/uploads\/2023\/11\/debata-wadyizalety2021-4.jpg\" data-orig-size=\"550,364\" data-comments-opened=\"1\" data-image-meta=\"{&quot;aperture&quot;:&quot;0&quot;,&quot;credit&quot;:&quot;&quot;,&quot;camera&quot;:&quot;&quot;,&quot;caption&quot;:&quot;&quot;,&quot;created_timestamp&quot;:&quot;0&quot;,&quot;copyright&quot;:&quot;&quot;,&quot;focal_length&quot;:&quot;0&quot;,&quot;iso&quot;:&quot;0&quot;,&quot;shutter_speed&quot;:&quot;0&quot;,&quot;title&quot;:&quot;&quot;,&quot;orientation&quot;:&quot;0&quot;}\" data-image-title=\"debata-wadyizalety2021-4\" data-image-description=\"\" data-image-caption=\"\" data-medium-file=\"https:\/\/zsp1chojna.pl\/wp-content\/uploads\/2023\/11\/debata-wadyizalety2021-4-300x199.jpg\" data-large-file=\"https:\/\/zsp1chojna.pl\/wp-content\/uploads\/2023\/11\/debata-wadyizalety2021-4.jpg\" src=\"https:\/\/zsp1chojna.pl\/wp-content\/uploads\/2023\/11\/debata-wadyizalety2021-4.jpg\" alt=\"\" class=\"wp-image-6784\" srcset=\"https:\/\/zsp1chojna.pl\/wp-content\/uploads\/2023\/11\/debata-wadyizalety2021-4.jpg 550w, https:\/\/zsp1chojna.pl\/wp-content\/uploads\/2023\/11\/debata-wadyizalety2021-4-300x199.jpg 300w, https:\/\/zsp1chojna.pl\/wp-content\/uploads\/2023\/11\/debata-wadyizalety2021-4-84x56.jpg 84w\" sizes=\"auto, (max-width: 550px) 100vw, 550px\" \/><\/figure>\n<\/div>\n\n\n<p class=\"has-text-align-justify\">Podsumowaniem debaty by\u0142o wyci\u0105gni\u0119cie wniosk\u00f3w, na&nbsp;podstawie udzielonych odpowiedzi, pozwalaj\u0105cych okre\u015bli\u0107 czy&nbsp;uczniowie i&nbsp;nauczyciele Zespo\u0142u Szk\u00f3\u0142 Ponadpodstawowych w&nbsp; Chojnie s\u0105 za&nbsp;czy&nbsp;przeciw zdalnemu nauczaniu. Wszyscy jednog\u0142o\u015bnie opowiedzieli si\u0119&nbsp; za&nbsp; tym, \u017ce&nbsp;zdalne nauczanie ma wi\u0119cej wad ni\u017c zalet.<\/p>\n\n\n\n<p class=\"has-text-align-justify\">Bardzo wa\u017cnym elementem podsumowania debaty by\u0142a wymiana uwag i&nbsp;wskaz\u00f3wek miedzy nauczycielami i&nbsp;uczniami. Zdobyte do\u015bwiadczenia pozwoli\u0142y na&nbsp;wypracowanie rekomendacji odno\u015bnie przebiegu zdalnego nauczania. Zdalne nauczanie w&nbsp;opinii uczestnik\u00f3w debaty spowodowa\u0142o, \u017ce&nbsp;zar\u00f3wno nauczyciele, jak i&nbsp;uczniowie musieli dostosowa\u0107 si\u0119 do&nbsp;nowych, trudnych warunk\u00f3w i&nbsp;zaakceptowa\u0107 wyzwania, kt\u00f3re postawi\u0142o przed&nbsp;wszystkimi zdalne nauczanie.<\/p>\n\n\n<div class=\"wp-block-image\">\n<figure class=\"aligncenter size-full\"><img loading=\"lazy\" decoding=\"async\" width=\"550\" height=\"412\" data-attachment-id=\"6783\" data-permalink=\"https:\/\/zsp1chojna.pl\/?attachment_id=6783\" data-orig-file=\"https:\/\/zsp1chojna.pl\/wp-content\/uploads\/2023\/11\/debata-wadyizalety2021-5.jpg\" data-orig-size=\"550,412\" data-comments-opened=\"1\" data-image-meta=\"{&quot;aperture&quot;:&quot;0&quot;,&quot;credit&quot;:&quot;&quot;,&quot;camera&quot;:&quot;&quot;,&quot;caption&quot;:&quot;&quot;,&quot;created_timestamp&quot;:&quot;0&quot;,&quot;copyright&quot;:&quot;&quot;,&quot;focal_length&quot;:&quot;0&quot;,&quot;iso&quot;:&quot;0&quot;,&quot;shutter_speed&quot;:&quot;0&quot;,&quot;title&quot;:&quot;&quot;,&quot;orientation&quot;:&quot;0&quot;}\" data-image-title=\"debata-wadyizalety2021-5\" data-image-description=\"\" data-image-caption=\"\" data-medium-file=\"https:\/\/zsp1chojna.pl\/wp-content\/uploads\/2023\/11\/debata-wadyizalety2021-5-300x225.jpg\" data-large-file=\"https:\/\/zsp1chojna.pl\/wp-content\/uploads\/2023\/11\/debata-wadyizalety2021-5.jpg\" src=\"https:\/\/zsp1chojna.pl\/wp-content\/uploads\/2023\/11\/debata-wadyizalety2021-5.jpg\" alt=\"\" class=\"wp-image-6783\" srcset=\"https:\/\/zsp1chojna.pl\/wp-content\/uploads\/2023\/11\/debata-wadyizalety2021-5.jpg 550w, https:\/\/zsp1chojna.pl\/wp-content\/uploads\/2023\/11\/debata-wadyizalety2021-5-300x225.jpg 300w\" sizes=\"auto, (max-width: 550px) 100vw, 550px\" \/><\/figure>\n<\/div>\n\n\n<p class=\"has-text-align-justify\">Na&nbsp;zako\u0144czenie debaty pani Wicedyrektor Ma\u0142gorzata Liman\u00f3wka podzi\u0119kowa\u0142a organizatorkom za&nbsp;przeprowadzenie debaty i&nbsp;pogratulowa\u0142a pomys\u0142u na&nbsp;projekt uczniowski. Podzi\u0119kowania skierowa\u0142a r\u00f3wnie\u017c do&nbsp;wszystkich uczestnik\u00f3w debaty.<\/p>\n\n\n\n<p class=\"has-text-align-justify\">Bardzo dzi\u0119kuj\u0119 uczestnikom debaty za&nbsp;przyj\u0119cia zaproszenia i&nbsp;bardzo aktywny udzia\u0142 w&nbsp;debacie. Dzi\u0119kuj\u0119 za&nbsp;szczero\u015b\u0107, cenne uwagi i&nbsp;wskaz\u00f3wki, za&nbsp;otwarto\u015b\u0107, pozytywne emocje, dzi\u0119ki kt\u00f3rym&nbsp;mo\u017cemy wsp\u00f3lnie sprosta\u0107 nowym wyzwaniom w&nbsp;nowej szkolnej rzeczywisto\u015bci.<\/p>\n\n\n\n<p><\/p>\n\n\n\n<p class=\"has-text-align-right\">doradca zawodowy<\/p>\n\n\n\n<p class=\"has-text-align-right\">mgr&nbsp;Dorota Szwiec<\/p>\n","protected":false},"excerpt":{"rendered":"<p>15&nbsp;czerwca 2021&nbsp;r. w&nbsp;naszej szkole odby\u0142a si\u0119 debata pt.&nbsp;\u201eWady i&nbsp;zalety zdalnego nauczania\u201d. Debat\u0119, jako projekt uczniowski ko\u0144cz\u0105cy udzia\u0142 w&nbsp;programie \u201eM\u0142odzi w&nbsp; akcji+\u201d, zorganizowa\u0142y uczennice Wiktoria Podyma, Kinga Wo\u017aniak, Amelia Zalcewicz pod&nbsp;opiek\u0105 [&hellip;]<\/p>\n","protected":false},"author":2,"featured_media":6783,"comment_status":"open","ping_status":"open","sticky":false,"template":"","format":"standard","meta":{"footnotes":""},"categories":[25],"tags":[],"class_list":["post-6782","post","type-post","status-publish","format-standard","has-post-thumbnail","hentry","category-aktualnosci-2020-2021"],"wbAuthor":{"name":"kacper27","link":"https:\/\/zsp1chojna.pl\/?author=2"},"wbDate":"cze 15, 2021","wbCategories":{"space":"<a href=\"https:\/\/zsp1chojna.pl\/?cat=25\" rel=\"category\">Aktualno\u015bci 2020\/2021<\/a>","coma":"<a href=\"https:\/\/zsp1chojna.pl\/?cat=25\" rel=\"category\">Aktualno\u015bci 2020\/2021<\/a>"},"wbComment":0,"yoast_head":"<!-- This site is optimized with the Yoast SEO plugin v20.13 - https:\/\/yoast.com\/wordpress\/plugins\/seo\/ -->\n<title>Debata \u201eWady i\u00a0zalety zdalnego nauczania\u201d - ZSP w Chojnie<\/title>\n<meta name=\"robots\" content=\"index, follow, max-snippet:-1, max-image-preview:large, max-video-preview:-1\" \/>\n<link rel=\"canonical\" href=\"https:\/\/zsp1chojna.pl\/?p=6782\" \/>\n<meta property=\"og:locale\" content=\"pl_PL\" \/>\n<meta property=\"og:type\" content=\"article\" \/>\n<meta property=\"og:title\" content=\"Debata \u201eWady i\u00a0zalety zdalnego nauczania\u201d - ZSP w Chojnie\" \/>\n<meta property=\"og:description\" content=\"15&nbsp;czerwca 2021&nbsp;r. w&nbsp;naszej szkole odby\u0142a si\u0119 debata pt.&nbsp;\u201eWady i&nbsp;zalety zdalnego nauczania\u201d. Debat\u0119, jako projekt uczniowski ko\u0144cz\u0105cy udzia\u0142 w&nbsp;programie \u201eM\u0142odzi w&nbsp; akcji+\u201d, zorganizowa\u0142y uczennice Wiktoria Podyma, Kinga Wo\u017aniak, Amelia Zalcewicz pod&nbsp;opiek\u0105 [&hellip;]\" \/>\n<meta property=\"og:url\" content=\"https:\/\/zsp1chojna.pl\/?p=6782\" \/>\n<meta property=\"og:site_name\" content=\"ZSP w Chojnie\" \/>\n<meta property=\"article:published_time\" content=\"2021-06-15T15:12:00+00:00\" \/>\n<meta property=\"article:modified_time\" content=\"2023-11-02T16:16:03+00:00\" \/>\n<meta property=\"og:image\" content=\"https:\/\/zsp1chojna.pl\/wp-content\/uploads\/2023\/11\/debata-wadyizalety2021-5.jpg\" \/>\n\t<meta property=\"og:image:width\" content=\"550\" \/>\n\t<meta property=\"og:image:height\" content=\"412\" \/>\n\t<meta property=\"og:image:type\" content=\"image\/jpeg\" \/>\n<meta name=\"author\" content=\"kacper27\" \/>\n<meta name=\"twitter:card\" content=\"summary_large_image\" \/>\n<meta name=\"twitter:label1\" content=\"Napisane przez\" \/>\n\t<meta name=\"twitter:data1\" content=\"kacper27\" \/>\n\t<meta name=\"twitter:label2\" content=\"Szacowany czas czytania\" \/>\n\t<meta name=\"twitter:data2\" content=\"3 minuty\" \/>\n<script type=\"application\/ld+json\" class=\"yoast-schema-graph\">{\"@context\":\"https:\/\/schema.org\",\"@graph\":[{\"@type\":\"Article\",\"@id\":\"https:\/\/zsp1chojna.pl\/?p=6782#article\",\"isPartOf\":{\"@id\":\"https:\/\/zsp1chojna.pl\/?p=6782\"},\"author\":{\"name\":\"kacper27\",\"@id\":\"https:\/\/zsp1chojna.pl\/#\/schema\/person\/e974e35b71ad4899de9d84ba9baed22f\"},\"headline\":\"Debata \u201eWady i\u00a0zalety zdalnego nauczania\u201d\",\"datePublished\":\"2021-06-15T15:12:00+00:00\",\"dateModified\":\"2023-11-02T16:16:03+00:00\",\"mainEntityOfPage\":{\"@id\":\"https:\/\/zsp1chojna.pl\/?p=6782\"},\"wordCount\":405,\"commentCount\":0,\"publisher\":{\"@id\":\"https:\/\/zsp1chojna.pl\/#organization\"},\"articleSection\":[\"Aktualno\u015bci 2020\/2021\"],\"inLanguage\":\"pl-PL\",\"potentialAction\":[{\"@type\":\"CommentAction\",\"name\":\"Comment\",\"target\":[\"https:\/\/zsp1chojna.pl\/?p=6782#respond\"]}]},{\"@type\":\"WebPage\",\"@id\":\"https:\/\/zsp1chojna.pl\/?p=6782\",\"url\":\"https:\/\/zsp1chojna.pl\/?p=6782\",\"name\":\"Debata \u201eWady i\u00a0zalety zdalnego nauczania\u201d - ZSP w Chojnie\",\"isPartOf\":{\"@id\":\"https:\/\/zsp1chojna.pl\/#website\"},\"datePublished\":\"2021-06-15T15:12:00+00:00\",\"dateModified\":\"2023-11-02T16:16:03+00:00\",\"breadcrumb\":{\"@id\":\"https:\/\/zsp1chojna.pl\/?p=6782#breadcrumb\"},\"inLanguage\":\"pl-PL\",\"potentialAction\":[{\"@type\":\"ReadAction\",\"target\":[\"https:\/\/zsp1chojna.pl\/?p=6782\"]}]},{\"@type\":\"BreadcrumbList\",\"@id\":\"https:\/\/zsp1chojna.pl\/?p=6782#breadcrumb\",\"itemListElement\":[{\"@type\":\"ListItem\",\"position\":1,\"name\":\"Home\",\"item\":\"https:\/\/zsp1chojna.pl\/\"},{\"@type\":\"ListItem\",\"position\":2,\"name\":\"Debata \u201eWady i\u00a0zalety zdalnego nauczania\u201d\"}]},{\"@type\":\"WebSite\",\"@id\":\"https:\/\/zsp1chojna.pl\/#website\",\"url\":\"https:\/\/zsp1chojna.pl\/\",\"name\":\"ZSP w Chojnie\",\"description\":\"\",\"publisher\":{\"@id\":\"https:\/\/zsp1chojna.pl\/#organization\"},\"potentialAction\":[{\"@type\":\"SearchAction\",\"target\":{\"@type\":\"EntryPoint\",\"urlTemplate\":\"https:\/\/zsp1chojna.pl\/?s={search_term_string}\"},\"query-input\":\"required name=search_term_string\"}],\"inLanguage\":\"pl-PL\"},{\"@type\":\"Organization\",\"@id\":\"https:\/\/zsp1chojna.pl\/#organization\",\"name\":\"ZSP w Chojnie\",\"url\":\"https:\/\/zsp1chojna.pl\/\",\"logo\":{\"@type\":\"ImageObject\",\"inLanguage\":\"pl-PL\",\"@id\":\"https:\/\/zsp1chojna.pl\/#\/schema\/logo\/image\/\",\"url\":\"https:\/\/zsp1chojna.pl\/wp-content\/uploads\/2023\/08\/cropped-cropped-cropped-Logo-biale-napis-na-3-wiersze_504-1.png\",\"contentUrl\":\"https:\/\/zsp1chojna.pl\/wp-content\/uploads\/2023\/08\/cropped-cropped-cropped-Logo-biale-napis-na-3-wiersze_504-1.png\",\"width\":504,\"height\":167,\"caption\":\"ZSP w Chojnie\"},\"image\":{\"@id\":\"https:\/\/zsp1chojna.pl\/#\/schema\/logo\/image\/\"}},{\"@type\":\"Person\",\"@id\":\"https:\/\/zsp1chojna.pl\/#\/schema\/person\/e974e35b71ad4899de9d84ba9baed22f\",\"name\":\"kacper27\",\"image\":{\"@type\":\"ImageObject\",\"inLanguage\":\"pl-PL\",\"@id\":\"https:\/\/zsp1chojna.pl\/#\/schema\/person\/image\/\",\"url\":\"https:\/\/secure.gravatar.com\/avatar\/233d005830da7db1760a03aba4b7a8303a369edf5f46a429dfe66f876a3f452c?s=96&d=mm&r=g\",\"contentUrl\":\"https:\/\/secure.gravatar.com\/avatar\/233d005830da7db1760a03aba4b7a8303a369edf5f46a429dfe66f876a3f452c?s=96&d=mm&r=g\",\"caption\":\"kacper27\"},\"url\":\"https:\/\/zsp1chojna.pl\/?author=2\"}]}<\/script>\n<!-- \/ Yoast SEO plugin. -->","yoast_head_json":{"title":"Debata \u201eWady i\u00a0zalety zdalnego nauczania\u201d - ZSP w Chojnie","robots":{"index":"index","follow":"follow","max-snippet":"max-snippet:-1","max-image-preview":"max-image-preview:large","max-video-preview":"max-video-preview:-1"},"canonical":"https:\/\/zsp1chojna.pl\/?p=6782","og_locale":"pl_PL","og_type":"article","og_title":"Debata \u201eWady i\u00a0zalety zdalnego nauczania\u201d - ZSP w Chojnie","og_description":"15&nbsp;czerwca 2021&nbsp;r. w&nbsp;naszej szkole odby\u0142a si\u0119 debata pt.&nbsp;\u201eWady i&nbsp;zalety zdalnego nauczania\u201d. Debat\u0119, jako projekt uczniowski ko\u0144cz\u0105cy udzia\u0142 w&nbsp;programie \u201eM\u0142odzi w&nbsp; akcji+\u201d, zorganizowa\u0142y uczennice Wiktoria Podyma, Kinga Wo\u017aniak, Amelia Zalcewicz pod&nbsp;opiek\u0105 [&hellip;]","og_url":"https:\/\/zsp1chojna.pl\/?p=6782","og_site_name":"ZSP w Chojnie","article_published_time":"2021-06-15T15:12:00+00:00","article_modified_time":"2023-11-02T16:16:03+00:00","og_image":[{"width":550,"height":412,"url":"https:\/\/zsp1chojna.pl\/wp-content\/uploads\/2023\/11\/debata-wadyizalety2021-5.jpg","type":"image\/jpeg"}],"author":"kacper27","twitter_card":"summary_large_image","twitter_misc":{"Napisane przez":"kacper27","Szacowany czas czytania":"3 minuty"},"schema":{"@context":"https:\/\/schema.org","@graph":[{"@type":"Article","@id":"https:\/\/zsp1chojna.pl\/?p=6782#article","isPartOf":{"@id":"https:\/\/zsp1chojna.pl\/?p=6782"},"author":{"name":"kacper27","@id":"https:\/\/zsp1chojna.pl\/#\/schema\/person\/e974e35b71ad4899de9d84ba9baed22f"},"headline":"Debata \u201eWady i\u00a0zalety zdalnego nauczania\u201d","datePublished":"2021-06-15T15:12:00+00:00","dateModified":"2023-11-02T16:16:03+00:00","mainEntityOfPage":{"@id":"https:\/\/zsp1chojna.pl\/?p=6782"},"wordCount":405,"commentCount":0,"publisher":{"@id":"https:\/\/zsp1chojna.pl\/#organization"},"articleSection":["Aktualno\u015bci 2020\/2021"],"inLanguage":"pl-PL","potentialAction":[{"@type":"CommentAction","name":"Comment","target":["https:\/\/zsp1chojna.pl\/?p=6782#respond"]}]},{"@type":"WebPage","@id":"https:\/\/zsp1chojna.pl\/?p=6782","url":"https:\/\/zsp1chojna.pl\/?p=6782","name":"Debata \u201eWady i\u00a0zalety zdalnego nauczania\u201d - ZSP w Chojnie","isPartOf":{"@id":"https:\/\/zsp1chojna.pl\/#website"},"datePublished":"2021-06-15T15:12:00+00:00","dateModified":"2023-11-02T16:16:03+00:00","breadcrumb":{"@id":"https:\/\/zsp1chojna.pl\/?p=6782#breadcrumb"},"inLanguage":"pl-PL","potentialAction":[{"@type":"ReadAction","target":["https:\/\/zsp1chojna.pl\/?p=6782"]}]},{"@type":"BreadcrumbList","@id":"https:\/\/zsp1chojna.pl\/?p=6782#breadcrumb","itemListElement":[{"@type":"ListItem","position":1,"name":"Home","item":"https:\/\/zsp1chojna.pl\/"},{"@type":"ListItem","position":2,"name":"Debata \u201eWady i\u00a0zalety zdalnego nauczania\u201d"}]},{"@type":"WebSite","@id":"https:\/\/zsp1chojna.pl\/#website","url":"https:\/\/zsp1chojna.pl\/","name":"ZSP w Chojnie","description":"","publisher":{"@id":"https:\/\/zsp1chojna.pl\/#organization"},"potentialAction":[{"@type":"SearchAction","target":{"@type":"EntryPoint","urlTemplate":"https:\/\/zsp1chojna.pl\/?s={search_term_string}"},"query-input":"required name=search_term_string"}],"inLanguage":"pl-PL"},{"@type":"Organization","@id":"https:\/\/zsp1chojna.pl\/#organization","name":"ZSP w Chojnie","url":"https:\/\/zsp1chojna.pl\/","logo":{"@type":"ImageObject","inLanguage":"pl-PL","@id":"https:\/\/zsp1chojna.pl\/#\/schema\/logo\/image\/","url":"https:\/\/zsp1chojna.pl\/wp-content\/uploads\/2023\/08\/cropped-cropped-cropped-Logo-biale-napis-na-3-wiersze_504-1.png","contentUrl":"https:\/\/zsp1chojna.pl\/wp-content\/uploads\/2023\/08\/cropped-cropped-cropped-Logo-biale-napis-na-3-wiersze_504-1.png","width":504,"height":167,"caption":"ZSP w Chojnie"},"image":{"@id":"https:\/\/zsp1chojna.pl\/#\/schema\/logo\/image\/"}},{"@type":"Person","@id":"https:\/\/zsp1chojna.pl\/#\/schema\/person\/e974e35b71ad4899de9d84ba9baed22f","name":"kacper27","image":{"@type":"ImageObject","inLanguage":"pl-PL","@id":"https:\/\/zsp1chojna.pl\/#\/schema\/person\/image\/","url":"https:\/\/secure.gravatar.com\/avatar\/233d005830da7db1760a03aba4b7a8303a369edf5f46a429dfe66f876a3f452c?s=96&d=mm&r=g","contentUrl":"https:\/\/secure.gravatar.com\/avatar\/233d005830da7db1760a03aba4b7a8303a369edf5f46a429dfe66f876a3f452c?s=96&d=mm&r=g","caption":"kacper27"},"url":"https:\/\/zsp1chojna.pl\/?author=2"}]}},"jetpack_featured_media_url":"https:\/\/zsp1chojna.pl\/wp-content\/uploads\/2023\/11\/debata-wadyizalety2021-5.jpg","_links":{"self":[{"href":"https:\/\/zsp1chojna.pl\/index.php?rest_route=\/wp\/v2\/posts\/6782","targetHints":{"allow":["GET"]}}],"collection":[{"href":"https:\/\/zsp1chojna.pl\/index.php?rest_route=\/wp\/v2\/posts"}],"about":[{"href":"https:\/\/zsp1chojna.pl\/index.php?rest_route=\/wp\/v2\/types\/post"}],"author":[{"embeddable":true,"href":"https:\/\/zsp1chojna.pl\/index.php?rest_route=\/wp\/v2\/users\/2"}],"replies":[{"embeddable":true,"href":"https:\/\/zsp1chojna.pl\/index.php?rest_route=%2Fwp%2Fv2%2Fcomments&post=6782"}],"version-history":[{"count":1,"href":"https:\/\/zsp1chojna.pl\/index.php?rest_route=\/wp\/v2\/posts\/6782\/revisions"}],"predecessor-version":[{"id":6788,"href":"https:\/\/zsp1chojna.pl\/index.php?rest_route=\/wp\/v2\/posts\/6782\/revisions\/6788"}],"wp:featuredmedia":[{"embeddable":true,"href":"https:\/\/zsp1chojna.pl\/index.php?rest_route=\/wp\/v2\/media\/6783"}],"wp:attachment":[{"href":"https:\/\/zsp1chojna.pl\/index.php?rest_route=%2Fwp%2Fv2%2Fmedia&parent=6782"}],"wp:term":[{"taxonomy":"category","embeddable":true,"href":"https:\/\/zsp1chojna.pl\/index.php?rest_route=%2Fwp%2Fv2%2Fcategories&post=6782"},{"taxonomy":"post_tag","embeddable":true,"href":"https:\/\/zsp1chojna.pl\/index.php?rest_route=%2Fwp%2Fv2%2Ftags&post=6782"}],"curies":[{"name":"wp","href":"https:\/\/api.w.org\/{rel}","templated":true}]}}