{"id":6774,"date":"2021-09-24T17:07:00","date_gmt":"2021-09-24T15:07:00","guid":{"rendered":"https:\/\/zsp1chojna.pl\/?p=6774"},"modified":"2023-11-02T17:10:48","modified_gmt":"2023-11-02T16:10:48","slug":"program-mlodzi-w-akcji","status":"publish","type":"post","link":"https:\/\/zsp1chojna.pl\/?p=6774","title":{"rendered":"Program \u201eM\u0142odzi w\u00a0akcji+\u201d"},"content":{"rendered":"\n<p class=\"has-text-align-justify\">24&nbsp;wrze\u015bnia 2021&nbsp;r. nasza szko\u0142a zosta\u0142a kolejny raz zakwalifikowana do&nbsp;programu \u201eM\u0142odzi w&nbsp;akcji+\u201d. Jest to&nbsp;og\u00f3lnopolski program, kt\u00f3rego&nbsp;celem jest zach\u0119cenie uczni\u00f3w do&nbsp; podejmowania dzia\u0142a\u0144 na&nbsp;rzecz swojego najbli\u017cszego otoczenia, przez&nbsp;realizacj\u0119 projekt\u00f3w spo\u0142ecznych. Program \u201eM\u0142odzi w&nbsp;akcji+\u201d jest realizowany w&nbsp;ramach projektu nr&nbsp; POWR.03.01.00 \u2013 00 \u2013 T065\/18&nbsp;pt.&nbsp;\u201eAktywizacja spo\u0142eczna i&nbsp;obywatelska m\u0142odych ludzi w&nbsp;zakresie rozwijania kompetencji kluczowych\u201d, zwanym dalej Projektem. Projekt jest&nbsp; wsp\u00f3\u0142finansowany ze&nbsp;\u015brodk\u00f3w Unii Europejskiej w&nbsp;ramach Europejskiego Funduszu Spo\u0142ecznego, Program Operacyjny Wiedza Edukacja Rozw\u00f3j, Priorytet III: Szkolnictwo wy\u017csze dla gospodarki i&nbsp;rozwoju, Dzia\u0142anie 3.1&nbsp;Kompetencje w&nbsp;szkolnictwie wy\u017cszym.<\/p>\n\n\n<div class=\"wp-block-image\">\n<figure class=\"aligncenter size-full\"><img loading=\"lazy\" decoding=\"async\" width=\"500\" height=\"281\" data-attachment-id=\"6779\" data-permalink=\"https:\/\/zsp1chojna.pl\/?attachment_id=6779\" data-orig-file=\"https:\/\/zsp1chojna.pl\/wp-content\/uploads\/2023\/11\/mlodzi-w-akcji-2-1.png\" data-orig-size=\"500,281\" data-comments-opened=\"1\" data-image-meta=\"{&quot;aperture&quot;:&quot;0&quot;,&quot;credit&quot;:&quot;&quot;,&quot;camera&quot;:&quot;&quot;,&quot;caption&quot;:&quot;&quot;,&quot;created_timestamp&quot;:&quot;0&quot;,&quot;copyright&quot;:&quot;&quot;,&quot;focal_length&quot;:&quot;0&quot;,&quot;iso&quot;:&quot;0&quot;,&quot;shutter_speed&quot;:&quot;0&quot;,&quot;title&quot;:&quot;&quot;,&quot;orientation&quot;:&quot;0&quot;}\" data-image-title=\"mlodzi-w-akcji-2\" data-image-description=\"\" data-image-caption=\"\" data-medium-file=\"https:\/\/zsp1chojna.pl\/wp-content\/uploads\/2023\/11\/mlodzi-w-akcji-2-1-300x169.png\" data-large-file=\"https:\/\/zsp1chojna.pl\/wp-content\/uploads\/2023\/11\/mlodzi-w-akcji-2-1.png\" src=\"https:\/\/zsp1chojna.pl\/wp-content\/uploads\/2023\/11\/mlodzi-w-akcji-2-1.png\" alt=\"\" class=\"wp-image-6779\" srcset=\"https:\/\/zsp1chojna.pl\/wp-content\/uploads\/2023\/11\/mlodzi-w-akcji-2-1.png 500w, https:\/\/zsp1chojna.pl\/wp-content\/uploads\/2023\/11\/mlodzi-w-akcji-2-1-300x169.png 300w\" sizes=\"auto, (max-width: 500px) 100vw, 500px\" \/><\/figure>\n<\/div>\n\n\n<p class=\"has-text-align-justify\">Nasz\u0105 szko\u0142\u0119 reprezentuje zesp\u00f3\u0142 w&nbsp;sk\u0142adzie: Oriana Koz\u0142owska kl. 1&nbsp;c LO, Aleksandra Oczy\u0144ska kl. 1&nbsp;a&nbsp;LO, Amelia Laskowska kl. 1&nbsp;b LO pod&nbsp;opiek\u0105 wychowawcy mgr&nbsp;Edyty Krupy \u2013 Nadolny. Zespo\u0142y uczniowskie, podczas trwania programu, wybieraj\u0105 \u015bcie\u017ck\u0119 tematyczn\u0105, zgodnie z&nbsp;kt\u00f3r\u0105 tworz\u0105 w\u0142asny projekt. W&nbsp;tej&nbsp;edycji b\u0119d\u0105 mogli, mi\u0119dzy innymi, nauczy\u0107 si\u0119 debatowa\u0107 o&nbsp;sprawach lokalnych, stworzy\u0107 reporta\u017c o&nbsp;swoich s\u0105siadach czy&nbsp; zaplanowa\u0107 rozw\u00f3j najbli\u017cszej okolicy razem z&nbsp;jej mieszka\u0144cami.<\/p>\n\n\n<div class=\"wp-block-image\">\n<figure class=\"aligncenter size-full\"><img loading=\"lazy\" decoding=\"async\" width=\"500\" height=\"276\" data-attachment-id=\"6778\" data-permalink=\"https:\/\/zsp1chojna.pl\/?attachment_id=6778\" data-orig-file=\"https:\/\/zsp1chojna.pl\/wp-content\/uploads\/2023\/11\/mlodzi-w-akcji-3-1.png\" data-orig-size=\"500,276\" data-comments-opened=\"1\" data-image-meta=\"{&quot;aperture&quot;:&quot;0&quot;,&quot;credit&quot;:&quot;&quot;,&quot;camera&quot;:&quot;&quot;,&quot;caption&quot;:&quot;&quot;,&quot;created_timestamp&quot;:&quot;0&quot;,&quot;copyright&quot;:&quot;&quot;,&quot;focal_length&quot;:&quot;0&quot;,&quot;iso&quot;:&quot;0&quot;,&quot;shutter_speed&quot;:&quot;0&quot;,&quot;title&quot;:&quot;&quot;,&quot;orientation&quot;:&quot;0&quot;}\" data-image-title=\"mlodzi-w-akcji-3\" data-image-description=\"\" data-image-caption=\"\" data-medium-file=\"https:\/\/zsp1chojna.pl\/wp-content\/uploads\/2023\/11\/mlodzi-w-akcji-3-1-300x166.png\" data-large-file=\"https:\/\/zsp1chojna.pl\/wp-content\/uploads\/2023\/11\/mlodzi-w-akcji-3-1.png\" src=\"https:\/\/zsp1chojna.pl\/wp-content\/uploads\/2023\/11\/mlodzi-w-akcji-3-1.png\" alt=\"\" class=\"wp-image-6778\" srcset=\"https:\/\/zsp1chojna.pl\/wp-content\/uploads\/2023\/11\/mlodzi-w-akcji-3-1.png 500w, https:\/\/zsp1chojna.pl\/wp-content\/uploads\/2023\/11\/mlodzi-w-akcji-3-1-300x166.png 300w\" sizes=\"auto, (max-width: 500px) 100vw, 500px\" \/><\/figure>\n<\/div>\n\n\n<p class=\"has-text-align-justify\">Inauguracja programu odby\u0142a si\u0119 6&nbsp;pa\u017adziernika 2021&nbsp;r. Koordynatorki M\u0142odych w&nbsp;Akcji+ \u2013 pani Magda Doma\u0144ska i&nbsp;pani Judyta Zi\u0119tkowska \u2013 przedstawi\u0142y harmonogram dzia\u0142a\u0144 w&nbsp; tej&nbsp; edycji. Nast\u0119pnie uczestnicy wzi\u0119li udzia\u0142 w&nbsp;wyk\u0142adzie inauguracyjnym, kt\u00f3ry&nbsp;wyg\u0142osi\u0142 Rzecznik Praw Obywatelskich dr&nbsp;hab. Adam Bodnar. Temat wyk\u0142adu dotyczy\u0142 praw obywatelskich i&nbsp;spo\u0142ecze\u0144stwa obywatelskiego. Wyk\u0142ad odby\u0142 si\u0119 w&nbsp;formie online na&nbsp; platformie Zoom.<\/p>\n\n\n<div class=\"wp-block-image\">\n<figure class=\"aligncenter size-full\"><img loading=\"lazy\" decoding=\"async\" width=\"500\" height=\"281\" data-attachment-id=\"6777\" data-permalink=\"https:\/\/zsp1chojna.pl\/?attachment_id=6777\" data-orig-file=\"https:\/\/zsp1chojna.pl\/wp-content\/uploads\/2023\/11\/mlodzi-w-akcji-4.png\" data-orig-size=\"500,281\" data-comments-opened=\"1\" data-image-meta=\"{&quot;aperture&quot;:&quot;0&quot;,&quot;credit&quot;:&quot;&quot;,&quot;camera&quot;:&quot;&quot;,&quot;caption&quot;:&quot;&quot;,&quot;created_timestamp&quot;:&quot;0&quot;,&quot;copyright&quot;:&quot;&quot;,&quot;focal_length&quot;:&quot;0&quot;,&quot;iso&quot;:&quot;0&quot;,&quot;shutter_speed&quot;:&quot;0&quot;,&quot;title&quot;:&quot;&quot;,&quot;orientation&quot;:&quot;0&quot;}\" data-image-title=\"mlodzi-w-akcji-4\" data-image-description=\"\" data-image-caption=\"\" data-medium-file=\"https:\/\/zsp1chojna.pl\/wp-content\/uploads\/2023\/11\/mlodzi-w-akcji-4-300x169.png\" data-large-file=\"https:\/\/zsp1chojna.pl\/wp-content\/uploads\/2023\/11\/mlodzi-w-akcji-4.png\" src=\"https:\/\/zsp1chojna.pl\/wp-content\/uploads\/2023\/11\/mlodzi-w-akcji-4.png\" alt=\"\" class=\"wp-image-6777\" srcset=\"https:\/\/zsp1chojna.pl\/wp-content\/uploads\/2023\/11\/mlodzi-w-akcji-4.png 500w, https:\/\/zsp1chojna.pl\/wp-content\/uploads\/2023\/11\/mlodzi-w-akcji-4-300x169.png 300w\" sizes=\"auto, (max-width: 500px) 100vw, 500px\" \/><\/figure>\n<\/div>\n\n\n<p class=\"has-text-align-justify\">Po&nbsp;cz\u0119\u015bci wyk\u0142adowej, odby\u0142y si\u0119 warsztaty i&nbsp;\u0107wiczenia przygotowane dla zespo\u0142\u00f3w, kt\u00f3re mia\u0142y pom\u00f3c sprecyzowa\u0107 w\u0142asny pomys\u0142 na&nbsp;projekt. Wst\u0119pnie zosta\u0142 ustalony temat projektu. Zesp\u00f3\u0142 skorzysta\u0142 z&nbsp;zaproponowanych przez&nbsp;organizator\u00f3w \u015bcie\u017cek tematycznych i&nbsp; stworzy\u0142 w\u0142asn\u0105 koncepcj\u0119 opracowania zadania. Interesuj\u0105cym wyda\u0142 si\u0119 projekt spo\u0142eczny, na&nbsp;rzecz szko\u0142y, o&nbsp;tematyce zwi\u0105zanej ze&nbsp;sposobami sp\u0119dzania wolnego czasu przez&nbsp;m\u0142odzie\u017c i&nbsp;ich zainteresowaniami pozaszkolnymi.<\/p>\n\n\n<div class=\"wp-block-image\">\n<figure class=\"aligncenter size-full\"><img loading=\"lazy\" decoding=\"async\" width=\"500\" height=\"281\" data-attachment-id=\"6776\" data-permalink=\"https:\/\/zsp1chojna.pl\/?attachment_id=6776\" data-orig-file=\"https:\/\/zsp1chojna.pl\/wp-content\/uploads\/2023\/11\/mlodzi-w-akcji-5.png\" data-orig-size=\"500,281\" data-comments-opened=\"1\" data-image-meta=\"{&quot;aperture&quot;:&quot;0&quot;,&quot;credit&quot;:&quot;&quot;,&quot;camera&quot;:&quot;&quot;,&quot;caption&quot;:&quot;&quot;,&quot;created_timestamp&quot;:&quot;0&quot;,&quot;copyright&quot;:&quot;&quot;,&quot;focal_length&quot;:&quot;0&quot;,&quot;iso&quot;:&quot;0&quot;,&quot;shutter_speed&quot;:&quot;0&quot;,&quot;title&quot;:&quot;&quot;,&quot;orientation&quot;:&quot;0&quot;}\" data-image-title=\"mlodzi-w-akcji-5\" data-image-description=\"\" data-image-caption=\"\" data-medium-file=\"https:\/\/zsp1chojna.pl\/wp-content\/uploads\/2023\/11\/mlodzi-w-akcji-5-300x169.png\" data-large-file=\"https:\/\/zsp1chojna.pl\/wp-content\/uploads\/2023\/11\/mlodzi-w-akcji-5.png\" src=\"https:\/\/zsp1chojna.pl\/wp-content\/uploads\/2023\/11\/mlodzi-w-akcji-5.png\" alt=\"\" class=\"wp-image-6776\" srcset=\"https:\/\/zsp1chojna.pl\/wp-content\/uploads\/2023\/11\/mlodzi-w-akcji-5.png 500w, https:\/\/zsp1chojna.pl\/wp-content\/uploads\/2023\/11\/mlodzi-w-akcji-5-300x169.png 300w\" sizes=\"auto, (max-width: 500px) 100vw, 500px\" \/><\/figure>\n<\/div>\n\n\n<p class=\"has-text-align-justify\">Ju\u017c 19&nbsp;pa\u017adziernika 2021&nbsp;r. uczennice naszej szko\u0142y, bior\u0105ce udzia\u0142 w&nbsp;programie, odb\u0119d\u0105 szkolenie zdalne, dotycz\u0105ce uczniowskich projekt\u00f3w lokalnych. Uczniowie pod&nbsp;opiek\u0105 do\u015bwiadczonych trener\u00f3w b\u0119d\u0105 pracowa\u0107 nad&nbsp;koncepcj\u0105 wybranych projekt\u00f3w lokalnych. Projekt zako\u0144czy si\u0119 w&nbsp;marcu 2022&nbsp;r. prezentacj\u0105 projekt\u00f3w utworzonych przez&nbsp;zespo\u0142y bior\u0105ce udzia\u0142 w&nbsp;programie \u201eM\u0142odzi w&nbsp;akcji +\u201d.<\/p>\n\n\n\n<p class=\"has-text-align-justify\">Szkolenie online pt.&nbsp;,,Rola opiekuna w&nbsp;uczniowskim projekcie spo\u0142ecznym\u201d, dla&nbsp; opiekuna projektu, odb\u0119dzie si\u0119 20&nbsp;pa\u017adziernika 2021&nbsp;r.<\/p>\n\n\n<div class=\"wp-block-image\">\n<figure class=\"aligncenter size-full\"><img loading=\"lazy\" decoding=\"async\" width=\"600\" height=\"971\" data-attachment-id=\"6780\" data-permalink=\"https:\/\/zsp1chojna.pl\/?attachment_id=6780\" data-orig-file=\"https:\/\/zsp1chojna.pl\/wp-content\/uploads\/2023\/11\/mlodzi-w-akcji-6.png\" data-orig-size=\"600,971\" data-comments-opened=\"1\" data-image-meta=\"{&quot;aperture&quot;:&quot;0&quot;,&quot;credit&quot;:&quot;&quot;,&quot;camera&quot;:&quot;&quot;,&quot;caption&quot;:&quot;&quot;,&quot;created_timestamp&quot;:&quot;0&quot;,&quot;copyright&quot;:&quot;&quot;,&quot;focal_length&quot;:&quot;0&quot;,&quot;iso&quot;:&quot;0&quot;,&quot;shutter_speed&quot;:&quot;0&quot;,&quot;title&quot;:&quot;&quot;,&quot;orientation&quot;:&quot;0&quot;}\" data-image-title=\"mlodzi-w-akcji-6\" data-image-description=\"\" data-image-caption=\"\" data-medium-file=\"https:\/\/zsp1chojna.pl\/wp-content\/uploads\/2023\/11\/mlodzi-w-akcji-6-185x300.png\" data-large-file=\"https:\/\/zsp1chojna.pl\/wp-content\/uploads\/2023\/11\/mlodzi-w-akcji-6.png\" src=\"https:\/\/zsp1chojna.pl\/wp-content\/uploads\/2023\/11\/mlodzi-w-akcji-6.png\" alt=\"\" class=\"wp-image-6780\" srcset=\"https:\/\/zsp1chojna.pl\/wp-content\/uploads\/2023\/11\/mlodzi-w-akcji-6.png 600w, https:\/\/zsp1chojna.pl\/wp-content\/uploads\/2023\/11\/mlodzi-w-akcji-6-185x300.png 185w\" sizes=\"auto, (max-width: 600px) 100vw, 600px\" \/><\/figure>\n<\/div>\n\n\n<p>Szczeg\u00f3\u0142owe informacje dotycz\u0105ce programu dost\u0119pne s\u0105 na&nbsp;stronie: https:\/\/mlodziwakcji.ceo.org.pl<\/p>\n\n\n\n<p class=\"has-text-align-right\">mgr&nbsp;Edyta Krupa \u2013 Nadolny<\/p>\n","protected":false},"excerpt":{"rendered":"<p>24&nbsp;wrze\u015bnia 2021&nbsp;r. nasza szko\u0142a zosta\u0142a kolejny raz zakwalifikowana do&nbsp;programu \u201eM\u0142odzi w&nbsp;akcji+\u201d. Jest to&nbsp;og\u00f3lnopolski program, kt\u00f3rego&nbsp;celem jest zach\u0119cenie uczni\u00f3w do&nbsp; podejmowania dzia\u0142a\u0144 na&nbsp;rzecz swojego najbli\u017cszego otoczenia, przez&nbsp;realizacj\u0119 projekt\u00f3w spo\u0142ecznych. Program \u201eM\u0142odzi [&hellip;]<\/p>\n","protected":false},"author":2,"featured_media":6779,"comment_status":"open","ping_status":"open","sticky":false,"template":"","format":"standard","meta":{"footnotes":""},"categories":[11],"tags":[],"class_list":["post-6774","post","type-post","status-publish","format-standard","has-post-thumbnail","hentry","category-aktualnosci-2021-2022"],"wbAuthor":{"name":"kacper27","link":"https:\/\/zsp1chojna.pl\/?author=2"},"wbDate":"wrz 24, 2021","wbCategories":{"space":"<a href=\"https:\/\/zsp1chojna.pl\/?cat=11\" rel=\"category\">Aktualno\u015bci 2021\/2022<\/a>","coma":"<a href=\"https:\/\/zsp1chojna.pl\/?cat=11\" rel=\"category\">Aktualno\u015bci 2021\/2022<\/a>"},"wbComment":0,"yoast_head":"<!-- This site is optimized with the Yoast SEO plugin v20.13 - https:\/\/yoast.com\/wordpress\/plugins\/seo\/ -->\n<title>Program \u201eM\u0142odzi w\u00a0akcji+\u201d - ZSP w Chojnie<\/title>\n<meta name=\"robots\" content=\"index, follow, max-snippet:-1, max-image-preview:large, max-video-preview:-1\" \/>\n<link rel=\"canonical\" href=\"https:\/\/zsp1chojna.pl\/?p=6774\" \/>\n<meta property=\"og:locale\" content=\"pl_PL\" \/>\n<meta property=\"og:type\" content=\"article\" \/>\n<meta property=\"og:title\" content=\"Program \u201eM\u0142odzi w\u00a0akcji+\u201d - ZSP w Chojnie\" \/>\n<meta property=\"og:description\" content=\"24&nbsp;wrze\u015bnia 2021&nbsp;r. nasza szko\u0142a zosta\u0142a kolejny raz zakwalifikowana do&nbsp;programu \u201eM\u0142odzi w&nbsp;akcji+\u201d. Jest to&nbsp;og\u00f3lnopolski program, kt\u00f3rego&nbsp;celem jest zach\u0119cenie uczni\u00f3w do&nbsp; podejmowania dzia\u0142a\u0144 na&nbsp;rzecz swojego najbli\u017cszego otoczenia, przez&nbsp;realizacj\u0119 projekt\u00f3w spo\u0142ecznych. Program \u201eM\u0142odzi [&hellip;]\" \/>\n<meta property=\"og:url\" content=\"https:\/\/zsp1chojna.pl\/?p=6774\" \/>\n<meta property=\"og:site_name\" content=\"ZSP w Chojnie\" \/>\n<meta property=\"article:published_time\" content=\"2021-09-24T15:07:00+00:00\" \/>\n<meta property=\"article:modified_time\" content=\"2023-11-02T16:10:48+00:00\" \/>\n<meta property=\"og:image\" content=\"https:\/\/zsp1chojna.pl\/wp-content\/uploads\/2023\/11\/mlodzi-w-akcji-2-1.png\" \/>\n\t<meta property=\"og:image:width\" content=\"500\" \/>\n\t<meta property=\"og:image:height\" content=\"281\" \/>\n\t<meta property=\"og:image:type\" content=\"image\/png\" \/>\n<meta name=\"author\" content=\"kacper27\" \/>\n<meta name=\"twitter:card\" content=\"summary_large_image\" \/>\n<meta name=\"twitter:label1\" content=\"Napisane przez\" \/>\n\t<meta name=\"twitter:data1\" content=\"kacper27\" \/>\n\t<meta name=\"twitter:label2\" content=\"Szacowany czas czytania\" \/>\n\t<meta name=\"twitter:data2\" content=\"4 minuty\" \/>\n<script type=\"application\/ld+json\" class=\"yoast-schema-graph\">{\"@context\":\"https:\/\/schema.org\",\"@graph\":[{\"@type\":\"Article\",\"@id\":\"https:\/\/zsp1chojna.pl\/?p=6774#article\",\"isPartOf\":{\"@id\":\"https:\/\/zsp1chojna.pl\/?p=6774\"},\"author\":{\"name\":\"kacper27\",\"@id\":\"https:\/\/zsp1chojna.pl\/#\/schema\/person\/e974e35b71ad4899de9d84ba9baed22f\"},\"headline\":\"Program \u201eM\u0142odzi w\u00a0akcji+\u201d\",\"datePublished\":\"2021-09-24T15:07:00+00:00\",\"dateModified\":\"2023-11-02T16:10:48+00:00\",\"mainEntityOfPage\":{\"@id\":\"https:\/\/zsp1chojna.pl\/?p=6774\"},\"wordCount\":527,\"commentCount\":0,\"publisher\":{\"@id\":\"https:\/\/zsp1chojna.pl\/#organization\"},\"articleSection\":[\"Aktualno\u015bci 2021\/2022\"],\"inLanguage\":\"pl-PL\",\"potentialAction\":[{\"@type\":\"CommentAction\",\"name\":\"Comment\",\"target\":[\"https:\/\/zsp1chojna.pl\/?p=6774#respond\"]}]},{\"@type\":\"WebPage\",\"@id\":\"https:\/\/zsp1chojna.pl\/?p=6774\",\"url\":\"https:\/\/zsp1chojna.pl\/?p=6774\",\"name\":\"Program \u201eM\u0142odzi w\u00a0akcji+\u201d - ZSP w Chojnie\",\"isPartOf\":{\"@id\":\"https:\/\/zsp1chojna.pl\/#website\"},\"datePublished\":\"2021-09-24T15:07:00+00:00\",\"dateModified\":\"2023-11-02T16:10:48+00:00\",\"breadcrumb\":{\"@id\":\"https:\/\/zsp1chojna.pl\/?p=6774#breadcrumb\"},\"inLanguage\":\"pl-PL\",\"potentialAction\":[{\"@type\":\"ReadAction\",\"target\":[\"https:\/\/zsp1chojna.pl\/?p=6774\"]}]},{\"@type\":\"BreadcrumbList\",\"@id\":\"https:\/\/zsp1chojna.pl\/?p=6774#breadcrumb\",\"itemListElement\":[{\"@type\":\"ListItem\",\"position\":1,\"name\":\"Home\",\"item\":\"https:\/\/zsp1chojna.pl\/\"},{\"@type\":\"ListItem\",\"position\":2,\"name\":\"Program \u201eM\u0142odzi w\u00a0akcji+\u201d\"}]},{\"@type\":\"WebSite\",\"@id\":\"https:\/\/zsp1chojna.pl\/#website\",\"url\":\"https:\/\/zsp1chojna.pl\/\",\"name\":\"ZSP w Chojnie\",\"description\":\"\",\"publisher\":{\"@id\":\"https:\/\/zsp1chojna.pl\/#organization\"},\"potentialAction\":[{\"@type\":\"SearchAction\",\"target\":{\"@type\":\"EntryPoint\",\"urlTemplate\":\"https:\/\/zsp1chojna.pl\/?s={search_term_string}\"},\"query-input\":\"required name=search_term_string\"}],\"inLanguage\":\"pl-PL\"},{\"@type\":\"Organization\",\"@id\":\"https:\/\/zsp1chojna.pl\/#organization\",\"name\":\"ZSP w Chojnie\",\"url\":\"https:\/\/zsp1chojna.pl\/\",\"logo\":{\"@type\":\"ImageObject\",\"inLanguage\":\"pl-PL\",\"@id\":\"https:\/\/zsp1chojna.pl\/#\/schema\/logo\/image\/\",\"url\":\"https:\/\/zsp1chojna.pl\/wp-content\/uploads\/2023\/08\/cropped-cropped-cropped-Logo-biale-napis-na-3-wiersze_504-1.png\",\"contentUrl\":\"https:\/\/zsp1chojna.pl\/wp-content\/uploads\/2023\/08\/cropped-cropped-cropped-Logo-biale-napis-na-3-wiersze_504-1.png\",\"width\":504,\"height\":167,\"caption\":\"ZSP w Chojnie\"},\"image\":{\"@id\":\"https:\/\/zsp1chojna.pl\/#\/schema\/logo\/image\/\"}},{\"@type\":\"Person\",\"@id\":\"https:\/\/zsp1chojna.pl\/#\/schema\/person\/e974e35b71ad4899de9d84ba9baed22f\",\"name\":\"kacper27\",\"image\":{\"@type\":\"ImageObject\",\"inLanguage\":\"pl-PL\",\"@id\":\"https:\/\/zsp1chojna.pl\/#\/schema\/person\/image\/\",\"url\":\"https:\/\/secure.gravatar.com\/avatar\/233d005830da7db1760a03aba4b7a8303a369edf5f46a429dfe66f876a3f452c?s=96&d=mm&r=g\",\"contentUrl\":\"https:\/\/secure.gravatar.com\/avatar\/233d005830da7db1760a03aba4b7a8303a369edf5f46a429dfe66f876a3f452c?s=96&d=mm&r=g\",\"caption\":\"kacper27\"},\"url\":\"https:\/\/zsp1chojna.pl\/?author=2\"}]}<\/script>\n<!-- \/ Yoast SEO plugin. -->","yoast_head_json":{"title":"Program \u201eM\u0142odzi w\u00a0akcji+\u201d - ZSP w Chojnie","robots":{"index":"index","follow":"follow","max-snippet":"max-snippet:-1","max-image-preview":"max-image-preview:large","max-video-preview":"max-video-preview:-1"},"canonical":"https:\/\/zsp1chojna.pl\/?p=6774","og_locale":"pl_PL","og_type":"article","og_title":"Program \u201eM\u0142odzi w\u00a0akcji+\u201d - ZSP w Chojnie","og_description":"24&nbsp;wrze\u015bnia 2021&nbsp;r. nasza szko\u0142a zosta\u0142a kolejny raz zakwalifikowana do&nbsp;programu \u201eM\u0142odzi w&nbsp;akcji+\u201d. Jest to&nbsp;og\u00f3lnopolski program, kt\u00f3rego&nbsp;celem jest zach\u0119cenie uczni\u00f3w do&nbsp; podejmowania dzia\u0142a\u0144 na&nbsp;rzecz swojego najbli\u017cszego otoczenia, przez&nbsp;realizacj\u0119 projekt\u00f3w spo\u0142ecznych. Program \u201eM\u0142odzi [&hellip;]","og_url":"https:\/\/zsp1chojna.pl\/?p=6774","og_site_name":"ZSP w Chojnie","article_published_time":"2021-09-24T15:07:00+00:00","article_modified_time":"2023-11-02T16:10:48+00:00","og_image":[{"width":500,"height":281,"url":"https:\/\/zsp1chojna.pl\/wp-content\/uploads\/2023\/11\/mlodzi-w-akcji-2-1.png","type":"image\/png"}],"author":"kacper27","twitter_card":"summary_large_image","twitter_misc":{"Napisane przez":"kacper27","Szacowany czas czytania":"4 minuty"},"schema":{"@context":"https:\/\/schema.org","@graph":[{"@type":"Article","@id":"https:\/\/zsp1chojna.pl\/?p=6774#article","isPartOf":{"@id":"https:\/\/zsp1chojna.pl\/?p=6774"},"author":{"name":"kacper27","@id":"https:\/\/zsp1chojna.pl\/#\/schema\/person\/e974e35b71ad4899de9d84ba9baed22f"},"headline":"Program \u201eM\u0142odzi w\u00a0akcji+\u201d","datePublished":"2021-09-24T15:07:00+00:00","dateModified":"2023-11-02T16:10:48+00:00","mainEntityOfPage":{"@id":"https:\/\/zsp1chojna.pl\/?p=6774"},"wordCount":527,"commentCount":0,"publisher":{"@id":"https:\/\/zsp1chojna.pl\/#organization"},"articleSection":["Aktualno\u015bci 2021\/2022"],"inLanguage":"pl-PL","potentialAction":[{"@type":"CommentAction","name":"Comment","target":["https:\/\/zsp1chojna.pl\/?p=6774#respond"]}]},{"@type":"WebPage","@id":"https:\/\/zsp1chojna.pl\/?p=6774","url":"https:\/\/zsp1chojna.pl\/?p=6774","name":"Program \u201eM\u0142odzi w\u00a0akcji+\u201d - ZSP w Chojnie","isPartOf":{"@id":"https:\/\/zsp1chojna.pl\/#website"},"datePublished":"2021-09-24T15:07:00+00:00","dateModified":"2023-11-02T16:10:48+00:00","breadcrumb":{"@id":"https:\/\/zsp1chojna.pl\/?p=6774#breadcrumb"},"inLanguage":"pl-PL","potentialAction":[{"@type":"ReadAction","target":["https:\/\/zsp1chojna.pl\/?p=6774"]}]},{"@type":"BreadcrumbList","@id":"https:\/\/zsp1chojna.pl\/?p=6774#breadcrumb","itemListElement":[{"@type":"ListItem","position":1,"name":"Home","item":"https:\/\/zsp1chojna.pl\/"},{"@type":"ListItem","position":2,"name":"Program \u201eM\u0142odzi w\u00a0akcji+\u201d"}]},{"@type":"WebSite","@id":"https:\/\/zsp1chojna.pl\/#website","url":"https:\/\/zsp1chojna.pl\/","name":"ZSP w Chojnie","description":"","publisher":{"@id":"https:\/\/zsp1chojna.pl\/#organization"},"potentialAction":[{"@type":"SearchAction","target":{"@type":"EntryPoint","urlTemplate":"https:\/\/zsp1chojna.pl\/?s={search_term_string}"},"query-input":"required name=search_term_string"}],"inLanguage":"pl-PL"},{"@type":"Organization","@id":"https:\/\/zsp1chojna.pl\/#organization","name":"ZSP w Chojnie","url":"https:\/\/zsp1chojna.pl\/","logo":{"@type":"ImageObject","inLanguage":"pl-PL","@id":"https:\/\/zsp1chojna.pl\/#\/schema\/logo\/image\/","url":"https:\/\/zsp1chojna.pl\/wp-content\/uploads\/2023\/08\/cropped-cropped-cropped-Logo-biale-napis-na-3-wiersze_504-1.png","contentUrl":"https:\/\/zsp1chojna.pl\/wp-content\/uploads\/2023\/08\/cropped-cropped-cropped-Logo-biale-napis-na-3-wiersze_504-1.png","width":504,"height":167,"caption":"ZSP w Chojnie"},"image":{"@id":"https:\/\/zsp1chojna.pl\/#\/schema\/logo\/image\/"}},{"@type":"Person","@id":"https:\/\/zsp1chojna.pl\/#\/schema\/person\/e974e35b71ad4899de9d84ba9baed22f","name":"kacper27","image":{"@type":"ImageObject","inLanguage":"pl-PL","@id":"https:\/\/zsp1chojna.pl\/#\/schema\/person\/image\/","url":"https:\/\/secure.gravatar.com\/avatar\/233d005830da7db1760a03aba4b7a8303a369edf5f46a429dfe66f876a3f452c?s=96&d=mm&r=g","contentUrl":"https:\/\/secure.gravatar.com\/avatar\/233d005830da7db1760a03aba4b7a8303a369edf5f46a429dfe66f876a3f452c?s=96&d=mm&r=g","caption":"kacper27"},"url":"https:\/\/zsp1chojna.pl\/?author=2"}]}},"jetpack_featured_media_url":"https:\/\/zsp1chojna.pl\/wp-content\/uploads\/2023\/11\/mlodzi-w-akcji-2-1.png","_links":{"self":[{"href":"https:\/\/zsp1chojna.pl\/index.php?rest_route=\/wp\/v2\/posts\/6774","targetHints":{"allow":["GET"]}}],"collection":[{"href":"https:\/\/zsp1chojna.pl\/index.php?rest_route=\/wp\/v2\/posts"}],"about":[{"href":"https:\/\/zsp1chojna.pl\/index.php?rest_route=\/wp\/v2\/types\/post"}],"author":[{"embeddable":true,"href":"https:\/\/zsp1chojna.pl\/index.php?rest_route=\/wp\/v2\/users\/2"}],"replies":[{"embeddable":true,"href":"https:\/\/zsp1chojna.pl\/index.php?rest_route=%2Fwp%2Fv2%2Fcomments&post=6774"}],"version-history":[{"count":1,"href":"https:\/\/zsp1chojna.pl\/index.php?rest_route=\/wp\/v2\/posts\/6774\/revisions"}],"predecessor-version":[{"id":6781,"href":"https:\/\/zsp1chojna.pl\/index.php?rest_route=\/wp\/v2\/posts\/6774\/revisions\/6781"}],"wp:featuredmedia":[{"embeddable":true,"href":"https:\/\/zsp1chojna.pl\/index.php?rest_route=\/wp\/v2\/media\/6779"}],"wp:attachment":[{"href":"https:\/\/zsp1chojna.pl\/index.php?rest_route=%2Fwp%2Fv2%2Fmedia&parent=6774"}],"wp:term":[{"taxonomy":"category","embeddable":true,"href":"https:\/\/zsp1chojna.pl\/index.php?rest_route=%2Fwp%2Fv2%2Fcategories&post=6774"},{"taxonomy":"post_tag","embeddable":true,"href":"https:\/\/zsp1chojna.pl\/index.php?rest_route=%2Fwp%2Fv2%2Ftags&post=6774"}],"curies":[{"name":"wp","href":"https:\/\/api.w.org\/{rel}","templated":true}]}}