{"id":6763,"date":"2021-10-20T16:58:00","date_gmt":"2021-10-20T14:58:00","guid":{"rendered":"https:\/\/zsp1chojna.pl\/?p=6763"},"modified":"2023-11-02T17:01:47","modified_gmt":"2023-11-02T16:01:47","slug":"odbylo-sie-szkolenie-online-dla-opiekunow-programu-mlodzi-w-akcji","status":"publish","type":"post","link":"https:\/\/zsp1chojna.pl\/?p=6763","title":{"rendered":"Odby\u0142o si\u0119 szkolenie online dla opiekun\u00f3w programu ,,M\u0142odzi w akcji+\u201d."},"content":{"rendered":"<div class=\"wp-block-image\">\n<figure class=\"aligncenter size-full\"><img loading=\"lazy\" decoding=\"async\" width=\"400\" height=\"216\" data-attachment-id=\"6709\" data-permalink=\"https:\/\/zsp1chojna.pl\/?attachment_id=6709\" data-orig-file=\"https:\/\/zsp1chojna.pl\/wp-content\/uploads\/2023\/11\/mlodzi-w-akcji-2022-1.png\" data-orig-size=\"400,216\" data-comments-opened=\"1\" data-image-meta=\"{&quot;aperture&quot;:&quot;0&quot;,&quot;credit&quot;:&quot;&quot;,&quot;camera&quot;:&quot;&quot;,&quot;caption&quot;:&quot;&quot;,&quot;created_timestamp&quot;:&quot;0&quot;,&quot;copyright&quot;:&quot;&quot;,&quot;focal_length&quot;:&quot;0&quot;,&quot;iso&quot;:&quot;0&quot;,&quot;shutter_speed&quot;:&quot;0&quot;,&quot;title&quot;:&quot;&quot;,&quot;orientation&quot;:&quot;0&quot;}\" data-image-title=\"mlodzi-w-akcji-2022-1\" data-image-description=\"\" data-image-caption=\"\" data-medium-file=\"https:\/\/zsp1chojna.pl\/wp-content\/uploads\/2023\/11\/mlodzi-w-akcji-2022-1-300x162.png\" data-large-file=\"https:\/\/zsp1chojna.pl\/wp-content\/uploads\/2023\/11\/mlodzi-w-akcji-2022-1.png\" src=\"https:\/\/zsp1chojna.pl\/wp-content\/uploads\/2023\/11\/mlodzi-w-akcji-2022-1.png\" alt=\"\" class=\"wp-image-6709\" srcset=\"https:\/\/zsp1chojna.pl\/wp-content\/uploads\/2023\/11\/mlodzi-w-akcji-2022-1.png 400w, https:\/\/zsp1chojna.pl\/wp-content\/uploads\/2023\/11\/mlodzi-w-akcji-2022-1-300x162.png 300w\" sizes=\"auto, (max-width: 400px) 100vw, 400px\" \/><\/figure>\n<\/div>\n\n\n<p class=\"has-text-align-justify\">20\u00a0pa\u017adziernika 2021\u00a0r. na\u00a0platformie kursowej odby\u0142o si\u0119 szkolenie dla opiekun\u00f3w, w\u00a0 ramach programu ,,M\u0142odzi w\u00a0akcji+\u201d. Spotkanie prowadzi\u0142y koordynatorki programu \u2013 pani Magdalena Doma\u0144ska i\u00a0pani Judyta Zi\u0119tkowska. Udzia\u0142 w\u00a0nim wzi\u0119\u0142a mgr\u00a0Edyta Krupa \u2013 Nadolny. Podczas szkolenia online om\u00f3wiono rol\u0119 opiekuna w\u00a0uczniowskim projekcie spo\u0142ecznym. Poruszono zagadnienia zwi\u0105zane z\u00a0procesem grupowym, dotycz\u0105ce wspierania zespo\u0142u na\u00a0ka\u017cdym etapie pracy.<\/p>\n\n\n<style>.kb-row-layout-id6763_f49772-99 > .kt-row-column-wrap{align-content:start;}:where(.kb-row-layout-id6763_f49772-99 > .kt-row-column-wrap) > .wp-block-kadence-column{justify-content:start;}.kb-row-layout-id6763_f49772-99 > .kt-row-column-wrap{column-gap:var(--global-kb-gap-sm, 1rem);row-gap:var(--global-kb-gap-none, 0 );padding-top:0px;padding-bottom:0px;grid-template-columns:repeat(2, minmax(0, 1fr));}.kb-row-layout-id6763_f49772-99 > .kt-row-layout-overlay{opacity:0.30;}@media all and (max-width: 1024px){.kb-row-layout-id6763_f49772-99 > .kt-row-column-wrap{grid-template-columns:repeat(2, minmax(0, 1fr));}}@media all and (max-width: 767px){.kb-row-layout-id6763_f49772-99 > .kt-row-column-wrap{grid-template-columns:minmax(0, 1fr);}}<\/style><div class=\"kb-row-layout-wrap kb-row-layout-id6763_f49772-99 alignnone wp-block-kadence-rowlayout\"><div class=\"kt-row-column-wrap kt-has-2-columns kt-row-layout-equal kt-tab-layout-inherit kt-mobile-layout-row kt-row-valign-top\">\n<style>.kadence-column6763_96fdfb-8b > .kt-inside-inner-col,.kadence-column6763_96fdfb-8b > .kt-inside-inner-col:before{border-top-left-radius:0px;border-top-right-radius:0px;border-bottom-right-radius:0px;border-bottom-left-radius:0px;}.kadence-column6763_96fdfb-8b > .kt-inside-inner-col:before{opacity:0.3;}.kadence-column6763_96fdfb-8b{position:relative;}<\/style>\n<div class=\"wp-block-kadence-column kadence-column6763_96fdfb-8b\"><div class=\"kt-inside-inner-col\"><div class=\"wp-block-image\">\n<figure class=\"alignright size-full\"><img loading=\"lazy\" decoding=\"async\" width=\"600\" height=\"337\" data-attachment-id=\"6764\" data-permalink=\"https:\/\/zsp1chojna.pl\/?attachment_id=6764\" data-orig-file=\"https:\/\/zsp1chojna.pl\/wp-content\/uploads\/2023\/11\/mlodzi-w-akcji-2.png\" data-orig-size=\"600,337\" data-comments-opened=\"1\" data-image-meta=\"{&quot;aperture&quot;:&quot;0&quot;,&quot;credit&quot;:&quot;&quot;,&quot;camera&quot;:&quot;&quot;,&quot;caption&quot;:&quot;&quot;,&quot;created_timestamp&quot;:&quot;0&quot;,&quot;copyright&quot;:&quot;&quot;,&quot;focal_length&quot;:&quot;0&quot;,&quot;iso&quot;:&quot;0&quot;,&quot;shutter_speed&quot;:&quot;0&quot;,&quot;title&quot;:&quot;&quot;,&quot;orientation&quot;:&quot;0&quot;}\" data-image-title=\"mlodzi-w-akcji-2\" data-image-description=\"\" data-image-caption=\"\" data-medium-file=\"https:\/\/zsp1chojna.pl\/wp-content\/uploads\/2023\/11\/mlodzi-w-akcji-2-300x169.png\" data-large-file=\"https:\/\/zsp1chojna.pl\/wp-content\/uploads\/2023\/11\/mlodzi-w-akcji-2.png\" src=\"https:\/\/zsp1chojna.pl\/wp-content\/uploads\/2023\/11\/mlodzi-w-akcji-2.png\" alt=\"\" class=\"wp-image-6764\" srcset=\"https:\/\/zsp1chojna.pl\/wp-content\/uploads\/2023\/11\/mlodzi-w-akcji-2.png 600w, https:\/\/zsp1chojna.pl\/wp-content\/uploads\/2023\/11\/mlodzi-w-akcji-2-300x169.png 300w\" sizes=\"auto, (max-width: 600px) 100vw, 600px\" \/><\/figure>\n<\/div><\/div><\/div>\n\n\n<style>.kadence-column6763_f620b7-15 > .kt-inside-inner-col,.kadence-column6763_f620b7-15 > .kt-inside-inner-col:before{border-top-left-radius:0px;border-top-right-radius:0px;border-bottom-right-radius:0px;border-bottom-left-radius:0px;}.kadence-column6763_f620b7-15 > .kt-inside-inner-col:before{opacity:0.3;}.kadence-column6763_f620b7-15{position:relative;}<\/style>\n<div class=\"wp-block-kadence-column kadence-column6763_f620b7-15\"><div class=\"kt-inside-inner-col\"><div class=\"wp-block-image\">\n<figure class=\"alignleft size-full\"><img loading=\"lazy\" decoding=\"async\" width=\"600\" height=\"337\" data-attachment-id=\"6767\" data-permalink=\"https:\/\/zsp1chojna.pl\/?attachment_id=6767\" data-orig-file=\"https:\/\/zsp1chojna.pl\/wp-content\/uploads\/2023\/11\/mlodzi-w-akcji-1.jpg\" data-orig-size=\"600,337\" data-comments-opened=\"1\" data-image-meta=\"{&quot;aperture&quot;:&quot;0&quot;,&quot;credit&quot;:&quot;&quot;,&quot;camera&quot;:&quot;&quot;,&quot;caption&quot;:&quot;&quot;,&quot;created_timestamp&quot;:&quot;0&quot;,&quot;copyright&quot;:&quot;&quot;,&quot;focal_length&quot;:&quot;0&quot;,&quot;iso&quot;:&quot;0&quot;,&quot;shutter_speed&quot;:&quot;0&quot;,&quot;title&quot;:&quot;&quot;,&quot;orientation&quot;:&quot;0&quot;}\" data-image-title=\"mlodzi-w-akcji-1\" data-image-description=\"\" data-image-caption=\"\" data-medium-file=\"https:\/\/zsp1chojna.pl\/wp-content\/uploads\/2023\/11\/mlodzi-w-akcji-1-300x169.jpg\" data-large-file=\"https:\/\/zsp1chojna.pl\/wp-content\/uploads\/2023\/11\/mlodzi-w-akcji-1.jpg\" src=\"https:\/\/zsp1chojna.pl\/wp-content\/uploads\/2023\/11\/mlodzi-w-akcji-1.jpg\" alt=\"\" class=\"wp-image-6767\" srcset=\"https:\/\/zsp1chojna.pl\/wp-content\/uploads\/2023\/11\/mlodzi-w-akcji-1.jpg 600w, https:\/\/zsp1chojna.pl\/wp-content\/uploads\/2023\/11\/mlodzi-w-akcji-1-300x169.jpg 300w\" sizes=\"auto, (max-width: 600px) 100vw, 600px\" \/><\/figure>\n<\/div><\/div><\/div>\n\n<\/div><\/div>\n\n<div class=\"wp-block-image\">\n<figure class=\"aligncenter size-full\"><img loading=\"lazy\" decoding=\"async\" width=\"600\" height=\"337\" data-attachment-id=\"6766\" data-permalink=\"https:\/\/zsp1chojna.pl\/?attachment_id=6766\" data-orig-file=\"https:\/\/zsp1chojna.pl\/wp-content\/uploads\/2023\/11\/mlodzi-w-akcji-2.jpg\" data-orig-size=\"600,337\" data-comments-opened=\"1\" data-image-meta=\"{&quot;aperture&quot;:&quot;0&quot;,&quot;credit&quot;:&quot;&quot;,&quot;camera&quot;:&quot;&quot;,&quot;caption&quot;:&quot;&quot;,&quot;created_timestamp&quot;:&quot;0&quot;,&quot;copyright&quot;:&quot;&quot;,&quot;focal_length&quot;:&quot;0&quot;,&quot;iso&quot;:&quot;0&quot;,&quot;shutter_speed&quot;:&quot;0&quot;,&quot;title&quot;:&quot;&quot;,&quot;orientation&quot;:&quot;0&quot;}\" data-image-title=\"mlodzi-w-akcji-2\" data-image-description=\"\" data-image-caption=\"\" data-medium-file=\"https:\/\/zsp1chojna.pl\/wp-content\/uploads\/2023\/11\/mlodzi-w-akcji-2-300x169.jpg\" data-large-file=\"https:\/\/zsp1chojna.pl\/wp-content\/uploads\/2023\/11\/mlodzi-w-akcji-2.jpg\" src=\"https:\/\/zsp1chojna.pl\/wp-content\/uploads\/2023\/11\/mlodzi-w-akcji-2.jpg\" alt=\"\" class=\"wp-image-6766\" srcset=\"https:\/\/zsp1chojna.pl\/wp-content\/uploads\/2023\/11\/mlodzi-w-akcji-2.jpg 600w, https:\/\/zsp1chojna.pl\/wp-content\/uploads\/2023\/11\/mlodzi-w-akcji-2-300x169.jpg 300w\" sizes=\"auto, (max-width: 600px) 100vw, 600px\" \/><\/figure>\n<\/div>\n\n\n<p class=\"has-text-align-justify\">Spotkanie by\u0142o okazj\u0105 do&nbsp;wymiany do\u015bwiadcze\u0144. Uczestnicy mieli mo\u017cliwo\u015b\u0107 zadawania pyta\u0144 w&nbsp;zwi\u0105zku z&nbsp;realizacj\u0105 projektu.<\/p>\n\n\n<div class=\"wp-block-image\">\n<figure class=\"aligncenter size-full\"><img loading=\"lazy\" decoding=\"async\" width=\"600\" height=\"337\" data-attachment-id=\"6765\" data-permalink=\"https:\/\/zsp1chojna.pl\/?attachment_id=6765\" data-orig-file=\"https:\/\/zsp1chojna.pl\/wp-content\/uploads\/2023\/11\/mlodzi-w-akcji-3.png\" data-orig-size=\"600,337\" data-comments-opened=\"1\" data-image-meta=\"{&quot;aperture&quot;:&quot;0&quot;,&quot;credit&quot;:&quot;&quot;,&quot;camera&quot;:&quot;&quot;,&quot;caption&quot;:&quot;&quot;,&quot;created_timestamp&quot;:&quot;0&quot;,&quot;copyright&quot;:&quot;&quot;,&quot;focal_length&quot;:&quot;0&quot;,&quot;iso&quot;:&quot;0&quot;,&quot;shutter_speed&quot;:&quot;0&quot;,&quot;title&quot;:&quot;&quot;,&quot;orientation&quot;:&quot;0&quot;}\" data-image-title=\"mlodzi-w-akcji-3\" data-image-description=\"\" data-image-caption=\"\" data-medium-file=\"https:\/\/zsp1chojna.pl\/wp-content\/uploads\/2023\/11\/mlodzi-w-akcji-3-300x169.png\" data-large-file=\"https:\/\/zsp1chojna.pl\/wp-content\/uploads\/2023\/11\/mlodzi-w-akcji-3.png\" src=\"https:\/\/zsp1chojna.pl\/wp-content\/uploads\/2023\/11\/mlodzi-w-akcji-3.png\" alt=\"\" class=\"wp-image-6765\" srcset=\"https:\/\/zsp1chojna.pl\/wp-content\/uploads\/2023\/11\/mlodzi-w-akcji-3.png 600w, https:\/\/zsp1chojna.pl\/wp-content\/uploads\/2023\/11\/mlodzi-w-akcji-3-300x169.png 300w\" sizes=\"auto, (max-width: 600px) 100vw, 600px\" \/><\/figure>\n<\/div>\n\n\n<p class=\"has-text-align-justify\">Opiekunowie poznali dok\u0142adnie etapy pracy z&nbsp;grup\u0105: proces powstania grupy, problemy, z&nbsp; kt\u00f3rymi mo\u017cna si\u0119 spotka\u0107 w&nbsp;trakcie pracy i&nbsp;jak eliminowa\u0107 konflikty w&nbsp;trakcie realizacji zadania.<\/p>\n\n\n\n<p class=\"has-text-align-justify\">Szczeg\u00f3\u0142owe informacje dotycz\u0105ce programu dost\u0119pne s\u0105 na&nbsp;stronie: https:\/\/mlodziwakcji.ceo.org.pl<\/p>\n\n\n\n<p><\/p>\n\n\n\n<p class=\"has-text-align-right\">Opiekun<\/p>\n\n\n\n<p class=\"has-text-align-right\">mgr&nbsp;Edyta Krupa \u2013 Nadolny<\/p>\n","protected":false},"excerpt":{"rendered":"<p>20\u00a0pa\u017adziernika 2021\u00a0r. na\u00a0platformie kursowej odby\u0142o si\u0119 szkolenie dla opiekun\u00f3w, w\u00a0 ramach programu ,,M\u0142odzi w\u00a0akcji+\u201d. Spotkanie prowadzi\u0142y koordynatorki programu \u2013 pani Magdalena Doma\u0144ska i\u00a0pani Judyta Zi\u0119tkowska. Udzia\u0142 w\u00a0nim wzi\u0119\u0142a mgr\u00a0Edyta Krupa [&hellip;]<\/p>\n","protected":false},"author":2,"featured_media":6764,"comment_status":"open","ping_status":"open","sticky":false,"template":"","format":"standard","meta":{"footnotes":""},"categories":[11],"tags":[],"class_list":["post-6763","post","type-post","status-publish","format-standard","has-post-thumbnail","hentry","category-aktualnosci-2021-2022"],"wbAuthor":{"name":"kacper27","link":"https:\/\/zsp1chojna.pl\/?author=2"},"wbDate":"pa\u017a 20, 2021","wbCategories":{"space":"<a href=\"https:\/\/zsp1chojna.pl\/?cat=11\" rel=\"category\">Aktualno\u015bci 2021\/2022<\/a>","coma":"<a href=\"https:\/\/zsp1chojna.pl\/?cat=11\" rel=\"category\">Aktualno\u015bci 2021\/2022<\/a>"},"wbComment":0,"yoast_head":"<!-- This site is optimized with the Yoast SEO plugin v20.13 - https:\/\/yoast.com\/wordpress\/plugins\/seo\/ -->\n<title>Odby\u0142o si\u0119 szkolenie online dla opiekun\u00f3w programu ,,M\u0142odzi w akcji+\u201d. - ZSP w Chojnie<\/title>\n<meta name=\"robots\" content=\"index, follow, max-snippet:-1, max-image-preview:large, max-video-preview:-1\" \/>\n<link rel=\"canonical\" href=\"https:\/\/zsp1chojna.pl\/?p=6763\" \/>\n<meta property=\"og:locale\" content=\"pl_PL\" \/>\n<meta property=\"og:type\" content=\"article\" \/>\n<meta property=\"og:title\" content=\"Odby\u0142o si\u0119 szkolenie online dla opiekun\u00f3w programu ,,M\u0142odzi w akcji+\u201d. - ZSP w Chojnie\" \/>\n<meta property=\"og:description\" content=\"20\u00a0pa\u017adziernika 2021\u00a0r. na\u00a0platformie kursowej odby\u0142o si\u0119 szkolenie dla opiekun\u00f3w, w\u00a0 ramach programu ,,M\u0142odzi w\u00a0akcji+\u201d. Spotkanie prowadzi\u0142y koordynatorki programu \u2013 pani Magdalena Doma\u0144ska i\u00a0pani Judyta Zi\u0119tkowska. Udzia\u0142 w\u00a0nim wzi\u0119\u0142a mgr\u00a0Edyta Krupa [&hellip;]\" \/>\n<meta property=\"og:url\" content=\"https:\/\/zsp1chojna.pl\/?p=6763\" \/>\n<meta property=\"og:site_name\" content=\"ZSP w Chojnie\" \/>\n<meta property=\"article:published_time\" content=\"2021-10-20T14:58:00+00:00\" \/>\n<meta property=\"article:modified_time\" content=\"2023-11-02T16:01:47+00:00\" \/>\n<meta property=\"og:image\" content=\"https:\/\/zsp1chojna.pl\/wp-content\/uploads\/2023\/11\/mlodzi-w-akcji-2.png\" \/>\n\t<meta property=\"og:image:width\" content=\"600\" \/>\n\t<meta property=\"og:image:height\" content=\"337\" \/>\n\t<meta property=\"og:image:type\" content=\"image\/png\" \/>\n<meta name=\"author\" content=\"kacper27\" \/>\n<meta name=\"twitter:card\" content=\"summary_large_image\" \/>\n<meta name=\"twitter:label1\" content=\"Napisane przez\" \/>\n\t<meta name=\"twitter:data1\" content=\"kacper27\" \/>\n\t<meta name=\"twitter:label2\" content=\"Szacowany czas czytania\" \/>\n\t<meta name=\"twitter:data2\" content=\"2 minuty\" \/>\n<script type=\"application\/ld+json\" class=\"yoast-schema-graph\">{\"@context\":\"https:\/\/schema.org\",\"@graph\":[{\"@type\":\"Article\",\"@id\":\"https:\/\/zsp1chojna.pl\/?p=6763#article\",\"isPartOf\":{\"@id\":\"https:\/\/zsp1chojna.pl\/?p=6763\"},\"author\":{\"name\":\"kacper27\",\"@id\":\"https:\/\/zsp1chojna.pl\/#\/schema\/person\/e974e35b71ad4899de9d84ba9baed22f\"},\"headline\":\"Odby\u0142o si\u0119 szkolenie online dla opiekun\u00f3w programu ,,M\u0142odzi w akcji+\u201d.\",\"datePublished\":\"2021-10-20T14:58:00+00:00\",\"dateModified\":\"2023-11-02T16:01:47+00:00\",\"mainEntityOfPage\":{\"@id\":\"https:\/\/zsp1chojna.pl\/?p=6763\"},\"wordCount\":166,\"commentCount\":0,\"publisher\":{\"@id\":\"https:\/\/zsp1chojna.pl\/#organization\"},\"articleSection\":[\"Aktualno\u015bci 2021\/2022\"],\"inLanguage\":\"pl-PL\",\"potentialAction\":[{\"@type\":\"CommentAction\",\"name\":\"Comment\",\"target\":[\"https:\/\/zsp1chojna.pl\/?p=6763#respond\"]}]},{\"@type\":\"WebPage\",\"@id\":\"https:\/\/zsp1chojna.pl\/?p=6763\",\"url\":\"https:\/\/zsp1chojna.pl\/?p=6763\",\"name\":\"Odby\u0142o si\u0119 szkolenie online dla opiekun\u00f3w programu ,,M\u0142odzi w akcji+\u201d. - ZSP w Chojnie\",\"isPartOf\":{\"@id\":\"https:\/\/zsp1chojna.pl\/#website\"},\"datePublished\":\"2021-10-20T14:58:00+00:00\",\"dateModified\":\"2023-11-02T16:01:47+00:00\",\"breadcrumb\":{\"@id\":\"https:\/\/zsp1chojna.pl\/?p=6763#breadcrumb\"},\"inLanguage\":\"pl-PL\",\"potentialAction\":[{\"@type\":\"ReadAction\",\"target\":[\"https:\/\/zsp1chojna.pl\/?p=6763\"]}]},{\"@type\":\"BreadcrumbList\",\"@id\":\"https:\/\/zsp1chojna.pl\/?p=6763#breadcrumb\",\"itemListElement\":[{\"@type\":\"ListItem\",\"position\":1,\"name\":\"Home\",\"item\":\"https:\/\/zsp1chojna.pl\/\"},{\"@type\":\"ListItem\",\"position\":2,\"name\":\"Odby\u0142o si\u0119 szkolenie online dla opiekun\u00f3w programu ,,M\u0142odzi w&nbsp;akcji+\u201d.\"}]},{\"@type\":\"WebSite\",\"@id\":\"https:\/\/zsp1chojna.pl\/#website\",\"url\":\"https:\/\/zsp1chojna.pl\/\",\"name\":\"ZSP w Chojnie\",\"description\":\"\",\"publisher\":{\"@id\":\"https:\/\/zsp1chojna.pl\/#organization\"},\"potentialAction\":[{\"@type\":\"SearchAction\",\"target\":{\"@type\":\"EntryPoint\",\"urlTemplate\":\"https:\/\/zsp1chojna.pl\/?s={search_term_string}\"},\"query-input\":\"required name=search_term_string\"}],\"inLanguage\":\"pl-PL\"},{\"@type\":\"Organization\",\"@id\":\"https:\/\/zsp1chojna.pl\/#organization\",\"name\":\"ZSP w Chojnie\",\"url\":\"https:\/\/zsp1chojna.pl\/\",\"logo\":{\"@type\":\"ImageObject\",\"inLanguage\":\"pl-PL\",\"@id\":\"https:\/\/zsp1chojna.pl\/#\/schema\/logo\/image\/\",\"url\":\"https:\/\/zsp1chojna.pl\/wp-content\/uploads\/2023\/08\/cropped-cropped-cropped-Logo-biale-napis-na-3-wiersze_504-1.png\",\"contentUrl\":\"https:\/\/zsp1chojna.pl\/wp-content\/uploads\/2023\/08\/cropped-cropped-cropped-Logo-biale-napis-na-3-wiersze_504-1.png\",\"width\":504,\"height\":167,\"caption\":\"ZSP w Chojnie\"},\"image\":{\"@id\":\"https:\/\/zsp1chojna.pl\/#\/schema\/logo\/image\/\"}},{\"@type\":\"Person\",\"@id\":\"https:\/\/zsp1chojna.pl\/#\/schema\/person\/e974e35b71ad4899de9d84ba9baed22f\",\"name\":\"kacper27\",\"image\":{\"@type\":\"ImageObject\",\"inLanguage\":\"pl-PL\",\"@id\":\"https:\/\/zsp1chojna.pl\/#\/schema\/person\/image\/\",\"url\":\"https:\/\/secure.gravatar.com\/avatar\/233d005830da7db1760a03aba4b7a8303a369edf5f46a429dfe66f876a3f452c?s=96&d=mm&r=g\",\"contentUrl\":\"https:\/\/secure.gravatar.com\/avatar\/233d005830da7db1760a03aba4b7a8303a369edf5f46a429dfe66f876a3f452c?s=96&d=mm&r=g\",\"caption\":\"kacper27\"},\"url\":\"https:\/\/zsp1chojna.pl\/?author=2\"}]}<\/script>\n<!-- \/ Yoast SEO plugin. -->","yoast_head_json":{"title":"Odby\u0142o si\u0119 szkolenie online dla opiekun\u00f3w programu ,,M\u0142odzi w akcji+\u201d. - ZSP w Chojnie","robots":{"index":"index","follow":"follow","max-snippet":"max-snippet:-1","max-image-preview":"max-image-preview:large","max-video-preview":"max-video-preview:-1"},"canonical":"https:\/\/zsp1chojna.pl\/?p=6763","og_locale":"pl_PL","og_type":"article","og_title":"Odby\u0142o si\u0119 szkolenie online dla opiekun\u00f3w programu ,,M\u0142odzi w akcji+\u201d. - ZSP w Chojnie","og_description":"20\u00a0pa\u017adziernika 2021\u00a0r. na\u00a0platformie kursowej odby\u0142o si\u0119 szkolenie dla opiekun\u00f3w, w\u00a0 ramach programu ,,M\u0142odzi w\u00a0akcji+\u201d. Spotkanie prowadzi\u0142y koordynatorki programu \u2013 pani Magdalena Doma\u0144ska i\u00a0pani Judyta Zi\u0119tkowska. Udzia\u0142 w\u00a0nim wzi\u0119\u0142a mgr\u00a0Edyta Krupa [&hellip;]","og_url":"https:\/\/zsp1chojna.pl\/?p=6763","og_site_name":"ZSP w Chojnie","article_published_time":"2021-10-20T14:58:00+00:00","article_modified_time":"2023-11-02T16:01:47+00:00","og_image":[{"width":600,"height":337,"url":"https:\/\/zsp1chojna.pl\/wp-content\/uploads\/2023\/11\/mlodzi-w-akcji-2.png","type":"image\/png"}],"author":"kacper27","twitter_card":"summary_large_image","twitter_misc":{"Napisane przez":"kacper27","Szacowany czas czytania":"2 minuty"},"schema":{"@context":"https:\/\/schema.org","@graph":[{"@type":"Article","@id":"https:\/\/zsp1chojna.pl\/?p=6763#article","isPartOf":{"@id":"https:\/\/zsp1chojna.pl\/?p=6763"},"author":{"name":"kacper27","@id":"https:\/\/zsp1chojna.pl\/#\/schema\/person\/e974e35b71ad4899de9d84ba9baed22f"},"headline":"Odby\u0142o si\u0119 szkolenie online dla opiekun\u00f3w programu ,,M\u0142odzi w akcji+\u201d.","datePublished":"2021-10-20T14:58:00+00:00","dateModified":"2023-11-02T16:01:47+00:00","mainEntityOfPage":{"@id":"https:\/\/zsp1chojna.pl\/?p=6763"},"wordCount":166,"commentCount":0,"publisher":{"@id":"https:\/\/zsp1chojna.pl\/#organization"},"articleSection":["Aktualno\u015bci 2021\/2022"],"inLanguage":"pl-PL","potentialAction":[{"@type":"CommentAction","name":"Comment","target":["https:\/\/zsp1chojna.pl\/?p=6763#respond"]}]},{"@type":"WebPage","@id":"https:\/\/zsp1chojna.pl\/?p=6763","url":"https:\/\/zsp1chojna.pl\/?p=6763","name":"Odby\u0142o si\u0119 szkolenie online dla opiekun\u00f3w programu ,,M\u0142odzi w akcji+\u201d. - ZSP w Chojnie","isPartOf":{"@id":"https:\/\/zsp1chojna.pl\/#website"},"datePublished":"2021-10-20T14:58:00+00:00","dateModified":"2023-11-02T16:01:47+00:00","breadcrumb":{"@id":"https:\/\/zsp1chojna.pl\/?p=6763#breadcrumb"},"inLanguage":"pl-PL","potentialAction":[{"@type":"ReadAction","target":["https:\/\/zsp1chojna.pl\/?p=6763"]}]},{"@type":"BreadcrumbList","@id":"https:\/\/zsp1chojna.pl\/?p=6763#breadcrumb","itemListElement":[{"@type":"ListItem","position":1,"name":"Home","item":"https:\/\/zsp1chojna.pl\/"},{"@type":"ListItem","position":2,"name":"Odby\u0142o si\u0119 szkolenie online dla opiekun\u00f3w programu ,,M\u0142odzi w&nbsp;akcji+\u201d."}]},{"@type":"WebSite","@id":"https:\/\/zsp1chojna.pl\/#website","url":"https:\/\/zsp1chojna.pl\/","name":"ZSP w Chojnie","description":"","publisher":{"@id":"https:\/\/zsp1chojna.pl\/#organization"},"potentialAction":[{"@type":"SearchAction","target":{"@type":"EntryPoint","urlTemplate":"https:\/\/zsp1chojna.pl\/?s={search_term_string}"},"query-input":"required name=search_term_string"}],"inLanguage":"pl-PL"},{"@type":"Organization","@id":"https:\/\/zsp1chojna.pl\/#organization","name":"ZSP w Chojnie","url":"https:\/\/zsp1chojna.pl\/","logo":{"@type":"ImageObject","inLanguage":"pl-PL","@id":"https:\/\/zsp1chojna.pl\/#\/schema\/logo\/image\/","url":"https:\/\/zsp1chojna.pl\/wp-content\/uploads\/2023\/08\/cropped-cropped-cropped-Logo-biale-napis-na-3-wiersze_504-1.png","contentUrl":"https:\/\/zsp1chojna.pl\/wp-content\/uploads\/2023\/08\/cropped-cropped-cropped-Logo-biale-napis-na-3-wiersze_504-1.png","width":504,"height":167,"caption":"ZSP w Chojnie"},"image":{"@id":"https:\/\/zsp1chojna.pl\/#\/schema\/logo\/image\/"}},{"@type":"Person","@id":"https:\/\/zsp1chojna.pl\/#\/schema\/person\/e974e35b71ad4899de9d84ba9baed22f","name":"kacper27","image":{"@type":"ImageObject","inLanguage":"pl-PL","@id":"https:\/\/zsp1chojna.pl\/#\/schema\/person\/image\/","url":"https:\/\/secure.gravatar.com\/avatar\/233d005830da7db1760a03aba4b7a8303a369edf5f46a429dfe66f876a3f452c?s=96&d=mm&r=g","contentUrl":"https:\/\/secure.gravatar.com\/avatar\/233d005830da7db1760a03aba4b7a8303a369edf5f46a429dfe66f876a3f452c?s=96&d=mm&r=g","caption":"kacper27"},"url":"https:\/\/zsp1chojna.pl\/?author=2"}]}},"jetpack_featured_media_url":"https:\/\/zsp1chojna.pl\/wp-content\/uploads\/2023\/11\/mlodzi-w-akcji-2.png","_links":{"self":[{"href":"https:\/\/zsp1chojna.pl\/index.php?rest_route=\/wp\/v2\/posts\/6763","targetHints":{"allow":["GET"]}}],"collection":[{"href":"https:\/\/zsp1chojna.pl\/index.php?rest_route=\/wp\/v2\/posts"}],"about":[{"href":"https:\/\/zsp1chojna.pl\/index.php?rest_route=\/wp\/v2\/types\/post"}],"author":[{"embeddable":true,"href":"https:\/\/zsp1chojna.pl\/index.php?rest_route=\/wp\/v2\/users\/2"}],"replies":[{"embeddable":true,"href":"https:\/\/zsp1chojna.pl\/index.php?rest_route=%2Fwp%2Fv2%2Fcomments&post=6763"}],"version-history":[{"count":1,"href":"https:\/\/zsp1chojna.pl\/index.php?rest_route=\/wp\/v2\/posts\/6763\/revisions"}],"predecessor-version":[{"id":6768,"href":"https:\/\/zsp1chojna.pl\/index.php?rest_route=\/wp\/v2\/posts\/6763\/revisions\/6768"}],"wp:featuredmedia":[{"embeddable":true,"href":"https:\/\/zsp1chojna.pl\/index.php?rest_route=\/wp\/v2\/media\/6764"}],"wp:attachment":[{"href":"https:\/\/zsp1chojna.pl\/index.php?rest_route=%2Fwp%2Fv2%2Fmedia&parent=6763"}],"wp:term":[{"taxonomy":"category","embeddable":true,"href":"https:\/\/zsp1chojna.pl\/index.php?rest_route=%2Fwp%2Fv2%2Fcategories&post=6763"},{"taxonomy":"post_tag","embeddable":true,"href":"https:\/\/zsp1chojna.pl\/index.php?rest_route=%2Fwp%2Fv2%2Ftags&post=6763"}],"curies":[{"name":"wp","href":"https:\/\/api.w.org\/{rel}","templated":true}]}}