{"id":6745,"date":"2021-11-24T16:13:00","date_gmt":"2021-11-24T15:13:00","guid":{"rendered":"https:\/\/zsp1chojna.pl\/?p=6745"},"modified":"2023-11-02T16:14:20","modified_gmt":"2023-11-02T15:14:20","slug":"program-mlodzi-w-akcji-webinarium-dzialamy-o-spolecznym-zaangazowaniu-mlodych","status":"publish","type":"post","link":"https:\/\/zsp1chojna.pl\/?p=6745","title":{"rendered":"Program \u201eM\u0142odzi w Akcji+\u201d webinarium \u201cDzia\u0142amy! O spo\u0142ecznym zaanga\u017cowaniu m\u0142odych\u201d"},"content":{"rendered":"\n<p class=\"has-text-align-justify\">24&nbsp;listopada 2021&nbsp;r. odby\u0142o si\u0119 webinarium, w&nbsp;ramach programu M\u0142odzi w&nbsp;Akcji+, pod&nbsp;has\u0142em \u201cDzia\u0142amy! O&nbsp;spo\u0142ecznym zaanga\u017cowaniu m\u0142odych\u201d, poprowadzone przez&nbsp; Wawrzy\u0144ca Smoczy\u0144skiego z&nbsp;Uniwersytetu SWPS.<\/p>\n\n\n<div class=\"wp-block-image\">\n<figure class=\"aligncenter size-full\"><img loading=\"lazy\" decoding=\"async\" width=\"550\" height=\"310\" data-attachment-id=\"6748\" data-permalink=\"https:\/\/zsp1chojna.pl\/?attachment_id=6748\" data-orig-file=\"https:\/\/zsp1chojna.pl\/wp-content\/uploads\/2023\/11\/webinarium-mlodzi-2.png\" data-orig-size=\"550,310\" data-comments-opened=\"1\" data-image-meta=\"{&quot;aperture&quot;:&quot;0&quot;,&quot;credit&quot;:&quot;&quot;,&quot;camera&quot;:&quot;&quot;,&quot;caption&quot;:&quot;&quot;,&quot;created_timestamp&quot;:&quot;0&quot;,&quot;copyright&quot;:&quot;&quot;,&quot;focal_length&quot;:&quot;0&quot;,&quot;iso&quot;:&quot;0&quot;,&quot;shutter_speed&quot;:&quot;0&quot;,&quot;title&quot;:&quot;&quot;,&quot;orientation&quot;:&quot;0&quot;}\" data-image-title=\"webinarium-mlodzi-2\" data-image-description=\"\" data-image-caption=\"\" data-medium-file=\"https:\/\/zsp1chojna.pl\/wp-content\/uploads\/2023\/11\/webinarium-mlodzi-2-300x169.png\" data-large-file=\"https:\/\/zsp1chojna.pl\/wp-content\/uploads\/2023\/11\/webinarium-mlodzi-2.png\" src=\"https:\/\/zsp1chojna.pl\/wp-content\/uploads\/2023\/11\/webinarium-mlodzi-2.png\" alt=\"\" class=\"wp-image-6748\" srcset=\"https:\/\/zsp1chojna.pl\/wp-content\/uploads\/2023\/11\/webinarium-mlodzi-2.png 550w, https:\/\/zsp1chojna.pl\/wp-content\/uploads\/2023\/11\/webinarium-mlodzi-2-300x169.png 300w\" sizes=\"auto, (max-width: 550px) 100vw, 550px\" \/><\/figure>\n<\/div>\n\n\n<p class=\"has-text-align-justify\">Ka\u017cde szkolenie jest dla nas nowym do\u015bwiadczeniem. Dzisiaj wiemy, \u017ce\u00a0nie\u00a0ma spraw niewa\u017cnych i\u00a0co to\u00a0jest tak\u00a0naprawd\u0119 spo\u0142eczne zaanga\u017cowanie. Mo\u017ce to\u00a0by\u0107 pomoc innym, rozmowa o\u00a0problemach, pomoc w\u00a0r\u00f3\u017cnych sytuacjach. Wa\u017cne, aby mie\u0107 odwag\u0119 i\u00a0 podejmowa\u0107 dzia\u0142anie na\u00a0rzecz innych. Robi\u0107 rzeczy dla dobra wsp\u00f3lnego. I\u00a0to\u00a0wcale nie\u00a0 musz\u0105 by\u0107 rzeczy wielkie.<\/p>\n\n\n<style>.kb-row-layout-id6745_dfe997-74 > .kt-row-column-wrap{align-content:start;}:where(.kb-row-layout-id6745_dfe997-74 > .kt-row-column-wrap) > .wp-block-kadence-column{justify-content:start;}.kb-row-layout-id6745_dfe997-74 > .kt-row-column-wrap{column-gap:var(--global-kb-gap-sm, 1rem);row-gap:var(--global-kb-gap-none, 0 );padding-top:0px;padding-bottom:0px;grid-template-columns:repeat(2, minmax(0, 1fr));}.kb-row-layout-id6745_dfe997-74 > .kt-row-layout-overlay{opacity:0.30;}@media all and (max-width: 1024px){.kb-row-layout-id6745_dfe997-74 > .kt-row-column-wrap{grid-template-columns:repeat(2, minmax(0, 1fr));}}@media all and (max-width: 767px){.kb-row-layout-id6745_dfe997-74 > .kt-row-column-wrap{grid-template-columns:minmax(0, 1fr);}}<\/style><div class=\"kb-row-layout-wrap kb-row-layout-id6745_dfe997-74 alignnone wp-block-kadence-rowlayout\"><div class=\"kt-row-column-wrap kt-has-2-columns kt-row-layout-equal kt-tab-layout-inherit kt-mobile-layout-row kt-row-valign-top\">\n<style>.kadence-column6745_f5bfc4-64 > .kt-inside-inner-col,.kadence-column6745_f5bfc4-64 > .kt-inside-inner-col:before{border-top-left-radius:0px;border-top-right-radius:0px;border-bottom-right-radius:0px;border-bottom-left-radius:0px;}.kadence-column6745_f5bfc4-64 > .kt-inside-inner-col:before{opacity:0.3;}.kadence-column6745_f5bfc4-64{position:relative;}<\/style>\n<div class=\"wp-block-kadence-column kadence-column6745_f5bfc4-64\"><div class=\"kt-inside-inner-col\"><div class=\"wp-block-image\">\n<figure class=\"alignright size-full\"><img loading=\"lazy\" decoding=\"async\" width=\"550\" height=\"291\" data-attachment-id=\"6747\" data-permalink=\"https:\/\/zsp1chojna.pl\/?attachment_id=6747\" data-orig-file=\"https:\/\/zsp1chojna.pl\/wp-content\/uploads\/2023\/11\/webinarium-mlodzi-3.png\" data-orig-size=\"550,291\" data-comments-opened=\"1\" data-image-meta=\"{&quot;aperture&quot;:&quot;0&quot;,&quot;credit&quot;:&quot;&quot;,&quot;camera&quot;:&quot;&quot;,&quot;caption&quot;:&quot;&quot;,&quot;created_timestamp&quot;:&quot;0&quot;,&quot;copyright&quot;:&quot;&quot;,&quot;focal_length&quot;:&quot;0&quot;,&quot;iso&quot;:&quot;0&quot;,&quot;shutter_speed&quot;:&quot;0&quot;,&quot;title&quot;:&quot;&quot;,&quot;orientation&quot;:&quot;0&quot;}\" data-image-title=\"webinarium-mlodzi-3\" data-image-description=\"\" data-image-caption=\"\" data-medium-file=\"https:\/\/zsp1chojna.pl\/wp-content\/uploads\/2023\/11\/webinarium-mlodzi-3-300x159.png\" data-large-file=\"https:\/\/zsp1chojna.pl\/wp-content\/uploads\/2023\/11\/webinarium-mlodzi-3.png\" src=\"https:\/\/zsp1chojna.pl\/wp-content\/uploads\/2023\/11\/webinarium-mlodzi-3.png\" alt=\"\" class=\"wp-image-6747\" srcset=\"https:\/\/zsp1chojna.pl\/wp-content\/uploads\/2023\/11\/webinarium-mlodzi-3.png 550w, https:\/\/zsp1chojna.pl\/wp-content\/uploads\/2023\/11\/webinarium-mlodzi-3-300x159.png 300w\" sizes=\"auto, (max-width: 550px) 100vw, 550px\" \/><\/figure>\n<\/div><\/div><\/div>\n\n\n<style>.kadence-column6745_6eb5e3-10 > .kt-inside-inner-col,.kadence-column6745_6eb5e3-10 > .kt-inside-inner-col:before{border-top-left-radius:0px;border-top-right-radius:0px;border-bottom-right-radius:0px;border-bottom-left-radius:0px;}.kadence-column6745_6eb5e3-10 > .kt-inside-inner-col:before{opacity:0.3;}.kadence-column6745_6eb5e3-10{position:relative;}<\/style>\n<div class=\"wp-block-kadence-column kadence-column6745_6eb5e3-10\"><div class=\"kt-inside-inner-col\"><div class=\"wp-block-image\">\n<figure class=\"alignleft size-full\"><img loading=\"lazy\" decoding=\"async\" width=\"550\" height=\"309\" data-attachment-id=\"6746\" data-permalink=\"https:\/\/zsp1chojna.pl\/?attachment_id=6746\" data-orig-file=\"https:\/\/zsp1chojna.pl\/wp-content\/uploads\/2023\/11\/webinarium-mlodzi-4.png\" data-orig-size=\"550,309\" data-comments-opened=\"1\" data-image-meta=\"{&quot;aperture&quot;:&quot;0&quot;,&quot;credit&quot;:&quot;&quot;,&quot;camera&quot;:&quot;&quot;,&quot;caption&quot;:&quot;&quot;,&quot;created_timestamp&quot;:&quot;0&quot;,&quot;copyright&quot;:&quot;&quot;,&quot;focal_length&quot;:&quot;0&quot;,&quot;iso&quot;:&quot;0&quot;,&quot;shutter_speed&quot;:&quot;0&quot;,&quot;title&quot;:&quot;&quot;,&quot;orientation&quot;:&quot;0&quot;}\" data-image-title=\"webinarium-mlodzi-4\" data-image-description=\"\" data-image-caption=\"\" data-medium-file=\"https:\/\/zsp1chojna.pl\/wp-content\/uploads\/2023\/11\/webinarium-mlodzi-4-300x169.png\" data-large-file=\"https:\/\/zsp1chojna.pl\/wp-content\/uploads\/2023\/11\/webinarium-mlodzi-4.png\" src=\"https:\/\/zsp1chojna.pl\/wp-content\/uploads\/2023\/11\/webinarium-mlodzi-4.png\" alt=\"\" class=\"wp-image-6746\" srcset=\"https:\/\/zsp1chojna.pl\/wp-content\/uploads\/2023\/11\/webinarium-mlodzi-4.png 550w, https:\/\/zsp1chojna.pl\/wp-content\/uploads\/2023\/11\/webinarium-mlodzi-4-300x169.png 300w\" sizes=\"auto, (max-width: 550px) 100vw, 550px\" \/><\/figure>\n<\/div><\/div><\/div>\n\n<\/div><\/div>\n\n\n<p class=\"has-text-align-justify\">Udzia\u0142 w&nbsp;programie \u201eM\u0142odzi w&nbsp;Akcji+\u201d umo\u017cliwia nam komunikacj\u0119 z&nbsp;kolegami z&nbsp;r\u00f3\u017cnych miast. Rozmawiamy, wymieniamy si\u0119 pogl\u0105dami i&nbsp;to&nbsp;jest bardzo ciekawe, bo w&nbsp;ten spos\u00f3b uczymy si\u0119 samorz\u0105dno\u015bci. Do&nbsp;tej&nbsp;pory nawet si\u0119 nie&nbsp;zastanawia\u0142y\u015bmy ile spraw mamy wsp\u00f3lnych i&nbsp;jak du\u017co nas \u0142\u0105czy. I&nbsp;co najwa\u017cniejsze \u2013 nie&nbsp;trzeba by\u0107 liderem, ale&nbsp;nale\u017cy umie\u0107 pracowa\u0107 wsp\u00f3lnie, razem dzia\u0142a\u0107 i&nbsp;rozwi\u0105zywa\u0107 problemy. Teraz wiemy, \u017ce&nbsp;my m\u0142odzi te\u017c&nbsp; mamy wp\u0142yw na&nbsp;sprawy spo\u0142eczne.<\/p>\n\n\n<div class=\"wp-block-image\">\n<figure class=\"aligncenter size-full\"><img loading=\"lazy\" decoding=\"async\" width=\"550\" height=\"309\" data-attachment-id=\"6749\" data-permalink=\"https:\/\/zsp1chojna.pl\/?attachment_id=6749\" data-orig-file=\"https:\/\/zsp1chojna.pl\/wp-content\/uploads\/2023\/11\/webinarium-mlodzi-1.png\" data-orig-size=\"550,309\" data-comments-opened=\"1\" data-image-meta=\"{&quot;aperture&quot;:&quot;0&quot;,&quot;credit&quot;:&quot;&quot;,&quot;camera&quot;:&quot;&quot;,&quot;caption&quot;:&quot;&quot;,&quot;created_timestamp&quot;:&quot;0&quot;,&quot;copyright&quot;:&quot;&quot;,&quot;focal_length&quot;:&quot;0&quot;,&quot;iso&quot;:&quot;0&quot;,&quot;shutter_speed&quot;:&quot;0&quot;,&quot;title&quot;:&quot;&quot;,&quot;orientation&quot;:&quot;0&quot;}\" data-image-title=\"webinarium-mlodzi-1\" data-image-description=\"\" data-image-caption=\"\" data-medium-file=\"https:\/\/zsp1chojna.pl\/wp-content\/uploads\/2023\/11\/webinarium-mlodzi-1-300x169.png\" data-large-file=\"https:\/\/zsp1chojna.pl\/wp-content\/uploads\/2023\/11\/webinarium-mlodzi-1.png\" src=\"https:\/\/zsp1chojna.pl\/wp-content\/uploads\/2023\/11\/webinarium-mlodzi-1.png\" alt=\"\" class=\"wp-image-6749\" srcset=\"https:\/\/zsp1chojna.pl\/wp-content\/uploads\/2023\/11\/webinarium-mlodzi-1.png 550w, https:\/\/zsp1chojna.pl\/wp-content\/uploads\/2023\/11\/webinarium-mlodzi-1-300x169.png 300w\" sizes=\"auto, (max-width: 550px) 100vw, 550px\" \/><\/figure>\n<\/div>\n\n\n<p class=\"has-text-align-right\">Amelia Laskowska, kl. 1&nbsp;b LO<\/p>\n","protected":false},"excerpt":{"rendered":"<p>24&nbsp;listopada 2021&nbsp;r. odby\u0142o si\u0119 webinarium, w&nbsp;ramach programu M\u0142odzi w&nbsp;Akcji+, pod&nbsp;has\u0142em \u201cDzia\u0142amy! O&nbsp;spo\u0142ecznym zaanga\u017cowaniu m\u0142odych\u201d, poprowadzone przez&nbsp; Wawrzy\u0144ca Smoczy\u0144skiego z&nbsp;Uniwersytetu SWPS. Ka\u017cde szkolenie jest dla nas nowym do\u015bwiadczeniem. Dzisiaj wiemy, \u017ce\u00a0nie\u00a0ma [&hellip;]<\/p>\n","protected":false},"author":2,"featured_media":6747,"comment_status":"open","ping_status":"open","sticky":false,"template":"","format":"standard","meta":{"footnotes":""},"categories":[11],"tags":[],"class_list":["post-6745","post","type-post","status-publish","format-standard","has-post-thumbnail","hentry","category-aktualnosci-2021-2022"],"wbAuthor":{"name":"kacper27","link":"https:\/\/zsp1chojna.pl\/?author=2"},"wbDate":"lis 24, 2021","wbCategories":{"space":"<a href=\"https:\/\/zsp1chojna.pl\/?cat=11\" rel=\"category\">Aktualno\u015bci 2021\/2022<\/a>","coma":"<a href=\"https:\/\/zsp1chojna.pl\/?cat=11\" rel=\"category\">Aktualno\u015bci 2021\/2022<\/a>"},"wbComment":0,"yoast_head":"<!-- This site is optimized with the Yoast SEO plugin v20.13 - https:\/\/yoast.com\/wordpress\/plugins\/seo\/ -->\n<title>Program \u201eM\u0142odzi w Akcji+\u201d webinarium \u201cDzia\u0142amy! O spo\u0142ecznym zaanga\u017cowaniu m\u0142odych\u201d - ZSP w Chojnie<\/title>\n<meta name=\"robots\" content=\"index, follow, max-snippet:-1, max-image-preview:large, max-video-preview:-1\" \/>\n<link rel=\"canonical\" href=\"https:\/\/zsp1chojna.pl\/?p=6745\" \/>\n<meta property=\"og:locale\" content=\"pl_PL\" \/>\n<meta property=\"og:type\" content=\"article\" \/>\n<meta property=\"og:title\" content=\"Program \u201eM\u0142odzi w Akcji+\u201d webinarium \u201cDzia\u0142amy! O spo\u0142ecznym zaanga\u017cowaniu m\u0142odych\u201d - ZSP w Chojnie\" \/>\n<meta property=\"og:description\" content=\"24&nbsp;listopada 2021&nbsp;r. odby\u0142o si\u0119 webinarium, w&nbsp;ramach programu M\u0142odzi w&nbsp;Akcji+, pod&nbsp;has\u0142em \u201cDzia\u0142amy! O&nbsp;spo\u0142ecznym zaanga\u017cowaniu m\u0142odych\u201d, poprowadzone przez&nbsp; Wawrzy\u0144ca Smoczy\u0144skiego z&nbsp;Uniwersytetu SWPS. Ka\u017cde szkolenie jest dla nas nowym do\u015bwiadczeniem. Dzisiaj wiemy, \u017ce\u00a0nie\u00a0ma [&hellip;]\" \/>\n<meta property=\"og:url\" content=\"https:\/\/zsp1chojna.pl\/?p=6745\" \/>\n<meta property=\"og:site_name\" content=\"ZSP w Chojnie\" \/>\n<meta property=\"article:published_time\" content=\"2021-11-24T15:13:00+00:00\" \/>\n<meta property=\"article:modified_time\" content=\"2023-11-02T15:14:20+00:00\" \/>\n<meta property=\"og:image\" content=\"https:\/\/zsp1chojna.pl\/wp-content\/uploads\/2023\/11\/webinarium-mlodzi-3.png\" \/>\n\t<meta property=\"og:image:width\" content=\"550\" \/>\n\t<meta property=\"og:image:height\" content=\"291\" \/>\n\t<meta property=\"og:image:type\" content=\"image\/png\" \/>\n<meta name=\"author\" content=\"kacper27\" \/>\n<meta name=\"twitter:card\" content=\"summary_large_image\" \/>\n<meta name=\"twitter:label1\" content=\"Napisane przez\" \/>\n\t<meta name=\"twitter:data1\" content=\"kacper27\" \/>\n\t<meta name=\"twitter:label2\" content=\"Szacowany czas czytania\" \/>\n\t<meta name=\"twitter:data2\" content=\"2 minuty\" \/>\n<script type=\"application\/ld+json\" class=\"yoast-schema-graph\">{\"@context\":\"https:\/\/schema.org\",\"@graph\":[{\"@type\":\"Article\",\"@id\":\"https:\/\/zsp1chojna.pl\/?p=6745#article\",\"isPartOf\":{\"@id\":\"https:\/\/zsp1chojna.pl\/?p=6745\"},\"author\":{\"name\":\"kacper27\",\"@id\":\"https:\/\/zsp1chojna.pl\/#\/schema\/person\/e974e35b71ad4899de9d84ba9baed22f\"},\"headline\":\"Program \u201eM\u0142odzi w Akcji+\u201d webinarium \u201cDzia\u0142amy! O spo\u0142ecznym zaanga\u017cowaniu m\u0142odych\u201d\",\"datePublished\":\"2021-11-24T15:13:00+00:00\",\"dateModified\":\"2023-11-02T15:14:20+00:00\",\"mainEntityOfPage\":{\"@id\":\"https:\/\/zsp1chojna.pl\/?p=6745\"},\"wordCount\":241,\"commentCount\":0,\"publisher\":{\"@id\":\"https:\/\/zsp1chojna.pl\/#organization\"},\"articleSection\":[\"Aktualno\u015bci 2021\/2022\"],\"inLanguage\":\"pl-PL\",\"potentialAction\":[{\"@type\":\"CommentAction\",\"name\":\"Comment\",\"target\":[\"https:\/\/zsp1chojna.pl\/?p=6745#respond\"]}]},{\"@type\":\"WebPage\",\"@id\":\"https:\/\/zsp1chojna.pl\/?p=6745\",\"url\":\"https:\/\/zsp1chojna.pl\/?p=6745\",\"name\":\"Program \u201eM\u0142odzi w Akcji+\u201d webinarium \u201cDzia\u0142amy! O spo\u0142ecznym zaanga\u017cowaniu m\u0142odych\u201d - ZSP w Chojnie\",\"isPartOf\":{\"@id\":\"https:\/\/zsp1chojna.pl\/#website\"},\"datePublished\":\"2021-11-24T15:13:00+00:00\",\"dateModified\":\"2023-11-02T15:14:20+00:00\",\"breadcrumb\":{\"@id\":\"https:\/\/zsp1chojna.pl\/?p=6745#breadcrumb\"},\"inLanguage\":\"pl-PL\",\"potentialAction\":[{\"@type\":\"ReadAction\",\"target\":[\"https:\/\/zsp1chojna.pl\/?p=6745\"]}]},{\"@type\":\"BreadcrumbList\",\"@id\":\"https:\/\/zsp1chojna.pl\/?p=6745#breadcrumb\",\"itemListElement\":[{\"@type\":\"ListItem\",\"position\":1,\"name\":\"Home\",\"item\":\"https:\/\/zsp1chojna.pl\/\"},{\"@type\":\"ListItem\",\"position\":2,\"name\":\"Program \u201eM\u0142odzi w&nbsp;Akcji+\u201d webinarium \u201cDzia\u0142amy! O&nbsp;spo\u0142ecznym zaanga\u017cowaniu m\u0142odych\u201d\"}]},{\"@type\":\"WebSite\",\"@id\":\"https:\/\/zsp1chojna.pl\/#website\",\"url\":\"https:\/\/zsp1chojna.pl\/\",\"name\":\"ZSP w Chojnie\",\"description\":\"\",\"publisher\":{\"@id\":\"https:\/\/zsp1chojna.pl\/#organization\"},\"potentialAction\":[{\"@type\":\"SearchAction\",\"target\":{\"@type\":\"EntryPoint\",\"urlTemplate\":\"https:\/\/zsp1chojna.pl\/?s={search_term_string}\"},\"query-input\":\"required name=search_term_string\"}],\"inLanguage\":\"pl-PL\"},{\"@type\":\"Organization\",\"@id\":\"https:\/\/zsp1chojna.pl\/#organization\",\"name\":\"ZSP w Chojnie\",\"url\":\"https:\/\/zsp1chojna.pl\/\",\"logo\":{\"@type\":\"ImageObject\",\"inLanguage\":\"pl-PL\",\"@id\":\"https:\/\/zsp1chojna.pl\/#\/schema\/logo\/image\/\",\"url\":\"https:\/\/zsp1chojna.pl\/wp-content\/uploads\/2023\/08\/cropped-cropped-cropped-Logo-biale-napis-na-3-wiersze_504-1.png\",\"contentUrl\":\"https:\/\/zsp1chojna.pl\/wp-content\/uploads\/2023\/08\/cropped-cropped-cropped-Logo-biale-napis-na-3-wiersze_504-1.png\",\"width\":504,\"height\":167,\"caption\":\"ZSP w Chojnie\"},\"image\":{\"@id\":\"https:\/\/zsp1chojna.pl\/#\/schema\/logo\/image\/\"}},{\"@type\":\"Person\",\"@id\":\"https:\/\/zsp1chojna.pl\/#\/schema\/person\/e974e35b71ad4899de9d84ba9baed22f\",\"name\":\"kacper27\",\"image\":{\"@type\":\"ImageObject\",\"inLanguage\":\"pl-PL\",\"@id\":\"https:\/\/zsp1chojna.pl\/#\/schema\/person\/image\/\",\"url\":\"https:\/\/secure.gravatar.com\/avatar\/233d005830da7db1760a03aba4b7a8303a369edf5f46a429dfe66f876a3f452c?s=96&d=mm&r=g\",\"contentUrl\":\"https:\/\/secure.gravatar.com\/avatar\/233d005830da7db1760a03aba4b7a8303a369edf5f46a429dfe66f876a3f452c?s=96&d=mm&r=g\",\"caption\":\"kacper27\"},\"url\":\"https:\/\/zsp1chojna.pl\/?author=2\"}]}<\/script>\n<!-- \/ Yoast SEO plugin. -->","yoast_head_json":{"title":"Program \u201eM\u0142odzi w Akcji+\u201d webinarium \u201cDzia\u0142amy! O spo\u0142ecznym zaanga\u017cowaniu m\u0142odych\u201d - ZSP w Chojnie","robots":{"index":"index","follow":"follow","max-snippet":"max-snippet:-1","max-image-preview":"max-image-preview:large","max-video-preview":"max-video-preview:-1"},"canonical":"https:\/\/zsp1chojna.pl\/?p=6745","og_locale":"pl_PL","og_type":"article","og_title":"Program \u201eM\u0142odzi w Akcji+\u201d webinarium \u201cDzia\u0142amy! O spo\u0142ecznym zaanga\u017cowaniu m\u0142odych\u201d - ZSP w Chojnie","og_description":"24&nbsp;listopada 2021&nbsp;r. odby\u0142o si\u0119 webinarium, w&nbsp;ramach programu M\u0142odzi w&nbsp;Akcji+, pod&nbsp;has\u0142em \u201cDzia\u0142amy! O&nbsp;spo\u0142ecznym zaanga\u017cowaniu m\u0142odych\u201d, poprowadzone przez&nbsp; Wawrzy\u0144ca Smoczy\u0144skiego z&nbsp;Uniwersytetu SWPS. Ka\u017cde szkolenie jest dla nas nowym do\u015bwiadczeniem. Dzisiaj wiemy, \u017ce\u00a0nie\u00a0ma [&hellip;]","og_url":"https:\/\/zsp1chojna.pl\/?p=6745","og_site_name":"ZSP w Chojnie","article_published_time":"2021-11-24T15:13:00+00:00","article_modified_time":"2023-11-02T15:14:20+00:00","og_image":[{"width":550,"height":291,"url":"https:\/\/zsp1chojna.pl\/wp-content\/uploads\/2023\/11\/webinarium-mlodzi-3.png","type":"image\/png"}],"author":"kacper27","twitter_card":"summary_large_image","twitter_misc":{"Napisane przez":"kacper27","Szacowany czas czytania":"2 minuty"},"schema":{"@context":"https:\/\/schema.org","@graph":[{"@type":"Article","@id":"https:\/\/zsp1chojna.pl\/?p=6745#article","isPartOf":{"@id":"https:\/\/zsp1chojna.pl\/?p=6745"},"author":{"name":"kacper27","@id":"https:\/\/zsp1chojna.pl\/#\/schema\/person\/e974e35b71ad4899de9d84ba9baed22f"},"headline":"Program \u201eM\u0142odzi w Akcji+\u201d webinarium \u201cDzia\u0142amy! O spo\u0142ecznym zaanga\u017cowaniu m\u0142odych\u201d","datePublished":"2021-11-24T15:13:00+00:00","dateModified":"2023-11-02T15:14:20+00:00","mainEntityOfPage":{"@id":"https:\/\/zsp1chojna.pl\/?p=6745"},"wordCount":241,"commentCount":0,"publisher":{"@id":"https:\/\/zsp1chojna.pl\/#organization"},"articleSection":["Aktualno\u015bci 2021\/2022"],"inLanguage":"pl-PL","potentialAction":[{"@type":"CommentAction","name":"Comment","target":["https:\/\/zsp1chojna.pl\/?p=6745#respond"]}]},{"@type":"WebPage","@id":"https:\/\/zsp1chojna.pl\/?p=6745","url":"https:\/\/zsp1chojna.pl\/?p=6745","name":"Program \u201eM\u0142odzi w Akcji+\u201d webinarium \u201cDzia\u0142amy! O spo\u0142ecznym zaanga\u017cowaniu m\u0142odych\u201d - ZSP w Chojnie","isPartOf":{"@id":"https:\/\/zsp1chojna.pl\/#website"},"datePublished":"2021-11-24T15:13:00+00:00","dateModified":"2023-11-02T15:14:20+00:00","breadcrumb":{"@id":"https:\/\/zsp1chojna.pl\/?p=6745#breadcrumb"},"inLanguage":"pl-PL","potentialAction":[{"@type":"ReadAction","target":["https:\/\/zsp1chojna.pl\/?p=6745"]}]},{"@type":"BreadcrumbList","@id":"https:\/\/zsp1chojna.pl\/?p=6745#breadcrumb","itemListElement":[{"@type":"ListItem","position":1,"name":"Home","item":"https:\/\/zsp1chojna.pl\/"},{"@type":"ListItem","position":2,"name":"Program \u201eM\u0142odzi w&nbsp;Akcji+\u201d webinarium \u201cDzia\u0142amy! O&nbsp;spo\u0142ecznym zaanga\u017cowaniu m\u0142odych\u201d"}]},{"@type":"WebSite","@id":"https:\/\/zsp1chojna.pl\/#website","url":"https:\/\/zsp1chojna.pl\/","name":"ZSP w Chojnie","description":"","publisher":{"@id":"https:\/\/zsp1chojna.pl\/#organization"},"potentialAction":[{"@type":"SearchAction","target":{"@type":"EntryPoint","urlTemplate":"https:\/\/zsp1chojna.pl\/?s={search_term_string}"},"query-input":"required name=search_term_string"}],"inLanguage":"pl-PL"},{"@type":"Organization","@id":"https:\/\/zsp1chojna.pl\/#organization","name":"ZSP w Chojnie","url":"https:\/\/zsp1chojna.pl\/","logo":{"@type":"ImageObject","inLanguage":"pl-PL","@id":"https:\/\/zsp1chojna.pl\/#\/schema\/logo\/image\/","url":"https:\/\/zsp1chojna.pl\/wp-content\/uploads\/2023\/08\/cropped-cropped-cropped-Logo-biale-napis-na-3-wiersze_504-1.png","contentUrl":"https:\/\/zsp1chojna.pl\/wp-content\/uploads\/2023\/08\/cropped-cropped-cropped-Logo-biale-napis-na-3-wiersze_504-1.png","width":504,"height":167,"caption":"ZSP w Chojnie"},"image":{"@id":"https:\/\/zsp1chojna.pl\/#\/schema\/logo\/image\/"}},{"@type":"Person","@id":"https:\/\/zsp1chojna.pl\/#\/schema\/person\/e974e35b71ad4899de9d84ba9baed22f","name":"kacper27","image":{"@type":"ImageObject","inLanguage":"pl-PL","@id":"https:\/\/zsp1chojna.pl\/#\/schema\/person\/image\/","url":"https:\/\/secure.gravatar.com\/avatar\/233d005830da7db1760a03aba4b7a8303a369edf5f46a429dfe66f876a3f452c?s=96&d=mm&r=g","contentUrl":"https:\/\/secure.gravatar.com\/avatar\/233d005830da7db1760a03aba4b7a8303a369edf5f46a429dfe66f876a3f452c?s=96&d=mm&r=g","caption":"kacper27"},"url":"https:\/\/zsp1chojna.pl\/?author=2"}]}},"jetpack_featured_media_url":"https:\/\/zsp1chojna.pl\/wp-content\/uploads\/2023\/11\/webinarium-mlodzi-3.png","_links":{"self":[{"href":"https:\/\/zsp1chojna.pl\/index.php?rest_route=\/wp\/v2\/posts\/6745","targetHints":{"allow":["GET"]}}],"collection":[{"href":"https:\/\/zsp1chojna.pl\/index.php?rest_route=\/wp\/v2\/posts"}],"about":[{"href":"https:\/\/zsp1chojna.pl\/index.php?rest_route=\/wp\/v2\/types\/post"}],"author":[{"embeddable":true,"href":"https:\/\/zsp1chojna.pl\/index.php?rest_route=\/wp\/v2\/users\/2"}],"replies":[{"embeddable":true,"href":"https:\/\/zsp1chojna.pl\/index.php?rest_route=%2Fwp%2Fv2%2Fcomments&post=6745"}],"version-history":[{"count":1,"href":"https:\/\/zsp1chojna.pl\/index.php?rest_route=\/wp\/v2\/posts\/6745\/revisions"}],"predecessor-version":[{"id":6750,"href":"https:\/\/zsp1chojna.pl\/index.php?rest_route=\/wp\/v2\/posts\/6745\/revisions\/6750"}],"wp:featuredmedia":[{"embeddable":true,"href":"https:\/\/zsp1chojna.pl\/index.php?rest_route=\/wp\/v2\/media\/6747"}],"wp:attachment":[{"href":"https:\/\/zsp1chojna.pl\/index.php?rest_route=%2Fwp%2Fv2%2Fmedia&parent=6745"}],"wp:term":[{"taxonomy":"category","embeddable":true,"href":"https:\/\/zsp1chojna.pl\/index.php?rest_route=%2Fwp%2Fv2%2Fcategories&post=6745"},{"taxonomy":"post_tag","embeddable":true,"href":"https:\/\/zsp1chojna.pl\/index.php?rest_route=%2Fwp%2Fv2%2Ftags&post=6745"}],"curies":[{"name":"wp","href":"https:\/\/api.w.org\/{rel}","templated":true}]}}