{"id":6729,"date":"2022-01-20T15:05:00","date_gmt":"2022-01-20T14:05:00","guid":{"rendered":"https:\/\/zsp1chojna.pl\/?p=6729"},"modified":"2023-11-02T15:31:45","modified_gmt":"2023-11-02T14:31:45","slug":"debata-sposoby-spedzania-wolnego-czasu-oraz-zainteresowania-i-pasje-mlodziezy-naszej-szkoly","status":"publish","type":"post","link":"https:\/\/zsp1chojna.pl\/?p=6729","title":{"rendered":"Debata \u201eSposoby sp\u0119dzania wolnego czasu oraz\u00a0zainteresowania i\u00a0pasje m\u0142odzie\u017cy naszej szko\u0142y\u201d"},"content":{"rendered":"<div class=\"wp-block-image\">\n<figure class=\"aligncenter size-full\"><img loading=\"lazy\" decoding=\"async\" width=\"400\" height=\"216\" data-attachment-id=\"6709\" data-permalink=\"https:\/\/zsp1chojna.pl\/?attachment_id=6709\" data-orig-file=\"https:\/\/zsp1chojna.pl\/wp-content\/uploads\/2023\/11\/mlodzi-w-akcji-2022-1.png\" data-orig-size=\"400,216\" data-comments-opened=\"1\" data-image-meta=\"{&quot;aperture&quot;:&quot;0&quot;,&quot;credit&quot;:&quot;&quot;,&quot;camera&quot;:&quot;&quot;,&quot;caption&quot;:&quot;&quot;,&quot;created_timestamp&quot;:&quot;0&quot;,&quot;copyright&quot;:&quot;&quot;,&quot;focal_length&quot;:&quot;0&quot;,&quot;iso&quot;:&quot;0&quot;,&quot;shutter_speed&quot;:&quot;0&quot;,&quot;title&quot;:&quot;&quot;,&quot;orientation&quot;:&quot;0&quot;}\" data-image-title=\"mlodzi-w-akcji-2022-1\" data-image-description=\"\" data-image-caption=\"\" data-medium-file=\"https:\/\/zsp1chojna.pl\/wp-content\/uploads\/2023\/11\/mlodzi-w-akcji-2022-1-300x162.png\" data-large-file=\"https:\/\/zsp1chojna.pl\/wp-content\/uploads\/2023\/11\/mlodzi-w-akcji-2022-1.png\" src=\"https:\/\/zsp1chojna.pl\/wp-content\/uploads\/2023\/11\/mlodzi-w-akcji-2022-1.png\" alt=\"\" class=\"wp-image-6709\" srcset=\"https:\/\/zsp1chojna.pl\/wp-content\/uploads\/2023\/11\/mlodzi-w-akcji-2022-1.png 400w, https:\/\/zsp1chojna.pl\/wp-content\/uploads\/2023\/11\/mlodzi-w-akcji-2022-1-300x162.png 300w\" sizes=\"auto, (max-width: 400px) 100vw, 400px\" \/><\/figure>\n<\/div>\n\n\n<p class=\"has-text-align-justify\">20\u00a0stycznia 2022\u00a0r. w\u00a0naszej szkole odby\u0142a si\u0119 debata pt.\u00a0\u201eSposoby sp\u0119dzania wolnego czasu oraz\u00a0zainteresowania i\u00a0pasje m\u0142odzie\u017cy naszej szko\u0142y\u201d. Debata by\u0142a podsumowaniem dzia\u0142a\u0144, zwi\u0105zanych z\u00a0uczniowskim projektem spo\u0142ecznym, w\u00a0ramach programu \u201eM\u0142odzi w\u00a0 akcji+\u201d. Spotkanie zorganizowa\u0142y uczennice: Oriana Koz\u0142owska, Aleksandra Oczy\u0144ska, Amelia Laskowska pod\u00a0opiek\u0105 wychowawcy mgr\u00a0Edyty Krupy\u2013Nadolny.<\/p>\n\n\n<div class=\"wp-block-image\">\n<figure class=\"aligncenter size-full\"><img loading=\"lazy\" decoding=\"async\" width=\"500\" height=\"371\" data-attachment-id=\"6741\" data-permalink=\"https:\/\/zsp1chojna.pl\/?attachment_id=6741\" data-orig-file=\"https:\/\/zsp1chojna.pl\/wp-content\/uploads\/2023\/11\/mlodzi-w-akcji-2022-styczen-2.png\" data-orig-size=\"500,371\" data-comments-opened=\"1\" data-image-meta=\"{&quot;aperture&quot;:&quot;0&quot;,&quot;credit&quot;:&quot;&quot;,&quot;camera&quot;:&quot;&quot;,&quot;caption&quot;:&quot;&quot;,&quot;created_timestamp&quot;:&quot;0&quot;,&quot;copyright&quot;:&quot;&quot;,&quot;focal_length&quot;:&quot;0&quot;,&quot;iso&quot;:&quot;0&quot;,&quot;shutter_speed&quot;:&quot;0&quot;,&quot;title&quot;:&quot;&quot;,&quot;orientation&quot;:&quot;0&quot;}\" data-image-title=\"mlodzi-w-akcji-2022-styczen-2\" data-image-description=\"\" data-image-caption=\"\" data-medium-file=\"https:\/\/zsp1chojna.pl\/wp-content\/uploads\/2023\/11\/mlodzi-w-akcji-2022-styczen-2-300x223.png\" data-large-file=\"https:\/\/zsp1chojna.pl\/wp-content\/uploads\/2023\/11\/mlodzi-w-akcji-2022-styczen-2.png\" src=\"https:\/\/zsp1chojna.pl\/wp-content\/uploads\/2023\/11\/mlodzi-w-akcji-2022-styczen-2.png\" alt=\"\" class=\"wp-image-6741\" srcset=\"https:\/\/zsp1chojna.pl\/wp-content\/uploads\/2023\/11\/mlodzi-w-akcji-2022-styczen-2.png 500w, https:\/\/zsp1chojna.pl\/wp-content\/uploads\/2023\/11\/mlodzi-w-akcji-2022-styczen-2-300x223.png 300w\" sizes=\"auto, (max-width: 500px) 100vw, 500px\" \/><\/figure>\n<\/div>\n\n\n<p class=\"has-text-align-justify\">Wcze\u015bniej zosta\u0142a opracowana przez&nbsp;zesp\u00f3\u0142 ankieta, kt\u00f3ra&nbsp;dotyczy\u0142a sposob\u00f3w sp\u0119dzania wolnego czasu oraz&nbsp;zainteresowa\u0144 i&nbsp;pasji m\u0142odzie\u017cy. Badanie by\u0142o przeprowadzone w&nbsp;formie elektronicznej w\u015br\u00f3d uczni\u00f3w klas liceum, technikum i&nbsp;szko\u0142y bran\u017cowej. Jego celem by\u0142o pozyskanie informacji na&nbsp;temat tego, w&nbsp;jaki spos\u00f3b m\u0142odzie\u017c sp\u0119dza czas wolny i&nbsp;rozwija pozaszkolne zainteresowania i&nbsp;pasje. Wyniki opracowano w&nbsp;formie prezentacji i&nbsp; zaprezentowano podczas spotkania, na&nbsp;kt\u00f3rym&nbsp;wsp\u00f3lnie zastanawiano si\u0119 nad&nbsp;pytaniem kluczowym: Dlaczego warto po\u015bwi\u0119ca\u0107 czas na&nbsp;rozwijanie pasji i&nbsp;zainteresowa\u0144?<\/p>\n\n\n<div class=\"wp-block-image\">\n<figure class=\"aligncenter size-full\"><img loading=\"lazy\" decoding=\"async\" width=\"500\" height=\"331\" data-attachment-id=\"6740\" data-permalink=\"https:\/\/zsp1chojna.pl\/?attachment_id=6740\" data-orig-file=\"https:\/\/zsp1chojna.pl\/wp-content\/uploads\/2023\/11\/mlodzi-w-akcji-2022-styczen-1.jpg\" data-orig-size=\"500,331\" data-comments-opened=\"1\" data-image-meta=\"{&quot;aperture&quot;:&quot;0&quot;,&quot;credit&quot;:&quot;&quot;,&quot;camera&quot;:&quot;&quot;,&quot;caption&quot;:&quot;&quot;,&quot;created_timestamp&quot;:&quot;0&quot;,&quot;copyright&quot;:&quot;&quot;,&quot;focal_length&quot;:&quot;0&quot;,&quot;iso&quot;:&quot;0&quot;,&quot;shutter_speed&quot;:&quot;0&quot;,&quot;title&quot;:&quot;&quot;,&quot;orientation&quot;:&quot;0&quot;}\" data-image-title=\"mlodzi-w-akcji-2022-styczen-1\" data-image-description=\"\" data-image-caption=\"\" data-medium-file=\"https:\/\/zsp1chojna.pl\/wp-content\/uploads\/2023\/11\/mlodzi-w-akcji-2022-styczen-1-300x199.jpg\" data-large-file=\"https:\/\/zsp1chojna.pl\/wp-content\/uploads\/2023\/11\/mlodzi-w-akcji-2022-styczen-1.jpg\" src=\"https:\/\/zsp1chojna.pl\/wp-content\/uploads\/2023\/11\/mlodzi-w-akcji-2022-styczen-1.jpg\" alt=\"\" class=\"wp-image-6740\" srcset=\"https:\/\/zsp1chojna.pl\/wp-content\/uploads\/2023\/11\/mlodzi-w-akcji-2022-styczen-1.jpg 500w, https:\/\/zsp1chojna.pl\/wp-content\/uploads\/2023\/11\/mlodzi-w-akcji-2022-styczen-1-300x199.jpg 300w, https:\/\/zsp1chojna.pl\/wp-content\/uploads\/2023\/11\/mlodzi-w-akcji-2022-styczen-1-84x56.jpg 84w\" sizes=\"auto, (max-width: 500px) 100vw, 500px\" \/><\/figure>\n<\/div>\n\n\n<p class=\"has-text-align-justify\">W&nbsp;debacie udzia\u0142 wzi\u0119li Dyrektor Szko\u0142y pani Adriana Salamo\u0144czyk, panie Wicedyrektor Szko\u0142y Ma\u0142gorzata Liman\u00f3wka i&nbsp;Agnieszka Bylewska, doradca zawodowy pani Dorota Szwiec, nauczyciele i&nbsp;uczniowie z&nbsp;poszczeg\u00f3lnych klas.<\/p>\n\n\n<div class=\"wp-block-image\">\n<figure class=\"aligncenter size-full\"><img loading=\"lazy\" decoding=\"async\" width=\"500\" height=\"331\" data-attachment-id=\"6739\" data-permalink=\"https:\/\/zsp1chojna.pl\/?attachment_id=6739\" data-orig-file=\"https:\/\/zsp1chojna.pl\/wp-content\/uploads\/2023\/11\/mlodzi-w-akcji-2022-styczen-2.jpg\" data-orig-size=\"500,331\" data-comments-opened=\"1\" data-image-meta=\"{&quot;aperture&quot;:&quot;0&quot;,&quot;credit&quot;:&quot;&quot;,&quot;camera&quot;:&quot;&quot;,&quot;caption&quot;:&quot;&quot;,&quot;created_timestamp&quot;:&quot;0&quot;,&quot;copyright&quot;:&quot;&quot;,&quot;focal_length&quot;:&quot;0&quot;,&quot;iso&quot;:&quot;0&quot;,&quot;shutter_speed&quot;:&quot;0&quot;,&quot;title&quot;:&quot;&quot;,&quot;orientation&quot;:&quot;0&quot;}\" data-image-title=\"mlodzi-w-akcji-2022-styczen-2\" data-image-description=\"\" data-image-caption=\"\" data-medium-file=\"https:\/\/zsp1chojna.pl\/wp-content\/uploads\/2023\/11\/mlodzi-w-akcji-2022-styczen-2-300x199.jpg\" data-large-file=\"https:\/\/zsp1chojna.pl\/wp-content\/uploads\/2023\/11\/mlodzi-w-akcji-2022-styczen-2.jpg\" src=\"https:\/\/zsp1chojna.pl\/wp-content\/uploads\/2023\/11\/mlodzi-w-akcji-2022-styczen-2.jpg\" alt=\"\" class=\"wp-image-6739\" srcset=\"https:\/\/zsp1chojna.pl\/wp-content\/uploads\/2023\/11\/mlodzi-w-akcji-2022-styczen-2.jpg 500w, https:\/\/zsp1chojna.pl\/wp-content\/uploads\/2023\/11\/mlodzi-w-akcji-2022-styczen-2-300x199.jpg 300w, https:\/\/zsp1chojna.pl\/wp-content\/uploads\/2023\/11\/mlodzi-w-akcji-2022-styczen-2-84x56.jpg 84w\" sizes=\"auto, (max-width: 500px) 100vw, 500px\" \/><\/figure>\n<\/div>\n\n\n<p class=\"has-text-align-justify\">Pozyskano r\u00f3wnie\u017c sojusznik\u00f3w, autor\u00f3w Albumu fotograficznego \u201e\u017bycie w&nbsp;Dolinie Odry\u201d \u2013 pana Piotra Rosi\u0144skiego i&nbsp;pana Piotra Piznala. Panowie s\u0105 dw\u00f3jk\u0105 dobrych znajomych, kt\u00f3rych&nbsp;\u0142\u0105czy pasja \u2013 fotografia przyrodnicza. I&nbsp;jak sami twierdz\u0105: pasja dodaje skrzyde\u0142. O&nbsp;czym opowiadali z&nbsp;wielkim zaanga\u017cowaniem podczas wsp\u00f3lnego spotkania.<\/p>\n\n\n<div class=\"wp-block-image\">\n<figure class=\"aligncenter size-full\"><img loading=\"lazy\" decoding=\"async\" width=\"500\" height=\"375\" data-attachment-id=\"6738\" data-permalink=\"https:\/\/zsp1chojna.pl\/?attachment_id=6738\" data-orig-file=\"https:\/\/zsp1chojna.pl\/wp-content\/uploads\/2023\/11\/mlodzi-w-akcji-2022-styczen-3.jpg\" data-orig-size=\"500,375\" data-comments-opened=\"1\" data-image-meta=\"{&quot;aperture&quot;:&quot;0&quot;,&quot;credit&quot;:&quot;&quot;,&quot;camera&quot;:&quot;&quot;,&quot;caption&quot;:&quot;&quot;,&quot;created_timestamp&quot;:&quot;0&quot;,&quot;copyright&quot;:&quot;&quot;,&quot;focal_length&quot;:&quot;0&quot;,&quot;iso&quot;:&quot;0&quot;,&quot;shutter_speed&quot;:&quot;0&quot;,&quot;title&quot;:&quot;&quot;,&quot;orientation&quot;:&quot;0&quot;}\" data-image-title=\"mlodzi-w-akcji-2022-styczen-3\" data-image-description=\"\" data-image-caption=\"\" data-medium-file=\"https:\/\/zsp1chojna.pl\/wp-content\/uploads\/2023\/11\/mlodzi-w-akcji-2022-styczen-3-300x225.jpg\" data-large-file=\"https:\/\/zsp1chojna.pl\/wp-content\/uploads\/2023\/11\/mlodzi-w-akcji-2022-styczen-3.jpg\" src=\"https:\/\/zsp1chojna.pl\/wp-content\/uploads\/2023\/11\/mlodzi-w-akcji-2022-styczen-3.jpg\" alt=\"\" class=\"wp-image-6738\" srcset=\"https:\/\/zsp1chojna.pl\/wp-content\/uploads\/2023\/11\/mlodzi-w-akcji-2022-styczen-3.jpg 500w, https:\/\/zsp1chojna.pl\/wp-content\/uploads\/2023\/11\/mlodzi-w-akcji-2022-styczen-3-300x225.jpg 300w\" sizes=\"auto, (max-width: 500px) 100vw, 500px\" \/><\/figure>\n<\/div>\n\n\n<p class=\"has-text-align-justify\">Go\u015bcie zaprezentowali ciekawe zdj\u0119cia przyrodnicze. Zwr\u00f3cili uwag\u0119 na&nbsp;pi\u0119kno otaczaj\u0105cego nas \u015bwiata przyrody, kt\u00f3ra&nbsp;inspiruje ich od&nbsp;dzieci\u0144stwa i&nbsp;jest tematem fotografii, kt\u00f3rej&nbsp;po\u015bwi\u0119caj\u0105 si\u0119 w&nbsp;ka\u017cdej wolnej chwili. Opowiadali o&nbsp;tym, ile godzin musz\u0105 niekiedy sp\u0119dzi\u0107 w&nbsp;b\u0142ocie i&nbsp;zimnie, aby zrobi\u0107 dobre zdj\u0119cie.<\/p>\n\n\n<div class=\"wp-block-image\">\n<figure class=\"aligncenter size-full\"><img loading=\"lazy\" decoding=\"async\" width=\"500\" height=\"281\" data-attachment-id=\"6737\" data-permalink=\"https:\/\/zsp1chojna.pl\/?attachment_id=6737\" data-orig-file=\"https:\/\/zsp1chojna.pl\/wp-content\/uploads\/2023\/11\/mlodzi-w-akcji-2022-styczen-3.png\" data-orig-size=\"500,281\" data-comments-opened=\"1\" data-image-meta=\"{&quot;aperture&quot;:&quot;0&quot;,&quot;credit&quot;:&quot;&quot;,&quot;camera&quot;:&quot;&quot;,&quot;caption&quot;:&quot;&quot;,&quot;created_timestamp&quot;:&quot;0&quot;,&quot;copyright&quot;:&quot;&quot;,&quot;focal_length&quot;:&quot;0&quot;,&quot;iso&quot;:&quot;0&quot;,&quot;shutter_speed&quot;:&quot;0&quot;,&quot;title&quot;:&quot;&quot;,&quot;orientation&quot;:&quot;0&quot;}\" data-image-title=\"mlodzi-w-akcji-2022-styczen-3\" data-image-description=\"\" data-image-caption=\"\" data-medium-file=\"https:\/\/zsp1chojna.pl\/wp-content\/uploads\/2023\/11\/mlodzi-w-akcji-2022-styczen-3-300x169.png\" data-large-file=\"https:\/\/zsp1chojna.pl\/wp-content\/uploads\/2023\/11\/mlodzi-w-akcji-2022-styczen-3.png\" src=\"https:\/\/zsp1chojna.pl\/wp-content\/uploads\/2023\/11\/mlodzi-w-akcji-2022-styczen-3.png\" alt=\"\" class=\"wp-image-6737\" srcset=\"https:\/\/zsp1chojna.pl\/wp-content\/uploads\/2023\/11\/mlodzi-w-akcji-2022-styczen-3.png 500w, https:\/\/zsp1chojna.pl\/wp-content\/uploads\/2023\/11\/mlodzi-w-akcji-2022-styczen-3-300x169.png 300w\" sizes=\"auto, (max-width: 500px) 100vw, 500px\" \/><\/figure>\n<\/div>\n\n\n<p class=\"has-text-align-justify\">Nast\u0119pnie uczestnikom spotkania zadano pytania i&nbsp;tym samym rozpocz\u0119to dyskusj\u0119 na&nbsp; temat pasji i&nbsp;zainteresowa\u0144.<\/p>\n\n\n\n<p class=\"has-text-align-justify\">M\u0142odzie\u017c dzieli\u0142a si\u0119 swoimi spostrze\u017ceniami. Opowiadano ciekawe historie na&nbsp;temat zainteresowa\u0144. Wszyscy, kt\u00f3rzy&nbsp;zabrali g\u0142os, stwierdzali, \u017ce&nbsp;\u017cycie bez&nbsp;pasji by\u0142oby szare i&nbsp; nudne. Mimo wielu obowi\u0105zk\u00f3w, staraj\u0105 si\u0119 znale\u017a\u0107 chwil\u0119 na&nbsp;rozwijanie zainteresowa\u0144.<\/p>\n\n\n<div class=\"wp-block-image\">\n<figure class=\"aligncenter size-full\"><img loading=\"lazy\" decoding=\"async\" width=\"500\" height=\"332\" data-attachment-id=\"6736\" data-permalink=\"https:\/\/zsp1chojna.pl\/?attachment_id=6736\" data-orig-file=\"https:\/\/zsp1chojna.pl\/wp-content\/uploads\/2023\/11\/mlodzi-w-akcji-2022-styczen-4.jpg\" data-orig-size=\"500,332\" data-comments-opened=\"1\" data-image-meta=\"{&quot;aperture&quot;:&quot;0&quot;,&quot;credit&quot;:&quot;&quot;,&quot;camera&quot;:&quot;&quot;,&quot;caption&quot;:&quot;&quot;,&quot;created_timestamp&quot;:&quot;0&quot;,&quot;copyright&quot;:&quot;&quot;,&quot;focal_length&quot;:&quot;0&quot;,&quot;iso&quot;:&quot;0&quot;,&quot;shutter_speed&quot;:&quot;0&quot;,&quot;title&quot;:&quot;&quot;,&quot;orientation&quot;:&quot;0&quot;}\" data-image-title=\"mlodzi-w-akcji-2022-styczen-4\" data-image-description=\"\" data-image-caption=\"\" data-medium-file=\"https:\/\/zsp1chojna.pl\/wp-content\/uploads\/2023\/11\/mlodzi-w-akcji-2022-styczen-4-300x199.jpg\" data-large-file=\"https:\/\/zsp1chojna.pl\/wp-content\/uploads\/2023\/11\/mlodzi-w-akcji-2022-styczen-4.jpg\" src=\"https:\/\/zsp1chojna.pl\/wp-content\/uploads\/2023\/11\/mlodzi-w-akcji-2022-styczen-4.jpg\" alt=\"\" class=\"wp-image-6736\" srcset=\"https:\/\/zsp1chojna.pl\/wp-content\/uploads\/2023\/11\/mlodzi-w-akcji-2022-styczen-4.jpg 500w, https:\/\/zsp1chojna.pl\/wp-content\/uploads\/2023\/11\/mlodzi-w-akcji-2022-styczen-4-300x199.jpg 300w, https:\/\/zsp1chojna.pl\/wp-content\/uploads\/2023\/11\/mlodzi-w-akcji-2022-styczen-4-84x56.jpg 84w\" sizes=\"auto, (max-width: 500px) 100vw, 500px\" \/><\/figure>\n<\/div>\n\n\n<p class=\"has-text-align-justify\">Podsumowaniem debaty by\u0142o wyci\u0105gni\u0119cie wniosk\u00f3w, na&nbsp;podstawie udzielonych odpowiedzi. Uczestnicy zgodnie stwierdzili, \u017ce&nbsp;pasje s\u0105 wa\u017cne i&nbsp;daj\u0105 du\u017co satysfakcji. Wzbogacaj\u0105, rozwijaj\u0105, pomagaj\u0105 wyrazi\u0107 siebie. Wiele os\u00f3b realizuje w&nbsp;ten spos\u00f3b swoje marzenia, niekt\u00f3rzy ze&nbsp;swoimi zainteresowaniami wi\u0105\u017c\u0105 plany na&nbsp;przysz\u0142o\u015b\u0107. Zdaniem debatuj\u0105cych, ka\u017cdy, kto twierdzi, \u017ce&nbsp;nie&nbsp;ma czasu na&nbsp;rozwijanie zainteresowa\u0144, bardzo du\u017co traci. Elementem podsumowania debaty by\u0142a wymiana uwag i&nbsp;wskaz\u00f3wek miedzy nauczycielami i&nbsp;uczniami. Pozwoli\u0142o to&nbsp;na&nbsp;wypracowanie rekomendacji. Pasje i&nbsp;zainteresowania, w&nbsp;opinii uczestnik\u00f3w debaty, wp\u0142ywaj\u0105 na&nbsp;rozw\u00f3j cz\u0142owieka niezale\u017cnie od&nbsp;jego wieku, dodaj\u0105 pewno\u015bci siebie, ucz\u0105 samodyscypliny, wp\u0142ywaj\u0105 na&nbsp;wyniki w&nbsp;nauce, pomagaj\u0105 realizowa\u0107 marzenia. Rozm\u00f3wcy zgodnie przyznali, \u017ce&nbsp;nie&nbsp;ka\u017cdy jednak potrafi i&nbsp;chce m\u00f3wi\u0107 g\u0142o\u015bno o&nbsp; swoich zainteresowaniach. Zrodzi\u0142o si\u0119 pytanie \u2013 dlaczego? Stwierdzono, \u017ce&nbsp;przyczyn\u0105 takiego stanu rzeczy jest obawa i&nbsp;strach przed&nbsp;opini\u0105 innych. M\u0142odzi ludzie cz\u0119sto rezygnuj\u0105 ze&nbsp; swoich marze\u0144 na&nbsp;skutek krytyki ze&nbsp;strony koleg\u00f3w. Dlatego stwierdzono, \u017ce&nbsp;od&nbsp;tych wszystkich, kt\u00f3rzy&nbsp;nas ograniczaj\u0105 albo&nbsp;krytykuj\u0105 nale\u017cy ucieka\u0107, bo wa\u017cne s\u0105 nasze marzenia i&nbsp;ch\u0119\u0107 robienia czego\u015b, co jest w\u0142a\u015bnie dla nas wa\u017cne. Cz\u0142owiek przez&nbsp;rozwijanie swoich pasji wyra\u017ca siebie i&nbsp;to&nbsp;jest najwa\u017cniejsze.<\/p>\n\n\n<div class=\"wp-block-image\">\n<figure class=\"aligncenter size-full\"><img loading=\"lazy\" decoding=\"async\" width=\"500\" height=\"331\" data-attachment-id=\"6742\" data-permalink=\"https:\/\/zsp1chojna.pl\/?attachment_id=6742\" data-orig-file=\"https:\/\/zsp1chojna.pl\/wp-content\/uploads\/2023\/11\/mlodzi-w-akcji-2022-styczen-5.jpg\" data-orig-size=\"500,331\" data-comments-opened=\"1\" data-image-meta=\"{&quot;aperture&quot;:&quot;0&quot;,&quot;credit&quot;:&quot;&quot;,&quot;camera&quot;:&quot;&quot;,&quot;caption&quot;:&quot;&quot;,&quot;created_timestamp&quot;:&quot;0&quot;,&quot;copyright&quot;:&quot;&quot;,&quot;focal_length&quot;:&quot;0&quot;,&quot;iso&quot;:&quot;0&quot;,&quot;shutter_speed&quot;:&quot;0&quot;,&quot;title&quot;:&quot;&quot;,&quot;orientation&quot;:&quot;0&quot;}\" data-image-title=\"mlodzi-w-akcji-2022-styczen-5\" data-image-description=\"\" data-image-caption=\"\" data-medium-file=\"https:\/\/zsp1chojna.pl\/wp-content\/uploads\/2023\/11\/mlodzi-w-akcji-2022-styczen-5-300x199.jpg\" data-large-file=\"https:\/\/zsp1chojna.pl\/wp-content\/uploads\/2023\/11\/mlodzi-w-akcji-2022-styczen-5.jpg\" src=\"https:\/\/zsp1chojna.pl\/wp-content\/uploads\/2023\/11\/mlodzi-w-akcji-2022-styczen-5.jpg\" alt=\"\" class=\"wp-image-6742\" srcset=\"https:\/\/zsp1chojna.pl\/wp-content\/uploads\/2023\/11\/mlodzi-w-akcji-2022-styczen-5.jpg 500w, https:\/\/zsp1chojna.pl\/wp-content\/uploads\/2023\/11\/mlodzi-w-akcji-2022-styczen-5-300x199.jpg 300w, https:\/\/zsp1chojna.pl\/wp-content\/uploads\/2023\/11\/mlodzi-w-akcji-2022-styczen-5-84x56.jpg 84w\" sizes=\"auto, (max-width: 500px) 100vw, 500px\" \/><\/figure>\n<\/div>\n\n\n<p class=\"has-text-align-justify\">Na&nbsp;zako\u0144czenie spotkania pani Wicedyrektor Ma\u0142gorzata Liman\u00f3wka podzi\u0119kowa\u0142a organizatorkom za&nbsp;przeprowadzenie debaty i&nbsp;pogratulowa\u0142a pomys\u0142u na&nbsp;projekt uczniowski. Podzi\u0119kowania skierowa\u0142a r\u00f3wnie\u017c do&nbsp;wszystkich uczestnik\u00f3w debaty.<\/p>\n\n\n\n<p class=\"has-text-align-justify\">Dzi\u0119kujemy uczestnikom debaty za&nbsp;przyj\u0119cie zaproszenia i&nbsp;bardzo aktywny udzia\u0142 w&nbsp; dyskusji. Szczero\u015b\u0107, cenne uwagi, wskaz\u00f3wki i&nbsp;niezwyk\u0142a otwarto\u015b\u0107 naszych kole\u017canek i&nbsp; koleg\u00f3w, zaskoczy\u0142a wszystkich uczestnik\u00f3w. Ka\u017cdy, kto zabra\u0142 g\u0142os, mia\u0142 do&nbsp;przekazania bardzo cenne wskaz\u00f3wki, kt\u00f3re cz\u0119sto \u0142\u0105czy\u0142y si\u0119 z&nbsp;prawdziwymi emocjami. Nasz\u0105 spo\u0142eczno\u015b\u0107 szkoln\u0105 tworz\u0105 ludzie otwarci i&nbsp;odwa\u017cni, gotowi do&nbsp;obrony swoich zainteresowa\u0144, pewni siebie i&nbsp;ciekawi \u015bwiata. Udzia\u0142 w&nbsp;projekcie spo\u0142ecznym, w&nbsp;ramach programu \u201eM\u0142odzi w&nbsp; akcji+\u201d, to&nbsp;bardzo ciekawe do\u015bwiadczenie, ucz\u0105ce sztuki wsp\u00f3\u0142dzia\u0142ania i&nbsp;dyskusji.<\/p>\n\n\n\n<p><\/p>\n\n\n\n<p class=\"has-text-align-right\">Amelia Laskowska, kl. 1\u00a0b LO<\/p>\n\n\n\n<p class=\"has-text-align-right\">mgr&nbsp;Edyta Krupa-Nadolny<\/p>\n","protected":false},"excerpt":{"rendered":"<p>20\u00a0stycznia 2022\u00a0r. w\u00a0naszej szkole odby\u0142a si\u0119 debata pt.\u00a0\u201eSposoby sp\u0119dzania wolnego czasu oraz\u00a0zainteresowania i\u00a0pasje m\u0142odzie\u017cy naszej szko\u0142y\u201d. Debata by\u0142a podsumowaniem dzia\u0142a\u0144, zwi\u0105zanych z\u00a0uczniowskim projektem spo\u0142ecznym, w\u00a0ramach programu \u201eM\u0142odzi w\u00a0 akcji+\u201d. Spotkanie [&hellip;]<\/p>\n","protected":false},"author":2,"featured_media":6736,"comment_status":"open","ping_status":"open","sticky":false,"template":"","format":"standard","meta":{"footnotes":""},"categories":[11],"tags":[],"class_list":["post-6729","post","type-post","status-publish","format-standard","has-post-thumbnail","hentry","category-aktualnosci-2021-2022"],"wbAuthor":{"name":"kacper27","link":"https:\/\/zsp1chojna.pl\/?author=2"},"wbDate":"sty 20, 2022","wbCategories":{"space":"<a href=\"https:\/\/zsp1chojna.pl\/?cat=11\" rel=\"category\">Aktualno\u015bci 2021\/2022<\/a>","coma":"<a href=\"https:\/\/zsp1chojna.pl\/?cat=11\" rel=\"category\">Aktualno\u015bci 2021\/2022<\/a>"},"wbComment":0,"yoast_head":"<!-- This site is optimized with the Yoast SEO plugin v20.13 - https:\/\/yoast.com\/wordpress\/plugins\/seo\/ -->\n<title>Debata \u201eSposoby sp\u0119dzania wolnego czasu oraz\u00a0zainteresowania i\u00a0pasje m\u0142odzie\u017cy naszej szko\u0142y\u201d - ZSP w Chojnie<\/title>\n<meta name=\"robots\" content=\"index, follow, max-snippet:-1, max-image-preview:large, max-video-preview:-1\" \/>\n<link rel=\"canonical\" href=\"https:\/\/zsp1chojna.pl\/?p=6729\" \/>\n<meta property=\"og:locale\" content=\"pl_PL\" \/>\n<meta property=\"og:type\" content=\"article\" \/>\n<meta property=\"og:title\" content=\"Debata \u201eSposoby sp\u0119dzania wolnego czasu oraz\u00a0zainteresowania i\u00a0pasje m\u0142odzie\u017cy naszej szko\u0142y\u201d - ZSP w Chojnie\" \/>\n<meta property=\"og:description\" content=\"20\u00a0stycznia 2022\u00a0r. w\u00a0naszej szkole odby\u0142a si\u0119 debata pt.\u00a0\u201eSposoby sp\u0119dzania wolnego czasu oraz\u00a0zainteresowania i\u00a0pasje m\u0142odzie\u017cy naszej szko\u0142y\u201d. Debata by\u0142a podsumowaniem dzia\u0142a\u0144, zwi\u0105zanych z\u00a0uczniowskim projektem spo\u0142ecznym, w\u00a0ramach programu \u201eM\u0142odzi w\u00a0 akcji+\u201d. Spotkanie [&hellip;]\" \/>\n<meta property=\"og:url\" content=\"https:\/\/zsp1chojna.pl\/?p=6729\" \/>\n<meta property=\"og:site_name\" content=\"ZSP w Chojnie\" \/>\n<meta property=\"article:published_time\" content=\"2022-01-20T14:05:00+00:00\" \/>\n<meta property=\"article:modified_time\" content=\"2023-11-02T14:31:45+00:00\" \/>\n<meta property=\"og:image\" content=\"https:\/\/zsp1chojna.pl\/wp-content\/uploads\/2023\/11\/mlodzi-w-akcji-2022-styczen-4.jpg\" \/>\n\t<meta property=\"og:image:width\" content=\"500\" \/>\n\t<meta property=\"og:image:height\" content=\"332\" \/>\n\t<meta property=\"og:image:type\" content=\"image\/jpeg\" \/>\n<meta name=\"author\" content=\"kacper27\" \/>\n<meta name=\"twitter:card\" content=\"summary_large_image\" \/>\n<meta name=\"twitter:label1\" content=\"Napisane przez\" \/>\n\t<meta name=\"twitter:data1\" content=\"kacper27\" \/>\n\t<meta name=\"twitter:label2\" content=\"Szacowany czas czytania\" \/>\n\t<meta name=\"twitter:data2\" content=\"6 minut\" \/>\n<script type=\"application\/ld+json\" class=\"yoast-schema-graph\">{\"@context\":\"https:\/\/schema.org\",\"@graph\":[{\"@type\":\"Article\",\"@id\":\"https:\/\/zsp1chojna.pl\/?p=6729#article\",\"isPartOf\":{\"@id\":\"https:\/\/zsp1chojna.pl\/?p=6729\"},\"author\":{\"name\":\"kacper27\",\"@id\":\"https:\/\/zsp1chojna.pl\/#\/schema\/person\/e974e35b71ad4899de9d84ba9baed22f\"},\"headline\":\"Debata \u201eSposoby sp\u0119dzania wolnego czasu oraz\u00a0zainteresowania i\u00a0pasje m\u0142odzie\u017cy naszej szko\u0142y\u201d\",\"datePublished\":\"2022-01-20T14:05:00+00:00\",\"dateModified\":\"2023-11-02T14:31:45+00:00\",\"mainEntityOfPage\":{\"@id\":\"https:\/\/zsp1chojna.pl\/?p=6729\"},\"wordCount\":859,\"commentCount\":0,\"publisher\":{\"@id\":\"https:\/\/zsp1chojna.pl\/#organization\"},\"articleSection\":[\"Aktualno\u015bci 2021\/2022\"],\"inLanguage\":\"pl-PL\",\"potentialAction\":[{\"@type\":\"CommentAction\",\"name\":\"Comment\",\"target\":[\"https:\/\/zsp1chojna.pl\/?p=6729#respond\"]}]},{\"@type\":\"WebPage\",\"@id\":\"https:\/\/zsp1chojna.pl\/?p=6729\",\"url\":\"https:\/\/zsp1chojna.pl\/?p=6729\",\"name\":\"Debata \u201eSposoby sp\u0119dzania wolnego czasu oraz\u00a0zainteresowania i\u00a0pasje m\u0142odzie\u017cy naszej szko\u0142y\u201d - ZSP w Chojnie\",\"isPartOf\":{\"@id\":\"https:\/\/zsp1chojna.pl\/#website\"},\"datePublished\":\"2022-01-20T14:05:00+00:00\",\"dateModified\":\"2023-11-02T14:31:45+00:00\",\"breadcrumb\":{\"@id\":\"https:\/\/zsp1chojna.pl\/?p=6729#breadcrumb\"},\"inLanguage\":\"pl-PL\",\"potentialAction\":[{\"@type\":\"ReadAction\",\"target\":[\"https:\/\/zsp1chojna.pl\/?p=6729\"]}]},{\"@type\":\"BreadcrumbList\",\"@id\":\"https:\/\/zsp1chojna.pl\/?p=6729#breadcrumb\",\"itemListElement\":[{\"@type\":\"ListItem\",\"position\":1,\"name\":\"Home\",\"item\":\"https:\/\/zsp1chojna.pl\/\"},{\"@type\":\"ListItem\",\"position\":2,\"name\":\"Debata \u201eSposoby sp\u0119dzania wolnego czasu oraz\u00a0zainteresowania i\u00a0pasje m\u0142odzie\u017cy naszej szko\u0142y\u201d\"}]},{\"@type\":\"WebSite\",\"@id\":\"https:\/\/zsp1chojna.pl\/#website\",\"url\":\"https:\/\/zsp1chojna.pl\/\",\"name\":\"ZSP w Chojnie\",\"description\":\"\",\"publisher\":{\"@id\":\"https:\/\/zsp1chojna.pl\/#organization\"},\"potentialAction\":[{\"@type\":\"SearchAction\",\"target\":{\"@type\":\"EntryPoint\",\"urlTemplate\":\"https:\/\/zsp1chojna.pl\/?s={search_term_string}\"},\"query-input\":\"required name=search_term_string\"}],\"inLanguage\":\"pl-PL\"},{\"@type\":\"Organization\",\"@id\":\"https:\/\/zsp1chojna.pl\/#organization\",\"name\":\"ZSP w Chojnie\",\"url\":\"https:\/\/zsp1chojna.pl\/\",\"logo\":{\"@type\":\"ImageObject\",\"inLanguage\":\"pl-PL\",\"@id\":\"https:\/\/zsp1chojna.pl\/#\/schema\/logo\/image\/\",\"url\":\"https:\/\/zsp1chojna.pl\/wp-content\/uploads\/2023\/08\/cropped-cropped-cropped-Logo-biale-napis-na-3-wiersze_504-1.png\",\"contentUrl\":\"https:\/\/zsp1chojna.pl\/wp-content\/uploads\/2023\/08\/cropped-cropped-cropped-Logo-biale-napis-na-3-wiersze_504-1.png\",\"width\":504,\"height\":167,\"caption\":\"ZSP w Chojnie\"},\"image\":{\"@id\":\"https:\/\/zsp1chojna.pl\/#\/schema\/logo\/image\/\"}},{\"@type\":\"Person\",\"@id\":\"https:\/\/zsp1chojna.pl\/#\/schema\/person\/e974e35b71ad4899de9d84ba9baed22f\",\"name\":\"kacper27\",\"image\":{\"@type\":\"ImageObject\",\"inLanguage\":\"pl-PL\",\"@id\":\"https:\/\/zsp1chojna.pl\/#\/schema\/person\/image\/\",\"url\":\"https:\/\/secure.gravatar.com\/avatar\/233d005830da7db1760a03aba4b7a8303a369edf5f46a429dfe66f876a3f452c?s=96&d=mm&r=g\",\"contentUrl\":\"https:\/\/secure.gravatar.com\/avatar\/233d005830da7db1760a03aba4b7a8303a369edf5f46a429dfe66f876a3f452c?s=96&d=mm&r=g\",\"caption\":\"kacper27\"},\"url\":\"https:\/\/zsp1chojna.pl\/?author=2\"}]}<\/script>\n<!-- \/ Yoast SEO plugin. -->","yoast_head_json":{"title":"Debata \u201eSposoby sp\u0119dzania wolnego czasu oraz\u00a0zainteresowania i\u00a0pasje m\u0142odzie\u017cy naszej szko\u0142y\u201d - ZSP w Chojnie","robots":{"index":"index","follow":"follow","max-snippet":"max-snippet:-1","max-image-preview":"max-image-preview:large","max-video-preview":"max-video-preview:-1"},"canonical":"https:\/\/zsp1chojna.pl\/?p=6729","og_locale":"pl_PL","og_type":"article","og_title":"Debata \u201eSposoby sp\u0119dzania wolnego czasu oraz\u00a0zainteresowania i\u00a0pasje m\u0142odzie\u017cy naszej szko\u0142y\u201d - ZSP w Chojnie","og_description":"20\u00a0stycznia 2022\u00a0r. w\u00a0naszej szkole odby\u0142a si\u0119 debata pt.\u00a0\u201eSposoby sp\u0119dzania wolnego czasu oraz\u00a0zainteresowania i\u00a0pasje m\u0142odzie\u017cy naszej szko\u0142y\u201d. Debata by\u0142a podsumowaniem dzia\u0142a\u0144, zwi\u0105zanych z\u00a0uczniowskim projektem spo\u0142ecznym, w\u00a0ramach programu \u201eM\u0142odzi w\u00a0 akcji+\u201d. Spotkanie [&hellip;]","og_url":"https:\/\/zsp1chojna.pl\/?p=6729","og_site_name":"ZSP w Chojnie","article_published_time":"2022-01-20T14:05:00+00:00","article_modified_time":"2023-11-02T14:31:45+00:00","og_image":[{"width":500,"height":332,"url":"https:\/\/zsp1chojna.pl\/wp-content\/uploads\/2023\/11\/mlodzi-w-akcji-2022-styczen-4.jpg","type":"image\/jpeg"}],"author":"kacper27","twitter_card":"summary_large_image","twitter_misc":{"Napisane przez":"kacper27","Szacowany czas czytania":"6 minut"},"schema":{"@context":"https:\/\/schema.org","@graph":[{"@type":"Article","@id":"https:\/\/zsp1chojna.pl\/?p=6729#article","isPartOf":{"@id":"https:\/\/zsp1chojna.pl\/?p=6729"},"author":{"name":"kacper27","@id":"https:\/\/zsp1chojna.pl\/#\/schema\/person\/e974e35b71ad4899de9d84ba9baed22f"},"headline":"Debata \u201eSposoby sp\u0119dzania wolnego czasu oraz\u00a0zainteresowania i\u00a0pasje m\u0142odzie\u017cy naszej szko\u0142y\u201d","datePublished":"2022-01-20T14:05:00+00:00","dateModified":"2023-11-02T14:31:45+00:00","mainEntityOfPage":{"@id":"https:\/\/zsp1chojna.pl\/?p=6729"},"wordCount":859,"commentCount":0,"publisher":{"@id":"https:\/\/zsp1chojna.pl\/#organization"},"articleSection":["Aktualno\u015bci 2021\/2022"],"inLanguage":"pl-PL","potentialAction":[{"@type":"CommentAction","name":"Comment","target":["https:\/\/zsp1chojna.pl\/?p=6729#respond"]}]},{"@type":"WebPage","@id":"https:\/\/zsp1chojna.pl\/?p=6729","url":"https:\/\/zsp1chojna.pl\/?p=6729","name":"Debata \u201eSposoby sp\u0119dzania wolnego czasu oraz\u00a0zainteresowania i\u00a0pasje m\u0142odzie\u017cy naszej szko\u0142y\u201d - ZSP w Chojnie","isPartOf":{"@id":"https:\/\/zsp1chojna.pl\/#website"},"datePublished":"2022-01-20T14:05:00+00:00","dateModified":"2023-11-02T14:31:45+00:00","breadcrumb":{"@id":"https:\/\/zsp1chojna.pl\/?p=6729#breadcrumb"},"inLanguage":"pl-PL","potentialAction":[{"@type":"ReadAction","target":["https:\/\/zsp1chojna.pl\/?p=6729"]}]},{"@type":"BreadcrumbList","@id":"https:\/\/zsp1chojna.pl\/?p=6729#breadcrumb","itemListElement":[{"@type":"ListItem","position":1,"name":"Home","item":"https:\/\/zsp1chojna.pl\/"},{"@type":"ListItem","position":2,"name":"Debata \u201eSposoby sp\u0119dzania wolnego czasu oraz\u00a0zainteresowania i\u00a0pasje m\u0142odzie\u017cy naszej szko\u0142y\u201d"}]},{"@type":"WebSite","@id":"https:\/\/zsp1chojna.pl\/#website","url":"https:\/\/zsp1chojna.pl\/","name":"ZSP w Chojnie","description":"","publisher":{"@id":"https:\/\/zsp1chojna.pl\/#organization"},"potentialAction":[{"@type":"SearchAction","target":{"@type":"EntryPoint","urlTemplate":"https:\/\/zsp1chojna.pl\/?s={search_term_string}"},"query-input":"required name=search_term_string"}],"inLanguage":"pl-PL"},{"@type":"Organization","@id":"https:\/\/zsp1chojna.pl\/#organization","name":"ZSP w Chojnie","url":"https:\/\/zsp1chojna.pl\/","logo":{"@type":"ImageObject","inLanguage":"pl-PL","@id":"https:\/\/zsp1chojna.pl\/#\/schema\/logo\/image\/","url":"https:\/\/zsp1chojna.pl\/wp-content\/uploads\/2023\/08\/cropped-cropped-cropped-Logo-biale-napis-na-3-wiersze_504-1.png","contentUrl":"https:\/\/zsp1chojna.pl\/wp-content\/uploads\/2023\/08\/cropped-cropped-cropped-Logo-biale-napis-na-3-wiersze_504-1.png","width":504,"height":167,"caption":"ZSP w Chojnie"},"image":{"@id":"https:\/\/zsp1chojna.pl\/#\/schema\/logo\/image\/"}},{"@type":"Person","@id":"https:\/\/zsp1chojna.pl\/#\/schema\/person\/e974e35b71ad4899de9d84ba9baed22f","name":"kacper27","image":{"@type":"ImageObject","inLanguage":"pl-PL","@id":"https:\/\/zsp1chojna.pl\/#\/schema\/person\/image\/","url":"https:\/\/secure.gravatar.com\/avatar\/233d005830da7db1760a03aba4b7a8303a369edf5f46a429dfe66f876a3f452c?s=96&d=mm&r=g","contentUrl":"https:\/\/secure.gravatar.com\/avatar\/233d005830da7db1760a03aba4b7a8303a369edf5f46a429dfe66f876a3f452c?s=96&d=mm&r=g","caption":"kacper27"},"url":"https:\/\/zsp1chojna.pl\/?author=2"}]}},"jetpack_featured_media_url":"https:\/\/zsp1chojna.pl\/wp-content\/uploads\/2023\/11\/mlodzi-w-akcji-2022-styczen-4.jpg","_links":{"self":[{"href":"https:\/\/zsp1chojna.pl\/index.php?rest_route=\/wp\/v2\/posts\/6729","targetHints":{"allow":["GET"]}}],"collection":[{"href":"https:\/\/zsp1chojna.pl\/index.php?rest_route=\/wp\/v2\/posts"}],"about":[{"href":"https:\/\/zsp1chojna.pl\/index.php?rest_route=\/wp\/v2\/types\/post"}],"author":[{"embeddable":true,"href":"https:\/\/zsp1chojna.pl\/index.php?rest_route=\/wp\/v2\/users\/2"}],"replies":[{"embeddable":true,"href":"https:\/\/zsp1chojna.pl\/index.php?rest_route=%2Fwp%2Fv2%2Fcomments&post=6729"}],"version-history":[{"count":2,"href":"https:\/\/zsp1chojna.pl\/index.php?rest_route=\/wp\/v2\/posts\/6729\/revisions"}],"predecessor-version":[{"id":6744,"href":"https:\/\/zsp1chojna.pl\/index.php?rest_route=\/wp\/v2\/posts\/6729\/revisions\/6744"}],"wp:featuredmedia":[{"embeddable":true,"href":"https:\/\/zsp1chojna.pl\/index.php?rest_route=\/wp\/v2\/media\/6736"}],"wp:attachment":[{"href":"https:\/\/zsp1chojna.pl\/index.php?rest_route=%2Fwp%2Fv2%2Fmedia&parent=6729"}],"wp:term":[{"taxonomy":"category","embeddable":true,"href":"https:\/\/zsp1chojna.pl\/index.php?rest_route=%2Fwp%2Fv2%2Fcategories&post=6729"},{"taxonomy":"post_tag","embeddable":true,"href":"https:\/\/zsp1chojna.pl\/index.php?rest_route=%2Fwp%2Fv2%2Ftags&post=6729"}],"curies":[{"name":"wp","href":"https:\/\/api.w.org\/{rel}","templated":true}]}}