{"id":6681,"date":"2022-03-02T14:21:00","date_gmt":"2022-03-02T13:21:00","guid":{"rendered":"https:\/\/zsp1chojna.pl\/?p=6681"},"modified":"2023-11-02T14:59:46","modified_gmt":"2023-11-02T13:59:46","slug":"konferencja-podsumowujaca-dzialaniaw-ramach-programu-mlodzi-w-akcji","status":"publish","type":"post","link":"https:\/\/zsp1chojna.pl\/?p=6681","title":{"rendered":"Konferencja podsumowuj\u0105ca dzia\u0142aniaw ramach programu \u201eM\u0142odzi w\u00a0Akcji+\u201d"},"content":{"rendered":"<div class=\"wp-block-image\">\n<figure class=\"aligncenter size-full\"><img loading=\"lazy\" decoding=\"async\" width=\"400\" height=\"216\" data-attachment-id=\"6709\" data-permalink=\"https:\/\/zsp1chojna.pl\/?attachment_id=6709\" data-orig-file=\"https:\/\/zsp1chojna.pl\/wp-content\/uploads\/2023\/11\/mlodzi-w-akcji-2022-1.png\" data-orig-size=\"400,216\" data-comments-opened=\"1\" data-image-meta=\"{&quot;aperture&quot;:&quot;0&quot;,&quot;credit&quot;:&quot;&quot;,&quot;camera&quot;:&quot;&quot;,&quot;caption&quot;:&quot;&quot;,&quot;created_timestamp&quot;:&quot;0&quot;,&quot;copyright&quot;:&quot;&quot;,&quot;focal_length&quot;:&quot;0&quot;,&quot;iso&quot;:&quot;0&quot;,&quot;shutter_speed&quot;:&quot;0&quot;,&quot;title&quot;:&quot;&quot;,&quot;orientation&quot;:&quot;0&quot;}\" data-image-title=\"mlodzi-w-akcji-2022-1\" data-image-description=\"\" data-image-caption=\"\" data-medium-file=\"https:\/\/zsp1chojna.pl\/wp-content\/uploads\/2023\/11\/mlodzi-w-akcji-2022-1-300x162.png\" data-large-file=\"https:\/\/zsp1chojna.pl\/wp-content\/uploads\/2023\/11\/mlodzi-w-akcji-2022-1.png\" src=\"https:\/\/zsp1chojna.pl\/wp-content\/uploads\/2023\/11\/mlodzi-w-akcji-2022-1.png\" alt=\"\" class=\"wp-image-6709\" srcset=\"https:\/\/zsp1chojna.pl\/wp-content\/uploads\/2023\/11\/mlodzi-w-akcji-2022-1.png 400w, https:\/\/zsp1chojna.pl\/wp-content\/uploads\/2023\/11\/mlodzi-w-akcji-2022-1-300x162.png 300w\" sizes=\"auto, (max-width: 400px) 100vw, 400px\" \/><\/figure>\n<\/div>\n\n\n<p class=\"has-text-align-justify\">2\u00a0marca 2022\u00a0r. uczennice klasy 1\u00a0abc LO: Oriana Koz\u0142owska, Aleksandra Oczy\u0144ska i\u00a0 Amelia Laskowska, pod\u00a0opiek\u0105 pani Edyty Krupy-Nadolny, wzi\u0119\u0142y udzia\u0142 w\u00a0konferencji podsumowuj\u0105cej dzia\u0142ania zwi\u0105zane z\u00a0udzia\u0142em w\u00a0programie M\u0142odzi w\u00a0Akcji+. Spotkanie prowadzi\u0142y koordynatorki programu \u2013 pani Magdalena Doma\u0144ska i\u00a0pani Judyta Zi\u0119tkowska .<\/p>\n\n\n<div class=\"wp-block-image\">\n<figure class=\"aligncenter size-full\"><img loading=\"lazy\" decoding=\"async\" width=\"500\" height=\"375\" data-attachment-id=\"6708\" data-permalink=\"https:\/\/zsp1chojna.pl\/?attachment_id=6708\" data-orig-file=\"https:\/\/zsp1chojna.pl\/wp-content\/uploads\/2023\/11\/mlodzi-marzec_2022-1.png\" data-orig-size=\"500,375\" data-comments-opened=\"1\" data-image-meta=\"{&quot;aperture&quot;:&quot;0&quot;,&quot;credit&quot;:&quot;&quot;,&quot;camera&quot;:&quot;&quot;,&quot;caption&quot;:&quot;&quot;,&quot;created_timestamp&quot;:&quot;0&quot;,&quot;copyright&quot;:&quot;&quot;,&quot;focal_length&quot;:&quot;0&quot;,&quot;iso&quot;:&quot;0&quot;,&quot;shutter_speed&quot;:&quot;0&quot;,&quot;title&quot;:&quot;&quot;,&quot;orientation&quot;:&quot;0&quot;}\" data-image-title=\"mlodzi-marzec_2022-1\" data-image-description=\"\" data-image-caption=\"\" data-medium-file=\"https:\/\/zsp1chojna.pl\/wp-content\/uploads\/2023\/11\/mlodzi-marzec_2022-1-300x225.png\" data-large-file=\"https:\/\/zsp1chojna.pl\/wp-content\/uploads\/2023\/11\/mlodzi-marzec_2022-1.png\" src=\"https:\/\/zsp1chojna.pl\/wp-content\/uploads\/2023\/11\/mlodzi-marzec_2022-1.png\" alt=\"\" class=\"wp-image-6708\" srcset=\"https:\/\/zsp1chojna.pl\/wp-content\/uploads\/2023\/11\/mlodzi-marzec_2022-1.png 500w, https:\/\/zsp1chojna.pl\/wp-content\/uploads\/2023\/11\/mlodzi-marzec_2022-1-300x225.png 300w\" sizes=\"auto, (max-width: 500px) 100vw, 500px\" \/><\/figure>\n<\/div>\n\n\n<p class=\"has-text-align-justify\">W\u00a0wydarzeniu wzi\u0119\u0142y udzia\u0142 wszystkie zespo\u0142y uczniowskie oraz\u00a0nauczyciele, kt\u00f3rzy\u00a0w\u00a0 pierwszym p\u00f3\u0142roczu roku szkolnego 2021\/2022\u00a0realizowali projekty w\u00a0ramach programu \u201cM\u0142odzi w\u00a0Akcji+\u201d. Celem spotkania by\u0142o wsp\u00f3lnie podsumowanie tego, co uda\u0142o si\u0119 osi\u0105gn\u0105\u0107 w\u00a0projekcie i\u00a0\u015bwi\u0119towanie zako\u0144czenia intensywnych dzia\u0142a\u0144.<\/p>\n\n\n<style>.kb-row-layout-id6681_962492-0e > .kt-row-column-wrap{align-content:start;}:where(.kb-row-layout-id6681_962492-0e > .kt-row-column-wrap) > .wp-block-kadence-column{justify-content:start;}.kb-row-layout-id6681_962492-0e > .kt-row-column-wrap{column-gap:var(--global-kb-gap-sm, 1rem);row-gap:var(--global-kb-gap-none, 0 );padding-top:var(--global-kb-spacing-sm, 1.5rem);padding-bottom:var(--global-kb-spacing-sm, 1.5rem);grid-template-columns:repeat(2, minmax(0, 1fr));}.kb-row-layout-id6681_962492-0e > .kt-row-layout-overlay{opacity:0.30;}@media all and (max-width: 1024px){.kb-row-layout-id6681_962492-0e > .kt-row-column-wrap{grid-template-columns:repeat(2, minmax(0, 1fr));}}@media all and (max-width: 767px){.kb-row-layout-id6681_962492-0e > .kt-row-column-wrap{grid-template-columns:minmax(0, 1fr);}}<\/style><div class=\"kb-row-layout-wrap kb-row-layout-id6681_962492-0e alignnone wp-block-kadence-rowlayout\"><div class=\"kt-row-column-wrap kt-has-2-columns kt-row-layout-equal kt-tab-layout-inherit kt-mobile-layout-row kt-row-valign-top\">\n<style>.kadence-column6681_9e0cdb-55 > .kt-inside-inner-col,.kadence-column6681_9e0cdb-55 > .kt-inside-inner-col:before{border-top-left-radius:0px;border-top-right-radius:0px;border-bottom-right-radius:0px;border-bottom-left-radius:0px;}.kadence-column6681_9e0cdb-55 > .kt-inside-inner-col:before{opacity:0.3;}.kadence-column6681_9e0cdb-55{position:relative;}<\/style>\n<div class=\"wp-block-kadence-column kadence-column6681_9e0cdb-55\"><div class=\"kt-inside-inner-col\"><div class=\"wp-block-image\">\n<figure class=\"alignright size-full\"><img loading=\"lazy\" decoding=\"async\" width=\"500\" height=\"375\" data-attachment-id=\"6707\" data-permalink=\"https:\/\/zsp1chojna.pl\/?attachment_id=6707\" data-orig-file=\"https:\/\/zsp1chojna.pl\/wp-content\/uploads\/2023\/11\/mlodzi-marzec_2022-2.png\" data-orig-size=\"500,375\" data-comments-opened=\"1\" data-image-meta=\"{&quot;aperture&quot;:&quot;0&quot;,&quot;credit&quot;:&quot;&quot;,&quot;camera&quot;:&quot;&quot;,&quot;caption&quot;:&quot;&quot;,&quot;created_timestamp&quot;:&quot;0&quot;,&quot;copyright&quot;:&quot;&quot;,&quot;focal_length&quot;:&quot;0&quot;,&quot;iso&quot;:&quot;0&quot;,&quot;shutter_speed&quot;:&quot;0&quot;,&quot;title&quot;:&quot;&quot;,&quot;orientation&quot;:&quot;0&quot;}\" data-image-title=\"mlodzi-marzec_2022-2\" data-image-description=\"\" data-image-caption=\"\" data-medium-file=\"https:\/\/zsp1chojna.pl\/wp-content\/uploads\/2023\/11\/mlodzi-marzec_2022-2-300x225.png\" data-large-file=\"https:\/\/zsp1chojna.pl\/wp-content\/uploads\/2023\/11\/mlodzi-marzec_2022-2.png\" src=\"https:\/\/zsp1chojna.pl\/wp-content\/uploads\/2023\/11\/mlodzi-marzec_2022-2.png\" alt=\"\" class=\"wp-image-6707\" srcset=\"https:\/\/zsp1chojna.pl\/wp-content\/uploads\/2023\/11\/mlodzi-marzec_2022-2.png 500w, https:\/\/zsp1chojna.pl\/wp-content\/uploads\/2023\/11\/mlodzi-marzec_2022-2-300x225.png 300w\" sizes=\"auto, (max-width: 500px) 100vw, 500px\" \/><\/figure>\n<\/div><\/div><\/div>\n\n\n<style>.kadence-column6681_59df14-2e > .kt-inside-inner-col,.kadence-column6681_59df14-2e > .kt-inside-inner-col:before{border-top-left-radius:0px;border-top-right-radius:0px;border-bottom-right-radius:0px;border-bottom-left-radius:0px;}.kadence-column6681_59df14-2e > .kt-inside-inner-col:before{opacity:0.3;}.kadence-column6681_59df14-2e{position:relative;}<\/style>\n<div class=\"wp-block-kadence-column kadence-column6681_59df14-2e\"><div class=\"kt-inside-inner-col\"><div class=\"wp-block-image\">\n<figure class=\"alignleft size-full\"><img loading=\"lazy\" decoding=\"async\" width=\"500\" height=\"375\" data-attachment-id=\"6706\" data-permalink=\"https:\/\/zsp1chojna.pl\/?attachment_id=6706\" data-orig-file=\"https:\/\/zsp1chojna.pl\/wp-content\/uploads\/2023\/11\/mlodzi-marzec_2022-3.png\" data-orig-size=\"500,375\" data-comments-opened=\"1\" data-image-meta=\"{&quot;aperture&quot;:&quot;0&quot;,&quot;credit&quot;:&quot;&quot;,&quot;camera&quot;:&quot;&quot;,&quot;caption&quot;:&quot;&quot;,&quot;created_timestamp&quot;:&quot;0&quot;,&quot;copyright&quot;:&quot;&quot;,&quot;focal_length&quot;:&quot;0&quot;,&quot;iso&quot;:&quot;0&quot;,&quot;shutter_speed&quot;:&quot;0&quot;,&quot;title&quot;:&quot;&quot;,&quot;orientation&quot;:&quot;0&quot;}\" data-image-title=\"mlodzi-marzec_2022-3\" data-image-description=\"\" data-image-caption=\"\" data-medium-file=\"https:\/\/zsp1chojna.pl\/wp-content\/uploads\/2023\/11\/mlodzi-marzec_2022-3-300x225.png\" data-large-file=\"https:\/\/zsp1chojna.pl\/wp-content\/uploads\/2023\/11\/mlodzi-marzec_2022-3.png\" src=\"https:\/\/zsp1chojna.pl\/wp-content\/uploads\/2023\/11\/mlodzi-marzec_2022-3.png\" alt=\"\" class=\"wp-image-6706\" srcset=\"https:\/\/zsp1chojna.pl\/wp-content\/uploads\/2023\/11\/mlodzi-marzec_2022-3.png 500w, https:\/\/zsp1chojna.pl\/wp-content\/uploads\/2023\/11\/mlodzi-marzec_2022-3-300x225.png 300w\" sizes=\"auto, (max-width: 500px) 100vw, 500px\" \/><\/figure>\n<\/div><\/div><\/div>\n\n<\/div><\/div>\n\n\n<p class=\"has-text-align-justify\">M\u0142odzie\u017c odby\u0142a spotkanie z&nbsp;prof.&nbsp;Adamem Bodnarem na&nbsp;temat: Czy&nbsp;kryzys praworz\u0105dno\u015bci ma znaczenie dla m\u0142odych ludzi? Poruszona zosta\u0142a kwestia rosyjskiej agresji na&nbsp;Ukrain\u0119. Dokonano analizy sytuacji pa\u0144stw b\u0119d\u0105cych w&nbsp;strefie wojny. Pan prof.&nbsp;Adam Bodnar podkre\u015bli\u0142, \u017ce&nbsp;podstaw\u0105 bytu cz\u0142owieka jest wolno\u015b\u0107 i&nbsp;ukrai\u0144ski, heroiczny op\u00f3r s\u0142u\u017cy obronie warto\u015bci: demokracji, praworz\u0105dno\u015bci i&nbsp;praw cz\u0142owieka. Ukraina walczy o&nbsp;dobr\u0105 przysz\u0142o\u015b\u0107, daje \u015bwiatu \u015bwiadectwo, \u017ce&nbsp;wolno\u015b\u0107 jest bezwzgl\u0119dnie najwa\u017cniejsz\u0105 warto\u015bci\u0105.<\/p>\n\n\n<div class=\"wp-block-image\">\n<figure class=\"aligncenter size-full\"><img loading=\"lazy\" decoding=\"async\" width=\"500\" height=\"667\" data-attachment-id=\"6705\" data-permalink=\"https:\/\/zsp1chojna.pl\/?attachment_id=6705\" data-orig-file=\"https:\/\/zsp1chojna.pl\/wp-content\/uploads\/2023\/11\/mlodzi-marzec_2022-1.jpg\" data-orig-size=\"500,667\" data-comments-opened=\"1\" data-image-meta=\"{&quot;aperture&quot;:&quot;0&quot;,&quot;credit&quot;:&quot;&quot;,&quot;camera&quot;:&quot;&quot;,&quot;caption&quot;:&quot;&quot;,&quot;created_timestamp&quot;:&quot;0&quot;,&quot;copyright&quot;:&quot;&quot;,&quot;focal_length&quot;:&quot;0&quot;,&quot;iso&quot;:&quot;0&quot;,&quot;shutter_speed&quot;:&quot;0&quot;,&quot;title&quot;:&quot;&quot;,&quot;orientation&quot;:&quot;0&quot;}\" data-image-title=\"mlodzi-marzec_2022-1\" data-image-description=\"\" data-image-caption=\"\" data-medium-file=\"https:\/\/zsp1chojna.pl\/wp-content\/uploads\/2023\/11\/mlodzi-marzec_2022-1-225x300.jpg\" data-large-file=\"https:\/\/zsp1chojna.pl\/wp-content\/uploads\/2023\/11\/mlodzi-marzec_2022-1.jpg\" src=\"https:\/\/zsp1chojna.pl\/wp-content\/uploads\/2023\/11\/mlodzi-marzec_2022-1.jpg\" alt=\"\" class=\"wp-image-6705\" srcset=\"https:\/\/zsp1chojna.pl\/wp-content\/uploads\/2023\/11\/mlodzi-marzec_2022-1.jpg 500w, https:\/\/zsp1chojna.pl\/wp-content\/uploads\/2023\/11\/mlodzi-marzec_2022-1-225x300.jpg 225w\" sizes=\"auto, (max-width: 500px) 100vw, 500px\" \/><\/figure>\n<\/div>\n\n\n<p class=\"has-text-align-justify\">Na&nbsp;zako\u0144czenie odby\u0142 si\u0119 challenge dla zespo\u0142\u00f3w, gdzie opowiadano o&nbsp;wra\u017ceniach zwi\u0105zanych z&nbsp;udzia\u0142em w&nbsp;programie M\u0142odzi w&nbsp;Akcji+. Uczestnicy dzi\u0119ki niemu nauczyli si\u0119 projektowa\u0107 etapy swojego dzia\u0142ania oraz&nbsp;samodzielnie je przydziela\u0107. Przygotowanie zada\u0144 wymaga\u0142o od&nbsp; m\u0142odzie\u017cy ci\u0119\u017ckiej pracy, cz\u0119sto towarzyszy\u0142a temu niepewno\u015b\u0107. Jednak przez&nbsp; wsp\u00f3\u0142dzia\u0142anie poczuli si\u0119 wa\u017cni i&nbsp;docenieni. Zrozumieli, \u017ce&nbsp;ich g\u0142os ma znaczenie. Udzia\u0142 w&nbsp;programie by\u0142 bardzo ciekawym do\u015bwiadczeniem.<\/p>\n\n\n<div class=\"wp-block-image\">\n<figure class=\"aligncenter size-full\"><img loading=\"lazy\" decoding=\"async\" width=\"550\" height=\"783\" data-attachment-id=\"6710\" data-permalink=\"https:\/\/zsp1chojna.pl\/?attachment_id=6710\" data-orig-file=\"https:\/\/zsp1chojna.pl\/wp-content\/uploads\/2023\/11\/mlodziwakcji-dyplom.png\" data-orig-size=\"550,783\" data-comments-opened=\"1\" data-image-meta=\"{&quot;aperture&quot;:&quot;0&quot;,&quot;credit&quot;:&quot;&quot;,&quot;camera&quot;:&quot;&quot;,&quot;caption&quot;:&quot;&quot;,&quot;created_timestamp&quot;:&quot;0&quot;,&quot;copyright&quot;:&quot;&quot;,&quot;focal_length&quot;:&quot;0&quot;,&quot;iso&quot;:&quot;0&quot;,&quot;shutter_speed&quot;:&quot;0&quot;,&quot;title&quot;:&quot;&quot;,&quot;orientation&quot;:&quot;0&quot;}\" data-image-title=\"mlodziwakcji-dyplom\" data-image-description=\"\" data-image-caption=\"\" data-medium-file=\"https:\/\/zsp1chojna.pl\/wp-content\/uploads\/2023\/11\/mlodziwakcji-dyplom-211x300.png\" data-large-file=\"https:\/\/zsp1chojna.pl\/wp-content\/uploads\/2023\/11\/mlodziwakcji-dyplom.png\" src=\"https:\/\/zsp1chojna.pl\/wp-content\/uploads\/2023\/11\/mlodziwakcji-dyplom.png\" alt=\"\" class=\"wp-image-6710\" srcset=\"https:\/\/zsp1chojna.pl\/wp-content\/uploads\/2023\/11\/mlodziwakcji-dyplom.png 550w, https:\/\/zsp1chojna.pl\/wp-content\/uploads\/2023\/11\/mlodziwakcji-dyplom-211x300.png 211w\" sizes=\"auto, (max-width: 550px) 100vw, 550px\" \/><\/figure>\n<\/div>\n\n\n<p class=\"has-text-align-right\">Opiekun<\/p>\n\n\n\n<p class=\"has-text-align-right\">mgr&nbsp;Edyta Krupa-Nadolny<\/p>\n","protected":false},"excerpt":{"rendered":"<p>2\u00a0marca 2022\u00a0r. uczennice klasy 1\u00a0abc LO: Oriana Koz\u0142owska, Aleksandra Oczy\u0144ska i\u00a0 Amelia Laskowska, pod\u00a0opiek\u0105 pani Edyty Krupy-Nadolny, wzi\u0119\u0142y udzia\u0142 w\u00a0konferencji podsumowuj\u0105cej dzia\u0142ania zwi\u0105zane z\u00a0udzia\u0142em w\u00a0programie M\u0142odzi w\u00a0Akcji+. Spotkanie prowadzi\u0142y koordynatorki [&hellip;]<\/p>\n","protected":false},"author":2,"featured_media":6708,"comment_status":"open","ping_status":"open","sticky":false,"template":"","format":"standard","meta":{"footnotes":""},"categories":[11],"tags":[],"class_list":["post-6681","post","type-post","status-publish","format-standard","has-post-thumbnail","hentry","category-aktualnosci-2021-2022"],"wbAuthor":{"name":"kacper27","link":"https:\/\/zsp1chojna.pl\/?author=2"},"wbDate":"mar 2, 2022","wbCategories":{"space":"<a href=\"https:\/\/zsp1chojna.pl\/?cat=11\" rel=\"category\">Aktualno\u015bci 2021\/2022<\/a>","coma":"<a href=\"https:\/\/zsp1chojna.pl\/?cat=11\" rel=\"category\">Aktualno\u015bci 2021\/2022<\/a>"},"wbComment":0,"yoast_head":"<!-- This site is optimized with the Yoast SEO plugin v20.13 - https:\/\/yoast.com\/wordpress\/plugins\/seo\/ -->\n<title>Konferencja podsumowuj\u0105ca dzia\u0142aniaw ramach programu \u201eM\u0142odzi w\u00a0Akcji+\u201d - ZSP w Chojnie<\/title>\n<meta name=\"robots\" content=\"index, follow, max-snippet:-1, max-image-preview:large, max-video-preview:-1\" \/>\n<link rel=\"canonical\" href=\"https:\/\/zsp1chojna.pl\/?p=6681\" \/>\n<meta property=\"og:locale\" content=\"pl_PL\" \/>\n<meta property=\"og:type\" content=\"article\" \/>\n<meta property=\"og:title\" content=\"Konferencja podsumowuj\u0105ca dzia\u0142aniaw ramach programu \u201eM\u0142odzi w\u00a0Akcji+\u201d - ZSP w Chojnie\" \/>\n<meta property=\"og:description\" content=\"2\u00a0marca 2022\u00a0r. uczennice klasy 1\u00a0abc LO: Oriana Koz\u0142owska, Aleksandra Oczy\u0144ska i\u00a0 Amelia Laskowska, pod\u00a0opiek\u0105 pani Edyty Krupy-Nadolny, wzi\u0119\u0142y udzia\u0142 w\u00a0konferencji podsumowuj\u0105cej dzia\u0142ania zwi\u0105zane z\u00a0udzia\u0142em w\u00a0programie M\u0142odzi w\u00a0Akcji+. Spotkanie prowadzi\u0142y koordynatorki [&hellip;]\" \/>\n<meta property=\"og:url\" content=\"https:\/\/zsp1chojna.pl\/?p=6681\" \/>\n<meta property=\"og:site_name\" content=\"ZSP w Chojnie\" \/>\n<meta property=\"article:published_time\" content=\"2022-03-02T13:21:00+00:00\" \/>\n<meta property=\"article:modified_time\" content=\"2023-11-02T13:59:46+00:00\" \/>\n<meta property=\"og:image\" content=\"https:\/\/zsp1chojna.pl\/wp-content\/uploads\/2023\/11\/mlodzi-marzec_2022-1.png\" \/>\n\t<meta property=\"og:image:width\" content=\"500\" \/>\n\t<meta property=\"og:image:height\" content=\"375\" \/>\n\t<meta property=\"og:image:type\" content=\"image\/png\" \/>\n<meta name=\"author\" content=\"kacper27\" \/>\n<meta name=\"twitter:card\" content=\"summary_large_image\" \/>\n<meta name=\"twitter:label1\" content=\"Napisane przez\" \/>\n\t<meta name=\"twitter:data1\" content=\"kacper27\" \/>\n\t<meta name=\"twitter:label2\" content=\"Szacowany czas czytania\" \/>\n\t<meta name=\"twitter:data2\" content=\"3 minuty\" \/>\n<script type=\"application\/ld+json\" class=\"yoast-schema-graph\">{\"@context\":\"https:\/\/schema.org\",\"@graph\":[{\"@type\":\"Article\",\"@id\":\"https:\/\/zsp1chojna.pl\/?p=6681#article\",\"isPartOf\":{\"@id\":\"https:\/\/zsp1chojna.pl\/?p=6681\"},\"author\":{\"name\":\"kacper27\",\"@id\":\"https:\/\/zsp1chojna.pl\/#\/schema\/person\/e974e35b71ad4899de9d84ba9baed22f\"},\"headline\":\"Konferencja podsumowuj\u0105ca dzia\u0142aniaw ramach programu \u201eM\u0142odzi w\u00a0Akcji+\u201d\",\"datePublished\":\"2022-03-02T13:21:00+00:00\",\"dateModified\":\"2023-11-02T13:59:46+00:00\",\"mainEntityOfPage\":{\"@id\":\"https:\/\/zsp1chojna.pl\/?p=6681\"},\"wordCount\":320,\"commentCount\":0,\"publisher\":{\"@id\":\"https:\/\/zsp1chojna.pl\/#organization\"},\"articleSection\":[\"Aktualno\u015bci 2021\/2022\"],\"inLanguage\":\"pl-PL\",\"potentialAction\":[{\"@type\":\"CommentAction\",\"name\":\"Comment\",\"target\":[\"https:\/\/zsp1chojna.pl\/?p=6681#respond\"]}]},{\"@type\":\"WebPage\",\"@id\":\"https:\/\/zsp1chojna.pl\/?p=6681\",\"url\":\"https:\/\/zsp1chojna.pl\/?p=6681\",\"name\":\"Konferencja podsumowuj\u0105ca dzia\u0142aniaw ramach programu \u201eM\u0142odzi w\u00a0Akcji+\u201d - ZSP w Chojnie\",\"isPartOf\":{\"@id\":\"https:\/\/zsp1chojna.pl\/#website\"},\"datePublished\":\"2022-03-02T13:21:00+00:00\",\"dateModified\":\"2023-11-02T13:59:46+00:00\",\"breadcrumb\":{\"@id\":\"https:\/\/zsp1chojna.pl\/?p=6681#breadcrumb\"},\"inLanguage\":\"pl-PL\",\"potentialAction\":[{\"@type\":\"ReadAction\",\"target\":[\"https:\/\/zsp1chojna.pl\/?p=6681\"]}]},{\"@type\":\"BreadcrumbList\",\"@id\":\"https:\/\/zsp1chojna.pl\/?p=6681#breadcrumb\",\"itemListElement\":[{\"@type\":\"ListItem\",\"position\":1,\"name\":\"Home\",\"item\":\"https:\/\/zsp1chojna.pl\/\"},{\"@type\":\"ListItem\",\"position\":2,\"name\":\"Konferencja podsumowuj\u0105ca dzia\u0142aniaw ramach programu \u201eM\u0142odzi w\u00a0Akcji+\u201d\"}]},{\"@type\":\"WebSite\",\"@id\":\"https:\/\/zsp1chojna.pl\/#website\",\"url\":\"https:\/\/zsp1chojna.pl\/\",\"name\":\"ZSP w Chojnie\",\"description\":\"\",\"publisher\":{\"@id\":\"https:\/\/zsp1chojna.pl\/#organization\"},\"potentialAction\":[{\"@type\":\"SearchAction\",\"target\":{\"@type\":\"EntryPoint\",\"urlTemplate\":\"https:\/\/zsp1chojna.pl\/?s={search_term_string}\"},\"query-input\":\"required name=search_term_string\"}],\"inLanguage\":\"pl-PL\"},{\"@type\":\"Organization\",\"@id\":\"https:\/\/zsp1chojna.pl\/#organization\",\"name\":\"ZSP w Chojnie\",\"url\":\"https:\/\/zsp1chojna.pl\/\",\"logo\":{\"@type\":\"ImageObject\",\"inLanguage\":\"pl-PL\",\"@id\":\"https:\/\/zsp1chojna.pl\/#\/schema\/logo\/image\/\",\"url\":\"https:\/\/zsp1chojna.pl\/wp-content\/uploads\/2023\/08\/cropped-cropped-cropped-Logo-biale-napis-na-3-wiersze_504-1.png\",\"contentUrl\":\"https:\/\/zsp1chojna.pl\/wp-content\/uploads\/2023\/08\/cropped-cropped-cropped-Logo-biale-napis-na-3-wiersze_504-1.png\",\"width\":504,\"height\":167,\"caption\":\"ZSP w Chojnie\"},\"image\":{\"@id\":\"https:\/\/zsp1chojna.pl\/#\/schema\/logo\/image\/\"}},{\"@type\":\"Person\",\"@id\":\"https:\/\/zsp1chojna.pl\/#\/schema\/person\/e974e35b71ad4899de9d84ba9baed22f\",\"name\":\"kacper27\",\"image\":{\"@type\":\"ImageObject\",\"inLanguage\":\"pl-PL\",\"@id\":\"https:\/\/zsp1chojna.pl\/#\/schema\/person\/image\/\",\"url\":\"https:\/\/secure.gravatar.com\/avatar\/233d005830da7db1760a03aba4b7a8303a369edf5f46a429dfe66f876a3f452c?s=96&d=mm&r=g\",\"contentUrl\":\"https:\/\/secure.gravatar.com\/avatar\/233d005830da7db1760a03aba4b7a8303a369edf5f46a429dfe66f876a3f452c?s=96&d=mm&r=g\",\"caption\":\"kacper27\"},\"url\":\"https:\/\/zsp1chojna.pl\/?author=2\"}]}<\/script>\n<!-- \/ Yoast SEO plugin. -->","yoast_head_json":{"title":"Konferencja podsumowuj\u0105ca dzia\u0142aniaw ramach programu \u201eM\u0142odzi w\u00a0Akcji+\u201d - ZSP w Chojnie","robots":{"index":"index","follow":"follow","max-snippet":"max-snippet:-1","max-image-preview":"max-image-preview:large","max-video-preview":"max-video-preview:-1"},"canonical":"https:\/\/zsp1chojna.pl\/?p=6681","og_locale":"pl_PL","og_type":"article","og_title":"Konferencja podsumowuj\u0105ca dzia\u0142aniaw ramach programu \u201eM\u0142odzi w\u00a0Akcji+\u201d - ZSP w Chojnie","og_description":"2\u00a0marca 2022\u00a0r. uczennice klasy 1\u00a0abc LO: Oriana Koz\u0142owska, Aleksandra Oczy\u0144ska i\u00a0 Amelia Laskowska, pod\u00a0opiek\u0105 pani Edyty Krupy-Nadolny, wzi\u0119\u0142y udzia\u0142 w\u00a0konferencji podsumowuj\u0105cej dzia\u0142ania zwi\u0105zane z\u00a0udzia\u0142em w\u00a0programie M\u0142odzi w\u00a0Akcji+. Spotkanie prowadzi\u0142y koordynatorki [&hellip;]","og_url":"https:\/\/zsp1chojna.pl\/?p=6681","og_site_name":"ZSP w Chojnie","article_published_time":"2022-03-02T13:21:00+00:00","article_modified_time":"2023-11-02T13:59:46+00:00","og_image":[{"width":500,"height":375,"url":"https:\/\/zsp1chojna.pl\/wp-content\/uploads\/2023\/11\/mlodzi-marzec_2022-1.png","type":"image\/png"}],"author":"kacper27","twitter_card":"summary_large_image","twitter_misc":{"Napisane przez":"kacper27","Szacowany czas czytania":"3 minuty"},"schema":{"@context":"https:\/\/schema.org","@graph":[{"@type":"Article","@id":"https:\/\/zsp1chojna.pl\/?p=6681#article","isPartOf":{"@id":"https:\/\/zsp1chojna.pl\/?p=6681"},"author":{"name":"kacper27","@id":"https:\/\/zsp1chojna.pl\/#\/schema\/person\/e974e35b71ad4899de9d84ba9baed22f"},"headline":"Konferencja podsumowuj\u0105ca dzia\u0142aniaw ramach programu \u201eM\u0142odzi w\u00a0Akcji+\u201d","datePublished":"2022-03-02T13:21:00+00:00","dateModified":"2023-11-02T13:59:46+00:00","mainEntityOfPage":{"@id":"https:\/\/zsp1chojna.pl\/?p=6681"},"wordCount":320,"commentCount":0,"publisher":{"@id":"https:\/\/zsp1chojna.pl\/#organization"},"articleSection":["Aktualno\u015bci 2021\/2022"],"inLanguage":"pl-PL","potentialAction":[{"@type":"CommentAction","name":"Comment","target":["https:\/\/zsp1chojna.pl\/?p=6681#respond"]}]},{"@type":"WebPage","@id":"https:\/\/zsp1chojna.pl\/?p=6681","url":"https:\/\/zsp1chojna.pl\/?p=6681","name":"Konferencja podsumowuj\u0105ca dzia\u0142aniaw ramach programu \u201eM\u0142odzi w\u00a0Akcji+\u201d - ZSP w Chojnie","isPartOf":{"@id":"https:\/\/zsp1chojna.pl\/#website"},"datePublished":"2022-03-02T13:21:00+00:00","dateModified":"2023-11-02T13:59:46+00:00","breadcrumb":{"@id":"https:\/\/zsp1chojna.pl\/?p=6681#breadcrumb"},"inLanguage":"pl-PL","potentialAction":[{"@type":"ReadAction","target":["https:\/\/zsp1chojna.pl\/?p=6681"]}]},{"@type":"BreadcrumbList","@id":"https:\/\/zsp1chojna.pl\/?p=6681#breadcrumb","itemListElement":[{"@type":"ListItem","position":1,"name":"Home","item":"https:\/\/zsp1chojna.pl\/"},{"@type":"ListItem","position":2,"name":"Konferencja podsumowuj\u0105ca dzia\u0142aniaw ramach programu \u201eM\u0142odzi w\u00a0Akcji+\u201d"}]},{"@type":"WebSite","@id":"https:\/\/zsp1chojna.pl\/#website","url":"https:\/\/zsp1chojna.pl\/","name":"ZSP w Chojnie","description":"","publisher":{"@id":"https:\/\/zsp1chojna.pl\/#organization"},"potentialAction":[{"@type":"SearchAction","target":{"@type":"EntryPoint","urlTemplate":"https:\/\/zsp1chojna.pl\/?s={search_term_string}"},"query-input":"required name=search_term_string"}],"inLanguage":"pl-PL"},{"@type":"Organization","@id":"https:\/\/zsp1chojna.pl\/#organization","name":"ZSP w Chojnie","url":"https:\/\/zsp1chojna.pl\/","logo":{"@type":"ImageObject","inLanguage":"pl-PL","@id":"https:\/\/zsp1chojna.pl\/#\/schema\/logo\/image\/","url":"https:\/\/zsp1chojna.pl\/wp-content\/uploads\/2023\/08\/cropped-cropped-cropped-Logo-biale-napis-na-3-wiersze_504-1.png","contentUrl":"https:\/\/zsp1chojna.pl\/wp-content\/uploads\/2023\/08\/cropped-cropped-cropped-Logo-biale-napis-na-3-wiersze_504-1.png","width":504,"height":167,"caption":"ZSP w Chojnie"},"image":{"@id":"https:\/\/zsp1chojna.pl\/#\/schema\/logo\/image\/"}},{"@type":"Person","@id":"https:\/\/zsp1chojna.pl\/#\/schema\/person\/e974e35b71ad4899de9d84ba9baed22f","name":"kacper27","image":{"@type":"ImageObject","inLanguage":"pl-PL","@id":"https:\/\/zsp1chojna.pl\/#\/schema\/person\/image\/","url":"https:\/\/secure.gravatar.com\/avatar\/233d005830da7db1760a03aba4b7a8303a369edf5f46a429dfe66f876a3f452c?s=96&d=mm&r=g","contentUrl":"https:\/\/secure.gravatar.com\/avatar\/233d005830da7db1760a03aba4b7a8303a369edf5f46a429dfe66f876a3f452c?s=96&d=mm&r=g","caption":"kacper27"},"url":"https:\/\/zsp1chojna.pl\/?author=2"}]}},"jetpack_featured_media_url":"https:\/\/zsp1chojna.pl\/wp-content\/uploads\/2023\/11\/mlodzi-marzec_2022-1.png","_links":{"self":[{"href":"https:\/\/zsp1chojna.pl\/index.php?rest_route=\/wp\/v2\/posts\/6681","targetHints":{"allow":["GET"]}}],"collection":[{"href":"https:\/\/zsp1chojna.pl\/index.php?rest_route=\/wp\/v2\/posts"}],"about":[{"href":"https:\/\/zsp1chojna.pl\/index.php?rest_route=\/wp\/v2\/types\/post"}],"author":[{"embeddable":true,"href":"https:\/\/zsp1chojna.pl\/index.php?rest_route=\/wp\/v2\/users\/2"}],"replies":[{"embeddable":true,"href":"https:\/\/zsp1chojna.pl\/index.php?rest_route=%2Fwp%2Fv2%2Fcomments&post=6681"}],"version-history":[{"count":1,"href":"https:\/\/zsp1chojna.pl\/index.php?rest_route=\/wp\/v2\/posts\/6681\/revisions"}],"predecessor-version":[{"id":6713,"href":"https:\/\/zsp1chojna.pl\/index.php?rest_route=\/wp\/v2\/posts\/6681\/revisions\/6713"}],"wp:featuredmedia":[{"embeddable":true,"href":"https:\/\/zsp1chojna.pl\/index.php?rest_route=\/wp\/v2\/media\/6708"}],"wp:attachment":[{"href":"https:\/\/zsp1chojna.pl\/index.php?rest_route=%2Fwp%2Fv2%2Fmedia&parent=6681"}],"wp:term":[{"taxonomy":"category","embeddable":true,"href":"https:\/\/zsp1chojna.pl\/index.php?rest_route=%2Fwp%2Fv2%2Fcategories&post=6681"},{"taxonomy":"post_tag","embeddable":true,"href":"https:\/\/zsp1chojna.pl\/index.php?rest_route=%2Fwp%2Fv2%2Ftags&post=6681"}],"curies":[{"name":"wp","href":"https:\/\/api.w.org\/{rel}","templated":true}]}}