{"id":6403,"date":"2020-02-04T23:23:00","date_gmt":"2020-02-04T22:23:00","guid":{"rendered":"https:\/\/zsp1chojna.pl\/?p=6403"},"modified":"2023-10-15T23:27:07","modified_gmt":"2023-10-15T21:27:07","slug":"kurs-norma-pro","status":"publish","type":"post","link":"https:\/\/zsp1chojna.pl\/?p=6403","title":{"rendered":"KURS Norma PRO"},"content":{"rendered":"\n<p class=\"has-text-align-justify\">W dniach 4-7.02.2020 r. w ramach projektu RPO WZ \u201eInwestycja w kszta\u0142cenie zawodowe \u2013 inwestycj\u0105 w przysz\u0142o\u015b\u0107!\u201d realizowanego przez Zesp\u00f3\u0142 Szk\u00f3\u0142 Ponadpodstawowych w Chojnie zorganizowano dla nauczyciela przedmiot\u00f3w zawodowych teoretycznych budowlanych kurs Norma PRO. Norma PRO to profesjonalny i popularny program do kosztorysowania, stworzony przez jedn\u0105 z wiod\u0105cych polskich firm wytwarzaj\u0105cych oprogramowanie dla budownictwa, spe\u0142niaj\u0105cy wymagania i standardy stosowane w krajach Unii Europejskiej.<\/p>\n\n\n<div class=\"wp-block-image\">\n<figure class=\"aligncenter size-full\"><img loading=\"lazy\" decoding=\"async\" width=\"584\" height=\"394\" data-attachment-id=\"6404\" data-permalink=\"https:\/\/zsp1chojna.pl\/?attachment_id=6404\" data-orig-file=\"https:\/\/zsp1chojna.pl\/wp-content\/uploads\/2023\/10\/kurs-norma-pro-2.jpg\" data-orig-size=\"584,394\" data-comments-opened=\"1\" data-image-meta=\"{&quot;aperture&quot;:&quot;0&quot;,&quot;credit&quot;:&quot;&quot;,&quot;camera&quot;:&quot;&quot;,&quot;caption&quot;:&quot;&quot;,&quot;created_timestamp&quot;:&quot;0&quot;,&quot;copyright&quot;:&quot;&quot;,&quot;focal_length&quot;:&quot;0&quot;,&quot;iso&quot;:&quot;0&quot;,&quot;shutter_speed&quot;:&quot;0&quot;,&quot;title&quot;:&quot;&quot;,&quot;orientation&quot;:&quot;0&quot;}\" data-image-title=\"kurs-norma-pro-2\" data-image-description=\"\" data-image-caption=\"\" data-medium-file=\"https:\/\/zsp1chojna.pl\/wp-content\/uploads\/2023\/10\/kurs-norma-pro-2-300x202.jpg\" data-large-file=\"https:\/\/zsp1chojna.pl\/wp-content\/uploads\/2023\/10\/kurs-norma-pro-2.jpg\" src=\"https:\/\/zsp1chojna.pl\/wp-content\/uploads\/2023\/10\/kurs-norma-pro-2.jpg\" alt=\"\" class=\"wp-image-6404\" srcset=\"https:\/\/zsp1chojna.pl\/wp-content\/uploads\/2023\/10\/kurs-norma-pro-2.jpg 584w, https:\/\/zsp1chojna.pl\/wp-content\/uploads\/2023\/10\/kurs-norma-pro-2-300x202.jpg 300w, https:\/\/zsp1chojna.pl\/wp-content\/uploads\/2023\/10\/kurs-norma-pro-2-84x56.jpg 84w\" sizes=\"auto, (max-width: 584px) 100vw, 584px\" \/><\/figure>\n<\/div>\n\n\n<p class=\"has-text-align-justify\">G\u0142\u00f3wnym za\u0142o\u017ceniem czternastogodzinnego kursu by\u0142o pos\u0142ugiwanie si\u0119 programem Norma PRO\/STANDARD w celu samodzielnego tworzenia dowolnego typu kosztorys\u00f3w oraz nabycie umiej\u0119tno\u015bci czytania i korygowania kosztorys\u00f3w.<\/p>\n\n\n\n<div class=\"wp-block-columns is-layout-flex wp-container-core-columns-is-layout-9d6595d7 wp-block-columns-is-layout-flex\">\n<div class=\"wp-block-column is-layout-flow wp-block-column-is-layout-flow\"><div class=\"wp-block-image\">\n<figure class=\"alignright size-full\"><img loading=\"lazy\" decoding=\"async\" width=\"276\" height=\"209\" data-attachment-id=\"6405\" data-permalink=\"https:\/\/zsp1chojna.pl\/?attachment_id=6405\" data-orig-file=\"https:\/\/zsp1chojna.pl\/wp-content\/uploads\/2023\/10\/kurs-norma-pro-3.jpg\" data-orig-size=\"276,209\" data-comments-opened=\"1\" data-image-meta=\"{&quot;aperture&quot;:&quot;0&quot;,&quot;credit&quot;:&quot;&quot;,&quot;camera&quot;:&quot;&quot;,&quot;caption&quot;:&quot;&quot;,&quot;created_timestamp&quot;:&quot;0&quot;,&quot;copyright&quot;:&quot;&quot;,&quot;focal_length&quot;:&quot;0&quot;,&quot;iso&quot;:&quot;0&quot;,&quot;shutter_speed&quot;:&quot;0&quot;,&quot;title&quot;:&quot;&quot;,&quot;orientation&quot;:&quot;0&quot;}\" data-image-title=\"kurs-norma-pro-3\" data-image-description=\"\" data-image-caption=\"\" data-medium-file=\"https:\/\/zsp1chojna.pl\/wp-content\/uploads\/2023\/10\/kurs-norma-pro-3.jpg\" data-large-file=\"https:\/\/zsp1chojna.pl\/wp-content\/uploads\/2023\/10\/kurs-norma-pro-3.jpg\" src=\"https:\/\/zsp1chojna.pl\/wp-content\/uploads\/2023\/10\/kurs-norma-pro-3.jpg\" alt=\"\" class=\"wp-image-6405\"\/><\/figure>\n<\/div><\/div>\n\n\n\n<div class=\"wp-block-column is-layout-flow wp-block-column-is-layout-flow\"><div class=\"wp-block-image\">\n<figure class=\"alignleft size-full\"><img loading=\"lazy\" decoding=\"async\" width=\"276\" height=\"209\" data-attachment-id=\"6406\" data-permalink=\"https:\/\/zsp1chojna.pl\/?attachment_id=6406\" data-orig-file=\"https:\/\/zsp1chojna.pl\/wp-content\/uploads\/2023\/10\/kurs-norma-pro-5.jpg\" data-orig-size=\"276,209\" data-comments-opened=\"1\" data-image-meta=\"{&quot;aperture&quot;:&quot;0&quot;,&quot;credit&quot;:&quot;&quot;,&quot;camera&quot;:&quot;&quot;,&quot;caption&quot;:&quot;&quot;,&quot;created_timestamp&quot;:&quot;0&quot;,&quot;copyright&quot;:&quot;&quot;,&quot;focal_length&quot;:&quot;0&quot;,&quot;iso&quot;:&quot;0&quot;,&quot;shutter_speed&quot;:&quot;0&quot;,&quot;title&quot;:&quot;&quot;,&quot;orientation&quot;:&quot;0&quot;}\" data-image-title=\"kurs-norma-pro-5\" data-image-description=\"\" data-image-caption=\"\" data-medium-file=\"https:\/\/zsp1chojna.pl\/wp-content\/uploads\/2023\/10\/kurs-norma-pro-5.jpg\" data-large-file=\"https:\/\/zsp1chojna.pl\/wp-content\/uploads\/2023\/10\/kurs-norma-pro-5.jpg\" src=\"https:\/\/zsp1chojna.pl\/wp-content\/uploads\/2023\/10\/kurs-norma-pro-5.jpg\" alt=\"\" class=\"wp-image-6406\"\/><\/figure>\n<\/div><\/div>\n<\/div>\n\n\n\n<p class=\"has-text-align-justify\">Szkolenie rozpocz\u0119\u0142o si\u0119 od przedstawienia og\u00f3lnych zasad instalacji i pos\u0142ugiwania si\u0119 programem, konfiguracji podstawowych opcji programu maj\u0105cych wp\u0142yw na kalkulowan\u0105 warto\u015b\u0107 tworzonego kosztorysu oraz bezpiecznej pracy z programem i sporz\u0105dzania kopii awaryjnych. Po zapoznaniu si\u0119 z podstawami prowadz\u0105cy przeszed\u0142 do om\u00f3wienia mo\u017cliwo\u015bci programu. Przedstawi\u0142 rodzaje kosztorys\u00f3w, katalogi norm \u2013 pos\u0142ugiwanie si\u0119 baz\u0105 katalog\u00f3w norm, budow\u0119 katalog\u00f3w nak\u0142ad\u00f3w rzeczowych, pos\u0142ugiwanie si\u0119 list\u0105 skr\u00f3con\u0105, wyszukiwaniem pozycji, wstawianiem pozycji do dokument\u00f3w kosztorysowych lub przedmiarowych, korzystania z podpowiedzi wynikaj\u0105cych z opis\u00f3w og\u00f3lnych i szczeg\u00f3\u0142owych. Kolejnym omawianym punktem programu by\u0142a ksi\u0105\u017cka przedmiar\u00f3w\/obmiar\u00f3w, wstawianie pozycji katalogowych, nak\u0142ady RMS, edycja i zmiana typu pozycji kosztorysowych, wycena koszt\u00f3w transportu, koszt\u00f3w jednorazowych sprz\u0119tu i czasu pracy rusztowa\u0144. Nast\u0119pnie kursantka nauczy\u0142a si\u0119 tworzy\u0107 kalkulacje w\u0142asne i zapisywa\u0107 pozycje do katalog\u00f3w w\u0142asnych, jak wykorzystywa\u0107 s\u0142ownik CPV, pozna\u0142a dzia\u0142y kosztorysu oraz bazy cenowe i zwi\u0105zane z ni\u0105 zagadnienia tj.: wyb\u00f3r cennik\u00f3w i pos\u0142ugiwanie si\u0119 baz\u0105 cen w celu wyceny kosztorysu, import cennik\u00f3w, tworzenie cennik\u00f3w w\u0142asnych, wsp\u00f3\u0142pracy z serwisem Intercenbud. W ostatnim etapie poruszono zagadnienia z zakresu podsumowania kosztorysu: tabel\u0119 narzut\u00f3w, modyfikacj\u0119 koszt\u00f3w i narzut\u00f3w; dostrajania kosztorysu: upraszczania wycen, sprawdzania kosztorysu, porz\u0105dkowania danych, uzupe\u0142niania informacji o kosztorysie, \u0142\u0105czenia pozycji i nak\u0142ad\u00f3w RMS. Punktem ko\u0144cz\u0105cym nauk\u0119 by\u0142y wydruki kosztorys\u00f3w i zestawie\u0144: wyb\u00f3r zakresu i ustawie\u0144 wydruk\u00f3w.<\/p>\n\n\n\n<p><\/p>\n\n\n<div class=\"wp-block-image\">\n<figure class=\"aligncenter size-full\"><img loading=\"lazy\" decoding=\"async\" width=\"462\" height=\"411\" data-attachment-id=\"6407\" data-permalink=\"https:\/\/zsp1chojna.pl\/?attachment_id=6407\" data-orig-file=\"https:\/\/zsp1chojna.pl\/wp-content\/uploads\/2023\/10\/kurs-norma-pro-6.jpg\" data-orig-size=\"462,411\" data-comments-opened=\"1\" data-image-meta=\"{&quot;aperture&quot;:&quot;0&quot;,&quot;credit&quot;:&quot;&quot;,&quot;camera&quot;:&quot;&quot;,&quot;caption&quot;:&quot;&quot;,&quot;created_timestamp&quot;:&quot;0&quot;,&quot;copyright&quot;:&quot;&quot;,&quot;focal_length&quot;:&quot;0&quot;,&quot;iso&quot;:&quot;0&quot;,&quot;shutter_speed&quot;:&quot;0&quot;,&quot;title&quot;:&quot;&quot;,&quot;orientation&quot;:&quot;0&quot;}\" data-image-title=\"kurs-norma-pro-6\" data-image-description=\"\" data-image-caption=\"\" data-medium-file=\"https:\/\/zsp1chojna.pl\/wp-content\/uploads\/2023\/10\/kurs-norma-pro-6-300x267.jpg\" data-large-file=\"https:\/\/zsp1chojna.pl\/wp-content\/uploads\/2023\/10\/kurs-norma-pro-6.jpg\" src=\"https:\/\/zsp1chojna.pl\/wp-content\/uploads\/2023\/10\/kurs-norma-pro-6.jpg\" alt=\"\" class=\"wp-image-6407\" srcset=\"https:\/\/zsp1chojna.pl\/wp-content\/uploads\/2023\/10\/kurs-norma-pro-6.jpg 462w, https:\/\/zsp1chojna.pl\/wp-content\/uploads\/2023\/10\/kurs-norma-pro-6-300x267.jpg 300w\" sizes=\"auto, (max-width: 462px) 100vw, 462px\" \/><\/figure>\n<\/div>\n\n\n<p class=\"has-text-align-justify\">Po zako\u0144czonym szkoleniu, w kt\u00f3rym kursantka uczestniczy\u0142a z du\u017cym zainteresowaniem, wr\u0119czono jej certyfikat potwierdzaj\u0105cy udzia\u0142 i uko\u0144czenie kursu.<\/p>\n\n\n<div class=\"wp-block-image\">\n<figure class=\"aligncenter size-full\"><img loading=\"lazy\" decoding=\"async\" width=\"606\" height=\"340\" data-attachment-id=\"6408\" data-permalink=\"https:\/\/zsp1chojna.pl\/?attachment_id=6408\" data-orig-file=\"https:\/\/zsp1chojna.pl\/wp-content\/uploads\/2023\/10\/kurs-norma-pro-7.jpg\" data-orig-size=\"606,340\" data-comments-opened=\"1\" data-image-meta=\"{&quot;aperture&quot;:&quot;0&quot;,&quot;credit&quot;:&quot;&quot;,&quot;camera&quot;:&quot;&quot;,&quot;caption&quot;:&quot;&quot;,&quot;created_timestamp&quot;:&quot;0&quot;,&quot;copyright&quot;:&quot;&quot;,&quot;focal_length&quot;:&quot;0&quot;,&quot;iso&quot;:&quot;0&quot;,&quot;shutter_speed&quot;:&quot;0&quot;,&quot;title&quot;:&quot;&quot;,&quot;orientation&quot;:&quot;0&quot;}\" data-image-title=\"kurs-norma-pro-7\" data-image-description=\"\" data-image-caption=\"\" data-medium-file=\"https:\/\/zsp1chojna.pl\/wp-content\/uploads\/2023\/10\/kurs-norma-pro-7-300x168.jpg\" data-large-file=\"https:\/\/zsp1chojna.pl\/wp-content\/uploads\/2023\/10\/kurs-norma-pro-7.jpg\" src=\"https:\/\/zsp1chojna.pl\/wp-content\/uploads\/2023\/10\/kurs-norma-pro-7.jpg\" alt=\"\" class=\"wp-image-6408\" srcset=\"https:\/\/zsp1chojna.pl\/wp-content\/uploads\/2023\/10\/kurs-norma-pro-7.jpg 606w, https:\/\/zsp1chojna.pl\/wp-content\/uploads\/2023\/10\/kurs-norma-pro-7-300x168.jpg 300w\" sizes=\"auto, (max-width: 606px) 100vw, 606px\" \/><\/figure>\n<\/div>\n\n\n<p class=\"has-text-align-justify\">Nowo nabyte umiej\u0119tno\u015bci i&nbsp;kompetencje nauczycielka wykorzysta przekazuj\u0105c je swoim uczniom podczas zaj\u0119\u0107. Jak stwierdzi\u0142a nauka i&nbsp;praca na&nbsp;tak&nbsp;popularnym, nowoczesnym i&nbsp;w&nbsp;dzisiejszych realiach rynku budowlanego obligatoryjnym wr\u0119cz narz\u0119dziu, jest dla niej&nbsp;kolejnym krokiem do&nbsp;budowy nowoczesnego nauczania, a&nbsp;dla uczni\u00f3w startu z&nbsp;jak najwy\u017cszego poziomu w&nbsp;\u017cycie zawodowe.<\/p>\n\n\n\n<p class=\"has-text-align-right\">Alicja Linkiewicz<\/p>\n","protected":false},"excerpt":{"rendered":"<p>W dniach 4-7.02.2020 r. w ramach projektu RPO WZ \u201eInwestycja w kszta\u0142cenie zawodowe \u2013 inwestycj\u0105 w przysz\u0142o\u015b\u0107!\u201d realizowanego przez Zesp\u00f3\u0142 Szk\u00f3\u0142 Ponadpodstawowych w Chojnie zorganizowano dla nauczyciela przedmiot\u00f3w zawodowych teoretycznych [&hellip;]<\/p>\n","protected":false},"author":1,"featured_media":6404,"comment_status":"open","ping_status":"open","sticky":false,"template":"","format":"standard","meta":{"footnotes":""},"categories":[24],"tags":[],"class_list":["post-6403","post","type-post","status-publish","format-standard","has-post-thumbnail","hentry","category-aktualnosci-2019-2020"],"wbAuthor":{"name":"admin","link":"https:\/\/zsp1chojna.pl\/?author=1"},"wbDate":"lut 4, 2020","wbCategories":{"space":"<a href=\"https:\/\/zsp1chojna.pl\/?cat=24\" rel=\"category\">Aktualno\u015bci 2019\/2020<\/a>","coma":"<a href=\"https:\/\/zsp1chojna.pl\/?cat=24\" rel=\"category\">Aktualno\u015bci 2019\/2020<\/a>"},"wbComment":0,"yoast_head":"<!-- This site is optimized with the Yoast SEO plugin v20.13 - https:\/\/yoast.com\/wordpress\/plugins\/seo\/ -->\n<title>KURS Norma PRO - ZSP w Chojnie<\/title>\n<meta name=\"robots\" content=\"index, follow, max-snippet:-1, max-image-preview:large, max-video-preview:-1\" \/>\n<link rel=\"canonical\" href=\"https:\/\/zsp1chojna.pl\/?p=6403\" \/>\n<meta property=\"og:locale\" content=\"pl_PL\" \/>\n<meta property=\"og:type\" content=\"article\" \/>\n<meta property=\"og:title\" content=\"KURS Norma PRO - ZSP w Chojnie\" \/>\n<meta property=\"og:description\" content=\"W dniach 4-7.02.2020 r. w ramach projektu RPO WZ \u201eInwestycja w kszta\u0142cenie zawodowe \u2013 inwestycj\u0105 w przysz\u0142o\u015b\u0107!\u201d realizowanego przez Zesp\u00f3\u0142 Szk\u00f3\u0142 Ponadpodstawowych w Chojnie zorganizowano dla nauczyciela przedmiot\u00f3w zawodowych teoretycznych [&hellip;]\" \/>\n<meta property=\"og:url\" content=\"https:\/\/zsp1chojna.pl\/?p=6403\" \/>\n<meta property=\"og:site_name\" content=\"ZSP w Chojnie\" \/>\n<meta property=\"article:published_time\" content=\"2020-02-04T22:23:00+00:00\" \/>\n<meta property=\"article:modified_time\" content=\"2023-10-15T21:27:07+00:00\" \/>\n<meta property=\"og:image\" content=\"https:\/\/zsp1chojna.pl\/wp-content\/uploads\/2023\/10\/kurs-norma-pro-2.jpg\" \/>\n\t<meta property=\"og:image:width\" content=\"584\" \/>\n\t<meta property=\"og:image:height\" content=\"394\" \/>\n\t<meta property=\"og:image:type\" content=\"image\/jpeg\" \/>\n<meta name=\"author\" content=\"admin\" \/>\n<meta name=\"twitter:card\" content=\"summary_large_image\" \/>\n<meta name=\"twitter:label1\" content=\"Napisane przez\" \/>\n\t<meta name=\"twitter:data1\" content=\"admin\" \/>\n\t<meta name=\"twitter:label2\" content=\"Szacowany czas czytania\" \/>\n\t<meta name=\"twitter:data2\" content=\"4 minuty\" \/>\n<script type=\"application\/ld+json\" class=\"yoast-schema-graph\">{\"@context\":\"https:\/\/schema.org\",\"@graph\":[{\"@type\":\"Article\",\"@id\":\"https:\/\/zsp1chojna.pl\/?p=6403#article\",\"isPartOf\":{\"@id\":\"https:\/\/zsp1chojna.pl\/?p=6403\"},\"author\":{\"name\":\"admin\",\"@id\":\"https:\/\/zsp1chojna.pl\/#\/schema\/person\/fe8d6c03379c9cface386de0c172e127\"},\"headline\":\"KURS Norma PRO\",\"datePublished\":\"2020-02-04T22:23:00+00:00\",\"dateModified\":\"2023-10-15T21:27:07+00:00\",\"mainEntityOfPage\":{\"@id\":\"https:\/\/zsp1chojna.pl\/?p=6403\"},\"wordCount\":465,\"commentCount\":0,\"publisher\":{\"@id\":\"https:\/\/zsp1chojna.pl\/#organization\"},\"articleSection\":[\"Aktualno\u015bci 2019\/2020\"],\"inLanguage\":\"pl-PL\",\"potentialAction\":[{\"@type\":\"CommentAction\",\"name\":\"Comment\",\"target\":[\"https:\/\/zsp1chojna.pl\/?p=6403#respond\"]}]},{\"@type\":\"WebPage\",\"@id\":\"https:\/\/zsp1chojna.pl\/?p=6403\",\"url\":\"https:\/\/zsp1chojna.pl\/?p=6403\",\"name\":\"KURS Norma PRO - ZSP w Chojnie\",\"isPartOf\":{\"@id\":\"https:\/\/zsp1chojna.pl\/#website\"},\"datePublished\":\"2020-02-04T22:23:00+00:00\",\"dateModified\":\"2023-10-15T21:27:07+00:00\",\"breadcrumb\":{\"@id\":\"https:\/\/zsp1chojna.pl\/?p=6403#breadcrumb\"},\"inLanguage\":\"pl-PL\",\"potentialAction\":[{\"@type\":\"ReadAction\",\"target\":[\"https:\/\/zsp1chojna.pl\/?p=6403\"]}]},{\"@type\":\"BreadcrumbList\",\"@id\":\"https:\/\/zsp1chojna.pl\/?p=6403#breadcrumb\",\"itemListElement\":[{\"@type\":\"ListItem\",\"position\":1,\"name\":\"Home\",\"item\":\"https:\/\/zsp1chojna.pl\/\"},{\"@type\":\"ListItem\",\"position\":2,\"name\":\"KURS Norma PRO\"}]},{\"@type\":\"WebSite\",\"@id\":\"https:\/\/zsp1chojna.pl\/#website\",\"url\":\"https:\/\/zsp1chojna.pl\/\",\"name\":\"ZSP w Chojnie\",\"description\":\"\",\"publisher\":{\"@id\":\"https:\/\/zsp1chojna.pl\/#organization\"},\"potentialAction\":[{\"@type\":\"SearchAction\",\"target\":{\"@type\":\"EntryPoint\",\"urlTemplate\":\"https:\/\/zsp1chojna.pl\/?s={search_term_string}\"},\"query-input\":\"required name=search_term_string\"}],\"inLanguage\":\"pl-PL\"},{\"@type\":\"Organization\",\"@id\":\"https:\/\/zsp1chojna.pl\/#organization\",\"name\":\"ZSP w Chojnie\",\"url\":\"https:\/\/zsp1chojna.pl\/\",\"logo\":{\"@type\":\"ImageObject\",\"inLanguage\":\"pl-PL\",\"@id\":\"https:\/\/zsp1chojna.pl\/#\/schema\/logo\/image\/\",\"url\":\"https:\/\/zsp1chojna.pl\/wp-content\/uploads\/2023\/08\/cropped-cropped-cropped-Logo-biale-napis-na-3-wiersze_504-1.png\",\"contentUrl\":\"https:\/\/zsp1chojna.pl\/wp-content\/uploads\/2023\/08\/cropped-cropped-cropped-Logo-biale-napis-na-3-wiersze_504-1.png\",\"width\":504,\"height\":167,\"caption\":\"ZSP w Chojnie\"},\"image\":{\"@id\":\"https:\/\/zsp1chojna.pl\/#\/schema\/logo\/image\/\"}},{\"@type\":\"Person\",\"@id\":\"https:\/\/zsp1chojna.pl\/#\/schema\/person\/fe8d6c03379c9cface386de0c172e127\",\"name\":\"admin\",\"image\":{\"@type\":\"ImageObject\",\"inLanguage\":\"pl-PL\",\"@id\":\"https:\/\/zsp1chojna.pl\/#\/schema\/person\/image\/\",\"url\":\"https:\/\/secure.gravatar.com\/avatar\/35d79b1d799ff9bac401976862e535bf785f4039d8313d3c00b303598a46dd4e?s=96&d=mm&r=g\",\"contentUrl\":\"https:\/\/secure.gravatar.com\/avatar\/35d79b1d799ff9bac401976862e535bf785f4039d8313d3c00b303598a46dd4e?s=96&d=mm&r=g\",\"caption\":\"admin\"},\"sameAs\":[\"http:\/\/nowazspchojna.pl\"],\"url\":\"https:\/\/zsp1chojna.pl\/?author=1\"}]}<\/script>\n<!-- \/ Yoast SEO plugin. -->","yoast_head_json":{"title":"KURS Norma PRO - ZSP w Chojnie","robots":{"index":"index","follow":"follow","max-snippet":"max-snippet:-1","max-image-preview":"max-image-preview:large","max-video-preview":"max-video-preview:-1"},"canonical":"https:\/\/zsp1chojna.pl\/?p=6403","og_locale":"pl_PL","og_type":"article","og_title":"KURS Norma PRO - ZSP w Chojnie","og_description":"W dniach 4-7.02.2020 r. w ramach projektu RPO WZ \u201eInwestycja w kszta\u0142cenie zawodowe \u2013 inwestycj\u0105 w przysz\u0142o\u015b\u0107!\u201d realizowanego przez Zesp\u00f3\u0142 Szk\u00f3\u0142 Ponadpodstawowych w Chojnie zorganizowano dla nauczyciela przedmiot\u00f3w zawodowych teoretycznych [&hellip;]","og_url":"https:\/\/zsp1chojna.pl\/?p=6403","og_site_name":"ZSP w Chojnie","article_published_time":"2020-02-04T22:23:00+00:00","article_modified_time":"2023-10-15T21:27:07+00:00","og_image":[{"width":584,"height":394,"url":"https:\/\/zsp1chojna.pl\/wp-content\/uploads\/2023\/10\/kurs-norma-pro-2.jpg","type":"image\/jpeg"}],"author":"admin","twitter_card":"summary_large_image","twitter_misc":{"Napisane przez":"admin","Szacowany czas czytania":"4 minuty"},"schema":{"@context":"https:\/\/schema.org","@graph":[{"@type":"Article","@id":"https:\/\/zsp1chojna.pl\/?p=6403#article","isPartOf":{"@id":"https:\/\/zsp1chojna.pl\/?p=6403"},"author":{"name":"admin","@id":"https:\/\/zsp1chojna.pl\/#\/schema\/person\/fe8d6c03379c9cface386de0c172e127"},"headline":"KURS Norma PRO","datePublished":"2020-02-04T22:23:00+00:00","dateModified":"2023-10-15T21:27:07+00:00","mainEntityOfPage":{"@id":"https:\/\/zsp1chojna.pl\/?p=6403"},"wordCount":465,"commentCount":0,"publisher":{"@id":"https:\/\/zsp1chojna.pl\/#organization"},"articleSection":["Aktualno\u015bci 2019\/2020"],"inLanguage":"pl-PL","potentialAction":[{"@type":"CommentAction","name":"Comment","target":["https:\/\/zsp1chojna.pl\/?p=6403#respond"]}]},{"@type":"WebPage","@id":"https:\/\/zsp1chojna.pl\/?p=6403","url":"https:\/\/zsp1chojna.pl\/?p=6403","name":"KURS Norma PRO - ZSP w Chojnie","isPartOf":{"@id":"https:\/\/zsp1chojna.pl\/#website"},"datePublished":"2020-02-04T22:23:00+00:00","dateModified":"2023-10-15T21:27:07+00:00","breadcrumb":{"@id":"https:\/\/zsp1chojna.pl\/?p=6403#breadcrumb"},"inLanguage":"pl-PL","potentialAction":[{"@type":"ReadAction","target":["https:\/\/zsp1chojna.pl\/?p=6403"]}]},{"@type":"BreadcrumbList","@id":"https:\/\/zsp1chojna.pl\/?p=6403#breadcrumb","itemListElement":[{"@type":"ListItem","position":1,"name":"Home","item":"https:\/\/zsp1chojna.pl\/"},{"@type":"ListItem","position":2,"name":"KURS Norma PRO"}]},{"@type":"WebSite","@id":"https:\/\/zsp1chojna.pl\/#website","url":"https:\/\/zsp1chojna.pl\/","name":"ZSP w Chojnie","description":"","publisher":{"@id":"https:\/\/zsp1chojna.pl\/#organization"},"potentialAction":[{"@type":"SearchAction","target":{"@type":"EntryPoint","urlTemplate":"https:\/\/zsp1chojna.pl\/?s={search_term_string}"},"query-input":"required name=search_term_string"}],"inLanguage":"pl-PL"},{"@type":"Organization","@id":"https:\/\/zsp1chojna.pl\/#organization","name":"ZSP w Chojnie","url":"https:\/\/zsp1chojna.pl\/","logo":{"@type":"ImageObject","inLanguage":"pl-PL","@id":"https:\/\/zsp1chojna.pl\/#\/schema\/logo\/image\/","url":"https:\/\/zsp1chojna.pl\/wp-content\/uploads\/2023\/08\/cropped-cropped-cropped-Logo-biale-napis-na-3-wiersze_504-1.png","contentUrl":"https:\/\/zsp1chojna.pl\/wp-content\/uploads\/2023\/08\/cropped-cropped-cropped-Logo-biale-napis-na-3-wiersze_504-1.png","width":504,"height":167,"caption":"ZSP w Chojnie"},"image":{"@id":"https:\/\/zsp1chojna.pl\/#\/schema\/logo\/image\/"}},{"@type":"Person","@id":"https:\/\/zsp1chojna.pl\/#\/schema\/person\/fe8d6c03379c9cface386de0c172e127","name":"admin","image":{"@type":"ImageObject","inLanguage":"pl-PL","@id":"https:\/\/zsp1chojna.pl\/#\/schema\/person\/image\/","url":"https:\/\/secure.gravatar.com\/avatar\/35d79b1d799ff9bac401976862e535bf785f4039d8313d3c00b303598a46dd4e?s=96&d=mm&r=g","contentUrl":"https:\/\/secure.gravatar.com\/avatar\/35d79b1d799ff9bac401976862e535bf785f4039d8313d3c00b303598a46dd4e?s=96&d=mm&r=g","caption":"admin"},"sameAs":["http:\/\/nowazspchojna.pl"],"url":"https:\/\/zsp1chojna.pl\/?author=1"}]}},"jetpack_featured_media_url":"https:\/\/zsp1chojna.pl\/wp-content\/uploads\/2023\/10\/kurs-norma-pro-2.jpg","_links":{"self":[{"href":"https:\/\/zsp1chojna.pl\/index.php?rest_route=\/wp\/v2\/posts\/6403","targetHints":{"allow":["GET"]}}],"collection":[{"href":"https:\/\/zsp1chojna.pl\/index.php?rest_route=\/wp\/v2\/posts"}],"about":[{"href":"https:\/\/zsp1chojna.pl\/index.php?rest_route=\/wp\/v2\/types\/post"}],"author":[{"embeddable":true,"href":"https:\/\/zsp1chojna.pl\/index.php?rest_route=\/wp\/v2\/users\/1"}],"replies":[{"embeddable":true,"href":"https:\/\/zsp1chojna.pl\/index.php?rest_route=%2Fwp%2Fv2%2Fcomments&post=6403"}],"version-history":[{"count":1,"href":"https:\/\/zsp1chojna.pl\/index.php?rest_route=\/wp\/v2\/posts\/6403\/revisions"}],"predecessor-version":[{"id":6409,"href":"https:\/\/zsp1chojna.pl\/index.php?rest_route=\/wp\/v2\/posts\/6403\/revisions\/6409"}],"wp:featuredmedia":[{"embeddable":true,"href":"https:\/\/zsp1chojna.pl\/index.php?rest_route=\/wp\/v2\/media\/6404"}],"wp:attachment":[{"href":"https:\/\/zsp1chojna.pl\/index.php?rest_route=%2Fwp%2Fv2%2Fmedia&parent=6403"}],"wp:term":[{"taxonomy":"category","embeddable":true,"href":"https:\/\/zsp1chojna.pl\/index.php?rest_route=%2Fwp%2Fv2%2Fcategories&post=6403"},{"taxonomy":"post_tag","embeddable":true,"href":"https:\/\/zsp1chojna.pl\/index.php?rest_route=%2Fwp%2Fv2%2Ftags&post=6403"}],"curies":[{"name":"wp","href":"https:\/\/api.w.org\/{rel}","templated":true}]}}