{"id":6155,"date":"2023-09-09T20:50:00","date_gmt":"2023-09-09T18:50:00","guid":{"rendered":"https:\/\/zsp1chojna.pl\/?p=6155"},"modified":"2023-11-02T14:57:05","modified_gmt":"2023-11-02T13:57:05","slug":"wzielismy-udzial-w-akcji-narodowe-czytanie-2","status":"publish","type":"post","link":"https:\/\/zsp1chojna.pl\/?p=6155","title":{"rendered":"Wzi\u0119li\u015bmy udzia\u0142 w\u00a0akcji Narodowe Czytanie"},"content":{"rendered":"\n<p class=\"has-text-align-justify\">9 wrze\u015bnia 2023 r., w ogrodach Zachodniopomorskiego Urz\u0119du Wojew\u00f3dzkiego w Szczecinie, odby\u0142a si\u0119 12 edycja og\u00f3lnopolskiej akcji \u2013 Narodowe Czytanie. Jest to akcja spo\u0142eczna, kt\u00f3rej celem jest propagowanie literatury narodowej. W tym roku, lektur\u0105 kt\u00f3r\u0105 czytano, by\u0142a proza Elizy Orzeszkowej \u201eNad Niemnem\u201d. To jeden z najwa\u017cniejszych utwor\u00f3w literatury polskiej, podejmuj\u0105cy tematyk\u0119 Powstania Styczniowego, kt\u00f3rego 160-lecie obchodzone jest w\u0142a\u015bnie w 2023 roku.<\/p>\n\n\n<div class=\"wp-block-image\">\n<figure class=\"aligncenter size-full is-resized\"><img loading=\"lazy\" decoding=\"async\" width=\"940\" height=\"788\" data-attachment-id=\"6156\" data-permalink=\"https:\/\/zsp1chojna.pl\/?attachment_id=6156\" data-orig-file=\"https:\/\/zsp1chojna.pl\/wp-content\/uploads\/2023\/10\/narodowe-czytanie-2023-1.png\" data-orig-size=\"940,788\" data-comments-opened=\"1\" data-image-meta=\"{&quot;aperture&quot;:&quot;0&quot;,&quot;credit&quot;:&quot;&quot;,&quot;camera&quot;:&quot;&quot;,&quot;caption&quot;:&quot;&quot;,&quot;created_timestamp&quot;:&quot;0&quot;,&quot;copyright&quot;:&quot;&quot;,&quot;focal_length&quot;:&quot;0&quot;,&quot;iso&quot;:&quot;0&quot;,&quot;shutter_speed&quot;:&quot;0&quot;,&quot;title&quot;:&quot;&quot;,&quot;orientation&quot;:&quot;0&quot;}\" data-image-title=\"narodowe-czytanie-2023-1\" data-image-description=\"\" data-image-caption=\"\" data-medium-file=\"https:\/\/zsp1chojna.pl\/wp-content\/uploads\/2023\/10\/narodowe-czytanie-2023-1-300x251.png\" data-large-file=\"https:\/\/zsp1chojna.pl\/wp-content\/uploads\/2023\/10\/narodowe-czytanie-2023-1.png\" src=\"https:\/\/zsp1chojna.pl\/wp-content\/uploads\/2023\/10\/narodowe-czytanie-2023-1.png\" alt=\"\" class=\"wp-image-6156\" style=\"width:632px;height:530px\" srcset=\"https:\/\/zsp1chojna.pl\/wp-content\/uploads\/2023\/10\/narodowe-czytanie-2023-1.png 940w, https:\/\/zsp1chojna.pl\/wp-content\/uploads\/2023\/10\/narodowe-czytanie-2023-1-300x251.png 300w, https:\/\/zsp1chojna.pl\/wp-content\/uploads\/2023\/10\/narodowe-czytanie-2023-1-768x644.png 768w, https:\/\/zsp1chojna.pl\/wp-content\/uploads\/2023\/10\/narodowe-czytanie-2023-1-624x523.png 624w\" sizes=\"auto, (max-width: 940px) 100vw, 940px\" \/><\/figure>\n<\/div>\n\n\n<p class=\"has-text-align-justify\">Organizatorem, a zarazem gospodarzem wydarzenia, by\u0142 Wojewoda Zachodniopomorski Zbigniew Bogucki wraz z Zachodniopomorskim Kuratorem O\u015bwiaty Katarzyn\u0105 Koszewsk\u0105. W\u015br\u00f3d zaproszonych go\u015bci, kt\u00f3rzy czytali fragmenty ksi\u0105\u017cki, byli mi\u0119dzy innymi: Agnieszka Kurzawa \u2013 Radna Miasta Szczecin, przedstawiciele M\u0142odzie\u017cowej Rady Miasta Szczecin oraz m\u0142odzie\u017c dziesi\u0119ciu szk\u00f3\u0142 ponadpodstawowych wojew\u00f3dztwa zachodniopomorskiego.<\/p>\n\n\n<div class=\"wp-block-image\">\n<figure class=\"aligncenter size-full\"><img loading=\"lazy\" decoding=\"async\" width=\"852\" height=\"572\" data-attachment-id=\"6157\" data-permalink=\"https:\/\/zsp1chojna.pl\/?attachment_id=6157\" data-orig-file=\"https:\/\/zsp1chojna.pl\/wp-content\/uploads\/2023\/10\/narodowe-czytanie-2023-1.jpg\" data-orig-size=\"852,572\" data-comments-opened=\"1\" data-image-meta=\"{&quot;aperture&quot;:&quot;0&quot;,&quot;credit&quot;:&quot;&quot;,&quot;camera&quot;:&quot;&quot;,&quot;caption&quot;:&quot;&quot;,&quot;created_timestamp&quot;:&quot;0&quot;,&quot;copyright&quot;:&quot;&quot;,&quot;focal_length&quot;:&quot;0&quot;,&quot;iso&quot;:&quot;0&quot;,&quot;shutter_speed&quot;:&quot;0&quot;,&quot;title&quot;:&quot;&quot;,&quot;orientation&quot;:&quot;0&quot;}\" data-image-title=\"narodowe-czytanie-2023-1\" data-image-description=\"\" data-image-caption=\"\" data-medium-file=\"https:\/\/zsp1chojna.pl\/wp-content\/uploads\/2023\/10\/narodowe-czytanie-2023-1-300x201.jpg\" data-large-file=\"https:\/\/zsp1chojna.pl\/wp-content\/uploads\/2023\/10\/narodowe-czytanie-2023-1.jpg\" src=\"https:\/\/zsp1chojna.pl\/wp-content\/uploads\/2023\/10\/narodowe-czytanie-2023-1.jpg\" alt=\"\" class=\"wp-image-6157\" srcset=\"https:\/\/zsp1chojna.pl\/wp-content\/uploads\/2023\/10\/narodowe-czytanie-2023-1.jpg 852w, https:\/\/zsp1chojna.pl\/wp-content\/uploads\/2023\/10\/narodowe-czytanie-2023-1-300x201.jpg 300w, https:\/\/zsp1chojna.pl\/wp-content\/uploads\/2023\/10\/narodowe-czytanie-2023-1-768x516.jpg 768w, https:\/\/zsp1chojna.pl\/wp-content\/uploads\/2023\/10\/narodowe-czytanie-2023-1-624x419.jpg 624w, https:\/\/zsp1chojna.pl\/wp-content\/uploads\/2023\/10\/narodowe-czytanie-2023-1-84x56.jpg 84w\" sizes=\"auto, (max-width: 852px) 100vw, 852px\" \/><\/figure>\n<\/div>\n\n\n<p class=\"has-text-align-justify\">W pi\u0119knej scenerii, w otoczeniu przyrody, szumu wiatru i wrze\u015bniowego s\u0142o\u0144ca, wybrzmiewa\u0142y s\u0142owa powie\u015bci Nad Niemnem. Wys\u0142uchali\u015bmy pi\u0119knej legendy o Janie i&nbsp;Cecylii oraz fragment\u00f3w dotycz\u0105cych bohater\u00f3w Powstania Styczniowego. Us\u0142yszeli\u015bmy r\u00f3wnie\u017c histori\u0119 zwa\u015bnionych rodzin Bohatyrowicz\u00f3w i Korczy\u0144skich oraz dzieje &nbsp;mi\u0142o\u015bci Justyny i Jana.<\/p>\n\n\n<div class=\"wp-block-image\">\n<figure class=\"aligncenter size-full\"><img loading=\"lazy\" decoding=\"async\" width=\"850\" height=\"568\" data-attachment-id=\"6158\" data-permalink=\"https:\/\/zsp1chojna.pl\/?attachment_id=6158\" data-orig-file=\"https:\/\/zsp1chojna.pl\/wp-content\/uploads\/2023\/10\/narodowe-czytanie-2023-2.png\" data-orig-size=\"850,568\" data-comments-opened=\"1\" data-image-meta=\"{&quot;aperture&quot;:&quot;0&quot;,&quot;credit&quot;:&quot;&quot;,&quot;camera&quot;:&quot;&quot;,&quot;caption&quot;:&quot;&quot;,&quot;created_timestamp&quot;:&quot;0&quot;,&quot;copyright&quot;:&quot;&quot;,&quot;focal_length&quot;:&quot;0&quot;,&quot;iso&quot;:&quot;0&quot;,&quot;shutter_speed&quot;:&quot;0&quot;,&quot;title&quot;:&quot;&quot;,&quot;orientation&quot;:&quot;0&quot;}\" data-image-title=\"narodowe-czytanie-2023-2\" data-image-description=\"\" data-image-caption=\"\" data-medium-file=\"https:\/\/zsp1chojna.pl\/wp-content\/uploads\/2023\/10\/narodowe-czytanie-2023-2-300x200.png\" data-large-file=\"https:\/\/zsp1chojna.pl\/wp-content\/uploads\/2023\/10\/narodowe-czytanie-2023-2.png\" src=\"https:\/\/zsp1chojna.pl\/wp-content\/uploads\/2023\/10\/narodowe-czytanie-2023-2.png\" alt=\"\" class=\"wp-image-6158\" srcset=\"https:\/\/zsp1chojna.pl\/wp-content\/uploads\/2023\/10\/narodowe-czytanie-2023-2.png 850w, https:\/\/zsp1chojna.pl\/wp-content\/uploads\/2023\/10\/narodowe-czytanie-2023-2-300x200.png 300w, https:\/\/zsp1chojna.pl\/wp-content\/uploads\/2023\/10\/narodowe-czytanie-2023-2-768x513.png 768w, https:\/\/zsp1chojna.pl\/wp-content\/uploads\/2023\/10\/narodowe-czytanie-2023-2-624x417.png 624w, https:\/\/zsp1chojna.pl\/wp-content\/uploads\/2023\/10\/narodowe-czytanie-2023-2-84x56.png 84w\" sizes=\"auto, (max-width: 850px) 100vw, 850px\" \/><\/figure>\n<\/div>\n\n\n<p class=\"has-text-align-justify\">Nasz\u0105 szko\u0142\u0119 reprezentowali uczniowie klasy 2a LO: Aleksandra Kozak, Antonina \u0141\u0119towska oraz Alan Ferenc. Na zako\u0144czenie spotkania pani kurator podzi\u0119kowa\u0142a wszystkim uczestnikom za&nbsp;udzia\u0142 w wydarzeniu, wr\u0119czy\u0142a pami\u0105tkowe dyplomy oraz ksi\u0105\u017cki z okoliczno\u015bciowym stemplem.<\/p>\n\n\n<div class=\"wp-block-image\">\n<figure class=\"aligncenter size-full\"><img loading=\"lazy\" decoding=\"async\" width=\"850\" height=\"568\" data-attachment-id=\"6159\" data-permalink=\"https:\/\/zsp1chojna.pl\/?attachment_id=6159\" data-orig-file=\"https:\/\/zsp1chojna.pl\/wp-content\/uploads\/2023\/10\/narodowe-czytanie-2023-3.png\" data-orig-size=\"850,568\" data-comments-opened=\"1\" data-image-meta=\"{&quot;aperture&quot;:&quot;0&quot;,&quot;credit&quot;:&quot;&quot;,&quot;camera&quot;:&quot;&quot;,&quot;caption&quot;:&quot;&quot;,&quot;created_timestamp&quot;:&quot;0&quot;,&quot;copyright&quot;:&quot;&quot;,&quot;focal_length&quot;:&quot;0&quot;,&quot;iso&quot;:&quot;0&quot;,&quot;shutter_speed&quot;:&quot;0&quot;,&quot;title&quot;:&quot;&quot;,&quot;orientation&quot;:&quot;0&quot;}\" data-image-title=\"narodowe-czytanie-2023-3\" data-image-description=\"\" data-image-caption=\"\" data-medium-file=\"https:\/\/zsp1chojna.pl\/wp-content\/uploads\/2023\/10\/narodowe-czytanie-2023-3-300x200.png\" data-large-file=\"https:\/\/zsp1chojna.pl\/wp-content\/uploads\/2023\/10\/narodowe-czytanie-2023-3.png\" src=\"https:\/\/zsp1chojna.pl\/wp-content\/uploads\/2023\/10\/narodowe-czytanie-2023-3.png\" alt=\"\" class=\"wp-image-6159\" srcset=\"https:\/\/zsp1chojna.pl\/wp-content\/uploads\/2023\/10\/narodowe-czytanie-2023-3.png 850w, https:\/\/zsp1chojna.pl\/wp-content\/uploads\/2023\/10\/narodowe-czytanie-2023-3-300x200.png 300w, https:\/\/zsp1chojna.pl\/wp-content\/uploads\/2023\/10\/narodowe-czytanie-2023-3-768x513.png 768w, https:\/\/zsp1chojna.pl\/wp-content\/uploads\/2023\/10\/narodowe-czytanie-2023-3-624x417.png 624w, https:\/\/zsp1chojna.pl\/wp-content\/uploads\/2023\/10\/narodowe-czytanie-2023-3-84x56.png 84w\" sizes=\"auto, (max-width: 850px) 100vw, 850px\" \/><\/figure>\n<\/div>\n\n<div class=\"wp-block-image\">\n<figure class=\"aligncenter size-large\"><img loading=\"lazy\" decoding=\"async\" width=\"646\" height=\"1024\" data-attachment-id=\"6161\" data-permalink=\"https:\/\/zsp1chojna.pl\/?attachment_id=6161\" data-orig-file=\"https:\/\/zsp1chojna.pl\/wp-content\/uploads\/2023\/10\/narodowe-czytanie-2023-4-1.png\" data-orig-size=\"932,1477\" data-comments-opened=\"1\" data-image-meta=\"{&quot;aperture&quot;:&quot;0&quot;,&quot;credit&quot;:&quot;&quot;,&quot;camera&quot;:&quot;&quot;,&quot;caption&quot;:&quot;&quot;,&quot;created_timestamp&quot;:&quot;0&quot;,&quot;copyright&quot;:&quot;&quot;,&quot;focal_length&quot;:&quot;0&quot;,&quot;iso&quot;:&quot;0&quot;,&quot;shutter_speed&quot;:&quot;0&quot;,&quot;title&quot;:&quot;&quot;,&quot;orientation&quot;:&quot;0&quot;}\" data-image-title=\"narodowe-czytanie-2023-4-1\" data-image-description=\"\" data-image-caption=\"\" data-medium-file=\"https:\/\/zsp1chojna.pl\/wp-content\/uploads\/2023\/10\/narodowe-czytanie-2023-4-1-189x300.png\" data-large-file=\"https:\/\/zsp1chojna.pl\/wp-content\/uploads\/2023\/10\/narodowe-czytanie-2023-4-1-646x1024.png\" src=\"https:\/\/zsp1chojna.pl\/wp-content\/uploads\/2023\/10\/narodowe-czytanie-2023-4-1-646x1024.png\" alt=\"\" class=\"wp-image-6161\" srcset=\"https:\/\/zsp1chojna.pl\/wp-content\/uploads\/2023\/10\/narodowe-czytanie-2023-4-1-646x1024.png 646w, https:\/\/zsp1chojna.pl\/wp-content\/uploads\/2023\/10\/narodowe-czytanie-2023-4-1-189x300.png 189w, https:\/\/zsp1chojna.pl\/wp-content\/uploads\/2023\/10\/narodowe-czytanie-2023-4-1-768x1217.png 768w, https:\/\/zsp1chojna.pl\/wp-content\/uploads\/2023\/10\/narodowe-czytanie-2023-4-1-624x989.png 624w, https:\/\/zsp1chojna.pl\/wp-content\/uploads\/2023\/10\/narodowe-czytanie-2023-4-1.png 932w\" sizes=\"auto, (max-width: 646px) 100vw, 646px\" \/><\/figure>\n<\/div>\n\n\n<p class=\"has-text-align-right\">mgr Gabriela Lasowska<\/p>\n","protected":false},"excerpt":{"rendered":"<p>9 wrze\u015bnia 2023 r., w ogrodach Zachodniopomorskiego Urz\u0119du Wojew\u00f3dzkiego w Szczecinie, odby\u0142a si\u0119 12 edycja og\u00f3lnopolskiej akcji \u2013 Narodowe Czytanie. Jest to akcja spo\u0142eczna, kt\u00f3rej celem jest propagowanie literatury narodowej. [&hellip;]<\/p>\n","protected":false},"author":1,"featured_media":6158,"comment_status":"open","ping_status":"open","sticky":false,"template":"","format":"standard","meta":{"footnotes":""},"categories":[26],"tags":[],"class_list":["post-6155","post","type-post","status-publish","format-standard","has-post-thumbnail","hentry","category-aktualnosci-2023-2024"],"wbAuthor":{"name":"admin","link":"https:\/\/zsp1chojna.pl\/?author=1"},"wbDate":"wrz 9, 2023","wbCategories":{"space":"<a href=\"https:\/\/zsp1chojna.pl\/?cat=26\" rel=\"category\">Aktualno\u015bci 2023\/2024<\/a>","coma":"<a href=\"https:\/\/zsp1chojna.pl\/?cat=26\" rel=\"category\">Aktualno\u015bci 2023\/2024<\/a>"},"wbComment":0,"yoast_head":"<!-- This site is optimized with the Yoast SEO plugin v20.13 - https:\/\/yoast.com\/wordpress\/plugins\/seo\/ -->\n<title>Wzi\u0119li\u015bmy udzia\u0142 w\u00a0akcji Narodowe Czytanie - ZSP w Chojnie<\/title>\n<meta name=\"robots\" content=\"index, follow, max-snippet:-1, max-image-preview:large, max-video-preview:-1\" \/>\n<link rel=\"canonical\" href=\"https:\/\/zsp1chojna.pl\/?p=6155\" \/>\n<meta property=\"og:locale\" content=\"pl_PL\" \/>\n<meta property=\"og:type\" content=\"article\" \/>\n<meta property=\"og:title\" content=\"Wzi\u0119li\u015bmy udzia\u0142 w\u00a0akcji Narodowe Czytanie - ZSP w Chojnie\" \/>\n<meta property=\"og:description\" content=\"9 wrze\u015bnia 2023 r., w ogrodach Zachodniopomorskiego Urz\u0119du Wojew\u00f3dzkiego w Szczecinie, odby\u0142a si\u0119 12 edycja og\u00f3lnopolskiej akcji \u2013 Narodowe Czytanie. Jest to akcja spo\u0142eczna, kt\u00f3rej celem jest propagowanie literatury narodowej. [&hellip;]\" \/>\n<meta property=\"og:url\" content=\"https:\/\/zsp1chojna.pl\/?p=6155\" \/>\n<meta property=\"og:site_name\" content=\"ZSP w Chojnie\" \/>\n<meta property=\"article:published_time\" content=\"2023-09-09T18:50:00+00:00\" \/>\n<meta property=\"article:modified_time\" content=\"2023-11-02T13:57:05+00:00\" \/>\n<meta property=\"og:image\" content=\"https:\/\/zsp1chojna.pl\/wp-content\/uploads\/2023\/10\/narodowe-czytanie-2023-2.png\" \/>\n\t<meta property=\"og:image:width\" content=\"850\" \/>\n\t<meta property=\"og:image:height\" content=\"568\" \/>\n\t<meta property=\"og:image:type\" content=\"image\/png\" \/>\n<meta name=\"author\" content=\"admin\" \/>\n<meta name=\"twitter:card\" content=\"summary_large_image\" \/>\n<meta name=\"twitter:label1\" content=\"Napisane przez\" \/>\n\t<meta name=\"twitter:data1\" content=\"admin\" \/>\n\t<meta name=\"twitter:label2\" content=\"Szacowany czas czytania\" \/>\n\t<meta name=\"twitter:data2\" content=\"3 minuty\" \/>\n<script type=\"application\/ld+json\" class=\"yoast-schema-graph\">{\"@context\":\"https:\/\/schema.org\",\"@graph\":[{\"@type\":\"Article\",\"@id\":\"https:\/\/zsp1chojna.pl\/?p=6155#article\",\"isPartOf\":{\"@id\":\"https:\/\/zsp1chojna.pl\/?p=6155\"},\"author\":{\"name\":\"admin\",\"@id\":\"https:\/\/zsp1chojna.pl\/#\/schema\/person\/fe8d6c03379c9cface386de0c172e127\"},\"headline\":\"Wzi\u0119li\u015bmy udzia\u0142 w\u00a0akcji Narodowe Czytanie\",\"datePublished\":\"2023-09-09T18:50:00+00:00\",\"dateModified\":\"2023-11-02T13:57:05+00:00\",\"mainEntityOfPage\":{\"@id\":\"https:\/\/zsp1chojna.pl\/?p=6155\"},\"wordCount\":247,\"commentCount\":0,\"publisher\":{\"@id\":\"https:\/\/zsp1chojna.pl\/#organization\"},\"articleSection\":[\"Aktualno\u015bci 2023\/2024\"],\"inLanguage\":\"pl-PL\",\"potentialAction\":[{\"@type\":\"CommentAction\",\"name\":\"Comment\",\"target\":[\"https:\/\/zsp1chojna.pl\/?p=6155#respond\"]}]},{\"@type\":\"WebPage\",\"@id\":\"https:\/\/zsp1chojna.pl\/?p=6155\",\"url\":\"https:\/\/zsp1chojna.pl\/?p=6155\",\"name\":\"Wzi\u0119li\u015bmy udzia\u0142 w\u00a0akcji Narodowe Czytanie - ZSP w Chojnie\",\"isPartOf\":{\"@id\":\"https:\/\/zsp1chojna.pl\/#website\"},\"datePublished\":\"2023-09-09T18:50:00+00:00\",\"dateModified\":\"2023-11-02T13:57:05+00:00\",\"breadcrumb\":{\"@id\":\"https:\/\/zsp1chojna.pl\/?p=6155#breadcrumb\"},\"inLanguage\":\"pl-PL\",\"potentialAction\":[{\"@type\":\"ReadAction\",\"target\":[\"https:\/\/zsp1chojna.pl\/?p=6155\"]}]},{\"@type\":\"BreadcrumbList\",\"@id\":\"https:\/\/zsp1chojna.pl\/?p=6155#breadcrumb\",\"itemListElement\":[{\"@type\":\"ListItem\",\"position\":1,\"name\":\"Home\",\"item\":\"https:\/\/zsp1chojna.pl\/\"},{\"@type\":\"ListItem\",\"position\":2,\"name\":\"Wzi\u0119li\u015bmy udzia\u0142 w\u00a0akcji Narodowe Czytanie\"}]},{\"@type\":\"WebSite\",\"@id\":\"https:\/\/zsp1chojna.pl\/#website\",\"url\":\"https:\/\/zsp1chojna.pl\/\",\"name\":\"ZSP w Chojnie\",\"description\":\"\",\"publisher\":{\"@id\":\"https:\/\/zsp1chojna.pl\/#organization\"},\"potentialAction\":[{\"@type\":\"SearchAction\",\"target\":{\"@type\":\"EntryPoint\",\"urlTemplate\":\"https:\/\/zsp1chojna.pl\/?s={search_term_string}\"},\"query-input\":\"required name=search_term_string\"}],\"inLanguage\":\"pl-PL\"},{\"@type\":\"Organization\",\"@id\":\"https:\/\/zsp1chojna.pl\/#organization\",\"name\":\"ZSP w Chojnie\",\"url\":\"https:\/\/zsp1chojna.pl\/\",\"logo\":{\"@type\":\"ImageObject\",\"inLanguage\":\"pl-PL\",\"@id\":\"https:\/\/zsp1chojna.pl\/#\/schema\/logo\/image\/\",\"url\":\"https:\/\/zsp1chojna.pl\/wp-content\/uploads\/2023\/08\/cropped-cropped-cropped-Logo-biale-napis-na-3-wiersze_504-1.png\",\"contentUrl\":\"https:\/\/zsp1chojna.pl\/wp-content\/uploads\/2023\/08\/cropped-cropped-cropped-Logo-biale-napis-na-3-wiersze_504-1.png\",\"width\":504,\"height\":167,\"caption\":\"ZSP w Chojnie\"},\"image\":{\"@id\":\"https:\/\/zsp1chojna.pl\/#\/schema\/logo\/image\/\"}},{\"@type\":\"Person\",\"@id\":\"https:\/\/zsp1chojna.pl\/#\/schema\/person\/fe8d6c03379c9cface386de0c172e127\",\"name\":\"admin\",\"image\":{\"@type\":\"ImageObject\",\"inLanguage\":\"pl-PL\",\"@id\":\"https:\/\/zsp1chojna.pl\/#\/schema\/person\/image\/\",\"url\":\"https:\/\/secure.gravatar.com\/avatar\/35d79b1d799ff9bac401976862e535bf785f4039d8313d3c00b303598a46dd4e?s=96&d=mm&r=g\",\"contentUrl\":\"https:\/\/secure.gravatar.com\/avatar\/35d79b1d799ff9bac401976862e535bf785f4039d8313d3c00b303598a46dd4e?s=96&d=mm&r=g\",\"caption\":\"admin\"},\"sameAs\":[\"http:\/\/nowazspchojna.pl\"],\"url\":\"https:\/\/zsp1chojna.pl\/?author=1\"}]}<\/script>\n<!-- \/ Yoast SEO plugin. -->","yoast_head_json":{"title":"Wzi\u0119li\u015bmy udzia\u0142 w\u00a0akcji Narodowe Czytanie - ZSP w Chojnie","robots":{"index":"index","follow":"follow","max-snippet":"max-snippet:-1","max-image-preview":"max-image-preview:large","max-video-preview":"max-video-preview:-1"},"canonical":"https:\/\/zsp1chojna.pl\/?p=6155","og_locale":"pl_PL","og_type":"article","og_title":"Wzi\u0119li\u015bmy udzia\u0142 w\u00a0akcji Narodowe Czytanie - ZSP w Chojnie","og_description":"9 wrze\u015bnia 2023 r., w ogrodach Zachodniopomorskiego Urz\u0119du Wojew\u00f3dzkiego w Szczecinie, odby\u0142a si\u0119 12 edycja og\u00f3lnopolskiej akcji \u2013 Narodowe Czytanie. Jest to akcja spo\u0142eczna, kt\u00f3rej celem jest propagowanie literatury narodowej. [&hellip;]","og_url":"https:\/\/zsp1chojna.pl\/?p=6155","og_site_name":"ZSP w Chojnie","article_published_time":"2023-09-09T18:50:00+00:00","article_modified_time":"2023-11-02T13:57:05+00:00","og_image":[{"width":850,"height":568,"url":"https:\/\/zsp1chojna.pl\/wp-content\/uploads\/2023\/10\/narodowe-czytanie-2023-2.png","type":"image\/png"}],"author":"admin","twitter_card":"summary_large_image","twitter_misc":{"Napisane przez":"admin","Szacowany czas czytania":"3 minuty"},"schema":{"@context":"https:\/\/schema.org","@graph":[{"@type":"Article","@id":"https:\/\/zsp1chojna.pl\/?p=6155#article","isPartOf":{"@id":"https:\/\/zsp1chojna.pl\/?p=6155"},"author":{"name":"admin","@id":"https:\/\/zsp1chojna.pl\/#\/schema\/person\/fe8d6c03379c9cface386de0c172e127"},"headline":"Wzi\u0119li\u015bmy udzia\u0142 w\u00a0akcji Narodowe Czytanie","datePublished":"2023-09-09T18:50:00+00:00","dateModified":"2023-11-02T13:57:05+00:00","mainEntityOfPage":{"@id":"https:\/\/zsp1chojna.pl\/?p=6155"},"wordCount":247,"commentCount":0,"publisher":{"@id":"https:\/\/zsp1chojna.pl\/#organization"},"articleSection":["Aktualno\u015bci 2023\/2024"],"inLanguage":"pl-PL","potentialAction":[{"@type":"CommentAction","name":"Comment","target":["https:\/\/zsp1chojna.pl\/?p=6155#respond"]}]},{"@type":"WebPage","@id":"https:\/\/zsp1chojna.pl\/?p=6155","url":"https:\/\/zsp1chojna.pl\/?p=6155","name":"Wzi\u0119li\u015bmy udzia\u0142 w\u00a0akcji Narodowe Czytanie - ZSP w Chojnie","isPartOf":{"@id":"https:\/\/zsp1chojna.pl\/#website"},"datePublished":"2023-09-09T18:50:00+00:00","dateModified":"2023-11-02T13:57:05+00:00","breadcrumb":{"@id":"https:\/\/zsp1chojna.pl\/?p=6155#breadcrumb"},"inLanguage":"pl-PL","potentialAction":[{"@type":"ReadAction","target":["https:\/\/zsp1chojna.pl\/?p=6155"]}]},{"@type":"BreadcrumbList","@id":"https:\/\/zsp1chojna.pl\/?p=6155#breadcrumb","itemListElement":[{"@type":"ListItem","position":1,"name":"Home","item":"https:\/\/zsp1chojna.pl\/"},{"@type":"ListItem","position":2,"name":"Wzi\u0119li\u015bmy udzia\u0142 w\u00a0akcji Narodowe Czytanie"}]},{"@type":"WebSite","@id":"https:\/\/zsp1chojna.pl\/#website","url":"https:\/\/zsp1chojna.pl\/","name":"ZSP w Chojnie","description":"","publisher":{"@id":"https:\/\/zsp1chojna.pl\/#organization"},"potentialAction":[{"@type":"SearchAction","target":{"@type":"EntryPoint","urlTemplate":"https:\/\/zsp1chojna.pl\/?s={search_term_string}"},"query-input":"required name=search_term_string"}],"inLanguage":"pl-PL"},{"@type":"Organization","@id":"https:\/\/zsp1chojna.pl\/#organization","name":"ZSP w Chojnie","url":"https:\/\/zsp1chojna.pl\/","logo":{"@type":"ImageObject","inLanguage":"pl-PL","@id":"https:\/\/zsp1chojna.pl\/#\/schema\/logo\/image\/","url":"https:\/\/zsp1chojna.pl\/wp-content\/uploads\/2023\/08\/cropped-cropped-cropped-Logo-biale-napis-na-3-wiersze_504-1.png","contentUrl":"https:\/\/zsp1chojna.pl\/wp-content\/uploads\/2023\/08\/cropped-cropped-cropped-Logo-biale-napis-na-3-wiersze_504-1.png","width":504,"height":167,"caption":"ZSP w Chojnie"},"image":{"@id":"https:\/\/zsp1chojna.pl\/#\/schema\/logo\/image\/"}},{"@type":"Person","@id":"https:\/\/zsp1chojna.pl\/#\/schema\/person\/fe8d6c03379c9cface386de0c172e127","name":"admin","image":{"@type":"ImageObject","inLanguage":"pl-PL","@id":"https:\/\/zsp1chojna.pl\/#\/schema\/person\/image\/","url":"https:\/\/secure.gravatar.com\/avatar\/35d79b1d799ff9bac401976862e535bf785f4039d8313d3c00b303598a46dd4e?s=96&d=mm&r=g","contentUrl":"https:\/\/secure.gravatar.com\/avatar\/35d79b1d799ff9bac401976862e535bf785f4039d8313d3c00b303598a46dd4e?s=96&d=mm&r=g","caption":"admin"},"sameAs":["http:\/\/nowazspchojna.pl"],"url":"https:\/\/zsp1chojna.pl\/?author=1"}]}},"jetpack_featured_media_url":"https:\/\/zsp1chojna.pl\/wp-content\/uploads\/2023\/10\/narodowe-czytanie-2023-2.png","_links":{"self":[{"href":"https:\/\/zsp1chojna.pl\/index.php?rest_route=\/wp\/v2\/posts\/6155","targetHints":{"allow":["GET"]}}],"collection":[{"href":"https:\/\/zsp1chojna.pl\/index.php?rest_route=\/wp\/v2\/posts"}],"about":[{"href":"https:\/\/zsp1chojna.pl\/index.php?rest_route=\/wp\/v2\/types\/post"}],"author":[{"embeddable":true,"href":"https:\/\/zsp1chojna.pl\/index.php?rest_route=\/wp\/v2\/users\/1"}],"replies":[{"embeddable":true,"href":"https:\/\/zsp1chojna.pl\/index.php?rest_route=%2Fwp%2Fv2%2Fcomments&post=6155"}],"version-history":[{"count":3,"href":"https:\/\/zsp1chojna.pl\/index.php?rest_route=\/wp\/v2\/posts\/6155\/revisions"}],"predecessor-version":[{"id":6711,"href":"https:\/\/zsp1chojna.pl\/index.php?rest_route=\/wp\/v2\/posts\/6155\/revisions\/6711"}],"wp:featuredmedia":[{"embeddable":true,"href":"https:\/\/zsp1chojna.pl\/index.php?rest_route=\/wp\/v2\/media\/6158"}],"wp:attachment":[{"href":"https:\/\/zsp1chojna.pl\/index.php?rest_route=%2Fwp%2Fv2%2Fmedia&parent=6155"}],"wp:term":[{"taxonomy":"category","embeddable":true,"href":"https:\/\/zsp1chojna.pl\/index.php?rest_route=%2Fwp%2Fv2%2Fcategories&post=6155"},{"taxonomy":"post_tag","embeddable":true,"href":"https:\/\/zsp1chojna.pl\/index.php?rest_route=%2Fwp%2Fv2%2Ftags&post=6155"}],"curies":[{"name":"wp","href":"https:\/\/api.w.org\/{rel}","templated":true}]}}