{"id":6116,"date":"2023-09-27T09:44:00","date_gmt":"2023-09-27T07:44:00","guid":{"rendered":"https:\/\/zsp1chojna.pl\/?p=6116"},"modified":"2023-10-07T16:16:30","modified_gmt":"2023-10-07T14:16:30","slug":"uczniowie-opw-realizowali-zajecia-praktyczne-w-5-pulku-inzynieryjnym-w-szczecinie","status":"publish","type":"post","link":"https:\/\/zsp1chojna.pl\/?p=6116","title":{"rendered":"Uczniowie OPW\u00a0realizowali zaj\u0119cia praktyczne\u00a0w 5 Pu\u0142ku In\u017cynieryjnym w Szczecinie.\u00a0"},"content":{"rendered":"\n<p class=\"has-text-align-justify\">27 wrze\u015bnia 2023 r. kadeci kl. 1c LO oraz kl. 2c LO Oddzia\u0142u Przygotowania Wojskowego Zespo\u0142u Szk\u00f3\u0142 Ponadpodstawowych w Chojnie, po raz pierwszy w tym roku szkolnym, realizowali zaj\u0119cia praktyczne w 5 Pu\u0142ku In\u017cynieryjnym w Szczecinie.<\/p>\n\n\n\n<div class=\"wp-block-columns is-layout-flex wp-container-core-columns-is-layout-9d6595d7 wp-block-columns-is-layout-flex\">\n<div class=\"wp-block-column is-layout-flow wp-block-column-is-layout-flow\"><div class=\"wp-block-image\">\n<figure class=\"alignright size-full\"><img loading=\"lazy\" decoding=\"async\" width=\"550\" height=\"347\" data-attachment-id=\"6113\" data-permalink=\"https:\/\/zsp1chojna.pl\/?attachment_id=6113\" data-orig-file=\"https:\/\/zsp1chojna.pl\/wp-content\/uploads\/2023\/10\/zajecia5pulk-1.jpg\" data-orig-size=\"550,347\" data-comments-opened=\"1\" data-image-meta=\"{&quot;aperture&quot;:&quot;0&quot;,&quot;credit&quot;:&quot;&quot;,&quot;camera&quot;:&quot;&quot;,&quot;caption&quot;:&quot;&quot;,&quot;created_timestamp&quot;:&quot;0&quot;,&quot;copyright&quot;:&quot;&quot;,&quot;focal_length&quot;:&quot;0&quot;,&quot;iso&quot;:&quot;0&quot;,&quot;shutter_speed&quot;:&quot;0&quot;,&quot;title&quot;:&quot;&quot;,&quot;orientation&quot;:&quot;0&quot;}\" data-image-title=\"zajecia5pulk-1\" data-image-description=\"\" data-image-caption=\"\" data-medium-file=\"https:\/\/zsp1chojna.pl\/wp-content\/uploads\/2023\/10\/zajecia5pulk-1-300x189.jpg\" data-large-file=\"https:\/\/zsp1chojna.pl\/wp-content\/uploads\/2023\/10\/zajecia5pulk-1.jpg\" src=\"https:\/\/zsp1chojna.pl\/wp-content\/uploads\/2023\/10\/zajecia5pulk-1.jpg\" alt=\"\" class=\"wp-image-6113\" srcset=\"https:\/\/zsp1chojna.pl\/wp-content\/uploads\/2023\/10\/zajecia5pulk-1.jpg 550w, https:\/\/zsp1chojna.pl\/wp-content\/uploads\/2023\/10\/zajecia5pulk-1-300x189.jpg 300w\" sizes=\"auto, (max-width: 550px) 100vw, 550px\" \/><\/figure>\n<\/div><\/div>\n\n\n\n<div class=\"wp-block-column is-layout-flow wp-block-column-is-layout-flow\"><div class=\"wp-block-image\">\n<figure class=\"alignleft size-full\"><img loading=\"lazy\" decoding=\"async\" width=\"550\" height=\"347\" data-attachment-id=\"6114\" data-permalink=\"https:\/\/zsp1chojna.pl\/?attachment_id=6114\" data-orig-file=\"https:\/\/zsp1chojna.pl\/wp-content\/uploads\/2023\/10\/zajecia5pulk-2.jpg\" data-orig-size=\"550,347\" data-comments-opened=\"1\" data-image-meta=\"{&quot;aperture&quot;:&quot;0&quot;,&quot;credit&quot;:&quot;&quot;,&quot;camera&quot;:&quot;&quot;,&quot;caption&quot;:&quot;&quot;,&quot;created_timestamp&quot;:&quot;0&quot;,&quot;copyright&quot;:&quot;&quot;,&quot;focal_length&quot;:&quot;0&quot;,&quot;iso&quot;:&quot;0&quot;,&quot;shutter_speed&quot;:&quot;0&quot;,&quot;title&quot;:&quot;&quot;,&quot;orientation&quot;:&quot;0&quot;}\" data-image-title=\"zajecia5pulk-2\" data-image-description=\"\" data-image-caption=\"\" data-medium-file=\"https:\/\/zsp1chojna.pl\/wp-content\/uploads\/2023\/10\/zajecia5pulk-2-300x189.jpg\" data-large-file=\"https:\/\/zsp1chojna.pl\/wp-content\/uploads\/2023\/10\/zajecia5pulk-2.jpg\" src=\"https:\/\/zsp1chojna.pl\/wp-content\/uploads\/2023\/10\/zajecia5pulk-2.jpg\" alt=\"\" class=\"wp-image-6114\" srcset=\"https:\/\/zsp1chojna.pl\/wp-content\/uploads\/2023\/10\/zajecia5pulk-2.jpg 550w, https:\/\/zsp1chojna.pl\/wp-content\/uploads\/2023\/10\/zajecia5pulk-2-300x189.jpg 300w\" sizes=\"auto, (max-width: 550px) 100vw, 550px\" \/><\/figure>\n<\/div><\/div>\n<\/div>\n\n\n\n<p class=\"has-text-align-justify\">Szczeg\u00f3lne znaczenie mia\u0142y zaj\u0119cia, w kt\u00f3rych uczestniczy\u0142a klasa pierwsza, rozpoczynaj\u0105ca swoj\u0105 przygod\u0119 z wojskiem. Jest to kolejny w historii szko\u0142y Oddzia\u0142 Przygotowania Wojskowego, na kt\u00f3rego utworzenie szko\u0142a otrzyma\u0142a zezwolenie Ministerstwa Obrony Narodowej. W przypadku nowicjuszy, jakimi s\u0105 uczniowie klasy pierwszej, zaj\u0119cia rozpocz\u0119\u0142y si\u0119 od&nbsp; zapoznania z histori\u0105 jednostki patronackiej, czyli 5&nbsp;Pu\u0142ku In\u017cynieryjnego.<\/p>\n\n\n\n<p class=\"has-text-align-justify\">Nast\u0119pnie uczniowie wraz z opiekunami, udali si\u0119 na plac, gdzie realizowali, zgodnie z programem nauczania, zaj\u0119cia z musztry. Podczas zaj\u0119\u0107 uczniowie przyswajali wiedz\u0119 dotycz\u0105c\u0105 postawy zasadniczej i swobodnej, wykonywania zwrot\u00f3w, oddawania honor\u00f3w, maszerowania, biegu oraz zatrzymywania si\u0119.<\/p>\n\n\n\n<div class=\"wp-block-columns is-layout-flex wp-container-core-columns-is-layout-9d6595d7 wp-block-columns-is-layout-flex\">\n<div class=\"wp-block-column is-layout-flow wp-block-column-is-layout-flow\"><div class=\"wp-block-image\">\n<figure class=\"alignright size-full\"><img loading=\"lazy\" decoding=\"async\" width=\"550\" height=\"347\" data-attachment-id=\"6119\" data-permalink=\"https:\/\/zsp1chojna.pl\/?attachment_id=6119\" data-orig-file=\"https:\/\/zsp1chojna.pl\/wp-content\/uploads\/2023\/10\/zajecia5pulk-3.jpg\" data-orig-size=\"550,347\" data-comments-opened=\"1\" data-image-meta=\"{&quot;aperture&quot;:&quot;0&quot;,&quot;credit&quot;:&quot;&quot;,&quot;camera&quot;:&quot;&quot;,&quot;caption&quot;:&quot;&quot;,&quot;created_timestamp&quot;:&quot;0&quot;,&quot;copyright&quot;:&quot;&quot;,&quot;focal_length&quot;:&quot;0&quot;,&quot;iso&quot;:&quot;0&quot;,&quot;shutter_speed&quot;:&quot;0&quot;,&quot;title&quot;:&quot;&quot;,&quot;orientation&quot;:&quot;0&quot;}\" data-image-title=\"zajecia5pulk-3\" data-image-description=\"\" data-image-caption=\"\" data-medium-file=\"https:\/\/zsp1chojna.pl\/wp-content\/uploads\/2023\/10\/zajecia5pulk-3-300x189.jpg\" data-large-file=\"https:\/\/zsp1chojna.pl\/wp-content\/uploads\/2023\/10\/zajecia5pulk-3.jpg\" src=\"https:\/\/zsp1chojna.pl\/wp-content\/uploads\/2023\/10\/zajecia5pulk-3.jpg\" alt=\"\" class=\"wp-image-6119\" srcset=\"https:\/\/zsp1chojna.pl\/wp-content\/uploads\/2023\/10\/zajecia5pulk-3.jpg 550w, https:\/\/zsp1chojna.pl\/wp-content\/uploads\/2023\/10\/zajecia5pulk-3-300x189.jpg 300w\" sizes=\"auto, (max-width: 550px) 100vw, 550px\" \/><\/figure>\n<\/div><\/div>\n\n\n\n<div class=\"wp-block-column is-layout-flow wp-block-column-is-layout-flow\"><div class=\"wp-block-image\">\n<figure class=\"alignleft size-full\"><img loading=\"lazy\" decoding=\"async\" width=\"550\" height=\"347\" data-attachment-id=\"6120\" data-permalink=\"https:\/\/zsp1chojna.pl\/?attachment_id=6120\" data-orig-file=\"https:\/\/zsp1chojna.pl\/wp-content\/uploads\/2023\/10\/zajecia5pulk-4.jpg\" data-orig-size=\"550,347\" data-comments-opened=\"1\" data-image-meta=\"{&quot;aperture&quot;:&quot;0&quot;,&quot;credit&quot;:&quot;&quot;,&quot;camera&quot;:&quot;&quot;,&quot;caption&quot;:&quot;&quot;,&quot;created_timestamp&quot;:&quot;0&quot;,&quot;copyright&quot;:&quot;&quot;,&quot;focal_length&quot;:&quot;0&quot;,&quot;iso&quot;:&quot;0&quot;,&quot;shutter_speed&quot;:&quot;0&quot;,&quot;title&quot;:&quot;&quot;,&quot;orientation&quot;:&quot;0&quot;}\" data-image-title=\"zajecia5pulk-4\" data-image-description=\"\" data-image-caption=\"\" data-medium-file=\"https:\/\/zsp1chojna.pl\/wp-content\/uploads\/2023\/10\/zajecia5pulk-4-300x189.jpg\" data-large-file=\"https:\/\/zsp1chojna.pl\/wp-content\/uploads\/2023\/10\/zajecia5pulk-4.jpg\" src=\"https:\/\/zsp1chojna.pl\/wp-content\/uploads\/2023\/10\/zajecia5pulk-4.jpg\" alt=\"\" class=\"wp-image-6120\" srcset=\"https:\/\/zsp1chojna.pl\/wp-content\/uploads\/2023\/10\/zajecia5pulk-4.jpg 550w, https:\/\/zsp1chojna.pl\/wp-content\/uploads\/2023\/10\/zajecia5pulk-4-300x189.jpg 300w\" sizes=\"auto, (max-width: 550px) 100vw, 550px\" \/><\/figure>\n<\/div><\/div>\n<\/div>\n\n\n\n<p class=\"has-text-align-justify\">W drugiej cz\u0119\u015bci zaj\u0119\u0107 musztry zespo\u0142owej, kadeci doskonalili wykonywanie zbi\u00f3rek, marsz pododdzia\u0142em, wyst\u0119powanie i wst\u0119powanie. Ponadto tego dnia odby\u0142y si\u0119 zaj\u0119cia ze&nbsp;szkolenia medycznego. Uczniowie zostali zapoznani z zasadami post\u0119powania w razie wypadku, zasadami udzielania pierwszej pomocy, wyposa\u017ceniem apteczki, zasadami bezpiecze\u0144stwa w\u0142asnego i poszkodowanego. W ramach szkolenia logistycznego, kadeci poznali wyposa\u017cenie indywidualne \u017co\u0142nierza. Zostali tak\u017ce zapoznani z w\u0142a\u015bciwo\u015bciami i cechami bojowymi maski przeciwgazowej oraz karabinka Beryl.<\/p>\n\n\n<div class=\"wp-block-image\">\n<figure class=\"aligncenter size-full\"><img loading=\"lazy\" decoding=\"async\" width=\"650\" height=\"489\" data-attachment-id=\"6121\" data-permalink=\"https:\/\/zsp1chojna.pl\/?attachment_id=6121\" data-orig-file=\"https:\/\/zsp1chojna.pl\/wp-content\/uploads\/2023\/10\/zajecia5pulk-5.jpg\" data-orig-size=\"650,489\" data-comments-opened=\"1\" data-image-meta=\"{&quot;aperture&quot;:&quot;0&quot;,&quot;credit&quot;:&quot;&quot;,&quot;camera&quot;:&quot;&quot;,&quot;caption&quot;:&quot;&quot;,&quot;created_timestamp&quot;:&quot;0&quot;,&quot;copyright&quot;:&quot;&quot;,&quot;focal_length&quot;:&quot;0&quot;,&quot;iso&quot;:&quot;0&quot;,&quot;shutter_speed&quot;:&quot;0&quot;,&quot;title&quot;:&quot;&quot;,&quot;orientation&quot;:&quot;0&quot;}\" data-image-title=\"zajecia5pulk-5\" data-image-description=\"\" data-image-caption=\"\" data-medium-file=\"https:\/\/zsp1chojna.pl\/wp-content\/uploads\/2023\/10\/zajecia5pulk-5-300x226.jpg\" data-large-file=\"https:\/\/zsp1chojna.pl\/wp-content\/uploads\/2023\/10\/zajecia5pulk-5.jpg\" src=\"https:\/\/zsp1chojna.pl\/wp-content\/uploads\/2023\/10\/zajecia5pulk-5.jpg\" alt=\"\" class=\"wp-image-6121\" srcset=\"https:\/\/zsp1chojna.pl\/wp-content\/uploads\/2023\/10\/zajecia5pulk-5.jpg 650w, https:\/\/zsp1chojna.pl\/wp-content\/uploads\/2023\/10\/zajecia5pulk-5-300x226.jpg 300w, https:\/\/zsp1chojna.pl\/wp-content\/uploads\/2023\/10\/zajecia5pulk-5-624x469.jpg 624w\" sizes=\"auto, (max-width: 650px) 100vw, 650px\" \/><\/figure>\n<\/div>\n\n\n<p class=\"has-text-align-justify\">Druga realizowana tego dnia cz\u0119\u015b\u0107 zaj\u0119\u0107, dotyczy\u0142a dzia\u0142a\u0144 podczas marszu, w tym nauki rodzaj\u00f3w szyk\u00f3w marszowych i patrolowych. W czasie zaj\u0119\u0107 realizowane by\u0142y r\u00f3\u017cne etapy przygotowania \u017co\u0142nierza do realizacji marszu, takie jak: planowanie marszu, prowadzenie marszu ubezpieczonego, organizacja postoju ubezpieczonego i odpoczynku oraz zabezpieczenie bojowe w marszu, w tym sygna\u0142y dowodzenia i \u0142\u0105czno\u015bci. Prze\u0107wiczono w&nbsp;praktyce szyki marszowe oraz patrolowe. Na zako\u0144czenie zaj\u0119\u0107 nast\u0105pi\u0142o podsumowanie i&nbsp;om\u00f3wienie realizowanych zaj\u0119\u0107 oraz powr\u00f3t kadet\u00f3w do Chojny.<\/p>\n\n\n\n<p class=\"has-text-align-right\">mgr Marek Bednarz<\/p>\n","protected":false},"excerpt":{"rendered":"<p>27 wrze\u015bnia 2023 r. kadeci kl. 1c LO oraz kl. 2c LO Oddzia\u0142u Przygotowania Wojskowego Zespo\u0142u Szk\u00f3\u0142 Ponadpodstawowych w Chojnie, po raz pierwszy w tym roku szkolnym, realizowali zaj\u0119cia praktyczne [&hellip;]<\/p>\n","protected":false},"author":1,"featured_media":6119,"comment_status":"open","ping_status":"open","sticky":false,"template":"","format":"standard","meta":{"footnotes":""},"categories":[26],"tags":[],"class_list":["post-6116","post","type-post","status-publish","format-standard","has-post-thumbnail","hentry","category-aktualnosci-2023-2024"],"wbAuthor":{"name":"admin","link":"https:\/\/zsp1chojna.pl\/?author=1"},"wbDate":"wrz 27, 2023","wbCategories":{"space":"<a href=\"https:\/\/zsp1chojna.pl\/?cat=26\" rel=\"category\">Aktualno\u015bci 2023\/2024<\/a>","coma":"<a href=\"https:\/\/zsp1chojna.pl\/?cat=26\" rel=\"category\">Aktualno\u015bci 2023\/2024<\/a>"},"wbComment":0,"yoast_head":"<!-- This site is optimized with the Yoast SEO plugin v20.13 - https:\/\/yoast.com\/wordpress\/plugins\/seo\/ -->\n<title>Uczniowie OPW\u00a0realizowali zaj\u0119cia praktyczne\u00a0w 5 Pu\u0142ku In\u017cynieryjnym w Szczecinie.\u00a0 - ZSP w Chojnie<\/title>\n<meta name=\"robots\" content=\"index, follow, max-snippet:-1, max-image-preview:large, max-video-preview:-1\" \/>\n<link rel=\"canonical\" href=\"https:\/\/zsp1chojna.pl\/?p=6116\" \/>\n<meta property=\"og:locale\" content=\"pl_PL\" \/>\n<meta property=\"og:type\" content=\"article\" \/>\n<meta property=\"og:title\" content=\"Uczniowie OPW\u00a0realizowali zaj\u0119cia praktyczne\u00a0w 5 Pu\u0142ku In\u017cynieryjnym w Szczecinie.\u00a0 - ZSP w Chojnie\" \/>\n<meta property=\"og:description\" content=\"27 wrze\u015bnia 2023 r. kadeci kl. 1c LO oraz kl. 2c LO Oddzia\u0142u Przygotowania Wojskowego Zespo\u0142u Szk\u00f3\u0142 Ponadpodstawowych w Chojnie, po raz pierwszy w tym roku szkolnym, realizowali zaj\u0119cia praktyczne [&hellip;]\" \/>\n<meta property=\"og:url\" content=\"https:\/\/zsp1chojna.pl\/?p=6116\" \/>\n<meta property=\"og:site_name\" content=\"ZSP w Chojnie\" \/>\n<meta property=\"article:published_time\" content=\"2023-09-27T07:44:00+00:00\" \/>\n<meta property=\"article:modified_time\" content=\"2023-10-07T14:16:30+00:00\" \/>\n<meta property=\"og:image\" content=\"https:\/\/zsp1chojna.pl\/wp-content\/uploads\/2023\/10\/zajecia5pulk-3.jpg\" \/>\n\t<meta property=\"og:image:width\" content=\"550\" \/>\n\t<meta property=\"og:image:height\" content=\"347\" \/>\n\t<meta property=\"og:image:type\" content=\"image\/jpeg\" \/>\n<meta name=\"author\" content=\"admin\" \/>\n<meta name=\"twitter:card\" content=\"summary_large_image\" \/>\n<meta name=\"twitter:label1\" content=\"Napisane przez\" \/>\n\t<meta name=\"twitter:data1\" content=\"admin\" \/>\n\t<meta name=\"twitter:label2\" content=\"Szacowany czas czytania\" \/>\n\t<meta name=\"twitter:data2\" content=\"3 minuty\" \/>\n<script type=\"application\/ld+json\" class=\"yoast-schema-graph\">{\"@context\":\"https:\/\/schema.org\",\"@graph\":[{\"@type\":\"Article\",\"@id\":\"https:\/\/zsp1chojna.pl\/?p=6116#article\",\"isPartOf\":{\"@id\":\"https:\/\/zsp1chojna.pl\/?p=6116\"},\"author\":{\"name\":\"admin\",\"@id\":\"https:\/\/zsp1chojna.pl\/#\/schema\/person\/fe8d6c03379c9cface386de0c172e127\"},\"headline\":\"Uczniowie OPW\u00a0realizowali zaj\u0119cia praktyczne\u00a0w 5 Pu\u0142ku In\u017cynieryjnym w Szczecinie.\u00a0\",\"datePublished\":\"2023-09-27T07:44:00+00:00\",\"dateModified\":\"2023-10-07T14:16:30+00:00\",\"mainEntityOfPage\":{\"@id\":\"https:\/\/zsp1chojna.pl\/?p=6116\"},\"wordCount\":342,\"commentCount\":0,\"publisher\":{\"@id\":\"https:\/\/zsp1chojna.pl\/#organization\"},\"articleSection\":[\"Aktualno\u015bci 2023\/2024\"],\"inLanguage\":\"pl-PL\",\"potentialAction\":[{\"@type\":\"CommentAction\",\"name\":\"Comment\",\"target\":[\"https:\/\/zsp1chojna.pl\/?p=6116#respond\"]}]},{\"@type\":\"WebPage\",\"@id\":\"https:\/\/zsp1chojna.pl\/?p=6116\",\"url\":\"https:\/\/zsp1chojna.pl\/?p=6116\",\"name\":\"Uczniowie OPW\u00a0realizowali zaj\u0119cia praktyczne\u00a0w 5 Pu\u0142ku In\u017cynieryjnym w Szczecinie.\u00a0 - ZSP w Chojnie\",\"isPartOf\":{\"@id\":\"https:\/\/zsp1chojna.pl\/#website\"},\"datePublished\":\"2023-09-27T07:44:00+00:00\",\"dateModified\":\"2023-10-07T14:16:30+00:00\",\"breadcrumb\":{\"@id\":\"https:\/\/zsp1chojna.pl\/?p=6116#breadcrumb\"},\"inLanguage\":\"pl-PL\",\"potentialAction\":[{\"@type\":\"ReadAction\",\"target\":[\"https:\/\/zsp1chojna.pl\/?p=6116\"]}]},{\"@type\":\"BreadcrumbList\",\"@id\":\"https:\/\/zsp1chojna.pl\/?p=6116#breadcrumb\",\"itemListElement\":[{\"@type\":\"ListItem\",\"position\":1,\"name\":\"Home\",\"item\":\"https:\/\/zsp1chojna.pl\/\"},{\"@type\":\"ListItem\",\"position\":2,\"name\":\"Uczniowie OPW\u00a0realizowali zaj\u0119cia praktyczne\u00a0w 5 Pu\u0142ku In\u017cynieryjnym w&nbsp;Szczecinie.\u00a0\"}]},{\"@type\":\"WebSite\",\"@id\":\"https:\/\/zsp1chojna.pl\/#website\",\"url\":\"https:\/\/zsp1chojna.pl\/\",\"name\":\"ZSP w Chojnie\",\"description\":\"\",\"publisher\":{\"@id\":\"https:\/\/zsp1chojna.pl\/#organization\"},\"potentialAction\":[{\"@type\":\"SearchAction\",\"target\":{\"@type\":\"EntryPoint\",\"urlTemplate\":\"https:\/\/zsp1chojna.pl\/?s={search_term_string}\"},\"query-input\":\"required name=search_term_string\"}],\"inLanguage\":\"pl-PL\"},{\"@type\":\"Organization\",\"@id\":\"https:\/\/zsp1chojna.pl\/#organization\",\"name\":\"ZSP w Chojnie\",\"url\":\"https:\/\/zsp1chojna.pl\/\",\"logo\":{\"@type\":\"ImageObject\",\"inLanguage\":\"pl-PL\",\"@id\":\"https:\/\/zsp1chojna.pl\/#\/schema\/logo\/image\/\",\"url\":\"https:\/\/zsp1chojna.pl\/wp-content\/uploads\/2023\/08\/cropped-cropped-cropped-Logo-biale-napis-na-3-wiersze_504-1.png\",\"contentUrl\":\"https:\/\/zsp1chojna.pl\/wp-content\/uploads\/2023\/08\/cropped-cropped-cropped-Logo-biale-napis-na-3-wiersze_504-1.png\",\"width\":504,\"height\":167,\"caption\":\"ZSP w Chojnie\"},\"image\":{\"@id\":\"https:\/\/zsp1chojna.pl\/#\/schema\/logo\/image\/\"}},{\"@type\":\"Person\",\"@id\":\"https:\/\/zsp1chojna.pl\/#\/schema\/person\/fe8d6c03379c9cface386de0c172e127\",\"name\":\"admin\",\"image\":{\"@type\":\"ImageObject\",\"inLanguage\":\"pl-PL\",\"@id\":\"https:\/\/zsp1chojna.pl\/#\/schema\/person\/image\/\",\"url\":\"https:\/\/secure.gravatar.com\/avatar\/35d79b1d799ff9bac401976862e535bf785f4039d8313d3c00b303598a46dd4e?s=96&d=mm&r=g\",\"contentUrl\":\"https:\/\/secure.gravatar.com\/avatar\/35d79b1d799ff9bac401976862e535bf785f4039d8313d3c00b303598a46dd4e?s=96&d=mm&r=g\",\"caption\":\"admin\"},\"sameAs\":[\"http:\/\/nowazspchojna.pl\"],\"url\":\"https:\/\/zsp1chojna.pl\/?author=1\"}]}<\/script>\n<!-- \/ Yoast SEO plugin. -->","yoast_head_json":{"title":"Uczniowie OPW\u00a0realizowali zaj\u0119cia praktyczne\u00a0w 5 Pu\u0142ku In\u017cynieryjnym w Szczecinie.\u00a0 - ZSP w Chojnie","robots":{"index":"index","follow":"follow","max-snippet":"max-snippet:-1","max-image-preview":"max-image-preview:large","max-video-preview":"max-video-preview:-1"},"canonical":"https:\/\/zsp1chojna.pl\/?p=6116","og_locale":"pl_PL","og_type":"article","og_title":"Uczniowie OPW\u00a0realizowali zaj\u0119cia praktyczne\u00a0w 5 Pu\u0142ku In\u017cynieryjnym w Szczecinie.\u00a0 - ZSP w Chojnie","og_description":"27 wrze\u015bnia 2023 r. kadeci kl. 1c LO oraz kl. 2c LO Oddzia\u0142u Przygotowania Wojskowego Zespo\u0142u Szk\u00f3\u0142 Ponadpodstawowych w Chojnie, po raz pierwszy w tym roku szkolnym, realizowali zaj\u0119cia praktyczne [&hellip;]","og_url":"https:\/\/zsp1chojna.pl\/?p=6116","og_site_name":"ZSP w Chojnie","article_published_time":"2023-09-27T07:44:00+00:00","article_modified_time":"2023-10-07T14:16:30+00:00","og_image":[{"width":550,"height":347,"url":"https:\/\/zsp1chojna.pl\/wp-content\/uploads\/2023\/10\/zajecia5pulk-3.jpg","type":"image\/jpeg"}],"author":"admin","twitter_card":"summary_large_image","twitter_misc":{"Napisane przez":"admin","Szacowany czas czytania":"3 minuty"},"schema":{"@context":"https:\/\/schema.org","@graph":[{"@type":"Article","@id":"https:\/\/zsp1chojna.pl\/?p=6116#article","isPartOf":{"@id":"https:\/\/zsp1chojna.pl\/?p=6116"},"author":{"name":"admin","@id":"https:\/\/zsp1chojna.pl\/#\/schema\/person\/fe8d6c03379c9cface386de0c172e127"},"headline":"Uczniowie OPW\u00a0realizowali zaj\u0119cia praktyczne\u00a0w 5 Pu\u0142ku In\u017cynieryjnym w Szczecinie.\u00a0","datePublished":"2023-09-27T07:44:00+00:00","dateModified":"2023-10-07T14:16:30+00:00","mainEntityOfPage":{"@id":"https:\/\/zsp1chojna.pl\/?p=6116"},"wordCount":342,"commentCount":0,"publisher":{"@id":"https:\/\/zsp1chojna.pl\/#organization"},"articleSection":["Aktualno\u015bci 2023\/2024"],"inLanguage":"pl-PL","potentialAction":[{"@type":"CommentAction","name":"Comment","target":["https:\/\/zsp1chojna.pl\/?p=6116#respond"]}]},{"@type":"WebPage","@id":"https:\/\/zsp1chojna.pl\/?p=6116","url":"https:\/\/zsp1chojna.pl\/?p=6116","name":"Uczniowie OPW\u00a0realizowali zaj\u0119cia praktyczne\u00a0w 5 Pu\u0142ku In\u017cynieryjnym w Szczecinie.\u00a0 - ZSP w Chojnie","isPartOf":{"@id":"https:\/\/zsp1chojna.pl\/#website"},"datePublished":"2023-09-27T07:44:00+00:00","dateModified":"2023-10-07T14:16:30+00:00","breadcrumb":{"@id":"https:\/\/zsp1chojna.pl\/?p=6116#breadcrumb"},"inLanguage":"pl-PL","potentialAction":[{"@type":"ReadAction","target":["https:\/\/zsp1chojna.pl\/?p=6116"]}]},{"@type":"BreadcrumbList","@id":"https:\/\/zsp1chojna.pl\/?p=6116#breadcrumb","itemListElement":[{"@type":"ListItem","position":1,"name":"Home","item":"https:\/\/zsp1chojna.pl\/"},{"@type":"ListItem","position":2,"name":"Uczniowie OPW\u00a0realizowali zaj\u0119cia praktyczne\u00a0w 5 Pu\u0142ku In\u017cynieryjnym w&nbsp;Szczecinie.\u00a0"}]},{"@type":"WebSite","@id":"https:\/\/zsp1chojna.pl\/#website","url":"https:\/\/zsp1chojna.pl\/","name":"ZSP w Chojnie","description":"","publisher":{"@id":"https:\/\/zsp1chojna.pl\/#organization"},"potentialAction":[{"@type":"SearchAction","target":{"@type":"EntryPoint","urlTemplate":"https:\/\/zsp1chojna.pl\/?s={search_term_string}"},"query-input":"required name=search_term_string"}],"inLanguage":"pl-PL"},{"@type":"Organization","@id":"https:\/\/zsp1chojna.pl\/#organization","name":"ZSP w Chojnie","url":"https:\/\/zsp1chojna.pl\/","logo":{"@type":"ImageObject","inLanguage":"pl-PL","@id":"https:\/\/zsp1chojna.pl\/#\/schema\/logo\/image\/","url":"https:\/\/zsp1chojna.pl\/wp-content\/uploads\/2023\/08\/cropped-cropped-cropped-Logo-biale-napis-na-3-wiersze_504-1.png","contentUrl":"https:\/\/zsp1chojna.pl\/wp-content\/uploads\/2023\/08\/cropped-cropped-cropped-Logo-biale-napis-na-3-wiersze_504-1.png","width":504,"height":167,"caption":"ZSP w Chojnie"},"image":{"@id":"https:\/\/zsp1chojna.pl\/#\/schema\/logo\/image\/"}},{"@type":"Person","@id":"https:\/\/zsp1chojna.pl\/#\/schema\/person\/fe8d6c03379c9cface386de0c172e127","name":"admin","image":{"@type":"ImageObject","inLanguage":"pl-PL","@id":"https:\/\/zsp1chojna.pl\/#\/schema\/person\/image\/","url":"https:\/\/secure.gravatar.com\/avatar\/35d79b1d799ff9bac401976862e535bf785f4039d8313d3c00b303598a46dd4e?s=96&d=mm&r=g","contentUrl":"https:\/\/secure.gravatar.com\/avatar\/35d79b1d799ff9bac401976862e535bf785f4039d8313d3c00b303598a46dd4e?s=96&d=mm&r=g","caption":"admin"},"sameAs":["http:\/\/nowazspchojna.pl"],"url":"https:\/\/zsp1chojna.pl\/?author=1"}]}},"jetpack_featured_media_url":"https:\/\/zsp1chojna.pl\/wp-content\/uploads\/2023\/10\/zajecia5pulk-3.jpg","_links":{"self":[{"href":"https:\/\/zsp1chojna.pl\/index.php?rest_route=\/wp\/v2\/posts\/6116","targetHints":{"allow":["GET"]}}],"collection":[{"href":"https:\/\/zsp1chojna.pl\/index.php?rest_route=\/wp\/v2\/posts"}],"about":[{"href":"https:\/\/zsp1chojna.pl\/index.php?rest_route=\/wp\/v2\/types\/post"}],"author":[{"embeddable":true,"href":"https:\/\/zsp1chojna.pl\/index.php?rest_route=\/wp\/v2\/users\/1"}],"replies":[{"embeddable":true,"href":"https:\/\/zsp1chojna.pl\/index.php?rest_route=%2Fwp%2Fv2%2Fcomments&post=6116"}],"version-history":[{"count":3,"href":"https:\/\/zsp1chojna.pl\/index.php?rest_route=\/wp\/v2\/posts\/6116\/revisions"}],"predecessor-version":[{"id":6128,"href":"https:\/\/zsp1chojna.pl\/index.php?rest_route=\/wp\/v2\/posts\/6116\/revisions\/6128"}],"wp:featuredmedia":[{"embeddable":true,"href":"https:\/\/zsp1chojna.pl\/index.php?rest_route=\/wp\/v2\/media\/6119"}],"wp:attachment":[{"href":"https:\/\/zsp1chojna.pl\/index.php?rest_route=%2Fwp%2Fv2%2Fmedia&parent=6116"}],"wp:term":[{"taxonomy":"category","embeddable":true,"href":"https:\/\/zsp1chojna.pl\/index.php?rest_route=%2Fwp%2Fv2%2Fcategories&post=6116"},{"taxonomy":"post_tag","embeddable":true,"href":"https:\/\/zsp1chojna.pl\/index.php?rest_route=%2Fwp%2Fv2%2Ftags&post=6116"}],"curies":[{"name":"wp","href":"https:\/\/api.w.org\/{rel}","templated":true}]}}