{"id":6091,"date":"2022-03-11T22:06:00","date_gmt":"2022-03-11T21:06:00","guid":{"rendered":"https:\/\/zsp1chojna.pl\/?p=6091"},"modified":"2023-10-02T22:09:06","modified_gmt":"2023-10-02T20:09:06","slug":"akademia-mlodego-prawnika-3","status":"publish","type":"post","link":"https:\/\/zsp1chojna.pl\/?p=6091","title":{"rendered":"Akademia M\u0142odego Prawnika"},"content":{"rendered":"<div class=\"wp-block-image\">\n<figure class=\"aligncenter size-full\"><img loading=\"lazy\" decoding=\"async\" width=\"300\" height=\"239\" data-attachment-id=\"6058\" data-permalink=\"https:\/\/zsp1chojna.pl\/?attachment_id=6058\" data-orig-file=\"https:\/\/zsp1chojna.pl\/wp-content\/uploads\/2023\/10\/image001-300x239-1.png\" data-orig-size=\"300,239\" data-comments-opened=\"1\" data-image-meta=\"{&quot;aperture&quot;:&quot;0&quot;,&quot;credit&quot;:&quot;&quot;,&quot;camera&quot;:&quot;&quot;,&quot;caption&quot;:&quot;&quot;,&quot;created_timestamp&quot;:&quot;0&quot;,&quot;copyright&quot;:&quot;&quot;,&quot;focal_length&quot;:&quot;0&quot;,&quot;iso&quot;:&quot;0&quot;,&quot;shutter_speed&quot;:&quot;0&quot;,&quot;title&quot;:&quot;&quot;,&quot;orientation&quot;:&quot;0&quot;}\" data-image-title=\"image001-300&amp;#215;239-1\" data-image-description=\"\" data-image-caption=\"\" data-medium-file=\"https:\/\/zsp1chojna.pl\/wp-content\/uploads\/2023\/10\/image001-300x239-1.png\" data-large-file=\"https:\/\/zsp1chojna.pl\/wp-content\/uploads\/2023\/10\/image001-300x239-1.png\" src=\"https:\/\/zsp1chojna.pl\/wp-content\/uploads\/2023\/10\/image001-300x239-1.png\" alt=\"\" class=\"wp-image-6058\"\/><\/figure>\n<\/div>\n\n\n<p class=\"has-text-align-justify\">Wydzia\u0142 Prawa i Administracji Uniwersytetu Szczeci\u0144skiego w lutym 2022 r. rozpocz\u0105\u0142 nab\u00f3r do Akademii M\u0142odego Prawnika. Dziesi\u0119cioro uczni\u00f3w Zespo\u0142u Szk\u00f3\u0142 Ponadpodstawowych w Chojnie z klas 1 abc LO i 2 ac LO o kierunku humanistyczno \u2013 prawnym zg\u0142osi\u0142o si\u0119 do Akademii M\u0142odego Prawnika, wype\u0142ni\u0142o kart\u0119 zg\u0142oszenia oraz napisa\u0142o esej pt. \u201eDlaczego chc\u0119 wzi\u0105\u0107 udzia\u0142 w projekcie Akademia M\u0142odego Prawnika?\u201d. Rekrutacji dokona\u0142a komisja uniwersytecka na podstawie z\u0142o\u017conych dokument\u00f3w. Spo\u015br\u00f3d zg\u0142oszonych kandydat\u00f3w zakwalifikowali si\u0119 nast\u0119puj\u0105cy uczniowie: Izabela Ludwiczak, Agnieszka Piotrowska, Oliwia Sztuka, Mariusz Rosi\u0144ski, Wiktoria Kwa\u015bniak, Piotr Podniesi\u0144ski.<\/p>\n\n\n<div class=\"wp-block-image\">\n<figure class=\"aligncenter size-full\"><img loading=\"lazy\" decoding=\"async\" width=\"450\" height=\"514\" data-attachment-id=\"6093\" data-permalink=\"https:\/\/zsp1chojna.pl\/?attachment_id=6093\" data-orig-file=\"https:\/\/zsp1chojna.pl\/wp-content\/uploads\/2023\/10\/akademia-mlodego-prawnika2022-1.jpg\" data-orig-size=\"450,514\" data-comments-opened=\"1\" data-image-meta=\"{&quot;aperture&quot;:&quot;0&quot;,&quot;credit&quot;:&quot;&quot;,&quot;camera&quot;:&quot;&quot;,&quot;caption&quot;:&quot;&quot;,&quot;created_timestamp&quot;:&quot;0&quot;,&quot;copyright&quot;:&quot;&quot;,&quot;focal_length&quot;:&quot;0&quot;,&quot;iso&quot;:&quot;0&quot;,&quot;shutter_speed&quot;:&quot;0&quot;,&quot;title&quot;:&quot;&quot;,&quot;orientation&quot;:&quot;0&quot;}\" data-image-title=\"akademia-mlodego-prawnika2022-1\" data-image-description=\"\" data-image-caption=\"\" data-medium-file=\"https:\/\/zsp1chojna.pl\/wp-content\/uploads\/2023\/10\/akademia-mlodego-prawnika2022-1-263x300.jpg\" data-large-file=\"https:\/\/zsp1chojna.pl\/wp-content\/uploads\/2023\/10\/akademia-mlodego-prawnika2022-1.jpg\" src=\"https:\/\/zsp1chojna.pl\/wp-content\/uploads\/2023\/10\/akademia-mlodego-prawnika2022-1.jpg\" alt=\"\" class=\"wp-image-6093\" srcset=\"https:\/\/zsp1chojna.pl\/wp-content\/uploads\/2023\/10\/akademia-mlodego-prawnika2022-1.jpg 450w, https:\/\/zsp1chojna.pl\/wp-content\/uploads\/2023\/10\/akademia-mlodego-prawnika2022-1-263x300.jpg 263w\" sizes=\"auto, (max-width: 450px) 100vw, 450px\" \/><\/figure>\n<\/div>\n\n\n<p class=\"has-text-align-justify\">Akademia M\u0142odego Prawnika to nowatorski i innowacyjny projekt edukacyjny, kt\u00f3rego organizatorem jest Wydzia\u0142 Prawa i Administracji Uniwersytetu Szczeci\u0144skiego. Jest on adresowany do uczni\u00f3w szk\u00f3\u0142 podstawowych i ponadpodstawowych z wojew\u00f3dztwa zachodniopomorskiego. Misj\u0105 Akademii M\u0142odego Prawnika jest popularyzowanie wiedzy prawnej w\u015br\u00f3d dzieci i m\u0142odzie\u017cy, przede wszystkim poprzez wskazanie, \u017ce prawo towarzyszy ka\u017cdej sferze naszego \u017cycia. Projekt zak\u0142ada tak\u017ce kszta\u0142towanie \u015bwiadomo\u015bci prawnej uczestnik\u00f3w. Celem Akademii M\u0142odego Prawnika jest przekazanie prawniczej wiedzy og\u00f3lnej oraz specjalistycznej, w uj\u0119ciu zar\u00f3wno teoretycznym, jak i praktycznym. Ponadto rozwijanie zainteresowa\u0144 w\u0142asnych uczni\u00f3w, g\u0142\u00f3wnie z zakresu nauk prawnych. Zaj\u0119cia b\u0119d\u0105 mia\u0142y charakter cyklicznych spotka\u0144.<\/p>\n\n\n<div class=\"wp-block-image\">\n<figure class=\"aligncenter size-full\"><img loading=\"lazy\" decoding=\"async\" width=\"600\" height=\"402\" data-attachment-id=\"6094\" data-permalink=\"https:\/\/zsp1chojna.pl\/?attachment_id=6094\" data-orig-file=\"https:\/\/zsp1chojna.pl\/wp-content\/uploads\/2023\/10\/akademia-mlodego-prawnika2022-2.jpg\" data-orig-size=\"600,402\" data-comments-opened=\"1\" data-image-meta=\"{&quot;aperture&quot;:&quot;0&quot;,&quot;credit&quot;:&quot;&quot;,&quot;camera&quot;:&quot;&quot;,&quot;caption&quot;:&quot;&quot;,&quot;created_timestamp&quot;:&quot;0&quot;,&quot;copyright&quot;:&quot;&quot;,&quot;focal_length&quot;:&quot;0&quot;,&quot;iso&quot;:&quot;0&quot;,&quot;shutter_speed&quot;:&quot;0&quot;,&quot;title&quot;:&quot;&quot;,&quot;orientation&quot;:&quot;0&quot;}\" data-image-title=\"akademia-mlodego-prawnika2022-2\" data-image-description=\"\" data-image-caption=\"\" data-medium-file=\"https:\/\/zsp1chojna.pl\/wp-content\/uploads\/2023\/10\/akademia-mlodego-prawnika2022-2-300x201.jpg\" data-large-file=\"https:\/\/zsp1chojna.pl\/wp-content\/uploads\/2023\/10\/akademia-mlodego-prawnika2022-2.jpg\" src=\"https:\/\/zsp1chojna.pl\/wp-content\/uploads\/2023\/10\/akademia-mlodego-prawnika2022-2.jpg\" alt=\"\" class=\"wp-image-6094\" srcset=\"https:\/\/zsp1chojna.pl\/wp-content\/uploads\/2023\/10\/akademia-mlodego-prawnika2022-2.jpg 600w, https:\/\/zsp1chojna.pl\/wp-content\/uploads\/2023\/10\/akademia-mlodego-prawnika2022-2-300x201.jpg 300w, https:\/\/zsp1chojna.pl\/wp-content\/uploads\/2023\/10\/akademia-mlodego-prawnika2022-2-84x56.jpg 84w\" sizes=\"auto, (max-width: 600px) 100vw, 600px\" \/><\/figure>\n<\/div>\n\n\n<p class=\"has-text-align-justify\">11 marca 2022 r. inaugurowano Akademi\u0119 M\u0142odego Prawnika. W uroczysto\u015bci wzi\u0119li udzia\u0142 nie tylko adepci Akademii, ale r\u00f3wnie\u017c zaproszeni go\u015bci. W roli gospodarza Pani Dziekan dr hab. Ewelina Ca\u0142a-Wacinkiewicz, prof. US, a tak\u017ce Pan dr Przemys\u0142aw Mijal \u2013 Dziekan OIRP w Szczecinie, Pan Marcin Borek \u2013 Przewodnicz\u0105cy Izby Komorniczej w Szczecinie, Pani Kurator Magdalena Zar\u0119bska-Kulesza \u2013 Kuratorium O\u015bwiaty w Szczecinie, Pani dr Marieta Czeka\u0142owska \u2013 Naczelnik Wydzia\u0142u Prawnego Wojew\u00f3dzkiego Inspektoratu Ochrony \u015arodowiska w Szczecinie.<\/p>\n\n\n<div class=\"wp-block-image\">\n<figure class=\"aligncenter size-full\"><img loading=\"lazy\" decoding=\"async\" width=\"600\" height=\"402\" data-attachment-id=\"6095\" data-permalink=\"https:\/\/zsp1chojna.pl\/?attachment_id=6095\" data-orig-file=\"https:\/\/zsp1chojna.pl\/wp-content\/uploads\/2023\/10\/akademia-mlodego-prawnika2022-3.jpg\" data-orig-size=\"600,402\" data-comments-opened=\"1\" data-image-meta=\"{&quot;aperture&quot;:&quot;0&quot;,&quot;credit&quot;:&quot;&quot;,&quot;camera&quot;:&quot;&quot;,&quot;caption&quot;:&quot;&quot;,&quot;created_timestamp&quot;:&quot;0&quot;,&quot;copyright&quot;:&quot;&quot;,&quot;focal_length&quot;:&quot;0&quot;,&quot;iso&quot;:&quot;0&quot;,&quot;shutter_speed&quot;:&quot;0&quot;,&quot;title&quot;:&quot;&quot;,&quot;orientation&quot;:&quot;0&quot;}\" data-image-title=\"akademia-mlodego-prawnika2022-3\" data-image-description=\"\" data-image-caption=\"\" data-medium-file=\"https:\/\/zsp1chojna.pl\/wp-content\/uploads\/2023\/10\/akademia-mlodego-prawnika2022-3-300x201.jpg\" data-large-file=\"https:\/\/zsp1chojna.pl\/wp-content\/uploads\/2023\/10\/akademia-mlodego-prawnika2022-3.jpg\" src=\"https:\/\/zsp1chojna.pl\/wp-content\/uploads\/2023\/10\/akademia-mlodego-prawnika2022-3.jpg\" alt=\"\" class=\"wp-image-6095\" srcset=\"https:\/\/zsp1chojna.pl\/wp-content\/uploads\/2023\/10\/akademia-mlodego-prawnika2022-3.jpg 600w, https:\/\/zsp1chojna.pl\/wp-content\/uploads\/2023\/10\/akademia-mlodego-prawnika2022-3-300x201.jpg 300w, https:\/\/zsp1chojna.pl\/wp-content\/uploads\/2023\/10\/akademia-mlodego-prawnika2022-3-84x56.jpg 84w\" sizes=\"auto, (max-width: 600px) 100vw, 600px\" \/><\/figure>\n<\/div>\n\n\n<p class=\"has-text-align-justify\">Studentom Akademii wr\u0119czono Indeksy i&nbsp;\u017cyczono samych pi\u0105tek i&nbsp;ciekawych do\u015bwiadcze\u0144. Spotkanie by\u0142o bardzo uroczyste, a&nbsp;m\u0142odzi uczestnicy bardzo serdecznie przyj\u0119ci w&nbsp;poczet adept\u00f3w Akademii. Z&nbsp;ca\u0142\u0105 pewno\u015bci\u0105 udzia\u0142 w&nbsp;Akademii M\u0142odego Prawnika nie&nbsp;b\u0119dzie czasem straconym, ale&nbsp;zaprocentuje wiedz\u0105, do\u015bwiadczeniem i&nbsp;umiej\u0119tno\u015bciami naszej m\u0142odzie\u017cy.<\/p>\n\n\n\n<p class=\"has-text-align-right\">mgr&nbsp;Edyta Krupa-Nadolny<\/p>\n","protected":false},"excerpt":{"rendered":"<p>Wydzia\u0142 Prawa i Administracji Uniwersytetu Szczeci\u0144skiego w lutym 2022 r. rozpocz\u0105\u0142 nab\u00f3r do Akademii M\u0142odego Prawnika. Dziesi\u0119cioro uczni\u00f3w Zespo\u0142u Szk\u00f3\u0142 Ponadpodstawowych w Chojnie z klas 1 abc LO i 2 [&hellip;]<\/p>\n","protected":false},"author":1,"featured_media":0,"comment_status":"open","ping_status":"open","sticky":false,"template":"","format":"standard","meta":{"footnotes":""},"categories":[11],"tags":[],"class_list":["post-6091","post","type-post","status-publish","format-standard","hentry","category-aktualnosci-2021-2022"],"wbAuthor":{"name":"admin","link":"https:\/\/zsp1chojna.pl\/?author=1"},"wbDate":"mar 11, 2022","wbCategories":{"space":"<a href=\"https:\/\/zsp1chojna.pl\/?cat=11\" rel=\"category\">Aktualno\u015bci 2021\/2022<\/a>","coma":"<a href=\"https:\/\/zsp1chojna.pl\/?cat=11\" rel=\"category\">Aktualno\u015bci 2021\/2022<\/a>"},"wbComment":0,"yoast_head":"<!-- This site is optimized with the Yoast SEO plugin v20.13 - https:\/\/yoast.com\/wordpress\/plugins\/seo\/ -->\n<title>Akademia M\u0142odego Prawnika - ZSP w Chojnie<\/title>\n<meta name=\"robots\" content=\"index, follow, max-snippet:-1, max-image-preview:large, max-video-preview:-1\" \/>\n<link rel=\"canonical\" href=\"https:\/\/zsp1chojna.pl\/?p=6091\" \/>\n<meta property=\"og:locale\" content=\"pl_PL\" \/>\n<meta property=\"og:type\" content=\"article\" \/>\n<meta property=\"og:title\" content=\"Akademia M\u0142odego Prawnika - ZSP w Chojnie\" \/>\n<meta property=\"og:description\" content=\"Wydzia\u0142 Prawa i Administracji Uniwersytetu Szczeci\u0144skiego w lutym 2022 r. rozpocz\u0105\u0142 nab\u00f3r do Akademii M\u0142odego Prawnika. Dziesi\u0119cioro uczni\u00f3w Zespo\u0142u Szk\u00f3\u0142 Ponadpodstawowych w Chojnie z klas 1 abc LO i 2 [&hellip;]\" \/>\n<meta property=\"og:url\" content=\"https:\/\/zsp1chojna.pl\/?p=6091\" \/>\n<meta property=\"og:site_name\" content=\"ZSP w Chojnie\" \/>\n<meta property=\"article:published_time\" content=\"2022-03-11T21:06:00+00:00\" \/>\n<meta property=\"article:modified_time\" content=\"2023-10-02T20:09:06+00:00\" \/>\n<meta property=\"og:image\" content=\"https:\/\/zsp1chojna.pl\/wp-content\/uploads\/2023\/10\/image001-300x239-1.png\" \/>\n<meta name=\"author\" content=\"admin\" \/>\n<meta name=\"twitter:card\" content=\"summary_large_image\" \/>\n<meta name=\"twitter:label1\" content=\"Napisane przez\" \/>\n\t<meta name=\"twitter:data1\" content=\"admin\" \/>\n\t<meta name=\"twitter:label2\" content=\"Szacowany czas czytania\" \/>\n\t<meta name=\"twitter:data2\" content=\"3 minuty\" \/>\n<script type=\"application\/ld+json\" class=\"yoast-schema-graph\">{\"@context\":\"https:\/\/schema.org\",\"@graph\":[{\"@type\":\"Article\",\"@id\":\"https:\/\/zsp1chojna.pl\/?p=6091#article\",\"isPartOf\":{\"@id\":\"https:\/\/zsp1chojna.pl\/?p=6091\"},\"author\":{\"name\":\"admin\",\"@id\":\"https:\/\/zsp1chojna.pl\/#\/schema\/person\/fe8d6c03379c9cface386de0c172e127\"},\"headline\":\"Akademia M\u0142odego Prawnika\",\"datePublished\":\"2022-03-11T21:06:00+00:00\",\"dateModified\":\"2023-10-02T20:09:06+00:00\",\"mainEntityOfPage\":{\"@id\":\"https:\/\/zsp1chojna.pl\/?p=6091\"},\"wordCount\":388,\"commentCount\":0,\"publisher\":{\"@id\":\"https:\/\/zsp1chojna.pl\/#organization\"},\"articleSection\":[\"Aktualno\u015bci 2021\/2022\"],\"inLanguage\":\"pl-PL\",\"potentialAction\":[{\"@type\":\"CommentAction\",\"name\":\"Comment\",\"target\":[\"https:\/\/zsp1chojna.pl\/?p=6091#respond\"]}]},{\"@type\":\"WebPage\",\"@id\":\"https:\/\/zsp1chojna.pl\/?p=6091\",\"url\":\"https:\/\/zsp1chojna.pl\/?p=6091\",\"name\":\"Akademia M\u0142odego Prawnika - ZSP w Chojnie\",\"isPartOf\":{\"@id\":\"https:\/\/zsp1chojna.pl\/#website\"},\"datePublished\":\"2022-03-11T21:06:00+00:00\",\"dateModified\":\"2023-10-02T20:09:06+00:00\",\"breadcrumb\":{\"@id\":\"https:\/\/zsp1chojna.pl\/?p=6091#breadcrumb\"},\"inLanguage\":\"pl-PL\",\"potentialAction\":[{\"@type\":\"ReadAction\",\"target\":[\"https:\/\/zsp1chojna.pl\/?p=6091\"]}]},{\"@type\":\"BreadcrumbList\",\"@id\":\"https:\/\/zsp1chojna.pl\/?p=6091#breadcrumb\",\"itemListElement\":[{\"@type\":\"ListItem\",\"position\":1,\"name\":\"Home\",\"item\":\"https:\/\/zsp1chojna.pl\/\"},{\"@type\":\"ListItem\",\"position\":2,\"name\":\"Akademia M\u0142odego Prawnika\"}]},{\"@type\":\"WebSite\",\"@id\":\"https:\/\/zsp1chojna.pl\/#website\",\"url\":\"https:\/\/zsp1chojna.pl\/\",\"name\":\"ZSP w Chojnie\",\"description\":\"\",\"publisher\":{\"@id\":\"https:\/\/zsp1chojna.pl\/#organization\"},\"potentialAction\":[{\"@type\":\"SearchAction\",\"target\":{\"@type\":\"EntryPoint\",\"urlTemplate\":\"https:\/\/zsp1chojna.pl\/?s={search_term_string}\"},\"query-input\":\"required name=search_term_string\"}],\"inLanguage\":\"pl-PL\"},{\"@type\":\"Organization\",\"@id\":\"https:\/\/zsp1chojna.pl\/#organization\",\"name\":\"ZSP w Chojnie\",\"url\":\"https:\/\/zsp1chojna.pl\/\",\"logo\":{\"@type\":\"ImageObject\",\"inLanguage\":\"pl-PL\",\"@id\":\"https:\/\/zsp1chojna.pl\/#\/schema\/logo\/image\/\",\"url\":\"https:\/\/zsp1chojna.pl\/wp-content\/uploads\/2023\/08\/cropped-cropped-cropped-Logo-biale-napis-na-3-wiersze_504-1.png\",\"contentUrl\":\"https:\/\/zsp1chojna.pl\/wp-content\/uploads\/2023\/08\/cropped-cropped-cropped-Logo-biale-napis-na-3-wiersze_504-1.png\",\"width\":504,\"height\":167,\"caption\":\"ZSP w Chojnie\"},\"image\":{\"@id\":\"https:\/\/zsp1chojna.pl\/#\/schema\/logo\/image\/\"}},{\"@type\":\"Person\",\"@id\":\"https:\/\/zsp1chojna.pl\/#\/schema\/person\/fe8d6c03379c9cface386de0c172e127\",\"name\":\"admin\",\"image\":{\"@type\":\"ImageObject\",\"inLanguage\":\"pl-PL\",\"@id\":\"https:\/\/zsp1chojna.pl\/#\/schema\/person\/image\/\",\"url\":\"https:\/\/secure.gravatar.com\/avatar\/35d79b1d799ff9bac401976862e535bf785f4039d8313d3c00b303598a46dd4e?s=96&d=mm&r=g\",\"contentUrl\":\"https:\/\/secure.gravatar.com\/avatar\/35d79b1d799ff9bac401976862e535bf785f4039d8313d3c00b303598a46dd4e?s=96&d=mm&r=g\",\"caption\":\"admin\"},\"sameAs\":[\"http:\/\/nowazspchojna.pl\"],\"url\":\"https:\/\/zsp1chojna.pl\/?author=1\"}]}<\/script>\n<!-- \/ Yoast SEO plugin. -->","yoast_head_json":{"title":"Akademia M\u0142odego Prawnika - ZSP w Chojnie","robots":{"index":"index","follow":"follow","max-snippet":"max-snippet:-1","max-image-preview":"max-image-preview:large","max-video-preview":"max-video-preview:-1"},"canonical":"https:\/\/zsp1chojna.pl\/?p=6091","og_locale":"pl_PL","og_type":"article","og_title":"Akademia M\u0142odego Prawnika - ZSP w Chojnie","og_description":"Wydzia\u0142 Prawa i Administracji Uniwersytetu Szczeci\u0144skiego w lutym 2022 r. rozpocz\u0105\u0142 nab\u00f3r do Akademii M\u0142odego Prawnika. Dziesi\u0119cioro uczni\u00f3w Zespo\u0142u Szk\u00f3\u0142 Ponadpodstawowych w Chojnie z klas 1 abc LO i 2 [&hellip;]","og_url":"https:\/\/zsp1chojna.pl\/?p=6091","og_site_name":"ZSP w Chojnie","article_published_time":"2022-03-11T21:06:00+00:00","article_modified_time":"2023-10-02T20:09:06+00:00","og_image":[{"url":"https:\/\/zsp1chojna.pl\/wp-content\/uploads\/2023\/10\/image001-300x239-1.png"}],"author":"admin","twitter_card":"summary_large_image","twitter_misc":{"Napisane przez":"admin","Szacowany czas czytania":"3 minuty"},"schema":{"@context":"https:\/\/schema.org","@graph":[{"@type":"Article","@id":"https:\/\/zsp1chojna.pl\/?p=6091#article","isPartOf":{"@id":"https:\/\/zsp1chojna.pl\/?p=6091"},"author":{"name":"admin","@id":"https:\/\/zsp1chojna.pl\/#\/schema\/person\/fe8d6c03379c9cface386de0c172e127"},"headline":"Akademia M\u0142odego Prawnika","datePublished":"2022-03-11T21:06:00+00:00","dateModified":"2023-10-02T20:09:06+00:00","mainEntityOfPage":{"@id":"https:\/\/zsp1chojna.pl\/?p=6091"},"wordCount":388,"commentCount":0,"publisher":{"@id":"https:\/\/zsp1chojna.pl\/#organization"},"articleSection":["Aktualno\u015bci 2021\/2022"],"inLanguage":"pl-PL","potentialAction":[{"@type":"CommentAction","name":"Comment","target":["https:\/\/zsp1chojna.pl\/?p=6091#respond"]}]},{"@type":"WebPage","@id":"https:\/\/zsp1chojna.pl\/?p=6091","url":"https:\/\/zsp1chojna.pl\/?p=6091","name":"Akademia M\u0142odego Prawnika - ZSP w Chojnie","isPartOf":{"@id":"https:\/\/zsp1chojna.pl\/#website"},"datePublished":"2022-03-11T21:06:00+00:00","dateModified":"2023-10-02T20:09:06+00:00","breadcrumb":{"@id":"https:\/\/zsp1chojna.pl\/?p=6091#breadcrumb"},"inLanguage":"pl-PL","potentialAction":[{"@type":"ReadAction","target":["https:\/\/zsp1chojna.pl\/?p=6091"]}]},{"@type":"BreadcrumbList","@id":"https:\/\/zsp1chojna.pl\/?p=6091#breadcrumb","itemListElement":[{"@type":"ListItem","position":1,"name":"Home","item":"https:\/\/zsp1chojna.pl\/"},{"@type":"ListItem","position":2,"name":"Akademia M\u0142odego Prawnika"}]},{"@type":"WebSite","@id":"https:\/\/zsp1chojna.pl\/#website","url":"https:\/\/zsp1chojna.pl\/","name":"ZSP w Chojnie","description":"","publisher":{"@id":"https:\/\/zsp1chojna.pl\/#organization"},"potentialAction":[{"@type":"SearchAction","target":{"@type":"EntryPoint","urlTemplate":"https:\/\/zsp1chojna.pl\/?s={search_term_string}"},"query-input":"required name=search_term_string"}],"inLanguage":"pl-PL"},{"@type":"Organization","@id":"https:\/\/zsp1chojna.pl\/#organization","name":"ZSP w Chojnie","url":"https:\/\/zsp1chojna.pl\/","logo":{"@type":"ImageObject","inLanguage":"pl-PL","@id":"https:\/\/zsp1chojna.pl\/#\/schema\/logo\/image\/","url":"https:\/\/zsp1chojna.pl\/wp-content\/uploads\/2023\/08\/cropped-cropped-cropped-Logo-biale-napis-na-3-wiersze_504-1.png","contentUrl":"https:\/\/zsp1chojna.pl\/wp-content\/uploads\/2023\/08\/cropped-cropped-cropped-Logo-biale-napis-na-3-wiersze_504-1.png","width":504,"height":167,"caption":"ZSP w Chojnie"},"image":{"@id":"https:\/\/zsp1chojna.pl\/#\/schema\/logo\/image\/"}},{"@type":"Person","@id":"https:\/\/zsp1chojna.pl\/#\/schema\/person\/fe8d6c03379c9cface386de0c172e127","name":"admin","image":{"@type":"ImageObject","inLanguage":"pl-PL","@id":"https:\/\/zsp1chojna.pl\/#\/schema\/person\/image\/","url":"https:\/\/secure.gravatar.com\/avatar\/35d79b1d799ff9bac401976862e535bf785f4039d8313d3c00b303598a46dd4e?s=96&d=mm&r=g","contentUrl":"https:\/\/secure.gravatar.com\/avatar\/35d79b1d799ff9bac401976862e535bf785f4039d8313d3c00b303598a46dd4e?s=96&d=mm&r=g","caption":"admin"},"sameAs":["http:\/\/nowazspchojna.pl"],"url":"https:\/\/zsp1chojna.pl\/?author=1"}]}},"jetpack_featured_media_url":"","_links":{"self":[{"href":"https:\/\/zsp1chojna.pl\/index.php?rest_route=\/wp\/v2\/posts\/6091","targetHints":{"allow":["GET"]}}],"collection":[{"href":"https:\/\/zsp1chojna.pl\/index.php?rest_route=\/wp\/v2\/posts"}],"about":[{"href":"https:\/\/zsp1chojna.pl\/index.php?rest_route=\/wp\/v2\/types\/post"}],"author":[{"embeddable":true,"href":"https:\/\/zsp1chojna.pl\/index.php?rest_route=\/wp\/v2\/users\/1"}],"replies":[{"embeddable":true,"href":"https:\/\/zsp1chojna.pl\/index.php?rest_route=%2Fwp%2Fv2%2Fcomments&post=6091"}],"version-history":[{"count":1,"href":"https:\/\/zsp1chojna.pl\/index.php?rest_route=\/wp\/v2\/posts\/6091\/revisions"}],"predecessor-version":[{"id":6096,"href":"https:\/\/zsp1chojna.pl\/index.php?rest_route=\/wp\/v2\/posts\/6091\/revisions\/6096"}],"wp:attachment":[{"href":"https:\/\/zsp1chojna.pl\/index.php?rest_route=%2Fwp%2Fv2%2Fmedia&parent=6091"}],"wp:term":[{"taxonomy":"category","embeddable":true,"href":"https:\/\/zsp1chojna.pl\/index.php?rest_route=%2Fwp%2Fv2%2Fcategories&post=6091"},{"taxonomy":"post_tag","embeddable":true,"href":"https:\/\/zsp1chojna.pl\/index.php?rest_route=%2Fwp%2Fv2%2Ftags&post=6091"}],"curies":[{"name":"wp","href":"https:\/\/api.w.org\/{rel}","templated":true}]}}