{"id":6086,"date":"2022-03-12T22:03:00","date_gmt":"2022-03-12T21:03:00","guid":{"rendered":"https:\/\/zsp1chojna.pl\/?p=6086"},"modified":"2023-10-02T22:05:39","modified_gmt":"2023-10-02T20:05:39","slug":"akademia-mlodego-prawnika-pierwsze-zajecia","status":"publish","type":"post","link":"https:\/\/zsp1chojna.pl\/?p=6086","title":{"rendered":"Akademia M\u0142odego Prawnika \u2013 pierwsze zaj\u0119cia"},"content":{"rendered":"<div class=\"wp-block-image\">\n<figure class=\"aligncenter size-full\"><img loading=\"lazy\" decoding=\"async\" width=\"300\" height=\"239\" data-attachment-id=\"6058\" data-permalink=\"https:\/\/zsp1chojna.pl\/?attachment_id=6058\" data-orig-file=\"https:\/\/zsp1chojna.pl\/wp-content\/uploads\/2023\/10\/image001-300x239-1.png\" data-orig-size=\"300,239\" data-comments-opened=\"1\" data-image-meta=\"{&quot;aperture&quot;:&quot;0&quot;,&quot;credit&quot;:&quot;&quot;,&quot;camera&quot;:&quot;&quot;,&quot;caption&quot;:&quot;&quot;,&quot;created_timestamp&quot;:&quot;0&quot;,&quot;copyright&quot;:&quot;&quot;,&quot;focal_length&quot;:&quot;0&quot;,&quot;iso&quot;:&quot;0&quot;,&quot;shutter_speed&quot;:&quot;0&quot;,&quot;title&quot;:&quot;&quot;,&quot;orientation&quot;:&quot;0&quot;}\" data-image-title=\"image001-300&amp;#215;239-1\" data-image-description=\"\" data-image-caption=\"\" data-medium-file=\"https:\/\/zsp1chojna.pl\/wp-content\/uploads\/2023\/10\/image001-300x239-1.png\" data-large-file=\"https:\/\/zsp1chojna.pl\/wp-content\/uploads\/2023\/10\/image001-300x239-1.png\" src=\"https:\/\/zsp1chojna.pl\/wp-content\/uploads\/2023\/10\/image001-300x239-1.png\" alt=\"\" class=\"wp-image-6058\"\/><\/figure>\n<\/div>\n\n\n<p class=\"has-text-align-justify\">12 marca 2022 r. odby\u0142y si\u0119 pierwsze zaj\u0119cia w ramach Akademii M\u0142odego Prawnika, w kt\u00f3rych udzia\u0142 wzi\u0119li adepci Zespo\u0142u Szk\u00f3\u0142 Ponadpodstawowych w Chojnie: Izabela Ludwiczak, Agnieszka Piotrowska, Oliwia Sztuka, Mariusz Rosi\u0144ski, Wiktoria Kwa\u015bniak, Piotr Podniesi\u0144ski.<\/p>\n\n\n<div class=\"wp-block-image\">\n<figure class=\"aligncenter size-full\"><img loading=\"lazy\" decoding=\"async\" width=\"500\" height=\"335\" data-attachment-id=\"6087\" data-permalink=\"https:\/\/zsp1chojna.pl\/?attachment_id=6087\" data-orig-file=\"https:\/\/zsp1chojna.pl\/wp-content\/uploads\/2023\/10\/akademia-mlodego-prawnika-2022-1.jpg\" data-orig-size=\"500,335\" data-comments-opened=\"1\" data-image-meta=\"{&quot;aperture&quot;:&quot;0&quot;,&quot;credit&quot;:&quot;&quot;,&quot;camera&quot;:&quot;&quot;,&quot;caption&quot;:&quot;&quot;,&quot;created_timestamp&quot;:&quot;0&quot;,&quot;copyright&quot;:&quot;&quot;,&quot;focal_length&quot;:&quot;0&quot;,&quot;iso&quot;:&quot;0&quot;,&quot;shutter_speed&quot;:&quot;0&quot;,&quot;title&quot;:&quot;&quot;,&quot;orientation&quot;:&quot;0&quot;}\" data-image-title=\"akademia-mlodego-prawnika-2022-1\" data-image-description=\"\" data-image-caption=\"\" data-medium-file=\"https:\/\/zsp1chojna.pl\/wp-content\/uploads\/2023\/10\/akademia-mlodego-prawnika-2022-1-300x201.jpg\" data-large-file=\"https:\/\/zsp1chojna.pl\/wp-content\/uploads\/2023\/10\/akademia-mlodego-prawnika-2022-1.jpg\" src=\"https:\/\/zsp1chojna.pl\/wp-content\/uploads\/2023\/10\/akademia-mlodego-prawnika-2022-1.jpg\" alt=\"\" class=\"wp-image-6087\" srcset=\"https:\/\/zsp1chojna.pl\/wp-content\/uploads\/2023\/10\/akademia-mlodego-prawnika-2022-1.jpg 500w, https:\/\/zsp1chojna.pl\/wp-content\/uploads\/2023\/10\/akademia-mlodego-prawnika-2022-1-300x201.jpg 300w, https:\/\/zsp1chojna.pl\/wp-content\/uploads\/2023\/10\/akademia-mlodego-prawnika-2022-1-84x56.jpg 84w\" sizes=\"auto, (max-width: 500px) 100vw, 500px\" \/><\/figure>\n<\/div>\n\n\n<p class=\"has-text-align-justify\">Tematyka zaj\u0119\u0107 dotyczy\u0142a zagadnie\u0144: Dobrze wiedzie\u0107 \u2013 kr\u00f3tki kurs prawoznawstwa i prawa wyborczego. Co si\u0119 dzieje w moim pa\u0144stwie? Na co mam wp\u0142yw? Zaj\u0119cia mia\u0142y form\u0119 warsztat\u00f3w. M\u0142odzie\u017c pracowa\u0142a w grupach. Poruszane kwestie by\u0142y bardzo interesuj\u0105ce. Ka\u017cdy m\u00f3g\u0142 wzi\u0105\u0107 udzia\u0142 w dyskusji.<\/p>\n\n\n<div class=\"wp-block-image\">\n<figure class=\"aligncenter size-full\"><img loading=\"lazy\" decoding=\"async\" width=\"401\" height=\"280\" data-attachment-id=\"6088\" data-permalink=\"https:\/\/zsp1chojna.pl\/?attachment_id=6088\" data-orig-file=\"https:\/\/zsp1chojna.pl\/wp-content\/uploads\/2023\/10\/akademia-mlodego-prawnika-2022-2.png\" data-orig-size=\"401,280\" data-comments-opened=\"1\" data-image-meta=\"{&quot;aperture&quot;:&quot;0&quot;,&quot;credit&quot;:&quot;&quot;,&quot;camera&quot;:&quot;&quot;,&quot;caption&quot;:&quot;&quot;,&quot;created_timestamp&quot;:&quot;0&quot;,&quot;copyright&quot;:&quot;&quot;,&quot;focal_length&quot;:&quot;0&quot;,&quot;iso&quot;:&quot;0&quot;,&quot;shutter_speed&quot;:&quot;0&quot;,&quot;title&quot;:&quot;&quot;,&quot;orientation&quot;:&quot;0&quot;}\" data-image-title=\"akademia-mlodego-prawnika-2022-2\" data-image-description=\"\" data-image-caption=\"\" data-medium-file=\"https:\/\/zsp1chojna.pl\/wp-content\/uploads\/2023\/10\/akademia-mlodego-prawnika-2022-2-300x209.png\" data-large-file=\"https:\/\/zsp1chojna.pl\/wp-content\/uploads\/2023\/10\/akademia-mlodego-prawnika-2022-2.png\" src=\"https:\/\/zsp1chojna.pl\/wp-content\/uploads\/2023\/10\/akademia-mlodego-prawnika-2022-2.png\" alt=\"\" class=\"wp-image-6088\" srcset=\"https:\/\/zsp1chojna.pl\/wp-content\/uploads\/2023\/10\/akademia-mlodego-prawnika-2022-2.png 401w, https:\/\/zsp1chojna.pl\/wp-content\/uploads\/2023\/10\/akademia-mlodego-prawnika-2022-2-300x209.png 300w\" sizes=\"auto, (max-width: 401px) 100vw, 401px\" \/><\/figure>\n<\/div>\n\n\n<p class=\"has-text-align-justify\">Po&nbsp;zaj\u0119ciach adepci otrzymali pierwsze oceny do&nbsp;indeks\u00f3w. Oczywi\u015bci same pi\u0105tki. Kolejne spotkanie ju\u017c za&nbsp;dwa tygodnie.<\/p>\n\n\n\n<p class=\"has-text-align-right\">Agnieszka Piotrowska, kl. 1&nbsp;abc LO<\/p>\n\n\n\n<p class=\"has-text-align-right\">Opiekun mgr&nbsp;Edyta Krupa-Nadolny<\/p>\n","protected":false},"excerpt":{"rendered":"<p>12 marca 2022 r. odby\u0142y si\u0119 pierwsze zaj\u0119cia w ramach Akademii M\u0142odego Prawnika, w kt\u00f3rych udzia\u0142 wzi\u0119li adepci Zespo\u0142u Szk\u00f3\u0142 Ponadpodstawowych w Chojnie: Izabela Ludwiczak, Agnieszka Piotrowska, Oliwia Sztuka, Mariusz [&hellip;]<\/p>\n","protected":false},"author":1,"featured_media":0,"comment_status":"open","ping_status":"open","sticky":false,"template":"","format":"standard","meta":{"footnotes":""},"categories":[11],"tags":[],"class_list":["post-6086","post","type-post","status-publish","format-standard","hentry","category-aktualnosci-2021-2022"],"wbAuthor":{"name":"admin","link":"https:\/\/zsp1chojna.pl\/?author=1"},"wbDate":"mar 12, 2022","wbCategories":{"space":"<a href=\"https:\/\/zsp1chojna.pl\/?cat=11\" rel=\"category\">Aktualno\u015bci 2021\/2022<\/a>","coma":"<a href=\"https:\/\/zsp1chojna.pl\/?cat=11\" rel=\"category\">Aktualno\u015bci 2021\/2022<\/a>"},"wbComment":0,"yoast_head":"<!-- This site is optimized with the Yoast SEO plugin v20.13 - https:\/\/yoast.com\/wordpress\/plugins\/seo\/ -->\n<title>Akademia M\u0142odego Prawnika \u2013 pierwsze zaj\u0119cia - ZSP w Chojnie<\/title>\n<meta name=\"robots\" content=\"index, follow, max-snippet:-1, max-image-preview:large, max-video-preview:-1\" \/>\n<link rel=\"canonical\" href=\"https:\/\/zsp1chojna.pl\/?p=6086\" \/>\n<meta property=\"og:locale\" content=\"pl_PL\" \/>\n<meta property=\"og:type\" content=\"article\" \/>\n<meta property=\"og:title\" content=\"Akademia M\u0142odego Prawnika \u2013 pierwsze zaj\u0119cia - ZSP w Chojnie\" \/>\n<meta property=\"og:description\" content=\"12 marca 2022 r. odby\u0142y si\u0119 pierwsze zaj\u0119cia w ramach Akademii M\u0142odego Prawnika, w kt\u00f3rych udzia\u0142 wzi\u0119li adepci Zespo\u0142u Szk\u00f3\u0142 Ponadpodstawowych w Chojnie: Izabela Ludwiczak, Agnieszka Piotrowska, Oliwia Sztuka, Mariusz [&hellip;]\" \/>\n<meta property=\"og:url\" content=\"https:\/\/zsp1chojna.pl\/?p=6086\" \/>\n<meta property=\"og:site_name\" content=\"ZSP w Chojnie\" \/>\n<meta property=\"article:published_time\" content=\"2022-03-12T21:03:00+00:00\" \/>\n<meta property=\"article:modified_time\" content=\"2023-10-02T20:05:39+00:00\" \/>\n<meta property=\"og:image\" content=\"https:\/\/zsp1chojna.pl\/wp-content\/uploads\/2023\/10\/image001-300x239-1.png\" \/>\n<meta name=\"author\" content=\"admin\" \/>\n<meta name=\"twitter:card\" content=\"summary_large_image\" \/>\n<meta name=\"twitter:label1\" content=\"Napisane przez\" \/>\n\t<meta name=\"twitter:data1\" content=\"admin\" \/>\n\t<meta name=\"twitter:label2\" content=\"Szacowany czas czytania\" \/>\n\t<meta name=\"twitter:data2\" content=\"2 minuty\" \/>\n<script type=\"application\/ld+json\" class=\"yoast-schema-graph\">{\"@context\":\"https:\/\/schema.org\",\"@graph\":[{\"@type\":\"Article\",\"@id\":\"https:\/\/zsp1chojna.pl\/?p=6086#article\",\"isPartOf\":{\"@id\":\"https:\/\/zsp1chojna.pl\/?p=6086\"},\"author\":{\"name\":\"admin\",\"@id\":\"https:\/\/zsp1chojna.pl\/#\/schema\/person\/fe8d6c03379c9cface386de0c172e127\"},\"headline\":\"Akademia M\u0142odego Prawnika \u2013 pierwsze zaj\u0119cia\",\"datePublished\":\"2022-03-12T21:03:00+00:00\",\"dateModified\":\"2023-10-02T20:05:39+00:00\",\"mainEntityOfPage\":{\"@id\":\"https:\/\/zsp1chojna.pl\/?p=6086\"},\"wordCount\":138,\"commentCount\":0,\"publisher\":{\"@id\":\"https:\/\/zsp1chojna.pl\/#organization\"},\"articleSection\":[\"Aktualno\u015bci 2021\/2022\"],\"inLanguage\":\"pl-PL\",\"potentialAction\":[{\"@type\":\"CommentAction\",\"name\":\"Comment\",\"target\":[\"https:\/\/zsp1chojna.pl\/?p=6086#respond\"]}]},{\"@type\":\"WebPage\",\"@id\":\"https:\/\/zsp1chojna.pl\/?p=6086\",\"url\":\"https:\/\/zsp1chojna.pl\/?p=6086\",\"name\":\"Akademia M\u0142odego Prawnika \u2013 pierwsze zaj\u0119cia - ZSP w Chojnie\",\"isPartOf\":{\"@id\":\"https:\/\/zsp1chojna.pl\/#website\"},\"datePublished\":\"2022-03-12T21:03:00+00:00\",\"dateModified\":\"2023-10-02T20:05:39+00:00\",\"breadcrumb\":{\"@id\":\"https:\/\/zsp1chojna.pl\/?p=6086#breadcrumb\"},\"inLanguage\":\"pl-PL\",\"potentialAction\":[{\"@type\":\"ReadAction\",\"target\":[\"https:\/\/zsp1chojna.pl\/?p=6086\"]}]},{\"@type\":\"BreadcrumbList\",\"@id\":\"https:\/\/zsp1chojna.pl\/?p=6086#breadcrumb\",\"itemListElement\":[{\"@type\":\"ListItem\",\"position\":1,\"name\":\"Home\",\"item\":\"https:\/\/zsp1chojna.pl\/\"},{\"@type\":\"ListItem\",\"position\":2,\"name\":\"Akademia M\u0142odego Prawnika \u2013 pierwsze zaj\u0119cia\"}]},{\"@type\":\"WebSite\",\"@id\":\"https:\/\/zsp1chojna.pl\/#website\",\"url\":\"https:\/\/zsp1chojna.pl\/\",\"name\":\"ZSP w Chojnie\",\"description\":\"\",\"publisher\":{\"@id\":\"https:\/\/zsp1chojna.pl\/#organization\"},\"potentialAction\":[{\"@type\":\"SearchAction\",\"target\":{\"@type\":\"EntryPoint\",\"urlTemplate\":\"https:\/\/zsp1chojna.pl\/?s={search_term_string}\"},\"query-input\":\"required name=search_term_string\"}],\"inLanguage\":\"pl-PL\"},{\"@type\":\"Organization\",\"@id\":\"https:\/\/zsp1chojna.pl\/#organization\",\"name\":\"ZSP w Chojnie\",\"url\":\"https:\/\/zsp1chojna.pl\/\",\"logo\":{\"@type\":\"ImageObject\",\"inLanguage\":\"pl-PL\",\"@id\":\"https:\/\/zsp1chojna.pl\/#\/schema\/logo\/image\/\",\"url\":\"https:\/\/zsp1chojna.pl\/wp-content\/uploads\/2023\/08\/cropped-cropped-cropped-Logo-biale-napis-na-3-wiersze_504-1.png\",\"contentUrl\":\"https:\/\/zsp1chojna.pl\/wp-content\/uploads\/2023\/08\/cropped-cropped-cropped-Logo-biale-napis-na-3-wiersze_504-1.png\",\"width\":504,\"height\":167,\"caption\":\"ZSP w Chojnie\"},\"image\":{\"@id\":\"https:\/\/zsp1chojna.pl\/#\/schema\/logo\/image\/\"}},{\"@type\":\"Person\",\"@id\":\"https:\/\/zsp1chojna.pl\/#\/schema\/person\/fe8d6c03379c9cface386de0c172e127\",\"name\":\"admin\",\"image\":{\"@type\":\"ImageObject\",\"inLanguage\":\"pl-PL\",\"@id\":\"https:\/\/zsp1chojna.pl\/#\/schema\/person\/image\/\",\"url\":\"https:\/\/secure.gravatar.com\/avatar\/35d79b1d799ff9bac401976862e535bf785f4039d8313d3c00b303598a46dd4e?s=96&d=mm&r=g\",\"contentUrl\":\"https:\/\/secure.gravatar.com\/avatar\/35d79b1d799ff9bac401976862e535bf785f4039d8313d3c00b303598a46dd4e?s=96&d=mm&r=g\",\"caption\":\"admin\"},\"sameAs\":[\"http:\/\/nowazspchojna.pl\"],\"url\":\"https:\/\/zsp1chojna.pl\/?author=1\"}]}<\/script>\n<!-- \/ Yoast SEO plugin. -->","yoast_head_json":{"title":"Akademia M\u0142odego Prawnika \u2013 pierwsze zaj\u0119cia - ZSP w Chojnie","robots":{"index":"index","follow":"follow","max-snippet":"max-snippet:-1","max-image-preview":"max-image-preview:large","max-video-preview":"max-video-preview:-1"},"canonical":"https:\/\/zsp1chojna.pl\/?p=6086","og_locale":"pl_PL","og_type":"article","og_title":"Akademia M\u0142odego Prawnika \u2013 pierwsze zaj\u0119cia - ZSP w Chojnie","og_description":"12 marca 2022 r. odby\u0142y si\u0119 pierwsze zaj\u0119cia w ramach Akademii M\u0142odego Prawnika, w kt\u00f3rych udzia\u0142 wzi\u0119li adepci Zespo\u0142u Szk\u00f3\u0142 Ponadpodstawowych w Chojnie: Izabela Ludwiczak, Agnieszka Piotrowska, Oliwia Sztuka, Mariusz [&hellip;]","og_url":"https:\/\/zsp1chojna.pl\/?p=6086","og_site_name":"ZSP w Chojnie","article_published_time":"2022-03-12T21:03:00+00:00","article_modified_time":"2023-10-02T20:05:39+00:00","og_image":[{"url":"https:\/\/zsp1chojna.pl\/wp-content\/uploads\/2023\/10\/image001-300x239-1.png"}],"author":"admin","twitter_card":"summary_large_image","twitter_misc":{"Napisane przez":"admin","Szacowany czas czytania":"2 minuty"},"schema":{"@context":"https:\/\/schema.org","@graph":[{"@type":"Article","@id":"https:\/\/zsp1chojna.pl\/?p=6086#article","isPartOf":{"@id":"https:\/\/zsp1chojna.pl\/?p=6086"},"author":{"name":"admin","@id":"https:\/\/zsp1chojna.pl\/#\/schema\/person\/fe8d6c03379c9cface386de0c172e127"},"headline":"Akademia M\u0142odego Prawnika \u2013 pierwsze zaj\u0119cia","datePublished":"2022-03-12T21:03:00+00:00","dateModified":"2023-10-02T20:05:39+00:00","mainEntityOfPage":{"@id":"https:\/\/zsp1chojna.pl\/?p=6086"},"wordCount":138,"commentCount":0,"publisher":{"@id":"https:\/\/zsp1chojna.pl\/#organization"},"articleSection":["Aktualno\u015bci 2021\/2022"],"inLanguage":"pl-PL","potentialAction":[{"@type":"CommentAction","name":"Comment","target":["https:\/\/zsp1chojna.pl\/?p=6086#respond"]}]},{"@type":"WebPage","@id":"https:\/\/zsp1chojna.pl\/?p=6086","url":"https:\/\/zsp1chojna.pl\/?p=6086","name":"Akademia M\u0142odego Prawnika \u2013 pierwsze zaj\u0119cia - ZSP w Chojnie","isPartOf":{"@id":"https:\/\/zsp1chojna.pl\/#website"},"datePublished":"2022-03-12T21:03:00+00:00","dateModified":"2023-10-02T20:05:39+00:00","breadcrumb":{"@id":"https:\/\/zsp1chojna.pl\/?p=6086#breadcrumb"},"inLanguage":"pl-PL","potentialAction":[{"@type":"ReadAction","target":["https:\/\/zsp1chojna.pl\/?p=6086"]}]},{"@type":"BreadcrumbList","@id":"https:\/\/zsp1chojna.pl\/?p=6086#breadcrumb","itemListElement":[{"@type":"ListItem","position":1,"name":"Home","item":"https:\/\/zsp1chojna.pl\/"},{"@type":"ListItem","position":2,"name":"Akademia M\u0142odego Prawnika \u2013 pierwsze zaj\u0119cia"}]},{"@type":"WebSite","@id":"https:\/\/zsp1chojna.pl\/#website","url":"https:\/\/zsp1chojna.pl\/","name":"ZSP w Chojnie","description":"","publisher":{"@id":"https:\/\/zsp1chojna.pl\/#organization"},"potentialAction":[{"@type":"SearchAction","target":{"@type":"EntryPoint","urlTemplate":"https:\/\/zsp1chojna.pl\/?s={search_term_string}"},"query-input":"required name=search_term_string"}],"inLanguage":"pl-PL"},{"@type":"Organization","@id":"https:\/\/zsp1chojna.pl\/#organization","name":"ZSP w Chojnie","url":"https:\/\/zsp1chojna.pl\/","logo":{"@type":"ImageObject","inLanguage":"pl-PL","@id":"https:\/\/zsp1chojna.pl\/#\/schema\/logo\/image\/","url":"https:\/\/zsp1chojna.pl\/wp-content\/uploads\/2023\/08\/cropped-cropped-cropped-Logo-biale-napis-na-3-wiersze_504-1.png","contentUrl":"https:\/\/zsp1chojna.pl\/wp-content\/uploads\/2023\/08\/cropped-cropped-cropped-Logo-biale-napis-na-3-wiersze_504-1.png","width":504,"height":167,"caption":"ZSP w Chojnie"},"image":{"@id":"https:\/\/zsp1chojna.pl\/#\/schema\/logo\/image\/"}},{"@type":"Person","@id":"https:\/\/zsp1chojna.pl\/#\/schema\/person\/fe8d6c03379c9cface386de0c172e127","name":"admin","image":{"@type":"ImageObject","inLanguage":"pl-PL","@id":"https:\/\/zsp1chojna.pl\/#\/schema\/person\/image\/","url":"https:\/\/secure.gravatar.com\/avatar\/35d79b1d799ff9bac401976862e535bf785f4039d8313d3c00b303598a46dd4e?s=96&d=mm&r=g","contentUrl":"https:\/\/secure.gravatar.com\/avatar\/35d79b1d799ff9bac401976862e535bf785f4039d8313d3c00b303598a46dd4e?s=96&d=mm&r=g","caption":"admin"},"sameAs":["http:\/\/nowazspchojna.pl"],"url":"https:\/\/zsp1chojna.pl\/?author=1"}]}},"jetpack_featured_media_url":"","_links":{"self":[{"href":"https:\/\/zsp1chojna.pl\/index.php?rest_route=\/wp\/v2\/posts\/6086","targetHints":{"allow":["GET"]}}],"collection":[{"href":"https:\/\/zsp1chojna.pl\/index.php?rest_route=\/wp\/v2\/posts"}],"about":[{"href":"https:\/\/zsp1chojna.pl\/index.php?rest_route=\/wp\/v2\/types\/post"}],"author":[{"embeddable":true,"href":"https:\/\/zsp1chojna.pl\/index.php?rest_route=\/wp\/v2\/users\/1"}],"replies":[{"embeddable":true,"href":"https:\/\/zsp1chojna.pl\/index.php?rest_route=%2Fwp%2Fv2%2Fcomments&post=6086"}],"version-history":[{"count":1,"href":"https:\/\/zsp1chojna.pl\/index.php?rest_route=\/wp\/v2\/posts\/6086\/revisions"}],"predecessor-version":[{"id":6089,"href":"https:\/\/zsp1chojna.pl\/index.php?rest_route=\/wp\/v2\/posts\/6086\/revisions\/6089"}],"wp:attachment":[{"href":"https:\/\/zsp1chojna.pl\/index.php?rest_route=%2Fwp%2Fv2%2Fmedia&parent=6086"}],"wp:term":[{"taxonomy":"category","embeddable":true,"href":"https:\/\/zsp1chojna.pl\/index.php?rest_route=%2Fwp%2Fv2%2Fcategories&post=6086"},{"taxonomy":"post_tag","embeddable":true,"href":"https:\/\/zsp1chojna.pl\/index.php?rest_route=%2Fwp%2Fv2%2Ftags&post=6086"}],"curies":[{"name":"wp","href":"https:\/\/api.w.org\/{rel}","templated":true}]}}