{"id":6080,"date":"2022-04-02T22:00:00","date_gmt":"2022-04-02T20:00:00","guid":{"rendered":"https:\/\/zsp1chojna.pl\/?p=6080"},"modified":"2023-10-02T22:03:22","modified_gmt":"2023-10-02T20:03:22","slug":"akademia-mlodego-prawnika-2","status":"publish","type":"post","link":"https:\/\/zsp1chojna.pl\/?p=6080","title":{"rendered":"Akademia M\u0142odego Prawnika"},"content":{"rendered":"\n<p class=\"has-text-align-justify\">2 kwietnia 2022 r. odby\u0142y si\u0119 kolejne zaj\u0119cia w ramach Akademii M\u0142odego Prawnika, w kt\u00f3rych udzia\u0142 wzi\u0119li adepci Zespo\u0142u Szk\u00f3\u0142 Ponadpodstawowych w Chojnie: Izabela Ludwiczak, Agnieszka Piotrowska, Oliwia Sztuka, Mariusz Rosi\u0144ski, Wiktoria Kwa\u015bniak, Piotr Podniesi\u0144ski. Tym razem m\u0142odzie\u017c zastanawia\u0142a si\u0119 nad zagadnieniem: Czy dbam o swoje \u015brodowisko? Chc\u0119 by\u0107 EKO! Prawo w sieci, czyli jak klika\u0107 bezpiecznie.<\/p>\n\n\n<div class=\"wp-block-image\">\n<figure class=\"aligncenter size-large is-resized\"><img loading=\"lazy\" decoding=\"async\" data-attachment-id=\"6081\" data-permalink=\"https:\/\/zsp1chojna.pl\/?attachment_id=6081\" data-orig-file=\"https:\/\/zsp1chojna.pl\/wp-content\/uploads\/2023\/10\/amp-2002-kw-1.jpg\" data-orig-size=\"857,1036\" data-comments-opened=\"1\" data-image-meta=\"{&quot;aperture&quot;:&quot;0&quot;,&quot;credit&quot;:&quot;&quot;,&quot;camera&quot;:&quot;&quot;,&quot;caption&quot;:&quot;&quot;,&quot;created_timestamp&quot;:&quot;0&quot;,&quot;copyright&quot;:&quot;&quot;,&quot;focal_length&quot;:&quot;0&quot;,&quot;iso&quot;:&quot;0&quot;,&quot;shutter_speed&quot;:&quot;0&quot;,&quot;title&quot;:&quot;&quot;,&quot;orientation&quot;:&quot;0&quot;}\" data-image-title=\"amp-2002-kw-1\" data-image-description=\"\" data-image-caption=\"\" data-medium-file=\"https:\/\/zsp1chojna.pl\/wp-content\/uploads\/2023\/10\/amp-2002-kw-1-248x300.jpg\" data-large-file=\"https:\/\/zsp1chojna.pl\/wp-content\/uploads\/2023\/10\/amp-2002-kw-1-847x1024.jpg\" src=\"https:\/\/zsp1chojna.pl\/wp-content\/uploads\/2023\/10\/amp-2002-kw-1-847x1024.jpg\" alt=\"\" class=\"wp-image-6081\" style=\"width:614px;height:742px\" width=\"614\" height=\"742\" srcset=\"https:\/\/zsp1chojna.pl\/wp-content\/uploads\/2023\/10\/amp-2002-kw-1-847x1024.jpg 847w, https:\/\/zsp1chojna.pl\/wp-content\/uploads\/2023\/10\/amp-2002-kw-1-248x300.jpg 248w, https:\/\/zsp1chojna.pl\/wp-content\/uploads\/2023\/10\/amp-2002-kw-1-768x928.jpg 768w, https:\/\/zsp1chojna.pl\/wp-content\/uploads\/2023\/10\/amp-2002-kw-1-624x754.jpg 624w, https:\/\/zsp1chojna.pl\/wp-content\/uploads\/2023\/10\/amp-2002-kw-1.jpg 857w\" sizes=\"auto, (max-width: 614px) 100vw, 614px\" \/><\/figure>\n<\/div>\n\n\n<p class=\"has-text-align-justify\">M\u0142odzie\u017c zastanawia\u0142a si\u0119 nad&nbsp;znaczeniem s\u0142owa: \u201eeko\u201d, kt\u00f3re obecnie cz\u0119sto pojawia si\u0119&nbsp; w&nbsp; wielu kontekstach i&nbsp;jest stosowane niemal codziennie. Czy&nbsp;tak&nbsp;naprawd\u0119 \u201eeko\u201d ma&nbsp; znaczenie dla \u015brodowiska? Dlaczego zielony styl \u017cycia nie&nbsp;jest chwilow\u0105 mod\u0105 i&nbsp;mo\u017ce sta\u0107 si\u0119 wa\u017cnym elementem codzienno\u015bci?<\/p>\n\n\n<div class=\"wp-block-image\">\n<figure class=\"aligncenter size-large is-resized\"><img loading=\"lazy\" decoding=\"async\" data-attachment-id=\"6082\" data-permalink=\"https:\/\/zsp1chojna.pl\/?attachment_id=6082\" data-orig-file=\"https:\/\/zsp1chojna.pl\/wp-content\/uploads\/2023\/10\/amp-2002-kw-2.jpg\" data-orig-size=\"1043,697\" data-comments-opened=\"1\" data-image-meta=\"{&quot;aperture&quot;:&quot;0&quot;,&quot;credit&quot;:&quot;&quot;,&quot;camera&quot;:&quot;&quot;,&quot;caption&quot;:&quot;&quot;,&quot;created_timestamp&quot;:&quot;0&quot;,&quot;copyright&quot;:&quot;&quot;,&quot;focal_length&quot;:&quot;0&quot;,&quot;iso&quot;:&quot;0&quot;,&quot;shutter_speed&quot;:&quot;0&quot;,&quot;title&quot;:&quot;&quot;,&quot;orientation&quot;:&quot;0&quot;}\" data-image-title=\"amp-2002-kw-2\" data-image-description=\"\" data-image-caption=\"\" data-medium-file=\"https:\/\/zsp1chojna.pl\/wp-content\/uploads\/2023\/10\/amp-2002-kw-2-300x200.jpg\" data-large-file=\"https:\/\/zsp1chojna.pl\/wp-content\/uploads\/2023\/10\/amp-2002-kw-2-1024x684.jpg\" src=\"https:\/\/zsp1chojna.pl\/wp-content\/uploads\/2023\/10\/amp-2002-kw-2-1024x684.jpg\" alt=\"\" class=\"wp-image-6082\" style=\"width:596px;height:398px\" width=\"596\" height=\"398\" srcset=\"https:\/\/zsp1chojna.pl\/wp-content\/uploads\/2023\/10\/amp-2002-kw-2-1024x684.jpg 1024w, https:\/\/zsp1chojna.pl\/wp-content\/uploads\/2023\/10\/amp-2002-kw-2-300x200.jpg 300w, https:\/\/zsp1chojna.pl\/wp-content\/uploads\/2023\/10\/amp-2002-kw-2-768x513.jpg 768w, https:\/\/zsp1chojna.pl\/wp-content\/uploads\/2023\/10\/amp-2002-kw-2-947x633.jpg 947w, https:\/\/zsp1chojna.pl\/wp-content\/uploads\/2023\/10\/amp-2002-kw-2-624x417.jpg 624w, https:\/\/zsp1chojna.pl\/wp-content\/uploads\/2023\/10\/amp-2002-kw-2-84x56.jpg 84w, https:\/\/zsp1chojna.pl\/wp-content\/uploads\/2023\/10\/amp-2002-kw-2.jpg 1043w\" sizes=\"auto, (max-width: 596px) 100vw, 596px\" \/><\/figure>\n<\/div>\n\n\n<p>Po&nbsp;zaj\u0119ciach adepci otrzymali wpis do&nbsp;indeks\u00f3w.<\/p>\n\n\n\n<p class=\"has-text-align-right\">&nbsp;&nbsp;&nbsp;&nbsp;&nbsp;&nbsp;&nbsp;&nbsp;&nbsp;&nbsp;&nbsp;&nbsp;&nbsp;&nbsp;&nbsp;&nbsp;&nbsp;&nbsp;&nbsp;&nbsp;&nbsp;&nbsp;&nbsp;&nbsp;&nbsp;&nbsp;&nbsp;&nbsp;&nbsp;&nbsp;&nbsp;&nbsp;&nbsp;&nbsp;&nbsp;&nbsp;&nbsp;&nbsp;&nbsp;&nbsp;&nbsp;&nbsp;&nbsp;&nbsp;&nbsp;&nbsp;&nbsp;&nbsp;&nbsp;&nbsp;&nbsp;&nbsp;&nbsp;&nbsp;&nbsp;&nbsp; Opiekun mgr&nbsp;Edyta Krupa-Nadolny<\/p>\n","protected":false},"excerpt":{"rendered":"<p>2 kwietnia 2022 r. odby\u0142y si\u0119 kolejne zaj\u0119cia w ramach Akademii M\u0142odego Prawnika, w kt\u00f3rych udzia\u0142 wzi\u0119li adepci Zespo\u0142u Szk\u00f3\u0142 Ponadpodstawowych w Chojnie: Izabela Ludwiczak, Agnieszka Piotrowska, Oliwia Sztuka, Mariusz [&hellip;]<\/p>\n","protected":false},"author":1,"featured_media":0,"comment_status":"open","ping_status":"open","sticky":false,"template":"","format":"standard","meta":{"footnotes":""},"categories":[11],"tags":[],"class_list":["post-6080","post","type-post","status-publish","format-standard","hentry","category-aktualnosci-2021-2022"],"wbAuthor":{"name":"admin","link":"https:\/\/zsp1chojna.pl\/?author=1"},"wbDate":"kwi 2, 2022","wbCategories":{"space":"<a href=\"https:\/\/zsp1chojna.pl\/?cat=11\" rel=\"category\">Aktualno\u015bci 2021\/2022<\/a>","coma":"<a href=\"https:\/\/zsp1chojna.pl\/?cat=11\" rel=\"category\">Aktualno\u015bci 2021\/2022<\/a>"},"wbComment":0,"yoast_head":"<!-- This site is optimized with the Yoast SEO plugin v20.13 - https:\/\/yoast.com\/wordpress\/plugins\/seo\/ -->\n<title>Akademia M\u0142odego Prawnika - ZSP w Chojnie<\/title>\n<meta name=\"robots\" content=\"index, follow, max-snippet:-1, max-image-preview:large, max-video-preview:-1\" \/>\n<link rel=\"canonical\" href=\"https:\/\/zsp1chojna.pl\/?p=6080\" \/>\n<meta property=\"og:locale\" content=\"pl_PL\" \/>\n<meta property=\"og:type\" content=\"article\" \/>\n<meta property=\"og:title\" content=\"Akademia M\u0142odego Prawnika - ZSP w Chojnie\" \/>\n<meta property=\"og:description\" content=\"2 kwietnia 2022 r. odby\u0142y si\u0119 kolejne zaj\u0119cia w ramach Akademii M\u0142odego Prawnika, w kt\u00f3rych udzia\u0142 wzi\u0119li adepci Zespo\u0142u Szk\u00f3\u0142 Ponadpodstawowych w Chojnie: Izabela Ludwiczak, Agnieszka Piotrowska, Oliwia Sztuka, Mariusz [&hellip;]\" \/>\n<meta property=\"og:url\" content=\"https:\/\/zsp1chojna.pl\/?p=6080\" \/>\n<meta property=\"og:site_name\" content=\"ZSP w Chojnie\" \/>\n<meta property=\"article:published_time\" content=\"2022-04-02T20:00:00+00:00\" \/>\n<meta property=\"article:modified_time\" content=\"2023-10-02T20:03:22+00:00\" \/>\n<meta property=\"og:image\" content=\"https:\/\/zsp1chojna.pl\/wp-content\/uploads\/2023\/10\/amp-2002-kw-1-847x1024.jpg\" \/>\n<meta name=\"author\" content=\"admin\" \/>\n<meta name=\"twitter:card\" content=\"summary_large_image\" \/>\n<meta name=\"twitter:label1\" content=\"Napisane przez\" \/>\n\t<meta name=\"twitter:data1\" content=\"admin\" \/>\n\t<meta name=\"twitter:label2\" content=\"Szacowany czas czytania\" \/>\n\t<meta name=\"twitter:data2\" content=\"2 minuty\" \/>\n<script type=\"application\/ld+json\" class=\"yoast-schema-graph\">{\"@context\":\"https:\/\/schema.org\",\"@graph\":[{\"@type\":\"Article\",\"@id\":\"https:\/\/zsp1chojna.pl\/?p=6080#article\",\"isPartOf\":{\"@id\":\"https:\/\/zsp1chojna.pl\/?p=6080\"},\"author\":{\"name\":\"admin\",\"@id\":\"https:\/\/zsp1chojna.pl\/#\/schema\/person\/fe8d6c03379c9cface386de0c172e127\"},\"headline\":\"Akademia M\u0142odego Prawnika\",\"datePublished\":\"2022-04-02T20:00:00+00:00\",\"dateModified\":\"2023-10-02T20:03:22+00:00\",\"mainEntityOfPage\":{\"@id\":\"https:\/\/zsp1chojna.pl\/?p=6080\"},\"wordCount\":202,\"commentCount\":0,\"publisher\":{\"@id\":\"https:\/\/zsp1chojna.pl\/#organization\"},\"articleSection\":[\"Aktualno\u015bci 2021\/2022\"],\"inLanguage\":\"pl-PL\",\"potentialAction\":[{\"@type\":\"CommentAction\",\"name\":\"Comment\",\"target\":[\"https:\/\/zsp1chojna.pl\/?p=6080#respond\"]}]},{\"@type\":\"WebPage\",\"@id\":\"https:\/\/zsp1chojna.pl\/?p=6080\",\"url\":\"https:\/\/zsp1chojna.pl\/?p=6080\",\"name\":\"Akademia M\u0142odego Prawnika - ZSP w Chojnie\",\"isPartOf\":{\"@id\":\"https:\/\/zsp1chojna.pl\/#website\"},\"datePublished\":\"2022-04-02T20:00:00+00:00\",\"dateModified\":\"2023-10-02T20:03:22+00:00\",\"breadcrumb\":{\"@id\":\"https:\/\/zsp1chojna.pl\/?p=6080#breadcrumb\"},\"inLanguage\":\"pl-PL\",\"potentialAction\":[{\"@type\":\"ReadAction\",\"target\":[\"https:\/\/zsp1chojna.pl\/?p=6080\"]}]},{\"@type\":\"BreadcrumbList\",\"@id\":\"https:\/\/zsp1chojna.pl\/?p=6080#breadcrumb\",\"itemListElement\":[{\"@type\":\"ListItem\",\"position\":1,\"name\":\"Home\",\"item\":\"https:\/\/zsp1chojna.pl\/\"},{\"@type\":\"ListItem\",\"position\":2,\"name\":\"Akademia M\u0142odego Prawnika\"}]},{\"@type\":\"WebSite\",\"@id\":\"https:\/\/zsp1chojna.pl\/#website\",\"url\":\"https:\/\/zsp1chojna.pl\/\",\"name\":\"ZSP w Chojnie\",\"description\":\"\",\"publisher\":{\"@id\":\"https:\/\/zsp1chojna.pl\/#organization\"},\"potentialAction\":[{\"@type\":\"SearchAction\",\"target\":{\"@type\":\"EntryPoint\",\"urlTemplate\":\"https:\/\/zsp1chojna.pl\/?s={search_term_string}\"},\"query-input\":\"required name=search_term_string\"}],\"inLanguage\":\"pl-PL\"},{\"@type\":\"Organization\",\"@id\":\"https:\/\/zsp1chojna.pl\/#organization\",\"name\":\"ZSP w Chojnie\",\"url\":\"https:\/\/zsp1chojna.pl\/\",\"logo\":{\"@type\":\"ImageObject\",\"inLanguage\":\"pl-PL\",\"@id\":\"https:\/\/zsp1chojna.pl\/#\/schema\/logo\/image\/\",\"url\":\"https:\/\/zsp1chojna.pl\/wp-content\/uploads\/2023\/08\/cropped-cropped-cropped-Logo-biale-napis-na-3-wiersze_504-1.png\",\"contentUrl\":\"https:\/\/zsp1chojna.pl\/wp-content\/uploads\/2023\/08\/cropped-cropped-cropped-Logo-biale-napis-na-3-wiersze_504-1.png\",\"width\":504,\"height\":167,\"caption\":\"ZSP w Chojnie\"},\"image\":{\"@id\":\"https:\/\/zsp1chojna.pl\/#\/schema\/logo\/image\/\"}},{\"@type\":\"Person\",\"@id\":\"https:\/\/zsp1chojna.pl\/#\/schema\/person\/fe8d6c03379c9cface386de0c172e127\",\"name\":\"admin\",\"image\":{\"@type\":\"ImageObject\",\"inLanguage\":\"pl-PL\",\"@id\":\"https:\/\/zsp1chojna.pl\/#\/schema\/person\/image\/\",\"url\":\"https:\/\/secure.gravatar.com\/avatar\/35d79b1d799ff9bac401976862e535bf785f4039d8313d3c00b303598a46dd4e?s=96&d=mm&r=g\",\"contentUrl\":\"https:\/\/secure.gravatar.com\/avatar\/35d79b1d799ff9bac401976862e535bf785f4039d8313d3c00b303598a46dd4e?s=96&d=mm&r=g\",\"caption\":\"admin\"},\"sameAs\":[\"http:\/\/nowazspchojna.pl\"],\"url\":\"https:\/\/zsp1chojna.pl\/?author=1\"}]}<\/script>\n<!-- \/ Yoast SEO plugin. -->","yoast_head_json":{"title":"Akademia M\u0142odego Prawnika - ZSP w Chojnie","robots":{"index":"index","follow":"follow","max-snippet":"max-snippet:-1","max-image-preview":"max-image-preview:large","max-video-preview":"max-video-preview:-1"},"canonical":"https:\/\/zsp1chojna.pl\/?p=6080","og_locale":"pl_PL","og_type":"article","og_title":"Akademia M\u0142odego Prawnika - ZSP w Chojnie","og_description":"2 kwietnia 2022 r. odby\u0142y si\u0119 kolejne zaj\u0119cia w ramach Akademii M\u0142odego Prawnika, w kt\u00f3rych udzia\u0142 wzi\u0119li adepci Zespo\u0142u Szk\u00f3\u0142 Ponadpodstawowych w Chojnie: Izabela Ludwiczak, Agnieszka Piotrowska, Oliwia Sztuka, Mariusz [&hellip;]","og_url":"https:\/\/zsp1chojna.pl\/?p=6080","og_site_name":"ZSP w Chojnie","article_published_time":"2022-04-02T20:00:00+00:00","article_modified_time":"2023-10-02T20:03:22+00:00","og_image":[{"url":"https:\/\/zsp1chojna.pl\/wp-content\/uploads\/2023\/10\/amp-2002-kw-1-847x1024.jpg"}],"author":"admin","twitter_card":"summary_large_image","twitter_misc":{"Napisane przez":"admin","Szacowany czas czytania":"2 minuty"},"schema":{"@context":"https:\/\/schema.org","@graph":[{"@type":"Article","@id":"https:\/\/zsp1chojna.pl\/?p=6080#article","isPartOf":{"@id":"https:\/\/zsp1chojna.pl\/?p=6080"},"author":{"name":"admin","@id":"https:\/\/zsp1chojna.pl\/#\/schema\/person\/fe8d6c03379c9cface386de0c172e127"},"headline":"Akademia M\u0142odego Prawnika","datePublished":"2022-04-02T20:00:00+00:00","dateModified":"2023-10-02T20:03:22+00:00","mainEntityOfPage":{"@id":"https:\/\/zsp1chojna.pl\/?p=6080"},"wordCount":202,"commentCount":0,"publisher":{"@id":"https:\/\/zsp1chojna.pl\/#organization"},"articleSection":["Aktualno\u015bci 2021\/2022"],"inLanguage":"pl-PL","potentialAction":[{"@type":"CommentAction","name":"Comment","target":["https:\/\/zsp1chojna.pl\/?p=6080#respond"]}]},{"@type":"WebPage","@id":"https:\/\/zsp1chojna.pl\/?p=6080","url":"https:\/\/zsp1chojna.pl\/?p=6080","name":"Akademia M\u0142odego Prawnika - ZSP w Chojnie","isPartOf":{"@id":"https:\/\/zsp1chojna.pl\/#website"},"datePublished":"2022-04-02T20:00:00+00:00","dateModified":"2023-10-02T20:03:22+00:00","breadcrumb":{"@id":"https:\/\/zsp1chojna.pl\/?p=6080#breadcrumb"},"inLanguage":"pl-PL","potentialAction":[{"@type":"ReadAction","target":["https:\/\/zsp1chojna.pl\/?p=6080"]}]},{"@type":"BreadcrumbList","@id":"https:\/\/zsp1chojna.pl\/?p=6080#breadcrumb","itemListElement":[{"@type":"ListItem","position":1,"name":"Home","item":"https:\/\/zsp1chojna.pl\/"},{"@type":"ListItem","position":2,"name":"Akademia M\u0142odego Prawnika"}]},{"@type":"WebSite","@id":"https:\/\/zsp1chojna.pl\/#website","url":"https:\/\/zsp1chojna.pl\/","name":"ZSP w Chojnie","description":"","publisher":{"@id":"https:\/\/zsp1chojna.pl\/#organization"},"potentialAction":[{"@type":"SearchAction","target":{"@type":"EntryPoint","urlTemplate":"https:\/\/zsp1chojna.pl\/?s={search_term_string}"},"query-input":"required name=search_term_string"}],"inLanguage":"pl-PL"},{"@type":"Organization","@id":"https:\/\/zsp1chojna.pl\/#organization","name":"ZSP w Chojnie","url":"https:\/\/zsp1chojna.pl\/","logo":{"@type":"ImageObject","inLanguage":"pl-PL","@id":"https:\/\/zsp1chojna.pl\/#\/schema\/logo\/image\/","url":"https:\/\/zsp1chojna.pl\/wp-content\/uploads\/2023\/08\/cropped-cropped-cropped-Logo-biale-napis-na-3-wiersze_504-1.png","contentUrl":"https:\/\/zsp1chojna.pl\/wp-content\/uploads\/2023\/08\/cropped-cropped-cropped-Logo-biale-napis-na-3-wiersze_504-1.png","width":504,"height":167,"caption":"ZSP w Chojnie"},"image":{"@id":"https:\/\/zsp1chojna.pl\/#\/schema\/logo\/image\/"}},{"@type":"Person","@id":"https:\/\/zsp1chojna.pl\/#\/schema\/person\/fe8d6c03379c9cface386de0c172e127","name":"admin","image":{"@type":"ImageObject","inLanguage":"pl-PL","@id":"https:\/\/zsp1chojna.pl\/#\/schema\/person\/image\/","url":"https:\/\/secure.gravatar.com\/avatar\/35d79b1d799ff9bac401976862e535bf785f4039d8313d3c00b303598a46dd4e?s=96&d=mm&r=g","contentUrl":"https:\/\/secure.gravatar.com\/avatar\/35d79b1d799ff9bac401976862e535bf785f4039d8313d3c00b303598a46dd4e?s=96&d=mm&r=g","caption":"admin"},"sameAs":["http:\/\/nowazspchojna.pl"],"url":"https:\/\/zsp1chojna.pl\/?author=1"}]}},"jetpack_featured_media_url":"","_links":{"self":[{"href":"https:\/\/zsp1chojna.pl\/index.php?rest_route=\/wp\/v2\/posts\/6080","targetHints":{"allow":["GET"]}}],"collection":[{"href":"https:\/\/zsp1chojna.pl\/index.php?rest_route=\/wp\/v2\/posts"}],"about":[{"href":"https:\/\/zsp1chojna.pl\/index.php?rest_route=\/wp\/v2\/types\/post"}],"author":[{"embeddable":true,"href":"https:\/\/zsp1chojna.pl\/index.php?rest_route=\/wp\/v2\/users\/1"}],"replies":[{"embeddable":true,"href":"https:\/\/zsp1chojna.pl\/index.php?rest_route=%2Fwp%2Fv2%2Fcomments&post=6080"}],"version-history":[{"count":2,"href":"https:\/\/zsp1chojna.pl\/index.php?rest_route=\/wp\/v2\/posts\/6080\/revisions"}],"predecessor-version":[{"id":6085,"href":"https:\/\/zsp1chojna.pl\/index.php?rest_route=\/wp\/v2\/posts\/6080\/revisions\/6085"}],"wp:attachment":[{"href":"https:\/\/zsp1chojna.pl\/index.php?rest_route=%2Fwp%2Fv2%2Fmedia&parent=6080"}],"wp:term":[{"taxonomy":"category","embeddable":true,"href":"https:\/\/zsp1chojna.pl\/index.php?rest_route=%2Fwp%2Fv2%2Fcategories&post=6080"},{"taxonomy":"post_tag","embeddable":true,"href":"https:\/\/zsp1chojna.pl\/index.php?rest_route=%2Fwp%2Fv2%2Ftags&post=6080"}],"curies":[{"name":"wp","href":"https:\/\/api.w.org\/{rel}","templated":true}]}}