{"id":6070,"date":"2022-06-04T21:54:00","date_gmt":"2022-06-04T19:54:00","guid":{"rendered":"https:\/\/zsp1chojna.pl\/?p=6070"},"modified":"2023-10-02T21:57:08","modified_gmt":"2023-10-02T19:57:08","slug":"akademia-mlodego-prawnika-studia-prawnicze-i-co-dalej","status":"publish","type":"post","link":"https:\/\/zsp1chojna.pl\/?p=6070","title":{"rendered":"Akademia M\u0142odego Prawnika Studia prawnicze i co dalej?"},"content":{"rendered":"<div class=\"wp-block-image\">\n<figure class=\"aligncenter size-full\"><img loading=\"lazy\" decoding=\"async\" width=\"300\" height=\"239\" data-attachment-id=\"6058\" data-permalink=\"https:\/\/zsp1chojna.pl\/?attachment_id=6058\" data-orig-file=\"https:\/\/zsp1chojna.pl\/wp-content\/uploads\/2023\/10\/image001-300x239-1.png\" data-orig-size=\"300,239\" data-comments-opened=\"1\" data-image-meta=\"{&quot;aperture&quot;:&quot;0&quot;,&quot;credit&quot;:&quot;&quot;,&quot;camera&quot;:&quot;&quot;,&quot;caption&quot;:&quot;&quot;,&quot;created_timestamp&quot;:&quot;0&quot;,&quot;copyright&quot;:&quot;&quot;,&quot;focal_length&quot;:&quot;0&quot;,&quot;iso&quot;:&quot;0&quot;,&quot;shutter_speed&quot;:&quot;0&quot;,&quot;title&quot;:&quot;&quot;,&quot;orientation&quot;:&quot;0&quot;}\" data-image-title=\"image001-300&amp;#215;239-1\" data-image-description=\"\" data-image-caption=\"\" data-medium-file=\"https:\/\/zsp1chojna.pl\/wp-content\/uploads\/2023\/10\/image001-300x239-1.png\" data-large-file=\"https:\/\/zsp1chojna.pl\/wp-content\/uploads\/2023\/10\/image001-300x239-1.png\" src=\"https:\/\/zsp1chojna.pl\/wp-content\/uploads\/2023\/10\/image001-300x239-1.png\" alt=\"\" class=\"wp-image-6058\"\/><\/figure>\n<\/div>\n\n\n<p class=\"has-text-align-justify\">4 czerwca 2022 r. odby\u0142o si\u0119 kolejne spotkanie w ramach Akademii M\u0142odego Prawnika, w kt\u00f3rych udzia\u0142 wzi\u0119li adepci Zespo\u0142u Szk\u00f3\u0142 Ponadpodstawowych w Chojnie. M\u0142odzie\u017c uczestniczy\u0142a w zaj\u0119ciach, kt\u00f3re prowadzi\u0142 pan dr Kamil D\u0105browski. Tym razem dyskutowano na temat studi\u00f3w prawniczych i tego, \u017ce ich sko\u0144czenie to dopiero po\u0142owa sukcesu, bo absolwenci prawa, w zale\u017cno\u015bci od wybranej specjalizacji, mog\u0105 podj\u0105\u0107 si\u0119 pracy na przyk\u0142ad w s\u0105downictwie w charakterze s\u0119dziego lub prokuratora albo w ramach praktyki prywatnej zosta\u0107 adwokatem, notariuszem czy radc\u0105 prawnym. Prawnik to tak\u017ce odpowiedni kandydat na rzecznika prasowego r\u00f3\u017cnych instytucji pa\u0144stwowych oraz prywatnych. Adepci Akademii M\u0142odego Prawnika u\u015bwiadomili sobie, \u017ce chocia\u017c studia prawnicze s\u0105 dzisiaj \u0142atwo dost\u0119pne, a nawet modne, to ich uko\u0144czenie wymaga wiele pracy, determinacji, po\u015bwi\u0119cenia i wyrzecze\u0144.<\/p>\n\n\n<div class=\"wp-block-image\">\n<figure class=\"aligncenter size-full\"><img loading=\"lazy\" decoding=\"async\" width=\"450\" height=\"600\" data-attachment-id=\"6071\" data-permalink=\"https:\/\/zsp1chojna.pl\/?attachment_id=6071\" data-orig-file=\"https:\/\/zsp1chojna.pl\/wp-content\/uploads\/2023\/10\/image002.png\" data-orig-size=\"450,600\" data-comments-opened=\"1\" data-image-meta=\"{&quot;aperture&quot;:&quot;0&quot;,&quot;credit&quot;:&quot;&quot;,&quot;camera&quot;:&quot;&quot;,&quot;caption&quot;:&quot;&quot;,&quot;created_timestamp&quot;:&quot;0&quot;,&quot;copyright&quot;:&quot;&quot;,&quot;focal_length&quot;:&quot;0&quot;,&quot;iso&quot;:&quot;0&quot;,&quot;shutter_speed&quot;:&quot;0&quot;,&quot;title&quot;:&quot;&quot;,&quot;orientation&quot;:&quot;0&quot;}\" data-image-title=\"image002\" data-image-description=\"\" data-image-caption=\"\" data-medium-file=\"https:\/\/zsp1chojna.pl\/wp-content\/uploads\/2023\/10\/image002-225x300.png\" data-large-file=\"https:\/\/zsp1chojna.pl\/wp-content\/uploads\/2023\/10\/image002.png\" src=\"https:\/\/zsp1chojna.pl\/wp-content\/uploads\/2023\/10\/image002.png\" alt=\"\" class=\"wp-image-6071\" srcset=\"https:\/\/zsp1chojna.pl\/wp-content\/uploads\/2023\/10\/image002.png 450w, https:\/\/zsp1chojna.pl\/wp-content\/uploads\/2023\/10\/image002-225x300.png 225w\" sizes=\"auto, (max-width: 450px) 100vw, 450px\" \/><\/figure>\n<\/div>\n\n\n<p class=\"has-text-align-justify\">Nast\u0119pnie pani dr&nbsp;Marta Jasi\u0144ska i&nbsp;go\u015b\u0107 dr&nbsp;Marek Jasztal \u2013 Zast\u0119pca Komendanta Wojew\u00f3dzkiego Policji w&nbsp;Szczecinie omawiali tematyk\u0119 praworz\u0105dno\u015bci i&nbsp;roli Policji we&nbsp; wsp\u00f3\u0142czesnym \u015bwiecie.<\/p>\n\n\n\n<p class=\"has-text-align-justify\">Zaj\u0119cia jak zawsze spe\u0142ni\u0142y oczekiwania uczestnik\u00f3w, a&nbsp;poruszane zagadnienia, przekazywane w&nbsp;jasny i&nbsp;zrozumia\u0142y spos\u00f3b, pozytywnie wp\u0142ywaj\u0105 na&nbsp;rozwijanie zainteresowa\u0144 m\u0142odych ludzi z&nbsp;zakresu nauk prawnych.<\/p>\n\n\n\n<p class=\"has-text-align-right\">Opiekun mgr&nbsp;Edyta Krupa-Nadolny<\/p>\n","protected":false},"excerpt":{"rendered":"<p>4 czerwca 2022 r. odby\u0142o si\u0119 kolejne spotkanie w ramach Akademii M\u0142odego Prawnika, w kt\u00f3rych udzia\u0142 wzi\u0119li adepci Zespo\u0142u Szk\u00f3\u0142 Ponadpodstawowych w Chojnie. M\u0142odzie\u017c uczestniczy\u0142a w zaj\u0119ciach, kt\u00f3re prowadzi\u0142 pan [&hellip;]<\/p>\n","protected":false},"author":1,"featured_media":0,"comment_status":"open","ping_status":"open","sticky":false,"template":"","format":"standard","meta":{"footnotes":""},"categories":[11],"tags":[],"class_list":["post-6070","post","type-post","status-publish","format-standard","hentry","category-aktualnosci-2021-2022"],"wbAuthor":{"name":"admin","link":"https:\/\/zsp1chojna.pl\/?author=1"},"wbDate":"cze 4, 2022","wbCategories":{"space":"<a href=\"https:\/\/zsp1chojna.pl\/?cat=11\" rel=\"category\">Aktualno\u015bci 2021\/2022<\/a>","coma":"<a href=\"https:\/\/zsp1chojna.pl\/?cat=11\" rel=\"category\">Aktualno\u015bci 2021\/2022<\/a>"},"wbComment":0,"yoast_head":"<!-- This site is optimized with the Yoast SEO plugin v20.13 - https:\/\/yoast.com\/wordpress\/plugins\/seo\/ -->\n<title>Akademia M\u0142odego Prawnika Studia prawnicze i co dalej? - ZSP w Chojnie<\/title>\n<meta name=\"robots\" content=\"index, follow, max-snippet:-1, max-image-preview:large, max-video-preview:-1\" \/>\n<link rel=\"canonical\" href=\"https:\/\/zsp1chojna.pl\/?p=6070\" \/>\n<meta property=\"og:locale\" content=\"pl_PL\" \/>\n<meta property=\"og:type\" content=\"article\" \/>\n<meta property=\"og:title\" content=\"Akademia M\u0142odego Prawnika Studia prawnicze i co dalej? - ZSP w Chojnie\" \/>\n<meta property=\"og:description\" content=\"4 czerwca 2022 r. odby\u0142o si\u0119 kolejne spotkanie w ramach Akademii M\u0142odego Prawnika, w kt\u00f3rych udzia\u0142 wzi\u0119li adepci Zespo\u0142u Szk\u00f3\u0142 Ponadpodstawowych w Chojnie. M\u0142odzie\u017c uczestniczy\u0142a w zaj\u0119ciach, kt\u00f3re prowadzi\u0142 pan [&hellip;]\" \/>\n<meta property=\"og:url\" content=\"https:\/\/zsp1chojna.pl\/?p=6070\" \/>\n<meta property=\"og:site_name\" content=\"ZSP w Chojnie\" \/>\n<meta property=\"article:published_time\" content=\"2022-06-04T19:54:00+00:00\" \/>\n<meta property=\"article:modified_time\" content=\"2023-10-02T19:57:08+00:00\" \/>\n<meta property=\"og:image\" content=\"https:\/\/zsp1chojna.pl\/wp-content\/uploads\/2023\/10\/image001-300x239-1.png\" \/>\n<meta name=\"author\" content=\"admin\" \/>\n<meta name=\"twitter:card\" content=\"summary_large_image\" \/>\n<meta name=\"twitter:label1\" content=\"Napisane przez\" \/>\n\t<meta name=\"twitter:data1\" content=\"admin\" \/>\n\t<meta name=\"twitter:label2\" content=\"Szacowany czas czytania\" \/>\n\t<meta name=\"twitter:data2\" content=\"2 minuty\" \/>\n<script type=\"application\/ld+json\" class=\"yoast-schema-graph\">{\"@context\":\"https:\/\/schema.org\",\"@graph\":[{\"@type\":\"Article\",\"@id\":\"https:\/\/zsp1chojna.pl\/?p=6070#article\",\"isPartOf\":{\"@id\":\"https:\/\/zsp1chojna.pl\/?p=6070\"},\"author\":{\"name\":\"admin\",\"@id\":\"https:\/\/zsp1chojna.pl\/#\/schema\/person\/fe8d6c03379c9cface386de0c172e127\"},\"headline\":\"Akademia M\u0142odego Prawnika Studia prawnicze i co dalej?\",\"datePublished\":\"2022-06-04T19:54:00+00:00\",\"dateModified\":\"2023-10-02T19:57:08+00:00\",\"mainEntityOfPage\":{\"@id\":\"https:\/\/zsp1chojna.pl\/?p=6070\"},\"wordCount\":237,\"commentCount\":0,\"publisher\":{\"@id\":\"https:\/\/zsp1chojna.pl\/#organization\"},\"articleSection\":[\"Aktualno\u015bci 2021\/2022\"],\"inLanguage\":\"pl-PL\",\"potentialAction\":[{\"@type\":\"CommentAction\",\"name\":\"Comment\",\"target\":[\"https:\/\/zsp1chojna.pl\/?p=6070#respond\"]}]},{\"@type\":\"WebPage\",\"@id\":\"https:\/\/zsp1chojna.pl\/?p=6070\",\"url\":\"https:\/\/zsp1chojna.pl\/?p=6070\",\"name\":\"Akademia M\u0142odego Prawnika Studia prawnicze i co dalej? - ZSP w Chojnie\",\"isPartOf\":{\"@id\":\"https:\/\/zsp1chojna.pl\/#website\"},\"datePublished\":\"2022-06-04T19:54:00+00:00\",\"dateModified\":\"2023-10-02T19:57:08+00:00\",\"breadcrumb\":{\"@id\":\"https:\/\/zsp1chojna.pl\/?p=6070#breadcrumb\"},\"inLanguage\":\"pl-PL\",\"potentialAction\":[{\"@type\":\"ReadAction\",\"target\":[\"https:\/\/zsp1chojna.pl\/?p=6070\"]}]},{\"@type\":\"BreadcrumbList\",\"@id\":\"https:\/\/zsp1chojna.pl\/?p=6070#breadcrumb\",\"itemListElement\":[{\"@type\":\"ListItem\",\"position\":1,\"name\":\"Home\",\"item\":\"https:\/\/zsp1chojna.pl\/\"},{\"@type\":\"ListItem\",\"position\":2,\"name\":\"Akademia M\u0142odego Prawnika Studia prawnicze i&nbsp;co&nbsp;dalej?\"}]},{\"@type\":\"WebSite\",\"@id\":\"https:\/\/zsp1chojna.pl\/#website\",\"url\":\"https:\/\/zsp1chojna.pl\/\",\"name\":\"ZSP w Chojnie\",\"description\":\"\",\"publisher\":{\"@id\":\"https:\/\/zsp1chojna.pl\/#organization\"},\"potentialAction\":[{\"@type\":\"SearchAction\",\"target\":{\"@type\":\"EntryPoint\",\"urlTemplate\":\"https:\/\/zsp1chojna.pl\/?s={search_term_string}\"},\"query-input\":\"required name=search_term_string\"}],\"inLanguage\":\"pl-PL\"},{\"@type\":\"Organization\",\"@id\":\"https:\/\/zsp1chojna.pl\/#organization\",\"name\":\"ZSP w Chojnie\",\"url\":\"https:\/\/zsp1chojna.pl\/\",\"logo\":{\"@type\":\"ImageObject\",\"inLanguage\":\"pl-PL\",\"@id\":\"https:\/\/zsp1chojna.pl\/#\/schema\/logo\/image\/\",\"url\":\"https:\/\/zsp1chojna.pl\/wp-content\/uploads\/2023\/08\/cropped-cropped-cropped-Logo-biale-napis-na-3-wiersze_504-1.png\",\"contentUrl\":\"https:\/\/zsp1chojna.pl\/wp-content\/uploads\/2023\/08\/cropped-cropped-cropped-Logo-biale-napis-na-3-wiersze_504-1.png\",\"width\":504,\"height\":167,\"caption\":\"ZSP w Chojnie\"},\"image\":{\"@id\":\"https:\/\/zsp1chojna.pl\/#\/schema\/logo\/image\/\"}},{\"@type\":\"Person\",\"@id\":\"https:\/\/zsp1chojna.pl\/#\/schema\/person\/fe8d6c03379c9cface386de0c172e127\",\"name\":\"admin\",\"image\":{\"@type\":\"ImageObject\",\"inLanguage\":\"pl-PL\",\"@id\":\"https:\/\/zsp1chojna.pl\/#\/schema\/person\/image\/\",\"url\":\"https:\/\/secure.gravatar.com\/avatar\/35d79b1d799ff9bac401976862e535bf785f4039d8313d3c00b303598a46dd4e?s=96&d=mm&r=g\",\"contentUrl\":\"https:\/\/secure.gravatar.com\/avatar\/35d79b1d799ff9bac401976862e535bf785f4039d8313d3c00b303598a46dd4e?s=96&d=mm&r=g\",\"caption\":\"admin\"},\"sameAs\":[\"http:\/\/nowazspchojna.pl\"],\"url\":\"https:\/\/zsp1chojna.pl\/?author=1\"}]}<\/script>\n<!-- \/ Yoast SEO plugin. -->","yoast_head_json":{"title":"Akademia M\u0142odego Prawnika Studia prawnicze i co dalej? - ZSP w Chojnie","robots":{"index":"index","follow":"follow","max-snippet":"max-snippet:-1","max-image-preview":"max-image-preview:large","max-video-preview":"max-video-preview:-1"},"canonical":"https:\/\/zsp1chojna.pl\/?p=6070","og_locale":"pl_PL","og_type":"article","og_title":"Akademia M\u0142odego Prawnika Studia prawnicze i co dalej? - ZSP w Chojnie","og_description":"4 czerwca 2022 r. odby\u0142o si\u0119 kolejne spotkanie w ramach Akademii M\u0142odego Prawnika, w kt\u00f3rych udzia\u0142 wzi\u0119li adepci Zespo\u0142u Szk\u00f3\u0142 Ponadpodstawowych w Chojnie. M\u0142odzie\u017c uczestniczy\u0142a w zaj\u0119ciach, kt\u00f3re prowadzi\u0142 pan [&hellip;]","og_url":"https:\/\/zsp1chojna.pl\/?p=6070","og_site_name":"ZSP w Chojnie","article_published_time":"2022-06-04T19:54:00+00:00","article_modified_time":"2023-10-02T19:57:08+00:00","og_image":[{"url":"https:\/\/zsp1chojna.pl\/wp-content\/uploads\/2023\/10\/image001-300x239-1.png"}],"author":"admin","twitter_card":"summary_large_image","twitter_misc":{"Napisane przez":"admin","Szacowany czas czytania":"2 minuty"},"schema":{"@context":"https:\/\/schema.org","@graph":[{"@type":"Article","@id":"https:\/\/zsp1chojna.pl\/?p=6070#article","isPartOf":{"@id":"https:\/\/zsp1chojna.pl\/?p=6070"},"author":{"name":"admin","@id":"https:\/\/zsp1chojna.pl\/#\/schema\/person\/fe8d6c03379c9cface386de0c172e127"},"headline":"Akademia M\u0142odego Prawnika Studia prawnicze i co dalej?","datePublished":"2022-06-04T19:54:00+00:00","dateModified":"2023-10-02T19:57:08+00:00","mainEntityOfPage":{"@id":"https:\/\/zsp1chojna.pl\/?p=6070"},"wordCount":237,"commentCount":0,"publisher":{"@id":"https:\/\/zsp1chojna.pl\/#organization"},"articleSection":["Aktualno\u015bci 2021\/2022"],"inLanguage":"pl-PL","potentialAction":[{"@type":"CommentAction","name":"Comment","target":["https:\/\/zsp1chojna.pl\/?p=6070#respond"]}]},{"@type":"WebPage","@id":"https:\/\/zsp1chojna.pl\/?p=6070","url":"https:\/\/zsp1chojna.pl\/?p=6070","name":"Akademia M\u0142odego Prawnika Studia prawnicze i co dalej? - ZSP w Chojnie","isPartOf":{"@id":"https:\/\/zsp1chojna.pl\/#website"},"datePublished":"2022-06-04T19:54:00+00:00","dateModified":"2023-10-02T19:57:08+00:00","breadcrumb":{"@id":"https:\/\/zsp1chojna.pl\/?p=6070#breadcrumb"},"inLanguage":"pl-PL","potentialAction":[{"@type":"ReadAction","target":["https:\/\/zsp1chojna.pl\/?p=6070"]}]},{"@type":"BreadcrumbList","@id":"https:\/\/zsp1chojna.pl\/?p=6070#breadcrumb","itemListElement":[{"@type":"ListItem","position":1,"name":"Home","item":"https:\/\/zsp1chojna.pl\/"},{"@type":"ListItem","position":2,"name":"Akademia M\u0142odego Prawnika Studia prawnicze i&nbsp;co&nbsp;dalej?"}]},{"@type":"WebSite","@id":"https:\/\/zsp1chojna.pl\/#website","url":"https:\/\/zsp1chojna.pl\/","name":"ZSP w Chojnie","description":"","publisher":{"@id":"https:\/\/zsp1chojna.pl\/#organization"},"potentialAction":[{"@type":"SearchAction","target":{"@type":"EntryPoint","urlTemplate":"https:\/\/zsp1chojna.pl\/?s={search_term_string}"},"query-input":"required name=search_term_string"}],"inLanguage":"pl-PL"},{"@type":"Organization","@id":"https:\/\/zsp1chojna.pl\/#organization","name":"ZSP w Chojnie","url":"https:\/\/zsp1chojna.pl\/","logo":{"@type":"ImageObject","inLanguage":"pl-PL","@id":"https:\/\/zsp1chojna.pl\/#\/schema\/logo\/image\/","url":"https:\/\/zsp1chojna.pl\/wp-content\/uploads\/2023\/08\/cropped-cropped-cropped-Logo-biale-napis-na-3-wiersze_504-1.png","contentUrl":"https:\/\/zsp1chojna.pl\/wp-content\/uploads\/2023\/08\/cropped-cropped-cropped-Logo-biale-napis-na-3-wiersze_504-1.png","width":504,"height":167,"caption":"ZSP w Chojnie"},"image":{"@id":"https:\/\/zsp1chojna.pl\/#\/schema\/logo\/image\/"}},{"@type":"Person","@id":"https:\/\/zsp1chojna.pl\/#\/schema\/person\/fe8d6c03379c9cface386de0c172e127","name":"admin","image":{"@type":"ImageObject","inLanguage":"pl-PL","@id":"https:\/\/zsp1chojna.pl\/#\/schema\/person\/image\/","url":"https:\/\/secure.gravatar.com\/avatar\/35d79b1d799ff9bac401976862e535bf785f4039d8313d3c00b303598a46dd4e?s=96&d=mm&r=g","contentUrl":"https:\/\/secure.gravatar.com\/avatar\/35d79b1d799ff9bac401976862e535bf785f4039d8313d3c00b303598a46dd4e?s=96&d=mm&r=g","caption":"admin"},"sameAs":["http:\/\/nowazspchojna.pl"],"url":"https:\/\/zsp1chojna.pl\/?author=1"}]}},"jetpack_featured_media_url":"","_links":{"self":[{"href":"https:\/\/zsp1chojna.pl\/index.php?rest_route=\/wp\/v2\/posts\/6070","targetHints":{"allow":["GET"]}}],"collection":[{"href":"https:\/\/zsp1chojna.pl\/index.php?rest_route=\/wp\/v2\/posts"}],"about":[{"href":"https:\/\/zsp1chojna.pl\/index.php?rest_route=\/wp\/v2\/types\/post"}],"author":[{"embeddable":true,"href":"https:\/\/zsp1chojna.pl\/index.php?rest_route=\/wp\/v2\/users\/1"}],"replies":[{"embeddable":true,"href":"https:\/\/zsp1chojna.pl\/index.php?rest_route=%2Fwp%2Fv2%2Fcomments&post=6070"}],"version-history":[{"count":1,"href":"https:\/\/zsp1chojna.pl\/index.php?rest_route=\/wp\/v2\/posts\/6070\/revisions"}],"predecessor-version":[{"id":6072,"href":"https:\/\/zsp1chojna.pl\/index.php?rest_route=\/wp\/v2\/posts\/6070\/revisions\/6072"}],"wp:attachment":[{"href":"https:\/\/zsp1chojna.pl\/index.php?rest_route=%2Fwp%2Fv2%2Fmedia&parent=6070"}],"wp:term":[{"taxonomy":"category","embeddable":true,"href":"https:\/\/zsp1chojna.pl\/index.php?rest_route=%2Fwp%2Fv2%2Fcategories&post=6070"},{"taxonomy":"post_tag","embeddable":true,"href":"https:\/\/zsp1chojna.pl\/index.php?rest_route=%2Fwp%2Fv2%2Ftags&post=6070"}],"curies":[{"name":"wp","href":"https:\/\/api.w.org\/{rel}","templated":true}]}}