{"id":6057,"date":"2022-06-14T21:47:00","date_gmt":"2022-06-14T19:47:00","guid":{"rendered":"https:\/\/zsp1chojna.pl\/?p=6057"},"modified":"2023-10-02T21:50:11","modified_gmt":"2023-10-02T19:50:11","slug":"akademii-mlodego-prawnika-dobiegla-konca","status":"publish","type":"post","link":"https:\/\/zsp1chojna.pl\/?p=6057","title":{"rendered":"Akademia M\u0142odego Prawnika dobieg\u0142a ko\u0144ca!"},"content":{"rendered":"<div class=\"wp-block-image\">\n<figure class=\"aligncenter size-full\"><img loading=\"lazy\" decoding=\"async\" width=\"300\" height=\"239\" data-attachment-id=\"6058\" data-permalink=\"https:\/\/zsp1chojna.pl\/?attachment_id=6058\" data-orig-file=\"https:\/\/zsp1chojna.pl\/wp-content\/uploads\/2023\/10\/image001-300x239-1.png\" data-orig-size=\"300,239\" data-comments-opened=\"1\" data-image-meta=\"{&quot;aperture&quot;:&quot;0&quot;,&quot;credit&quot;:&quot;&quot;,&quot;camera&quot;:&quot;&quot;,&quot;caption&quot;:&quot;&quot;,&quot;created_timestamp&quot;:&quot;0&quot;,&quot;copyright&quot;:&quot;&quot;,&quot;focal_length&quot;:&quot;0&quot;,&quot;iso&quot;:&quot;0&quot;,&quot;shutter_speed&quot;:&quot;0&quot;,&quot;title&quot;:&quot;&quot;,&quot;orientation&quot;:&quot;0&quot;}\" data-image-title=\"image001-300&amp;#215;239-1\" data-image-description=\"\" data-image-caption=\"\" data-medium-file=\"https:\/\/zsp1chojna.pl\/wp-content\/uploads\/2023\/10\/image001-300x239-1.png\" data-large-file=\"https:\/\/zsp1chojna.pl\/wp-content\/uploads\/2023\/10\/image001-300x239-1.png\" src=\"https:\/\/zsp1chojna.pl\/wp-content\/uploads\/2023\/10\/image001-300x239-1.png\" alt=\"\" class=\"wp-image-6058\"\/><\/figure>\n<\/div>\n\n\n<p>14\u00a0czerwca 2022\u00a0r. dziesi\u0119cioro uczni\u00f3w Zespo\u0142u Szk\u00f3\u0142 Ponadpodstawowych w\u00a0 Chojnie z\u00a0klas 1\u00a0abc LO i\u00a02\u00a0ac LO o\u00a0kierunku humanistyczno\u2013prawnym wzi\u0119\u0142o udzia\u0142 w\u00a0 uroczystym zako\u0144czeniu I\u00a0edycji Akademii M\u0142odego Prawnika.<\/p>\n\n\n<div class=\"wp-block-image\">\n<figure class=\"aligncenter size-full\"><img loading=\"lazy\" decoding=\"async\" width=\"450\" height=\"599\" data-attachment-id=\"6059\" data-permalink=\"https:\/\/zsp1chojna.pl\/?attachment_id=6059\" data-orig-file=\"https:\/\/zsp1chojna.pl\/wp-content\/uploads\/2023\/10\/akademia-mlodego-prawnika-zakonczenie-2022-1.jpg\" data-orig-size=\"450,599\" data-comments-opened=\"1\" data-image-meta=\"{&quot;aperture&quot;:&quot;0&quot;,&quot;credit&quot;:&quot;&quot;,&quot;camera&quot;:&quot;&quot;,&quot;caption&quot;:&quot;&quot;,&quot;created_timestamp&quot;:&quot;0&quot;,&quot;copyright&quot;:&quot;&quot;,&quot;focal_length&quot;:&quot;0&quot;,&quot;iso&quot;:&quot;0&quot;,&quot;shutter_speed&quot;:&quot;0&quot;,&quot;title&quot;:&quot;&quot;,&quot;orientation&quot;:&quot;0&quot;}\" data-image-title=\"akademia-mlodego-prawnika-zakonczenie-2022-1\" data-image-description=\"\" data-image-caption=\"\" data-medium-file=\"https:\/\/zsp1chojna.pl\/wp-content\/uploads\/2023\/10\/akademia-mlodego-prawnika-zakonczenie-2022-1-225x300.jpg\" data-large-file=\"https:\/\/zsp1chojna.pl\/wp-content\/uploads\/2023\/10\/akademia-mlodego-prawnika-zakonczenie-2022-1.jpg\" src=\"https:\/\/zsp1chojna.pl\/wp-content\/uploads\/2023\/10\/akademia-mlodego-prawnika-zakonczenie-2022-1.jpg\" alt=\"\" class=\"wp-image-6059\" srcset=\"https:\/\/zsp1chojna.pl\/wp-content\/uploads\/2023\/10\/akademia-mlodego-prawnika-zakonczenie-2022-1.jpg 450w, https:\/\/zsp1chojna.pl\/wp-content\/uploads\/2023\/10\/akademia-mlodego-prawnika-zakonczenie-2022-1-225x300.jpg 225w\" sizes=\"auto, (max-width: 450px) 100vw, 450px\" \/><\/figure>\n<\/div>\n\n\n<p class=\"has-text-align-justify\">Uroczysto\u015b\u0107 odby\u0142a si\u0119 w\u00a0sali Senatu Uniwersytetu Szczeci\u0144skiego. W\u00a0wydarzeniu wzi\u0119\u0142y udzia\u0142 w\u0142adze uczelni: JM prof.\u00a0Waldemar Tarczy\u0144ski, Rektor Uniwersytetu Szczeci\u0144skiego oraz\u00a0dziekan Wydzia\u0142u Prawa i\u00a0Administracji prof.\u00a0Ewelina Ca\u0142a-Wacinkiewicz, przedstawiciele wsp\u00f3\u0142organizator\u00f3w i\u00a0partner\u00f3w wydarzenia, nauczyciele akademiccy oraz\u00a0 m\u0142odzi studenci Akademii M\u0142odego Prawnika. Nasz\u0105 szko\u0142\u0119 reprezentowali: Izabela Ludwiczak, Agnieszka Piotrowska, Oliwia Sztuka, Mariusz Rosi\u0144ski, Wiktoria Kwa\u015bniak, Piotr Podniesi\u0144ski pod\u00a0opiek\u0105 pani mgr\u00a0Edyty Krupy-Nadolny.<\/p>\n\n\n<div class=\"wp-block-image\">\n<figure class=\"aligncenter size-full\"><img loading=\"lazy\" decoding=\"async\" width=\"550\" height=\"367\" data-attachment-id=\"6060\" data-permalink=\"https:\/\/zsp1chojna.pl\/?attachment_id=6060\" data-orig-file=\"https:\/\/zsp1chojna.pl\/wp-content\/uploads\/2023\/10\/akademia-mlodego-prawnika-zakonczenie-2022-2.jpg\" data-orig-size=\"550,367\" data-comments-opened=\"1\" data-image-meta=\"{&quot;aperture&quot;:&quot;0&quot;,&quot;credit&quot;:&quot;&quot;,&quot;camera&quot;:&quot;&quot;,&quot;caption&quot;:&quot;&quot;,&quot;created_timestamp&quot;:&quot;0&quot;,&quot;copyright&quot;:&quot;&quot;,&quot;focal_length&quot;:&quot;0&quot;,&quot;iso&quot;:&quot;0&quot;,&quot;shutter_speed&quot;:&quot;0&quot;,&quot;title&quot;:&quot;&quot;,&quot;orientation&quot;:&quot;0&quot;}\" data-image-title=\"akademia-mlodego-prawnika-zakonczenie-2022-2\" data-image-description=\"\" data-image-caption=\"\" data-medium-file=\"https:\/\/zsp1chojna.pl\/wp-content\/uploads\/2023\/10\/akademia-mlodego-prawnika-zakonczenie-2022-2-300x200.jpg\" data-large-file=\"https:\/\/zsp1chojna.pl\/wp-content\/uploads\/2023\/10\/akademia-mlodego-prawnika-zakonczenie-2022-2.jpg\" src=\"https:\/\/zsp1chojna.pl\/wp-content\/uploads\/2023\/10\/akademia-mlodego-prawnika-zakonczenie-2022-2.jpg\" alt=\"\" class=\"wp-image-6060\" srcset=\"https:\/\/zsp1chojna.pl\/wp-content\/uploads\/2023\/10\/akademia-mlodego-prawnika-zakonczenie-2022-2.jpg 550w, https:\/\/zsp1chojna.pl\/wp-content\/uploads\/2023\/10\/akademia-mlodego-prawnika-zakonczenie-2022-2-300x200.jpg 300w, https:\/\/zsp1chojna.pl\/wp-content\/uploads\/2023\/10\/akademia-mlodego-prawnika-zakonczenie-2022-2-84x56.jpg 84w\" sizes=\"auto, (max-width: 550px) 100vw, 550px\" \/><\/figure>\n<\/div>\n\n<div class=\"wp-block-image\">\n<figure class=\"aligncenter size-full\"><img loading=\"lazy\" decoding=\"async\" width=\"550\" height=\"367\" data-attachment-id=\"6061\" data-permalink=\"https:\/\/zsp1chojna.pl\/?attachment_id=6061\" data-orig-file=\"https:\/\/zsp1chojna.pl\/wp-content\/uploads\/2023\/10\/akademia-mlodego-prawnika-zakonczenie-2022-3.jpg\" data-orig-size=\"550,367\" data-comments-opened=\"1\" data-image-meta=\"{&quot;aperture&quot;:&quot;0&quot;,&quot;credit&quot;:&quot;&quot;,&quot;camera&quot;:&quot;&quot;,&quot;caption&quot;:&quot;&quot;,&quot;created_timestamp&quot;:&quot;0&quot;,&quot;copyright&quot;:&quot;&quot;,&quot;focal_length&quot;:&quot;0&quot;,&quot;iso&quot;:&quot;0&quot;,&quot;shutter_speed&quot;:&quot;0&quot;,&quot;title&quot;:&quot;&quot;,&quot;orientation&quot;:&quot;0&quot;}\" data-image-title=\"akademia-mlodego-prawnika-zakonczenie-2022-3\" data-image-description=\"\" data-image-caption=\"\" data-medium-file=\"https:\/\/zsp1chojna.pl\/wp-content\/uploads\/2023\/10\/akademia-mlodego-prawnika-zakonczenie-2022-3-300x200.jpg\" data-large-file=\"https:\/\/zsp1chojna.pl\/wp-content\/uploads\/2023\/10\/akademia-mlodego-prawnika-zakonczenie-2022-3.jpg\" src=\"https:\/\/zsp1chojna.pl\/wp-content\/uploads\/2023\/10\/akademia-mlodego-prawnika-zakonczenie-2022-3.jpg\" alt=\"\" class=\"wp-image-6061\" srcset=\"https:\/\/zsp1chojna.pl\/wp-content\/uploads\/2023\/10\/akademia-mlodego-prawnika-zakonczenie-2022-3.jpg 550w, https:\/\/zsp1chojna.pl\/wp-content\/uploads\/2023\/10\/akademia-mlodego-prawnika-zakonczenie-2022-3-300x200.jpg 300w, https:\/\/zsp1chojna.pl\/wp-content\/uploads\/2023\/10\/akademia-mlodego-prawnika-zakonczenie-2022-3-84x56.jpg 84w\" sizes=\"auto, (max-width: 550px) 100vw, 550px\" \/><\/figure>\n<\/div>\n\n\n<p class=\"has-text-align-justify\">Akademia M\u0142odego Prawnika to&nbsp;nowatorski i&nbsp;innowacyjny projekt edukacyjny, kt\u00f3rego&nbsp;organizatorem by\u0142 Wydzia\u0142 Prawa i&nbsp;Administracji Uniwersytetu Szczeci\u0144skiego. Misj\u0105 tego&nbsp; przedsi\u0119wzi\u0119cia by\u0142o popularyzowanie wiedzy prawnej w\u015br\u00f3d m\u0142odzie\u017cy, przede wszystkim poprzez wskazanie, \u017ce&nbsp;prawo towarzyszy ka\u017cdej sferze naszego \u017cycia. M\u0142odzie\u017c w&nbsp; cyklicznych zaj\u0119ciach, odbywaj\u0105cych si\u0119 w&nbsp;soboty, mia\u0142a mo\u017cliwo\u015b\u0107 poznania prawniczej wiedzy og\u00f3lnej oraz&nbsp;specjalistycznej, w&nbsp;uj\u0119ciu zar\u00f3wno teoretycznym, jak i&nbsp;praktycznym. Uczestnicy poszerzali zainteresowania z&nbsp;zakresu nauk prawnych, rozwijali umiej\u0119tno\u015bci, pracowali w&nbsp;zespole. Udzia\u0142 w&nbsp;Akademii pozwoli\u0142 na&nbsp;rozwijanie pasji m\u0142odych student\u00f3w i&nbsp; stwarza\u0142 mo\u017cliwo\u015b\u0107 rozwoju osobistego. Ka\u017cde spotkanie u\u015bwiadamia\u0142o m\u0142odym ludziom, \u017ce&nbsp;warto inwestowa\u0107 w&nbsp;w\u0142asny rozw\u00f3j, zdobywa\u0107 wiedz\u0119, poszerza\u0107 horyzonty, poznawa\u0107 nowych ludzi, kszta\u0142ci\u0107 si\u0119 i&nbsp;rozwija\u0107. Tak&nbsp;wi\u0119c&nbsp;udzia\u0142 w&nbsp;Akademii nie&nbsp;by\u0142 czasem straconym.<\/p>\n\n\n\n<p class=\"has-text-align-right\">Opiekun mgr\u00a0Edyta Krupa-Nadolny<\/p>\n","protected":false},"excerpt":{"rendered":"<p>14\u00a0czerwca 2022\u00a0r. dziesi\u0119cioro uczni\u00f3w Zespo\u0142u Szk\u00f3\u0142 Ponadpodstawowych w\u00a0 Chojnie z\u00a0klas 1\u00a0abc LO i\u00a02\u00a0ac LO o\u00a0kierunku humanistyczno\u2013prawnym wzi\u0119\u0142o udzia\u0142 w\u00a0 uroczystym zako\u0144czeniu I\u00a0edycji Akademii M\u0142odego Prawnika. Uroczysto\u015b\u0107 odby\u0142a si\u0119 w\u00a0sali Senatu [&hellip;]<\/p>\n","protected":false},"author":1,"featured_media":0,"comment_status":"open","ping_status":"open","sticky":false,"template":"","format":"standard","meta":{"footnotes":""},"categories":[11],"tags":[],"class_list":["post-6057","post","type-post","status-publish","format-standard","hentry","category-aktualnosci-2021-2022"],"wbAuthor":{"name":"admin","link":"https:\/\/zsp1chojna.pl\/?author=1"},"wbDate":"cze 14, 2022","wbCategories":{"space":"<a href=\"https:\/\/zsp1chojna.pl\/?cat=11\" rel=\"category\">Aktualno\u015bci 2021\/2022<\/a>","coma":"<a href=\"https:\/\/zsp1chojna.pl\/?cat=11\" rel=\"category\">Aktualno\u015bci 2021\/2022<\/a>"},"wbComment":0,"yoast_head":"<!-- This site is optimized with the Yoast SEO plugin v20.13 - https:\/\/yoast.com\/wordpress\/plugins\/seo\/ -->\n<title>Akademia M\u0142odego Prawnika dobieg\u0142a ko\u0144ca! - ZSP w Chojnie<\/title>\n<meta name=\"robots\" content=\"index, follow, max-snippet:-1, max-image-preview:large, max-video-preview:-1\" \/>\n<link rel=\"canonical\" href=\"https:\/\/zsp1chojna.pl\/?p=6057\" \/>\n<meta property=\"og:locale\" content=\"pl_PL\" \/>\n<meta property=\"og:type\" content=\"article\" \/>\n<meta property=\"og:title\" content=\"Akademia M\u0142odego Prawnika dobieg\u0142a ko\u0144ca! - ZSP w Chojnie\" \/>\n<meta property=\"og:description\" content=\"14\u00a0czerwca 2022\u00a0r. dziesi\u0119cioro uczni\u00f3w Zespo\u0142u Szk\u00f3\u0142 Ponadpodstawowych w\u00a0 Chojnie z\u00a0klas 1\u00a0abc LO i\u00a02\u00a0ac LO o\u00a0kierunku humanistyczno\u2013prawnym wzi\u0119\u0142o udzia\u0142 w\u00a0 uroczystym zako\u0144czeniu I\u00a0edycji Akademii M\u0142odego Prawnika. Uroczysto\u015b\u0107 odby\u0142a si\u0119 w\u00a0sali Senatu [&hellip;]\" \/>\n<meta property=\"og:url\" content=\"https:\/\/zsp1chojna.pl\/?p=6057\" \/>\n<meta property=\"og:site_name\" content=\"ZSP w Chojnie\" \/>\n<meta property=\"article:published_time\" content=\"2022-06-14T19:47:00+00:00\" \/>\n<meta property=\"article:modified_time\" content=\"2023-10-02T19:50:11+00:00\" \/>\n<meta property=\"og:image\" content=\"https:\/\/zsp1chojna.pl\/wp-content\/uploads\/2023\/10\/image001-300x239-1.png\" \/>\n<meta name=\"author\" content=\"admin\" \/>\n<meta name=\"twitter:card\" content=\"summary_large_image\" \/>\n<meta name=\"twitter:label1\" content=\"Napisane przez\" \/>\n\t<meta name=\"twitter:data1\" content=\"admin\" \/>\n\t<meta name=\"twitter:label2\" content=\"Szacowany czas czytania\" \/>\n\t<meta name=\"twitter:data2\" content=\"3 minuty\" \/>\n<script type=\"application\/ld+json\" class=\"yoast-schema-graph\">{\"@context\":\"https:\/\/schema.org\",\"@graph\":[{\"@type\":\"Article\",\"@id\":\"https:\/\/zsp1chojna.pl\/?p=6057#article\",\"isPartOf\":{\"@id\":\"https:\/\/zsp1chojna.pl\/?p=6057\"},\"author\":{\"name\":\"admin\",\"@id\":\"https:\/\/zsp1chojna.pl\/#\/schema\/person\/fe8d6c03379c9cface386de0c172e127\"},\"headline\":\"Akademia M\u0142odego Prawnika dobieg\u0142a ko\u0144ca!\",\"datePublished\":\"2022-06-14T19:47:00+00:00\",\"dateModified\":\"2023-10-02T19:50:11+00:00\",\"mainEntityOfPage\":{\"@id\":\"https:\/\/zsp1chojna.pl\/?p=6057\"},\"wordCount\":301,\"commentCount\":0,\"publisher\":{\"@id\":\"https:\/\/zsp1chojna.pl\/#organization\"},\"articleSection\":[\"Aktualno\u015bci 2021\/2022\"],\"inLanguage\":\"pl-PL\",\"potentialAction\":[{\"@type\":\"CommentAction\",\"name\":\"Comment\",\"target\":[\"https:\/\/zsp1chojna.pl\/?p=6057#respond\"]}]},{\"@type\":\"WebPage\",\"@id\":\"https:\/\/zsp1chojna.pl\/?p=6057\",\"url\":\"https:\/\/zsp1chojna.pl\/?p=6057\",\"name\":\"Akademia M\u0142odego Prawnika dobieg\u0142a ko\u0144ca! - ZSP w Chojnie\",\"isPartOf\":{\"@id\":\"https:\/\/zsp1chojna.pl\/#website\"},\"datePublished\":\"2022-06-14T19:47:00+00:00\",\"dateModified\":\"2023-10-02T19:50:11+00:00\",\"breadcrumb\":{\"@id\":\"https:\/\/zsp1chojna.pl\/?p=6057#breadcrumb\"},\"inLanguage\":\"pl-PL\",\"potentialAction\":[{\"@type\":\"ReadAction\",\"target\":[\"https:\/\/zsp1chojna.pl\/?p=6057\"]}]},{\"@type\":\"BreadcrumbList\",\"@id\":\"https:\/\/zsp1chojna.pl\/?p=6057#breadcrumb\",\"itemListElement\":[{\"@type\":\"ListItem\",\"position\":1,\"name\":\"Home\",\"item\":\"https:\/\/zsp1chojna.pl\/\"},{\"@type\":\"ListItem\",\"position\":2,\"name\":\"Akademia M\u0142odego Prawnika dobieg\u0142a ko\u0144ca!\"}]},{\"@type\":\"WebSite\",\"@id\":\"https:\/\/zsp1chojna.pl\/#website\",\"url\":\"https:\/\/zsp1chojna.pl\/\",\"name\":\"ZSP w Chojnie\",\"description\":\"\",\"publisher\":{\"@id\":\"https:\/\/zsp1chojna.pl\/#organization\"},\"potentialAction\":[{\"@type\":\"SearchAction\",\"target\":{\"@type\":\"EntryPoint\",\"urlTemplate\":\"https:\/\/zsp1chojna.pl\/?s={search_term_string}\"},\"query-input\":\"required name=search_term_string\"}],\"inLanguage\":\"pl-PL\"},{\"@type\":\"Organization\",\"@id\":\"https:\/\/zsp1chojna.pl\/#organization\",\"name\":\"ZSP w Chojnie\",\"url\":\"https:\/\/zsp1chojna.pl\/\",\"logo\":{\"@type\":\"ImageObject\",\"inLanguage\":\"pl-PL\",\"@id\":\"https:\/\/zsp1chojna.pl\/#\/schema\/logo\/image\/\",\"url\":\"https:\/\/zsp1chojna.pl\/wp-content\/uploads\/2023\/08\/cropped-cropped-cropped-Logo-biale-napis-na-3-wiersze_504-1.png\",\"contentUrl\":\"https:\/\/zsp1chojna.pl\/wp-content\/uploads\/2023\/08\/cropped-cropped-cropped-Logo-biale-napis-na-3-wiersze_504-1.png\",\"width\":504,\"height\":167,\"caption\":\"ZSP w Chojnie\"},\"image\":{\"@id\":\"https:\/\/zsp1chojna.pl\/#\/schema\/logo\/image\/\"}},{\"@type\":\"Person\",\"@id\":\"https:\/\/zsp1chojna.pl\/#\/schema\/person\/fe8d6c03379c9cface386de0c172e127\",\"name\":\"admin\",\"image\":{\"@type\":\"ImageObject\",\"inLanguage\":\"pl-PL\",\"@id\":\"https:\/\/zsp1chojna.pl\/#\/schema\/person\/image\/\",\"url\":\"https:\/\/secure.gravatar.com\/avatar\/35d79b1d799ff9bac401976862e535bf785f4039d8313d3c00b303598a46dd4e?s=96&d=mm&r=g\",\"contentUrl\":\"https:\/\/secure.gravatar.com\/avatar\/35d79b1d799ff9bac401976862e535bf785f4039d8313d3c00b303598a46dd4e?s=96&d=mm&r=g\",\"caption\":\"admin\"},\"sameAs\":[\"http:\/\/nowazspchojna.pl\"],\"url\":\"https:\/\/zsp1chojna.pl\/?author=1\"}]}<\/script>\n<!-- \/ Yoast SEO plugin. -->","yoast_head_json":{"title":"Akademia M\u0142odego Prawnika dobieg\u0142a ko\u0144ca! - ZSP w Chojnie","robots":{"index":"index","follow":"follow","max-snippet":"max-snippet:-1","max-image-preview":"max-image-preview:large","max-video-preview":"max-video-preview:-1"},"canonical":"https:\/\/zsp1chojna.pl\/?p=6057","og_locale":"pl_PL","og_type":"article","og_title":"Akademia M\u0142odego Prawnika dobieg\u0142a ko\u0144ca! - ZSP w Chojnie","og_description":"14\u00a0czerwca 2022\u00a0r. dziesi\u0119cioro uczni\u00f3w Zespo\u0142u Szk\u00f3\u0142 Ponadpodstawowych w\u00a0 Chojnie z\u00a0klas 1\u00a0abc LO i\u00a02\u00a0ac LO o\u00a0kierunku humanistyczno\u2013prawnym wzi\u0119\u0142o udzia\u0142 w\u00a0 uroczystym zako\u0144czeniu I\u00a0edycji Akademii M\u0142odego Prawnika. Uroczysto\u015b\u0107 odby\u0142a si\u0119 w\u00a0sali Senatu [&hellip;]","og_url":"https:\/\/zsp1chojna.pl\/?p=6057","og_site_name":"ZSP w Chojnie","article_published_time":"2022-06-14T19:47:00+00:00","article_modified_time":"2023-10-02T19:50:11+00:00","og_image":[{"url":"https:\/\/zsp1chojna.pl\/wp-content\/uploads\/2023\/10\/image001-300x239-1.png"}],"author":"admin","twitter_card":"summary_large_image","twitter_misc":{"Napisane przez":"admin","Szacowany czas czytania":"3 minuty"},"schema":{"@context":"https:\/\/schema.org","@graph":[{"@type":"Article","@id":"https:\/\/zsp1chojna.pl\/?p=6057#article","isPartOf":{"@id":"https:\/\/zsp1chojna.pl\/?p=6057"},"author":{"name":"admin","@id":"https:\/\/zsp1chojna.pl\/#\/schema\/person\/fe8d6c03379c9cface386de0c172e127"},"headline":"Akademia M\u0142odego Prawnika dobieg\u0142a ko\u0144ca!","datePublished":"2022-06-14T19:47:00+00:00","dateModified":"2023-10-02T19:50:11+00:00","mainEntityOfPage":{"@id":"https:\/\/zsp1chojna.pl\/?p=6057"},"wordCount":301,"commentCount":0,"publisher":{"@id":"https:\/\/zsp1chojna.pl\/#organization"},"articleSection":["Aktualno\u015bci 2021\/2022"],"inLanguage":"pl-PL","potentialAction":[{"@type":"CommentAction","name":"Comment","target":["https:\/\/zsp1chojna.pl\/?p=6057#respond"]}]},{"@type":"WebPage","@id":"https:\/\/zsp1chojna.pl\/?p=6057","url":"https:\/\/zsp1chojna.pl\/?p=6057","name":"Akademia M\u0142odego Prawnika dobieg\u0142a ko\u0144ca! - ZSP w Chojnie","isPartOf":{"@id":"https:\/\/zsp1chojna.pl\/#website"},"datePublished":"2022-06-14T19:47:00+00:00","dateModified":"2023-10-02T19:50:11+00:00","breadcrumb":{"@id":"https:\/\/zsp1chojna.pl\/?p=6057#breadcrumb"},"inLanguage":"pl-PL","potentialAction":[{"@type":"ReadAction","target":["https:\/\/zsp1chojna.pl\/?p=6057"]}]},{"@type":"BreadcrumbList","@id":"https:\/\/zsp1chojna.pl\/?p=6057#breadcrumb","itemListElement":[{"@type":"ListItem","position":1,"name":"Home","item":"https:\/\/zsp1chojna.pl\/"},{"@type":"ListItem","position":2,"name":"Akademia M\u0142odego Prawnika dobieg\u0142a ko\u0144ca!"}]},{"@type":"WebSite","@id":"https:\/\/zsp1chojna.pl\/#website","url":"https:\/\/zsp1chojna.pl\/","name":"ZSP w Chojnie","description":"","publisher":{"@id":"https:\/\/zsp1chojna.pl\/#organization"},"potentialAction":[{"@type":"SearchAction","target":{"@type":"EntryPoint","urlTemplate":"https:\/\/zsp1chojna.pl\/?s={search_term_string}"},"query-input":"required name=search_term_string"}],"inLanguage":"pl-PL"},{"@type":"Organization","@id":"https:\/\/zsp1chojna.pl\/#organization","name":"ZSP w Chojnie","url":"https:\/\/zsp1chojna.pl\/","logo":{"@type":"ImageObject","inLanguage":"pl-PL","@id":"https:\/\/zsp1chojna.pl\/#\/schema\/logo\/image\/","url":"https:\/\/zsp1chojna.pl\/wp-content\/uploads\/2023\/08\/cropped-cropped-cropped-Logo-biale-napis-na-3-wiersze_504-1.png","contentUrl":"https:\/\/zsp1chojna.pl\/wp-content\/uploads\/2023\/08\/cropped-cropped-cropped-Logo-biale-napis-na-3-wiersze_504-1.png","width":504,"height":167,"caption":"ZSP w Chojnie"},"image":{"@id":"https:\/\/zsp1chojna.pl\/#\/schema\/logo\/image\/"}},{"@type":"Person","@id":"https:\/\/zsp1chojna.pl\/#\/schema\/person\/fe8d6c03379c9cface386de0c172e127","name":"admin","image":{"@type":"ImageObject","inLanguage":"pl-PL","@id":"https:\/\/zsp1chojna.pl\/#\/schema\/person\/image\/","url":"https:\/\/secure.gravatar.com\/avatar\/35d79b1d799ff9bac401976862e535bf785f4039d8313d3c00b303598a46dd4e?s=96&d=mm&r=g","contentUrl":"https:\/\/secure.gravatar.com\/avatar\/35d79b1d799ff9bac401976862e535bf785f4039d8313d3c00b303598a46dd4e?s=96&d=mm&r=g","caption":"admin"},"sameAs":["http:\/\/nowazspchojna.pl"],"url":"https:\/\/zsp1chojna.pl\/?author=1"}]}},"jetpack_featured_media_url":"","_links":{"self":[{"href":"https:\/\/zsp1chojna.pl\/index.php?rest_route=\/wp\/v2\/posts\/6057","targetHints":{"allow":["GET"]}}],"collection":[{"href":"https:\/\/zsp1chojna.pl\/index.php?rest_route=\/wp\/v2\/posts"}],"about":[{"href":"https:\/\/zsp1chojna.pl\/index.php?rest_route=\/wp\/v2\/types\/post"}],"author":[{"embeddable":true,"href":"https:\/\/zsp1chojna.pl\/index.php?rest_route=\/wp\/v2\/users\/1"}],"replies":[{"embeddable":true,"href":"https:\/\/zsp1chojna.pl\/index.php?rest_route=%2Fwp%2Fv2%2Fcomments&post=6057"}],"version-history":[{"count":2,"href":"https:\/\/zsp1chojna.pl\/index.php?rest_route=\/wp\/v2\/posts\/6057\/revisions"}],"predecessor-version":[{"id":6063,"href":"https:\/\/zsp1chojna.pl\/index.php?rest_route=\/wp\/v2\/posts\/6057\/revisions\/6063"}],"wp:attachment":[{"href":"https:\/\/zsp1chojna.pl\/index.php?rest_route=%2Fwp%2Fv2%2Fmedia&parent=6057"}],"wp:term":[{"taxonomy":"category","embeddable":true,"href":"https:\/\/zsp1chojna.pl\/index.php?rest_route=%2Fwp%2Fv2%2Fcategories&post=6057"},{"taxonomy":"post_tag","embeddable":true,"href":"https:\/\/zsp1chojna.pl\/index.php?rest_route=%2Fwp%2Fv2%2Ftags&post=6057"}],"curies":[{"name":"wp","href":"https:\/\/api.w.org\/{rel}","templated":true}]}}