{"id":6046,"date":"2022-03-22T21:39:00","date_gmt":"2022-03-22T20:39:00","guid":{"rendered":"https:\/\/zsp1chojna.pl\/?p=6046"},"modified":"2023-10-02T21:47:33","modified_gmt":"2023-10-02T19:47:33","slug":"realizacja-projektu-pomorze-zachodnie-wsparcie-psychologiczno-pedagogiczne-w-zespole-szkol-ponadpodstawowych-w-chojnie","status":"publish","type":"post","link":"https:\/\/zsp1chojna.pl\/?p=6046","title":{"rendered":"Realizacja projektu \u201ePOMORZE ZACHODNIE \u2013 WSPARCIE PSYCHOLOGICZNO-PEDAGOGICZNE\u201d w Zespole Szk\u00f3\u0142 Ponadpodstawowych w Chojnie"},"content":{"rendered":"\n<p class=\"has-text-align-justify\">Od 22 marca do 6 czerwca 2022 r. uczniowie Zespo\u0142u Szk\u00f3\u0142 Ponadpodstawowych w Chojnie uczestniczyli w warsztatach psychologiczno-pedagogicznych w ramach projektu grantowego \u201ePOMORZE ZACHODNIE \u2013 WSPARCIE PSYCHOLOGICZNO-PEDAGOGICZNE\u201d.<\/p>\n\n\n<div class=\"wp-block-image\">\n<figure class=\"aligncenter size-full\"><img loading=\"lazy\" decoding=\"async\" width=\"500\" height=\"309\" data-attachment-id=\"6047\" data-permalink=\"https:\/\/zsp1chojna.pl\/?attachment_id=6047\" data-orig-file=\"https:\/\/zsp1chojna.pl\/wp-content\/uploads\/2023\/10\/psycholog-pedagog-pomorze-zachodnie-1.jpg\" data-orig-size=\"500,309\" data-comments-opened=\"1\" data-image-meta=\"{&quot;aperture&quot;:&quot;0&quot;,&quot;credit&quot;:&quot;&quot;,&quot;camera&quot;:&quot;&quot;,&quot;caption&quot;:&quot;&quot;,&quot;created_timestamp&quot;:&quot;0&quot;,&quot;copyright&quot;:&quot;&quot;,&quot;focal_length&quot;:&quot;0&quot;,&quot;iso&quot;:&quot;0&quot;,&quot;shutter_speed&quot;:&quot;0&quot;,&quot;title&quot;:&quot;&quot;,&quot;orientation&quot;:&quot;0&quot;}\" data-image-title=\"psycholog-pedagog-pomorze-zachodnie-1\" data-image-description=\"\" data-image-caption=\"\" data-medium-file=\"https:\/\/zsp1chojna.pl\/wp-content\/uploads\/2023\/10\/psycholog-pedagog-pomorze-zachodnie-1-300x185.jpg\" data-large-file=\"https:\/\/zsp1chojna.pl\/wp-content\/uploads\/2023\/10\/psycholog-pedagog-pomorze-zachodnie-1.jpg\" src=\"https:\/\/zsp1chojna.pl\/wp-content\/uploads\/2023\/10\/psycholog-pedagog-pomorze-zachodnie-1.jpg\" alt=\"\" class=\"wp-image-6047\" srcset=\"https:\/\/zsp1chojna.pl\/wp-content\/uploads\/2023\/10\/psycholog-pedagog-pomorze-zachodnie-1.jpg 500w, https:\/\/zsp1chojna.pl\/wp-content\/uploads\/2023\/10\/psycholog-pedagog-pomorze-zachodnie-1-300x185.jpg 300w\" sizes=\"auto, (max-width: 500px) 100vw, 500px\" \/><\/figure>\n<\/div>\n\n\n<p class=\"has-text-align-justify\">Celem pi\u0119ciogodzinnych warsztat\u00f3w, prowadzonych przez psychologa i zrealizowanych w 24 klasach ZSP w Chojnie, by\u0142o niwelowanie negatywnych skutk\u00f3w spowodowanych nauk\u0105 zdaln\u0105 uczni\u00f3w podczas COVID-19 w zakresie zdrowia psychicznego uczni\u00f3w. Zaj\u0119cia warsztatowe mia\u0142y na celu odbudowanie relacji r\u00f3wie\u015bniczych i spo\u0142ecznych, kszta\u0142towanie w\u015br\u00f3d uczni\u00f3w umiej\u0119tno\u015bci radzenia sobie ze stresem i w\u0142asnymi emocjami oraz odnajdywanie si\u0119 w trudnych sytuacjach.<\/p>\n\n\n<div class=\"wp-block-image\">\n<figure class=\"aligncenter size-full\"><img loading=\"lazy\" decoding=\"async\" width=\"500\" height=\"313\" data-attachment-id=\"6048\" data-permalink=\"https:\/\/zsp1chojna.pl\/?attachment_id=6048\" data-orig-file=\"https:\/\/zsp1chojna.pl\/wp-content\/uploads\/2023\/10\/psycholog-pedagog-pomorze-zachodnie-2.jpg\" data-orig-size=\"500,313\" data-comments-opened=\"1\" data-image-meta=\"{&quot;aperture&quot;:&quot;0&quot;,&quot;credit&quot;:&quot;&quot;,&quot;camera&quot;:&quot;&quot;,&quot;caption&quot;:&quot;&quot;,&quot;created_timestamp&quot;:&quot;0&quot;,&quot;copyright&quot;:&quot;&quot;,&quot;focal_length&quot;:&quot;0&quot;,&quot;iso&quot;:&quot;0&quot;,&quot;shutter_speed&quot;:&quot;0&quot;,&quot;title&quot;:&quot;&quot;,&quot;orientation&quot;:&quot;0&quot;}\" data-image-title=\"psycholog-pedagog-pomorze-zachodnie-2\" data-image-description=\"\" data-image-caption=\"\" data-medium-file=\"https:\/\/zsp1chojna.pl\/wp-content\/uploads\/2023\/10\/psycholog-pedagog-pomorze-zachodnie-2-300x188.jpg\" data-large-file=\"https:\/\/zsp1chojna.pl\/wp-content\/uploads\/2023\/10\/psycholog-pedagog-pomorze-zachodnie-2.jpg\" src=\"https:\/\/zsp1chojna.pl\/wp-content\/uploads\/2023\/10\/psycholog-pedagog-pomorze-zachodnie-2.jpg\" alt=\"\" class=\"wp-image-6048\" srcset=\"https:\/\/zsp1chojna.pl\/wp-content\/uploads\/2023\/10\/psycholog-pedagog-pomorze-zachodnie-2.jpg 500w, https:\/\/zsp1chojna.pl\/wp-content\/uploads\/2023\/10\/psycholog-pedagog-pomorze-zachodnie-2-300x188.jpg 300w\" sizes=\"auto, (max-width: 500px) 100vw, 500px\" \/><\/figure>\n<\/div>\n\n<div class=\"wp-block-image\">\n<figure class=\"aligncenter size-full\"><img loading=\"lazy\" decoding=\"async\" width=\"500\" height=\"311\" data-attachment-id=\"6049\" data-permalink=\"https:\/\/zsp1chojna.pl\/?attachment_id=6049\" data-orig-file=\"https:\/\/zsp1chojna.pl\/wp-content\/uploads\/2023\/10\/psycholog-pedagog-pomorze-zachodnie-3.jpg\" data-orig-size=\"500,311\" data-comments-opened=\"1\" data-image-meta=\"{&quot;aperture&quot;:&quot;0&quot;,&quot;credit&quot;:&quot;&quot;,&quot;camera&quot;:&quot;&quot;,&quot;caption&quot;:&quot;&quot;,&quot;created_timestamp&quot;:&quot;0&quot;,&quot;copyright&quot;:&quot;&quot;,&quot;focal_length&quot;:&quot;0&quot;,&quot;iso&quot;:&quot;0&quot;,&quot;shutter_speed&quot;:&quot;0&quot;,&quot;title&quot;:&quot;&quot;,&quot;orientation&quot;:&quot;0&quot;}\" data-image-title=\"psycholog-pedagog-pomorze-zachodnie-3\" data-image-description=\"\" data-image-caption=\"\" data-medium-file=\"https:\/\/zsp1chojna.pl\/wp-content\/uploads\/2023\/10\/psycholog-pedagog-pomorze-zachodnie-3-300x187.jpg\" data-large-file=\"https:\/\/zsp1chojna.pl\/wp-content\/uploads\/2023\/10\/psycholog-pedagog-pomorze-zachodnie-3.jpg\" src=\"https:\/\/zsp1chojna.pl\/wp-content\/uploads\/2023\/10\/psycholog-pedagog-pomorze-zachodnie-3.jpg\" alt=\"\" class=\"wp-image-6049\" srcset=\"https:\/\/zsp1chojna.pl\/wp-content\/uploads\/2023\/10\/psycholog-pedagog-pomorze-zachodnie-3.jpg 500w, https:\/\/zsp1chojna.pl\/wp-content\/uploads\/2023\/10\/psycholog-pedagog-pomorze-zachodnie-3-300x187.jpg 300w\" sizes=\"auto, (max-width: 500px) 100vw, 500px\" \/><\/figure>\n<\/div>\n\n\n<p class=\"has-text-align-justify\">Zesp\u00f3\u0142 Szk\u00f3\u0142 Ponadpodstawowych w Chojnie by\u0142 realizatorem projektu ze strony Powiatu Gryfi\u0144skiego, kt\u00f3ry z\u0142o\u017cy\u0142 wniosek o przyznanie grantu, a nast\u0119pnie podpisa\u0142 umow\u0119 z Wojew\u00f3dztwem Zachodniopomorskim o powierzenie grantu na realizacj\u0119 projektu \u201ePOMORZE ZACHODNIE \u2013 WSPARCIE PSYCHOLOGICZNO-PEDAGOGICZNE\u201d wsp\u00f3\u0142finansowanego przez Uni\u0119 Europejsk\u0105 w ramach Europejskiego Funduszu Spo\u0142ecznego, Dzia\u0142anie 7.7 Wdro\u017cenie program\u00f3w wczesnego wykrywania wad rozwojowych i rehabilitacja dzieci z niepe\u0142nosprawno\u015bciami oraz zagro\u017conych niepe\u0142nosprawno\u015bciami oraz zagro\u017conych niepe\u0142nosprawno\u015bci\u0105 oraz przedsi\u0119wzi\u0119\u0107 zwi\u0105zanych z walk\u0105 i zapobieganiem COVID-19 Regionalny Program Operacyjnego Wojew\u00f3dztwa Zachodniopomorskiego na lata 2014-2020, typ projektu 2f grantowego dla jednostek samorz\u0105du terytorialnego i ich jednostek organizacyjnych na finansowanie pomocy psychologiczno-pedagogicznej dla uczni\u00f3w \u2013 z uwagi na zwi\u0119kszone zapotrzebowanie w tym zakresie wynikaj\u0105ce z pandemii COVID-19.<\/p>\n\n\n<div class=\"wp-block-image\">\n<figure class=\"aligncenter size-full\"><img loading=\"lazy\" decoding=\"async\" width=\"500\" height=\"310\" data-attachment-id=\"6050\" data-permalink=\"https:\/\/zsp1chojna.pl\/?attachment_id=6050\" data-orig-file=\"https:\/\/zsp1chojna.pl\/wp-content\/uploads\/2023\/10\/psycholog-pedagog-pomorze-zachodnie-4.jpg\" data-orig-size=\"500,310\" data-comments-opened=\"1\" data-image-meta=\"{&quot;aperture&quot;:&quot;0&quot;,&quot;credit&quot;:&quot;&quot;,&quot;camera&quot;:&quot;&quot;,&quot;caption&quot;:&quot;&quot;,&quot;created_timestamp&quot;:&quot;0&quot;,&quot;copyright&quot;:&quot;&quot;,&quot;focal_length&quot;:&quot;0&quot;,&quot;iso&quot;:&quot;0&quot;,&quot;shutter_speed&quot;:&quot;0&quot;,&quot;title&quot;:&quot;&quot;,&quot;orientation&quot;:&quot;0&quot;}\" data-image-title=\"psycholog-pedagog-pomorze-zachodnie-4\" data-image-description=\"\" data-image-caption=\"\" data-medium-file=\"https:\/\/zsp1chojna.pl\/wp-content\/uploads\/2023\/10\/psycholog-pedagog-pomorze-zachodnie-4-300x186.jpg\" data-large-file=\"https:\/\/zsp1chojna.pl\/wp-content\/uploads\/2023\/10\/psycholog-pedagog-pomorze-zachodnie-4.jpg\" src=\"https:\/\/zsp1chojna.pl\/wp-content\/uploads\/2023\/10\/psycholog-pedagog-pomorze-zachodnie-4.jpg\" alt=\"\" class=\"wp-image-6050\" srcset=\"https:\/\/zsp1chojna.pl\/wp-content\/uploads\/2023\/10\/psycholog-pedagog-pomorze-zachodnie-4.jpg 500w, https:\/\/zsp1chojna.pl\/wp-content\/uploads\/2023\/10\/psycholog-pedagog-pomorze-zachodnie-4-300x186.jpg 300w\" sizes=\"auto, (max-width: 500px) 100vw, 500px\" \/><\/figure>\n<\/div>\n\n<div class=\"wp-block-image\">\n<figure class=\"aligncenter size-full\"><img loading=\"lazy\" decoding=\"async\" width=\"500\" height=\"353\" data-attachment-id=\"6051\" data-permalink=\"https:\/\/zsp1chojna.pl\/?attachment_id=6051\" data-orig-file=\"https:\/\/zsp1chojna.pl\/wp-content\/uploads\/2023\/10\/psycholog-pedagog-pomorze-zachodnie-5.jpg\" data-orig-size=\"500,353\" data-comments-opened=\"1\" data-image-meta=\"{&quot;aperture&quot;:&quot;0&quot;,&quot;credit&quot;:&quot;&quot;,&quot;camera&quot;:&quot;&quot;,&quot;caption&quot;:&quot;&quot;,&quot;created_timestamp&quot;:&quot;0&quot;,&quot;copyright&quot;:&quot;&quot;,&quot;focal_length&quot;:&quot;0&quot;,&quot;iso&quot;:&quot;0&quot;,&quot;shutter_speed&quot;:&quot;0&quot;,&quot;title&quot;:&quot;&quot;,&quot;orientation&quot;:&quot;0&quot;}\" data-image-title=\"psycholog-pedagog-pomorze-zachodnie-5\" data-image-description=\"\" data-image-caption=\"\" data-medium-file=\"https:\/\/zsp1chojna.pl\/wp-content\/uploads\/2023\/10\/psycholog-pedagog-pomorze-zachodnie-5-300x212.jpg\" data-large-file=\"https:\/\/zsp1chojna.pl\/wp-content\/uploads\/2023\/10\/psycholog-pedagog-pomorze-zachodnie-5.jpg\" src=\"https:\/\/zsp1chojna.pl\/wp-content\/uploads\/2023\/10\/psycholog-pedagog-pomorze-zachodnie-5.jpg\" alt=\"\" class=\"wp-image-6051\" srcset=\"https:\/\/zsp1chojna.pl\/wp-content\/uploads\/2023\/10\/psycholog-pedagog-pomorze-zachodnie-5.jpg 500w, https:\/\/zsp1chojna.pl\/wp-content\/uploads\/2023\/10\/psycholog-pedagog-pomorze-zachodnie-5-300x212.jpg 300w\" sizes=\"auto, (max-width: 500px) 100vw, 500px\" \/><\/figure>\n<\/div>\n\n\n<p class=\"has-text-align-right\">mgr Ma\u0142gorzata Liman\u00f3wka<\/p>\n","protected":false},"excerpt":{"rendered":"<p>Od 22 marca do 6 czerwca 2022 r. uczniowie Zespo\u0142u Szk\u00f3\u0142 Ponadpodstawowych w Chojnie uczestniczyli w warsztatach psychologiczno-pedagogicznych w ramach projektu grantowego \u201ePOMORZE ZACHODNIE \u2013 WSPARCIE PSYCHOLOGICZNO-PEDAGOGICZNE\u201d. Celem pi\u0119ciogodzinnych warsztat\u00f3w, [&hellip;]<\/p>\n","protected":false},"author":1,"featured_media":0,"comment_status":"open","ping_status":"open","sticky":false,"template":"","format":"standard","meta":{"footnotes":""},"categories":[11],"tags":[],"class_list":["post-6046","post","type-post","status-publish","format-standard","hentry","category-aktualnosci-2021-2022"],"wbAuthor":{"name":"admin","link":"https:\/\/zsp1chojna.pl\/?author=1"},"wbDate":"mar 22, 2022","wbCategories":{"space":"<a href=\"https:\/\/zsp1chojna.pl\/?cat=11\" rel=\"category\">Aktualno\u015bci 2021\/2022<\/a>","coma":"<a href=\"https:\/\/zsp1chojna.pl\/?cat=11\" rel=\"category\">Aktualno\u015bci 2021\/2022<\/a>"},"wbComment":0,"yoast_head":"<!-- This site is optimized with the Yoast SEO plugin v20.13 - https:\/\/yoast.com\/wordpress\/plugins\/seo\/ -->\n<title>Realizacja projektu \u201ePOMORZE ZACHODNIE \u2013 WSPARCIE PSYCHOLOGICZNO-PEDAGOGICZNE\u201d w Zespole Szk\u00f3\u0142 Ponadpodstawowych w Chojnie - ZSP w Chojnie<\/title>\n<meta name=\"robots\" content=\"index, follow, max-snippet:-1, max-image-preview:large, max-video-preview:-1\" \/>\n<link rel=\"canonical\" href=\"https:\/\/zsp1chojna.pl\/?p=6046\" \/>\n<meta property=\"og:locale\" content=\"pl_PL\" \/>\n<meta property=\"og:type\" content=\"article\" \/>\n<meta property=\"og:title\" content=\"Realizacja projektu \u201ePOMORZE ZACHODNIE \u2013 WSPARCIE PSYCHOLOGICZNO-PEDAGOGICZNE\u201d w Zespole Szk\u00f3\u0142 Ponadpodstawowych w Chojnie - ZSP w Chojnie\" \/>\n<meta property=\"og:description\" content=\"Od 22 marca do 6 czerwca 2022 r. uczniowie Zespo\u0142u Szk\u00f3\u0142 Ponadpodstawowych w Chojnie uczestniczyli w warsztatach psychologiczno-pedagogicznych w ramach projektu grantowego \u201ePOMORZE ZACHODNIE \u2013 WSPARCIE PSYCHOLOGICZNO-PEDAGOGICZNE\u201d. Celem pi\u0119ciogodzinnych warsztat\u00f3w, [&hellip;]\" \/>\n<meta property=\"og:url\" content=\"https:\/\/zsp1chojna.pl\/?p=6046\" \/>\n<meta property=\"og:site_name\" content=\"ZSP w Chojnie\" \/>\n<meta property=\"article:published_time\" content=\"2022-03-22T20:39:00+00:00\" \/>\n<meta property=\"article:modified_time\" content=\"2023-10-02T19:47:33+00:00\" \/>\n<meta property=\"og:image\" content=\"https:\/\/zsp1chojna.pl\/wp-content\/uploads\/2023\/10\/psycholog-pedagog-pomorze-zachodnie-1.jpg\" \/>\n<meta name=\"author\" content=\"admin\" \/>\n<meta name=\"twitter:card\" content=\"summary_large_image\" \/>\n<meta name=\"twitter:label1\" content=\"Napisane przez\" \/>\n\t<meta name=\"twitter:data1\" content=\"admin\" \/>\n\t<meta name=\"twitter:label2\" content=\"Szacowany czas czytania\" \/>\n\t<meta name=\"twitter:data2\" content=\"3 minuty\" \/>\n<script type=\"application\/ld+json\" class=\"yoast-schema-graph\">{\"@context\":\"https:\/\/schema.org\",\"@graph\":[{\"@type\":\"Article\",\"@id\":\"https:\/\/zsp1chojna.pl\/?p=6046#article\",\"isPartOf\":{\"@id\":\"https:\/\/zsp1chojna.pl\/?p=6046\"},\"author\":{\"name\":\"admin\",\"@id\":\"https:\/\/zsp1chojna.pl\/#\/schema\/person\/fe8d6c03379c9cface386de0c172e127\"},\"headline\":\"Realizacja projektu \u201ePOMORZE ZACHODNIE \u2013 WSPARCIE PSYCHOLOGICZNO-PEDAGOGICZNE\u201d w Zespole Szk\u00f3\u0142 Ponadpodstawowych w Chojnie\",\"datePublished\":\"2022-03-22T20:39:00+00:00\",\"dateModified\":\"2023-10-02T19:47:33+00:00\",\"mainEntityOfPage\":{\"@id\":\"https:\/\/zsp1chojna.pl\/?p=6046\"},\"wordCount\":248,\"commentCount\":0,\"publisher\":{\"@id\":\"https:\/\/zsp1chojna.pl\/#organization\"},\"articleSection\":[\"Aktualno\u015bci 2021\/2022\"],\"inLanguage\":\"pl-PL\",\"potentialAction\":[{\"@type\":\"CommentAction\",\"name\":\"Comment\",\"target\":[\"https:\/\/zsp1chojna.pl\/?p=6046#respond\"]}]},{\"@type\":\"WebPage\",\"@id\":\"https:\/\/zsp1chojna.pl\/?p=6046\",\"url\":\"https:\/\/zsp1chojna.pl\/?p=6046\",\"name\":\"Realizacja projektu \u201ePOMORZE ZACHODNIE \u2013 WSPARCIE PSYCHOLOGICZNO-PEDAGOGICZNE\u201d w Zespole Szk\u00f3\u0142 Ponadpodstawowych w Chojnie - ZSP w Chojnie\",\"isPartOf\":{\"@id\":\"https:\/\/zsp1chojna.pl\/#website\"},\"datePublished\":\"2022-03-22T20:39:00+00:00\",\"dateModified\":\"2023-10-02T19:47:33+00:00\",\"breadcrumb\":{\"@id\":\"https:\/\/zsp1chojna.pl\/?p=6046#breadcrumb\"},\"inLanguage\":\"pl-PL\",\"potentialAction\":[{\"@type\":\"ReadAction\",\"target\":[\"https:\/\/zsp1chojna.pl\/?p=6046\"]}]},{\"@type\":\"BreadcrumbList\",\"@id\":\"https:\/\/zsp1chojna.pl\/?p=6046#breadcrumb\",\"itemListElement\":[{\"@type\":\"ListItem\",\"position\":1,\"name\":\"Home\",\"item\":\"https:\/\/zsp1chojna.pl\/\"},{\"@type\":\"ListItem\",\"position\":2,\"name\":\"Realizacja projektu \u201ePOMORZE ZACHODNIE \u2013 WSPARCIE PSYCHOLOGICZNO-PEDAGOGICZNE\u201d w&nbsp;Zespole Szk\u00f3\u0142 Ponadpodstawowych w&nbsp;Chojnie\"}]},{\"@type\":\"WebSite\",\"@id\":\"https:\/\/zsp1chojna.pl\/#website\",\"url\":\"https:\/\/zsp1chojna.pl\/\",\"name\":\"ZSP w Chojnie\",\"description\":\"\",\"publisher\":{\"@id\":\"https:\/\/zsp1chojna.pl\/#organization\"},\"potentialAction\":[{\"@type\":\"SearchAction\",\"target\":{\"@type\":\"EntryPoint\",\"urlTemplate\":\"https:\/\/zsp1chojna.pl\/?s={search_term_string}\"},\"query-input\":\"required name=search_term_string\"}],\"inLanguage\":\"pl-PL\"},{\"@type\":\"Organization\",\"@id\":\"https:\/\/zsp1chojna.pl\/#organization\",\"name\":\"ZSP w Chojnie\",\"url\":\"https:\/\/zsp1chojna.pl\/\",\"logo\":{\"@type\":\"ImageObject\",\"inLanguage\":\"pl-PL\",\"@id\":\"https:\/\/zsp1chojna.pl\/#\/schema\/logo\/image\/\",\"url\":\"https:\/\/zsp1chojna.pl\/wp-content\/uploads\/2023\/08\/cropped-cropped-cropped-Logo-biale-napis-na-3-wiersze_504-1.png\",\"contentUrl\":\"https:\/\/zsp1chojna.pl\/wp-content\/uploads\/2023\/08\/cropped-cropped-cropped-Logo-biale-napis-na-3-wiersze_504-1.png\",\"width\":504,\"height\":167,\"caption\":\"ZSP w Chojnie\"},\"image\":{\"@id\":\"https:\/\/zsp1chojna.pl\/#\/schema\/logo\/image\/\"}},{\"@type\":\"Person\",\"@id\":\"https:\/\/zsp1chojna.pl\/#\/schema\/person\/fe8d6c03379c9cface386de0c172e127\",\"name\":\"admin\",\"image\":{\"@type\":\"ImageObject\",\"inLanguage\":\"pl-PL\",\"@id\":\"https:\/\/zsp1chojna.pl\/#\/schema\/person\/image\/\",\"url\":\"https:\/\/secure.gravatar.com\/avatar\/35d79b1d799ff9bac401976862e535bf785f4039d8313d3c00b303598a46dd4e?s=96&d=mm&r=g\",\"contentUrl\":\"https:\/\/secure.gravatar.com\/avatar\/35d79b1d799ff9bac401976862e535bf785f4039d8313d3c00b303598a46dd4e?s=96&d=mm&r=g\",\"caption\":\"admin\"},\"sameAs\":[\"http:\/\/nowazspchojna.pl\"],\"url\":\"https:\/\/zsp1chojna.pl\/?author=1\"}]}<\/script>\n<!-- \/ Yoast SEO plugin. -->","yoast_head_json":{"title":"Realizacja projektu \u201ePOMORZE ZACHODNIE \u2013 WSPARCIE PSYCHOLOGICZNO-PEDAGOGICZNE\u201d w Zespole Szk\u00f3\u0142 Ponadpodstawowych w Chojnie - ZSP w Chojnie","robots":{"index":"index","follow":"follow","max-snippet":"max-snippet:-1","max-image-preview":"max-image-preview:large","max-video-preview":"max-video-preview:-1"},"canonical":"https:\/\/zsp1chojna.pl\/?p=6046","og_locale":"pl_PL","og_type":"article","og_title":"Realizacja projektu \u201ePOMORZE ZACHODNIE \u2013 WSPARCIE PSYCHOLOGICZNO-PEDAGOGICZNE\u201d w Zespole Szk\u00f3\u0142 Ponadpodstawowych w Chojnie - ZSP w Chojnie","og_description":"Od 22 marca do 6 czerwca 2022 r. uczniowie Zespo\u0142u Szk\u00f3\u0142 Ponadpodstawowych w Chojnie uczestniczyli w warsztatach psychologiczno-pedagogicznych w ramach projektu grantowego \u201ePOMORZE ZACHODNIE \u2013 WSPARCIE PSYCHOLOGICZNO-PEDAGOGICZNE\u201d. Celem pi\u0119ciogodzinnych warsztat\u00f3w, [&hellip;]","og_url":"https:\/\/zsp1chojna.pl\/?p=6046","og_site_name":"ZSP w Chojnie","article_published_time":"2022-03-22T20:39:00+00:00","article_modified_time":"2023-10-02T19:47:33+00:00","og_image":[{"url":"https:\/\/zsp1chojna.pl\/wp-content\/uploads\/2023\/10\/psycholog-pedagog-pomorze-zachodnie-1.jpg"}],"author":"admin","twitter_card":"summary_large_image","twitter_misc":{"Napisane przez":"admin","Szacowany czas czytania":"3 minuty"},"schema":{"@context":"https:\/\/schema.org","@graph":[{"@type":"Article","@id":"https:\/\/zsp1chojna.pl\/?p=6046#article","isPartOf":{"@id":"https:\/\/zsp1chojna.pl\/?p=6046"},"author":{"name":"admin","@id":"https:\/\/zsp1chojna.pl\/#\/schema\/person\/fe8d6c03379c9cface386de0c172e127"},"headline":"Realizacja projektu \u201ePOMORZE ZACHODNIE \u2013 WSPARCIE PSYCHOLOGICZNO-PEDAGOGICZNE\u201d w Zespole Szk\u00f3\u0142 Ponadpodstawowych w Chojnie","datePublished":"2022-03-22T20:39:00+00:00","dateModified":"2023-10-02T19:47:33+00:00","mainEntityOfPage":{"@id":"https:\/\/zsp1chojna.pl\/?p=6046"},"wordCount":248,"commentCount":0,"publisher":{"@id":"https:\/\/zsp1chojna.pl\/#organization"},"articleSection":["Aktualno\u015bci 2021\/2022"],"inLanguage":"pl-PL","potentialAction":[{"@type":"CommentAction","name":"Comment","target":["https:\/\/zsp1chojna.pl\/?p=6046#respond"]}]},{"@type":"WebPage","@id":"https:\/\/zsp1chojna.pl\/?p=6046","url":"https:\/\/zsp1chojna.pl\/?p=6046","name":"Realizacja projektu \u201ePOMORZE ZACHODNIE \u2013 WSPARCIE PSYCHOLOGICZNO-PEDAGOGICZNE\u201d w Zespole Szk\u00f3\u0142 Ponadpodstawowych w Chojnie - ZSP w Chojnie","isPartOf":{"@id":"https:\/\/zsp1chojna.pl\/#website"},"datePublished":"2022-03-22T20:39:00+00:00","dateModified":"2023-10-02T19:47:33+00:00","breadcrumb":{"@id":"https:\/\/zsp1chojna.pl\/?p=6046#breadcrumb"},"inLanguage":"pl-PL","potentialAction":[{"@type":"ReadAction","target":["https:\/\/zsp1chojna.pl\/?p=6046"]}]},{"@type":"BreadcrumbList","@id":"https:\/\/zsp1chojna.pl\/?p=6046#breadcrumb","itemListElement":[{"@type":"ListItem","position":1,"name":"Home","item":"https:\/\/zsp1chojna.pl\/"},{"@type":"ListItem","position":2,"name":"Realizacja projektu \u201ePOMORZE ZACHODNIE \u2013 WSPARCIE PSYCHOLOGICZNO-PEDAGOGICZNE\u201d w&nbsp;Zespole Szk\u00f3\u0142 Ponadpodstawowych w&nbsp;Chojnie"}]},{"@type":"WebSite","@id":"https:\/\/zsp1chojna.pl\/#website","url":"https:\/\/zsp1chojna.pl\/","name":"ZSP w Chojnie","description":"","publisher":{"@id":"https:\/\/zsp1chojna.pl\/#organization"},"potentialAction":[{"@type":"SearchAction","target":{"@type":"EntryPoint","urlTemplate":"https:\/\/zsp1chojna.pl\/?s={search_term_string}"},"query-input":"required name=search_term_string"}],"inLanguage":"pl-PL"},{"@type":"Organization","@id":"https:\/\/zsp1chojna.pl\/#organization","name":"ZSP w Chojnie","url":"https:\/\/zsp1chojna.pl\/","logo":{"@type":"ImageObject","inLanguage":"pl-PL","@id":"https:\/\/zsp1chojna.pl\/#\/schema\/logo\/image\/","url":"https:\/\/zsp1chojna.pl\/wp-content\/uploads\/2023\/08\/cropped-cropped-cropped-Logo-biale-napis-na-3-wiersze_504-1.png","contentUrl":"https:\/\/zsp1chojna.pl\/wp-content\/uploads\/2023\/08\/cropped-cropped-cropped-Logo-biale-napis-na-3-wiersze_504-1.png","width":504,"height":167,"caption":"ZSP w Chojnie"},"image":{"@id":"https:\/\/zsp1chojna.pl\/#\/schema\/logo\/image\/"}},{"@type":"Person","@id":"https:\/\/zsp1chojna.pl\/#\/schema\/person\/fe8d6c03379c9cface386de0c172e127","name":"admin","image":{"@type":"ImageObject","inLanguage":"pl-PL","@id":"https:\/\/zsp1chojna.pl\/#\/schema\/person\/image\/","url":"https:\/\/secure.gravatar.com\/avatar\/35d79b1d799ff9bac401976862e535bf785f4039d8313d3c00b303598a46dd4e?s=96&d=mm&r=g","contentUrl":"https:\/\/secure.gravatar.com\/avatar\/35d79b1d799ff9bac401976862e535bf785f4039d8313d3c00b303598a46dd4e?s=96&d=mm&r=g","caption":"admin"},"sameAs":["http:\/\/nowazspchojna.pl"],"url":"https:\/\/zsp1chojna.pl\/?author=1"}]}},"jetpack_featured_media_url":"","_links":{"self":[{"href":"https:\/\/zsp1chojna.pl\/index.php?rest_route=\/wp\/v2\/posts\/6046","targetHints":{"allow":["GET"]}}],"collection":[{"href":"https:\/\/zsp1chojna.pl\/index.php?rest_route=\/wp\/v2\/posts"}],"about":[{"href":"https:\/\/zsp1chojna.pl\/index.php?rest_route=\/wp\/v2\/types\/post"}],"author":[{"embeddable":true,"href":"https:\/\/zsp1chojna.pl\/index.php?rest_route=\/wp\/v2\/users\/1"}],"replies":[{"embeddable":true,"href":"https:\/\/zsp1chojna.pl\/index.php?rest_route=%2Fwp%2Fv2%2Fcomments&post=6046"}],"version-history":[{"count":1,"href":"https:\/\/zsp1chojna.pl\/index.php?rest_route=\/wp\/v2\/posts\/6046\/revisions"}],"predecessor-version":[{"id":6052,"href":"https:\/\/zsp1chojna.pl\/index.php?rest_route=\/wp\/v2\/posts\/6046\/revisions\/6052"}],"wp:attachment":[{"href":"https:\/\/zsp1chojna.pl\/index.php?rest_route=%2Fwp%2Fv2%2Fmedia&parent=6046"}],"wp:term":[{"taxonomy":"category","embeddable":true,"href":"https:\/\/zsp1chojna.pl\/index.php?rest_route=%2Fwp%2Fv2%2Fcategories&post=6046"},{"taxonomy":"post_tag","embeddable":true,"href":"https:\/\/zsp1chojna.pl\/index.php?rest_route=%2Fwp%2Fv2%2Ftags&post=6046"}],"curies":[{"name":"wp","href":"https:\/\/api.w.org\/{rel}","templated":true}]}}