{"id":5836,"date":"2014-05-23T21:03:00","date_gmt":"2014-05-23T19:03:00","guid":{"rendered":"https:\/\/zsp1chojna.pl\/?p=5836"},"modified":"2023-09-24T21:08:54","modified_gmt":"2023-09-24T19:08:54","slug":"projekt-how-well-youth-know-the-eu","status":"publish","type":"post","link":"https:\/\/zsp1chojna.pl\/?p=5836","title":{"rendered":"Projekt \u201eHow well you(th) know the EU?\u201d"},"content":{"rendered":"\n<p class=\"has-text-align-justify\">W dniach 23 \u2013 29.05.2014 r. w Antalyi w Turcji odby\u0142 si\u0119 projekt, pt. \u201cHow well you(th) know the EU?\u201d. W trakcie projektu m\u0142odzie\u017c z sze\u015bciu kraj\u00f3w: Turcji, Polski, W\u0142och, Estonii, Litwy oraz Holandii dyskutowa\u0142a na temat obecnego kszta\u0142tu Unii Europejskiej oraz jej przesz\u0142o\u015bci i przysz\u0142o\u015bci. Poruszane zagadnienia dotyczy\u0142y, m.in.: struktury organ\u00f3w unijnych oraz ich funkcji, procesu formowania si\u0119 Unii, powstawania demokracji w krajach cz\u0142onkowskich, system\u00f3w parlamentarnych w poszczeg\u00f3lnych krajach, respektowania praw cz\u0142owieka w krajach cz\u0142onkowskich i nierespektowania praw cz\u0142owieka w Turcji, szans przysz\u0142ego uczestnictwa Turcji w Unii Europejskiej oraz polityki zagranicznej i stosunk\u00f3w mi\u0119dzynarodowych.<\/p>\n\n\n<div class=\"wp-block-image\">\n<figure class=\"aligncenter size-full\"><img loading=\"lazy\" decoding=\"async\" width=\"565\" height=\"426\" data-attachment-id=\"5837\" data-permalink=\"https:\/\/zsp1chojna.pl\/?attachment_id=5837\" data-orig-file=\"https:\/\/zsp1chojna.pl\/wp-content\/uploads\/2023\/09\/projekt_turcja_clip_image002.jpg\" data-orig-size=\"565,426\" data-comments-opened=\"1\" data-image-meta=\"{&quot;aperture&quot;:&quot;0&quot;,&quot;credit&quot;:&quot;&quot;,&quot;camera&quot;:&quot;&quot;,&quot;caption&quot;:&quot;&quot;,&quot;created_timestamp&quot;:&quot;0&quot;,&quot;copyright&quot;:&quot;&quot;,&quot;focal_length&quot;:&quot;0&quot;,&quot;iso&quot;:&quot;0&quot;,&quot;shutter_speed&quot;:&quot;0&quot;,&quot;title&quot;:&quot;&quot;,&quot;orientation&quot;:&quot;0&quot;}\" data-image-title=\"projekt_turcja_clip_image002\" data-image-description=\"\" data-image-caption=\"\" data-medium-file=\"https:\/\/zsp1chojna.pl\/wp-content\/uploads\/2023\/09\/projekt_turcja_clip_image002-300x226.jpg\" data-large-file=\"https:\/\/zsp1chojna.pl\/wp-content\/uploads\/2023\/09\/projekt_turcja_clip_image002.jpg\" src=\"https:\/\/zsp1chojna.pl\/wp-content\/uploads\/2023\/09\/projekt_turcja_clip_image002.jpg\" alt=\"\" class=\"wp-image-5837\" srcset=\"https:\/\/zsp1chojna.pl\/wp-content\/uploads\/2023\/09\/projekt_turcja_clip_image002.jpg 565w, https:\/\/zsp1chojna.pl\/wp-content\/uploads\/2023\/09\/projekt_turcja_clip_image002-300x226.jpg 300w\" sizes=\"auto, (max-width: 565px) 100vw, 565px\" \/><\/figure>\n<\/div>\n\n\n<p class=\"has-text-align-justify\">Dzi\u0119ki swoim umiej\u0119tno\u015bciom j\u0119zykowym oraz wiedzy nt. Unii i wsp\u00f3\u0142czesnych stosunk\u00f3w politycznych, m\u0142odzie\u017c aktywnie bra\u0142a udzia\u0142 w zaj\u0119ciach, maj\u0105cych form\u0119 pracy w grupach mi\u0119dzykulturowych, dramy, grupowej gry planszowej, prezentacji konkretnych zagadnie\u0144 politycznych, itp.<\/p>\n\n\n<div class=\"wp-block-image\">\n<figure class=\"aligncenter size-full\"><img loading=\"lazy\" decoding=\"async\" width=\"524\" height=\"392\" data-attachment-id=\"5838\" data-permalink=\"https:\/\/zsp1chojna.pl\/?attachment_id=5838\" data-orig-file=\"https:\/\/zsp1chojna.pl\/wp-content\/uploads\/2023\/09\/projekt_turcja_clip_image004.jpg\" data-orig-size=\"524,392\" data-comments-opened=\"1\" data-image-meta=\"{&quot;aperture&quot;:&quot;0&quot;,&quot;credit&quot;:&quot;&quot;,&quot;camera&quot;:&quot;&quot;,&quot;caption&quot;:&quot;&quot;,&quot;created_timestamp&quot;:&quot;0&quot;,&quot;copyright&quot;:&quot;&quot;,&quot;focal_length&quot;:&quot;0&quot;,&quot;iso&quot;:&quot;0&quot;,&quot;shutter_speed&quot;:&quot;0&quot;,&quot;title&quot;:&quot;&quot;,&quot;orientation&quot;:&quot;0&quot;}\" data-image-title=\"projekt_turcja_clip_image004\" data-image-description=\"\" data-image-caption=\"\" data-medium-file=\"https:\/\/zsp1chojna.pl\/wp-content\/uploads\/2023\/09\/projekt_turcja_clip_image004-300x224.jpg\" data-large-file=\"https:\/\/zsp1chojna.pl\/wp-content\/uploads\/2023\/09\/projekt_turcja_clip_image004.jpg\" src=\"https:\/\/zsp1chojna.pl\/wp-content\/uploads\/2023\/09\/projekt_turcja_clip_image004.jpg\" alt=\"\" class=\"wp-image-5838\" srcset=\"https:\/\/zsp1chojna.pl\/wp-content\/uploads\/2023\/09\/projekt_turcja_clip_image004.jpg 524w, https:\/\/zsp1chojna.pl\/wp-content\/uploads\/2023\/09\/projekt_turcja_clip_image004-300x224.jpg 300w\" sizes=\"auto, (max-width: 524px) 100vw, 524px\" \/><\/figure>\n<\/div>\n\n\n<p class=\"has-text-align-justify\">W trakcie projektu uczestnicy mieli r\u00f3wnie\u017c okazj\u0119 spotkania na Uniwersytecie Mi\u0119dzynarodowym w Antalyi urz\u0119dnika ambasady w\u0119gierskiej w Turcji, wys\u0142uchania przebiegu jego kariery politycznej; spotkania dziennikarki zajmuj\u0105cej si\u0119 wsp\u00f3\u0142czesn\u0105 aren\u0105 polityczn\u0105 i relacjami mi\u0119dzynarodowymi oraz uczestnictwa w dyskusji nt. obecnego i przysz\u0142ego kszta\u0142tu Unii, przysz\u0142o\u015bci Turcji. Ostatnie spotkanie odby\u0142o si\u0119 w siedzibie w\u0142adz prowincji Antalyi, w kt\u00f3rej odbywa\u0142 si\u0119 projekt. Burmistrz prowincji opowiada\u0142 m\u0142odzie\u017cy o problemach regionu oraz planowanych rozwi\u0105zaniach, uczestnictwie m\u0142odych ludzi w \u017cyciu politycznym. Na koniec spotkania uczestnikom projektu zosta\u0142y wr\u0119czone dyplomy uczestnictwa oraz regionalne pami\u0105tki.<\/p>\n\n\n<div class=\"wp-block-image\">\n<figure class=\"aligncenter size-full\"><img loading=\"lazy\" decoding=\"async\" width=\"522\" height=\"392\" data-attachment-id=\"5839\" data-permalink=\"https:\/\/zsp1chojna.pl\/?attachment_id=5839\" data-orig-file=\"https:\/\/zsp1chojna.pl\/wp-content\/uploads\/2023\/09\/projekt_turcja_clip_image006.jpg\" data-orig-size=\"522,392\" data-comments-opened=\"1\" data-image-meta=\"{&quot;aperture&quot;:&quot;0&quot;,&quot;credit&quot;:&quot;&quot;,&quot;camera&quot;:&quot;&quot;,&quot;caption&quot;:&quot;&quot;,&quot;created_timestamp&quot;:&quot;0&quot;,&quot;copyright&quot;:&quot;&quot;,&quot;focal_length&quot;:&quot;0&quot;,&quot;iso&quot;:&quot;0&quot;,&quot;shutter_speed&quot;:&quot;0&quot;,&quot;title&quot;:&quot;&quot;,&quot;orientation&quot;:&quot;0&quot;}\" data-image-title=\"projekt_turcja_clip_image006\" data-image-description=\"\" data-image-caption=\"\" data-medium-file=\"https:\/\/zsp1chojna.pl\/wp-content\/uploads\/2023\/09\/projekt_turcja_clip_image006-300x225.jpg\" data-large-file=\"https:\/\/zsp1chojna.pl\/wp-content\/uploads\/2023\/09\/projekt_turcja_clip_image006.jpg\" src=\"https:\/\/zsp1chojna.pl\/wp-content\/uploads\/2023\/09\/projekt_turcja_clip_image006.jpg\" alt=\"\" class=\"wp-image-5839\" srcset=\"https:\/\/zsp1chojna.pl\/wp-content\/uploads\/2023\/09\/projekt_turcja_clip_image006.jpg 522w, https:\/\/zsp1chojna.pl\/wp-content\/uploads\/2023\/09\/projekt_turcja_clip_image006-300x225.jpg 300w\" sizes=\"auto, (max-width: 522px) 100vw, 522px\" \/><\/figure>\n<\/div>\n\n\n<p class=\"has-text-align-justify\">W trakcie pobytu Organizatorzy stworzyli r\u00f3wnie\u017c mo\u017cliwo\u015b\u0107 poznania kultury poszczeg\u00f3lnych kraj\u00f3w uczestnicz\u0105cych w projekcie, w trakcie wieczoru mi\u0119dzykulturowego, oraz mo\u017cliwo\u015b\u0107 poznania kultury tureckiej i zwiedzenia Antalyi wsp\u00f3lnie z uczestnikami projektu z Turcji w roli przewodnik\u00f3w.<\/p>\n\n\n<div class=\"wp-block-image\">\n<figure class=\"aligncenter size-full\"><img loading=\"lazy\" decoding=\"async\" width=\"505\" height=\"378\" data-attachment-id=\"5840\" data-permalink=\"https:\/\/zsp1chojna.pl\/?attachment_id=5840\" data-orig-file=\"https:\/\/zsp1chojna.pl\/wp-content\/uploads\/2023\/09\/projekt_turcja_clip_image008.jpg\" data-orig-size=\"505,378\" data-comments-opened=\"1\" data-image-meta=\"{&quot;aperture&quot;:&quot;0&quot;,&quot;credit&quot;:&quot;&quot;,&quot;camera&quot;:&quot;&quot;,&quot;caption&quot;:&quot;&quot;,&quot;created_timestamp&quot;:&quot;0&quot;,&quot;copyright&quot;:&quot;&quot;,&quot;focal_length&quot;:&quot;0&quot;,&quot;iso&quot;:&quot;0&quot;,&quot;shutter_speed&quot;:&quot;0&quot;,&quot;title&quot;:&quot;&quot;,&quot;orientation&quot;:&quot;0&quot;}\" data-image-title=\"projekt_turcja_clip_image008\" data-image-description=\"\" data-image-caption=\"\" data-medium-file=\"https:\/\/zsp1chojna.pl\/wp-content\/uploads\/2023\/09\/projekt_turcja_clip_image008-300x225.jpg\" data-large-file=\"https:\/\/zsp1chojna.pl\/wp-content\/uploads\/2023\/09\/projekt_turcja_clip_image008.jpg\" src=\"https:\/\/zsp1chojna.pl\/wp-content\/uploads\/2023\/09\/projekt_turcja_clip_image008.jpg\" alt=\"\" class=\"wp-image-5840\" srcset=\"https:\/\/zsp1chojna.pl\/wp-content\/uploads\/2023\/09\/projekt_turcja_clip_image008.jpg 505w, https:\/\/zsp1chojna.pl\/wp-content\/uploads\/2023\/09\/projekt_turcja_clip_image008-300x225.jpg 300w\" sizes=\"auto, (max-width: 505px) 100vw, 505px\" \/><\/figure>\n<\/div>\n\n\n<p class=\"has-text-align-justify\">M\u0142odzie\u017c dowiedzia\u0142a si\u0119 wielu ciekawych informacji na temat przygotowywania projekt\u00f3w unijnych, uczestniczenia w tych projektach oraz innych mo\u017cliwo\u015bci rozwoju, jakie obecnie oferuje Unia Europejska. Spotkanie przedstawicieli r\u00f3\u017cnych kraj\u00f3w w trakcie projektu oraz dyskusje nt. podobie\u0144stw i r\u00f3\u017cnic w funkcjonowaniu naszych pa\u0144stw i spo\u0142ecze\u0144stw by\u0142o niezwykle ciekawym, intensywnym, inspiruj\u0105cym i niezapomnianym do\u015bwiadczeniem, a nawi\u0105zane znajomo\u015bci \u2013 owocnym uwie\u0144czeniem tygodniowej mi\u0119dzynarodowej wsp\u00f3\u0142pracy.<br>Z ZSP Nr 1 w projekcie uczestniczyli: nauczyciel j\u0119zyka angielskiego mgr Joanna Gorska oraz uczniowie: Micha\u0142 Chmurzy\u0144ski, Justyna Stryczek, Kamila Bernadzka, Adrian Dziadas.<\/p>\n\n\n<div class=\"wp-block-image\">\n<figure class=\"aligncenter size-full\"><img loading=\"lazy\" decoding=\"async\" width=\"564\" height=\"423\" data-attachment-id=\"5841\" data-permalink=\"https:\/\/zsp1chojna.pl\/?attachment_id=5841\" data-orig-file=\"https:\/\/zsp1chojna.pl\/wp-content\/uploads\/2023\/09\/projekt_turcja_clip_image010.jpg\" data-orig-size=\"564,423\" data-comments-opened=\"1\" data-image-meta=\"{&quot;aperture&quot;:&quot;0&quot;,&quot;credit&quot;:&quot;&quot;,&quot;camera&quot;:&quot;&quot;,&quot;caption&quot;:&quot;&quot;,&quot;created_timestamp&quot;:&quot;0&quot;,&quot;copyright&quot;:&quot;&quot;,&quot;focal_length&quot;:&quot;0&quot;,&quot;iso&quot;:&quot;0&quot;,&quot;shutter_speed&quot;:&quot;0&quot;,&quot;title&quot;:&quot;&quot;,&quot;orientation&quot;:&quot;0&quot;}\" data-image-title=\"projekt_turcja_clip_image010\" data-image-description=\"\" data-image-caption=\"\" data-medium-file=\"https:\/\/zsp1chojna.pl\/wp-content\/uploads\/2023\/09\/projekt_turcja_clip_image010-300x225.jpg\" data-large-file=\"https:\/\/zsp1chojna.pl\/wp-content\/uploads\/2023\/09\/projekt_turcja_clip_image010.jpg\" src=\"https:\/\/zsp1chojna.pl\/wp-content\/uploads\/2023\/09\/projekt_turcja_clip_image010.jpg\" alt=\"\" class=\"wp-image-5841\" srcset=\"https:\/\/zsp1chojna.pl\/wp-content\/uploads\/2023\/09\/projekt_turcja_clip_image010.jpg 564w, https:\/\/zsp1chojna.pl\/wp-content\/uploads\/2023\/09\/projekt_turcja_clip_image010-300x225.jpg 300w\" sizes=\"auto, (max-width: 564px) 100vw, 564px\" \/><\/figure>\n<\/div>\n\n\n<p class=\"has-text-align-right\">mgr Joanna Gorska<\/p>\n","protected":false},"excerpt":{"rendered":"<p>W dniach 23 \u2013 29.05.2014 r. w Antalyi w Turcji odby\u0142 si\u0119 projekt, pt. \u201cHow well you(th) know the EU?\u201d. W trakcie projektu m\u0142odzie\u017c z sze\u015bciu kraj\u00f3w: Turcji, Polski, W\u0142och, [&hellip;]<\/p>\n","protected":false},"author":1,"featured_media":0,"comment_status":"open","ping_status":"open","sticky":false,"template":"","format":"standard","meta":{"footnotes":""},"categories":[18],"tags":[],"class_list":["post-5836","post","type-post","status-publish","format-standard","hentry","category-aktualnosci-2013-2014"],"wbAuthor":{"name":"admin","link":"https:\/\/zsp1chojna.pl\/?author=1"},"wbDate":"maj 23, 2014","wbCategories":{"space":"<a href=\"https:\/\/zsp1chojna.pl\/?cat=18\" rel=\"category\">Aktualno\u015bci 2013\/2014<\/a>","coma":"<a href=\"https:\/\/zsp1chojna.pl\/?cat=18\" rel=\"category\">Aktualno\u015bci 2013\/2014<\/a>"},"wbComment":0,"yoast_head":"<!-- This site is optimized with the Yoast SEO plugin v20.13 - https:\/\/yoast.com\/wordpress\/plugins\/seo\/ -->\n<title>Projekt \u201eHow well you(th) know the EU?\u201d - ZSP w Chojnie<\/title>\n<meta name=\"robots\" content=\"index, follow, max-snippet:-1, max-image-preview:large, max-video-preview:-1\" \/>\n<link rel=\"canonical\" href=\"https:\/\/zsp1chojna.pl\/?p=5836\" \/>\n<meta property=\"og:locale\" content=\"pl_PL\" \/>\n<meta property=\"og:type\" content=\"article\" \/>\n<meta property=\"og:title\" content=\"Projekt \u201eHow well you(th) know the EU?\u201d - ZSP w Chojnie\" \/>\n<meta property=\"og:description\" content=\"W dniach 23 \u2013 29.05.2014 r. w Antalyi w Turcji odby\u0142 si\u0119 projekt, pt. \u201cHow well you(th) know the EU?\u201d. W trakcie projektu m\u0142odzie\u017c z sze\u015bciu kraj\u00f3w: Turcji, Polski, W\u0142och, [&hellip;]\" \/>\n<meta property=\"og:url\" content=\"https:\/\/zsp1chojna.pl\/?p=5836\" \/>\n<meta property=\"og:site_name\" content=\"ZSP w Chojnie\" \/>\n<meta property=\"article:published_time\" content=\"2014-05-23T19:03:00+00:00\" \/>\n<meta property=\"article:modified_time\" content=\"2023-09-24T19:08:54+00:00\" \/>\n<meta property=\"og:image\" content=\"https:\/\/zsp1chojna.pl\/wp-content\/uploads\/2023\/09\/projekt_turcja_clip_image002.jpg\" \/>\n<meta name=\"author\" content=\"admin\" \/>\n<meta name=\"twitter:card\" content=\"summary_large_image\" \/>\n<meta name=\"twitter:label1\" content=\"Napisane przez\" \/>\n\t<meta name=\"twitter:data1\" content=\"admin\" \/>\n\t<meta name=\"twitter:label2\" content=\"Szacowany czas czytania\" \/>\n\t<meta name=\"twitter:data2\" content=\"4 minuty\" \/>\n<script type=\"application\/ld+json\" class=\"yoast-schema-graph\">{\"@context\":\"https:\/\/schema.org\",\"@graph\":[{\"@type\":\"Article\",\"@id\":\"https:\/\/zsp1chojna.pl\/?p=5836#article\",\"isPartOf\":{\"@id\":\"https:\/\/zsp1chojna.pl\/?p=5836\"},\"author\":{\"name\":\"admin\",\"@id\":\"https:\/\/zsp1chojna.pl\/#\/schema\/person\/fe8d6c03379c9cface386de0c172e127\"},\"headline\":\"Projekt \u201eHow well you(th) know the EU?\u201d\",\"datePublished\":\"2014-05-23T19:03:00+00:00\",\"dateModified\":\"2023-09-24T19:08:54+00:00\",\"mainEntityOfPage\":{\"@id\":\"https:\/\/zsp1chojna.pl\/?p=5836\"},\"wordCount\":426,\"commentCount\":0,\"publisher\":{\"@id\":\"https:\/\/zsp1chojna.pl\/#organization\"},\"articleSection\":[\"Aktualno\u015bci 2013\/2014\"],\"inLanguage\":\"pl-PL\",\"potentialAction\":[{\"@type\":\"CommentAction\",\"name\":\"Comment\",\"target\":[\"https:\/\/zsp1chojna.pl\/?p=5836#respond\"]}]},{\"@type\":\"WebPage\",\"@id\":\"https:\/\/zsp1chojna.pl\/?p=5836\",\"url\":\"https:\/\/zsp1chojna.pl\/?p=5836\",\"name\":\"Projekt \u201eHow well you(th) know the EU?\u201d - ZSP w Chojnie\",\"isPartOf\":{\"@id\":\"https:\/\/zsp1chojna.pl\/#website\"},\"datePublished\":\"2014-05-23T19:03:00+00:00\",\"dateModified\":\"2023-09-24T19:08:54+00:00\",\"breadcrumb\":{\"@id\":\"https:\/\/zsp1chojna.pl\/?p=5836#breadcrumb\"},\"inLanguage\":\"pl-PL\",\"potentialAction\":[{\"@type\":\"ReadAction\",\"target\":[\"https:\/\/zsp1chojna.pl\/?p=5836\"]}]},{\"@type\":\"BreadcrumbList\",\"@id\":\"https:\/\/zsp1chojna.pl\/?p=5836#breadcrumb\",\"itemListElement\":[{\"@type\":\"ListItem\",\"position\":1,\"name\":\"Home\",\"item\":\"https:\/\/zsp1chojna.pl\/\"},{\"@type\":\"ListItem\",\"position\":2,\"name\":\"Projekt \u201eHow well you(th) know the EU?\u201d\"}]},{\"@type\":\"WebSite\",\"@id\":\"https:\/\/zsp1chojna.pl\/#website\",\"url\":\"https:\/\/zsp1chojna.pl\/\",\"name\":\"ZSP w Chojnie\",\"description\":\"\",\"publisher\":{\"@id\":\"https:\/\/zsp1chojna.pl\/#organization\"},\"potentialAction\":[{\"@type\":\"SearchAction\",\"target\":{\"@type\":\"EntryPoint\",\"urlTemplate\":\"https:\/\/zsp1chojna.pl\/?s={search_term_string}\"},\"query-input\":\"required name=search_term_string\"}],\"inLanguage\":\"pl-PL\"},{\"@type\":\"Organization\",\"@id\":\"https:\/\/zsp1chojna.pl\/#organization\",\"name\":\"ZSP w Chojnie\",\"url\":\"https:\/\/zsp1chojna.pl\/\",\"logo\":{\"@type\":\"ImageObject\",\"inLanguage\":\"pl-PL\",\"@id\":\"https:\/\/zsp1chojna.pl\/#\/schema\/logo\/image\/\",\"url\":\"https:\/\/zsp1chojna.pl\/wp-content\/uploads\/2023\/08\/cropped-cropped-cropped-Logo-biale-napis-na-3-wiersze_504-1.png\",\"contentUrl\":\"https:\/\/zsp1chojna.pl\/wp-content\/uploads\/2023\/08\/cropped-cropped-cropped-Logo-biale-napis-na-3-wiersze_504-1.png\",\"width\":504,\"height\":167,\"caption\":\"ZSP w Chojnie\"},\"image\":{\"@id\":\"https:\/\/zsp1chojna.pl\/#\/schema\/logo\/image\/\"}},{\"@type\":\"Person\",\"@id\":\"https:\/\/zsp1chojna.pl\/#\/schema\/person\/fe8d6c03379c9cface386de0c172e127\",\"name\":\"admin\",\"image\":{\"@type\":\"ImageObject\",\"inLanguage\":\"pl-PL\",\"@id\":\"https:\/\/zsp1chojna.pl\/#\/schema\/person\/image\/\",\"url\":\"https:\/\/secure.gravatar.com\/avatar\/35d79b1d799ff9bac401976862e535bf785f4039d8313d3c00b303598a46dd4e?s=96&d=mm&r=g\",\"contentUrl\":\"https:\/\/secure.gravatar.com\/avatar\/35d79b1d799ff9bac401976862e535bf785f4039d8313d3c00b303598a46dd4e?s=96&d=mm&r=g\",\"caption\":\"admin\"},\"sameAs\":[\"http:\/\/nowazspchojna.pl\"],\"url\":\"https:\/\/zsp1chojna.pl\/?author=1\"}]}<\/script>\n<!-- \/ Yoast SEO plugin. -->","yoast_head_json":{"title":"Projekt \u201eHow well you(th) know the EU?\u201d - ZSP w Chojnie","robots":{"index":"index","follow":"follow","max-snippet":"max-snippet:-1","max-image-preview":"max-image-preview:large","max-video-preview":"max-video-preview:-1"},"canonical":"https:\/\/zsp1chojna.pl\/?p=5836","og_locale":"pl_PL","og_type":"article","og_title":"Projekt \u201eHow well you(th) know the EU?\u201d - ZSP w Chojnie","og_description":"W dniach 23 \u2013 29.05.2014 r. w Antalyi w Turcji odby\u0142 si\u0119 projekt, pt. \u201cHow well you(th) know the EU?\u201d. W trakcie projektu m\u0142odzie\u017c z sze\u015bciu kraj\u00f3w: Turcji, Polski, W\u0142och, [&hellip;]","og_url":"https:\/\/zsp1chojna.pl\/?p=5836","og_site_name":"ZSP w Chojnie","article_published_time":"2014-05-23T19:03:00+00:00","article_modified_time":"2023-09-24T19:08:54+00:00","og_image":[{"url":"https:\/\/zsp1chojna.pl\/wp-content\/uploads\/2023\/09\/projekt_turcja_clip_image002.jpg"}],"author":"admin","twitter_card":"summary_large_image","twitter_misc":{"Napisane przez":"admin","Szacowany czas czytania":"4 minuty"},"schema":{"@context":"https:\/\/schema.org","@graph":[{"@type":"Article","@id":"https:\/\/zsp1chojna.pl\/?p=5836#article","isPartOf":{"@id":"https:\/\/zsp1chojna.pl\/?p=5836"},"author":{"name":"admin","@id":"https:\/\/zsp1chojna.pl\/#\/schema\/person\/fe8d6c03379c9cface386de0c172e127"},"headline":"Projekt \u201eHow well you(th) know the EU?\u201d","datePublished":"2014-05-23T19:03:00+00:00","dateModified":"2023-09-24T19:08:54+00:00","mainEntityOfPage":{"@id":"https:\/\/zsp1chojna.pl\/?p=5836"},"wordCount":426,"commentCount":0,"publisher":{"@id":"https:\/\/zsp1chojna.pl\/#organization"},"articleSection":["Aktualno\u015bci 2013\/2014"],"inLanguage":"pl-PL","potentialAction":[{"@type":"CommentAction","name":"Comment","target":["https:\/\/zsp1chojna.pl\/?p=5836#respond"]}]},{"@type":"WebPage","@id":"https:\/\/zsp1chojna.pl\/?p=5836","url":"https:\/\/zsp1chojna.pl\/?p=5836","name":"Projekt \u201eHow well you(th) know the EU?\u201d - ZSP w Chojnie","isPartOf":{"@id":"https:\/\/zsp1chojna.pl\/#website"},"datePublished":"2014-05-23T19:03:00+00:00","dateModified":"2023-09-24T19:08:54+00:00","breadcrumb":{"@id":"https:\/\/zsp1chojna.pl\/?p=5836#breadcrumb"},"inLanguage":"pl-PL","potentialAction":[{"@type":"ReadAction","target":["https:\/\/zsp1chojna.pl\/?p=5836"]}]},{"@type":"BreadcrumbList","@id":"https:\/\/zsp1chojna.pl\/?p=5836#breadcrumb","itemListElement":[{"@type":"ListItem","position":1,"name":"Home","item":"https:\/\/zsp1chojna.pl\/"},{"@type":"ListItem","position":2,"name":"Projekt \u201eHow well you(th) know the EU?\u201d"}]},{"@type":"WebSite","@id":"https:\/\/zsp1chojna.pl\/#website","url":"https:\/\/zsp1chojna.pl\/","name":"ZSP w Chojnie","description":"","publisher":{"@id":"https:\/\/zsp1chojna.pl\/#organization"},"potentialAction":[{"@type":"SearchAction","target":{"@type":"EntryPoint","urlTemplate":"https:\/\/zsp1chojna.pl\/?s={search_term_string}"},"query-input":"required name=search_term_string"}],"inLanguage":"pl-PL"},{"@type":"Organization","@id":"https:\/\/zsp1chojna.pl\/#organization","name":"ZSP w Chojnie","url":"https:\/\/zsp1chojna.pl\/","logo":{"@type":"ImageObject","inLanguage":"pl-PL","@id":"https:\/\/zsp1chojna.pl\/#\/schema\/logo\/image\/","url":"https:\/\/zsp1chojna.pl\/wp-content\/uploads\/2023\/08\/cropped-cropped-cropped-Logo-biale-napis-na-3-wiersze_504-1.png","contentUrl":"https:\/\/zsp1chojna.pl\/wp-content\/uploads\/2023\/08\/cropped-cropped-cropped-Logo-biale-napis-na-3-wiersze_504-1.png","width":504,"height":167,"caption":"ZSP w Chojnie"},"image":{"@id":"https:\/\/zsp1chojna.pl\/#\/schema\/logo\/image\/"}},{"@type":"Person","@id":"https:\/\/zsp1chojna.pl\/#\/schema\/person\/fe8d6c03379c9cface386de0c172e127","name":"admin","image":{"@type":"ImageObject","inLanguage":"pl-PL","@id":"https:\/\/zsp1chojna.pl\/#\/schema\/person\/image\/","url":"https:\/\/secure.gravatar.com\/avatar\/35d79b1d799ff9bac401976862e535bf785f4039d8313d3c00b303598a46dd4e?s=96&d=mm&r=g","contentUrl":"https:\/\/secure.gravatar.com\/avatar\/35d79b1d799ff9bac401976862e535bf785f4039d8313d3c00b303598a46dd4e?s=96&d=mm&r=g","caption":"admin"},"sameAs":["http:\/\/nowazspchojna.pl"],"url":"https:\/\/zsp1chojna.pl\/?author=1"}]}},"jetpack_featured_media_url":"","_links":{"self":[{"href":"https:\/\/zsp1chojna.pl\/index.php?rest_route=\/wp\/v2\/posts\/5836","targetHints":{"allow":["GET"]}}],"collection":[{"href":"https:\/\/zsp1chojna.pl\/index.php?rest_route=\/wp\/v2\/posts"}],"about":[{"href":"https:\/\/zsp1chojna.pl\/index.php?rest_route=\/wp\/v2\/types\/post"}],"author":[{"embeddable":true,"href":"https:\/\/zsp1chojna.pl\/index.php?rest_route=\/wp\/v2\/users\/1"}],"replies":[{"embeddable":true,"href":"https:\/\/zsp1chojna.pl\/index.php?rest_route=%2Fwp%2Fv2%2Fcomments&post=5836"}],"version-history":[{"count":1,"href":"https:\/\/zsp1chojna.pl\/index.php?rest_route=\/wp\/v2\/posts\/5836\/revisions"}],"predecessor-version":[{"id":5842,"href":"https:\/\/zsp1chojna.pl\/index.php?rest_route=\/wp\/v2\/posts\/5836\/revisions\/5842"}],"wp:attachment":[{"href":"https:\/\/zsp1chojna.pl\/index.php?rest_route=%2Fwp%2Fv2%2Fmedia&parent=5836"}],"wp:term":[{"taxonomy":"category","embeddable":true,"href":"https:\/\/zsp1chojna.pl\/index.php?rest_route=%2Fwp%2Fv2%2Fcategories&post=5836"},{"taxonomy":"post_tag","embeddable":true,"href":"https:\/\/zsp1chojna.pl\/index.php?rest_route=%2Fwp%2Fv2%2Ftags&post=5836"}],"curies":[{"name":"wp","href":"https:\/\/api.w.org\/{rel}","templated":true}]}}