{"id":5769,"date":"2011-07-19T16:48:00","date_gmt":"2011-07-19T14:48:00","guid":{"rendered":"https:\/\/zsp1chojna.pl\/?p=5769"},"modified":"2023-09-24T16:51:34","modified_gmt":"2023-09-24T14:51:34","slug":"projekt-volareu","status":"publish","type":"post","link":"https:\/\/zsp1chojna.pl\/?p=5769","title":{"rendered":"Projekt \u201eVolare*U\u201d"},"content":{"rendered":"\n<p class=\"has-text-align-justify\">W dniach 19-27\u00a0lipca 2011\u00a0r. grupa m\u0142odzie\u017cy z\u00a0Zespo\u0142u Szk\u00f3\u0142 Ponadgimnazjalnych Nr\u00a01\u00a0w Chojnie wraz z\u00a0opiekunami wzi\u0119\u0142a udzia\u0142 w\u00a0projekcie pn.\u00a0\u201eVolare*U\u201d Program \u201eM\u0142odzie\u017c w\u00a0dzia\u0142aniu\u201d realizowanym przez\u00a0Gimnazjum Jurisch Mikl\u00f3s w\u00a0K<em>\u0151<\/em>szeg na\u00a0W\u0119grzech.<br>W projekcie wzi\u0119\u0142a r\u00f3wnie\u017c udzia\u0142 m\u0142odzie\u017c z\u00a06\u00a0innych kraj\u00f3w tj.\u00a0z\u00a0Sherborne w\u00a0Anglii, Su<em>\u0161<\/em>ic z\u00a0Czech, Velletri z\u00a0W\u0142och, z\u00a0Marsaskali na\u00a0Malcie oraz\u00a0sami W\u0119grzy.<\/p>\n\n\n<div class=\"wp-block-image\">\n<figure class=\"aligncenter size-full\"><img loading=\"lazy\" decoding=\"async\" width=\"464\" height=\"353\" data-attachment-id=\"5772\" data-permalink=\"https:\/\/zsp1chojna.pl\/?attachment_id=5772\" data-orig-file=\"https:\/\/zsp1chojna.pl\/wp-content\/uploads\/2023\/09\/sprawozdanie-wegry_clip_image002.jpg\" data-orig-size=\"464,353\" data-comments-opened=\"1\" data-image-meta=\"{&quot;aperture&quot;:&quot;0&quot;,&quot;credit&quot;:&quot;&quot;,&quot;camera&quot;:&quot;&quot;,&quot;caption&quot;:&quot;&quot;,&quot;created_timestamp&quot;:&quot;0&quot;,&quot;copyright&quot;:&quot;&quot;,&quot;focal_length&quot;:&quot;0&quot;,&quot;iso&quot;:&quot;0&quot;,&quot;shutter_speed&quot;:&quot;0&quot;,&quot;title&quot;:&quot;&quot;,&quot;orientation&quot;:&quot;0&quot;}\" data-image-title=\"sprawozdanie-wegry_clip_image002\" data-image-description=\"\" data-image-caption=\"\" data-medium-file=\"https:\/\/zsp1chojna.pl\/wp-content\/uploads\/2023\/09\/sprawozdanie-wegry_clip_image002-300x228.jpg\" data-large-file=\"https:\/\/zsp1chojna.pl\/wp-content\/uploads\/2023\/09\/sprawozdanie-wegry_clip_image002.jpg\" src=\"https:\/\/zsp1chojna.pl\/wp-content\/uploads\/2023\/09\/sprawozdanie-wegry_clip_image002.jpg\" alt=\"\" class=\"wp-image-5772\" srcset=\"https:\/\/zsp1chojna.pl\/wp-content\/uploads\/2023\/09\/sprawozdanie-wegry_clip_image002.jpg 464w, https:\/\/zsp1chojna.pl\/wp-content\/uploads\/2023\/09\/sprawozdanie-wegry_clip_image002-300x228.jpg 300w\" sizes=\"auto, (max-width: 464px) 100vw, 464px\" \/><\/figure>\n<\/div>\n\n\n<p class=\"has-text-align-justify\">Projekt mia\u0142 na celu promocj\u0119 wolontariatu (rok 2011 og\u0142oszony jest Europejskim Rokiem Wolontariatu) oraz u\u015bwiadomienie tego, jak wa\u017cn\u0105 rol\u0119 odgrywa wolontariat w codziennym \u017cyciu.<br>M\u0142odzie\u017c uczestnicz\u0105ca w projekcie, wzi\u0119\u0142a udzia\u0142 w licznych warsztatach m.in. w przygotowaniu prezent\u00f3w dla dzieci czy os\u00f3b starszych, kt\u00f3rych p\u00f3\u017aniej odwiedzono w Domu Staro\u015bci.<br>Przedstawiciele ka\u017cdego kraju przygotowali, kr\u00f3tkie przedstawienie, kt\u00f3re niezwykle wzruszy\u0142o samych senior\u00f3w. U\u015bwiadomi\u0142o r\u00f3wnie\u017c to, \u017ce niewielkim wysi\u0142kiem pracy mo\u017cna spowodowa\u0107, \u017ce na twarzach innych zago\u015bci u\u015bmiech czy wzruszenie.<br>Uczniowie podczas realizacji projektu dowiedzieli si\u0119 wi\u0119cej na temat ochrony \u015brodowiska, problem\u00f3w zwi\u0105zanych z globalnym ociepleniem czy o energii odnawialnej, przygotowuj\u0105c wsp\u00f3ln\u0105 prezentacj\u0119 multimedialn\u0105.<\/p>\n\n\n<div class=\"wp-block-image\">\n<figure class=\"aligncenter size-full\"><img loading=\"lazy\" decoding=\"async\" width=\"463\" height=\"297\" data-attachment-id=\"5773\" data-permalink=\"https:\/\/zsp1chojna.pl\/?attachment_id=5773\" data-orig-file=\"https:\/\/zsp1chojna.pl\/wp-content\/uploads\/2023\/09\/sprawozdanie-wegry_clip_image004.jpg\" data-orig-size=\"463,297\" data-comments-opened=\"1\" data-image-meta=\"{&quot;aperture&quot;:&quot;0&quot;,&quot;credit&quot;:&quot;&quot;,&quot;camera&quot;:&quot;&quot;,&quot;caption&quot;:&quot;&quot;,&quot;created_timestamp&quot;:&quot;0&quot;,&quot;copyright&quot;:&quot;&quot;,&quot;focal_length&quot;:&quot;0&quot;,&quot;iso&quot;:&quot;0&quot;,&quot;shutter_speed&quot;:&quot;0&quot;,&quot;title&quot;:&quot;&quot;,&quot;orientation&quot;:&quot;0&quot;}\" data-image-title=\"sprawozdanie-wegry_clip_image004\" data-image-description=\"\" data-image-caption=\"\" data-medium-file=\"https:\/\/zsp1chojna.pl\/wp-content\/uploads\/2023\/09\/sprawozdanie-wegry_clip_image004-300x192.jpg\" data-large-file=\"https:\/\/zsp1chojna.pl\/wp-content\/uploads\/2023\/09\/sprawozdanie-wegry_clip_image004.jpg\" src=\"https:\/\/zsp1chojna.pl\/wp-content\/uploads\/2023\/09\/sprawozdanie-wegry_clip_image004.jpg\" alt=\"\" class=\"wp-image-5773\" srcset=\"https:\/\/zsp1chojna.pl\/wp-content\/uploads\/2023\/09\/sprawozdanie-wegry_clip_image004.jpg 463w, https:\/\/zsp1chojna.pl\/wp-content\/uploads\/2023\/09\/sprawozdanie-wegry_clip_image004-300x192.jpg 300w\" sizes=\"auto, (max-width: 463px) 100vw, 463px\" \/><\/figure>\n<\/div>\n\n\n<p class=\"has-text-align-justify\">M\u0142odzie\u017c naszej szko\u0142y przedstawi\u0142a prezentacj\u0119 dotycz\u0105c\u0105 Prezydencji Europejskiej W\u0119gier, kt\u00f3ra trwa\u0142a od 1 stycznia do 31 czerwca br. oraz o obecnym przewodnictwie Polski w Unii Europejskiej.<br>Uczestnicy projektu, dzi\u0119ki wsp\u00f3lnej pracy ze swoimi r\u00f3wie\u015bnikami z innych kraj\u00f3w, mieli mo\u017cliwo\u015b\u0107 po\u0107wiczenia j\u0119zyka angielskiego, poznania kultury i obyczaj\u00f3w naszych zagranicznych przyjaci\u00f3\u0142, jak i spr\u00f3bowania narodowych potraw danego kraju podczas mi\u0119dzynarodowej kolacji.<\/p>\n\n\n<div class=\"wp-block-image\">\n<figure class=\"aligncenter size-full\"><img loading=\"lazy\" decoding=\"async\" width=\"433\" height=\"357\" data-attachment-id=\"5774\" data-permalink=\"https:\/\/zsp1chojna.pl\/?attachment_id=5774\" data-orig-file=\"https:\/\/zsp1chojna.pl\/wp-content\/uploads\/2023\/09\/sprawozdanie-wegry_clip_image006.jpg\" data-orig-size=\"433,357\" data-comments-opened=\"1\" data-image-meta=\"{&quot;aperture&quot;:&quot;0&quot;,&quot;credit&quot;:&quot;&quot;,&quot;camera&quot;:&quot;&quot;,&quot;caption&quot;:&quot;&quot;,&quot;created_timestamp&quot;:&quot;0&quot;,&quot;copyright&quot;:&quot;&quot;,&quot;focal_length&quot;:&quot;0&quot;,&quot;iso&quot;:&quot;0&quot;,&quot;shutter_speed&quot;:&quot;0&quot;,&quot;title&quot;:&quot;&quot;,&quot;orientation&quot;:&quot;0&quot;}\" data-image-title=\"sprawozdanie-wegry_clip_image006\" data-image-description=\"\" data-image-caption=\"\" data-medium-file=\"https:\/\/zsp1chojna.pl\/wp-content\/uploads\/2023\/09\/sprawozdanie-wegry_clip_image006-300x247.jpg\" data-large-file=\"https:\/\/zsp1chojna.pl\/wp-content\/uploads\/2023\/09\/sprawozdanie-wegry_clip_image006.jpg\" src=\"https:\/\/zsp1chojna.pl\/wp-content\/uploads\/2023\/09\/sprawozdanie-wegry_clip_image006.jpg\" alt=\"\" class=\"wp-image-5774\" srcset=\"https:\/\/zsp1chojna.pl\/wp-content\/uploads\/2023\/09\/sprawozdanie-wegry_clip_image006.jpg 433w, https:\/\/zsp1chojna.pl\/wp-content\/uploads\/2023\/09\/sprawozdanie-wegry_clip_image006-300x247.jpg 300w\" sizes=\"auto, (max-width: 433px) 100vw, 433px\" \/><\/figure>\n<\/div>\n\n\n<p class=\"has-text-align-justify\">Organizatorzy zapewnili uczestnikom wyjazd na wycieczk\u0119 do Budapesztu. Po drodze uda\u0142o si\u0119 r\u00f3wnie\u017c zobaczy\u0107 pi\u0119kne jezioro Balaton. M\u0142odzie\u017c wraz z opiekunami mia\u0142a mo\u017cliwo\u015b\u0107 zwiedzenia przepi\u0119knego budynku Parlamentu, przep\u0142yni\u0119cia statkiem wzd\u0142u\u017c Dunajem, tym samym zwiedzaj\u0105c najwa\u017cniejsze zabytki stolicy W\u0119gier. Wieczorem zwiedzili\u015bmy po\u0142o\u017cony na wzg\u00f3rzu Zamek Kr\u00f3lewski, z kt\u00f3rego roztacza\u0142 si\u0119 pi\u0119kny widok na ca\u0142y Budapeszt.<\/p>\n\n\n<div class=\"wp-block-image\">\n<figure class=\"aligncenter size-full\"><img loading=\"lazy\" decoding=\"async\" width=\"451\" height=\"339\" data-attachment-id=\"5775\" data-permalink=\"https:\/\/zsp1chojna.pl\/?attachment_id=5775\" data-orig-file=\"https:\/\/zsp1chojna.pl\/wp-content\/uploads\/2023\/09\/sprawozdanie-wegry_clip_image008.jpg\" data-orig-size=\"451,339\" data-comments-opened=\"1\" data-image-meta=\"{&quot;aperture&quot;:&quot;0&quot;,&quot;credit&quot;:&quot;&quot;,&quot;camera&quot;:&quot;&quot;,&quot;caption&quot;:&quot;&quot;,&quot;created_timestamp&quot;:&quot;0&quot;,&quot;copyright&quot;:&quot;&quot;,&quot;focal_length&quot;:&quot;0&quot;,&quot;iso&quot;:&quot;0&quot;,&quot;shutter_speed&quot;:&quot;0&quot;,&quot;title&quot;:&quot;&quot;,&quot;orientation&quot;:&quot;0&quot;}\" data-image-title=\"sprawozdanie-wegry_clip_image008\" data-image-description=\"\" data-image-caption=\"\" data-medium-file=\"https:\/\/zsp1chojna.pl\/wp-content\/uploads\/2023\/09\/sprawozdanie-wegry_clip_image008-300x225.jpg\" data-large-file=\"https:\/\/zsp1chojna.pl\/wp-content\/uploads\/2023\/09\/sprawozdanie-wegry_clip_image008.jpg\" src=\"https:\/\/zsp1chojna.pl\/wp-content\/uploads\/2023\/09\/sprawozdanie-wegry_clip_image008.jpg\" alt=\"\" class=\"wp-image-5775\" srcset=\"https:\/\/zsp1chojna.pl\/wp-content\/uploads\/2023\/09\/sprawozdanie-wegry_clip_image008.jpg 451w, https:\/\/zsp1chojna.pl\/wp-content\/uploads\/2023\/09\/sprawozdanie-wegry_clip_image008-300x225.jpg 300w\" sizes=\"auto, (max-width: 451px) 100vw, 451px\" \/><\/figure>\n<\/div>\n\n\n<p class=\"has-text-align-justify\">Nazajutrz niestety trzeba by\u0142o opu\u015bci\u0107 ju\u017c W\u0119gry i rozsta\u0107 si\u0119 z nowymi przyjaci\u00f3\u0142mi, u\u015bcisk\u00f3w i \u0142ez nie by\u0142o ko\u0144ca. Projekt wywar\u0142 na wszystkich wielkie wra\u017cenie, pom\u00f3g\u0142 dostrzec wag\u0119 i rol\u0119 wolontariatu w obecnych czasach, zaszczepi\u0142 w m\u0142odzie\u017cy bakcyla ch\u0119ci pomocy innym oraz u\u015bwiadomi\u0142, \u017ce bycie wolontariuszem jest trendy!<\/p>\n\n\n<div class=\"wp-block-image\">\n<figure class=\"aligncenter size-full\"><img loading=\"lazy\" decoding=\"async\" width=\"362\" height=\"471\" data-attachment-id=\"5776\" data-permalink=\"https:\/\/zsp1chojna.pl\/?attachment_id=5776\" data-orig-file=\"https:\/\/zsp1chojna.pl\/wp-content\/uploads\/2023\/09\/sprawozdanie-wegry_clip_image010.jpg\" data-orig-size=\"362,471\" data-comments-opened=\"1\" data-image-meta=\"{&quot;aperture&quot;:&quot;0&quot;,&quot;credit&quot;:&quot;&quot;,&quot;camera&quot;:&quot;&quot;,&quot;caption&quot;:&quot;&quot;,&quot;created_timestamp&quot;:&quot;0&quot;,&quot;copyright&quot;:&quot;&quot;,&quot;focal_length&quot;:&quot;0&quot;,&quot;iso&quot;:&quot;0&quot;,&quot;shutter_speed&quot;:&quot;0&quot;,&quot;title&quot;:&quot;&quot;,&quot;orientation&quot;:&quot;0&quot;}\" data-image-title=\"sprawozdanie-wegry_clip_image010\" data-image-description=\"\" data-image-caption=\"\" data-medium-file=\"https:\/\/zsp1chojna.pl\/wp-content\/uploads\/2023\/09\/sprawozdanie-wegry_clip_image010-231x300.jpg\" data-large-file=\"https:\/\/zsp1chojna.pl\/wp-content\/uploads\/2023\/09\/sprawozdanie-wegry_clip_image010.jpg\" src=\"https:\/\/zsp1chojna.pl\/wp-content\/uploads\/2023\/09\/sprawozdanie-wegry_clip_image010.jpg\" alt=\"\" class=\"wp-image-5776\" srcset=\"https:\/\/zsp1chojna.pl\/wp-content\/uploads\/2023\/09\/sprawozdanie-wegry_clip_image010.jpg 362w, https:\/\/zsp1chojna.pl\/wp-content\/uploads\/2023\/09\/sprawozdanie-wegry_clip_image010-231x300.jpg 231w\" sizes=\"auto, (max-width: 362px) 100vw, 362px\" \/><\/figure>\n<\/div>","protected":false},"excerpt":{"rendered":"<p>W dniach 19-27\u00a0lipca 2011\u00a0r. grupa m\u0142odzie\u017cy z\u00a0Zespo\u0142u Szk\u00f3\u0142 Ponadgimnazjalnych Nr\u00a01\u00a0w Chojnie wraz z\u00a0opiekunami wzi\u0119\u0142a udzia\u0142 w\u00a0projekcie pn.\u00a0\u201eVolare*U\u201d Program \u201eM\u0142odzie\u017c w\u00a0dzia\u0142aniu\u201d realizowanym przez\u00a0Gimnazjum Jurisch Mikl\u00f3s w\u00a0K\u0151szeg na\u00a0W\u0119grzech.W projekcie wzi\u0119\u0142a r\u00f3wnie\u017c udzia\u0142 [&hellip;]<\/p>\n","protected":false},"author":1,"featured_media":0,"comment_status":"open","ping_status":"open","sticky":false,"template":"","format":"standard","meta":{"footnotes":""},"categories":[15],"tags":[],"class_list":["post-5769","post","type-post","status-publish","format-standard","hentry","category-aktualnosci-2010-2011"],"wbAuthor":{"name":"admin","link":"https:\/\/zsp1chojna.pl\/?author=1"},"wbDate":"lip 19, 2011","wbCategories":{"space":"<a href=\"https:\/\/zsp1chojna.pl\/?cat=15\" rel=\"category\">Aktualno\u015bci 2010\/2011<\/a>","coma":"<a href=\"https:\/\/zsp1chojna.pl\/?cat=15\" rel=\"category\">Aktualno\u015bci 2010\/2011<\/a>"},"wbComment":0,"yoast_head":"<!-- This site is optimized with the Yoast SEO plugin v20.13 - https:\/\/yoast.com\/wordpress\/plugins\/seo\/ -->\n<title>Projekt \u201eVolare*U\u201d - ZSP w Chojnie<\/title>\n<meta name=\"robots\" content=\"index, follow, max-snippet:-1, max-image-preview:large, max-video-preview:-1\" \/>\n<link rel=\"canonical\" href=\"https:\/\/zsp1chojna.pl\/?p=5769\" \/>\n<meta property=\"og:locale\" content=\"pl_PL\" \/>\n<meta property=\"og:type\" content=\"article\" \/>\n<meta property=\"og:title\" content=\"Projekt \u201eVolare*U\u201d - ZSP w Chojnie\" \/>\n<meta property=\"og:description\" content=\"W dniach 19-27\u00a0lipca 2011\u00a0r. grupa m\u0142odzie\u017cy z\u00a0Zespo\u0142u Szk\u00f3\u0142 Ponadgimnazjalnych Nr\u00a01\u00a0w Chojnie wraz z\u00a0opiekunami wzi\u0119\u0142a udzia\u0142 w\u00a0projekcie pn.\u00a0\u201eVolare*U\u201d Program \u201eM\u0142odzie\u017c w\u00a0dzia\u0142aniu\u201d realizowanym przez\u00a0Gimnazjum Jurisch Mikl\u00f3s w\u00a0K\u0151szeg na\u00a0W\u0119grzech.W projekcie wzi\u0119\u0142a r\u00f3wnie\u017c udzia\u0142 [&hellip;]\" \/>\n<meta property=\"og:url\" content=\"https:\/\/zsp1chojna.pl\/?p=5769\" \/>\n<meta property=\"og:site_name\" content=\"ZSP w Chojnie\" \/>\n<meta property=\"article:published_time\" content=\"2011-07-19T14:48:00+00:00\" \/>\n<meta property=\"article:modified_time\" content=\"2023-09-24T14:51:34+00:00\" \/>\n<meta property=\"og:image\" content=\"https:\/\/zsp1chojna.pl\/wp-content\/uploads\/2023\/09\/sprawozdanie-wegry_clip_image002.jpg\" \/>\n<meta name=\"author\" content=\"admin\" \/>\n<meta name=\"twitter:card\" content=\"summary_large_image\" \/>\n<meta name=\"twitter:label1\" content=\"Napisane przez\" \/>\n\t<meta name=\"twitter:data1\" content=\"admin\" \/>\n\t<meta name=\"twitter:label2\" content=\"Szacowany czas czytania\" \/>\n\t<meta name=\"twitter:data2\" content=\"3 minuty\" \/>\n<script type=\"application\/ld+json\" class=\"yoast-schema-graph\">{\"@context\":\"https:\/\/schema.org\",\"@graph\":[{\"@type\":\"Article\",\"@id\":\"https:\/\/zsp1chojna.pl\/?p=5769#article\",\"isPartOf\":{\"@id\":\"https:\/\/zsp1chojna.pl\/?p=5769\"},\"author\":{\"name\":\"admin\",\"@id\":\"https:\/\/zsp1chojna.pl\/#\/schema\/person\/fe8d6c03379c9cface386de0c172e127\"},\"headline\":\"Projekt \u201eVolare*U\u201d\",\"datePublished\":\"2011-07-19T14:48:00+00:00\",\"dateModified\":\"2023-09-24T14:51:34+00:00\",\"mainEntityOfPage\":{\"@id\":\"https:\/\/zsp1chojna.pl\/?p=5769\"},\"wordCount\":423,\"commentCount\":0,\"publisher\":{\"@id\":\"https:\/\/zsp1chojna.pl\/#organization\"},\"articleSection\":[\"Aktualno\u015bci 2010\/2011\"],\"inLanguage\":\"pl-PL\",\"potentialAction\":[{\"@type\":\"CommentAction\",\"name\":\"Comment\",\"target\":[\"https:\/\/zsp1chojna.pl\/?p=5769#respond\"]}]},{\"@type\":\"WebPage\",\"@id\":\"https:\/\/zsp1chojna.pl\/?p=5769\",\"url\":\"https:\/\/zsp1chojna.pl\/?p=5769\",\"name\":\"Projekt \u201eVolare*U\u201d - ZSP w Chojnie\",\"isPartOf\":{\"@id\":\"https:\/\/zsp1chojna.pl\/#website\"},\"datePublished\":\"2011-07-19T14:48:00+00:00\",\"dateModified\":\"2023-09-24T14:51:34+00:00\",\"breadcrumb\":{\"@id\":\"https:\/\/zsp1chojna.pl\/?p=5769#breadcrumb\"},\"inLanguage\":\"pl-PL\",\"potentialAction\":[{\"@type\":\"ReadAction\",\"target\":[\"https:\/\/zsp1chojna.pl\/?p=5769\"]}]},{\"@type\":\"BreadcrumbList\",\"@id\":\"https:\/\/zsp1chojna.pl\/?p=5769#breadcrumb\",\"itemListElement\":[{\"@type\":\"ListItem\",\"position\":1,\"name\":\"Home\",\"item\":\"https:\/\/zsp1chojna.pl\/\"},{\"@type\":\"ListItem\",\"position\":2,\"name\":\"Projekt \u201eVolare*U\u201d\"}]},{\"@type\":\"WebSite\",\"@id\":\"https:\/\/zsp1chojna.pl\/#website\",\"url\":\"https:\/\/zsp1chojna.pl\/\",\"name\":\"ZSP w Chojnie\",\"description\":\"\",\"publisher\":{\"@id\":\"https:\/\/zsp1chojna.pl\/#organization\"},\"potentialAction\":[{\"@type\":\"SearchAction\",\"target\":{\"@type\":\"EntryPoint\",\"urlTemplate\":\"https:\/\/zsp1chojna.pl\/?s={search_term_string}\"},\"query-input\":\"required name=search_term_string\"}],\"inLanguage\":\"pl-PL\"},{\"@type\":\"Organization\",\"@id\":\"https:\/\/zsp1chojna.pl\/#organization\",\"name\":\"ZSP w Chojnie\",\"url\":\"https:\/\/zsp1chojna.pl\/\",\"logo\":{\"@type\":\"ImageObject\",\"inLanguage\":\"pl-PL\",\"@id\":\"https:\/\/zsp1chojna.pl\/#\/schema\/logo\/image\/\",\"url\":\"https:\/\/zsp1chojna.pl\/wp-content\/uploads\/2023\/08\/cropped-cropped-cropped-Logo-biale-napis-na-3-wiersze_504-1.png\",\"contentUrl\":\"https:\/\/zsp1chojna.pl\/wp-content\/uploads\/2023\/08\/cropped-cropped-cropped-Logo-biale-napis-na-3-wiersze_504-1.png\",\"width\":504,\"height\":167,\"caption\":\"ZSP w Chojnie\"},\"image\":{\"@id\":\"https:\/\/zsp1chojna.pl\/#\/schema\/logo\/image\/\"}},{\"@type\":\"Person\",\"@id\":\"https:\/\/zsp1chojna.pl\/#\/schema\/person\/fe8d6c03379c9cface386de0c172e127\",\"name\":\"admin\",\"image\":{\"@type\":\"ImageObject\",\"inLanguage\":\"pl-PL\",\"@id\":\"https:\/\/zsp1chojna.pl\/#\/schema\/person\/image\/\",\"url\":\"https:\/\/secure.gravatar.com\/avatar\/35d79b1d799ff9bac401976862e535bf785f4039d8313d3c00b303598a46dd4e?s=96&d=mm&r=g\",\"contentUrl\":\"https:\/\/secure.gravatar.com\/avatar\/35d79b1d799ff9bac401976862e535bf785f4039d8313d3c00b303598a46dd4e?s=96&d=mm&r=g\",\"caption\":\"admin\"},\"sameAs\":[\"http:\/\/nowazspchojna.pl\"],\"url\":\"https:\/\/zsp1chojna.pl\/?author=1\"}]}<\/script>\n<!-- \/ Yoast SEO plugin. -->","yoast_head_json":{"title":"Projekt \u201eVolare*U\u201d - ZSP w Chojnie","robots":{"index":"index","follow":"follow","max-snippet":"max-snippet:-1","max-image-preview":"max-image-preview:large","max-video-preview":"max-video-preview:-1"},"canonical":"https:\/\/zsp1chojna.pl\/?p=5769","og_locale":"pl_PL","og_type":"article","og_title":"Projekt \u201eVolare*U\u201d - ZSP w Chojnie","og_description":"W dniach 19-27\u00a0lipca 2011\u00a0r. grupa m\u0142odzie\u017cy z\u00a0Zespo\u0142u Szk\u00f3\u0142 Ponadgimnazjalnych Nr\u00a01\u00a0w Chojnie wraz z\u00a0opiekunami wzi\u0119\u0142a udzia\u0142 w\u00a0projekcie pn.\u00a0\u201eVolare*U\u201d Program \u201eM\u0142odzie\u017c w\u00a0dzia\u0142aniu\u201d realizowanym przez\u00a0Gimnazjum Jurisch Mikl\u00f3s w\u00a0K\u0151szeg na\u00a0W\u0119grzech.W projekcie wzi\u0119\u0142a r\u00f3wnie\u017c udzia\u0142 [&hellip;]","og_url":"https:\/\/zsp1chojna.pl\/?p=5769","og_site_name":"ZSP w Chojnie","article_published_time":"2011-07-19T14:48:00+00:00","article_modified_time":"2023-09-24T14:51:34+00:00","og_image":[{"url":"https:\/\/zsp1chojna.pl\/wp-content\/uploads\/2023\/09\/sprawozdanie-wegry_clip_image002.jpg"}],"author":"admin","twitter_card":"summary_large_image","twitter_misc":{"Napisane przez":"admin","Szacowany czas czytania":"3 minuty"},"schema":{"@context":"https:\/\/schema.org","@graph":[{"@type":"Article","@id":"https:\/\/zsp1chojna.pl\/?p=5769#article","isPartOf":{"@id":"https:\/\/zsp1chojna.pl\/?p=5769"},"author":{"name":"admin","@id":"https:\/\/zsp1chojna.pl\/#\/schema\/person\/fe8d6c03379c9cface386de0c172e127"},"headline":"Projekt \u201eVolare*U\u201d","datePublished":"2011-07-19T14:48:00+00:00","dateModified":"2023-09-24T14:51:34+00:00","mainEntityOfPage":{"@id":"https:\/\/zsp1chojna.pl\/?p=5769"},"wordCount":423,"commentCount":0,"publisher":{"@id":"https:\/\/zsp1chojna.pl\/#organization"},"articleSection":["Aktualno\u015bci 2010\/2011"],"inLanguage":"pl-PL","potentialAction":[{"@type":"CommentAction","name":"Comment","target":["https:\/\/zsp1chojna.pl\/?p=5769#respond"]}]},{"@type":"WebPage","@id":"https:\/\/zsp1chojna.pl\/?p=5769","url":"https:\/\/zsp1chojna.pl\/?p=5769","name":"Projekt \u201eVolare*U\u201d - ZSP w Chojnie","isPartOf":{"@id":"https:\/\/zsp1chojna.pl\/#website"},"datePublished":"2011-07-19T14:48:00+00:00","dateModified":"2023-09-24T14:51:34+00:00","breadcrumb":{"@id":"https:\/\/zsp1chojna.pl\/?p=5769#breadcrumb"},"inLanguage":"pl-PL","potentialAction":[{"@type":"ReadAction","target":["https:\/\/zsp1chojna.pl\/?p=5769"]}]},{"@type":"BreadcrumbList","@id":"https:\/\/zsp1chojna.pl\/?p=5769#breadcrumb","itemListElement":[{"@type":"ListItem","position":1,"name":"Home","item":"https:\/\/zsp1chojna.pl\/"},{"@type":"ListItem","position":2,"name":"Projekt \u201eVolare*U\u201d"}]},{"@type":"WebSite","@id":"https:\/\/zsp1chojna.pl\/#website","url":"https:\/\/zsp1chojna.pl\/","name":"ZSP w Chojnie","description":"","publisher":{"@id":"https:\/\/zsp1chojna.pl\/#organization"},"potentialAction":[{"@type":"SearchAction","target":{"@type":"EntryPoint","urlTemplate":"https:\/\/zsp1chojna.pl\/?s={search_term_string}"},"query-input":"required name=search_term_string"}],"inLanguage":"pl-PL"},{"@type":"Organization","@id":"https:\/\/zsp1chojna.pl\/#organization","name":"ZSP w Chojnie","url":"https:\/\/zsp1chojna.pl\/","logo":{"@type":"ImageObject","inLanguage":"pl-PL","@id":"https:\/\/zsp1chojna.pl\/#\/schema\/logo\/image\/","url":"https:\/\/zsp1chojna.pl\/wp-content\/uploads\/2023\/08\/cropped-cropped-cropped-Logo-biale-napis-na-3-wiersze_504-1.png","contentUrl":"https:\/\/zsp1chojna.pl\/wp-content\/uploads\/2023\/08\/cropped-cropped-cropped-Logo-biale-napis-na-3-wiersze_504-1.png","width":504,"height":167,"caption":"ZSP w Chojnie"},"image":{"@id":"https:\/\/zsp1chojna.pl\/#\/schema\/logo\/image\/"}},{"@type":"Person","@id":"https:\/\/zsp1chojna.pl\/#\/schema\/person\/fe8d6c03379c9cface386de0c172e127","name":"admin","image":{"@type":"ImageObject","inLanguage":"pl-PL","@id":"https:\/\/zsp1chojna.pl\/#\/schema\/person\/image\/","url":"https:\/\/secure.gravatar.com\/avatar\/35d79b1d799ff9bac401976862e535bf785f4039d8313d3c00b303598a46dd4e?s=96&d=mm&r=g","contentUrl":"https:\/\/secure.gravatar.com\/avatar\/35d79b1d799ff9bac401976862e535bf785f4039d8313d3c00b303598a46dd4e?s=96&d=mm&r=g","caption":"admin"},"sameAs":["http:\/\/nowazspchojna.pl"],"url":"https:\/\/zsp1chojna.pl\/?author=1"}]}},"jetpack_featured_media_url":"","_links":{"self":[{"href":"https:\/\/zsp1chojna.pl\/index.php?rest_route=\/wp\/v2\/posts\/5769","targetHints":{"allow":["GET"]}}],"collection":[{"href":"https:\/\/zsp1chojna.pl\/index.php?rest_route=\/wp\/v2\/posts"}],"about":[{"href":"https:\/\/zsp1chojna.pl\/index.php?rest_route=\/wp\/v2\/types\/post"}],"author":[{"embeddable":true,"href":"https:\/\/zsp1chojna.pl\/index.php?rest_route=\/wp\/v2\/users\/1"}],"replies":[{"embeddable":true,"href":"https:\/\/zsp1chojna.pl\/index.php?rest_route=%2Fwp%2Fv2%2Fcomments&post=5769"}],"version-history":[{"count":2,"href":"https:\/\/zsp1chojna.pl\/index.php?rest_route=\/wp\/v2\/posts\/5769\/revisions"}],"predecessor-version":[{"id":5777,"href":"https:\/\/zsp1chojna.pl\/index.php?rest_route=\/wp\/v2\/posts\/5769\/revisions\/5777"}],"wp:attachment":[{"href":"https:\/\/zsp1chojna.pl\/index.php?rest_route=%2Fwp%2Fv2%2Fmedia&parent=5769"}],"wp:term":[{"taxonomy":"category","embeddable":true,"href":"https:\/\/zsp1chojna.pl\/index.php?rest_route=%2Fwp%2Fv2%2Fcategories&post=5769"},{"taxonomy":"post_tag","embeddable":true,"href":"https:\/\/zsp1chojna.pl\/index.php?rest_route=%2Fwp%2Fv2%2Ftags&post=5769"}],"curies":[{"name":"wp","href":"https:\/\/api.w.org\/{rel}","templated":true}]}}