{"id":5531,"date":"2017-11-09T13:57:00","date_gmt":"2017-11-09T12:57:00","guid":{"rendered":"https:\/\/zsp1chojna.pl\/?p=5531"},"modified":"2023-09-24T13:59:33","modified_gmt":"2023-09-24T11:59:33","slug":"miedzynarodowa-konferencja-w-ramach-projektu-save-programu-erasmus","status":"publish","type":"post","link":"https:\/\/zsp1chojna.pl\/?p=5531","title":{"rendered":"Mi\u0119dzynarodowa konferencja w ramach projektu \u201eSave\u201d Programu Erasmus +"},"content":{"rendered":"\n<p class=\"has-text-align-justify\">W dniach 9 \u2013 12 listopada 2017 r. troje nauczycieli Zespo\u0142u Szk\u00f3\u0142 Ponadgimnazjalnych w Chojnie uczestniczy\u0142o w mi\u0119dzynarodowej konferencji dotycz\u0105cej zaplanowaniu dzia\u0142a\u0144 w ramach realizacji projektu \u201eSave\u201d Programu Erasmus +, kt\u00f3ra odby\u0142a si\u0119 w Konyi (Turcja).<\/p>\n\n\n<div class=\"wp-block-image\">\n<figure class=\"aligncenter size-full\"><img loading=\"lazy\" decoding=\"async\" width=\"500\" height=\"375\" data-attachment-id=\"5532\" data-permalink=\"https:\/\/zsp1chojna.pl\/?attachment_id=5532\" data-orig-file=\"https:\/\/zsp1chojna.pl\/wp-content\/uploads\/2023\/09\/turcja2017-1.jpg\" data-orig-size=\"500,375\" data-comments-opened=\"1\" data-image-meta=\"{&quot;aperture&quot;:&quot;0&quot;,&quot;credit&quot;:&quot;&quot;,&quot;camera&quot;:&quot;&quot;,&quot;caption&quot;:&quot;&quot;,&quot;created_timestamp&quot;:&quot;0&quot;,&quot;copyright&quot;:&quot;&quot;,&quot;focal_length&quot;:&quot;0&quot;,&quot;iso&quot;:&quot;0&quot;,&quot;shutter_speed&quot;:&quot;0&quot;,&quot;title&quot;:&quot;&quot;,&quot;orientation&quot;:&quot;0&quot;}\" data-image-title=\"turcja2017-1\" data-image-description=\"\" data-image-caption=\"\" data-medium-file=\"https:\/\/zsp1chojna.pl\/wp-content\/uploads\/2023\/09\/turcja2017-1-300x225.jpg\" data-large-file=\"https:\/\/zsp1chojna.pl\/wp-content\/uploads\/2023\/09\/turcja2017-1.jpg\" src=\"https:\/\/zsp1chojna.pl\/wp-content\/uploads\/2023\/09\/turcja2017-1.jpg\" alt=\"\" class=\"wp-image-5532\" srcset=\"https:\/\/zsp1chojna.pl\/wp-content\/uploads\/2023\/09\/turcja2017-1.jpg 500w, https:\/\/zsp1chojna.pl\/wp-content\/uploads\/2023\/09\/turcja2017-1-300x225.jpg 300w\" sizes=\"auto, (max-width: 500px) 100vw, 500px\" \/><\/figure>\n<\/div>\n\n\n<p class=\"has-text-align-justify\">Struggle against violent extremizm \u2013 \u201eSAVE\u201d, to&nbsp;projekt, kt\u00f3rego&nbsp;celem jest&nbsp; m.in.&nbsp; zwi\u0119kszenie \u015bwiadomo\u015bci nauczycieli i&nbsp;uczni\u00f3w w&nbsp;obszarze zagro\u017cenia ekstremizmami, identyfikacja i&nbsp;zrozumienie przyczyn powstawania ekstremizm\u00f3w i&nbsp;postaw radykalnych oraz&nbsp;zach\u0119canie m\u0142odzie\u017cy do&nbsp;aktywnego uczestnictwa w&nbsp;procesach demokratycznych. Realizatorem projektu jest Konya Il MEM (wydzia\u0142 o\u015bwiaty prowincji Konya), partnerami: ZSP w&nbsp;Chojnie, NGO z&nbsp;Koszeg (W\u0119gry), Firma ICT ( S\u0142owenia), Nytromska Skolan (Szwecja), Uniwersytet Technologiczny z&nbsp;Konyi (Turcja). Projekt realizowany b\u0119dzie w&nbsp;terminie od&nbsp;01.09.2017&nbsp;r. do&nbsp;31.08.2019&nbsp;r.<\/p>\n\n\n\n<p class=\"has-text-align-justify\">W\u00a0ramach realizacji projektu odb\u0119d\u0105 si\u0119 spotkania robocze partner\u00f3w, kursy szkoleniowe dla nauczycieli i\u00a0uczni\u00f3w, opracowane zostan\u0105 scenariusze zaj\u0119\u0107 zgodne z\u00a0 tematyk\u0105 projektu, mo\u017cliwe do\u00a0wykorzystania na\u00a0r\u00f3\u017cnych lekcjach. Opr\u00f3cz bezpo\u015brednich spotka\u0144 m\u0142odzie\u017c i\u00a0nauczyciele b\u0119d\u0105 si\u0119 porozumiewa\u0107 dzi\u0119ki platformie e \u2013 Twinningowej Projektu.<\/p>\n\n\n<div class=\"wp-block-image\">\n<figure class=\"aligncenter size-full\"><img loading=\"lazy\" decoding=\"async\" width=\"500\" height=\"375\" data-attachment-id=\"5533\" data-permalink=\"https:\/\/zsp1chojna.pl\/?attachment_id=5533\" data-orig-file=\"https:\/\/zsp1chojna.pl\/wp-content\/uploads\/2023\/09\/turcja2017-2.jpg\" data-orig-size=\"500,375\" data-comments-opened=\"1\" data-image-meta=\"{&quot;aperture&quot;:&quot;0&quot;,&quot;credit&quot;:&quot;&quot;,&quot;camera&quot;:&quot;&quot;,&quot;caption&quot;:&quot;&quot;,&quot;created_timestamp&quot;:&quot;0&quot;,&quot;copyright&quot;:&quot;&quot;,&quot;focal_length&quot;:&quot;0&quot;,&quot;iso&quot;:&quot;0&quot;,&quot;shutter_speed&quot;:&quot;0&quot;,&quot;title&quot;:&quot;&quot;,&quot;orientation&quot;:&quot;0&quot;}\" data-image-title=\"turcja2017-2\" data-image-description=\"\" data-image-caption=\"\" data-medium-file=\"https:\/\/zsp1chojna.pl\/wp-content\/uploads\/2023\/09\/turcja2017-2-300x225.jpg\" data-large-file=\"https:\/\/zsp1chojna.pl\/wp-content\/uploads\/2023\/09\/turcja2017-2.jpg\" src=\"https:\/\/zsp1chojna.pl\/wp-content\/uploads\/2023\/09\/turcja2017-2.jpg\" alt=\"\" class=\"wp-image-5533\" srcset=\"https:\/\/zsp1chojna.pl\/wp-content\/uploads\/2023\/09\/turcja2017-2.jpg 500w, https:\/\/zsp1chojna.pl\/wp-content\/uploads\/2023\/09\/turcja2017-2-300x225.jpg 300w\" sizes=\"auto, (max-width: 500px) 100vw, 500px\" \/><\/figure>\n<\/div>\n\n\n<p class=\"has-text-align-justify\">W trakcie trzydniowego spotkania przedstawicieli instytucji realizuj\u0105cych projekt, dokonano prezentacji partner\u00f3w projektu, opracowano terminarz dzia\u0142a\u0144, om\u00f3wiono sposoby realizacji projektu oraz dopracowano szczeg\u00f3\u0142y wizyt partnerskich. W wolnym czasie, dzi\u0119ki uprzejmo\u015bci gospodarzy, uczestnicy konferencji mieli mo\u017cliwo\u015b\u0107 zwiedzenia Konyi, obejrzenia m.in. jednej z najwi\u0119kszych atrakcji turystycznych Turcji \u2013 ta\u0144ca wiruj\u0105cych derwisz\u00f3w \u2013 cz\u0142onk\u00f3w muzu\u0142ma\u0144skiego bractwa religijnego oraz Muzeum Mevlana.<\/p>\n\n\n<div class=\"wp-block-image\">\n<figure class=\"aligncenter size-full\"><img loading=\"lazy\" decoding=\"async\" width=\"417\" height=\"304\" data-attachment-id=\"5534\" data-permalink=\"https:\/\/zsp1chojna.pl\/?attachment_id=5534\" data-orig-file=\"https:\/\/zsp1chojna.pl\/wp-content\/uploads\/2023\/09\/turcja2017-3.jpg\" data-orig-size=\"417,304\" data-comments-opened=\"1\" data-image-meta=\"{&quot;aperture&quot;:&quot;0&quot;,&quot;credit&quot;:&quot;&quot;,&quot;camera&quot;:&quot;&quot;,&quot;caption&quot;:&quot;&quot;,&quot;created_timestamp&quot;:&quot;0&quot;,&quot;copyright&quot;:&quot;&quot;,&quot;focal_length&quot;:&quot;0&quot;,&quot;iso&quot;:&quot;0&quot;,&quot;shutter_speed&quot;:&quot;0&quot;,&quot;title&quot;:&quot;&quot;,&quot;orientation&quot;:&quot;0&quot;}\" data-image-title=\"turcja2017-3\" data-image-description=\"\" data-image-caption=\"\" data-medium-file=\"https:\/\/zsp1chojna.pl\/wp-content\/uploads\/2023\/09\/turcja2017-3-300x219.jpg\" data-large-file=\"https:\/\/zsp1chojna.pl\/wp-content\/uploads\/2023\/09\/turcja2017-3.jpg\" src=\"https:\/\/zsp1chojna.pl\/wp-content\/uploads\/2023\/09\/turcja2017-3.jpg\" alt=\"\" class=\"wp-image-5534\" srcset=\"https:\/\/zsp1chojna.pl\/wp-content\/uploads\/2023\/09\/turcja2017-3.jpg 417w, https:\/\/zsp1chojna.pl\/wp-content\/uploads\/2023\/09\/turcja2017-3-300x219.jpg 300w\" sizes=\"auto, (max-width: 417px) 100vw, 417px\" \/><\/figure>\n<\/div>\n\n\n<p class=\"has-text-align-right\">Uczestnicy projektu<\/p>\n","protected":false},"excerpt":{"rendered":"<p>W dniach 9 \u2013 12 listopada 2017 r. troje nauczycieli Zespo\u0142u Szk\u00f3\u0142 Ponadgimnazjalnych w Chojnie uczestniczy\u0142o w mi\u0119dzynarodowej konferencji dotycz\u0105cej zaplanowaniu dzia\u0142a\u0144 w ramach realizacji projektu \u201eSave\u201d Programu Erasmus +, [&hellip;]<\/p>\n","protected":false},"author":1,"featured_media":0,"comment_status":"open","ping_status":"open","sticky":false,"template":"","format":"standard","meta":{"footnotes":""},"categories":[22],"tags":[],"class_list":["post-5531","post","type-post","status-publish","format-standard","hentry","category-aktualnosci-2017-2018"],"wbAuthor":{"name":"admin","link":"https:\/\/zsp1chojna.pl\/?author=1"},"wbDate":"lis 9, 2017","wbCategories":{"space":"<a href=\"https:\/\/zsp1chojna.pl\/?cat=22\" rel=\"category\">Aktualno\u015bci 2017\/2018<\/a>","coma":"<a href=\"https:\/\/zsp1chojna.pl\/?cat=22\" rel=\"category\">Aktualno\u015bci 2017\/2018<\/a>"},"wbComment":0,"yoast_head":"<!-- This site is optimized with the Yoast SEO plugin v20.13 - https:\/\/yoast.com\/wordpress\/plugins\/seo\/ -->\n<title>Mi\u0119dzynarodowa konferencja w ramach projektu \u201eSave\u201d Programu Erasmus + - ZSP w Chojnie<\/title>\n<meta name=\"robots\" content=\"index, follow, max-snippet:-1, max-image-preview:large, max-video-preview:-1\" \/>\n<link rel=\"canonical\" href=\"https:\/\/zsp1chojna.pl\/?p=5531\" \/>\n<meta property=\"og:locale\" content=\"pl_PL\" \/>\n<meta property=\"og:type\" content=\"article\" \/>\n<meta property=\"og:title\" content=\"Mi\u0119dzynarodowa konferencja w ramach projektu \u201eSave\u201d Programu Erasmus + - ZSP w Chojnie\" \/>\n<meta property=\"og:description\" content=\"W dniach 9 \u2013 12 listopada 2017 r. troje nauczycieli Zespo\u0142u Szk\u00f3\u0142 Ponadgimnazjalnych w Chojnie uczestniczy\u0142o w mi\u0119dzynarodowej konferencji dotycz\u0105cej zaplanowaniu dzia\u0142a\u0144 w ramach realizacji projektu \u201eSave\u201d Programu Erasmus +, [&hellip;]\" \/>\n<meta property=\"og:url\" content=\"https:\/\/zsp1chojna.pl\/?p=5531\" \/>\n<meta property=\"og:site_name\" content=\"ZSP w Chojnie\" \/>\n<meta property=\"article:published_time\" content=\"2017-11-09T12:57:00+00:00\" \/>\n<meta property=\"article:modified_time\" content=\"2023-09-24T11:59:33+00:00\" \/>\n<meta property=\"og:image\" content=\"https:\/\/zsp1chojna.pl\/wp-content\/uploads\/2023\/09\/turcja2017-1.jpg\" \/>\n<meta name=\"author\" content=\"admin\" \/>\n<meta name=\"twitter:card\" content=\"summary_large_image\" \/>\n<meta name=\"twitter:label1\" content=\"Napisane przez\" \/>\n\t<meta name=\"twitter:data1\" content=\"admin\" \/>\n\t<meta name=\"twitter:label2\" content=\"Szacowany czas czytania\" \/>\n\t<meta name=\"twitter:data2\" content=\"2 minuty\" \/>\n<script type=\"application\/ld+json\" class=\"yoast-schema-graph\">{\"@context\":\"https:\/\/schema.org\",\"@graph\":[{\"@type\":\"Article\",\"@id\":\"https:\/\/zsp1chojna.pl\/?p=5531#article\",\"isPartOf\":{\"@id\":\"https:\/\/zsp1chojna.pl\/?p=5531\"},\"author\":{\"name\":\"admin\",\"@id\":\"https:\/\/zsp1chojna.pl\/#\/schema\/person\/fe8d6c03379c9cface386de0c172e127\"},\"headline\":\"Mi\u0119dzynarodowa konferencja w ramach projektu \u201eSave\u201d Programu Erasmus +\",\"datePublished\":\"2017-11-09T12:57:00+00:00\",\"dateModified\":\"2023-09-24T11:59:33+00:00\",\"mainEntityOfPage\":{\"@id\":\"https:\/\/zsp1chojna.pl\/?p=5531\"},\"wordCount\":282,\"commentCount\":0,\"publisher\":{\"@id\":\"https:\/\/zsp1chojna.pl\/#organization\"},\"articleSection\":[\"Aktualno\u015bci 2017\/2018\"],\"inLanguage\":\"pl-PL\",\"potentialAction\":[{\"@type\":\"CommentAction\",\"name\":\"Comment\",\"target\":[\"https:\/\/zsp1chojna.pl\/?p=5531#respond\"]}]},{\"@type\":\"WebPage\",\"@id\":\"https:\/\/zsp1chojna.pl\/?p=5531\",\"url\":\"https:\/\/zsp1chojna.pl\/?p=5531\",\"name\":\"Mi\u0119dzynarodowa konferencja w ramach projektu \u201eSave\u201d Programu Erasmus + - ZSP w Chojnie\",\"isPartOf\":{\"@id\":\"https:\/\/zsp1chojna.pl\/#website\"},\"datePublished\":\"2017-11-09T12:57:00+00:00\",\"dateModified\":\"2023-09-24T11:59:33+00:00\",\"breadcrumb\":{\"@id\":\"https:\/\/zsp1chojna.pl\/?p=5531#breadcrumb\"},\"inLanguage\":\"pl-PL\",\"potentialAction\":[{\"@type\":\"ReadAction\",\"target\":[\"https:\/\/zsp1chojna.pl\/?p=5531\"]}]},{\"@type\":\"BreadcrumbList\",\"@id\":\"https:\/\/zsp1chojna.pl\/?p=5531#breadcrumb\",\"itemListElement\":[{\"@type\":\"ListItem\",\"position\":1,\"name\":\"Home\",\"item\":\"https:\/\/zsp1chojna.pl\/\"},{\"@type\":\"ListItem\",\"position\":2,\"name\":\"Mi\u0119dzynarodowa konferencja w&nbsp;ramach projektu \u201eSave\u201d Programu Erasmus +\"}]},{\"@type\":\"WebSite\",\"@id\":\"https:\/\/zsp1chojna.pl\/#website\",\"url\":\"https:\/\/zsp1chojna.pl\/\",\"name\":\"ZSP w Chojnie\",\"description\":\"\",\"publisher\":{\"@id\":\"https:\/\/zsp1chojna.pl\/#organization\"},\"potentialAction\":[{\"@type\":\"SearchAction\",\"target\":{\"@type\":\"EntryPoint\",\"urlTemplate\":\"https:\/\/zsp1chojna.pl\/?s={search_term_string}\"},\"query-input\":\"required name=search_term_string\"}],\"inLanguage\":\"pl-PL\"},{\"@type\":\"Organization\",\"@id\":\"https:\/\/zsp1chojna.pl\/#organization\",\"name\":\"ZSP w Chojnie\",\"url\":\"https:\/\/zsp1chojna.pl\/\",\"logo\":{\"@type\":\"ImageObject\",\"inLanguage\":\"pl-PL\",\"@id\":\"https:\/\/zsp1chojna.pl\/#\/schema\/logo\/image\/\",\"url\":\"https:\/\/zsp1chojna.pl\/wp-content\/uploads\/2023\/08\/cropped-cropped-cropped-Logo-biale-napis-na-3-wiersze_504-1.png\",\"contentUrl\":\"https:\/\/zsp1chojna.pl\/wp-content\/uploads\/2023\/08\/cropped-cropped-cropped-Logo-biale-napis-na-3-wiersze_504-1.png\",\"width\":504,\"height\":167,\"caption\":\"ZSP w Chojnie\"},\"image\":{\"@id\":\"https:\/\/zsp1chojna.pl\/#\/schema\/logo\/image\/\"}},{\"@type\":\"Person\",\"@id\":\"https:\/\/zsp1chojna.pl\/#\/schema\/person\/fe8d6c03379c9cface386de0c172e127\",\"name\":\"admin\",\"image\":{\"@type\":\"ImageObject\",\"inLanguage\":\"pl-PL\",\"@id\":\"https:\/\/zsp1chojna.pl\/#\/schema\/person\/image\/\",\"url\":\"https:\/\/secure.gravatar.com\/avatar\/35d79b1d799ff9bac401976862e535bf785f4039d8313d3c00b303598a46dd4e?s=96&d=mm&r=g\",\"contentUrl\":\"https:\/\/secure.gravatar.com\/avatar\/35d79b1d799ff9bac401976862e535bf785f4039d8313d3c00b303598a46dd4e?s=96&d=mm&r=g\",\"caption\":\"admin\"},\"sameAs\":[\"http:\/\/nowazspchojna.pl\"],\"url\":\"https:\/\/zsp1chojna.pl\/?author=1\"}]}<\/script>\n<!-- \/ Yoast SEO plugin. -->","yoast_head_json":{"title":"Mi\u0119dzynarodowa konferencja w ramach projektu \u201eSave\u201d Programu Erasmus + - ZSP w Chojnie","robots":{"index":"index","follow":"follow","max-snippet":"max-snippet:-1","max-image-preview":"max-image-preview:large","max-video-preview":"max-video-preview:-1"},"canonical":"https:\/\/zsp1chojna.pl\/?p=5531","og_locale":"pl_PL","og_type":"article","og_title":"Mi\u0119dzynarodowa konferencja w ramach projektu \u201eSave\u201d Programu Erasmus + - ZSP w Chojnie","og_description":"W dniach 9 \u2013 12 listopada 2017 r. troje nauczycieli Zespo\u0142u Szk\u00f3\u0142 Ponadgimnazjalnych w Chojnie uczestniczy\u0142o w mi\u0119dzynarodowej konferencji dotycz\u0105cej zaplanowaniu dzia\u0142a\u0144 w ramach realizacji projektu \u201eSave\u201d Programu Erasmus +, [&hellip;]","og_url":"https:\/\/zsp1chojna.pl\/?p=5531","og_site_name":"ZSP w Chojnie","article_published_time":"2017-11-09T12:57:00+00:00","article_modified_time":"2023-09-24T11:59:33+00:00","og_image":[{"url":"https:\/\/zsp1chojna.pl\/wp-content\/uploads\/2023\/09\/turcja2017-1.jpg"}],"author":"admin","twitter_card":"summary_large_image","twitter_misc":{"Napisane przez":"admin","Szacowany czas czytania":"2 minuty"},"schema":{"@context":"https:\/\/schema.org","@graph":[{"@type":"Article","@id":"https:\/\/zsp1chojna.pl\/?p=5531#article","isPartOf":{"@id":"https:\/\/zsp1chojna.pl\/?p=5531"},"author":{"name":"admin","@id":"https:\/\/zsp1chojna.pl\/#\/schema\/person\/fe8d6c03379c9cface386de0c172e127"},"headline":"Mi\u0119dzynarodowa konferencja w ramach projektu \u201eSave\u201d Programu Erasmus +","datePublished":"2017-11-09T12:57:00+00:00","dateModified":"2023-09-24T11:59:33+00:00","mainEntityOfPage":{"@id":"https:\/\/zsp1chojna.pl\/?p=5531"},"wordCount":282,"commentCount":0,"publisher":{"@id":"https:\/\/zsp1chojna.pl\/#organization"},"articleSection":["Aktualno\u015bci 2017\/2018"],"inLanguage":"pl-PL","potentialAction":[{"@type":"CommentAction","name":"Comment","target":["https:\/\/zsp1chojna.pl\/?p=5531#respond"]}]},{"@type":"WebPage","@id":"https:\/\/zsp1chojna.pl\/?p=5531","url":"https:\/\/zsp1chojna.pl\/?p=5531","name":"Mi\u0119dzynarodowa konferencja w ramach projektu \u201eSave\u201d Programu Erasmus + - ZSP w Chojnie","isPartOf":{"@id":"https:\/\/zsp1chojna.pl\/#website"},"datePublished":"2017-11-09T12:57:00+00:00","dateModified":"2023-09-24T11:59:33+00:00","breadcrumb":{"@id":"https:\/\/zsp1chojna.pl\/?p=5531#breadcrumb"},"inLanguage":"pl-PL","potentialAction":[{"@type":"ReadAction","target":["https:\/\/zsp1chojna.pl\/?p=5531"]}]},{"@type":"BreadcrumbList","@id":"https:\/\/zsp1chojna.pl\/?p=5531#breadcrumb","itemListElement":[{"@type":"ListItem","position":1,"name":"Home","item":"https:\/\/zsp1chojna.pl\/"},{"@type":"ListItem","position":2,"name":"Mi\u0119dzynarodowa konferencja w&nbsp;ramach projektu \u201eSave\u201d Programu Erasmus +"}]},{"@type":"WebSite","@id":"https:\/\/zsp1chojna.pl\/#website","url":"https:\/\/zsp1chojna.pl\/","name":"ZSP w Chojnie","description":"","publisher":{"@id":"https:\/\/zsp1chojna.pl\/#organization"},"potentialAction":[{"@type":"SearchAction","target":{"@type":"EntryPoint","urlTemplate":"https:\/\/zsp1chojna.pl\/?s={search_term_string}"},"query-input":"required name=search_term_string"}],"inLanguage":"pl-PL"},{"@type":"Organization","@id":"https:\/\/zsp1chojna.pl\/#organization","name":"ZSP w Chojnie","url":"https:\/\/zsp1chojna.pl\/","logo":{"@type":"ImageObject","inLanguage":"pl-PL","@id":"https:\/\/zsp1chojna.pl\/#\/schema\/logo\/image\/","url":"https:\/\/zsp1chojna.pl\/wp-content\/uploads\/2023\/08\/cropped-cropped-cropped-Logo-biale-napis-na-3-wiersze_504-1.png","contentUrl":"https:\/\/zsp1chojna.pl\/wp-content\/uploads\/2023\/08\/cropped-cropped-cropped-Logo-biale-napis-na-3-wiersze_504-1.png","width":504,"height":167,"caption":"ZSP w Chojnie"},"image":{"@id":"https:\/\/zsp1chojna.pl\/#\/schema\/logo\/image\/"}},{"@type":"Person","@id":"https:\/\/zsp1chojna.pl\/#\/schema\/person\/fe8d6c03379c9cface386de0c172e127","name":"admin","image":{"@type":"ImageObject","inLanguage":"pl-PL","@id":"https:\/\/zsp1chojna.pl\/#\/schema\/person\/image\/","url":"https:\/\/secure.gravatar.com\/avatar\/35d79b1d799ff9bac401976862e535bf785f4039d8313d3c00b303598a46dd4e?s=96&d=mm&r=g","contentUrl":"https:\/\/secure.gravatar.com\/avatar\/35d79b1d799ff9bac401976862e535bf785f4039d8313d3c00b303598a46dd4e?s=96&d=mm&r=g","caption":"admin"},"sameAs":["http:\/\/nowazspchojna.pl"],"url":"https:\/\/zsp1chojna.pl\/?author=1"}]}},"jetpack_featured_media_url":"","_links":{"self":[{"href":"https:\/\/zsp1chojna.pl\/index.php?rest_route=\/wp\/v2\/posts\/5531","targetHints":{"allow":["GET"]}}],"collection":[{"href":"https:\/\/zsp1chojna.pl\/index.php?rest_route=\/wp\/v2\/posts"}],"about":[{"href":"https:\/\/zsp1chojna.pl\/index.php?rest_route=\/wp\/v2\/types\/post"}],"author":[{"embeddable":true,"href":"https:\/\/zsp1chojna.pl\/index.php?rest_route=\/wp\/v2\/users\/1"}],"replies":[{"embeddable":true,"href":"https:\/\/zsp1chojna.pl\/index.php?rest_route=%2Fwp%2Fv2%2Fcomments&post=5531"}],"version-history":[{"count":1,"href":"https:\/\/zsp1chojna.pl\/index.php?rest_route=\/wp\/v2\/posts\/5531\/revisions"}],"predecessor-version":[{"id":5535,"href":"https:\/\/zsp1chojna.pl\/index.php?rest_route=\/wp\/v2\/posts\/5531\/revisions\/5535"}],"wp:attachment":[{"href":"https:\/\/zsp1chojna.pl\/index.php?rest_route=%2Fwp%2Fv2%2Fmedia&parent=5531"}],"wp:term":[{"taxonomy":"category","embeddable":true,"href":"https:\/\/zsp1chojna.pl\/index.php?rest_route=%2Fwp%2Fv2%2Fcategories&post=5531"},{"taxonomy":"post_tag","embeddable":true,"href":"https:\/\/zsp1chojna.pl\/index.php?rest_route=%2Fwp%2Fv2%2Ftags&post=5531"}],"curies":[{"name":"wp","href":"https:\/\/api.w.org\/{rel}","templated":true}]}}