{"id":5518,"date":"2017-10-13T13:50:00","date_gmt":"2017-10-13T11:50:00","guid":{"rendered":"https:\/\/zsp1chojna.pl\/?p=5518"},"modified":"2023-09-24T13:54:08","modified_gmt":"2023-09-24T11:54:08","slug":"konkurs-na-logo-projektu-struggle-against-violent-extremismetap-szkolny","status":"publish","type":"post","link":"https:\/\/zsp1chojna.pl\/?p=5518","title":{"rendered":"Konkurs na logo projektu \u201eStruggle Against Violent Extremism\u201detap szkolny"},"content":{"rendered":"\n<p class=\"has-text-align-justify\">W\u00a0dniu 13\u00a0pa\u017adziernika 2017\u00a0r. zosta\u0142 rozstrzygni\u0119ty konkurs na\u00a0logo projektu &#8220;Struggle Against Violent Extremism\u201d \u2013 \u201eZapobieganie agresywnym postawom m\u0142odzie\u017cy\u201d (\u201eSAVE\u201d) w\u00a0ramach programu Erasmus+. Udzia\u0142 w\u00a0konkursie polega\u0142 na\u00a0samodzielnym wykonaniu logo promuj\u0105cego projekt technik\u0105 komputerow\u0105 z\u00a0wykorzystaniem grafiki wektorowej.<\/p>\n\n\n\n<p class=\"has-text-align-justify\">Na\u00a0etapie szkolnym spo\u015br\u00f3d zg\u0142oszonych prac komisja konkursowa wyr\u00f3\u017cni\u0142a dwie, kt\u00f3rych\u00a0autorami s\u0105 uczniowie: \u0141ukasz Lach i\u00a0Bartosz \u017barkowski z\u00a0kl. III TI.<\/p>\n\n\n<div class=\"wp-block-image\">\n<figure class=\"aligncenter size-full\"><img loading=\"lazy\" decoding=\"async\" width=\"288\" height=\"300\" data-attachment-id=\"5522\" data-permalink=\"https:\/\/zsp1chojna.pl\/?attachment_id=5522\" data-orig-file=\"https:\/\/zsp1chojna.pl\/wp-content\/uploads\/2023\/09\/logo1-Lach-i-Zarkowski-288x300-1.png\" data-orig-size=\"288,300\" data-comments-opened=\"1\" data-image-meta=\"{&quot;aperture&quot;:&quot;0&quot;,&quot;credit&quot;:&quot;&quot;,&quot;camera&quot;:&quot;&quot;,&quot;caption&quot;:&quot;&quot;,&quot;created_timestamp&quot;:&quot;0&quot;,&quot;copyright&quot;:&quot;&quot;,&quot;focal_length&quot;:&quot;0&quot;,&quot;iso&quot;:&quot;0&quot;,&quot;shutter_speed&quot;:&quot;0&quot;,&quot;title&quot;:&quot;&quot;,&quot;orientation&quot;:&quot;0&quot;}\" data-image-title=\"logo1-Lach-i-Zarkowski-288&amp;#215;300-1\" data-image-description=\"\" data-image-caption=\"\" data-medium-file=\"https:\/\/zsp1chojna.pl\/wp-content\/uploads\/2023\/09\/logo1-Lach-i-Zarkowski-288x300-1.png\" data-large-file=\"https:\/\/zsp1chojna.pl\/wp-content\/uploads\/2023\/09\/logo1-Lach-i-Zarkowski-288x300-1.png\" src=\"https:\/\/zsp1chojna.pl\/wp-content\/uploads\/2023\/09\/logo1-Lach-i-Zarkowski-288x300-1.png\" alt=\"\" class=\"wp-image-5522\"\/><\/figure>\n<\/div>\n\n\n<p>oraz Bart\u0142omiej Nadworski z kl. II c LO.<\/p>\n\n\n<div class=\"wp-block-image\">\n<figure class=\"aligncenter size-full\"><img loading=\"lazy\" decoding=\"async\" width=\"300\" height=\"208\" data-attachment-id=\"5523\" data-permalink=\"https:\/\/zsp1chojna.pl\/?attachment_id=5523\" data-orig-file=\"https:\/\/zsp1chojna.pl\/wp-content\/uploads\/2023\/09\/logo2-Nadworski-300x208-1.png\" data-orig-size=\"300,208\" data-comments-opened=\"1\" data-image-meta=\"{&quot;aperture&quot;:&quot;0&quot;,&quot;credit&quot;:&quot;&quot;,&quot;camera&quot;:&quot;&quot;,&quot;caption&quot;:&quot;&quot;,&quot;created_timestamp&quot;:&quot;0&quot;,&quot;copyright&quot;:&quot;&quot;,&quot;focal_length&quot;:&quot;0&quot;,&quot;iso&quot;:&quot;0&quot;,&quot;shutter_speed&quot;:&quot;0&quot;,&quot;title&quot;:&quot;&quot;,&quot;orientation&quot;:&quot;0&quot;}\" data-image-title=\"logo2-Nadworski-300&amp;#215;208-1\" data-image-description=\"\" data-image-caption=\"\" data-medium-file=\"https:\/\/zsp1chojna.pl\/wp-content\/uploads\/2023\/09\/logo2-Nadworski-300x208-1.png\" data-large-file=\"https:\/\/zsp1chojna.pl\/wp-content\/uploads\/2023\/09\/logo2-Nadworski-300x208-1.png\" src=\"https:\/\/zsp1chojna.pl\/wp-content\/uploads\/2023\/09\/logo2-Nadworski-300x208-1.png\" alt=\"\" class=\"wp-image-5523\"\/><\/figure>\n<\/div>\n\n\n<p class=\"has-text-align-justify\">Prace zostan\u0105 przes\u0142ane do&nbsp;Turcji i&nbsp;wezm\u0105 udzia\u0142 w&nbsp;konkursie mi\u0119dzynarodowym na&nbsp; logo projektu. Rozstrzygni\u0119cie konkursu na&nbsp;etapie mi\u0119dzynarodowym nast\u0105pi poprzez&nbsp; g\u0142osowanie przedstawicieli pa\u0144stw partnerskich projektu.<\/p>\n\n\n\n<p class=\"has-text-align-justify\">Serdecznie dzi\u0119kujemy uczniom za&nbsp;zainteresowanie konkursem i&nbsp;w\u0142o\u017cony wysi\u0142ek w&nbsp; przygotowanie prac.<\/p>\n\n\n\n<p class=\"has-text-align-right\">mgr&nbsp;Karolina Kubowicz<\/p>\n","protected":false},"excerpt":{"rendered":"<p>W\u00a0dniu 13\u00a0pa\u017adziernika 2017\u00a0r. zosta\u0142 rozstrzygni\u0119ty konkurs na\u00a0logo projektu &#8220;Struggle Against Violent Extremism\u201d \u2013 \u201eZapobieganie agresywnym postawom m\u0142odzie\u017cy\u201d (\u201eSAVE\u201d) w\u00a0ramach programu Erasmus+. Udzia\u0142 w\u00a0konkursie polega\u0142 na\u00a0samodzielnym wykonaniu logo promuj\u0105cego projekt technik\u0105 [&hellip;]<\/p>\n","protected":false},"author":1,"featured_media":5523,"comment_status":"open","ping_status":"open","sticky":false,"template":"","format":"standard","meta":{"footnotes":""},"categories":[22],"tags":[],"class_list":["post-5518","post","type-post","status-publish","format-standard","has-post-thumbnail","hentry","category-aktualnosci-2017-2018"],"wbAuthor":{"name":"admin","link":"https:\/\/zsp1chojna.pl\/?author=1"},"wbDate":"pa\u017a 13, 2017","wbCategories":{"space":"<a href=\"https:\/\/zsp1chojna.pl\/?cat=22\" rel=\"category\">Aktualno\u015bci 2017\/2018<\/a>","coma":"<a href=\"https:\/\/zsp1chojna.pl\/?cat=22\" rel=\"category\">Aktualno\u015bci 2017\/2018<\/a>"},"wbComment":0,"yoast_head":"<!-- This site is optimized with the Yoast SEO plugin v20.13 - https:\/\/yoast.com\/wordpress\/plugins\/seo\/ -->\n<title>Konkurs na logo projektu \u201eStruggle Against Violent Extremism\u201detap szkolny - ZSP w Chojnie<\/title>\n<meta name=\"robots\" content=\"index, follow, max-snippet:-1, max-image-preview:large, max-video-preview:-1\" \/>\n<link rel=\"canonical\" href=\"https:\/\/zsp1chojna.pl\/?p=5518\" \/>\n<meta property=\"og:locale\" content=\"pl_PL\" \/>\n<meta property=\"og:type\" content=\"article\" \/>\n<meta property=\"og:title\" content=\"Konkurs na logo projektu \u201eStruggle Against Violent Extremism\u201detap szkolny - ZSP w Chojnie\" \/>\n<meta property=\"og:description\" content=\"W\u00a0dniu 13\u00a0pa\u017adziernika 2017\u00a0r. zosta\u0142 rozstrzygni\u0119ty konkurs na\u00a0logo projektu &#8220;Struggle Against Violent Extremism\u201d \u2013 \u201eZapobieganie agresywnym postawom m\u0142odzie\u017cy\u201d (\u201eSAVE\u201d) w\u00a0ramach programu Erasmus+. Udzia\u0142 w\u00a0konkursie polega\u0142 na\u00a0samodzielnym wykonaniu logo promuj\u0105cego projekt technik\u0105 [&hellip;]\" \/>\n<meta property=\"og:url\" content=\"https:\/\/zsp1chojna.pl\/?p=5518\" \/>\n<meta property=\"og:site_name\" content=\"ZSP w Chojnie\" \/>\n<meta property=\"article:published_time\" content=\"2017-10-13T11:50:00+00:00\" \/>\n<meta property=\"article:modified_time\" content=\"2023-09-24T11:54:08+00:00\" \/>\n<meta property=\"og:image\" content=\"https:\/\/zsp1chojna.pl\/wp-content\/uploads\/2023\/09\/logo2-Nadworski-300x208-1.png\" \/>\n\t<meta property=\"og:image:width\" content=\"300\" \/>\n\t<meta property=\"og:image:height\" content=\"208\" \/>\n\t<meta property=\"og:image:type\" content=\"image\/png\" \/>\n<meta name=\"author\" content=\"admin\" \/>\n<meta name=\"twitter:card\" content=\"summary_large_image\" \/>\n<meta name=\"twitter:label1\" content=\"Napisane przez\" \/>\n\t<meta name=\"twitter:data1\" content=\"admin\" \/>\n\t<meta name=\"twitter:label2\" content=\"Szacowany czas czytania\" \/>\n\t<meta name=\"twitter:data2\" content=\"2 minuty\" \/>\n<script type=\"application\/ld+json\" class=\"yoast-schema-graph\">{\"@context\":\"https:\/\/schema.org\",\"@graph\":[{\"@type\":\"Article\",\"@id\":\"https:\/\/zsp1chojna.pl\/?p=5518#article\",\"isPartOf\":{\"@id\":\"https:\/\/zsp1chojna.pl\/?p=5518\"},\"author\":{\"name\":\"admin\",\"@id\":\"https:\/\/zsp1chojna.pl\/#\/schema\/person\/fe8d6c03379c9cface386de0c172e127\"},\"headline\":\"Konkurs na logo projektu \u201eStruggle Against Violent Extremism\u201detap szkolny\",\"datePublished\":\"2017-10-13T11:50:00+00:00\",\"dateModified\":\"2023-09-24T11:54:08+00:00\",\"mainEntityOfPage\":{\"@id\":\"https:\/\/zsp1chojna.pl\/?p=5518\"},\"wordCount\":154,\"commentCount\":0,\"publisher\":{\"@id\":\"https:\/\/zsp1chojna.pl\/#organization\"},\"articleSection\":[\"Aktualno\u015bci 2017\/2018\"],\"inLanguage\":\"pl-PL\",\"potentialAction\":[{\"@type\":\"CommentAction\",\"name\":\"Comment\",\"target\":[\"https:\/\/zsp1chojna.pl\/?p=5518#respond\"]}]},{\"@type\":\"WebPage\",\"@id\":\"https:\/\/zsp1chojna.pl\/?p=5518\",\"url\":\"https:\/\/zsp1chojna.pl\/?p=5518\",\"name\":\"Konkurs na logo projektu \u201eStruggle Against Violent Extremism\u201detap szkolny - ZSP w Chojnie\",\"isPartOf\":{\"@id\":\"https:\/\/zsp1chojna.pl\/#website\"},\"datePublished\":\"2017-10-13T11:50:00+00:00\",\"dateModified\":\"2023-09-24T11:54:08+00:00\",\"breadcrumb\":{\"@id\":\"https:\/\/zsp1chojna.pl\/?p=5518#breadcrumb\"},\"inLanguage\":\"pl-PL\",\"potentialAction\":[{\"@type\":\"ReadAction\",\"target\":[\"https:\/\/zsp1chojna.pl\/?p=5518\"]}]},{\"@type\":\"BreadcrumbList\",\"@id\":\"https:\/\/zsp1chojna.pl\/?p=5518#breadcrumb\",\"itemListElement\":[{\"@type\":\"ListItem\",\"position\":1,\"name\":\"Home\",\"item\":\"https:\/\/zsp1chojna.pl\/\"},{\"@type\":\"ListItem\",\"position\":2,\"name\":\"Konkurs na&nbsp;logo projektu \u201eStruggle Against Violent Extremism\u201detap szkolny\"}]},{\"@type\":\"WebSite\",\"@id\":\"https:\/\/zsp1chojna.pl\/#website\",\"url\":\"https:\/\/zsp1chojna.pl\/\",\"name\":\"ZSP w Chojnie\",\"description\":\"\",\"publisher\":{\"@id\":\"https:\/\/zsp1chojna.pl\/#organization\"},\"potentialAction\":[{\"@type\":\"SearchAction\",\"target\":{\"@type\":\"EntryPoint\",\"urlTemplate\":\"https:\/\/zsp1chojna.pl\/?s={search_term_string}\"},\"query-input\":\"required name=search_term_string\"}],\"inLanguage\":\"pl-PL\"},{\"@type\":\"Organization\",\"@id\":\"https:\/\/zsp1chojna.pl\/#organization\",\"name\":\"ZSP w Chojnie\",\"url\":\"https:\/\/zsp1chojna.pl\/\",\"logo\":{\"@type\":\"ImageObject\",\"inLanguage\":\"pl-PL\",\"@id\":\"https:\/\/zsp1chojna.pl\/#\/schema\/logo\/image\/\",\"url\":\"https:\/\/zsp1chojna.pl\/wp-content\/uploads\/2023\/08\/cropped-cropped-cropped-Logo-biale-napis-na-3-wiersze_504-1.png\",\"contentUrl\":\"https:\/\/zsp1chojna.pl\/wp-content\/uploads\/2023\/08\/cropped-cropped-cropped-Logo-biale-napis-na-3-wiersze_504-1.png\",\"width\":504,\"height\":167,\"caption\":\"ZSP w Chojnie\"},\"image\":{\"@id\":\"https:\/\/zsp1chojna.pl\/#\/schema\/logo\/image\/\"}},{\"@type\":\"Person\",\"@id\":\"https:\/\/zsp1chojna.pl\/#\/schema\/person\/fe8d6c03379c9cface386de0c172e127\",\"name\":\"admin\",\"image\":{\"@type\":\"ImageObject\",\"inLanguage\":\"pl-PL\",\"@id\":\"https:\/\/zsp1chojna.pl\/#\/schema\/person\/image\/\",\"url\":\"https:\/\/secure.gravatar.com\/avatar\/35d79b1d799ff9bac401976862e535bf785f4039d8313d3c00b303598a46dd4e?s=96&d=mm&r=g\",\"contentUrl\":\"https:\/\/secure.gravatar.com\/avatar\/35d79b1d799ff9bac401976862e535bf785f4039d8313d3c00b303598a46dd4e?s=96&d=mm&r=g\",\"caption\":\"admin\"},\"sameAs\":[\"http:\/\/nowazspchojna.pl\"],\"url\":\"https:\/\/zsp1chojna.pl\/?author=1\"}]}<\/script>\n<!-- \/ Yoast SEO plugin. -->","yoast_head_json":{"title":"Konkurs na logo projektu \u201eStruggle Against Violent Extremism\u201detap szkolny - ZSP w Chojnie","robots":{"index":"index","follow":"follow","max-snippet":"max-snippet:-1","max-image-preview":"max-image-preview:large","max-video-preview":"max-video-preview:-1"},"canonical":"https:\/\/zsp1chojna.pl\/?p=5518","og_locale":"pl_PL","og_type":"article","og_title":"Konkurs na logo projektu \u201eStruggle Against Violent Extremism\u201detap szkolny - ZSP w Chojnie","og_description":"W\u00a0dniu 13\u00a0pa\u017adziernika 2017\u00a0r. zosta\u0142 rozstrzygni\u0119ty konkurs na\u00a0logo projektu &#8220;Struggle Against Violent Extremism\u201d \u2013 \u201eZapobieganie agresywnym postawom m\u0142odzie\u017cy\u201d (\u201eSAVE\u201d) w\u00a0ramach programu Erasmus+. Udzia\u0142 w\u00a0konkursie polega\u0142 na\u00a0samodzielnym wykonaniu logo promuj\u0105cego projekt technik\u0105 [&hellip;]","og_url":"https:\/\/zsp1chojna.pl\/?p=5518","og_site_name":"ZSP w Chojnie","article_published_time":"2017-10-13T11:50:00+00:00","article_modified_time":"2023-09-24T11:54:08+00:00","og_image":[{"width":300,"height":208,"url":"https:\/\/zsp1chojna.pl\/wp-content\/uploads\/2023\/09\/logo2-Nadworski-300x208-1.png","type":"image\/png"}],"author":"admin","twitter_card":"summary_large_image","twitter_misc":{"Napisane przez":"admin","Szacowany czas czytania":"2 minuty"},"schema":{"@context":"https:\/\/schema.org","@graph":[{"@type":"Article","@id":"https:\/\/zsp1chojna.pl\/?p=5518#article","isPartOf":{"@id":"https:\/\/zsp1chojna.pl\/?p=5518"},"author":{"name":"admin","@id":"https:\/\/zsp1chojna.pl\/#\/schema\/person\/fe8d6c03379c9cface386de0c172e127"},"headline":"Konkurs na logo projektu \u201eStruggle Against Violent Extremism\u201detap szkolny","datePublished":"2017-10-13T11:50:00+00:00","dateModified":"2023-09-24T11:54:08+00:00","mainEntityOfPage":{"@id":"https:\/\/zsp1chojna.pl\/?p=5518"},"wordCount":154,"commentCount":0,"publisher":{"@id":"https:\/\/zsp1chojna.pl\/#organization"},"articleSection":["Aktualno\u015bci 2017\/2018"],"inLanguage":"pl-PL","potentialAction":[{"@type":"CommentAction","name":"Comment","target":["https:\/\/zsp1chojna.pl\/?p=5518#respond"]}]},{"@type":"WebPage","@id":"https:\/\/zsp1chojna.pl\/?p=5518","url":"https:\/\/zsp1chojna.pl\/?p=5518","name":"Konkurs na logo projektu \u201eStruggle Against Violent Extremism\u201detap szkolny - ZSP w Chojnie","isPartOf":{"@id":"https:\/\/zsp1chojna.pl\/#website"},"datePublished":"2017-10-13T11:50:00+00:00","dateModified":"2023-09-24T11:54:08+00:00","breadcrumb":{"@id":"https:\/\/zsp1chojna.pl\/?p=5518#breadcrumb"},"inLanguage":"pl-PL","potentialAction":[{"@type":"ReadAction","target":["https:\/\/zsp1chojna.pl\/?p=5518"]}]},{"@type":"BreadcrumbList","@id":"https:\/\/zsp1chojna.pl\/?p=5518#breadcrumb","itemListElement":[{"@type":"ListItem","position":1,"name":"Home","item":"https:\/\/zsp1chojna.pl\/"},{"@type":"ListItem","position":2,"name":"Konkurs na&nbsp;logo projektu \u201eStruggle Against Violent Extremism\u201detap szkolny"}]},{"@type":"WebSite","@id":"https:\/\/zsp1chojna.pl\/#website","url":"https:\/\/zsp1chojna.pl\/","name":"ZSP w Chojnie","description":"","publisher":{"@id":"https:\/\/zsp1chojna.pl\/#organization"},"potentialAction":[{"@type":"SearchAction","target":{"@type":"EntryPoint","urlTemplate":"https:\/\/zsp1chojna.pl\/?s={search_term_string}"},"query-input":"required name=search_term_string"}],"inLanguage":"pl-PL"},{"@type":"Organization","@id":"https:\/\/zsp1chojna.pl\/#organization","name":"ZSP w Chojnie","url":"https:\/\/zsp1chojna.pl\/","logo":{"@type":"ImageObject","inLanguage":"pl-PL","@id":"https:\/\/zsp1chojna.pl\/#\/schema\/logo\/image\/","url":"https:\/\/zsp1chojna.pl\/wp-content\/uploads\/2023\/08\/cropped-cropped-cropped-Logo-biale-napis-na-3-wiersze_504-1.png","contentUrl":"https:\/\/zsp1chojna.pl\/wp-content\/uploads\/2023\/08\/cropped-cropped-cropped-Logo-biale-napis-na-3-wiersze_504-1.png","width":504,"height":167,"caption":"ZSP w Chojnie"},"image":{"@id":"https:\/\/zsp1chojna.pl\/#\/schema\/logo\/image\/"}},{"@type":"Person","@id":"https:\/\/zsp1chojna.pl\/#\/schema\/person\/fe8d6c03379c9cface386de0c172e127","name":"admin","image":{"@type":"ImageObject","inLanguage":"pl-PL","@id":"https:\/\/zsp1chojna.pl\/#\/schema\/person\/image\/","url":"https:\/\/secure.gravatar.com\/avatar\/35d79b1d799ff9bac401976862e535bf785f4039d8313d3c00b303598a46dd4e?s=96&d=mm&r=g","contentUrl":"https:\/\/secure.gravatar.com\/avatar\/35d79b1d799ff9bac401976862e535bf785f4039d8313d3c00b303598a46dd4e?s=96&d=mm&r=g","caption":"admin"},"sameAs":["http:\/\/nowazspchojna.pl"],"url":"https:\/\/zsp1chojna.pl\/?author=1"}]}},"jetpack_featured_media_url":"https:\/\/zsp1chojna.pl\/wp-content\/uploads\/2023\/09\/logo2-Nadworski-300x208-1.png","_links":{"self":[{"href":"https:\/\/zsp1chojna.pl\/index.php?rest_route=\/wp\/v2\/posts\/5518","targetHints":{"allow":["GET"]}}],"collection":[{"href":"https:\/\/zsp1chojna.pl\/index.php?rest_route=\/wp\/v2\/posts"}],"about":[{"href":"https:\/\/zsp1chojna.pl\/index.php?rest_route=\/wp\/v2\/types\/post"}],"author":[{"embeddable":true,"href":"https:\/\/zsp1chojna.pl\/index.php?rest_route=\/wp\/v2\/users\/1"}],"replies":[{"embeddable":true,"href":"https:\/\/zsp1chojna.pl\/index.php?rest_route=%2Fwp%2Fv2%2Fcomments&post=5518"}],"version-history":[{"count":2,"href":"https:\/\/zsp1chojna.pl\/index.php?rest_route=\/wp\/v2\/posts\/5518\/revisions"}],"predecessor-version":[{"id":5526,"href":"https:\/\/zsp1chojna.pl\/index.php?rest_route=\/wp\/v2\/posts\/5518\/revisions\/5526"}],"wp:featuredmedia":[{"embeddable":true,"href":"https:\/\/zsp1chojna.pl\/index.php?rest_route=\/wp\/v2\/media\/5523"}],"wp:attachment":[{"href":"https:\/\/zsp1chojna.pl\/index.php?rest_route=%2Fwp%2Fv2%2Fmedia&parent=5518"}],"wp:term":[{"taxonomy":"category","embeddable":true,"href":"https:\/\/zsp1chojna.pl\/index.php?rest_route=%2Fwp%2Fv2%2Fcategories&post=5518"},{"taxonomy":"post_tag","embeddable":true,"href":"https:\/\/zsp1chojna.pl\/index.php?rest_route=%2Fwp%2Fv2%2Ftags&post=5518"}],"curies":[{"name":"wp","href":"https:\/\/api.w.org\/{rel}","templated":true}]}}