{"id":546,"date":"2023-05-12T15:22:25","date_gmt":"2023-05-12T13:22:25","guid":{"rendered":"https:\/\/zsp1chojna.pl\/?p=546"},"modified":"2023-08-22T01:33:57","modified_gmt":"2023-08-21T23:33:57","slug":"w-bibliotece-szkolnej-odbyla-sie-xv-sztafeta-literacka","status":"publish","type":"post","link":"https:\/\/zsp1chojna.pl\/?p=546","title":{"rendered":"W\u00a0bibliotece szkolnej\u00a0odby\u0142a si\u0119 XV Sztafeta Literacka"},"content":{"rendered":"\n<p class=\"has-text-align-justify\">12&nbsp;maja 2023&nbsp;r. po&nbsp;raz XV, w&nbsp;Bibliotece szkolnej odby\u0142a si\u0119 Sztafeta Literacka, pod&nbsp;has\u0142em \u201eStrofy o&nbsp;ksi\u0105\u017ckach i&nbsp;bibliotece\u201d. Podczas spotkania, uczniowie zaprezentowali oko\u0142o 20&nbsp;r\u00f3\u017cnych tekst\u00f3w po\u015bwi\u0119conych ksi\u0105\u017cce i&nbsp;bibliotece, mi\u0119dzy innymi wiersz Czes\u0142awa Mi\u0142osza \u201eO ksi\u0105\u017cce\u201d, Tadeusza Kubiaka \u201eKsi\u0105\u017cka\u201d. Czytano r\u00f3wnie\u017c fragmenty utwor\u00f3w literackich, w&nbsp;kt\u00f3rych&nbsp;ksi\u0105\u017cka w&nbsp;spos\u00f3b znacz\u0105cy wp\u0142yn\u0119\u0142a na&nbsp;losy bohater\u00f3w: \u201eLalka\u201d Boles\u0142awa Prusa i&nbsp;\u201eLatarnik\u201d Henryka Sienkiewicza.<\/p>\n\n\n<style>.kb-row-layout-id546_d65140-1e > .kt-row-column-wrap{align-content:start;}:where(.kb-row-layout-id546_d65140-1e > .kt-row-column-wrap) > .wp-block-kadence-column{justify-content:start;}.kb-row-layout-id546_d65140-1e > .kt-row-column-wrap{column-gap:var(--global-kb-gap-sm, 1rem);row-gap:var(--global-kb-gap-none, 0 );padding-top:0px;padding-bottom:0px;grid-template-columns:repeat(2, minmax(0, 1fr));}.kb-row-layout-id546_d65140-1e > .kt-row-layout-overlay{opacity:0.30;}@media all and (max-width: 1024px){.kb-row-layout-id546_d65140-1e > .kt-row-column-wrap{grid-template-columns:repeat(2, minmax(0, 1fr));}}@media all and (max-width: 767px){.kb-row-layout-id546_d65140-1e > .kt-row-column-wrap{grid-template-columns:minmax(0, 1fr);}}<\/style><div class=\"kb-row-layout-wrap kb-row-layout-id546_d65140-1e alignnone wp-block-kadence-rowlayout\"><div class=\"kt-row-column-wrap kt-has-2-columns kt-row-layout-equal kt-tab-layout-inherit kt-mobile-layout-row kt-row-valign-top\">\n<style>.kadence-column546_8e2c66-35 > .kt-inside-inner-col,.kadence-column546_8e2c66-35 > .kt-inside-inner-col:before{border-top-left-radius:0px;border-top-right-radius:0px;border-bottom-right-radius:0px;border-bottom-left-radius:0px;}.kadence-column546_8e2c66-35 > .kt-inside-inner-col:before{opacity:0.3;}.kadence-column546_8e2c66-35{position:relative;}<\/style>\n<div class=\"wp-block-kadence-column kadence-column546_8e2c66-35\"><div class=\"kt-inside-inner-col\">\n<figure class=\"wp-block-image size-full\"><img loading=\"lazy\" decoding=\"async\" width=\"550\" height=\"385\" data-attachment-id=\"549\" data-permalink=\"https:\/\/zsp1chojna.pl\/?attachment_id=549\" data-orig-file=\"https:\/\/zsp1chojna.pl\/wp-content\/uploads\/2023\/08\/sztafeta-literacka-2023-3.jpg\" data-orig-size=\"550,385\" data-comments-opened=\"1\" data-image-meta=\"{&quot;aperture&quot;:&quot;0&quot;,&quot;credit&quot;:&quot;&quot;,&quot;camera&quot;:&quot;&quot;,&quot;caption&quot;:&quot;&quot;,&quot;created_timestamp&quot;:&quot;0&quot;,&quot;copyright&quot;:&quot;&quot;,&quot;focal_length&quot;:&quot;0&quot;,&quot;iso&quot;:&quot;0&quot;,&quot;shutter_speed&quot;:&quot;0&quot;,&quot;title&quot;:&quot;&quot;,&quot;orientation&quot;:&quot;0&quot;}\" data-image-title=\"sztafeta-literacka-2023-3\" data-image-description=\"\" data-image-caption=\"\" data-medium-file=\"https:\/\/zsp1chojna.pl\/wp-content\/uploads\/2023\/08\/sztafeta-literacka-2023-3-300x210.jpg\" data-large-file=\"https:\/\/zsp1chojna.pl\/wp-content\/uploads\/2023\/08\/sztafeta-literacka-2023-3.jpg\" src=\"https:\/\/zsp1chojna.pl\/wp-content\/uploads\/2023\/08\/sztafeta-literacka-2023-3.jpg\" alt=\"Sztafeta literacka\" class=\"wp-image-549\" srcset=\"https:\/\/zsp1chojna.pl\/wp-content\/uploads\/2023\/08\/sztafeta-literacka-2023-3.jpg 550w, https:\/\/zsp1chojna.pl\/wp-content\/uploads\/2023\/08\/sztafeta-literacka-2023-3-300x210.jpg 300w\" sizes=\"auto, (max-width: 550px) 100vw, 550px\" \/><\/figure>\n<\/div><\/div>\n\n\n<style>.kadence-column546_4794c1-a9 > .kt-inside-inner-col,.kadence-column546_4794c1-a9 > .kt-inside-inner-col:before{border-top-left-radius:0px;border-top-right-radius:0px;border-bottom-right-radius:0px;border-bottom-left-radius:0px;}.kadence-column546_4794c1-a9 > .kt-inside-inner-col:before{opacity:0.3;}.kadence-column546_4794c1-a9{position:relative;}<\/style>\n<div class=\"wp-block-kadence-column kadence-column546_4794c1-a9\"><div class=\"kt-inside-inner-col\">\n<figure class=\"wp-block-image size-full\"><img loading=\"lazy\" decoding=\"async\" width=\"550\" height=\"385\" data-attachment-id=\"550\" data-permalink=\"https:\/\/zsp1chojna.pl\/?attachment_id=550\" data-orig-file=\"https:\/\/zsp1chojna.pl\/wp-content\/uploads\/2023\/08\/sztafeta-literacka-2023-4-1.jpg\" data-orig-size=\"550,385\" data-comments-opened=\"1\" data-image-meta=\"{&quot;aperture&quot;:&quot;0&quot;,&quot;credit&quot;:&quot;&quot;,&quot;camera&quot;:&quot;&quot;,&quot;caption&quot;:&quot;&quot;,&quot;created_timestamp&quot;:&quot;0&quot;,&quot;copyright&quot;:&quot;&quot;,&quot;focal_length&quot;:&quot;0&quot;,&quot;iso&quot;:&quot;0&quot;,&quot;shutter_speed&quot;:&quot;0&quot;,&quot;title&quot;:&quot;&quot;,&quot;orientation&quot;:&quot;0&quot;}\" data-image-title=\"sztafeta-literacka-2023-4\" data-image-description=\"\" data-image-caption=\"\" data-medium-file=\"https:\/\/zsp1chojna.pl\/wp-content\/uploads\/2023\/08\/sztafeta-literacka-2023-4-1-300x210.jpg\" data-large-file=\"https:\/\/zsp1chojna.pl\/wp-content\/uploads\/2023\/08\/sztafeta-literacka-2023-4-1.jpg\" src=\"https:\/\/zsp1chojna.pl\/wp-content\/uploads\/2023\/08\/sztafeta-literacka-2023-4-1.jpg\" alt=\"Sztafeta literacka\" class=\"wp-image-550\" srcset=\"https:\/\/zsp1chojna.pl\/wp-content\/uploads\/2023\/08\/sztafeta-literacka-2023-4-1.jpg 550w, https:\/\/zsp1chojna.pl\/wp-content\/uploads\/2023\/08\/sztafeta-literacka-2023-4-1-300x210.jpg 300w\" sizes=\"auto, (max-width: 550px) 100vw, 550px\" \/><\/figure>\n<\/div><\/div>\n\n<\/div><\/div>\n\n\n<p class=\"has-text-align-justify\">W&nbsp;sztafecie udzia\u0142 wzi\u0119li uczniowie klasy 1PI oraz&nbsp;nauczyciele \u2013 Krzysztof Janik i&nbsp;Gabriela Lasowska. Imprez\u0119 czytelnicz\u0105 od&nbsp;lat inicjuje Miejska Biblioteka Publiczna w&nbsp;Chojnie. G\u0142\u00f3wnym celem sztafety jest popularyzacja czytelnictwa w\u015br\u00f3d dzieci i&nbsp;m\u0142odzie\u017cy oraz&nbsp;integracja czytelnik\u00f3w lokalnej spo\u0142eczno\u015bci.<\/p>\n\n\n<div class=\"wp-block-image\">\n<figure class=\"aligncenter size-full\"><img loading=\"lazy\" decoding=\"async\" width=\"500\" height=\"666\" data-attachment-id=\"547\" data-permalink=\"https:\/\/zsp1chojna.pl\/?attachment_id=547\" data-orig-file=\"https:\/\/zsp1chojna.pl\/wp-content\/uploads\/2023\/08\/sztafeta-literacka-2023-5.jpg\" data-orig-size=\"500,666\" data-comments-opened=\"1\" data-image-meta=\"{&quot;aperture&quot;:&quot;0&quot;,&quot;credit&quot;:&quot;&quot;,&quot;camera&quot;:&quot;&quot;,&quot;caption&quot;:&quot;&quot;,&quot;created_timestamp&quot;:&quot;0&quot;,&quot;copyright&quot;:&quot;&quot;,&quot;focal_length&quot;:&quot;0&quot;,&quot;iso&quot;:&quot;0&quot;,&quot;shutter_speed&quot;:&quot;0&quot;,&quot;title&quot;:&quot;&quot;,&quot;orientation&quot;:&quot;0&quot;}\" data-image-title=\"sztafeta-literacka-2023-5\" data-image-description=\"\" data-image-caption=\"\" data-medium-file=\"https:\/\/zsp1chojna.pl\/wp-content\/uploads\/2023\/08\/sztafeta-literacka-2023-5-225x300.jpg\" data-large-file=\"https:\/\/zsp1chojna.pl\/wp-content\/uploads\/2023\/08\/sztafeta-literacka-2023-5.jpg\" src=\"https:\/\/zsp1chojna.pl\/wp-content\/uploads\/2023\/08\/sztafeta-literacka-2023-5.jpg\" alt=\"Sztafeta literacka\" class=\"wp-image-547\" srcset=\"https:\/\/zsp1chojna.pl\/wp-content\/uploads\/2023\/08\/sztafeta-literacka-2023-5.jpg 500w, https:\/\/zsp1chojna.pl\/wp-content\/uploads\/2023\/08\/sztafeta-literacka-2023-5-225x300.jpg 225w\" sizes=\"auto, (max-width: 500px) 100vw, 500px\" \/><\/figure>\n<\/div>\n\n\n<p class=\"has-text-align-justify\">Spotkanie by\u0142o bardzo udane, a\u00a0dodatkowo ca\u0142\u0105 imprez\u0119 wzbogaci\u0142a wystawa planszowa. Takie akcje umacniaj\u0105 nas w\u00a0przekonaniu, \u017ce\u00a0spotkania z\u00a0literatur\u0105 s\u0105 potrzebne i\u00a0warto\u015bciowe. Dzi\u0119kujemy za\u00a0udzia\u0142 i\u00a0zapraszamy w\u00a0przysz\u0142ym roku na\u00a0kolejn\u0105 Sztafet\u0119 Literack\u0105. Wydarzenie odby\u0142o si\u0119 w\u00a0ramach Tygodnia Bibliotek oraz\u00a0realizacji Narodowego Programu Rozwoju Czytelnictwa.<\/p>\n\n\n\n<p><\/p>\n\n\n\n<p class=\"has-text-align-right\">mgr&nbsp;Gabriela Lasowska<\/p>\n","protected":false},"excerpt":{"rendered":"<p>12&nbsp;maja 2023&nbsp;r. po&nbsp;raz XV, w&nbsp;Bibliotece szkolnej odby\u0142a si\u0119 Sztafeta Literacka, pod&nbsp;has\u0142em \u201eStrofy o&nbsp;ksi\u0105\u017ckach i&nbsp;bibliotece\u201d. Podczas spotkania, uczniowie zaprezentowali oko\u0142o 20&nbsp;r\u00f3\u017cnych tekst\u00f3w po\u015bwi\u0119conych ksi\u0105\u017cce i&nbsp;bibliotece, mi\u0119dzy innymi wiersz Czes\u0142awa Mi\u0142osza \u201eO [&hellip;]<\/p>\n","protected":false},"author":2,"featured_media":549,"comment_status":"open","ping_status":"open","sticky":false,"template":"","format":"standard","meta":{"footnotes":""},"categories":[8],"tags":[],"class_list":["post-546","post","type-post","status-publish","format-standard","has-post-thumbnail","hentry","category-aktualnosci-2022-2023"],"wbAuthor":{"name":"kacper27","link":"https:\/\/zsp1chojna.pl\/?author=2"},"wbDate":"maj 12, 2023","wbCategories":{"space":"<a href=\"https:\/\/zsp1chojna.pl\/?cat=8\" rel=\"category\">Aktualno\u015bci 2022\/2023<\/a>","coma":"<a href=\"https:\/\/zsp1chojna.pl\/?cat=8\" rel=\"category\">Aktualno\u015bci 2022\/2023<\/a>"},"wbComment":0,"yoast_head":"<!-- This site is optimized with the Yoast SEO plugin v20.13 - https:\/\/yoast.com\/wordpress\/plugins\/seo\/ -->\n<title>W\u00a0bibliotece szkolnej\u00a0odby\u0142a si\u0119 XV Sztafeta Literacka - ZSP w Chojnie<\/title>\n<meta name=\"robots\" content=\"index, follow, max-snippet:-1, max-image-preview:large, max-video-preview:-1\" \/>\n<link rel=\"canonical\" href=\"https:\/\/zsp1chojna.pl\/?p=546\" \/>\n<meta property=\"og:locale\" content=\"pl_PL\" \/>\n<meta property=\"og:type\" content=\"article\" \/>\n<meta property=\"og:title\" content=\"W\u00a0bibliotece szkolnej\u00a0odby\u0142a si\u0119 XV Sztafeta Literacka - ZSP w Chojnie\" \/>\n<meta property=\"og:description\" content=\"12&nbsp;maja 2023&nbsp;r. po&nbsp;raz XV, w&nbsp;Bibliotece szkolnej odby\u0142a si\u0119 Sztafeta Literacka, pod&nbsp;has\u0142em \u201eStrofy o&nbsp;ksi\u0105\u017ckach i&nbsp;bibliotece\u201d. Podczas spotkania, uczniowie zaprezentowali oko\u0142o 20&nbsp;r\u00f3\u017cnych tekst\u00f3w po\u015bwi\u0119conych ksi\u0105\u017cce i&nbsp;bibliotece, mi\u0119dzy innymi wiersz Czes\u0142awa Mi\u0142osza \u201eO [&hellip;]\" \/>\n<meta property=\"og:url\" content=\"https:\/\/zsp1chojna.pl\/?p=546\" \/>\n<meta property=\"og:site_name\" content=\"ZSP w Chojnie\" \/>\n<meta property=\"article:published_time\" content=\"2023-05-12T13:22:25+00:00\" \/>\n<meta property=\"article:modified_time\" content=\"2023-08-21T23:33:57+00:00\" \/>\n<meta property=\"og:image\" content=\"https:\/\/zsp1chojna.pl\/wp-content\/uploads\/2023\/08\/sztafeta-literacka-2023-3.jpg\" \/>\n\t<meta property=\"og:image:width\" content=\"550\" \/>\n\t<meta property=\"og:image:height\" content=\"385\" \/>\n\t<meta property=\"og:image:type\" content=\"image\/jpeg\" \/>\n<meta name=\"author\" content=\"kacper27\" \/>\n<meta name=\"twitter:card\" content=\"summary_large_image\" \/>\n<meta name=\"twitter:label1\" content=\"Napisane przez\" \/>\n\t<meta name=\"twitter:data1\" content=\"kacper27\" \/>\n\t<meta name=\"twitter:label2\" content=\"Szacowany czas czytania\" \/>\n\t<meta name=\"twitter:data2\" content=\"2 minuty\" \/>\n<script type=\"application\/ld+json\" class=\"yoast-schema-graph\">{\"@context\":\"https:\/\/schema.org\",\"@graph\":[{\"@type\":\"Article\",\"@id\":\"https:\/\/zsp1chojna.pl\/?p=546#article\",\"isPartOf\":{\"@id\":\"https:\/\/zsp1chojna.pl\/?p=546\"},\"author\":{\"name\":\"kacper27\",\"@id\":\"https:\/\/zsp1chojna.pl\/#\/schema\/person\/e974e35b71ad4899de9d84ba9baed22f\"},\"headline\":\"W\u00a0bibliotece szkolnej\u00a0odby\u0142a si\u0119 XV Sztafeta Literacka\",\"datePublished\":\"2023-05-12T13:22:25+00:00\",\"dateModified\":\"2023-08-21T23:33:57+00:00\",\"mainEntityOfPage\":{\"@id\":\"https:\/\/zsp1chojna.pl\/?p=546\"},\"wordCount\":224,\"commentCount\":0,\"publisher\":{\"@id\":\"https:\/\/zsp1chojna.pl\/#organization\"},\"articleSection\":[\"Aktualno\u015bci 2022\/2023\"],\"inLanguage\":\"pl-PL\",\"potentialAction\":[{\"@type\":\"CommentAction\",\"name\":\"Comment\",\"target\":[\"https:\/\/zsp1chojna.pl\/?p=546#respond\"]}]},{\"@type\":\"WebPage\",\"@id\":\"https:\/\/zsp1chojna.pl\/?p=546\",\"url\":\"https:\/\/zsp1chojna.pl\/?p=546\",\"name\":\"W\u00a0bibliotece szkolnej\u00a0odby\u0142a si\u0119 XV Sztafeta Literacka - ZSP w Chojnie\",\"isPartOf\":{\"@id\":\"https:\/\/zsp1chojna.pl\/#website\"},\"datePublished\":\"2023-05-12T13:22:25+00:00\",\"dateModified\":\"2023-08-21T23:33:57+00:00\",\"breadcrumb\":{\"@id\":\"https:\/\/zsp1chojna.pl\/?p=546#breadcrumb\"},\"inLanguage\":\"pl-PL\",\"potentialAction\":[{\"@type\":\"ReadAction\",\"target\":[\"https:\/\/zsp1chojna.pl\/?p=546\"]}]},{\"@type\":\"BreadcrumbList\",\"@id\":\"https:\/\/zsp1chojna.pl\/?p=546#breadcrumb\",\"itemListElement\":[{\"@type\":\"ListItem\",\"position\":1,\"name\":\"Home\",\"item\":\"https:\/\/zsp1chojna.pl\/\"},{\"@type\":\"ListItem\",\"position\":2,\"name\":\"W\u00a0bibliotece szkolnej\u00a0odby\u0142a si\u0119 XV Sztafeta Literacka\"}]},{\"@type\":\"WebSite\",\"@id\":\"https:\/\/zsp1chojna.pl\/#website\",\"url\":\"https:\/\/zsp1chojna.pl\/\",\"name\":\"ZSP w Chojnie\",\"description\":\"\",\"publisher\":{\"@id\":\"https:\/\/zsp1chojna.pl\/#organization\"},\"potentialAction\":[{\"@type\":\"SearchAction\",\"target\":{\"@type\":\"EntryPoint\",\"urlTemplate\":\"https:\/\/zsp1chojna.pl\/?s={search_term_string}\"},\"query-input\":\"required name=search_term_string\"}],\"inLanguage\":\"pl-PL\"},{\"@type\":\"Organization\",\"@id\":\"https:\/\/zsp1chojna.pl\/#organization\",\"name\":\"ZSP w Chojnie\",\"url\":\"https:\/\/zsp1chojna.pl\/\",\"logo\":{\"@type\":\"ImageObject\",\"inLanguage\":\"pl-PL\",\"@id\":\"https:\/\/zsp1chojna.pl\/#\/schema\/logo\/image\/\",\"url\":\"https:\/\/zsp1chojna.pl\/wp-content\/uploads\/2023\/08\/cropped-cropped-cropped-Logo-biale-napis-na-3-wiersze_504-1.png\",\"contentUrl\":\"https:\/\/zsp1chojna.pl\/wp-content\/uploads\/2023\/08\/cropped-cropped-cropped-Logo-biale-napis-na-3-wiersze_504-1.png\",\"width\":504,\"height\":167,\"caption\":\"ZSP w Chojnie\"},\"image\":{\"@id\":\"https:\/\/zsp1chojna.pl\/#\/schema\/logo\/image\/\"}},{\"@type\":\"Person\",\"@id\":\"https:\/\/zsp1chojna.pl\/#\/schema\/person\/e974e35b71ad4899de9d84ba9baed22f\",\"name\":\"kacper27\",\"image\":{\"@type\":\"ImageObject\",\"inLanguage\":\"pl-PL\",\"@id\":\"https:\/\/zsp1chojna.pl\/#\/schema\/person\/image\/\",\"url\":\"https:\/\/secure.gravatar.com\/avatar\/233d005830da7db1760a03aba4b7a8303a369edf5f46a429dfe66f876a3f452c?s=96&d=mm&r=g\",\"contentUrl\":\"https:\/\/secure.gravatar.com\/avatar\/233d005830da7db1760a03aba4b7a8303a369edf5f46a429dfe66f876a3f452c?s=96&d=mm&r=g\",\"caption\":\"kacper27\"},\"url\":\"https:\/\/zsp1chojna.pl\/?author=2\"}]}<\/script>\n<!-- \/ Yoast SEO plugin. -->","yoast_head_json":{"title":"W\u00a0bibliotece szkolnej\u00a0odby\u0142a si\u0119 XV Sztafeta Literacka - ZSP w Chojnie","robots":{"index":"index","follow":"follow","max-snippet":"max-snippet:-1","max-image-preview":"max-image-preview:large","max-video-preview":"max-video-preview:-1"},"canonical":"https:\/\/zsp1chojna.pl\/?p=546","og_locale":"pl_PL","og_type":"article","og_title":"W\u00a0bibliotece szkolnej\u00a0odby\u0142a si\u0119 XV Sztafeta Literacka - ZSP w Chojnie","og_description":"12&nbsp;maja 2023&nbsp;r. po&nbsp;raz XV, w&nbsp;Bibliotece szkolnej odby\u0142a si\u0119 Sztafeta Literacka, pod&nbsp;has\u0142em \u201eStrofy o&nbsp;ksi\u0105\u017ckach i&nbsp;bibliotece\u201d. Podczas spotkania, uczniowie zaprezentowali oko\u0142o 20&nbsp;r\u00f3\u017cnych tekst\u00f3w po\u015bwi\u0119conych ksi\u0105\u017cce i&nbsp;bibliotece, mi\u0119dzy innymi wiersz Czes\u0142awa Mi\u0142osza \u201eO [&hellip;]","og_url":"https:\/\/zsp1chojna.pl\/?p=546","og_site_name":"ZSP w Chojnie","article_published_time":"2023-05-12T13:22:25+00:00","article_modified_time":"2023-08-21T23:33:57+00:00","og_image":[{"width":550,"height":385,"url":"https:\/\/zsp1chojna.pl\/wp-content\/uploads\/2023\/08\/sztafeta-literacka-2023-3.jpg","type":"image\/jpeg"}],"author":"kacper27","twitter_card":"summary_large_image","twitter_misc":{"Napisane przez":"kacper27","Szacowany czas czytania":"2 minuty"},"schema":{"@context":"https:\/\/schema.org","@graph":[{"@type":"Article","@id":"https:\/\/zsp1chojna.pl\/?p=546#article","isPartOf":{"@id":"https:\/\/zsp1chojna.pl\/?p=546"},"author":{"name":"kacper27","@id":"https:\/\/zsp1chojna.pl\/#\/schema\/person\/e974e35b71ad4899de9d84ba9baed22f"},"headline":"W\u00a0bibliotece szkolnej\u00a0odby\u0142a si\u0119 XV Sztafeta Literacka","datePublished":"2023-05-12T13:22:25+00:00","dateModified":"2023-08-21T23:33:57+00:00","mainEntityOfPage":{"@id":"https:\/\/zsp1chojna.pl\/?p=546"},"wordCount":224,"commentCount":0,"publisher":{"@id":"https:\/\/zsp1chojna.pl\/#organization"},"articleSection":["Aktualno\u015bci 2022\/2023"],"inLanguage":"pl-PL","potentialAction":[{"@type":"CommentAction","name":"Comment","target":["https:\/\/zsp1chojna.pl\/?p=546#respond"]}]},{"@type":"WebPage","@id":"https:\/\/zsp1chojna.pl\/?p=546","url":"https:\/\/zsp1chojna.pl\/?p=546","name":"W\u00a0bibliotece szkolnej\u00a0odby\u0142a si\u0119 XV Sztafeta Literacka - ZSP w Chojnie","isPartOf":{"@id":"https:\/\/zsp1chojna.pl\/#website"},"datePublished":"2023-05-12T13:22:25+00:00","dateModified":"2023-08-21T23:33:57+00:00","breadcrumb":{"@id":"https:\/\/zsp1chojna.pl\/?p=546#breadcrumb"},"inLanguage":"pl-PL","potentialAction":[{"@type":"ReadAction","target":["https:\/\/zsp1chojna.pl\/?p=546"]}]},{"@type":"BreadcrumbList","@id":"https:\/\/zsp1chojna.pl\/?p=546#breadcrumb","itemListElement":[{"@type":"ListItem","position":1,"name":"Home","item":"https:\/\/zsp1chojna.pl\/"},{"@type":"ListItem","position":2,"name":"W\u00a0bibliotece szkolnej\u00a0odby\u0142a si\u0119 XV Sztafeta Literacka"}]},{"@type":"WebSite","@id":"https:\/\/zsp1chojna.pl\/#website","url":"https:\/\/zsp1chojna.pl\/","name":"ZSP w Chojnie","description":"","publisher":{"@id":"https:\/\/zsp1chojna.pl\/#organization"},"potentialAction":[{"@type":"SearchAction","target":{"@type":"EntryPoint","urlTemplate":"https:\/\/zsp1chojna.pl\/?s={search_term_string}"},"query-input":"required name=search_term_string"}],"inLanguage":"pl-PL"},{"@type":"Organization","@id":"https:\/\/zsp1chojna.pl\/#organization","name":"ZSP w Chojnie","url":"https:\/\/zsp1chojna.pl\/","logo":{"@type":"ImageObject","inLanguage":"pl-PL","@id":"https:\/\/zsp1chojna.pl\/#\/schema\/logo\/image\/","url":"https:\/\/zsp1chojna.pl\/wp-content\/uploads\/2023\/08\/cropped-cropped-cropped-Logo-biale-napis-na-3-wiersze_504-1.png","contentUrl":"https:\/\/zsp1chojna.pl\/wp-content\/uploads\/2023\/08\/cropped-cropped-cropped-Logo-biale-napis-na-3-wiersze_504-1.png","width":504,"height":167,"caption":"ZSP w Chojnie"},"image":{"@id":"https:\/\/zsp1chojna.pl\/#\/schema\/logo\/image\/"}},{"@type":"Person","@id":"https:\/\/zsp1chojna.pl\/#\/schema\/person\/e974e35b71ad4899de9d84ba9baed22f","name":"kacper27","image":{"@type":"ImageObject","inLanguage":"pl-PL","@id":"https:\/\/zsp1chojna.pl\/#\/schema\/person\/image\/","url":"https:\/\/secure.gravatar.com\/avatar\/233d005830da7db1760a03aba4b7a8303a369edf5f46a429dfe66f876a3f452c?s=96&d=mm&r=g","contentUrl":"https:\/\/secure.gravatar.com\/avatar\/233d005830da7db1760a03aba4b7a8303a369edf5f46a429dfe66f876a3f452c?s=96&d=mm&r=g","caption":"kacper27"},"url":"https:\/\/zsp1chojna.pl\/?author=2"}]}},"jetpack_featured_media_url":"https:\/\/zsp1chojna.pl\/wp-content\/uploads\/2023\/08\/sztafeta-literacka-2023-3.jpg","_links":{"self":[{"href":"https:\/\/zsp1chojna.pl\/index.php?rest_route=\/wp\/v2\/posts\/546","targetHints":{"allow":["GET"]}}],"collection":[{"href":"https:\/\/zsp1chojna.pl\/index.php?rest_route=\/wp\/v2\/posts"}],"about":[{"href":"https:\/\/zsp1chojna.pl\/index.php?rest_route=\/wp\/v2\/types\/post"}],"author":[{"embeddable":true,"href":"https:\/\/zsp1chojna.pl\/index.php?rest_route=\/wp\/v2\/users\/2"}],"replies":[{"embeddable":true,"href":"https:\/\/zsp1chojna.pl\/index.php?rest_route=%2Fwp%2Fv2%2Fcomments&post=546"}],"version-history":[{"count":2,"href":"https:\/\/zsp1chojna.pl\/index.php?rest_route=\/wp\/v2\/posts\/546\/revisions"}],"predecessor-version":[{"id":1552,"href":"https:\/\/zsp1chojna.pl\/index.php?rest_route=\/wp\/v2\/posts\/546\/revisions\/1552"}],"wp:featuredmedia":[{"embeddable":true,"href":"https:\/\/zsp1chojna.pl\/index.php?rest_route=\/wp\/v2\/media\/549"}],"wp:attachment":[{"href":"https:\/\/zsp1chojna.pl\/index.php?rest_route=%2Fwp%2Fv2%2Fmedia&parent=546"}],"wp:term":[{"taxonomy":"category","embeddable":true,"href":"https:\/\/zsp1chojna.pl\/index.php?rest_route=%2Fwp%2Fv2%2Fcategories&post=546"},{"taxonomy":"post_tag","embeddable":true,"href":"https:\/\/zsp1chojna.pl\/index.php?rest_route=%2Fwp%2Fv2%2Ftags&post=546"}],"curies":[{"name":"wp","href":"https:\/\/api.w.org\/{rel}","templated":true}]}}