{"id":5224,"date":"2011-11-02T21:37:00","date_gmt":"2011-11-02T20:37:00","guid":{"rendered":"https:\/\/zsp1chojna.pl\/?p=5224"},"modified":"2023-09-17T21:40:24","modified_gmt":"2023-09-17T19:40:24","slug":"wave-woda-aqua-viz-everywhere-chojna-szczecin-berlin-swinoujscie-krakow-02-11-2011-12-11-2011","status":"publish","type":"post","link":"https:\/\/zsp1chojna.pl\/?p=5224","title":{"rendered":"\u201eWAVE \u2013 Woda-Aqua-Viz-Everywhere\u201d Chojna \u2013 Szczecin \u2013 Berlin \u2013 \u015awinouj\u015bcie \u2013 Krak\u00f3w 02.11.2011 \u2013 12.11.2011"},"content":{"rendered":"\n<p class=\"has-text-align-justify\">Uczniowie Zespo\u0142u Szk\u00f3\u0142 Ponadgimnazjalnych Nr&nbsp;1&nbsp;w&nbsp;Chojnie oraz&nbsp;uczniowie w\u0119gierskiej szko\u0142y Jurisich Mikl\u00f3s Gimnazium w&nbsp;Koszeg w&nbsp;dniu 2.11.2011&nbsp;r . rozpocz\u0119li drug\u0105 cz\u0119\u015b\u0107 projektu \u201eWave \u2013 Woda \u2013 Aqua \u2013 Viz\u201d. O&nbsp;godzinie 19:00&nbsp;polscy uczniowie odebrali swoich w\u0119gierskich przyjaci\u00f3\u0142 z&nbsp;przystanku PKS w&nbsp;Chojnie.<\/p>\n\n\n<div class=\"wp-block-image\">\n<figure class=\"aligncenter size-full\"><img loading=\"lazy\" decoding=\"async\" width=\"450\" height=\"336\" data-attachment-id=\"5227\" data-permalink=\"https:\/\/zsp1chojna.pl\/?attachment_id=5227\" data-orig-file=\"https:\/\/zsp1chojna.pl\/wp-content\/uploads\/2023\/09\/wave_1.jpg\" data-orig-size=\"450,336\" data-comments-opened=\"1\" data-image-meta=\"{&quot;aperture&quot;:&quot;0&quot;,&quot;credit&quot;:&quot;&quot;,&quot;camera&quot;:&quot;&quot;,&quot;caption&quot;:&quot;&quot;,&quot;created_timestamp&quot;:&quot;0&quot;,&quot;copyright&quot;:&quot;&quot;,&quot;focal_length&quot;:&quot;0&quot;,&quot;iso&quot;:&quot;0&quot;,&quot;shutter_speed&quot;:&quot;0&quot;,&quot;title&quot;:&quot;&quot;,&quot;orientation&quot;:&quot;0&quot;}\" data-image-title=\"wave_1\" data-image-description=\"\" data-image-caption=\"\" data-medium-file=\"https:\/\/zsp1chojna.pl\/wp-content\/uploads\/2023\/09\/wave_1-300x224.jpg\" data-large-file=\"https:\/\/zsp1chojna.pl\/wp-content\/uploads\/2023\/09\/wave_1.jpg\" src=\"https:\/\/zsp1chojna.pl\/wp-content\/uploads\/2023\/09\/wave_1.jpg\" alt=\"Przebieg projektu\" class=\"wp-image-5227\" srcset=\"https:\/\/zsp1chojna.pl\/wp-content\/uploads\/2023\/09\/wave_1.jpg 450w, https:\/\/zsp1chojna.pl\/wp-content\/uploads\/2023\/09\/wave_1-300x224.jpg 300w\" sizes=\"auto, (max-width: 450px) 100vw, 450px\" \/><\/figure>\n<\/div>\n\n\n<p class=\"has-text-align-justify\">Nast\u0119pnego dnia pani Dyrektor Adriana Salamo\u0144czyk uroczy\u015bcie przywita\u0142a go\u015bci, a&nbsp;koordynator projektu pan Janusz Cezary Salamo\u0144czyk przedstawi\u0142 program pobytu w&nbsp;Polsce. Pierwszym punktem programu by\u0142o zwiedzanie naszej szko\u0142y, kt\u00f3re zako\u0144czy\u0142o si\u0119 przerw\u0105 kawow\u0105. Nast\u0119pnie&nbsp; odby\u0142y si\u0119 zaj\u0119cia integracyjne, w&nbsp;kt\u00f3rych&nbsp;brali udzia\u0142 wszyscy uczniowie z&nbsp;projektu. Zostali oni podzieleni na&nbsp;3&nbsp;grupy i&nbsp;rywalizowali w&nbsp;ciekawych konkurencjach. O&nbsp;11:45&nbsp;W\u0119grzy mieli lekcj\u0119 j\u0119zyka angielskiego, a&nbsp;po&nbsp;po\u0142udniu w\u0119gierscy uczniowie wyruszyli na&nbsp;wycieczk\u0119 po&nbsp;najciekawszych miejscach Chojny. Program obejmowa\u0142 zwiedzanie Ko\u015bcio\u0142a Mariackiego, &nbsp;w tym wej\u015bcie na&nbsp;wie\u017c\u0119, z&nbsp;kt\u00f3rej&nbsp;roztacza si\u0119 przepi\u0119kna panorama miasta i&nbsp;okolic, Ko\u015bcio\u0142a \u015awi\u0119tej Tr\u00f3jcy, obu baszt \u2013 Barnkowskiej i&nbsp;\u015awieckiej, cmentarza wojskowego, ratusza miejskiego , a&nbsp;tak\u017ce miejskiej oczyszczalni \u015bciek\u00f3w. Po&nbsp;powrocie z&nbsp;wyczerpuj\u0105cej wycieczki, wszyscy udali si\u0119 na&nbsp;obiad. Po&nbsp;godzinnej przerwie, uczniowie spotkali si\u0119 w&nbsp;sali gimnastycznej by&nbsp;tam rywalizowa\u0107 w&nbsp;konkursach zwi\u0105zanych z&nbsp;tematem projektu \u2013 wod\u0105.<br>W pi\u0105tek, zgodnie z&nbsp;programem, odby\u0142a si\u0119 wycieczka do&nbsp;Szczecina, gdzie uczestniczyli\u015bmy na&nbsp;wyk\u0142adach na&nbsp;Wydziale Informatyki oraz&nbsp;\u017bywienia i&nbsp;Rybo\u0142\u00f3wstwa na&nbsp;Zachodniopomorskim Uniwersytecie Technologicznym. Na&nbsp;pocz\u0105tku zostali\u015bmy zapoznani z&nbsp;programem nauczania na&nbsp;wy\u017cej wymienionych wydzia\u0142ach. Lunch w&nbsp;centrum handlowym &nbsp;Galaxy by\u0142 kolejnym punktem naszej wycieczki. O&nbsp;15:00&nbsp;udali\u015bmy si\u0119 &nbsp;do Muzeum Narodowego w&nbsp;Szczecinie, gdzie&nbsp; zwiedzili\u015bmy trzy ciekawe wystawy, &nbsp;m.in.&nbsp; zbiory Izabeli Czartoryskiej. Na&nbsp;koniec uczestnicy projektu mieli okazj\u0119 przespacerowa\u0107 si\u0119 po&nbsp;Wa\u0142ach Chrobrego, czyli najpi\u0119kniejszym zak\u0105tku Szczecina. Tym mi\u0142ym akcentem po\u017cegnali\u015bmy Szczecin.<\/p>\n\n\n<div class=\"wp-block-image\">\n<figure class=\"aligncenter size-full\"><img loading=\"lazy\" decoding=\"async\" width=\"450\" height=\"253\" data-attachment-id=\"5226\" data-permalink=\"https:\/\/zsp1chojna.pl\/?attachment_id=5226\" data-orig-file=\"https:\/\/zsp1chojna.pl\/wp-content\/uploads\/2023\/09\/wave-2.jpg\" data-orig-size=\"450,253\" data-comments-opened=\"1\" data-image-meta=\"{&quot;aperture&quot;:&quot;5.6&quot;,&quot;credit&quot;:&quot;&quot;,&quot;camera&quot;:&quot;Canon LEGRIA HF M46&quot;,&quot;caption&quot;:&quot;&quot;,&quot;created_timestamp&quot;:&quot;1320505060&quot;,&quot;copyright&quot;:&quot;&quot;,&quot;focal_length&quot;:&quot;6.1&quot;,&quot;iso&quot;:&quot;0&quot;,&quot;shutter_speed&quot;:&quot;0.01&quot;,&quot;title&quot;:&quot;&quot;,&quot;orientation&quot;:&quot;1&quot;}\" data-image-title=\"wave-2\" data-image-description=\"\" data-image-caption=\"\" data-medium-file=\"https:\/\/zsp1chojna.pl\/wp-content\/uploads\/2023\/09\/wave-2-300x169.jpg\" data-large-file=\"https:\/\/zsp1chojna.pl\/wp-content\/uploads\/2023\/09\/wave-2.jpg\" src=\"https:\/\/zsp1chojna.pl\/wp-content\/uploads\/2023\/09\/wave-2.jpg\" alt=\"Przebieg projektu\" class=\"wp-image-5226\" srcset=\"https:\/\/zsp1chojna.pl\/wp-content\/uploads\/2023\/09\/wave-2.jpg 450w, https:\/\/zsp1chojna.pl\/wp-content\/uploads\/2023\/09\/wave-2-300x169.jpg 300w\" sizes=\"auto, (max-width: 450px) 100vw, 450px\" \/><\/figure>\n<\/div>\n\n\n<p class=\"has-text-align-justify\">Weekend rozpocz\u0105\u0142 si\u0119 wyjazdem do&nbsp;Berlina. Pierwsz\u0105 atrakcj\u0105 by\u0142o zwiedzanie historycznego punktu granicznego mi\u0119dzy ameryka\u0144sk\u0105 i&nbsp;radzieck\u0105 stref\u0105 okupacyjn\u0105, zwanego \u201eCheck Point Charlie\u201d, nast\u0119pnie&nbsp; udali\u015bmy si\u0119 na&nbsp;Aleksander Platz gdzie znajduje si\u0119 jeden z&nbsp;najciekawszych zabytk\u00f3w Berlina \u2013&nbsp; monumentalna Brama Brandenburska. Stamt\u0105d grupa uda\u0142a si\u0119 pod&nbsp;budynek Reichstag\u2019u, czyli parlamentu niemieckiego. W&nbsp;drodze na&nbsp; wie\u017c\u0119 telewizyjn\u0105 uczestnicy wycieczki mieli okazj\u0119 podziwia\u0107 Uniwersytet Humboldta i&nbsp;Katedr\u0119 Berli\u0144sk\u0105. Po&nbsp;dotarciu na&nbsp;miejsce wszyscy mieli&nbsp; godzinn\u0105 przerw\u0119, aby samodzielnie m\u00f3c podziwia\u0107 uroki niemieckiej stolicy. By\u0142 to&nbsp;ostatni&nbsp; punkt wycieczki, oko\u0142o godziny 18.00 &nbsp;wyruszyli\u015bmy w&nbsp;drog\u0119 powrotn\u0105.<br>Niedziel\u0119 w\u0119gierscy uczniowie sp\u0119dzili &nbsp;z rodzinami polskich uczni\u00f3w i&nbsp;poznawali przy tym tradycje i&nbsp;zwyczaje naszego kraju. Wielu polskich uczni\u00f3w zabra\u0142o swoich w\u0119gierskich partner\u00f3w na&nbsp;wycieczki po&nbsp;okolicach Chojny, np.&nbsp;szlakiem pami\u0119ci narodowej.<\/p>\n\n\n<div class=\"wp-block-image\">\n<figure class=\"aligncenter size-full\"><img loading=\"lazy\" decoding=\"async\" width=\"450\" height=\"253\" data-attachment-id=\"5225\" data-permalink=\"https:\/\/zsp1chojna.pl\/?attachment_id=5225\" data-orig-file=\"https:\/\/zsp1chojna.pl\/wp-content\/uploads\/2023\/09\/wave.jpg\" data-orig-size=\"450,253\" data-comments-opened=\"1\" data-image-meta=\"{&quot;aperture&quot;:&quot;1.8&quot;,&quot;credit&quot;:&quot;&quot;,&quot;camera&quot;:&quot;Canon LEGRIA HF M46&quot;,&quot;caption&quot;:&quot;&quot;,&quot;created_timestamp&quot;:&quot;1320661866&quot;,&quot;copyright&quot;:&quot;&quot;,&quot;focal_length&quot;:&quot;6.1&quot;,&quot;iso&quot;:&quot;0&quot;,&quot;shutter_speed&quot;:&quot;0.02&quot;,&quot;title&quot;:&quot;&quot;,&quot;orientation&quot;:&quot;1&quot;}\" data-image-title=\"wave\" data-image-description=\"\" data-image-caption=\"\" data-medium-file=\"https:\/\/zsp1chojna.pl\/wp-content\/uploads\/2023\/09\/wave-300x169.jpg\" data-large-file=\"https:\/\/zsp1chojna.pl\/wp-content\/uploads\/2023\/09\/wave.jpg\" src=\"https:\/\/zsp1chojna.pl\/wp-content\/uploads\/2023\/09\/wave.jpg\" alt=\"Przebieg projektu\" class=\"wp-image-5225\" srcset=\"https:\/\/zsp1chojna.pl\/wp-content\/uploads\/2023\/09\/wave.jpg 450w, https:\/\/zsp1chojna.pl\/wp-content\/uploads\/2023\/09\/wave-300x169.jpg 300w\" sizes=\"auto, (max-width: 450px) 100vw, 450px\" \/><\/figure>\n<\/div>\n\n\n<p class=\"has-text-align-justify\">Kolejny dzie\u0144 &nbsp;rozpocz\u0105\u0142 si\u0119 spotkaniem w&nbsp;sali kinowej. W\u0119gierscy go\u015bcie mogli zapozna\u0107 si\u0119 z&nbsp;prezentacj\u0105 multimedialn\u0105: &nbsp;\u201e System o\u015bwiaty w&nbsp;Polsce\u201d oraz&nbsp; prezentacj\u0105 dotycz\u0105c\u0105 dzia\u0142alno\u015bci naszej szko\u0142y pt.&nbsp;\u201eProjekty realizowane w&nbsp;szkole\u201d. O&nbsp;godzinie 9:00&nbsp;wszyscy uczniowie zostali podzieleni na&nbsp;3&nbsp;grupy i&nbsp;uczestniczyli w&nbsp;zaj\u0119ciach lekcyjnych z&nbsp;&nbsp;geografii , biologii. &nbsp;Uczestniczyli r\u00f3wnie\u017c w&nbsp;zaj\u0119ciach z&nbsp;dramy. Zaj\u0119cia by\u0142y bardzo interesuj\u0105ce i&nbsp;pouczaj\u0105ce. Po&nbsp;nich &nbsp;polscy uczniowie przygotowali kolejne prezentacje \u201eRzeka \u2013 dar i&nbsp;\u017cywio\u0142\u201d oraz&nbsp;\u201eMorze Ba\u0142tyckie\u201d. Po&nbsp;po\u0142udniu odby\u0142y si\u0119&nbsp; lekcje biologii, chemii i&nbsp;fizyki, na&nbsp;kt\u00f3rych&nbsp;badano czysto\u015b\u0107 wody, rozpuszczalno\u015b\u0107 substancji w&nbsp;wodzie oraz&nbsp;wykonywano wiele ciekawych eksperyment\u00f3w zwi\u0105zanych z&nbsp;w\u0142a\u015bciwo\u015bciami wody. Wieczorny program przewidywa\u0142 rozgrywki sportowe w&nbsp;sali gimnastycznej. W&nbsp;zawodach konkurowa\u0142o ze&nbsp;sob\u0105 5&nbsp;grup polsko-w\u0119gierskich.<br>We wtorek mia\u0142a miejsce kolejna wycieczka, tym razem do&nbsp;\u015awinouj\u015bcia. Wyjazd&nbsp; mia\u0142 na&nbsp;celu pokazanie &nbsp;naszym przyjacio\u0142om z&nbsp;W\u0119gier Ba\u0142tyku. W&nbsp;\u015awinouj\u015bciu uczestnicy projektu udali si\u0119 do&nbsp;muzeum morskiego, zwiedzili &nbsp;r\u00f3wnie\u017c latarni\u0119 morsk\u0105. Z&nbsp;g\u00f3ry &nbsp;latarni mo\u017cna by\u0142o podziwia\u0107 wspania\u0142e polskie wybrze\u017ce. P\u00f3\u017anym wieczorem dotarli\u015bmy na&nbsp;pla\u017c\u0119 i&nbsp;przy \u015bwietle ksi\u0119\u017cyca spacerowali\u015bmy brzegiem morza. Wszyscy uczniowie mili okazj\u0119 zabra\u0107 ze&nbsp;sob\u0105 pami\u0105tk\u0119 znad morza czyli wyrzucone na&nbsp;brzeg muszle.<br>Ostatni dzie\u0144 pobytu w&nbsp;Chojnie by\u0142 bardzo wyczerpuj\u0105cy. Po&nbsp;porannych lekcjach j\u0119zyka niemieckiego, w&nbsp;kt\u00f3rych&nbsp;uczestniczyli uczniowie w\u0119gierscy, mia\u0142o miejsce spotkanie organizacyjne, na&nbsp;kt\u00f3rym&nbsp;wyznaczono grupy zadaniowe do&nbsp;realizacji poszczeg\u00f3lnych przedsi\u0119wzi\u0119\u0107, podsumowuj\u0105cych dzia\u0142ania przeprowadzone w&nbsp;ramach projektu. Grypy zajmowa\u0142y si\u0119 mi\u0119dzy innymi: przygotowaniem przedstawienia oraz&nbsp;pisaniem artyku\u0142\u00f3w o&nbsp;projekcie. O&nbsp;15:30, po&nbsp;obiedzie, odby\u0142a si\u0119 akcja Flash Mob, kt\u00f3ra&nbsp;wzbudzi\u0142a zainteresowanie mieszka\u0144c\u00f3w Chojny, tym bardziej, \u017ce&nbsp;ka\u017cdy dosta\u0142 butelk\u0119 wody mineralnej. Od&nbsp;godziny 15:40&nbsp;uczniowie rozdawali przechodniom zaproszenia na&nbsp;przedstawienie przygotowane wsp\u00f3lnie przez&nbsp;polskich i&nbsp;w\u0119gierskich uczestnik\u00f3w projektu. Impreza odby\u0142a si\u0119 w&nbsp;Choje\u0144skim Centrum Kultury i&nbsp;cieszy\u0142a si\u0119 du\u017cym zainteresowaniem. O&nbsp;godzinie 18:30&nbsp;udali\u015bmy si\u0119 na&nbsp; po\u017cegnaln\u0105 kolacj\u0119. W&nbsp;kolacji wzi\u0119li udzia\u0142&nbsp; wszyscy uczniowie, rodzice, nauczyciele i&nbsp;dyrekcja \u2013uczestnicy projektu.<br>Przez ostatnie 3&nbsp;dni wizyty W\u0119gr\u00f3w w&nbsp;Polsce mieli\u015bmy okazj\u0119 podziwia\u0107 Krak\u00f3w i&nbsp;jego okolice. 10&nbsp;listopada o&nbsp;godzinie 5:30&nbsp;wyruszyli\u015bmy w&nbsp;podr\u00f3\u017c, kt\u00f3ra&nbsp;trwa\u0142a ok. 10&nbsp;godzin. Pierwszym punktem wycieczki by\u0142o&nbsp; zwiedzanie&nbsp; Podziemi &nbsp;Rynku &nbsp;G\u0142\u00f3wnego w&nbsp;Krakowie. To&nbsp;miejsce jest niezwykle wyj\u0105tkowe, nie&nbsp;ma drugiego w&nbsp;Polsce tak&nbsp;naszpikowanego technologi\u0105 muzeum. Nast\u0119pnie udali\u015bmy si\u0119 na&nbsp;miejsce zakwaterowania. W&nbsp;pi\u0105tek uczestnicy projektu zwiedzali kopalni\u0119 soli w&nbsp;Wieliczce, &nbsp;w tym kaplic\u0119 \u015bw.&nbsp;Kingi, nast\u0119pnie zwiedzali\u015bmy &nbsp;Stare Miasto w&nbsp;Krakowie. Ostatniego dnia projektu program przewidywa\u0142 wizyt\u0119 w&nbsp;obozie koncentracyjnym Auschwitz. Zar\u00f3wno polska jak i&nbsp;w\u0119gierska m\u0142odzie\u017c by\u0142a przej\u0119ta ogromem cierpie\u0144 wi\u0119\u017ani\u00f3w obozu. Oko\u0142o godziny 12:00&nbsp;uczniowie polscy po\u017cegnali swoich w\u0119gierskich koleg\u00f3w, kt\u00f3rzy&nbsp;&nbsp;udali si\u0119 w&nbsp;podr\u00f3\u017c do&nbsp;domu, do&nbsp;Koszeg. Uczestnicy projektu zawi\u0105zali szereg przyja\u017ani, kt\u00f3re na&nbsp;pewno b\u0119d\u0105 trwa\u0107 wiele lat.<\/p>\n\n\n\n<p class=\"has-text-align-right\">Kacper, Magda, Ewa<\/p>\n","protected":false},"excerpt":{"rendered":"<p>Uczniowie Zespo\u0142u Szk\u00f3\u0142 Ponadgimnazjalnych Nr&nbsp;1&nbsp;w&nbsp;Chojnie oraz&nbsp;uczniowie w\u0119gierskiej szko\u0142y Jurisich Mikl\u00f3s Gimnazium w&nbsp;Koszeg w&nbsp;dniu 2.11.2011&nbsp;r . rozpocz\u0119li drug\u0105 cz\u0119\u015b\u0107 projektu \u201eWave \u2013 Woda \u2013 Aqua \u2013 Viz\u201d. O&nbsp;godzinie 19:00&nbsp;polscy uczniowie odebrali [&hellip;]<\/p>\n","protected":false},"author":2,"featured_media":5227,"comment_status":"open","ping_status":"open","sticky":false,"template":"","format":"standard","meta":{"footnotes":""},"categories":[16],"tags":[],"class_list":["post-5224","post","type-post","status-publish","format-standard","has-post-thumbnail","hentry","category-aktualnosci-2011-2012"],"wbAuthor":{"name":"kacper27","link":"https:\/\/zsp1chojna.pl\/?author=2"},"wbDate":"lis 2, 2011","wbCategories":{"space":"<a href=\"https:\/\/zsp1chojna.pl\/?cat=16\" rel=\"category\">Aktualno\u015bci 2011\/2012<\/a>","coma":"<a href=\"https:\/\/zsp1chojna.pl\/?cat=16\" rel=\"category\">Aktualno\u015bci 2011\/2012<\/a>"},"wbComment":0,"yoast_head":"<!-- This site is optimized with the Yoast SEO plugin v20.13 - https:\/\/yoast.com\/wordpress\/plugins\/seo\/ -->\n<title>\u201eWAVE \u2013 Woda-Aqua-Viz-Everywhere\u201d Chojna \u2013 Szczecin \u2013 Berlin \u2013 \u015awinouj\u015bcie \u2013 Krak\u00f3w 02.11.2011 \u2013 12.11.2011 - ZSP w Chojnie<\/title>\n<meta name=\"robots\" content=\"index, follow, max-snippet:-1, max-image-preview:large, max-video-preview:-1\" \/>\n<link rel=\"canonical\" href=\"https:\/\/zsp1chojna.pl\/?p=5224\" \/>\n<meta property=\"og:locale\" content=\"pl_PL\" \/>\n<meta property=\"og:type\" content=\"article\" \/>\n<meta property=\"og:title\" content=\"\u201eWAVE \u2013 Woda-Aqua-Viz-Everywhere\u201d Chojna \u2013 Szczecin \u2013 Berlin \u2013 \u015awinouj\u015bcie \u2013 Krak\u00f3w 02.11.2011 \u2013 12.11.2011 - ZSP w Chojnie\" \/>\n<meta property=\"og:description\" content=\"Uczniowie Zespo\u0142u Szk\u00f3\u0142 Ponadgimnazjalnych Nr&nbsp;1&nbsp;w&nbsp;Chojnie oraz&nbsp;uczniowie w\u0119gierskiej szko\u0142y Jurisich Mikl\u00f3s Gimnazium w&nbsp;Koszeg w&nbsp;dniu 2.11.2011&nbsp;r . rozpocz\u0119li drug\u0105 cz\u0119\u015b\u0107 projektu \u201eWave \u2013 Woda \u2013 Aqua \u2013 Viz\u201d. O&nbsp;godzinie 19:00&nbsp;polscy uczniowie odebrali [&hellip;]\" \/>\n<meta property=\"og:url\" content=\"https:\/\/zsp1chojna.pl\/?p=5224\" \/>\n<meta property=\"og:site_name\" content=\"ZSP w Chojnie\" \/>\n<meta property=\"article:published_time\" content=\"2011-11-02T20:37:00+00:00\" \/>\n<meta property=\"article:modified_time\" content=\"2023-09-17T19:40:24+00:00\" \/>\n<meta property=\"og:image\" content=\"https:\/\/zsp1chojna.pl\/wp-content\/uploads\/2023\/09\/wave_1.jpg\" \/>\n\t<meta property=\"og:image:width\" content=\"450\" \/>\n\t<meta property=\"og:image:height\" content=\"336\" \/>\n\t<meta property=\"og:image:type\" content=\"image\/jpeg\" \/>\n<meta name=\"author\" content=\"kacper27\" \/>\n<meta name=\"twitter:card\" content=\"summary_large_image\" \/>\n<meta name=\"twitter:label1\" content=\"Napisane przez\" \/>\n\t<meta name=\"twitter:data1\" content=\"kacper27\" \/>\n\t<meta name=\"twitter:label2\" content=\"Szacowany czas czytania\" \/>\n\t<meta name=\"twitter:data2\" content=\"6 minut\" \/>\n<script type=\"application\/ld+json\" class=\"yoast-schema-graph\">{\"@context\":\"https:\/\/schema.org\",\"@graph\":[{\"@type\":\"Article\",\"@id\":\"https:\/\/zsp1chojna.pl\/?p=5224#article\",\"isPartOf\":{\"@id\":\"https:\/\/zsp1chojna.pl\/?p=5224\"},\"author\":{\"name\":\"kacper27\",\"@id\":\"https:\/\/zsp1chojna.pl\/#\/schema\/person\/e974e35b71ad4899de9d84ba9baed22f\"},\"headline\":\"\u201eWAVE \u2013 Woda-Aqua-Viz-Everywhere\u201d Chojna \u2013 Szczecin \u2013 Berlin \u2013 \u015awinouj\u015bcie \u2013 Krak\u00f3w 02.11.2011 \u2013 12.11.2011\",\"datePublished\":\"2011-11-02T20:37:00+00:00\",\"dateModified\":\"2023-09-17T19:40:24+00:00\",\"mainEntityOfPage\":{\"@id\":\"https:\/\/zsp1chojna.pl\/?p=5224\"},\"wordCount\":1200,\"commentCount\":0,\"publisher\":{\"@id\":\"https:\/\/zsp1chojna.pl\/#organization\"},\"articleSection\":[\"Aktualno\u015bci 2011\/2012\"],\"inLanguage\":\"pl-PL\",\"potentialAction\":[{\"@type\":\"CommentAction\",\"name\":\"Comment\",\"target\":[\"https:\/\/zsp1chojna.pl\/?p=5224#respond\"]}]},{\"@type\":\"WebPage\",\"@id\":\"https:\/\/zsp1chojna.pl\/?p=5224\",\"url\":\"https:\/\/zsp1chojna.pl\/?p=5224\",\"name\":\"\u201eWAVE \u2013 Woda-Aqua-Viz-Everywhere\u201d Chojna \u2013 Szczecin \u2013 Berlin \u2013 \u015awinouj\u015bcie \u2013 Krak\u00f3w 02.11.2011 \u2013 12.11.2011 - ZSP w Chojnie\",\"isPartOf\":{\"@id\":\"https:\/\/zsp1chojna.pl\/#website\"},\"datePublished\":\"2011-11-02T20:37:00+00:00\",\"dateModified\":\"2023-09-17T19:40:24+00:00\",\"breadcrumb\":{\"@id\":\"https:\/\/zsp1chojna.pl\/?p=5224#breadcrumb\"},\"inLanguage\":\"pl-PL\",\"potentialAction\":[{\"@type\":\"ReadAction\",\"target\":[\"https:\/\/zsp1chojna.pl\/?p=5224\"]}]},{\"@type\":\"BreadcrumbList\",\"@id\":\"https:\/\/zsp1chojna.pl\/?p=5224#breadcrumb\",\"itemListElement\":[{\"@type\":\"ListItem\",\"position\":1,\"name\":\"Home\",\"item\":\"https:\/\/zsp1chojna.pl\/\"},{\"@type\":\"ListItem\",\"position\":2,\"name\":\"\u201eWAVE \u2013 Woda-Aqua-Viz-Everywhere\u201d Chojna \u2013 Szczecin \u2013 Berlin \u2013 \u015awinouj\u015bcie \u2013 Krak\u00f3w 02.11.2011 \u2013 12.11.2011\"}]},{\"@type\":\"WebSite\",\"@id\":\"https:\/\/zsp1chojna.pl\/#website\",\"url\":\"https:\/\/zsp1chojna.pl\/\",\"name\":\"ZSP w Chojnie\",\"description\":\"\",\"publisher\":{\"@id\":\"https:\/\/zsp1chojna.pl\/#organization\"},\"potentialAction\":[{\"@type\":\"SearchAction\",\"target\":{\"@type\":\"EntryPoint\",\"urlTemplate\":\"https:\/\/zsp1chojna.pl\/?s={search_term_string}\"},\"query-input\":\"required name=search_term_string\"}],\"inLanguage\":\"pl-PL\"},{\"@type\":\"Organization\",\"@id\":\"https:\/\/zsp1chojna.pl\/#organization\",\"name\":\"ZSP w Chojnie\",\"url\":\"https:\/\/zsp1chojna.pl\/\",\"logo\":{\"@type\":\"ImageObject\",\"inLanguage\":\"pl-PL\",\"@id\":\"https:\/\/zsp1chojna.pl\/#\/schema\/logo\/image\/\",\"url\":\"https:\/\/zsp1chojna.pl\/wp-content\/uploads\/2023\/08\/cropped-cropped-cropped-Logo-biale-napis-na-3-wiersze_504-1.png\",\"contentUrl\":\"https:\/\/zsp1chojna.pl\/wp-content\/uploads\/2023\/08\/cropped-cropped-cropped-Logo-biale-napis-na-3-wiersze_504-1.png\",\"width\":504,\"height\":167,\"caption\":\"ZSP w Chojnie\"},\"image\":{\"@id\":\"https:\/\/zsp1chojna.pl\/#\/schema\/logo\/image\/\"}},{\"@type\":\"Person\",\"@id\":\"https:\/\/zsp1chojna.pl\/#\/schema\/person\/e974e35b71ad4899de9d84ba9baed22f\",\"name\":\"kacper27\",\"image\":{\"@type\":\"ImageObject\",\"inLanguage\":\"pl-PL\",\"@id\":\"https:\/\/zsp1chojna.pl\/#\/schema\/person\/image\/\",\"url\":\"https:\/\/secure.gravatar.com\/avatar\/233d005830da7db1760a03aba4b7a8303a369edf5f46a429dfe66f876a3f452c?s=96&d=mm&r=g\",\"contentUrl\":\"https:\/\/secure.gravatar.com\/avatar\/233d005830da7db1760a03aba4b7a8303a369edf5f46a429dfe66f876a3f452c?s=96&d=mm&r=g\",\"caption\":\"kacper27\"},\"url\":\"https:\/\/zsp1chojna.pl\/?author=2\"}]}<\/script>\n<!-- \/ Yoast SEO plugin. -->","yoast_head_json":{"title":"\u201eWAVE \u2013 Woda-Aqua-Viz-Everywhere\u201d Chojna \u2013 Szczecin \u2013 Berlin \u2013 \u015awinouj\u015bcie \u2013 Krak\u00f3w 02.11.2011 \u2013 12.11.2011 - ZSP w Chojnie","robots":{"index":"index","follow":"follow","max-snippet":"max-snippet:-1","max-image-preview":"max-image-preview:large","max-video-preview":"max-video-preview:-1"},"canonical":"https:\/\/zsp1chojna.pl\/?p=5224","og_locale":"pl_PL","og_type":"article","og_title":"\u201eWAVE \u2013 Woda-Aqua-Viz-Everywhere\u201d Chojna \u2013 Szczecin \u2013 Berlin \u2013 \u015awinouj\u015bcie \u2013 Krak\u00f3w 02.11.2011 \u2013 12.11.2011 - ZSP w Chojnie","og_description":"Uczniowie Zespo\u0142u Szk\u00f3\u0142 Ponadgimnazjalnych Nr&nbsp;1&nbsp;w&nbsp;Chojnie oraz&nbsp;uczniowie w\u0119gierskiej szko\u0142y Jurisich Mikl\u00f3s Gimnazium w&nbsp;Koszeg w&nbsp;dniu 2.11.2011&nbsp;r . rozpocz\u0119li drug\u0105 cz\u0119\u015b\u0107 projektu \u201eWave \u2013 Woda \u2013 Aqua \u2013 Viz\u201d. O&nbsp;godzinie 19:00&nbsp;polscy uczniowie odebrali [&hellip;]","og_url":"https:\/\/zsp1chojna.pl\/?p=5224","og_site_name":"ZSP w Chojnie","article_published_time":"2011-11-02T20:37:00+00:00","article_modified_time":"2023-09-17T19:40:24+00:00","og_image":[{"width":450,"height":336,"url":"https:\/\/zsp1chojna.pl\/wp-content\/uploads\/2023\/09\/wave_1.jpg","type":"image\/jpeg"}],"author":"kacper27","twitter_card":"summary_large_image","twitter_misc":{"Napisane przez":"kacper27","Szacowany czas czytania":"6 minut"},"schema":{"@context":"https:\/\/schema.org","@graph":[{"@type":"Article","@id":"https:\/\/zsp1chojna.pl\/?p=5224#article","isPartOf":{"@id":"https:\/\/zsp1chojna.pl\/?p=5224"},"author":{"name":"kacper27","@id":"https:\/\/zsp1chojna.pl\/#\/schema\/person\/e974e35b71ad4899de9d84ba9baed22f"},"headline":"\u201eWAVE \u2013 Woda-Aqua-Viz-Everywhere\u201d Chojna \u2013 Szczecin \u2013 Berlin \u2013 \u015awinouj\u015bcie \u2013 Krak\u00f3w 02.11.2011 \u2013 12.11.2011","datePublished":"2011-11-02T20:37:00+00:00","dateModified":"2023-09-17T19:40:24+00:00","mainEntityOfPage":{"@id":"https:\/\/zsp1chojna.pl\/?p=5224"},"wordCount":1200,"commentCount":0,"publisher":{"@id":"https:\/\/zsp1chojna.pl\/#organization"},"articleSection":["Aktualno\u015bci 2011\/2012"],"inLanguage":"pl-PL","potentialAction":[{"@type":"CommentAction","name":"Comment","target":["https:\/\/zsp1chojna.pl\/?p=5224#respond"]}]},{"@type":"WebPage","@id":"https:\/\/zsp1chojna.pl\/?p=5224","url":"https:\/\/zsp1chojna.pl\/?p=5224","name":"\u201eWAVE \u2013 Woda-Aqua-Viz-Everywhere\u201d Chojna \u2013 Szczecin \u2013 Berlin \u2013 \u015awinouj\u015bcie \u2013 Krak\u00f3w 02.11.2011 \u2013 12.11.2011 - ZSP w Chojnie","isPartOf":{"@id":"https:\/\/zsp1chojna.pl\/#website"},"datePublished":"2011-11-02T20:37:00+00:00","dateModified":"2023-09-17T19:40:24+00:00","breadcrumb":{"@id":"https:\/\/zsp1chojna.pl\/?p=5224#breadcrumb"},"inLanguage":"pl-PL","potentialAction":[{"@type":"ReadAction","target":["https:\/\/zsp1chojna.pl\/?p=5224"]}]},{"@type":"BreadcrumbList","@id":"https:\/\/zsp1chojna.pl\/?p=5224#breadcrumb","itemListElement":[{"@type":"ListItem","position":1,"name":"Home","item":"https:\/\/zsp1chojna.pl\/"},{"@type":"ListItem","position":2,"name":"\u201eWAVE \u2013 Woda-Aqua-Viz-Everywhere\u201d Chojna \u2013 Szczecin \u2013 Berlin \u2013 \u015awinouj\u015bcie \u2013 Krak\u00f3w 02.11.2011 \u2013 12.11.2011"}]},{"@type":"WebSite","@id":"https:\/\/zsp1chojna.pl\/#website","url":"https:\/\/zsp1chojna.pl\/","name":"ZSP w Chojnie","description":"","publisher":{"@id":"https:\/\/zsp1chojna.pl\/#organization"},"potentialAction":[{"@type":"SearchAction","target":{"@type":"EntryPoint","urlTemplate":"https:\/\/zsp1chojna.pl\/?s={search_term_string}"},"query-input":"required name=search_term_string"}],"inLanguage":"pl-PL"},{"@type":"Organization","@id":"https:\/\/zsp1chojna.pl\/#organization","name":"ZSP w Chojnie","url":"https:\/\/zsp1chojna.pl\/","logo":{"@type":"ImageObject","inLanguage":"pl-PL","@id":"https:\/\/zsp1chojna.pl\/#\/schema\/logo\/image\/","url":"https:\/\/zsp1chojna.pl\/wp-content\/uploads\/2023\/08\/cropped-cropped-cropped-Logo-biale-napis-na-3-wiersze_504-1.png","contentUrl":"https:\/\/zsp1chojna.pl\/wp-content\/uploads\/2023\/08\/cropped-cropped-cropped-Logo-biale-napis-na-3-wiersze_504-1.png","width":504,"height":167,"caption":"ZSP w Chojnie"},"image":{"@id":"https:\/\/zsp1chojna.pl\/#\/schema\/logo\/image\/"}},{"@type":"Person","@id":"https:\/\/zsp1chojna.pl\/#\/schema\/person\/e974e35b71ad4899de9d84ba9baed22f","name":"kacper27","image":{"@type":"ImageObject","inLanguage":"pl-PL","@id":"https:\/\/zsp1chojna.pl\/#\/schema\/person\/image\/","url":"https:\/\/secure.gravatar.com\/avatar\/233d005830da7db1760a03aba4b7a8303a369edf5f46a429dfe66f876a3f452c?s=96&d=mm&r=g","contentUrl":"https:\/\/secure.gravatar.com\/avatar\/233d005830da7db1760a03aba4b7a8303a369edf5f46a429dfe66f876a3f452c?s=96&d=mm&r=g","caption":"kacper27"},"url":"https:\/\/zsp1chojna.pl\/?author=2"}]}},"jetpack_featured_media_url":"https:\/\/zsp1chojna.pl\/wp-content\/uploads\/2023\/09\/wave_1.jpg","_links":{"self":[{"href":"https:\/\/zsp1chojna.pl\/index.php?rest_route=\/wp\/v2\/posts\/5224","targetHints":{"allow":["GET"]}}],"collection":[{"href":"https:\/\/zsp1chojna.pl\/index.php?rest_route=\/wp\/v2\/posts"}],"about":[{"href":"https:\/\/zsp1chojna.pl\/index.php?rest_route=\/wp\/v2\/types\/post"}],"author":[{"embeddable":true,"href":"https:\/\/zsp1chojna.pl\/index.php?rest_route=\/wp\/v2\/users\/2"}],"replies":[{"embeddable":true,"href":"https:\/\/zsp1chojna.pl\/index.php?rest_route=%2Fwp%2Fv2%2Fcomments&post=5224"}],"version-history":[{"count":1,"href":"https:\/\/zsp1chojna.pl\/index.php?rest_route=\/wp\/v2\/posts\/5224\/revisions"}],"predecessor-version":[{"id":5228,"href":"https:\/\/zsp1chojna.pl\/index.php?rest_route=\/wp\/v2\/posts\/5224\/revisions\/5228"}],"wp:featuredmedia":[{"embeddable":true,"href":"https:\/\/zsp1chojna.pl\/index.php?rest_route=\/wp\/v2\/media\/5227"}],"wp:attachment":[{"href":"https:\/\/zsp1chojna.pl\/index.php?rest_route=%2Fwp%2Fv2%2Fmedia&parent=5224"}],"wp:term":[{"taxonomy":"category","embeddable":true,"href":"https:\/\/zsp1chojna.pl\/index.php?rest_route=%2Fwp%2Fv2%2Fcategories&post=5224"},{"taxonomy":"post_tag","embeddable":true,"href":"https:\/\/zsp1chojna.pl\/index.php?rest_route=%2Fwp%2Fv2%2Ftags&post=5224"}],"curies":[{"name":"wp","href":"https:\/\/api.w.org\/{rel}","templated":true}]}}