{"id":4749,"date":"2012-03-22T23:05:00","date_gmt":"2012-03-22T22:05:00","guid":{"rendered":"https:\/\/zsp1chojna.pl\/?p=4749"},"modified":"2023-09-10T23:08:53","modified_gmt":"2023-09-10T21:08:53","slug":"obchodzilismy-w-szkole-swiatowy-dzien-wody","status":"publish","type":"post","link":"https:\/\/zsp1chojna.pl\/?p=4749","title":{"rendered":"Obchodzili\u015bmy w szkole \u015awiatowy Dzie\u0144 Wody"},"content":{"rendered":"<div class=\"wp-block-image\">\n<figure class=\"aligncenter size-full\"><img loading=\"lazy\" decoding=\"async\" width=\"400\" height=\"253\" data-attachment-id=\"4750\" data-permalink=\"https:\/\/zsp1chojna.pl\/?attachment_id=4750\" data-orig-file=\"https:\/\/zsp1chojna.pl\/wp-content\/uploads\/2023\/09\/dzienwody-2.jpg\" data-orig-size=\"400,253\" data-comments-opened=\"1\" data-image-meta=\"{&quot;aperture&quot;:&quot;0&quot;,&quot;credit&quot;:&quot;&quot;,&quot;camera&quot;:&quot;&quot;,&quot;caption&quot;:&quot;&quot;,&quot;created_timestamp&quot;:&quot;0&quot;,&quot;copyright&quot;:&quot;&quot;,&quot;focal_length&quot;:&quot;0&quot;,&quot;iso&quot;:&quot;0&quot;,&quot;shutter_speed&quot;:&quot;0&quot;,&quot;title&quot;:&quot;&quot;,&quot;orientation&quot;:&quot;1&quot;}\" data-image-title=\"dzienwody-2\" data-image-description=\"\" data-image-caption=\"\" data-medium-file=\"https:\/\/zsp1chojna.pl\/wp-content\/uploads\/2023\/09\/dzienwody-2-300x190.jpg\" data-large-file=\"https:\/\/zsp1chojna.pl\/wp-content\/uploads\/2023\/09\/dzienwody-2.jpg\" src=\"https:\/\/zsp1chojna.pl\/wp-content\/uploads\/2023\/09\/dzienwody-2.jpg\" alt=\"\" class=\"wp-image-4750\" srcset=\"https:\/\/zsp1chojna.pl\/wp-content\/uploads\/2023\/09\/dzienwody-2.jpg 400w, https:\/\/zsp1chojna.pl\/wp-content\/uploads\/2023\/09\/dzienwody-2-300x190.jpg 300w\" sizes=\"auto, (max-width: 400px) 100vw, 400px\" \/><\/figure>\n<\/div>\n\n\n<p class=\"has-text-align-justify\">22&nbsp;marca obchodzony jest \u015awiatowy Dzie\u0144 Wody, kt\u00f3ry&nbsp;zosta\u0142 ustanowiony rezolucj\u0105 w&nbsp;1992&nbsp;r. przez&nbsp;ONZ&nbsp;w ramach&nbsp;Agendy 21, w&nbsp;czasie konferencji&nbsp;Szczyt Ziemi 1992&nbsp;w&nbsp;Rio de Janeiro&nbsp;w Brazylii. Powodem by\u0142 narastaj\u0105cy kryzys wodny i&nbsp;powszechne zmniejszenie zasob\u00f3w wody na&nbsp;\u015bwiecie. Co roku w&nbsp;ramach tego og\u00f3lno\u015bwiatowego \u015bwi\u0119ta zwraca si\u0119 uwag\u0119 na&nbsp;inne oblicze wody. Has\u0142o na&nbsp;rok 2012&nbsp;to&nbsp;\u201eWoda i&nbsp;bezpiecze\u0144stwo \u017cywno\u015bciowe\u201d.&nbsp;Tegoroczne has\u0142o by\u0142o dobr\u0105 okazj\u0105, by&nbsp;zastanowi\u0107 si\u0119, ile wody zu\u017cywamy do&nbsp;produkcji \u017cywno\u015bci. Jak podaje FAO, agenda ONZ odpowiedzialna za&nbsp;\u017cywno\u015b\u0107 i&nbsp;rolnictwo, przeci\u0119tny cz\u0142owiek wypija od&nbsp;2&nbsp;do&nbsp;4&nbsp;litr\u00f3w wody dziennie, lecz&nbsp;wyprodukowanie dziennej dawki \u017cywno\u015bci na&nbsp;potrzeby jednej osoby poch\u0142ania od&nbsp;2000&nbsp;do&nbsp;5000&nbsp;litr\u00f3w wody!<\/p>\n\n\n\n<p class=\"has-text-align-justify\">Nasza szko\u0142a w\u0142\u0105czy\u0142a&nbsp; si\u0119 w&nbsp;obchody \u015awiatowego Dnia Wody. Uczniowie przygotowali wystaw\u0119 dotycz\u0105c\u0105 wody pitnej na&nbsp;\u015bwiecie, w&nbsp;kt\u00f3rej&nbsp;zawarto wiele istotnych i&nbsp;ciekawych informacji dotycz\u0105cych wody jako dobra naturalnego, kt\u00f3rego&nbsp;kiedy\u015b mo\u017ce zabrakn\u0105\u0107. Zobaczy\u0107 mo\u017cna by\u0142o poruszaj\u0105ce zdj\u0119cia ludzi bardzo cierpi\u0105cych z&nbsp;powodu braku dost\u0119pu do&nbsp;czystej wody pitnej. Zdj\u0119ciom towarzyszy\u0142y informacje, dane statystyczne przedstawiaj\u0105ce, jak wielkim problemem w&nbsp;wielu miejscach na&nbsp;ziemi jest brak wody i&nbsp;jakie s\u0105 jego skutki. Oko\u0142o 300&nbsp;mln ludzi w&nbsp;Afryce nie&nbsp;ma dost\u0119pu do&nbsp;zdatnej do&nbsp;picia wody!<\/p>\n\n\n<div class=\"wp-block-image\">\n<figure class=\"aligncenter size-full\"><img loading=\"lazy\" decoding=\"async\" width=\"400\" height=\"266\" data-attachment-id=\"4751\" data-permalink=\"https:\/\/zsp1chojna.pl\/?attachment_id=4751\" data-orig-file=\"https:\/\/zsp1chojna.pl\/wp-content\/uploads\/2023\/09\/dzienwody-3.jpg\" data-orig-size=\"400,266\" data-comments-opened=\"1\" data-image-meta=\"{&quot;aperture&quot;:&quot;0&quot;,&quot;credit&quot;:&quot;&quot;,&quot;camera&quot;:&quot;&quot;,&quot;caption&quot;:&quot;&quot;,&quot;created_timestamp&quot;:&quot;0&quot;,&quot;copyright&quot;:&quot;&quot;,&quot;focal_length&quot;:&quot;0&quot;,&quot;iso&quot;:&quot;0&quot;,&quot;shutter_speed&quot;:&quot;0&quot;,&quot;title&quot;:&quot;&quot;,&quot;orientation&quot;:&quot;0&quot;}\" data-image-title=\"dzienwody-3\" data-image-description=\"\" data-image-caption=\"\" data-medium-file=\"https:\/\/zsp1chojna.pl\/wp-content\/uploads\/2023\/09\/dzienwody-3-300x200.jpg\" data-large-file=\"https:\/\/zsp1chojna.pl\/wp-content\/uploads\/2023\/09\/dzienwody-3.jpg\" src=\"https:\/\/zsp1chojna.pl\/wp-content\/uploads\/2023\/09\/dzienwody-3.jpg\" alt=\"\" class=\"wp-image-4751\" srcset=\"https:\/\/zsp1chojna.pl\/wp-content\/uploads\/2023\/09\/dzienwody-3.jpg 400w, https:\/\/zsp1chojna.pl\/wp-content\/uploads\/2023\/09\/dzienwody-3-300x200.jpg 300w, https:\/\/zsp1chojna.pl\/wp-content\/uploads\/2023\/09\/dzienwody-3-84x56.jpg 84w\" sizes=\"auto, (max-width: 400px) 100vw, 400px\" \/><\/figure>\n<\/div>\n\n\n<p class=\"has-text-align-justify\">Uczniowie przygotowali wiele ciekawostek o wodzie i jej w\u0142a\u015bciwo\u015bciach fizycznych i chemicznych, kt\u00f3re by\u0142y przedstawione w formie plakat\u00f3w. Rozdawali tak\u017ce ulotki z informacjami oraz butelki wody mineralnej. Przeczyta\u0107 mo\u017cna by\u0142o r\u00f3wnie\u017c o tym, \u017ce ka\u017cdy z nas ma realny wp\u0142yw na przeciwdzia\u0142anie problemowi wodnemu. Wystarczy zwr\u00f3ci\u0107 wi\u0119cej uwagi na to, jak korzystamy z zasob\u00f3w wodnych na co dzie\u0144.<\/p>\n\n\n<div class=\"wp-block-image\">\n<figure class=\"aligncenter size-full\"><img loading=\"lazy\" decoding=\"async\" width=\"400\" height=\"267\" data-attachment-id=\"4752\" data-permalink=\"https:\/\/zsp1chojna.pl\/?attachment_id=4752\" data-orig-file=\"https:\/\/zsp1chojna.pl\/wp-content\/uploads\/2023\/09\/dzienwody.jpg\" data-orig-size=\"400,267\" data-comments-opened=\"1\" data-image-meta=\"{&quot;aperture&quot;:&quot;4&quot;,&quot;credit&quot;:&quot;&quot;,&quot;camera&quot;:&quot;Canon EOS 550D&quot;,&quot;caption&quot;:&quot;&quot;,&quot;created_timestamp&quot;:&quot;1329389363&quot;,&quot;copyright&quot;:&quot;&quot;,&quot;focal_length&quot;:&quot;18&quot;,&quot;iso&quot;:&quot;400&quot;,&quot;shutter_speed&quot;:&quot;0.016666666666667&quot;,&quot;title&quot;:&quot;&quot;,&quot;orientation&quot;:&quot;1&quot;}\" data-image-title=\"dzienwody\" data-image-description=\"\" data-image-caption=\"\" data-medium-file=\"https:\/\/zsp1chojna.pl\/wp-content\/uploads\/2023\/09\/dzienwody-300x200.jpg\" data-large-file=\"https:\/\/zsp1chojna.pl\/wp-content\/uploads\/2023\/09\/dzienwody.jpg\" src=\"https:\/\/zsp1chojna.pl\/wp-content\/uploads\/2023\/09\/dzienwody.jpg\" alt=\"\" class=\"wp-image-4752\" srcset=\"https:\/\/zsp1chojna.pl\/wp-content\/uploads\/2023\/09\/dzienwody.jpg 400w, https:\/\/zsp1chojna.pl\/wp-content\/uploads\/2023\/09\/dzienwody-300x200.jpg 300w, https:\/\/zsp1chojna.pl\/wp-content\/uploads\/2023\/09\/dzienwody-84x56.jpg 84w\" sizes=\"auto, (max-width: 400px) 100vw, 400px\" \/><\/figure>\n<\/div>\n\n\n<p class=\"has-text-align-justify\">Wa\u017cn\u0105 cz\u0119\u015bci\u0105 obchod\u00f3w Dnia Wody by\u0142o przy\u0142\u0105czenie si\u0119 do og\u00f3lnopolskiej akcji \u201eStudnia dla Po\u0142udnia\u201d, kt\u00f3rej celem jest wspieranie mieszka\u0144c\u00f3w Sudanu Po\u0142udniowego w uzyskiwaniu dost\u0119pu do bezpiecznej wody pitnej. W miesi\u0105cu lutym uczniowie zorganizowali akcj\u0119 sprzeda\u017cy b\u0142\u0119kitnych rzemykowych bransoletek. Doch\u00f3d ze sprzeda\u017cy przekazany zosta\u0142 Polskiej Akcji Humanitarnej na budow\u0119 studni dla dzieci w szkole Du Cum w Sudanie po\u0142udniowym.<\/p>\n\n\n<div class=\"wp-block-image\">\n<figure class=\"aligncenter size-large is-resized\"><img loading=\"lazy\" decoding=\"async\" data-attachment-id=\"4754\" data-permalink=\"https:\/\/zsp1chojna.pl\/?attachment_id=4754\" data-orig-file=\"https:\/\/zsp1chojna.pl\/wp-content\/uploads\/2023\/09\/ulotka-dzien-wody-1.png\" data-orig-size=\"1024,1326\" data-comments-opened=\"1\" data-image-meta=\"{&quot;aperture&quot;:&quot;0&quot;,&quot;credit&quot;:&quot;&quot;,&quot;camera&quot;:&quot;&quot;,&quot;caption&quot;:&quot;&quot;,&quot;created_timestamp&quot;:&quot;0&quot;,&quot;copyright&quot;:&quot;&quot;,&quot;focal_length&quot;:&quot;0&quot;,&quot;iso&quot;:&quot;0&quot;,&quot;shutter_speed&quot;:&quot;0&quot;,&quot;title&quot;:&quot;&quot;,&quot;orientation&quot;:&quot;0&quot;}\" data-image-title=\"ulotka-dzien-wody-1\" data-image-description=\"\" data-image-caption=\"\" data-medium-file=\"https:\/\/zsp1chojna.pl\/wp-content\/uploads\/2023\/09\/ulotka-dzien-wody-1-232x300.png\" data-large-file=\"https:\/\/zsp1chojna.pl\/wp-content\/uploads\/2023\/09\/ulotka-dzien-wody-1-791x1024.png\" src=\"https:\/\/zsp1chojna.pl\/wp-content\/uploads\/2023\/09\/ulotka-dzien-wody-1-791x1024.png\" alt=\"\" class=\"wp-image-4754\" style=\"width:701px;height:907px\" width=\"701\" height=\"907\" srcset=\"https:\/\/zsp1chojna.pl\/wp-content\/uploads\/2023\/09\/ulotka-dzien-wody-1-791x1024.png 791w, https:\/\/zsp1chojna.pl\/wp-content\/uploads\/2023\/09\/ulotka-dzien-wody-1-232x300.png 232w, https:\/\/zsp1chojna.pl\/wp-content\/uploads\/2023\/09\/ulotka-dzien-wody-1-768x995.png 768w, https:\/\/zsp1chojna.pl\/wp-content\/uploads\/2023\/09\/ulotka-dzien-wody-1-947x1226.png 947w, https:\/\/zsp1chojna.pl\/wp-content\/uploads\/2023\/09\/ulotka-dzien-wody-1-624x808.png 624w, https:\/\/zsp1chojna.pl\/wp-content\/uploads\/2023\/09\/ulotka-dzien-wody-1.png 1024w\" sizes=\"auto, (max-width: 701px) 100vw, 701px\" \/><\/figure>\n<\/div>","protected":false},"excerpt":{"rendered":"<p>22&nbsp;marca obchodzony jest \u015awiatowy Dzie\u0144 Wody, kt\u00f3ry&nbsp;zosta\u0142 ustanowiony rezolucj\u0105 w&nbsp;1992&nbsp;r. przez&nbsp;ONZ&nbsp;w ramach&nbsp;Agendy 21, w&nbsp;czasie konferencji&nbsp;Szczyt Ziemi 1992&nbsp;w&nbsp;Rio de Janeiro&nbsp;w Brazylii. Powodem by\u0142 narastaj\u0105cy kryzys wodny i&nbsp;powszechne zmniejszenie zasob\u00f3w wody na&nbsp;\u015bwiecie. [&hellip;]<\/p>\n","protected":false},"author":1,"featured_media":0,"comment_status":"open","ping_status":"open","sticky":false,"template":"","format":"standard","meta":{"footnotes":""},"categories":[16],"tags":[],"class_list":["post-4749","post","type-post","status-publish","format-standard","hentry","category-aktualnosci-2011-2012"],"wbAuthor":{"name":"admin","link":"https:\/\/zsp1chojna.pl\/?author=1"},"wbDate":"mar 22, 2012","wbCategories":{"space":"<a href=\"https:\/\/zsp1chojna.pl\/?cat=16\" rel=\"category\">Aktualno\u015bci 2011\/2012<\/a>","coma":"<a href=\"https:\/\/zsp1chojna.pl\/?cat=16\" rel=\"category\">Aktualno\u015bci 2011\/2012<\/a>"},"wbComment":0,"yoast_head":"<!-- This site is optimized with the Yoast SEO plugin v20.13 - https:\/\/yoast.com\/wordpress\/plugins\/seo\/ -->\n<title>Obchodzili\u015bmy w szkole \u015awiatowy Dzie\u0144 Wody - ZSP w Chojnie<\/title>\n<meta name=\"robots\" content=\"index, follow, max-snippet:-1, max-image-preview:large, max-video-preview:-1\" \/>\n<link rel=\"canonical\" href=\"https:\/\/zsp1chojna.pl\/?p=4749\" \/>\n<meta property=\"og:locale\" content=\"pl_PL\" \/>\n<meta property=\"og:type\" content=\"article\" \/>\n<meta property=\"og:title\" content=\"Obchodzili\u015bmy w szkole \u015awiatowy Dzie\u0144 Wody - ZSP w Chojnie\" \/>\n<meta property=\"og:description\" content=\"22&nbsp;marca obchodzony jest \u015awiatowy Dzie\u0144 Wody, kt\u00f3ry&nbsp;zosta\u0142 ustanowiony rezolucj\u0105 w&nbsp;1992&nbsp;r. przez&nbsp;ONZ&nbsp;w ramach&nbsp;Agendy 21, w&nbsp;czasie konferencji&nbsp;Szczyt Ziemi 1992&nbsp;w&nbsp;Rio de Janeiro&nbsp;w Brazylii. Powodem by\u0142 narastaj\u0105cy kryzys wodny i&nbsp;powszechne zmniejszenie zasob\u00f3w wody na&nbsp;\u015bwiecie. [&hellip;]\" \/>\n<meta property=\"og:url\" content=\"https:\/\/zsp1chojna.pl\/?p=4749\" \/>\n<meta property=\"og:site_name\" content=\"ZSP w Chojnie\" \/>\n<meta property=\"article:published_time\" content=\"2012-03-22T22:05:00+00:00\" \/>\n<meta property=\"article:modified_time\" content=\"2023-09-10T21:08:53+00:00\" \/>\n<meta property=\"og:image\" content=\"https:\/\/zsp1chojna.pl\/wp-content\/uploads\/2023\/09\/dzienwody-2.jpg\" \/>\n<meta name=\"author\" content=\"admin\" \/>\n<meta name=\"twitter:card\" content=\"summary_large_image\" \/>\n<meta name=\"twitter:label1\" content=\"Napisane przez\" \/>\n\t<meta name=\"twitter:data1\" content=\"admin\" \/>\n\t<meta name=\"twitter:label2\" content=\"Szacowany czas czytania\" \/>\n\t<meta name=\"twitter:data2\" content=\"3 minuty\" \/>\n<script type=\"application\/ld+json\" class=\"yoast-schema-graph\">{\"@context\":\"https:\/\/schema.org\",\"@graph\":[{\"@type\":\"Article\",\"@id\":\"https:\/\/zsp1chojna.pl\/?p=4749#article\",\"isPartOf\":{\"@id\":\"https:\/\/zsp1chojna.pl\/?p=4749\"},\"author\":{\"name\":\"admin\",\"@id\":\"https:\/\/zsp1chojna.pl\/#\/schema\/person\/fe8d6c03379c9cface386de0c172e127\"},\"headline\":\"Obchodzili\u015bmy w szkole \u015awiatowy Dzie\u0144 Wody\",\"datePublished\":\"2012-03-22T22:05:00+00:00\",\"dateModified\":\"2023-09-10T21:08:53+00:00\",\"mainEntityOfPage\":{\"@id\":\"https:\/\/zsp1chojna.pl\/?p=4749\"},\"wordCount\":440,\"commentCount\":0,\"publisher\":{\"@id\":\"https:\/\/zsp1chojna.pl\/#organization\"},\"articleSection\":[\"Aktualno\u015bci 2011\/2012\"],\"inLanguage\":\"pl-PL\",\"potentialAction\":[{\"@type\":\"CommentAction\",\"name\":\"Comment\",\"target\":[\"https:\/\/zsp1chojna.pl\/?p=4749#respond\"]}]},{\"@type\":\"WebPage\",\"@id\":\"https:\/\/zsp1chojna.pl\/?p=4749\",\"url\":\"https:\/\/zsp1chojna.pl\/?p=4749\",\"name\":\"Obchodzili\u015bmy w szkole \u015awiatowy Dzie\u0144 Wody - ZSP w Chojnie\",\"isPartOf\":{\"@id\":\"https:\/\/zsp1chojna.pl\/#website\"},\"datePublished\":\"2012-03-22T22:05:00+00:00\",\"dateModified\":\"2023-09-10T21:08:53+00:00\",\"breadcrumb\":{\"@id\":\"https:\/\/zsp1chojna.pl\/?p=4749#breadcrumb\"},\"inLanguage\":\"pl-PL\",\"potentialAction\":[{\"@type\":\"ReadAction\",\"target\":[\"https:\/\/zsp1chojna.pl\/?p=4749\"]}]},{\"@type\":\"BreadcrumbList\",\"@id\":\"https:\/\/zsp1chojna.pl\/?p=4749#breadcrumb\",\"itemListElement\":[{\"@type\":\"ListItem\",\"position\":1,\"name\":\"Home\",\"item\":\"https:\/\/zsp1chojna.pl\/\"},{\"@type\":\"ListItem\",\"position\":2,\"name\":\"Obchodzili\u015bmy w&nbsp;szkole \u015awiatowy Dzie\u0144 Wody\"}]},{\"@type\":\"WebSite\",\"@id\":\"https:\/\/zsp1chojna.pl\/#website\",\"url\":\"https:\/\/zsp1chojna.pl\/\",\"name\":\"ZSP w Chojnie\",\"description\":\"\",\"publisher\":{\"@id\":\"https:\/\/zsp1chojna.pl\/#organization\"},\"potentialAction\":[{\"@type\":\"SearchAction\",\"target\":{\"@type\":\"EntryPoint\",\"urlTemplate\":\"https:\/\/zsp1chojna.pl\/?s={search_term_string}\"},\"query-input\":\"required name=search_term_string\"}],\"inLanguage\":\"pl-PL\"},{\"@type\":\"Organization\",\"@id\":\"https:\/\/zsp1chojna.pl\/#organization\",\"name\":\"ZSP w Chojnie\",\"url\":\"https:\/\/zsp1chojna.pl\/\",\"logo\":{\"@type\":\"ImageObject\",\"inLanguage\":\"pl-PL\",\"@id\":\"https:\/\/zsp1chojna.pl\/#\/schema\/logo\/image\/\",\"url\":\"https:\/\/zsp1chojna.pl\/wp-content\/uploads\/2023\/08\/cropped-cropped-cropped-Logo-biale-napis-na-3-wiersze_504-1.png\",\"contentUrl\":\"https:\/\/zsp1chojna.pl\/wp-content\/uploads\/2023\/08\/cropped-cropped-cropped-Logo-biale-napis-na-3-wiersze_504-1.png\",\"width\":504,\"height\":167,\"caption\":\"ZSP w Chojnie\"},\"image\":{\"@id\":\"https:\/\/zsp1chojna.pl\/#\/schema\/logo\/image\/\"}},{\"@type\":\"Person\",\"@id\":\"https:\/\/zsp1chojna.pl\/#\/schema\/person\/fe8d6c03379c9cface386de0c172e127\",\"name\":\"admin\",\"image\":{\"@type\":\"ImageObject\",\"inLanguage\":\"pl-PL\",\"@id\":\"https:\/\/zsp1chojna.pl\/#\/schema\/person\/image\/\",\"url\":\"https:\/\/secure.gravatar.com\/avatar\/35d79b1d799ff9bac401976862e535bf785f4039d8313d3c00b303598a46dd4e?s=96&d=mm&r=g\",\"contentUrl\":\"https:\/\/secure.gravatar.com\/avatar\/35d79b1d799ff9bac401976862e535bf785f4039d8313d3c00b303598a46dd4e?s=96&d=mm&r=g\",\"caption\":\"admin\"},\"sameAs\":[\"http:\/\/nowazspchojna.pl\"],\"url\":\"https:\/\/zsp1chojna.pl\/?author=1\"}]}<\/script>\n<!-- \/ Yoast SEO plugin. -->","yoast_head_json":{"title":"Obchodzili\u015bmy w szkole \u015awiatowy Dzie\u0144 Wody - ZSP w Chojnie","robots":{"index":"index","follow":"follow","max-snippet":"max-snippet:-1","max-image-preview":"max-image-preview:large","max-video-preview":"max-video-preview:-1"},"canonical":"https:\/\/zsp1chojna.pl\/?p=4749","og_locale":"pl_PL","og_type":"article","og_title":"Obchodzili\u015bmy w szkole \u015awiatowy Dzie\u0144 Wody - ZSP w Chojnie","og_description":"22&nbsp;marca obchodzony jest \u015awiatowy Dzie\u0144 Wody, kt\u00f3ry&nbsp;zosta\u0142 ustanowiony rezolucj\u0105 w&nbsp;1992&nbsp;r. przez&nbsp;ONZ&nbsp;w ramach&nbsp;Agendy 21, w&nbsp;czasie konferencji&nbsp;Szczyt Ziemi 1992&nbsp;w&nbsp;Rio de Janeiro&nbsp;w Brazylii. Powodem by\u0142 narastaj\u0105cy kryzys wodny i&nbsp;powszechne zmniejszenie zasob\u00f3w wody na&nbsp;\u015bwiecie. [&hellip;]","og_url":"https:\/\/zsp1chojna.pl\/?p=4749","og_site_name":"ZSP w Chojnie","article_published_time":"2012-03-22T22:05:00+00:00","article_modified_time":"2023-09-10T21:08:53+00:00","og_image":[{"url":"https:\/\/zsp1chojna.pl\/wp-content\/uploads\/2023\/09\/dzienwody-2.jpg"}],"author":"admin","twitter_card":"summary_large_image","twitter_misc":{"Napisane przez":"admin","Szacowany czas czytania":"3 minuty"},"schema":{"@context":"https:\/\/schema.org","@graph":[{"@type":"Article","@id":"https:\/\/zsp1chojna.pl\/?p=4749#article","isPartOf":{"@id":"https:\/\/zsp1chojna.pl\/?p=4749"},"author":{"name":"admin","@id":"https:\/\/zsp1chojna.pl\/#\/schema\/person\/fe8d6c03379c9cface386de0c172e127"},"headline":"Obchodzili\u015bmy w szkole \u015awiatowy Dzie\u0144 Wody","datePublished":"2012-03-22T22:05:00+00:00","dateModified":"2023-09-10T21:08:53+00:00","mainEntityOfPage":{"@id":"https:\/\/zsp1chojna.pl\/?p=4749"},"wordCount":440,"commentCount":0,"publisher":{"@id":"https:\/\/zsp1chojna.pl\/#organization"},"articleSection":["Aktualno\u015bci 2011\/2012"],"inLanguage":"pl-PL","potentialAction":[{"@type":"CommentAction","name":"Comment","target":["https:\/\/zsp1chojna.pl\/?p=4749#respond"]}]},{"@type":"WebPage","@id":"https:\/\/zsp1chojna.pl\/?p=4749","url":"https:\/\/zsp1chojna.pl\/?p=4749","name":"Obchodzili\u015bmy w szkole \u015awiatowy Dzie\u0144 Wody - ZSP w Chojnie","isPartOf":{"@id":"https:\/\/zsp1chojna.pl\/#website"},"datePublished":"2012-03-22T22:05:00+00:00","dateModified":"2023-09-10T21:08:53+00:00","breadcrumb":{"@id":"https:\/\/zsp1chojna.pl\/?p=4749#breadcrumb"},"inLanguage":"pl-PL","potentialAction":[{"@type":"ReadAction","target":["https:\/\/zsp1chojna.pl\/?p=4749"]}]},{"@type":"BreadcrumbList","@id":"https:\/\/zsp1chojna.pl\/?p=4749#breadcrumb","itemListElement":[{"@type":"ListItem","position":1,"name":"Home","item":"https:\/\/zsp1chojna.pl\/"},{"@type":"ListItem","position":2,"name":"Obchodzili\u015bmy w&nbsp;szkole \u015awiatowy Dzie\u0144 Wody"}]},{"@type":"WebSite","@id":"https:\/\/zsp1chojna.pl\/#website","url":"https:\/\/zsp1chojna.pl\/","name":"ZSP w Chojnie","description":"","publisher":{"@id":"https:\/\/zsp1chojna.pl\/#organization"},"potentialAction":[{"@type":"SearchAction","target":{"@type":"EntryPoint","urlTemplate":"https:\/\/zsp1chojna.pl\/?s={search_term_string}"},"query-input":"required name=search_term_string"}],"inLanguage":"pl-PL"},{"@type":"Organization","@id":"https:\/\/zsp1chojna.pl\/#organization","name":"ZSP w Chojnie","url":"https:\/\/zsp1chojna.pl\/","logo":{"@type":"ImageObject","inLanguage":"pl-PL","@id":"https:\/\/zsp1chojna.pl\/#\/schema\/logo\/image\/","url":"https:\/\/zsp1chojna.pl\/wp-content\/uploads\/2023\/08\/cropped-cropped-cropped-Logo-biale-napis-na-3-wiersze_504-1.png","contentUrl":"https:\/\/zsp1chojna.pl\/wp-content\/uploads\/2023\/08\/cropped-cropped-cropped-Logo-biale-napis-na-3-wiersze_504-1.png","width":504,"height":167,"caption":"ZSP w Chojnie"},"image":{"@id":"https:\/\/zsp1chojna.pl\/#\/schema\/logo\/image\/"}},{"@type":"Person","@id":"https:\/\/zsp1chojna.pl\/#\/schema\/person\/fe8d6c03379c9cface386de0c172e127","name":"admin","image":{"@type":"ImageObject","inLanguage":"pl-PL","@id":"https:\/\/zsp1chojna.pl\/#\/schema\/person\/image\/","url":"https:\/\/secure.gravatar.com\/avatar\/35d79b1d799ff9bac401976862e535bf785f4039d8313d3c00b303598a46dd4e?s=96&d=mm&r=g","contentUrl":"https:\/\/secure.gravatar.com\/avatar\/35d79b1d799ff9bac401976862e535bf785f4039d8313d3c00b303598a46dd4e?s=96&d=mm&r=g","caption":"admin"},"sameAs":["http:\/\/nowazspchojna.pl"],"url":"https:\/\/zsp1chojna.pl\/?author=1"}]}},"jetpack_featured_media_url":"","_links":{"self":[{"href":"https:\/\/zsp1chojna.pl\/index.php?rest_route=\/wp\/v2\/posts\/4749","targetHints":{"allow":["GET"]}}],"collection":[{"href":"https:\/\/zsp1chojna.pl\/index.php?rest_route=\/wp\/v2\/posts"}],"about":[{"href":"https:\/\/zsp1chojna.pl\/index.php?rest_route=\/wp\/v2\/types\/post"}],"author":[{"embeddable":true,"href":"https:\/\/zsp1chojna.pl\/index.php?rest_route=\/wp\/v2\/users\/1"}],"replies":[{"embeddable":true,"href":"https:\/\/zsp1chojna.pl\/index.php?rest_route=%2Fwp%2Fv2%2Fcomments&post=4749"}],"version-history":[{"count":1,"href":"https:\/\/zsp1chojna.pl\/index.php?rest_route=\/wp\/v2\/posts\/4749\/revisions"}],"predecessor-version":[{"id":4755,"href":"https:\/\/zsp1chojna.pl\/index.php?rest_route=\/wp\/v2\/posts\/4749\/revisions\/4755"}],"wp:attachment":[{"href":"https:\/\/zsp1chojna.pl\/index.php?rest_route=%2Fwp%2Fv2%2Fmedia&parent=4749"}],"wp:term":[{"taxonomy":"category","embeddable":true,"href":"https:\/\/zsp1chojna.pl\/index.php?rest_route=%2Fwp%2Fv2%2Fcategories&post=4749"},{"taxonomy":"post_tag","embeddable":true,"href":"https:\/\/zsp1chojna.pl\/index.php?rest_route=%2Fwp%2Fv2%2Ftags&post=4749"}],"curies":[{"name":"wp","href":"https:\/\/api.w.org\/{rel}","templated":true}]}}