{"id":4527,"date":"2012-10-02T23:20:00","date_gmt":"2012-10-02T21:20:00","guid":{"rendered":"https:\/\/zsp1chojna.pl\/?p=4527"},"modified":"2023-09-05T23:23:26","modified_gmt":"2023-09-05T21:23:26","slug":"projekt-szkola-w-spolecznosci-spolecznosc-w-szkole","status":"publish","type":"post","link":"https:\/\/zsp1chojna.pl\/?p=4527","title":{"rendered":"Projekt \u201eSzko\u0142a w\u00a0spo\u0142eczno\u015bci \u2013 spo\u0142eczno\u015b\u0107 w\u00a0szkole\u201d"},"content":{"rendered":"\n<p class=\"has-text-align-justify\">Powiat Gryfi\u0144ski, Zesp\u00f3\u0142 Szk\u00f3\u0142 Ponadgimnazjalnych Nr&nbsp;1&nbsp;w&nbsp;Chojnie oraz&nbsp;Stowarzyszenie Douzelage w&nbsp;Chojnie z&nbsp;polskiej strony oraz&nbsp;St. Thomas More College, Primary School Marsaskala oraz&nbsp;Strategies of Interaktive Training Foundation ze&nbsp;strony malta\u0144skiej w&nbsp;ramach programu Comenius Regio rozpocz\u0119\u0142y realizacj\u0119 projektu \u201eSzko\u0142a w&nbsp;spo\u0142eczno\u015bci \u2013 spo\u0142eczno\u015b\u0107 w&nbsp;szkole\u201d.<br>Celem projektu jest wykorzystanie do\u015bwiadczenia instytucji edukacyjnych w&nbsp;obu regionach partnerskich wobec specyficznych problem\u00f3w ka\u017cdej organizacji i&nbsp;ich wsp\u00f3\u0142pracy ze&nbsp;spo\u0142eczno\u015bci\u0105 lokaln\u0105, a&nbsp;tak\u017ce zaanga\u017cowanie poszczeg\u00f3lnych instytucji w&nbsp;proces nauczania i&nbsp;uczenia si\u0119. Projekt zak\u0142ada przyjrzenie si\u0119:<br>\u2013 edukacji w&nbsp;Europie, wsp\u00f3\u0142pracy lokalnych w\u0142adz, szk\u00f3\u0142 i&nbsp;organizacji pozarz\u0105dowych,<br>\u2013 programom europejskim (Comenius, Leonardo da Vinci, M\u0142odzie\u017c w&nbsp;Dzia\u0142aniu, Europa dla Obywateli) i&nbsp;ich roli w&nbsp;\u017cyciu szko\u0142y i&nbsp;lokalnej spo\u0142eczno\u015bci,<br>\u2013 lokalnym rynkom pracy, biznesowi i&nbsp;ich zaanga\u017cowaniu w&nbsp;szkolenie w&nbsp;szko\u0142ach, wsp\u00f3\u0142pracy mi\u0119dzy szko\u0142ami a&nbsp;potencjalnymi pracodawcami,<br>\u2013 edukacji kulturalnej i&nbsp;artystycznej, jak r\u00f3\u017cnorodne organizacje wspieraj\u0105 system edukacji,<br>\u2013 formalnym i&nbsp;nieformalnym po\u0142\u0105czeniom mi\u0119dzy szko\u0142ami, lokalnymi w\u0142adzami i&nbsp;rodzicami,<br>\u2013 wsp\u00f3\u0142pracy mi\u0119dzy szko\u0142ami a&nbsp;ich organami prowadz\u0105cymi.<\/p>\n\n\n<div class=\"wp-block-image\">\n<figure class=\"aligncenter size-full is-resized\"><img loading=\"lazy\" decoding=\"async\" data-attachment-id=\"4532\" data-permalink=\"https:\/\/zsp1chojna.pl\/?attachment_id=4532\" data-orig-file=\"https:\/\/zsp1chojna.pl\/wp-content\/uploads\/2023\/09\/malta_2012.jpg\" data-orig-size=\"450,338\" data-comments-opened=\"1\" data-image-meta=\"{&quot;aperture&quot;:&quot;0&quot;,&quot;credit&quot;:&quot;&quot;,&quot;camera&quot;:&quot;&quot;,&quot;caption&quot;:&quot;&quot;,&quot;created_timestamp&quot;:&quot;0&quot;,&quot;copyright&quot;:&quot;&quot;,&quot;focal_length&quot;:&quot;0&quot;,&quot;iso&quot;:&quot;0&quot;,&quot;shutter_speed&quot;:&quot;0&quot;,&quot;title&quot;:&quot;&quot;,&quot;orientation&quot;:&quot;0&quot;}\" data-image-title=\"malta_2012\" data-image-description=\"\" data-image-caption=\"\" data-medium-file=\"https:\/\/zsp1chojna.pl\/wp-content\/uploads\/2023\/09\/malta_2012-300x225.jpg\" data-large-file=\"https:\/\/zsp1chojna.pl\/wp-content\/uploads\/2023\/09\/malta_2012.jpg\" src=\"https:\/\/zsp1chojna.pl\/wp-content\/uploads\/2023\/09\/malta_2012.jpg\" alt=\"Przebieg projektu\" class=\"wp-image-4532\" style=\"width:450px;height:338px\" width=\"450\" height=\"338\" srcset=\"https:\/\/zsp1chojna.pl\/wp-content\/uploads\/2023\/09\/malta_2012.jpg 450w, https:\/\/zsp1chojna.pl\/wp-content\/uploads\/2023\/09\/malta_2012-300x225.jpg 300w\" sizes=\"auto, (max-width: 450px) 100vw, 450px\" \/><\/figure>\n<\/div>\n\n\n<p class=\"has-text-align-justify\">W&nbsp;dniach od&nbsp;2.10.2012&nbsp;r. do&nbsp;6.10.2012&nbsp;r. odby\u0142o si\u0119 pierwsze spotkanie partner\u00f3w w&nbsp;Marsaskali na&nbsp;Malcie. Podczas spotkania z&nbsp;Burmistrzem Marsaskali Mario Calleja oraz&nbsp;Pani\u0105 Josephine Mifsud kieruj\u0105c\u0105 St. Thomas More College uczestnicy projektu zostali zapoznani z&nbsp;zasadami wsp\u00f3\u0142pracy St. Thomas More College z&nbsp;lokalnym samorz\u0105dem, a&nbsp;Mark Causon przedstawi\u0142 i&nbsp;om\u00f3wi\u0142 funkcjonowanie swojej fundacji. Podczas spotkania pad\u0142o wiele ciekawych pyta\u0144 zwi\u0105zanych ze&nbsp;wsp\u00f3\u0142prac\u0105 szko\u0142y zar\u00f3wno z&nbsp;burmistrzem, jak i&nbsp;innymi organizacjami wspieraj\u0105cymi prac\u0119 szko\u0142y. Pani Josephine Mifsud kr\u00f3tko przedstawi\u0142a i&nbsp;om\u00f3wi\u0142a malta\u0144ski system edukacji zadaj\u0105c pytania dotycz\u0105ce polskiego systemu edukacji. Natychmiast wychwytywano podobie\u0144stwa i&nbsp;r\u00f3\u017cnice obu system\u00f3w oraz&nbsp;problemy pojawiaj\u0105ce si\u0119 w&nbsp;funkcjonowaniu plac\u00f3wek.<\/p>\n\n\n<div class=\"wp-block-image\">\n<figure class=\"aligncenter size-full\"><img loading=\"lazy\" decoding=\"async\" width=\"450\" height=\"338\" data-attachment-id=\"4531\" data-permalink=\"https:\/\/zsp1chojna.pl\/?attachment_id=4531\" data-orig-file=\"https:\/\/zsp1chojna.pl\/wp-content\/uploads\/2023\/09\/malta_2012-2.jpg\" data-orig-size=\"450,338\" data-comments-opened=\"1\" data-image-meta=\"{&quot;aperture&quot;:&quot;0&quot;,&quot;credit&quot;:&quot;&quot;,&quot;camera&quot;:&quot;&quot;,&quot;caption&quot;:&quot;&quot;,&quot;created_timestamp&quot;:&quot;0&quot;,&quot;copyright&quot;:&quot;&quot;,&quot;focal_length&quot;:&quot;0&quot;,&quot;iso&quot;:&quot;0&quot;,&quot;shutter_speed&quot;:&quot;0&quot;,&quot;title&quot;:&quot;&quot;,&quot;orientation&quot;:&quot;0&quot;}\" data-image-title=\"malta_2012-2\" data-image-description=\"\" data-image-caption=\"\" data-medium-file=\"https:\/\/zsp1chojna.pl\/wp-content\/uploads\/2023\/09\/malta_2012-2-300x225.jpg\" data-large-file=\"https:\/\/zsp1chojna.pl\/wp-content\/uploads\/2023\/09\/malta_2012-2.jpg\" src=\"https:\/\/zsp1chojna.pl\/wp-content\/uploads\/2023\/09\/malta_2012-2.jpg\" alt=\"Przebieg projektu\" class=\"wp-image-4531\" srcset=\"https:\/\/zsp1chojna.pl\/wp-content\/uploads\/2023\/09\/malta_2012-2.jpg 450w, https:\/\/zsp1chojna.pl\/wp-content\/uploads\/2023\/09\/malta_2012-2-300x225.jpg 300w\" sizes=\"auto, (max-width: 450px) 100vw, 450px\" \/><\/figure>\n<\/div>\n\n\n<p class=\"has-text-align-justify\">&nbsp;Okazj\u0105 do&nbsp;zadania szczeg\u00f3\u0142owych pyta\u0144 by\u0142a wizyta w&nbsp;Szkole Podstawowej w&nbsp;Marsaskali. Dyrektor szko\u0142y, Pan Wilfred Cassar, przedstawi\u0142 uczestnikom projektu histori\u0119 szko\u0142y, a&nbsp;nast\u0119pnie wszyscy zwiedzili plac\u00f3wk\u0119. Okaza\u0142o si\u0119, \u017ce&nbsp;zakres materia\u0142u, metody i&nbsp;formy pracy stosowane w&nbsp;szko\u0142ach malta\u0144skich s\u0105 bardzo podobne do&nbsp;stosowanych w&nbsp;polskich szko\u0142ach. Podczas spotkania w&nbsp;szkole uczestnicy projektu mieli mo\u017cliwo\u015b\u0107 zadania wielu pyta\u0144 dotycz\u0105cych wsp\u00f3\u0142pracy z&nbsp;rodzicami, wsparcia pedagogiczno \u2013 psychologicznego, terapeut\u00f3w, doradc\u00f3w zawodowych oraz&nbsp;nauczycieli wspomagaj\u0105cych prac\u0119 z&nbsp;dzie\u0107mi z&nbsp;dysfunkcjami. Pad\u0142o wiele pyta\u0144 dotycz\u0105cych zatrudniania nauczycieli, ich awansu zawodowego, mo\u017cliwo\u015bci rozwoju i&nbsp;dofinansowania dokszta\u0142cania i&nbsp;doskonalenia zawodowego. Pani Dyrektor powiedzia\u0142a, \u017ce&nbsp;Malta nie&nbsp;posiada \u017cadnych bogactw naturalnych i&nbsp;najlepsz\u0105 inwestycj\u0105 jest inwestycja w&nbsp;ludzi, ich rozw\u00f3j i&nbsp;edukacj\u0119. Spotkanie przebiega\u0142o w&nbsp;sympatycznej i&nbsp;tw\u00f3rczej atmosferze szczeg\u00f3lnie, gdy&nbsp;okaza\u0142o si\u0119 jak wiele jest podobie\u0144stw w&nbsp;funkcjonowaniu naszych szk\u00f3\u0142.<\/p>\n\n\n<div class=\"wp-block-image\">\n<figure class=\"aligncenter size-full\"><img loading=\"lazy\" decoding=\"async\" width=\"450\" height=\"299\" data-attachment-id=\"4530\" data-permalink=\"https:\/\/zsp1chojna.pl\/?attachment_id=4530\" data-orig-file=\"https:\/\/zsp1chojna.pl\/wp-content\/uploads\/2023\/09\/malta_2012-3.jpg\" data-orig-size=\"450,299\" data-comments-opened=\"1\" data-image-meta=\"{&quot;aperture&quot;:&quot;0&quot;,&quot;credit&quot;:&quot;&quot;,&quot;camera&quot;:&quot;&quot;,&quot;caption&quot;:&quot;&quot;,&quot;created_timestamp&quot;:&quot;0&quot;,&quot;copyright&quot;:&quot;&quot;,&quot;focal_length&quot;:&quot;0&quot;,&quot;iso&quot;:&quot;0&quot;,&quot;shutter_speed&quot;:&quot;0&quot;,&quot;title&quot;:&quot;&quot;,&quot;orientation&quot;:&quot;0&quot;}\" data-image-title=\"malta_2012-3\" data-image-description=\"\" data-image-caption=\"\" data-medium-file=\"https:\/\/zsp1chojna.pl\/wp-content\/uploads\/2023\/09\/malta_2012-3-300x199.jpg\" data-large-file=\"https:\/\/zsp1chojna.pl\/wp-content\/uploads\/2023\/09\/malta_2012-3.jpg\" src=\"https:\/\/zsp1chojna.pl\/wp-content\/uploads\/2023\/09\/malta_2012-3.jpg\" alt=\"Przebieg projektu\" class=\"wp-image-4530\" srcset=\"https:\/\/zsp1chojna.pl\/wp-content\/uploads\/2023\/09\/malta_2012-3.jpg 450w, https:\/\/zsp1chojna.pl\/wp-content\/uploads\/2023\/09\/malta_2012-3-300x199.jpg 300w, https:\/\/zsp1chojna.pl\/wp-content\/uploads\/2023\/09\/malta_2012-3-84x56.jpg 84w\" sizes=\"auto, (max-width: 450px) 100vw, 450px\" \/><\/figure>\n<\/div>\n\n\n<p>Uczestnicy projektu zwiedzili stolic\u0119 Malty Vallett\u0119 oraz&nbsp;wysp\u0119 Gozo. Malta urzek\u0142a wszystkich pi\u0119knymi krajobrazami, zabytkami a&nbsp;przede wszystkim ciep\u0142em, \u017cyczliwo\u015bci\u0105 i&nbsp;serdeczno\u015bci\u0105 Malta\u0144czyk\u00f3w.<\/p>\n\n\n<div class=\"wp-block-image\">\n<figure class=\"aligncenter size-full\"><img loading=\"lazy\" decoding=\"async\" width=\"450\" height=\"338\" data-attachment-id=\"4529\" data-permalink=\"https:\/\/zsp1chojna.pl\/?attachment_id=4529\" data-orig-file=\"https:\/\/zsp1chojna.pl\/wp-content\/uploads\/2023\/09\/malta_2012-4.jpg\" data-orig-size=\"450,338\" data-comments-opened=\"1\" data-image-meta=\"{&quot;aperture&quot;:&quot;0&quot;,&quot;credit&quot;:&quot;&quot;,&quot;camera&quot;:&quot;&quot;,&quot;caption&quot;:&quot;&quot;,&quot;created_timestamp&quot;:&quot;0&quot;,&quot;copyright&quot;:&quot;&quot;,&quot;focal_length&quot;:&quot;0&quot;,&quot;iso&quot;:&quot;0&quot;,&quot;shutter_speed&quot;:&quot;0&quot;,&quot;title&quot;:&quot;&quot;,&quot;orientation&quot;:&quot;0&quot;}\" data-image-title=\"malta_2012-4\" data-image-description=\"\" data-image-caption=\"\" data-medium-file=\"https:\/\/zsp1chojna.pl\/wp-content\/uploads\/2023\/09\/malta_2012-4-300x225.jpg\" data-large-file=\"https:\/\/zsp1chojna.pl\/wp-content\/uploads\/2023\/09\/malta_2012-4.jpg\" src=\"https:\/\/zsp1chojna.pl\/wp-content\/uploads\/2023\/09\/malta_2012-4.jpg\" alt=\"Przebieg projektu\" class=\"wp-image-4529\" srcset=\"https:\/\/zsp1chojna.pl\/wp-content\/uploads\/2023\/09\/malta_2012-4.jpg 450w, https:\/\/zsp1chojna.pl\/wp-content\/uploads\/2023\/09\/malta_2012-4-300x225.jpg 300w\" sizes=\"auto, (max-width: 450px) 100vw, 450px\" \/><\/figure>\n<\/div>\n\n<div class=\"wp-block-image\">\n<figure class=\"aligncenter size-full\"><img loading=\"lazy\" decoding=\"async\" width=\"450\" height=\"300\" data-attachment-id=\"4528\" data-permalink=\"https:\/\/zsp1chojna.pl\/?attachment_id=4528\" data-orig-file=\"https:\/\/zsp1chojna.pl\/wp-content\/uploads\/2023\/09\/malta_2012-5.jpg\" data-orig-size=\"450,300\" data-comments-opened=\"1\" data-image-meta=\"{&quot;aperture&quot;:&quot;0&quot;,&quot;credit&quot;:&quot;&quot;,&quot;camera&quot;:&quot;&quot;,&quot;caption&quot;:&quot;&quot;,&quot;created_timestamp&quot;:&quot;0&quot;,&quot;copyright&quot;:&quot;&quot;,&quot;focal_length&quot;:&quot;0&quot;,&quot;iso&quot;:&quot;0&quot;,&quot;shutter_speed&quot;:&quot;0&quot;,&quot;title&quot;:&quot;&quot;,&quot;orientation&quot;:&quot;0&quot;}\" data-image-title=\"malta_2012-5\" data-image-description=\"\" data-image-caption=\"\" data-medium-file=\"https:\/\/zsp1chojna.pl\/wp-content\/uploads\/2023\/09\/malta_2012-5-300x200.jpg\" data-large-file=\"https:\/\/zsp1chojna.pl\/wp-content\/uploads\/2023\/09\/malta_2012-5.jpg\" src=\"https:\/\/zsp1chojna.pl\/wp-content\/uploads\/2023\/09\/malta_2012-5.jpg\" alt=\"Przebieg projektu\" class=\"wp-image-4528\" srcset=\"https:\/\/zsp1chojna.pl\/wp-content\/uploads\/2023\/09\/malta_2012-5.jpg 450w, https:\/\/zsp1chojna.pl\/wp-content\/uploads\/2023\/09\/malta_2012-5-300x200.jpg 300w, https:\/\/zsp1chojna.pl\/wp-content\/uploads\/2023\/09\/malta_2012-5-84x56.jpg 84w\" sizes=\"auto, (max-width: 450px) 100vw, 450px\" \/><\/figure>\n<\/div>","protected":false},"excerpt":{"rendered":"<p>Powiat Gryfi\u0144ski, Zesp\u00f3\u0142 Szk\u00f3\u0142 Ponadgimnazjalnych Nr&nbsp;1&nbsp;w&nbsp;Chojnie oraz&nbsp;Stowarzyszenie Douzelage w&nbsp;Chojnie z&nbsp;polskiej strony oraz&nbsp;St. Thomas More College, Primary School Marsaskala oraz&nbsp;Strategies of Interaktive Training Foundation ze&nbsp;strony malta\u0144skiej w&nbsp;ramach programu Comenius Regio rozpocz\u0119\u0142y [&hellip;]<\/p>\n","protected":false},"author":2,"featured_media":4528,"comment_status":"open","ping_status":"open","sticky":false,"template":"","format":"standard","meta":{"footnotes":""},"categories":[17],"tags":[],"class_list":["post-4527","post","type-post","status-publish","format-standard","has-post-thumbnail","hentry","category-aktualnosci-2012-2013"],"wbAuthor":{"name":"kacper27","link":"https:\/\/zsp1chojna.pl\/?author=2"},"wbDate":"pa\u017a 2, 2012","wbCategories":{"space":"<a href=\"https:\/\/zsp1chojna.pl\/?cat=17\" rel=\"category\">Aktualno\u015bci 2012\/2013<\/a>","coma":"<a href=\"https:\/\/zsp1chojna.pl\/?cat=17\" rel=\"category\">Aktualno\u015bci 2012\/2013<\/a>"},"wbComment":0,"yoast_head":"<!-- This site is optimized with the Yoast SEO plugin v20.13 - https:\/\/yoast.com\/wordpress\/plugins\/seo\/ -->\n<title>Projekt \u201eSzko\u0142a w\u00a0spo\u0142eczno\u015bci \u2013 spo\u0142eczno\u015b\u0107 w\u00a0szkole\u201d - ZSP w Chojnie<\/title>\n<meta name=\"robots\" content=\"index, follow, max-snippet:-1, max-image-preview:large, max-video-preview:-1\" \/>\n<link rel=\"canonical\" href=\"https:\/\/zsp1chojna.pl\/?p=4527\" \/>\n<meta property=\"og:locale\" content=\"pl_PL\" \/>\n<meta property=\"og:type\" content=\"article\" \/>\n<meta property=\"og:title\" content=\"Projekt \u201eSzko\u0142a w\u00a0spo\u0142eczno\u015bci \u2013 spo\u0142eczno\u015b\u0107 w\u00a0szkole\u201d - ZSP w Chojnie\" \/>\n<meta property=\"og:description\" content=\"Powiat Gryfi\u0144ski, Zesp\u00f3\u0142 Szk\u00f3\u0142 Ponadgimnazjalnych Nr&nbsp;1&nbsp;w&nbsp;Chojnie oraz&nbsp;Stowarzyszenie Douzelage w&nbsp;Chojnie z&nbsp;polskiej strony oraz&nbsp;St. Thomas More College, Primary School Marsaskala oraz&nbsp;Strategies of Interaktive Training Foundation ze&nbsp;strony malta\u0144skiej w&nbsp;ramach programu Comenius Regio rozpocz\u0119\u0142y [&hellip;]\" \/>\n<meta property=\"og:url\" content=\"https:\/\/zsp1chojna.pl\/?p=4527\" \/>\n<meta property=\"og:site_name\" content=\"ZSP w Chojnie\" \/>\n<meta property=\"article:published_time\" content=\"2012-10-02T21:20:00+00:00\" \/>\n<meta property=\"article:modified_time\" content=\"2023-09-05T21:23:26+00:00\" \/>\n<meta property=\"og:image\" content=\"https:\/\/zsp1chojna.pl\/wp-content\/uploads\/2023\/09\/malta_2012-5.jpg\" \/>\n\t<meta property=\"og:image:width\" content=\"450\" \/>\n\t<meta property=\"og:image:height\" content=\"300\" \/>\n\t<meta property=\"og:image:type\" content=\"image\/jpeg\" \/>\n<meta name=\"author\" content=\"kacper27\" \/>\n<meta name=\"twitter:card\" content=\"summary_large_image\" \/>\n<meta name=\"twitter:label1\" content=\"Napisane przez\" \/>\n\t<meta name=\"twitter:data1\" content=\"kacper27\" \/>\n\t<meta name=\"twitter:label2\" content=\"Szacowany czas czytania\" \/>\n\t<meta name=\"twitter:data2\" content=\"4 minuty\" \/>\n<script type=\"application\/ld+json\" class=\"yoast-schema-graph\">{\"@context\":\"https:\/\/schema.org\",\"@graph\":[{\"@type\":\"Article\",\"@id\":\"https:\/\/zsp1chojna.pl\/?p=4527#article\",\"isPartOf\":{\"@id\":\"https:\/\/zsp1chojna.pl\/?p=4527\"},\"author\":{\"name\":\"kacper27\",\"@id\":\"https:\/\/zsp1chojna.pl\/#\/schema\/person\/e974e35b71ad4899de9d84ba9baed22f\"},\"headline\":\"Projekt \u201eSzko\u0142a w\u00a0spo\u0142eczno\u015bci \u2013 spo\u0142eczno\u015b\u0107 w\u00a0szkole\u201d\",\"datePublished\":\"2012-10-02T21:20:00+00:00\",\"dateModified\":\"2023-09-05T21:23:26+00:00\",\"mainEntityOfPage\":{\"@id\":\"https:\/\/zsp1chojna.pl\/?p=4527\"},\"wordCount\":613,\"commentCount\":0,\"publisher\":{\"@id\":\"https:\/\/zsp1chojna.pl\/#organization\"},\"articleSection\":[\"Aktualno\u015bci 2012\/2013\"],\"inLanguage\":\"pl-PL\",\"potentialAction\":[{\"@type\":\"CommentAction\",\"name\":\"Comment\",\"target\":[\"https:\/\/zsp1chojna.pl\/?p=4527#respond\"]}]},{\"@type\":\"WebPage\",\"@id\":\"https:\/\/zsp1chojna.pl\/?p=4527\",\"url\":\"https:\/\/zsp1chojna.pl\/?p=4527\",\"name\":\"Projekt \u201eSzko\u0142a w\u00a0spo\u0142eczno\u015bci \u2013 spo\u0142eczno\u015b\u0107 w\u00a0szkole\u201d - ZSP w Chojnie\",\"isPartOf\":{\"@id\":\"https:\/\/zsp1chojna.pl\/#website\"},\"datePublished\":\"2012-10-02T21:20:00+00:00\",\"dateModified\":\"2023-09-05T21:23:26+00:00\",\"breadcrumb\":{\"@id\":\"https:\/\/zsp1chojna.pl\/?p=4527#breadcrumb\"},\"inLanguage\":\"pl-PL\",\"potentialAction\":[{\"@type\":\"ReadAction\",\"target\":[\"https:\/\/zsp1chojna.pl\/?p=4527\"]}]},{\"@type\":\"BreadcrumbList\",\"@id\":\"https:\/\/zsp1chojna.pl\/?p=4527#breadcrumb\",\"itemListElement\":[{\"@type\":\"ListItem\",\"position\":1,\"name\":\"Home\",\"item\":\"https:\/\/zsp1chojna.pl\/\"},{\"@type\":\"ListItem\",\"position\":2,\"name\":\"Projekt \u201eSzko\u0142a w\u00a0spo\u0142eczno\u015bci \u2013 spo\u0142eczno\u015b\u0107 w\u00a0szkole\u201d\"}]},{\"@type\":\"WebSite\",\"@id\":\"https:\/\/zsp1chojna.pl\/#website\",\"url\":\"https:\/\/zsp1chojna.pl\/\",\"name\":\"ZSP w Chojnie\",\"description\":\"\",\"publisher\":{\"@id\":\"https:\/\/zsp1chojna.pl\/#organization\"},\"potentialAction\":[{\"@type\":\"SearchAction\",\"target\":{\"@type\":\"EntryPoint\",\"urlTemplate\":\"https:\/\/zsp1chojna.pl\/?s={search_term_string}\"},\"query-input\":\"required name=search_term_string\"}],\"inLanguage\":\"pl-PL\"},{\"@type\":\"Organization\",\"@id\":\"https:\/\/zsp1chojna.pl\/#organization\",\"name\":\"ZSP w Chojnie\",\"url\":\"https:\/\/zsp1chojna.pl\/\",\"logo\":{\"@type\":\"ImageObject\",\"inLanguage\":\"pl-PL\",\"@id\":\"https:\/\/zsp1chojna.pl\/#\/schema\/logo\/image\/\",\"url\":\"https:\/\/zsp1chojna.pl\/wp-content\/uploads\/2023\/08\/cropped-cropped-cropped-Logo-biale-napis-na-3-wiersze_504-1.png\",\"contentUrl\":\"https:\/\/zsp1chojna.pl\/wp-content\/uploads\/2023\/08\/cropped-cropped-cropped-Logo-biale-napis-na-3-wiersze_504-1.png\",\"width\":504,\"height\":167,\"caption\":\"ZSP w Chojnie\"},\"image\":{\"@id\":\"https:\/\/zsp1chojna.pl\/#\/schema\/logo\/image\/\"}},{\"@type\":\"Person\",\"@id\":\"https:\/\/zsp1chojna.pl\/#\/schema\/person\/e974e35b71ad4899de9d84ba9baed22f\",\"name\":\"kacper27\",\"image\":{\"@type\":\"ImageObject\",\"inLanguage\":\"pl-PL\",\"@id\":\"https:\/\/zsp1chojna.pl\/#\/schema\/person\/image\/\",\"url\":\"https:\/\/secure.gravatar.com\/avatar\/233d005830da7db1760a03aba4b7a8303a369edf5f46a429dfe66f876a3f452c?s=96&d=mm&r=g\",\"contentUrl\":\"https:\/\/secure.gravatar.com\/avatar\/233d005830da7db1760a03aba4b7a8303a369edf5f46a429dfe66f876a3f452c?s=96&d=mm&r=g\",\"caption\":\"kacper27\"},\"url\":\"https:\/\/zsp1chojna.pl\/?author=2\"}]}<\/script>\n<!-- \/ Yoast SEO plugin. -->","yoast_head_json":{"title":"Projekt \u201eSzko\u0142a w\u00a0spo\u0142eczno\u015bci \u2013 spo\u0142eczno\u015b\u0107 w\u00a0szkole\u201d - ZSP w Chojnie","robots":{"index":"index","follow":"follow","max-snippet":"max-snippet:-1","max-image-preview":"max-image-preview:large","max-video-preview":"max-video-preview:-1"},"canonical":"https:\/\/zsp1chojna.pl\/?p=4527","og_locale":"pl_PL","og_type":"article","og_title":"Projekt \u201eSzko\u0142a w\u00a0spo\u0142eczno\u015bci \u2013 spo\u0142eczno\u015b\u0107 w\u00a0szkole\u201d - ZSP w Chojnie","og_description":"Powiat Gryfi\u0144ski, Zesp\u00f3\u0142 Szk\u00f3\u0142 Ponadgimnazjalnych Nr&nbsp;1&nbsp;w&nbsp;Chojnie oraz&nbsp;Stowarzyszenie Douzelage w&nbsp;Chojnie z&nbsp;polskiej strony oraz&nbsp;St. Thomas More College, Primary School Marsaskala oraz&nbsp;Strategies of Interaktive Training Foundation ze&nbsp;strony malta\u0144skiej w&nbsp;ramach programu Comenius Regio rozpocz\u0119\u0142y [&hellip;]","og_url":"https:\/\/zsp1chojna.pl\/?p=4527","og_site_name":"ZSP w Chojnie","article_published_time":"2012-10-02T21:20:00+00:00","article_modified_time":"2023-09-05T21:23:26+00:00","og_image":[{"width":450,"height":300,"url":"https:\/\/zsp1chojna.pl\/wp-content\/uploads\/2023\/09\/malta_2012-5.jpg","type":"image\/jpeg"}],"author":"kacper27","twitter_card":"summary_large_image","twitter_misc":{"Napisane przez":"kacper27","Szacowany czas czytania":"4 minuty"},"schema":{"@context":"https:\/\/schema.org","@graph":[{"@type":"Article","@id":"https:\/\/zsp1chojna.pl\/?p=4527#article","isPartOf":{"@id":"https:\/\/zsp1chojna.pl\/?p=4527"},"author":{"name":"kacper27","@id":"https:\/\/zsp1chojna.pl\/#\/schema\/person\/e974e35b71ad4899de9d84ba9baed22f"},"headline":"Projekt \u201eSzko\u0142a w\u00a0spo\u0142eczno\u015bci \u2013 spo\u0142eczno\u015b\u0107 w\u00a0szkole\u201d","datePublished":"2012-10-02T21:20:00+00:00","dateModified":"2023-09-05T21:23:26+00:00","mainEntityOfPage":{"@id":"https:\/\/zsp1chojna.pl\/?p=4527"},"wordCount":613,"commentCount":0,"publisher":{"@id":"https:\/\/zsp1chojna.pl\/#organization"},"articleSection":["Aktualno\u015bci 2012\/2013"],"inLanguage":"pl-PL","potentialAction":[{"@type":"CommentAction","name":"Comment","target":["https:\/\/zsp1chojna.pl\/?p=4527#respond"]}]},{"@type":"WebPage","@id":"https:\/\/zsp1chojna.pl\/?p=4527","url":"https:\/\/zsp1chojna.pl\/?p=4527","name":"Projekt \u201eSzko\u0142a w\u00a0spo\u0142eczno\u015bci \u2013 spo\u0142eczno\u015b\u0107 w\u00a0szkole\u201d - ZSP w Chojnie","isPartOf":{"@id":"https:\/\/zsp1chojna.pl\/#website"},"datePublished":"2012-10-02T21:20:00+00:00","dateModified":"2023-09-05T21:23:26+00:00","breadcrumb":{"@id":"https:\/\/zsp1chojna.pl\/?p=4527#breadcrumb"},"inLanguage":"pl-PL","potentialAction":[{"@type":"ReadAction","target":["https:\/\/zsp1chojna.pl\/?p=4527"]}]},{"@type":"BreadcrumbList","@id":"https:\/\/zsp1chojna.pl\/?p=4527#breadcrumb","itemListElement":[{"@type":"ListItem","position":1,"name":"Home","item":"https:\/\/zsp1chojna.pl\/"},{"@type":"ListItem","position":2,"name":"Projekt \u201eSzko\u0142a w\u00a0spo\u0142eczno\u015bci \u2013 spo\u0142eczno\u015b\u0107 w\u00a0szkole\u201d"}]},{"@type":"WebSite","@id":"https:\/\/zsp1chojna.pl\/#website","url":"https:\/\/zsp1chojna.pl\/","name":"ZSP w Chojnie","description":"","publisher":{"@id":"https:\/\/zsp1chojna.pl\/#organization"},"potentialAction":[{"@type":"SearchAction","target":{"@type":"EntryPoint","urlTemplate":"https:\/\/zsp1chojna.pl\/?s={search_term_string}"},"query-input":"required name=search_term_string"}],"inLanguage":"pl-PL"},{"@type":"Organization","@id":"https:\/\/zsp1chojna.pl\/#organization","name":"ZSP w Chojnie","url":"https:\/\/zsp1chojna.pl\/","logo":{"@type":"ImageObject","inLanguage":"pl-PL","@id":"https:\/\/zsp1chojna.pl\/#\/schema\/logo\/image\/","url":"https:\/\/zsp1chojna.pl\/wp-content\/uploads\/2023\/08\/cropped-cropped-cropped-Logo-biale-napis-na-3-wiersze_504-1.png","contentUrl":"https:\/\/zsp1chojna.pl\/wp-content\/uploads\/2023\/08\/cropped-cropped-cropped-Logo-biale-napis-na-3-wiersze_504-1.png","width":504,"height":167,"caption":"ZSP w Chojnie"},"image":{"@id":"https:\/\/zsp1chojna.pl\/#\/schema\/logo\/image\/"}},{"@type":"Person","@id":"https:\/\/zsp1chojna.pl\/#\/schema\/person\/e974e35b71ad4899de9d84ba9baed22f","name":"kacper27","image":{"@type":"ImageObject","inLanguage":"pl-PL","@id":"https:\/\/zsp1chojna.pl\/#\/schema\/person\/image\/","url":"https:\/\/secure.gravatar.com\/avatar\/233d005830da7db1760a03aba4b7a8303a369edf5f46a429dfe66f876a3f452c?s=96&d=mm&r=g","contentUrl":"https:\/\/secure.gravatar.com\/avatar\/233d005830da7db1760a03aba4b7a8303a369edf5f46a429dfe66f876a3f452c?s=96&d=mm&r=g","caption":"kacper27"},"url":"https:\/\/zsp1chojna.pl\/?author=2"}]}},"jetpack_featured_media_url":"https:\/\/zsp1chojna.pl\/wp-content\/uploads\/2023\/09\/malta_2012-5.jpg","_links":{"self":[{"href":"https:\/\/zsp1chojna.pl\/index.php?rest_route=\/wp\/v2\/posts\/4527","targetHints":{"allow":["GET"]}}],"collection":[{"href":"https:\/\/zsp1chojna.pl\/index.php?rest_route=\/wp\/v2\/posts"}],"about":[{"href":"https:\/\/zsp1chojna.pl\/index.php?rest_route=\/wp\/v2\/types\/post"}],"author":[{"embeddable":true,"href":"https:\/\/zsp1chojna.pl\/index.php?rest_route=\/wp\/v2\/users\/2"}],"replies":[{"embeddable":true,"href":"https:\/\/zsp1chojna.pl\/index.php?rest_route=%2Fwp%2Fv2%2Fcomments&post=4527"}],"version-history":[{"count":1,"href":"https:\/\/zsp1chojna.pl\/index.php?rest_route=\/wp\/v2\/posts\/4527\/revisions"}],"predecessor-version":[{"id":4533,"href":"https:\/\/zsp1chojna.pl\/index.php?rest_route=\/wp\/v2\/posts\/4527\/revisions\/4533"}],"wp:featuredmedia":[{"embeddable":true,"href":"https:\/\/zsp1chojna.pl\/index.php?rest_route=\/wp\/v2\/media\/4528"}],"wp:attachment":[{"href":"https:\/\/zsp1chojna.pl\/index.php?rest_route=%2Fwp%2Fv2%2Fmedia&parent=4527"}],"wp:term":[{"taxonomy":"category","embeddable":true,"href":"https:\/\/zsp1chojna.pl\/index.php?rest_route=%2Fwp%2Fv2%2Fcategories&post=4527"},{"taxonomy":"post_tag","embeddable":true,"href":"https:\/\/zsp1chojna.pl\/index.php?rest_route=%2Fwp%2Fv2%2Ftags&post=4527"}],"curies":[{"name":"wp","href":"https:\/\/api.w.org\/{rel}","templated":true}]}}