{"id":4466,"date":"2013-10-15T22:44:00","date_gmt":"2013-10-15T20:44:00","guid":{"rendered":"https:\/\/zsp1chojna.pl\/?p=4466"},"modified":"2023-09-05T22:49:25","modified_gmt":"2023-09-05T20:49:25","slug":"wizyta-partnerow-projektu-community-school-school-in-community-na-malcie","status":"publish","type":"post","link":"https:\/\/zsp1chojna.pl\/?p=4466","title":{"rendered":"Wizyta partner\u00f3w projektu \u201eCommunity school \u2013 school in community\u201d na\u00a0Malcie"},"content":{"rendered":"\n<p class=\"has-text-align-justify\">Powiat Gryfi\u0144ski, Zesp\u00f3\u0142 Szk\u00f3\u0142 Ponadgimnazjalnych Nr&nbsp;1&nbsp;w&nbsp;Chojnie i&nbsp;Stowarzyszenie Douzelage w&nbsp;Chojnie z&nbsp;polskiej strony oraz&nbsp;St. Thomas More College, Primary School Marsaskala, Strategies of Interaktive Training Foundation ze&nbsp;strony malta\u0144skiej w&nbsp;ramach programu Comenius Regio realizuj\u0105 projekt \u201eSzko\u0142a w&nbsp;spo\u0142eczno\u015bci \u2013 spo\u0142eczno\u015b\u0107 w&nbsp;szkole\u201d. Projekt jest odpowiedzi\u0105 dw\u00f3ch region\u00f3w, aby rozwija\u0107 swoje potrzeby edukacyjne w&nbsp;spos\u00f3b, kt\u00f3ry&nbsp;spe\u0142ni oczekiwania \u015brodowiska lokalnego. Instytucje samorz\u0105dowe, szko\u0142y, organizacje pozarz\u0105dowe obu region\u00f3w partnerskich odczuwaj\u0105 potrzeb\u0119 wymiany do\u015bwiadcze\u0144 w&nbsp;zakresie funkcjonowania instytucji edukacyjnych w&nbsp;lokalnych spo\u0142eczno\u015bciach, tego w&nbsp;jaki spos\u00f3b wsp\u00f3lnie definiuj\u0105 i&nbsp;osi\u0105gaj\u0105 zak\u0142adane cele w&nbsp;dziedzinie edukacji. Projekt zak\u0142ada nie&nbsp;tylko&nbsp;wdro\u017cenie i&nbsp;realizacj\u0119 najlepszych praktyk, ale&nbsp;dotyczy przede wszystkim edukacji europejskiej, artystycznej, sportowej, wsp\u00f3\u0142dzia\u0142ania instytucji na&nbsp;rzecz zr\u00f3wnowa\u017conego rynku pracy, w\u0142\u0105czenia m\u0142odzie\u017cy z&nbsp;mniejszymi szansami, a&nbsp;tak\u017ce&nbsp;praktycznej wsp\u00f3\u0142pracy instytucji samorz\u0105dowych i&nbsp;szk\u00f3\u0142.<br>Celem projektu jest wykorzystanie do\u015bwiadczenia instytucji edukacyjnych w&nbsp;obu&nbsp;regionach partnerskich wobec specyficznych problem\u00f3w ka\u017cdej organizacji i&nbsp;ich&nbsp;wsp\u00f3\u0142pracy ze&nbsp;spo\u0142eczno\u015bci\u0105 lokaln\u0105, a&nbsp;tak\u017ce zaanga\u017cowanie poszczeg\u00f3lnych instytucji w&nbsp;proces nauczania i&nbsp;uczenia si\u0119.<\/p>\n\n\n<div class=\"wp-block-image\">\n<figure class=\"aligncenter size-full\"><img loading=\"lazy\" decoding=\"async\" width=\"450\" height=\"337\" data-attachment-id=\"4476\" data-permalink=\"https:\/\/zsp1chojna.pl\/?attachment_id=4476\" data-orig-file=\"https:\/\/zsp1chojna.pl\/wp-content\/uploads\/2023\/09\/malta_2013_pazdziernik-2.jpg\" data-orig-size=\"450,337\" data-comments-opened=\"1\" data-image-meta=\"{&quot;aperture&quot;:&quot;0&quot;,&quot;credit&quot;:&quot;&quot;,&quot;camera&quot;:&quot;&quot;,&quot;caption&quot;:&quot;&quot;,&quot;created_timestamp&quot;:&quot;0&quot;,&quot;copyright&quot;:&quot;&quot;,&quot;focal_length&quot;:&quot;0&quot;,&quot;iso&quot;:&quot;0&quot;,&quot;shutter_speed&quot;:&quot;0&quot;,&quot;title&quot;:&quot;&quot;,&quot;orientation&quot;:&quot;0&quot;}\" data-image-title=\"malta_2013_pazdziernik-2\" data-image-description=\"\" data-image-caption=\"\" data-medium-file=\"https:\/\/zsp1chojna.pl\/wp-content\/uploads\/2023\/09\/malta_2013_pazdziernik-2-300x225.jpg\" data-large-file=\"https:\/\/zsp1chojna.pl\/wp-content\/uploads\/2023\/09\/malta_2013_pazdziernik-2.jpg\" src=\"https:\/\/zsp1chojna.pl\/wp-content\/uploads\/2023\/09\/malta_2013_pazdziernik-2.jpg\" alt=\"\" class=\"wp-image-4476\" srcset=\"https:\/\/zsp1chojna.pl\/wp-content\/uploads\/2023\/09\/malta_2013_pazdziernik-2.jpg 450w, https:\/\/zsp1chojna.pl\/wp-content\/uploads\/2023\/09\/malta_2013_pazdziernik-2-300x225.jpg 300w\" sizes=\"auto, (max-width: 450px) 100vw, 450px\" \/><\/figure>\n<\/div>\n\n\n<p class=\"has-text-align-justify\">W&nbsp;dniach 15.10.2013 \u2013 19.10.2013&nbsp;r. odby\u0142o si\u0119 kolejne spotkanie partner\u00f3w projektu w&nbsp;Marsaskali na&nbsp;Malcie. Wizyta rozpocz\u0119\u0142a si\u0119 od&nbsp;spotkania z&nbsp;burmistrzem Marsaskali, panem Mario Callej\u0105, kt\u00f3ry&nbsp;powita\u0142 delegacj\u0119 z&nbsp;Polski oraz&nbsp;przedstawi\u0142 program wizyty. Opowiedzia\u0142 nam o&nbsp;miejscu, w&nbsp;kt\u00f3rym&nbsp;go\u015bcili\u015bmy \u2013 Marsaskali, a&nbsp;tak\u017ce odby\u0142a si\u0119 dyskusja na&nbsp;temat formalnych uwarunkowa\u0144 dotycz\u0105cych wsp\u00f3\u0142pracy szk\u00f3\u0142 i&nbsp;organizacji pozarz\u0105dowych na&nbsp;Malcie i&nbsp;w&nbsp;Polsce. Odwiedzili\u015bmy mi\u0119dzy innymi szko\u0142\u0119 podstawow\u0105 \u2013 St.&nbsp; Thomas More College Marsaskala Primary. Pani dyrektor szko\u0142y przedstawi\u0142a uczestnikom projektu histori\u0119 szko\u0142y, a&nbsp;nast\u0119pnie wszyscy zwiedzili plac\u00f3wk\u0119.<\/p>\n\n\n<div class=\"wp-block-image\">\n<figure class=\"aligncenter size-full\"><img loading=\"lazy\" decoding=\"async\" width=\"450\" height=\"337\" data-attachment-id=\"4475\" data-permalink=\"https:\/\/zsp1chojna.pl\/?attachment_id=4475\" data-orig-file=\"https:\/\/zsp1chojna.pl\/wp-content\/uploads\/2023\/09\/malta_2013_pazdziernik-3.jpg\" data-orig-size=\"450,337\" data-comments-opened=\"1\" data-image-meta=\"{&quot;aperture&quot;:&quot;0&quot;,&quot;credit&quot;:&quot;&quot;,&quot;camera&quot;:&quot;&quot;,&quot;caption&quot;:&quot;&quot;,&quot;created_timestamp&quot;:&quot;0&quot;,&quot;copyright&quot;:&quot;&quot;,&quot;focal_length&quot;:&quot;0&quot;,&quot;iso&quot;:&quot;0&quot;,&quot;shutter_speed&quot;:&quot;0&quot;,&quot;title&quot;:&quot;&quot;,&quot;orientation&quot;:&quot;0&quot;}\" data-image-title=\"malta_2013_pazdziernik-3\" data-image-description=\"\" data-image-caption=\"\" data-medium-file=\"https:\/\/zsp1chojna.pl\/wp-content\/uploads\/2023\/09\/malta_2013_pazdziernik-3-300x225.jpg\" data-large-file=\"https:\/\/zsp1chojna.pl\/wp-content\/uploads\/2023\/09\/malta_2013_pazdziernik-3.jpg\" src=\"https:\/\/zsp1chojna.pl\/wp-content\/uploads\/2023\/09\/malta_2013_pazdziernik-3.jpg\" alt=\"\" class=\"wp-image-4475\" srcset=\"https:\/\/zsp1chojna.pl\/wp-content\/uploads\/2023\/09\/malta_2013_pazdziernik-3.jpg 450w, https:\/\/zsp1chojna.pl\/wp-content\/uploads\/2023\/09\/malta_2013_pazdziernik-3-300x225.jpg 300w\" sizes=\"auto, (max-width: 450px) 100vw, 450px\" \/><\/figure>\n<\/div>\n\n\n<p class=\"has-text-align-justify\">Podczas wizyty w&nbsp;szkole uczestnicy projektu mieli mo\u017cliwo\u015b\u0107 zadania wielu pyta\u0144 dotycz\u0105cych wsp\u00f3\u0142pracyz rodzicami, wsparcia pedagogiczno \u2013 psychologicznego, terapeut\u00f3w oraz&nbsp;nauczycieli wspomagaj\u0105cych prac\u0119 z&nbsp;dzie\u0107mi z&nbsp;dysfunkcjami i&nbsp;innymi problemami, jako \u017ce&nbsp;w&nbsp;szkole uczy si\u0119 kilkana\u015bcie r\u00f3\u017cnych narodowo\u015bci uczni\u00f3w w&nbsp;r\u00f3\u017cnym wieku. Dowiedzieli\u015bmy si\u0119 w&nbsp;jaki spos\u00f3b odbywa si\u0119 nadz\u00f3r merytoryczny nad&nbsp;szko\u0142ami i&nbsp;nauczycielami oraz&nbsp;jak wsp\u00f3lnie nauczyciele i&nbsp;rodzice anga\u017cuj\u0105 si\u0119 w&nbsp;rozw\u00f3j dzieci, zapewniaj\u0105c im bezpiecze\u0144stwo, przyjazn\u0105 atmosfer\u0119 i&nbsp;klimat sprzyjaj\u0105cy uczeniu si\u0119. Ponadto mieli\u015bmy mo\u017cliwo\u015b\u0107 obejrzenia sal lekcyjnych.<\/p>\n\n\n<div class=\"wp-block-image\">\n<figure class=\"aligncenter size-full\"><img loading=\"lazy\" decoding=\"async\" width=\"450\" height=\"338\" data-attachment-id=\"4474\" data-permalink=\"https:\/\/zsp1chojna.pl\/?attachment_id=4474\" data-orig-file=\"https:\/\/zsp1chojna.pl\/wp-content\/uploads\/2023\/09\/malta_2013_pazdziernik-4.jpg\" data-orig-size=\"450,338\" data-comments-opened=\"1\" data-image-meta=\"{&quot;aperture&quot;:&quot;0&quot;,&quot;credit&quot;:&quot;&quot;,&quot;camera&quot;:&quot;&quot;,&quot;caption&quot;:&quot;&quot;,&quot;created_timestamp&quot;:&quot;0&quot;,&quot;copyright&quot;:&quot;&quot;,&quot;focal_length&quot;:&quot;0&quot;,&quot;iso&quot;:&quot;0&quot;,&quot;shutter_speed&quot;:&quot;0&quot;,&quot;title&quot;:&quot;&quot;,&quot;orientation&quot;:&quot;0&quot;}\" data-image-title=\"malta_2013_pazdziernik-4\" data-image-description=\"\" data-image-caption=\"\" data-medium-file=\"https:\/\/zsp1chojna.pl\/wp-content\/uploads\/2023\/09\/malta_2013_pazdziernik-4-300x225.jpg\" data-large-file=\"https:\/\/zsp1chojna.pl\/wp-content\/uploads\/2023\/09\/malta_2013_pazdziernik-4.jpg\" src=\"https:\/\/zsp1chojna.pl\/wp-content\/uploads\/2023\/09\/malta_2013_pazdziernik-4.jpg\" alt=\"\" class=\"wp-image-4474\" srcset=\"https:\/\/zsp1chojna.pl\/wp-content\/uploads\/2023\/09\/malta_2013_pazdziernik-4.jpg 450w, https:\/\/zsp1chojna.pl\/wp-content\/uploads\/2023\/09\/malta_2013_pazdziernik-4-300x225.jpg 300w\" sizes=\"auto, (max-width: 450px) 100vw, 450px\" \/><\/figure>\n<\/div>\n\n\n<p class=\"has-text-align-justify\">Poznali\u015bmy sposoby wsp\u00f3\u0142pracy szk\u00f3\u0142 z&nbsp;lokalnymi w\u0142adzami, organizacjami wspieraj\u0105cymi prac\u0119 szko\u0142y. Jak si\u0119 okaza\u0142o problemy szk\u00f3\u0142 na&nbsp;Malcie s\u0105 bardzo zbli\u017cone do&nbsp;naszych. Malta\u0144skie szko\u0142y r\u00f3wnie\u017c wsp\u00f3\u0142pracuj\u0105 z&nbsp;policj\u0105, s\u0105dami rodzinnymi, kuratorami. Dzieci przygotowa\u0142y nam niespodziank\u0119 przedstawiaj\u0105c wiadomo\u015bci dotycz\u0105ce Polski. Pad\u0142o wiele pyta\u0144 dotycz\u0105cych zatrudniania nauczycieli, mo\u017cliwo\u015bci ich rozwoju oraz&nbsp;wymaganych kwalifikacji. Malta to&nbsp;pa\u0144stwo, kt\u00f3re nie&nbsp;posiada \u017cadnych bogactw naturalnych dlatego najlepsz\u0105 inwestycj\u0105 jest inwestycja w&nbsp;cz\u0142owieka, jego rozw\u00f3j i&nbsp;edukacj\u0119.<br>Podczas pobytu na&nbsp;Malcie go\u015bcili\u015bmy w&nbsp;szkole rosyjskiej. Tu m\u0142odzie\u017c przygotowa\u0142a nam pokaz swoich umiej\u0119tno\u015bci wokalno \u2013 tanecznych, prezentuj\u0105c ta\u0144ce ludowe oraz&nbsp;pie\u015bni rosyjskie.Dyrektor \u201eRussian Boarding Upbringing &amp; Education Centre\u201d, pani Natalia Camilleri, oprowadzi\u0142a nas po&nbsp;szkole oraz&nbsp;opowiedzia\u0142a o&nbsp;funkcjonowaniu prywatnej szko\u0142y, w&nbsp;kt\u00f3rej&nbsp;ucz\u0105 si\u0119 dzieci i&nbsp;m\u0142odzie\u017c rosyjska.<\/p>\n\n\n<div class=\"wp-block-image\">\n<figure class=\"aligncenter size-full\"><img loading=\"lazy\" decoding=\"async\" width=\"450\" height=\"338\" data-attachment-id=\"4477\" data-permalink=\"https:\/\/zsp1chojna.pl\/?attachment_id=4477\" data-orig-file=\"https:\/\/zsp1chojna.pl\/wp-content\/uploads\/2023\/09\/malta_2013_pazdziernik-5.jpg\" data-orig-size=\"450,338\" data-comments-opened=\"1\" data-image-meta=\"{&quot;aperture&quot;:&quot;2.8&quot;,&quot;credit&quot;:&quot;&quot;,&quot;camera&quot;:&quot;&quot;,&quot;caption&quot;:&quot;&quot;,&quot;created_timestamp&quot;:&quot;1381934693&quot;,&quot;copyright&quot;:&quot;COPYRIGHT, 2007&quot;,&quot;focal_length&quot;:&quot;6.3&quot;,&quot;iso&quot;:&quot;240&quot;,&quot;shutter_speed&quot;:&quot;0.022222222222222&quot;,&quot;title&quot;:&quot;&quot;,&quot;orientation&quot;:&quot;1&quot;}\" data-image-title=\"malta_2013_pazdziernik-5\" data-image-description=\"\" data-image-caption=\"\" data-medium-file=\"https:\/\/zsp1chojna.pl\/wp-content\/uploads\/2023\/09\/malta_2013_pazdziernik-5-300x225.jpg\" data-large-file=\"https:\/\/zsp1chojna.pl\/wp-content\/uploads\/2023\/09\/malta_2013_pazdziernik-5.jpg\" src=\"https:\/\/zsp1chojna.pl\/wp-content\/uploads\/2023\/09\/malta_2013_pazdziernik-5.jpg\" alt=\"\" class=\"wp-image-4477\" srcset=\"https:\/\/zsp1chojna.pl\/wp-content\/uploads\/2023\/09\/malta_2013_pazdziernik-5.jpg 450w, https:\/\/zsp1chojna.pl\/wp-content\/uploads\/2023\/09\/malta_2013_pazdziernik-5-300x225.jpg 300w\" sizes=\"auto, (max-width: 450px) 100vw, 450px\" \/><\/figure>\n<\/div>\n\n\n<p class=\"has-text-align-justify\">Nasza delegacja uczestniczy\u0142a w&nbsp;konferencji zorganizowanej przez&nbsp;ministra edukacji pana Evarista Bartolo i&nbsp;pani\u0105 dyrektor Josephine Mifsud. Tematem rozm\u00f3w by\u0142y struktury organizacyjne tamtejszych szk\u00f3\u0142, edukacja w&nbsp;Europie, wsp\u00f3\u0142praca lokalnych w\u0142adz, szk\u00f3\u0142 i&nbsp;organizacji pozarz\u0105dowych.<\/p>\n\n\n<div class=\"wp-block-image\">\n<figure class=\"aligncenter size-full\"><img loading=\"lazy\" decoding=\"async\" width=\"450\" height=\"338\" data-attachment-id=\"4473\" data-permalink=\"https:\/\/zsp1chojna.pl\/?attachment_id=4473\" data-orig-file=\"https:\/\/zsp1chojna.pl\/wp-content\/uploads\/2023\/09\/malta_2013_pazdziernik-6.jpg\" data-orig-size=\"450,338\" data-comments-opened=\"1\" data-image-meta=\"{&quot;aperture&quot;:&quot;0&quot;,&quot;credit&quot;:&quot;&quot;,&quot;camera&quot;:&quot;&quot;,&quot;caption&quot;:&quot;&quot;,&quot;created_timestamp&quot;:&quot;0&quot;,&quot;copyright&quot;:&quot;&quot;,&quot;focal_length&quot;:&quot;0&quot;,&quot;iso&quot;:&quot;0&quot;,&quot;shutter_speed&quot;:&quot;0&quot;,&quot;title&quot;:&quot;&quot;,&quot;orientation&quot;:&quot;0&quot;}\" data-image-title=\"malta_2013_pazdziernik-6\" data-image-description=\"\" data-image-caption=\"\" data-medium-file=\"https:\/\/zsp1chojna.pl\/wp-content\/uploads\/2023\/09\/malta_2013_pazdziernik-6-300x225.jpg\" data-large-file=\"https:\/\/zsp1chojna.pl\/wp-content\/uploads\/2023\/09\/malta_2013_pazdziernik-6.jpg\" src=\"https:\/\/zsp1chojna.pl\/wp-content\/uploads\/2023\/09\/malta_2013_pazdziernik-6.jpg\" alt=\"\" class=\"wp-image-4473\" srcset=\"https:\/\/zsp1chojna.pl\/wp-content\/uploads\/2023\/09\/malta_2013_pazdziernik-6.jpg 450w, https:\/\/zsp1chojna.pl\/wp-content\/uploads\/2023\/09\/malta_2013_pazdziernik-6-300x225.jpg 300w\" sizes=\"auto, (max-width: 450px) 100vw, 450px\" \/><\/figure>\n<\/div>\n\n\n<p class=\"has-text-align-justify\">Bardzo ciekawym punktem naszego pobytu by\u0142a wizyta w&nbsp;Institute of Tourism Studies Malta. Tam zwiedzili\u015bmy wspania\u0142\u0105 pracowni\u0119 gastronomiczn\u0105, restauracj\u0119 oraz&nbsp;kawiarni\u0119 prowadzon\u0105 przez&nbsp;szko\u0142\u0119. Instytut turystyki jest instytucj\u0105 szkolnictwa wy\u017cszego, kt\u00f3ry&nbsp;powsta\u0142 w&nbsp;1987&nbsp;r. w&nbsp;celu zaspokojenia potrzeb bran\u017cy gastronomicznej i&nbsp;turystycznej. G\u0142\u00f3wnym zadaniem Instytutu jest kszta\u0142cenie profesjonalnych pracownik\u00f3w, kt\u00f3rzy&nbsp;b\u0119d\u0105 potrafili \u015bwiadczy\u0107 us\u0142ugi na&nbsp;bardzo wysokim poziomie.<\/p>\n\n\n<div class=\"wp-block-image\">\n<figure class=\"aligncenter size-full\"><img loading=\"lazy\" decoding=\"async\" width=\"450\" height=\"338\" data-attachment-id=\"4472\" data-permalink=\"https:\/\/zsp1chojna.pl\/?attachment_id=4472\" data-orig-file=\"https:\/\/zsp1chojna.pl\/wp-content\/uploads\/2023\/09\/malta_2013_pazdziernik-7.jpg\" data-orig-size=\"450,338\" data-comments-opened=\"1\" data-image-meta=\"{&quot;aperture&quot;:&quot;0&quot;,&quot;credit&quot;:&quot;&quot;,&quot;camera&quot;:&quot;&quot;,&quot;caption&quot;:&quot;&quot;,&quot;created_timestamp&quot;:&quot;0&quot;,&quot;copyright&quot;:&quot;&quot;,&quot;focal_length&quot;:&quot;0&quot;,&quot;iso&quot;:&quot;0&quot;,&quot;shutter_speed&quot;:&quot;0&quot;,&quot;title&quot;:&quot;&quot;,&quot;orientation&quot;:&quot;0&quot;}\" data-image-title=\"malta_2013_pazdziernik-7\" data-image-description=\"\" data-image-caption=\"\" data-medium-file=\"https:\/\/zsp1chojna.pl\/wp-content\/uploads\/2023\/09\/malta_2013_pazdziernik-7-300x225.jpg\" data-large-file=\"https:\/\/zsp1chojna.pl\/wp-content\/uploads\/2023\/09\/malta_2013_pazdziernik-7.jpg\" src=\"https:\/\/zsp1chojna.pl\/wp-content\/uploads\/2023\/09\/malta_2013_pazdziernik-7.jpg\" alt=\"\" class=\"wp-image-4472\" srcset=\"https:\/\/zsp1chojna.pl\/wp-content\/uploads\/2023\/09\/malta_2013_pazdziernik-7.jpg 450w, https:\/\/zsp1chojna.pl\/wp-content\/uploads\/2023\/09\/malta_2013_pazdziernik-7-300x225.jpg 300w\" sizes=\"auto, (max-width: 450px) 100vw, 450px\" \/><\/figure>\n<\/div>\n\n\n<p class=\"has-text-align-justify\">W&nbsp;czasie lunchu przygotowanego przez&nbsp;uczni\u00f3w, w&nbsp;mi\u0142ej atmosferze, dyskutowali\u015bmy na&nbsp;temat lokalnego rynku pracy oraz&nbsp;zasad wsp\u00f3\u0142pracy pomi\u0119dzy szko\u0142ami i&nbsp;potencjalnymi pracodawcami.<\/p>\n\n\n<div class=\"wp-block-image\">\n<figure class=\"aligncenter size-full\"><img loading=\"lazy\" decoding=\"async\" width=\"450\" height=\"338\" data-attachment-id=\"4471\" data-permalink=\"https:\/\/zsp1chojna.pl\/?attachment_id=4471\" data-orig-file=\"https:\/\/zsp1chojna.pl\/wp-content\/uploads\/2023\/09\/malta_2013_pazdziernik-8.jpg\" data-orig-size=\"450,338\" data-comments-opened=\"1\" data-image-meta=\"{&quot;aperture&quot;:&quot;0&quot;,&quot;credit&quot;:&quot;&quot;,&quot;camera&quot;:&quot;&quot;,&quot;caption&quot;:&quot;&quot;,&quot;created_timestamp&quot;:&quot;0&quot;,&quot;copyright&quot;:&quot;&quot;,&quot;focal_length&quot;:&quot;0&quot;,&quot;iso&quot;:&quot;0&quot;,&quot;shutter_speed&quot;:&quot;0&quot;,&quot;title&quot;:&quot;&quot;,&quot;orientation&quot;:&quot;0&quot;}\" data-image-title=\"malta_2013_pazdziernik-8\" data-image-description=\"\" data-image-caption=\"\" data-medium-file=\"https:\/\/zsp1chojna.pl\/wp-content\/uploads\/2023\/09\/malta_2013_pazdziernik-8-300x225.jpg\" data-large-file=\"https:\/\/zsp1chojna.pl\/wp-content\/uploads\/2023\/09\/malta_2013_pazdziernik-8.jpg\" src=\"https:\/\/zsp1chojna.pl\/wp-content\/uploads\/2023\/09\/malta_2013_pazdziernik-8.jpg\" alt=\"\" class=\"wp-image-4471\" srcset=\"https:\/\/zsp1chojna.pl\/wp-content\/uploads\/2023\/09\/malta_2013_pazdziernik-8.jpg 450w, https:\/\/zsp1chojna.pl\/wp-content\/uploads\/2023\/09\/malta_2013_pazdziernik-8-300x225.jpg 300w\" sizes=\"auto, (max-width: 450px) 100vw, 450px\" \/><\/figure>\n<\/div>\n\n\n<p class=\"has-text-align-justify\">Podczas wizyty poznali\u015bmy smaki znakomitej kuchni regionalnej, podziwiali\u015bmy pi\u0119kne krajobrazy sk\u0142adaj\u0105ce si\u0119 g\u0142\u00f3wnie ze&nbsp;ska\u0142 i&nbsp;kaktus\u00f3w.<\/p>\n\n\n<div class=\"wp-block-image\">\n<figure class=\"aligncenter size-full\"><img loading=\"lazy\" decoding=\"async\" width=\"450\" height=\"337\" data-attachment-id=\"4470\" data-permalink=\"https:\/\/zsp1chojna.pl\/?attachment_id=4470\" data-orig-file=\"https:\/\/zsp1chojna.pl\/wp-content\/uploads\/2023\/09\/malta_2013_pazdziernik-9.jpg\" data-orig-size=\"450,337\" data-comments-opened=\"1\" data-image-meta=\"{&quot;aperture&quot;:&quot;0&quot;,&quot;credit&quot;:&quot;&quot;,&quot;camera&quot;:&quot;&quot;,&quot;caption&quot;:&quot;&quot;,&quot;created_timestamp&quot;:&quot;0&quot;,&quot;copyright&quot;:&quot;&quot;,&quot;focal_length&quot;:&quot;0&quot;,&quot;iso&quot;:&quot;0&quot;,&quot;shutter_speed&quot;:&quot;0&quot;,&quot;title&quot;:&quot;&quot;,&quot;orientation&quot;:&quot;0&quot;}\" data-image-title=\"malta_2013_pazdziernik-9\" data-image-description=\"\" data-image-caption=\"\" data-medium-file=\"https:\/\/zsp1chojna.pl\/wp-content\/uploads\/2023\/09\/malta_2013_pazdziernik-9-300x225.jpg\" data-large-file=\"https:\/\/zsp1chojna.pl\/wp-content\/uploads\/2023\/09\/malta_2013_pazdziernik-9.jpg\" src=\"https:\/\/zsp1chojna.pl\/wp-content\/uploads\/2023\/09\/malta_2013_pazdziernik-9.jpg\" alt=\"\" class=\"wp-image-4470\" srcset=\"https:\/\/zsp1chojna.pl\/wp-content\/uploads\/2023\/09\/malta_2013_pazdziernik-9.jpg 450w, https:\/\/zsp1chojna.pl\/wp-content\/uploads\/2023\/09\/malta_2013_pazdziernik-9-300x225.jpg 300w\" sizes=\"auto, (max-width: 450px) 100vw, 450px\" \/><\/figure>\n<\/div>\n\n\n<p class=\"has-text-align-justify\">Ponadto mieli\u015bmy okazj\u0119 zwiedzi\u0107 najpi\u0119kniejsze miejsca i\u00a0zabytki, mi\u0119dzy innymi stolic\u0119 Malty \u2013 Valett\u0119, wysp\u0119 Gozo, wiosk\u0119 ryback\u0105 w\u00a0Marsaxlokk.<\/p>\n\n\n<style>.kb-row-layout-id4466_2fb2d4-50 > .kt-row-column-wrap{align-content:start;}:where(.kb-row-layout-id4466_2fb2d4-50 > .kt-row-column-wrap) > .wp-block-kadence-column{justify-content:start;}.kb-row-layout-id4466_2fb2d4-50 > .kt-row-column-wrap{column-gap:var(--global-kb-gap-sm, 1rem);row-gap:var(--global-kb-gap-none, 0 );padding-top:0px;padding-bottom:0px;grid-template-columns:repeat(2, minmax(0, 1fr));}.kb-row-layout-id4466_2fb2d4-50 > .kt-row-layout-overlay{opacity:0.30;}@media all and (max-width: 1024px){.kb-row-layout-id4466_2fb2d4-50 > .kt-row-column-wrap{grid-template-columns:repeat(2, minmax(0, 1fr));}}@media all and (max-width: 767px){.kb-row-layout-id4466_2fb2d4-50 > .kt-row-column-wrap{grid-template-columns:minmax(0, 1fr);}}<\/style><div class=\"kb-row-layout-wrap kb-row-layout-id4466_2fb2d4-50 alignnone wp-block-kadence-rowlayout\"><div class=\"kt-row-column-wrap kt-has-2-columns kt-row-layout-equal kt-tab-layout-inherit kt-mobile-layout-row kt-row-valign-top\">\n<style>.kadence-column4466_9e40ed-4f > .kt-inside-inner-col,.kadence-column4466_9e40ed-4f > .kt-inside-inner-col:before{border-top-left-radius:0px;border-top-right-radius:0px;border-bottom-right-radius:0px;border-bottom-left-radius:0px;}.kadence-column4466_9e40ed-4f > .kt-inside-inner-col:before{opacity:0.3;}.kadence-column4466_9e40ed-4f{position:relative;}<\/style>\n<div class=\"wp-block-kadence-column kadence-column4466_9e40ed-4f\"><div class=\"kt-inside-inner-col\"><div class=\"wp-block-image\">\n<figure class=\"alignright size-full\"><img loading=\"lazy\" decoding=\"async\" width=\"450\" height=\"337\" data-attachment-id=\"4469\" data-permalink=\"https:\/\/zsp1chojna.pl\/?attachment_id=4469\" data-orig-file=\"https:\/\/zsp1chojna.pl\/wp-content\/uploads\/2023\/09\/malta_2013_pazdziernik-10.jpg\" data-orig-size=\"450,337\" data-comments-opened=\"1\" data-image-meta=\"{&quot;aperture&quot;:&quot;0&quot;,&quot;credit&quot;:&quot;&quot;,&quot;camera&quot;:&quot;&quot;,&quot;caption&quot;:&quot;&quot;,&quot;created_timestamp&quot;:&quot;0&quot;,&quot;copyright&quot;:&quot;&quot;,&quot;focal_length&quot;:&quot;0&quot;,&quot;iso&quot;:&quot;0&quot;,&quot;shutter_speed&quot;:&quot;0&quot;,&quot;title&quot;:&quot;&quot;,&quot;orientation&quot;:&quot;0&quot;}\" data-image-title=\"malta_2013_pazdziernik-10\" data-image-description=\"\" data-image-caption=\"\" data-medium-file=\"https:\/\/zsp1chojna.pl\/wp-content\/uploads\/2023\/09\/malta_2013_pazdziernik-10-300x225.jpg\" data-large-file=\"https:\/\/zsp1chojna.pl\/wp-content\/uploads\/2023\/09\/malta_2013_pazdziernik-10.jpg\" src=\"https:\/\/zsp1chojna.pl\/wp-content\/uploads\/2023\/09\/malta_2013_pazdziernik-10.jpg\" alt=\"\" class=\"wp-image-4469\" srcset=\"https:\/\/zsp1chojna.pl\/wp-content\/uploads\/2023\/09\/malta_2013_pazdziernik-10.jpg 450w, https:\/\/zsp1chojna.pl\/wp-content\/uploads\/2023\/09\/malta_2013_pazdziernik-10-300x225.jpg 300w\" sizes=\"auto, (max-width: 450px) 100vw, 450px\" \/><\/figure>\n<\/div><\/div><\/div>\n\n\n<style>.kadence-column4466_9d7e67-56 > .kt-inside-inner-col,.kadence-column4466_9d7e67-56 > .kt-inside-inner-col:before{border-top-left-radius:0px;border-top-right-radius:0px;border-bottom-right-radius:0px;border-bottom-left-radius:0px;}.kadence-column4466_9d7e67-56 > .kt-inside-inner-col:before{opacity:0.3;}.kadence-column4466_9d7e67-56{position:relative;}<\/style>\n<div class=\"wp-block-kadence-column kadence-column4466_9d7e67-56\"><div class=\"kt-inside-inner-col\"><div class=\"wp-block-image\">\n<figure class=\"alignleft size-full\"><img loading=\"lazy\" decoding=\"async\" width=\"450\" height=\"337\" data-attachment-id=\"4468\" data-permalink=\"https:\/\/zsp1chojna.pl\/?attachment_id=4468\" data-orig-file=\"https:\/\/zsp1chojna.pl\/wp-content\/uploads\/2023\/09\/malta_2013_pazdziernik-11.jpg\" data-orig-size=\"450,337\" data-comments-opened=\"1\" data-image-meta=\"{&quot;aperture&quot;:&quot;0&quot;,&quot;credit&quot;:&quot;&quot;,&quot;camera&quot;:&quot;&quot;,&quot;caption&quot;:&quot;&quot;,&quot;created_timestamp&quot;:&quot;0&quot;,&quot;copyright&quot;:&quot;&quot;,&quot;focal_length&quot;:&quot;0&quot;,&quot;iso&quot;:&quot;0&quot;,&quot;shutter_speed&quot;:&quot;0&quot;,&quot;title&quot;:&quot;&quot;,&quot;orientation&quot;:&quot;0&quot;}\" data-image-title=\"malta_2013_pazdziernik-11\" data-image-description=\"\" data-image-caption=\"\" data-medium-file=\"https:\/\/zsp1chojna.pl\/wp-content\/uploads\/2023\/09\/malta_2013_pazdziernik-11-300x225.jpg\" data-large-file=\"https:\/\/zsp1chojna.pl\/wp-content\/uploads\/2023\/09\/malta_2013_pazdziernik-11.jpg\" src=\"https:\/\/zsp1chojna.pl\/wp-content\/uploads\/2023\/09\/malta_2013_pazdziernik-11.jpg\" alt=\"\" class=\"wp-image-4468\" srcset=\"https:\/\/zsp1chojna.pl\/wp-content\/uploads\/2023\/09\/malta_2013_pazdziernik-11.jpg 450w, https:\/\/zsp1chojna.pl\/wp-content\/uploads\/2023\/09\/malta_2013_pazdziernik-11-300x225.jpg 300w\" sizes=\"auto, (max-width: 450px) 100vw, 450px\" \/><\/figure>\n<\/div><\/div><\/div>\n\n<\/div><\/div>\n\n<div class=\"wp-block-image\">\n<figure class=\"aligncenter size-full\"><img loading=\"lazy\" decoding=\"async\" width=\"450\" height=\"337\" data-attachment-id=\"4467\" data-permalink=\"https:\/\/zsp1chojna.pl\/?attachment_id=4467\" data-orig-file=\"https:\/\/zsp1chojna.pl\/wp-content\/uploads\/2023\/09\/malta_2013_pazdziernik.jpg\" data-orig-size=\"450,337\" data-comments-opened=\"1\" data-image-meta=\"{&quot;aperture&quot;:&quot;0&quot;,&quot;credit&quot;:&quot;&quot;,&quot;camera&quot;:&quot;&quot;,&quot;caption&quot;:&quot;&quot;,&quot;created_timestamp&quot;:&quot;0&quot;,&quot;copyright&quot;:&quot;&quot;,&quot;focal_length&quot;:&quot;0&quot;,&quot;iso&quot;:&quot;0&quot;,&quot;shutter_speed&quot;:&quot;0&quot;,&quot;title&quot;:&quot;&quot;,&quot;orientation&quot;:&quot;0&quot;}\" data-image-title=\"malta_2013_pazdziernik\" data-image-description=\"\" data-image-caption=\"\" data-medium-file=\"https:\/\/zsp1chojna.pl\/wp-content\/uploads\/2023\/09\/malta_2013_pazdziernik-300x225.jpg\" data-large-file=\"https:\/\/zsp1chojna.pl\/wp-content\/uploads\/2023\/09\/malta_2013_pazdziernik.jpg\" src=\"https:\/\/zsp1chojna.pl\/wp-content\/uploads\/2023\/09\/malta_2013_pazdziernik.jpg\" alt=\"\" class=\"wp-image-4467\" srcset=\"https:\/\/zsp1chojna.pl\/wp-content\/uploads\/2023\/09\/malta_2013_pazdziernik.jpg 450w, https:\/\/zsp1chojna.pl\/wp-content\/uploads\/2023\/09\/malta_2013_pazdziernik-300x225.jpg 300w\" sizes=\"auto, (max-width: 450px) 100vw, 450px\" \/><\/figure>\n<\/div>\n\n\n<p class=\"has-text-align-right\">mgr&nbsp;Joanna Nowak \u2013 kierownik pracowni szkolnych<\/p>\n","protected":false},"excerpt":{"rendered":"<p>Powiat Gryfi\u0144ski, Zesp\u00f3\u0142 Szk\u00f3\u0142 Ponadgimnazjalnych Nr&nbsp;1&nbsp;w&nbsp;Chojnie i&nbsp;Stowarzyszenie Douzelage w&nbsp;Chojnie z&nbsp;polskiej strony oraz&nbsp;St. Thomas More College, Primary School Marsaskala, Strategies of Interaktive Training Foundation ze&nbsp;strony malta\u0144skiej w&nbsp;ramach programu Comenius Regio realizuj\u0105 [&hellip;]<\/p>\n","protected":false},"author":2,"featured_media":4467,"comment_status":"open","ping_status":"open","sticky":false,"template":"","format":"standard","meta":{"footnotes":""},"categories":[18],"tags":[],"class_list":["post-4466","post","type-post","status-publish","format-standard","has-post-thumbnail","hentry","category-aktualnosci-2013-2014"],"wbAuthor":{"name":"kacper27","link":"https:\/\/zsp1chojna.pl\/?author=2"},"wbDate":"pa\u017a 15, 2013","wbCategories":{"space":"<a href=\"https:\/\/zsp1chojna.pl\/?cat=18\" rel=\"category\">Aktualno\u015bci 2013\/2014<\/a>","coma":"<a href=\"https:\/\/zsp1chojna.pl\/?cat=18\" rel=\"category\">Aktualno\u015bci 2013\/2014<\/a>"},"wbComment":0,"yoast_head":"<!-- This site is optimized with the Yoast SEO plugin v20.13 - https:\/\/yoast.com\/wordpress\/plugins\/seo\/ -->\n<title>Wizyta partner\u00f3w projektu \u201eCommunity school \u2013 school in community\u201d na\u00a0Malcie - ZSP w Chojnie<\/title>\n<meta name=\"robots\" content=\"index, follow, max-snippet:-1, max-image-preview:large, max-video-preview:-1\" \/>\n<link rel=\"canonical\" href=\"https:\/\/zsp1chojna.pl\/?p=4466\" \/>\n<meta property=\"og:locale\" content=\"pl_PL\" \/>\n<meta property=\"og:type\" content=\"article\" \/>\n<meta property=\"og:title\" content=\"Wizyta partner\u00f3w projektu \u201eCommunity school \u2013 school in community\u201d na\u00a0Malcie - ZSP w Chojnie\" \/>\n<meta property=\"og:description\" content=\"Powiat Gryfi\u0144ski, Zesp\u00f3\u0142 Szk\u00f3\u0142 Ponadgimnazjalnych Nr&nbsp;1&nbsp;w&nbsp;Chojnie i&nbsp;Stowarzyszenie Douzelage w&nbsp;Chojnie z&nbsp;polskiej strony oraz&nbsp;St. Thomas More College, Primary School Marsaskala, Strategies of Interaktive Training Foundation ze&nbsp;strony malta\u0144skiej w&nbsp;ramach programu Comenius Regio realizuj\u0105 [&hellip;]\" \/>\n<meta property=\"og:url\" content=\"https:\/\/zsp1chojna.pl\/?p=4466\" \/>\n<meta property=\"og:site_name\" content=\"ZSP w Chojnie\" \/>\n<meta property=\"article:published_time\" content=\"2013-10-15T20:44:00+00:00\" \/>\n<meta property=\"article:modified_time\" content=\"2023-09-05T20:49:25+00:00\" \/>\n<meta property=\"og:image\" content=\"https:\/\/zsp1chojna.pl\/wp-content\/uploads\/2023\/09\/malta_2013_pazdziernik.jpg\" \/>\n\t<meta property=\"og:image:width\" content=\"450\" \/>\n\t<meta property=\"og:image:height\" content=\"337\" \/>\n\t<meta property=\"og:image:type\" content=\"image\/jpeg\" \/>\n<meta name=\"author\" content=\"kacper27\" \/>\n<meta name=\"twitter:card\" content=\"summary_large_image\" \/>\n<meta name=\"twitter:label1\" content=\"Napisane przez\" \/>\n\t<meta name=\"twitter:data1\" content=\"kacper27\" \/>\n\t<meta name=\"twitter:label2\" content=\"Szacowany czas czytania\" \/>\n\t<meta name=\"twitter:data2\" content=\"6 minut\" \/>\n<script type=\"application\/ld+json\" class=\"yoast-schema-graph\">{\"@context\":\"https:\/\/schema.org\",\"@graph\":[{\"@type\":\"Article\",\"@id\":\"https:\/\/zsp1chojna.pl\/?p=4466#article\",\"isPartOf\":{\"@id\":\"https:\/\/zsp1chojna.pl\/?p=4466\"},\"author\":{\"name\":\"kacper27\",\"@id\":\"https:\/\/zsp1chojna.pl\/#\/schema\/person\/e974e35b71ad4899de9d84ba9baed22f\"},\"headline\":\"Wizyta partner\u00f3w projektu \u201eCommunity school \u2013 school in community\u201d na\u00a0Malcie\",\"datePublished\":\"2013-10-15T20:44:00+00:00\",\"dateModified\":\"2023-09-05T20:49:25+00:00\",\"mainEntityOfPage\":{\"@id\":\"https:\/\/zsp1chojna.pl\/?p=4466\"},\"wordCount\":891,\"commentCount\":0,\"publisher\":{\"@id\":\"https:\/\/zsp1chojna.pl\/#organization\"},\"articleSection\":[\"Aktualno\u015bci 2013\/2014\"],\"inLanguage\":\"pl-PL\",\"potentialAction\":[{\"@type\":\"CommentAction\",\"name\":\"Comment\",\"target\":[\"https:\/\/zsp1chojna.pl\/?p=4466#respond\"]}]},{\"@type\":\"WebPage\",\"@id\":\"https:\/\/zsp1chojna.pl\/?p=4466\",\"url\":\"https:\/\/zsp1chojna.pl\/?p=4466\",\"name\":\"Wizyta partner\u00f3w projektu \u201eCommunity school \u2013 school in community\u201d na\u00a0Malcie - ZSP w Chojnie\",\"isPartOf\":{\"@id\":\"https:\/\/zsp1chojna.pl\/#website\"},\"datePublished\":\"2013-10-15T20:44:00+00:00\",\"dateModified\":\"2023-09-05T20:49:25+00:00\",\"breadcrumb\":{\"@id\":\"https:\/\/zsp1chojna.pl\/?p=4466#breadcrumb\"},\"inLanguage\":\"pl-PL\",\"potentialAction\":[{\"@type\":\"ReadAction\",\"target\":[\"https:\/\/zsp1chojna.pl\/?p=4466\"]}]},{\"@type\":\"BreadcrumbList\",\"@id\":\"https:\/\/zsp1chojna.pl\/?p=4466#breadcrumb\",\"itemListElement\":[{\"@type\":\"ListItem\",\"position\":1,\"name\":\"Home\",\"item\":\"https:\/\/zsp1chojna.pl\/\"},{\"@type\":\"ListItem\",\"position\":2,\"name\":\"Wizyta partner\u00f3w projektu \u201eCommunity school \u2013 school in&nbsp;community\u201d na\u00a0Malcie\"}]},{\"@type\":\"WebSite\",\"@id\":\"https:\/\/zsp1chojna.pl\/#website\",\"url\":\"https:\/\/zsp1chojna.pl\/\",\"name\":\"ZSP w Chojnie\",\"description\":\"\",\"publisher\":{\"@id\":\"https:\/\/zsp1chojna.pl\/#organization\"},\"potentialAction\":[{\"@type\":\"SearchAction\",\"target\":{\"@type\":\"EntryPoint\",\"urlTemplate\":\"https:\/\/zsp1chojna.pl\/?s={search_term_string}\"},\"query-input\":\"required name=search_term_string\"}],\"inLanguage\":\"pl-PL\"},{\"@type\":\"Organization\",\"@id\":\"https:\/\/zsp1chojna.pl\/#organization\",\"name\":\"ZSP w Chojnie\",\"url\":\"https:\/\/zsp1chojna.pl\/\",\"logo\":{\"@type\":\"ImageObject\",\"inLanguage\":\"pl-PL\",\"@id\":\"https:\/\/zsp1chojna.pl\/#\/schema\/logo\/image\/\",\"url\":\"https:\/\/zsp1chojna.pl\/wp-content\/uploads\/2023\/08\/cropped-cropped-cropped-Logo-biale-napis-na-3-wiersze_504-1.png\",\"contentUrl\":\"https:\/\/zsp1chojna.pl\/wp-content\/uploads\/2023\/08\/cropped-cropped-cropped-Logo-biale-napis-na-3-wiersze_504-1.png\",\"width\":504,\"height\":167,\"caption\":\"ZSP w Chojnie\"},\"image\":{\"@id\":\"https:\/\/zsp1chojna.pl\/#\/schema\/logo\/image\/\"}},{\"@type\":\"Person\",\"@id\":\"https:\/\/zsp1chojna.pl\/#\/schema\/person\/e974e35b71ad4899de9d84ba9baed22f\",\"name\":\"kacper27\",\"image\":{\"@type\":\"ImageObject\",\"inLanguage\":\"pl-PL\",\"@id\":\"https:\/\/zsp1chojna.pl\/#\/schema\/person\/image\/\",\"url\":\"https:\/\/secure.gravatar.com\/avatar\/233d005830da7db1760a03aba4b7a8303a369edf5f46a429dfe66f876a3f452c?s=96&d=mm&r=g\",\"contentUrl\":\"https:\/\/secure.gravatar.com\/avatar\/233d005830da7db1760a03aba4b7a8303a369edf5f46a429dfe66f876a3f452c?s=96&d=mm&r=g\",\"caption\":\"kacper27\"},\"url\":\"https:\/\/zsp1chojna.pl\/?author=2\"}]}<\/script>\n<!-- \/ Yoast SEO plugin. -->","yoast_head_json":{"title":"Wizyta partner\u00f3w projektu \u201eCommunity school \u2013 school in community\u201d na\u00a0Malcie - ZSP w Chojnie","robots":{"index":"index","follow":"follow","max-snippet":"max-snippet:-1","max-image-preview":"max-image-preview:large","max-video-preview":"max-video-preview:-1"},"canonical":"https:\/\/zsp1chojna.pl\/?p=4466","og_locale":"pl_PL","og_type":"article","og_title":"Wizyta partner\u00f3w projektu \u201eCommunity school \u2013 school in community\u201d na\u00a0Malcie - ZSP w Chojnie","og_description":"Powiat Gryfi\u0144ski, Zesp\u00f3\u0142 Szk\u00f3\u0142 Ponadgimnazjalnych Nr&nbsp;1&nbsp;w&nbsp;Chojnie i&nbsp;Stowarzyszenie Douzelage w&nbsp;Chojnie z&nbsp;polskiej strony oraz&nbsp;St. Thomas More College, Primary School Marsaskala, Strategies of Interaktive Training Foundation ze&nbsp;strony malta\u0144skiej w&nbsp;ramach programu Comenius Regio realizuj\u0105 [&hellip;]","og_url":"https:\/\/zsp1chojna.pl\/?p=4466","og_site_name":"ZSP w Chojnie","article_published_time":"2013-10-15T20:44:00+00:00","article_modified_time":"2023-09-05T20:49:25+00:00","og_image":[{"width":450,"height":337,"url":"https:\/\/zsp1chojna.pl\/wp-content\/uploads\/2023\/09\/malta_2013_pazdziernik.jpg","type":"image\/jpeg"}],"author":"kacper27","twitter_card":"summary_large_image","twitter_misc":{"Napisane przez":"kacper27","Szacowany czas czytania":"6 minut"},"schema":{"@context":"https:\/\/schema.org","@graph":[{"@type":"Article","@id":"https:\/\/zsp1chojna.pl\/?p=4466#article","isPartOf":{"@id":"https:\/\/zsp1chojna.pl\/?p=4466"},"author":{"name":"kacper27","@id":"https:\/\/zsp1chojna.pl\/#\/schema\/person\/e974e35b71ad4899de9d84ba9baed22f"},"headline":"Wizyta partner\u00f3w projektu \u201eCommunity school \u2013 school in community\u201d na\u00a0Malcie","datePublished":"2013-10-15T20:44:00+00:00","dateModified":"2023-09-05T20:49:25+00:00","mainEntityOfPage":{"@id":"https:\/\/zsp1chojna.pl\/?p=4466"},"wordCount":891,"commentCount":0,"publisher":{"@id":"https:\/\/zsp1chojna.pl\/#organization"},"articleSection":["Aktualno\u015bci 2013\/2014"],"inLanguage":"pl-PL","potentialAction":[{"@type":"CommentAction","name":"Comment","target":["https:\/\/zsp1chojna.pl\/?p=4466#respond"]}]},{"@type":"WebPage","@id":"https:\/\/zsp1chojna.pl\/?p=4466","url":"https:\/\/zsp1chojna.pl\/?p=4466","name":"Wizyta partner\u00f3w projektu \u201eCommunity school \u2013 school in community\u201d na\u00a0Malcie - ZSP w Chojnie","isPartOf":{"@id":"https:\/\/zsp1chojna.pl\/#website"},"datePublished":"2013-10-15T20:44:00+00:00","dateModified":"2023-09-05T20:49:25+00:00","breadcrumb":{"@id":"https:\/\/zsp1chojna.pl\/?p=4466#breadcrumb"},"inLanguage":"pl-PL","potentialAction":[{"@type":"ReadAction","target":["https:\/\/zsp1chojna.pl\/?p=4466"]}]},{"@type":"BreadcrumbList","@id":"https:\/\/zsp1chojna.pl\/?p=4466#breadcrumb","itemListElement":[{"@type":"ListItem","position":1,"name":"Home","item":"https:\/\/zsp1chojna.pl\/"},{"@type":"ListItem","position":2,"name":"Wizyta partner\u00f3w projektu \u201eCommunity school \u2013 school in&nbsp;community\u201d na\u00a0Malcie"}]},{"@type":"WebSite","@id":"https:\/\/zsp1chojna.pl\/#website","url":"https:\/\/zsp1chojna.pl\/","name":"ZSP w Chojnie","description":"","publisher":{"@id":"https:\/\/zsp1chojna.pl\/#organization"},"potentialAction":[{"@type":"SearchAction","target":{"@type":"EntryPoint","urlTemplate":"https:\/\/zsp1chojna.pl\/?s={search_term_string}"},"query-input":"required name=search_term_string"}],"inLanguage":"pl-PL"},{"@type":"Organization","@id":"https:\/\/zsp1chojna.pl\/#organization","name":"ZSP w Chojnie","url":"https:\/\/zsp1chojna.pl\/","logo":{"@type":"ImageObject","inLanguage":"pl-PL","@id":"https:\/\/zsp1chojna.pl\/#\/schema\/logo\/image\/","url":"https:\/\/zsp1chojna.pl\/wp-content\/uploads\/2023\/08\/cropped-cropped-cropped-Logo-biale-napis-na-3-wiersze_504-1.png","contentUrl":"https:\/\/zsp1chojna.pl\/wp-content\/uploads\/2023\/08\/cropped-cropped-cropped-Logo-biale-napis-na-3-wiersze_504-1.png","width":504,"height":167,"caption":"ZSP w Chojnie"},"image":{"@id":"https:\/\/zsp1chojna.pl\/#\/schema\/logo\/image\/"}},{"@type":"Person","@id":"https:\/\/zsp1chojna.pl\/#\/schema\/person\/e974e35b71ad4899de9d84ba9baed22f","name":"kacper27","image":{"@type":"ImageObject","inLanguage":"pl-PL","@id":"https:\/\/zsp1chojna.pl\/#\/schema\/person\/image\/","url":"https:\/\/secure.gravatar.com\/avatar\/233d005830da7db1760a03aba4b7a8303a369edf5f46a429dfe66f876a3f452c?s=96&d=mm&r=g","contentUrl":"https:\/\/secure.gravatar.com\/avatar\/233d005830da7db1760a03aba4b7a8303a369edf5f46a429dfe66f876a3f452c?s=96&d=mm&r=g","caption":"kacper27"},"url":"https:\/\/zsp1chojna.pl\/?author=2"}]}},"jetpack_featured_media_url":"https:\/\/zsp1chojna.pl\/wp-content\/uploads\/2023\/09\/malta_2013_pazdziernik.jpg","_links":{"self":[{"href":"https:\/\/zsp1chojna.pl\/index.php?rest_route=\/wp\/v2\/posts\/4466","targetHints":{"allow":["GET"]}}],"collection":[{"href":"https:\/\/zsp1chojna.pl\/index.php?rest_route=\/wp\/v2\/posts"}],"about":[{"href":"https:\/\/zsp1chojna.pl\/index.php?rest_route=\/wp\/v2\/types\/post"}],"author":[{"embeddable":true,"href":"https:\/\/zsp1chojna.pl\/index.php?rest_route=\/wp\/v2\/users\/2"}],"replies":[{"embeddable":true,"href":"https:\/\/zsp1chojna.pl\/index.php?rest_route=%2Fwp%2Fv2%2Fcomments&post=4466"}],"version-history":[{"count":1,"href":"https:\/\/zsp1chojna.pl\/index.php?rest_route=\/wp\/v2\/posts\/4466\/revisions"}],"predecessor-version":[{"id":4478,"href":"https:\/\/zsp1chojna.pl\/index.php?rest_route=\/wp\/v2\/posts\/4466\/revisions\/4478"}],"wp:featuredmedia":[{"embeddable":true,"href":"https:\/\/zsp1chojna.pl\/index.php?rest_route=\/wp\/v2\/media\/4467"}],"wp:attachment":[{"href":"https:\/\/zsp1chojna.pl\/index.php?rest_route=%2Fwp%2Fv2%2Fmedia&parent=4466"}],"wp:term":[{"taxonomy":"category","embeddable":true,"href":"https:\/\/zsp1chojna.pl\/index.php?rest_route=%2Fwp%2Fv2%2Fcategories&post=4466"},{"taxonomy":"post_tag","embeddable":true,"href":"https:\/\/zsp1chojna.pl\/index.php?rest_route=%2Fwp%2Fv2%2Ftags&post=4466"}],"curies":[{"name":"wp","href":"https:\/\/api.w.org\/{rel}","templated":true}]}}