{"id":4460,"date":"2013-03-11T22:42:00","date_gmt":"2013-03-11T21:42:00","guid":{"rendered":"https:\/\/zsp1chojna.pl\/?p=4460"},"modified":"2023-09-05T22:43:31","modified_gmt":"2023-09-05T20:43:31","slug":"konferencja-projektu-szkola-w-spoleczenstwie-spolecznosc-w-szkole","status":"publish","type":"post","link":"https:\/\/zsp1chojna.pl\/?p=4460","title":{"rendered":"Konferencja projektu \u201cSzko\u0142a w spo\u0142ecze\u0144stwie \u2013 spo\u0142eczno\u015b\u0107 w szkole\u201d"},"content":{"rendered":"\n<p class=\"has-text-align-justify\">11&nbsp;marca 2014&nbsp;r. w&nbsp;Zespole Szk\u00f3\u0142 Ponadgimnazjalnych Nr&nbsp;1&nbsp;w&nbsp;Chojnie odby\u0142a si\u0119 konferencja w&nbsp;ramach projektu \u201cSzko\u0142a w&nbsp;spo\u0142ecze\u0144stwie \u2013 spo\u0142eczno\u015b\u0107 w&nbsp;szkole\u201d \u2013&nbsp;<strong>\u201eCommunity school \u2013 school in community\u201d.<\/strong>Jest on realizowany w&nbsp;ramach programu Comenius Regio. Celem projektu jest wykorzystanie do\u015bwiadczenia instytucji edukacyjnych i&nbsp;ich wsp\u00f3\u0142pracy ze&nbsp;spo\u0142eczno\u015bci\u0105 lokaln\u0105, a&nbsp;tak\u017ce zaanga\u017cowanie poszczeg\u00f3lnych instytucji w&nbsp;proces nauczania i&nbsp;uczenia si\u0119, a&nbsp;partnerami s\u0105 Powiat Gryfi\u0144ski, Zesp\u00f3\u0142 Szk\u00f3\u0142 Ponadgimnazjalnych Nr&nbsp;1&nbsp;w&nbsp;Chojnie oraz&nbsp;Stowarzyszenie Douzelage w&nbsp;Chojnie z&nbsp;polskiej strony oraz&nbsp;St. Thomas More College, Primary School Marsaskala i&nbsp;Strategies of Interaktive Training Foundation ze&nbsp;strony malta\u0144skiej.<\/p>\n\n\n<div class=\"wp-block-image\">\n<figure class=\"aligncenter size-full\"><img loading=\"lazy\" decoding=\"async\" width=\"500\" height=\"281\" data-attachment-id=\"4462\" data-permalink=\"https:\/\/zsp1chojna.pl\/?attachment_id=4462\" data-orig-file=\"https:\/\/zsp1chojna.pl\/wp-content\/uploads\/2023\/09\/community-2.jpg\" data-orig-size=\"500,281\" data-comments-opened=\"1\" data-image-meta=\"{&quot;aperture&quot;:&quot;0&quot;,&quot;credit&quot;:&quot;&quot;,&quot;camera&quot;:&quot;&quot;,&quot;caption&quot;:&quot;&quot;,&quot;created_timestamp&quot;:&quot;0&quot;,&quot;copyright&quot;:&quot;&quot;,&quot;focal_length&quot;:&quot;0&quot;,&quot;iso&quot;:&quot;0&quot;,&quot;shutter_speed&quot;:&quot;0&quot;,&quot;title&quot;:&quot;&quot;,&quot;orientation&quot;:&quot;0&quot;}\" data-image-title=\"community-2\" data-image-description=\"\" data-image-caption=\"\" data-medium-file=\"https:\/\/zsp1chojna.pl\/wp-content\/uploads\/2023\/09\/community-2-300x169.jpg\" data-large-file=\"https:\/\/zsp1chojna.pl\/wp-content\/uploads\/2023\/09\/community-2.jpg\" src=\"https:\/\/zsp1chojna.pl\/wp-content\/uploads\/2023\/09\/community-2.jpg\" alt=\"\" class=\"wp-image-4462\" srcset=\"https:\/\/zsp1chojna.pl\/wp-content\/uploads\/2023\/09\/community-2.jpg 500w, https:\/\/zsp1chojna.pl\/wp-content\/uploads\/2023\/09\/community-2-300x169.jpg 300w\" sizes=\"auto, (max-width: 500px) 100vw, 500px\" \/><\/figure>\n<\/div>\n\n\n<p class=\"has-text-align-justify\">Konferencja po\u0142\u0105czona by\u0142a z&nbsp;debat\u0105 oraz&nbsp;wystaw\u0105 zdj\u0119\u0107 z&nbsp;dotychczasowych spotka\u0144 partner\u00f3w projektu. W&nbsp;trakcie jego trwania polska grupa trzykrotnie przebywa\u0142a w&nbsp;Marsaskali na&nbsp;Malcie a&nbsp;Malta\u0144czycy dwukrotnie byli goszczeni w&nbsp;Chojnie, gdzie mogli zapozna\u0107 si\u0119 &nbsp;z funkcjonowaniem instytucji samorz\u0105dowych, szk\u00f3\u0142, organizacji pozarz\u0105dowych oraz&nbsp;praktykami zwi\u0105zanymi z&nbsp;propagowaniem edukacji europejskiej, artystycznej, sportowej, sposobami partnera na&nbsp;w\u0142\u0105czenia m\u0142odzie\u017cy z&nbsp;mniejszymi szansami.<br>W spotkaniu uczestniczyli pani Edyta Kalarus \u2013 dyrektor Szko\u0142y Podstawowej nr&nbsp;2&nbsp;w&nbsp;Chojnie, pani Wioletta Jesio\u0142owska \u2013 dyrektor Gimnazjum im.&nbsp;Janusza Korczaka w&nbsp;Chojnie, pani Jolanta Majewska \u2013 dyrektor Poradni Psychologiczno-Pedagogicznej w&nbsp;Gryfinie, dyrektorzy i&nbsp;prezesi instytucji kulturalnych, medi\u00f3w oraz&nbsp;klub\u00f3w sportowych: pani Monika Drobik \u2013 zast\u0119pca dyrektora Gryfi\u0144skiego Domu Kultury, pan Przemys\u0142aw Lewandowski \u2013 &nbsp;organizator Festiwalu Miejsc i&nbsp;Podr\u00f3\u017cy \u201c<em>W\u0142\u00f3czykij\u201d, pan Janusz Babiarz \u2013 by\u0142y prezes Miejskiego Klubu Sportowego \u201eOdra\u201d Chojna, pan Piotr Kos<\/em>&nbsp;\u2013 prezes&nbsp; Klubu Sportowego&nbsp; Karate Kyokushin w&nbsp;Moryniu, pan Robert Ryss \u2013 redaktor naczelny \u201eGazety Choje\u0144skiej\u201d, pan Pawe\u0142 S\u0142awi\u0144ski \u2013 redaktor naczelny portalu \u201eChojna 24\u201d, a&nbsp;tak\u017ce nauczyciele oraz&nbsp;pracownicy szko\u0142y: pani Edyta Daszkiewicz, pani Anna Dubik-Galicka, pani Sylwia \u0141ozi\u0144ska, pan Krzysztof Janik, pan Wojciech Krupa, pan Aleksander Lizak, pan&nbsp; Krzysztof Po\u015bniak, pani Kamila G\u00f3ra, pan Leszek Lejman, pani Ma\u0142gorzata Liman\u00f3wka, pan Marek Bednarz, pani Jolanta Mazurek, pani Iwona \u0141ozi\u0144ska i&nbsp;pan Rafa\u0142 Czubik. Gospodarzami oraz&nbsp;osobami prowadz\u0105cymi spotkanie by\u0142a pani dyrektor Zespo\u0142u Szk\u00f3\u0142 ponadgimnazjalnych Nr&nbsp;1&nbsp;w&nbsp;Chojnie Adriana Salamo\u0144czyk oraz&nbsp;menad\u017cer projektu, pan Janusz Cezary Salamo\u0144czyk.<\/p>\n\n\n<div class=\"wp-block-image\">\n<figure class=\"aligncenter size-full\"><img loading=\"lazy\" decoding=\"async\" width=\"500\" height=\"281\" data-attachment-id=\"4461\" data-permalink=\"https:\/\/zsp1chojna.pl\/?attachment_id=4461\" data-orig-file=\"https:\/\/zsp1chojna.pl\/wp-content\/uploads\/2023\/09\/community-3.jpg\" data-orig-size=\"500,281\" data-comments-opened=\"1\" data-image-meta=\"{&quot;aperture&quot;:&quot;0&quot;,&quot;credit&quot;:&quot;&quot;,&quot;camera&quot;:&quot;&quot;,&quot;caption&quot;:&quot;&quot;,&quot;created_timestamp&quot;:&quot;0&quot;,&quot;copyright&quot;:&quot;&quot;,&quot;focal_length&quot;:&quot;0&quot;,&quot;iso&quot;:&quot;0&quot;,&quot;shutter_speed&quot;:&quot;0&quot;,&quot;title&quot;:&quot;&quot;,&quot;orientation&quot;:&quot;0&quot;}\" data-image-title=\"community-3\" data-image-description=\"\" data-image-caption=\"\" data-medium-file=\"https:\/\/zsp1chojna.pl\/wp-content\/uploads\/2023\/09\/community-3-300x169.jpg\" data-large-file=\"https:\/\/zsp1chojna.pl\/wp-content\/uploads\/2023\/09\/community-3.jpg\" src=\"https:\/\/zsp1chojna.pl\/wp-content\/uploads\/2023\/09\/community-3.jpg\" alt=\"\" class=\"wp-image-4461\" srcset=\"https:\/\/zsp1chojna.pl\/wp-content\/uploads\/2023\/09\/community-3.jpg 500w, https:\/\/zsp1chojna.pl\/wp-content\/uploads\/2023\/09\/community-3-300x169.jpg 300w\" sizes=\"auto, (max-width: 500px) 100vw, 500px\" \/><\/figure>\n<\/div>\n\n\n<p class=\"has-text-align-justify\">Konferencja zosta\u0142a uroczy\u015bcie otwarta przez&nbsp;pani\u0105 dyrektor Zespo\u0142u Szk\u00f3\u0142 Ponadgimnazjalnych Nr&nbsp;1&nbsp;w&nbsp;Chojnie Adrian\u0119 Salamo\u0144czyk, kt\u00f3ra&nbsp;podkre\u015bli\u0142a znaczenie projekt\u00f3w dla szko\u0142y i&nbsp;przede wszystkim korzy\u015bci p\u0142yn\u0105ce z&nbsp;udzia\u0142u w&nbsp;nich dla uczni\u00f3w. Uczestnicy dyskusji pr\u00f3bowali odpowiedzie\u0107 na&nbsp;pytanie jak szko\u0142a mo\u017ce wsp\u00f3\u0142pracowa\u0107 ze&nbsp;stowarzyszeniami, klubami sportowymi i&nbsp;instytucjami regionalnymi, aby przyci\u0105gn\u0105\u0107 w&nbsp;swe szeregi wi\u0119ksz\u0105 liczb\u0119 uczni\u00f3w. Poruszono problem edukacji filmowej, aktywno\u015bci sportowej, czy&nbsp;stymulowania czytelnictwa.<br><strong>&nbsp;<\/strong>Uczestnicy debaty pr\u00f3bowali wsp\u00f3lnie znale\u017a\u0107 rozwi\u0105zania problemu zmniejszaj\u0105cej si\u0119 liczby os\u00f3b ch\u0119tnych do&nbsp;udzia\u0142u w&nbsp;tego typu zaj\u0119ciach. Wspominano czasy, kiedy szko\u0142a t\u0119tni\u0142a \u017cyciem od&nbsp;rana do&nbsp;wieczora i&nbsp;zastanawiano si\u0119 nad&nbsp;tym, w&nbsp;jaki spos\u00f3b odci\u0105gn\u0105\u0107 wsp\u00f3\u0142czesn\u0105 m\u0142odzie\u017c od&nbsp;komputera, a&nbsp;zmobilizowa\u0107 do&nbsp;udzia\u0142u w&nbsp;innych formach aktywno\u015bci. Proponowano r\u00f3\u017cnorodne sposoby, np.&nbsp;pani Monika Drabik sugerowa\u0142a analizowanie zainteresowa\u0144 uczni\u00f3w przed&nbsp;zorganizowaniem zaj\u0119\u0107, pan&nbsp;<em>Piotr Kos<\/em>&nbsp;zaanga\u017cowanie w&nbsp;nie&nbsp;rodzic\u00f3w, a&nbsp;pan Przemys\u0142aw Lewandowski przygotowanie m\u0142odych ludzi do&nbsp;odpowiedniego odbioru, np.&nbsp;poprzez prelekcj\u0119 przed&nbsp;filmem. Podkre\u015bli\u0142 on tak\u017ce znaczenie edukacji szkolnej, kt\u00f3ra&nbsp;odpowiednio ukierunkowana pobudza zainteresowania i&nbsp;kreuje \u015bwiadomego i&nbsp;dojrza\u0142ego cz\u0142owieka d\u0105\u017c\u0105cego do&nbsp;realizacji swoich zainteresowa\u0144. Pani Wioletta Jesio\u0142owska pokaza\u0142a jak wa\u017cna jest pozycja lidera, nauczyciela, cz\u0142owieka z&nbsp;pasj\u0105, kt\u00f3ry&nbsp;swoim zaanga\u017cowaniem zach\u0119ci uczni\u00f3w do&nbsp;dzia\u0142ania. R\u00f3wnie\u017c sport staje si\u0119 coraz mniej atrakcyjny dla m\u0142odych ludzi. Pan Janusz Babiarz przypomnia\u0142 czasy, kiedy kluby pi\u0142karskie by\u0142y bardzo s\u0142abo wyposa\u017cone, ale&nbsp;pe\u0142ne os\u00f3b ch\u0119tnych do&nbsp;grania. Obecnie pi\u0142karz dostaje pe\u0142ne wyposa\u017cenie, ale&nbsp;cz\u0119sto jest zainteresowany gr\u0105 tylko&nbsp;wtedy, gdy&nbsp;otrzymuje za&nbsp;ni\u0105 odpowiednie wynagrodzenie.&nbsp;<em>Podczas rozmowy poruszono tak\u017ce temat czytelnictwa. Pan&nbsp;<\/em>Robert Ryss zwr\u00f3ci\u0142 uwag\u0119 na&nbsp;to, \u017ce&nbsp;w&nbsp;Polsce coraz mniej ludzi czyta ksi\u0105\u017cki, o&nbsp;cztery razy mniej ni\u017c w&nbsp;Niemczech, co ma skutki kulturalne, polityczne i&nbsp;psychologiczne. Pani Edyta Kalarus i&nbsp;Wioletta Jesio\u0142owska opowiedzia\u0142y o&nbsp;tym jak szko\u0142y poprzez zakup najnowszych pozycji, czy&nbsp;odtwarzanie s\u0142uchowisk m\u0142odszym dzieciom podczas prac manualnych pr\u00f3buj\u0105 walczy\u0107 z&nbsp;t\u0105 sytuacj\u0105.<br>W trakcie debaty rozmawiano nie&nbsp;tylko&nbsp;na&nbsp;temat projekt\u00f3w i&nbsp;tego, jakie mo\u017cliwo\u015bci daj\u0105 one m\u0142odzie\u017cy w&nbsp;nich uczestnicz\u0105cej, ale&nbsp;tak\u017ce o&nbsp;szansach i&nbsp;problemach zwi\u0105zanych z&nbsp;r\u00f3\u017cnymi formami edukacji pozaszkolnej. Efektem konferencji by\u0142a wymiana do\u015bwiadcze\u0144 i&nbsp;zobligowanie si\u0119 do&nbsp;wzajemnej pomocy w&nbsp;planowaniu i&nbsp;realizowaniu przysz\u0142ych projekt\u00f3w. Ka\u017cdy z&nbsp;uczestnik\u00f3w otrzyma\u0142 newsletter prezentuj\u0105cy dotychczasowe dzia\u0142ania zrealizowane w&nbsp;trakcie trwania projektu \u201cSzko\u0142a w&nbsp;spo\u0142ecze\u0144stwie \u2013 spo\u0142eczno\u015b\u0107 w&nbsp;szkole\u201d \u2013&nbsp;<strong>\u201eCommunity school \u2013 school in community\u201d.<\/strong><\/p>\n\n\n<div class=\"wp-block-image\">\n<figure class=\"aligncenter size-full\"><img loading=\"lazy\" decoding=\"async\" width=\"500\" height=\"281\" data-attachment-id=\"4463\" data-permalink=\"https:\/\/zsp1chojna.pl\/?attachment_id=4463\" data-orig-file=\"https:\/\/zsp1chojna.pl\/wp-content\/uploads\/2023\/09\/community-1.jpg\" data-orig-size=\"500,281\" data-comments-opened=\"1\" data-image-meta=\"{&quot;aperture&quot;:&quot;0&quot;,&quot;credit&quot;:&quot;&quot;,&quot;camera&quot;:&quot;&quot;,&quot;caption&quot;:&quot;&quot;,&quot;created_timestamp&quot;:&quot;0&quot;,&quot;copyright&quot;:&quot;&quot;,&quot;focal_length&quot;:&quot;0&quot;,&quot;iso&quot;:&quot;0&quot;,&quot;shutter_speed&quot;:&quot;0&quot;,&quot;title&quot;:&quot;&quot;,&quot;orientation&quot;:&quot;0&quot;}\" data-image-title=\"community-1\" data-image-description=\"\" data-image-caption=\"\" data-medium-file=\"https:\/\/zsp1chojna.pl\/wp-content\/uploads\/2023\/09\/community-1-300x169.jpg\" data-large-file=\"https:\/\/zsp1chojna.pl\/wp-content\/uploads\/2023\/09\/community-1.jpg\" src=\"https:\/\/zsp1chojna.pl\/wp-content\/uploads\/2023\/09\/community-1.jpg\" alt=\"\" class=\"wp-image-4463\" srcset=\"https:\/\/zsp1chojna.pl\/wp-content\/uploads\/2023\/09\/community-1.jpg 500w, https:\/\/zsp1chojna.pl\/wp-content\/uploads\/2023\/09\/community-1-300x169.jpg 300w\" sizes=\"auto, (max-width: 500px) 100vw, 500px\" \/><\/figure>\n<\/div>","protected":false},"excerpt":{"rendered":"<p>11&nbsp;marca 2014&nbsp;r. w&nbsp;Zespole Szk\u00f3\u0142 Ponadgimnazjalnych Nr&nbsp;1&nbsp;w&nbsp;Chojnie odby\u0142a si\u0119 konferencja w&nbsp;ramach projektu \u201cSzko\u0142a w&nbsp;spo\u0142ecze\u0144stwie \u2013 spo\u0142eczno\u015b\u0107 w&nbsp;szkole\u201d \u2013&nbsp;\u201eCommunity school \u2013 school in community\u201d.Jest on realizowany w&nbsp;ramach programu Comenius Regio. Celem projektu [&hellip;]<\/p>\n","protected":false},"author":2,"featured_media":4461,"comment_status":"open","ping_status":"open","sticky":false,"template":"","format":"standard","meta":{"footnotes":""},"categories":[17],"tags":[],"class_list":["post-4460","post","type-post","status-publish","format-standard","has-post-thumbnail","hentry","category-aktualnosci-2012-2013"],"wbAuthor":{"name":"kacper27","link":"https:\/\/zsp1chojna.pl\/?author=2"},"wbDate":"mar 11, 2013","wbCategories":{"space":"<a href=\"https:\/\/zsp1chojna.pl\/?cat=17\" rel=\"category\">Aktualno\u015bci 2012\/2013<\/a>","coma":"<a href=\"https:\/\/zsp1chojna.pl\/?cat=17\" rel=\"category\">Aktualno\u015bci 2012\/2013<\/a>"},"wbComment":0,"yoast_head":"<!-- This site is optimized with the Yoast SEO plugin v20.13 - https:\/\/yoast.com\/wordpress\/plugins\/seo\/ -->\n<title>Konferencja projektu \u201cSzko\u0142a w spo\u0142ecze\u0144stwie \u2013 spo\u0142eczno\u015b\u0107 w szkole\u201d - ZSP w Chojnie<\/title>\n<meta name=\"robots\" content=\"index, follow, max-snippet:-1, max-image-preview:large, max-video-preview:-1\" \/>\n<link rel=\"canonical\" href=\"https:\/\/zsp1chojna.pl\/?p=4460\" \/>\n<meta property=\"og:locale\" content=\"pl_PL\" \/>\n<meta property=\"og:type\" content=\"article\" \/>\n<meta property=\"og:title\" content=\"Konferencja projektu \u201cSzko\u0142a w spo\u0142ecze\u0144stwie \u2013 spo\u0142eczno\u015b\u0107 w szkole\u201d - ZSP w Chojnie\" \/>\n<meta property=\"og:description\" content=\"11&nbsp;marca 2014&nbsp;r. w&nbsp;Zespole Szk\u00f3\u0142 Ponadgimnazjalnych Nr&nbsp;1&nbsp;w&nbsp;Chojnie odby\u0142a si\u0119 konferencja w&nbsp;ramach projektu \u201cSzko\u0142a w&nbsp;spo\u0142ecze\u0144stwie \u2013 spo\u0142eczno\u015b\u0107 w&nbsp;szkole\u201d \u2013&nbsp;\u201eCommunity school \u2013 school in community\u201d.Jest on realizowany w&nbsp;ramach programu Comenius Regio. Celem projektu [&hellip;]\" \/>\n<meta property=\"og:url\" content=\"https:\/\/zsp1chojna.pl\/?p=4460\" \/>\n<meta property=\"og:site_name\" content=\"ZSP w Chojnie\" \/>\n<meta property=\"article:published_time\" content=\"2013-03-11T21:42:00+00:00\" \/>\n<meta property=\"article:modified_time\" content=\"2023-09-05T20:43:31+00:00\" \/>\n<meta property=\"og:image\" content=\"https:\/\/zsp1chojna.pl\/wp-content\/uploads\/2023\/09\/community-3.jpg\" \/>\n\t<meta property=\"og:image:width\" content=\"500\" \/>\n\t<meta property=\"og:image:height\" content=\"281\" \/>\n\t<meta property=\"og:image:type\" content=\"image\/jpeg\" \/>\n<meta name=\"author\" content=\"kacper27\" \/>\n<meta name=\"twitter:card\" content=\"summary_large_image\" \/>\n<meta name=\"twitter:label1\" content=\"Napisane przez\" \/>\n\t<meta name=\"twitter:data1\" content=\"kacper27\" \/>\n\t<meta name=\"twitter:label2\" content=\"Szacowany czas czytania\" \/>\n\t<meta name=\"twitter:data2\" content=\"5 minut\" \/>\n<script type=\"application\/ld+json\" class=\"yoast-schema-graph\">{\"@context\":\"https:\/\/schema.org\",\"@graph\":[{\"@type\":\"Article\",\"@id\":\"https:\/\/zsp1chojna.pl\/?p=4460#article\",\"isPartOf\":{\"@id\":\"https:\/\/zsp1chojna.pl\/?p=4460\"},\"author\":{\"name\":\"kacper27\",\"@id\":\"https:\/\/zsp1chojna.pl\/#\/schema\/person\/e974e35b71ad4899de9d84ba9baed22f\"},\"headline\":\"Konferencja projektu \u201cSzko\u0142a w spo\u0142ecze\u0144stwie \u2013 spo\u0142eczno\u015b\u0107 w szkole\u201d\",\"datePublished\":\"2013-03-11T21:42:00+00:00\",\"dateModified\":\"2023-09-05T20:43:31+00:00\",\"mainEntityOfPage\":{\"@id\":\"https:\/\/zsp1chojna.pl\/?p=4460\"},\"wordCount\":998,\"commentCount\":0,\"publisher\":{\"@id\":\"https:\/\/zsp1chojna.pl\/#organization\"},\"articleSection\":[\"Aktualno\u015bci 2012\/2013\"],\"inLanguage\":\"pl-PL\",\"potentialAction\":[{\"@type\":\"CommentAction\",\"name\":\"Comment\",\"target\":[\"https:\/\/zsp1chojna.pl\/?p=4460#respond\"]}]},{\"@type\":\"WebPage\",\"@id\":\"https:\/\/zsp1chojna.pl\/?p=4460\",\"url\":\"https:\/\/zsp1chojna.pl\/?p=4460\",\"name\":\"Konferencja projektu \u201cSzko\u0142a w spo\u0142ecze\u0144stwie \u2013 spo\u0142eczno\u015b\u0107 w szkole\u201d - ZSP w Chojnie\",\"isPartOf\":{\"@id\":\"https:\/\/zsp1chojna.pl\/#website\"},\"datePublished\":\"2013-03-11T21:42:00+00:00\",\"dateModified\":\"2023-09-05T20:43:31+00:00\",\"breadcrumb\":{\"@id\":\"https:\/\/zsp1chojna.pl\/?p=4460#breadcrumb\"},\"inLanguage\":\"pl-PL\",\"potentialAction\":[{\"@type\":\"ReadAction\",\"target\":[\"https:\/\/zsp1chojna.pl\/?p=4460\"]}]},{\"@type\":\"BreadcrumbList\",\"@id\":\"https:\/\/zsp1chojna.pl\/?p=4460#breadcrumb\",\"itemListElement\":[{\"@type\":\"ListItem\",\"position\":1,\"name\":\"Home\",\"item\":\"https:\/\/zsp1chojna.pl\/\"},{\"@type\":\"ListItem\",\"position\":2,\"name\":\"Konferencja projektu \u201cSzko\u0142a w&nbsp;spo\u0142ecze\u0144stwie \u2013 spo\u0142eczno\u015b\u0107 w&nbsp;szkole\u201d\"}]},{\"@type\":\"WebSite\",\"@id\":\"https:\/\/zsp1chojna.pl\/#website\",\"url\":\"https:\/\/zsp1chojna.pl\/\",\"name\":\"ZSP w Chojnie\",\"description\":\"\",\"publisher\":{\"@id\":\"https:\/\/zsp1chojna.pl\/#organization\"},\"potentialAction\":[{\"@type\":\"SearchAction\",\"target\":{\"@type\":\"EntryPoint\",\"urlTemplate\":\"https:\/\/zsp1chojna.pl\/?s={search_term_string}\"},\"query-input\":\"required name=search_term_string\"}],\"inLanguage\":\"pl-PL\"},{\"@type\":\"Organization\",\"@id\":\"https:\/\/zsp1chojna.pl\/#organization\",\"name\":\"ZSP w Chojnie\",\"url\":\"https:\/\/zsp1chojna.pl\/\",\"logo\":{\"@type\":\"ImageObject\",\"inLanguage\":\"pl-PL\",\"@id\":\"https:\/\/zsp1chojna.pl\/#\/schema\/logo\/image\/\",\"url\":\"https:\/\/zsp1chojna.pl\/wp-content\/uploads\/2023\/08\/cropped-cropped-cropped-Logo-biale-napis-na-3-wiersze_504-1.png\",\"contentUrl\":\"https:\/\/zsp1chojna.pl\/wp-content\/uploads\/2023\/08\/cropped-cropped-cropped-Logo-biale-napis-na-3-wiersze_504-1.png\",\"width\":504,\"height\":167,\"caption\":\"ZSP w Chojnie\"},\"image\":{\"@id\":\"https:\/\/zsp1chojna.pl\/#\/schema\/logo\/image\/\"}},{\"@type\":\"Person\",\"@id\":\"https:\/\/zsp1chojna.pl\/#\/schema\/person\/e974e35b71ad4899de9d84ba9baed22f\",\"name\":\"kacper27\",\"image\":{\"@type\":\"ImageObject\",\"inLanguage\":\"pl-PL\",\"@id\":\"https:\/\/zsp1chojna.pl\/#\/schema\/person\/image\/\",\"url\":\"https:\/\/secure.gravatar.com\/avatar\/233d005830da7db1760a03aba4b7a8303a369edf5f46a429dfe66f876a3f452c?s=96&d=mm&r=g\",\"contentUrl\":\"https:\/\/secure.gravatar.com\/avatar\/233d005830da7db1760a03aba4b7a8303a369edf5f46a429dfe66f876a3f452c?s=96&d=mm&r=g\",\"caption\":\"kacper27\"},\"url\":\"https:\/\/zsp1chojna.pl\/?author=2\"}]}<\/script>\n<!-- \/ Yoast SEO plugin. -->","yoast_head_json":{"title":"Konferencja projektu \u201cSzko\u0142a w spo\u0142ecze\u0144stwie \u2013 spo\u0142eczno\u015b\u0107 w szkole\u201d - ZSP w Chojnie","robots":{"index":"index","follow":"follow","max-snippet":"max-snippet:-1","max-image-preview":"max-image-preview:large","max-video-preview":"max-video-preview:-1"},"canonical":"https:\/\/zsp1chojna.pl\/?p=4460","og_locale":"pl_PL","og_type":"article","og_title":"Konferencja projektu \u201cSzko\u0142a w spo\u0142ecze\u0144stwie \u2013 spo\u0142eczno\u015b\u0107 w szkole\u201d - ZSP w Chojnie","og_description":"11&nbsp;marca 2014&nbsp;r. w&nbsp;Zespole Szk\u00f3\u0142 Ponadgimnazjalnych Nr&nbsp;1&nbsp;w&nbsp;Chojnie odby\u0142a si\u0119 konferencja w&nbsp;ramach projektu \u201cSzko\u0142a w&nbsp;spo\u0142ecze\u0144stwie \u2013 spo\u0142eczno\u015b\u0107 w&nbsp;szkole\u201d \u2013&nbsp;\u201eCommunity school \u2013 school in community\u201d.Jest on realizowany w&nbsp;ramach programu Comenius Regio. Celem projektu [&hellip;]","og_url":"https:\/\/zsp1chojna.pl\/?p=4460","og_site_name":"ZSP w Chojnie","article_published_time":"2013-03-11T21:42:00+00:00","article_modified_time":"2023-09-05T20:43:31+00:00","og_image":[{"width":500,"height":281,"url":"https:\/\/zsp1chojna.pl\/wp-content\/uploads\/2023\/09\/community-3.jpg","type":"image\/jpeg"}],"author":"kacper27","twitter_card":"summary_large_image","twitter_misc":{"Napisane przez":"kacper27","Szacowany czas czytania":"5 minut"},"schema":{"@context":"https:\/\/schema.org","@graph":[{"@type":"Article","@id":"https:\/\/zsp1chojna.pl\/?p=4460#article","isPartOf":{"@id":"https:\/\/zsp1chojna.pl\/?p=4460"},"author":{"name":"kacper27","@id":"https:\/\/zsp1chojna.pl\/#\/schema\/person\/e974e35b71ad4899de9d84ba9baed22f"},"headline":"Konferencja projektu \u201cSzko\u0142a w spo\u0142ecze\u0144stwie \u2013 spo\u0142eczno\u015b\u0107 w szkole\u201d","datePublished":"2013-03-11T21:42:00+00:00","dateModified":"2023-09-05T20:43:31+00:00","mainEntityOfPage":{"@id":"https:\/\/zsp1chojna.pl\/?p=4460"},"wordCount":998,"commentCount":0,"publisher":{"@id":"https:\/\/zsp1chojna.pl\/#organization"},"articleSection":["Aktualno\u015bci 2012\/2013"],"inLanguage":"pl-PL","potentialAction":[{"@type":"CommentAction","name":"Comment","target":["https:\/\/zsp1chojna.pl\/?p=4460#respond"]}]},{"@type":"WebPage","@id":"https:\/\/zsp1chojna.pl\/?p=4460","url":"https:\/\/zsp1chojna.pl\/?p=4460","name":"Konferencja projektu \u201cSzko\u0142a w spo\u0142ecze\u0144stwie \u2013 spo\u0142eczno\u015b\u0107 w szkole\u201d - ZSP w Chojnie","isPartOf":{"@id":"https:\/\/zsp1chojna.pl\/#website"},"datePublished":"2013-03-11T21:42:00+00:00","dateModified":"2023-09-05T20:43:31+00:00","breadcrumb":{"@id":"https:\/\/zsp1chojna.pl\/?p=4460#breadcrumb"},"inLanguage":"pl-PL","potentialAction":[{"@type":"ReadAction","target":["https:\/\/zsp1chojna.pl\/?p=4460"]}]},{"@type":"BreadcrumbList","@id":"https:\/\/zsp1chojna.pl\/?p=4460#breadcrumb","itemListElement":[{"@type":"ListItem","position":1,"name":"Home","item":"https:\/\/zsp1chojna.pl\/"},{"@type":"ListItem","position":2,"name":"Konferencja projektu \u201cSzko\u0142a w&nbsp;spo\u0142ecze\u0144stwie \u2013 spo\u0142eczno\u015b\u0107 w&nbsp;szkole\u201d"}]},{"@type":"WebSite","@id":"https:\/\/zsp1chojna.pl\/#website","url":"https:\/\/zsp1chojna.pl\/","name":"ZSP w Chojnie","description":"","publisher":{"@id":"https:\/\/zsp1chojna.pl\/#organization"},"potentialAction":[{"@type":"SearchAction","target":{"@type":"EntryPoint","urlTemplate":"https:\/\/zsp1chojna.pl\/?s={search_term_string}"},"query-input":"required name=search_term_string"}],"inLanguage":"pl-PL"},{"@type":"Organization","@id":"https:\/\/zsp1chojna.pl\/#organization","name":"ZSP w Chojnie","url":"https:\/\/zsp1chojna.pl\/","logo":{"@type":"ImageObject","inLanguage":"pl-PL","@id":"https:\/\/zsp1chojna.pl\/#\/schema\/logo\/image\/","url":"https:\/\/zsp1chojna.pl\/wp-content\/uploads\/2023\/08\/cropped-cropped-cropped-Logo-biale-napis-na-3-wiersze_504-1.png","contentUrl":"https:\/\/zsp1chojna.pl\/wp-content\/uploads\/2023\/08\/cropped-cropped-cropped-Logo-biale-napis-na-3-wiersze_504-1.png","width":504,"height":167,"caption":"ZSP w Chojnie"},"image":{"@id":"https:\/\/zsp1chojna.pl\/#\/schema\/logo\/image\/"}},{"@type":"Person","@id":"https:\/\/zsp1chojna.pl\/#\/schema\/person\/e974e35b71ad4899de9d84ba9baed22f","name":"kacper27","image":{"@type":"ImageObject","inLanguage":"pl-PL","@id":"https:\/\/zsp1chojna.pl\/#\/schema\/person\/image\/","url":"https:\/\/secure.gravatar.com\/avatar\/233d005830da7db1760a03aba4b7a8303a369edf5f46a429dfe66f876a3f452c?s=96&d=mm&r=g","contentUrl":"https:\/\/secure.gravatar.com\/avatar\/233d005830da7db1760a03aba4b7a8303a369edf5f46a429dfe66f876a3f452c?s=96&d=mm&r=g","caption":"kacper27"},"url":"https:\/\/zsp1chojna.pl\/?author=2"}]}},"jetpack_featured_media_url":"https:\/\/zsp1chojna.pl\/wp-content\/uploads\/2023\/09\/community-3.jpg","_links":{"self":[{"href":"https:\/\/zsp1chojna.pl\/index.php?rest_route=\/wp\/v2\/posts\/4460","targetHints":{"allow":["GET"]}}],"collection":[{"href":"https:\/\/zsp1chojna.pl\/index.php?rest_route=\/wp\/v2\/posts"}],"about":[{"href":"https:\/\/zsp1chojna.pl\/index.php?rest_route=\/wp\/v2\/types\/post"}],"author":[{"embeddable":true,"href":"https:\/\/zsp1chojna.pl\/index.php?rest_route=\/wp\/v2\/users\/2"}],"replies":[{"embeddable":true,"href":"https:\/\/zsp1chojna.pl\/index.php?rest_route=%2Fwp%2Fv2%2Fcomments&post=4460"}],"version-history":[{"count":1,"href":"https:\/\/zsp1chojna.pl\/index.php?rest_route=\/wp\/v2\/posts\/4460\/revisions"}],"predecessor-version":[{"id":4464,"href":"https:\/\/zsp1chojna.pl\/index.php?rest_route=\/wp\/v2\/posts\/4460\/revisions\/4464"}],"wp:featuredmedia":[{"embeddable":true,"href":"https:\/\/zsp1chojna.pl\/index.php?rest_route=\/wp\/v2\/media\/4461"}],"wp:attachment":[{"href":"https:\/\/zsp1chojna.pl\/index.php?rest_route=%2Fwp%2Fv2%2Fmedia&parent=4460"}],"wp:term":[{"taxonomy":"category","embeddable":true,"href":"https:\/\/zsp1chojna.pl\/index.php?rest_route=%2Fwp%2Fv2%2Fcategories&post=4460"},{"taxonomy":"post_tag","embeddable":true,"href":"https:\/\/zsp1chojna.pl\/index.php?rest_route=%2Fwp%2Fv2%2Ftags&post=4460"}],"curies":[{"name":"wp","href":"https:\/\/api.w.org\/{rel}","templated":true}]}}