{"id":4444,"date":"2013-05-27T21:53:00","date_gmt":"2013-05-27T19:53:00","guid":{"rendered":"https:\/\/zsp1chojna.pl\/?p=4444"},"modified":"2023-09-05T22:44:34","modified_gmt":"2023-09-05T20:44:34","slug":"ostatnia-wizyta-partnerow-z-malty-w-chojnie","status":"publish","type":"post","link":"https:\/\/zsp1chojna.pl\/?p=4444","title":{"rendered":"Ostatnia wizyta partner\u00f3w z\u00a0Malty w\u00a0Chojnie"},"content":{"rendered":"\n<p class=\"has-text-align-justify\">W&nbsp;dniach 27-31.05.2013&nbsp;r. w&nbsp;Chojnie, w&nbsp;ramach programu Comenius Regio projekt \u201eSzko\u0142a w&nbsp;spo\u0142eczno\u015bci \u2013 spo\u0142eczno\u015b\u0107 w&nbsp;szkole\u201d odby\u0142a si\u0119 ostatnia, podsumowuj\u0105ca wizyta partner\u00f3w z&nbsp;Malty. Go\u015bcie po&nbsp;raz trzeci mieli mo\u017cliwo\u015b\u0107 pozna\u0107 zaanga\u017cowanie poszczeg\u00f3lnych instytucji w&nbsp;proces nauczania i&nbsp;uczenia si\u0119 oraz&nbsp;wymieni\u0107 do\u015bwiadczeniami w&nbsp;zakresie funkcjonowania instytucji edukacyjnych w&nbsp;lokalnych spo\u0142eczno\u015bciach. W\u015br\u00f3d go\u015bci obecni byli: pani Josephine Mifsud&nbsp;\u2013 dyrektor St Thomas More College na&nbsp;Malcie, pan Mario Calleja \u2013 burmistrz Marsaskali, nauczyciele szko\u0142y podstawowej \u2013 St Thomas More College Marsaskala Primary oraz&nbsp;przedstawiciele instytucji wspieraj\u0105cych dzia\u0142alno\u015b\u0107 szk\u00f3\u0142.<\/p>\n\n\n<div class=\"wp-block-image\">\n<figure class=\"aligncenter size-full\"><img loading=\"lazy\" decoding=\"async\" width=\"521\" height=\"293\" data-attachment-id=\"4455\" data-permalink=\"https:\/\/zsp1chojna.pl\/?attachment_id=4455\" data-orig-file=\"https:\/\/zsp1chojna.pl\/wp-content\/uploads\/2023\/09\/comenius_regio_maj_clip_image002.jpg\" data-orig-size=\"521,293\" data-comments-opened=\"1\" data-image-meta=\"{&quot;aperture&quot;:&quot;0&quot;,&quot;credit&quot;:&quot;&quot;,&quot;camera&quot;:&quot;&quot;,&quot;caption&quot;:&quot;&quot;,&quot;created_timestamp&quot;:&quot;0&quot;,&quot;copyright&quot;:&quot;&quot;,&quot;focal_length&quot;:&quot;0&quot;,&quot;iso&quot;:&quot;0&quot;,&quot;shutter_speed&quot;:&quot;0&quot;,&quot;title&quot;:&quot;&quot;,&quot;orientation&quot;:&quot;0&quot;}\" data-image-title=\"comenius_regio_maj_clip_image002\" data-image-description=\"\" data-image-caption=\"\" data-medium-file=\"https:\/\/zsp1chojna.pl\/wp-content\/uploads\/2023\/09\/comenius_regio_maj_clip_image002-300x169.jpg\" data-large-file=\"https:\/\/zsp1chojna.pl\/wp-content\/uploads\/2023\/09\/comenius_regio_maj_clip_image002.jpg\" src=\"https:\/\/zsp1chojna.pl\/wp-content\/uploads\/2023\/09\/comenius_regio_maj_clip_image002.jpg\" alt=\"Przebieg projektu\" class=\"wp-image-4455\" srcset=\"https:\/\/zsp1chojna.pl\/wp-content\/uploads\/2023\/09\/comenius_regio_maj_clip_image002.jpg 521w, https:\/\/zsp1chojna.pl\/wp-content\/uploads\/2023\/09\/comenius_regio_maj_clip_image002-300x169.jpg 300w\" sizes=\"auto, (max-width: 521px) 100vw, 521px\" \/><\/figure>\n<\/div>\n\n\n<p class=\"has-text-align-justify\">Pierwszego dnia pobytu partnerzy zwiedzili Wroc\u0142aw.<br>Obejrzeli Panoram\u0119 Rac\u0142awick\u0105 \u2013 jedno z&nbsp;niewielu miejsc na&nbsp;\u015bwiecie, gdzie podziwia\u0107 mo\u017cna relikt dziewi\u0119tnastowiecznej kultury masowej. Spacerowali najstarsz\u0105 zabytkow\u0105 cz\u0119\u015bci\u0105 Wroc\u0142awia&nbsp; \u2013 Ostrowem Tumskim gromadz\u0105cym najbardziej warto\u015bciowegotyckie ko\u015bcio\u0142y i&nbsp;barokowe budowle \u015bwieckie<strong>.&nbsp;<\/strong>Wchodz\u0105c na&nbsp;wysp\u0119 Piasek s\u0142ynnym Mostem Zakochanych \u2013 Mostem Tumskim podziwiali m.in.&nbsp;ko\u015bci\u00f3\u0142 Naj\u015bwi\u0119tszej Marii Panny, gmach Biblioteki Uniwersyteckiej, barokow\u0105 cerkiew prawos\u0142awn\u0105 \u015awi\u0119tych Cyryla i&nbsp;Metodego, pomnik kardyna\u0142a Kominka. Spacer zako\u0144czyli na&nbsp;Wroc\u0142awskim Rynku \u2013 \u015bredniowiecznym placu targowym kupuj\u0105c pami\u0105tki na&nbsp;licznie wystawionych straganach handlowych.<\/p>\n\n\n<div class=\"wp-block-image\">\n<figure class=\"aligncenter size-full\"><img loading=\"lazy\" decoding=\"async\" width=\"500\" height=\"281\" data-attachment-id=\"4454\" data-permalink=\"https:\/\/zsp1chojna.pl\/?attachment_id=4454\" data-orig-file=\"https:\/\/zsp1chojna.pl\/wp-content\/uploads\/2023\/09\/comenius_regio_maj_clip_image004.jpg\" data-orig-size=\"500,281\" data-comments-opened=\"1\" data-image-meta=\"{&quot;aperture&quot;:&quot;0&quot;,&quot;credit&quot;:&quot;&quot;,&quot;camera&quot;:&quot;&quot;,&quot;caption&quot;:&quot;&quot;,&quot;created_timestamp&quot;:&quot;0&quot;,&quot;copyright&quot;:&quot;&quot;,&quot;focal_length&quot;:&quot;0&quot;,&quot;iso&quot;:&quot;0&quot;,&quot;shutter_speed&quot;:&quot;0&quot;,&quot;title&quot;:&quot;&quot;,&quot;orientation&quot;:&quot;0&quot;}\" data-image-title=\"comenius_regio_maj_clip_image004\" data-image-description=\"\" data-image-caption=\"\" data-medium-file=\"https:\/\/zsp1chojna.pl\/wp-content\/uploads\/2023\/09\/comenius_regio_maj_clip_image004-300x169.jpg\" data-large-file=\"https:\/\/zsp1chojna.pl\/wp-content\/uploads\/2023\/09\/comenius_regio_maj_clip_image004.jpg\" src=\"https:\/\/zsp1chojna.pl\/wp-content\/uploads\/2023\/09\/comenius_regio_maj_clip_image004.jpg\" alt=\"Przebieg projektu\" class=\"wp-image-4454\" srcset=\"https:\/\/zsp1chojna.pl\/wp-content\/uploads\/2023\/09\/comenius_regio_maj_clip_image004.jpg 500w, https:\/\/zsp1chojna.pl\/wp-content\/uploads\/2023\/09\/comenius_regio_maj_clip_image004-300x169.jpg 300w\" sizes=\"auto, (max-width: 500px) 100vw, 500px\" \/><\/figure>\n<\/div>\n\n\n<p class=\"has-text-align-justify\">G\u0142\u00f3wnym punktem trzeciej wizyty strony malta\u0144skiej by\u0142a konferencja podsumowuj\u0105ca realizacj\u0119 projektu \u201cSzko\u0142a w&nbsp;spo\u0142ecze\u0144stwie \u2013 spo\u0142eczno\u015b\u0107 w&nbsp;szkole\u201d-&nbsp;<strong>\u201eCommunity school \u2013 school in community\u201d.&nbsp;<\/strong>29&nbsp;maja 2014&nbsp;r. w&nbsp;Starostwie Powiatowym w&nbsp;Gryfinie przedstawiono zrealizowane &nbsp;w ramach projektu dzia\u0142ania. W\u015br\u00f3d uczestnik\u00f3w konferencji opr\u00f3cz przedstawicieli partner\u00f3w projektu z&nbsp;Malty i&nbsp;Polski obecni byli przedstawiciele lokalnych instytucji oraz&nbsp;plac\u00f3wek wsp\u00f3\u0142pracuj\u0105cych z&nbsp;Zespo\u0142em Szk\u00f3\u0142 Ponadgimnazjalnych Nr&nbsp;1&nbsp;w&nbsp;Chojnie m.in.: pp\u0142k Cezary Kinowski z&nbsp;5&nbsp;Pu\u0142ku In\u017cynieryjnego w&nbsp;Szczecinie Podjuchach, Wies\u0142aw Pietruszkiewicz z&nbsp;Zachodniopomorskiego Uniwersytetu Technologicznego w&nbsp;Szczecinie, Tomasz Zalewski z&nbsp;Wodnego Ochotniczego Pogotowia Ratunkowego w&nbsp;Szczecinie, dr&nbsp;Waldemar Urbaniak rektor Wy\u017cszej Szko\u0142y Humanistycznej w&nbsp;Szczecinie, insp. Andrzej StechnijKomendant Powiatowy Policji w&nbsp;Gryfinie, Jolanta Majewska dyrektor Poradni Psychologiczno-Pedagogicznej w&nbsp;Gryfinie, Bogus\u0142awa Florek dyrektor Powiatowego Urz\u0119du Pracy w&nbsp;Gryfinie, Krystyna Knop prezes zarz\u0105du Uniwersytetu III wieku w&nbsp;Gryfinie, Robert W\u00f3jcik z&nbsp;Nadle\u015bnictwa w&nbsp;Gryfinie, Wioletta Ro\u017cko z&nbsp;Powiatowej Stacji Sanitarno-Epidemiologicznej w&nbsp;Gryfinie, Janusz Babiarz z&nbsp;Miejskiego Klubu Sportowego w&nbsp;Chojnie, Jan Podle\u015bny dyrektor M\u0142odzie\u017cowego O\u015brodka Sportowego w&nbsp;Gryfinie oraz&nbsp;przedstawiciel lokalnych medi\u00f3w Andrzej Kordylasi\u0144ski z&nbsp;portalu igryfino.pl.<\/p>\n\n\n<div class=\"wp-block-image\">\n<figure class=\"aligncenter size-full\"><img loading=\"lazy\" decoding=\"async\" width=\"500\" height=\"281\" data-attachment-id=\"4458\" data-permalink=\"https:\/\/zsp1chojna.pl\/?attachment_id=4458\" data-orig-file=\"https:\/\/zsp1chojna.pl\/wp-content\/uploads\/2023\/09\/comenius_regio_maj_clip_image005.jpg\" data-orig-size=\"500,281\" data-comments-opened=\"1\" data-image-meta=\"{&quot;aperture&quot;:&quot;3.2&quot;,&quot;credit&quot;:&quot;&quot;,&quot;camera&quot;:&quot;DSC-HX300&quot;,&quot;caption&quot;:&quot;&quot;,&quot;created_timestamp&quot;:&quot;1401358431&quot;,&quot;copyright&quot;:&quot;&quot;,&quot;focal_length&quot;:&quot;6.93&quot;,&quot;iso&quot;:&quot;800&quot;,&quot;shutter_speed&quot;:&quot;0.008&quot;,&quot;title&quot;:&quot;&quot;,&quot;orientation&quot;:&quot;1&quot;}\" data-image-title=\"comenius_regio_maj_clip_image005\" data-image-description=\"\" data-image-caption=\"\" data-medium-file=\"https:\/\/zsp1chojna.pl\/wp-content\/uploads\/2023\/09\/comenius_regio_maj_clip_image005-300x169.jpg\" data-large-file=\"https:\/\/zsp1chojna.pl\/wp-content\/uploads\/2023\/09\/comenius_regio_maj_clip_image005.jpg\" src=\"https:\/\/zsp1chojna.pl\/wp-content\/uploads\/2023\/09\/comenius_regio_maj_clip_image005.jpg\" alt=\"Przebieg projektu\" class=\"wp-image-4458\" srcset=\"https:\/\/zsp1chojna.pl\/wp-content\/uploads\/2023\/09\/comenius_regio_maj_clip_image005.jpg 500w, https:\/\/zsp1chojna.pl\/wp-content\/uploads\/2023\/09\/comenius_regio_maj_clip_image005-300x169.jpg 300w\" sizes=\"auto, (max-width: 500px) 100vw, 500px\" \/><\/figure>\n<\/div>\n\n\n<p class=\"has-text-align-justify\">Konferencj\u0119 uroczy\u015bcie rozpocz\u0105\u0142 Starosta Gryfi\u0144ski pan Wojciech Konarski, przedstawiaj\u0105c korzy\u015bci wynikaj\u0105ce z&nbsp;realizacji projekt\u00f3w mi\u0119dzynarodowych, podkre\u015bli\u0142 rol\u0119 wymiany do\u015bwiadcze\u0144 &nbsp;w wprowadzaniu innowacji i&nbsp;udoskonalaniu pracy szk\u00f3\u0142.<\/p>\n\n\n<div class=\"wp-block-image\">\n<figure class=\"aligncenter size-full\"><img loading=\"lazy\" decoding=\"async\" width=\"500\" height=\"281\" data-attachment-id=\"4457\" data-permalink=\"https:\/\/zsp1chojna.pl\/?attachment_id=4457\" data-orig-file=\"https:\/\/zsp1chojna.pl\/wp-content\/uploads\/2023\/09\/comenius_regio_maj_clip_image006.jpg\" data-orig-size=\"500,281\" data-comments-opened=\"1\" data-image-meta=\"{&quot;aperture&quot;:&quot;4&quot;,&quot;credit&quot;:&quot;&quot;,&quot;camera&quot;:&quot;DSC-HX300&quot;,&quot;caption&quot;:&quot;&quot;,&quot;created_timestamp&quot;:&quot;1401359065&quot;,&quot;copyright&quot;:&quot;&quot;,&quot;focal_length&quot;:&quot;14.2&quot;,&quot;iso&quot;:&quot;320&quot;,&quot;shutter_speed&quot;:&quot;0.0125&quot;,&quot;title&quot;:&quot;&quot;,&quot;orientation&quot;:&quot;1&quot;}\" data-image-title=\"comenius_regio_maj_clip_image006\" data-image-description=\"\" data-image-caption=\"\" data-medium-file=\"https:\/\/zsp1chojna.pl\/wp-content\/uploads\/2023\/09\/comenius_regio_maj_clip_image006-300x169.jpg\" data-large-file=\"https:\/\/zsp1chojna.pl\/wp-content\/uploads\/2023\/09\/comenius_regio_maj_clip_image006.jpg\" src=\"https:\/\/zsp1chojna.pl\/wp-content\/uploads\/2023\/09\/comenius_regio_maj_clip_image006.jpg\" alt=\"Przebieg projektu\" class=\"wp-image-4457\" srcset=\"https:\/\/zsp1chojna.pl\/wp-content\/uploads\/2023\/09\/comenius_regio_maj_clip_image006.jpg 500w, https:\/\/zsp1chojna.pl\/wp-content\/uploads\/2023\/09\/comenius_regio_maj_clip_image006-300x169.jpg 300w\" sizes=\"auto, (max-width: 500px) 100vw, 500px\" \/><\/figure>\n<\/div>\n\n\n<p class=\"has-text-align-justify\">Kolejnym punktem spotkania by\u0142o przedstawienie dzia\u0142a\u0144 w&nbsp;ramach projektu oraz&nbsp;prezentacja szk\u00f3\u0142 i&nbsp;ich dzia\u0142alno\u015bci. Koordynator projektu po&nbsp;stronie polskiej pan Janusz Salamo\u0144czyk zaprezentowa\u0142 dotychczasowy przebieg realizacji projektu. Przedstawi\u0142 instytucje i&nbsp;organizacje w\u0142\u0105czaj\u0105ce si\u0119 w&nbsp;proces nauczania jakie mieli mo\u017cliwo\u015b\u0107 pozna\u0107, w&nbsp;trakcie wizyt partnerskich, obie strony projektu. Wskazywa\u0142 podobie\u0144stwa i&nbsp;r\u00f3\u017cnice w&nbsp;systemie edukacji w&nbsp;Polsce i&nbsp;na&nbsp;Malcie. Podkre\u015bli\u0142 rol\u0119 wsp\u00f3\u0142pracy szk\u00f3\u0142 z&nbsp;organami prowadz\u0105cymi, organizacjami kulturalnymi i&nbsp;artystycznymi oraz&nbsp;potencjalnymi pracodawcami.<\/p>\n\n\n<div class=\"wp-block-image\">\n<figure class=\"aligncenter size-full\"><img loading=\"lazy\" decoding=\"async\" width=\"563\" height=\"316\" data-attachment-id=\"4453\" data-permalink=\"https:\/\/zsp1chojna.pl\/?attachment_id=4453\" data-orig-file=\"https:\/\/zsp1chojna.pl\/wp-content\/uploads\/2023\/09\/comenius_regio_maj_clip_image008.jpg\" data-orig-size=\"563,316\" data-comments-opened=\"1\" data-image-meta=\"{&quot;aperture&quot;:&quot;0&quot;,&quot;credit&quot;:&quot;&quot;,&quot;camera&quot;:&quot;&quot;,&quot;caption&quot;:&quot;&quot;,&quot;created_timestamp&quot;:&quot;0&quot;,&quot;copyright&quot;:&quot;&quot;,&quot;focal_length&quot;:&quot;0&quot;,&quot;iso&quot;:&quot;0&quot;,&quot;shutter_speed&quot;:&quot;0&quot;,&quot;title&quot;:&quot;&quot;,&quot;orientation&quot;:&quot;0&quot;}\" data-image-title=\"comenius_regio_maj_clip_image008\" data-image-description=\"\" data-image-caption=\"\" data-medium-file=\"https:\/\/zsp1chojna.pl\/wp-content\/uploads\/2023\/09\/comenius_regio_maj_clip_image008-300x168.jpg\" data-large-file=\"https:\/\/zsp1chojna.pl\/wp-content\/uploads\/2023\/09\/comenius_regio_maj_clip_image008.jpg\" src=\"https:\/\/zsp1chojna.pl\/wp-content\/uploads\/2023\/09\/comenius_regio_maj_clip_image008.jpg\" alt=\"Przebieg projektu\" class=\"wp-image-4453\" srcset=\"https:\/\/zsp1chojna.pl\/wp-content\/uploads\/2023\/09\/comenius_regio_maj_clip_image008.jpg 563w, https:\/\/zsp1chojna.pl\/wp-content\/uploads\/2023\/09\/comenius_regio_maj_clip_image008-300x168.jpg 300w\" sizes=\"auto, (max-width: 563px) 100vw, 563px\" \/><\/figure>\n<\/div>\n\n\n<p class=\"has-text-align-justify\">Dyrektor Zespo\u0142u Szk\u00f3\u0142 Ponadgimnazjalnych Nr&nbsp;1&nbsp;w&nbsp;Chojnie pani Adriana Salamo\u0144czyk przedstawi\u0142a wsp\u00f3\u0142prac\u0119 szko\u0142y z&nbsp;instytucjami. Podkre\u015bli\u0142a korzy\u015bci wynikaj\u0105ce z&nbsp;wsp\u00f3\u0142pracy patronackiej, jej wp\u0142yw na&nbsp;uatrakcyjnienie procesu nauczania i&nbsp;wychowania, a&nbsp;tak\u017ce aktywizacj\u0119 i&nbsp;rozwijanie zainteresowa\u0144 uczni\u00f3w.<\/p>\n\n\n<div class=\"wp-block-image\">\n<figure class=\"aligncenter size-full\"><img loading=\"lazy\" decoding=\"async\" width=\"539\" height=\"303\" data-attachment-id=\"4452\" data-permalink=\"https:\/\/zsp1chojna.pl\/?attachment_id=4452\" data-orig-file=\"https:\/\/zsp1chojna.pl\/wp-content\/uploads\/2023\/09\/comenius_regio_maj_clip_image010.jpg\" data-orig-size=\"539,303\" data-comments-opened=\"1\" data-image-meta=\"{&quot;aperture&quot;:&quot;0&quot;,&quot;credit&quot;:&quot;&quot;,&quot;camera&quot;:&quot;&quot;,&quot;caption&quot;:&quot;&quot;,&quot;created_timestamp&quot;:&quot;0&quot;,&quot;copyright&quot;:&quot;&quot;,&quot;focal_length&quot;:&quot;0&quot;,&quot;iso&quot;:&quot;0&quot;,&quot;shutter_speed&quot;:&quot;0&quot;,&quot;title&quot;:&quot;&quot;,&quot;orientation&quot;:&quot;0&quot;}\" data-image-title=\"comenius_regio_maj_clip_image010\" data-image-description=\"\" data-image-caption=\"\" data-medium-file=\"https:\/\/zsp1chojna.pl\/wp-content\/uploads\/2023\/09\/comenius_regio_maj_clip_image010-300x169.jpg\" data-large-file=\"https:\/\/zsp1chojna.pl\/wp-content\/uploads\/2023\/09\/comenius_regio_maj_clip_image010.jpg\" src=\"https:\/\/zsp1chojna.pl\/wp-content\/uploads\/2023\/09\/comenius_regio_maj_clip_image010.jpg\" alt=\"Przebieg projektu\" class=\"wp-image-4452\" srcset=\"https:\/\/zsp1chojna.pl\/wp-content\/uploads\/2023\/09\/comenius_regio_maj_clip_image010.jpg 539w, https:\/\/zsp1chojna.pl\/wp-content\/uploads\/2023\/09\/comenius_regio_maj_clip_image010-300x169.jpg 300w\" sizes=\"auto, (max-width: 539px) 100vw, 539px\" \/><\/figure>\n<\/div>\n\n\n<p class=\"has-text-align-justify\">Wsp\u00f3\u0142prac\u0119 w&nbsp;ramach projektu \u201eCommunity school \u2013 school in community\u201d od&nbsp;strony partner\u00f3w przedstawi\u0142 Mark Causon. Zakres dzia\u0142alno\u015bci St Thomas More College i&nbsp;zasady zarz\u0105dzania szko\u0142ami na&nbsp;Malcie przedstawi\u0142a pani dyrektor Josephine Mifsud. Uczestnicy obejrzeli przygotowan\u0105 prezentacj\u0119 \u201eSt Thomas More College- An Overview\u201d. Du\u017co emocji dostarczy\u0142a przygotowana przez&nbsp;dyrektora St Thomas More College Marsaskala Primary w&nbsp;Marsaskali prezentacja \u201eLiving and growing in hormony\u201d.<\/p>\n\n\n<div class=\"wp-block-image\">\n<figure class=\"aligncenter size-full\"><img loading=\"lazy\" decoding=\"async\" width=\"500\" height=\"281\" data-attachment-id=\"4456\" data-permalink=\"https:\/\/zsp1chojna.pl\/?attachment_id=4456\" data-orig-file=\"https:\/\/zsp1chojna.pl\/wp-content\/uploads\/2023\/09\/comenius_regio_maj_clip_image011.jpg\" data-orig-size=\"500,281\" data-comments-opened=\"1\" data-image-meta=\"{&quot;aperture&quot;:&quot;1.8&quot;,&quot;credit&quot;:&quot;&quot;,&quot;camera&quot;:&quot;Canon LEGRIA HF M46&quot;,&quot;caption&quot;:&quot;&quot;,&quot;created_timestamp&quot;:&quot;1401366618&quot;,&quot;copyright&quot;:&quot;&quot;,&quot;focal_length&quot;:&quot;6.1&quot;,&quot;iso&quot;:&quot;0&quot;,&quot;shutter_speed&quot;:&quot;0.02&quot;,&quot;title&quot;:&quot;&quot;,&quot;orientation&quot;:&quot;1&quot;}\" data-image-title=\"comenius_regio_maj_clip_image011\" data-image-description=\"\" data-image-caption=\"\" data-medium-file=\"https:\/\/zsp1chojna.pl\/wp-content\/uploads\/2023\/09\/comenius_regio_maj_clip_image011-300x169.jpg\" data-large-file=\"https:\/\/zsp1chojna.pl\/wp-content\/uploads\/2023\/09\/comenius_regio_maj_clip_image011.jpg\" src=\"https:\/\/zsp1chojna.pl\/wp-content\/uploads\/2023\/09\/comenius_regio_maj_clip_image011.jpg\" alt=\"Przebieg projektu\" class=\"wp-image-4456\" srcset=\"https:\/\/zsp1chojna.pl\/wp-content\/uploads\/2023\/09\/comenius_regio_maj_clip_image011.jpg 500w, https:\/\/zsp1chojna.pl\/wp-content\/uploads\/2023\/09\/comenius_regio_maj_clip_image011-300x169.jpg 300w\" sizes=\"auto, (max-width: 500px) 100vw, 500px\" \/><\/figure>\n<\/div>\n\n\n<p class=\"has-text-align-justify\">Podsumowaniem konferencji by\u0142o przem\u00f3wienie Mario Calleja \u2013 burmistrza Marsaskali. Podzi\u0119kowa\u0142 on za&nbsp;mo\u017cliwo\u015b\u0107 uczestniczenia w&nbsp;projekcie, poznania funkcjonowania szk\u00f3\u0142 w&nbsp;Polsce. Wr\u0119czaj\u0105c symboliczne pami\u0105tki panu Staro\u015bcie Wojciechowi Konarskiemu, koordynatorowi projektu panu Januszowi Salamo\u0144czykowi i&nbsp;pani dyrektor Zespo\u0142u Szk\u00f3\u0142 Ponadgimnazjalnych Nr&nbsp;1&nbsp;w&nbsp;Chojnie Adrianie Salamo\u0144czyk wyrazi\u0142 swoje uznanie i&nbsp;zadowolenie ze&nbsp;wsp\u00f3\u0142pracy.<\/p>\n\n\n<style>.kb-row-layout-id4444_3153da-38 > .kt-row-column-wrap{align-content:start;}:where(.kb-row-layout-id4444_3153da-38 > .kt-row-column-wrap) > .wp-block-kadence-column{justify-content:start;}.kb-row-layout-id4444_3153da-38 > .kt-row-column-wrap{column-gap:var(--global-kb-gap-sm, 1rem);row-gap:var(--global-kb-gap-none, 0 );padding-top:0px;padding-bottom:0px;grid-template-columns:repeat(2, minmax(0, 1fr));}.kb-row-layout-id4444_3153da-38 > .kt-row-layout-overlay{opacity:0.30;}@media all and (max-width: 1024px){.kb-row-layout-id4444_3153da-38 > .kt-row-column-wrap{grid-template-columns:repeat(2, minmax(0, 1fr));}}@media all and (max-width: 767px){.kb-row-layout-id4444_3153da-38 > .kt-row-column-wrap{grid-template-columns:minmax(0, 1fr);}}<\/style><div class=\"kb-row-layout-wrap kb-row-layout-id4444_3153da-38 alignnone wp-block-kadence-rowlayout\"><div class=\"kt-row-column-wrap kt-has-2-columns kt-row-layout-equal kt-tab-layout-inherit kt-mobile-layout-row kt-row-valign-top\">\n<style>.kadence-column4444_635d9f-31 > .kt-inside-inner-col,.kadence-column4444_635d9f-31 > .kt-inside-inner-col:before{border-top-left-radius:0px;border-top-right-radius:0px;border-bottom-right-radius:0px;border-bottom-left-radius:0px;}.kadence-column4444_635d9f-31 > .kt-inside-inner-col:before{opacity:0.3;}.kadence-column4444_635d9f-31{position:relative;}<\/style>\n<div class=\"wp-block-kadence-column kadence-column4444_635d9f-31\"><div class=\"kt-inside-inner-col\"><div class=\"wp-block-image\">\n<figure class=\"alignright size-full\"><img loading=\"lazy\" decoding=\"async\" width=\"545\" height=\"408\" data-attachment-id=\"4451\" data-permalink=\"https:\/\/zsp1chojna.pl\/?attachment_id=4451\" data-orig-file=\"https:\/\/zsp1chojna.pl\/wp-content\/uploads\/2023\/09\/comenius_regio_maj_clip_image013.jpg\" data-orig-size=\"545,408\" data-comments-opened=\"1\" data-image-meta=\"{&quot;aperture&quot;:&quot;0&quot;,&quot;credit&quot;:&quot;&quot;,&quot;camera&quot;:&quot;&quot;,&quot;caption&quot;:&quot;&quot;,&quot;created_timestamp&quot;:&quot;0&quot;,&quot;copyright&quot;:&quot;&quot;,&quot;focal_length&quot;:&quot;0&quot;,&quot;iso&quot;:&quot;0&quot;,&quot;shutter_speed&quot;:&quot;0&quot;,&quot;title&quot;:&quot;&quot;,&quot;orientation&quot;:&quot;0&quot;}\" data-image-title=\"comenius_regio_maj_clip_image013\" data-image-description=\"\" data-image-caption=\"\" data-medium-file=\"https:\/\/zsp1chojna.pl\/wp-content\/uploads\/2023\/09\/comenius_regio_maj_clip_image013-300x225.jpg\" data-large-file=\"https:\/\/zsp1chojna.pl\/wp-content\/uploads\/2023\/09\/comenius_regio_maj_clip_image013.jpg\" src=\"https:\/\/zsp1chojna.pl\/wp-content\/uploads\/2023\/09\/comenius_regio_maj_clip_image013.jpg\" alt=\"Przebieg projektu\" class=\"wp-image-4451\" srcset=\"https:\/\/zsp1chojna.pl\/wp-content\/uploads\/2023\/09\/comenius_regio_maj_clip_image013.jpg 545w, https:\/\/zsp1chojna.pl\/wp-content\/uploads\/2023\/09\/comenius_regio_maj_clip_image013-300x225.jpg 300w\" sizes=\"auto, (max-width: 545px) 100vw, 545px\" \/><\/figure>\n<\/div><\/div><\/div>\n\n\n<style>.kadence-column4444_81ab15-7c > .kt-inside-inner-col,.kadence-column4444_81ab15-7c > .kt-inside-inner-col:before{border-top-left-radius:0px;border-top-right-radius:0px;border-bottom-right-radius:0px;border-bottom-left-radius:0px;}.kadence-column4444_81ab15-7c > .kt-inside-inner-col:before{opacity:0.3;}.kadence-column4444_81ab15-7c{position:relative;}<\/style>\n<div class=\"wp-block-kadence-column kadence-column4444_81ab15-7c\"><div class=\"kt-inside-inner-col\"><div class=\"wp-block-image\">\n<figure class=\"alignleft size-full\"><img loading=\"lazy\" decoding=\"async\" width=\"536\" height=\"401\" data-attachment-id=\"4450\" data-permalink=\"https:\/\/zsp1chojna.pl\/?attachment_id=4450\" data-orig-file=\"https:\/\/zsp1chojna.pl\/wp-content\/uploads\/2023\/09\/comenius_regio_maj_clip_image015.jpg\" data-orig-size=\"536,401\" data-comments-opened=\"1\" data-image-meta=\"{&quot;aperture&quot;:&quot;0&quot;,&quot;credit&quot;:&quot;&quot;,&quot;camera&quot;:&quot;&quot;,&quot;caption&quot;:&quot;&quot;,&quot;created_timestamp&quot;:&quot;0&quot;,&quot;copyright&quot;:&quot;&quot;,&quot;focal_length&quot;:&quot;0&quot;,&quot;iso&quot;:&quot;0&quot;,&quot;shutter_speed&quot;:&quot;0&quot;,&quot;title&quot;:&quot;&quot;,&quot;orientation&quot;:&quot;0&quot;}\" data-image-title=\"comenius_regio_maj_clip_image015\" data-image-description=\"\" data-image-caption=\"\" data-medium-file=\"https:\/\/zsp1chojna.pl\/wp-content\/uploads\/2023\/09\/comenius_regio_maj_clip_image015-300x224.jpg\" data-large-file=\"https:\/\/zsp1chojna.pl\/wp-content\/uploads\/2023\/09\/comenius_regio_maj_clip_image015.jpg\" src=\"https:\/\/zsp1chojna.pl\/wp-content\/uploads\/2023\/09\/comenius_regio_maj_clip_image015.jpg\" alt=\"Przebieg projektu\" class=\"wp-image-4450\" srcset=\"https:\/\/zsp1chojna.pl\/wp-content\/uploads\/2023\/09\/comenius_regio_maj_clip_image015.jpg 536w, https:\/\/zsp1chojna.pl\/wp-content\/uploads\/2023\/09\/comenius_regio_maj_clip_image015-300x224.jpg 300w\" sizes=\"auto, (max-width: 536px) 100vw, 536px\" \/><\/figure>\n<\/div><\/div><\/div>\n\n<\/div><\/div>\n\n<div class=\"wp-block-image\">\n<figure class=\"aligncenter size-full\"><img loading=\"lazy\" decoding=\"async\" width=\"543\" height=\"406\" data-attachment-id=\"4449\" data-permalink=\"https:\/\/zsp1chojna.pl\/?attachment_id=4449\" data-orig-file=\"https:\/\/zsp1chojna.pl\/wp-content\/uploads\/2023\/09\/comenius_regio_maj_clip_image017.jpg\" data-orig-size=\"543,406\" data-comments-opened=\"1\" data-image-meta=\"{&quot;aperture&quot;:&quot;0&quot;,&quot;credit&quot;:&quot;&quot;,&quot;camera&quot;:&quot;&quot;,&quot;caption&quot;:&quot;&quot;,&quot;created_timestamp&quot;:&quot;0&quot;,&quot;copyright&quot;:&quot;&quot;,&quot;focal_length&quot;:&quot;0&quot;,&quot;iso&quot;:&quot;0&quot;,&quot;shutter_speed&quot;:&quot;0&quot;,&quot;title&quot;:&quot;&quot;,&quot;orientation&quot;:&quot;0&quot;}\" data-image-title=\"comenius_regio_maj_clip_image017\" data-image-description=\"\" data-image-caption=\"\" data-medium-file=\"https:\/\/zsp1chojna.pl\/wp-content\/uploads\/2023\/09\/comenius_regio_maj_clip_image017-300x224.jpg\" data-large-file=\"https:\/\/zsp1chojna.pl\/wp-content\/uploads\/2023\/09\/comenius_regio_maj_clip_image017.jpg\" src=\"https:\/\/zsp1chojna.pl\/wp-content\/uploads\/2023\/09\/comenius_regio_maj_clip_image017.jpg\" alt=\"Przebieg projektu\" class=\"wp-image-4449\" srcset=\"https:\/\/zsp1chojna.pl\/wp-content\/uploads\/2023\/09\/comenius_regio_maj_clip_image017.jpg 543w, https:\/\/zsp1chojna.pl\/wp-content\/uploads\/2023\/09\/comenius_regio_maj_clip_image017-300x224.jpg 300w\" sizes=\"auto, (max-width: 543px) 100vw, 543px\" \/><\/figure>\n<\/div>\n\n<div class=\"wp-block-image\">\n<figure class=\"aligncenter size-full\"><img loading=\"lazy\" decoding=\"async\" width=\"605\" height=\"264\" data-attachment-id=\"4448\" data-permalink=\"https:\/\/zsp1chojna.pl\/?attachment_id=4448\" data-orig-file=\"https:\/\/zsp1chojna.pl\/wp-content\/uploads\/2023\/09\/comenius_regio_maj_clip_image019.jpg\" data-orig-size=\"605,264\" data-comments-opened=\"1\" data-image-meta=\"{&quot;aperture&quot;:&quot;0&quot;,&quot;credit&quot;:&quot;&quot;,&quot;camera&quot;:&quot;&quot;,&quot;caption&quot;:&quot;&quot;,&quot;created_timestamp&quot;:&quot;0&quot;,&quot;copyright&quot;:&quot;&quot;,&quot;focal_length&quot;:&quot;0&quot;,&quot;iso&quot;:&quot;0&quot;,&quot;shutter_speed&quot;:&quot;0&quot;,&quot;title&quot;:&quot;&quot;,&quot;orientation&quot;:&quot;0&quot;}\" data-image-title=\"comenius_regio_maj_clip_image019\" data-image-description=\"\" data-image-caption=\"\" data-medium-file=\"https:\/\/zsp1chojna.pl\/wp-content\/uploads\/2023\/09\/comenius_regio_maj_clip_image019-300x131.jpg\" data-large-file=\"https:\/\/zsp1chojna.pl\/wp-content\/uploads\/2023\/09\/comenius_regio_maj_clip_image019.jpg\" src=\"https:\/\/zsp1chojna.pl\/wp-content\/uploads\/2023\/09\/comenius_regio_maj_clip_image019.jpg\" alt=\"Przebieg projektu\" class=\"wp-image-4448\" srcset=\"https:\/\/zsp1chojna.pl\/wp-content\/uploads\/2023\/09\/comenius_regio_maj_clip_image019.jpg 605w, https:\/\/zsp1chojna.pl\/wp-content\/uploads\/2023\/09\/comenius_regio_maj_clip_image019-300x131.jpg 300w\" sizes=\"auto, (max-width: 605px) 100vw, 605px\" \/><\/figure>\n<\/div>\n\n\n<p class=\"has-text-align-justify\">Po&nbsp;po\u0142udniu go\u015bcie z&nbsp;Malty wraz z&nbsp;przedstawicielami Starostwa Powiatowego oraz&nbsp;Zespo\u0142u Szk\u00f3\u0142 Ponadgimnazjalnych Nr&nbsp;1&nbsp;w&nbsp;Chojnie&nbsp; sp\u0119dzili wsp\u00f3lnie czas w&nbsp;kr\u0119gielni.<\/p>\n\n\n<div class=\"wp-block-image\">\n<figure class=\"aligncenter size-full\"><img loading=\"lazy\" decoding=\"async\" width=\"518\" height=\"389\" data-attachment-id=\"4447\" data-permalink=\"https:\/\/zsp1chojna.pl\/?attachment_id=4447\" data-orig-file=\"https:\/\/zsp1chojna.pl\/wp-content\/uploads\/2023\/09\/comenius_regio_maj_clip_image021.jpg\" data-orig-size=\"518,389\" data-comments-opened=\"1\" data-image-meta=\"{&quot;aperture&quot;:&quot;0&quot;,&quot;credit&quot;:&quot;&quot;,&quot;camera&quot;:&quot;&quot;,&quot;caption&quot;:&quot;&quot;,&quot;created_timestamp&quot;:&quot;0&quot;,&quot;copyright&quot;:&quot;&quot;,&quot;focal_length&quot;:&quot;0&quot;,&quot;iso&quot;:&quot;0&quot;,&quot;shutter_speed&quot;:&quot;0&quot;,&quot;title&quot;:&quot;&quot;,&quot;orientation&quot;:&quot;0&quot;}\" data-image-title=\"comenius_regio_maj_clip_image021\" data-image-description=\"\" data-image-caption=\"\" data-medium-file=\"https:\/\/zsp1chojna.pl\/wp-content\/uploads\/2023\/09\/comenius_regio_maj_clip_image021-300x225.jpg\" data-large-file=\"https:\/\/zsp1chojna.pl\/wp-content\/uploads\/2023\/09\/comenius_regio_maj_clip_image021.jpg\" src=\"https:\/\/zsp1chojna.pl\/wp-content\/uploads\/2023\/09\/comenius_regio_maj_clip_image021.jpg\" alt=\"Przebieg projektu\" class=\"wp-image-4447\" srcset=\"https:\/\/zsp1chojna.pl\/wp-content\/uploads\/2023\/09\/comenius_regio_maj_clip_image021.jpg 518w, https:\/\/zsp1chojna.pl\/wp-content\/uploads\/2023\/09\/comenius_regio_maj_clip_image021-300x225.jpg 300w\" sizes=\"auto, (max-width: 518px) 100vw, 518px\" \/><\/figure>\n<\/div>\n\n<div class=\"wp-block-image\">\n<figure class=\"aligncenter size-full\"><img loading=\"lazy\" decoding=\"async\" width=\"493\" height=\"277\" data-attachment-id=\"4446\" data-permalink=\"https:\/\/zsp1chojna.pl\/?attachment_id=4446\" data-orig-file=\"https:\/\/zsp1chojna.pl\/wp-content\/uploads\/2023\/09\/comenius_regio_maj_clip_image023.jpg\" data-orig-size=\"493,277\" data-comments-opened=\"1\" data-image-meta=\"{&quot;aperture&quot;:&quot;0&quot;,&quot;credit&quot;:&quot;&quot;,&quot;camera&quot;:&quot;&quot;,&quot;caption&quot;:&quot;&quot;,&quot;created_timestamp&quot;:&quot;0&quot;,&quot;copyright&quot;:&quot;&quot;,&quot;focal_length&quot;:&quot;0&quot;,&quot;iso&quot;:&quot;0&quot;,&quot;shutter_speed&quot;:&quot;0&quot;,&quot;title&quot;:&quot;&quot;,&quot;orientation&quot;:&quot;0&quot;}\" data-image-title=\"comenius_regio_maj_clip_image023\" data-image-description=\"\" data-image-caption=\"\" data-medium-file=\"https:\/\/zsp1chojna.pl\/wp-content\/uploads\/2023\/09\/comenius_regio_maj_clip_image023-300x169.jpg\" data-large-file=\"https:\/\/zsp1chojna.pl\/wp-content\/uploads\/2023\/09\/comenius_regio_maj_clip_image023.jpg\" src=\"https:\/\/zsp1chojna.pl\/wp-content\/uploads\/2023\/09\/comenius_regio_maj_clip_image023.jpg\" alt=\"Przebieg projektu\" class=\"wp-image-4446\" srcset=\"https:\/\/zsp1chojna.pl\/wp-content\/uploads\/2023\/09\/comenius_regio_maj_clip_image023.jpg 493w, https:\/\/zsp1chojna.pl\/wp-content\/uploads\/2023\/09\/comenius_regio_maj_clip_image023-300x169.jpg 300w\" sizes=\"auto, (max-width: 493px) 100vw, 493px\" \/><\/figure>\n<\/div>\n\n\n<p class=\"has-text-align-justify\">Ostatniego dnia pobytu go\u015bcie z&nbsp;Malty zwiedzili Rejon Pami\u0119ci Narodowej. Odwiedzili G\u00f3r\u0119 Czcibora w&nbsp;Cedynii, cmentarz w&nbsp;Siekierkach, a&nbsp;po&nbsp;po\u0142udniu udali si\u0119 na&nbsp;spacer po&nbsp;Szczecinie.<\/p>\n\n\n<div class=\"wp-block-image\">\n<figure class=\"aligncenter size-full\"><img loading=\"lazy\" decoding=\"async\" width=\"324\" height=\"182\" data-attachment-id=\"4445\" data-permalink=\"https:\/\/zsp1chojna.pl\/?attachment_id=4445\" data-orig-file=\"https:\/\/zsp1chojna.pl\/wp-content\/uploads\/2023\/09\/comenius_regio_maj_clip_image027.jpg\" data-orig-size=\"324,182\" data-comments-opened=\"1\" data-image-meta=\"{&quot;aperture&quot;:&quot;0&quot;,&quot;credit&quot;:&quot;&quot;,&quot;camera&quot;:&quot;&quot;,&quot;caption&quot;:&quot;&quot;,&quot;created_timestamp&quot;:&quot;0&quot;,&quot;copyright&quot;:&quot;&quot;,&quot;focal_length&quot;:&quot;0&quot;,&quot;iso&quot;:&quot;0&quot;,&quot;shutter_speed&quot;:&quot;0&quot;,&quot;title&quot;:&quot;&quot;,&quot;orientation&quot;:&quot;0&quot;}\" data-image-title=\"comenius_regio_maj_clip_image027\" data-image-description=\"\" data-image-caption=\"\" data-medium-file=\"https:\/\/zsp1chojna.pl\/wp-content\/uploads\/2023\/09\/comenius_regio_maj_clip_image027-300x169.jpg\" data-large-file=\"https:\/\/zsp1chojna.pl\/wp-content\/uploads\/2023\/09\/comenius_regio_maj_clip_image027.jpg\" src=\"https:\/\/zsp1chojna.pl\/wp-content\/uploads\/2023\/09\/comenius_regio_maj_clip_image027.jpg\" alt=\"Przebieg projektu\" class=\"wp-image-4445\" srcset=\"https:\/\/zsp1chojna.pl\/wp-content\/uploads\/2023\/09\/comenius_regio_maj_clip_image027.jpg 324w, https:\/\/zsp1chojna.pl\/wp-content\/uploads\/2023\/09\/comenius_regio_maj_clip_image027-300x169.jpg 300w\" sizes=\"auto, (max-width: 324px) 100vw, 324px\" \/><\/figure>\n<\/div>","protected":false},"excerpt":{"rendered":"<p>W&nbsp;dniach 27-31.05.2013&nbsp;r. w&nbsp;Chojnie, w&nbsp;ramach programu Comenius Regio projekt \u201eSzko\u0142a w&nbsp;spo\u0142eczno\u015bci \u2013 spo\u0142eczno\u015b\u0107 w&nbsp;szkole\u201d odby\u0142a si\u0119 ostatnia, podsumowuj\u0105ca wizyta partner\u00f3w z&nbsp;Malty. Go\u015bcie po&nbsp;raz trzeci mieli mo\u017cliwo\u015b\u0107 pozna\u0107 zaanga\u017cowanie poszczeg\u00f3lnych instytucji w&nbsp;proces [&hellip;]<\/p>\n","protected":false},"author":2,"featured_media":4454,"comment_status":"open","ping_status":"open","sticky":false,"template":"","format":"standard","meta":{"footnotes":""},"categories":[17],"tags":[],"class_list":["post-4444","post","type-post","status-publish","format-standard","has-post-thumbnail","hentry","category-aktualnosci-2012-2013"],"wbAuthor":{"name":"kacper27","link":"https:\/\/zsp1chojna.pl\/?author=2"},"wbDate":"maj 27, 2013","wbCategories":{"space":"<a href=\"https:\/\/zsp1chojna.pl\/?cat=17\" rel=\"category\">Aktualno\u015bci 2012\/2013<\/a>","coma":"<a href=\"https:\/\/zsp1chojna.pl\/?cat=17\" rel=\"category\">Aktualno\u015bci 2012\/2013<\/a>"},"wbComment":0,"yoast_head":"<!-- This site is optimized with the Yoast SEO plugin v20.13 - https:\/\/yoast.com\/wordpress\/plugins\/seo\/ -->\n<title>Ostatnia wizyta partner\u00f3w z\u00a0Malty w\u00a0Chojnie - ZSP w Chojnie<\/title>\n<meta name=\"robots\" content=\"index, follow, max-snippet:-1, max-image-preview:large, max-video-preview:-1\" \/>\n<link rel=\"canonical\" href=\"https:\/\/zsp1chojna.pl\/?p=4444\" \/>\n<meta property=\"og:locale\" content=\"pl_PL\" \/>\n<meta property=\"og:type\" content=\"article\" \/>\n<meta property=\"og:title\" content=\"Ostatnia wizyta partner\u00f3w z\u00a0Malty w\u00a0Chojnie - ZSP w Chojnie\" \/>\n<meta property=\"og:description\" content=\"W&nbsp;dniach 27-31.05.2013&nbsp;r. w&nbsp;Chojnie, w&nbsp;ramach programu Comenius Regio projekt \u201eSzko\u0142a w&nbsp;spo\u0142eczno\u015bci \u2013 spo\u0142eczno\u015b\u0107 w&nbsp;szkole\u201d odby\u0142a si\u0119 ostatnia, podsumowuj\u0105ca wizyta partner\u00f3w z&nbsp;Malty. Go\u015bcie po&nbsp;raz trzeci mieli mo\u017cliwo\u015b\u0107 pozna\u0107 zaanga\u017cowanie poszczeg\u00f3lnych instytucji w&nbsp;proces [&hellip;]\" \/>\n<meta property=\"og:url\" content=\"https:\/\/zsp1chojna.pl\/?p=4444\" \/>\n<meta property=\"og:site_name\" content=\"ZSP w Chojnie\" \/>\n<meta property=\"article:published_time\" content=\"2013-05-27T19:53:00+00:00\" \/>\n<meta property=\"article:modified_time\" content=\"2023-09-05T20:44:34+00:00\" \/>\n<meta property=\"og:image\" content=\"https:\/\/zsp1chojna.pl\/wp-content\/uploads\/2023\/09\/comenius_regio_maj_clip_image004.jpg\" \/>\n\t<meta property=\"og:image:width\" content=\"500\" \/>\n\t<meta property=\"og:image:height\" content=\"281\" \/>\n\t<meta property=\"og:image:type\" content=\"image\/jpeg\" \/>\n<meta name=\"author\" content=\"kacper27\" \/>\n<meta name=\"twitter:card\" content=\"summary_large_image\" \/>\n<meta name=\"twitter:label1\" content=\"Napisane przez\" \/>\n\t<meta name=\"twitter:data1\" content=\"kacper27\" \/>\n\t<meta name=\"twitter:label2\" content=\"Szacowany czas czytania\" \/>\n\t<meta name=\"twitter:data2\" content=\"7 minut\" \/>\n<script type=\"application\/ld+json\" class=\"yoast-schema-graph\">{\"@context\":\"https:\/\/schema.org\",\"@graph\":[{\"@type\":\"Article\",\"@id\":\"https:\/\/zsp1chojna.pl\/?p=4444#article\",\"isPartOf\":{\"@id\":\"https:\/\/zsp1chojna.pl\/?p=4444\"},\"author\":{\"name\":\"kacper27\",\"@id\":\"https:\/\/zsp1chojna.pl\/#\/schema\/person\/e974e35b71ad4899de9d84ba9baed22f\"},\"headline\":\"Ostatnia wizyta partner\u00f3w z\u00a0Malty w\u00a0Chojnie\",\"datePublished\":\"2013-05-27T19:53:00+00:00\",\"dateModified\":\"2023-09-05T20:44:34+00:00\",\"mainEntityOfPage\":{\"@id\":\"https:\/\/zsp1chojna.pl\/?p=4444\"},\"wordCount\":909,\"commentCount\":0,\"publisher\":{\"@id\":\"https:\/\/zsp1chojna.pl\/#organization\"},\"articleSection\":[\"Aktualno\u015bci 2012\/2013\"],\"inLanguage\":\"pl-PL\",\"potentialAction\":[{\"@type\":\"CommentAction\",\"name\":\"Comment\",\"target\":[\"https:\/\/zsp1chojna.pl\/?p=4444#respond\"]}]},{\"@type\":\"WebPage\",\"@id\":\"https:\/\/zsp1chojna.pl\/?p=4444\",\"url\":\"https:\/\/zsp1chojna.pl\/?p=4444\",\"name\":\"Ostatnia wizyta partner\u00f3w z\u00a0Malty w\u00a0Chojnie - ZSP w Chojnie\",\"isPartOf\":{\"@id\":\"https:\/\/zsp1chojna.pl\/#website\"},\"datePublished\":\"2013-05-27T19:53:00+00:00\",\"dateModified\":\"2023-09-05T20:44:34+00:00\",\"breadcrumb\":{\"@id\":\"https:\/\/zsp1chojna.pl\/?p=4444#breadcrumb\"},\"inLanguage\":\"pl-PL\",\"potentialAction\":[{\"@type\":\"ReadAction\",\"target\":[\"https:\/\/zsp1chojna.pl\/?p=4444\"]}]},{\"@type\":\"BreadcrumbList\",\"@id\":\"https:\/\/zsp1chojna.pl\/?p=4444#breadcrumb\",\"itemListElement\":[{\"@type\":\"ListItem\",\"position\":1,\"name\":\"Home\",\"item\":\"https:\/\/zsp1chojna.pl\/\"},{\"@type\":\"ListItem\",\"position\":2,\"name\":\"Ostatnia wizyta partner\u00f3w z\u00a0Malty w\u00a0Chojnie\"}]},{\"@type\":\"WebSite\",\"@id\":\"https:\/\/zsp1chojna.pl\/#website\",\"url\":\"https:\/\/zsp1chojna.pl\/\",\"name\":\"ZSP w Chojnie\",\"description\":\"\",\"publisher\":{\"@id\":\"https:\/\/zsp1chojna.pl\/#organization\"},\"potentialAction\":[{\"@type\":\"SearchAction\",\"target\":{\"@type\":\"EntryPoint\",\"urlTemplate\":\"https:\/\/zsp1chojna.pl\/?s={search_term_string}\"},\"query-input\":\"required name=search_term_string\"}],\"inLanguage\":\"pl-PL\"},{\"@type\":\"Organization\",\"@id\":\"https:\/\/zsp1chojna.pl\/#organization\",\"name\":\"ZSP w Chojnie\",\"url\":\"https:\/\/zsp1chojna.pl\/\",\"logo\":{\"@type\":\"ImageObject\",\"inLanguage\":\"pl-PL\",\"@id\":\"https:\/\/zsp1chojna.pl\/#\/schema\/logo\/image\/\",\"url\":\"https:\/\/zsp1chojna.pl\/wp-content\/uploads\/2023\/08\/cropped-cropped-cropped-Logo-biale-napis-na-3-wiersze_504-1.png\",\"contentUrl\":\"https:\/\/zsp1chojna.pl\/wp-content\/uploads\/2023\/08\/cropped-cropped-cropped-Logo-biale-napis-na-3-wiersze_504-1.png\",\"width\":504,\"height\":167,\"caption\":\"ZSP w Chojnie\"},\"image\":{\"@id\":\"https:\/\/zsp1chojna.pl\/#\/schema\/logo\/image\/\"}},{\"@type\":\"Person\",\"@id\":\"https:\/\/zsp1chojna.pl\/#\/schema\/person\/e974e35b71ad4899de9d84ba9baed22f\",\"name\":\"kacper27\",\"image\":{\"@type\":\"ImageObject\",\"inLanguage\":\"pl-PL\",\"@id\":\"https:\/\/zsp1chojna.pl\/#\/schema\/person\/image\/\",\"url\":\"https:\/\/secure.gravatar.com\/avatar\/233d005830da7db1760a03aba4b7a8303a369edf5f46a429dfe66f876a3f452c?s=96&d=mm&r=g\",\"contentUrl\":\"https:\/\/secure.gravatar.com\/avatar\/233d005830da7db1760a03aba4b7a8303a369edf5f46a429dfe66f876a3f452c?s=96&d=mm&r=g\",\"caption\":\"kacper27\"},\"url\":\"https:\/\/zsp1chojna.pl\/?author=2\"}]}<\/script>\n<!-- \/ Yoast SEO plugin. -->","yoast_head_json":{"title":"Ostatnia wizyta partner\u00f3w z\u00a0Malty w\u00a0Chojnie - ZSP w Chojnie","robots":{"index":"index","follow":"follow","max-snippet":"max-snippet:-1","max-image-preview":"max-image-preview:large","max-video-preview":"max-video-preview:-1"},"canonical":"https:\/\/zsp1chojna.pl\/?p=4444","og_locale":"pl_PL","og_type":"article","og_title":"Ostatnia wizyta partner\u00f3w z\u00a0Malty w\u00a0Chojnie - ZSP w Chojnie","og_description":"W&nbsp;dniach 27-31.05.2013&nbsp;r. w&nbsp;Chojnie, w&nbsp;ramach programu Comenius Regio projekt \u201eSzko\u0142a w&nbsp;spo\u0142eczno\u015bci \u2013 spo\u0142eczno\u015b\u0107 w&nbsp;szkole\u201d odby\u0142a si\u0119 ostatnia, podsumowuj\u0105ca wizyta partner\u00f3w z&nbsp;Malty. Go\u015bcie po&nbsp;raz trzeci mieli mo\u017cliwo\u015b\u0107 pozna\u0107 zaanga\u017cowanie poszczeg\u00f3lnych instytucji w&nbsp;proces [&hellip;]","og_url":"https:\/\/zsp1chojna.pl\/?p=4444","og_site_name":"ZSP w Chojnie","article_published_time":"2013-05-27T19:53:00+00:00","article_modified_time":"2023-09-05T20:44:34+00:00","og_image":[{"width":500,"height":281,"url":"https:\/\/zsp1chojna.pl\/wp-content\/uploads\/2023\/09\/comenius_regio_maj_clip_image004.jpg","type":"image\/jpeg"}],"author":"kacper27","twitter_card":"summary_large_image","twitter_misc":{"Napisane przez":"kacper27","Szacowany czas czytania":"7 minut"},"schema":{"@context":"https:\/\/schema.org","@graph":[{"@type":"Article","@id":"https:\/\/zsp1chojna.pl\/?p=4444#article","isPartOf":{"@id":"https:\/\/zsp1chojna.pl\/?p=4444"},"author":{"name":"kacper27","@id":"https:\/\/zsp1chojna.pl\/#\/schema\/person\/e974e35b71ad4899de9d84ba9baed22f"},"headline":"Ostatnia wizyta partner\u00f3w z\u00a0Malty w\u00a0Chojnie","datePublished":"2013-05-27T19:53:00+00:00","dateModified":"2023-09-05T20:44:34+00:00","mainEntityOfPage":{"@id":"https:\/\/zsp1chojna.pl\/?p=4444"},"wordCount":909,"commentCount":0,"publisher":{"@id":"https:\/\/zsp1chojna.pl\/#organization"},"articleSection":["Aktualno\u015bci 2012\/2013"],"inLanguage":"pl-PL","potentialAction":[{"@type":"CommentAction","name":"Comment","target":["https:\/\/zsp1chojna.pl\/?p=4444#respond"]}]},{"@type":"WebPage","@id":"https:\/\/zsp1chojna.pl\/?p=4444","url":"https:\/\/zsp1chojna.pl\/?p=4444","name":"Ostatnia wizyta partner\u00f3w z\u00a0Malty w\u00a0Chojnie - ZSP w Chojnie","isPartOf":{"@id":"https:\/\/zsp1chojna.pl\/#website"},"datePublished":"2013-05-27T19:53:00+00:00","dateModified":"2023-09-05T20:44:34+00:00","breadcrumb":{"@id":"https:\/\/zsp1chojna.pl\/?p=4444#breadcrumb"},"inLanguage":"pl-PL","potentialAction":[{"@type":"ReadAction","target":["https:\/\/zsp1chojna.pl\/?p=4444"]}]},{"@type":"BreadcrumbList","@id":"https:\/\/zsp1chojna.pl\/?p=4444#breadcrumb","itemListElement":[{"@type":"ListItem","position":1,"name":"Home","item":"https:\/\/zsp1chojna.pl\/"},{"@type":"ListItem","position":2,"name":"Ostatnia wizyta partner\u00f3w z\u00a0Malty w\u00a0Chojnie"}]},{"@type":"WebSite","@id":"https:\/\/zsp1chojna.pl\/#website","url":"https:\/\/zsp1chojna.pl\/","name":"ZSP w Chojnie","description":"","publisher":{"@id":"https:\/\/zsp1chojna.pl\/#organization"},"potentialAction":[{"@type":"SearchAction","target":{"@type":"EntryPoint","urlTemplate":"https:\/\/zsp1chojna.pl\/?s={search_term_string}"},"query-input":"required name=search_term_string"}],"inLanguage":"pl-PL"},{"@type":"Organization","@id":"https:\/\/zsp1chojna.pl\/#organization","name":"ZSP w Chojnie","url":"https:\/\/zsp1chojna.pl\/","logo":{"@type":"ImageObject","inLanguage":"pl-PL","@id":"https:\/\/zsp1chojna.pl\/#\/schema\/logo\/image\/","url":"https:\/\/zsp1chojna.pl\/wp-content\/uploads\/2023\/08\/cropped-cropped-cropped-Logo-biale-napis-na-3-wiersze_504-1.png","contentUrl":"https:\/\/zsp1chojna.pl\/wp-content\/uploads\/2023\/08\/cropped-cropped-cropped-Logo-biale-napis-na-3-wiersze_504-1.png","width":504,"height":167,"caption":"ZSP w Chojnie"},"image":{"@id":"https:\/\/zsp1chojna.pl\/#\/schema\/logo\/image\/"}},{"@type":"Person","@id":"https:\/\/zsp1chojna.pl\/#\/schema\/person\/e974e35b71ad4899de9d84ba9baed22f","name":"kacper27","image":{"@type":"ImageObject","inLanguage":"pl-PL","@id":"https:\/\/zsp1chojna.pl\/#\/schema\/person\/image\/","url":"https:\/\/secure.gravatar.com\/avatar\/233d005830da7db1760a03aba4b7a8303a369edf5f46a429dfe66f876a3f452c?s=96&d=mm&r=g","contentUrl":"https:\/\/secure.gravatar.com\/avatar\/233d005830da7db1760a03aba4b7a8303a369edf5f46a429dfe66f876a3f452c?s=96&d=mm&r=g","caption":"kacper27"},"url":"https:\/\/zsp1chojna.pl\/?author=2"}]}},"jetpack_featured_media_url":"https:\/\/zsp1chojna.pl\/wp-content\/uploads\/2023\/09\/comenius_regio_maj_clip_image004.jpg","_links":{"self":[{"href":"https:\/\/zsp1chojna.pl\/index.php?rest_route=\/wp\/v2\/posts\/4444","targetHints":{"allow":["GET"]}}],"collection":[{"href":"https:\/\/zsp1chojna.pl\/index.php?rest_route=\/wp\/v2\/posts"}],"about":[{"href":"https:\/\/zsp1chojna.pl\/index.php?rest_route=\/wp\/v2\/types\/post"}],"author":[{"embeddable":true,"href":"https:\/\/zsp1chojna.pl\/index.php?rest_route=\/wp\/v2\/users\/2"}],"replies":[{"embeddable":true,"href":"https:\/\/zsp1chojna.pl\/index.php?rest_route=%2Fwp%2Fv2%2Fcomments&post=4444"}],"version-history":[{"count":2,"href":"https:\/\/zsp1chojna.pl\/index.php?rest_route=\/wp\/v2\/posts\/4444\/revisions"}],"predecessor-version":[{"id":4465,"href":"https:\/\/zsp1chojna.pl\/index.php?rest_route=\/wp\/v2\/posts\/4444\/revisions\/4465"}],"wp:featuredmedia":[{"embeddable":true,"href":"https:\/\/zsp1chojna.pl\/index.php?rest_route=\/wp\/v2\/media\/4454"}],"wp:attachment":[{"href":"https:\/\/zsp1chojna.pl\/index.php?rest_route=%2Fwp%2Fv2%2Fmedia&parent=4444"}],"wp:term":[{"taxonomy":"category","embeddable":true,"href":"https:\/\/zsp1chojna.pl\/index.php?rest_route=%2Fwp%2Fv2%2Fcategories&post=4444"},{"taxonomy":"post_tag","embeddable":true,"href":"https:\/\/zsp1chojna.pl\/index.php?rest_route=%2Fwp%2Fv2%2Ftags&post=4444"}],"curies":[{"name":"wp","href":"https:\/\/api.w.org\/{rel}","templated":true}]}}