{"id":385,"date":"2023-06-03T22:57:01","date_gmt":"2023-06-03T20:57:01","guid":{"rendered":"https:\/\/zsp1chojna.pl\/?p=385"},"modified":"2023-08-22T10:16:36","modified_gmt":"2023-08-22T08:16:36","slug":"uczestniczylismy-w-zajeciach-na-us-w-ramach-projektu-akademia-mlodego-prawnika","status":"publish","type":"post","link":"https:\/\/zsp1chojna.pl\/?p=385","title":{"rendered":"Uczestniczyli\u015bmy w\u00a0zaj\u0119ciach na\u00a0US w\u00a0ramach projektu\u00a0Akademia M\u0142odego Prawnika"},"content":{"rendered":"<div class=\"wp-block-image\">\n<figure class=\"aligncenter size-full\"><img loading=\"lazy\" decoding=\"async\" width=\"500\" height=\"158\" data-attachment-id=\"315\" data-permalink=\"https:\/\/zsp1chojna.pl\/?attachment_id=315\" data-orig-file=\"https:\/\/zsp1chojna.pl\/wp-content\/uploads\/2023\/08\/akademia-mlodego-prawnika-2023-5.jpg\" data-orig-size=\"500,158\" data-comments-opened=\"1\" data-image-meta=\"{&quot;aperture&quot;:&quot;0&quot;,&quot;credit&quot;:&quot;&quot;,&quot;camera&quot;:&quot;&quot;,&quot;caption&quot;:&quot;&quot;,&quot;created_timestamp&quot;:&quot;0&quot;,&quot;copyright&quot;:&quot;&quot;,&quot;focal_length&quot;:&quot;0&quot;,&quot;iso&quot;:&quot;0&quot;,&quot;shutter_speed&quot;:&quot;0&quot;,&quot;title&quot;:&quot;&quot;,&quot;orientation&quot;:&quot;0&quot;}\" data-image-title=\"akademia-mlodego-prawnika-2023-5\" data-image-description=\"\" data-image-caption=\"\" data-medium-file=\"https:\/\/zsp1chojna.pl\/wp-content\/uploads\/2023\/08\/akademia-mlodego-prawnika-2023-5-300x95.jpg\" data-large-file=\"https:\/\/zsp1chojna.pl\/wp-content\/uploads\/2023\/08\/akademia-mlodego-prawnika-2023-5.jpg\" src=\"https:\/\/zsp1chojna.pl\/wp-content\/uploads\/2023\/08\/akademia-mlodego-prawnika-2023-5.jpg\" alt=\"Baner\" class=\"wp-image-315\" srcset=\"https:\/\/zsp1chojna.pl\/wp-content\/uploads\/2023\/08\/akademia-mlodego-prawnika-2023-5.jpg 500w, https:\/\/zsp1chojna.pl\/wp-content\/uploads\/2023\/08\/akademia-mlodego-prawnika-2023-5-300x95.jpg 300w\" sizes=\"auto, (max-width: 500px) 100vw, 500px\" \/><\/figure>\n<\/div>\n\n\n<p class=\"has-text-align-justify\">3&nbsp;czerwca 2023&nbsp;r. adepci Zespo\u0142u Szk\u00f3\u0142 Ponadpodstawowych w&nbsp;Chojnie, wzi\u0119li udzia\u0142 w&nbsp;zaj\u0119ciach odbywaj\u0105cych si\u0119 na&nbsp;Wydziale Prawa i&nbsp;Administracji Uniwersytetu Szczeci\u0144skiego, w&nbsp;ramach Akademii M\u0142odego Prawnika. Pierwsze spotkanie na&nbsp;temat: \u201eSp\u00f3jrz na&nbsp;\u015bwiat ich oczami \u2013 sala VR\u201d,&nbsp; przeprowadzi\u0142 Pan mgr&nbsp;Jakub Baranowski.<\/p>\n\n\n<style>.kb-row-layout-id385_342328-7f > .kt-row-column-wrap{align-content:start;}:where(.kb-row-layout-id385_342328-7f > .kt-row-column-wrap) > .wp-block-kadence-column{justify-content:start;}.kb-row-layout-id385_342328-7f > .kt-row-column-wrap{column-gap:var(--global-kb-gap-sm, 1rem);row-gap:var(--global-kb-gap-none, 0 );padding-top:0px;padding-bottom:0px;grid-template-columns:repeat(2, minmax(0, 1fr));}.kb-row-layout-id385_342328-7f > .kt-row-layout-overlay{opacity:0.30;}@media all and (max-width: 1024px){.kb-row-layout-id385_342328-7f > .kt-row-column-wrap{grid-template-columns:repeat(2, minmax(0, 1fr));}}@media all and (max-width: 767px){.kb-row-layout-id385_342328-7f > .kt-row-column-wrap{grid-template-columns:minmax(0, 1fr);}}<\/style><div class=\"kb-row-layout-wrap kb-row-layout-id385_342328-7f alignnone wp-block-kadence-rowlayout\"><div class=\"kt-row-column-wrap kt-has-2-columns kt-row-layout-equal kt-tab-layout-inherit kt-mobile-layout-row kt-row-valign-top\">\n<style>.kadence-column385_6c0776-b7 > .kt-inside-inner-col,.kadence-column385_6c0776-b7 > .kt-inside-inner-col:before{border-top-left-radius:0px;border-top-right-radius:0px;border-bottom-right-radius:0px;border-bottom-left-radius:0px;}.kadence-column385_6c0776-b7 > .kt-inside-inner-col:before{opacity:0.3;}.kadence-column385_6c0776-b7{position:relative;}<\/style>\n<div class=\"wp-block-kadence-column kadence-column385_6c0776-b7\"><div class=\"kt-inside-inner-col\"><div class=\"wp-block-image\">\n<figure class=\"alignright size-full\"><img loading=\"lazy\" decoding=\"async\" width=\"500\" height=\"667\" data-attachment-id=\"387\" data-permalink=\"https:\/\/zsp1chojna.pl\/?attachment_id=387\" data-orig-file=\"https:\/\/zsp1chojna.pl\/wp-content\/uploads\/2023\/08\/akademia-mlodego-prawnika-czerwiec-2023.png\" data-orig-size=\"500,667\" data-comments-opened=\"1\" data-image-meta=\"{&quot;aperture&quot;:&quot;0&quot;,&quot;credit&quot;:&quot;&quot;,&quot;camera&quot;:&quot;&quot;,&quot;caption&quot;:&quot;&quot;,&quot;created_timestamp&quot;:&quot;0&quot;,&quot;copyright&quot;:&quot;&quot;,&quot;focal_length&quot;:&quot;0&quot;,&quot;iso&quot;:&quot;0&quot;,&quot;shutter_speed&quot;:&quot;0&quot;,&quot;title&quot;:&quot;&quot;,&quot;orientation&quot;:&quot;0&quot;}\" data-image-title=\"akademia-mlodego-prawnika-czerwiec-2023\" data-image-description=\"\" data-image-caption=\"\" data-medium-file=\"https:\/\/zsp1chojna.pl\/wp-content\/uploads\/2023\/08\/akademia-mlodego-prawnika-czerwiec-2023-225x300.png\" data-large-file=\"https:\/\/zsp1chojna.pl\/wp-content\/uploads\/2023\/08\/akademia-mlodego-prawnika-czerwiec-2023.png\" src=\"https:\/\/zsp1chojna.pl\/wp-content\/uploads\/2023\/08\/akademia-mlodego-prawnika-czerwiec-2023.png\" alt=\"Przebieg zaj\u0119\u0107\" class=\"wp-image-387\" srcset=\"https:\/\/zsp1chojna.pl\/wp-content\/uploads\/2023\/08\/akademia-mlodego-prawnika-czerwiec-2023.png 500w, https:\/\/zsp1chojna.pl\/wp-content\/uploads\/2023\/08\/akademia-mlodego-prawnika-czerwiec-2023-225x300.png 225w\" sizes=\"auto, (max-width: 500px) 100vw, 500px\" \/><\/figure>\n<\/div><\/div><\/div>\n\n\n<style>.kadence-column385_37e03d-4c > .kt-inside-inner-col,.kadence-column385_37e03d-4c > .kt-inside-inner-col:before{border-top-left-radius:0px;border-top-right-radius:0px;border-bottom-right-radius:0px;border-bottom-left-radius:0px;}.kadence-column385_37e03d-4c > .kt-inside-inner-col:before{opacity:0.3;}.kadence-column385_37e03d-4c{position:relative;}<\/style>\n<div class=\"wp-block-kadence-column kadence-column385_37e03d-4c\"><div class=\"kt-inside-inner-col\"><div class=\"wp-block-image\">\n<figure class=\"alignleft size-full\"><img loading=\"lazy\" decoding=\"async\" width=\"500\" height=\"667\" data-attachment-id=\"386\" data-permalink=\"https:\/\/zsp1chojna.pl\/?attachment_id=386\" data-orig-file=\"https:\/\/zsp1chojna.pl\/wp-content\/uploads\/2023\/08\/akademia-mlodego-prawnika-czerwiec-2023.jpg\" data-orig-size=\"500,667\" data-comments-opened=\"1\" data-image-meta=\"{&quot;aperture&quot;:&quot;0&quot;,&quot;credit&quot;:&quot;&quot;,&quot;camera&quot;:&quot;&quot;,&quot;caption&quot;:&quot;&quot;,&quot;created_timestamp&quot;:&quot;0&quot;,&quot;copyright&quot;:&quot;&quot;,&quot;focal_length&quot;:&quot;0&quot;,&quot;iso&quot;:&quot;0&quot;,&quot;shutter_speed&quot;:&quot;0&quot;,&quot;title&quot;:&quot;&quot;,&quot;orientation&quot;:&quot;1&quot;}\" data-image-title=\"akademia-mlodego-prawnika-czerwiec-2023\" data-image-description=\"\" data-image-caption=\"\" data-medium-file=\"https:\/\/zsp1chojna.pl\/wp-content\/uploads\/2023\/08\/akademia-mlodego-prawnika-czerwiec-2023-225x300.jpg\" data-large-file=\"https:\/\/zsp1chojna.pl\/wp-content\/uploads\/2023\/08\/akademia-mlodego-prawnika-czerwiec-2023.jpg\" src=\"https:\/\/zsp1chojna.pl\/wp-content\/uploads\/2023\/08\/akademia-mlodego-prawnika-czerwiec-2023.jpg\" alt=\"Przebieg zaj\u0119\u0107\" class=\"wp-image-386\" srcset=\"https:\/\/zsp1chojna.pl\/wp-content\/uploads\/2023\/08\/akademia-mlodego-prawnika-czerwiec-2023.jpg 500w, https:\/\/zsp1chojna.pl\/wp-content\/uploads\/2023\/08\/akademia-mlodego-prawnika-czerwiec-2023-225x300.jpg 225w\" sizes=\"auto, (max-width: 500px) 100vw, 500px\" \/><\/figure>\n<\/div><\/div><\/div>\n\n<\/div><\/div>\n\n\n<p class=\"has-text-align-justify\">Pani dr&nbsp;Marta Jasi\u0144ska przedstawi\u0142a tematyk\u0119 dotycz\u0105c\u0105 rozm\u00f3w kontrolowanych, czyli omawiano to&nbsp;wszystko, co nale\u017cy wiedzie\u0107 o&nbsp;post\u0119powaniu karnym. Kolejnym wyzwaniem, przed&nbsp;kt\u00f3rym&nbsp;stan\u0119li uczestnicy Akademii, by\u0142o prawo o&nbsp;ruchu drogowym: \u201eAutostrad\u0105 do&nbsp;piek\u0142a\u201d. Spotkanie poprowadzi\u0142 Przedstawiciel Komendy Wojew\u00f3dzkiej Policji w&nbsp;Szczecinie.<\/p>\n\n\n\n<p><\/p>\n\n\n\n<p class=\"has-text-align-right\">mgr&nbsp;Edyta Krupa-Nadolny<\/p>\n","protected":false},"excerpt":{"rendered":"<p>3&nbsp;czerwca 2023&nbsp;r. adepci Zespo\u0142u Szk\u00f3\u0142 Ponadpodstawowych w&nbsp;Chojnie, wzi\u0119li udzia\u0142 w&nbsp;zaj\u0119ciach odbywaj\u0105cych si\u0119 na&nbsp;Wydziale Prawa i&nbsp;Administracji Uniwersytetu Szczeci\u0144skiego, w&nbsp;ramach Akademii M\u0142odego Prawnika. Pierwsze spotkanie na&nbsp;temat: \u201eSp\u00f3jrz na&nbsp;\u015bwiat ich oczami \u2013 sala [&hellip;]<\/p>\n","protected":false},"author":2,"featured_media":386,"comment_status":"open","ping_status":"open","sticky":false,"template":"","format":"standard","meta":{"footnotes":""},"categories":[8],"tags":[],"class_list":["post-385","post","type-post","status-publish","format-standard","has-post-thumbnail","hentry","category-aktualnosci-2022-2023"],"wbAuthor":{"name":"kacper27","link":"https:\/\/zsp1chojna.pl\/?author=2"},"wbDate":"cze 3, 2023","wbCategories":{"space":"<a href=\"https:\/\/zsp1chojna.pl\/?cat=8\" rel=\"category\">Aktualno\u015bci 2022\/2023<\/a>","coma":"<a href=\"https:\/\/zsp1chojna.pl\/?cat=8\" rel=\"category\">Aktualno\u015bci 2022\/2023<\/a>"},"wbComment":0,"yoast_head":"<!-- This site is optimized with the Yoast SEO plugin v20.13 - https:\/\/yoast.com\/wordpress\/plugins\/seo\/ -->\n<title>Uczestniczyli\u015bmy w\u00a0zaj\u0119ciach na\u00a0US w\u00a0ramach projektu\u00a0Akademia M\u0142odego Prawnika - ZSP w Chojnie<\/title>\n<meta name=\"robots\" content=\"index, follow, max-snippet:-1, max-image-preview:large, max-video-preview:-1\" \/>\n<link rel=\"canonical\" href=\"https:\/\/zsp1chojna.pl\/?p=385\" \/>\n<meta property=\"og:locale\" content=\"pl_PL\" \/>\n<meta property=\"og:type\" content=\"article\" \/>\n<meta property=\"og:title\" content=\"Uczestniczyli\u015bmy w\u00a0zaj\u0119ciach na\u00a0US w\u00a0ramach projektu\u00a0Akademia M\u0142odego Prawnika - ZSP w Chojnie\" \/>\n<meta property=\"og:description\" content=\"3&nbsp;czerwca 2023&nbsp;r. adepci Zespo\u0142u Szk\u00f3\u0142 Ponadpodstawowych w&nbsp;Chojnie, wzi\u0119li udzia\u0142 w&nbsp;zaj\u0119ciach odbywaj\u0105cych si\u0119 na&nbsp;Wydziale Prawa i&nbsp;Administracji Uniwersytetu Szczeci\u0144skiego, w&nbsp;ramach Akademii M\u0142odego Prawnika. Pierwsze spotkanie na&nbsp;temat: \u201eSp\u00f3jrz na&nbsp;\u015bwiat ich oczami \u2013 sala [&hellip;]\" \/>\n<meta property=\"og:url\" content=\"https:\/\/zsp1chojna.pl\/?p=385\" \/>\n<meta property=\"og:site_name\" content=\"ZSP w Chojnie\" \/>\n<meta property=\"article:published_time\" content=\"2023-06-03T20:57:01+00:00\" \/>\n<meta property=\"article:modified_time\" content=\"2023-08-22T08:16:36+00:00\" \/>\n<meta property=\"og:image\" content=\"https:\/\/zsp1chojna.pl\/wp-content\/uploads\/2023\/08\/akademia-mlodego-prawnika-czerwiec-2023.jpg\" \/>\n\t<meta property=\"og:image:width\" content=\"500\" \/>\n\t<meta property=\"og:image:height\" content=\"667\" \/>\n\t<meta property=\"og:image:type\" content=\"image\/jpeg\" \/>\n<meta name=\"author\" content=\"kacper27\" \/>\n<meta name=\"twitter:card\" content=\"summary_large_image\" \/>\n<meta name=\"twitter:label1\" content=\"Napisane przez\" \/>\n\t<meta name=\"twitter:data1\" content=\"kacper27\" \/>\n\t<meta name=\"twitter:label2\" content=\"Szacowany czas czytania\" \/>\n\t<meta name=\"twitter:data2\" content=\"2 minuty\" \/>\n<script type=\"application\/ld+json\" class=\"yoast-schema-graph\">{\"@context\":\"https:\/\/schema.org\",\"@graph\":[{\"@type\":\"Article\",\"@id\":\"https:\/\/zsp1chojna.pl\/?p=385#article\",\"isPartOf\":{\"@id\":\"https:\/\/zsp1chojna.pl\/?p=385\"},\"author\":{\"name\":\"kacper27\",\"@id\":\"https:\/\/zsp1chojna.pl\/#\/schema\/person\/e974e35b71ad4899de9d84ba9baed22f\"},\"headline\":\"Uczestniczyli\u015bmy w\u00a0zaj\u0119ciach na\u00a0US w\u00a0ramach projektu\u00a0Akademia M\u0142odego Prawnika\",\"datePublished\":\"2023-06-03T20:57:01+00:00\",\"dateModified\":\"2023-08-22T08:16:36+00:00\",\"mainEntityOfPage\":{\"@id\":\"https:\/\/zsp1chojna.pl\/?p=385\"},\"wordCount\":139,\"commentCount\":0,\"publisher\":{\"@id\":\"https:\/\/zsp1chojna.pl\/#organization\"},\"articleSection\":[\"Aktualno\u015bci 2022\/2023\"],\"inLanguage\":\"pl-PL\",\"potentialAction\":[{\"@type\":\"CommentAction\",\"name\":\"Comment\",\"target\":[\"https:\/\/zsp1chojna.pl\/?p=385#respond\"]}]},{\"@type\":\"WebPage\",\"@id\":\"https:\/\/zsp1chojna.pl\/?p=385\",\"url\":\"https:\/\/zsp1chojna.pl\/?p=385\",\"name\":\"Uczestniczyli\u015bmy w\u00a0zaj\u0119ciach na\u00a0US w\u00a0ramach projektu\u00a0Akademia M\u0142odego Prawnika - ZSP w Chojnie\",\"isPartOf\":{\"@id\":\"https:\/\/zsp1chojna.pl\/#website\"},\"datePublished\":\"2023-06-03T20:57:01+00:00\",\"dateModified\":\"2023-08-22T08:16:36+00:00\",\"breadcrumb\":{\"@id\":\"https:\/\/zsp1chojna.pl\/?p=385#breadcrumb\"},\"inLanguage\":\"pl-PL\",\"potentialAction\":[{\"@type\":\"ReadAction\",\"target\":[\"https:\/\/zsp1chojna.pl\/?p=385\"]}]},{\"@type\":\"BreadcrumbList\",\"@id\":\"https:\/\/zsp1chojna.pl\/?p=385#breadcrumb\",\"itemListElement\":[{\"@type\":\"ListItem\",\"position\":1,\"name\":\"Home\",\"item\":\"https:\/\/zsp1chojna.pl\/\"},{\"@type\":\"ListItem\",\"position\":2,\"name\":\"Uczestniczyli\u015bmy w\u00a0zaj\u0119ciach na\u00a0US w\u00a0ramach projektu\u00a0Akademia M\u0142odego Prawnika\"}]},{\"@type\":\"WebSite\",\"@id\":\"https:\/\/zsp1chojna.pl\/#website\",\"url\":\"https:\/\/zsp1chojna.pl\/\",\"name\":\"ZSP w Chojnie\",\"description\":\"\",\"publisher\":{\"@id\":\"https:\/\/zsp1chojna.pl\/#organization\"},\"potentialAction\":[{\"@type\":\"SearchAction\",\"target\":{\"@type\":\"EntryPoint\",\"urlTemplate\":\"https:\/\/zsp1chojna.pl\/?s={search_term_string}\"},\"query-input\":\"required name=search_term_string\"}],\"inLanguage\":\"pl-PL\"},{\"@type\":\"Organization\",\"@id\":\"https:\/\/zsp1chojna.pl\/#organization\",\"name\":\"ZSP w Chojnie\",\"url\":\"https:\/\/zsp1chojna.pl\/\",\"logo\":{\"@type\":\"ImageObject\",\"inLanguage\":\"pl-PL\",\"@id\":\"https:\/\/zsp1chojna.pl\/#\/schema\/logo\/image\/\",\"url\":\"https:\/\/zsp1chojna.pl\/wp-content\/uploads\/2023\/08\/cropped-cropped-cropped-Logo-biale-napis-na-3-wiersze_504-1.png\",\"contentUrl\":\"https:\/\/zsp1chojna.pl\/wp-content\/uploads\/2023\/08\/cropped-cropped-cropped-Logo-biale-napis-na-3-wiersze_504-1.png\",\"width\":504,\"height\":167,\"caption\":\"ZSP w Chojnie\"},\"image\":{\"@id\":\"https:\/\/zsp1chojna.pl\/#\/schema\/logo\/image\/\"}},{\"@type\":\"Person\",\"@id\":\"https:\/\/zsp1chojna.pl\/#\/schema\/person\/e974e35b71ad4899de9d84ba9baed22f\",\"name\":\"kacper27\",\"image\":{\"@type\":\"ImageObject\",\"inLanguage\":\"pl-PL\",\"@id\":\"https:\/\/zsp1chojna.pl\/#\/schema\/person\/image\/\",\"url\":\"https:\/\/secure.gravatar.com\/avatar\/233d005830da7db1760a03aba4b7a8303a369edf5f46a429dfe66f876a3f452c?s=96&d=mm&r=g\",\"contentUrl\":\"https:\/\/secure.gravatar.com\/avatar\/233d005830da7db1760a03aba4b7a8303a369edf5f46a429dfe66f876a3f452c?s=96&d=mm&r=g\",\"caption\":\"kacper27\"},\"url\":\"https:\/\/zsp1chojna.pl\/?author=2\"}]}<\/script>\n<!-- \/ Yoast SEO plugin. -->","yoast_head_json":{"title":"Uczestniczyli\u015bmy w\u00a0zaj\u0119ciach na\u00a0US w\u00a0ramach projektu\u00a0Akademia M\u0142odego Prawnika - ZSP w Chojnie","robots":{"index":"index","follow":"follow","max-snippet":"max-snippet:-1","max-image-preview":"max-image-preview:large","max-video-preview":"max-video-preview:-1"},"canonical":"https:\/\/zsp1chojna.pl\/?p=385","og_locale":"pl_PL","og_type":"article","og_title":"Uczestniczyli\u015bmy w\u00a0zaj\u0119ciach na\u00a0US w\u00a0ramach projektu\u00a0Akademia M\u0142odego Prawnika - ZSP w Chojnie","og_description":"3&nbsp;czerwca 2023&nbsp;r. adepci Zespo\u0142u Szk\u00f3\u0142 Ponadpodstawowych w&nbsp;Chojnie, wzi\u0119li udzia\u0142 w&nbsp;zaj\u0119ciach odbywaj\u0105cych si\u0119 na&nbsp;Wydziale Prawa i&nbsp;Administracji Uniwersytetu Szczeci\u0144skiego, w&nbsp;ramach Akademii M\u0142odego Prawnika. Pierwsze spotkanie na&nbsp;temat: \u201eSp\u00f3jrz na&nbsp;\u015bwiat ich oczami \u2013 sala [&hellip;]","og_url":"https:\/\/zsp1chojna.pl\/?p=385","og_site_name":"ZSP w Chojnie","article_published_time":"2023-06-03T20:57:01+00:00","article_modified_time":"2023-08-22T08:16:36+00:00","og_image":[{"width":500,"height":667,"url":"https:\/\/zsp1chojna.pl\/wp-content\/uploads\/2023\/08\/akademia-mlodego-prawnika-czerwiec-2023.jpg","type":"image\/jpeg"}],"author":"kacper27","twitter_card":"summary_large_image","twitter_misc":{"Napisane przez":"kacper27","Szacowany czas czytania":"2 minuty"},"schema":{"@context":"https:\/\/schema.org","@graph":[{"@type":"Article","@id":"https:\/\/zsp1chojna.pl\/?p=385#article","isPartOf":{"@id":"https:\/\/zsp1chojna.pl\/?p=385"},"author":{"name":"kacper27","@id":"https:\/\/zsp1chojna.pl\/#\/schema\/person\/e974e35b71ad4899de9d84ba9baed22f"},"headline":"Uczestniczyli\u015bmy w\u00a0zaj\u0119ciach na\u00a0US w\u00a0ramach projektu\u00a0Akademia M\u0142odego Prawnika","datePublished":"2023-06-03T20:57:01+00:00","dateModified":"2023-08-22T08:16:36+00:00","mainEntityOfPage":{"@id":"https:\/\/zsp1chojna.pl\/?p=385"},"wordCount":139,"commentCount":0,"publisher":{"@id":"https:\/\/zsp1chojna.pl\/#organization"},"articleSection":["Aktualno\u015bci 2022\/2023"],"inLanguage":"pl-PL","potentialAction":[{"@type":"CommentAction","name":"Comment","target":["https:\/\/zsp1chojna.pl\/?p=385#respond"]}]},{"@type":"WebPage","@id":"https:\/\/zsp1chojna.pl\/?p=385","url":"https:\/\/zsp1chojna.pl\/?p=385","name":"Uczestniczyli\u015bmy w\u00a0zaj\u0119ciach na\u00a0US w\u00a0ramach projektu\u00a0Akademia M\u0142odego Prawnika - ZSP w Chojnie","isPartOf":{"@id":"https:\/\/zsp1chojna.pl\/#website"},"datePublished":"2023-06-03T20:57:01+00:00","dateModified":"2023-08-22T08:16:36+00:00","breadcrumb":{"@id":"https:\/\/zsp1chojna.pl\/?p=385#breadcrumb"},"inLanguage":"pl-PL","potentialAction":[{"@type":"ReadAction","target":["https:\/\/zsp1chojna.pl\/?p=385"]}]},{"@type":"BreadcrumbList","@id":"https:\/\/zsp1chojna.pl\/?p=385#breadcrumb","itemListElement":[{"@type":"ListItem","position":1,"name":"Home","item":"https:\/\/zsp1chojna.pl\/"},{"@type":"ListItem","position":2,"name":"Uczestniczyli\u015bmy w\u00a0zaj\u0119ciach na\u00a0US w\u00a0ramach projektu\u00a0Akademia M\u0142odego Prawnika"}]},{"@type":"WebSite","@id":"https:\/\/zsp1chojna.pl\/#website","url":"https:\/\/zsp1chojna.pl\/","name":"ZSP w Chojnie","description":"","publisher":{"@id":"https:\/\/zsp1chojna.pl\/#organization"},"potentialAction":[{"@type":"SearchAction","target":{"@type":"EntryPoint","urlTemplate":"https:\/\/zsp1chojna.pl\/?s={search_term_string}"},"query-input":"required name=search_term_string"}],"inLanguage":"pl-PL"},{"@type":"Organization","@id":"https:\/\/zsp1chojna.pl\/#organization","name":"ZSP w Chojnie","url":"https:\/\/zsp1chojna.pl\/","logo":{"@type":"ImageObject","inLanguage":"pl-PL","@id":"https:\/\/zsp1chojna.pl\/#\/schema\/logo\/image\/","url":"https:\/\/zsp1chojna.pl\/wp-content\/uploads\/2023\/08\/cropped-cropped-cropped-Logo-biale-napis-na-3-wiersze_504-1.png","contentUrl":"https:\/\/zsp1chojna.pl\/wp-content\/uploads\/2023\/08\/cropped-cropped-cropped-Logo-biale-napis-na-3-wiersze_504-1.png","width":504,"height":167,"caption":"ZSP w Chojnie"},"image":{"@id":"https:\/\/zsp1chojna.pl\/#\/schema\/logo\/image\/"}},{"@type":"Person","@id":"https:\/\/zsp1chojna.pl\/#\/schema\/person\/e974e35b71ad4899de9d84ba9baed22f","name":"kacper27","image":{"@type":"ImageObject","inLanguage":"pl-PL","@id":"https:\/\/zsp1chojna.pl\/#\/schema\/person\/image\/","url":"https:\/\/secure.gravatar.com\/avatar\/233d005830da7db1760a03aba4b7a8303a369edf5f46a429dfe66f876a3f452c?s=96&d=mm&r=g","contentUrl":"https:\/\/secure.gravatar.com\/avatar\/233d005830da7db1760a03aba4b7a8303a369edf5f46a429dfe66f876a3f452c?s=96&d=mm&r=g","caption":"kacper27"},"url":"https:\/\/zsp1chojna.pl\/?author=2"}]}},"jetpack_featured_media_url":"https:\/\/zsp1chojna.pl\/wp-content\/uploads\/2023\/08\/akademia-mlodego-prawnika-czerwiec-2023.jpg","_links":{"self":[{"href":"https:\/\/zsp1chojna.pl\/index.php?rest_route=\/wp\/v2\/posts\/385","targetHints":{"allow":["GET"]}}],"collection":[{"href":"https:\/\/zsp1chojna.pl\/index.php?rest_route=\/wp\/v2\/posts"}],"about":[{"href":"https:\/\/zsp1chojna.pl\/index.php?rest_route=\/wp\/v2\/types\/post"}],"author":[{"embeddable":true,"href":"https:\/\/zsp1chojna.pl\/index.php?rest_route=\/wp\/v2\/users\/2"}],"replies":[{"embeddable":true,"href":"https:\/\/zsp1chojna.pl\/index.php?rest_route=%2Fwp%2Fv2%2Fcomments&post=385"}],"version-history":[{"count":5,"href":"https:\/\/zsp1chojna.pl\/index.php?rest_route=\/wp\/v2\/posts\/385\/revisions"}],"predecessor-version":[{"id":1594,"href":"https:\/\/zsp1chojna.pl\/index.php?rest_route=\/wp\/v2\/posts\/385\/revisions\/1594"}],"wp:featuredmedia":[{"embeddable":true,"href":"https:\/\/zsp1chojna.pl\/index.php?rest_route=\/wp\/v2\/media\/386"}],"wp:attachment":[{"href":"https:\/\/zsp1chojna.pl\/index.php?rest_route=%2Fwp%2Fv2%2Fmedia&parent=385"}],"wp:term":[{"taxonomy":"category","embeddable":true,"href":"https:\/\/zsp1chojna.pl\/index.php?rest_route=%2Fwp%2Fv2%2Fcategories&post=385"},{"taxonomy":"post_tag","embeddable":true,"href":"https:\/\/zsp1chojna.pl\/index.php?rest_route=%2Fwp%2Fv2%2Ftags&post=385"}],"curies":[{"name":"wp","href":"https:\/\/api.w.org\/{rel}","templated":true}]}}