{"id":373,"date":"2023-06-07T22:51:11","date_gmt":"2023-06-07T20:51:11","guid":{"rendered":"https:\/\/zsp1chojna.pl\/?p=373"},"modified":"2023-08-21T21:03:36","modified_gmt":"2023-08-21T19:03:36","slug":"wzielismy-udzial-w-ogolnopolskiej-akcji-jak-nie-czytam-jak-czytam","status":"publish","type":"post","link":"https:\/\/zsp1chojna.pl\/?p=373","title":{"rendered":"Wzi\u0119li\u015bmy\u00a0udzia\u0142 w\u00a0og\u00f3lnopolskiej akcji \u201eJak nie\u00a0czytam, jak czytam\u201d."},"content":{"rendered":"\n<p class=\"has-text-align-justify\">&nbsp;7&nbsp;czerwca 2023&nbsp;r. o&nbsp;godz.&nbsp;10.00, po&nbsp;raz trzeci w\u0142\u0105czyli\u015bmy si\u0119 do&nbsp;og\u00f3lnopolskiej akcji \u201eJak nie&nbsp;czytam, jak czytam\u201d. Inicjatorem akcji jest redakcja miesi\u0119cznika \u201eBiblioteka w&nbsp;Szkole\u201d, a&nbsp;organizatorami ponad 2&nbsp;tysi\u0105ce bibliotek wszystkich typ\u00f3w. G\u0142\u00f3wnym celem wydarzenia jest popularyzacja czytelnictwa i&nbsp;bibliotek oraz&nbsp;budowanie pozytywnego wizerunku czytania. Sprawienie, by&nbsp;ksi\u0105\u017cka nie&nbsp;kojarzy\u0142a si\u0119 m\u0142odym ludziom z&nbsp;obowi\u0105zkow\u0105 lektur\u0105, lecz&nbsp;z&nbsp;czym\u015b przyjemnym, ze&nbsp;spokojem, z&nbsp;wolnym czasem oraz&nbsp;rozrywk\u0105.<\/p>\n\n\n<style>.kb-row-layout-id373_63af62-fa > .kt-row-column-wrap{align-content:start;}:where(.kb-row-layout-id373_63af62-fa > .kt-row-column-wrap) > .wp-block-kadence-column{justify-content:start;}.kb-row-layout-id373_63af62-fa > .kt-row-column-wrap{column-gap:var(--global-kb-gap-sm, 1rem);row-gap:var(--global-kb-gap-none, 0 );padding-top:0px;padding-bottom:0px;grid-template-columns:repeat(2, minmax(0, 1fr));}.kb-row-layout-id373_63af62-fa > .kt-row-layout-overlay{opacity:0.30;}@media all and (max-width: 1024px){.kb-row-layout-id373_63af62-fa > .kt-row-column-wrap{grid-template-columns:repeat(2, minmax(0, 1fr));}}@media all and (max-width: 767px){.kb-row-layout-id373_63af62-fa > .kt-row-column-wrap{grid-template-columns:minmax(0, 1fr);}}<\/style><div class=\"kb-row-layout-wrap kb-row-layout-id373_63af62-fa alignnone wp-block-kadence-rowlayout\"><div class=\"kt-row-column-wrap kt-has-2-columns kt-row-layout-equal kt-tab-layout-inherit kt-mobile-layout-row kt-row-valign-top\">\n<style>.kadence-column373_aef684-a3 > .kt-inside-inner-col,.kadence-column373_aef684-a3 > .kt-inside-inner-col:before{border-top-left-radius:0px;border-top-right-radius:0px;border-bottom-right-radius:0px;border-bottom-left-radius:0px;}.kadence-column373_aef684-a3 > .kt-inside-inner-col:before{opacity:0.3;}.kadence-column373_aef684-a3{position:relative;}<\/style>\n<div class=\"wp-block-kadence-column kadence-column373_aef684-a3\"><div class=\"kt-inside-inner-col\"><div class=\"wp-block-image\">\n<figure class=\"alignright size-full\"><img loading=\"lazy\" decoding=\"async\" width=\"550\" height=\"364\" data-attachment-id=\"376\" data-permalink=\"https:\/\/zsp1chojna.pl\/?attachment_id=376\" data-orig-file=\"https:\/\/zsp1chojna.pl\/wp-content\/uploads\/2023\/08\/akcja-czytelnicza-czerwiec2023-1.jpg\" data-orig-size=\"550,364\" data-comments-opened=\"1\" data-image-meta=\"{&quot;aperture&quot;:&quot;0&quot;,&quot;credit&quot;:&quot;&quot;,&quot;camera&quot;:&quot;&quot;,&quot;caption&quot;:&quot;&quot;,&quot;created_timestamp&quot;:&quot;0&quot;,&quot;copyright&quot;:&quot;&quot;,&quot;focal_length&quot;:&quot;0&quot;,&quot;iso&quot;:&quot;0&quot;,&quot;shutter_speed&quot;:&quot;0&quot;,&quot;title&quot;:&quot;&quot;,&quot;orientation&quot;:&quot;0&quot;}\" data-image-title=\"akcja-czytelnicza-czerwiec2023-1\" data-image-description=\"\" data-image-caption=\"\" data-medium-file=\"https:\/\/zsp1chojna.pl\/wp-content\/uploads\/2023\/08\/akcja-czytelnicza-czerwiec2023-1-300x199.jpg\" data-large-file=\"https:\/\/zsp1chojna.pl\/wp-content\/uploads\/2023\/08\/akcja-czytelnicza-czerwiec2023-1.jpg\" src=\"https:\/\/zsp1chojna.pl\/wp-content\/uploads\/2023\/08\/akcja-czytelnicza-czerwiec2023-1.jpg\" alt=\"Przebieg akcji\" class=\"wp-image-376\" srcset=\"https:\/\/zsp1chojna.pl\/wp-content\/uploads\/2023\/08\/akcja-czytelnicza-czerwiec2023-1.jpg 550w, https:\/\/zsp1chojna.pl\/wp-content\/uploads\/2023\/08\/akcja-czytelnicza-czerwiec2023-1-300x199.jpg 300w, https:\/\/zsp1chojna.pl\/wp-content\/uploads\/2023\/08\/akcja-czytelnicza-czerwiec2023-1-84x56.jpg 84w\" sizes=\"auto, (max-width: 550px) 100vw, 550px\" \/><\/figure>\n<\/div><\/div><\/div>\n\n\n<style>.kadence-column373_c08e64-14 > .kt-inside-inner-col,.kadence-column373_c08e64-14 > .kt-inside-inner-col:before{border-top-left-radius:0px;border-top-right-radius:0px;border-bottom-right-radius:0px;border-bottom-left-radius:0px;}.kadence-column373_c08e64-14 > .kt-inside-inner-col:before{opacity:0.3;}.kadence-column373_c08e64-14{position:relative;}<\/style>\n<div class=\"wp-block-kadence-column kadence-column373_c08e64-14\"><div class=\"kt-inside-inner-col\"><div class=\"wp-block-image\">\n<figure class=\"alignleft size-full\"><img loading=\"lazy\" decoding=\"async\" width=\"550\" height=\"364\" data-attachment-id=\"375\" data-permalink=\"https:\/\/zsp1chojna.pl\/?attachment_id=375\" data-orig-file=\"https:\/\/zsp1chojna.pl\/wp-content\/uploads\/2023\/08\/akcja-czytelnicza-czerwiec2023-2.jpg\" data-orig-size=\"550,364\" data-comments-opened=\"1\" data-image-meta=\"{&quot;aperture&quot;:&quot;0&quot;,&quot;credit&quot;:&quot;&quot;,&quot;camera&quot;:&quot;&quot;,&quot;caption&quot;:&quot;&quot;,&quot;created_timestamp&quot;:&quot;0&quot;,&quot;copyright&quot;:&quot;&quot;,&quot;focal_length&quot;:&quot;0&quot;,&quot;iso&quot;:&quot;0&quot;,&quot;shutter_speed&quot;:&quot;0&quot;,&quot;title&quot;:&quot;&quot;,&quot;orientation&quot;:&quot;0&quot;}\" data-image-title=\"akcja-czytelnicza-czerwiec2023-2\" data-image-description=\"\" data-image-caption=\"\" data-medium-file=\"https:\/\/zsp1chojna.pl\/wp-content\/uploads\/2023\/08\/akcja-czytelnicza-czerwiec2023-2-300x199.jpg\" data-large-file=\"https:\/\/zsp1chojna.pl\/wp-content\/uploads\/2023\/08\/akcja-czytelnicza-czerwiec2023-2.jpg\" src=\"https:\/\/zsp1chojna.pl\/wp-content\/uploads\/2023\/08\/akcja-czytelnicza-czerwiec2023-2.jpg\" alt=\"Przebieg akcji\" class=\"wp-image-375\" srcset=\"https:\/\/zsp1chojna.pl\/wp-content\/uploads\/2023\/08\/akcja-czytelnicza-czerwiec2023-2.jpg 550w, https:\/\/zsp1chojna.pl\/wp-content\/uploads\/2023\/08\/akcja-czytelnicza-czerwiec2023-2-300x199.jpg 300w, https:\/\/zsp1chojna.pl\/wp-content\/uploads\/2023\/08\/akcja-czytelnicza-czerwiec2023-2-84x56.jpg 84w\" sizes=\"auto, (max-width: 550px) 100vw, 550px\" \/><\/figure>\n<\/div><\/div><\/div>\n\n<\/div><\/div>\n\n\n<p class=\"has-text-align-justify\">W&nbsp;wydarzeniu uczestniczy\u0142a grupa 200&nbsp;uczni\u00f3w, 8&nbsp;nauczycieli oraz&nbsp;pracownik\u00f3w administracji ZSP w&nbsp;Chojnie, kt\u00f3rzy&nbsp;zebrali si\u0119 przed&nbsp;budynkiem szko\u0142y, aby przy\u0142\u0105czy\u0107 si\u0119 do&nbsp;przedsi\u0119wzi\u0119cia. M\u0142odzie\u017c ch\u0119tnie prezentowa\u0142a przygotowane fragmenty ksi\u0105\u017cek.<\/p>\n\n\n<div class=\"wp-block-image\">\n<figure class=\"aligncenter size-full\"><img loading=\"lazy\" decoding=\"async\" width=\"550\" height=\"365\" data-attachment-id=\"374\" data-permalink=\"https:\/\/zsp1chojna.pl\/?attachment_id=374\" data-orig-file=\"https:\/\/zsp1chojna.pl\/wp-content\/uploads\/2023\/08\/akcja-czytelnicza-czerwiec2023-3.jpg\" data-orig-size=\"550,365\" data-comments-opened=\"1\" data-image-meta=\"{&quot;aperture&quot;:&quot;0&quot;,&quot;credit&quot;:&quot;&quot;,&quot;camera&quot;:&quot;&quot;,&quot;caption&quot;:&quot;&quot;,&quot;created_timestamp&quot;:&quot;0&quot;,&quot;copyright&quot;:&quot;&quot;,&quot;focal_length&quot;:&quot;0&quot;,&quot;iso&quot;:&quot;0&quot;,&quot;shutter_speed&quot;:&quot;0&quot;,&quot;title&quot;:&quot;&quot;,&quot;orientation&quot;:&quot;0&quot;}\" data-image-title=\"akcja-czytelnicza-czerwiec2023-3\" data-image-description=\"\" data-image-caption=\"\" data-medium-file=\"https:\/\/zsp1chojna.pl\/wp-content\/uploads\/2023\/08\/akcja-czytelnicza-czerwiec2023-3-300x199.jpg\" data-large-file=\"https:\/\/zsp1chojna.pl\/wp-content\/uploads\/2023\/08\/akcja-czytelnicza-czerwiec2023-3.jpg\" src=\"https:\/\/zsp1chojna.pl\/wp-content\/uploads\/2023\/08\/akcja-czytelnicza-czerwiec2023-3.jpg\" alt=\"Przebieg akcji\" class=\"wp-image-374\" srcset=\"https:\/\/zsp1chojna.pl\/wp-content\/uploads\/2023\/08\/akcja-czytelnicza-czerwiec2023-3.jpg 550w, https:\/\/zsp1chojna.pl\/wp-content\/uploads\/2023\/08\/akcja-czytelnicza-czerwiec2023-3-300x199.jpg 300w, https:\/\/zsp1chojna.pl\/wp-content\/uploads\/2023\/08\/akcja-czytelnicza-czerwiec2023-3-84x56.jpg 84w\" sizes=\"auto, (max-width: 550px) 100vw, 550px\" \/><\/figure>\n<\/div>\n\n\n<p class=\"has-text-align-justify\">&nbsp;Takie dzia\u0142anie jest r\u00f3wnie\u017c promocj\u0105 naszej biblioteki, zach\u0119ceniem do&nbsp;wypo\u017cyczania ciekawych ksi\u0105\u017cek, kt\u00f3re czekaj\u0105 cierpliwie na&nbsp;swoich odbiorc\u00f3w. Przy\u0142\u0105czenie si\u0119 do&nbsp;akcji jest r\u00f3wnie\u017c podkre\u015bleniem znaczenia biblioteki szkolnej dla&nbsp;edukacji czytelniczej. Akcja ma r\u00f3wnie\u017c za&nbsp;zadanie zach\u0119ci\u0107 tych uczni\u00f3w, kt\u00f3rzy&nbsp;nie&nbsp;odkryli jeszcze rado\u015bci z&nbsp;czytania i&nbsp;traktuj\u0105 je jako przykry obowi\u0105zek. Dzi\u0119kuj\u0119 wszystkim za&nbsp;udzia\u0142 w&nbsp;akcji i&nbsp;zapraszam do&nbsp;Biblioteki szkolnej.<\/p>\n\n\n\n<p><\/p>\n\n\n\n<p class=\"has-text-align-right\">mgr&nbsp;Gabriela Lasowska<\/p>\n","protected":false},"excerpt":{"rendered":"<p>&nbsp;7&nbsp;czerwca 2023&nbsp;r. o&nbsp;godz.&nbsp;10.00, po&nbsp;raz trzeci w\u0142\u0105czyli\u015bmy si\u0119 do&nbsp;og\u00f3lnopolskiej akcji \u201eJak nie&nbsp;czytam, jak czytam\u201d. Inicjatorem akcji jest redakcja miesi\u0119cznika \u201eBiblioteka w&nbsp;Szkole\u201d, a&nbsp;organizatorami ponad 2&nbsp;tysi\u0105ce bibliotek wszystkich typ\u00f3w. G\u0142\u00f3wnym celem wydarzenia jest [&hellip;]<\/p>\n","protected":false},"author":2,"featured_media":374,"comment_status":"open","ping_status":"open","sticky":false,"template":"","format":"standard","meta":{"footnotes":""},"categories":[8],"tags":[],"class_list":["post-373","post","type-post","status-publish","format-standard","has-post-thumbnail","hentry","category-aktualnosci-2022-2023"],"wbAuthor":{"name":"kacper27","link":"https:\/\/zsp1chojna.pl\/?author=2"},"wbDate":"cze 7, 2023","wbCategories":{"space":"<a href=\"https:\/\/zsp1chojna.pl\/?cat=8\" rel=\"category\">Aktualno\u015bci 2022\/2023<\/a>","coma":"<a href=\"https:\/\/zsp1chojna.pl\/?cat=8\" rel=\"category\">Aktualno\u015bci 2022\/2023<\/a>"},"wbComment":0,"yoast_head":"<!-- This site is optimized with the Yoast SEO plugin v20.13 - https:\/\/yoast.com\/wordpress\/plugins\/seo\/ -->\n<title>Wzi\u0119li\u015bmy\u00a0udzia\u0142 w\u00a0og\u00f3lnopolskiej akcji \u201eJak nie\u00a0czytam, jak czytam\u201d. - ZSP w Chojnie<\/title>\n<meta name=\"robots\" content=\"index, follow, max-snippet:-1, max-image-preview:large, max-video-preview:-1\" \/>\n<link rel=\"canonical\" href=\"https:\/\/zsp1chojna.pl\/?p=373\" \/>\n<meta property=\"og:locale\" content=\"pl_PL\" \/>\n<meta property=\"og:type\" content=\"article\" \/>\n<meta property=\"og:title\" content=\"Wzi\u0119li\u015bmy\u00a0udzia\u0142 w\u00a0og\u00f3lnopolskiej akcji \u201eJak nie\u00a0czytam, jak czytam\u201d. - ZSP w Chojnie\" \/>\n<meta property=\"og:description\" content=\"&nbsp;7&nbsp;czerwca 2023&nbsp;r. o&nbsp;godz.&nbsp;10.00, po&nbsp;raz trzeci w\u0142\u0105czyli\u015bmy si\u0119 do&nbsp;og\u00f3lnopolskiej akcji \u201eJak nie&nbsp;czytam, jak czytam\u201d. Inicjatorem akcji jest redakcja miesi\u0119cznika \u201eBiblioteka w&nbsp;Szkole\u201d, a&nbsp;organizatorami ponad 2&nbsp;tysi\u0105ce bibliotek wszystkich typ\u00f3w. G\u0142\u00f3wnym celem wydarzenia jest [&hellip;]\" \/>\n<meta property=\"og:url\" content=\"https:\/\/zsp1chojna.pl\/?p=373\" \/>\n<meta property=\"og:site_name\" content=\"ZSP w Chojnie\" \/>\n<meta property=\"article:published_time\" content=\"2023-06-07T20:51:11+00:00\" \/>\n<meta property=\"article:modified_time\" content=\"2023-08-21T19:03:36+00:00\" \/>\n<meta property=\"og:image\" content=\"https:\/\/zsp1chojna.pl\/wp-content\/uploads\/2023\/08\/akcja-czytelnicza-czerwiec2023-3.jpg\" \/>\n\t<meta property=\"og:image:width\" content=\"550\" \/>\n\t<meta property=\"og:image:height\" content=\"365\" \/>\n\t<meta property=\"og:image:type\" content=\"image\/jpeg\" \/>\n<meta name=\"author\" content=\"kacper27\" \/>\n<meta name=\"twitter:card\" content=\"summary_large_image\" \/>\n<meta name=\"twitter:label1\" content=\"Napisane przez\" \/>\n\t<meta name=\"twitter:data1\" content=\"kacper27\" \/>\n\t<meta name=\"twitter:label2\" content=\"Szacowany czas czytania\" \/>\n\t<meta name=\"twitter:data2\" content=\"2 minuty\" \/>\n<script type=\"application\/ld+json\" class=\"yoast-schema-graph\">{\"@context\":\"https:\/\/schema.org\",\"@graph\":[{\"@type\":\"Article\",\"@id\":\"https:\/\/zsp1chojna.pl\/?p=373#article\",\"isPartOf\":{\"@id\":\"https:\/\/zsp1chojna.pl\/?p=373\"},\"author\":{\"name\":\"kacper27\",\"@id\":\"https:\/\/zsp1chojna.pl\/#\/schema\/person\/e974e35b71ad4899de9d84ba9baed22f\"},\"headline\":\"Wzi\u0119li\u015bmy\u00a0udzia\u0142 w\u00a0og\u00f3lnopolskiej akcji \u201eJak nie\u00a0czytam, jak czytam\u201d.\",\"datePublished\":\"2023-06-07T20:51:11+00:00\",\"dateModified\":\"2023-08-21T19:03:36+00:00\",\"mainEntityOfPage\":{\"@id\":\"https:\/\/zsp1chojna.pl\/?p=373\"},\"wordCount\":259,\"commentCount\":0,\"publisher\":{\"@id\":\"https:\/\/zsp1chojna.pl\/#organization\"},\"articleSection\":[\"Aktualno\u015bci 2022\/2023\"],\"inLanguage\":\"pl-PL\",\"potentialAction\":[{\"@type\":\"CommentAction\",\"name\":\"Comment\",\"target\":[\"https:\/\/zsp1chojna.pl\/?p=373#respond\"]}]},{\"@type\":\"WebPage\",\"@id\":\"https:\/\/zsp1chojna.pl\/?p=373\",\"url\":\"https:\/\/zsp1chojna.pl\/?p=373\",\"name\":\"Wzi\u0119li\u015bmy\u00a0udzia\u0142 w\u00a0og\u00f3lnopolskiej akcji \u201eJak nie\u00a0czytam, jak czytam\u201d. - ZSP w Chojnie\",\"isPartOf\":{\"@id\":\"https:\/\/zsp1chojna.pl\/#website\"},\"datePublished\":\"2023-06-07T20:51:11+00:00\",\"dateModified\":\"2023-08-21T19:03:36+00:00\",\"breadcrumb\":{\"@id\":\"https:\/\/zsp1chojna.pl\/?p=373#breadcrumb\"},\"inLanguage\":\"pl-PL\",\"potentialAction\":[{\"@type\":\"ReadAction\",\"target\":[\"https:\/\/zsp1chojna.pl\/?p=373\"]}]},{\"@type\":\"BreadcrumbList\",\"@id\":\"https:\/\/zsp1chojna.pl\/?p=373#breadcrumb\",\"itemListElement\":[{\"@type\":\"ListItem\",\"position\":1,\"name\":\"Home\",\"item\":\"https:\/\/zsp1chojna.pl\/\"},{\"@type\":\"ListItem\",\"position\":2,\"name\":\"Wzi\u0119li\u015bmy\u00a0udzia\u0142 w\u00a0og\u00f3lnopolskiej akcji \u201eJak nie\u00a0czytam, jak czytam\u201d.\"}]},{\"@type\":\"WebSite\",\"@id\":\"https:\/\/zsp1chojna.pl\/#website\",\"url\":\"https:\/\/zsp1chojna.pl\/\",\"name\":\"ZSP w Chojnie\",\"description\":\"\",\"publisher\":{\"@id\":\"https:\/\/zsp1chojna.pl\/#organization\"},\"potentialAction\":[{\"@type\":\"SearchAction\",\"target\":{\"@type\":\"EntryPoint\",\"urlTemplate\":\"https:\/\/zsp1chojna.pl\/?s={search_term_string}\"},\"query-input\":\"required name=search_term_string\"}],\"inLanguage\":\"pl-PL\"},{\"@type\":\"Organization\",\"@id\":\"https:\/\/zsp1chojna.pl\/#organization\",\"name\":\"ZSP w Chojnie\",\"url\":\"https:\/\/zsp1chojna.pl\/\",\"logo\":{\"@type\":\"ImageObject\",\"inLanguage\":\"pl-PL\",\"@id\":\"https:\/\/zsp1chojna.pl\/#\/schema\/logo\/image\/\",\"url\":\"https:\/\/zsp1chojna.pl\/wp-content\/uploads\/2023\/08\/cropped-cropped-cropped-Logo-biale-napis-na-3-wiersze_504-1.png\",\"contentUrl\":\"https:\/\/zsp1chojna.pl\/wp-content\/uploads\/2023\/08\/cropped-cropped-cropped-Logo-biale-napis-na-3-wiersze_504-1.png\",\"width\":504,\"height\":167,\"caption\":\"ZSP w Chojnie\"},\"image\":{\"@id\":\"https:\/\/zsp1chojna.pl\/#\/schema\/logo\/image\/\"}},{\"@type\":\"Person\",\"@id\":\"https:\/\/zsp1chojna.pl\/#\/schema\/person\/e974e35b71ad4899de9d84ba9baed22f\",\"name\":\"kacper27\",\"image\":{\"@type\":\"ImageObject\",\"inLanguage\":\"pl-PL\",\"@id\":\"https:\/\/zsp1chojna.pl\/#\/schema\/person\/image\/\",\"url\":\"https:\/\/secure.gravatar.com\/avatar\/233d005830da7db1760a03aba4b7a8303a369edf5f46a429dfe66f876a3f452c?s=96&d=mm&r=g\",\"contentUrl\":\"https:\/\/secure.gravatar.com\/avatar\/233d005830da7db1760a03aba4b7a8303a369edf5f46a429dfe66f876a3f452c?s=96&d=mm&r=g\",\"caption\":\"kacper27\"},\"url\":\"https:\/\/zsp1chojna.pl\/?author=2\"}]}<\/script>\n<!-- \/ Yoast SEO plugin. -->","yoast_head_json":{"title":"Wzi\u0119li\u015bmy\u00a0udzia\u0142 w\u00a0og\u00f3lnopolskiej akcji \u201eJak nie\u00a0czytam, jak czytam\u201d. - ZSP w Chojnie","robots":{"index":"index","follow":"follow","max-snippet":"max-snippet:-1","max-image-preview":"max-image-preview:large","max-video-preview":"max-video-preview:-1"},"canonical":"https:\/\/zsp1chojna.pl\/?p=373","og_locale":"pl_PL","og_type":"article","og_title":"Wzi\u0119li\u015bmy\u00a0udzia\u0142 w\u00a0og\u00f3lnopolskiej akcji \u201eJak nie\u00a0czytam, jak czytam\u201d. - ZSP w Chojnie","og_description":"&nbsp;7&nbsp;czerwca 2023&nbsp;r. o&nbsp;godz.&nbsp;10.00, po&nbsp;raz trzeci w\u0142\u0105czyli\u015bmy si\u0119 do&nbsp;og\u00f3lnopolskiej akcji \u201eJak nie&nbsp;czytam, jak czytam\u201d. Inicjatorem akcji jest redakcja miesi\u0119cznika \u201eBiblioteka w&nbsp;Szkole\u201d, a&nbsp;organizatorami ponad 2&nbsp;tysi\u0105ce bibliotek wszystkich typ\u00f3w. G\u0142\u00f3wnym celem wydarzenia jest [&hellip;]","og_url":"https:\/\/zsp1chojna.pl\/?p=373","og_site_name":"ZSP w Chojnie","article_published_time":"2023-06-07T20:51:11+00:00","article_modified_time":"2023-08-21T19:03:36+00:00","og_image":[{"width":550,"height":365,"url":"https:\/\/zsp1chojna.pl\/wp-content\/uploads\/2023\/08\/akcja-czytelnicza-czerwiec2023-3.jpg","type":"image\/jpeg"}],"author":"kacper27","twitter_card":"summary_large_image","twitter_misc":{"Napisane przez":"kacper27","Szacowany czas czytania":"2 minuty"},"schema":{"@context":"https:\/\/schema.org","@graph":[{"@type":"Article","@id":"https:\/\/zsp1chojna.pl\/?p=373#article","isPartOf":{"@id":"https:\/\/zsp1chojna.pl\/?p=373"},"author":{"name":"kacper27","@id":"https:\/\/zsp1chojna.pl\/#\/schema\/person\/e974e35b71ad4899de9d84ba9baed22f"},"headline":"Wzi\u0119li\u015bmy\u00a0udzia\u0142 w\u00a0og\u00f3lnopolskiej akcji \u201eJak nie\u00a0czytam, jak czytam\u201d.","datePublished":"2023-06-07T20:51:11+00:00","dateModified":"2023-08-21T19:03:36+00:00","mainEntityOfPage":{"@id":"https:\/\/zsp1chojna.pl\/?p=373"},"wordCount":259,"commentCount":0,"publisher":{"@id":"https:\/\/zsp1chojna.pl\/#organization"},"articleSection":["Aktualno\u015bci 2022\/2023"],"inLanguage":"pl-PL","potentialAction":[{"@type":"CommentAction","name":"Comment","target":["https:\/\/zsp1chojna.pl\/?p=373#respond"]}]},{"@type":"WebPage","@id":"https:\/\/zsp1chojna.pl\/?p=373","url":"https:\/\/zsp1chojna.pl\/?p=373","name":"Wzi\u0119li\u015bmy\u00a0udzia\u0142 w\u00a0og\u00f3lnopolskiej akcji \u201eJak nie\u00a0czytam, jak czytam\u201d. - ZSP w Chojnie","isPartOf":{"@id":"https:\/\/zsp1chojna.pl\/#website"},"datePublished":"2023-06-07T20:51:11+00:00","dateModified":"2023-08-21T19:03:36+00:00","breadcrumb":{"@id":"https:\/\/zsp1chojna.pl\/?p=373#breadcrumb"},"inLanguage":"pl-PL","potentialAction":[{"@type":"ReadAction","target":["https:\/\/zsp1chojna.pl\/?p=373"]}]},{"@type":"BreadcrumbList","@id":"https:\/\/zsp1chojna.pl\/?p=373#breadcrumb","itemListElement":[{"@type":"ListItem","position":1,"name":"Home","item":"https:\/\/zsp1chojna.pl\/"},{"@type":"ListItem","position":2,"name":"Wzi\u0119li\u015bmy\u00a0udzia\u0142 w\u00a0og\u00f3lnopolskiej akcji \u201eJak nie\u00a0czytam, jak czytam\u201d."}]},{"@type":"WebSite","@id":"https:\/\/zsp1chojna.pl\/#website","url":"https:\/\/zsp1chojna.pl\/","name":"ZSP w Chojnie","description":"","publisher":{"@id":"https:\/\/zsp1chojna.pl\/#organization"},"potentialAction":[{"@type":"SearchAction","target":{"@type":"EntryPoint","urlTemplate":"https:\/\/zsp1chojna.pl\/?s={search_term_string}"},"query-input":"required name=search_term_string"}],"inLanguage":"pl-PL"},{"@type":"Organization","@id":"https:\/\/zsp1chojna.pl\/#organization","name":"ZSP w Chojnie","url":"https:\/\/zsp1chojna.pl\/","logo":{"@type":"ImageObject","inLanguage":"pl-PL","@id":"https:\/\/zsp1chojna.pl\/#\/schema\/logo\/image\/","url":"https:\/\/zsp1chojna.pl\/wp-content\/uploads\/2023\/08\/cropped-cropped-cropped-Logo-biale-napis-na-3-wiersze_504-1.png","contentUrl":"https:\/\/zsp1chojna.pl\/wp-content\/uploads\/2023\/08\/cropped-cropped-cropped-Logo-biale-napis-na-3-wiersze_504-1.png","width":504,"height":167,"caption":"ZSP w Chojnie"},"image":{"@id":"https:\/\/zsp1chojna.pl\/#\/schema\/logo\/image\/"}},{"@type":"Person","@id":"https:\/\/zsp1chojna.pl\/#\/schema\/person\/e974e35b71ad4899de9d84ba9baed22f","name":"kacper27","image":{"@type":"ImageObject","inLanguage":"pl-PL","@id":"https:\/\/zsp1chojna.pl\/#\/schema\/person\/image\/","url":"https:\/\/secure.gravatar.com\/avatar\/233d005830da7db1760a03aba4b7a8303a369edf5f46a429dfe66f876a3f452c?s=96&d=mm&r=g","contentUrl":"https:\/\/secure.gravatar.com\/avatar\/233d005830da7db1760a03aba4b7a8303a369edf5f46a429dfe66f876a3f452c?s=96&d=mm&r=g","caption":"kacper27"},"url":"https:\/\/zsp1chojna.pl\/?author=2"}]}},"jetpack_featured_media_url":"https:\/\/zsp1chojna.pl\/wp-content\/uploads\/2023\/08\/akcja-czytelnicza-czerwiec2023-3.jpg","_links":{"self":[{"href":"https:\/\/zsp1chojna.pl\/index.php?rest_route=\/wp\/v2\/posts\/373","targetHints":{"allow":["GET"]}}],"collection":[{"href":"https:\/\/zsp1chojna.pl\/index.php?rest_route=\/wp\/v2\/posts"}],"about":[{"href":"https:\/\/zsp1chojna.pl\/index.php?rest_route=\/wp\/v2\/types\/post"}],"author":[{"embeddable":true,"href":"https:\/\/zsp1chojna.pl\/index.php?rest_route=\/wp\/v2\/users\/2"}],"replies":[{"embeddable":true,"href":"https:\/\/zsp1chojna.pl\/index.php?rest_route=%2Fwp%2Fv2%2Fcomments&post=373"}],"version-history":[{"count":2,"href":"https:\/\/zsp1chojna.pl\/index.php?rest_route=\/wp\/v2\/posts\/373\/revisions"}],"predecessor-version":[{"id":1486,"href":"https:\/\/zsp1chojna.pl\/index.php?rest_route=\/wp\/v2\/posts\/373\/revisions\/1486"}],"wp:featuredmedia":[{"embeddable":true,"href":"https:\/\/zsp1chojna.pl\/index.php?rest_route=\/wp\/v2\/media\/374"}],"wp:attachment":[{"href":"https:\/\/zsp1chojna.pl\/index.php?rest_route=%2Fwp%2Fv2%2Fmedia&parent=373"}],"wp:term":[{"taxonomy":"category","embeddable":true,"href":"https:\/\/zsp1chojna.pl\/index.php?rest_route=%2Fwp%2Fv2%2Fcategories&post=373"},{"taxonomy":"post_tag","embeddable":true,"href":"https:\/\/zsp1chojna.pl\/index.php?rest_route=%2Fwp%2Fv2%2Ftags&post=373"}],"curies":[{"name":"wp","href":"https:\/\/api.w.org\/{rel}","templated":true}]}}