{"id":2500,"date":"2022-10-10T21:04:16","date_gmt":"2022-10-10T19:04:16","guid":{"rendered":"https:\/\/zsp1chojna.pl\/?p=2500"},"modified":"2023-08-24T21:10:34","modified_gmt":"2023-08-24T19:10:34","slug":"obchodzilismy-swieto-drzewa","status":"publish","type":"post","link":"https:\/\/zsp1chojna.pl\/?p=2500","title":{"rendered":"Obchodzili\u015bmy\u00a0\u015awi\u0119to Drzewa"},"content":{"rendered":"\n<p class=\"has-text-align-justify\">\u015awi\u0119to Drzewa to&nbsp;program edukacji ekologicznej Klubu Gaja, dotycz\u0105cy ochrony \u015brodowiska i&nbsp;klimatu \u2013 poparty realnym dzia\u0142aniem \u2013 sadzeniem i&nbsp;ochron\u0105 drzew. Program \u015awi\u0119to Drzewa by\u0142 rekomendowany przez&nbsp;Ministerstwo \u015arodowiska \u2013 jako dobra praktyka edukacji dla rozwoju zr\u00f3wnowa\u017conego na&nbsp;konferencji klimatycznej COP14&nbsp;i&nbsp;COP19&nbsp;oraz&nbsp; przez&nbsp; Instytut Spraw Obywatelskich w&nbsp;\u201eInspiratorze obywatelskim\u201d, jako przyk\u0142ad dobrych praktyk w&nbsp;dziedzinie nieformalnej edukacji obywatelskiej.<\/p>\n\n\n\n<p class=\"has-text-align-justify\">10\u00a0pa\u017adziernika 2022\u00a0r. w\u00a0ramach 20\u00a0edycji \u015awi\u0119ta Drzewa, uczniowie klasy 2\u00a0abc LO i\u00a03\u00a0d LO wraz z\u00a0Pani\u0105 Dyrektor Adrian\u0105 Salamo\u0144czyk i\u00a0wychowawcami posadzili symbolicznie na\u00a0ternie szko\u0142y 2\u00a0drzewa Paulowni cesarskiej. Drzewo to, o\u00a0efektownych kwiatach i\u00a0 ogromnych li\u015bciach, uznane jest za\u00a0jedno z\u00a0najpi\u0119kniejszych li\u015bciastych drzew ozdobnych. Ju\u017c w\u00a0staro\u017cytnych Chinach by\u0142o symbolem powodzenia oraz\u00a0szcz\u0119\u015bcia i\u00a0sadzono je\u00a0 w\u00a0 cesarskich ogrodach.<\/p>\n\n\n<style>.kb-row-layout-id2500_007e70-11 > .kt-row-column-wrap{align-content:start;}:where(.kb-row-layout-id2500_007e70-11 > .kt-row-column-wrap) > .wp-block-kadence-column{justify-content:start;}.kb-row-layout-id2500_007e70-11 > .kt-row-column-wrap{column-gap:var(--global-kb-gap-sm, 1rem);row-gap:var(--global-kb-gap-none, 0 );padding-top:0px;padding-bottom:0px;grid-template-columns:repeat(2, minmax(0, 1fr));}.kb-row-layout-id2500_007e70-11 > .kt-row-layout-overlay{opacity:0.30;}@media all and (max-width: 1024px){.kb-row-layout-id2500_007e70-11 > .kt-row-column-wrap{grid-template-columns:repeat(2, minmax(0, 1fr));}}@media all and (max-width: 767px){.kb-row-layout-id2500_007e70-11 > .kt-row-column-wrap{grid-template-columns:minmax(0, 1fr);}}<\/style><div class=\"kb-row-layout-wrap kb-row-layout-id2500_007e70-11 alignnone wp-block-kadence-rowlayout\"><div class=\"kt-row-column-wrap kt-has-2-columns kt-row-layout-equal kt-tab-layout-inherit kt-mobile-layout-row kt-row-valign-top\">\n<style>.kadence-column2500_39c8a0-58 > .kt-inside-inner-col,.kadence-column2500_39c8a0-58 > .kt-inside-inner-col:before{border-top-left-radius:0px;border-top-right-radius:0px;border-bottom-right-radius:0px;border-bottom-left-radius:0px;}.kadence-column2500_39c8a0-58 > .kt-inside-inner-col:before{opacity:0.3;}.kadence-column2500_39c8a0-58{position:relative;}<\/style>\n<div class=\"wp-block-kadence-column kadence-column2500_39c8a0-58\"><div class=\"kt-inside-inner-col\"><div class=\"wp-block-image\">\n<figure class=\"alignright size-full\"><img loading=\"lazy\" decoding=\"async\" width=\"550\" height=\"364\" data-attachment-id=\"2504\" data-permalink=\"https:\/\/zsp1chojna.pl\/?attachment_id=2504\" data-orig-file=\"https:\/\/zsp1chojna.pl\/wp-content\/uploads\/2023\/08\/swieto-drzewa2022-1.jpg\" data-orig-size=\"550,364\" data-comments-opened=\"1\" data-image-meta=\"{&quot;aperture&quot;:&quot;0&quot;,&quot;credit&quot;:&quot;&quot;,&quot;camera&quot;:&quot;&quot;,&quot;caption&quot;:&quot;&quot;,&quot;created_timestamp&quot;:&quot;0&quot;,&quot;copyright&quot;:&quot;&quot;,&quot;focal_length&quot;:&quot;0&quot;,&quot;iso&quot;:&quot;0&quot;,&quot;shutter_speed&quot;:&quot;0&quot;,&quot;title&quot;:&quot;&quot;,&quot;orientation&quot;:&quot;0&quot;}\" data-image-title=\"swieto-drzewa2022-1\" data-image-description=\"\" data-image-caption=\"\" data-medium-file=\"https:\/\/zsp1chojna.pl\/wp-content\/uploads\/2023\/08\/swieto-drzewa2022-1-300x199.jpg\" data-large-file=\"https:\/\/zsp1chojna.pl\/wp-content\/uploads\/2023\/08\/swieto-drzewa2022-1.jpg\" src=\"https:\/\/zsp1chojna.pl\/wp-content\/uploads\/2023\/08\/swieto-drzewa2022-1.jpg\" alt=\"Sadzenie drzew\" class=\"wp-image-2504\" srcset=\"https:\/\/zsp1chojna.pl\/wp-content\/uploads\/2023\/08\/swieto-drzewa2022-1.jpg 550w, https:\/\/zsp1chojna.pl\/wp-content\/uploads\/2023\/08\/swieto-drzewa2022-1-300x199.jpg 300w, https:\/\/zsp1chojna.pl\/wp-content\/uploads\/2023\/08\/swieto-drzewa2022-1-84x56.jpg 84w\" sizes=\"auto, (max-width: 550px) 100vw, 550px\" \/><\/figure>\n<\/div><\/div><\/div>\n\n\n<style>.kadence-column2500_b0dc63-ec > .kt-inside-inner-col,.kadence-column2500_b0dc63-ec > .kt-inside-inner-col:before{border-top-left-radius:0px;border-top-right-radius:0px;border-bottom-right-radius:0px;border-bottom-left-radius:0px;}.kadence-column2500_b0dc63-ec > .kt-inside-inner-col:before{opacity:0.3;}.kadence-column2500_b0dc63-ec{position:relative;}<\/style>\n<div class=\"wp-block-kadence-column kadence-column2500_b0dc63-ec\"><div class=\"kt-inside-inner-col\"><div class=\"wp-block-image\">\n<figure class=\"alignleft size-full\"><img loading=\"lazy\" decoding=\"async\" width=\"550\" height=\"364\" data-attachment-id=\"2505\" data-permalink=\"https:\/\/zsp1chojna.pl\/?attachment_id=2505\" data-orig-file=\"https:\/\/zsp1chojna.pl\/wp-content\/uploads\/2023\/08\/swieto-drzewa2022-2-1.jpg\" data-orig-size=\"550,364\" data-comments-opened=\"1\" data-image-meta=\"{&quot;aperture&quot;:&quot;0&quot;,&quot;credit&quot;:&quot;&quot;,&quot;camera&quot;:&quot;&quot;,&quot;caption&quot;:&quot;&quot;,&quot;created_timestamp&quot;:&quot;0&quot;,&quot;copyright&quot;:&quot;&quot;,&quot;focal_length&quot;:&quot;0&quot;,&quot;iso&quot;:&quot;0&quot;,&quot;shutter_speed&quot;:&quot;0&quot;,&quot;title&quot;:&quot;&quot;,&quot;orientation&quot;:&quot;0&quot;}\" data-image-title=\"swieto-drzewa2022-2\" data-image-description=\"\" data-image-caption=\"\" data-medium-file=\"https:\/\/zsp1chojna.pl\/wp-content\/uploads\/2023\/08\/swieto-drzewa2022-2-1-300x199.jpg\" data-large-file=\"https:\/\/zsp1chojna.pl\/wp-content\/uploads\/2023\/08\/swieto-drzewa2022-2-1.jpg\" src=\"https:\/\/zsp1chojna.pl\/wp-content\/uploads\/2023\/08\/swieto-drzewa2022-2-1.jpg\" alt=\"Sadzenie drzew\" class=\"wp-image-2505\" srcset=\"https:\/\/zsp1chojna.pl\/wp-content\/uploads\/2023\/08\/swieto-drzewa2022-2-1.jpg 550w, https:\/\/zsp1chojna.pl\/wp-content\/uploads\/2023\/08\/swieto-drzewa2022-2-1-300x199.jpg 300w, https:\/\/zsp1chojna.pl\/wp-content\/uploads\/2023\/08\/swieto-drzewa2022-2-1-84x56.jpg 84w\" sizes=\"auto, (max-width: 550px) 100vw, 550px\" \/><\/figure>\n<\/div><\/div><\/div>\n\n<\/div><\/div>\n\n\n<p class=\"has-text-align-justify\">W&nbsp;ramach obchod\u00f3w \u015awi\u0119ta Drzewa, pani mgr&nbsp;Gabriela Lasowska przygotowa\u0142a spotkanie pod&nbsp;has\u0142em \u201eCzytamy Drzewom\u201d, podczas kt\u00f3rego&nbsp;uczniowie klasy 1&nbsp;a&nbsp;LO, 1&nbsp;c LO i&nbsp;1&nbsp;d LO odczytywali fragmenty r\u00f3\u017cnych utwor\u00f3w, maj\u0105cych na&nbsp;celu zwr\u00f3cenie uwagi na&nbsp;zwi\u0105zek mi\u0119dzy natur\u0105 i&nbsp;literatur\u0105. Spotkanie by\u0142o jednym z&nbsp;dzia\u0142a\u0144, realizowanych w&nbsp;ramach Narodowego Programu Rozwoju Czytelnictwa 2022.<\/p>\n\n\n<div class=\"wp-block-image\">\n<figure class=\"aligncenter size-full\"><img loading=\"lazy\" decoding=\"async\" width=\"550\" height=\"364\" data-attachment-id=\"2502\" data-permalink=\"https:\/\/zsp1chojna.pl\/?attachment_id=2502\" data-orig-file=\"https:\/\/zsp1chojna.pl\/wp-content\/uploads\/2023\/08\/swieto-drzewa2022-3.jpg\" data-orig-size=\"550,364\" data-comments-opened=\"1\" data-image-meta=\"{&quot;aperture&quot;:&quot;0&quot;,&quot;credit&quot;:&quot;&quot;,&quot;camera&quot;:&quot;&quot;,&quot;caption&quot;:&quot;&quot;,&quot;created_timestamp&quot;:&quot;0&quot;,&quot;copyright&quot;:&quot;&quot;,&quot;focal_length&quot;:&quot;0&quot;,&quot;iso&quot;:&quot;0&quot;,&quot;shutter_speed&quot;:&quot;0&quot;,&quot;title&quot;:&quot;&quot;,&quot;orientation&quot;:&quot;0&quot;}\" data-image-title=\"swieto-drzewa2022-3\" data-image-description=\"\" data-image-caption=\"\" data-medium-file=\"https:\/\/zsp1chojna.pl\/wp-content\/uploads\/2023\/08\/swieto-drzewa2022-3-300x199.jpg\" data-large-file=\"https:\/\/zsp1chojna.pl\/wp-content\/uploads\/2023\/08\/swieto-drzewa2022-3.jpg\" src=\"https:\/\/zsp1chojna.pl\/wp-content\/uploads\/2023\/08\/swieto-drzewa2022-3.jpg\" alt=\"Przebieg dnia drzewa\" class=\"wp-image-2502\" srcset=\"https:\/\/zsp1chojna.pl\/wp-content\/uploads\/2023\/08\/swieto-drzewa2022-3.jpg 550w, https:\/\/zsp1chojna.pl\/wp-content\/uploads\/2023\/08\/swieto-drzewa2022-3-300x199.jpg 300w, https:\/\/zsp1chojna.pl\/wp-content\/uploads\/2023\/08\/swieto-drzewa2022-3-84x56.jpg 84w\" sizes=\"auto, (max-width: 550px) 100vw, 550px\" \/><\/figure>\n<\/div>\n\n\n<p class=\"has-text-align-justify\">W&nbsp;listopadzie, w&nbsp;ramach obchod\u00f3w tegorocznego \u015awi\u0119ta Drzewa, dzi\u0119ki wsp\u00f3\u0142pracy z&nbsp;Nadle\u015bnictwem Chojna, klasa 2&nbsp;d LO we\u017amie udzia\u0142 w&nbsp;sadzeniu lasu.<\/p>\n\n\n<div class=\"wp-block-image\">\n<figure class=\"aligncenter size-full\"><img loading=\"lazy\" decoding=\"async\" width=\"550\" height=\"364\" data-attachment-id=\"2501\" data-permalink=\"https:\/\/zsp1chojna.pl\/?attachment_id=2501\" data-orig-file=\"https:\/\/zsp1chojna.pl\/wp-content\/uploads\/2023\/08\/swieto-drzewa2022-4.jpg\" data-orig-size=\"550,364\" data-comments-opened=\"1\" data-image-meta=\"{&quot;aperture&quot;:&quot;0&quot;,&quot;credit&quot;:&quot;&quot;,&quot;camera&quot;:&quot;&quot;,&quot;caption&quot;:&quot;&quot;,&quot;created_timestamp&quot;:&quot;0&quot;,&quot;copyright&quot;:&quot;&quot;,&quot;focal_length&quot;:&quot;0&quot;,&quot;iso&quot;:&quot;0&quot;,&quot;shutter_speed&quot;:&quot;0&quot;,&quot;title&quot;:&quot;&quot;,&quot;orientation&quot;:&quot;0&quot;}\" data-image-title=\"swieto-drzewa2022-4\" data-image-description=\"\" data-image-caption=\"\" data-medium-file=\"https:\/\/zsp1chojna.pl\/wp-content\/uploads\/2023\/08\/swieto-drzewa2022-4-300x199.jpg\" data-large-file=\"https:\/\/zsp1chojna.pl\/wp-content\/uploads\/2023\/08\/swieto-drzewa2022-4.jpg\" src=\"https:\/\/zsp1chojna.pl\/wp-content\/uploads\/2023\/08\/swieto-drzewa2022-4.jpg\" alt=\"Przebieg dnia drzewa\" class=\"wp-image-2501\" srcset=\"https:\/\/zsp1chojna.pl\/wp-content\/uploads\/2023\/08\/swieto-drzewa2022-4.jpg 550w, https:\/\/zsp1chojna.pl\/wp-content\/uploads\/2023\/08\/swieto-drzewa2022-4-300x199.jpg 300w, https:\/\/zsp1chojna.pl\/wp-content\/uploads\/2023\/08\/swieto-drzewa2022-4-84x56.jpg 84w\" sizes=\"auto, (max-width: 550px) 100vw, 550px\" \/><\/figure>\n<\/div>\n\n\n<p><\/p>\n\n\n\n<p class=\"has-text-align-right\">mgr\u00a0Agnieszka Pawlaczyk<\/p>\n\n\n\n<p class=\"has-text-align-right\">mgr&nbsp;Gabriela Lasowska<\/p>\n","protected":false},"excerpt":{"rendered":"<p>\u015awi\u0119to Drzewa to&nbsp;program edukacji ekologicznej Klubu Gaja, dotycz\u0105cy ochrony \u015brodowiska i&nbsp;klimatu \u2013 poparty realnym dzia\u0142aniem \u2013 sadzeniem i&nbsp;ochron\u0105 drzew. Program \u015awi\u0119to Drzewa by\u0142 rekomendowany przez&nbsp;Ministerstwo \u015arodowiska \u2013 jako dobra praktyka [&hellip;]<\/p>\n","protected":false},"author":2,"featured_media":2501,"comment_status":"open","ping_status":"open","sticky":false,"template":"","format":"standard","meta":{"footnotes":""},"categories":[8],"tags":[],"class_list":["post-2500","post","type-post","status-publish","format-standard","has-post-thumbnail","hentry","category-aktualnosci-2022-2023"],"wbAuthor":{"name":"kacper27","link":"https:\/\/zsp1chojna.pl\/?author=2"},"wbDate":"pa\u017a 10, 2022","wbCategories":{"space":"<a href=\"https:\/\/zsp1chojna.pl\/?cat=8\" rel=\"category\">Aktualno\u015bci 2022\/2023<\/a>","coma":"<a href=\"https:\/\/zsp1chojna.pl\/?cat=8\" rel=\"category\">Aktualno\u015bci 2022\/2023<\/a>"},"wbComment":0,"yoast_head":"<!-- This site is optimized with the Yoast SEO plugin v20.13 - https:\/\/yoast.com\/wordpress\/plugins\/seo\/ -->\n<title>Obchodzili\u015bmy\u00a0\u015awi\u0119to Drzewa - ZSP w Chojnie<\/title>\n<meta name=\"robots\" content=\"index, follow, max-snippet:-1, max-image-preview:large, max-video-preview:-1\" \/>\n<link rel=\"canonical\" href=\"https:\/\/zsp1chojna.pl\/?p=2500\" \/>\n<meta property=\"og:locale\" content=\"pl_PL\" \/>\n<meta property=\"og:type\" content=\"article\" \/>\n<meta property=\"og:title\" content=\"Obchodzili\u015bmy\u00a0\u015awi\u0119to Drzewa - ZSP w Chojnie\" \/>\n<meta property=\"og:description\" content=\"\u015awi\u0119to Drzewa to&nbsp;program edukacji ekologicznej Klubu Gaja, dotycz\u0105cy ochrony \u015brodowiska i&nbsp;klimatu \u2013 poparty realnym dzia\u0142aniem \u2013 sadzeniem i&nbsp;ochron\u0105 drzew. Program \u015awi\u0119to Drzewa by\u0142 rekomendowany przez&nbsp;Ministerstwo \u015arodowiska \u2013 jako dobra praktyka [&hellip;]\" \/>\n<meta property=\"og:url\" content=\"https:\/\/zsp1chojna.pl\/?p=2500\" \/>\n<meta property=\"og:site_name\" content=\"ZSP w Chojnie\" \/>\n<meta property=\"article:published_time\" content=\"2022-10-10T19:04:16+00:00\" \/>\n<meta property=\"article:modified_time\" content=\"2023-08-24T19:10:34+00:00\" \/>\n<meta property=\"og:image\" content=\"https:\/\/zsp1chojna.pl\/wp-content\/uploads\/2023\/08\/swieto-drzewa2022-4.jpg\" \/>\n\t<meta property=\"og:image:width\" content=\"550\" \/>\n\t<meta property=\"og:image:height\" content=\"364\" \/>\n\t<meta property=\"og:image:type\" content=\"image\/jpeg\" \/>\n<meta name=\"author\" content=\"kacper27\" \/>\n<meta name=\"twitter:card\" content=\"summary_large_image\" \/>\n<meta name=\"twitter:label1\" content=\"Napisane przez\" \/>\n\t<meta name=\"twitter:data1\" content=\"kacper27\" \/>\n\t<meta name=\"twitter:label2\" content=\"Szacowany czas czytania\" \/>\n\t<meta name=\"twitter:data2\" content=\"3 minuty\" \/>\n<script type=\"application\/ld+json\" class=\"yoast-schema-graph\">{\"@context\":\"https:\/\/schema.org\",\"@graph\":[{\"@type\":\"Article\",\"@id\":\"https:\/\/zsp1chojna.pl\/?p=2500#article\",\"isPartOf\":{\"@id\":\"https:\/\/zsp1chojna.pl\/?p=2500\"},\"author\":{\"name\":\"kacper27\",\"@id\":\"https:\/\/zsp1chojna.pl\/#\/schema\/person\/e974e35b71ad4899de9d84ba9baed22f\"},\"headline\":\"Obchodzili\u015bmy\u00a0\u015awi\u0119to Drzewa\",\"datePublished\":\"2022-10-10T19:04:16+00:00\",\"dateModified\":\"2023-08-24T19:10:34+00:00\",\"mainEntityOfPage\":{\"@id\":\"https:\/\/zsp1chojna.pl\/?p=2500\"},\"wordCount\":273,\"commentCount\":0,\"publisher\":{\"@id\":\"https:\/\/zsp1chojna.pl\/#organization\"},\"articleSection\":[\"Aktualno\u015bci 2022\/2023\"],\"inLanguage\":\"pl-PL\",\"potentialAction\":[{\"@type\":\"CommentAction\",\"name\":\"Comment\",\"target\":[\"https:\/\/zsp1chojna.pl\/?p=2500#respond\"]}]},{\"@type\":\"WebPage\",\"@id\":\"https:\/\/zsp1chojna.pl\/?p=2500\",\"url\":\"https:\/\/zsp1chojna.pl\/?p=2500\",\"name\":\"Obchodzili\u015bmy\u00a0\u015awi\u0119to Drzewa - ZSP w Chojnie\",\"isPartOf\":{\"@id\":\"https:\/\/zsp1chojna.pl\/#website\"},\"datePublished\":\"2022-10-10T19:04:16+00:00\",\"dateModified\":\"2023-08-24T19:10:34+00:00\",\"breadcrumb\":{\"@id\":\"https:\/\/zsp1chojna.pl\/?p=2500#breadcrumb\"},\"inLanguage\":\"pl-PL\",\"potentialAction\":[{\"@type\":\"ReadAction\",\"target\":[\"https:\/\/zsp1chojna.pl\/?p=2500\"]}]},{\"@type\":\"BreadcrumbList\",\"@id\":\"https:\/\/zsp1chojna.pl\/?p=2500#breadcrumb\",\"itemListElement\":[{\"@type\":\"ListItem\",\"position\":1,\"name\":\"Home\",\"item\":\"https:\/\/zsp1chojna.pl\/\"},{\"@type\":\"ListItem\",\"position\":2,\"name\":\"Obchodzili\u015bmy\u00a0\u015awi\u0119to Drzewa\"}]},{\"@type\":\"WebSite\",\"@id\":\"https:\/\/zsp1chojna.pl\/#website\",\"url\":\"https:\/\/zsp1chojna.pl\/\",\"name\":\"ZSP w Chojnie\",\"description\":\"\",\"publisher\":{\"@id\":\"https:\/\/zsp1chojna.pl\/#organization\"},\"potentialAction\":[{\"@type\":\"SearchAction\",\"target\":{\"@type\":\"EntryPoint\",\"urlTemplate\":\"https:\/\/zsp1chojna.pl\/?s={search_term_string}\"},\"query-input\":\"required name=search_term_string\"}],\"inLanguage\":\"pl-PL\"},{\"@type\":\"Organization\",\"@id\":\"https:\/\/zsp1chojna.pl\/#organization\",\"name\":\"ZSP w Chojnie\",\"url\":\"https:\/\/zsp1chojna.pl\/\",\"logo\":{\"@type\":\"ImageObject\",\"inLanguage\":\"pl-PL\",\"@id\":\"https:\/\/zsp1chojna.pl\/#\/schema\/logo\/image\/\",\"url\":\"https:\/\/zsp1chojna.pl\/wp-content\/uploads\/2023\/08\/cropped-cropped-cropped-Logo-biale-napis-na-3-wiersze_504-1.png\",\"contentUrl\":\"https:\/\/zsp1chojna.pl\/wp-content\/uploads\/2023\/08\/cropped-cropped-cropped-Logo-biale-napis-na-3-wiersze_504-1.png\",\"width\":504,\"height\":167,\"caption\":\"ZSP w Chojnie\"},\"image\":{\"@id\":\"https:\/\/zsp1chojna.pl\/#\/schema\/logo\/image\/\"}},{\"@type\":\"Person\",\"@id\":\"https:\/\/zsp1chojna.pl\/#\/schema\/person\/e974e35b71ad4899de9d84ba9baed22f\",\"name\":\"kacper27\",\"image\":{\"@type\":\"ImageObject\",\"inLanguage\":\"pl-PL\",\"@id\":\"https:\/\/zsp1chojna.pl\/#\/schema\/person\/image\/\",\"url\":\"https:\/\/secure.gravatar.com\/avatar\/233d005830da7db1760a03aba4b7a8303a369edf5f46a429dfe66f876a3f452c?s=96&d=mm&r=g\",\"contentUrl\":\"https:\/\/secure.gravatar.com\/avatar\/233d005830da7db1760a03aba4b7a8303a369edf5f46a429dfe66f876a3f452c?s=96&d=mm&r=g\",\"caption\":\"kacper27\"},\"url\":\"https:\/\/zsp1chojna.pl\/?author=2\"}]}<\/script>\n<!-- \/ Yoast SEO plugin. -->","yoast_head_json":{"title":"Obchodzili\u015bmy\u00a0\u015awi\u0119to Drzewa - ZSP w Chojnie","robots":{"index":"index","follow":"follow","max-snippet":"max-snippet:-1","max-image-preview":"max-image-preview:large","max-video-preview":"max-video-preview:-1"},"canonical":"https:\/\/zsp1chojna.pl\/?p=2500","og_locale":"pl_PL","og_type":"article","og_title":"Obchodzili\u015bmy\u00a0\u015awi\u0119to Drzewa - ZSP w Chojnie","og_description":"\u015awi\u0119to Drzewa to&nbsp;program edukacji ekologicznej Klubu Gaja, dotycz\u0105cy ochrony \u015brodowiska i&nbsp;klimatu \u2013 poparty realnym dzia\u0142aniem \u2013 sadzeniem i&nbsp;ochron\u0105 drzew. Program \u015awi\u0119to Drzewa by\u0142 rekomendowany przez&nbsp;Ministerstwo \u015arodowiska \u2013 jako dobra praktyka [&hellip;]","og_url":"https:\/\/zsp1chojna.pl\/?p=2500","og_site_name":"ZSP w Chojnie","article_published_time":"2022-10-10T19:04:16+00:00","article_modified_time":"2023-08-24T19:10:34+00:00","og_image":[{"width":550,"height":364,"url":"https:\/\/zsp1chojna.pl\/wp-content\/uploads\/2023\/08\/swieto-drzewa2022-4.jpg","type":"image\/jpeg"}],"author":"kacper27","twitter_card":"summary_large_image","twitter_misc":{"Napisane przez":"kacper27","Szacowany czas czytania":"3 minuty"},"schema":{"@context":"https:\/\/schema.org","@graph":[{"@type":"Article","@id":"https:\/\/zsp1chojna.pl\/?p=2500#article","isPartOf":{"@id":"https:\/\/zsp1chojna.pl\/?p=2500"},"author":{"name":"kacper27","@id":"https:\/\/zsp1chojna.pl\/#\/schema\/person\/e974e35b71ad4899de9d84ba9baed22f"},"headline":"Obchodzili\u015bmy\u00a0\u015awi\u0119to Drzewa","datePublished":"2022-10-10T19:04:16+00:00","dateModified":"2023-08-24T19:10:34+00:00","mainEntityOfPage":{"@id":"https:\/\/zsp1chojna.pl\/?p=2500"},"wordCount":273,"commentCount":0,"publisher":{"@id":"https:\/\/zsp1chojna.pl\/#organization"},"articleSection":["Aktualno\u015bci 2022\/2023"],"inLanguage":"pl-PL","potentialAction":[{"@type":"CommentAction","name":"Comment","target":["https:\/\/zsp1chojna.pl\/?p=2500#respond"]}]},{"@type":"WebPage","@id":"https:\/\/zsp1chojna.pl\/?p=2500","url":"https:\/\/zsp1chojna.pl\/?p=2500","name":"Obchodzili\u015bmy\u00a0\u015awi\u0119to Drzewa - ZSP w Chojnie","isPartOf":{"@id":"https:\/\/zsp1chojna.pl\/#website"},"datePublished":"2022-10-10T19:04:16+00:00","dateModified":"2023-08-24T19:10:34+00:00","breadcrumb":{"@id":"https:\/\/zsp1chojna.pl\/?p=2500#breadcrumb"},"inLanguage":"pl-PL","potentialAction":[{"@type":"ReadAction","target":["https:\/\/zsp1chojna.pl\/?p=2500"]}]},{"@type":"BreadcrumbList","@id":"https:\/\/zsp1chojna.pl\/?p=2500#breadcrumb","itemListElement":[{"@type":"ListItem","position":1,"name":"Home","item":"https:\/\/zsp1chojna.pl\/"},{"@type":"ListItem","position":2,"name":"Obchodzili\u015bmy\u00a0\u015awi\u0119to Drzewa"}]},{"@type":"WebSite","@id":"https:\/\/zsp1chojna.pl\/#website","url":"https:\/\/zsp1chojna.pl\/","name":"ZSP w Chojnie","description":"","publisher":{"@id":"https:\/\/zsp1chojna.pl\/#organization"},"potentialAction":[{"@type":"SearchAction","target":{"@type":"EntryPoint","urlTemplate":"https:\/\/zsp1chojna.pl\/?s={search_term_string}"},"query-input":"required name=search_term_string"}],"inLanguage":"pl-PL"},{"@type":"Organization","@id":"https:\/\/zsp1chojna.pl\/#organization","name":"ZSP w Chojnie","url":"https:\/\/zsp1chojna.pl\/","logo":{"@type":"ImageObject","inLanguage":"pl-PL","@id":"https:\/\/zsp1chojna.pl\/#\/schema\/logo\/image\/","url":"https:\/\/zsp1chojna.pl\/wp-content\/uploads\/2023\/08\/cropped-cropped-cropped-Logo-biale-napis-na-3-wiersze_504-1.png","contentUrl":"https:\/\/zsp1chojna.pl\/wp-content\/uploads\/2023\/08\/cropped-cropped-cropped-Logo-biale-napis-na-3-wiersze_504-1.png","width":504,"height":167,"caption":"ZSP w Chojnie"},"image":{"@id":"https:\/\/zsp1chojna.pl\/#\/schema\/logo\/image\/"}},{"@type":"Person","@id":"https:\/\/zsp1chojna.pl\/#\/schema\/person\/e974e35b71ad4899de9d84ba9baed22f","name":"kacper27","image":{"@type":"ImageObject","inLanguage":"pl-PL","@id":"https:\/\/zsp1chojna.pl\/#\/schema\/person\/image\/","url":"https:\/\/secure.gravatar.com\/avatar\/233d005830da7db1760a03aba4b7a8303a369edf5f46a429dfe66f876a3f452c?s=96&d=mm&r=g","contentUrl":"https:\/\/secure.gravatar.com\/avatar\/233d005830da7db1760a03aba4b7a8303a369edf5f46a429dfe66f876a3f452c?s=96&d=mm&r=g","caption":"kacper27"},"url":"https:\/\/zsp1chojna.pl\/?author=2"}]}},"jetpack_featured_media_url":"https:\/\/zsp1chojna.pl\/wp-content\/uploads\/2023\/08\/swieto-drzewa2022-4.jpg","_links":{"self":[{"href":"https:\/\/zsp1chojna.pl\/index.php?rest_route=\/wp\/v2\/posts\/2500","targetHints":{"allow":["GET"]}}],"collection":[{"href":"https:\/\/zsp1chojna.pl\/index.php?rest_route=\/wp\/v2\/posts"}],"about":[{"href":"https:\/\/zsp1chojna.pl\/index.php?rest_route=\/wp\/v2\/types\/post"}],"author":[{"embeddable":true,"href":"https:\/\/zsp1chojna.pl\/index.php?rest_route=\/wp\/v2\/users\/2"}],"replies":[{"embeddable":true,"href":"https:\/\/zsp1chojna.pl\/index.php?rest_route=%2Fwp%2Fv2%2Fcomments&post=2500"}],"version-history":[{"count":1,"href":"https:\/\/zsp1chojna.pl\/index.php?rest_route=\/wp\/v2\/posts\/2500\/revisions"}],"predecessor-version":[{"id":2506,"href":"https:\/\/zsp1chojna.pl\/index.php?rest_route=\/wp\/v2\/posts\/2500\/revisions\/2506"}],"wp:featuredmedia":[{"embeddable":true,"href":"https:\/\/zsp1chojna.pl\/index.php?rest_route=\/wp\/v2\/media\/2501"}],"wp:attachment":[{"href":"https:\/\/zsp1chojna.pl\/index.php?rest_route=%2Fwp%2Fv2%2Fmedia&parent=2500"}],"wp:term":[{"taxonomy":"category","embeddable":true,"href":"https:\/\/zsp1chojna.pl\/index.php?rest_route=%2Fwp%2Fv2%2Fcategories&post=2500"},{"taxonomy":"post_tag","embeddable":true,"href":"https:\/\/zsp1chojna.pl\/index.php?rest_route=%2Fwp%2Fv2%2Ftags&post=2500"}],"curies":[{"name":"wp","href":"https:\/\/api.w.org\/{rel}","templated":true}]}}