{"id":2063,"date":"2022-11-16T19:09:19","date_gmt":"2022-11-16T18:09:19","guid":{"rendered":"https:\/\/zsp1chojna.pl\/?p=2063"},"modified":"2023-08-23T19:10:06","modified_gmt":"2023-08-23T17:10:06","slug":"obchodzilismy-miedzynarodowy-dzien-tolerancji","status":"publish","type":"post","link":"https:\/\/zsp1chojna.pl\/?p=2063","title":{"rendered":"Obchodzili\u015bmy\u00a0Mi\u0119dzynarodowy Dzie\u0144 Tolerancji"},"content":{"rendered":"\n<p class=\"has-text-align-justify\">16&nbsp;listopada 2022&nbsp;r. obchodzili\u015bmy Mi\u0119dzynarodowy Dzie\u0144 Tolerancji \u2013 \u015bwi\u0119to ustanowione 12&nbsp;grudnia 1995&nbsp;roku przez&nbsp;Zgromadzenie Og\u00f3lne ONZ, z&nbsp;inicjatywy UNESCO. Inicjatywa ta,&nbsp; spowodowana by\u0142a pog\u0142\u0119biaj\u0105cymi si\u0119 zjawiskami nietolerancji, przemocy, nacjonalizmu, rasizmu i&nbsp;antysemityzmu. Data nie&nbsp;jest przypadkowa. 16&nbsp;listopada 1995&nbsp;roku pa\u0144stwa cz\u0142onkowskie UNESCO przyj\u0119\u0142y \u201eDeklaracj\u0119 na&nbsp;Temat Zasad Tolerancji\u201d. Artyku\u0142 I&nbsp;\u201eDeklaracji Zasad Tolerancji\u201d brzmi:&nbsp;<em>\u201eTolerancja to&nbsp;szacunek, akceptacja i&nbsp;uznanie bogactwa r\u00f3\u017cnorodno\u015bci kultur na&nbsp;\u015bwiecie, naszych form wyrazu i&nbsp;sposob\u00f3w na&nbsp;bycie cz\u0142owiekiem. Sprzyja jej wiedza, otwarto\u015b\u0107, komunikowanie si\u0119 oraz&nbsp;wolno\u015b\u0107 s\u0142owa, sumienia i&nbsp;wiary. Tolerancja jest harmoni\u0105 w&nbsp;r\u00f3\u017cnorodno\u015bci. Tolerancja \u2013 warto\u015b\u0107, kt\u00f3ra&nbsp;czyni mo\u017cliwym pok\u00f3j \u2013 przyczynia si\u0119 do&nbsp;zast\u0105pienia kultury wojny kultur\u0105 pokoju\u201d.<\/em><\/p>\n\n\n<div class=\"wp-block-image\">\n<figure class=\"aligncenter size-full\"><img loading=\"lazy\" decoding=\"async\" width=\"550\" height=\"397\" data-attachment-id=\"2065\" data-permalink=\"https:\/\/zsp1chojna.pl\/?attachment_id=2065\" data-orig-file=\"https:\/\/zsp1chojna.pl\/wp-content\/uploads\/2023\/08\/dzien-tolerancji2022-1.jpg\" data-orig-size=\"550,397\" data-comments-opened=\"1\" data-image-meta=\"{&quot;aperture&quot;:&quot;0&quot;,&quot;credit&quot;:&quot;&quot;,&quot;camera&quot;:&quot;&quot;,&quot;caption&quot;:&quot;&quot;,&quot;created_timestamp&quot;:&quot;0&quot;,&quot;copyright&quot;:&quot;&quot;,&quot;focal_length&quot;:&quot;0&quot;,&quot;iso&quot;:&quot;0&quot;,&quot;shutter_speed&quot;:&quot;0&quot;,&quot;title&quot;:&quot;&quot;,&quot;orientation&quot;:&quot;0&quot;}\" data-image-title=\"dzien-tolerancji2022-1\" data-image-description=\"\" data-image-caption=\"\" data-medium-file=\"https:\/\/zsp1chojna.pl\/wp-content\/uploads\/2023\/08\/dzien-tolerancji2022-1-300x217.jpg\" data-large-file=\"https:\/\/zsp1chojna.pl\/wp-content\/uploads\/2023\/08\/dzien-tolerancji2022-1.jpg\" src=\"https:\/\/zsp1chojna.pl\/wp-content\/uploads\/2023\/08\/dzien-tolerancji2022-1.jpg\" alt=\"Przebieg dnia tolerancji\" class=\"wp-image-2065\" srcset=\"https:\/\/zsp1chojna.pl\/wp-content\/uploads\/2023\/08\/dzien-tolerancji2022-1.jpg 550w, https:\/\/zsp1chojna.pl\/wp-content\/uploads\/2023\/08\/dzien-tolerancji2022-1-300x217.jpg 300w\" sizes=\"auto, (max-width: 550px) 100vw, 550px\" \/><\/figure>\n<\/div>\n\n\n<p class=\"has-text-align-justify\">Wychowawcy klas oraz&nbsp;pedagodzy, wykorzystuj\u0105c scenariusze zaj\u0119\u0107 z&nbsp;projektu \u201eSAVE\u201d \u2013 \u201eZapobieganie agresywnym postawom m\u0142odzie\u017cy\u201d, przeprowadzili w&nbsp;listopadzie zaj\u0119cia na&nbsp;temat szacunku, akceptacji oraz&nbsp;uznania bogactwa r\u00f3\u017cnorodno\u015bci kultur na&nbsp;\u015bwiecie.<\/p>\n\n\n<div class=\"wp-block-image\">\n<figure class=\"aligncenter size-full\"><img loading=\"lazy\" decoding=\"async\" width=\"550\" height=\"364\" data-attachment-id=\"2064\" data-permalink=\"https:\/\/zsp1chojna.pl\/?attachment_id=2064\" data-orig-file=\"https:\/\/zsp1chojna.pl\/wp-content\/uploads\/2023\/08\/dzien-tolerancji2022-2.jpg\" data-orig-size=\"550,364\" data-comments-opened=\"1\" data-image-meta=\"{&quot;aperture&quot;:&quot;0&quot;,&quot;credit&quot;:&quot;&quot;,&quot;camera&quot;:&quot;&quot;,&quot;caption&quot;:&quot;&quot;,&quot;created_timestamp&quot;:&quot;0&quot;,&quot;copyright&quot;:&quot;&quot;,&quot;focal_length&quot;:&quot;0&quot;,&quot;iso&quot;:&quot;0&quot;,&quot;shutter_speed&quot;:&quot;0&quot;,&quot;title&quot;:&quot;&quot;,&quot;orientation&quot;:&quot;0&quot;}\" data-image-title=\"dzien-tolerancji2022-2\" data-image-description=\"\" data-image-caption=\"\" data-medium-file=\"https:\/\/zsp1chojna.pl\/wp-content\/uploads\/2023\/08\/dzien-tolerancji2022-2-300x199.jpg\" data-large-file=\"https:\/\/zsp1chojna.pl\/wp-content\/uploads\/2023\/08\/dzien-tolerancji2022-2.jpg\" src=\"https:\/\/zsp1chojna.pl\/wp-content\/uploads\/2023\/08\/dzien-tolerancji2022-2.jpg\" alt=\"Przebieg dnia tolerancji\" class=\"wp-image-2064\" srcset=\"https:\/\/zsp1chojna.pl\/wp-content\/uploads\/2023\/08\/dzien-tolerancji2022-2.jpg 550w, https:\/\/zsp1chojna.pl\/wp-content\/uploads\/2023\/08\/dzien-tolerancji2022-2-300x199.jpg 300w, https:\/\/zsp1chojna.pl\/wp-content\/uploads\/2023\/08\/dzien-tolerancji2022-2-84x56.jpg 84w\" sizes=\"auto, (max-width: 550px) 100vw, 550px\" \/><\/figure>\n<\/div>\n\n\n<p class=\"has-text-align-justify\">16&nbsp;listopada 2022&nbsp;r. uczniowie klas pierwszych Bran\u017cowej Szko\u0142y I&nbsp;stopnia uczestniczyli w&nbsp; pogadankach, przeprowadzonych przez&nbsp;przedstawicieli Komisariatu Policji w&nbsp;Chojnie. Spotkania mia\u0142y na&nbsp;celu m.in.&nbsp;uwra\u017cliwienie uczni\u00f3w na&nbsp;wszelkiego rodzaju przejawy nietolerancji i&nbsp; dyskryminacji oraz&nbsp;przypomnienie, \u017ce&nbsp;ka\u017cdy cz\u0142owiek zas\u0142uguje na&nbsp;szacunek i&nbsp;akceptacj\u0119. Podczas zaj\u0119\u0107 om\u00f3wiono r\u00f3wnie\u017c odpowiedzialno\u015b\u0107 prawn\u0105 nieletnich.<\/p>\n\n\n<div class=\"wp-block-image\">\n<figure class=\"aligncenter size-full\"><img loading=\"lazy\" decoding=\"async\" width=\"550\" height=\"363\" data-attachment-id=\"2066\" data-permalink=\"https:\/\/zsp1chojna.pl\/?attachment_id=2066\" data-orig-file=\"https:\/\/zsp1chojna.pl\/wp-content\/uploads\/2023\/08\/dzien-tolerancji2022-3.jpg\" data-orig-size=\"550,363\" data-comments-opened=\"1\" data-image-meta=\"{&quot;aperture&quot;:&quot;0&quot;,&quot;credit&quot;:&quot;&quot;,&quot;camera&quot;:&quot;&quot;,&quot;caption&quot;:&quot;&quot;,&quot;created_timestamp&quot;:&quot;0&quot;,&quot;copyright&quot;:&quot;&quot;,&quot;focal_length&quot;:&quot;0&quot;,&quot;iso&quot;:&quot;0&quot;,&quot;shutter_speed&quot;:&quot;0&quot;,&quot;title&quot;:&quot;&quot;,&quot;orientation&quot;:&quot;0&quot;}\" data-image-title=\"dzien-tolerancji2022-3\" data-image-description=\"\" data-image-caption=\"\" data-medium-file=\"https:\/\/zsp1chojna.pl\/wp-content\/uploads\/2023\/08\/dzien-tolerancji2022-3-300x198.jpg\" data-large-file=\"https:\/\/zsp1chojna.pl\/wp-content\/uploads\/2023\/08\/dzien-tolerancji2022-3.jpg\" src=\"https:\/\/zsp1chojna.pl\/wp-content\/uploads\/2023\/08\/dzien-tolerancji2022-3.jpg\" alt=\"Przebieg dnia tolerancji\" class=\"wp-image-2066\" srcset=\"https:\/\/zsp1chojna.pl\/wp-content\/uploads\/2023\/08\/dzien-tolerancji2022-3.jpg 550w, https:\/\/zsp1chojna.pl\/wp-content\/uploads\/2023\/08\/dzien-tolerancji2022-3-300x198.jpg 300w, https:\/\/zsp1chojna.pl\/wp-content\/uploads\/2023\/08\/dzien-tolerancji2022-3-365x240.jpg 365w, https:\/\/zsp1chojna.pl\/wp-content\/uploads\/2023\/08\/dzien-tolerancji2022-3-84x56.jpg 84w\" sizes=\"auto, (max-width: 550px) 100vw, 550px\" \/><\/figure>\n<\/div>\n\n\n<p class=\"has-text-align-right\">Pedagog szkolny \u2013 mgr&nbsp;Gra\u017cyna Magdziak<\/p>\n\n\n\n<p><a href=\"https:\/\/www.zsp1chojna.pl\/16-11-2022-r-aleksandra-kozak-antonina-letowska-roksana-szurgocinska-oraz-nikola-neugebauer-z-klasy-1-a-lo-wziely-udzial-w-vi-edycji-akcji-mlodziezy-czytanie-w-ksiaznicy-pomorskie\/\"><\/a><\/p>\n\n\n\n<p><a href=\"https:\/\/www.zsp1chojna.pl\/17-11-2022-r-odbyla-sie-wycieczka-edukacyjna-do-teatru-polskiego-w-szczecinie\/\"><\/a><\/p>\n","protected":false},"excerpt":{"rendered":"<p>16&nbsp;listopada 2022&nbsp;r. obchodzili\u015bmy Mi\u0119dzynarodowy Dzie\u0144 Tolerancji \u2013 \u015bwi\u0119to ustanowione 12&nbsp;grudnia 1995&nbsp;roku przez&nbsp;Zgromadzenie Og\u00f3lne ONZ, z&nbsp;inicjatywy UNESCO. Inicjatywa ta,&nbsp; spowodowana by\u0142a pog\u0142\u0119biaj\u0105cymi si\u0119 zjawiskami nietolerancji, przemocy, nacjonalizmu, rasizmu i&nbsp;antysemityzmu. Data nie&nbsp;jest [&hellip;]<\/p>\n","protected":false},"author":2,"featured_media":2065,"comment_status":"open","ping_status":"open","sticky":false,"template":"","format":"standard","meta":{"footnotes":""},"categories":[8],"tags":[],"class_list":["post-2063","post","type-post","status-publish","format-standard","has-post-thumbnail","hentry","category-aktualnosci-2022-2023"],"wbAuthor":{"name":"kacper27","link":"https:\/\/zsp1chojna.pl\/?author=2"},"wbDate":"lis 16, 2022","wbCategories":{"space":"<a href=\"https:\/\/zsp1chojna.pl\/?cat=8\" rel=\"category\">Aktualno\u015bci 2022\/2023<\/a>","coma":"<a href=\"https:\/\/zsp1chojna.pl\/?cat=8\" rel=\"category\">Aktualno\u015bci 2022\/2023<\/a>"},"wbComment":0,"yoast_head":"<!-- This site is optimized with the Yoast SEO plugin v20.13 - https:\/\/yoast.com\/wordpress\/plugins\/seo\/ -->\n<title>Obchodzili\u015bmy\u00a0Mi\u0119dzynarodowy Dzie\u0144 Tolerancji - ZSP w Chojnie<\/title>\n<meta name=\"robots\" content=\"index, follow, max-snippet:-1, max-image-preview:large, max-video-preview:-1\" \/>\n<link rel=\"canonical\" href=\"https:\/\/zsp1chojna.pl\/?p=2063\" \/>\n<meta property=\"og:locale\" content=\"pl_PL\" \/>\n<meta property=\"og:type\" content=\"article\" \/>\n<meta property=\"og:title\" content=\"Obchodzili\u015bmy\u00a0Mi\u0119dzynarodowy Dzie\u0144 Tolerancji - ZSP w Chojnie\" \/>\n<meta property=\"og:description\" content=\"16&nbsp;listopada 2022&nbsp;r. obchodzili\u015bmy Mi\u0119dzynarodowy Dzie\u0144 Tolerancji \u2013 \u015bwi\u0119to ustanowione 12&nbsp;grudnia 1995&nbsp;roku przez&nbsp;Zgromadzenie Og\u00f3lne ONZ, z&nbsp;inicjatywy UNESCO. Inicjatywa ta,&nbsp; spowodowana by\u0142a pog\u0142\u0119biaj\u0105cymi si\u0119 zjawiskami nietolerancji, przemocy, nacjonalizmu, rasizmu i&nbsp;antysemityzmu. Data nie&nbsp;jest [&hellip;]\" \/>\n<meta property=\"og:url\" content=\"https:\/\/zsp1chojna.pl\/?p=2063\" \/>\n<meta property=\"og:site_name\" content=\"ZSP w Chojnie\" \/>\n<meta property=\"article:published_time\" content=\"2022-11-16T18:09:19+00:00\" \/>\n<meta property=\"article:modified_time\" content=\"2023-08-23T17:10:06+00:00\" \/>\n<meta property=\"og:image\" content=\"https:\/\/zsp1chojna.pl\/wp-content\/uploads\/2023\/08\/dzien-tolerancji2022-1.jpg\" \/>\n\t<meta property=\"og:image:width\" content=\"550\" \/>\n\t<meta property=\"og:image:height\" content=\"397\" \/>\n\t<meta property=\"og:image:type\" content=\"image\/jpeg\" \/>\n<meta name=\"author\" content=\"kacper27\" \/>\n<meta name=\"twitter:card\" content=\"summary_large_image\" \/>\n<meta name=\"twitter:label1\" content=\"Napisane przez\" \/>\n\t<meta name=\"twitter:data1\" content=\"kacper27\" \/>\n\t<meta name=\"twitter:label2\" content=\"Szacowany czas czytania\" \/>\n\t<meta name=\"twitter:data2\" content=\"2 minuty\" \/>\n<script type=\"application\/ld+json\" class=\"yoast-schema-graph\">{\"@context\":\"https:\/\/schema.org\",\"@graph\":[{\"@type\":\"Article\",\"@id\":\"https:\/\/zsp1chojna.pl\/?p=2063#article\",\"isPartOf\":{\"@id\":\"https:\/\/zsp1chojna.pl\/?p=2063\"},\"author\":{\"name\":\"kacper27\",\"@id\":\"https:\/\/zsp1chojna.pl\/#\/schema\/person\/e974e35b71ad4899de9d84ba9baed22f\"},\"headline\":\"Obchodzili\u015bmy\u00a0Mi\u0119dzynarodowy Dzie\u0144 Tolerancji\",\"datePublished\":\"2022-11-16T18:09:19+00:00\",\"dateModified\":\"2023-08-23T17:10:06+00:00\",\"mainEntityOfPage\":{\"@id\":\"https:\/\/zsp1chojna.pl\/?p=2063\"},\"wordCount\":275,\"commentCount\":0,\"publisher\":{\"@id\":\"https:\/\/zsp1chojna.pl\/#organization\"},\"articleSection\":[\"Aktualno\u015bci 2022\/2023\"],\"inLanguage\":\"pl-PL\",\"potentialAction\":[{\"@type\":\"CommentAction\",\"name\":\"Comment\",\"target\":[\"https:\/\/zsp1chojna.pl\/?p=2063#respond\"]}]},{\"@type\":\"WebPage\",\"@id\":\"https:\/\/zsp1chojna.pl\/?p=2063\",\"url\":\"https:\/\/zsp1chojna.pl\/?p=2063\",\"name\":\"Obchodzili\u015bmy\u00a0Mi\u0119dzynarodowy Dzie\u0144 Tolerancji - ZSP w Chojnie\",\"isPartOf\":{\"@id\":\"https:\/\/zsp1chojna.pl\/#website\"},\"datePublished\":\"2022-11-16T18:09:19+00:00\",\"dateModified\":\"2023-08-23T17:10:06+00:00\",\"breadcrumb\":{\"@id\":\"https:\/\/zsp1chojna.pl\/?p=2063#breadcrumb\"},\"inLanguage\":\"pl-PL\",\"potentialAction\":[{\"@type\":\"ReadAction\",\"target\":[\"https:\/\/zsp1chojna.pl\/?p=2063\"]}]},{\"@type\":\"BreadcrumbList\",\"@id\":\"https:\/\/zsp1chojna.pl\/?p=2063#breadcrumb\",\"itemListElement\":[{\"@type\":\"ListItem\",\"position\":1,\"name\":\"Home\",\"item\":\"https:\/\/zsp1chojna.pl\/\"},{\"@type\":\"ListItem\",\"position\":2,\"name\":\"Obchodzili\u015bmy\u00a0Mi\u0119dzynarodowy Dzie\u0144 Tolerancji\"}]},{\"@type\":\"WebSite\",\"@id\":\"https:\/\/zsp1chojna.pl\/#website\",\"url\":\"https:\/\/zsp1chojna.pl\/\",\"name\":\"ZSP w Chojnie\",\"description\":\"\",\"publisher\":{\"@id\":\"https:\/\/zsp1chojna.pl\/#organization\"},\"potentialAction\":[{\"@type\":\"SearchAction\",\"target\":{\"@type\":\"EntryPoint\",\"urlTemplate\":\"https:\/\/zsp1chojna.pl\/?s={search_term_string}\"},\"query-input\":\"required name=search_term_string\"}],\"inLanguage\":\"pl-PL\"},{\"@type\":\"Organization\",\"@id\":\"https:\/\/zsp1chojna.pl\/#organization\",\"name\":\"ZSP w Chojnie\",\"url\":\"https:\/\/zsp1chojna.pl\/\",\"logo\":{\"@type\":\"ImageObject\",\"inLanguage\":\"pl-PL\",\"@id\":\"https:\/\/zsp1chojna.pl\/#\/schema\/logo\/image\/\",\"url\":\"https:\/\/zsp1chojna.pl\/wp-content\/uploads\/2023\/08\/cropped-cropped-cropped-Logo-biale-napis-na-3-wiersze_504-1.png\",\"contentUrl\":\"https:\/\/zsp1chojna.pl\/wp-content\/uploads\/2023\/08\/cropped-cropped-cropped-Logo-biale-napis-na-3-wiersze_504-1.png\",\"width\":504,\"height\":167,\"caption\":\"ZSP w Chojnie\"},\"image\":{\"@id\":\"https:\/\/zsp1chojna.pl\/#\/schema\/logo\/image\/\"}},{\"@type\":\"Person\",\"@id\":\"https:\/\/zsp1chojna.pl\/#\/schema\/person\/e974e35b71ad4899de9d84ba9baed22f\",\"name\":\"kacper27\",\"image\":{\"@type\":\"ImageObject\",\"inLanguage\":\"pl-PL\",\"@id\":\"https:\/\/zsp1chojna.pl\/#\/schema\/person\/image\/\",\"url\":\"https:\/\/secure.gravatar.com\/avatar\/233d005830da7db1760a03aba4b7a8303a369edf5f46a429dfe66f876a3f452c?s=96&d=mm&r=g\",\"contentUrl\":\"https:\/\/secure.gravatar.com\/avatar\/233d005830da7db1760a03aba4b7a8303a369edf5f46a429dfe66f876a3f452c?s=96&d=mm&r=g\",\"caption\":\"kacper27\"},\"url\":\"https:\/\/zsp1chojna.pl\/?author=2\"}]}<\/script>\n<!-- \/ Yoast SEO plugin. -->","yoast_head_json":{"title":"Obchodzili\u015bmy\u00a0Mi\u0119dzynarodowy Dzie\u0144 Tolerancji - ZSP w Chojnie","robots":{"index":"index","follow":"follow","max-snippet":"max-snippet:-1","max-image-preview":"max-image-preview:large","max-video-preview":"max-video-preview:-1"},"canonical":"https:\/\/zsp1chojna.pl\/?p=2063","og_locale":"pl_PL","og_type":"article","og_title":"Obchodzili\u015bmy\u00a0Mi\u0119dzynarodowy Dzie\u0144 Tolerancji - ZSP w Chojnie","og_description":"16&nbsp;listopada 2022&nbsp;r. obchodzili\u015bmy Mi\u0119dzynarodowy Dzie\u0144 Tolerancji \u2013 \u015bwi\u0119to ustanowione 12&nbsp;grudnia 1995&nbsp;roku przez&nbsp;Zgromadzenie Og\u00f3lne ONZ, z&nbsp;inicjatywy UNESCO. Inicjatywa ta,&nbsp; spowodowana by\u0142a pog\u0142\u0119biaj\u0105cymi si\u0119 zjawiskami nietolerancji, przemocy, nacjonalizmu, rasizmu i&nbsp;antysemityzmu. Data nie&nbsp;jest [&hellip;]","og_url":"https:\/\/zsp1chojna.pl\/?p=2063","og_site_name":"ZSP w Chojnie","article_published_time":"2022-11-16T18:09:19+00:00","article_modified_time":"2023-08-23T17:10:06+00:00","og_image":[{"width":550,"height":397,"url":"https:\/\/zsp1chojna.pl\/wp-content\/uploads\/2023\/08\/dzien-tolerancji2022-1.jpg","type":"image\/jpeg"}],"author":"kacper27","twitter_card":"summary_large_image","twitter_misc":{"Napisane przez":"kacper27","Szacowany czas czytania":"2 minuty"},"schema":{"@context":"https:\/\/schema.org","@graph":[{"@type":"Article","@id":"https:\/\/zsp1chojna.pl\/?p=2063#article","isPartOf":{"@id":"https:\/\/zsp1chojna.pl\/?p=2063"},"author":{"name":"kacper27","@id":"https:\/\/zsp1chojna.pl\/#\/schema\/person\/e974e35b71ad4899de9d84ba9baed22f"},"headline":"Obchodzili\u015bmy\u00a0Mi\u0119dzynarodowy Dzie\u0144 Tolerancji","datePublished":"2022-11-16T18:09:19+00:00","dateModified":"2023-08-23T17:10:06+00:00","mainEntityOfPage":{"@id":"https:\/\/zsp1chojna.pl\/?p=2063"},"wordCount":275,"commentCount":0,"publisher":{"@id":"https:\/\/zsp1chojna.pl\/#organization"},"articleSection":["Aktualno\u015bci 2022\/2023"],"inLanguage":"pl-PL","potentialAction":[{"@type":"CommentAction","name":"Comment","target":["https:\/\/zsp1chojna.pl\/?p=2063#respond"]}]},{"@type":"WebPage","@id":"https:\/\/zsp1chojna.pl\/?p=2063","url":"https:\/\/zsp1chojna.pl\/?p=2063","name":"Obchodzili\u015bmy\u00a0Mi\u0119dzynarodowy Dzie\u0144 Tolerancji - ZSP w Chojnie","isPartOf":{"@id":"https:\/\/zsp1chojna.pl\/#website"},"datePublished":"2022-11-16T18:09:19+00:00","dateModified":"2023-08-23T17:10:06+00:00","breadcrumb":{"@id":"https:\/\/zsp1chojna.pl\/?p=2063#breadcrumb"},"inLanguage":"pl-PL","potentialAction":[{"@type":"ReadAction","target":["https:\/\/zsp1chojna.pl\/?p=2063"]}]},{"@type":"BreadcrumbList","@id":"https:\/\/zsp1chojna.pl\/?p=2063#breadcrumb","itemListElement":[{"@type":"ListItem","position":1,"name":"Home","item":"https:\/\/zsp1chojna.pl\/"},{"@type":"ListItem","position":2,"name":"Obchodzili\u015bmy\u00a0Mi\u0119dzynarodowy Dzie\u0144 Tolerancji"}]},{"@type":"WebSite","@id":"https:\/\/zsp1chojna.pl\/#website","url":"https:\/\/zsp1chojna.pl\/","name":"ZSP w Chojnie","description":"","publisher":{"@id":"https:\/\/zsp1chojna.pl\/#organization"},"potentialAction":[{"@type":"SearchAction","target":{"@type":"EntryPoint","urlTemplate":"https:\/\/zsp1chojna.pl\/?s={search_term_string}"},"query-input":"required name=search_term_string"}],"inLanguage":"pl-PL"},{"@type":"Organization","@id":"https:\/\/zsp1chojna.pl\/#organization","name":"ZSP w Chojnie","url":"https:\/\/zsp1chojna.pl\/","logo":{"@type":"ImageObject","inLanguage":"pl-PL","@id":"https:\/\/zsp1chojna.pl\/#\/schema\/logo\/image\/","url":"https:\/\/zsp1chojna.pl\/wp-content\/uploads\/2023\/08\/cropped-cropped-cropped-Logo-biale-napis-na-3-wiersze_504-1.png","contentUrl":"https:\/\/zsp1chojna.pl\/wp-content\/uploads\/2023\/08\/cropped-cropped-cropped-Logo-biale-napis-na-3-wiersze_504-1.png","width":504,"height":167,"caption":"ZSP w Chojnie"},"image":{"@id":"https:\/\/zsp1chojna.pl\/#\/schema\/logo\/image\/"}},{"@type":"Person","@id":"https:\/\/zsp1chojna.pl\/#\/schema\/person\/e974e35b71ad4899de9d84ba9baed22f","name":"kacper27","image":{"@type":"ImageObject","inLanguage":"pl-PL","@id":"https:\/\/zsp1chojna.pl\/#\/schema\/person\/image\/","url":"https:\/\/secure.gravatar.com\/avatar\/233d005830da7db1760a03aba4b7a8303a369edf5f46a429dfe66f876a3f452c?s=96&d=mm&r=g","contentUrl":"https:\/\/secure.gravatar.com\/avatar\/233d005830da7db1760a03aba4b7a8303a369edf5f46a429dfe66f876a3f452c?s=96&d=mm&r=g","caption":"kacper27"},"url":"https:\/\/zsp1chojna.pl\/?author=2"}]}},"jetpack_featured_media_url":"https:\/\/zsp1chojna.pl\/wp-content\/uploads\/2023\/08\/dzien-tolerancji2022-1.jpg","_links":{"self":[{"href":"https:\/\/zsp1chojna.pl\/index.php?rest_route=\/wp\/v2\/posts\/2063","targetHints":{"allow":["GET"]}}],"collection":[{"href":"https:\/\/zsp1chojna.pl\/index.php?rest_route=\/wp\/v2\/posts"}],"about":[{"href":"https:\/\/zsp1chojna.pl\/index.php?rest_route=\/wp\/v2\/types\/post"}],"author":[{"embeddable":true,"href":"https:\/\/zsp1chojna.pl\/index.php?rest_route=\/wp\/v2\/users\/2"}],"replies":[{"embeddable":true,"href":"https:\/\/zsp1chojna.pl\/index.php?rest_route=%2Fwp%2Fv2%2Fcomments&post=2063"}],"version-history":[{"count":1,"href":"https:\/\/zsp1chojna.pl\/index.php?rest_route=\/wp\/v2\/posts\/2063\/revisions"}],"predecessor-version":[{"id":2067,"href":"https:\/\/zsp1chojna.pl\/index.php?rest_route=\/wp\/v2\/posts\/2063\/revisions\/2067"}],"wp:featuredmedia":[{"embeddable":true,"href":"https:\/\/zsp1chojna.pl\/index.php?rest_route=\/wp\/v2\/media\/2065"}],"wp:attachment":[{"href":"https:\/\/zsp1chojna.pl\/index.php?rest_route=%2Fwp%2Fv2%2Fmedia&parent=2063"}],"wp:term":[{"taxonomy":"category","embeddable":true,"href":"https:\/\/zsp1chojna.pl\/index.php?rest_route=%2Fwp%2Fv2%2Fcategories&post=2063"},{"taxonomy":"post_tag","embeddable":true,"href":"https:\/\/zsp1chojna.pl\/index.php?rest_route=%2Fwp%2Fv2%2Ftags&post=2063"}],"curies":[{"name":"wp","href":"https:\/\/api.w.org\/{rel}","templated":true}]}}