{"id":15948,"date":"2025-12-17T09:55:15","date_gmt":"2025-12-17T08:55:15","guid":{"rendered":"https:\/\/zsp1chojna.pl\/?p=15948"},"modified":"2026-03-23T10:14:03","modified_gmt":"2026-03-23T09:14:03","slug":"17-12-2025-r-wyjscie-z-klasa-uczniow-klasy-3-wz-na-kolacje-dla-glupca-do-teatru-polskiego-w-szczecinie","status":"publish","type":"post","link":"https:\/\/zsp1chojna.pl\/?p=15948","title":{"rendered":"17.12.2025 r. \u201eWyj\u015bcie z klas\u0105\u201d \u00a0uczni\u00f3w klasy 3 WZ \u00a0na \u201eKolacj\u0119 dla g\u0142upca\u201d do Teatru Polskiego w Szczecinie"},"content":{"rendered":"<div class=\"wp-block-image\">\n<figure class=\"aligncenter size-full\"><img loading=\"lazy\" decoding=\"async\" width=\"1024\" height=\"253\" data-attachment-id=\"15949\" data-permalink=\"https:\/\/zsp1chojna.pl\/?attachment_id=15949\" data-orig-file=\"https:\/\/zsp1chojna.pl\/wp-content\/uploads\/2026\/03\/image-6.png\" data-orig-size=\"1024,253\" data-comments-opened=\"1\" data-image-meta=\"{&quot;aperture&quot;:&quot;0&quot;,&quot;credit&quot;:&quot;&quot;,&quot;camera&quot;:&quot;&quot;,&quot;caption&quot;:&quot;&quot;,&quot;created_timestamp&quot;:&quot;0&quot;,&quot;copyright&quot;:&quot;&quot;,&quot;focal_length&quot;:&quot;0&quot;,&quot;iso&quot;:&quot;0&quot;,&quot;shutter_speed&quot;:&quot;0&quot;,&quot;title&quot;:&quot;&quot;,&quot;orientation&quot;:&quot;0&quot;}\" data-image-title=\"image\" data-image-description=\"\" data-image-caption=\"\" data-medium-file=\"https:\/\/zsp1chojna.pl\/wp-content\/uploads\/2026\/03\/image-6-300x74.png\" data-large-file=\"https:\/\/zsp1chojna.pl\/wp-content\/uploads\/2026\/03\/image-6.png\" src=\"https:\/\/zsp1chojna.pl\/wp-content\/uploads\/2026\/03\/image-6.png\" alt=\"\" class=\"wp-image-15949\" srcset=\"https:\/\/zsp1chojna.pl\/wp-content\/uploads\/2026\/03\/image-6.png 1024w, https:\/\/zsp1chojna.pl\/wp-content\/uploads\/2026\/03\/image-6-300x74.png 300w, https:\/\/zsp1chojna.pl\/wp-content\/uploads\/2026\/03\/image-6-768x190.png 768w, https:\/\/zsp1chojna.pl\/wp-content\/uploads\/2026\/03\/image-6-947x234.png 947w, https:\/\/zsp1chojna.pl\/wp-content\/uploads\/2026\/03\/image-6-624x154.png 624w\" sizes=\"auto, (max-width: 1024px) 100vw, 1024px\" \/><\/figure>\n<\/div>\n\n\n<p class=\"has-text-align-justify has-text-align-justify\">17 grudnia 2025 r., uczniowie klasy 1WZ, uczestniczyli w wycieczce do Szczecina. Wyjazd odby\u0142 si\u0119 w ramach przedsi\u0119wzi\u0119cia Ministra Edukacji Narodowej \u201eWyj\u015bcie z klas\u0105\u201d. Pierwszym punktem wycieczki by\u0142o wsp\u00f3lne odwiedzenie szczeci\u0144skiego jarmarku bo\u017conarodzeniowego, gdzie m\u0142odzie\u017c mia\u0142a okazj\u0119 zakupi\u0107 drobne prezenty oraz ozdoby \u015bwi\u0105teczne, a tak\u017ce poczu\u0107 atmosfer\u0119 zbli\u017caj\u0105cych si\u0119 \u015bwi\u0105t. Nast\u0119pnie udali\u015bmy si\u0119 do restauracji \u201eSpi\u017carnia szczeci\u0144ska\u201d, gdzie zjedli\u015bmy smaczny obiad w mi\u0142ej i rodzinnej atmosferze.<\/p>\n\n\n\n<div class=\"wp-block-columns is-layout-flex wp-container-core-columns-is-layout-9d6595d7 wp-block-columns-is-layout-flex\">\n<div class=\"wp-block-column is-layout-flow wp-block-column-is-layout-flow\"><div class=\"wp-block-image\">\n<figure class=\"alignright size-full\"><img loading=\"lazy\" decoding=\"async\" width=\"398\" height=\"299\" data-attachment-id=\"15950\" data-permalink=\"https:\/\/zsp1chojna.pl\/?attachment_id=15950\" data-orig-file=\"https:\/\/zsp1chojna.pl\/wp-content\/uploads\/2026\/03\/image005-14.jpg\" data-orig-size=\"398,299\" data-comments-opened=\"1\" data-image-meta=\"{&quot;aperture&quot;:&quot;0&quot;,&quot;credit&quot;:&quot;&quot;,&quot;camera&quot;:&quot;&quot;,&quot;caption&quot;:&quot;&quot;,&quot;created_timestamp&quot;:&quot;0&quot;,&quot;copyright&quot;:&quot;&quot;,&quot;focal_length&quot;:&quot;0&quot;,&quot;iso&quot;:&quot;0&quot;,&quot;shutter_speed&quot;:&quot;0&quot;,&quot;title&quot;:&quot;&quot;,&quot;orientation&quot;:&quot;0&quot;}\" data-image-title=\"image005\" data-image-description=\"\" data-image-caption=\"\" data-medium-file=\"https:\/\/zsp1chojna.pl\/wp-content\/uploads\/2026\/03\/image005-14-300x225.jpg\" data-large-file=\"https:\/\/zsp1chojna.pl\/wp-content\/uploads\/2026\/03\/image005-14.jpg\" src=\"https:\/\/zsp1chojna.pl\/wp-content\/uploads\/2026\/03\/image005-14.jpg\" alt=\"\" class=\"wp-image-15950\" srcset=\"https:\/\/zsp1chojna.pl\/wp-content\/uploads\/2026\/03\/image005-14.jpg 398w, https:\/\/zsp1chojna.pl\/wp-content\/uploads\/2026\/03\/image005-14-300x225.jpg 300w\" sizes=\"auto, (max-width: 398px) 100vw, 398px\" \/><\/figure>\n<\/div><\/div>\n\n\n\n<div class=\"wp-block-column is-layout-flow wp-block-column-is-layout-flow\"><div class=\"wp-block-image\">\n<figure class=\"alignleft size-full\"><img loading=\"lazy\" decoding=\"async\" width=\"398\" height=\"299\" data-attachment-id=\"15951\" data-permalink=\"https:\/\/zsp1chojna.pl\/?attachment_id=15951\" data-orig-file=\"https:\/\/zsp1chojna.pl\/wp-content\/uploads\/2026\/03\/image007-3.jpg\" data-orig-size=\"398,299\" data-comments-opened=\"1\" data-image-meta=\"{&quot;aperture&quot;:&quot;0&quot;,&quot;credit&quot;:&quot;&quot;,&quot;camera&quot;:&quot;&quot;,&quot;caption&quot;:&quot;&quot;,&quot;created_timestamp&quot;:&quot;0&quot;,&quot;copyright&quot;:&quot;&quot;,&quot;focal_length&quot;:&quot;0&quot;,&quot;iso&quot;:&quot;0&quot;,&quot;shutter_speed&quot;:&quot;0&quot;,&quot;title&quot;:&quot;&quot;,&quot;orientation&quot;:&quot;0&quot;}\" data-image-title=\"image007\" data-image-description=\"\" data-image-caption=\"\" data-medium-file=\"https:\/\/zsp1chojna.pl\/wp-content\/uploads\/2026\/03\/image007-3-300x225.jpg\" data-large-file=\"https:\/\/zsp1chojna.pl\/wp-content\/uploads\/2026\/03\/image007-3.jpg\" src=\"https:\/\/zsp1chojna.pl\/wp-content\/uploads\/2026\/03\/image007-3.jpg\" alt=\"\" class=\"wp-image-15951\" srcset=\"https:\/\/zsp1chojna.pl\/wp-content\/uploads\/2026\/03\/image007-3.jpg 398w, https:\/\/zsp1chojna.pl\/wp-content\/uploads\/2026\/03\/image007-3-300x225.jpg 300w\" sizes=\"auto, (max-width: 398px) 100vw, 398px\" \/><\/figure>\n<\/div><\/div>\n<\/div>\n\n\n\n<p class=\"has-text-align-justify has-text-align-justify\">Ostatnim punktem programu, by\u0142o obejrzenie w Teatrze Polskim spektaklu komediowego Francisa Vebera \u201eKolacja dla g\u0142upca\u201d. Tytu\u0142owa kolacja dla g\u0142upca, to kolacja, na kt\u00f3r\u0105 ka\u017cdy z grupy przyjaci\u00f3\u0142 wyszukuje i zaprasza mo\u017cliwie najg\u0142upszego osobnika. Zabawa polega na tym, aby przez ca\u0142y wiecz\u00f3r utrzyma\u0107 w tajemnicy fakt, i\u017c stanowi on obiekt \u017cart\u00f3w, a r\u00f3wnocze\u015bnie sk\u0142oni\u0107 go do m\u00f3wienia. Wygrywa ten z przyjaci\u00f3\u0142, kt\u00f3ry przyprowadzi \u201earcymistrza w swoim gatunku\u201d. Taki jest punkt wyj\u015bcia historii, jednak przypadek p\u0142ata figla planom i my\u015bliwy staje si\u0119 ofiar\u0105. Doda\u0107 nale\u017cy, i\u017c g\u0142\u00f3wne role w spektaklu odgrywaj\u0105 dwaj znakomici szczeci\u0144scy aktorzy Micha\u0142 Janicki oraz Adam Dzieciniak.<\/p>\n\n\n<div class=\"wp-block-image\">\n<figure class=\"aligncenter size-full is-resized\"><img loading=\"lazy\" decoding=\"async\" width=\"529\" height=\"398\" data-attachment-id=\"15952\" data-permalink=\"https:\/\/zsp1chojna.pl\/?attachment_id=15952\" data-orig-file=\"https:\/\/zsp1chojna.pl\/wp-content\/uploads\/2026\/03\/image010-9.jpg\" data-orig-size=\"529,398\" data-comments-opened=\"1\" data-image-meta=\"{&quot;aperture&quot;:&quot;0&quot;,&quot;credit&quot;:&quot;&quot;,&quot;camera&quot;:&quot;&quot;,&quot;caption&quot;:&quot;&quot;,&quot;created_timestamp&quot;:&quot;0&quot;,&quot;copyright&quot;:&quot;&quot;,&quot;focal_length&quot;:&quot;0&quot;,&quot;iso&quot;:&quot;0&quot;,&quot;shutter_speed&quot;:&quot;0&quot;,&quot;title&quot;:&quot;&quot;,&quot;orientation&quot;:&quot;0&quot;}\" data-image-title=\"image010\" data-image-description=\"\" data-image-caption=\"\" data-medium-file=\"https:\/\/zsp1chojna.pl\/wp-content\/uploads\/2026\/03\/image010-9-300x226.jpg\" data-large-file=\"https:\/\/zsp1chojna.pl\/wp-content\/uploads\/2026\/03\/image010-9.jpg\" src=\"https:\/\/zsp1chojna.pl\/wp-content\/uploads\/2026\/03\/image010-9.jpg\" alt=\"\" class=\"wp-image-15952\" style=\"width:543px;height:auto\" srcset=\"https:\/\/zsp1chojna.pl\/wp-content\/uploads\/2026\/03\/image010-9.jpg 529w, https:\/\/zsp1chojna.pl\/wp-content\/uploads\/2026\/03\/image010-9-300x226.jpg 300w\" sizes=\"auto, (max-width: 529px) 100vw, 529px\" \/><\/figure>\n<\/div>\n\n\n<p class=\"has-text-align-justify has-text-align-justify\">Spektakl zrobi\u0142 pozytywne wra\u017cenie na m\u0142odzie\u017cy, a niejednego rozbawi\u0142 do \u0142ez. Wielu uczni\u00f3w przekona\u0142o si\u0119, i\u017c teatr mo\u017ce by\u0107 ciekaw\u0105 alternatyw\u0105 dla kina czy Internetu.<\/p>\n\n\n<div class=\"wp-block-image\">\n<figure class=\"aligncenter size-full is-resized\"><img loading=\"lazy\" decoding=\"async\" width=\"303\" height=\"404\" data-attachment-id=\"15953\" data-permalink=\"https:\/\/zsp1chojna.pl\/?attachment_id=15953\" data-orig-file=\"https:\/\/zsp1chojna.pl\/wp-content\/uploads\/2026\/03\/image012-5.jpg\" data-orig-size=\"303,404\" data-comments-opened=\"1\" data-image-meta=\"{&quot;aperture&quot;:&quot;0&quot;,&quot;credit&quot;:&quot;&quot;,&quot;camera&quot;:&quot;&quot;,&quot;caption&quot;:&quot;&quot;,&quot;created_timestamp&quot;:&quot;0&quot;,&quot;copyright&quot;:&quot;&quot;,&quot;focal_length&quot;:&quot;0&quot;,&quot;iso&quot;:&quot;0&quot;,&quot;shutter_speed&quot;:&quot;0&quot;,&quot;title&quot;:&quot;&quot;,&quot;orientation&quot;:&quot;0&quot;}\" data-image-title=\"image012\" data-image-description=\"\" data-image-caption=\"\" data-medium-file=\"https:\/\/zsp1chojna.pl\/wp-content\/uploads\/2026\/03\/image012-5-225x300.jpg\" data-large-file=\"https:\/\/zsp1chojna.pl\/wp-content\/uploads\/2026\/03\/image012-5.jpg\" src=\"https:\/\/zsp1chojna.pl\/wp-content\/uploads\/2026\/03\/image012-5.jpg\" alt=\"\" class=\"wp-image-15953\" style=\"width:351px;height:auto\" srcset=\"https:\/\/zsp1chojna.pl\/wp-content\/uploads\/2026\/03\/image012-5.jpg 303w, https:\/\/zsp1chojna.pl\/wp-content\/uploads\/2026\/03\/image012-5-225x300.jpg 225w\" sizes=\"auto, (max-width: 303px) 100vw, 303px\" \/><\/figure>\n<\/div>\n\n\n<p class=\"has-text-align-right\">mgr Aleksander Lizak<\/p>\n","protected":false},"excerpt":{"rendered":"<p>17 grudnia 2025 r., uczniowie klasy 1WZ, uczestniczyli w wycieczce do Szczecina. Wyjazd odby\u0142 si\u0119 w ramach przedsi\u0119wzi\u0119cia Ministra Edukacji Narodowej \u201eWyj\u015bcie z klas\u0105\u201d. Pierwszym punktem wycieczki by\u0142o wsp\u00f3lne odwiedzenie [&hellip;]<\/p>\n","protected":false},"author":1,"featured_media":15951,"comment_status":"open","ping_status":"open","sticky":false,"template":"","format":"standard","meta":{"footnotes":""},"categories":[32],"tags":[],"class_list":["post-15948","post","type-post","status-publish","format-standard","has-post-thumbnail","hentry","category-aktualnosci-2025-2026"],"wbAuthor":{"name":"admin","link":"https:\/\/zsp1chojna.pl\/?author=1"},"wbDate":"gru 17, 2025","wbCategories":{"space":"<a href=\"https:\/\/zsp1chojna.pl\/?cat=32\" rel=\"category\">Aktualno\u015bci 2025\/2026<\/a>","coma":"<a href=\"https:\/\/zsp1chojna.pl\/?cat=32\" rel=\"category\">Aktualno\u015bci 2025\/2026<\/a>"},"wbComment":0,"yoast_head":"<!-- This site is optimized with the Yoast SEO plugin v20.13 - https:\/\/yoast.com\/wordpress\/plugins\/seo\/ -->\n<title>17.12.2025 r. \u201eWyj\u015bcie z klas\u0105\u201d \u00a0uczni\u00f3w klasy 3 WZ \u00a0na \u201eKolacj\u0119 dla g\u0142upca\u201d do Teatru Polskiego w Szczecinie - ZSP w Chojnie<\/title>\n<meta name=\"robots\" content=\"index, follow, max-snippet:-1, max-image-preview:large, max-video-preview:-1\" \/>\n<link rel=\"canonical\" href=\"https:\/\/zsp1chojna.pl\/?p=15948\" \/>\n<meta property=\"og:locale\" content=\"pl_PL\" \/>\n<meta property=\"og:type\" content=\"article\" \/>\n<meta property=\"og:title\" content=\"17.12.2025 r. \u201eWyj\u015bcie z klas\u0105\u201d \u00a0uczni\u00f3w klasy 3 WZ \u00a0na \u201eKolacj\u0119 dla g\u0142upca\u201d do Teatru Polskiego w Szczecinie - ZSP w Chojnie\" \/>\n<meta property=\"og:description\" content=\"17 grudnia 2025 r., uczniowie klasy 1WZ, uczestniczyli w wycieczce do Szczecina. Wyjazd odby\u0142 si\u0119 w ramach przedsi\u0119wzi\u0119cia Ministra Edukacji Narodowej \u201eWyj\u015bcie z klas\u0105\u201d. Pierwszym punktem wycieczki by\u0142o wsp\u00f3lne odwiedzenie [&hellip;]\" \/>\n<meta property=\"og:url\" content=\"https:\/\/zsp1chojna.pl\/?p=15948\" \/>\n<meta property=\"og:site_name\" content=\"ZSP w Chojnie\" \/>\n<meta property=\"article:published_time\" content=\"2025-12-17T08:55:15+00:00\" \/>\n<meta property=\"article:modified_time\" content=\"2026-03-23T09:14:03+00:00\" \/>\n<meta property=\"og:image\" content=\"https:\/\/zsp1chojna.pl\/wp-content\/uploads\/2026\/03\/image007-3.jpg\" \/>\n\t<meta property=\"og:image:width\" content=\"398\" \/>\n\t<meta property=\"og:image:height\" content=\"299\" \/>\n\t<meta property=\"og:image:type\" content=\"image\/jpeg\" \/>\n<meta name=\"author\" content=\"admin\" \/>\n<meta name=\"twitter:card\" content=\"summary_large_image\" \/>\n<meta name=\"twitter:label1\" content=\"Napisane przez\" \/>\n\t<meta name=\"twitter:data1\" content=\"admin\" \/>\n\t<meta name=\"twitter:label2\" content=\"Szacowany czas czytania\" \/>\n\t<meta name=\"twitter:data2\" content=\"3 minuty\" \/>\n<script type=\"application\/ld+json\" class=\"yoast-schema-graph\">{\"@context\":\"https:\/\/schema.org\",\"@graph\":[{\"@type\":\"Article\",\"@id\":\"https:\/\/zsp1chojna.pl\/?p=15948#article\",\"isPartOf\":{\"@id\":\"https:\/\/zsp1chojna.pl\/?p=15948\"},\"author\":{\"name\":\"admin\",\"@id\":\"https:\/\/zsp1chojna.pl\/#\/schema\/person\/fe8d6c03379c9cface386de0c172e127\"},\"headline\":\"17.12.2025 r. \u201eWyj\u015bcie z klas\u0105\u201d \u00a0uczni\u00f3w klasy 3 WZ \u00a0na \u201eKolacj\u0119 dla g\u0142upca\u201d do Teatru Polskiego w Szczecinie\",\"datePublished\":\"2025-12-17T08:55:15+00:00\",\"dateModified\":\"2026-03-23T09:14:03+00:00\",\"mainEntityOfPage\":{\"@id\":\"https:\/\/zsp1chojna.pl\/?p=15948\"},\"wordCount\":257,\"commentCount\":0,\"publisher\":{\"@id\":\"https:\/\/zsp1chojna.pl\/#organization\"},\"articleSection\":[\"Aktualno\u015bci 2025\/2026\"],\"inLanguage\":\"pl-PL\",\"potentialAction\":[{\"@type\":\"CommentAction\",\"name\":\"Comment\",\"target\":[\"https:\/\/zsp1chojna.pl\/?p=15948#respond\"]}]},{\"@type\":\"WebPage\",\"@id\":\"https:\/\/zsp1chojna.pl\/?p=15948\",\"url\":\"https:\/\/zsp1chojna.pl\/?p=15948\",\"name\":\"17.12.2025 r. \u201eWyj\u015bcie z klas\u0105\u201d \u00a0uczni\u00f3w klasy 3 WZ \u00a0na \u201eKolacj\u0119 dla g\u0142upca\u201d do Teatru Polskiego w Szczecinie - ZSP w Chojnie\",\"isPartOf\":{\"@id\":\"https:\/\/zsp1chojna.pl\/#website\"},\"datePublished\":\"2025-12-17T08:55:15+00:00\",\"dateModified\":\"2026-03-23T09:14:03+00:00\",\"breadcrumb\":{\"@id\":\"https:\/\/zsp1chojna.pl\/?p=15948#breadcrumb\"},\"inLanguage\":\"pl-PL\",\"potentialAction\":[{\"@type\":\"ReadAction\",\"target\":[\"https:\/\/zsp1chojna.pl\/?p=15948\"]}]},{\"@type\":\"BreadcrumbList\",\"@id\":\"https:\/\/zsp1chojna.pl\/?p=15948#breadcrumb\",\"itemListElement\":[{\"@type\":\"ListItem\",\"position\":1,\"name\":\"Home\",\"item\":\"https:\/\/zsp1chojna.pl\/\"},{\"@type\":\"ListItem\",\"position\":2,\"name\":\"17.12.2025 r. \u201eWyj\u015bcie z klas\u0105\u201d \u00a0uczni\u00f3w klasy 3 WZ \u00a0na \u201eKolacj\u0119 dla g\u0142upca\u201d do Teatru Polskiego w Szczecinie\"}]},{\"@type\":\"WebSite\",\"@id\":\"https:\/\/zsp1chojna.pl\/#website\",\"url\":\"https:\/\/zsp1chojna.pl\/\",\"name\":\"ZSP w Chojnie\",\"description\":\"\",\"publisher\":{\"@id\":\"https:\/\/zsp1chojna.pl\/#organization\"},\"potentialAction\":[{\"@type\":\"SearchAction\",\"target\":{\"@type\":\"EntryPoint\",\"urlTemplate\":\"https:\/\/zsp1chojna.pl\/?s={search_term_string}\"},\"query-input\":\"required name=search_term_string\"}],\"inLanguage\":\"pl-PL\"},{\"@type\":\"Organization\",\"@id\":\"https:\/\/zsp1chojna.pl\/#organization\",\"name\":\"ZSP w Chojnie\",\"url\":\"https:\/\/zsp1chojna.pl\/\",\"logo\":{\"@type\":\"ImageObject\",\"inLanguage\":\"pl-PL\",\"@id\":\"https:\/\/zsp1chojna.pl\/#\/schema\/logo\/image\/\",\"url\":\"https:\/\/zsp1chojna.pl\/wp-content\/uploads\/2023\/08\/cropped-cropped-cropped-Logo-biale-napis-na-3-wiersze_504-1.png\",\"contentUrl\":\"https:\/\/zsp1chojna.pl\/wp-content\/uploads\/2023\/08\/cropped-cropped-cropped-Logo-biale-napis-na-3-wiersze_504-1.png\",\"width\":504,\"height\":167,\"caption\":\"ZSP w Chojnie\"},\"image\":{\"@id\":\"https:\/\/zsp1chojna.pl\/#\/schema\/logo\/image\/\"}},{\"@type\":\"Person\",\"@id\":\"https:\/\/zsp1chojna.pl\/#\/schema\/person\/fe8d6c03379c9cface386de0c172e127\",\"name\":\"admin\",\"image\":{\"@type\":\"ImageObject\",\"inLanguage\":\"pl-PL\",\"@id\":\"https:\/\/zsp1chojna.pl\/#\/schema\/person\/image\/\",\"url\":\"https:\/\/secure.gravatar.com\/avatar\/35d79b1d799ff9bac401976862e535bf785f4039d8313d3c00b303598a46dd4e?s=96&d=mm&r=g\",\"contentUrl\":\"https:\/\/secure.gravatar.com\/avatar\/35d79b1d799ff9bac401976862e535bf785f4039d8313d3c00b303598a46dd4e?s=96&d=mm&r=g\",\"caption\":\"admin\"},\"sameAs\":[\"http:\/\/nowazspchojna.pl\"],\"url\":\"https:\/\/zsp1chojna.pl\/?author=1\"}]}<\/script>\n<!-- \/ Yoast SEO plugin. -->","yoast_head_json":{"title":"17.12.2025 r. \u201eWyj\u015bcie z klas\u0105\u201d \u00a0uczni\u00f3w klasy 3 WZ \u00a0na \u201eKolacj\u0119 dla g\u0142upca\u201d do Teatru Polskiego w Szczecinie - ZSP w Chojnie","robots":{"index":"index","follow":"follow","max-snippet":"max-snippet:-1","max-image-preview":"max-image-preview:large","max-video-preview":"max-video-preview:-1"},"canonical":"https:\/\/zsp1chojna.pl\/?p=15948","og_locale":"pl_PL","og_type":"article","og_title":"17.12.2025 r. \u201eWyj\u015bcie z klas\u0105\u201d \u00a0uczni\u00f3w klasy 3 WZ \u00a0na \u201eKolacj\u0119 dla g\u0142upca\u201d do Teatru Polskiego w Szczecinie - ZSP w Chojnie","og_description":"17 grudnia 2025 r., uczniowie klasy 1WZ, uczestniczyli w wycieczce do Szczecina. Wyjazd odby\u0142 si\u0119 w ramach przedsi\u0119wzi\u0119cia Ministra Edukacji Narodowej \u201eWyj\u015bcie z klas\u0105\u201d. Pierwszym punktem wycieczki by\u0142o wsp\u00f3lne odwiedzenie [&hellip;]","og_url":"https:\/\/zsp1chojna.pl\/?p=15948","og_site_name":"ZSP w Chojnie","article_published_time":"2025-12-17T08:55:15+00:00","article_modified_time":"2026-03-23T09:14:03+00:00","og_image":[{"width":398,"height":299,"url":"https:\/\/zsp1chojna.pl\/wp-content\/uploads\/2026\/03\/image007-3.jpg","type":"image\/jpeg"}],"author":"admin","twitter_card":"summary_large_image","twitter_misc":{"Napisane przez":"admin","Szacowany czas czytania":"3 minuty"},"schema":{"@context":"https:\/\/schema.org","@graph":[{"@type":"Article","@id":"https:\/\/zsp1chojna.pl\/?p=15948#article","isPartOf":{"@id":"https:\/\/zsp1chojna.pl\/?p=15948"},"author":{"name":"admin","@id":"https:\/\/zsp1chojna.pl\/#\/schema\/person\/fe8d6c03379c9cface386de0c172e127"},"headline":"17.12.2025 r. \u201eWyj\u015bcie z klas\u0105\u201d \u00a0uczni\u00f3w klasy 3 WZ \u00a0na \u201eKolacj\u0119 dla g\u0142upca\u201d do Teatru Polskiego w Szczecinie","datePublished":"2025-12-17T08:55:15+00:00","dateModified":"2026-03-23T09:14:03+00:00","mainEntityOfPage":{"@id":"https:\/\/zsp1chojna.pl\/?p=15948"},"wordCount":257,"commentCount":0,"publisher":{"@id":"https:\/\/zsp1chojna.pl\/#organization"},"articleSection":["Aktualno\u015bci 2025\/2026"],"inLanguage":"pl-PL","potentialAction":[{"@type":"CommentAction","name":"Comment","target":["https:\/\/zsp1chojna.pl\/?p=15948#respond"]}]},{"@type":"WebPage","@id":"https:\/\/zsp1chojna.pl\/?p=15948","url":"https:\/\/zsp1chojna.pl\/?p=15948","name":"17.12.2025 r. \u201eWyj\u015bcie z klas\u0105\u201d \u00a0uczni\u00f3w klasy 3 WZ \u00a0na \u201eKolacj\u0119 dla g\u0142upca\u201d do Teatru Polskiego w Szczecinie - ZSP w Chojnie","isPartOf":{"@id":"https:\/\/zsp1chojna.pl\/#website"},"datePublished":"2025-12-17T08:55:15+00:00","dateModified":"2026-03-23T09:14:03+00:00","breadcrumb":{"@id":"https:\/\/zsp1chojna.pl\/?p=15948#breadcrumb"},"inLanguage":"pl-PL","potentialAction":[{"@type":"ReadAction","target":["https:\/\/zsp1chojna.pl\/?p=15948"]}]},{"@type":"BreadcrumbList","@id":"https:\/\/zsp1chojna.pl\/?p=15948#breadcrumb","itemListElement":[{"@type":"ListItem","position":1,"name":"Home","item":"https:\/\/zsp1chojna.pl\/"},{"@type":"ListItem","position":2,"name":"17.12.2025 r. \u201eWyj\u015bcie z klas\u0105\u201d \u00a0uczni\u00f3w klasy 3 WZ \u00a0na \u201eKolacj\u0119 dla g\u0142upca\u201d do Teatru Polskiego w Szczecinie"}]},{"@type":"WebSite","@id":"https:\/\/zsp1chojna.pl\/#website","url":"https:\/\/zsp1chojna.pl\/","name":"ZSP w Chojnie","description":"","publisher":{"@id":"https:\/\/zsp1chojna.pl\/#organization"},"potentialAction":[{"@type":"SearchAction","target":{"@type":"EntryPoint","urlTemplate":"https:\/\/zsp1chojna.pl\/?s={search_term_string}"},"query-input":"required name=search_term_string"}],"inLanguage":"pl-PL"},{"@type":"Organization","@id":"https:\/\/zsp1chojna.pl\/#organization","name":"ZSP w Chojnie","url":"https:\/\/zsp1chojna.pl\/","logo":{"@type":"ImageObject","inLanguage":"pl-PL","@id":"https:\/\/zsp1chojna.pl\/#\/schema\/logo\/image\/","url":"https:\/\/zsp1chojna.pl\/wp-content\/uploads\/2023\/08\/cropped-cropped-cropped-Logo-biale-napis-na-3-wiersze_504-1.png","contentUrl":"https:\/\/zsp1chojna.pl\/wp-content\/uploads\/2023\/08\/cropped-cropped-cropped-Logo-biale-napis-na-3-wiersze_504-1.png","width":504,"height":167,"caption":"ZSP w Chojnie"},"image":{"@id":"https:\/\/zsp1chojna.pl\/#\/schema\/logo\/image\/"}},{"@type":"Person","@id":"https:\/\/zsp1chojna.pl\/#\/schema\/person\/fe8d6c03379c9cface386de0c172e127","name":"admin","image":{"@type":"ImageObject","inLanguage":"pl-PL","@id":"https:\/\/zsp1chojna.pl\/#\/schema\/person\/image\/","url":"https:\/\/secure.gravatar.com\/avatar\/35d79b1d799ff9bac401976862e535bf785f4039d8313d3c00b303598a46dd4e?s=96&d=mm&r=g","contentUrl":"https:\/\/secure.gravatar.com\/avatar\/35d79b1d799ff9bac401976862e535bf785f4039d8313d3c00b303598a46dd4e?s=96&d=mm&r=g","caption":"admin"},"sameAs":["http:\/\/nowazspchojna.pl"],"url":"https:\/\/zsp1chojna.pl\/?author=1"}]}},"jetpack_featured_media_url":"https:\/\/zsp1chojna.pl\/wp-content\/uploads\/2026\/03\/image007-3.jpg","_links":{"self":[{"href":"https:\/\/zsp1chojna.pl\/index.php?rest_route=\/wp\/v2\/posts\/15948","targetHints":{"allow":["GET"]}}],"collection":[{"href":"https:\/\/zsp1chojna.pl\/index.php?rest_route=\/wp\/v2\/posts"}],"about":[{"href":"https:\/\/zsp1chojna.pl\/index.php?rest_route=\/wp\/v2\/types\/post"}],"author":[{"embeddable":true,"href":"https:\/\/zsp1chojna.pl\/index.php?rest_route=\/wp\/v2\/users\/1"}],"replies":[{"embeddable":true,"href":"https:\/\/zsp1chojna.pl\/index.php?rest_route=%2Fwp%2Fv2%2Fcomments&post=15948"}],"version-history":[{"count":1,"href":"https:\/\/zsp1chojna.pl\/index.php?rest_route=\/wp\/v2\/posts\/15948\/revisions"}],"predecessor-version":[{"id":15954,"href":"https:\/\/zsp1chojna.pl\/index.php?rest_route=\/wp\/v2\/posts\/15948\/revisions\/15954"}],"wp:featuredmedia":[{"embeddable":true,"href":"https:\/\/zsp1chojna.pl\/index.php?rest_route=\/wp\/v2\/media\/15951"}],"wp:attachment":[{"href":"https:\/\/zsp1chojna.pl\/index.php?rest_route=%2Fwp%2Fv2%2Fmedia&parent=15948"}],"wp:term":[{"taxonomy":"category","embeddable":true,"href":"https:\/\/zsp1chojna.pl\/index.php?rest_route=%2Fwp%2Fv2%2Fcategories&post=15948"},{"taxonomy":"post_tag","embeddable":true,"href":"https:\/\/zsp1chojna.pl\/index.php?rest_route=%2Fwp%2Fv2%2Ftags&post=15948"}],"curies":[{"name":"wp","href":"https:\/\/api.w.org\/{rel}","templated":true}]}}