{"id":15842,"date":"2025-06-18T11:23:49","date_gmt":"2025-06-18T09:23:49","guid":{"rendered":"https:\/\/zsp1chojna.pl\/?p=15842"},"modified":"2026-03-12T11:34:26","modified_gmt":"2026-03-12T10:34:26","slug":"18-06-2025-r-akcja-czytelnicza-w-ramach-nprcz-czytanie-na-polanie","status":"publish","type":"post","link":"https:\/\/zsp1chojna.pl\/?p=15842","title":{"rendered":"Akcja czytelnicza w ramach NPRCz \u201eCzytanie na Polanie\u201d"},"content":{"rendered":"<div class=\"wp-block-image\">\n<figure class=\"aligncenter size-full\"><img loading=\"lazy\" decoding=\"async\" width=\"945\" height=\"107\" data-attachment-id=\"15833\" data-permalink=\"https:\/\/zsp1chojna.pl\/?attachment_id=15833\" data-orig-file=\"https:\/\/zsp1chojna.pl\/wp-content\/uploads\/2026\/03\/image001-2.png\" data-orig-size=\"945,107\" data-comments-opened=\"1\" data-image-meta=\"{&quot;aperture&quot;:&quot;0&quot;,&quot;credit&quot;:&quot;&quot;,&quot;camera&quot;:&quot;&quot;,&quot;caption&quot;:&quot;&quot;,&quot;created_timestamp&quot;:&quot;0&quot;,&quot;copyright&quot;:&quot;&quot;,&quot;focal_length&quot;:&quot;0&quot;,&quot;iso&quot;:&quot;0&quot;,&quot;shutter_speed&quot;:&quot;0&quot;,&quot;title&quot;:&quot;&quot;,&quot;orientation&quot;:&quot;0&quot;}\" data-image-title=\"image001\" data-image-description=\"\" data-image-caption=\"\" data-medium-file=\"https:\/\/zsp1chojna.pl\/wp-content\/uploads\/2026\/03\/image001-2-300x34.png\" data-large-file=\"https:\/\/zsp1chojna.pl\/wp-content\/uploads\/2026\/03\/image001-2.png\" src=\"https:\/\/zsp1chojna.pl\/wp-content\/uploads\/2026\/03\/image001-2.png\" alt=\"\" class=\"wp-image-15833\" srcset=\"https:\/\/zsp1chojna.pl\/wp-content\/uploads\/2026\/03\/image001-2.png 945w, https:\/\/zsp1chojna.pl\/wp-content\/uploads\/2026\/03\/image001-2-300x34.png 300w, https:\/\/zsp1chojna.pl\/wp-content\/uploads\/2026\/03\/image001-2-768x87.png 768w, https:\/\/zsp1chojna.pl\/wp-content\/uploads\/2026\/03\/image001-2-624x71.png 624w\" sizes=\"auto, (max-width: 945px) 100vw, 945px\" \/><\/figure>\n<\/div>\n\n<div class=\"wp-block-image\">\n<figure class=\"aligncenter size-full\"><img loading=\"lazy\" decoding=\"async\" width=\"351\" height=\"351\" data-attachment-id=\"15843\" data-permalink=\"https:\/\/zsp1chojna.pl\/?attachment_id=15843\" data-orig-file=\"https:\/\/zsp1chojna.pl\/wp-content\/uploads\/2026\/03\/image002-3.png\" data-orig-size=\"351,351\" data-comments-opened=\"1\" data-image-meta=\"{&quot;aperture&quot;:&quot;0&quot;,&quot;credit&quot;:&quot;&quot;,&quot;camera&quot;:&quot;&quot;,&quot;caption&quot;:&quot;&quot;,&quot;created_timestamp&quot;:&quot;0&quot;,&quot;copyright&quot;:&quot;&quot;,&quot;focal_length&quot;:&quot;0&quot;,&quot;iso&quot;:&quot;0&quot;,&quot;shutter_speed&quot;:&quot;0&quot;,&quot;title&quot;:&quot;&quot;,&quot;orientation&quot;:&quot;0&quot;}\" data-image-title=\"image002\" data-image-description=\"\" data-image-caption=\"\" data-medium-file=\"https:\/\/zsp1chojna.pl\/wp-content\/uploads\/2026\/03\/image002-3-300x300.png\" data-large-file=\"https:\/\/zsp1chojna.pl\/wp-content\/uploads\/2026\/03\/image002-3.png\" src=\"https:\/\/zsp1chojna.pl\/wp-content\/uploads\/2026\/03\/image002-3.png\" alt=\"\" class=\"wp-image-15843\" srcset=\"https:\/\/zsp1chojna.pl\/wp-content\/uploads\/2026\/03\/image002-3.png 351w, https:\/\/zsp1chojna.pl\/wp-content\/uploads\/2026\/03\/image002-3-300x300.png 300w, https:\/\/zsp1chojna.pl\/wp-content\/uploads\/2026\/03\/image002-3-150x150.png 150w\" sizes=\"auto, (max-width: 351px) 100vw, 351px\" \/><\/figure>\n<\/div>\n\n\n<p class=\"has-text-align-justify has-text-align-justify\">18 czerwca 2025r., wzi\u0119li\u015bmy udzia\u0142 w mi\u0119dzynarodowej akcji \u201eCzytanie na Polanie\u201d, kt\u00f3ra jest cz\u0119\u015bci\u0105 kampanii \u201eCa\u0142a Polska Czyta Dzieciom\u201d. Wydarzenie odby\u0142o si\u0119 w Szkole Podstawowej im. Janusza Korczaka w Chojnie. Celem akcji by\u0142a nie tylko promocja czytelnictwa, ale tak\u017ce integracja oraz wsp\u00f3lna zabawa.<\/p>\n\n\n<div class=\"wp-block-image\">\n<figure class=\"aligncenter size-full is-resized\"><img loading=\"lazy\" decoding=\"async\" width=\"959\" height=\"432\" data-attachment-id=\"15844\" data-permalink=\"https:\/\/zsp1chojna.pl\/?attachment_id=15844\" data-orig-file=\"https:\/\/zsp1chojna.pl\/wp-content\/uploads\/2026\/03\/czytanie-1.png\" data-orig-size=\"959,432\" data-comments-opened=\"1\" data-image-meta=\"{&quot;aperture&quot;:&quot;0&quot;,&quot;credit&quot;:&quot;&quot;,&quot;camera&quot;:&quot;&quot;,&quot;caption&quot;:&quot;&quot;,&quot;created_timestamp&quot;:&quot;0&quot;,&quot;copyright&quot;:&quot;&quot;,&quot;focal_length&quot;:&quot;0&quot;,&quot;iso&quot;:&quot;0&quot;,&quot;shutter_speed&quot;:&quot;0&quot;,&quot;title&quot;:&quot;&quot;,&quot;orientation&quot;:&quot;0&quot;}\" data-image-title=\"czytanie (1)\" data-image-description=\"\" data-image-caption=\"\" data-medium-file=\"https:\/\/zsp1chojna.pl\/wp-content\/uploads\/2026\/03\/czytanie-1-300x135.png\" data-large-file=\"https:\/\/zsp1chojna.pl\/wp-content\/uploads\/2026\/03\/czytanie-1.png\" src=\"https:\/\/zsp1chojna.pl\/wp-content\/uploads\/2026\/03\/czytanie-1.png\" alt=\"\" class=\"wp-image-15844\" style=\"aspect-ratio:2.2199281496469423;width:690px;height:auto\" srcset=\"https:\/\/zsp1chojna.pl\/wp-content\/uploads\/2026\/03\/czytanie-1.png 959w, https:\/\/zsp1chojna.pl\/wp-content\/uploads\/2026\/03\/czytanie-1-300x135.png 300w, https:\/\/zsp1chojna.pl\/wp-content\/uploads\/2026\/03\/czytanie-1-768x346.png 768w, https:\/\/zsp1chojna.pl\/wp-content\/uploads\/2026\/03\/czytanie-1-947x427.png 947w, https:\/\/zsp1chojna.pl\/wp-content\/uploads\/2026\/03\/czytanie-1-624x281.png 624w\" sizes=\"auto, (max-width: 959px) 100vw, 959px\" \/><\/figure>\n<\/div>\n\n\n<p class=\"has-text-align-justify has-text-align-justify\">Tego dnia ksi\u0105\u017cki opu\u015bci\u0142y mury biblioteki, delektuj\u0105c si\u0119 pi\u0119kn\u0105 pogod\u0105 i otaczaj\u0105c\u0105 przyrod\u0105. Dzieci z klasy pierwszej i trzeciej Szko\u0142y Podstawowej, za spraw\u0105 Oliwii Ka\u017amierczak z klasy 3d LO, Martyny Ma\u0107kowiak z klasy 3TB oraz Anny Ka\u0142achurskiej z&nbsp;klasy 3H\u017b, mia\u0142y okazj\u0119 przenie\u015b\u0107 si\u0119 w magiczny \u015bwiat literatury.<\/p>\n\n\n<div class=\"wp-block-image\">\n<figure class=\"aligncenter size-full is-resized\"><img loading=\"lazy\" decoding=\"async\" width=\"955\" height=\"477\" data-attachment-id=\"15845\" data-permalink=\"https:\/\/zsp1chojna.pl\/?attachment_id=15845\" data-orig-file=\"https:\/\/zsp1chojna.pl\/wp-content\/uploads\/2026\/03\/czytanie-2.png\" data-orig-size=\"955,477\" data-comments-opened=\"1\" data-image-meta=\"{&quot;aperture&quot;:&quot;0&quot;,&quot;credit&quot;:&quot;&quot;,&quot;camera&quot;:&quot;&quot;,&quot;caption&quot;:&quot;&quot;,&quot;created_timestamp&quot;:&quot;0&quot;,&quot;copyright&quot;:&quot;&quot;,&quot;focal_length&quot;:&quot;0&quot;,&quot;iso&quot;:&quot;0&quot;,&quot;shutter_speed&quot;:&quot;0&quot;,&quot;title&quot;:&quot;&quot;,&quot;orientation&quot;:&quot;0&quot;}\" data-image-title=\"czytanie (2)\" data-image-description=\"\" data-image-caption=\"\" data-medium-file=\"https:\/\/zsp1chojna.pl\/wp-content\/uploads\/2026\/03\/czytanie-2-300x150.png\" data-large-file=\"https:\/\/zsp1chojna.pl\/wp-content\/uploads\/2026\/03\/czytanie-2.png\" src=\"https:\/\/zsp1chojna.pl\/wp-content\/uploads\/2026\/03\/czytanie-2.png\" alt=\"\" class=\"wp-image-15845\" style=\"aspect-ratio:2.0021600685263117;width:696px;height:auto\" srcset=\"https:\/\/zsp1chojna.pl\/wp-content\/uploads\/2026\/03\/czytanie-2.png 955w, https:\/\/zsp1chojna.pl\/wp-content\/uploads\/2026\/03\/czytanie-2-300x150.png 300w, https:\/\/zsp1chojna.pl\/wp-content\/uploads\/2026\/03\/czytanie-2-768x384.png 768w, https:\/\/zsp1chojna.pl\/wp-content\/uploads\/2026\/03\/czytanie-2-947x473.png 947w, https:\/\/zsp1chojna.pl\/wp-content\/uploads\/2026\/03\/czytanie-2-624x312.png 624w\" sizes=\"auto, (max-width: 955px) 100vw, 955px\" \/><\/figure>\n<\/div>\n\n\n<p class=\"has-text-align-justify has-text-align-justify\">Uczniowie z ciekawo\u015bci\u0105 i zainteresowaniem wys\u0142uchali historii ksi\u0105\u017ckowych bohater\u00f3w, a czytanie w plenerze nada\u0142o spotkaniu uroku. Ca\u0142e wydarzenie przynios\u0142o mn\u00f3stwo rado\u015bci i zabawy, zar\u00f3wno m\u0142odszym, jak i starszym uczestnikom.<\/p>\n\n\n<div class=\"wp-block-image\">\n<figure class=\"aligncenter size-full is-resized\"><img loading=\"lazy\" decoding=\"async\" width=\"933\" height=\"886\" data-attachment-id=\"15846\" data-permalink=\"https:\/\/zsp1chojna.pl\/?attachment_id=15846\" data-orig-file=\"https:\/\/zsp1chojna.pl\/wp-content\/uploads\/2026\/03\/czytanie-3.png\" data-orig-size=\"933,886\" data-comments-opened=\"1\" data-image-meta=\"{&quot;aperture&quot;:&quot;0&quot;,&quot;credit&quot;:&quot;&quot;,&quot;camera&quot;:&quot;&quot;,&quot;caption&quot;:&quot;&quot;,&quot;created_timestamp&quot;:&quot;0&quot;,&quot;copyright&quot;:&quot;&quot;,&quot;focal_length&quot;:&quot;0&quot;,&quot;iso&quot;:&quot;0&quot;,&quot;shutter_speed&quot;:&quot;0&quot;,&quot;title&quot;:&quot;&quot;,&quot;orientation&quot;:&quot;0&quot;}\" data-image-title=\"czytanie (3)\" data-image-description=\"\" data-image-caption=\"\" data-medium-file=\"https:\/\/zsp1chojna.pl\/wp-content\/uploads\/2026\/03\/czytanie-3-300x285.png\" data-large-file=\"https:\/\/zsp1chojna.pl\/wp-content\/uploads\/2026\/03\/czytanie-3.png\" src=\"https:\/\/zsp1chojna.pl\/wp-content\/uploads\/2026\/03\/czytanie-3.png\" alt=\"\" class=\"wp-image-15846\" style=\"aspect-ratio:1.0530645824763472;width:718px;height:auto\" srcset=\"https:\/\/zsp1chojna.pl\/wp-content\/uploads\/2026\/03\/czytanie-3.png 933w, https:\/\/zsp1chojna.pl\/wp-content\/uploads\/2026\/03\/czytanie-3-300x285.png 300w, https:\/\/zsp1chojna.pl\/wp-content\/uploads\/2026\/03\/czytanie-3-768x729.png 768w, https:\/\/zsp1chojna.pl\/wp-content\/uploads\/2026\/03\/czytanie-3-624x593.png 624w\" sizes=\"auto, (max-width: 933px) 100vw, 933px\" \/><\/figure>\n<\/div>\n\n\n<p class=\"has-text-align-justify has-text-align-justify\">To wspania\u0142a inicjatywa, takie spotkania mi\u0119dzypokoleniowe \u015bwietnie buduj\u0105 wi\u0119zi i&nbsp;promuj\u0105 czytelnictwo. Pokazuj\u0105 te\u017c, \u017ce czytanie mo\u017ce by\u0107 nie tylko obowi\u0105zkiem, ale przede wszystkim przyjemno\u015bci\u0105, niezale\u017cnie od miejsca i wieku. Wydarzenie by\u0142o cz\u0119\u015bci\u0105 dzia\u0142a\u0144 biblioteki szkolnej na rzecz rozwijania kompetencji czytelniczych, realizowanych w&nbsp;ramach Narodowego Programu Rozwoju Czytelnictwa 2.0.<\/p>\n\n\n\n<p class=\"has-text-align-right\">mgr Gabriela Lasowska<\/p>\n","protected":false},"excerpt":{"rendered":"<p>18 czerwca 2025r., wzi\u0119li\u015bmy udzia\u0142 w mi\u0119dzynarodowej akcji \u201eCzytanie na Polanie\u201d, kt\u00f3ra jest cz\u0119\u015bci\u0105 kampanii \u201eCa\u0142a Polska Czyta Dzieciom\u201d. Wydarzenie odby\u0142o si\u0119 w Szkole Podstawowej im. Janusza Korczaka w Chojnie. [&hellip;]<\/p>\n","protected":false},"author":1,"featured_media":15844,"comment_status":"open","ping_status":"open","sticky":false,"template":"","format":"standard","meta":{"footnotes":""},"categories":[31],"tags":[],"class_list":["post-15842","post","type-post","status-publish","format-standard","has-post-thumbnail","hentry","category-aktualnosci-2024-2025"],"wbAuthor":{"name":"admin","link":"https:\/\/zsp1chojna.pl\/?author=1"},"wbDate":"cze 18, 2025","wbCategories":{"space":"<a href=\"https:\/\/zsp1chojna.pl\/?cat=31\" rel=\"category\">Aktualno\u015bci 2024\/2025<\/a>","coma":"<a href=\"https:\/\/zsp1chojna.pl\/?cat=31\" rel=\"category\">Aktualno\u015bci 2024\/2025<\/a>"},"wbComment":0,"yoast_head":"<!-- This site is optimized with the Yoast SEO plugin v20.13 - https:\/\/yoast.com\/wordpress\/plugins\/seo\/ -->\n<title>Akcja czytelnicza w ramach NPRCz \u201eCzytanie na Polanie\u201d - ZSP w Chojnie<\/title>\n<meta name=\"robots\" content=\"index, follow, max-snippet:-1, max-image-preview:large, max-video-preview:-1\" \/>\n<link rel=\"canonical\" href=\"https:\/\/zsp1chojna.pl\/?p=15842\" \/>\n<meta property=\"og:locale\" content=\"pl_PL\" \/>\n<meta property=\"og:type\" content=\"article\" \/>\n<meta property=\"og:title\" content=\"Akcja czytelnicza w ramach NPRCz \u201eCzytanie na Polanie\u201d - ZSP w Chojnie\" \/>\n<meta property=\"og:description\" content=\"18 czerwca 2025r., wzi\u0119li\u015bmy udzia\u0142 w mi\u0119dzynarodowej akcji \u201eCzytanie na Polanie\u201d, kt\u00f3ra jest cz\u0119\u015bci\u0105 kampanii \u201eCa\u0142a Polska Czyta Dzieciom\u201d. Wydarzenie odby\u0142o si\u0119 w Szkole Podstawowej im. Janusza Korczaka w Chojnie. [&hellip;]\" \/>\n<meta property=\"og:url\" content=\"https:\/\/zsp1chojna.pl\/?p=15842\" \/>\n<meta property=\"og:site_name\" content=\"ZSP w Chojnie\" \/>\n<meta property=\"article:published_time\" content=\"2025-06-18T09:23:49+00:00\" \/>\n<meta property=\"article:modified_time\" content=\"2026-03-12T10:34:26+00:00\" \/>\n<meta property=\"og:image\" content=\"https:\/\/zsp1chojna.pl\/wp-content\/uploads\/2026\/03\/czytanie-1.png\" \/>\n\t<meta property=\"og:image:width\" content=\"959\" \/>\n\t<meta property=\"og:image:height\" content=\"432\" \/>\n\t<meta property=\"og:image:type\" content=\"image\/png\" \/>\n<meta name=\"author\" content=\"admin\" \/>\n<meta name=\"twitter:card\" content=\"summary_large_image\" \/>\n<meta name=\"twitter:label1\" content=\"Napisane przez\" \/>\n\t<meta name=\"twitter:data1\" content=\"admin\" \/>\n\t<meta name=\"twitter:label2\" content=\"Szacowany czas czytania\" \/>\n\t<meta name=\"twitter:data2\" content=\"3 minuty\" \/>\n<script type=\"application\/ld+json\" class=\"yoast-schema-graph\">{\"@context\":\"https:\/\/schema.org\",\"@graph\":[{\"@type\":\"Article\",\"@id\":\"https:\/\/zsp1chojna.pl\/?p=15842#article\",\"isPartOf\":{\"@id\":\"https:\/\/zsp1chojna.pl\/?p=15842\"},\"author\":{\"name\":\"admin\",\"@id\":\"https:\/\/zsp1chojna.pl\/#\/schema\/person\/fe8d6c03379c9cface386de0c172e127\"},\"headline\":\"Akcja czytelnicza w ramach NPRCz \u201eCzytanie na Polanie\u201d\",\"datePublished\":\"2025-06-18T09:23:49+00:00\",\"dateModified\":\"2026-03-12T10:34:26+00:00\",\"mainEntityOfPage\":{\"@id\":\"https:\/\/zsp1chojna.pl\/?p=15842\"},\"wordCount\":223,\"commentCount\":0,\"publisher\":{\"@id\":\"https:\/\/zsp1chojna.pl\/#organization\"},\"articleSection\":[\"Aktualno\u015bci 2024\/2025\"],\"inLanguage\":\"pl-PL\",\"potentialAction\":[{\"@type\":\"CommentAction\",\"name\":\"Comment\",\"target\":[\"https:\/\/zsp1chojna.pl\/?p=15842#respond\"]}]},{\"@type\":\"WebPage\",\"@id\":\"https:\/\/zsp1chojna.pl\/?p=15842\",\"url\":\"https:\/\/zsp1chojna.pl\/?p=15842\",\"name\":\"Akcja czytelnicza w ramach NPRCz \u201eCzytanie na Polanie\u201d - ZSP w Chojnie\",\"isPartOf\":{\"@id\":\"https:\/\/zsp1chojna.pl\/#website\"},\"datePublished\":\"2025-06-18T09:23:49+00:00\",\"dateModified\":\"2026-03-12T10:34:26+00:00\",\"breadcrumb\":{\"@id\":\"https:\/\/zsp1chojna.pl\/?p=15842#breadcrumb\"},\"inLanguage\":\"pl-PL\",\"potentialAction\":[{\"@type\":\"ReadAction\",\"target\":[\"https:\/\/zsp1chojna.pl\/?p=15842\"]}]},{\"@type\":\"BreadcrumbList\",\"@id\":\"https:\/\/zsp1chojna.pl\/?p=15842#breadcrumb\",\"itemListElement\":[{\"@type\":\"ListItem\",\"position\":1,\"name\":\"Home\",\"item\":\"https:\/\/zsp1chojna.pl\/\"},{\"@type\":\"ListItem\",\"position\":2,\"name\":\"Akcja czytelnicza w ramach NPRCz \u201eCzytanie na Polanie\u201d\"}]},{\"@type\":\"WebSite\",\"@id\":\"https:\/\/zsp1chojna.pl\/#website\",\"url\":\"https:\/\/zsp1chojna.pl\/\",\"name\":\"ZSP w Chojnie\",\"description\":\"\",\"publisher\":{\"@id\":\"https:\/\/zsp1chojna.pl\/#organization\"},\"potentialAction\":[{\"@type\":\"SearchAction\",\"target\":{\"@type\":\"EntryPoint\",\"urlTemplate\":\"https:\/\/zsp1chojna.pl\/?s={search_term_string}\"},\"query-input\":\"required name=search_term_string\"}],\"inLanguage\":\"pl-PL\"},{\"@type\":\"Organization\",\"@id\":\"https:\/\/zsp1chojna.pl\/#organization\",\"name\":\"ZSP w Chojnie\",\"url\":\"https:\/\/zsp1chojna.pl\/\",\"logo\":{\"@type\":\"ImageObject\",\"inLanguage\":\"pl-PL\",\"@id\":\"https:\/\/zsp1chojna.pl\/#\/schema\/logo\/image\/\",\"url\":\"https:\/\/zsp1chojna.pl\/wp-content\/uploads\/2023\/08\/cropped-cropped-cropped-Logo-biale-napis-na-3-wiersze_504-1.png\",\"contentUrl\":\"https:\/\/zsp1chojna.pl\/wp-content\/uploads\/2023\/08\/cropped-cropped-cropped-Logo-biale-napis-na-3-wiersze_504-1.png\",\"width\":504,\"height\":167,\"caption\":\"ZSP w Chojnie\"},\"image\":{\"@id\":\"https:\/\/zsp1chojna.pl\/#\/schema\/logo\/image\/\"}},{\"@type\":\"Person\",\"@id\":\"https:\/\/zsp1chojna.pl\/#\/schema\/person\/fe8d6c03379c9cface386de0c172e127\",\"name\":\"admin\",\"image\":{\"@type\":\"ImageObject\",\"inLanguage\":\"pl-PL\",\"@id\":\"https:\/\/zsp1chojna.pl\/#\/schema\/person\/image\/\",\"url\":\"https:\/\/secure.gravatar.com\/avatar\/35d79b1d799ff9bac401976862e535bf785f4039d8313d3c00b303598a46dd4e?s=96&d=mm&r=g\",\"contentUrl\":\"https:\/\/secure.gravatar.com\/avatar\/35d79b1d799ff9bac401976862e535bf785f4039d8313d3c00b303598a46dd4e?s=96&d=mm&r=g\",\"caption\":\"admin\"},\"sameAs\":[\"http:\/\/nowazspchojna.pl\"],\"url\":\"https:\/\/zsp1chojna.pl\/?author=1\"}]}<\/script>\n<!-- \/ Yoast SEO plugin. -->","yoast_head_json":{"title":"Akcja czytelnicza w ramach NPRCz \u201eCzytanie na Polanie\u201d - ZSP w Chojnie","robots":{"index":"index","follow":"follow","max-snippet":"max-snippet:-1","max-image-preview":"max-image-preview:large","max-video-preview":"max-video-preview:-1"},"canonical":"https:\/\/zsp1chojna.pl\/?p=15842","og_locale":"pl_PL","og_type":"article","og_title":"Akcja czytelnicza w ramach NPRCz \u201eCzytanie na Polanie\u201d - ZSP w Chojnie","og_description":"18 czerwca 2025r., wzi\u0119li\u015bmy udzia\u0142 w mi\u0119dzynarodowej akcji \u201eCzytanie na Polanie\u201d, kt\u00f3ra jest cz\u0119\u015bci\u0105 kampanii \u201eCa\u0142a Polska Czyta Dzieciom\u201d. Wydarzenie odby\u0142o si\u0119 w Szkole Podstawowej im. Janusza Korczaka w Chojnie. [&hellip;]","og_url":"https:\/\/zsp1chojna.pl\/?p=15842","og_site_name":"ZSP w Chojnie","article_published_time":"2025-06-18T09:23:49+00:00","article_modified_time":"2026-03-12T10:34:26+00:00","og_image":[{"width":959,"height":432,"url":"https:\/\/zsp1chojna.pl\/wp-content\/uploads\/2026\/03\/czytanie-1.png","type":"image\/png"}],"author":"admin","twitter_card":"summary_large_image","twitter_misc":{"Napisane przez":"admin","Szacowany czas czytania":"3 minuty"},"schema":{"@context":"https:\/\/schema.org","@graph":[{"@type":"Article","@id":"https:\/\/zsp1chojna.pl\/?p=15842#article","isPartOf":{"@id":"https:\/\/zsp1chojna.pl\/?p=15842"},"author":{"name":"admin","@id":"https:\/\/zsp1chojna.pl\/#\/schema\/person\/fe8d6c03379c9cface386de0c172e127"},"headline":"Akcja czytelnicza w ramach NPRCz \u201eCzytanie na Polanie\u201d","datePublished":"2025-06-18T09:23:49+00:00","dateModified":"2026-03-12T10:34:26+00:00","mainEntityOfPage":{"@id":"https:\/\/zsp1chojna.pl\/?p=15842"},"wordCount":223,"commentCount":0,"publisher":{"@id":"https:\/\/zsp1chojna.pl\/#organization"},"articleSection":["Aktualno\u015bci 2024\/2025"],"inLanguage":"pl-PL","potentialAction":[{"@type":"CommentAction","name":"Comment","target":["https:\/\/zsp1chojna.pl\/?p=15842#respond"]}]},{"@type":"WebPage","@id":"https:\/\/zsp1chojna.pl\/?p=15842","url":"https:\/\/zsp1chojna.pl\/?p=15842","name":"Akcja czytelnicza w ramach NPRCz \u201eCzytanie na Polanie\u201d - ZSP w Chojnie","isPartOf":{"@id":"https:\/\/zsp1chojna.pl\/#website"},"datePublished":"2025-06-18T09:23:49+00:00","dateModified":"2026-03-12T10:34:26+00:00","breadcrumb":{"@id":"https:\/\/zsp1chojna.pl\/?p=15842#breadcrumb"},"inLanguage":"pl-PL","potentialAction":[{"@type":"ReadAction","target":["https:\/\/zsp1chojna.pl\/?p=15842"]}]},{"@type":"BreadcrumbList","@id":"https:\/\/zsp1chojna.pl\/?p=15842#breadcrumb","itemListElement":[{"@type":"ListItem","position":1,"name":"Home","item":"https:\/\/zsp1chojna.pl\/"},{"@type":"ListItem","position":2,"name":"Akcja czytelnicza w ramach NPRCz \u201eCzytanie na Polanie\u201d"}]},{"@type":"WebSite","@id":"https:\/\/zsp1chojna.pl\/#website","url":"https:\/\/zsp1chojna.pl\/","name":"ZSP w Chojnie","description":"","publisher":{"@id":"https:\/\/zsp1chojna.pl\/#organization"},"potentialAction":[{"@type":"SearchAction","target":{"@type":"EntryPoint","urlTemplate":"https:\/\/zsp1chojna.pl\/?s={search_term_string}"},"query-input":"required name=search_term_string"}],"inLanguage":"pl-PL"},{"@type":"Organization","@id":"https:\/\/zsp1chojna.pl\/#organization","name":"ZSP w Chojnie","url":"https:\/\/zsp1chojna.pl\/","logo":{"@type":"ImageObject","inLanguage":"pl-PL","@id":"https:\/\/zsp1chojna.pl\/#\/schema\/logo\/image\/","url":"https:\/\/zsp1chojna.pl\/wp-content\/uploads\/2023\/08\/cropped-cropped-cropped-Logo-biale-napis-na-3-wiersze_504-1.png","contentUrl":"https:\/\/zsp1chojna.pl\/wp-content\/uploads\/2023\/08\/cropped-cropped-cropped-Logo-biale-napis-na-3-wiersze_504-1.png","width":504,"height":167,"caption":"ZSP w Chojnie"},"image":{"@id":"https:\/\/zsp1chojna.pl\/#\/schema\/logo\/image\/"}},{"@type":"Person","@id":"https:\/\/zsp1chojna.pl\/#\/schema\/person\/fe8d6c03379c9cface386de0c172e127","name":"admin","image":{"@type":"ImageObject","inLanguage":"pl-PL","@id":"https:\/\/zsp1chojna.pl\/#\/schema\/person\/image\/","url":"https:\/\/secure.gravatar.com\/avatar\/35d79b1d799ff9bac401976862e535bf785f4039d8313d3c00b303598a46dd4e?s=96&d=mm&r=g","contentUrl":"https:\/\/secure.gravatar.com\/avatar\/35d79b1d799ff9bac401976862e535bf785f4039d8313d3c00b303598a46dd4e?s=96&d=mm&r=g","caption":"admin"},"sameAs":["http:\/\/nowazspchojna.pl"],"url":"https:\/\/zsp1chojna.pl\/?author=1"}]}},"jetpack_featured_media_url":"https:\/\/zsp1chojna.pl\/wp-content\/uploads\/2026\/03\/czytanie-1.png","_links":{"self":[{"href":"https:\/\/zsp1chojna.pl\/index.php?rest_route=\/wp\/v2\/posts\/15842","targetHints":{"allow":["GET"]}}],"collection":[{"href":"https:\/\/zsp1chojna.pl\/index.php?rest_route=\/wp\/v2\/posts"}],"about":[{"href":"https:\/\/zsp1chojna.pl\/index.php?rest_route=\/wp\/v2\/types\/post"}],"author":[{"embeddable":true,"href":"https:\/\/zsp1chojna.pl\/index.php?rest_route=\/wp\/v2\/users\/1"}],"replies":[{"embeddable":true,"href":"https:\/\/zsp1chojna.pl\/index.php?rest_route=%2Fwp%2Fv2%2Fcomments&post=15842"}],"version-history":[{"count":2,"href":"https:\/\/zsp1chojna.pl\/index.php?rest_route=\/wp\/v2\/posts\/15842\/revisions"}],"predecessor-version":[{"id":15848,"href":"https:\/\/zsp1chojna.pl\/index.php?rest_route=\/wp\/v2\/posts\/15842\/revisions\/15848"}],"wp:featuredmedia":[{"embeddable":true,"href":"https:\/\/zsp1chojna.pl\/index.php?rest_route=\/wp\/v2\/media\/15844"}],"wp:attachment":[{"href":"https:\/\/zsp1chojna.pl\/index.php?rest_route=%2Fwp%2Fv2%2Fmedia&parent=15842"}],"wp:term":[{"taxonomy":"category","embeddable":true,"href":"https:\/\/zsp1chojna.pl\/index.php?rest_route=%2Fwp%2Fv2%2Fcategories&post=15842"},{"taxonomy":"post_tag","embeddable":true,"href":"https:\/\/zsp1chojna.pl\/index.php?rest_route=%2Fwp%2Fv2%2Ftags&post=15842"}],"curies":[{"name":"wp","href":"https:\/\/api.w.org\/{rel}","templated":true}]}}