{"id":15832,"date":"2025-06-16T11:15:46","date_gmt":"2025-06-16T09:15:46","guid":{"rendered":"https:\/\/zsp1chojna.pl\/?p=15832"},"modified":"2026-03-12T11:19:37","modified_gmt":"2026-03-12T10:19:37","slug":"akcja-czytelnicza-w-ramach-nprcz-czytanie-laczy-pokolenia","status":"publish","type":"post","link":"https:\/\/zsp1chojna.pl\/?p=15832","title":{"rendered":"Akcja czytelnicza w ramach NPRCz \u201eCzytanie \u0142\u0105czy pokolenia\u201d"},"content":{"rendered":"<div class=\"wp-block-image\">\n<figure class=\"aligncenter size-full\"><img loading=\"lazy\" decoding=\"async\" width=\"945\" height=\"107\" data-attachment-id=\"15833\" data-permalink=\"https:\/\/zsp1chojna.pl\/?attachment_id=15833\" data-orig-file=\"https:\/\/zsp1chojna.pl\/wp-content\/uploads\/2026\/03\/image001-2.png\" data-orig-size=\"945,107\" data-comments-opened=\"1\" data-image-meta=\"{&quot;aperture&quot;:&quot;0&quot;,&quot;credit&quot;:&quot;&quot;,&quot;camera&quot;:&quot;&quot;,&quot;caption&quot;:&quot;&quot;,&quot;created_timestamp&quot;:&quot;0&quot;,&quot;copyright&quot;:&quot;&quot;,&quot;focal_length&quot;:&quot;0&quot;,&quot;iso&quot;:&quot;0&quot;,&quot;shutter_speed&quot;:&quot;0&quot;,&quot;title&quot;:&quot;&quot;,&quot;orientation&quot;:&quot;0&quot;}\" data-image-title=\"image001\" data-image-description=\"\" data-image-caption=\"\" data-medium-file=\"https:\/\/zsp1chojna.pl\/wp-content\/uploads\/2026\/03\/image001-2-300x34.png\" data-large-file=\"https:\/\/zsp1chojna.pl\/wp-content\/uploads\/2026\/03\/image001-2.png\" src=\"https:\/\/zsp1chojna.pl\/wp-content\/uploads\/2026\/03\/image001-2.png\" alt=\"\" class=\"wp-image-15833\" srcset=\"https:\/\/zsp1chojna.pl\/wp-content\/uploads\/2026\/03\/image001-2.png 945w, https:\/\/zsp1chojna.pl\/wp-content\/uploads\/2026\/03\/image001-2-300x34.png 300w, https:\/\/zsp1chojna.pl\/wp-content\/uploads\/2026\/03\/image001-2-768x87.png 768w, https:\/\/zsp1chojna.pl\/wp-content\/uploads\/2026\/03\/image001-2-624x71.png 624w\" sizes=\"auto, (max-width: 945px) 100vw, 945px\" \/><\/figure>\n<\/div>\n\n\n<p><em>\u201eCzytanie ksi\u0105\u017cek, to najlepsza zabawa, jak\u0105 sobie ludzko\u015b\u0107 wymy\u015bli\u0142a\u201d<\/em><br><em>Wis\u0142awa Szymborska<\/em><\/p>\n\n\n\n<p class=\"has-text-align-justify has-text-align-justify\">18 czerwca 2025 r., w ramach kampanii Tydzie\u0144 Czytania Dzieciom, wzi\u0119li\u015bmy udzia\u0142 w akcji czytelniczej pod has\u0142em \u201eCzytanie \u0142\u0105czy pokolenia\u201d. Zostali\u015bmy zaproszeni do Szko\u0142y Podstawowej w Chojnie, gdzie mieli\u015bmy przyjemno\u015b\u0107 czyta\u0107 ksi\u0105\u017cki m\u0142odszym uczniom.<\/p>\n\n\n<div class=\"wp-block-image\">\n<figure class=\"aligncenter size-large is-resized\"><img loading=\"lazy\" decoding=\"async\" width=\"1024\" height=\"460\" data-attachment-id=\"15834\" data-permalink=\"https:\/\/zsp1chojna.pl\/?attachment_id=15834\" data-orig-file=\"https:\/\/zsp1chojna.pl\/wp-content\/uploads\/2026\/03\/czytanie2025-1.jpg\" data-orig-size=\"1388,624\" data-comments-opened=\"1\" data-image-meta=\"{&quot;aperture&quot;:&quot;0&quot;,&quot;credit&quot;:&quot;&quot;,&quot;camera&quot;:&quot;&quot;,&quot;caption&quot;:&quot;&quot;,&quot;created_timestamp&quot;:&quot;0&quot;,&quot;copyright&quot;:&quot;&quot;,&quot;focal_length&quot;:&quot;0&quot;,&quot;iso&quot;:&quot;0&quot;,&quot;shutter_speed&quot;:&quot;0&quot;,&quot;title&quot;:&quot;&quot;,&quot;orientation&quot;:&quot;0&quot;}\" data-image-title=\"czytanie2025 (1)\" data-image-description=\"\" data-image-caption=\"\" data-medium-file=\"https:\/\/zsp1chojna.pl\/wp-content\/uploads\/2026\/03\/czytanie2025-1-300x135.jpg\" data-large-file=\"https:\/\/zsp1chojna.pl\/wp-content\/uploads\/2026\/03\/czytanie2025-1-1024x460.jpg\" src=\"https:\/\/zsp1chojna.pl\/wp-content\/uploads\/2026\/03\/czytanie2025-1-1024x460.jpg\" alt=\"\" class=\"wp-image-15834\" style=\"width:734px;height:auto\" srcset=\"https:\/\/zsp1chojna.pl\/wp-content\/uploads\/2026\/03\/czytanie2025-1-1024x460.jpg 1024w, https:\/\/zsp1chojna.pl\/wp-content\/uploads\/2026\/03\/czytanie2025-1-300x135.jpg 300w, https:\/\/zsp1chojna.pl\/wp-content\/uploads\/2026\/03\/czytanie2025-1-768x345.jpg 768w, https:\/\/zsp1chojna.pl\/wp-content\/uploads\/2026\/03\/czytanie2025-1-947x426.jpg 947w, https:\/\/zsp1chojna.pl\/wp-content\/uploads\/2026\/03\/czytanie2025-1-624x281.jpg 624w, https:\/\/zsp1chojna.pl\/wp-content\/uploads\/2026\/03\/czytanie2025-1.jpg 1388w\" sizes=\"auto, (max-width: 1024px) 100vw, 1024px\" \/><\/figure>\n<\/div>\n\n\n<p class=\"has-text-align-justify has-text-align-justify\">Uczennice Dyskusyjnego Klubu Ksi\u0105\u017cki czyta\u0142y wiersze oraz opowiadania, mi\u0119dzy innymi: \u201eLokomotyw\u0119\u201d Juliana Tuwima, \u201eDetektywa Pozytywk\u0119\u201d Grzegorza Kasdepke oraz Romana Pisarskiego \u201eO psie, kt\u00f3ry je\u017adzi\u0142 kolej\u0105\u201d. Wsp\u00f3lne czytanie i zabawa, buduj\u0105 wi\u0119zi i&nbsp;zach\u0119caj\u0105 do rozm\u00f3w oraz wsp\u00f3lnego sp\u0119dzania czasu.<\/p>\n\n\n<div class=\"wp-block-image\">\n<figure class=\"aligncenter size-full is-resized\"><img loading=\"lazy\" decoding=\"async\" width=\"827\" height=\"372\" data-attachment-id=\"15835\" data-permalink=\"https:\/\/zsp1chojna.pl\/?attachment_id=15835\" data-orig-file=\"https:\/\/zsp1chojna.pl\/wp-content\/uploads\/2026\/03\/czytanie2025-1.png\" data-orig-size=\"827,372\" data-comments-opened=\"1\" data-image-meta=\"{&quot;aperture&quot;:&quot;0&quot;,&quot;credit&quot;:&quot;&quot;,&quot;camera&quot;:&quot;&quot;,&quot;caption&quot;:&quot;&quot;,&quot;created_timestamp&quot;:&quot;0&quot;,&quot;copyright&quot;:&quot;&quot;,&quot;focal_length&quot;:&quot;0&quot;,&quot;iso&quot;:&quot;0&quot;,&quot;shutter_speed&quot;:&quot;0&quot;,&quot;title&quot;:&quot;&quot;,&quot;orientation&quot;:&quot;0&quot;}\" data-image-title=\"czytanie2025 (1)\" data-image-description=\"\" data-image-caption=\"\" data-medium-file=\"https:\/\/zsp1chojna.pl\/wp-content\/uploads\/2026\/03\/czytanie2025-1-300x135.png\" data-large-file=\"https:\/\/zsp1chojna.pl\/wp-content\/uploads\/2026\/03\/czytanie2025-1.png\" src=\"https:\/\/zsp1chojna.pl\/wp-content\/uploads\/2026\/03\/czytanie2025-1.png\" alt=\"\" class=\"wp-image-15835\" style=\"width:733px;height:auto\" srcset=\"https:\/\/zsp1chojna.pl\/wp-content\/uploads\/2026\/03\/czytanie2025-1.png 827w, https:\/\/zsp1chojna.pl\/wp-content\/uploads\/2026\/03\/czytanie2025-1-300x135.png 300w, https:\/\/zsp1chojna.pl\/wp-content\/uploads\/2026\/03\/czytanie2025-1-768x345.png 768w, https:\/\/zsp1chojna.pl\/wp-content\/uploads\/2026\/03\/czytanie2025-1-624x281.png 624w\" sizes=\"auto, (max-width: 827px) 100vw, 827px\" \/><\/figure>\n<\/div>\n\n\n<p class=\"has-text-align-justify has-text-align-justify\">Uczennice z du\u017cym zaanga\u017cowaniem prezentowa\u0142y teksty, dbaj\u0105c o odpowiedni\u0105 atmosfer\u0119 spotkania. M\u0142odsi s\u0142uchacze z zainteresowaniem ws\u0142uchiwali si\u0119 w czytane wiersze i&nbsp;opowiadania, aktywnie uczestnicz\u0105c w rozmowach na temat ich tre\u015bci.<\/p>\n\n\n<div class=\"wp-block-image\">\n<figure class=\"aligncenter size-large is-resized\"><img loading=\"lazy\" decoding=\"async\" width=\"1024\" height=\"461\" data-attachment-id=\"15836\" data-permalink=\"https:\/\/zsp1chojna.pl\/?attachment_id=15836\" data-orig-file=\"https:\/\/zsp1chojna.pl\/wp-content\/uploads\/2026\/03\/czytanie2025-2.jpg\" data-orig-size=\"1387,624\" data-comments-opened=\"1\" data-image-meta=\"{&quot;aperture&quot;:&quot;0&quot;,&quot;credit&quot;:&quot;&quot;,&quot;camera&quot;:&quot;&quot;,&quot;caption&quot;:&quot;&quot;,&quot;created_timestamp&quot;:&quot;0&quot;,&quot;copyright&quot;:&quot;&quot;,&quot;focal_length&quot;:&quot;0&quot;,&quot;iso&quot;:&quot;0&quot;,&quot;shutter_speed&quot;:&quot;0&quot;,&quot;title&quot;:&quot;&quot;,&quot;orientation&quot;:&quot;0&quot;}\" data-image-title=\"czytanie2025 (2)\" data-image-description=\"\" data-image-caption=\"\" data-medium-file=\"https:\/\/zsp1chojna.pl\/wp-content\/uploads\/2026\/03\/czytanie2025-2-300x135.jpg\" data-large-file=\"https:\/\/zsp1chojna.pl\/wp-content\/uploads\/2026\/03\/czytanie2025-2-1024x461.jpg\" src=\"https:\/\/zsp1chojna.pl\/wp-content\/uploads\/2026\/03\/czytanie2025-2-1024x461.jpg\" alt=\"\" class=\"wp-image-15836\" style=\"aspect-ratio:2.2213040244607885;width:754px;height:auto\" srcset=\"https:\/\/zsp1chojna.pl\/wp-content\/uploads\/2026\/03\/czytanie2025-2-1024x461.jpg 1024w, https:\/\/zsp1chojna.pl\/wp-content\/uploads\/2026\/03\/czytanie2025-2-300x135.jpg 300w, https:\/\/zsp1chojna.pl\/wp-content\/uploads\/2026\/03\/czytanie2025-2-768x346.jpg 768w, https:\/\/zsp1chojna.pl\/wp-content\/uploads\/2026\/03\/czytanie2025-2-947x426.jpg 947w, https:\/\/zsp1chojna.pl\/wp-content\/uploads\/2026\/03\/czytanie2025-2-624x281.jpg 624w, https:\/\/zsp1chojna.pl\/wp-content\/uploads\/2026\/03\/czytanie2025-2.jpg 1387w\" sizes=\"auto, (max-width: 1024px) 100vw, 1024px\" \/><\/figure>\n<\/div>\n\n\n<p class=\"has-text-align-justify has-text-align-justify\">Wizyta w bibliotece Szko\u0142y Podstawowej w Chojnie, by\u0142a niezwykle inspiruj\u0105cym do\u015bwiadczeniem, zar\u00f3wno dla m\u0142odszych uczni\u00f3w, jaki i naszej m\u0142odzie\u017cy. Spotkali\u015bmy si\u0119 z&nbsp;bardzo mi\u0142ym przyj\u0119ciem oraz zaproszeniem na kolejne spotkania, za co dzi\u0119kujemy.<\/p>\n\n\n<div class=\"wp-block-image\">\n<figure class=\"aligncenter size-full is-resized\"><img loading=\"lazy\" decoding=\"async\" width=\"827\" height=\"413\" data-attachment-id=\"15837\" data-permalink=\"https:\/\/zsp1chojna.pl\/?attachment_id=15837\" data-orig-file=\"https:\/\/zsp1chojna.pl\/wp-content\/uploads\/2026\/03\/czytanie2025-2.png\" data-orig-size=\"827,413\" data-comments-opened=\"1\" data-image-meta=\"{&quot;aperture&quot;:&quot;0&quot;,&quot;credit&quot;:&quot;&quot;,&quot;camera&quot;:&quot;&quot;,&quot;caption&quot;:&quot;&quot;,&quot;created_timestamp&quot;:&quot;0&quot;,&quot;copyright&quot;:&quot;&quot;,&quot;focal_length&quot;:&quot;0&quot;,&quot;iso&quot;:&quot;0&quot;,&quot;shutter_speed&quot;:&quot;0&quot;,&quot;title&quot;:&quot;&quot;,&quot;orientation&quot;:&quot;0&quot;}\" data-image-title=\"czytanie2025 (2)\" data-image-description=\"\" data-image-caption=\"\" data-medium-file=\"https:\/\/zsp1chojna.pl\/wp-content\/uploads\/2026\/03\/czytanie2025-2-300x150.png\" data-large-file=\"https:\/\/zsp1chojna.pl\/wp-content\/uploads\/2026\/03\/czytanie2025-2.png\" src=\"https:\/\/zsp1chojna.pl\/wp-content\/uploads\/2026\/03\/czytanie2025-2.png\" alt=\"\" class=\"wp-image-15837\" style=\"width:753px;height:auto\" srcset=\"https:\/\/zsp1chojna.pl\/wp-content\/uploads\/2026\/03\/czytanie2025-2.png 827w, https:\/\/zsp1chojna.pl\/wp-content\/uploads\/2026\/03\/czytanie2025-2-300x150.png 300w, https:\/\/zsp1chojna.pl\/wp-content\/uploads\/2026\/03\/czytanie2025-2-768x384.png 768w, https:\/\/zsp1chojna.pl\/wp-content\/uploads\/2026\/03\/czytanie2025-2-624x312.png 624w\" sizes=\"auto, (max-width: 827px) 100vw, 827px\" \/><\/figure>\n<\/div>\n\n\n<p class=\"has-text-align-justify has-text-align-justify\">Akcja czytelnicza \u201eCzytanie \u0142\u0105czy pokolenia\u201d, zosta\u0142a przeprowadzona w ramach realizacji Narodowego Programu Rozwoju Czytelnictwa.<\/p>\n\n\n\n<p class=\"has-text-align-right\">mgr Gabriela Lasowska<\/p>\n\n\n\n<p><\/p>\n","protected":false},"excerpt":{"rendered":"<p>\u201eCzytanie ksi\u0105\u017cek, to najlepsza zabawa, jak\u0105 sobie ludzko\u015b\u0107 wymy\u015bli\u0142a\u201dWis\u0142awa Szymborska 18 czerwca 2025 r., w ramach kampanii Tydzie\u0144 Czytania Dzieciom, wzi\u0119li\u015bmy udzia\u0142 w akcji czytelniczej pod has\u0142em \u201eCzytanie \u0142\u0105czy pokolenia\u201d. [&hellip;]<\/p>\n","protected":false},"author":1,"featured_media":15834,"comment_status":"open","ping_status":"open","sticky":false,"template":"","format":"standard","meta":{"footnotes":""},"categories":[31],"tags":[],"class_list":["post-15832","post","type-post","status-publish","format-standard","has-post-thumbnail","hentry","category-aktualnosci-2024-2025"],"wbAuthor":{"name":"admin","link":"https:\/\/zsp1chojna.pl\/?author=1"},"wbDate":"cze 16, 2025","wbCategories":{"space":"<a href=\"https:\/\/zsp1chojna.pl\/?cat=31\" rel=\"category\">Aktualno\u015bci 2024\/2025<\/a>","coma":"<a href=\"https:\/\/zsp1chojna.pl\/?cat=31\" rel=\"category\">Aktualno\u015bci 2024\/2025<\/a>"},"wbComment":0,"yoast_head":"<!-- This site is optimized with the Yoast SEO plugin v20.13 - https:\/\/yoast.com\/wordpress\/plugins\/seo\/ -->\n<title>Akcja czytelnicza w ramach NPRCz \u201eCzytanie \u0142\u0105czy pokolenia\u201d - ZSP w Chojnie<\/title>\n<meta name=\"robots\" content=\"index, follow, max-snippet:-1, max-image-preview:large, max-video-preview:-1\" \/>\n<link rel=\"canonical\" href=\"https:\/\/zsp1chojna.pl\/?p=15832\" \/>\n<meta property=\"og:locale\" content=\"pl_PL\" \/>\n<meta property=\"og:type\" content=\"article\" \/>\n<meta property=\"og:title\" content=\"Akcja czytelnicza w ramach NPRCz \u201eCzytanie \u0142\u0105czy pokolenia\u201d - ZSP w Chojnie\" \/>\n<meta property=\"og:description\" content=\"\u201eCzytanie ksi\u0105\u017cek, to najlepsza zabawa, jak\u0105 sobie ludzko\u015b\u0107 wymy\u015bli\u0142a\u201dWis\u0142awa Szymborska 18 czerwca 2025 r., w ramach kampanii Tydzie\u0144 Czytania Dzieciom, wzi\u0119li\u015bmy udzia\u0142 w akcji czytelniczej pod has\u0142em \u201eCzytanie \u0142\u0105czy pokolenia\u201d. [&hellip;]\" \/>\n<meta property=\"og:url\" content=\"https:\/\/zsp1chojna.pl\/?p=15832\" \/>\n<meta property=\"og:site_name\" content=\"ZSP w Chojnie\" \/>\n<meta property=\"article:published_time\" content=\"2025-06-16T09:15:46+00:00\" \/>\n<meta property=\"article:modified_time\" content=\"2026-03-12T10:19:37+00:00\" \/>\n<meta property=\"og:image\" content=\"https:\/\/zsp1chojna.pl\/wp-content\/uploads\/2026\/03\/czytanie2025-1.jpg\" \/>\n\t<meta property=\"og:image:width\" content=\"1388\" \/>\n\t<meta property=\"og:image:height\" content=\"624\" \/>\n\t<meta property=\"og:image:type\" content=\"image\/jpeg\" \/>\n<meta name=\"author\" content=\"admin\" \/>\n<meta name=\"twitter:card\" content=\"summary_large_image\" \/>\n<meta name=\"twitter:label1\" content=\"Napisane przez\" \/>\n\t<meta name=\"twitter:data1\" content=\"admin\" \/>\n\t<meta name=\"twitter:label2\" content=\"Szacowany czas czytania\" \/>\n\t<meta name=\"twitter:data2\" content=\"2 minuty\" \/>\n<script type=\"application\/ld+json\" class=\"yoast-schema-graph\">{\"@context\":\"https:\/\/schema.org\",\"@graph\":[{\"@type\":\"Article\",\"@id\":\"https:\/\/zsp1chojna.pl\/?p=15832#article\",\"isPartOf\":{\"@id\":\"https:\/\/zsp1chojna.pl\/?p=15832\"},\"author\":{\"name\":\"admin\",\"@id\":\"https:\/\/zsp1chojna.pl\/#\/schema\/person\/fe8d6c03379c9cface386de0c172e127\"},\"headline\":\"Akcja czytelnicza w ramach NPRCz \u201eCzytanie \u0142\u0105czy pokolenia\u201d\",\"datePublished\":\"2025-06-16T09:15:46+00:00\",\"dateModified\":\"2026-03-12T10:19:37+00:00\",\"mainEntityOfPage\":{\"@id\":\"https:\/\/zsp1chojna.pl\/?p=15832\"},\"wordCount\":219,\"commentCount\":0,\"publisher\":{\"@id\":\"https:\/\/zsp1chojna.pl\/#organization\"},\"articleSection\":[\"Aktualno\u015bci 2024\/2025\"],\"inLanguage\":\"pl-PL\",\"potentialAction\":[{\"@type\":\"CommentAction\",\"name\":\"Comment\",\"target\":[\"https:\/\/zsp1chojna.pl\/?p=15832#respond\"]}]},{\"@type\":\"WebPage\",\"@id\":\"https:\/\/zsp1chojna.pl\/?p=15832\",\"url\":\"https:\/\/zsp1chojna.pl\/?p=15832\",\"name\":\"Akcja czytelnicza w ramach NPRCz \u201eCzytanie \u0142\u0105czy pokolenia\u201d - ZSP w Chojnie\",\"isPartOf\":{\"@id\":\"https:\/\/zsp1chojna.pl\/#website\"},\"datePublished\":\"2025-06-16T09:15:46+00:00\",\"dateModified\":\"2026-03-12T10:19:37+00:00\",\"breadcrumb\":{\"@id\":\"https:\/\/zsp1chojna.pl\/?p=15832#breadcrumb\"},\"inLanguage\":\"pl-PL\",\"potentialAction\":[{\"@type\":\"ReadAction\",\"target\":[\"https:\/\/zsp1chojna.pl\/?p=15832\"]}]},{\"@type\":\"BreadcrumbList\",\"@id\":\"https:\/\/zsp1chojna.pl\/?p=15832#breadcrumb\",\"itemListElement\":[{\"@type\":\"ListItem\",\"position\":1,\"name\":\"Home\",\"item\":\"https:\/\/zsp1chojna.pl\/\"},{\"@type\":\"ListItem\",\"position\":2,\"name\":\"Akcja czytelnicza w ramach NPRCz \u201eCzytanie \u0142\u0105czy pokolenia\u201d\"}]},{\"@type\":\"WebSite\",\"@id\":\"https:\/\/zsp1chojna.pl\/#website\",\"url\":\"https:\/\/zsp1chojna.pl\/\",\"name\":\"ZSP w Chojnie\",\"description\":\"\",\"publisher\":{\"@id\":\"https:\/\/zsp1chojna.pl\/#organization\"},\"potentialAction\":[{\"@type\":\"SearchAction\",\"target\":{\"@type\":\"EntryPoint\",\"urlTemplate\":\"https:\/\/zsp1chojna.pl\/?s={search_term_string}\"},\"query-input\":\"required name=search_term_string\"}],\"inLanguage\":\"pl-PL\"},{\"@type\":\"Organization\",\"@id\":\"https:\/\/zsp1chojna.pl\/#organization\",\"name\":\"ZSP w Chojnie\",\"url\":\"https:\/\/zsp1chojna.pl\/\",\"logo\":{\"@type\":\"ImageObject\",\"inLanguage\":\"pl-PL\",\"@id\":\"https:\/\/zsp1chojna.pl\/#\/schema\/logo\/image\/\",\"url\":\"https:\/\/zsp1chojna.pl\/wp-content\/uploads\/2023\/08\/cropped-cropped-cropped-Logo-biale-napis-na-3-wiersze_504-1.png\",\"contentUrl\":\"https:\/\/zsp1chojna.pl\/wp-content\/uploads\/2023\/08\/cropped-cropped-cropped-Logo-biale-napis-na-3-wiersze_504-1.png\",\"width\":504,\"height\":167,\"caption\":\"ZSP w Chojnie\"},\"image\":{\"@id\":\"https:\/\/zsp1chojna.pl\/#\/schema\/logo\/image\/\"}},{\"@type\":\"Person\",\"@id\":\"https:\/\/zsp1chojna.pl\/#\/schema\/person\/fe8d6c03379c9cface386de0c172e127\",\"name\":\"admin\",\"image\":{\"@type\":\"ImageObject\",\"inLanguage\":\"pl-PL\",\"@id\":\"https:\/\/zsp1chojna.pl\/#\/schema\/person\/image\/\",\"url\":\"https:\/\/secure.gravatar.com\/avatar\/35d79b1d799ff9bac401976862e535bf785f4039d8313d3c00b303598a46dd4e?s=96&d=mm&r=g\",\"contentUrl\":\"https:\/\/secure.gravatar.com\/avatar\/35d79b1d799ff9bac401976862e535bf785f4039d8313d3c00b303598a46dd4e?s=96&d=mm&r=g\",\"caption\":\"admin\"},\"sameAs\":[\"http:\/\/nowazspchojna.pl\"],\"url\":\"https:\/\/zsp1chojna.pl\/?author=1\"}]}<\/script>\n<!-- \/ Yoast SEO plugin. -->","yoast_head_json":{"title":"Akcja czytelnicza w ramach NPRCz \u201eCzytanie \u0142\u0105czy pokolenia\u201d - ZSP w Chojnie","robots":{"index":"index","follow":"follow","max-snippet":"max-snippet:-1","max-image-preview":"max-image-preview:large","max-video-preview":"max-video-preview:-1"},"canonical":"https:\/\/zsp1chojna.pl\/?p=15832","og_locale":"pl_PL","og_type":"article","og_title":"Akcja czytelnicza w ramach NPRCz \u201eCzytanie \u0142\u0105czy pokolenia\u201d - ZSP w Chojnie","og_description":"\u201eCzytanie ksi\u0105\u017cek, to najlepsza zabawa, jak\u0105 sobie ludzko\u015b\u0107 wymy\u015bli\u0142a\u201dWis\u0142awa Szymborska 18 czerwca 2025 r., w ramach kampanii Tydzie\u0144 Czytania Dzieciom, wzi\u0119li\u015bmy udzia\u0142 w akcji czytelniczej pod has\u0142em \u201eCzytanie \u0142\u0105czy pokolenia\u201d. [&hellip;]","og_url":"https:\/\/zsp1chojna.pl\/?p=15832","og_site_name":"ZSP w Chojnie","article_published_time":"2025-06-16T09:15:46+00:00","article_modified_time":"2026-03-12T10:19:37+00:00","og_image":[{"width":1388,"height":624,"url":"https:\/\/zsp1chojna.pl\/wp-content\/uploads\/2026\/03\/czytanie2025-1.jpg","type":"image\/jpeg"}],"author":"admin","twitter_card":"summary_large_image","twitter_misc":{"Napisane przez":"admin","Szacowany czas czytania":"2 minuty"},"schema":{"@context":"https:\/\/schema.org","@graph":[{"@type":"Article","@id":"https:\/\/zsp1chojna.pl\/?p=15832#article","isPartOf":{"@id":"https:\/\/zsp1chojna.pl\/?p=15832"},"author":{"name":"admin","@id":"https:\/\/zsp1chojna.pl\/#\/schema\/person\/fe8d6c03379c9cface386de0c172e127"},"headline":"Akcja czytelnicza w ramach NPRCz \u201eCzytanie \u0142\u0105czy pokolenia\u201d","datePublished":"2025-06-16T09:15:46+00:00","dateModified":"2026-03-12T10:19:37+00:00","mainEntityOfPage":{"@id":"https:\/\/zsp1chojna.pl\/?p=15832"},"wordCount":219,"commentCount":0,"publisher":{"@id":"https:\/\/zsp1chojna.pl\/#organization"},"articleSection":["Aktualno\u015bci 2024\/2025"],"inLanguage":"pl-PL","potentialAction":[{"@type":"CommentAction","name":"Comment","target":["https:\/\/zsp1chojna.pl\/?p=15832#respond"]}]},{"@type":"WebPage","@id":"https:\/\/zsp1chojna.pl\/?p=15832","url":"https:\/\/zsp1chojna.pl\/?p=15832","name":"Akcja czytelnicza w ramach NPRCz \u201eCzytanie \u0142\u0105czy pokolenia\u201d - ZSP w Chojnie","isPartOf":{"@id":"https:\/\/zsp1chojna.pl\/#website"},"datePublished":"2025-06-16T09:15:46+00:00","dateModified":"2026-03-12T10:19:37+00:00","breadcrumb":{"@id":"https:\/\/zsp1chojna.pl\/?p=15832#breadcrumb"},"inLanguage":"pl-PL","potentialAction":[{"@type":"ReadAction","target":["https:\/\/zsp1chojna.pl\/?p=15832"]}]},{"@type":"BreadcrumbList","@id":"https:\/\/zsp1chojna.pl\/?p=15832#breadcrumb","itemListElement":[{"@type":"ListItem","position":1,"name":"Home","item":"https:\/\/zsp1chojna.pl\/"},{"@type":"ListItem","position":2,"name":"Akcja czytelnicza w ramach NPRCz \u201eCzytanie \u0142\u0105czy pokolenia\u201d"}]},{"@type":"WebSite","@id":"https:\/\/zsp1chojna.pl\/#website","url":"https:\/\/zsp1chojna.pl\/","name":"ZSP w Chojnie","description":"","publisher":{"@id":"https:\/\/zsp1chojna.pl\/#organization"},"potentialAction":[{"@type":"SearchAction","target":{"@type":"EntryPoint","urlTemplate":"https:\/\/zsp1chojna.pl\/?s={search_term_string}"},"query-input":"required name=search_term_string"}],"inLanguage":"pl-PL"},{"@type":"Organization","@id":"https:\/\/zsp1chojna.pl\/#organization","name":"ZSP w Chojnie","url":"https:\/\/zsp1chojna.pl\/","logo":{"@type":"ImageObject","inLanguage":"pl-PL","@id":"https:\/\/zsp1chojna.pl\/#\/schema\/logo\/image\/","url":"https:\/\/zsp1chojna.pl\/wp-content\/uploads\/2023\/08\/cropped-cropped-cropped-Logo-biale-napis-na-3-wiersze_504-1.png","contentUrl":"https:\/\/zsp1chojna.pl\/wp-content\/uploads\/2023\/08\/cropped-cropped-cropped-Logo-biale-napis-na-3-wiersze_504-1.png","width":504,"height":167,"caption":"ZSP w Chojnie"},"image":{"@id":"https:\/\/zsp1chojna.pl\/#\/schema\/logo\/image\/"}},{"@type":"Person","@id":"https:\/\/zsp1chojna.pl\/#\/schema\/person\/fe8d6c03379c9cface386de0c172e127","name":"admin","image":{"@type":"ImageObject","inLanguage":"pl-PL","@id":"https:\/\/zsp1chojna.pl\/#\/schema\/person\/image\/","url":"https:\/\/secure.gravatar.com\/avatar\/35d79b1d799ff9bac401976862e535bf785f4039d8313d3c00b303598a46dd4e?s=96&d=mm&r=g","contentUrl":"https:\/\/secure.gravatar.com\/avatar\/35d79b1d799ff9bac401976862e535bf785f4039d8313d3c00b303598a46dd4e?s=96&d=mm&r=g","caption":"admin"},"sameAs":["http:\/\/nowazspchojna.pl"],"url":"https:\/\/zsp1chojna.pl\/?author=1"}]}},"jetpack_featured_media_url":"https:\/\/zsp1chojna.pl\/wp-content\/uploads\/2026\/03\/czytanie2025-1.jpg","_links":{"self":[{"href":"https:\/\/zsp1chojna.pl\/index.php?rest_route=\/wp\/v2\/posts\/15832","targetHints":{"allow":["GET"]}}],"collection":[{"href":"https:\/\/zsp1chojna.pl\/index.php?rest_route=\/wp\/v2\/posts"}],"about":[{"href":"https:\/\/zsp1chojna.pl\/index.php?rest_route=\/wp\/v2\/types\/post"}],"author":[{"embeddable":true,"href":"https:\/\/zsp1chojna.pl\/index.php?rest_route=\/wp\/v2\/users\/1"}],"replies":[{"embeddable":true,"href":"https:\/\/zsp1chojna.pl\/index.php?rest_route=%2Fwp%2Fv2%2Fcomments&post=15832"}],"version-history":[{"count":1,"href":"https:\/\/zsp1chojna.pl\/index.php?rest_route=\/wp\/v2\/posts\/15832\/revisions"}],"predecessor-version":[{"id":15838,"href":"https:\/\/zsp1chojna.pl\/index.php?rest_route=\/wp\/v2\/posts\/15832\/revisions\/15838"}],"wp:featuredmedia":[{"embeddable":true,"href":"https:\/\/zsp1chojna.pl\/index.php?rest_route=\/wp\/v2\/media\/15834"}],"wp:attachment":[{"href":"https:\/\/zsp1chojna.pl\/index.php?rest_route=%2Fwp%2Fv2%2Fmedia&parent=15832"}],"wp:term":[{"taxonomy":"category","embeddable":true,"href":"https:\/\/zsp1chojna.pl\/index.php?rest_route=%2Fwp%2Fv2%2Fcategories&post=15832"},{"taxonomy":"post_tag","embeddable":true,"href":"https:\/\/zsp1chojna.pl\/index.php?rest_route=%2Fwp%2Fv2%2Ftags&post=15832"}],"curies":[{"name":"wp","href":"https:\/\/api.w.org\/{rel}","templated":true}]}}