{"id":15691,"date":"2026-03-23T09:08:00","date_gmt":"2026-03-23T08:08:00","guid":{"rendered":"https:\/\/zsp1chojna.pl\/?p=15691"},"modified":"2026-04-08T13:08:11","modified_gmt":"2026-04-08T11:08:11","slug":"23-03-2026-r-marsz-przeciwko-hejtowi-organizowany-przez-zsp-w-chojnie","status":"publish","type":"post","link":"https:\/\/zsp1chojna.pl\/?p=15691","title":{"rendered":"Marsz przeciwko hejtowi w Chojnie"},"content":{"rendered":"\n<p class=\"has-text-align-justify has-text-align-justify\">23 marca 202r r.&nbsp; w Chojnie odby\u0142 si\u0119 marsz przeciwko hejtowi zorganizowany przez Zesp\u00f3\u0142 Szk\u00f3\u0142 Ponadpodstawowych w Chojnie . Wydarzenie zgromadzi\u0142o liczne grono uczestnik\u00f3w \u2013 w marszu wzi\u0119\u0142y udzia\u0142 przedszkolaki z Bajkowego Miejskiego Przedszkola w Chojnie, m\u0142odzie\u017c ze Specjalnego O\u015brodka Szkolno-Wychowawczego w Chojnie oraz uczniowie reprezentuj\u0105cy szko\u0142y podstawowe z terenu miasta.<\/p>\n\n\n<div class=\"wp-block-image\">\n<figure class=\"aligncenter size-full is-resized\"><img loading=\"lazy\" decoding=\"async\" width=\"826\" height=\"611\" data-attachment-id=\"15964\" data-permalink=\"https:\/\/zsp1chojna.pl\/?attachment_id=15964\" data-orig-file=\"https:\/\/zsp1chojna.pl\/wp-content\/uploads\/2026\/03\/image001-5.png\" data-orig-size=\"826,611\" data-comments-opened=\"1\" data-image-meta=\"{&quot;aperture&quot;:&quot;0&quot;,&quot;credit&quot;:&quot;&quot;,&quot;camera&quot;:&quot;&quot;,&quot;caption&quot;:&quot;&quot;,&quot;created_timestamp&quot;:&quot;0&quot;,&quot;copyright&quot;:&quot;&quot;,&quot;focal_length&quot;:&quot;0&quot;,&quot;iso&quot;:&quot;0&quot;,&quot;shutter_speed&quot;:&quot;0&quot;,&quot;title&quot;:&quot;&quot;,&quot;orientation&quot;:&quot;0&quot;}\" data-image-title=\"image001\" data-image-description=\"\" data-image-caption=\"\" data-medium-file=\"https:\/\/zsp1chojna.pl\/wp-content\/uploads\/2026\/03\/image001-5-300x222.png\" data-large-file=\"https:\/\/zsp1chojna.pl\/wp-content\/uploads\/2026\/03\/image001-5.png\" src=\"https:\/\/zsp1chojna.pl\/wp-content\/uploads\/2026\/03\/image001-5.png\" alt=\"\" class=\"wp-image-15964\" style=\"width:762px;height:auto\" srcset=\"https:\/\/zsp1chojna.pl\/wp-content\/uploads\/2026\/03\/image001-5.png 826w, https:\/\/zsp1chojna.pl\/wp-content\/uploads\/2026\/03\/image001-5-300x222.png 300w, https:\/\/zsp1chojna.pl\/wp-content\/uploads\/2026\/03\/image001-5-768x568.png 768w, https:\/\/zsp1chojna.pl\/wp-content\/uploads\/2026\/03\/image001-5-624x462.png 624w\" sizes=\"auto, (max-width: 826px) 100vw, 826px\" \/><\/figure>\n<\/div>\n\n\n<p class=\"has-text-align-justify has-text-align-justify\">Marsz przeszed\u0142 ulicami Chojny, a jego uczestnicy nie\u015bli przygotowane wcze\u015bniej transparenty z has\u0142ami sprzeciwiaj\u0105cymi si\u0119 hejtowi i przemocy w internecie.<\/p>\n\n\n<div class=\"wp-block-image\">\n<figure class=\"aligncenter size-large is-resized\"><img loading=\"lazy\" decoding=\"async\" width=\"1024\" height=\"568\" data-attachment-id=\"15965\" data-permalink=\"https:\/\/zsp1chojna.pl\/?attachment_id=15965\" data-orig-file=\"https:\/\/zsp1chojna.pl\/wp-content\/uploads\/2026\/03\/image003-2.png\" data-orig-size=\"1084,601\" data-comments-opened=\"1\" data-image-meta=\"{&quot;aperture&quot;:&quot;0&quot;,&quot;credit&quot;:&quot;&quot;,&quot;camera&quot;:&quot;&quot;,&quot;caption&quot;:&quot;&quot;,&quot;created_timestamp&quot;:&quot;0&quot;,&quot;copyright&quot;:&quot;&quot;,&quot;focal_length&quot;:&quot;0&quot;,&quot;iso&quot;:&quot;0&quot;,&quot;shutter_speed&quot;:&quot;0&quot;,&quot;title&quot;:&quot;&quot;,&quot;orientation&quot;:&quot;0&quot;}\" data-image-title=\"image003\" data-image-description=\"\" data-image-caption=\"\" data-medium-file=\"https:\/\/zsp1chojna.pl\/wp-content\/uploads\/2026\/03\/image003-2-300x166.png\" data-large-file=\"https:\/\/zsp1chojna.pl\/wp-content\/uploads\/2026\/03\/image003-2-1024x568.png\" src=\"https:\/\/zsp1chojna.pl\/wp-content\/uploads\/2026\/03\/image003-2-1024x568.png\" alt=\"\" class=\"wp-image-15965\" style=\"width:802px;height:auto\" srcset=\"https:\/\/zsp1chojna.pl\/wp-content\/uploads\/2026\/03\/image003-2-1024x568.png 1024w, https:\/\/zsp1chojna.pl\/wp-content\/uploads\/2026\/03\/image003-2-300x166.png 300w, https:\/\/zsp1chojna.pl\/wp-content\/uploads\/2026\/03\/image003-2-768x426.png 768w, https:\/\/zsp1chojna.pl\/wp-content\/uploads\/2026\/03\/image003-2-947x525.png 947w, https:\/\/zsp1chojna.pl\/wp-content\/uploads\/2026\/03\/image003-2-624x346.png 624w, https:\/\/zsp1chojna.pl\/wp-content\/uploads\/2026\/03\/image003-2.png 1084w\" sizes=\"auto, (max-width: 1024px) 100vw, 1024px\" \/><\/figure>\n<\/div>\n\n<div class=\"wp-block-image\">\n<figure class=\"aligncenter size-full\"><img loading=\"lazy\" decoding=\"async\" width=\"808\" height=\"594\" data-attachment-id=\"15966\" data-permalink=\"https:\/\/zsp1chojna.pl\/?attachment_id=15966\" data-orig-file=\"https:\/\/zsp1chojna.pl\/wp-content\/uploads\/2026\/03\/image005-2.png\" data-orig-size=\"808,594\" data-comments-opened=\"1\" data-image-meta=\"{&quot;aperture&quot;:&quot;0&quot;,&quot;credit&quot;:&quot;&quot;,&quot;camera&quot;:&quot;&quot;,&quot;caption&quot;:&quot;&quot;,&quot;created_timestamp&quot;:&quot;0&quot;,&quot;copyright&quot;:&quot;&quot;,&quot;focal_length&quot;:&quot;0&quot;,&quot;iso&quot;:&quot;0&quot;,&quot;shutter_speed&quot;:&quot;0&quot;,&quot;title&quot;:&quot;&quot;,&quot;orientation&quot;:&quot;0&quot;}\" data-image-title=\"image005\" data-image-description=\"\" data-image-caption=\"\" data-medium-file=\"https:\/\/zsp1chojna.pl\/wp-content\/uploads\/2026\/03\/image005-2-300x221.png\" data-large-file=\"https:\/\/zsp1chojna.pl\/wp-content\/uploads\/2026\/03\/image005-2.png\" src=\"https:\/\/zsp1chojna.pl\/wp-content\/uploads\/2026\/03\/image005-2.png\" alt=\"\" class=\"wp-image-15966\" srcset=\"https:\/\/zsp1chojna.pl\/wp-content\/uploads\/2026\/03\/image005-2.png 808w, https:\/\/zsp1chojna.pl\/wp-content\/uploads\/2026\/03\/image005-2-300x221.png 300w, https:\/\/zsp1chojna.pl\/wp-content\/uploads\/2026\/03\/image005-2-768x565.png 768w, https:\/\/zsp1chojna.pl\/wp-content\/uploads\/2026\/03\/image005-2-624x459.png 624w\" sizes=\"auto, (max-width: 808px) 100vw, 808px\" \/><\/figure>\n<\/div>\n\n\n<p class=\"has-text-align-justify has-text-align-justify\">Marsz nie by\u0142 jedynie spacerem, lecz wyra\u017anym i zdecydowanym g\u0142osem sprzeciwu wobec mowy nienawi\u015bci i agresji, szczeg\u00f3lnie tej obecnej w przestrzeni internetowej.<\/p>\n\n\n<div class=\"wp-block-image\">\n<figure class=\"aligncenter size-full\"><img loading=\"lazy\" decoding=\"async\" width=\"831\" height=\"604\" data-attachment-id=\"15967\" data-permalink=\"https:\/\/zsp1chojna.pl\/?attachment_id=15967\" data-orig-file=\"https:\/\/zsp1chojna.pl\/wp-content\/uploads\/2026\/03\/image007.png\" data-orig-size=\"831,604\" data-comments-opened=\"1\" data-image-meta=\"{&quot;aperture&quot;:&quot;0&quot;,&quot;credit&quot;:&quot;&quot;,&quot;camera&quot;:&quot;&quot;,&quot;caption&quot;:&quot;&quot;,&quot;created_timestamp&quot;:&quot;0&quot;,&quot;copyright&quot;:&quot;&quot;,&quot;focal_length&quot;:&quot;0&quot;,&quot;iso&quot;:&quot;0&quot;,&quot;shutter_speed&quot;:&quot;0&quot;,&quot;title&quot;:&quot;&quot;,&quot;orientation&quot;:&quot;0&quot;}\" data-image-title=\"image007\" data-image-description=\"\" data-image-caption=\"\" data-medium-file=\"https:\/\/zsp1chojna.pl\/wp-content\/uploads\/2026\/03\/image007-300x218.png\" data-large-file=\"https:\/\/zsp1chojna.pl\/wp-content\/uploads\/2026\/03\/image007.png\" src=\"https:\/\/zsp1chojna.pl\/wp-content\/uploads\/2026\/03\/image007.png\" alt=\"\" class=\"wp-image-15967\" srcset=\"https:\/\/zsp1chojna.pl\/wp-content\/uploads\/2026\/03\/image007.png 831w, https:\/\/zsp1chojna.pl\/wp-content\/uploads\/2026\/03\/image007-300x218.png 300w, https:\/\/zsp1chojna.pl\/wp-content\/uploads\/2026\/03\/image007-768x558.png 768w, https:\/\/zsp1chojna.pl\/wp-content\/uploads\/2026\/03\/image007-624x454.png 624w\" sizes=\"auto, (max-width: 831px) 100vw, 831px\" \/><\/figure>\n<\/div>\n\n\n<p class=\"has-text-align-justify has-text-align-justify\">Uczniowie Zespo\u0142u Szk\u00f3\u0142 Ponadpodstawowych w Chojnie wyr\u00f3\u017cniali si\u0119 tematycznymi strojami, kt\u00f3re jednocze\u015bnie promowa\u0142y kierunki kszta\u0142cenia oferowane przez szko\u0142\u0119.<\/p>\n\n\n<div class=\"wp-block-image\">\n<figure class=\"aligncenter size-full\"><img loading=\"lazy\" decoding=\"async\" width=\"798\" height=\"587\" data-attachment-id=\"15968\" data-permalink=\"https:\/\/zsp1chojna.pl\/?attachment_id=15968\" data-orig-file=\"https:\/\/zsp1chojna.pl\/wp-content\/uploads\/2026\/03\/image009.png\" data-orig-size=\"798,587\" data-comments-opened=\"1\" data-image-meta=\"{&quot;aperture&quot;:&quot;0&quot;,&quot;credit&quot;:&quot;&quot;,&quot;camera&quot;:&quot;&quot;,&quot;caption&quot;:&quot;&quot;,&quot;created_timestamp&quot;:&quot;0&quot;,&quot;copyright&quot;:&quot;&quot;,&quot;focal_length&quot;:&quot;0&quot;,&quot;iso&quot;:&quot;0&quot;,&quot;shutter_speed&quot;:&quot;0&quot;,&quot;title&quot;:&quot;&quot;,&quot;orientation&quot;:&quot;0&quot;}\" data-image-title=\"image009\" data-image-description=\"\" data-image-caption=\"\" data-medium-file=\"https:\/\/zsp1chojna.pl\/wp-content\/uploads\/2026\/03\/image009-300x221.png\" data-large-file=\"https:\/\/zsp1chojna.pl\/wp-content\/uploads\/2026\/03\/image009.png\" src=\"https:\/\/zsp1chojna.pl\/wp-content\/uploads\/2026\/03\/image009.png\" alt=\"\" class=\"wp-image-15968\" srcset=\"https:\/\/zsp1chojna.pl\/wp-content\/uploads\/2026\/03\/image009.png 798w, https:\/\/zsp1chojna.pl\/wp-content\/uploads\/2026\/03\/image009-300x221.png 300w, https:\/\/zsp1chojna.pl\/wp-content\/uploads\/2026\/03\/image009-768x565.png 768w, https:\/\/zsp1chojna.pl\/wp-content\/uploads\/2026\/03\/image009-624x459.png 624w\" sizes=\"auto, (max-width: 798px) 100vw, 798px\" \/><\/figure>\n<\/div>\n\n<div class=\"wp-block-image\">\n<figure class=\"aligncenter size-full is-resized\"><img loading=\"lazy\" decoding=\"async\" width=\"455\" height=\"603\" data-attachment-id=\"15969\" data-permalink=\"https:\/\/zsp1chojna.pl\/?attachment_id=15969\" data-orig-file=\"https:\/\/zsp1chojna.pl\/wp-content\/uploads\/2026\/03\/image011.png\" data-orig-size=\"455,603\" data-comments-opened=\"1\" data-image-meta=\"{&quot;aperture&quot;:&quot;0&quot;,&quot;credit&quot;:&quot;&quot;,&quot;camera&quot;:&quot;&quot;,&quot;caption&quot;:&quot;&quot;,&quot;created_timestamp&quot;:&quot;0&quot;,&quot;copyright&quot;:&quot;&quot;,&quot;focal_length&quot;:&quot;0&quot;,&quot;iso&quot;:&quot;0&quot;,&quot;shutter_speed&quot;:&quot;0&quot;,&quot;title&quot;:&quot;&quot;,&quot;orientation&quot;:&quot;0&quot;}\" data-image-title=\"image011\" data-image-description=\"\" data-image-caption=\"\" data-medium-file=\"https:\/\/zsp1chojna.pl\/wp-content\/uploads\/2026\/03\/image011-226x300.png\" data-large-file=\"https:\/\/zsp1chojna.pl\/wp-content\/uploads\/2026\/03\/image011.png\" src=\"https:\/\/zsp1chojna.pl\/wp-content\/uploads\/2026\/03\/image011.png\" alt=\"\" class=\"wp-image-15969\" style=\"width:583px;height:auto\" srcset=\"https:\/\/zsp1chojna.pl\/wp-content\/uploads\/2026\/03\/image011.png 455w, https:\/\/zsp1chojna.pl\/wp-content\/uploads\/2026\/03\/image011-226x300.png 226w\" sizes=\"auto, (max-width: 455px) 100vw, 455px\" \/><\/figure>\n<\/div>\n\n\n<p class=\"has-text-align-justify has-text-align-justify\">Po przej\u015bciu ulicami miasta uczestnicy zgromadzili si\u0119 na placu przed Ko\u015bcio\u0142em Mariackim, gdzie odby\u0142 si\u0119 happening. Rozpocz\u0105\u0142 si\u0119 on przem\u00f3wieniem Pani dyrektor Adriany Salamo\u0144czyk, kt\u00f3ra &nbsp;podzi\u0119kowa\u0142a uczestnikom s\u0142owami \u201eWidok setek m\u0142odych ludzi, kt\u00f3rzy rami\u0119 w rami\u0119 maszeruj\u0105 w imi\u0119 empatii i szacunku, jest niezwykle poruszaj\u0105cy. Pokazali\u015bcie, \u017ce nasza szko\u0142a to nie tylko budynek i lekcje, ale przede wszystkim wsp\u00f3lnota ludzi \u015bwiadomych i odwa\u017cnych. Jestem dumna, \u017ce mog\u0119 by\u0107 dyrektorem szko\u0142y, kt\u00f3r\u0105 tworz\u0105 tak wspaniali m\u0142odzi ludzie. Dzi\u0119kuj\u0119 Wam za Wasz\u0105 energi\u0119, za kreatywno\u015b\u0107<br>w przygotowaniu hase\u0142 i za to, \u017ce po prostu jeste\u015bcie\u201d<\/p>\n\n\n<div class=\"wp-block-image\">\n<figure class=\"aligncenter size-full is-resized\"><img loading=\"lazy\" decoding=\"async\" width=\"805\" height=\"594\" data-attachment-id=\"15970\" data-permalink=\"https:\/\/zsp1chojna.pl\/?attachment_id=15970\" data-orig-file=\"https:\/\/zsp1chojna.pl\/wp-content\/uploads\/2026\/03\/image013.png\" data-orig-size=\"805,594\" data-comments-opened=\"1\" data-image-meta=\"{&quot;aperture&quot;:&quot;0&quot;,&quot;credit&quot;:&quot;&quot;,&quot;camera&quot;:&quot;&quot;,&quot;caption&quot;:&quot;&quot;,&quot;created_timestamp&quot;:&quot;0&quot;,&quot;copyright&quot;:&quot;&quot;,&quot;focal_length&quot;:&quot;0&quot;,&quot;iso&quot;:&quot;0&quot;,&quot;shutter_speed&quot;:&quot;0&quot;,&quot;title&quot;:&quot;&quot;,&quot;orientation&quot;:&quot;0&quot;}\" data-image-title=\"image013\" data-image-description=\"\" data-image-caption=\"\" data-medium-file=\"https:\/\/zsp1chojna.pl\/wp-content\/uploads\/2026\/03\/image013-300x221.png\" data-large-file=\"https:\/\/zsp1chojna.pl\/wp-content\/uploads\/2026\/03\/image013.png\" src=\"https:\/\/zsp1chojna.pl\/wp-content\/uploads\/2026\/03\/image013.png\" alt=\"\" class=\"wp-image-15970\" style=\"width:747px;height:auto\" srcset=\"https:\/\/zsp1chojna.pl\/wp-content\/uploads\/2026\/03\/image013.png 805w, https:\/\/zsp1chojna.pl\/wp-content\/uploads\/2026\/03\/image013-300x221.png 300w, https:\/\/zsp1chojna.pl\/wp-content\/uploads\/2026\/03\/image013-768x567.png 768w, https:\/\/zsp1chojna.pl\/wp-content\/uploads\/2026\/03\/image013-624x460.png 624w\" sizes=\"auto, (max-width: 805px) 100vw, 805px\" \/><\/figure>\n<\/div>\n\n\n<p class=\"has-text-align-justify has-text-align-justify\">Przedstawiciele poszczeg\u00f3lnych plac\u00f3wek przekazali mieszka\u0144com swoje przes\u0142ania. Ka\u017cda szko\u0142a przygotowa\u0142a w\u0142asne has\u0142o, b\u0119d\u0105ce wyrazem sprzeciwu wobec hejtu i mowy nienawi\u015bci, umieszczaj\u0105c je na s\u0142upie informacyjnym.<\/p>\n\n\n<div class=\"wp-block-image\">\n<figure class=\"aligncenter size-full is-resized\"><img loading=\"lazy\" decoding=\"async\" width=\"939\" height=\"607\" data-attachment-id=\"15971\" data-permalink=\"https:\/\/zsp1chojna.pl\/?attachment_id=15971\" data-orig-file=\"https:\/\/zsp1chojna.pl\/wp-content\/uploads\/2026\/03\/image015.png\" data-orig-size=\"939,607\" data-comments-opened=\"1\" data-image-meta=\"{&quot;aperture&quot;:&quot;0&quot;,&quot;credit&quot;:&quot;&quot;,&quot;camera&quot;:&quot;&quot;,&quot;caption&quot;:&quot;&quot;,&quot;created_timestamp&quot;:&quot;0&quot;,&quot;copyright&quot;:&quot;&quot;,&quot;focal_length&quot;:&quot;0&quot;,&quot;iso&quot;:&quot;0&quot;,&quot;shutter_speed&quot;:&quot;0&quot;,&quot;title&quot;:&quot;&quot;,&quot;orientation&quot;:&quot;0&quot;}\" data-image-title=\"image015\" data-image-description=\"\" data-image-caption=\"\" data-medium-file=\"https:\/\/zsp1chojna.pl\/wp-content\/uploads\/2026\/03\/image015-300x194.png\" data-large-file=\"https:\/\/zsp1chojna.pl\/wp-content\/uploads\/2026\/03\/image015.png\" src=\"https:\/\/zsp1chojna.pl\/wp-content\/uploads\/2026\/03\/image015.png\" alt=\"\" class=\"wp-image-15971\" style=\"aspect-ratio:1.5469613259668509;width:754px;height:auto\" srcset=\"https:\/\/zsp1chojna.pl\/wp-content\/uploads\/2026\/03\/image015.png 939w, https:\/\/zsp1chojna.pl\/wp-content\/uploads\/2026\/03\/image015-300x194.png 300w, https:\/\/zsp1chojna.pl\/wp-content\/uploads\/2026\/03\/image015-768x496.png 768w, https:\/\/zsp1chojna.pl\/wp-content\/uploads\/2026\/03\/image015-624x403.png 624w\" sizes=\"auto, (max-width: 939px) 100vw, 939px\" \/><\/figure>\n<\/div>\n\n\n<p class=\"has-text-align-justify has-text-align-justify\">Du\u017ce zainteresowanie wzbudzi\u0142 pokaz musztry paradnej przygotowany przez Oddzia\u0142 Przygotowania Wojskowego.<\/p>\n\n\n<div class=\"wp-block-image\">\n<figure class=\"aligncenter size-full is-resized\"><img loading=\"lazy\" decoding=\"async\" width=\"826\" height=\"606\" data-attachment-id=\"15972\" data-permalink=\"https:\/\/zsp1chojna.pl\/?attachment_id=15972\" data-orig-file=\"https:\/\/zsp1chojna.pl\/wp-content\/uploads\/2026\/03\/image017.png\" data-orig-size=\"826,606\" data-comments-opened=\"1\" data-image-meta=\"{&quot;aperture&quot;:&quot;0&quot;,&quot;credit&quot;:&quot;&quot;,&quot;camera&quot;:&quot;&quot;,&quot;caption&quot;:&quot;&quot;,&quot;created_timestamp&quot;:&quot;0&quot;,&quot;copyright&quot;:&quot;&quot;,&quot;focal_length&quot;:&quot;0&quot;,&quot;iso&quot;:&quot;0&quot;,&quot;shutter_speed&quot;:&quot;0&quot;,&quot;title&quot;:&quot;&quot;,&quot;orientation&quot;:&quot;0&quot;}\" data-image-title=\"image017\" data-image-description=\"\" data-image-caption=\"\" data-medium-file=\"https:\/\/zsp1chojna.pl\/wp-content\/uploads\/2026\/03\/image017-300x220.png\" data-large-file=\"https:\/\/zsp1chojna.pl\/wp-content\/uploads\/2026\/03\/image017.png\" src=\"https:\/\/zsp1chojna.pl\/wp-content\/uploads\/2026\/03\/image017.png\" alt=\"\" class=\"wp-image-15972\" style=\"width:740px;height:auto\" srcset=\"https:\/\/zsp1chojna.pl\/wp-content\/uploads\/2026\/03\/image017.png 826w, https:\/\/zsp1chojna.pl\/wp-content\/uploads\/2026\/03\/image017-300x220.png 300w, https:\/\/zsp1chojna.pl\/wp-content\/uploads\/2026\/03\/image017-768x563.png 768w, https:\/\/zsp1chojna.pl\/wp-content\/uploads\/2026\/03\/image017-624x458.png 624w\" sizes=\"auto, (max-width: 826px) 100vw, 826px\" \/><\/figure>\n<\/div>\n\n\n<p class=\"has-text-align-justify has-text-align-justify\">Wydarzenie zako\u0144czy\u0142o symboliczne wypuszczenie balon\u00f3w, kt\u00f3re sta\u0142o si\u0119 wyrazem nadziei na lepsz\u0105, bardziej \u017cyczliw\u0105 przysz\u0142o\u015b\u0107 \u2013 woln\u0105 od przemocy s\u0142ownej i wzajemnej niech\u0119ci. By\u0142 to moment refleksji, ale r\u00f3wnie\u017c integracji uczestnik\u00f3w, kt\u00f3rzy wsp\u00f3lnie pokazali, jak wa\u017cne s\u0105 szacunek, empatia i odpowiedzialno\u015b\u0107 za s\u0142owa.<\/p>\n\n\n\n<div class=\"wp-block-columns is-layout-flex wp-container-core-columns-is-layout-9d6595d7 wp-block-columns-is-layout-flex\">\n<div class=\"wp-block-column is-layout-flow wp-block-column-is-layout-flow\"><div class=\"wp-block-image\">\n<figure class=\"alignright size-full\"><img loading=\"lazy\" decoding=\"async\" width=\"386\" height=\"696\" data-attachment-id=\"15973\" data-permalink=\"https:\/\/zsp1chojna.pl\/?attachment_id=15973\" data-orig-file=\"https:\/\/zsp1chojna.pl\/wp-content\/uploads\/2026\/03\/image019.png\" data-orig-size=\"386,696\" data-comments-opened=\"1\" data-image-meta=\"{&quot;aperture&quot;:&quot;0&quot;,&quot;credit&quot;:&quot;&quot;,&quot;camera&quot;:&quot;&quot;,&quot;caption&quot;:&quot;&quot;,&quot;created_timestamp&quot;:&quot;0&quot;,&quot;copyright&quot;:&quot;&quot;,&quot;focal_length&quot;:&quot;0&quot;,&quot;iso&quot;:&quot;0&quot;,&quot;shutter_speed&quot;:&quot;0&quot;,&quot;title&quot;:&quot;&quot;,&quot;orientation&quot;:&quot;0&quot;}\" data-image-title=\"image019\" data-image-description=\"\" data-image-caption=\"\" data-medium-file=\"https:\/\/zsp1chojna.pl\/wp-content\/uploads\/2026\/03\/image019-166x300.png\" data-large-file=\"https:\/\/zsp1chojna.pl\/wp-content\/uploads\/2026\/03\/image019.png\" src=\"https:\/\/zsp1chojna.pl\/wp-content\/uploads\/2026\/03\/image019.png\" alt=\"\" class=\"wp-image-15973\" srcset=\"https:\/\/zsp1chojna.pl\/wp-content\/uploads\/2026\/03\/image019.png 386w, https:\/\/zsp1chojna.pl\/wp-content\/uploads\/2026\/03\/image019-166x300.png 166w\" sizes=\"auto, (max-width: 386px) 100vw, 386px\" \/><\/figure>\n<\/div><\/div>\n\n\n\n<div class=\"wp-block-column is-layout-flow wp-block-column-is-layout-flow\"><div class=\"wp-block-image\">\n<figure class=\"alignleft size-full\"><img loading=\"lazy\" decoding=\"async\" width=\"386\" height=\"696\" data-attachment-id=\"15974\" data-permalink=\"https:\/\/zsp1chojna.pl\/?attachment_id=15974\" data-orig-file=\"https:\/\/zsp1chojna.pl\/wp-content\/uploads\/2026\/03\/image021.png\" data-orig-size=\"386,696\" data-comments-opened=\"1\" data-image-meta=\"{&quot;aperture&quot;:&quot;0&quot;,&quot;credit&quot;:&quot;&quot;,&quot;camera&quot;:&quot;&quot;,&quot;caption&quot;:&quot;&quot;,&quot;created_timestamp&quot;:&quot;0&quot;,&quot;copyright&quot;:&quot;&quot;,&quot;focal_length&quot;:&quot;0&quot;,&quot;iso&quot;:&quot;0&quot;,&quot;shutter_speed&quot;:&quot;0&quot;,&quot;title&quot;:&quot;&quot;,&quot;orientation&quot;:&quot;0&quot;}\" data-image-title=\"image021\" data-image-description=\"\" data-image-caption=\"\" data-medium-file=\"https:\/\/zsp1chojna.pl\/wp-content\/uploads\/2026\/03\/image021-166x300.png\" data-large-file=\"https:\/\/zsp1chojna.pl\/wp-content\/uploads\/2026\/03\/image021.png\" src=\"https:\/\/zsp1chojna.pl\/wp-content\/uploads\/2026\/03\/image021.png\" alt=\"\" class=\"wp-image-15974\" srcset=\"https:\/\/zsp1chojna.pl\/wp-content\/uploads\/2026\/03\/image021.png 386w, https:\/\/zsp1chojna.pl\/wp-content\/uploads\/2026\/03\/image021-166x300.png 166w\" sizes=\"auto, (max-width: 386px) 100vw, 386px\" \/><\/figure>\n<\/div><\/div>\n<\/div>\n\n\n\n<p>Po zako\u0144czeniu marszu uczestnicy wr\u00f3cili do swoich szk\u00f3\u0142. M\u0142odzie\u017c ZSP w Chojnie uda\u0142a si\u0119 natomiast na plac przed budynkiem szko\u0142y na pocz\u0119stunek ufundowany przez Rad\u0119 Rodzic\u00f3w. Uczniowie mogli posili\u0107 si\u0119 pieczonymi kie\u0142baskami oraz napi\u0107 si\u0119 ciep\u0142ej herbaty. Spotkanie przebieg\u0142o w radosnej atmosferze \u2013 m\u0142odzie\u017c bawi\u0142a si\u0119 przy muzyce, wykonuj\u0105c wsp\u00f3lnie uk\u0142ady taneczne. Po zako\u0144czeniu wydarzenia uczniowie wr\u00f3cili na zaj\u0119cia lekcyjne.<\/p>\n\n\n<div class=\"wp-block-image\">\n<figure class=\"aligncenter size-full is-resized\"><img loading=\"lazy\" decoding=\"async\" width=\"831\" height=\"610\" data-attachment-id=\"15975\" data-permalink=\"https:\/\/zsp1chojna.pl\/?attachment_id=15975\" data-orig-file=\"https:\/\/zsp1chojna.pl\/wp-content\/uploads\/2026\/03\/image023.png\" data-orig-size=\"831,610\" data-comments-opened=\"1\" data-image-meta=\"{&quot;aperture&quot;:&quot;0&quot;,&quot;credit&quot;:&quot;&quot;,&quot;camera&quot;:&quot;&quot;,&quot;caption&quot;:&quot;&quot;,&quot;created_timestamp&quot;:&quot;0&quot;,&quot;copyright&quot;:&quot;&quot;,&quot;focal_length&quot;:&quot;0&quot;,&quot;iso&quot;:&quot;0&quot;,&quot;shutter_speed&quot;:&quot;0&quot;,&quot;title&quot;:&quot;&quot;,&quot;orientation&quot;:&quot;0&quot;}\" data-image-title=\"image023\" data-image-description=\"\" data-image-caption=\"\" data-medium-file=\"https:\/\/zsp1chojna.pl\/wp-content\/uploads\/2026\/03\/image023-300x220.png\" data-large-file=\"https:\/\/zsp1chojna.pl\/wp-content\/uploads\/2026\/03\/image023.png\" src=\"https:\/\/zsp1chojna.pl\/wp-content\/uploads\/2026\/03\/image023.png\" alt=\"\" class=\"wp-image-15975\" style=\"width:739px;height:auto\" srcset=\"https:\/\/zsp1chojna.pl\/wp-content\/uploads\/2026\/03\/image023.png 831w, https:\/\/zsp1chojna.pl\/wp-content\/uploads\/2026\/03\/image023-300x220.png 300w, https:\/\/zsp1chojna.pl\/wp-content\/uploads\/2026\/03\/image023-768x564.png 768w, https:\/\/zsp1chojna.pl\/wp-content\/uploads\/2026\/03\/image023-624x458.png 624w\" sizes=\"auto, (max-width: 831px) 100vw, 831px\" \/><\/figure>\n<\/div>\n\n\n<p class=\"has-text-align-justify has-text-align-justify\">Marsz przeciwko hejtowi by\u0142 wa\u017cnym wydarzeniem spo\u0142ecznym, kt\u00f3re nie tylko zintegrowa\u0142o lokaln\u0105 spo\u0142eczno\u015b\u0107, ale tak\u017ce zwr\u00f3ci\u0142o uwag\u0119 na istotny problem wsp\u00f3\u0142czesnego \u015bwiata. Dzi\u0119ki zaanga\u017cowaniu uczestnik\u00f3w uda\u0142o si\u0119 przekaza\u0107 jasny komunikat: hejtowi m\u00f3wimy stanowcze \u201enie\u201d.<\/p>\n","protected":false},"excerpt":{"rendered":"<p>23 marca 202r r.&nbsp; w Chojnie odby\u0142 si\u0119 marsz przeciwko hejtowi zorganizowany przez Zesp\u00f3\u0142 Szk\u00f3\u0142 Ponadpodstawowych w Chojnie . Wydarzenie zgromadzi\u0142o liczne grono uczestnik\u00f3w \u2013 w marszu wzi\u0119\u0142y udzia\u0142 przedszkolaki [&hellip;]<\/p>\n","protected":false},"author":1,"featured_media":15964,"comment_status":"open","ping_status":"open","sticky":false,"template":"","format":"standard","meta":{"footnotes":""},"categories":[32],"tags":[],"class_list":["post-15691","post","type-post","status-publish","format-standard","has-post-thumbnail","hentry","category-aktualnosci-2025-2026"],"wbAuthor":{"name":"admin","link":"https:\/\/zsp1chojna.pl\/?author=1"},"wbDate":"mar 23, 2026","wbCategories":{"space":"<a href=\"https:\/\/zsp1chojna.pl\/?cat=32\" rel=\"category\">Aktualno\u015bci 2025\/2026<\/a>","coma":"<a href=\"https:\/\/zsp1chojna.pl\/?cat=32\" rel=\"category\">Aktualno\u015bci 2025\/2026<\/a>"},"wbComment":0,"yoast_head":"<!-- This site is optimized with the Yoast SEO plugin v20.13 - https:\/\/yoast.com\/wordpress\/plugins\/seo\/ -->\n<title>Marsz przeciwko hejtowi w Chojnie - ZSP w Chojnie<\/title>\n<meta name=\"robots\" content=\"index, follow, max-snippet:-1, max-image-preview:large, max-video-preview:-1\" \/>\n<link rel=\"canonical\" href=\"https:\/\/zsp1chojna.pl\/?p=15691\" \/>\n<meta property=\"og:locale\" content=\"pl_PL\" \/>\n<meta property=\"og:type\" content=\"article\" \/>\n<meta property=\"og:title\" content=\"Marsz przeciwko hejtowi w Chojnie - ZSP w Chojnie\" \/>\n<meta property=\"og:description\" content=\"23 marca 202r r.&nbsp; w Chojnie odby\u0142 si\u0119 marsz przeciwko hejtowi zorganizowany przez Zesp\u00f3\u0142 Szk\u00f3\u0142 Ponadpodstawowych w Chojnie . Wydarzenie zgromadzi\u0142o liczne grono uczestnik\u00f3w \u2013 w marszu wzi\u0119\u0142y udzia\u0142 przedszkolaki [&hellip;]\" \/>\n<meta property=\"og:url\" content=\"https:\/\/zsp1chojna.pl\/?p=15691\" \/>\n<meta property=\"og:site_name\" content=\"ZSP w Chojnie\" \/>\n<meta property=\"article:published_time\" content=\"2026-03-23T08:08:00+00:00\" \/>\n<meta property=\"article:modified_time\" content=\"2026-04-08T11:08:11+00:00\" \/>\n<meta property=\"og:image\" content=\"https:\/\/zsp1chojna.pl\/wp-content\/uploads\/2026\/03\/image001-5.png\" \/>\n\t<meta property=\"og:image:width\" content=\"826\" \/>\n\t<meta property=\"og:image:height\" content=\"611\" \/>\n\t<meta property=\"og:image:type\" content=\"image\/png\" \/>\n<meta name=\"author\" content=\"admin\" \/>\n<meta name=\"twitter:card\" content=\"summary_large_image\" \/>\n<meta name=\"twitter:label1\" content=\"Napisane przez\" \/>\n\t<meta name=\"twitter:data1\" content=\"admin\" \/>\n\t<meta name=\"twitter:label2\" content=\"Szacowany czas czytania\" \/>\n\t<meta name=\"twitter:data2\" content=\"5 minut\" \/>\n<script type=\"application\/ld+json\" class=\"yoast-schema-graph\">{\"@context\":\"https:\/\/schema.org\",\"@graph\":[{\"@type\":\"Article\",\"@id\":\"https:\/\/zsp1chojna.pl\/?p=15691#article\",\"isPartOf\":{\"@id\":\"https:\/\/zsp1chojna.pl\/?p=15691\"},\"author\":{\"name\":\"admin\",\"@id\":\"https:\/\/zsp1chojna.pl\/#\/schema\/person\/fe8d6c03379c9cface386de0c172e127\"},\"headline\":\"Marsz przeciwko hejtowi w Chojnie\",\"datePublished\":\"2026-03-23T08:08:00+00:00\",\"dateModified\":\"2026-04-08T11:08:11+00:00\",\"mainEntityOfPage\":{\"@id\":\"https:\/\/zsp1chojna.pl\/?p=15691\"},\"wordCount\":482,\"commentCount\":0,\"publisher\":{\"@id\":\"https:\/\/zsp1chojna.pl\/#organization\"},\"articleSection\":[\"Aktualno\u015bci 2025\/2026\"],\"inLanguage\":\"pl-PL\",\"potentialAction\":[{\"@type\":\"CommentAction\",\"name\":\"Comment\",\"target\":[\"https:\/\/zsp1chojna.pl\/?p=15691#respond\"]}]},{\"@type\":\"WebPage\",\"@id\":\"https:\/\/zsp1chojna.pl\/?p=15691\",\"url\":\"https:\/\/zsp1chojna.pl\/?p=15691\",\"name\":\"Marsz przeciwko hejtowi w Chojnie - ZSP w Chojnie\",\"isPartOf\":{\"@id\":\"https:\/\/zsp1chojna.pl\/#website\"},\"datePublished\":\"2026-03-23T08:08:00+00:00\",\"dateModified\":\"2026-04-08T11:08:11+00:00\",\"breadcrumb\":{\"@id\":\"https:\/\/zsp1chojna.pl\/?p=15691#breadcrumb\"},\"inLanguage\":\"pl-PL\",\"potentialAction\":[{\"@type\":\"ReadAction\",\"target\":[\"https:\/\/zsp1chojna.pl\/?p=15691\"]}]},{\"@type\":\"BreadcrumbList\",\"@id\":\"https:\/\/zsp1chojna.pl\/?p=15691#breadcrumb\",\"itemListElement\":[{\"@type\":\"ListItem\",\"position\":1,\"name\":\"Home\",\"item\":\"https:\/\/zsp1chojna.pl\/\"},{\"@type\":\"ListItem\",\"position\":2,\"name\":\"Marsz przeciwko hejtowi w Chojnie\"}]},{\"@type\":\"WebSite\",\"@id\":\"https:\/\/zsp1chojna.pl\/#website\",\"url\":\"https:\/\/zsp1chojna.pl\/\",\"name\":\"ZSP w Chojnie\",\"description\":\"\",\"publisher\":{\"@id\":\"https:\/\/zsp1chojna.pl\/#organization\"},\"potentialAction\":[{\"@type\":\"SearchAction\",\"target\":{\"@type\":\"EntryPoint\",\"urlTemplate\":\"https:\/\/zsp1chojna.pl\/?s={search_term_string}\"},\"query-input\":\"required name=search_term_string\"}],\"inLanguage\":\"pl-PL\"},{\"@type\":\"Organization\",\"@id\":\"https:\/\/zsp1chojna.pl\/#organization\",\"name\":\"ZSP w Chojnie\",\"url\":\"https:\/\/zsp1chojna.pl\/\",\"logo\":{\"@type\":\"ImageObject\",\"inLanguage\":\"pl-PL\",\"@id\":\"https:\/\/zsp1chojna.pl\/#\/schema\/logo\/image\/\",\"url\":\"https:\/\/zsp1chojna.pl\/wp-content\/uploads\/2023\/08\/cropped-cropped-cropped-Logo-biale-napis-na-3-wiersze_504-1.png\",\"contentUrl\":\"https:\/\/zsp1chojna.pl\/wp-content\/uploads\/2023\/08\/cropped-cropped-cropped-Logo-biale-napis-na-3-wiersze_504-1.png\",\"width\":504,\"height\":167,\"caption\":\"ZSP w Chojnie\"},\"image\":{\"@id\":\"https:\/\/zsp1chojna.pl\/#\/schema\/logo\/image\/\"}},{\"@type\":\"Person\",\"@id\":\"https:\/\/zsp1chojna.pl\/#\/schema\/person\/fe8d6c03379c9cface386de0c172e127\",\"name\":\"admin\",\"image\":{\"@type\":\"ImageObject\",\"inLanguage\":\"pl-PL\",\"@id\":\"https:\/\/zsp1chojna.pl\/#\/schema\/person\/image\/\",\"url\":\"https:\/\/secure.gravatar.com\/avatar\/35d79b1d799ff9bac401976862e535bf785f4039d8313d3c00b303598a46dd4e?s=96&d=mm&r=g\",\"contentUrl\":\"https:\/\/secure.gravatar.com\/avatar\/35d79b1d799ff9bac401976862e535bf785f4039d8313d3c00b303598a46dd4e?s=96&d=mm&r=g\",\"caption\":\"admin\"},\"sameAs\":[\"http:\/\/nowazspchojna.pl\"],\"url\":\"https:\/\/zsp1chojna.pl\/?author=1\"}]}<\/script>\n<!-- \/ Yoast SEO plugin. -->","yoast_head_json":{"title":"Marsz przeciwko hejtowi w Chojnie - ZSP w Chojnie","robots":{"index":"index","follow":"follow","max-snippet":"max-snippet:-1","max-image-preview":"max-image-preview:large","max-video-preview":"max-video-preview:-1"},"canonical":"https:\/\/zsp1chojna.pl\/?p=15691","og_locale":"pl_PL","og_type":"article","og_title":"Marsz przeciwko hejtowi w Chojnie - ZSP w Chojnie","og_description":"23 marca 202r r.&nbsp; w Chojnie odby\u0142 si\u0119 marsz przeciwko hejtowi zorganizowany przez Zesp\u00f3\u0142 Szk\u00f3\u0142 Ponadpodstawowych w Chojnie . Wydarzenie zgromadzi\u0142o liczne grono uczestnik\u00f3w \u2013 w marszu wzi\u0119\u0142y udzia\u0142 przedszkolaki [&hellip;]","og_url":"https:\/\/zsp1chojna.pl\/?p=15691","og_site_name":"ZSP w Chojnie","article_published_time":"2026-03-23T08:08:00+00:00","article_modified_time":"2026-04-08T11:08:11+00:00","og_image":[{"width":826,"height":611,"url":"https:\/\/zsp1chojna.pl\/wp-content\/uploads\/2026\/03\/image001-5.png","type":"image\/png"}],"author":"admin","twitter_card":"summary_large_image","twitter_misc":{"Napisane przez":"admin","Szacowany czas czytania":"5 minut"},"schema":{"@context":"https:\/\/schema.org","@graph":[{"@type":"Article","@id":"https:\/\/zsp1chojna.pl\/?p=15691#article","isPartOf":{"@id":"https:\/\/zsp1chojna.pl\/?p=15691"},"author":{"name":"admin","@id":"https:\/\/zsp1chojna.pl\/#\/schema\/person\/fe8d6c03379c9cface386de0c172e127"},"headline":"Marsz przeciwko hejtowi w Chojnie","datePublished":"2026-03-23T08:08:00+00:00","dateModified":"2026-04-08T11:08:11+00:00","mainEntityOfPage":{"@id":"https:\/\/zsp1chojna.pl\/?p=15691"},"wordCount":482,"commentCount":0,"publisher":{"@id":"https:\/\/zsp1chojna.pl\/#organization"},"articleSection":["Aktualno\u015bci 2025\/2026"],"inLanguage":"pl-PL","potentialAction":[{"@type":"CommentAction","name":"Comment","target":["https:\/\/zsp1chojna.pl\/?p=15691#respond"]}]},{"@type":"WebPage","@id":"https:\/\/zsp1chojna.pl\/?p=15691","url":"https:\/\/zsp1chojna.pl\/?p=15691","name":"Marsz przeciwko hejtowi w Chojnie - ZSP w Chojnie","isPartOf":{"@id":"https:\/\/zsp1chojna.pl\/#website"},"datePublished":"2026-03-23T08:08:00+00:00","dateModified":"2026-04-08T11:08:11+00:00","breadcrumb":{"@id":"https:\/\/zsp1chojna.pl\/?p=15691#breadcrumb"},"inLanguage":"pl-PL","potentialAction":[{"@type":"ReadAction","target":["https:\/\/zsp1chojna.pl\/?p=15691"]}]},{"@type":"BreadcrumbList","@id":"https:\/\/zsp1chojna.pl\/?p=15691#breadcrumb","itemListElement":[{"@type":"ListItem","position":1,"name":"Home","item":"https:\/\/zsp1chojna.pl\/"},{"@type":"ListItem","position":2,"name":"Marsz przeciwko hejtowi w Chojnie"}]},{"@type":"WebSite","@id":"https:\/\/zsp1chojna.pl\/#website","url":"https:\/\/zsp1chojna.pl\/","name":"ZSP w Chojnie","description":"","publisher":{"@id":"https:\/\/zsp1chojna.pl\/#organization"},"potentialAction":[{"@type":"SearchAction","target":{"@type":"EntryPoint","urlTemplate":"https:\/\/zsp1chojna.pl\/?s={search_term_string}"},"query-input":"required name=search_term_string"}],"inLanguage":"pl-PL"},{"@type":"Organization","@id":"https:\/\/zsp1chojna.pl\/#organization","name":"ZSP w Chojnie","url":"https:\/\/zsp1chojna.pl\/","logo":{"@type":"ImageObject","inLanguage":"pl-PL","@id":"https:\/\/zsp1chojna.pl\/#\/schema\/logo\/image\/","url":"https:\/\/zsp1chojna.pl\/wp-content\/uploads\/2023\/08\/cropped-cropped-cropped-Logo-biale-napis-na-3-wiersze_504-1.png","contentUrl":"https:\/\/zsp1chojna.pl\/wp-content\/uploads\/2023\/08\/cropped-cropped-cropped-Logo-biale-napis-na-3-wiersze_504-1.png","width":504,"height":167,"caption":"ZSP w Chojnie"},"image":{"@id":"https:\/\/zsp1chojna.pl\/#\/schema\/logo\/image\/"}},{"@type":"Person","@id":"https:\/\/zsp1chojna.pl\/#\/schema\/person\/fe8d6c03379c9cface386de0c172e127","name":"admin","image":{"@type":"ImageObject","inLanguage":"pl-PL","@id":"https:\/\/zsp1chojna.pl\/#\/schema\/person\/image\/","url":"https:\/\/secure.gravatar.com\/avatar\/35d79b1d799ff9bac401976862e535bf785f4039d8313d3c00b303598a46dd4e?s=96&d=mm&r=g","contentUrl":"https:\/\/secure.gravatar.com\/avatar\/35d79b1d799ff9bac401976862e535bf785f4039d8313d3c00b303598a46dd4e?s=96&d=mm&r=g","caption":"admin"},"sameAs":["http:\/\/nowazspchojna.pl"],"url":"https:\/\/zsp1chojna.pl\/?author=1"}]}},"jetpack_featured_media_url":"https:\/\/zsp1chojna.pl\/wp-content\/uploads\/2026\/03\/image001-5.png","_links":{"self":[{"href":"https:\/\/zsp1chojna.pl\/index.php?rest_route=\/wp\/v2\/posts\/15691","targetHints":{"allow":["GET"]}}],"collection":[{"href":"https:\/\/zsp1chojna.pl\/index.php?rest_route=\/wp\/v2\/posts"}],"about":[{"href":"https:\/\/zsp1chojna.pl\/index.php?rest_route=\/wp\/v2\/types\/post"}],"author":[{"embeddable":true,"href":"https:\/\/zsp1chojna.pl\/index.php?rest_route=\/wp\/v2\/users\/1"}],"replies":[{"embeddable":true,"href":"https:\/\/zsp1chojna.pl\/index.php?rest_route=%2Fwp%2Fv2%2Fcomments&post=15691"}],"version-history":[{"count":12,"href":"https:\/\/zsp1chojna.pl\/index.php?rest_route=\/wp\/v2\/posts\/15691\/revisions"}],"predecessor-version":[{"id":15976,"href":"https:\/\/zsp1chojna.pl\/index.php?rest_route=\/wp\/v2\/posts\/15691\/revisions\/15976"}],"wp:featuredmedia":[{"embeddable":true,"href":"https:\/\/zsp1chojna.pl\/index.php?rest_route=\/wp\/v2\/media\/15964"}],"wp:attachment":[{"href":"https:\/\/zsp1chojna.pl\/index.php?rest_route=%2Fwp%2Fv2%2Fmedia&parent=15691"}],"wp:term":[{"taxonomy":"category","embeddable":true,"href":"https:\/\/zsp1chojna.pl\/index.php?rest_route=%2Fwp%2Fv2%2Fcategories&post=15691"},{"taxonomy":"post_tag","embeddable":true,"href":"https:\/\/zsp1chojna.pl\/index.php?rest_route=%2Fwp%2Fv2%2Ftags&post=15691"}],"curies":[{"name":"wp","href":"https:\/\/api.w.org\/{rel}","templated":true}]}}