{"id":15407,"date":"2025-09-01T13:07:57","date_gmt":"2025-09-01T11:07:57","guid":{"rendered":"https:\/\/zsp1chojna.pl\/?p=15407"},"modified":"2026-03-03T14:37:02","modified_gmt":"2026-03-03T13:37:02","slug":"uroczystosci-rocznicowe-na-cmentarzu-wojennym-w-starych-lysogorkach","status":"publish","type":"post","link":"https:\/\/zsp1chojna.pl\/?p=15407","title":{"rendered":"Uroczysto\u015bci rocznicowe na Cmentarzu Wojennym w Starych \u0141ysog\u00f3rkach"},"content":{"rendered":"\n<p class=\"has-text-align-justify has-text-align-justify\">1 wrze\u015bnia 2025 r., na Cmentarzu Wojennym I Armii Wojska Polskiego w Starych \u0141ysog\u00f3rkach, odby\u0142y si\u0119 uroczysto\u015bci po\u015bwi\u0119cone 86. rocznicy wybuchu II wojny \u015bwiatowej.<\/p>\n\n\n<div class=\"wp-block-image\">\n<figure class=\"aligncenter size-full is-resized\"><img loading=\"lazy\" decoding=\"async\" width=\"530\" height=\"335\" data-attachment-id=\"15408\" data-permalink=\"https:\/\/zsp1chojna.pl\/?attachment_id=15408\" data-orig-file=\"https:\/\/zsp1chojna.pl\/wp-content\/uploads\/2026\/03\/image002-14.jpg\" data-orig-size=\"530,335\" data-comments-opened=\"1\" data-image-meta=\"{&quot;aperture&quot;:&quot;0&quot;,&quot;credit&quot;:&quot;&quot;,&quot;camera&quot;:&quot;&quot;,&quot;caption&quot;:&quot;&quot;,&quot;created_timestamp&quot;:&quot;0&quot;,&quot;copyright&quot;:&quot;&quot;,&quot;focal_length&quot;:&quot;0&quot;,&quot;iso&quot;:&quot;0&quot;,&quot;shutter_speed&quot;:&quot;0&quot;,&quot;title&quot;:&quot;&quot;,&quot;orientation&quot;:&quot;0&quot;}\" data-image-title=\"image002\" data-image-description=\"\" data-image-caption=\"\" data-medium-file=\"https:\/\/zsp1chojna.pl\/wp-content\/uploads\/2026\/03\/image002-14-300x190.jpg\" data-large-file=\"https:\/\/zsp1chojna.pl\/wp-content\/uploads\/2026\/03\/image002-14.jpg\" src=\"https:\/\/zsp1chojna.pl\/wp-content\/uploads\/2026\/03\/image002-14.jpg\" alt=\"\" class=\"wp-image-15408\" style=\"aspect-ratio:1.5821427273057767;width:620px;height:auto\" srcset=\"https:\/\/zsp1chojna.pl\/wp-content\/uploads\/2026\/03\/image002-14.jpg 530w, https:\/\/zsp1chojna.pl\/wp-content\/uploads\/2026\/03\/image002-14-300x190.jpg 300w\" sizes=\"auto, (max-width: 530px) 100vw, 530px\" \/><\/figure>\n<\/div>\n\n\n<p class=\"has-text-align-justify has-text-align-justify\">Wydarzenie rozpocz\u0119\u0142a uroczysta Msza \u015bwi\u0119ta w intencji poleg\u0142ych i Ojczyzny, celebrowana przez biskupa pomocniczego Archidiecezji Szczeci\u0144sko-Kamie\u0144skiej, ks.&nbsp;Henryka Wajmana.<\/p>\n\n\n<div class=\"wp-block-image\">\n<figure class=\"aligncenter size-full is-resized\"><img loading=\"lazy\" decoding=\"async\" width=\"529\" height=\"286\" data-attachment-id=\"15409\" data-permalink=\"https:\/\/zsp1chojna.pl\/?attachment_id=15409\" data-orig-file=\"https:\/\/zsp1chojna.pl\/wp-content\/uploads\/2026\/03\/image004-6.jpg\" data-orig-size=\"529,286\" data-comments-opened=\"1\" data-image-meta=\"{&quot;aperture&quot;:&quot;0&quot;,&quot;credit&quot;:&quot;&quot;,&quot;camera&quot;:&quot;&quot;,&quot;caption&quot;:&quot;&quot;,&quot;created_timestamp&quot;:&quot;0&quot;,&quot;copyright&quot;:&quot;&quot;,&quot;focal_length&quot;:&quot;0&quot;,&quot;iso&quot;:&quot;0&quot;,&quot;shutter_speed&quot;:&quot;0&quot;,&quot;title&quot;:&quot;&quot;,&quot;orientation&quot;:&quot;0&quot;}\" data-image-title=\"image004\" data-image-description=\"\" data-image-caption=\"\" data-medium-file=\"https:\/\/zsp1chojna.pl\/wp-content\/uploads\/2026\/03\/image004-6-300x162.jpg\" data-large-file=\"https:\/\/zsp1chojna.pl\/wp-content\/uploads\/2026\/03\/image004-6.jpg\" src=\"https:\/\/zsp1chojna.pl\/wp-content\/uploads\/2026\/03\/image004-6.jpg\" alt=\"\" class=\"wp-image-15409\" style=\"width:623px;height:auto\" srcset=\"https:\/\/zsp1chojna.pl\/wp-content\/uploads\/2026\/03\/image004-6.jpg 529w, https:\/\/zsp1chojna.pl\/wp-content\/uploads\/2026\/03\/image004-6-300x162.jpg 300w\" sizes=\"auto, (max-width: 529px) 100vw, 529px\" \/><\/figure>\n<\/div>\n\n\n<p class=\"has-text-align-justify has-text-align-justify\">Nast\u0119pnie okoliczno\u015bciowe przem\u00f3wienia wyg\u0142osili: Krzysztof Tkacz Burmistrz Mieszkowic, Bartosz Bro\u017cy\u0144ski I Wicewojewoda Zachodniopomorski oraz Ewa Dudar Starosta Gryfi\u0144ski. Po mszy odczytano apel poleg\u0142ych oraz nast\u0105pi\u0142o uroczyste z\u0142o\u017cenie kwiat\u00f3w pod pomnikiem wdzi\u0119czno\u015bci 1. Armii Wojska Polskiego. Po cz\u0119\u015bci oficjalnej odby\u0142 si\u0119 koncert \u201eTym, kt\u00f3rzy zgin\u0119li dla Polski,\u201d podczas kt\u00f3rego wyst\u0105pi\u0142 Ch\u00f3r Opery na Zamku w Szczecinie.<\/p>\n\n\n<div class=\"wp-block-image\">\n<figure class=\"aligncenter size-full is-resized\"><img loading=\"lazy\" decoding=\"async\" width=\"529\" height=\"274\" data-attachment-id=\"15410\" data-permalink=\"https:\/\/zsp1chojna.pl\/?attachment_id=15410\" data-orig-file=\"https:\/\/zsp1chojna.pl\/wp-content\/uploads\/2026\/03\/image006-4.jpg\" data-orig-size=\"529,274\" data-comments-opened=\"1\" data-image-meta=\"{&quot;aperture&quot;:&quot;0&quot;,&quot;credit&quot;:&quot;&quot;,&quot;camera&quot;:&quot;&quot;,&quot;caption&quot;:&quot;&quot;,&quot;created_timestamp&quot;:&quot;0&quot;,&quot;copyright&quot;:&quot;&quot;,&quot;focal_length&quot;:&quot;0&quot;,&quot;iso&quot;:&quot;0&quot;,&quot;shutter_speed&quot;:&quot;0&quot;,&quot;title&quot;:&quot;&quot;,&quot;orientation&quot;:&quot;0&quot;}\" data-image-title=\"image006\" data-image-description=\"\" data-image-caption=\"\" data-medium-file=\"https:\/\/zsp1chojna.pl\/wp-content\/uploads\/2026\/03\/image006-4-300x155.jpg\" data-large-file=\"https:\/\/zsp1chojna.pl\/wp-content\/uploads\/2026\/03\/image006-4.jpg\" src=\"https:\/\/zsp1chojna.pl\/wp-content\/uploads\/2026\/03\/image006-4.jpg\" alt=\"\" class=\"wp-image-15410\" style=\"width:643px;height:auto\" srcset=\"https:\/\/zsp1chojna.pl\/wp-content\/uploads\/2026\/03\/image006-4.jpg 529w, https:\/\/zsp1chojna.pl\/wp-content\/uploads\/2026\/03\/image006-4-300x155.jpg 300w\" sizes=\"auto, (max-width: 529px) 100vw, 529px\" \/><\/figure>\n<\/div>\n\n\n<p class=\"has-text-align-justify has-text-align-justify\">Uroczysto\u015b\u0107 u\u015bwietni\u0142a tak\u017ce iluminacja w barwach narodowych. Asyst\u0119 honorow\u0105 podczas uroczysto\u015bci pe\u0142ni\u0142a kompania honorowa 5. Pu\u0142ku In\u017cynieryjnego w Szczecinie Podjuchach.<\/p>\n\n\n<div class=\"wp-block-image\">\n<figure class=\"aligncenter size-full is-resized\"><img loading=\"lazy\" decoding=\"async\" width=\"469\" height=\"529\" data-attachment-id=\"15411\" data-permalink=\"https:\/\/zsp1chojna.pl\/?attachment_id=15411\" data-orig-file=\"https:\/\/zsp1chojna.pl\/wp-content\/uploads\/2026\/03\/image008-4.jpg\" data-orig-size=\"469,529\" data-comments-opened=\"1\" data-image-meta=\"{&quot;aperture&quot;:&quot;0&quot;,&quot;credit&quot;:&quot;&quot;,&quot;camera&quot;:&quot;&quot;,&quot;caption&quot;:&quot;&quot;,&quot;created_timestamp&quot;:&quot;0&quot;,&quot;copyright&quot;:&quot;&quot;,&quot;focal_length&quot;:&quot;0&quot;,&quot;iso&quot;:&quot;0&quot;,&quot;shutter_speed&quot;:&quot;0&quot;,&quot;title&quot;:&quot;&quot;,&quot;orientation&quot;:&quot;0&quot;}\" data-image-title=\"image008\" data-image-description=\"\" data-image-caption=\"\" data-medium-file=\"https:\/\/zsp1chojna.pl\/wp-content\/uploads\/2026\/03\/image008-4-266x300.jpg\" data-large-file=\"https:\/\/zsp1chojna.pl\/wp-content\/uploads\/2026\/03\/image008-4.jpg\" src=\"https:\/\/zsp1chojna.pl\/wp-content\/uploads\/2026\/03\/image008-4.jpg\" alt=\"\" class=\"wp-image-15411\" style=\"width:549px;height:auto\" srcset=\"https:\/\/zsp1chojna.pl\/wp-content\/uploads\/2026\/03\/image008-4.jpg 469w, https:\/\/zsp1chojna.pl\/wp-content\/uploads\/2026\/03\/image008-4-266x300.jpg 266w\" sizes=\"auto, (max-width: 469px) 100vw, 469px\" \/><\/figure>\n<\/div>\n\n\n<p>W uroczysto\u015bciach, opr\u00f3cz przedstawicieli w\u0142adz, s\u0142u\u017cb mundurowych, mieszka\u0144c\u00f3w okolicznych gmin, wzi\u0119li tak\u017ce udzia\u0142 uczniowie Zespo\u0142u Szk\u00f3\u0142 Ponadpodstawowych w&nbsp;Chojnie.<\/p>\n\n\n\n<p>Szko\u0142\u0119 reprezentowa\u0142 Poczet Sztandarowy w sk\u0142adzie:<br>&#8211; Tomasz Paulski, kl. 3ac LO,<br>&#8211; Agata Kasica, kl. 3ac LO,<br>&#8211; Joanna Szkudlarek, kl. 2TH,<br>oraz Samorz\u0105d Uczniowski:<br>&#8211; Martyna Ma\u0107kowiak, kl. 4TB,<br>&#8211; Maciej Lewandowski, kl. 5TI<br>&#8211; Hanna Matusiak, kl. 3ac LO,<br>a tak\u017ce uczniowie klasy 4 Oddzia\u0142u Przygotowania Wojskowego:<br>&#8211; Maja Bigus,<br>&#8211; Alicja Fer\u0119c,<br>&#8211; Patryk Ko\u0142odziejski,<br>&#8211; Inga Krawczyk,<br>&#8211; Paulina Koszuli\u0144ska,<br>&#8211; Julianna Kubik,<br>&#8211; Michael Kwartnik,<br>&#8211; Mateusz Podyma,<br>&#8211; Krystian Stelmach,<br>&#8211; Karina Struk.<\/p>\n\n\n\n<p class=\"has-text-align-right\">&nbsp;&nbsp;&nbsp;&nbsp;&nbsp;&nbsp;&nbsp;&nbsp;&nbsp;&nbsp;&nbsp;&nbsp;&nbsp;&nbsp;&nbsp;&nbsp;&nbsp;&nbsp;&nbsp;&nbsp;&nbsp;&nbsp;&nbsp;&nbsp;&nbsp;&nbsp;&nbsp;&nbsp;&nbsp;&nbsp;&nbsp;&nbsp;&nbsp;&nbsp;&nbsp;&nbsp;&nbsp;&nbsp;&nbsp;&nbsp;&nbsp;&nbsp;&nbsp;&nbsp;&nbsp;&nbsp;&nbsp;&nbsp;&nbsp;&nbsp;&nbsp;&nbsp;&nbsp;&nbsp;&nbsp;&nbsp;&nbsp;&nbsp;&nbsp;&nbsp;&nbsp;&nbsp;&nbsp;&nbsp;&nbsp;&nbsp;&nbsp;&nbsp;&nbsp;&nbsp;&nbsp;&nbsp;&nbsp;&nbsp;&nbsp;&nbsp;&nbsp;&nbsp;&nbsp;&nbsp;&nbsp;&nbsp;&nbsp;&nbsp;&nbsp;&nbsp;&nbsp;&nbsp;&nbsp;&nbsp;&nbsp;&nbsp;&nbsp;&nbsp;&nbsp;&nbsp; mgr Edyta Daszkiewicz<br>&nbsp;&nbsp;&nbsp;&nbsp;&nbsp;&nbsp;&nbsp;&nbsp;&nbsp;&nbsp;&nbsp;&nbsp;&nbsp;&nbsp;&nbsp;&nbsp;&nbsp;&nbsp;&nbsp;&nbsp;&nbsp;&nbsp;&nbsp;&nbsp;&nbsp;&nbsp;&nbsp;&nbsp;&nbsp;&nbsp;&nbsp;&nbsp;&nbsp;&nbsp;&nbsp;&nbsp;&nbsp;&nbsp;&nbsp;&nbsp;&nbsp;&nbsp;&nbsp;&nbsp;&nbsp;&nbsp;&nbsp;&nbsp;&nbsp;&nbsp;&nbsp;&nbsp;&nbsp;&nbsp;&nbsp;&nbsp;&nbsp;&nbsp;&nbsp;&nbsp;&nbsp;&nbsp;&nbsp;&nbsp;&nbsp;&nbsp;&nbsp;&nbsp;&nbsp;&nbsp;&nbsp;&nbsp;&nbsp;&nbsp;&nbsp;&nbsp;&nbsp;&nbsp;&nbsp;&nbsp;&nbsp;&nbsp;&nbsp;&nbsp;&nbsp;&nbsp;&nbsp;&nbsp;&nbsp;&nbsp;&nbsp;&nbsp;&nbsp;&nbsp;&nbsp;&nbsp; mgr Aleksander Lizak<br>&nbsp;&nbsp;&nbsp;&nbsp;&nbsp;&nbsp;&nbsp;&nbsp;&nbsp;&nbsp;&nbsp;&nbsp;&nbsp;&nbsp;&nbsp;&nbsp;&nbsp;&nbsp;&nbsp;&nbsp;&nbsp;&nbsp;&nbsp;&nbsp;&nbsp;&nbsp;&nbsp;&nbsp;&nbsp;&nbsp;&nbsp;&nbsp;&nbsp;&nbsp;&nbsp;&nbsp;&nbsp;&nbsp;&nbsp;&nbsp;&nbsp;&nbsp;&nbsp;&nbsp;&nbsp;&nbsp;&nbsp;&nbsp;&nbsp;&nbsp;&nbsp;&nbsp;&nbsp;&nbsp;&nbsp;&nbsp;&nbsp;&nbsp;&nbsp;&nbsp;&nbsp;&nbsp;&nbsp;&nbsp;&nbsp;&nbsp;&nbsp;&nbsp;&nbsp;&nbsp;&nbsp;&nbsp;&nbsp;&nbsp;&nbsp;&nbsp;&nbsp;&nbsp;&nbsp;&nbsp;&nbsp;&nbsp;&nbsp;&nbsp;&nbsp;&nbsp;&nbsp;&nbsp;&nbsp;&nbsp;&nbsp;&nbsp;&nbsp;&nbsp;&nbsp;&nbsp; mgr Marek Bednarz<\/p>\n","protected":false},"excerpt":{"rendered":"<p>1 wrze\u015bnia 2025 r., na Cmentarzu Wojennym I Armii Wojska Polskiego w Starych \u0141ysog\u00f3rkach, odby\u0142y si\u0119 uroczysto\u015bci po\u015bwi\u0119cone 86. rocznicy wybuchu II wojny \u015bwiatowej. Wydarzenie rozpocz\u0119\u0142a uroczysta Msza \u015bwi\u0119ta w [&hellip;]<\/p>\n","protected":false},"author":1,"featured_media":15410,"comment_status":"open","ping_status":"open","sticky":false,"template":"","format":"standard","meta":{"footnotes":""},"categories":[32],"tags":[],"class_list":["post-15407","post","type-post","status-publish","format-standard","has-post-thumbnail","hentry","category-aktualnosci-2025-2026"],"wbAuthor":{"name":"admin","link":"https:\/\/zsp1chojna.pl\/?author=1"},"wbDate":"wrz 1, 2025","wbCategories":{"space":"<a href=\"https:\/\/zsp1chojna.pl\/?cat=32\" rel=\"category\">Aktualno\u015bci 2025\/2026<\/a>","coma":"<a href=\"https:\/\/zsp1chojna.pl\/?cat=32\" rel=\"category\">Aktualno\u015bci 2025\/2026<\/a>"},"wbComment":0,"yoast_head":"<!-- This site is optimized with the Yoast SEO plugin v20.13 - https:\/\/yoast.com\/wordpress\/plugins\/seo\/ -->\n<title>Uroczysto\u015bci rocznicowe na Cmentarzu Wojennym w Starych \u0141ysog\u00f3rkach - ZSP w Chojnie<\/title>\n<meta name=\"robots\" content=\"index, follow, max-snippet:-1, max-image-preview:large, max-video-preview:-1\" \/>\n<link rel=\"canonical\" href=\"https:\/\/zsp1chojna.pl\/?p=15407\" \/>\n<meta property=\"og:locale\" content=\"pl_PL\" \/>\n<meta property=\"og:type\" content=\"article\" \/>\n<meta property=\"og:title\" content=\"Uroczysto\u015bci rocznicowe na Cmentarzu Wojennym w Starych \u0141ysog\u00f3rkach - ZSP w Chojnie\" \/>\n<meta property=\"og:description\" content=\"1 wrze\u015bnia 2025 r., na Cmentarzu Wojennym I Armii Wojska Polskiego w Starych \u0141ysog\u00f3rkach, odby\u0142y si\u0119 uroczysto\u015bci po\u015bwi\u0119cone 86. rocznicy wybuchu II wojny \u015bwiatowej. Wydarzenie rozpocz\u0119\u0142a uroczysta Msza \u015bwi\u0119ta w [&hellip;]\" \/>\n<meta property=\"og:url\" content=\"https:\/\/zsp1chojna.pl\/?p=15407\" \/>\n<meta property=\"og:site_name\" content=\"ZSP w Chojnie\" \/>\n<meta property=\"article:published_time\" content=\"2025-09-01T11:07:57+00:00\" \/>\n<meta property=\"article:modified_time\" content=\"2026-03-03T13:37:02+00:00\" \/>\n<meta property=\"og:image\" content=\"https:\/\/zsp1chojna.pl\/wp-content\/uploads\/2026\/03\/image006-4.jpg\" \/>\n\t<meta property=\"og:image:width\" content=\"529\" \/>\n\t<meta property=\"og:image:height\" content=\"274\" \/>\n\t<meta property=\"og:image:type\" content=\"image\/jpeg\" \/>\n<meta name=\"author\" content=\"admin\" \/>\n<meta name=\"twitter:card\" content=\"summary_large_image\" \/>\n<meta name=\"twitter:label1\" content=\"Napisane przez\" \/>\n\t<meta name=\"twitter:data1\" content=\"admin\" \/>\n\t<meta name=\"twitter:label2\" content=\"Szacowany czas czytania\" \/>\n\t<meta name=\"twitter:data2\" content=\"3 minuty\" \/>\n<script type=\"application\/ld+json\" class=\"yoast-schema-graph\">{\"@context\":\"https:\/\/schema.org\",\"@graph\":[{\"@type\":\"Article\",\"@id\":\"https:\/\/zsp1chojna.pl\/?p=15407#article\",\"isPartOf\":{\"@id\":\"https:\/\/zsp1chojna.pl\/?p=15407\"},\"author\":{\"name\":\"admin\",\"@id\":\"https:\/\/zsp1chojna.pl\/#\/schema\/person\/fe8d6c03379c9cface386de0c172e127\"},\"headline\":\"Uroczysto\u015bci rocznicowe na Cmentarzu Wojennym w Starych \u0141ysog\u00f3rkach\",\"datePublished\":\"2025-09-01T11:07:57+00:00\",\"dateModified\":\"2026-03-03T13:37:02+00:00\",\"mainEntityOfPage\":{\"@id\":\"https:\/\/zsp1chojna.pl\/?p=15407\"},\"wordCount\":577,\"commentCount\":0,\"publisher\":{\"@id\":\"https:\/\/zsp1chojna.pl\/#organization\"},\"articleSection\":[\"Aktualno\u015bci 2025\/2026\"],\"inLanguage\":\"pl-PL\",\"potentialAction\":[{\"@type\":\"CommentAction\",\"name\":\"Comment\",\"target\":[\"https:\/\/zsp1chojna.pl\/?p=15407#respond\"]}]},{\"@type\":\"WebPage\",\"@id\":\"https:\/\/zsp1chojna.pl\/?p=15407\",\"url\":\"https:\/\/zsp1chojna.pl\/?p=15407\",\"name\":\"Uroczysto\u015bci rocznicowe na Cmentarzu Wojennym w Starych \u0141ysog\u00f3rkach - ZSP w Chojnie\",\"isPartOf\":{\"@id\":\"https:\/\/zsp1chojna.pl\/#website\"},\"datePublished\":\"2025-09-01T11:07:57+00:00\",\"dateModified\":\"2026-03-03T13:37:02+00:00\",\"breadcrumb\":{\"@id\":\"https:\/\/zsp1chojna.pl\/?p=15407#breadcrumb\"},\"inLanguage\":\"pl-PL\",\"potentialAction\":[{\"@type\":\"ReadAction\",\"target\":[\"https:\/\/zsp1chojna.pl\/?p=15407\"]}]},{\"@type\":\"BreadcrumbList\",\"@id\":\"https:\/\/zsp1chojna.pl\/?p=15407#breadcrumb\",\"itemListElement\":[{\"@type\":\"ListItem\",\"position\":1,\"name\":\"Home\",\"item\":\"https:\/\/zsp1chojna.pl\/\"},{\"@type\":\"ListItem\",\"position\":2,\"name\":\"Uroczysto\u015bci rocznicowe na Cmentarzu Wojennym w Starych \u0141ysog\u00f3rkach\"}]},{\"@type\":\"WebSite\",\"@id\":\"https:\/\/zsp1chojna.pl\/#website\",\"url\":\"https:\/\/zsp1chojna.pl\/\",\"name\":\"ZSP w Chojnie\",\"description\":\"\",\"publisher\":{\"@id\":\"https:\/\/zsp1chojna.pl\/#organization\"},\"potentialAction\":[{\"@type\":\"SearchAction\",\"target\":{\"@type\":\"EntryPoint\",\"urlTemplate\":\"https:\/\/zsp1chojna.pl\/?s={search_term_string}\"},\"query-input\":\"required name=search_term_string\"}],\"inLanguage\":\"pl-PL\"},{\"@type\":\"Organization\",\"@id\":\"https:\/\/zsp1chojna.pl\/#organization\",\"name\":\"ZSP w Chojnie\",\"url\":\"https:\/\/zsp1chojna.pl\/\",\"logo\":{\"@type\":\"ImageObject\",\"inLanguage\":\"pl-PL\",\"@id\":\"https:\/\/zsp1chojna.pl\/#\/schema\/logo\/image\/\",\"url\":\"https:\/\/zsp1chojna.pl\/wp-content\/uploads\/2023\/08\/cropped-cropped-cropped-Logo-biale-napis-na-3-wiersze_504-1.png\",\"contentUrl\":\"https:\/\/zsp1chojna.pl\/wp-content\/uploads\/2023\/08\/cropped-cropped-cropped-Logo-biale-napis-na-3-wiersze_504-1.png\",\"width\":504,\"height\":167,\"caption\":\"ZSP w Chojnie\"},\"image\":{\"@id\":\"https:\/\/zsp1chojna.pl\/#\/schema\/logo\/image\/\"}},{\"@type\":\"Person\",\"@id\":\"https:\/\/zsp1chojna.pl\/#\/schema\/person\/fe8d6c03379c9cface386de0c172e127\",\"name\":\"admin\",\"image\":{\"@type\":\"ImageObject\",\"inLanguage\":\"pl-PL\",\"@id\":\"https:\/\/zsp1chojna.pl\/#\/schema\/person\/image\/\",\"url\":\"https:\/\/secure.gravatar.com\/avatar\/35d79b1d799ff9bac401976862e535bf785f4039d8313d3c00b303598a46dd4e?s=96&d=mm&r=g\",\"contentUrl\":\"https:\/\/secure.gravatar.com\/avatar\/35d79b1d799ff9bac401976862e535bf785f4039d8313d3c00b303598a46dd4e?s=96&d=mm&r=g\",\"caption\":\"admin\"},\"sameAs\":[\"http:\/\/nowazspchojna.pl\"],\"url\":\"https:\/\/zsp1chojna.pl\/?author=1\"}]}<\/script>\n<!-- \/ Yoast SEO plugin. -->","yoast_head_json":{"title":"Uroczysto\u015bci rocznicowe na Cmentarzu Wojennym w Starych \u0141ysog\u00f3rkach - ZSP w Chojnie","robots":{"index":"index","follow":"follow","max-snippet":"max-snippet:-1","max-image-preview":"max-image-preview:large","max-video-preview":"max-video-preview:-1"},"canonical":"https:\/\/zsp1chojna.pl\/?p=15407","og_locale":"pl_PL","og_type":"article","og_title":"Uroczysto\u015bci rocznicowe na Cmentarzu Wojennym w Starych \u0141ysog\u00f3rkach - ZSP w Chojnie","og_description":"1 wrze\u015bnia 2025 r., na Cmentarzu Wojennym I Armii Wojska Polskiego w Starych \u0141ysog\u00f3rkach, odby\u0142y si\u0119 uroczysto\u015bci po\u015bwi\u0119cone 86. rocznicy wybuchu II wojny \u015bwiatowej. Wydarzenie rozpocz\u0119\u0142a uroczysta Msza \u015bwi\u0119ta w [&hellip;]","og_url":"https:\/\/zsp1chojna.pl\/?p=15407","og_site_name":"ZSP w Chojnie","article_published_time":"2025-09-01T11:07:57+00:00","article_modified_time":"2026-03-03T13:37:02+00:00","og_image":[{"width":529,"height":274,"url":"https:\/\/zsp1chojna.pl\/wp-content\/uploads\/2026\/03\/image006-4.jpg","type":"image\/jpeg"}],"author":"admin","twitter_card":"summary_large_image","twitter_misc":{"Napisane przez":"admin","Szacowany czas czytania":"3 minuty"},"schema":{"@context":"https:\/\/schema.org","@graph":[{"@type":"Article","@id":"https:\/\/zsp1chojna.pl\/?p=15407#article","isPartOf":{"@id":"https:\/\/zsp1chojna.pl\/?p=15407"},"author":{"name":"admin","@id":"https:\/\/zsp1chojna.pl\/#\/schema\/person\/fe8d6c03379c9cface386de0c172e127"},"headline":"Uroczysto\u015bci rocznicowe na Cmentarzu Wojennym w Starych \u0141ysog\u00f3rkach","datePublished":"2025-09-01T11:07:57+00:00","dateModified":"2026-03-03T13:37:02+00:00","mainEntityOfPage":{"@id":"https:\/\/zsp1chojna.pl\/?p=15407"},"wordCount":577,"commentCount":0,"publisher":{"@id":"https:\/\/zsp1chojna.pl\/#organization"},"articleSection":["Aktualno\u015bci 2025\/2026"],"inLanguage":"pl-PL","potentialAction":[{"@type":"CommentAction","name":"Comment","target":["https:\/\/zsp1chojna.pl\/?p=15407#respond"]}]},{"@type":"WebPage","@id":"https:\/\/zsp1chojna.pl\/?p=15407","url":"https:\/\/zsp1chojna.pl\/?p=15407","name":"Uroczysto\u015bci rocznicowe na Cmentarzu Wojennym w Starych \u0141ysog\u00f3rkach - ZSP w Chojnie","isPartOf":{"@id":"https:\/\/zsp1chojna.pl\/#website"},"datePublished":"2025-09-01T11:07:57+00:00","dateModified":"2026-03-03T13:37:02+00:00","breadcrumb":{"@id":"https:\/\/zsp1chojna.pl\/?p=15407#breadcrumb"},"inLanguage":"pl-PL","potentialAction":[{"@type":"ReadAction","target":["https:\/\/zsp1chojna.pl\/?p=15407"]}]},{"@type":"BreadcrumbList","@id":"https:\/\/zsp1chojna.pl\/?p=15407#breadcrumb","itemListElement":[{"@type":"ListItem","position":1,"name":"Home","item":"https:\/\/zsp1chojna.pl\/"},{"@type":"ListItem","position":2,"name":"Uroczysto\u015bci rocznicowe na Cmentarzu Wojennym w Starych \u0141ysog\u00f3rkach"}]},{"@type":"WebSite","@id":"https:\/\/zsp1chojna.pl\/#website","url":"https:\/\/zsp1chojna.pl\/","name":"ZSP w Chojnie","description":"","publisher":{"@id":"https:\/\/zsp1chojna.pl\/#organization"},"potentialAction":[{"@type":"SearchAction","target":{"@type":"EntryPoint","urlTemplate":"https:\/\/zsp1chojna.pl\/?s={search_term_string}"},"query-input":"required name=search_term_string"}],"inLanguage":"pl-PL"},{"@type":"Organization","@id":"https:\/\/zsp1chojna.pl\/#organization","name":"ZSP w Chojnie","url":"https:\/\/zsp1chojna.pl\/","logo":{"@type":"ImageObject","inLanguage":"pl-PL","@id":"https:\/\/zsp1chojna.pl\/#\/schema\/logo\/image\/","url":"https:\/\/zsp1chojna.pl\/wp-content\/uploads\/2023\/08\/cropped-cropped-cropped-Logo-biale-napis-na-3-wiersze_504-1.png","contentUrl":"https:\/\/zsp1chojna.pl\/wp-content\/uploads\/2023\/08\/cropped-cropped-cropped-Logo-biale-napis-na-3-wiersze_504-1.png","width":504,"height":167,"caption":"ZSP w Chojnie"},"image":{"@id":"https:\/\/zsp1chojna.pl\/#\/schema\/logo\/image\/"}},{"@type":"Person","@id":"https:\/\/zsp1chojna.pl\/#\/schema\/person\/fe8d6c03379c9cface386de0c172e127","name":"admin","image":{"@type":"ImageObject","inLanguage":"pl-PL","@id":"https:\/\/zsp1chojna.pl\/#\/schema\/person\/image\/","url":"https:\/\/secure.gravatar.com\/avatar\/35d79b1d799ff9bac401976862e535bf785f4039d8313d3c00b303598a46dd4e?s=96&d=mm&r=g","contentUrl":"https:\/\/secure.gravatar.com\/avatar\/35d79b1d799ff9bac401976862e535bf785f4039d8313d3c00b303598a46dd4e?s=96&d=mm&r=g","caption":"admin"},"sameAs":["http:\/\/nowazspchojna.pl"],"url":"https:\/\/zsp1chojna.pl\/?author=1"}]}},"jetpack_featured_media_url":"https:\/\/zsp1chojna.pl\/wp-content\/uploads\/2026\/03\/image006-4.jpg","_links":{"self":[{"href":"https:\/\/zsp1chojna.pl\/index.php?rest_route=\/wp\/v2\/posts\/15407","targetHints":{"allow":["GET"]}}],"collection":[{"href":"https:\/\/zsp1chojna.pl\/index.php?rest_route=\/wp\/v2\/posts"}],"about":[{"href":"https:\/\/zsp1chojna.pl\/index.php?rest_route=\/wp\/v2\/types\/post"}],"author":[{"embeddable":true,"href":"https:\/\/zsp1chojna.pl\/index.php?rest_route=\/wp\/v2\/users\/1"}],"replies":[{"embeddable":true,"href":"https:\/\/zsp1chojna.pl\/index.php?rest_route=%2Fwp%2Fv2%2Fcomments&post=15407"}],"version-history":[{"count":2,"href":"https:\/\/zsp1chojna.pl\/index.php?rest_route=\/wp\/v2\/posts\/15407\/revisions"}],"predecessor-version":[{"id":15458,"href":"https:\/\/zsp1chojna.pl\/index.php?rest_route=\/wp\/v2\/posts\/15407\/revisions\/15458"}],"wp:featuredmedia":[{"embeddable":true,"href":"https:\/\/zsp1chojna.pl\/index.php?rest_route=\/wp\/v2\/media\/15410"}],"wp:attachment":[{"href":"https:\/\/zsp1chojna.pl\/index.php?rest_route=%2Fwp%2Fv2%2Fmedia&parent=15407"}],"wp:term":[{"taxonomy":"category","embeddable":true,"href":"https:\/\/zsp1chojna.pl\/index.php?rest_route=%2Fwp%2Fv2%2Fcategories&post=15407"},{"taxonomy":"post_tag","embeddable":true,"href":"https:\/\/zsp1chojna.pl\/index.php?rest_route=%2Fwp%2Fv2%2Ftags&post=15407"}],"curies":[{"name":"wp","href":"https:\/\/api.w.org\/{rel}","templated":true}]}}