{"id":15397,"date":"2026-02-18T12:55:38","date_gmt":"2026-02-18T11:55:38","guid":{"rendered":"https:\/\/zsp1chojna.pl\/?p=15397"},"modified":"2026-03-03T13:03:55","modified_gmt":"2026-03-03T12:03:55","slug":"zajecia-praktyczne-opw-w-5-pulku-inzynieryjnym-w-szczecinie-18","status":"publish","type":"post","link":"https:\/\/zsp1chojna.pl\/?p=15397","title":{"rendered":"Zaj\u0119cia praktyczne OPW w 5. Pu\u0142ku In\u017cynieryjnym w Szczecinie"},"content":{"rendered":"\n<p class=\"has-text-align-justify has-text-align-justify\">18 lutego 2026 r., kadeci klasy drugiej oraz trzeciej OPW Zespo\u0142u Szk\u00f3\u0142 Ponadpodstawowych w Chojnie, uczestniczyli w kolejnych zaj\u0119ciach programowych, w ramach szkolenia praktycznego Oddzia\u0142\u00f3w Przygotowania Wojskowego, kt\u00f3rych organizatorem by\u0142a patronacka jednostka wojskowa \u2013 5. Pu\u0142k In\u017cynieryjny w Szczecinie Podjuchach. Zaj\u0119cia rozpocz\u0119\u0142y si\u0119 od zbi\u00f3rki szkolonych kadet\u00f3w. Plan zaj\u0119\u0107 dla klasy drugiej, zgodnie z harmonogramem obejmowa\u0142 tego dnia musztr\u0119, \u0142\u0105czno\u015b\u0107 oraz terenoznawstwo. Zaj\u0119cia rozpocz\u0119\u0142y si\u0119 od musztry, realizowanej na placu apelowym, gdzie kadeci zostali podzieleni na podgrupy szkoleniowe.<\/p>\n\n\n\n<div class=\"wp-block-columns is-layout-flex wp-container-core-columns-is-layout-9d6595d7 wp-block-columns-is-layout-flex\">\n<div class=\"wp-block-column is-layout-flow wp-block-column-is-layout-flow\"><div class=\"wp-block-image\">\n<figure class=\"alignright size-full\"><img loading=\"lazy\" decoding=\"async\" width=\"529\" height=\"291\" data-attachment-id=\"15399\" data-permalink=\"https:\/\/zsp1chojna.pl\/?attachment_id=15399\" data-orig-file=\"https:\/\/zsp1chojna.pl\/wp-content\/uploads\/2026\/03\/OPW2026-1.jpg\" data-orig-size=\"529,291\" data-comments-opened=\"1\" data-image-meta=\"{&quot;aperture&quot;:&quot;0&quot;,&quot;credit&quot;:&quot;&quot;,&quot;camera&quot;:&quot;&quot;,&quot;caption&quot;:&quot;&quot;,&quot;created_timestamp&quot;:&quot;0&quot;,&quot;copyright&quot;:&quot;&quot;,&quot;focal_length&quot;:&quot;0&quot;,&quot;iso&quot;:&quot;0&quot;,&quot;shutter_speed&quot;:&quot;0&quot;,&quot;title&quot;:&quot;&quot;,&quot;orientation&quot;:&quot;0&quot;}\" data-image-title=\"OPW2026 (1)\" data-image-description=\"\" data-image-caption=\"\" data-medium-file=\"https:\/\/zsp1chojna.pl\/wp-content\/uploads\/2026\/03\/OPW2026-1-300x165.jpg\" data-large-file=\"https:\/\/zsp1chojna.pl\/wp-content\/uploads\/2026\/03\/OPW2026-1.jpg\" src=\"https:\/\/zsp1chojna.pl\/wp-content\/uploads\/2026\/03\/OPW2026-1.jpg\" alt=\"\" class=\"wp-image-15399\" srcset=\"https:\/\/zsp1chojna.pl\/wp-content\/uploads\/2026\/03\/OPW2026-1.jpg 529w, https:\/\/zsp1chojna.pl\/wp-content\/uploads\/2026\/03\/OPW2026-1-300x165.jpg 300w\" sizes=\"auto, (max-width: 529px) 100vw, 529px\" \/><\/figure>\n<\/div><\/div>\n\n\n\n<div class=\"wp-block-column is-layout-flow wp-block-column-is-layout-flow\"><div class=\"wp-block-image\">\n<figure class=\"alignleft size-full\"><img loading=\"lazy\" decoding=\"async\" width=\"529\" height=\"291\" data-attachment-id=\"15400\" data-permalink=\"https:\/\/zsp1chojna.pl\/?attachment_id=15400\" data-orig-file=\"https:\/\/zsp1chojna.pl\/wp-content\/uploads\/2026\/03\/OPW2026-2.jpg\" data-orig-size=\"529,291\" data-comments-opened=\"1\" data-image-meta=\"{&quot;aperture&quot;:&quot;0&quot;,&quot;credit&quot;:&quot;&quot;,&quot;camera&quot;:&quot;&quot;,&quot;caption&quot;:&quot;&quot;,&quot;created_timestamp&quot;:&quot;0&quot;,&quot;copyright&quot;:&quot;&quot;,&quot;focal_length&quot;:&quot;0&quot;,&quot;iso&quot;:&quot;0&quot;,&quot;shutter_speed&quot;:&quot;0&quot;,&quot;title&quot;:&quot;&quot;,&quot;orientation&quot;:&quot;0&quot;}\" data-image-title=\"OPW2026 (2)\" data-image-description=\"\" data-image-caption=\"\" data-medium-file=\"https:\/\/zsp1chojna.pl\/wp-content\/uploads\/2026\/03\/OPW2026-2-300x165.jpg\" data-large-file=\"https:\/\/zsp1chojna.pl\/wp-content\/uploads\/2026\/03\/OPW2026-2.jpg\" src=\"https:\/\/zsp1chojna.pl\/wp-content\/uploads\/2026\/03\/OPW2026-2.jpg\" alt=\"\" class=\"wp-image-15400\" srcset=\"https:\/\/zsp1chojna.pl\/wp-content\/uploads\/2026\/03\/OPW2026-2.jpg 529w, https:\/\/zsp1chojna.pl\/wp-content\/uploads\/2026\/03\/OPW2026-2-300x165.jpg 300w\" sizes=\"auto, (max-width: 529px) 100vw, 529px\" \/><\/figure>\n<\/div><\/div>\n<\/div>\n\n\n\n<p class=\"has-text-align-justify has-text-align-justify\">W trakcie zaj\u0119\u0107 doskonalono takie elementy musztry jak: postawa zasadnicza i\u00a0 swobodna, zwroty, oddawanie honor\u00f3w, marsz, bieg, zatrzymywanie si\u0119, wydawanie komend, wykonywanie zbi\u00f3rek, marsz pododdzia\u0142u, zachowanie w szyku oraz zmiana ugrupowania. Nast\u0119pnie przyszed\u0142 czas na \u0142\u0105czno\u015b\u0107, podczas kt\u00f3rej kadeci \u0107wiczyli obs\u0142ug\u0119 radiostacji plecakowej RRC-9210. Wcze\u015bniej zostali zapoznani z przeznaczeniem i danymi taktyczno-technicznymi radiostacji. Ostatnim zagadnieniem realizowanym tego dnia, by\u0142o szkolenie z terenoznawstwa, obejmuj\u0105ce dwa tematy: orientowanie si\u0119 w terenie bez mapy oraz praca z map\u0105 wojskow\u0105 w terenie. Aby m\u00f3c realizowa\u0107 zaj\u0119cia w warunkach zbli\u017conych do realnych, kadeci udali si\u0119 na\u00a0 poligon wodny, zlokalizowany przy odnodze Odry \u2013 Regalicy. Podczas szkolenia, uczniowie poznawali zasady orientowania si\u0119 w terenie bez mapy, pos\u0142ugiwania si\u0119 busol\u0105, GPS, a tak\u017ce podr\u0119cznymi przyrz\u0105dami pomiarowymi. Nast\u0119pnie \u0107wiczyli jak praktyczne okre\u015bli\u0107 w terenie kierunki stron \u015bwiata r\u00f3\u017cnymi sposobami oraz oszacowa\u0107 odleg\u0142o\u015bci w\u00a0 terenie.<\/p>\n\n\n\n<div class=\"wp-block-columns is-layout-flex wp-container-core-columns-is-layout-9d6595d7 wp-block-columns-is-layout-flex\">\n<div class=\"wp-block-column is-layout-flow wp-block-column-is-layout-flow\"><div class=\"wp-block-image\">\n<figure class=\"alignright size-full\"><img loading=\"lazy\" decoding=\"async\" width=\"529\" height=\"291\" data-attachment-id=\"15401\" data-permalink=\"https:\/\/zsp1chojna.pl\/?attachment_id=15401\" data-orig-file=\"https:\/\/zsp1chojna.pl\/wp-content\/uploads\/2026\/03\/OPW2026-3.jpg\" data-orig-size=\"529,291\" data-comments-opened=\"1\" data-image-meta=\"{&quot;aperture&quot;:&quot;0&quot;,&quot;credit&quot;:&quot;&quot;,&quot;camera&quot;:&quot;&quot;,&quot;caption&quot;:&quot;&quot;,&quot;created_timestamp&quot;:&quot;0&quot;,&quot;copyright&quot;:&quot;&quot;,&quot;focal_length&quot;:&quot;0&quot;,&quot;iso&quot;:&quot;0&quot;,&quot;shutter_speed&quot;:&quot;0&quot;,&quot;title&quot;:&quot;&quot;,&quot;orientation&quot;:&quot;0&quot;}\" data-image-title=\"OPW2026 (3)\" data-image-description=\"\" data-image-caption=\"\" data-medium-file=\"https:\/\/zsp1chojna.pl\/wp-content\/uploads\/2026\/03\/OPW2026-3-300x165.jpg\" data-large-file=\"https:\/\/zsp1chojna.pl\/wp-content\/uploads\/2026\/03\/OPW2026-3.jpg\" src=\"https:\/\/zsp1chojna.pl\/wp-content\/uploads\/2026\/03\/OPW2026-3.jpg\" alt=\"\" class=\"wp-image-15401\" srcset=\"https:\/\/zsp1chojna.pl\/wp-content\/uploads\/2026\/03\/OPW2026-3.jpg 529w, https:\/\/zsp1chojna.pl\/wp-content\/uploads\/2026\/03\/OPW2026-3-300x165.jpg 300w\" sizes=\"auto, (max-width: 529px) 100vw, 529px\" \/><\/figure>\n<\/div><\/div>\n\n\n\n<div class=\"wp-block-column is-layout-flow wp-block-column-is-layout-flow\"><div class=\"wp-block-image\">\n<figure class=\"alignleft size-full\"><img loading=\"lazy\" decoding=\"async\" width=\"529\" height=\"291\" data-attachment-id=\"15402\" data-permalink=\"https:\/\/zsp1chojna.pl\/?attachment_id=15402\" data-orig-file=\"https:\/\/zsp1chojna.pl\/wp-content\/uploads\/2026\/03\/OPW2026-4.jpg\" data-orig-size=\"529,291\" data-comments-opened=\"1\" data-image-meta=\"{&quot;aperture&quot;:&quot;0&quot;,&quot;credit&quot;:&quot;&quot;,&quot;camera&quot;:&quot;&quot;,&quot;caption&quot;:&quot;&quot;,&quot;created_timestamp&quot;:&quot;0&quot;,&quot;copyright&quot;:&quot;&quot;,&quot;focal_length&quot;:&quot;0&quot;,&quot;iso&quot;:&quot;0&quot;,&quot;shutter_speed&quot;:&quot;0&quot;,&quot;title&quot;:&quot;&quot;,&quot;orientation&quot;:&quot;0&quot;}\" data-image-title=\"OPW2026 (4)\" data-image-description=\"\" data-image-caption=\"\" data-medium-file=\"https:\/\/zsp1chojna.pl\/wp-content\/uploads\/2026\/03\/OPW2026-4-300x165.jpg\" data-large-file=\"https:\/\/zsp1chojna.pl\/wp-content\/uploads\/2026\/03\/OPW2026-4.jpg\" src=\"https:\/\/zsp1chojna.pl\/wp-content\/uploads\/2026\/03\/OPW2026-4.jpg\" alt=\"\" class=\"wp-image-15402\" srcset=\"https:\/\/zsp1chojna.pl\/wp-content\/uploads\/2026\/03\/OPW2026-4.jpg 529w, https:\/\/zsp1chojna.pl\/wp-content\/uploads\/2026\/03\/OPW2026-4-300x165.jpg 300w\" sizes=\"auto, (max-width: 529px) 100vw, 529px\" \/><\/figure>\n<\/div><\/div>\n<\/div>\n\n\n\n<p class=\"has-text-align-justify has-text-align-justify\">Kolejnym zagadnieniem w ramach terenoznawstwa, by\u0142o szkolenie w orientowaniu si\u0119 w terenie z map\u0105, okre\u015blanie wsp\u00f3\u0142rz\u0119dnych miejsca stania i przedmiot\u00f3w terenowych oraz czytanie tre\u015bci mapy i por\u00f3wnanie z rzeczywistym terenem.<\/p>\n\n\n<div class=\"wp-block-image\">\n<figure class=\"aligncenter size-full is-resized\"><img loading=\"lazy\" decoding=\"async\" width=\"529\" height=\"291\" data-attachment-id=\"15403\" data-permalink=\"https:\/\/zsp1chojna.pl\/?attachment_id=15403\" data-orig-file=\"https:\/\/zsp1chojna.pl\/wp-content\/uploads\/2026\/03\/OPW2026-5.jpg\" data-orig-size=\"529,291\" data-comments-opened=\"1\" data-image-meta=\"{&quot;aperture&quot;:&quot;0&quot;,&quot;credit&quot;:&quot;&quot;,&quot;camera&quot;:&quot;&quot;,&quot;caption&quot;:&quot;&quot;,&quot;created_timestamp&quot;:&quot;0&quot;,&quot;copyright&quot;:&quot;&quot;,&quot;focal_length&quot;:&quot;0&quot;,&quot;iso&quot;:&quot;0&quot;,&quot;shutter_speed&quot;:&quot;0&quot;,&quot;title&quot;:&quot;&quot;,&quot;orientation&quot;:&quot;0&quot;}\" data-image-title=\"OPW2026 (5)\" data-image-description=\"\" data-image-caption=\"\" data-medium-file=\"https:\/\/zsp1chojna.pl\/wp-content\/uploads\/2026\/03\/OPW2026-5-300x165.jpg\" data-large-file=\"https:\/\/zsp1chojna.pl\/wp-content\/uploads\/2026\/03\/OPW2026-5.jpg\" src=\"https:\/\/zsp1chojna.pl\/wp-content\/uploads\/2026\/03\/OPW2026-5.jpg\" alt=\"\" class=\"wp-image-15403\" style=\"width:665px;height:auto\" srcset=\"https:\/\/zsp1chojna.pl\/wp-content\/uploads\/2026\/03\/OPW2026-5.jpg 529w, https:\/\/zsp1chojna.pl\/wp-content\/uploads\/2026\/03\/OPW2026-5-300x165.jpg 300w\" sizes=\"auto, (max-width: 529px) 100vw, 529px\" \/><\/figure>\n<\/div>\n\n\n<p class=\"has-text-align-justify has-text-align-justify\">Najciekawsze zaj\u0119cia tego dnia realizowali kadeci klasy trzeciej OPW, poniewa\u017c by\u0142 to ca\u0142y blok zaj\u0119\u0107 ze szkolenia strzeleckiego. W ramach zaj\u0119\u0107, kadeci udali si\u0119 transportem samochodowym na teren Puszczy Bukowej, w kt\u00f3rej zlokalizowana jest strzelnica jednostki. Tam kadetom przypomniano zasady strzelania z broni strzeleckiej. Instruktorzy przekazywali wiedz\u0119 dotycz\u0105c\u0105 przeznaczenia, budowy oraz zasad dzia\u0142ania karabinka. Om\u00f3wili r\u00f3wnie\u017c zasady dotycz\u0105ce celowania i oddawania strza\u0142u, a tak\u017ce korygowania wyst\u0119puj\u0105cych nieprawid\u0142owo\u015bci i b\u0142\u0119d\u00f3w. Wszystko to, by\u0142o wst\u0119pem do najciekawszej tego dnia cz\u0119\u015bci zaj\u0119\u0107 \u2013 strzelania na strzelnicy otwartej z karabinka kbks ostr\u0105 amunicj\u0105. Kadeci, pod czujnym okiem instruktor\u00f3w, wykonywali strzelania do tarcz, a nast\u0119pnie sprawdzali swoje wyniki. Wielu z nich osi\u0105gn\u0119\u0142o bardzo dobre wyniki oraz du\u017c\u0105 satysfakcj\u0119, pomimo dojmuj\u0105cego tego dnia ch\u0142odu oraz ujemnej temperatury.<\/p>\n\n\n\n<p class=\"has-text-align-right\">&nbsp;&nbsp;&nbsp;&nbsp;&nbsp;&nbsp;&nbsp;&nbsp;&nbsp;&nbsp;&nbsp;&nbsp;&nbsp;&nbsp;&nbsp;&nbsp;&nbsp;&nbsp;&nbsp;&nbsp;&nbsp;&nbsp;&nbsp;&nbsp;&nbsp;&nbsp;&nbsp;&nbsp;&nbsp;&nbsp;&nbsp;&nbsp;&nbsp;&nbsp;&nbsp;&nbsp;&nbsp;&nbsp;&nbsp;&nbsp;&nbsp;&nbsp;&nbsp;&nbsp;&nbsp;&nbsp;&nbsp;&nbsp;&nbsp;&nbsp;&nbsp;&nbsp;&nbsp;&nbsp;&nbsp;&nbsp;&nbsp;&nbsp;&nbsp;&nbsp;&nbsp;&nbsp;&nbsp;&nbsp;&nbsp;&nbsp;&nbsp;&nbsp;&nbsp;&nbsp;&nbsp;&nbsp;&nbsp;&nbsp;&nbsp;&nbsp;&nbsp;&nbsp;&nbsp;&nbsp;&nbsp;&nbsp;&nbsp;&nbsp;&nbsp;&nbsp;&nbsp;&nbsp;&nbsp;&nbsp;&nbsp;&nbsp;&nbsp;&nbsp;&nbsp;&nbsp;&nbsp;&nbsp;&nbsp;&nbsp;&nbsp;&nbsp;&nbsp;&nbsp;&nbsp;&nbsp;&nbsp;&nbsp;&nbsp;&nbsp;&nbsp;&nbsp;&nbsp;&nbsp;&nbsp;&nbsp;&nbsp; mgr Marek Bednarz<\/p>\n","protected":false},"excerpt":{"rendered":"<p>18 lutego 2026 r., kadeci klasy drugiej oraz trzeciej OPW Zespo\u0142u Szk\u00f3\u0142 Ponadpodstawowych w Chojnie, uczestniczyli w kolejnych zaj\u0119ciach programowych, w ramach szkolenia praktycznego Oddzia\u0142\u00f3w Przygotowania Wojskowego, kt\u00f3rych organizatorem by\u0142a [&hellip;]<\/p>\n","protected":false},"author":1,"featured_media":15403,"comment_status":"open","ping_status":"open","sticky":false,"template":"","format":"standard","meta":{"footnotes":""},"categories":[32],"tags":[],"class_list":["post-15397","post","type-post","status-publish","format-standard","has-post-thumbnail","hentry","category-aktualnosci-2025-2026"],"wbAuthor":{"name":"admin","link":"https:\/\/zsp1chojna.pl\/?author=1"},"wbDate":"lut 18, 2026","wbCategories":{"space":"<a href=\"https:\/\/zsp1chojna.pl\/?cat=32\" rel=\"category\">Aktualno\u015bci 2025\/2026<\/a>","coma":"<a href=\"https:\/\/zsp1chojna.pl\/?cat=32\" rel=\"category\">Aktualno\u015bci 2025\/2026<\/a>"},"wbComment":0,"yoast_head":"<!-- This site is optimized with the Yoast SEO plugin v20.13 - https:\/\/yoast.com\/wordpress\/plugins\/seo\/ -->\n<title>Zaj\u0119cia praktyczne OPW w 5. Pu\u0142ku In\u017cynieryjnym w Szczecinie - ZSP w Chojnie<\/title>\n<meta name=\"robots\" content=\"index, follow, max-snippet:-1, max-image-preview:large, max-video-preview:-1\" \/>\n<link rel=\"canonical\" href=\"https:\/\/zsp1chojna.pl\/?p=15397\" \/>\n<meta property=\"og:locale\" content=\"pl_PL\" \/>\n<meta property=\"og:type\" content=\"article\" \/>\n<meta property=\"og:title\" content=\"Zaj\u0119cia praktyczne OPW w 5. Pu\u0142ku In\u017cynieryjnym w Szczecinie - ZSP w Chojnie\" \/>\n<meta property=\"og:description\" content=\"18 lutego 2026 r., kadeci klasy drugiej oraz trzeciej OPW Zespo\u0142u Szk\u00f3\u0142 Ponadpodstawowych w Chojnie, uczestniczyli w kolejnych zaj\u0119ciach programowych, w ramach szkolenia praktycznego Oddzia\u0142\u00f3w Przygotowania Wojskowego, kt\u00f3rych organizatorem by\u0142a [&hellip;]\" \/>\n<meta property=\"og:url\" content=\"https:\/\/zsp1chojna.pl\/?p=15397\" \/>\n<meta property=\"og:site_name\" content=\"ZSP w Chojnie\" \/>\n<meta property=\"article:published_time\" content=\"2026-02-18T11:55:38+00:00\" \/>\n<meta property=\"article:modified_time\" content=\"2026-03-03T12:03:55+00:00\" \/>\n<meta property=\"og:image\" content=\"https:\/\/zsp1chojna.pl\/wp-content\/uploads\/2026\/03\/OPW2026-5.jpg\" \/>\n\t<meta property=\"og:image:width\" content=\"529\" \/>\n\t<meta property=\"og:image:height\" content=\"291\" \/>\n\t<meta property=\"og:image:type\" content=\"image\/jpeg\" \/>\n<meta name=\"author\" content=\"admin\" \/>\n<meta name=\"twitter:card\" content=\"summary_large_image\" \/>\n<meta name=\"twitter:label1\" content=\"Napisane przez\" \/>\n\t<meta name=\"twitter:data1\" content=\"admin\" \/>\n\t<meta name=\"twitter:label2\" content=\"Szacowany czas czytania\" \/>\n\t<meta name=\"twitter:data2\" content=\"4 minuty\" \/>\n<script type=\"application\/ld+json\" class=\"yoast-schema-graph\">{\"@context\":\"https:\/\/schema.org\",\"@graph\":[{\"@type\":\"Article\",\"@id\":\"https:\/\/zsp1chojna.pl\/?p=15397#article\",\"isPartOf\":{\"@id\":\"https:\/\/zsp1chojna.pl\/?p=15397\"},\"author\":{\"name\":\"admin\",\"@id\":\"https:\/\/zsp1chojna.pl\/#\/schema\/person\/fe8d6c03379c9cface386de0c172e127\"},\"headline\":\"Zaj\u0119cia praktyczne OPW w 5. Pu\u0142ku In\u017cynieryjnym w Szczecinie\",\"datePublished\":\"2026-02-18T11:55:38+00:00\",\"dateModified\":\"2026-03-03T12:03:55+00:00\",\"mainEntityOfPage\":{\"@id\":\"https:\/\/zsp1chojna.pl\/?p=15397\"},\"wordCount\":556,\"commentCount\":0,\"publisher\":{\"@id\":\"https:\/\/zsp1chojna.pl\/#organization\"},\"articleSection\":[\"Aktualno\u015bci 2025\/2026\"],\"inLanguage\":\"pl-PL\",\"potentialAction\":[{\"@type\":\"CommentAction\",\"name\":\"Comment\",\"target\":[\"https:\/\/zsp1chojna.pl\/?p=15397#respond\"]}]},{\"@type\":\"WebPage\",\"@id\":\"https:\/\/zsp1chojna.pl\/?p=15397\",\"url\":\"https:\/\/zsp1chojna.pl\/?p=15397\",\"name\":\"Zaj\u0119cia praktyczne OPW w 5. Pu\u0142ku In\u017cynieryjnym w Szczecinie - ZSP w Chojnie\",\"isPartOf\":{\"@id\":\"https:\/\/zsp1chojna.pl\/#website\"},\"datePublished\":\"2026-02-18T11:55:38+00:00\",\"dateModified\":\"2026-03-03T12:03:55+00:00\",\"breadcrumb\":{\"@id\":\"https:\/\/zsp1chojna.pl\/?p=15397#breadcrumb\"},\"inLanguage\":\"pl-PL\",\"potentialAction\":[{\"@type\":\"ReadAction\",\"target\":[\"https:\/\/zsp1chojna.pl\/?p=15397\"]}]},{\"@type\":\"BreadcrumbList\",\"@id\":\"https:\/\/zsp1chojna.pl\/?p=15397#breadcrumb\",\"itemListElement\":[{\"@type\":\"ListItem\",\"position\":1,\"name\":\"Home\",\"item\":\"https:\/\/zsp1chojna.pl\/\"},{\"@type\":\"ListItem\",\"position\":2,\"name\":\"Zaj\u0119cia praktyczne OPW w 5. Pu\u0142ku In\u017cynieryjnym w Szczecinie\"}]},{\"@type\":\"WebSite\",\"@id\":\"https:\/\/zsp1chojna.pl\/#website\",\"url\":\"https:\/\/zsp1chojna.pl\/\",\"name\":\"ZSP w Chojnie\",\"description\":\"\",\"publisher\":{\"@id\":\"https:\/\/zsp1chojna.pl\/#organization\"},\"potentialAction\":[{\"@type\":\"SearchAction\",\"target\":{\"@type\":\"EntryPoint\",\"urlTemplate\":\"https:\/\/zsp1chojna.pl\/?s={search_term_string}\"},\"query-input\":\"required name=search_term_string\"}],\"inLanguage\":\"pl-PL\"},{\"@type\":\"Organization\",\"@id\":\"https:\/\/zsp1chojna.pl\/#organization\",\"name\":\"ZSP w Chojnie\",\"url\":\"https:\/\/zsp1chojna.pl\/\",\"logo\":{\"@type\":\"ImageObject\",\"inLanguage\":\"pl-PL\",\"@id\":\"https:\/\/zsp1chojna.pl\/#\/schema\/logo\/image\/\",\"url\":\"https:\/\/zsp1chojna.pl\/wp-content\/uploads\/2023\/08\/cropped-cropped-cropped-Logo-biale-napis-na-3-wiersze_504-1.png\",\"contentUrl\":\"https:\/\/zsp1chojna.pl\/wp-content\/uploads\/2023\/08\/cropped-cropped-cropped-Logo-biale-napis-na-3-wiersze_504-1.png\",\"width\":504,\"height\":167,\"caption\":\"ZSP w Chojnie\"},\"image\":{\"@id\":\"https:\/\/zsp1chojna.pl\/#\/schema\/logo\/image\/\"}},{\"@type\":\"Person\",\"@id\":\"https:\/\/zsp1chojna.pl\/#\/schema\/person\/fe8d6c03379c9cface386de0c172e127\",\"name\":\"admin\",\"image\":{\"@type\":\"ImageObject\",\"inLanguage\":\"pl-PL\",\"@id\":\"https:\/\/zsp1chojna.pl\/#\/schema\/person\/image\/\",\"url\":\"https:\/\/secure.gravatar.com\/avatar\/35d79b1d799ff9bac401976862e535bf785f4039d8313d3c00b303598a46dd4e?s=96&d=mm&r=g\",\"contentUrl\":\"https:\/\/secure.gravatar.com\/avatar\/35d79b1d799ff9bac401976862e535bf785f4039d8313d3c00b303598a46dd4e?s=96&d=mm&r=g\",\"caption\":\"admin\"},\"sameAs\":[\"http:\/\/nowazspchojna.pl\"],\"url\":\"https:\/\/zsp1chojna.pl\/?author=1\"}]}<\/script>\n<!-- \/ Yoast SEO plugin. -->","yoast_head_json":{"title":"Zaj\u0119cia praktyczne OPW w 5. Pu\u0142ku In\u017cynieryjnym w Szczecinie - ZSP w Chojnie","robots":{"index":"index","follow":"follow","max-snippet":"max-snippet:-1","max-image-preview":"max-image-preview:large","max-video-preview":"max-video-preview:-1"},"canonical":"https:\/\/zsp1chojna.pl\/?p=15397","og_locale":"pl_PL","og_type":"article","og_title":"Zaj\u0119cia praktyczne OPW w 5. Pu\u0142ku In\u017cynieryjnym w Szczecinie - ZSP w Chojnie","og_description":"18 lutego 2026 r., kadeci klasy drugiej oraz trzeciej OPW Zespo\u0142u Szk\u00f3\u0142 Ponadpodstawowych w Chojnie, uczestniczyli w kolejnych zaj\u0119ciach programowych, w ramach szkolenia praktycznego Oddzia\u0142\u00f3w Przygotowania Wojskowego, kt\u00f3rych organizatorem by\u0142a [&hellip;]","og_url":"https:\/\/zsp1chojna.pl\/?p=15397","og_site_name":"ZSP w Chojnie","article_published_time":"2026-02-18T11:55:38+00:00","article_modified_time":"2026-03-03T12:03:55+00:00","og_image":[{"width":529,"height":291,"url":"https:\/\/zsp1chojna.pl\/wp-content\/uploads\/2026\/03\/OPW2026-5.jpg","type":"image\/jpeg"}],"author":"admin","twitter_card":"summary_large_image","twitter_misc":{"Napisane przez":"admin","Szacowany czas czytania":"4 minuty"},"schema":{"@context":"https:\/\/schema.org","@graph":[{"@type":"Article","@id":"https:\/\/zsp1chojna.pl\/?p=15397#article","isPartOf":{"@id":"https:\/\/zsp1chojna.pl\/?p=15397"},"author":{"name":"admin","@id":"https:\/\/zsp1chojna.pl\/#\/schema\/person\/fe8d6c03379c9cface386de0c172e127"},"headline":"Zaj\u0119cia praktyczne OPW w 5. Pu\u0142ku In\u017cynieryjnym w Szczecinie","datePublished":"2026-02-18T11:55:38+00:00","dateModified":"2026-03-03T12:03:55+00:00","mainEntityOfPage":{"@id":"https:\/\/zsp1chojna.pl\/?p=15397"},"wordCount":556,"commentCount":0,"publisher":{"@id":"https:\/\/zsp1chojna.pl\/#organization"},"articleSection":["Aktualno\u015bci 2025\/2026"],"inLanguage":"pl-PL","potentialAction":[{"@type":"CommentAction","name":"Comment","target":["https:\/\/zsp1chojna.pl\/?p=15397#respond"]}]},{"@type":"WebPage","@id":"https:\/\/zsp1chojna.pl\/?p=15397","url":"https:\/\/zsp1chojna.pl\/?p=15397","name":"Zaj\u0119cia praktyczne OPW w 5. Pu\u0142ku In\u017cynieryjnym w Szczecinie - ZSP w Chojnie","isPartOf":{"@id":"https:\/\/zsp1chojna.pl\/#website"},"datePublished":"2026-02-18T11:55:38+00:00","dateModified":"2026-03-03T12:03:55+00:00","breadcrumb":{"@id":"https:\/\/zsp1chojna.pl\/?p=15397#breadcrumb"},"inLanguage":"pl-PL","potentialAction":[{"@type":"ReadAction","target":["https:\/\/zsp1chojna.pl\/?p=15397"]}]},{"@type":"BreadcrumbList","@id":"https:\/\/zsp1chojna.pl\/?p=15397#breadcrumb","itemListElement":[{"@type":"ListItem","position":1,"name":"Home","item":"https:\/\/zsp1chojna.pl\/"},{"@type":"ListItem","position":2,"name":"Zaj\u0119cia praktyczne OPW w 5. Pu\u0142ku In\u017cynieryjnym w Szczecinie"}]},{"@type":"WebSite","@id":"https:\/\/zsp1chojna.pl\/#website","url":"https:\/\/zsp1chojna.pl\/","name":"ZSP w Chojnie","description":"","publisher":{"@id":"https:\/\/zsp1chojna.pl\/#organization"},"potentialAction":[{"@type":"SearchAction","target":{"@type":"EntryPoint","urlTemplate":"https:\/\/zsp1chojna.pl\/?s={search_term_string}"},"query-input":"required name=search_term_string"}],"inLanguage":"pl-PL"},{"@type":"Organization","@id":"https:\/\/zsp1chojna.pl\/#organization","name":"ZSP w Chojnie","url":"https:\/\/zsp1chojna.pl\/","logo":{"@type":"ImageObject","inLanguage":"pl-PL","@id":"https:\/\/zsp1chojna.pl\/#\/schema\/logo\/image\/","url":"https:\/\/zsp1chojna.pl\/wp-content\/uploads\/2023\/08\/cropped-cropped-cropped-Logo-biale-napis-na-3-wiersze_504-1.png","contentUrl":"https:\/\/zsp1chojna.pl\/wp-content\/uploads\/2023\/08\/cropped-cropped-cropped-Logo-biale-napis-na-3-wiersze_504-1.png","width":504,"height":167,"caption":"ZSP w Chojnie"},"image":{"@id":"https:\/\/zsp1chojna.pl\/#\/schema\/logo\/image\/"}},{"@type":"Person","@id":"https:\/\/zsp1chojna.pl\/#\/schema\/person\/fe8d6c03379c9cface386de0c172e127","name":"admin","image":{"@type":"ImageObject","inLanguage":"pl-PL","@id":"https:\/\/zsp1chojna.pl\/#\/schema\/person\/image\/","url":"https:\/\/secure.gravatar.com\/avatar\/35d79b1d799ff9bac401976862e535bf785f4039d8313d3c00b303598a46dd4e?s=96&d=mm&r=g","contentUrl":"https:\/\/secure.gravatar.com\/avatar\/35d79b1d799ff9bac401976862e535bf785f4039d8313d3c00b303598a46dd4e?s=96&d=mm&r=g","caption":"admin"},"sameAs":["http:\/\/nowazspchojna.pl"],"url":"https:\/\/zsp1chojna.pl\/?author=1"}]}},"jetpack_featured_media_url":"https:\/\/zsp1chojna.pl\/wp-content\/uploads\/2026\/03\/OPW2026-5.jpg","_links":{"self":[{"href":"https:\/\/zsp1chojna.pl\/index.php?rest_route=\/wp\/v2\/posts\/15397","targetHints":{"allow":["GET"]}}],"collection":[{"href":"https:\/\/zsp1chojna.pl\/index.php?rest_route=\/wp\/v2\/posts"}],"about":[{"href":"https:\/\/zsp1chojna.pl\/index.php?rest_route=\/wp\/v2\/types\/post"}],"author":[{"embeddable":true,"href":"https:\/\/zsp1chojna.pl\/index.php?rest_route=\/wp\/v2\/users\/1"}],"replies":[{"embeddable":true,"href":"https:\/\/zsp1chojna.pl\/index.php?rest_route=%2Fwp%2Fv2%2Fcomments&post=15397"}],"version-history":[{"count":1,"href":"https:\/\/zsp1chojna.pl\/index.php?rest_route=\/wp\/v2\/posts\/15397\/revisions"}],"predecessor-version":[{"id":15404,"href":"https:\/\/zsp1chojna.pl\/index.php?rest_route=\/wp\/v2\/posts\/15397\/revisions\/15404"}],"wp:featuredmedia":[{"embeddable":true,"href":"https:\/\/zsp1chojna.pl\/index.php?rest_route=\/wp\/v2\/media\/15403"}],"wp:attachment":[{"href":"https:\/\/zsp1chojna.pl\/index.php?rest_route=%2Fwp%2Fv2%2Fmedia&parent=15397"}],"wp:term":[{"taxonomy":"category","embeddable":true,"href":"https:\/\/zsp1chojna.pl\/index.php?rest_route=%2Fwp%2Fv2%2Fcategories&post=15397"},{"taxonomy":"post_tag","embeddable":true,"href":"https:\/\/zsp1chojna.pl\/index.php?rest_route=%2Fwp%2Fv2%2Ftags&post=15397"}],"curies":[{"name":"wp","href":"https:\/\/api.w.org\/{rel}","templated":true}]}}