{"id":15343,"date":"2026-01-25T11:06:40","date_gmt":"2026-01-25T10:06:40","guid":{"rendered":"https:\/\/zsp1chojna.pl\/?p=15343"},"modified":"2026-03-03T11:09:50","modified_gmt":"2026-03-03T10:09:50","slug":"34-final-wielkiej-orkiestry-swiatecznej-pomocy","status":"publish","type":"post","link":"https:\/\/zsp1chojna.pl\/?p=15343","title":{"rendered":"34. Fina\u0142 Wielkiej Orkiestry \u015awi\u0105tecznej Pomocy"},"content":{"rendered":"\n<p class=\"has-text-align-justify has-text-align-justify\">25 stycznia 2026 r., m\u0142odzie\u017c Zespo\u0142u Szk\u00f3\u0142 Ponadpodstawowych w Chojnie, po raz kolejny aktywnie w\u0142\u0105czy\u0142a si\u0119 w fina\u0142 Wielkiej Orkiestry \u015awi\u0105tecznej Pomocy, potwierdzaj\u0105c, \u017ce idea bezinteresownej pomocy i wra\u017cliwo\u015bci na potrzeby drugiego cz\u0142owieka, jest w naszej spo\u0142eczno\u015bci szkolnej niezwykle wa\u017cna. Wolontariat sta\u0142 si\u0119 dla uczni\u00f3w nie tylko okazj\u0105 do&nbsp; wsparcia potrzebuj\u0105cych, ale r\u00f3wnie\u017c cenn\u0105 lekcj\u0105 empatii, odpowiedzialno\u015bci i&nbsp; wsp\u00f3\u0142dzia\u0142ania.<\/p>\n\n\n<div class=\"wp-block-image\">\n<figure class=\"aligncenter size-large is-resized\"><img loading=\"lazy\" decoding=\"async\" width=\"1024\" height=\"765\" data-attachment-id=\"15345\" data-permalink=\"https:\/\/zsp1chojna.pl\/?attachment_id=15345\" data-orig-file=\"https:\/\/zsp1chojna.pl\/wp-content\/uploads\/2026\/03\/image001-12.jpg\" data-orig-size=\"1215,908\" data-comments-opened=\"1\" data-image-meta=\"{&quot;aperture&quot;:&quot;0&quot;,&quot;credit&quot;:&quot;&quot;,&quot;camera&quot;:&quot;&quot;,&quot;caption&quot;:&quot;&quot;,&quot;created_timestamp&quot;:&quot;0&quot;,&quot;copyright&quot;:&quot;&quot;,&quot;focal_length&quot;:&quot;0&quot;,&quot;iso&quot;:&quot;0&quot;,&quot;shutter_speed&quot;:&quot;0&quot;,&quot;title&quot;:&quot;&quot;,&quot;orientation&quot;:&quot;0&quot;}\" data-image-title=\"image001\" data-image-description=\"\" data-image-caption=\"\" data-medium-file=\"https:\/\/zsp1chojna.pl\/wp-content\/uploads\/2026\/03\/image001-12-300x224.jpg\" data-large-file=\"https:\/\/zsp1chojna.pl\/wp-content\/uploads\/2026\/03\/image001-12-1024x765.jpg\" src=\"https:\/\/zsp1chojna.pl\/wp-content\/uploads\/2026\/03\/image001-12-1024x765.jpg\" alt=\"\" class=\"wp-image-15345\" style=\"aspect-ratio:1.338578756038046;width:682px;height:auto\" srcset=\"https:\/\/zsp1chojna.pl\/wp-content\/uploads\/2026\/03\/image001-12-1024x765.jpg 1024w, https:\/\/zsp1chojna.pl\/wp-content\/uploads\/2026\/03\/image001-12-300x224.jpg 300w, https:\/\/zsp1chojna.pl\/wp-content\/uploads\/2026\/03\/image001-12-768x574.jpg 768w, https:\/\/zsp1chojna.pl\/wp-content\/uploads\/2026\/03\/image001-12-947x708.jpg 947w, https:\/\/zsp1chojna.pl\/wp-content\/uploads\/2026\/03\/image001-12-624x466.jpg 624w, https:\/\/zsp1chojna.pl\/wp-content\/uploads\/2026\/03\/image001-12.jpg 1215w\" sizes=\"auto, (max-width: 1024px) 100vw, 1024px\" \/><\/figure>\n<\/div>\n\n\n<p class=\"has-text-align-justify has-text-align-justify\">W tegorocznym 34. Finale WO\u015aP, odbywaj\u0105cym si\u0119 pod has\u0142em \u201eZdrowe brzuszki ma\u0142ych dzieci\u201d, udzia\u0142 wzi\u0119\u0142o 29 wolontariuszy z naszej szko\u0142y. Warto podkre\u015bli\u0107, \u017ce sztab Wielkiej Orkiestry \u015awi\u0105tecznej Pomocy 7344, mie\u015bci si\u0119 w Zespole Szk\u00f3\u0142 Ponadpodstawowych, co jest dla naszej plac\u00f3wki du\u017cym wyr\u00f3\u017cnieniem oraz potwierdzeniem zaufania i zaanga\u017cowania ca\u0142ej spo\u0142eczno\u015bci szkolnej w dzia\u0142ania pomocowe.<\/p>\n\n\n<div class=\"wp-block-image\">\n<figure class=\"aligncenter size-full\"><img loading=\"lazy\" decoding=\"async\" width=\"503\" height=\"670\" data-attachment-id=\"15346\" data-permalink=\"https:\/\/zsp1chojna.pl\/?attachment_id=15346\" data-orig-file=\"https:\/\/zsp1chojna.pl\/wp-content\/uploads\/2026\/03\/image003-12.jpg\" data-orig-size=\"503,670\" data-comments-opened=\"1\" data-image-meta=\"{&quot;aperture&quot;:&quot;0&quot;,&quot;credit&quot;:&quot;&quot;,&quot;camera&quot;:&quot;&quot;,&quot;caption&quot;:&quot;&quot;,&quot;created_timestamp&quot;:&quot;0&quot;,&quot;copyright&quot;:&quot;&quot;,&quot;focal_length&quot;:&quot;0&quot;,&quot;iso&quot;:&quot;0&quot;,&quot;shutter_speed&quot;:&quot;0&quot;,&quot;title&quot;:&quot;&quot;,&quot;orientation&quot;:&quot;0&quot;}\" data-image-title=\"image003\" data-image-description=\"\" data-image-caption=\"\" data-medium-file=\"https:\/\/zsp1chojna.pl\/wp-content\/uploads\/2026\/03\/image003-12-225x300.jpg\" data-large-file=\"https:\/\/zsp1chojna.pl\/wp-content\/uploads\/2026\/03\/image003-12.jpg\" src=\"https:\/\/zsp1chojna.pl\/wp-content\/uploads\/2026\/03\/image003-12.jpg\" alt=\"\" class=\"wp-image-15346\" srcset=\"https:\/\/zsp1chojna.pl\/wp-content\/uploads\/2026\/03\/image003-12.jpg 503w, https:\/\/zsp1chojna.pl\/wp-content\/uploads\/2026\/03\/image003-12-225x300.jpg 225w\" sizes=\"auto, (max-width: 503px) 100vw, 503px\" \/><\/figure>\n<\/div>\n\n\n<p class=\"has-text-align-justify has-text-align-justify\">Wielka Orkiestra \u015awi\u0105tecznej Pomocy gra ju\u017c od 34 lat, a nasza szko\u0142a od lat nieprzerwanie w\u0142\u0105cza si\u0119 w t\u0119 og\u00f3lnopolsk\u0105 inicjatyw\u0119, aktywnie wspieraj\u0105c ide\u0119 niesienia pomocy potrzebuj\u0105cym. Uczniowie z zaanga\u017cowaniem kwestowali na ulicach Chojny, promuj\u0105c ide\u0119 pomagania oraz solidarno\u015bci spo\u0142ecznej.<\/p>\n\n\n<div class=\"wp-block-image\">\n<figure class=\"aligncenter size-large is-resized\"><img loading=\"lazy\" decoding=\"async\" width=\"1024\" height=\"618\" data-attachment-id=\"15347\" data-permalink=\"https:\/\/zsp1chojna.pl\/?attachment_id=15347\" data-orig-file=\"https:\/\/zsp1chojna.pl\/wp-content\/uploads\/2026\/03\/image005-6.jpg\" data-orig-size=\"1179,711\" data-comments-opened=\"1\" data-image-meta=\"{&quot;aperture&quot;:&quot;0&quot;,&quot;credit&quot;:&quot;&quot;,&quot;camera&quot;:&quot;&quot;,&quot;caption&quot;:&quot;&quot;,&quot;created_timestamp&quot;:&quot;1769346723&quot;,&quot;copyright&quot;:&quot;&quot;,&quot;focal_length&quot;:&quot;0&quot;,&quot;iso&quot;:&quot;0&quot;,&quot;shutter_speed&quot;:&quot;0&quot;,&quot;title&quot;:&quot;&quot;,&quot;orientation&quot;:&quot;0&quot;}\" data-image-title=\"image005\" data-image-description=\"\" data-image-caption=\"\" data-medium-file=\"https:\/\/zsp1chojna.pl\/wp-content\/uploads\/2026\/03\/image005-6-300x181.jpg\" data-large-file=\"https:\/\/zsp1chojna.pl\/wp-content\/uploads\/2026\/03\/image005-6-1024x618.jpg\" src=\"https:\/\/zsp1chojna.pl\/wp-content\/uploads\/2026\/03\/image005-6-1024x618.jpg\" alt=\"\" class=\"wp-image-15347\" style=\"width:684px;height:auto\" srcset=\"https:\/\/zsp1chojna.pl\/wp-content\/uploads\/2026\/03\/image005-6-1024x618.jpg 1024w, https:\/\/zsp1chojna.pl\/wp-content\/uploads\/2026\/03\/image005-6-300x181.jpg 300w, https:\/\/zsp1chojna.pl\/wp-content\/uploads\/2026\/03\/image005-6-768x463.jpg 768w, https:\/\/zsp1chojna.pl\/wp-content\/uploads\/2026\/03\/image005-6-947x571.jpg 947w, https:\/\/zsp1chojna.pl\/wp-content\/uploads\/2026\/03\/image005-6-624x376.jpg 624w, https:\/\/zsp1chojna.pl\/wp-content\/uploads\/2026\/03\/image005-6.jpg 1179w\" sizes=\"auto, (max-width: 1024px) 100vw, 1024px\" \/><\/figure>\n<\/div>\n\n\n<p class=\"has-text-align-justify has-text-align-justify\">Pomimo mro\u017anej pogody, wolontariusze wykazali si\u0119 wytrwa\u0142o\u015bci\u0105 i&nbsp; odpowiedzialno\u015bci\u0105. Mieszka\u0144cy miasta okazali si\u0119 bardzo \u017cyczliwi, otwarci i hojni, ch\u0119tnie rozmawiali z m\u0142odzie\u017c\u0105 i z u\u015bmiechem zasilali puszki. Dzi\u0119ki wsp\u00f3lnemu wysi\u0142kowi wolontariuszy, opiekun\u00f3w oraz mieszka\u0144c\u00f3w miasta, uda\u0142o si\u0119 zebra\u0107 imponuj\u0105c\u0105 kwot\u0119 12&nbsp; 588 z\u0142, kt\u00f3ra zostanie przeznaczona na pomoc najm\u0142odszym pacjentom.<\/p>\n\n\n<div class=\"wp-block-image\">\n<figure class=\"aligncenter size-large is-resized\"><img loading=\"lazy\" decoding=\"async\" width=\"1024\" height=\"768\" data-attachment-id=\"15348\" data-permalink=\"https:\/\/zsp1chojna.pl\/?attachment_id=15348\" data-orig-file=\"https:\/\/zsp1chojna.pl\/wp-content\/uploads\/2026\/03\/image007.jpg\" data-orig-size=\"1600,1200\" data-comments-opened=\"1\" data-image-meta=\"{&quot;aperture&quot;:&quot;0&quot;,&quot;credit&quot;:&quot;&quot;,&quot;camera&quot;:&quot;&quot;,&quot;caption&quot;:&quot;&quot;,&quot;created_timestamp&quot;:&quot;1769338217&quot;,&quot;copyright&quot;:&quot;&quot;,&quot;focal_length&quot;:&quot;0&quot;,&quot;iso&quot;:&quot;0&quot;,&quot;shutter_speed&quot;:&quot;0&quot;,&quot;title&quot;:&quot;&quot;,&quot;orientation&quot;:&quot;0&quot;}\" data-image-title=\"image007\" data-image-description=\"\" data-image-caption=\"\" data-medium-file=\"https:\/\/zsp1chojna.pl\/wp-content\/uploads\/2026\/03\/image007-300x225.jpg\" data-large-file=\"https:\/\/zsp1chojna.pl\/wp-content\/uploads\/2026\/03\/image007-1024x768.jpg\" src=\"https:\/\/zsp1chojna.pl\/wp-content\/uploads\/2026\/03\/image007-1024x768.jpg\" alt=\"\" class=\"wp-image-15348\" style=\"width:686px;height:auto\" srcset=\"https:\/\/zsp1chojna.pl\/wp-content\/uploads\/2026\/03\/image007-1024x768.jpg 1024w, https:\/\/zsp1chojna.pl\/wp-content\/uploads\/2026\/03\/image007-300x225.jpg 300w, https:\/\/zsp1chojna.pl\/wp-content\/uploads\/2026\/03\/image007-768x576.jpg 768w, https:\/\/zsp1chojna.pl\/wp-content\/uploads\/2026\/03\/image007-1536x1152.jpg 1536w, https:\/\/zsp1chojna.pl\/wp-content\/uploads\/2026\/03\/image007-947x710.jpg 947w, https:\/\/zsp1chojna.pl\/wp-content\/uploads\/2026\/03\/image007-624x468.jpg 624w, https:\/\/zsp1chojna.pl\/wp-content\/uploads\/2026\/03\/image007.jpg 1600w\" sizes=\"auto, (max-width: 1024px) 100vw, 1024px\" \/><\/figure>\n<\/div>\n\n\n<p class=\"has-text-align-justify has-text-align-justify\">Udzia\u0142 w 34. Finale WO\u015aP, by\u0142 dla uczni\u00f3w ZSP w Chojnie wyj\u0105tkowym do\u015bwiadczeniem, pokazuj\u0105cym, \u017ce nawet najmniejszy gest mo\u017ce mie\u0107 ogromne znaczenie. Takie dzia\u0142ania ucz\u0105 wra\u017cliwo\u015bci spo\u0142ecznej, buduj\u0105 poczucie wsp\u00f3lnoty oraz kszta\u0142tuj\u0105 postawy obywatelskie, kt\u00f3re pozostan\u0105 z m\u0142odzie\u017c\u0105 na ca\u0142e \u017cycie.<\/p>\n\n\n<div class=\"wp-block-image\">\n<figure class=\"aligncenter size-full is-resized\"><img loading=\"lazy\" decoding=\"async\" width=\"397\" height=\"529\" data-attachment-id=\"15349\" data-permalink=\"https:\/\/zsp1chojna.pl\/?attachment_id=15349\" data-orig-file=\"https:\/\/zsp1chojna.pl\/wp-content\/uploads\/2026\/03\/image010-1.jpg\" data-orig-size=\"397,529\" data-comments-opened=\"1\" data-image-meta=\"{&quot;aperture&quot;:&quot;0&quot;,&quot;credit&quot;:&quot;&quot;,&quot;camera&quot;:&quot;&quot;,&quot;caption&quot;:&quot;&quot;,&quot;created_timestamp&quot;:&quot;0&quot;,&quot;copyright&quot;:&quot;&quot;,&quot;focal_length&quot;:&quot;0&quot;,&quot;iso&quot;:&quot;0&quot;,&quot;shutter_speed&quot;:&quot;0&quot;,&quot;title&quot;:&quot;&quot;,&quot;orientation&quot;:&quot;0&quot;}\" data-image-title=\"image010\" data-image-description=\"\" data-image-caption=\"\" data-medium-file=\"https:\/\/zsp1chojna.pl\/wp-content\/uploads\/2026\/03\/image010-1-225x300.jpg\" data-large-file=\"https:\/\/zsp1chojna.pl\/wp-content\/uploads\/2026\/03\/image010-1.jpg\" src=\"https:\/\/zsp1chojna.pl\/wp-content\/uploads\/2026\/03\/image010-1.jpg\" alt=\"\" class=\"wp-image-15349\" style=\"width:497px;height:auto\" srcset=\"https:\/\/zsp1chojna.pl\/wp-content\/uploads\/2026\/03\/image010-1.jpg 397w, https:\/\/zsp1chojna.pl\/wp-content\/uploads\/2026\/03\/image010-1-225x300.jpg 225w\" sizes=\"auto, (max-width: 397px) 100vw, 397px\" \/><\/figure>\n<\/div>\n\n\n<p class=\"has-text-align-justify has-text-align-justify\">Z dum\u0105 podkre\u015blamy, \u017ce nasza szko\u0142a by\u0142a, jest i b\u0119dzie z Wielk\u0105 Orkiestr\u0105 \u015awi\u0105tecznej Pomocy \u2013 do ko\u0144ca \u015bwiata i jeden dzie\u0144 d\u0142u\u017cej.<\/p>\n\n\n\n<p class=\"has-text-align-right\">mgr Edyta Daszkiewicz<\/p>\n","protected":false},"excerpt":{"rendered":"<p>25 stycznia 2026 r., m\u0142odzie\u017c Zespo\u0142u Szk\u00f3\u0142 Ponadpodstawowych w Chojnie, po raz kolejny aktywnie w\u0142\u0105czy\u0142a si\u0119 w fina\u0142 Wielkiej Orkiestry \u015awi\u0105tecznej Pomocy, potwierdzaj\u0105c, \u017ce idea bezinteresownej pomocy i wra\u017cliwo\u015bci na [&hellip;]<\/p>\n","protected":false},"author":1,"featured_media":15348,"comment_status":"open","ping_status":"open","sticky":false,"template":"","format":"standard","meta":{"footnotes":""},"categories":[32],"tags":[],"class_list":["post-15343","post","type-post","status-publish","format-standard","has-post-thumbnail","hentry","category-aktualnosci-2025-2026"],"wbAuthor":{"name":"admin","link":"https:\/\/zsp1chojna.pl\/?author=1"},"wbDate":"sty 25, 2026","wbCategories":{"space":"<a href=\"https:\/\/zsp1chojna.pl\/?cat=32\" rel=\"category\">Aktualno\u015bci 2025\/2026<\/a>","coma":"<a href=\"https:\/\/zsp1chojna.pl\/?cat=32\" rel=\"category\">Aktualno\u015bci 2025\/2026<\/a>"},"wbComment":0,"yoast_head":"<!-- This site is optimized with the Yoast SEO plugin v20.13 - https:\/\/yoast.com\/wordpress\/plugins\/seo\/ -->\n<title>34. Fina\u0142 Wielkiej Orkiestry \u015awi\u0105tecznej Pomocy - ZSP w Chojnie<\/title>\n<meta name=\"robots\" content=\"index, follow, max-snippet:-1, max-image-preview:large, max-video-preview:-1\" \/>\n<link rel=\"canonical\" href=\"https:\/\/zsp1chojna.pl\/?p=15343\" \/>\n<meta property=\"og:locale\" content=\"pl_PL\" \/>\n<meta property=\"og:type\" content=\"article\" \/>\n<meta property=\"og:title\" content=\"34. Fina\u0142 Wielkiej Orkiestry \u015awi\u0105tecznej Pomocy - ZSP w Chojnie\" \/>\n<meta property=\"og:description\" content=\"25 stycznia 2026 r., m\u0142odzie\u017c Zespo\u0142u Szk\u00f3\u0142 Ponadpodstawowych w Chojnie, po raz kolejny aktywnie w\u0142\u0105czy\u0142a si\u0119 w fina\u0142 Wielkiej Orkiestry \u015awi\u0105tecznej Pomocy, potwierdzaj\u0105c, \u017ce idea bezinteresownej pomocy i wra\u017cliwo\u015bci na [&hellip;]\" \/>\n<meta property=\"og:url\" content=\"https:\/\/zsp1chojna.pl\/?p=15343\" \/>\n<meta property=\"og:site_name\" content=\"ZSP w Chojnie\" \/>\n<meta property=\"article:published_time\" content=\"2026-01-25T10:06:40+00:00\" \/>\n<meta property=\"article:modified_time\" content=\"2026-03-03T10:09:50+00:00\" \/>\n<meta property=\"og:image\" content=\"https:\/\/zsp1chojna.pl\/wp-content\/uploads\/2026\/03\/image007.jpg\" \/>\n\t<meta property=\"og:image:width\" content=\"1600\" \/>\n\t<meta property=\"og:image:height\" content=\"1200\" \/>\n\t<meta property=\"og:image:type\" content=\"image\/jpeg\" \/>\n<meta name=\"author\" content=\"admin\" \/>\n<meta name=\"twitter:card\" content=\"summary_large_image\" \/>\n<meta name=\"twitter:label1\" content=\"Napisane przez\" \/>\n\t<meta name=\"twitter:data1\" content=\"admin\" \/>\n\t<meta name=\"twitter:label2\" content=\"Szacowany czas czytania\" \/>\n\t<meta name=\"twitter:data2\" content=\"3 minuty\" \/>\n<script type=\"application\/ld+json\" class=\"yoast-schema-graph\">{\"@context\":\"https:\/\/schema.org\",\"@graph\":[{\"@type\":\"Article\",\"@id\":\"https:\/\/zsp1chojna.pl\/?p=15343#article\",\"isPartOf\":{\"@id\":\"https:\/\/zsp1chojna.pl\/?p=15343\"},\"author\":{\"name\":\"admin\",\"@id\":\"https:\/\/zsp1chojna.pl\/#\/schema\/person\/fe8d6c03379c9cface386de0c172e127\"},\"headline\":\"34. Fina\u0142 Wielkiej Orkiestry \u015awi\u0105tecznej Pomocy\",\"datePublished\":\"2026-01-25T10:06:40+00:00\",\"dateModified\":\"2026-03-03T10:09:50+00:00\",\"mainEntityOfPage\":{\"@id\":\"https:\/\/zsp1chojna.pl\/?p=15343\"},\"wordCount\":355,\"commentCount\":0,\"publisher\":{\"@id\":\"https:\/\/zsp1chojna.pl\/#organization\"},\"articleSection\":[\"Aktualno\u015bci 2025\/2026\"],\"inLanguage\":\"pl-PL\",\"potentialAction\":[{\"@type\":\"CommentAction\",\"name\":\"Comment\",\"target\":[\"https:\/\/zsp1chojna.pl\/?p=15343#respond\"]}]},{\"@type\":\"WebPage\",\"@id\":\"https:\/\/zsp1chojna.pl\/?p=15343\",\"url\":\"https:\/\/zsp1chojna.pl\/?p=15343\",\"name\":\"34. Fina\u0142 Wielkiej Orkiestry \u015awi\u0105tecznej Pomocy - ZSP w Chojnie\",\"isPartOf\":{\"@id\":\"https:\/\/zsp1chojna.pl\/#website\"},\"datePublished\":\"2026-01-25T10:06:40+00:00\",\"dateModified\":\"2026-03-03T10:09:50+00:00\",\"breadcrumb\":{\"@id\":\"https:\/\/zsp1chojna.pl\/?p=15343#breadcrumb\"},\"inLanguage\":\"pl-PL\",\"potentialAction\":[{\"@type\":\"ReadAction\",\"target\":[\"https:\/\/zsp1chojna.pl\/?p=15343\"]}]},{\"@type\":\"BreadcrumbList\",\"@id\":\"https:\/\/zsp1chojna.pl\/?p=15343#breadcrumb\",\"itemListElement\":[{\"@type\":\"ListItem\",\"position\":1,\"name\":\"Home\",\"item\":\"https:\/\/zsp1chojna.pl\/\"},{\"@type\":\"ListItem\",\"position\":2,\"name\":\"34. Fina\u0142 Wielkiej Orkiestry \u015awi\u0105tecznej Pomocy\"}]},{\"@type\":\"WebSite\",\"@id\":\"https:\/\/zsp1chojna.pl\/#website\",\"url\":\"https:\/\/zsp1chojna.pl\/\",\"name\":\"ZSP w Chojnie\",\"description\":\"\",\"publisher\":{\"@id\":\"https:\/\/zsp1chojna.pl\/#organization\"},\"potentialAction\":[{\"@type\":\"SearchAction\",\"target\":{\"@type\":\"EntryPoint\",\"urlTemplate\":\"https:\/\/zsp1chojna.pl\/?s={search_term_string}\"},\"query-input\":\"required name=search_term_string\"}],\"inLanguage\":\"pl-PL\"},{\"@type\":\"Organization\",\"@id\":\"https:\/\/zsp1chojna.pl\/#organization\",\"name\":\"ZSP w Chojnie\",\"url\":\"https:\/\/zsp1chojna.pl\/\",\"logo\":{\"@type\":\"ImageObject\",\"inLanguage\":\"pl-PL\",\"@id\":\"https:\/\/zsp1chojna.pl\/#\/schema\/logo\/image\/\",\"url\":\"https:\/\/zsp1chojna.pl\/wp-content\/uploads\/2023\/08\/cropped-cropped-cropped-Logo-biale-napis-na-3-wiersze_504-1.png\",\"contentUrl\":\"https:\/\/zsp1chojna.pl\/wp-content\/uploads\/2023\/08\/cropped-cropped-cropped-Logo-biale-napis-na-3-wiersze_504-1.png\",\"width\":504,\"height\":167,\"caption\":\"ZSP w Chojnie\"},\"image\":{\"@id\":\"https:\/\/zsp1chojna.pl\/#\/schema\/logo\/image\/\"}},{\"@type\":\"Person\",\"@id\":\"https:\/\/zsp1chojna.pl\/#\/schema\/person\/fe8d6c03379c9cface386de0c172e127\",\"name\":\"admin\",\"image\":{\"@type\":\"ImageObject\",\"inLanguage\":\"pl-PL\",\"@id\":\"https:\/\/zsp1chojna.pl\/#\/schema\/person\/image\/\",\"url\":\"https:\/\/secure.gravatar.com\/avatar\/35d79b1d799ff9bac401976862e535bf785f4039d8313d3c00b303598a46dd4e?s=96&d=mm&r=g\",\"contentUrl\":\"https:\/\/secure.gravatar.com\/avatar\/35d79b1d799ff9bac401976862e535bf785f4039d8313d3c00b303598a46dd4e?s=96&d=mm&r=g\",\"caption\":\"admin\"},\"sameAs\":[\"http:\/\/nowazspchojna.pl\"],\"url\":\"https:\/\/zsp1chojna.pl\/?author=1\"}]}<\/script>\n<!-- \/ Yoast SEO plugin. -->","yoast_head_json":{"title":"34. Fina\u0142 Wielkiej Orkiestry \u015awi\u0105tecznej Pomocy - ZSP w Chojnie","robots":{"index":"index","follow":"follow","max-snippet":"max-snippet:-1","max-image-preview":"max-image-preview:large","max-video-preview":"max-video-preview:-1"},"canonical":"https:\/\/zsp1chojna.pl\/?p=15343","og_locale":"pl_PL","og_type":"article","og_title":"34. Fina\u0142 Wielkiej Orkiestry \u015awi\u0105tecznej Pomocy - ZSP w Chojnie","og_description":"25 stycznia 2026 r., m\u0142odzie\u017c Zespo\u0142u Szk\u00f3\u0142 Ponadpodstawowych w Chojnie, po raz kolejny aktywnie w\u0142\u0105czy\u0142a si\u0119 w fina\u0142 Wielkiej Orkiestry \u015awi\u0105tecznej Pomocy, potwierdzaj\u0105c, \u017ce idea bezinteresownej pomocy i wra\u017cliwo\u015bci na [&hellip;]","og_url":"https:\/\/zsp1chojna.pl\/?p=15343","og_site_name":"ZSP w Chojnie","article_published_time":"2026-01-25T10:06:40+00:00","article_modified_time":"2026-03-03T10:09:50+00:00","og_image":[{"width":1600,"height":1200,"url":"https:\/\/zsp1chojna.pl\/wp-content\/uploads\/2026\/03\/image007.jpg","type":"image\/jpeg"}],"author":"admin","twitter_card":"summary_large_image","twitter_misc":{"Napisane przez":"admin","Szacowany czas czytania":"3 minuty"},"schema":{"@context":"https:\/\/schema.org","@graph":[{"@type":"Article","@id":"https:\/\/zsp1chojna.pl\/?p=15343#article","isPartOf":{"@id":"https:\/\/zsp1chojna.pl\/?p=15343"},"author":{"name":"admin","@id":"https:\/\/zsp1chojna.pl\/#\/schema\/person\/fe8d6c03379c9cface386de0c172e127"},"headline":"34. Fina\u0142 Wielkiej Orkiestry \u015awi\u0105tecznej Pomocy","datePublished":"2026-01-25T10:06:40+00:00","dateModified":"2026-03-03T10:09:50+00:00","mainEntityOfPage":{"@id":"https:\/\/zsp1chojna.pl\/?p=15343"},"wordCount":355,"commentCount":0,"publisher":{"@id":"https:\/\/zsp1chojna.pl\/#organization"},"articleSection":["Aktualno\u015bci 2025\/2026"],"inLanguage":"pl-PL","potentialAction":[{"@type":"CommentAction","name":"Comment","target":["https:\/\/zsp1chojna.pl\/?p=15343#respond"]}]},{"@type":"WebPage","@id":"https:\/\/zsp1chojna.pl\/?p=15343","url":"https:\/\/zsp1chojna.pl\/?p=15343","name":"34. Fina\u0142 Wielkiej Orkiestry \u015awi\u0105tecznej Pomocy - ZSP w Chojnie","isPartOf":{"@id":"https:\/\/zsp1chojna.pl\/#website"},"datePublished":"2026-01-25T10:06:40+00:00","dateModified":"2026-03-03T10:09:50+00:00","breadcrumb":{"@id":"https:\/\/zsp1chojna.pl\/?p=15343#breadcrumb"},"inLanguage":"pl-PL","potentialAction":[{"@type":"ReadAction","target":["https:\/\/zsp1chojna.pl\/?p=15343"]}]},{"@type":"BreadcrumbList","@id":"https:\/\/zsp1chojna.pl\/?p=15343#breadcrumb","itemListElement":[{"@type":"ListItem","position":1,"name":"Home","item":"https:\/\/zsp1chojna.pl\/"},{"@type":"ListItem","position":2,"name":"34. Fina\u0142 Wielkiej Orkiestry \u015awi\u0105tecznej Pomocy"}]},{"@type":"WebSite","@id":"https:\/\/zsp1chojna.pl\/#website","url":"https:\/\/zsp1chojna.pl\/","name":"ZSP w Chojnie","description":"","publisher":{"@id":"https:\/\/zsp1chojna.pl\/#organization"},"potentialAction":[{"@type":"SearchAction","target":{"@type":"EntryPoint","urlTemplate":"https:\/\/zsp1chojna.pl\/?s={search_term_string}"},"query-input":"required name=search_term_string"}],"inLanguage":"pl-PL"},{"@type":"Organization","@id":"https:\/\/zsp1chojna.pl\/#organization","name":"ZSP w Chojnie","url":"https:\/\/zsp1chojna.pl\/","logo":{"@type":"ImageObject","inLanguage":"pl-PL","@id":"https:\/\/zsp1chojna.pl\/#\/schema\/logo\/image\/","url":"https:\/\/zsp1chojna.pl\/wp-content\/uploads\/2023\/08\/cropped-cropped-cropped-Logo-biale-napis-na-3-wiersze_504-1.png","contentUrl":"https:\/\/zsp1chojna.pl\/wp-content\/uploads\/2023\/08\/cropped-cropped-cropped-Logo-biale-napis-na-3-wiersze_504-1.png","width":504,"height":167,"caption":"ZSP w Chojnie"},"image":{"@id":"https:\/\/zsp1chojna.pl\/#\/schema\/logo\/image\/"}},{"@type":"Person","@id":"https:\/\/zsp1chojna.pl\/#\/schema\/person\/fe8d6c03379c9cface386de0c172e127","name":"admin","image":{"@type":"ImageObject","inLanguage":"pl-PL","@id":"https:\/\/zsp1chojna.pl\/#\/schema\/person\/image\/","url":"https:\/\/secure.gravatar.com\/avatar\/35d79b1d799ff9bac401976862e535bf785f4039d8313d3c00b303598a46dd4e?s=96&d=mm&r=g","contentUrl":"https:\/\/secure.gravatar.com\/avatar\/35d79b1d799ff9bac401976862e535bf785f4039d8313d3c00b303598a46dd4e?s=96&d=mm&r=g","caption":"admin"},"sameAs":["http:\/\/nowazspchojna.pl"],"url":"https:\/\/zsp1chojna.pl\/?author=1"}]}},"jetpack_featured_media_url":"https:\/\/zsp1chojna.pl\/wp-content\/uploads\/2026\/03\/image007.jpg","_links":{"self":[{"href":"https:\/\/zsp1chojna.pl\/index.php?rest_route=\/wp\/v2\/posts\/15343","targetHints":{"allow":["GET"]}}],"collection":[{"href":"https:\/\/zsp1chojna.pl\/index.php?rest_route=\/wp\/v2\/posts"}],"about":[{"href":"https:\/\/zsp1chojna.pl\/index.php?rest_route=\/wp\/v2\/types\/post"}],"author":[{"embeddable":true,"href":"https:\/\/zsp1chojna.pl\/index.php?rest_route=\/wp\/v2\/users\/1"}],"replies":[{"embeddable":true,"href":"https:\/\/zsp1chojna.pl\/index.php?rest_route=%2Fwp%2Fv2%2Fcomments&post=15343"}],"version-history":[{"count":1,"href":"https:\/\/zsp1chojna.pl\/index.php?rest_route=\/wp\/v2\/posts\/15343\/revisions"}],"predecessor-version":[{"id":15350,"href":"https:\/\/zsp1chojna.pl\/index.php?rest_route=\/wp\/v2\/posts\/15343\/revisions\/15350"}],"wp:featuredmedia":[{"embeddable":true,"href":"https:\/\/zsp1chojna.pl\/index.php?rest_route=\/wp\/v2\/media\/15348"}],"wp:attachment":[{"href":"https:\/\/zsp1chojna.pl\/index.php?rest_route=%2Fwp%2Fv2%2Fmedia&parent=15343"}],"wp:term":[{"taxonomy":"category","embeddable":true,"href":"https:\/\/zsp1chojna.pl\/index.php?rest_route=%2Fwp%2Fv2%2Fcategories&post=15343"},{"taxonomy":"post_tag","embeddable":true,"href":"https:\/\/zsp1chojna.pl\/index.php?rest_route=%2Fwp%2Fv2%2Ftags&post=15343"}],"curies":[{"name":"wp","href":"https:\/\/api.w.org\/{rel}","templated":true}]}}