{"id":15306,"date":"2025-12-17T21:25:18","date_gmt":"2025-12-17T20:25:18","guid":{"rendered":"https:\/\/zsp1chojna.pl\/?p=15306"},"modified":"2026-03-02T21:30:30","modified_gmt":"2026-03-02T20:30:30","slug":"wyjscie-z-klasa-uczniow-kl-3ac-lo-na-komedie-kolacja-dla-glupca-do-teatru-polskiego-w-szczecinie","status":"publish","type":"post","link":"https:\/\/zsp1chojna.pl\/?p=15306","title":{"rendered":"\u201eWyj\u015bcie z klas\u0105\u201d uczni\u00f3w kl. 3ac LO na komedi\u0119 \u201eKolacja dla g\u0142upca\u201d do Teatru Polskiego w Szczecinie"},"content":{"rendered":"<div class=\"wp-block-image\">\n<figure class=\"aligncenter size-large\"><img loading=\"lazy\" decoding=\"async\" width=\"1024\" height=\"253\" data-attachment-id=\"15297\" data-permalink=\"https:\/\/zsp1chojna.pl\/?attachment_id=15297\" data-orig-file=\"https:\/\/zsp1chojna.pl\/wp-content\/uploads\/2026\/03\/image-1.png\" data-orig-size=\"1205,298\" data-comments-opened=\"1\" data-image-meta=\"{&quot;aperture&quot;:&quot;0&quot;,&quot;credit&quot;:&quot;&quot;,&quot;camera&quot;:&quot;&quot;,&quot;caption&quot;:&quot;&quot;,&quot;created_timestamp&quot;:&quot;0&quot;,&quot;copyright&quot;:&quot;&quot;,&quot;focal_length&quot;:&quot;0&quot;,&quot;iso&quot;:&quot;0&quot;,&quot;shutter_speed&quot;:&quot;0&quot;,&quot;title&quot;:&quot;&quot;,&quot;orientation&quot;:&quot;0&quot;}\" data-image-title=\"image\" data-image-description=\"\" data-image-caption=\"\" data-medium-file=\"https:\/\/zsp1chojna.pl\/wp-content\/uploads\/2026\/03\/image-1-300x74.png\" data-large-file=\"https:\/\/zsp1chojna.pl\/wp-content\/uploads\/2026\/03\/image-1-1024x253.png\" src=\"https:\/\/zsp1chojna.pl\/wp-content\/uploads\/2026\/03\/image-1-1024x253.png\" alt=\"\" class=\"wp-image-15297\" srcset=\"https:\/\/zsp1chojna.pl\/wp-content\/uploads\/2026\/03\/image-1-1024x253.png 1024w, https:\/\/zsp1chojna.pl\/wp-content\/uploads\/2026\/03\/image-1-300x74.png 300w, https:\/\/zsp1chojna.pl\/wp-content\/uploads\/2026\/03\/image-1-768x190.png 768w, https:\/\/zsp1chojna.pl\/wp-content\/uploads\/2026\/03\/image-1-947x234.png 947w, https:\/\/zsp1chojna.pl\/wp-content\/uploads\/2026\/03\/image-1-624x154.png 624w, https:\/\/zsp1chojna.pl\/wp-content\/uploads\/2026\/03\/image-1.png 1205w\" sizes=\"auto, (max-width: 1024px) 100vw, 1024px\" \/><\/figure>\n<\/div>\n\n\n<p class=\"has-text-align-justify has-text-align-justify\">Jednym z wielu ciekawych inicjatyw Ministerstwa Edukacji, w kt\u00f3rym uczestniczy Zesp\u00f3\u0142 Szk\u00f3\u0142 Ponadpodstawowych w Chojnie, jest przedsi\u0119wzi\u0119cie pod nazw\u0105 \u201eWyj\u015bcie z&nbsp; klas\u0105\u201d. Polega ono na wsparciu finansowym jednodniowych wyj\u015b\u0107 uczni\u00f3w do instytucji kultury i ich oddzia\u0142\u00f3w.<\/p>\n\n\n<div class=\"wp-block-image\">\n<figure class=\"aligncenter size-large is-resized\"><img loading=\"lazy\" decoding=\"async\" width=\"1024\" height=\"678\" data-attachment-id=\"15307\" data-permalink=\"https:\/\/zsp1chojna.pl\/?attachment_id=15307\" data-orig-file=\"https:\/\/zsp1chojna.pl\/wp-content\/uploads\/2026\/03\/image003-10.jpg\" data-orig-size=\"1212,803\" data-comments-opened=\"1\" data-image-meta=\"{&quot;aperture&quot;:&quot;0&quot;,&quot;credit&quot;:&quot;&quot;,&quot;camera&quot;:&quot;&quot;,&quot;caption&quot;:&quot;&quot;,&quot;created_timestamp&quot;:&quot;0&quot;,&quot;copyright&quot;:&quot;&quot;,&quot;focal_length&quot;:&quot;0&quot;,&quot;iso&quot;:&quot;0&quot;,&quot;shutter_speed&quot;:&quot;0&quot;,&quot;title&quot;:&quot;&quot;,&quot;orientation&quot;:&quot;0&quot;}\" data-image-title=\"image003\" data-image-description=\"\" data-image-caption=\"\" data-medium-file=\"https:\/\/zsp1chojna.pl\/wp-content\/uploads\/2026\/03\/image003-10-300x199.jpg\" data-large-file=\"https:\/\/zsp1chojna.pl\/wp-content\/uploads\/2026\/03\/image003-10-1024x678.jpg\" src=\"https:\/\/zsp1chojna.pl\/wp-content\/uploads\/2026\/03\/image003-10-1024x678.jpg\" alt=\"\" class=\"wp-image-15307\" style=\"aspect-ratio:1.5103669157723212;width:712px;height:auto\" srcset=\"https:\/\/zsp1chojna.pl\/wp-content\/uploads\/2026\/03\/image003-10-1024x678.jpg 1024w, https:\/\/zsp1chojna.pl\/wp-content\/uploads\/2026\/03\/image003-10-300x199.jpg 300w, https:\/\/zsp1chojna.pl\/wp-content\/uploads\/2026\/03\/image003-10-768x509.jpg 768w, https:\/\/zsp1chojna.pl\/wp-content\/uploads\/2026\/03\/image003-10-947x627.jpg 947w, https:\/\/zsp1chojna.pl\/wp-content\/uploads\/2026\/03\/image003-10-624x413.jpg 624w, https:\/\/zsp1chojna.pl\/wp-content\/uploads\/2026\/03\/image003-10-84x56.jpg 84w, https:\/\/zsp1chojna.pl\/wp-content\/uploads\/2026\/03\/image003-10.jpg 1212w\" sizes=\"auto, (max-width: 1024px) 100vw, 1024px\" \/><\/figure>\n<\/div>\n\n\n<p class=\"has-text-align-justify has-text-align-justify\">Dzi\u0119ki temu, uczniowie maj\u0105 mo\u017cliwo\u015b\u0107 uczestniczy\u0107 m.in. w spektaklach teatralnych, przedstawieniach operowych i operetkowych, koncertach, wystawach, a tak\u017ce zorganizowanych wyj\u015bciach do instytucji naukowych oraz centr\u00f3w edukacji, po\u0142\u0105czonych z&nbsp; warsztatami edukacyjno-kulturalnymi. Celem przedsi\u0119wzi\u0119cia jest uatrakcyjnienie procesu edukacyjnego dzieci i m\u0142odzie\u017cy, poprzez umo\u017cliwienie im aktywnego uczestnictwa w&nbsp; kulturze, poznawanie miejsc pami\u0119ci i dziedzictwa narodowego oraz osi\u0105gni\u0119\u0107 nauki, a&nbsp; tak\u017ce rozwijanie kompetencji spo\u0142ecznych, kulturowych i tw\u00f3rczych. Przedsi\u0119wzi\u0119cie wspiera realizacj\u0119 podstawy programowej kszta\u0142cenia og\u00f3lnego oraz poszerza ofert\u0119 edukacyjn\u0105 plac\u00f3wek o\u015bwiatowych, umo\u017cliwiaj\u0105c uczniom zdobywanie wiedzy w spos\u00f3b atrakcyjny i praktyczny. Dodatkowo, celem przedsi\u0119wzi\u0119cia jest rozwijanie ciekawo\u015bci \u015bwiata i wra\u017cliwo\u015bci kulturowej oraz zapewnienie szerszego dost\u0119pu do kultury, niezale\u017cnie od&nbsp; miejsca zamieszkania uczestnik\u00f3w. W naszej szkole, na udzia\u0142 w przedsi\u0119wzi\u0119ciu zas\u0142u\u017cy\u0142a klasa 3ac LO, kt\u00f3rej uczniowie maj\u0105 najwy\u017csz\u0105 frekwencj\u0119 spo\u015br\u00f3d wszystkich klas naszego Liceum. Dzi\u0119ki temu, 17 grudnia udali si\u0119 oni, wraz z wychowawc\u0105 na jednodniow\u0105 wycieczk\u0119 do Szczecina. Po przyje\u017adzie do stolicy wojew\u00f3dztwa, uczniowie przemie\u015bcili si\u0119 na Zamek Ksi\u0105\u017c\u0105t Pomorskich, gdzie na dziedzi\u0144cu zamkowym wys\u0142uchali kr\u00f3tkiego rysu historycznego, dotycz\u0105cego obiektu i jego los\u00f3w. Nast\u0119pnie udali si\u0119 w okolice p\u00f3\u017anogotyckiej kamienicy bankierskiego rodu Loitzl\u00f3w, jednego z najcenniejszych zabytk\u00f3w architektonicznych miasta. Kolejnym punktem na trasie, by\u0142a brama kr\u00f3lewska, czyli jedna z kilku bram wiod\u0105cych do&nbsp; miasta, powsta\u0142a w XVIII wieku.&nbsp;<\/p>\n\n\n<div class=\"wp-block-image\">\n<figure class=\"aligncenter size-large is-resized\"><img loading=\"lazy\" decoding=\"async\" width=\"1024\" height=\"640\" data-attachment-id=\"15308\" data-permalink=\"https:\/\/zsp1chojna.pl\/?attachment_id=15308\" data-orig-file=\"https:\/\/zsp1chojna.pl\/wp-content\/uploads\/2026\/03\/image004-5.jpg\" data-orig-size=\"1215,759\" data-comments-opened=\"1\" data-image-meta=\"{&quot;aperture&quot;:&quot;0&quot;,&quot;credit&quot;:&quot;&quot;,&quot;camera&quot;:&quot;&quot;,&quot;caption&quot;:&quot;&quot;,&quot;created_timestamp&quot;:&quot;0&quot;,&quot;copyright&quot;:&quot;&quot;,&quot;focal_length&quot;:&quot;0&quot;,&quot;iso&quot;:&quot;0&quot;,&quot;shutter_speed&quot;:&quot;0&quot;,&quot;title&quot;:&quot;&quot;,&quot;orientation&quot;:&quot;0&quot;}\" data-image-title=\"image004\" data-image-description=\"\" data-image-caption=\"\" data-medium-file=\"https:\/\/zsp1chojna.pl\/wp-content\/uploads\/2026\/03\/image004-5-300x187.jpg\" data-large-file=\"https:\/\/zsp1chojna.pl\/wp-content\/uploads\/2026\/03\/image004-5-1024x640.jpg\" src=\"https:\/\/zsp1chojna.pl\/wp-content\/uploads\/2026\/03\/image004-5-1024x640.jpg\" alt=\"\" class=\"wp-image-15308\" style=\"width:688px;height:auto\" srcset=\"https:\/\/zsp1chojna.pl\/wp-content\/uploads\/2026\/03\/image004-5-1024x640.jpg 1024w, https:\/\/zsp1chojna.pl\/wp-content\/uploads\/2026\/03\/image004-5-300x187.jpg 300w, https:\/\/zsp1chojna.pl\/wp-content\/uploads\/2026\/03\/image004-5-768x480.jpg 768w, https:\/\/zsp1chojna.pl\/wp-content\/uploads\/2026\/03\/image004-5-947x592.jpg 947w, https:\/\/zsp1chojna.pl\/wp-content\/uploads\/2026\/03\/image004-5-624x390.jpg 624w, https:\/\/zsp1chojna.pl\/wp-content\/uploads\/2026\/03\/image004-5.jpg 1215w\" sizes=\"auto, (max-width: 1024px) 100vw, 1024px\" \/><\/figure>\n<\/div>\n\n\n<p class=\"has-text-align-justify has-text-align-justify\">Obok bramy znajduje si\u0119 kolejne miejsce zwi\u0105zane z histori\u0105 miasta, to Plac Solidarno\u015bci, kt\u00f3rego nazwa upami\u0119tnia tragiczne wydarzenia grudnia 1970 r. Kolejnym punktem wycieczki by\u0142a wizyta na jarmarku bo\u017conarodzeniowym, gdzie mo\u017cna by\u0142o kupi\u0107 r\u00f3\u017cne pami\u0105tki, \u015bwi\u0105teczne ozdoby oraz produkty kuchni regionalnej. Po tym spacerze przyszed\u0142 czas na posi\u0142ek, kt\u00f3ry zosta\u0142 zarezerwowany w restauracji o nazwie Spi\u017carnia Szczeci\u0144ska. Na uczni\u00f3w czeka\u0142a prawdziwa kulinarna uczta, w postaci przepysznej kaczki lub kurczaka. Oba dania przygotowane zosta\u0142y w bardziej nowoczesnej, nietypowej ods\u0142onie. Nast\u0119pnie przyszed\u0142 czas na deser, gdzie do wyboru uczniowie mieli fondant czekoladowy z&nbsp; lodami lub bez\u0119 z kremem i owocami. Po uczcie dla podniebienia, nadszed\u0142 czas na uczt\u0119 dla duszy, czyli wizyt\u0119 w Teatrze Polskim. Tego wieczora, na deskach teatru grana by\u0142a ciesz\u0105ca si\u0119 du\u017cym zainteresowaniem komedia pt. \u201eKolacja dla g\u0142upca\u201d. To sztuka, kt\u00f3rej g\u0142\u00f3wnym bohaterem jest Pierre Brochant, bogaty wydawca i cz\u0142owiek sukcesu. We wtorkowe wieczory, ze swoimi kolegami urz\u0105dza tytu\u0142owe \u201ekolacje dla g\u0142upca\u201d \u2013 konkursy, na kt\u00f3re ka\u017cdy z nich musi przyprowadzi\u0107 wyj\u0105tkowego nieudacznika.<\/p>\n\n\n<div class=\"wp-block-image\">\n<figure class=\"aligncenter size-large is-resized\"><img loading=\"lazy\" decoding=\"async\" width=\"1024\" height=\"768\" data-attachment-id=\"15309\" data-permalink=\"https:\/\/zsp1chojna.pl\/?attachment_id=15309\" data-orig-file=\"https:\/\/zsp1chojna.pl\/wp-content\/uploads\/2026\/03\/image005-4.jpg\" data-orig-size=\"1208,906\" data-comments-opened=\"1\" data-image-meta=\"{&quot;aperture&quot;:&quot;0&quot;,&quot;credit&quot;:&quot;&quot;,&quot;camera&quot;:&quot;&quot;,&quot;caption&quot;:&quot;&quot;,&quot;created_timestamp&quot;:&quot;0&quot;,&quot;copyright&quot;:&quot;&quot;,&quot;focal_length&quot;:&quot;0&quot;,&quot;iso&quot;:&quot;0&quot;,&quot;shutter_speed&quot;:&quot;0&quot;,&quot;title&quot;:&quot;&quot;,&quot;orientation&quot;:&quot;0&quot;}\" data-image-title=\"image005\" data-image-description=\"\" data-image-caption=\"\" data-medium-file=\"https:\/\/zsp1chojna.pl\/wp-content\/uploads\/2026\/03\/image005-4-300x225.jpg\" data-large-file=\"https:\/\/zsp1chojna.pl\/wp-content\/uploads\/2026\/03\/image005-4-1024x768.jpg\" src=\"https:\/\/zsp1chojna.pl\/wp-content\/uploads\/2026\/03\/image005-4-1024x768.jpg\" alt=\"\" class=\"wp-image-15309\" style=\"width:680px;height:auto\" srcset=\"https:\/\/zsp1chojna.pl\/wp-content\/uploads\/2026\/03\/image005-4-1024x768.jpg 1024w, https:\/\/zsp1chojna.pl\/wp-content\/uploads\/2026\/03\/image005-4-300x225.jpg 300w, https:\/\/zsp1chojna.pl\/wp-content\/uploads\/2026\/03\/image005-4-768x576.jpg 768w, https:\/\/zsp1chojna.pl\/wp-content\/uploads\/2026\/03\/image005-4-947x710.jpg 947w, https:\/\/zsp1chojna.pl\/wp-content\/uploads\/2026\/03\/image005-4-624x468.jpg 624w, https:\/\/zsp1chojna.pl\/wp-content\/uploads\/2026\/03\/image005-4.jpg 1208w\" sizes=\"auto, (max-width: 1024px) 100vw, 1024px\" \/><\/figure>\n<\/div>\n\n\n<p>Przypadek spowoduje, \u017ce sprawy przybior\u0105 niekorzystny dla niego obr\u00f3t. Sztuka charakteryzuje si\u0119 du\u017c\u0105 dawk\u0105 humoru, \u015bwietn\u0105 gr\u0105 aktorsk\u0105, pozwalaj\u0105c\u0105 oderwa\u0107 od&nbsp; codziennych trosk, a jednocze\u015bnie troch\u0119 si\u0119 z nich po\u015bmia\u0107 i tym samym zdystansowa\u0107.<\/p>\n\n\n<div class=\"wp-block-image\">\n<figure class=\"aligncenter size-large is-resized\"><img loading=\"lazy\" decoding=\"async\" width=\"1024\" height=\"665\" data-attachment-id=\"15310\" data-permalink=\"https:\/\/zsp1chojna.pl\/?attachment_id=15310\" data-orig-file=\"https:\/\/zsp1chojna.pl\/wp-content\/uploads\/2026\/03\/image006-3.jpg\" data-orig-size=\"1208,785\" data-comments-opened=\"1\" data-image-meta=\"{&quot;aperture&quot;:&quot;0&quot;,&quot;credit&quot;:&quot;&quot;,&quot;camera&quot;:&quot;&quot;,&quot;caption&quot;:&quot;&quot;,&quot;created_timestamp&quot;:&quot;0&quot;,&quot;copyright&quot;:&quot;&quot;,&quot;focal_length&quot;:&quot;0&quot;,&quot;iso&quot;:&quot;0&quot;,&quot;shutter_speed&quot;:&quot;0&quot;,&quot;title&quot;:&quot;&quot;,&quot;orientation&quot;:&quot;0&quot;}\" data-image-title=\"image006\" data-image-description=\"\" data-image-caption=\"\" data-medium-file=\"https:\/\/zsp1chojna.pl\/wp-content\/uploads\/2026\/03\/image006-3-300x195.jpg\" data-large-file=\"https:\/\/zsp1chojna.pl\/wp-content\/uploads\/2026\/03\/image006-3-1024x665.jpg\" src=\"https:\/\/zsp1chojna.pl\/wp-content\/uploads\/2026\/03\/image006-3-1024x665.jpg\" alt=\"\" class=\"wp-image-15310\" style=\"aspect-ratio:1.53987167736022;width:694px;height:auto\" srcset=\"https:\/\/zsp1chojna.pl\/wp-content\/uploads\/2026\/03\/image006-3-1024x665.jpg 1024w, https:\/\/zsp1chojna.pl\/wp-content\/uploads\/2026\/03\/image006-3-300x195.jpg 300w, https:\/\/zsp1chojna.pl\/wp-content\/uploads\/2026\/03\/image006-3-768x499.jpg 768w, https:\/\/zsp1chojna.pl\/wp-content\/uploads\/2026\/03\/image006-3-947x615.jpg 947w, https:\/\/zsp1chojna.pl\/wp-content\/uploads\/2026\/03\/image006-3-624x405.jpg 624w, https:\/\/zsp1chojna.pl\/wp-content\/uploads\/2026\/03\/image006-3-84x56.jpg 84w, https:\/\/zsp1chojna.pl\/wp-content\/uploads\/2026\/03\/image006-3.jpg 1208w\" sizes=\"auto, (max-width: 1024px) 100vw, 1024px\" \/><\/figure>\n<\/div>\n\n\n<p class=\"has-text-align-justify has-text-align-justify\">Uczniowie po zako\u0144czeniu przedstawienia, wyra\u017cali niezwykle pozytywnie opinie dotycz\u0105ce komedii, lecz niestety wszystko co dobre szybko si\u0119 ko\u0144czy. Nadszed\u0142 wi\u0119c czas powrotu do Chojny, po jak\u017ce przyjemnie sp\u0119dzonym popo\u0142udniu.<\/p>\n\n\n\n<p class=\"has-text-align-right\">mgr Marek Bednarz<\/p>\n","protected":false},"excerpt":{"rendered":"<p>Jednym z wielu ciekawych inicjatyw Ministerstwa Edukacji, w kt\u00f3rym uczestniczy Zesp\u00f3\u0142 Szk\u00f3\u0142 Ponadpodstawowych w Chojnie, jest przedsi\u0119wzi\u0119cie pod nazw\u0105 \u201eWyj\u015bcie z&nbsp; klas\u0105\u201d. Polega ono na wsparciu finansowym jednodniowych wyj\u015b\u0107 uczni\u00f3w [&hellip;]<\/p>\n","protected":false},"author":1,"featured_media":15310,"comment_status":"open","ping_status":"open","sticky":false,"template":"","format":"standard","meta":{"footnotes":""},"categories":[32],"tags":[],"class_list":["post-15306","post","type-post","status-publish","format-standard","has-post-thumbnail","hentry","category-aktualnosci-2025-2026"],"wbAuthor":{"name":"admin","link":"https:\/\/zsp1chojna.pl\/?author=1"},"wbDate":"gru 17, 2025","wbCategories":{"space":"<a href=\"https:\/\/zsp1chojna.pl\/?cat=32\" rel=\"category\">Aktualno\u015bci 2025\/2026<\/a>","coma":"<a href=\"https:\/\/zsp1chojna.pl\/?cat=32\" rel=\"category\">Aktualno\u015bci 2025\/2026<\/a>"},"wbComment":0,"yoast_head":"<!-- This site is optimized with the Yoast SEO plugin v20.13 - https:\/\/yoast.com\/wordpress\/plugins\/seo\/ -->\n<title>\u201eWyj\u015bcie z klas\u0105\u201d uczni\u00f3w kl. 3ac LO na komedi\u0119 \u201eKolacja dla g\u0142upca\u201d do Teatru Polskiego w Szczecinie - ZSP w Chojnie<\/title>\n<meta name=\"robots\" content=\"index, follow, max-snippet:-1, max-image-preview:large, max-video-preview:-1\" \/>\n<link rel=\"canonical\" href=\"https:\/\/zsp1chojna.pl\/?p=15306\" \/>\n<meta property=\"og:locale\" content=\"pl_PL\" \/>\n<meta property=\"og:type\" content=\"article\" \/>\n<meta property=\"og:title\" content=\"\u201eWyj\u015bcie z klas\u0105\u201d uczni\u00f3w kl. 3ac LO na komedi\u0119 \u201eKolacja dla g\u0142upca\u201d do Teatru Polskiego w Szczecinie - ZSP w Chojnie\" \/>\n<meta property=\"og:description\" content=\"Jednym z wielu ciekawych inicjatyw Ministerstwa Edukacji, w kt\u00f3rym uczestniczy Zesp\u00f3\u0142 Szk\u00f3\u0142 Ponadpodstawowych w Chojnie, jest przedsi\u0119wzi\u0119cie pod nazw\u0105 \u201eWyj\u015bcie z&nbsp; klas\u0105\u201d. Polega ono na wsparciu finansowym jednodniowych wyj\u015b\u0107 uczni\u00f3w [&hellip;]\" \/>\n<meta property=\"og:url\" content=\"https:\/\/zsp1chojna.pl\/?p=15306\" \/>\n<meta property=\"og:site_name\" content=\"ZSP w Chojnie\" \/>\n<meta property=\"article:published_time\" content=\"2025-12-17T20:25:18+00:00\" \/>\n<meta property=\"article:modified_time\" content=\"2026-03-02T20:30:30+00:00\" \/>\n<meta property=\"og:image\" content=\"https:\/\/zsp1chojna.pl\/wp-content\/uploads\/2026\/03\/image006-3.jpg\" \/>\n\t<meta property=\"og:image:width\" content=\"1208\" \/>\n\t<meta property=\"og:image:height\" content=\"785\" \/>\n\t<meta property=\"og:image:type\" content=\"image\/jpeg\" \/>\n<meta name=\"author\" content=\"admin\" \/>\n<meta name=\"twitter:card\" content=\"summary_large_image\" \/>\n<meta name=\"twitter:label1\" content=\"Napisane przez\" \/>\n\t<meta name=\"twitter:data1\" content=\"admin\" \/>\n\t<meta name=\"twitter:label2\" content=\"Szacowany czas czytania\" \/>\n\t<meta name=\"twitter:data2\" content=\"4 minuty\" \/>\n<script type=\"application\/ld+json\" class=\"yoast-schema-graph\">{\"@context\":\"https:\/\/schema.org\",\"@graph\":[{\"@type\":\"Article\",\"@id\":\"https:\/\/zsp1chojna.pl\/?p=15306#article\",\"isPartOf\":{\"@id\":\"https:\/\/zsp1chojna.pl\/?p=15306\"},\"author\":{\"name\":\"admin\",\"@id\":\"https:\/\/zsp1chojna.pl\/#\/schema\/person\/fe8d6c03379c9cface386de0c172e127\"},\"headline\":\"\u201eWyj\u015bcie z klas\u0105\u201d uczni\u00f3w kl. 3ac LO na komedi\u0119 \u201eKolacja dla g\u0142upca\u201d do Teatru Polskiego w Szczecinie\",\"datePublished\":\"2025-12-17T20:25:18+00:00\",\"dateModified\":\"2026-03-02T20:30:30+00:00\",\"mainEntityOfPage\":{\"@id\":\"https:\/\/zsp1chojna.pl\/?p=15306\"},\"wordCount\":606,\"commentCount\":0,\"publisher\":{\"@id\":\"https:\/\/zsp1chojna.pl\/#organization\"},\"articleSection\":[\"Aktualno\u015bci 2025\/2026\"],\"inLanguage\":\"pl-PL\",\"potentialAction\":[{\"@type\":\"CommentAction\",\"name\":\"Comment\",\"target\":[\"https:\/\/zsp1chojna.pl\/?p=15306#respond\"]}]},{\"@type\":\"WebPage\",\"@id\":\"https:\/\/zsp1chojna.pl\/?p=15306\",\"url\":\"https:\/\/zsp1chojna.pl\/?p=15306\",\"name\":\"\u201eWyj\u015bcie z klas\u0105\u201d uczni\u00f3w kl. 3ac LO na komedi\u0119 \u201eKolacja dla g\u0142upca\u201d do Teatru Polskiego w Szczecinie - ZSP w Chojnie\",\"isPartOf\":{\"@id\":\"https:\/\/zsp1chojna.pl\/#website\"},\"datePublished\":\"2025-12-17T20:25:18+00:00\",\"dateModified\":\"2026-03-02T20:30:30+00:00\",\"breadcrumb\":{\"@id\":\"https:\/\/zsp1chojna.pl\/?p=15306#breadcrumb\"},\"inLanguage\":\"pl-PL\",\"potentialAction\":[{\"@type\":\"ReadAction\",\"target\":[\"https:\/\/zsp1chojna.pl\/?p=15306\"]}]},{\"@type\":\"BreadcrumbList\",\"@id\":\"https:\/\/zsp1chojna.pl\/?p=15306#breadcrumb\",\"itemListElement\":[{\"@type\":\"ListItem\",\"position\":1,\"name\":\"Home\",\"item\":\"https:\/\/zsp1chojna.pl\/\"},{\"@type\":\"ListItem\",\"position\":2,\"name\":\"\u201eWyj\u015bcie z klas\u0105\u201d uczni\u00f3w kl. 3ac LO na komedi\u0119 \u201eKolacja dla g\u0142upca\u201d do Teatru Polskiego w Szczecinie\"}]},{\"@type\":\"WebSite\",\"@id\":\"https:\/\/zsp1chojna.pl\/#website\",\"url\":\"https:\/\/zsp1chojna.pl\/\",\"name\":\"ZSP w Chojnie\",\"description\":\"\",\"publisher\":{\"@id\":\"https:\/\/zsp1chojna.pl\/#organization\"},\"potentialAction\":[{\"@type\":\"SearchAction\",\"target\":{\"@type\":\"EntryPoint\",\"urlTemplate\":\"https:\/\/zsp1chojna.pl\/?s={search_term_string}\"},\"query-input\":\"required name=search_term_string\"}],\"inLanguage\":\"pl-PL\"},{\"@type\":\"Organization\",\"@id\":\"https:\/\/zsp1chojna.pl\/#organization\",\"name\":\"ZSP w Chojnie\",\"url\":\"https:\/\/zsp1chojna.pl\/\",\"logo\":{\"@type\":\"ImageObject\",\"inLanguage\":\"pl-PL\",\"@id\":\"https:\/\/zsp1chojna.pl\/#\/schema\/logo\/image\/\",\"url\":\"https:\/\/zsp1chojna.pl\/wp-content\/uploads\/2023\/08\/cropped-cropped-cropped-Logo-biale-napis-na-3-wiersze_504-1.png\",\"contentUrl\":\"https:\/\/zsp1chojna.pl\/wp-content\/uploads\/2023\/08\/cropped-cropped-cropped-Logo-biale-napis-na-3-wiersze_504-1.png\",\"width\":504,\"height\":167,\"caption\":\"ZSP w Chojnie\"},\"image\":{\"@id\":\"https:\/\/zsp1chojna.pl\/#\/schema\/logo\/image\/\"}},{\"@type\":\"Person\",\"@id\":\"https:\/\/zsp1chojna.pl\/#\/schema\/person\/fe8d6c03379c9cface386de0c172e127\",\"name\":\"admin\",\"image\":{\"@type\":\"ImageObject\",\"inLanguage\":\"pl-PL\",\"@id\":\"https:\/\/zsp1chojna.pl\/#\/schema\/person\/image\/\",\"url\":\"https:\/\/secure.gravatar.com\/avatar\/35d79b1d799ff9bac401976862e535bf785f4039d8313d3c00b303598a46dd4e?s=96&d=mm&r=g\",\"contentUrl\":\"https:\/\/secure.gravatar.com\/avatar\/35d79b1d799ff9bac401976862e535bf785f4039d8313d3c00b303598a46dd4e?s=96&d=mm&r=g\",\"caption\":\"admin\"},\"sameAs\":[\"http:\/\/nowazspchojna.pl\"],\"url\":\"https:\/\/zsp1chojna.pl\/?author=1\"}]}<\/script>\n<!-- \/ Yoast SEO plugin. -->","yoast_head_json":{"title":"\u201eWyj\u015bcie z klas\u0105\u201d uczni\u00f3w kl. 3ac LO na komedi\u0119 \u201eKolacja dla g\u0142upca\u201d do Teatru Polskiego w Szczecinie - ZSP w Chojnie","robots":{"index":"index","follow":"follow","max-snippet":"max-snippet:-1","max-image-preview":"max-image-preview:large","max-video-preview":"max-video-preview:-1"},"canonical":"https:\/\/zsp1chojna.pl\/?p=15306","og_locale":"pl_PL","og_type":"article","og_title":"\u201eWyj\u015bcie z klas\u0105\u201d uczni\u00f3w kl. 3ac LO na komedi\u0119 \u201eKolacja dla g\u0142upca\u201d do Teatru Polskiego w Szczecinie - ZSP w Chojnie","og_description":"Jednym z wielu ciekawych inicjatyw Ministerstwa Edukacji, w kt\u00f3rym uczestniczy Zesp\u00f3\u0142 Szk\u00f3\u0142 Ponadpodstawowych w Chojnie, jest przedsi\u0119wzi\u0119cie pod nazw\u0105 \u201eWyj\u015bcie z&nbsp; klas\u0105\u201d. Polega ono na wsparciu finansowym jednodniowych wyj\u015b\u0107 uczni\u00f3w [&hellip;]","og_url":"https:\/\/zsp1chojna.pl\/?p=15306","og_site_name":"ZSP w Chojnie","article_published_time":"2025-12-17T20:25:18+00:00","article_modified_time":"2026-03-02T20:30:30+00:00","og_image":[{"width":1208,"height":785,"url":"https:\/\/zsp1chojna.pl\/wp-content\/uploads\/2026\/03\/image006-3.jpg","type":"image\/jpeg"}],"author":"admin","twitter_card":"summary_large_image","twitter_misc":{"Napisane przez":"admin","Szacowany czas czytania":"4 minuty"},"schema":{"@context":"https:\/\/schema.org","@graph":[{"@type":"Article","@id":"https:\/\/zsp1chojna.pl\/?p=15306#article","isPartOf":{"@id":"https:\/\/zsp1chojna.pl\/?p=15306"},"author":{"name":"admin","@id":"https:\/\/zsp1chojna.pl\/#\/schema\/person\/fe8d6c03379c9cface386de0c172e127"},"headline":"\u201eWyj\u015bcie z klas\u0105\u201d uczni\u00f3w kl. 3ac LO na komedi\u0119 \u201eKolacja dla g\u0142upca\u201d do Teatru Polskiego w Szczecinie","datePublished":"2025-12-17T20:25:18+00:00","dateModified":"2026-03-02T20:30:30+00:00","mainEntityOfPage":{"@id":"https:\/\/zsp1chojna.pl\/?p=15306"},"wordCount":606,"commentCount":0,"publisher":{"@id":"https:\/\/zsp1chojna.pl\/#organization"},"articleSection":["Aktualno\u015bci 2025\/2026"],"inLanguage":"pl-PL","potentialAction":[{"@type":"CommentAction","name":"Comment","target":["https:\/\/zsp1chojna.pl\/?p=15306#respond"]}]},{"@type":"WebPage","@id":"https:\/\/zsp1chojna.pl\/?p=15306","url":"https:\/\/zsp1chojna.pl\/?p=15306","name":"\u201eWyj\u015bcie z klas\u0105\u201d uczni\u00f3w kl. 3ac LO na komedi\u0119 \u201eKolacja dla g\u0142upca\u201d do Teatru Polskiego w Szczecinie - ZSP w Chojnie","isPartOf":{"@id":"https:\/\/zsp1chojna.pl\/#website"},"datePublished":"2025-12-17T20:25:18+00:00","dateModified":"2026-03-02T20:30:30+00:00","breadcrumb":{"@id":"https:\/\/zsp1chojna.pl\/?p=15306#breadcrumb"},"inLanguage":"pl-PL","potentialAction":[{"@type":"ReadAction","target":["https:\/\/zsp1chojna.pl\/?p=15306"]}]},{"@type":"BreadcrumbList","@id":"https:\/\/zsp1chojna.pl\/?p=15306#breadcrumb","itemListElement":[{"@type":"ListItem","position":1,"name":"Home","item":"https:\/\/zsp1chojna.pl\/"},{"@type":"ListItem","position":2,"name":"\u201eWyj\u015bcie z klas\u0105\u201d uczni\u00f3w kl. 3ac LO na komedi\u0119 \u201eKolacja dla g\u0142upca\u201d do Teatru Polskiego w Szczecinie"}]},{"@type":"WebSite","@id":"https:\/\/zsp1chojna.pl\/#website","url":"https:\/\/zsp1chojna.pl\/","name":"ZSP w Chojnie","description":"","publisher":{"@id":"https:\/\/zsp1chojna.pl\/#organization"},"potentialAction":[{"@type":"SearchAction","target":{"@type":"EntryPoint","urlTemplate":"https:\/\/zsp1chojna.pl\/?s={search_term_string}"},"query-input":"required name=search_term_string"}],"inLanguage":"pl-PL"},{"@type":"Organization","@id":"https:\/\/zsp1chojna.pl\/#organization","name":"ZSP w Chojnie","url":"https:\/\/zsp1chojna.pl\/","logo":{"@type":"ImageObject","inLanguage":"pl-PL","@id":"https:\/\/zsp1chojna.pl\/#\/schema\/logo\/image\/","url":"https:\/\/zsp1chojna.pl\/wp-content\/uploads\/2023\/08\/cropped-cropped-cropped-Logo-biale-napis-na-3-wiersze_504-1.png","contentUrl":"https:\/\/zsp1chojna.pl\/wp-content\/uploads\/2023\/08\/cropped-cropped-cropped-Logo-biale-napis-na-3-wiersze_504-1.png","width":504,"height":167,"caption":"ZSP w Chojnie"},"image":{"@id":"https:\/\/zsp1chojna.pl\/#\/schema\/logo\/image\/"}},{"@type":"Person","@id":"https:\/\/zsp1chojna.pl\/#\/schema\/person\/fe8d6c03379c9cface386de0c172e127","name":"admin","image":{"@type":"ImageObject","inLanguage":"pl-PL","@id":"https:\/\/zsp1chojna.pl\/#\/schema\/person\/image\/","url":"https:\/\/secure.gravatar.com\/avatar\/35d79b1d799ff9bac401976862e535bf785f4039d8313d3c00b303598a46dd4e?s=96&d=mm&r=g","contentUrl":"https:\/\/secure.gravatar.com\/avatar\/35d79b1d799ff9bac401976862e535bf785f4039d8313d3c00b303598a46dd4e?s=96&d=mm&r=g","caption":"admin"},"sameAs":["http:\/\/nowazspchojna.pl"],"url":"https:\/\/zsp1chojna.pl\/?author=1"}]}},"jetpack_featured_media_url":"https:\/\/zsp1chojna.pl\/wp-content\/uploads\/2026\/03\/image006-3.jpg","_links":{"self":[{"href":"https:\/\/zsp1chojna.pl\/index.php?rest_route=\/wp\/v2\/posts\/15306","targetHints":{"allow":["GET"]}}],"collection":[{"href":"https:\/\/zsp1chojna.pl\/index.php?rest_route=\/wp\/v2\/posts"}],"about":[{"href":"https:\/\/zsp1chojna.pl\/index.php?rest_route=\/wp\/v2\/types\/post"}],"author":[{"embeddable":true,"href":"https:\/\/zsp1chojna.pl\/index.php?rest_route=\/wp\/v2\/users\/1"}],"replies":[{"embeddable":true,"href":"https:\/\/zsp1chojna.pl\/index.php?rest_route=%2Fwp%2Fv2%2Fcomments&post=15306"}],"version-history":[{"count":1,"href":"https:\/\/zsp1chojna.pl\/index.php?rest_route=\/wp\/v2\/posts\/15306\/revisions"}],"predecessor-version":[{"id":15311,"href":"https:\/\/zsp1chojna.pl\/index.php?rest_route=\/wp\/v2\/posts\/15306\/revisions\/15311"}],"wp:featuredmedia":[{"embeddable":true,"href":"https:\/\/zsp1chojna.pl\/index.php?rest_route=\/wp\/v2\/media\/15310"}],"wp:attachment":[{"href":"https:\/\/zsp1chojna.pl\/index.php?rest_route=%2Fwp%2Fv2%2Fmedia&parent=15306"}],"wp:term":[{"taxonomy":"category","embeddable":true,"href":"https:\/\/zsp1chojna.pl\/index.php?rest_route=%2Fwp%2Fv2%2Fcategories&post=15306"},{"taxonomy":"post_tag","embeddable":true,"href":"https:\/\/zsp1chojna.pl\/index.php?rest_route=%2Fwp%2Fv2%2Ftags&post=15306"}],"curies":[{"name":"wp","href":"https:\/\/api.w.org\/{rel}","templated":true}]}}