{"id":15250,"date":"2025-10-30T20:21:37","date_gmt":"2025-10-30T19:21:37","guid":{"rendered":"https:\/\/zsp1chojna.pl\/?p=15250"},"modified":"2026-03-02T20:31:10","modified_gmt":"2026-03-02T19:31:10","slug":"30-10-2025-r-wystawa-plakatow-promujacych-czytelnictwo-nprcz","status":"publish","type":"post","link":"https:\/\/zsp1chojna.pl\/?p=15250","title":{"rendered":"30.10.2025 r. Wystawa plakat\u00f3w promuj\u0105cych czytelnictwo \u00a0NPRCz"},"content":{"rendered":"<div class=\"wp-block-image\">\n<figure class=\"aligncenter size-large\"><img loading=\"lazy\" decoding=\"async\" width=\"1024\" height=\"116\" data-attachment-id=\"14614\" data-permalink=\"https:\/\/zsp1chojna.pl\/?attachment_id=14614\" data-orig-file=\"https:\/\/zsp1chojna.pl\/wp-content\/uploads\/2025\/09\/Logo-Narodowe-Czytanie.jpg\" data-orig-size=\"1213,137\" data-comments-opened=\"1\" data-image-meta=\"{&quot;aperture&quot;:&quot;0&quot;,&quot;credit&quot;:&quot;&quot;,&quot;camera&quot;:&quot;&quot;,&quot;caption&quot;:&quot;&quot;,&quot;created_timestamp&quot;:&quot;0&quot;,&quot;copyright&quot;:&quot;&quot;,&quot;focal_length&quot;:&quot;0&quot;,&quot;iso&quot;:&quot;0&quot;,&quot;shutter_speed&quot;:&quot;0&quot;,&quot;title&quot;:&quot;&quot;,&quot;orientation&quot;:&quot;0&quot;}\" data-image-title=\"Logo Narodowe Czytanie\" data-image-description=\"\" data-image-caption=\"\" data-medium-file=\"https:\/\/zsp1chojna.pl\/wp-content\/uploads\/2025\/09\/Logo-Narodowe-Czytanie-300x34.jpg\" data-large-file=\"https:\/\/zsp1chojna.pl\/wp-content\/uploads\/2025\/09\/Logo-Narodowe-Czytanie-1024x116.jpg\" src=\"https:\/\/zsp1chojna.pl\/wp-content\/uploads\/2025\/09\/Logo-Narodowe-Czytanie-1024x116.jpg\" alt=\"\" class=\"wp-image-14614\" srcset=\"https:\/\/zsp1chojna.pl\/wp-content\/uploads\/2025\/09\/Logo-Narodowe-Czytanie-1024x116.jpg 1024w, https:\/\/zsp1chojna.pl\/wp-content\/uploads\/2025\/09\/Logo-Narodowe-Czytanie-300x34.jpg 300w, https:\/\/zsp1chojna.pl\/wp-content\/uploads\/2025\/09\/Logo-Narodowe-Czytanie-768x87.jpg 768w, https:\/\/zsp1chojna.pl\/wp-content\/uploads\/2025\/09\/Logo-Narodowe-Czytanie-947x107.jpg 947w, https:\/\/zsp1chojna.pl\/wp-content\/uploads\/2025\/09\/Logo-Narodowe-Czytanie-624x70.jpg 624w, https:\/\/zsp1chojna.pl\/wp-content\/uploads\/2025\/09\/Logo-Narodowe-Czytanie.jpg 1213w\" sizes=\"auto, (max-width: 1024px) 100vw, 1024px\" \/><\/figure>\n<\/div>\n\n\n<p class=\"has-text-align-justify has-text-align-justify\">30 pa\u017adziernika 2025 r., biblioteka szkolna, wraz z Samorz\u0105dem uczniowskim, og\u0142osi\u0142a konkurs plastyczny pod has\u0142em ,,Biblioteka zaprasza cz\u0142owieka\u2019\u2019. Celem konkursu by\u0142o rozbudzanie zainteresowa\u0144 czytelniczych oraz rozwijanie wra\u017cliwo\u015bci plastycznej i&nbsp;aktywno\u015bci tw\u00f3rczej m\u0142odzie\u017cy.<\/p>\n\n\n<div class=\"wp-block-image\">\n<figure class=\"aligncenter size-large is-resized\"><img loading=\"lazy\" decoding=\"async\" width=\"1024\" height=\"769\" data-attachment-id=\"15251\" data-permalink=\"https:\/\/zsp1chojna.pl\/?attachment_id=15251\" data-orig-file=\"https:\/\/zsp1chojna.pl\/wp-content\/uploads\/2026\/03\/image002-5.jpg\" data-orig-size=\"1443,1083\" data-comments-opened=\"1\" data-image-meta=\"{&quot;aperture&quot;:&quot;0&quot;,&quot;credit&quot;:&quot;&quot;,&quot;camera&quot;:&quot;&quot;,&quot;caption&quot;:&quot;&quot;,&quot;created_timestamp&quot;:&quot;0&quot;,&quot;copyright&quot;:&quot;&quot;,&quot;focal_length&quot;:&quot;0&quot;,&quot;iso&quot;:&quot;0&quot;,&quot;shutter_speed&quot;:&quot;0&quot;,&quot;title&quot;:&quot;&quot;,&quot;orientation&quot;:&quot;0&quot;}\" data-image-title=\"image002\" data-image-description=\"\" data-image-caption=\"\" data-medium-file=\"https:\/\/zsp1chojna.pl\/wp-content\/uploads\/2026\/03\/image002-5-300x225.jpg\" data-large-file=\"https:\/\/zsp1chojna.pl\/wp-content\/uploads\/2026\/03\/image002-5-1024x769.jpg\" src=\"https:\/\/zsp1chojna.pl\/wp-content\/uploads\/2026\/03\/image002-5-1024x769.jpg\" alt=\"\" class=\"wp-image-15251\" style=\"aspect-ratio:1.3316159714653721;width:706px;height:auto\" srcset=\"https:\/\/zsp1chojna.pl\/wp-content\/uploads\/2026\/03\/image002-5-1024x769.jpg 1024w, https:\/\/zsp1chojna.pl\/wp-content\/uploads\/2026\/03\/image002-5-300x225.jpg 300w, https:\/\/zsp1chojna.pl\/wp-content\/uploads\/2026\/03\/image002-5-768x576.jpg 768w, https:\/\/zsp1chojna.pl\/wp-content\/uploads\/2026\/03\/image002-5-947x711.jpg 947w, https:\/\/zsp1chojna.pl\/wp-content\/uploads\/2026\/03\/image002-5-624x468.jpg 624w, https:\/\/zsp1chojna.pl\/wp-content\/uploads\/2026\/03\/image002-5.jpg 1443w\" sizes=\"auto, (max-width: 1024px) 100vw, 1024px\" \/><\/figure>\n<\/div>\n\n\n<p class=\"has-text-align-justify has-text-align-justify\">Nast\u0119pnie, w grudniu zosta\u0142a przygotowana pokonkursowa wystawa plakat\u00f3w. Prace uczestnik\u00f3w konkursu, kt\u00f3rych motywem przewodnim by\u0142a promocja czytelnictwa, zosta\u0142y wystawione w holu budynku nr1 Zespo\u0142u Szk\u00f3\u0142 Ponadpodstawowych.<\/p>\n\n\n<div class=\"wp-block-image\">\n<figure class=\"aligncenter size-large is-resized\"><img loading=\"lazy\" decoding=\"async\" width=\"1024\" height=\"769\" data-attachment-id=\"15252\" data-permalink=\"https:\/\/zsp1chojna.pl\/?attachment_id=15252\" data-orig-file=\"https:\/\/zsp1chojna.pl\/wp-content\/uploads\/2026\/03\/image003-4.jpg\" data-orig-size=\"1443,1083\" data-comments-opened=\"1\" data-image-meta=\"{&quot;aperture&quot;:&quot;0&quot;,&quot;credit&quot;:&quot;&quot;,&quot;camera&quot;:&quot;&quot;,&quot;caption&quot;:&quot;&quot;,&quot;created_timestamp&quot;:&quot;0&quot;,&quot;copyright&quot;:&quot;&quot;,&quot;focal_length&quot;:&quot;0&quot;,&quot;iso&quot;:&quot;0&quot;,&quot;shutter_speed&quot;:&quot;0&quot;,&quot;title&quot;:&quot;&quot;,&quot;orientation&quot;:&quot;0&quot;}\" data-image-title=\"image003\" data-image-description=\"\" data-image-caption=\"\" data-medium-file=\"https:\/\/zsp1chojna.pl\/wp-content\/uploads\/2026\/03\/image003-4-300x225.jpg\" data-large-file=\"https:\/\/zsp1chojna.pl\/wp-content\/uploads\/2026\/03\/image003-4-1024x769.jpg\" src=\"https:\/\/zsp1chojna.pl\/wp-content\/uploads\/2026\/03\/image003-4-1024x769.jpg\" alt=\"\" class=\"wp-image-15252\" style=\"aspect-ratio:1.332441073685776;width:695px;height:auto\" srcset=\"https:\/\/zsp1chojna.pl\/wp-content\/uploads\/2026\/03\/image003-4-1024x769.jpg 1024w, https:\/\/zsp1chojna.pl\/wp-content\/uploads\/2026\/03\/image003-4-300x225.jpg 300w, https:\/\/zsp1chojna.pl\/wp-content\/uploads\/2026\/03\/image003-4-768x576.jpg 768w, https:\/\/zsp1chojna.pl\/wp-content\/uploads\/2026\/03\/image003-4-947x711.jpg 947w, https:\/\/zsp1chojna.pl\/wp-content\/uploads\/2026\/03\/image003-4-624x468.jpg 624w, https:\/\/zsp1chojna.pl\/wp-content\/uploads\/2026\/03\/image003-4.jpg 1443w\" sizes=\"auto, (max-width: 1024px) 100vw, 1024px\" \/><\/figure>\n<\/div>\n\n\n<p>Po wystawie, plakaty zostan\u0105 wyeksponowane w bibliotece szkolnej.<\/p>\n\n\n<div class=\"wp-block-image\">\n<figure class=\"aligncenter size-large is-resized\"><img loading=\"lazy\" decoding=\"async\" width=\"1024\" height=\"769\" data-attachment-id=\"15253\" data-permalink=\"https:\/\/zsp1chojna.pl\/?attachment_id=15253\" data-orig-file=\"https:\/\/zsp1chojna.pl\/wp-content\/uploads\/2026\/03\/image004-2.jpg\" data-orig-size=\"1443,1083\" data-comments-opened=\"1\" data-image-meta=\"{&quot;aperture&quot;:&quot;0&quot;,&quot;credit&quot;:&quot;&quot;,&quot;camera&quot;:&quot;&quot;,&quot;caption&quot;:&quot;&quot;,&quot;created_timestamp&quot;:&quot;0&quot;,&quot;copyright&quot;:&quot;&quot;,&quot;focal_length&quot;:&quot;0&quot;,&quot;iso&quot;:&quot;0&quot;,&quot;shutter_speed&quot;:&quot;0&quot;,&quot;title&quot;:&quot;&quot;,&quot;orientation&quot;:&quot;0&quot;}\" data-image-title=\"image004\" data-image-description=\"\" data-image-caption=\"\" data-medium-file=\"https:\/\/zsp1chojna.pl\/wp-content\/uploads\/2026\/03\/image004-2-300x225.jpg\" data-large-file=\"https:\/\/zsp1chojna.pl\/wp-content\/uploads\/2026\/03\/image004-2-1024x769.jpg\" src=\"https:\/\/zsp1chojna.pl\/wp-content\/uploads\/2026\/03\/image004-2-1024x769.jpg\" alt=\"\" class=\"wp-image-15253\" style=\"aspect-ratio:1.3316159714653721;width:702px;height:auto\" srcset=\"https:\/\/zsp1chojna.pl\/wp-content\/uploads\/2026\/03\/image004-2-1024x769.jpg 1024w, https:\/\/zsp1chojna.pl\/wp-content\/uploads\/2026\/03\/image004-2-300x225.jpg 300w, https:\/\/zsp1chojna.pl\/wp-content\/uploads\/2026\/03\/image004-2-768x576.jpg 768w, https:\/\/zsp1chojna.pl\/wp-content\/uploads\/2026\/03\/image004-2-947x711.jpg 947w, https:\/\/zsp1chojna.pl\/wp-content\/uploads\/2026\/03\/image004-2-624x468.jpg 624w, https:\/\/zsp1chojna.pl\/wp-content\/uploads\/2026\/03\/image004-2.jpg 1443w\" sizes=\"auto, (max-width: 1024px) 100vw, 1024px\" \/><\/figure>\n<\/div>\n\n\n<p class=\"has-text-align-justify has-text-align-justify\">Wystawa zosta\u0142a przygotowana w ramach obchod\u00f3w Miesi\u0105ca Bibliotek Szkolnych oraz w ramach realizacji Narodowego Programu Rozwoju Czytelnictwa 2.0.<\/p>\n\n\n<div class=\"wp-block-image\">\n<figure class=\"aligncenter size-large is-resized\"><img loading=\"lazy\" decoding=\"async\" width=\"1024\" height=\"769\" data-attachment-id=\"15254\" data-permalink=\"https:\/\/zsp1chojna.pl\/?attachment_id=15254\" data-orig-file=\"https:\/\/zsp1chojna.pl\/wp-content\/uploads\/2026\/03\/image005-1.jpg\" data-orig-size=\"1443,1083\" data-comments-opened=\"1\" data-image-meta=\"{&quot;aperture&quot;:&quot;0&quot;,&quot;credit&quot;:&quot;&quot;,&quot;camera&quot;:&quot;&quot;,&quot;caption&quot;:&quot;&quot;,&quot;created_timestamp&quot;:&quot;0&quot;,&quot;copyright&quot;:&quot;&quot;,&quot;focal_length&quot;:&quot;0&quot;,&quot;iso&quot;:&quot;0&quot;,&quot;shutter_speed&quot;:&quot;0&quot;,&quot;title&quot;:&quot;&quot;,&quot;orientation&quot;:&quot;0&quot;}\" data-image-title=\"image005\" data-image-description=\"\" data-image-caption=\"\" data-medium-file=\"https:\/\/zsp1chojna.pl\/wp-content\/uploads\/2026\/03\/image005-1-300x225.jpg\" data-large-file=\"https:\/\/zsp1chojna.pl\/wp-content\/uploads\/2026\/03\/image005-1-1024x769.jpg\" src=\"https:\/\/zsp1chojna.pl\/wp-content\/uploads\/2026\/03\/image005-1-1024x769.jpg\" alt=\"\" class=\"wp-image-15254\" style=\"aspect-ratio:1.3316159714653721;width:692px;height:auto\" srcset=\"https:\/\/zsp1chojna.pl\/wp-content\/uploads\/2026\/03\/image005-1-1024x769.jpg 1024w, https:\/\/zsp1chojna.pl\/wp-content\/uploads\/2026\/03\/image005-1-300x225.jpg 300w, https:\/\/zsp1chojna.pl\/wp-content\/uploads\/2026\/03\/image005-1-768x576.jpg 768w, https:\/\/zsp1chojna.pl\/wp-content\/uploads\/2026\/03\/image005-1-947x711.jpg 947w, https:\/\/zsp1chojna.pl\/wp-content\/uploads\/2026\/03\/image005-1-624x468.jpg 624w, https:\/\/zsp1chojna.pl\/wp-content\/uploads\/2026\/03\/image005-1.jpg 1443w\" sizes=\"auto, (max-width: 1024px) 100vw, 1024px\" \/><\/figure>\n<\/div>\n\n\n<p class=\"has-text-align-right\">mgr Gabriela Lasowska<\/p>\n","protected":false},"excerpt":{"rendered":"<p>30 pa\u017adziernika 2025 r., biblioteka szkolna, wraz z Samorz\u0105dem uczniowskim, og\u0142osi\u0142a konkurs plastyczny pod has\u0142em ,,Biblioteka zaprasza cz\u0142owieka\u2019\u2019. Celem konkursu by\u0142o rozbudzanie zainteresowa\u0144 czytelniczych oraz rozwijanie wra\u017cliwo\u015bci plastycznej i&nbsp;aktywno\u015bci tw\u00f3rczej [&hellip;]<\/p>\n","protected":false},"author":1,"featured_media":15251,"comment_status":"open","ping_status":"open","sticky":false,"template":"","format":"standard","meta":{"footnotes":""},"categories":[32],"tags":[],"class_list":["post-15250","post","type-post","status-publish","format-standard","has-post-thumbnail","hentry","category-aktualnosci-2025-2026"],"wbAuthor":{"name":"admin","link":"https:\/\/zsp1chojna.pl\/?author=1"},"wbDate":"pa\u017a 30, 2025","wbCategories":{"space":"<a href=\"https:\/\/zsp1chojna.pl\/?cat=32\" rel=\"category\">Aktualno\u015bci 2025\/2026<\/a>","coma":"<a href=\"https:\/\/zsp1chojna.pl\/?cat=32\" rel=\"category\">Aktualno\u015bci 2025\/2026<\/a>"},"wbComment":0,"yoast_head":"<!-- This site is optimized with the Yoast SEO plugin v20.13 - https:\/\/yoast.com\/wordpress\/plugins\/seo\/ -->\n<title>30.10.2025 r. Wystawa plakat\u00f3w promuj\u0105cych czytelnictwo \u00a0NPRCz - ZSP w Chojnie<\/title>\n<meta name=\"robots\" content=\"index, follow, max-snippet:-1, max-image-preview:large, max-video-preview:-1\" \/>\n<link rel=\"canonical\" href=\"https:\/\/zsp1chojna.pl\/?p=15250\" \/>\n<meta property=\"og:locale\" content=\"pl_PL\" \/>\n<meta property=\"og:type\" content=\"article\" \/>\n<meta property=\"og:title\" content=\"30.10.2025 r. Wystawa plakat\u00f3w promuj\u0105cych czytelnictwo \u00a0NPRCz - ZSP w Chojnie\" \/>\n<meta property=\"og:description\" content=\"30 pa\u017adziernika 2025 r., biblioteka szkolna, wraz z Samorz\u0105dem uczniowskim, og\u0142osi\u0142a konkurs plastyczny pod has\u0142em ,,Biblioteka zaprasza cz\u0142owieka\u2019\u2019. Celem konkursu by\u0142o rozbudzanie zainteresowa\u0144 czytelniczych oraz rozwijanie wra\u017cliwo\u015bci plastycznej i&nbsp;aktywno\u015bci tw\u00f3rczej [&hellip;]\" \/>\n<meta property=\"og:url\" content=\"https:\/\/zsp1chojna.pl\/?p=15250\" \/>\n<meta property=\"og:site_name\" content=\"ZSP w Chojnie\" \/>\n<meta property=\"article:published_time\" content=\"2025-10-30T19:21:37+00:00\" \/>\n<meta property=\"article:modified_time\" content=\"2026-03-02T19:31:10+00:00\" \/>\n<meta property=\"og:image\" content=\"https:\/\/zsp1chojna.pl\/wp-content\/uploads\/2026\/03\/image002-5.jpg\" \/>\n\t<meta property=\"og:image:width\" content=\"1443\" \/>\n\t<meta property=\"og:image:height\" content=\"1083\" \/>\n\t<meta property=\"og:image:type\" content=\"image\/jpeg\" \/>\n<meta name=\"author\" content=\"admin\" \/>\n<meta name=\"twitter:card\" content=\"summary_large_image\" \/>\n<meta name=\"twitter:label1\" content=\"Napisane przez\" \/>\n\t<meta name=\"twitter:data1\" content=\"admin\" \/>\n\t<meta name=\"twitter:label2\" content=\"Szacowany czas czytania\" \/>\n\t<meta name=\"twitter:data2\" content=\"2 minuty\" \/>\n<script type=\"application\/ld+json\" class=\"yoast-schema-graph\">{\"@context\":\"https:\/\/schema.org\",\"@graph\":[{\"@type\":\"Article\",\"@id\":\"https:\/\/zsp1chojna.pl\/?p=15250#article\",\"isPartOf\":{\"@id\":\"https:\/\/zsp1chojna.pl\/?p=15250\"},\"author\":{\"name\":\"admin\",\"@id\":\"https:\/\/zsp1chojna.pl\/#\/schema\/person\/fe8d6c03379c9cface386de0c172e127\"},\"headline\":\"30.10.2025 r. Wystawa plakat\u00f3w promuj\u0105cych czytelnictwo \u00a0NPRCz\",\"datePublished\":\"2025-10-30T19:21:37+00:00\",\"dateModified\":\"2026-03-02T19:31:10+00:00\",\"mainEntityOfPage\":{\"@id\":\"https:\/\/zsp1chojna.pl\/?p=15250\"},\"wordCount\":117,\"commentCount\":0,\"publisher\":{\"@id\":\"https:\/\/zsp1chojna.pl\/#organization\"},\"articleSection\":[\"Aktualno\u015bci 2025\/2026\"],\"inLanguage\":\"pl-PL\",\"potentialAction\":[{\"@type\":\"CommentAction\",\"name\":\"Comment\",\"target\":[\"https:\/\/zsp1chojna.pl\/?p=15250#respond\"]}]},{\"@type\":\"WebPage\",\"@id\":\"https:\/\/zsp1chojna.pl\/?p=15250\",\"url\":\"https:\/\/zsp1chojna.pl\/?p=15250\",\"name\":\"30.10.2025 r. Wystawa plakat\u00f3w promuj\u0105cych czytelnictwo \u00a0NPRCz - ZSP w Chojnie\",\"isPartOf\":{\"@id\":\"https:\/\/zsp1chojna.pl\/#website\"},\"datePublished\":\"2025-10-30T19:21:37+00:00\",\"dateModified\":\"2026-03-02T19:31:10+00:00\",\"breadcrumb\":{\"@id\":\"https:\/\/zsp1chojna.pl\/?p=15250#breadcrumb\"},\"inLanguage\":\"pl-PL\",\"potentialAction\":[{\"@type\":\"ReadAction\",\"target\":[\"https:\/\/zsp1chojna.pl\/?p=15250\"]}]},{\"@type\":\"BreadcrumbList\",\"@id\":\"https:\/\/zsp1chojna.pl\/?p=15250#breadcrumb\",\"itemListElement\":[{\"@type\":\"ListItem\",\"position\":1,\"name\":\"Home\",\"item\":\"https:\/\/zsp1chojna.pl\/\"},{\"@type\":\"ListItem\",\"position\":2,\"name\":\"30.10.2025 r. Wystawa plakat\u00f3w promuj\u0105cych czytelnictwo \u00a0NPRCz\"}]},{\"@type\":\"WebSite\",\"@id\":\"https:\/\/zsp1chojna.pl\/#website\",\"url\":\"https:\/\/zsp1chojna.pl\/\",\"name\":\"ZSP w Chojnie\",\"description\":\"\",\"publisher\":{\"@id\":\"https:\/\/zsp1chojna.pl\/#organization\"},\"potentialAction\":[{\"@type\":\"SearchAction\",\"target\":{\"@type\":\"EntryPoint\",\"urlTemplate\":\"https:\/\/zsp1chojna.pl\/?s={search_term_string}\"},\"query-input\":\"required name=search_term_string\"}],\"inLanguage\":\"pl-PL\"},{\"@type\":\"Organization\",\"@id\":\"https:\/\/zsp1chojna.pl\/#organization\",\"name\":\"ZSP w Chojnie\",\"url\":\"https:\/\/zsp1chojna.pl\/\",\"logo\":{\"@type\":\"ImageObject\",\"inLanguage\":\"pl-PL\",\"@id\":\"https:\/\/zsp1chojna.pl\/#\/schema\/logo\/image\/\",\"url\":\"https:\/\/zsp1chojna.pl\/wp-content\/uploads\/2023\/08\/cropped-cropped-cropped-Logo-biale-napis-na-3-wiersze_504-1.png\",\"contentUrl\":\"https:\/\/zsp1chojna.pl\/wp-content\/uploads\/2023\/08\/cropped-cropped-cropped-Logo-biale-napis-na-3-wiersze_504-1.png\",\"width\":504,\"height\":167,\"caption\":\"ZSP w Chojnie\"},\"image\":{\"@id\":\"https:\/\/zsp1chojna.pl\/#\/schema\/logo\/image\/\"}},{\"@type\":\"Person\",\"@id\":\"https:\/\/zsp1chojna.pl\/#\/schema\/person\/fe8d6c03379c9cface386de0c172e127\",\"name\":\"admin\",\"image\":{\"@type\":\"ImageObject\",\"inLanguage\":\"pl-PL\",\"@id\":\"https:\/\/zsp1chojna.pl\/#\/schema\/person\/image\/\",\"url\":\"https:\/\/secure.gravatar.com\/avatar\/35d79b1d799ff9bac401976862e535bf785f4039d8313d3c00b303598a46dd4e?s=96&d=mm&r=g\",\"contentUrl\":\"https:\/\/secure.gravatar.com\/avatar\/35d79b1d799ff9bac401976862e535bf785f4039d8313d3c00b303598a46dd4e?s=96&d=mm&r=g\",\"caption\":\"admin\"},\"sameAs\":[\"http:\/\/nowazspchojna.pl\"],\"url\":\"https:\/\/zsp1chojna.pl\/?author=1\"}]}<\/script>\n<!-- \/ Yoast SEO plugin. -->","yoast_head_json":{"title":"30.10.2025 r. Wystawa plakat\u00f3w promuj\u0105cych czytelnictwo \u00a0NPRCz - ZSP w Chojnie","robots":{"index":"index","follow":"follow","max-snippet":"max-snippet:-1","max-image-preview":"max-image-preview:large","max-video-preview":"max-video-preview:-1"},"canonical":"https:\/\/zsp1chojna.pl\/?p=15250","og_locale":"pl_PL","og_type":"article","og_title":"30.10.2025 r. Wystawa plakat\u00f3w promuj\u0105cych czytelnictwo \u00a0NPRCz - ZSP w Chojnie","og_description":"30 pa\u017adziernika 2025 r., biblioteka szkolna, wraz z Samorz\u0105dem uczniowskim, og\u0142osi\u0142a konkurs plastyczny pod has\u0142em ,,Biblioteka zaprasza cz\u0142owieka\u2019\u2019. Celem konkursu by\u0142o rozbudzanie zainteresowa\u0144 czytelniczych oraz rozwijanie wra\u017cliwo\u015bci plastycznej i&nbsp;aktywno\u015bci tw\u00f3rczej [&hellip;]","og_url":"https:\/\/zsp1chojna.pl\/?p=15250","og_site_name":"ZSP w Chojnie","article_published_time":"2025-10-30T19:21:37+00:00","article_modified_time":"2026-03-02T19:31:10+00:00","og_image":[{"width":1443,"height":1083,"url":"https:\/\/zsp1chojna.pl\/wp-content\/uploads\/2026\/03\/image002-5.jpg","type":"image\/jpeg"}],"author":"admin","twitter_card":"summary_large_image","twitter_misc":{"Napisane przez":"admin","Szacowany czas czytania":"2 minuty"},"schema":{"@context":"https:\/\/schema.org","@graph":[{"@type":"Article","@id":"https:\/\/zsp1chojna.pl\/?p=15250#article","isPartOf":{"@id":"https:\/\/zsp1chojna.pl\/?p=15250"},"author":{"name":"admin","@id":"https:\/\/zsp1chojna.pl\/#\/schema\/person\/fe8d6c03379c9cface386de0c172e127"},"headline":"30.10.2025 r. Wystawa plakat\u00f3w promuj\u0105cych czytelnictwo \u00a0NPRCz","datePublished":"2025-10-30T19:21:37+00:00","dateModified":"2026-03-02T19:31:10+00:00","mainEntityOfPage":{"@id":"https:\/\/zsp1chojna.pl\/?p=15250"},"wordCount":117,"commentCount":0,"publisher":{"@id":"https:\/\/zsp1chojna.pl\/#organization"},"articleSection":["Aktualno\u015bci 2025\/2026"],"inLanguage":"pl-PL","potentialAction":[{"@type":"CommentAction","name":"Comment","target":["https:\/\/zsp1chojna.pl\/?p=15250#respond"]}]},{"@type":"WebPage","@id":"https:\/\/zsp1chojna.pl\/?p=15250","url":"https:\/\/zsp1chojna.pl\/?p=15250","name":"30.10.2025 r. Wystawa plakat\u00f3w promuj\u0105cych czytelnictwo \u00a0NPRCz - ZSP w Chojnie","isPartOf":{"@id":"https:\/\/zsp1chojna.pl\/#website"},"datePublished":"2025-10-30T19:21:37+00:00","dateModified":"2026-03-02T19:31:10+00:00","breadcrumb":{"@id":"https:\/\/zsp1chojna.pl\/?p=15250#breadcrumb"},"inLanguage":"pl-PL","potentialAction":[{"@type":"ReadAction","target":["https:\/\/zsp1chojna.pl\/?p=15250"]}]},{"@type":"BreadcrumbList","@id":"https:\/\/zsp1chojna.pl\/?p=15250#breadcrumb","itemListElement":[{"@type":"ListItem","position":1,"name":"Home","item":"https:\/\/zsp1chojna.pl\/"},{"@type":"ListItem","position":2,"name":"30.10.2025 r. Wystawa plakat\u00f3w promuj\u0105cych czytelnictwo \u00a0NPRCz"}]},{"@type":"WebSite","@id":"https:\/\/zsp1chojna.pl\/#website","url":"https:\/\/zsp1chojna.pl\/","name":"ZSP w Chojnie","description":"","publisher":{"@id":"https:\/\/zsp1chojna.pl\/#organization"},"potentialAction":[{"@type":"SearchAction","target":{"@type":"EntryPoint","urlTemplate":"https:\/\/zsp1chojna.pl\/?s={search_term_string}"},"query-input":"required name=search_term_string"}],"inLanguage":"pl-PL"},{"@type":"Organization","@id":"https:\/\/zsp1chojna.pl\/#organization","name":"ZSP w Chojnie","url":"https:\/\/zsp1chojna.pl\/","logo":{"@type":"ImageObject","inLanguage":"pl-PL","@id":"https:\/\/zsp1chojna.pl\/#\/schema\/logo\/image\/","url":"https:\/\/zsp1chojna.pl\/wp-content\/uploads\/2023\/08\/cropped-cropped-cropped-Logo-biale-napis-na-3-wiersze_504-1.png","contentUrl":"https:\/\/zsp1chojna.pl\/wp-content\/uploads\/2023\/08\/cropped-cropped-cropped-Logo-biale-napis-na-3-wiersze_504-1.png","width":504,"height":167,"caption":"ZSP w Chojnie"},"image":{"@id":"https:\/\/zsp1chojna.pl\/#\/schema\/logo\/image\/"}},{"@type":"Person","@id":"https:\/\/zsp1chojna.pl\/#\/schema\/person\/fe8d6c03379c9cface386de0c172e127","name":"admin","image":{"@type":"ImageObject","inLanguage":"pl-PL","@id":"https:\/\/zsp1chojna.pl\/#\/schema\/person\/image\/","url":"https:\/\/secure.gravatar.com\/avatar\/35d79b1d799ff9bac401976862e535bf785f4039d8313d3c00b303598a46dd4e?s=96&d=mm&r=g","contentUrl":"https:\/\/secure.gravatar.com\/avatar\/35d79b1d799ff9bac401976862e535bf785f4039d8313d3c00b303598a46dd4e?s=96&d=mm&r=g","caption":"admin"},"sameAs":["http:\/\/nowazspchojna.pl"],"url":"https:\/\/zsp1chojna.pl\/?author=1"}]}},"jetpack_featured_media_url":"https:\/\/zsp1chojna.pl\/wp-content\/uploads\/2026\/03\/image002-5.jpg","_links":{"self":[{"href":"https:\/\/zsp1chojna.pl\/index.php?rest_route=\/wp\/v2\/posts\/15250","targetHints":{"allow":["GET"]}}],"collection":[{"href":"https:\/\/zsp1chojna.pl\/index.php?rest_route=\/wp\/v2\/posts"}],"about":[{"href":"https:\/\/zsp1chojna.pl\/index.php?rest_route=\/wp\/v2\/types\/post"}],"author":[{"embeddable":true,"href":"https:\/\/zsp1chojna.pl\/index.php?rest_route=\/wp\/v2\/users\/1"}],"replies":[{"embeddable":true,"href":"https:\/\/zsp1chojna.pl\/index.php?rest_route=%2Fwp%2Fv2%2Fcomments&post=15250"}],"version-history":[{"count":1,"href":"https:\/\/zsp1chojna.pl\/index.php?rest_route=\/wp\/v2\/posts\/15250\/revisions"}],"predecessor-version":[{"id":15255,"href":"https:\/\/zsp1chojna.pl\/index.php?rest_route=\/wp\/v2\/posts\/15250\/revisions\/15255"}],"wp:featuredmedia":[{"embeddable":true,"href":"https:\/\/zsp1chojna.pl\/index.php?rest_route=\/wp\/v2\/media\/15251"}],"wp:attachment":[{"href":"https:\/\/zsp1chojna.pl\/index.php?rest_route=%2Fwp%2Fv2%2Fmedia&parent=15250"}],"wp:term":[{"taxonomy":"category","embeddable":true,"href":"https:\/\/zsp1chojna.pl\/index.php?rest_route=%2Fwp%2Fv2%2Fcategories&post=15250"},{"taxonomy":"post_tag","embeddable":true,"href":"https:\/\/zsp1chojna.pl\/index.php?rest_route=%2Fwp%2Fv2%2Ftags&post=15250"}],"curies":[{"name":"wp","href":"https:\/\/api.w.org\/{rel}","templated":true}]}}