{"id":15218,"date":"2025-12-19T19:48:21","date_gmt":"2025-12-19T18:48:21","guid":{"rendered":"https:\/\/zsp1chojna.pl\/?p=15218"},"modified":"2026-03-02T19:56:45","modified_gmt":"2026-03-02T18:56:45","slug":"konkurs-koled-i-pastoralek","status":"publish","type":"post","link":"https:\/\/zsp1chojna.pl\/?p=15218","title":{"rendered":"Konkurs kol\u0119d i pastora\u0142ek"},"content":{"rendered":"\n<p class=\"has-text-align-justify has-text-align-justify\">19 grudnia 2025 r., w Zespole Szk\u00f3\u0142 Ponadpodstawowych w Chojnie, odby\u0142 si\u0119 Konkurs kol\u0119d i pastora\u0142ek, kt\u00f3ry wprowadzi\u0142 ca\u0142\u0105 spo\u0142eczno\u015b\u0107 szkoln\u0105 w radosny, \u015bwi\u0105teczny nastr\u00f3j. W wydarzeniu udzia\u0142 wzi\u0119\u0142o 12 klas, prezentuj\u0105c swoje talenty wokalne i\u00a0artystyczne. <\/p>\n\n\n<div class=\"wp-block-image\">\n<figure class=\"aligncenter size-full is-resized\"><img loading=\"lazy\" decoding=\"async\" width=\"813\" height=\"541\" data-attachment-id=\"15219\" data-permalink=\"https:\/\/zsp1chojna.pl\/?attachment_id=15219\" data-orig-file=\"https:\/\/zsp1chojna.pl\/wp-content\/uploads\/2026\/03\/image001.png\" data-orig-size=\"813,541\" data-comments-opened=\"1\" data-image-meta=\"{&quot;aperture&quot;:&quot;0&quot;,&quot;credit&quot;:&quot;&quot;,&quot;camera&quot;:&quot;&quot;,&quot;caption&quot;:&quot;&quot;,&quot;created_timestamp&quot;:&quot;0&quot;,&quot;copyright&quot;:&quot;&quot;,&quot;focal_length&quot;:&quot;0&quot;,&quot;iso&quot;:&quot;0&quot;,&quot;shutter_speed&quot;:&quot;0&quot;,&quot;title&quot;:&quot;&quot;,&quot;orientation&quot;:&quot;0&quot;}\" data-image-title=\"image001\" data-image-description=\"\" data-image-caption=\"\" data-medium-file=\"https:\/\/zsp1chojna.pl\/wp-content\/uploads\/2026\/03\/image001-300x200.png\" data-large-file=\"https:\/\/zsp1chojna.pl\/wp-content\/uploads\/2026\/03\/image001.png\" src=\"https:\/\/zsp1chojna.pl\/wp-content\/uploads\/2026\/03\/image001.png\" alt=\"\" class=\"wp-image-15219\" style=\"width:729px;height:auto\" srcset=\"https:\/\/zsp1chojna.pl\/wp-content\/uploads\/2026\/03\/image001.png 813w, https:\/\/zsp1chojna.pl\/wp-content\/uploads\/2026\/03\/image001-300x200.png 300w, https:\/\/zsp1chojna.pl\/wp-content\/uploads\/2026\/03\/image001-768x511.png 768w, https:\/\/zsp1chojna.pl\/wp-content\/uploads\/2026\/03\/image001-624x415.png 624w, https:\/\/zsp1chojna.pl\/wp-content\/uploads\/2026\/03\/image001-84x56.png 84w\" sizes=\"auto, (max-width: 813px) 100vw, 813px\" \/><\/figure>\n<\/div>\n\n\n<p class=\"has-text-align-justify has-text-align-justify\">Wyst\u0119py ocenia\u0142o jury, w sk\u0142adzie: Pani Gabriela Lasowska, ks. Piotr Subocz oraz Pan Aleksander Lizak. Po burzliwych obradach ,wy\u0142oniono zwyci\u0119zc\u00f3w:<\/p>\n\n\n\n<p>I miejsce \u2013 klasa 4H\u017b<br>II miejsce \u2013 klasa 1LO<br>III miejsce \u2013 klasa 4PI<\/p>\n\n\n<div class=\"wp-block-image\">\n<figure class=\"aligncenter size-full is-resized\"><img loading=\"lazy\" decoding=\"async\" width=\"809\" height=\"581\" data-attachment-id=\"15220\" data-permalink=\"https:\/\/zsp1chojna.pl\/?attachment_id=15220\" data-orig-file=\"https:\/\/zsp1chojna.pl\/wp-content\/uploads\/2026\/03\/image002.png\" data-orig-size=\"809,581\" data-comments-opened=\"1\" data-image-meta=\"{&quot;aperture&quot;:&quot;0&quot;,&quot;credit&quot;:&quot;&quot;,&quot;camera&quot;:&quot;&quot;,&quot;caption&quot;:&quot;&quot;,&quot;created_timestamp&quot;:&quot;0&quot;,&quot;copyright&quot;:&quot;&quot;,&quot;focal_length&quot;:&quot;0&quot;,&quot;iso&quot;:&quot;0&quot;,&quot;shutter_speed&quot;:&quot;0&quot;,&quot;title&quot;:&quot;&quot;,&quot;orientation&quot;:&quot;0&quot;}\" data-image-title=\"image002\" data-image-description=\"\" data-image-caption=\"\" data-medium-file=\"https:\/\/zsp1chojna.pl\/wp-content\/uploads\/2026\/03\/image002-300x215.png\" data-large-file=\"https:\/\/zsp1chojna.pl\/wp-content\/uploads\/2026\/03\/image002.png\" src=\"https:\/\/zsp1chojna.pl\/wp-content\/uploads\/2026\/03\/image002.png\" alt=\"\" class=\"wp-image-15220\" style=\"width:731px;height:auto\" srcset=\"https:\/\/zsp1chojna.pl\/wp-content\/uploads\/2026\/03\/image002.png 809w, https:\/\/zsp1chojna.pl\/wp-content\/uploads\/2026\/03\/image002-300x215.png 300w, https:\/\/zsp1chojna.pl\/wp-content\/uploads\/2026\/03\/image002-768x552.png 768w, https:\/\/zsp1chojna.pl\/wp-content\/uploads\/2026\/03\/image002-624x448.png 624w\" sizes=\"auto, (max-width: 809px) 100vw, 809px\" \/><\/figure>\n<\/div>\n\n\n<p>Podczas wydarzenia og\u0142oszono r\u00f3wnie\u017c wyniki konkursu na najpi\u0119kniejszy stroik bo\u017conarodzeniowy:<br>I miejsce \u2013 klasa 4PI<br>II miejsce \u2013 klasa 2PM<br>III miejsce \u2013 klasy 3TH oraz 5H\u017b<\/p>\n\n\n<div class=\"wp-block-image\">\n<figure class=\"aligncenter size-full is-resized\"><img loading=\"lazy\" decoding=\"async\" width=\"809\" height=\"579\" data-attachment-id=\"15221\" data-permalink=\"https:\/\/zsp1chojna.pl\/?attachment_id=15221\" data-orig-file=\"https:\/\/zsp1chojna.pl\/wp-content\/uploads\/2026\/03\/image003.png\" data-orig-size=\"809,579\" data-comments-opened=\"1\" data-image-meta=\"{&quot;aperture&quot;:&quot;0&quot;,&quot;credit&quot;:&quot;&quot;,&quot;camera&quot;:&quot;&quot;,&quot;caption&quot;:&quot;&quot;,&quot;created_timestamp&quot;:&quot;0&quot;,&quot;copyright&quot;:&quot;&quot;,&quot;focal_length&quot;:&quot;0&quot;,&quot;iso&quot;:&quot;0&quot;,&quot;shutter_speed&quot;:&quot;0&quot;,&quot;title&quot;:&quot;&quot;,&quot;orientation&quot;:&quot;0&quot;}\" data-image-title=\"image003\" data-image-description=\"\" data-image-caption=\"\" data-medium-file=\"https:\/\/zsp1chojna.pl\/wp-content\/uploads\/2026\/03\/image003-300x215.png\" data-large-file=\"https:\/\/zsp1chojna.pl\/wp-content\/uploads\/2026\/03\/image003.png\" src=\"https:\/\/zsp1chojna.pl\/wp-content\/uploads\/2026\/03\/image003.png\" alt=\"\" class=\"wp-image-15221\" style=\"width:727px;height:auto\" srcset=\"https:\/\/zsp1chojna.pl\/wp-content\/uploads\/2026\/03\/image003.png 809w, https:\/\/zsp1chojna.pl\/wp-content\/uploads\/2026\/03\/image003-300x215.png 300w, https:\/\/zsp1chojna.pl\/wp-content\/uploads\/2026\/03\/image003-768x550.png 768w, https:\/\/zsp1chojna.pl\/wp-content\/uploads\/2026\/03\/image003-624x447.png 624w\" sizes=\"auto, (max-width: 809px) 100vw, 809px\" \/><\/figure>\n<\/div>\n\n\n<p class=\"has-text-align-justify has-text-align-justify\">W trakcie koncertu odby\u0142a si\u0119 licytacja stroik\u00f3w bo\u017conarodzeniowych, podczas kt\u00f3rej zebrano 1195 z\u0142. Ca\u0142a kwota zostanie przeznaczona na cele charytatywne.<\/p>\n\n\n<div class=\"wp-block-image\">\n<figure class=\"aligncenter size-full is-resized\"><img loading=\"lazy\" decoding=\"async\" width=\"814\" height=\"591\" data-attachment-id=\"15222\" data-permalink=\"https:\/\/zsp1chojna.pl\/?attachment_id=15222\" data-orig-file=\"https:\/\/zsp1chojna.pl\/wp-content\/uploads\/2026\/03\/image004.png\" data-orig-size=\"814,591\" data-comments-opened=\"1\" data-image-meta=\"{&quot;aperture&quot;:&quot;0&quot;,&quot;credit&quot;:&quot;&quot;,&quot;camera&quot;:&quot;&quot;,&quot;caption&quot;:&quot;&quot;,&quot;created_timestamp&quot;:&quot;0&quot;,&quot;copyright&quot;:&quot;&quot;,&quot;focal_length&quot;:&quot;0&quot;,&quot;iso&quot;:&quot;0&quot;,&quot;shutter_speed&quot;:&quot;0&quot;,&quot;title&quot;:&quot;&quot;,&quot;orientation&quot;:&quot;0&quot;}\" data-image-title=\"image004\" data-image-description=\"\" data-image-caption=\"\" data-medium-file=\"https:\/\/zsp1chojna.pl\/wp-content\/uploads\/2026\/03\/image004-300x218.png\" data-large-file=\"https:\/\/zsp1chojna.pl\/wp-content\/uploads\/2026\/03\/image004.png\" src=\"https:\/\/zsp1chojna.pl\/wp-content\/uploads\/2026\/03\/image004.png\" alt=\"\" class=\"wp-image-15222\" style=\"aspect-ratio:1.377345950564927;width:718px;height:auto\" srcset=\"https:\/\/zsp1chojna.pl\/wp-content\/uploads\/2026\/03\/image004.png 814w, https:\/\/zsp1chojna.pl\/wp-content\/uploads\/2026\/03\/image004-300x218.png 300w, https:\/\/zsp1chojna.pl\/wp-content\/uploads\/2026\/03\/image004-768x558.png 768w, https:\/\/zsp1chojna.pl\/wp-content\/uploads\/2026\/03\/image004-624x453.png 624w\" sizes=\"auto, (max-width: 814px) 100vw, 814px\" \/><\/figure>\n<\/div>\n\n\n<p class=\"has-text-align-justify has-text-align-justify\"><br>Na zako\u0144czenie, Pani Dyrektor Adriana Salamo\u0144czyk z\u0142o\u017cy\u0142a wszystkim serdeczne \u017cyczenia \u015bwi\u0105teczne, a w imieniu Samorz\u0105du Uczniowskiego, \u017cyczenia przekaza\u0142a przewodnicz\u0105ca Hania Matusiak. <\/p>\n\n\n<div class=\"wp-block-image\">\n<figure class=\"aligncenter size-full is-resized\"><img loading=\"lazy\" decoding=\"async\" width=\"938\" height=\"637\" data-attachment-id=\"15223\" data-permalink=\"https:\/\/zsp1chojna.pl\/?attachment_id=15223\" data-orig-file=\"https:\/\/zsp1chojna.pl\/wp-content\/uploads\/2026\/03\/image005.png\" data-orig-size=\"938,637\" data-comments-opened=\"1\" data-image-meta=\"{&quot;aperture&quot;:&quot;0&quot;,&quot;credit&quot;:&quot;&quot;,&quot;camera&quot;:&quot;&quot;,&quot;caption&quot;:&quot;&quot;,&quot;created_timestamp&quot;:&quot;0&quot;,&quot;copyright&quot;:&quot;&quot;,&quot;focal_length&quot;:&quot;0&quot;,&quot;iso&quot;:&quot;0&quot;,&quot;shutter_speed&quot;:&quot;0&quot;,&quot;title&quot;:&quot;&quot;,&quot;orientation&quot;:&quot;0&quot;}\" data-image-title=\"image005\" data-image-description=\"\" data-image-caption=\"\" data-medium-file=\"https:\/\/zsp1chojna.pl\/wp-content\/uploads\/2026\/03\/image005-300x204.png\" data-large-file=\"https:\/\/zsp1chojna.pl\/wp-content\/uploads\/2026\/03\/image005.png\" src=\"https:\/\/zsp1chojna.pl\/wp-content\/uploads\/2026\/03\/image005.png\" alt=\"\" class=\"wp-image-15223\" style=\"aspect-ratio:1.4725539607757203;width:766px;height:auto\" srcset=\"https:\/\/zsp1chojna.pl\/wp-content\/uploads\/2026\/03\/image005.png 938w, https:\/\/zsp1chojna.pl\/wp-content\/uploads\/2026\/03\/image005-300x204.png 300w, https:\/\/zsp1chojna.pl\/wp-content\/uploads\/2026\/03\/image005-768x522.png 768w, https:\/\/zsp1chojna.pl\/wp-content\/uploads\/2026\/03\/image005-624x424.png 624w, https:\/\/zsp1chojna.pl\/wp-content\/uploads\/2026\/03\/image005-84x56.png 84w\" sizes=\"auto, (max-width: 938px) 100vw, 938px\" \/><\/figure>\n<\/div>\n\n\n<p class=\"has-text-align-justify has-text-align-justify\">Mi\u0142ym akcentem fina\u0142owym, by\u0142 r\u00f3wnie\u017c wsp\u00f3lny wyst\u0119p nauczycieli, kt\u00f3rzy za\u015bpiewali kol\u0119d\u0119, spotykaj\u0105c si\u0119 z entuzjastycznym przyj\u0119ciem publiczno\u015bci. Wydarzenie przebieg\u0142o w mi\u0142ej atmosferze, pe\u0142nej wsp\u00f3lnego kol\u0119dowania oraz \u015bwi\u0105tecznej rado\u015bci.<\/p>\n\n\n<div class=\"wp-block-image\">\n<figure class=\"aligncenter size-full is-resized\"><img loading=\"lazy\" decoding=\"async\" width=\"800\" height=\"469\" data-attachment-id=\"15224\" data-permalink=\"https:\/\/zsp1chojna.pl\/?attachment_id=15224\" data-orig-file=\"https:\/\/zsp1chojna.pl\/wp-content\/uploads\/2026\/03\/image006.png\" data-orig-size=\"800,469\" data-comments-opened=\"1\" data-image-meta=\"{&quot;aperture&quot;:&quot;0&quot;,&quot;credit&quot;:&quot;&quot;,&quot;camera&quot;:&quot;&quot;,&quot;caption&quot;:&quot;&quot;,&quot;created_timestamp&quot;:&quot;0&quot;,&quot;copyright&quot;:&quot;&quot;,&quot;focal_length&quot;:&quot;0&quot;,&quot;iso&quot;:&quot;0&quot;,&quot;shutter_speed&quot;:&quot;0&quot;,&quot;title&quot;:&quot;&quot;,&quot;orientation&quot;:&quot;0&quot;}\" data-image-title=\"image006\" data-image-description=\"\" data-image-caption=\"\" data-medium-file=\"https:\/\/zsp1chojna.pl\/wp-content\/uploads\/2026\/03\/image006-300x176.png\" data-large-file=\"https:\/\/zsp1chojna.pl\/wp-content\/uploads\/2026\/03\/image006.png\" src=\"https:\/\/zsp1chojna.pl\/wp-content\/uploads\/2026\/03\/image006.png\" alt=\"\" class=\"wp-image-15224\" style=\"width:766px;height:auto\" srcset=\"https:\/\/zsp1chojna.pl\/wp-content\/uploads\/2026\/03\/image006.png 800w, https:\/\/zsp1chojna.pl\/wp-content\/uploads\/2026\/03\/image006-300x176.png 300w, https:\/\/zsp1chojna.pl\/wp-content\/uploads\/2026\/03\/image006-768x450.png 768w, https:\/\/zsp1chojna.pl\/wp-content\/uploads\/2026\/03\/image006-624x366.png 624w\" sizes=\"auto, (max-width: 800px) 100vw, 800px\" \/><\/figure>\n<\/div>\n\n\n<p class=\"has-text-align-right\">mgr Edyta Daszkiewicz<\/p>\n","protected":false},"excerpt":{"rendered":"<p>19 grudnia 2025 r., w Zespole Szk\u00f3\u0142 Ponadpodstawowych w Chojnie, odby\u0142 si\u0119 Konkurs kol\u0119d i pastora\u0142ek, kt\u00f3ry wprowadzi\u0142 ca\u0142\u0105 spo\u0142eczno\u015b\u0107 szkoln\u0105 w radosny, \u015bwi\u0105teczny nastr\u00f3j. W wydarzeniu udzia\u0142 wzi\u0119\u0142o 12 [&hellip;]<\/p>\n","protected":false},"author":1,"featured_media":15223,"comment_status":"open","ping_status":"open","sticky":false,"template":"","format":"standard","meta":{"footnotes":""},"categories":[32],"tags":[],"class_list":["post-15218","post","type-post","status-publish","format-standard","has-post-thumbnail","hentry","category-aktualnosci-2025-2026"],"wbAuthor":{"name":"admin","link":"https:\/\/zsp1chojna.pl\/?author=1"},"wbDate":"gru 19, 2025","wbCategories":{"space":"<a href=\"https:\/\/zsp1chojna.pl\/?cat=32\" rel=\"category\">Aktualno\u015bci 2025\/2026<\/a>","coma":"<a href=\"https:\/\/zsp1chojna.pl\/?cat=32\" rel=\"category\">Aktualno\u015bci 2025\/2026<\/a>"},"wbComment":0,"yoast_head":"<!-- This site is optimized with the Yoast SEO plugin v20.13 - https:\/\/yoast.com\/wordpress\/plugins\/seo\/ -->\n<title>Konkurs kol\u0119d i pastora\u0142ek - ZSP w Chojnie<\/title>\n<meta name=\"robots\" content=\"index, follow, max-snippet:-1, max-image-preview:large, max-video-preview:-1\" \/>\n<link rel=\"canonical\" href=\"https:\/\/zsp1chojna.pl\/?p=15218\" \/>\n<meta property=\"og:locale\" content=\"pl_PL\" \/>\n<meta property=\"og:type\" content=\"article\" \/>\n<meta property=\"og:title\" content=\"Konkurs kol\u0119d i pastora\u0142ek - ZSP w Chojnie\" \/>\n<meta property=\"og:description\" content=\"19 grudnia 2025 r., w Zespole Szk\u00f3\u0142 Ponadpodstawowych w Chojnie, odby\u0142 si\u0119 Konkurs kol\u0119d i pastora\u0142ek, kt\u00f3ry wprowadzi\u0142 ca\u0142\u0105 spo\u0142eczno\u015b\u0107 szkoln\u0105 w radosny, \u015bwi\u0105teczny nastr\u00f3j. W wydarzeniu udzia\u0142 wzi\u0119\u0142o 12 [&hellip;]\" \/>\n<meta property=\"og:url\" content=\"https:\/\/zsp1chojna.pl\/?p=15218\" \/>\n<meta property=\"og:site_name\" content=\"ZSP w Chojnie\" \/>\n<meta property=\"article:published_time\" content=\"2025-12-19T18:48:21+00:00\" \/>\n<meta property=\"article:modified_time\" content=\"2026-03-02T18:56:45+00:00\" \/>\n<meta property=\"og:image\" content=\"https:\/\/zsp1chojna.pl\/wp-content\/uploads\/2026\/03\/image005.png\" \/>\n\t<meta property=\"og:image:width\" content=\"938\" \/>\n\t<meta property=\"og:image:height\" content=\"637\" \/>\n\t<meta property=\"og:image:type\" content=\"image\/png\" \/>\n<meta name=\"author\" content=\"admin\" \/>\n<meta name=\"twitter:card\" content=\"summary_large_image\" \/>\n<meta name=\"twitter:label1\" content=\"Napisane przez\" \/>\n\t<meta name=\"twitter:data1\" content=\"admin\" \/>\n\t<meta name=\"twitter:label2\" content=\"Szacowany czas czytania\" \/>\n\t<meta name=\"twitter:data2\" content=\"3 minuty\" \/>\n<script type=\"application\/ld+json\" class=\"yoast-schema-graph\">{\"@context\":\"https:\/\/schema.org\",\"@graph\":[{\"@type\":\"Article\",\"@id\":\"https:\/\/zsp1chojna.pl\/?p=15218#article\",\"isPartOf\":{\"@id\":\"https:\/\/zsp1chojna.pl\/?p=15218\"},\"author\":{\"name\":\"admin\",\"@id\":\"https:\/\/zsp1chojna.pl\/#\/schema\/person\/fe8d6c03379c9cface386de0c172e127\"},\"headline\":\"Konkurs kol\u0119d i pastora\u0142ek\",\"datePublished\":\"2025-12-19T18:48:21+00:00\",\"dateModified\":\"2026-03-02T18:56:45+00:00\",\"mainEntityOfPage\":{\"@id\":\"https:\/\/zsp1chojna.pl\/?p=15218\"},\"wordCount\":214,\"commentCount\":0,\"publisher\":{\"@id\":\"https:\/\/zsp1chojna.pl\/#organization\"},\"articleSection\":[\"Aktualno\u015bci 2025\/2026\"],\"inLanguage\":\"pl-PL\",\"potentialAction\":[{\"@type\":\"CommentAction\",\"name\":\"Comment\",\"target\":[\"https:\/\/zsp1chojna.pl\/?p=15218#respond\"]}]},{\"@type\":\"WebPage\",\"@id\":\"https:\/\/zsp1chojna.pl\/?p=15218\",\"url\":\"https:\/\/zsp1chojna.pl\/?p=15218\",\"name\":\"Konkurs kol\u0119d i pastora\u0142ek - ZSP w Chojnie\",\"isPartOf\":{\"@id\":\"https:\/\/zsp1chojna.pl\/#website\"},\"datePublished\":\"2025-12-19T18:48:21+00:00\",\"dateModified\":\"2026-03-02T18:56:45+00:00\",\"breadcrumb\":{\"@id\":\"https:\/\/zsp1chojna.pl\/?p=15218#breadcrumb\"},\"inLanguage\":\"pl-PL\",\"potentialAction\":[{\"@type\":\"ReadAction\",\"target\":[\"https:\/\/zsp1chojna.pl\/?p=15218\"]}]},{\"@type\":\"BreadcrumbList\",\"@id\":\"https:\/\/zsp1chojna.pl\/?p=15218#breadcrumb\",\"itemListElement\":[{\"@type\":\"ListItem\",\"position\":1,\"name\":\"Home\",\"item\":\"https:\/\/zsp1chojna.pl\/\"},{\"@type\":\"ListItem\",\"position\":2,\"name\":\"Konkurs kol\u0119d i pastora\u0142ek\"}]},{\"@type\":\"WebSite\",\"@id\":\"https:\/\/zsp1chojna.pl\/#website\",\"url\":\"https:\/\/zsp1chojna.pl\/\",\"name\":\"ZSP w Chojnie\",\"description\":\"\",\"publisher\":{\"@id\":\"https:\/\/zsp1chojna.pl\/#organization\"},\"potentialAction\":[{\"@type\":\"SearchAction\",\"target\":{\"@type\":\"EntryPoint\",\"urlTemplate\":\"https:\/\/zsp1chojna.pl\/?s={search_term_string}\"},\"query-input\":\"required name=search_term_string\"}],\"inLanguage\":\"pl-PL\"},{\"@type\":\"Organization\",\"@id\":\"https:\/\/zsp1chojna.pl\/#organization\",\"name\":\"ZSP w Chojnie\",\"url\":\"https:\/\/zsp1chojna.pl\/\",\"logo\":{\"@type\":\"ImageObject\",\"inLanguage\":\"pl-PL\",\"@id\":\"https:\/\/zsp1chojna.pl\/#\/schema\/logo\/image\/\",\"url\":\"https:\/\/zsp1chojna.pl\/wp-content\/uploads\/2023\/08\/cropped-cropped-cropped-Logo-biale-napis-na-3-wiersze_504-1.png\",\"contentUrl\":\"https:\/\/zsp1chojna.pl\/wp-content\/uploads\/2023\/08\/cropped-cropped-cropped-Logo-biale-napis-na-3-wiersze_504-1.png\",\"width\":504,\"height\":167,\"caption\":\"ZSP w Chojnie\"},\"image\":{\"@id\":\"https:\/\/zsp1chojna.pl\/#\/schema\/logo\/image\/\"}},{\"@type\":\"Person\",\"@id\":\"https:\/\/zsp1chojna.pl\/#\/schema\/person\/fe8d6c03379c9cface386de0c172e127\",\"name\":\"admin\",\"image\":{\"@type\":\"ImageObject\",\"inLanguage\":\"pl-PL\",\"@id\":\"https:\/\/zsp1chojna.pl\/#\/schema\/person\/image\/\",\"url\":\"https:\/\/secure.gravatar.com\/avatar\/35d79b1d799ff9bac401976862e535bf785f4039d8313d3c00b303598a46dd4e?s=96&d=mm&r=g\",\"contentUrl\":\"https:\/\/secure.gravatar.com\/avatar\/35d79b1d799ff9bac401976862e535bf785f4039d8313d3c00b303598a46dd4e?s=96&d=mm&r=g\",\"caption\":\"admin\"},\"sameAs\":[\"http:\/\/nowazspchojna.pl\"],\"url\":\"https:\/\/zsp1chojna.pl\/?author=1\"}]}<\/script>\n<!-- \/ Yoast SEO plugin. -->","yoast_head_json":{"title":"Konkurs kol\u0119d i pastora\u0142ek - ZSP w Chojnie","robots":{"index":"index","follow":"follow","max-snippet":"max-snippet:-1","max-image-preview":"max-image-preview:large","max-video-preview":"max-video-preview:-1"},"canonical":"https:\/\/zsp1chojna.pl\/?p=15218","og_locale":"pl_PL","og_type":"article","og_title":"Konkurs kol\u0119d i pastora\u0142ek - ZSP w Chojnie","og_description":"19 grudnia 2025 r., w Zespole Szk\u00f3\u0142 Ponadpodstawowych w Chojnie, odby\u0142 si\u0119 Konkurs kol\u0119d i pastora\u0142ek, kt\u00f3ry wprowadzi\u0142 ca\u0142\u0105 spo\u0142eczno\u015b\u0107 szkoln\u0105 w radosny, \u015bwi\u0105teczny nastr\u00f3j. W wydarzeniu udzia\u0142 wzi\u0119\u0142o 12 [&hellip;]","og_url":"https:\/\/zsp1chojna.pl\/?p=15218","og_site_name":"ZSP w Chojnie","article_published_time":"2025-12-19T18:48:21+00:00","article_modified_time":"2026-03-02T18:56:45+00:00","og_image":[{"width":938,"height":637,"url":"https:\/\/zsp1chojna.pl\/wp-content\/uploads\/2026\/03\/image005.png","type":"image\/png"}],"author":"admin","twitter_card":"summary_large_image","twitter_misc":{"Napisane przez":"admin","Szacowany czas czytania":"3 minuty"},"schema":{"@context":"https:\/\/schema.org","@graph":[{"@type":"Article","@id":"https:\/\/zsp1chojna.pl\/?p=15218#article","isPartOf":{"@id":"https:\/\/zsp1chojna.pl\/?p=15218"},"author":{"name":"admin","@id":"https:\/\/zsp1chojna.pl\/#\/schema\/person\/fe8d6c03379c9cface386de0c172e127"},"headline":"Konkurs kol\u0119d i pastora\u0142ek","datePublished":"2025-12-19T18:48:21+00:00","dateModified":"2026-03-02T18:56:45+00:00","mainEntityOfPage":{"@id":"https:\/\/zsp1chojna.pl\/?p=15218"},"wordCount":214,"commentCount":0,"publisher":{"@id":"https:\/\/zsp1chojna.pl\/#organization"},"articleSection":["Aktualno\u015bci 2025\/2026"],"inLanguage":"pl-PL","potentialAction":[{"@type":"CommentAction","name":"Comment","target":["https:\/\/zsp1chojna.pl\/?p=15218#respond"]}]},{"@type":"WebPage","@id":"https:\/\/zsp1chojna.pl\/?p=15218","url":"https:\/\/zsp1chojna.pl\/?p=15218","name":"Konkurs kol\u0119d i pastora\u0142ek - ZSP w Chojnie","isPartOf":{"@id":"https:\/\/zsp1chojna.pl\/#website"},"datePublished":"2025-12-19T18:48:21+00:00","dateModified":"2026-03-02T18:56:45+00:00","breadcrumb":{"@id":"https:\/\/zsp1chojna.pl\/?p=15218#breadcrumb"},"inLanguage":"pl-PL","potentialAction":[{"@type":"ReadAction","target":["https:\/\/zsp1chojna.pl\/?p=15218"]}]},{"@type":"BreadcrumbList","@id":"https:\/\/zsp1chojna.pl\/?p=15218#breadcrumb","itemListElement":[{"@type":"ListItem","position":1,"name":"Home","item":"https:\/\/zsp1chojna.pl\/"},{"@type":"ListItem","position":2,"name":"Konkurs kol\u0119d i pastora\u0142ek"}]},{"@type":"WebSite","@id":"https:\/\/zsp1chojna.pl\/#website","url":"https:\/\/zsp1chojna.pl\/","name":"ZSP w Chojnie","description":"","publisher":{"@id":"https:\/\/zsp1chojna.pl\/#organization"},"potentialAction":[{"@type":"SearchAction","target":{"@type":"EntryPoint","urlTemplate":"https:\/\/zsp1chojna.pl\/?s={search_term_string}"},"query-input":"required name=search_term_string"}],"inLanguage":"pl-PL"},{"@type":"Organization","@id":"https:\/\/zsp1chojna.pl\/#organization","name":"ZSP w Chojnie","url":"https:\/\/zsp1chojna.pl\/","logo":{"@type":"ImageObject","inLanguage":"pl-PL","@id":"https:\/\/zsp1chojna.pl\/#\/schema\/logo\/image\/","url":"https:\/\/zsp1chojna.pl\/wp-content\/uploads\/2023\/08\/cropped-cropped-cropped-Logo-biale-napis-na-3-wiersze_504-1.png","contentUrl":"https:\/\/zsp1chojna.pl\/wp-content\/uploads\/2023\/08\/cropped-cropped-cropped-Logo-biale-napis-na-3-wiersze_504-1.png","width":504,"height":167,"caption":"ZSP w Chojnie"},"image":{"@id":"https:\/\/zsp1chojna.pl\/#\/schema\/logo\/image\/"}},{"@type":"Person","@id":"https:\/\/zsp1chojna.pl\/#\/schema\/person\/fe8d6c03379c9cface386de0c172e127","name":"admin","image":{"@type":"ImageObject","inLanguage":"pl-PL","@id":"https:\/\/zsp1chojna.pl\/#\/schema\/person\/image\/","url":"https:\/\/secure.gravatar.com\/avatar\/35d79b1d799ff9bac401976862e535bf785f4039d8313d3c00b303598a46dd4e?s=96&d=mm&r=g","contentUrl":"https:\/\/secure.gravatar.com\/avatar\/35d79b1d799ff9bac401976862e535bf785f4039d8313d3c00b303598a46dd4e?s=96&d=mm&r=g","caption":"admin"},"sameAs":["http:\/\/nowazspchojna.pl"],"url":"https:\/\/zsp1chojna.pl\/?author=1"}]}},"jetpack_featured_media_url":"https:\/\/zsp1chojna.pl\/wp-content\/uploads\/2026\/03\/image005.png","_links":{"self":[{"href":"https:\/\/zsp1chojna.pl\/index.php?rest_route=\/wp\/v2\/posts\/15218","targetHints":{"allow":["GET"]}}],"collection":[{"href":"https:\/\/zsp1chojna.pl\/index.php?rest_route=\/wp\/v2\/posts"}],"about":[{"href":"https:\/\/zsp1chojna.pl\/index.php?rest_route=\/wp\/v2\/types\/post"}],"author":[{"embeddable":true,"href":"https:\/\/zsp1chojna.pl\/index.php?rest_route=\/wp\/v2\/users\/1"}],"replies":[{"embeddable":true,"href":"https:\/\/zsp1chojna.pl\/index.php?rest_route=%2Fwp%2Fv2%2Fcomments&post=15218"}],"version-history":[{"count":1,"href":"https:\/\/zsp1chojna.pl\/index.php?rest_route=\/wp\/v2\/posts\/15218\/revisions"}],"predecessor-version":[{"id":15225,"href":"https:\/\/zsp1chojna.pl\/index.php?rest_route=\/wp\/v2\/posts\/15218\/revisions\/15225"}],"wp:featuredmedia":[{"embeddable":true,"href":"https:\/\/zsp1chojna.pl\/index.php?rest_route=\/wp\/v2\/media\/15223"}],"wp:attachment":[{"href":"https:\/\/zsp1chojna.pl\/index.php?rest_route=%2Fwp%2Fv2%2Fmedia&parent=15218"}],"wp:term":[{"taxonomy":"category","embeddable":true,"href":"https:\/\/zsp1chojna.pl\/index.php?rest_route=%2Fwp%2Fv2%2Fcategories&post=15218"},{"taxonomy":"post_tag","embeddable":true,"href":"https:\/\/zsp1chojna.pl\/index.php?rest_route=%2Fwp%2Fv2%2Ftags&post=15218"}],"curies":[{"name":"wp","href":"https:\/\/api.w.org\/{rel}","templated":true}]}}