{"id":15126,"date":"2025-12-11T18:11:56","date_gmt":"2025-12-11T17:11:56","guid":{"rendered":"https:\/\/zsp1chojna.pl\/?p=15126"},"modified":"2026-03-02T18:15:01","modified_gmt":"2026-03-02T17:15:01","slug":"11-12-2025-r-x-powiatowy-konkurs-profilaktyczny","status":"publish","type":"post","link":"https:\/\/zsp1chojna.pl\/?p=15126","title":{"rendered":"11.12.2025 r. X Powiatowy Konkurs Profilaktyczny"},"content":{"rendered":"<div class=\"wp-block-image\">\n<figure class=\"aligncenter size-full\"><img loading=\"lazy\" decoding=\"async\" width=\"461\" height=\"147\" data-attachment-id=\"15128\" data-permalink=\"https:\/\/zsp1chojna.pl\/?attachment_id=15128\" data-orig-file=\"https:\/\/zsp1chojna.pl\/wp-content\/uploads\/2026\/03\/logakonkurs.png\" data-orig-size=\"461,147\" data-comments-opened=\"1\" data-image-meta=\"{&quot;aperture&quot;:&quot;0&quot;,&quot;credit&quot;:&quot;&quot;,&quot;camera&quot;:&quot;&quot;,&quot;caption&quot;:&quot;&quot;,&quot;created_timestamp&quot;:&quot;0&quot;,&quot;copyright&quot;:&quot;&quot;,&quot;focal_length&quot;:&quot;0&quot;,&quot;iso&quot;:&quot;0&quot;,&quot;shutter_speed&quot;:&quot;0&quot;,&quot;title&quot;:&quot;&quot;,&quot;orientation&quot;:&quot;0&quot;}\" data-image-title=\"logakonkurs\" data-image-description=\"\" data-image-caption=\"\" data-medium-file=\"https:\/\/zsp1chojna.pl\/wp-content\/uploads\/2026\/03\/logakonkurs-300x96.png\" data-large-file=\"https:\/\/zsp1chojna.pl\/wp-content\/uploads\/2026\/03\/logakonkurs.png\" src=\"https:\/\/zsp1chojna.pl\/wp-content\/uploads\/2026\/03\/logakonkurs.png\" alt=\"\" class=\"wp-image-15128\" srcset=\"https:\/\/zsp1chojna.pl\/wp-content\/uploads\/2026\/03\/logakonkurs.png 461w, https:\/\/zsp1chojna.pl\/wp-content\/uploads\/2026\/03\/logakonkurs-300x96.png 300w\" sizes=\"auto, (max-width: 461px) 100vw, 461px\" \/><\/figure>\n<\/div>\n\n\n<p class=\"has-text-align-justify has-text-align-justify\">11 grudnia 2025 r., w Zespole Szk\u00f3\u0142 Ponadpodstawowych w Chojnie, odby\u0142 si\u0119 X\u00a0Powiatowy Konkurs Profilaktyczny. Konkurs, jak co roku zosta\u0142 zorganizowany we wsp\u00f3\u0142pracy ze Starostwem Powiatowym w Gryfinie, pod patronatem Powiatowej Stacji Sanitarno-Epidemiologicznej w\u00a0Gryfinie. Organizatorem wydarzenia by\u0142 Zesp\u00f3\u0142 Szk\u00f3\u0142 Ponadpodstawowych w Chojnie. Nagrody dla uczestnik\u00f3w zosta\u0142y ufundowane przez Starostwo Powiatowe w Gryfinie. Celem tegorocznej edycji konkursu, by\u0142o u\u015bwiadamianie m\u0142odzie\u017cy negatywnych skutk\u00f3w zachowa\u0144 ryzykownych, propagowanie zdrowego stylu \u017cycia, profilaktyka uzale\u017cnie\u0144 oraz kszta\u0142towanie postaw asertywnych. W wydarzeniu udzia\u0142 wzi\u0119li uczniowie klas \u00f3smych szk\u00f3\u0142 podstawowych oraz klas pierwszych ponadpodstawowych, z terenu powiatu gryfi\u0144skiego. Do tegorocznej edycji konkursu, przyst\u0105pi\u0142o siedem trzyosobowych dru\u017cyn, reprezentuj\u0105cych: Szko\u0142\u0119 Podstawow\u0105 nr1 w Chojnie, Szko\u0142\u0119 Podstawow\u0105 nr2 w Chojnie, Szko\u0142\u0119 Podstawow\u0105 w Trzci\u0144sku-Zdroju, Szko\u0142\u0119 Podstawow\u0105 w Nawodnej, Szko\u0142\u0119 Podstawow\u0105 w Widuchowej, Szko\u0142\u0119 Podstawow\u0105 w \u017babnicy oraz Zesp\u00f3\u0142 Szk\u00f3\u0142 Ponadpodstawowych w Chojnie.<\/p>\n\n\n<div class=\"wp-block-image\">\n<figure class=\"aligncenter size-large is-resized\"><img loading=\"lazy\" decoding=\"async\" width=\"768\" height=\"1024\" data-attachment-id=\"15129\" data-permalink=\"https:\/\/zsp1chojna.pl\/?attachment_id=15129\" data-orig-file=\"https:\/\/zsp1chojna.pl\/wp-content\/uploads\/2026\/03\/profilaktyczny2026-2.jpg\" data-orig-size=\"930,1240\" data-comments-opened=\"1\" data-image-meta=\"{&quot;aperture&quot;:&quot;0&quot;,&quot;credit&quot;:&quot;&quot;,&quot;camera&quot;:&quot;&quot;,&quot;caption&quot;:&quot;&quot;,&quot;created_timestamp&quot;:&quot;0&quot;,&quot;copyright&quot;:&quot;&quot;,&quot;focal_length&quot;:&quot;0&quot;,&quot;iso&quot;:&quot;0&quot;,&quot;shutter_speed&quot;:&quot;0&quot;,&quot;title&quot;:&quot;&quot;,&quot;orientation&quot;:&quot;1&quot;}\" data-image-title=\"profilaktyczny2026 (2)\" data-image-description=\"\" data-image-caption=\"\" data-medium-file=\"https:\/\/zsp1chojna.pl\/wp-content\/uploads\/2026\/03\/profilaktyczny2026-2-225x300.jpg\" data-large-file=\"https:\/\/zsp1chojna.pl\/wp-content\/uploads\/2026\/03\/profilaktyczny2026-2-768x1024.jpg\" src=\"https:\/\/zsp1chojna.pl\/wp-content\/uploads\/2026\/03\/profilaktyczny2026-2-768x1024.jpg\" alt=\"\" class=\"wp-image-15129\" style=\"width:556px;height:auto\" srcset=\"https:\/\/zsp1chojna.pl\/wp-content\/uploads\/2026\/03\/profilaktyczny2026-2-768x1024.jpg 768w, https:\/\/zsp1chojna.pl\/wp-content\/uploads\/2026\/03\/profilaktyczny2026-2-225x300.jpg 225w, https:\/\/zsp1chojna.pl\/wp-content\/uploads\/2026\/03\/profilaktyczny2026-2-624x832.jpg 624w, https:\/\/zsp1chojna.pl\/wp-content\/uploads\/2026\/03\/profilaktyczny2026-2.jpg 930w\" sizes=\"auto, (max-width: 768px) 100vw, 768px\" \/><\/figure>\n<\/div>\n\n\n<p class=\"has-text-align-justify has-text-align-justify\">Nad prawid\u0142owym przebiegiem konkursu, czuwa\u0142a komisja w sk\u0142adzie: Pani Natalia Korku\u015b \u2013 przewodnicz\u0105ca komisji, przedstawiciel Powiatowej Stacji Sanitarno-Epidemiologicznej w Gryfinie, Pani Monika Baczy\u0144ska-Padjasek, przedstawiciel Starostwa Powiatowego w Gryfinie oraz przedstawicielki Komisariatu Policji w Chojnie \u2013 st. sier\u017c. Maria Maraszkiewicz oraz sier\u017c. Sara Kloczkowska. Przyby\u0142ych uczni\u00f3w, opiekun\u00f3w i zaproszonych go\u015bci, przywita\u0142a dyrektor szko\u0142y Pani Adriana Salamo\u0144czyk.<\/p>\n\n\n<div class=\"wp-block-image\">\n<figure class=\"aligncenter size-full is-resized\"><img loading=\"lazy\" decoding=\"async\" width=\"500\" height=\"375\" data-attachment-id=\"15130\" data-permalink=\"https:\/\/zsp1chojna.pl\/?attachment_id=15130\" data-orig-file=\"https:\/\/zsp1chojna.pl\/wp-content\/uploads\/2026\/03\/profilaktyczny2026-3.jpg\" data-orig-size=\"500,375\" data-comments-opened=\"1\" data-image-meta=\"{&quot;aperture&quot;:&quot;0&quot;,&quot;credit&quot;:&quot;&quot;,&quot;camera&quot;:&quot;&quot;,&quot;caption&quot;:&quot;&quot;,&quot;created_timestamp&quot;:&quot;0&quot;,&quot;copyright&quot;:&quot;&quot;,&quot;focal_length&quot;:&quot;0&quot;,&quot;iso&quot;:&quot;0&quot;,&quot;shutter_speed&quot;:&quot;0&quot;,&quot;title&quot;:&quot;&quot;,&quot;orientation&quot;:&quot;1&quot;}\" data-image-title=\"profilaktyczny2026 (3)\" data-image-description=\"\" data-image-caption=\"\" data-medium-file=\"https:\/\/zsp1chojna.pl\/wp-content\/uploads\/2026\/03\/profilaktyczny2026-3-300x225.jpg\" data-large-file=\"https:\/\/zsp1chojna.pl\/wp-content\/uploads\/2026\/03\/profilaktyczny2026-3.jpg\" src=\"https:\/\/zsp1chojna.pl\/wp-content\/uploads\/2026\/03\/profilaktyczny2026-3.jpg\" alt=\"\" class=\"wp-image-15130\" style=\"width:580px;height:auto\" srcset=\"https:\/\/zsp1chojna.pl\/wp-content\/uploads\/2026\/03\/profilaktyczny2026-3.jpg 500w, https:\/\/zsp1chojna.pl\/wp-content\/uploads\/2026\/03\/profilaktyczny2026-3-300x225.jpg 300w\" sizes=\"auto, (max-width: 500px) 100vw, 500px\" \/><\/figure>\n<\/div>\n\n\n<p class=\"has-text-align-justify has-text-align-justify\">Podczas Konkursu, ka\u017cda z dru\u017cyn mia\u0142a za zadanie w sze\u015bciu rundach udzieli\u0107 odpowiedzi na wylosowane pytania, zwi\u0105zane z tematyk\u0105 konkursu, om\u00f3wienie przygotowanych projekt\u00f3w kampanii spo\u0142ecznej oraz rozwi\u0105zanie krzy\u017c\u00f3wki. Rywalizacja by\u0142a bardzo wyr\u00f3wnana i przebieg\u0142a w atmosferze zdrowej konkurencji, wsp\u00f3\u0142pracy oraz wzajemnego szacunku.<\/p>\n\n\n<div class=\"wp-block-image\">\n<figure class=\"aligncenter size-full is-resized\"><img loading=\"lazy\" decoding=\"async\" width=\"500\" height=\"375\" data-attachment-id=\"15131\" data-permalink=\"https:\/\/zsp1chojna.pl\/?attachment_id=15131\" data-orig-file=\"https:\/\/zsp1chojna.pl\/wp-content\/uploads\/2026\/03\/profilaktyczny2026-4.jpg\" data-orig-size=\"500,375\" data-comments-opened=\"1\" data-image-meta=\"{&quot;aperture&quot;:&quot;0&quot;,&quot;credit&quot;:&quot;&quot;,&quot;camera&quot;:&quot;&quot;,&quot;caption&quot;:&quot;&quot;,&quot;created_timestamp&quot;:&quot;0&quot;,&quot;copyright&quot;:&quot;&quot;,&quot;focal_length&quot;:&quot;0&quot;,&quot;iso&quot;:&quot;0&quot;,&quot;shutter_speed&quot;:&quot;0&quot;,&quot;title&quot;:&quot;&quot;,&quot;orientation&quot;:&quot;1&quot;}\" data-image-title=\"profilaktyczny2026 (4)\" data-image-description=\"\" data-image-caption=\"\" data-medium-file=\"https:\/\/zsp1chojna.pl\/wp-content\/uploads\/2026\/03\/profilaktyczny2026-4-300x225.jpg\" data-large-file=\"https:\/\/zsp1chojna.pl\/wp-content\/uploads\/2026\/03\/profilaktyczny2026-4.jpg\" src=\"https:\/\/zsp1chojna.pl\/wp-content\/uploads\/2026\/03\/profilaktyczny2026-4.jpg\" alt=\"\" class=\"wp-image-15131\" style=\"width:564px;height:auto\" srcset=\"https:\/\/zsp1chojna.pl\/wp-content\/uploads\/2026\/03\/profilaktyczny2026-4.jpg 500w, https:\/\/zsp1chojna.pl\/wp-content\/uploads\/2026\/03\/profilaktyczny2026-4-300x225.jpg 300w\" sizes=\"auto, (max-width: 500px) 100vw, 500px\" \/><\/figure>\n<\/div>\n\n\n<p>Po podsumowaniu wynik\u00f3w, w tegorocznej edycji X Powiatowego Konkursu Profilaktycznego:<br><strong>I miejsce<\/strong> zdoby\u0142a dru\u017cyna Szko\u0142y Podstawowej w Widuchowej,<br><strong>II miejsce<\/strong> zaj\u0119\u0142a dru\u017cyna Szko\u0142y Podstawowej w \u017babnicy,<br><strong>III miejsce<\/strong> zaj\u0119\u0142a dru\u017cyna Szko\u0142y Podstawowej w Trzci\u0144sku-Zdroju.<\/p>\n\n\n<div class=\"wp-block-image\">\n<figure class=\"aligncenter size-full is-resized\"><img loading=\"lazy\" decoding=\"async\" width=\"500\" height=\"370\" data-attachment-id=\"15132\" data-permalink=\"https:\/\/zsp1chojna.pl\/?attachment_id=15132\" data-orig-file=\"https:\/\/zsp1chojna.pl\/wp-content\/uploads\/2026\/03\/profilaktyczny2026-5.jpg\" data-orig-size=\"500,370\" data-comments-opened=\"1\" data-image-meta=\"{&quot;aperture&quot;:&quot;0&quot;,&quot;credit&quot;:&quot;&quot;,&quot;camera&quot;:&quot;&quot;,&quot;caption&quot;:&quot;&quot;,&quot;created_timestamp&quot;:&quot;0&quot;,&quot;copyright&quot;:&quot;&quot;,&quot;focal_length&quot;:&quot;0&quot;,&quot;iso&quot;:&quot;0&quot;,&quot;shutter_speed&quot;:&quot;0&quot;,&quot;title&quot;:&quot;&quot;,&quot;orientation&quot;:&quot;0&quot;}\" data-image-title=\"profilaktyczny2026 (5)\" data-image-description=\"\" data-image-caption=\"\" data-medium-file=\"https:\/\/zsp1chojna.pl\/wp-content\/uploads\/2026\/03\/profilaktyczny2026-5-300x222.jpg\" data-large-file=\"https:\/\/zsp1chojna.pl\/wp-content\/uploads\/2026\/03\/profilaktyczny2026-5.jpg\" src=\"https:\/\/zsp1chojna.pl\/wp-content\/uploads\/2026\/03\/profilaktyczny2026-5.jpg\" alt=\"\" class=\"wp-image-15132\" style=\"width:580px;height:auto\" srcset=\"https:\/\/zsp1chojna.pl\/wp-content\/uploads\/2026\/03\/profilaktyczny2026-5.jpg 500w, https:\/\/zsp1chojna.pl\/wp-content\/uploads\/2026\/03\/profilaktyczny2026-5-300x222.jpg 300w\" sizes=\"auto, (max-width: 500px) 100vw, 500px\" \/><\/figure>\n<\/div>\n\n\n<p class=\"has-text-align-justify has-text-align-justify\">Ponadto, uczestnicy konkursu wys\u0142uchali prelekcji przeprowadzonej przez Pani\u0105 Natali\u0119 Korku\u015b, przedstawiciela Powiatowej Stacji Sanitarno-Epidemiologicznej w Gryfinie, dotycz\u0105cej szkodliwo\u015bci palenia wyrob\u00f3w tytoniowych, a tak\u017ce aktywnie uczestniczyli w&nbsp;zaj\u0119ciach na strzelnicy wirtualnej, prowadzonych przez Pana Marka Bednarza, nauczyciela historii oraz edukacji wojskowej.<\/p>\n\n\n<div class=\"wp-block-image\">\n<figure class=\"aligncenter size-full is-resized\"><img loading=\"lazy\" decoding=\"async\" width=\"500\" height=\"375\" data-attachment-id=\"15133\" data-permalink=\"https:\/\/zsp1chojna.pl\/?attachment_id=15133\" data-orig-file=\"https:\/\/zsp1chojna.pl\/wp-content\/uploads\/2026\/03\/profilaktyczny2026-6.jpg\" data-orig-size=\"500,375\" data-comments-opened=\"1\" data-image-meta=\"{&quot;aperture&quot;:&quot;0&quot;,&quot;credit&quot;:&quot;&quot;,&quot;camera&quot;:&quot;&quot;,&quot;caption&quot;:&quot;&quot;,&quot;created_timestamp&quot;:&quot;0&quot;,&quot;copyright&quot;:&quot;&quot;,&quot;focal_length&quot;:&quot;0&quot;,&quot;iso&quot;:&quot;0&quot;,&quot;shutter_speed&quot;:&quot;0&quot;,&quot;title&quot;:&quot;&quot;,&quot;orientation&quot;:&quot;0&quot;}\" data-image-title=\"profilaktyczny2026 (6)\" data-image-description=\"\" data-image-caption=\"\" data-medium-file=\"https:\/\/zsp1chojna.pl\/wp-content\/uploads\/2026\/03\/profilaktyczny2026-6-300x225.jpg\" data-large-file=\"https:\/\/zsp1chojna.pl\/wp-content\/uploads\/2026\/03\/profilaktyczny2026-6.jpg\" src=\"https:\/\/zsp1chojna.pl\/wp-content\/uploads\/2026\/03\/profilaktyczny2026-6.jpg\" alt=\"\" class=\"wp-image-15133\" style=\"width:598px;height:auto\" srcset=\"https:\/\/zsp1chojna.pl\/wp-content\/uploads\/2026\/03\/profilaktyczny2026-6.jpg 500w, https:\/\/zsp1chojna.pl\/wp-content\/uploads\/2026\/03\/profilaktyczny2026-6-300x225.jpg 300w\" sizes=\"auto, (max-width: 500px) 100vw, 500px\" \/><\/figure>\n<\/div>\n\n\n<p class=\"has-text-align-justify has-text-align-justify\">X Powiatowy Konkurs Profilaktyczny, po raz kolejny potwierdzi\u0142, jak istotn\u0105 rol\u0119 odgrywaj\u0105 dzia\u0142ania profilaktyczne w pracy z dzie\u0107mi i m\u0142odzie\u017c\u0105. Konkurs nie tylko poszerzy\u0142 wiedz\u0119 uczestnik\u00f3w, ale r\u00f3wnie\u017c uwra\u017cliwi\u0142 ich na odpowiedzialno\u015b\u0107 za w\u0142asne zdrowie i bezpiecze\u0144stwo oraz za zdrowie i bezpiecze\u0144stwo innych os\u00f3b. Wydarzenie stanowi\u0142o tak\u017ce doskona\u0142\u0105 okazj\u0119 do integracji uczni\u00f3w z r\u00f3\u017cnych szk\u00f3\u0142 powiatu gryfi\u0144skiego oraz wymiany do\u015bwiadcze\u0144 w zakresie realizowanych dzia\u0142a\u0144 profilaktycznych.<\/p>\n\n\n<div class=\"wp-block-image\">\n<figure class=\"aligncenter size-full is-resized\"><img loading=\"lazy\" decoding=\"async\" width=\"500\" height=\"309\" data-attachment-id=\"15134\" data-permalink=\"https:\/\/zsp1chojna.pl\/?attachment_id=15134\" data-orig-file=\"https:\/\/zsp1chojna.pl\/wp-content\/uploads\/2026\/03\/profilaktyczny2026-1.jpg\" data-orig-size=\"500,309\" data-comments-opened=\"1\" data-image-meta=\"{&quot;aperture&quot;:&quot;0&quot;,&quot;credit&quot;:&quot;&quot;,&quot;camera&quot;:&quot;&quot;,&quot;caption&quot;:&quot;&quot;,&quot;created_timestamp&quot;:&quot;0&quot;,&quot;copyright&quot;:&quot;&quot;,&quot;focal_length&quot;:&quot;0&quot;,&quot;iso&quot;:&quot;0&quot;,&quot;shutter_speed&quot;:&quot;0&quot;,&quot;title&quot;:&quot;&quot;,&quot;orientation&quot;:&quot;0&quot;}\" data-image-title=\"profilaktyczny2026 (1)\" data-image-description=\"\" data-image-caption=\"\" data-medium-file=\"https:\/\/zsp1chojna.pl\/wp-content\/uploads\/2026\/03\/profilaktyczny2026-1-300x185.jpg\" data-large-file=\"https:\/\/zsp1chojna.pl\/wp-content\/uploads\/2026\/03\/profilaktyczny2026-1.jpg\" src=\"https:\/\/zsp1chojna.pl\/wp-content\/uploads\/2026\/03\/profilaktyczny2026-1.jpg\" alt=\"\" class=\"wp-image-15134\" style=\"width:586px;height:auto\" srcset=\"https:\/\/zsp1chojna.pl\/wp-content\/uploads\/2026\/03\/profilaktyczny2026-1.jpg 500w, https:\/\/zsp1chojna.pl\/wp-content\/uploads\/2026\/03\/profilaktyczny2026-1-300x185.jpg 300w\" sizes=\"auto, (max-width: 500px) 100vw, 500px\" \/><\/figure>\n<\/div>\n\n\n<p class=\"has-text-align-justify has-text-align-justify\">Serdecznie gratulujemy zwyci\u0119zcom oraz ich opiekunom, a tak\u017ce dzi\u0119kujemy wszystkim uczestnikom za wysoki poziom przygotowania, ogromne zaanga\u017cowanie i\u00a0aktywny udzia\u0142 w konkursie. Sk\u0142adamy podzi\u0119kowania Starostwu Powiatowemu w Gryfinie za ufundowanie nagr\u00f3d, Powiatowej Stacji Sanitarno-Epidemiologicznej w Gryfinie za\u00a0obj\u0119cie konkursu patronatem oraz wszystkim nauczycielom i uczniom, kt\u00f3rzy zaanga\u017cowali si\u0119 w organizacj\u0119 tego przedsi\u0119wzi\u0119cia. Jubileuszowa edycja Powiatowego Konkursu Profilaktycznego przechodzi do historii, jednak idea profilaktyki pozostaje aktualna ka\u017cdego dnia. Ju\u017c dzi\u015b serdecznie zapraszamy szko\u0142y podstawowe i ponadpodstawowe z terenu powiatu gryfi\u0144skiego, do udzia\u0142u w kolejnej edycji w przysz\u0142ym roku. Mamy nadziej\u0119, \u017ce ponownie spotkamy si\u0119 w Chojnie, aby wsp\u00f3lnie promowa\u0107 zdrowe oraz odpowiedzialne i bezpieczne wybory \u017cyciowe.<\/p>\n\n\n\n<p><\/p>\n\n\n\n<p class=\"has-text-align-right\">mgr Emilia P\u0142owik<br>mgr Gra\u017cyna Magdziak<br>mgr Magdalena Sosi\u0144ska<\/p>\n\n\n\n<p><\/p>\n","protected":false},"excerpt":{"rendered":"<p>11 grudnia 2025 r., w Zespole Szk\u00f3\u0142 Ponadpodstawowych w Chojnie, odby\u0142 si\u0119 X\u00a0Powiatowy Konkurs Profilaktyczny. Konkurs, jak co roku zosta\u0142 zorganizowany we wsp\u00f3\u0142pracy ze Starostwem Powiatowym w Gryfinie, pod patronatem [&hellip;]<\/p>\n","protected":false},"author":1,"featured_media":15129,"comment_status":"open","ping_status":"open","sticky":false,"template":"","format":"standard","meta":{"footnotes":""},"categories":[32],"tags":[],"class_list":["post-15126","post","type-post","status-publish","format-standard","has-post-thumbnail","hentry","category-aktualnosci-2025-2026"],"wbAuthor":{"name":"admin","link":"https:\/\/zsp1chojna.pl\/?author=1"},"wbDate":"gru 11, 2025","wbCategories":{"space":"<a href=\"https:\/\/zsp1chojna.pl\/?cat=32\" rel=\"category\">Aktualno\u015bci 2025\/2026<\/a>","coma":"<a href=\"https:\/\/zsp1chojna.pl\/?cat=32\" rel=\"category\">Aktualno\u015bci 2025\/2026<\/a>"},"wbComment":0,"yoast_head":"<!-- This site is optimized with the Yoast SEO plugin v20.13 - https:\/\/yoast.com\/wordpress\/plugins\/seo\/ -->\n<title>11.12.2025 r. X Powiatowy Konkurs Profilaktyczny - ZSP w Chojnie<\/title>\n<meta name=\"robots\" content=\"index, follow, max-snippet:-1, max-image-preview:large, max-video-preview:-1\" \/>\n<link rel=\"canonical\" href=\"https:\/\/zsp1chojna.pl\/?p=15126\" \/>\n<meta property=\"og:locale\" content=\"pl_PL\" \/>\n<meta property=\"og:type\" content=\"article\" \/>\n<meta property=\"og:title\" content=\"11.12.2025 r. X Powiatowy Konkurs Profilaktyczny - ZSP w Chojnie\" \/>\n<meta property=\"og:description\" content=\"11 grudnia 2025 r., w Zespole Szk\u00f3\u0142 Ponadpodstawowych w Chojnie, odby\u0142 si\u0119 X\u00a0Powiatowy Konkurs Profilaktyczny. Konkurs, jak co roku zosta\u0142 zorganizowany we wsp\u00f3\u0142pracy ze Starostwem Powiatowym w Gryfinie, pod patronatem [&hellip;]\" \/>\n<meta property=\"og:url\" content=\"https:\/\/zsp1chojna.pl\/?p=15126\" \/>\n<meta property=\"og:site_name\" content=\"ZSP w Chojnie\" \/>\n<meta property=\"article:published_time\" content=\"2025-12-11T17:11:56+00:00\" \/>\n<meta property=\"article:modified_time\" content=\"2026-03-02T17:15:01+00:00\" \/>\n<meta property=\"og:image\" content=\"https:\/\/zsp1chojna.pl\/wp-content\/uploads\/2026\/03\/profilaktyczny2026-2.jpg\" \/>\n\t<meta property=\"og:image:width\" content=\"930\" \/>\n\t<meta property=\"og:image:height\" content=\"1240\" \/>\n\t<meta property=\"og:image:type\" content=\"image\/jpeg\" \/>\n<meta name=\"author\" content=\"admin\" \/>\n<meta name=\"twitter:card\" content=\"summary_large_image\" \/>\n<meta name=\"twitter:label1\" content=\"Napisane przez\" \/>\n\t<meta name=\"twitter:data1\" content=\"admin\" \/>\n\t<meta name=\"twitter:label2\" content=\"Szacowany czas czytania\" \/>\n\t<meta name=\"twitter:data2\" content=\"5 minut\" \/>\n<script type=\"application\/ld+json\" class=\"yoast-schema-graph\">{\"@context\":\"https:\/\/schema.org\",\"@graph\":[{\"@type\":\"Article\",\"@id\":\"https:\/\/zsp1chojna.pl\/?p=15126#article\",\"isPartOf\":{\"@id\":\"https:\/\/zsp1chojna.pl\/?p=15126\"},\"author\":{\"name\":\"admin\",\"@id\":\"https:\/\/zsp1chojna.pl\/#\/schema\/person\/fe8d6c03379c9cface386de0c172e127\"},\"headline\":\"11.12.2025 r. X Powiatowy Konkurs Profilaktyczny\",\"datePublished\":\"2025-12-11T17:11:56+00:00\",\"dateModified\":\"2026-03-02T17:15:01+00:00\",\"mainEntityOfPage\":{\"@id\":\"https:\/\/zsp1chojna.pl\/?p=15126\"},\"wordCount\":581,\"commentCount\":0,\"publisher\":{\"@id\":\"https:\/\/zsp1chojna.pl\/#organization\"},\"articleSection\":[\"Aktualno\u015bci 2025\/2026\"],\"inLanguage\":\"pl-PL\",\"potentialAction\":[{\"@type\":\"CommentAction\",\"name\":\"Comment\",\"target\":[\"https:\/\/zsp1chojna.pl\/?p=15126#respond\"]}]},{\"@type\":\"WebPage\",\"@id\":\"https:\/\/zsp1chojna.pl\/?p=15126\",\"url\":\"https:\/\/zsp1chojna.pl\/?p=15126\",\"name\":\"11.12.2025 r. X Powiatowy Konkurs Profilaktyczny - ZSP w Chojnie\",\"isPartOf\":{\"@id\":\"https:\/\/zsp1chojna.pl\/#website\"},\"datePublished\":\"2025-12-11T17:11:56+00:00\",\"dateModified\":\"2026-03-02T17:15:01+00:00\",\"breadcrumb\":{\"@id\":\"https:\/\/zsp1chojna.pl\/?p=15126#breadcrumb\"},\"inLanguage\":\"pl-PL\",\"potentialAction\":[{\"@type\":\"ReadAction\",\"target\":[\"https:\/\/zsp1chojna.pl\/?p=15126\"]}]},{\"@type\":\"BreadcrumbList\",\"@id\":\"https:\/\/zsp1chojna.pl\/?p=15126#breadcrumb\",\"itemListElement\":[{\"@type\":\"ListItem\",\"position\":1,\"name\":\"Home\",\"item\":\"https:\/\/zsp1chojna.pl\/\"},{\"@type\":\"ListItem\",\"position\":2,\"name\":\"11.12.2025 r. X Powiatowy Konkurs Profilaktyczny\"}]},{\"@type\":\"WebSite\",\"@id\":\"https:\/\/zsp1chojna.pl\/#website\",\"url\":\"https:\/\/zsp1chojna.pl\/\",\"name\":\"ZSP w Chojnie\",\"description\":\"\",\"publisher\":{\"@id\":\"https:\/\/zsp1chojna.pl\/#organization\"},\"potentialAction\":[{\"@type\":\"SearchAction\",\"target\":{\"@type\":\"EntryPoint\",\"urlTemplate\":\"https:\/\/zsp1chojna.pl\/?s={search_term_string}\"},\"query-input\":\"required name=search_term_string\"}],\"inLanguage\":\"pl-PL\"},{\"@type\":\"Organization\",\"@id\":\"https:\/\/zsp1chojna.pl\/#organization\",\"name\":\"ZSP w Chojnie\",\"url\":\"https:\/\/zsp1chojna.pl\/\",\"logo\":{\"@type\":\"ImageObject\",\"inLanguage\":\"pl-PL\",\"@id\":\"https:\/\/zsp1chojna.pl\/#\/schema\/logo\/image\/\",\"url\":\"https:\/\/zsp1chojna.pl\/wp-content\/uploads\/2023\/08\/cropped-cropped-cropped-Logo-biale-napis-na-3-wiersze_504-1.png\",\"contentUrl\":\"https:\/\/zsp1chojna.pl\/wp-content\/uploads\/2023\/08\/cropped-cropped-cropped-Logo-biale-napis-na-3-wiersze_504-1.png\",\"width\":504,\"height\":167,\"caption\":\"ZSP w Chojnie\"},\"image\":{\"@id\":\"https:\/\/zsp1chojna.pl\/#\/schema\/logo\/image\/\"}},{\"@type\":\"Person\",\"@id\":\"https:\/\/zsp1chojna.pl\/#\/schema\/person\/fe8d6c03379c9cface386de0c172e127\",\"name\":\"admin\",\"image\":{\"@type\":\"ImageObject\",\"inLanguage\":\"pl-PL\",\"@id\":\"https:\/\/zsp1chojna.pl\/#\/schema\/person\/image\/\",\"url\":\"https:\/\/secure.gravatar.com\/avatar\/35d79b1d799ff9bac401976862e535bf785f4039d8313d3c00b303598a46dd4e?s=96&d=mm&r=g\",\"contentUrl\":\"https:\/\/secure.gravatar.com\/avatar\/35d79b1d799ff9bac401976862e535bf785f4039d8313d3c00b303598a46dd4e?s=96&d=mm&r=g\",\"caption\":\"admin\"},\"sameAs\":[\"http:\/\/nowazspchojna.pl\"],\"url\":\"https:\/\/zsp1chojna.pl\/?author=1\"}]}<\/script>\n<!-- \/ Yoast SEO plugin. -->","yoast_head_json":{"title":"11.12.2025 r. X Powiatowy Konkurs Profilaktyczny - ZSP w Chojnie","robots":{"index":"index","follow":"follow","max-snippet":"max-snippet:-1","max-image-preview":"max-image-preview:large","max-video-preview":"max-video-preview:-1"},"canonical":"https:\/\/zsp1chojna.pl\/?p=15126","og_locale":"pl_PL","og_type":"article","og_title":"11.12.2025 r. X Powiatowy Konkurs Profilaktyczny - ZSP w Chojnie","og_description":"11 grudnia 2025 r., w Zespole Szk\u00f3\u0142 Ponadpodstawowych w Chojnie, odby\u0142 si\u0119 X\u00a0Powiatowy Konkurs Profilaktyczny. Konkurs, jak co roku zosta\u0142 zorganizowany we wsp\u00f3\u0142pracy ze Starostwem Powiatowym w Gryfinie, pod patronatem [&hellip;]","og_url":"https:\/\/zsp1chojna.pl\/?p=15126","og_site_name":"ZSP w Chojnie","article_published_time":"2025-12-11T17:11:56+00:00","article_modified_time":"2026-03-02T17:15:01+00:00","og_image":[{"width":930,"height":1240,"url":"https:\/\/zsp1chojna.pl\/wp-content\/uploads\/2026\/03\/profilaktyczny2026-2.jpg","type":"image\/jpeg"}],"author":"admin","twitter_card":"summary_large_image","twitter_misc":{"Napisane przez":"admin","Szacowany czas czytania":"5 minut"},"schema":{"@context":"https:\/\/schema.org","@graph":[{"@type":"Article","@id":"https:\/\/zsp1chojna.pl\/?p=15126#article","isPartOf":{"@id":"https:\/\/zsp1chojna.pl\/?p=15126"},"author":{"name":"admin","@id":"https:\/\/zsp1chojna.pl\/#\/schema\/person\/fe8d6c03379c9cface386de0c172e127"},"headline":"11.12.2025 r. X Powiatowy Konkurs Profilaktyczny","datePublished":"2025-12-11T17:11:56+00:00","dateModified":"2026-03-02T17:15:01+00:00","mainEntityOfPage":{"@id":"https:\/\/zsp1chojna.pl\/?p=15126"},"wordCount":581,"commentCount":0,"publisher":{"@id":"https:\/\/zsp1chojna.pl\/#organization"},"articleSection":["Aktualno\u015bci 2025\/2026"],"inLanguage":"pl-PL","potentialAction":[{"@type":"CommentAction","name":"Comment","target":["https:\/\/zsp1chojna.pl\/?p=15126#respond"]}]},{"@type":"WebPage","@id":"https:\/\/zsp1chojna.pl\/?p=15126","url":"https:\/\/zsp1chojna.pl\/?p=15126","name":"11.12.2025 r. X Powiatowy Konkurs Profilaktyczny - ZSP w Chojnie","isPartOf":{"@id":"https:\/\/zsp1chojna.pl\/#website"},"datePublished":"2025-12-11T17:11:56+00:00","dateModified":"2026-03-02T17:15:01+00:00","breadcrumb":{"@id":"https:\/\/zsp1chojna.pl\/?p=15126#breadcrumb"},"inLanguage":"pl-PL","potentialAction":[{"@type":"ReadAction","target":["https:\/\/zsp1chojna.pl\/?p=15126"]}]},{"@type":"BreadcrumbList","@id":"https:\/\/zsp1chojna.pl\/?p=15126#breadcrumb","itemListElement":[{"@type":"ListItem","position":1,"name":"Home","item":"https:\/\/zsp1chojna.pl\/"},{"@type":"ListItem","position":2,"name":"11.12.2025 r. X Powiatowy Konkurs Profilaktyczny"}]},{"@type":"WebSite","@id":"https:\/\/zsp1chojna.pl\/#website","url":"https:\/\/zsp1chojna.pl\/","name":"ZSP w Chojnie","description":"","publisher":{"@id":"https:\/\/zsp1chojna.pl\/#organization"},"potentialAction":[{"@type":"SearchAction","target":{"@type":"EntryPoint","urlTemplate":"https:\/\/zsp1chojna.pl\/?s={search_term_string}"},"query-input":"required name=search_term_string"}],"inLanguage":"pl-PL"},{"@type":"Organization","@id":"https:\/\/zsp1chojna.pl\/#organization","name":"ZSP w Chojnie","url":"https:\/\/zsp1chojna.pl\/","logo":{"@type":"ImageObject","inLanguage":"pl-PL","@id":"https:\/\/zsp1chojna.pl\/#\/schema\/logo\/image\/","url":"https:\/\/zsp1chojna.pl\/wp-content\/uploads\/2023\/08\/cropped-cropped-cropped-Logo-biale-napis-na-3-wiersze_504-1.png","contentUrl":"https:\/\/zsp1chojna.pl\/wp-content\/uploads\/2023\/08\/cropped-cropped-cropped-Logo-biale-napis-na-3-wiersze_504-1.png","width":504,"height":167,"caption":"ZSP w Chojnie"},"image":{"@id":"https:\/\/zsp1chojna.pl\/#\/schema\/logo\/image\/"}},{"@type":"Person","@id":"https:\/\/zsp1chojna.pl\/#\/schema\/person\/fe8d6c03379c9cface386de0c172e127","name":"admin","image":{"@type":"ImageObject","inLanguage":"pl-PL","@id":"https:\/\/zsp1chojna.pl\/#\/schema\/person\/image\/","url":"https:\/\/secure.gravatar.com\/avatar\/35d79b1d799ff9bac401976862e535bf785f4039d8313d3c00b303598a46dd4e?s=96&d=mm&r=g","contentUrl":"https:\/\/secure.gravatar.com\/avatar\/35d79b1d799ff9bac401976862e535bf785f4039d8313d3c00b303598a46dd4e?s=96&d=mm&r=g","caption":"admin"},"sameAs":["http:\/\/nowazspchojna.pl"],"url":"https:\/\/zsp1chojna.pl\/?author=1"}]}},"jetpack_featured_media_url":"https:\/\/zsp1chojna.pl\/wp-content\/uploads\/2026\/03\/profilaktyczny2026-2.jpg","_links":{"self":[{"href":"https:\/\/zsp1chojna.pl\/index.php?rest_route=\/wp\/v2\/posts\/15126","targetHints":{"allow":["GET"]}}],"collection":[{"href":"https:\/\/zsp1chojna.pl\/index.php?rest_route=\/wp\/v2\/posts"}],"about":[{"href":"https:\/\/zsp1chojna.pl\/index.php?rest_route=\/wp\/v2\/types\/post"}],"author":[{"embeddable":true,"href":"https:\/\/zsp1chojna.pl\/index.php?rest_route=\/wp\/v2\/users\/1"}],"replies":[{"embeddable":true,"href":"https:\/\/zsp1chojna.pl\/index.php?rest_route=%2Fwp%2Fv2%2Fcomments&post=15126"}],"version-history":[{"count":1,"href":"https:\/\/zsp1chojna.pl\/index.php?rest_route=\/wp\/v2\/posts\/15126\/revisions"}],"predecessor-version":[{"id":15135,"href":"https:\/\/zsp1chojna.pl\/index.php?rest_route=\/wp\/v2\/posts\/15126\/revisions\/15135"}],"wp:featuredmedia":[{"embeddable":true,"href":"https:\/\/zsp1chojna.pl\/index.php?rest_route=\/wp\/v2\/media\/15129"}],"wp:attachment":[{"href":"https:\/\/zsp1chojna.pl\/index.php?rest_route=%2Fwp%2Fv2%2Fmedia&parent=15126"}],"wp:term":[{"taxonomy":"category","embeddable":true,"href":"https:\/\/zsp1chojna.pl\/index.php?rest_route=%2Fwp%2Fv2%2Fcategories&post=15126"},{"taxonomy":"post_tag","embeddable":true,"href":"https:\/\/zsp1chojna.pl\/index.php?rest_route=%2Fwp%2Fv2%2Ftags&post=15126"}],"curies":[{"name":"wp","href":"https:\/\/api.w.org\/{rel}","templated":true}]}}